{"id":96243,"date":"2024-07-15T22:55:58","date_gmt":"2024-07-15T22:55:58","guid":{"rendered":"https:\/\/elregionalvm.com.ar\/noticias-villa-maria\/?p=96243"},"modified":"2024-07-16T02:52:40","modified_gmt":"2024-07-16T02:52:40","slug":"se-presento-el-ciclo-de-musica-y-gastronomia-festival-de-restaurantes","status":"publish","type":"post","link":"https:\/\/elregionalvm.com.ar\/noticias-villa-maria\/se-presento-el-ciclo-de-musica-y-gastronomia-festival-de-restaurantes\/","title":{"rendered":"Desde el mi\u00e9rcoles, ciclo de m\u00fasica y gastronom\u00eda \u00abFestival de Restaurantes\u00bb"},"content":{"rendered":"\n<p>El intendente Eduardo Accastello, acompa\u00f1ado por el secretario de Gobierno, Cultura y Relaciones Institucionales, Marcos Bovo y el presidente del Ente Villa Mar\u00eda Deporte y Turismo, Alejandro Mana, encabez\u00f3 la presentaci\u00f3n del ciclo \u201cFestival de Restaurantes\u201d.<\/p>\n\n\n\n<figure class=\"wp-block-image size-large\"><img data-recalc-dims=\"1\" fetchpriority=\"high\" decoding=\"async\" width=\"1024\" height=\"684\" src=\"https:\/\/i0.wp.com\/elregionalvm.com.ar\/noticias-villa-maria\/wp-content\/uploads\/2024\/07\/WhatsApp-Image-2024-07-15-at-13.56.07-1.jpeg?resize=1024%2C684&#038;ssl=1\" alt=\"\" class=\"wp-image-96245\" srcset=\"https:\/\/i0.wp.com\/elregionalvm.com.ar\/noticias-villa-maria\/wp-content\/uploads\/2024\/07\/WhatsApp-Image-2024-07-15-at-13.56.07-1.jpeg?resize=1024%2C684&amp;ssl=1 1024w, https:\/\/i0.wp.com\/elregionalvm.com.ar\/noticias-villa-maria\/wp-content\/uploads\/2024\/07\/WhatsApp-Image-2024-07-15-at-13.56.07-1.jpeg?resize=300%2C200&amp;ssl=1 300w, https:\/\/i0.wp.com\/elregionalvm.com.ar\/noticias-villa-maria\/wp-content\/uploads\/2024\/07\/WhatsApp-Image-2024-07-15-at-13.56.07-1.jpeg?resize=768%2C513&amp;ssl=1 768w, https:\/\/i0.wp.com\/elregionalvm.com.ar\/noticias-villa-maria\/wp-content\/uploads\/2024\/07\/WhatsApp-Image-2024-07-15-at-13.56.07-1.jpeg?resize=1536%2C1026&amp;ssl=1 1536w, https:\/\/i0.wp.com\/elregionalvm.com.ar\/noticias-villa-maria\/wp-content\/uploads\/2024\/07\/WhatsApp-Image-2024-07-15-at-13.56.07-1.jpeg?w=1600&amp;ssl=1 1600w\" sizes=\"(max-width: 1000px) 100vw, 1000px\" \/><\/figure>\n\n\n\n<p>La iniciativa musical-gastron\u00f3mica tendr\u00e1 lugar desde el mi\u00e9rcoles 17 hasta el domingo 21 de julio inclusive, en doce locales gastron\u00f3micos de nuestra ciudad, que ofrecer\u00e1n precios promocionales y beneficios exclusivos, junto a la actuaci\u00f3n de artistas villamarienses.<\/p>\n\n\n\n<p>En este sentido, Eduardo Accastello destac\u00f3: \u201cqueremos promover m\u00e1s restaurantes en distintas zonas de la ciudad a trav\u00e9s de la creatividad, del talento creativo, que est\u00e1 ac\u00e1, que es nuestro, que es gente que nos eligi\u00f3, que eligi\u00f3 vivir ac\u00e1. Por eso para nosotros es muy importante porque somos la ciudad del talento creativo, somos la ciudad de la m\u00fasica, de la integraci\u00f3n y de la articulaci\u00f3n\u201d.<\/p>\n\n\n\n<p>\u201cEsto genera articulaci\u00f3n y trabajo genuino de los artistas, queremos que puedan generar los recursos para vivir de ello, pero tambi\u00e9n de nuestros restaurantes, nuestra gastronom\u00eda, cerr\u00f3 el jefe comunal*\u201d.<\/p>\n\n\n\n<p>A su turno, Marcos Bovo a\u00f1adi\u00f3: \u201cd\u00edas atr\u00e1s presentamos un amplio programa con propuestas de vacaciones de invierno y en esta segunda semana, aproxim\u00e1ndonos a la celebraci\u00f3n del d\u00eda del amigo, decidimos impulsar un festival que conjuga la m\u00fasica y la gastronom\u00eda\u201d.<\/p>\n\n\n\n<p>\u201cComo siempre lo plantea Eduardo, en momentos dif\u00edciles es cuando m\u00e1s tenemos que trabajar en conjunto, aunar los esfuerzos, poder articular y generar oportunidades, porque nosotros decimos que Villa Mar\u00eda es una ciudad abierta a las oportunidades, a la innovaci\u00f3n, a la apuesta por los nuevos desaf\u00edos\u201d.<\/p>\n\n\n\n<p>Comercios adheridos y artistas<\/p>\n\n\n\n<p>En detalle, los comercios adheridos son: Salvaje; Puebla; Gran Ojo; Restaurant Saint Tropez; La Rosita; Mosquita Tuerta; Junior B; Santo; Regio; Bar Baudino; Me Mola y Dkaf\u00e9.<\/p>\n\n\n\n<p>Por otra parte, los artistas confirmados son: La Vuelta Tango; Efrosinda; Cande y Salva D\u00fao; Josu\u00e9 Cordero; Clayson Ha; So P\u00e9rez; Nacho Stanfield; Almados; Yin Yang; Popi Laur\u00eda y Pablo V\u00e9lez; Lucho Aguilar y Elena Portolesi.<\/p>\n\n\n\n<figure class=\"wp-block-image size-large\"><img data-recalc-dims=\"1\" decoding=\"async\" width=\"1024\" height=\"684\" src=\"https:\/\/i0.wp.com\/elregionalvm.com.ar\/noticias-villa-maria\/wp-content\/uploads\/2024\/07\/WhatsApp-Image-2024-07-15-at-13.56.08.jpeg?resize=1024%2C684&#038;ssl=1\" alt=\"\" class=\"wp-image-96244\" srcset=\"https:\/\/i0.wp.com\/elregionalvm.com.ar\/noticias-villa-maria\/wp-content\/uploads\/2024\/07\/WhatsApp-Image-2024-07-15-at-13.56.08.jpeg?resize=1024%2C684&amp;ssl=1 1024w, https:\/\/i0.wp.com\/elregionalvm.com.ar\/noticias-villa-maria\/wp-content\/uploads\/2024\/07\/WhatsApp-Image-2024-07-15-at-13.56.08.jpeg?resize=300%2C200&amp;ssl=1 300w, https:\/\/i0.wp.com\/elregionalvm.com.ar\/noticias-villa-maria\/wp-content\/uploads\/2024\/07\/WhatsApp-Image-2024-07-15-at-13.56.08.jpeg?resize=768%2C513&amp;ssl=1 768w, https:\/\/i0.wp.com\/elregionalvm.com.ar\/noticias-villa-maria\/wp-content\/uploads\/2024\/07\/WhatsApp-Image-2024-07-15-at-13.56.08.jpeg?resize=1536%2C1026&amp;ssl=1 1536w, https:\/\/i0.wp.com\/elregionalvm.com.ar\/noticias-villa-maria\/wp-content\/uploads\/2024\/07\/WhatsApp-Image-2024-07-15-at-13.56.08.jpeg?w=1600&amp;ssl=1 1600w\" sizes=\"(max-width: 1000px) 100vw, 1000px\" \/><\/figure>\n\n\n\n<p>Estuvieron presentes el director de Turismo, Dino Gagliese; la coordinadora del Instituto Municipal de las Artes, \u00c1ngela Parodi; Jorge Brancato en representaci\u00f3n del sector gastron\u00f3mico y Jairo Reboyras como presidente de Unimuv.<\/p>\n","protected":false},"excerpt":{"rendered":"<p>El intendente Eduardo Accastello, acompa\u00f1ado por el secretario de Gobierno, Cultura y Relaciones Institucionales, Marcos Bovo y el presidente del Ente Villa Mar\u00eda Deporte y Turismo, Alejandro Mana, encabez\u00f3 la presentaci\u00f3n del ciclo \u201cFestival de Restaurantes\u201d. La iniciativa musical-gastron\u00f3mica tendr\u00e1 lugar desde el mi\u00e9rcoles 17 hasta el domingo 21 de julio inclusive, en doce locales [&hellip;]<\/p>\n","protected":false},"author":4,"featured_media":96246,"comment_status":"open","ping_status":"open","sticky":false,"template":"","format":"standard","meta":{"site-sidebar-layout":"default","site-content-layout":"","ast-site-content-layout":"default","site-content-style":"default","site-sidebar-style":"default","ast-global-header-display":"","ast-banner-title-visibility":"","ast-main-header-display":"","ast-hfb-above-header-display":"","ast-hfb-below-header-display":"","ast-hfb-mobile-header-display":"","site-post-title":"","ast-breadcrumbs-content":"","ast-featured-img":"","footer-sml-layout":"","ast-disable-related-posts":"","theme-transparent-header-meta":"","adv-header-id-meta":"","stick-header-meta":"","header-above-stick-meta":"","header-main-stick-meta":"","header-below-stick-meta":"","astra-migrate-meta-layouts":"set","ast-page-background-enabled":"default","ast-page-background-meta":{"desktop":{"background-color":"","background-image":"","background-repeat":"repeat","background-position":"center center","background-size":"auto","background-attachment":"scroll","background-type":"","background-media":"","overlay-type":"","overlay-color":"","overlay-opacity":"","overlay-gradient":""},"tablet":{"background-color":"","background-image":"","background-repeat":"repeat","background-position":"center center","background-size":"auto","background-attachment":"scroll","background-type":"","background-media":"","overlay-type":"","overlay-color":"","overlay-opacity":"","overlay-gradient":""},"mobile":{"background-color":"","background-image":"","background-repeat":"repeat","background-position":"center center","background-size":"auto","background-attachment":"scroll","background-type":"","background-media":"","overlay-type":"","overlay-color":"","overlay-opacity":"","overlay-gradient":""}},"ast-content-background-meta":{"desktop":{"background-color":"var(--ast-global-color-5)","background-image":"","background-repeat":"repeat","background-position":"center center","background-size":"auto","background-attachment":"scroll","background-type":"","background-media":"","overlay-type":"","overlay-color":"","overlay-opacity":"","overlay-gradient":""},"tablet":{"background-color":"var(--ast-global-color-5)","background-image":"","background-repeat":"repeat","background-position":"center center","background-size":"auto","background-attachment":"scroll","background-type":"","background-media":"","overlay-type":"","overlay-color":"","overlay-opacity":"","overlay-gradient":""},"mobile":{"background-color":"var(--ast-global-color-5)","background-image":"","background-repeat":"repeat","background-position":"center center","background-size":"auto","background-attachment":"scroll","background-type":"","background-media":"","overlay-type":"","overlay-color":"","overlay-opacity":"","overlay-gradient":""}},"_jetpack_memberships_contains_paid_content":false,"_joinchat":[],"footnotes":""},"categories":[15302,5,2],"tags":[],"class_list":["post-96243","post","type-post","status-publish","format-standard","has-post-thumbnail","hentry","category-destacado","category-sociedad","category-villa-maria"],"yoast_head":"<!-- This site is optimized with the Yoast SEO plugin v26.8 - https:\/\/yoast.com\/product\/yoast-seo-wordpress\/ -->\n<title>Desde el mi\u00e9rcoles, ciclo de m\u00fasica y gastronom\u00eda &quot;Festival de Restaurantes&quot; - El Regional<\/title>\n<meta name=\"robots\" content=\"index, follow, max-snippet:-1, max-image-preview:large, max-video-preview:-1\" \/>\n<link rel=\"canonical\" href=\"https:\/\/elregionalvm.com.ar\/noticias-villa-maria\/se-presento-el-ciclo-de-musica-y-gastronomia-festival-de-restaurantes\/\" \/>\n<meta property=\"og:locale\" content=\"es_ES\" \/>\n<meta property=\"og:type\" content=\"article\" \/>\n<meta property=\"og:title\" content=\"Desde el mi\u00e9rcoles, ciclo de m\u00fasica y gastronom\u00eda &quot;Festival de Restaurantes&quot; - El Regional\" \/>\n<meta property=\"og:description\" content=\"El intendente Eduardo Accastello, acompa\u00f1ado por el secretario de Gobierno, Cultura y Relaciones Institucionales, Marcos Bovo y el presidente del Ente Villa Mar\u00eda Deporte y Turismo, Alejandro Mana, encabez\u00f3 la presentaci\u00f3n del ciclo \u201cFestival de Restaurantes\u201d. La iniciativa musical-gastron\u00f3mica tendr\u00e1 lugar desde el mi\u00e9rcoles 17 hasta el domingo 21 de julio inclusive, en doce locales [&hellip;]\" \/>\n<meta property=\"og:url\" content=\"https:\/\/elregionalvm.com.ar\/noticias-villa-maria\/se-presento-el-ciclo-de-musica-y-gastronomia-festival-de-restaurantes\/\" \/>\n<meta property=\"og:site_name\" content=\"El Regional\" \/>\n<meta property=\"article:publisher\" content=\"https:\/\/www.facebook.com\/elregionalvm\" \/>\n<meta property=\"article:published_time\" content=\"2024-07-15T22:55:58+00:00\" \/>\n<meta property=\"article:modified_time\" content=\"2024-07-16T02:52:40+00:00\" \/>\n<meta property=\"og:image\" content=\"https:\/\/elregionalvm.com.ar\/noticias-villa-maria\/wp-content\/uploads\/2024\/07\/WhatsApp-Image-2024-07-15-at-13.56.07.jpeg\" \/>\n\t<meta property=\"og:image:width\" content=\"1600\" \/>\n\t<meta property=\"og:image:height\" content=\"1069\" \/>\n\t<meta property=\"og:image:type\" content=\"image\/jpeg\" \/>\n<meta name=\"author\" content=\"Contenidos El Regional\" \/>\n<meta name=\"twitter:card\" content=\"summary_large_image\" \/>\n<meta name=\"twitter:creator\" content=\"@elregionalvm1\" \/>\n<meta name=\"twitter:site\" content=\"@elregionalvm1\" \/>\n<meta name=\"twitter:label1\" content=\"Escrito por\" \/>\n\t<meta name=\"twitter:data1\" content=\"Contenidos El Regional\" \/>\n\t<meta name=\"twitter:label2\" content=\"Tiempo de lectura\" \/>\n\t<meta name=\"twitter:data2\" content=\"3 minutos\" \/>\n<script type=\"application\/ld+json\" class=\"yoast-schema-graph\">{\"@context\":\"https:\/\/schema.org\",\"@graph\":[{\"@type\":\"Article\",\"@id\":\"https:\/\/elregionalvm.com.ar\/noticias-villa-maria\/se-presento-el-ciclo-de-musica-y-gastronomia-festival-de-restaurantes\/#article\",\"isPartOf\":{\"@id\":\"https:\/\/elregionalvm.com.ar\/noticias-villa-maria\/se-presento-el-ciclo-de-musica-y-gastronomia-festival-de-restaurantes\/\"},\"author\":{\"name\":\"Contenidos El Regional\",\"@id\":\"http:\/\/elregionalvm.com.ar\/noticias-villa-maria\/#\/schema\/person\/a0fb9c422317faca23d50163151bc354\"},\"headline\":\"Desde el mi\u00e9rcoles, ciclo de m\u00fasica y gastronom\u00eda \u00abFestival de Restaurantes\u00bb\",\"datePublished\":\"2024-07-15T22:55:58+00:00\",\"dateModified\":\"2024-07-16T02:52:40+00:00\",\"mainEntityOfPage\":{\"@id\":\"https:\/\/elregionalvm.com.ar\/noticias-villa-maria\/se-presento-el-ciclo-de-musica-y-gastronomia-festival-de-restaurantes\/\"},\"wordCount\":405,\"commentCount\":0,\"image\":{\"@id\":\"https:\/\/elregionalvm.com.ar\/noticias-villa-maria\/se-presento-el-ciclo-de-musica-y-gastronomia-festival-de-restaurantes\/#primaryimage\"},\"thumbnailUrl\":\"https:\/\/i0.wp.com\/elregionalvm.com.ar\/noticias-villa-maria\/wp-content\/uploads\/2024\/07\/WhatsApp-Image-2024-07-15-at-13.56.07.jpeg?fit=1600%2C1069&ssl=1\",\"articleSection\":[\"destacado\",\"Sociedad\",\"Villa Mar\u00eda\"],\"inLanguage\":\"es\",\"potentialAction\":[{\"@type\":\"CommentAction\",\"name\":\"Comment\",\"target\":[\"https:\/\/elregionalvm.com.ar\/noticias-villa-maria\/se-presento-el-ciclo-de-musica-y-gastronomia-festival-de-restaurantes\/#respond\"]}]},{\"@type\":\"WebPage\",\"@id\":\"https:\/\/elregionalvm.com.ar\/noticias-villa-maria\/se-presento-el-ciclo-de-musica-y-gastronomia-festival-de-restaurantes\/\",\"url\":\"https:\/\/elregionalvm.com.ar\/noticias-villa-maria\/se-presento-el-ciclo-de-musica-y-gastronomia-festival-de-restaurantes\/\",\"name\":\"Desde el mi\u00e9rcoles, ciclo de m\u00fasica y gastronom\u00eda \\\"Festival de Restaurantes\\\" - El Regional\",\"isPartOf\":{\"@id\":\"http:\/\/elregionalvm.com.ar\/noticias-villa-maria\/#website\"},\"primaryImageOfPage\":{\"@id\":\"https:\/\/elregionalvm.com.ar\/noticias-villa-maria\/se-presento-el-ciclo-de-musica-y-gastronomia-festival-de-restaurantes\/#primaryimage\"},\"image\":{\"@id\":\"https:\/\/elregionalvm.com.ar\/noticias-villa-maria\/se-presento-el-ciclo-de-musica-y-gastronomia-festival-de-restaurantes\/#primaryimage\"},\"thumbnailUrl\":\"https:\/\/i0.wp.com\/elregionalvm.com.ar\/noticias-villa-maria\/wp-content\/uploads\/2024\/07\/WhatsApp-Image-2024-07-15-at-13.56.07.jpeg?fit=1600%2C1069&ssl=1\",\"datePublished\":\"2024-07-15T22:55:58+00:00\",\"dateModified\":\"2024-07-16T02:52:40+00:00\",\"author\":{\"@id\":\"http:\/\/elregionalvm.com.ar\/noticias-villa-maria\/#\/schema\/person\/a0fb9c422317faca23d50163151bc354\"},\"breadcrumb\":{\"@id\":\"https:\/\/elregionalvm.com.ar\/noticias-villa-maria\/se-presento-el-ciclo-de-musica-y-gastronomia-festival-de-restaurantes\/#breadcrumb\"},\"inLanguage\":\"es\",\"potentialAction\":[{\"@type\":\"ReadAction\",\"target\":[\"https:\/\/elregionalvm.com.ar\/noticias-villa-maria\/se-presento-el-ciclo-de-musica-y-gastronomia-festival-de-restaurantes\/\"]}]},{\"@type\":\"ImageObject\",\"inLanguage\":\"es\",\"@id\":\"https:\/\/elregionalvm.com.ar\/noticias-villa-maria\/se-presento-el-ciclo-de-musica-y-gastronomia-festival-de-restaurantes\/#primaryimage\",\"url\":\"https:\/\/i0.wp.com\/elregionalvm.com.ar\/noticias-villa-maria\/wp-content\/uploads\/2024\/07\/WhatsApp-Image-2024-07-15-at-13.56.07.jpeg?fit=1600%2C1069&ssl=1\",\"contentUrl\":\"https:\/\/i0.wp.com\/elregionalvm.com.ar\/noticias-villa-maria\/wp-content\/uploads\/2024\/07\/WhatsApp-Image-2024-07-15-at-13.56.07.jpeg?fit=1600%2C1069&ssl=1\",\"width\":1600,\"height\":1069},{\"@type\":\"BreadcrumbList\",\"@id\":\"https:\/\/elregionalvm.com.ar\/noticias-villa-maria\/se-presento-el-ciclo-de-musica-y-gastronomia-festival-de-restaurantes\/#breadcrumb\",\"itemListElement\":[{\"@type\":\"ListItem\",\"position\":1,\"name\":\"Portada\",\"item\":\"https:\/\/elregionalvm.com.ar\/noticias-villa-maria\/\"},{\"@type\":\"ListItem\",\"position\":2,\"name\":\"Desde el mi\u00e9rcoles, ciclo de m\u00fasica y gastronom\u00eda \u00abFestival de Restaurantes\u00bb\"}]},{\"@type\":\"WebSite\",\"@id\":\"http:\/\/elregionalvm.com.ar\/noticias-villa-maria\/#website\",\"url\":\"http:\/\/elregionalvm.com.ar\/noticias-villa-maria\/\",\"name\":\"El Regional\",\"description\":\"Mucho m\u00e1s que informaci\u00f3n\",\"potentialAction\":[{\"@type\":\"SearchAction\",\"target\":{\"@type\":\"EntryPoint\",\"urlTemplate\":\"http:\/\/elregionalvm.com.ar\/noticias-villa-maria\/?s={search_term_string}\"},\"query-input\":{\"@type\":\"PropertyValueSpecification\",\"valueRequired\":true,\"valueName\":\"search_term_string\"}}],\"inLanguage\":\"es\"},{\"@type\":\"Person\",\"@id\":\"http:\/\/elregionalvm.com.ar\/noticias-villa-maria\/#\/schema\/person\/a0fb9c422317faca23d50163151bc354\",\"name\":\"Contenidos El Regional\",\"image\":{\"@type\":\"ImageObject\",\"inLanguage\":\"es\",\"@id\":\"http:\/\/elregionalvm.com.ar\/noticias-villa-maria\/#\/schema\/person\/image\/\",\"url\":\"https:\/\/secure.gravatar.com\/avatar\/265b27cb2209af7bb3a1318f03305787d7981a5cc6e6cd08fe5a4ecdf99d4b48?s=96&d=mm&r=g\",\"contentUrl\":\"https:\/\/secure.gravatar.com\/avatar\/265b27cb2209af7bb3a1318f03305787d7981a5cc6e6cd08fe5a4ecdf99d4b48?s=96&d=mm&r=g\",\"caption\":\"Contenidos El Regional\"},\"url\":\"https:\/\/elregionalvm.com.ar\/noticias-villa-maria\/author\/contenido\/\"}]}<\/script>\n<!-- \/ Yoast SEO plugin. -->","yoast_head_json":{"title":"Desde el mi\u00e9rcoles, ciclo de m\u00fasica y gastronom\u00eda \"Festival de Restaurantes\" - El Regional","robots":{"index":"index","follow":"follow","max-snippet":"max-snippet:-1","max-image-preview":"max-image-preview:large","max-video-preview":"max-video-preview:-1"},"canonical":"https:\/\/elregionalvm.com.ar\/noticias-villa-maria\/se-presento-el-ciclo-de-musica-y-gastronomia-festival-de-restaurantes\/","og_locale":"es_ES","og_type":"article","og_title":"Desde el mi\u00e9rcoles, ciclo de m\u00fasica y gastronom\u00eda \"Festival de Restaurantes\" - El Regional","og_description":"El intendente Eduardo Accastello, acompa\u00f1ado por el secretario de Gobierno, Cultura y Relaciones Institucionales, Marcos Bovo y el presidente del Ente Villa Mar\u00eda Deporte y Turismo, Alejandro Mana, encabez\u00f3 la presentaci\u00f3n del ciclo \u201cFestival de Restaurantes\u201d. La iniciativa musical-gastron\u00f3mica tendr\u00e1 lugar desde el mi\u00e9rcoles 17 hasta el domingo 21 de julio inclusive, en doce locales [&hellip;]","og_url":"https:\/\/elregionalvm.com.ar\/noticias-villa-maria\/se-presento-el-ciclo-de-musica-y-gastronomia-festival-de-restaurantes\/","og_site_name":"El Regional","article_publisher":"https:\/\/www.facebook.com\/elregionalvm","article_published_time":"2024-07-15T22:55:58+00:00","article_modified_time":"2024-07-16T02:52:40+00:00","og_image":[{"width":1600,"height":1069,"url":"https:\/\/elregionalvm.com.ar\/noticias-villa-maria\/wp-content\/uploads\/2024\/07\/WhatsApp-Image-2024-07-15-at-13.56.07.jpeg","type":"image\/jpeg"}],"author":"Contenidos El Regional","twitter_card":"summary_large_image","twitter_creator":"@elregionalvm1","twitter_site":"@elregionalvm1","twitter_misc":{"Escrito por":"Contenidos El Regional","Tiempo de lectura":"3 minutos"},"schema":{"@context":"https:\/\/schema.org","@graph":[{"@type":"Article","@id":"https:\/\/elregionalvm.com.ar\/noticias-villa-maria\/se-presento-el-ciclo-de-musica-y-gastronomia-festival-de-restaurantes\/#article","isPartOf":{"@id":"https:\/\/elregionalvm.com.ar\/noticias-villa-maria\/se-presento-el-ciclo-de-musica-y-gastronomia-festival-de-restaurantes\/"},"author":{"name":"Contenidos El Regional","@id":"http:\/\/elregionalvm.com.ar\/noticias-villa-maria\/#\/schema\/person\/a0fb9c422317faca23d50163151bc354"},"headline":"Desde el mi\u00e9rcoles, ciclo de m\u00fasica y gastronom\u00eda \u00abFestival de Restaurantes\u00bb","datePublished":"2024-07-15T22:55:58+00:00","dateModified":"2024-07-16T02:52:40+00:00","mainEntityOfPage":{"@id":"https:\/\/elregionalvm.com.ar\/noticias-villa-maria\/se-presento-el-ciclo-de-musica-y-gastronomia-festival-de-restaurantes\/"},"wordCount":405,"commentCount":0,"image":{"@id":"https:\/\/elregionalvm.com.ar\/noticias-villa-maria\/se-presento-el-ciclo-de-musica-y-gastronomia-festival-de-restaurantes\/#primaryimage"},"thumbnailUrl":"https:\/\/i0.wp.com\/elregionalvm.com.ar\/noticias-villa-maria\/wp-content\/uploads\/2024\/07\/WhatsApp-Image-2024-07-15-at-13.56.07.jpeg?fit=1600%2C1069&ssl=1","articleSection":["destacado","Sociedad","Villa Mar\u00eda"],"inLanguage":"es","potentialAction":[{"@type":"CommentAction","name":"Comment","target":["https:\/\/elregionalvm.com.ar\/noticias-villa-maria\/se-presento-el-ciclo-de-musica-y-gastronomia-festival-de-restaurantes\/#respond"]}]},{"@type":"WebPage","@id":"https:\/\/elregionalvm.com.ar\/noticias-villa-maria\/se-presento-el-ciclo-de-musica-y-gastronomia-festival-de-restaurantes\/","url":"https:\/\/elregionalvm.com.ar\/noticias-villa-maria\/se-presento-el-ciclo-de-musica-y-gastronomia-festival-de-restaurantes\/","name":"Desde el mi\u00e9rcoles, ciclo de m\u00fasica y gastronom\u00eda \"Festival de Restaurantes\" - El Regional","isPartOf":{"@id":"http:\/\/elregionalvm.com.ar\/noticias-villa-maria\/#website"},"primaryImageOfPage":{"@id":"https:\/\/elregionalvm.com.ar\/noticias-villa-maria\/se-presento-el-ciclo-de-musica-y-gastronomia-festival-de-restaurantes\/#primaryimage"},"image":{"@id":"https:\/\/elregionalvm.com.ar\/noticias-villa-maria\/se-presento-el-ciclo-de-musica-y-gastronomia-festival-de-restaurantes\/#primaryimage"},"thumbnailUrl":"https:\/\/i0.wp.com\/elregionalvm.com.ar\/noticias-villa-maria\/wp-content\/uploads\/2024\/07\/WhatsApp-Image-2024-07-15-at-13.56.07.jpeg?fit=1600%2C1069&ssl=1","datePublished":"2024-07-15T22:55:58+00:00","dateModified":"2024-07-16T02:52:40+00:00","author":{"@id":"http:\/\/elregionalvm.com.ar\/noticias-villa-maria\/#\/schema\/person\/a0fb9c422317faca23d50163151bc354"},"breadcrumb":{"@id":"https:\/\/elregionalvm.com.ar\/noticias-villa-maria\/se-presento-el-ciclo-de-musica-y-gastronomia-festival-de-restaurantes\/#breadcrumb"},"inLanguage":"es","potentialAction":[{"@type":"ReadAction","target":["https:\/\/elregionalvm.com.ar\/noticias-villa-maria\/se-presento-el-ciclo-de-musica-y-gastronomia-festival-de-restaurantes\/"]}]},{"@type":"ImageObject","inLanguage":"es","@id":"https:\/\/elregionalvm.com.ar\/noticias-villa-maria\/se-presento-el-ciclo-de-musica-y-gastronomia-festival-de-restaurantes\/#primaryimage","url":"https:\/\/i0.wp.com\/elregionalvm.com.ar\/noticias-villa-maria\/wp-content\/uploads\/2024\/07\/WhatsApp-Image-2024-07-15-at-13.56.07.jpeg?fit=1600%2C1069&ssl=1","contentUrl":"https:\/\/i0.wp.com\/elregionalvm.com.ar\/noticias-villa-maria\/wp-content\/uploads\/2024\/07\/WhatsApp-Image-2024-07-15-at-13.56.07.jpeg?fit=1600%2C1069&ssl=1","width":1600,"height":1069},{"@type":"BreadcrumbList","@id":"https:\/\/elregionalvm.com.ar\/noticias-villa-maria\/se-presento-el-ciclo-de-musica-y-gastronomia-festival-de-restaurantes\/#breadcrumb","itemListElement":[{"@type":"ListItem","position":1,"name":"Portada","item":"https:\/\/elregionalvm.com.ar\/noticias-villa-maria\/"},{"@type":"ListItem","position":2,"name":"Desde el mi\u00e9rcoles, ciclo de m\u00fasica y gastronom\u00eda \u00abFestival de Restaurantes\u00bb"}]},{"@type":"WebSite","@id":"http:\/\/elregionalvm.com.ar\/noticias-villa-maria\/#website","url":"http:\/\/elregionalvm.com.ar\/noticias-villa-maria\/","name":"El Regional","description":"Mucho m\u00e1s que informaci\u00f3n","potentialAction":[{"@type":"SearchAction","target":{"@type":"EntryPoint","urlTemplate":"http:\/\/elregionalvm.com.ar\/noticias-villa-maria\/?s={search_term_string}"},"query-input":{"@type":"PropertyValueSpecification","valueRequired":true,"valueName":"search_term_string"}}],"inLanguage":"es"},{"@type":"Person","@id":"http:\/\/elregionalvm.com.ar\/noticias-villa-maria\/#\/schema\/person\/a0fb9c422317faca23d50163151bc354","name":"Contenidos El Regional","image":{"@type":"ImageObject","inLanguage":"es","@id":"http:\/\/elregionalvm.com.ar\/noticias-villa-maria\/#\/schema\/person\/image\/","url":"https:\/\/secure.gravatar.com\/avatar\/265b27cb2209af7bb3a1318f03305787d7981a5cc6e6cd08fe5a4ecdf99d4b48?s=96&d=mm&r=g","contentUrl":"https:\/\/secure.gravatar.com\/avatar\/265b27cb2209af7bb3a1318f03305787d7981a5cc6e6cd08fe5a4ecdf99d4b48?s=96&d=mm&r=g","caption":"Contenidos El Regional"},"url":"https:\/\/elregionalvm.com.ar\/noticias-villa-maria\/author\/contenido\/"}]}},"jetpack_featured_media_url":"https:\/\/i0.wp.com\/elregionalvm.com.ar\/noticias-villa-maria\/wp-content\/uploads\/2024\/07\/WhatsApp-Image-2024-07-15-at-13.56.07.jpeg?fit=1600%2C1069&ssl=1","jetpack_sharing_enabled":true,"_links":{"self":[{"href":"https:\/\/elregionalvm.com.ar\/noticias-villa-maria\/wp-json\/wp\/v2\/posts\/96243","targetHints":{"allow":["GET"]}}],"collection":[{"href":"https:\/\/elregionalvm.com.ar\/noticias-villa-maria\/wp-json\/wp\/v2\/posts"}],"about":[{"href":"https:\/\/elregionalvm.com.ar\/noticias-villa-maria\/wp-json\/wp\/v2\/types\/post"}],"author":[{"embeddable":true,"href":"https:\/\/elregionalvm.com.ar\/noticias-villa-maria\/wp-json\/wp\/v2\/users\/4"}],"replies":[{"embeddable":true,"href":"https:\/\/elregionalvm.com.ar\/noticias-villa-maria\/wp-json\/wp\/v2\/comments?post=96243"}],"version-history":[{"count":2,"href":"https:\/\/elregionalvm.com.ar\/noticias-villa-maria\/wp-json\/wp\/v2\/posts\/96243\/revisions"}],"predecessor-version":[{"id":96279,"href":"https:\/\/elregionalvm.com.ar\/noticias-villa-maria\/wp-json\/wp\/v2\/posts\/96243\/revisions\/96279"}],"wp:featuredmedia":[{"embeddable":true,"href":"https:\/\/elregionalvm.com.ar\/noticias-villa-maria\/wp-json\/wp\/v2\/media\/96246"}],"wp:attachment":[{"href":"https:\/\/elregionalvm.com.ar\/noticias-villa-maria\/wp-json\/wp\/v2\/media?parent=96243"}],"wp:term":[{"taxonomy":"category","embeddable":true,"href":"https:\/\/elregionalvm.com.ar\/noticias-villa-maria\/wp-json\/wp\/v2\/categories?post=96243"},{"taxonomy":"post_tag","embeddable":true,"href":"https:\/\/elregionalvm.com.ar\/noticias-villa-maria\/wp-json\/wp\/v2\/tags?post=96243"}],"curies":[{"name":"wp","href":"https:\/\/api.w.org\/{rel}","templated":true}]}}