{"id":96284,"date":"2024-07-16T22:12:32","date_gmt":"2024-07-16T22:12:32","guid":{"rendered":"https:\/\/elregionalvm.com.ar\/noticias-villa-maria\/?p=96284"},"modified":"2024-07-21T23:40:15","modified_gmt":"2024-07-21T23:40:15","slug":"agua-bendita-ni-petroleo-ni-oro-ni-litio-la-guerra-que-se-viene-es-otra","status":"publish","type":"post","link":"https:\/\/elregionalvm.com.ar\/noticias-villa-maria\/agua-bendita-ni-petroleo-ni-oro-ni-litio-la-guerra-que-se-viene-es-otra\/","title":{"rendered":"Agua bendita: Ni petr\u00f3leo, ni oro, ni litio, la guerra que se viene es otra"},"content":{"rendered":"\n<h3 class=\"wp-block-heading\"><strong>Para aquellos que a\u00fan les resulta dif\u00edcil creer que el agua pueda ser el pr\u00f3ximo objetivo de los poderes mundiales, bastar\u00eda repasar algunos de los motivos que llevaron a la humanidad a enfrentarse. Desde el fuego prehist\u00f3rico, pasando por la pimienta o la sal, hasta el petr\u00f3leo iraqu\u00ed o venezolano. Desde hace tiempo el agua cotiza en Wall Street. Toda una se\u00f1al a futuro.<\/strong><\/h3>\n\n\n\n<p><\/p>\n\n\n\n<p><strong>Escribe: Germ\u00e1n Giacchero<\/strong><\/p>\n\n\n\n<p><\/p>\n\n\n\n<h4 class=\"wp-block-heading\"><strong><em>\u201cNo s\u00e9 con qu\u00e9 armas se luchar\u00e1 en la tercera Guerra Mundial, pero s\u00ed s\u00e9 con cu\u00e1les lo har\u00e1n en la cuarta: palos y mazas\u201d. (Albert Einstein)<\/em><\/strong><\/h4>\n\n\n\n<p><\/p>\n\n\n\n<p>Hay mujeres que son la perdici\u00f3n de muchos hombres. Helena fue el fatal nombre que desencaden\u00f3 la de Troya. Su profunda belleza motiv\u00f3 durante a\u00f1os las m\u00e1s diversas disputas varoniles y celos femeninos.<\/p>\n\n\n\n<p>Hasta que el arrebato juvenil del troyano Paris pudo m\u00e1s y, rapto mediante, se la llev\u00f3 para su casa. Los griegos, enfurecidos, cruzaron el mar, le hicieron la guerra al pueblo del ladr\u00f3n y, para terminarla de una vez por todas, le obsequiaron un caballo de madera. Y ah\u00ed s\u00ed, ardi\u00f3 Troya.<\/p>\n\n\n\n<p>La historia de la humanidad no podr\u00eda ser narrada sin las guerras que marcaron su destino. Desde los primitivos enfrentamientos entre cavern\u00edcolas por el fuego y la comida hasta las guerras en Medio Oriente, \u00c1frica y Ucrania, o los golpes de estado en cualquier lugar del globo.<\/p>\n\n\n\n<p><\/p>\n\n\n\n<figure class=\"wp-block-gallery has-nested-images columns-default is-cropped wp-block-gallery-1 is-layout-flex wp-block-gallery-is-layout-flex\">\n<figure class=\"wp-block-image size-large\"><img data-recalc-dims=\"1\" fetchpriority=\"high\" decoding=\"async\" width=\"1024\" height=\"680\" data-id=\"29244\" src=\"https:\/\/i0.wp.com\/elregionalvm.com.ar\/noticias-villa-maria\/wp-content\/uploads\/2020\/12\/Segunda-Guerra-Mundial.jpg?resize=1024%2C680&#038;ssl=1\" alt=\"\" class=\"wp-image-29244\" srcset=\"https:\/\/i0.wp.com\/elregionalvm.com.ar\/noticias-villa-maria\/wp-content\/uploads\/2020\/12\/Segunda-Guerra-Mundial.jpg?resize=1024%2C680&amp;ssl=1 1024w, https:\/\/i0.wp.com\/elregionalvm.com.ar\/noticias-villa-maria\/wp-content\/uploads\/2020\/12\/Segunda-Guerra-Mundial.jpg?resize=300%2C199&amp;ssl=1 300w, https:\/\/i0.wp.com\/elregionalvm.com.ar\/noticias-villa-maria\/wp-content\/uploads\/2020\/12\/Segunda-Guerra-Mundial.jpg?resize=768%2C510&amp;ssl=1 768w, https:\/\/i0.wp.com\/elregionalvm.com.ar\/noticias-villa-maria\/wp-content\/uploads\/2020\/12\/Segunda-Guerra-Mundial.jpg?resize=1536%2C1020&amp;ssl=1 1536w, https:\/\/i0.wp.com\/elregionalvm.com.ar\/noticias-villa-maria\/wp-content\/uploads\/2020\/12\/Segunda-Guerra-Mundial.jpg?w=1735&amp;ssl=1 1735w\" sizes=\"(max-width: 1000px) 100vw, 1000px\" \/><\/figure>\n\n\n\n<figure class=\"wp-block-image size-large\"><img data-recalc-dims=\"1\" decoding=\"async\" width=\"800\" height=\"505\" data-id=\"29245\" src=\"https:\/\/i0.wp.com\/elregionalvm.com.ar\/noticias-villa-maria\/wp-content\/uploads\/2020\/12\/Guerra-de-Golfo.png?resize=800%2C505&#038;ssl=1\" alt=\"\" class=\"wp-image-29245\" srcset=\"https:\/\/i0.wp.com\/elregionalvm.com.ar\/noticias-villa-maria\/wp-content\/uploads\/2020\/12\/Guerra-de-Golfo.png?w=800&amp;ssl=1 800w, https:\/\/i0.wp.com\/elregionalvm.com.ar\/noticias-villa-maria\/wp-content\/uploads\/2020\/12\/Guerra-de-Golfo.png?resize=300%2C189&amp;ssl=1 300w, https:\/\/i0.wp.com\/elregionalvm.com.ar\/noticias-villa-maria\/wp-content\/uploads\/2020\/12\/Guerra-de-Golfo.png?resize=768%2C485&amp;ssl=1 768w\" sizes=\"(max-width: 800px) 100vw, 800px\" \/><\/figure>\n<figcaption class=\"blocks-gallery-caption wp-element-caption\"><em><strong>La Segunda Guerra y la Guerra del Golfo, muestras de la lucha de poder del hombre.<\/strong><\/em><br><br><\/figcaption><\/figure>\n\n\n\n<p><\/p>\n\n\n\n<p>Los m\u00e9todos y los recursos se volvieron m\u00e1s sofisticados, pero la raz\u00f3n que lleva a la sinraz\u00f3n de una guerra no ha variado: basta que un pueblo, naci\u00f3n o estado posea un objeto codiciado por otros para que se desate el caos.<\/p>\n\n\n\n<p>La verdadera causa, casi siempre econ\u00f3mica, ser\u00e1 ocultada bajo una falsa identidad. Ll\u00e1mese evangelizaci\u00f3n de los infieles, avance del comunismo, presencia de armas de destrucci\u00f3n masiva, lucha contra el terrorismo. Pas\u00f3 con la pimienta y la nuez moscada. Pasa con el petr\u00f3leo, el litio y el oro. Pasar\u00e1 con el agua.<\/p>\n\n\n\n<p><strong>Dame fuego<\/strong><\/p>\n\n\n\n<p>Hace millones de a\u00f1os que aparecieron los primeros seres humanos, pero hace s\u00f3lo 400 mil descubrieron el fuego. En un planeta oscuro, con el sol como \u00fanica fuente de calor y energ\u00eda natural, el fuego pas\u00f3 a ser el objeto del deseo.<\/p>\n\n\n\n<p>Hubo tribus que consiguieron hacerlo y mantenerlo sin problemas. Las menos evolucionadas guerreaban a las dem\u00e1s para apoderarse de las preciadas llamas.<\/p>\n\n\n\n<p><\/p>\n\n\n\n<figure class=\"wp-block-image size-full is-resized\"><img data-recalc-dims=\"1\" decoding=\"async\" width=\"643\" height=\"360\" src=\"https:\/\/i0.wp.com\/elregionalvm.com.ar\/noticias-villa-maria\/wp-content\/uploads\/2024\/07\/fosforos-con-poco-fuego-deseo-sexual.jpg?resize=643%2C360&#038;ssl=1\" alt=\"\" class=\"wp-image-96129\" style=\"width:910px;height:auto\" srcset=\"https:\/\/i0.wp.com\/elregionalvm.com.ar\/noticias-villa-maria\/wp-content\/uploads\/2024\/07\/fosforos-con-poco-fuego-deseo-sexual.jpg?w=643&amp;ssl=1 643w, https:\/\/i0.wp.com\/elregionalvm.com.ar\/noticias-villa-maria\/wp-content\/uploads\/2024\/07\/fosforos-con-poco-fuego-deseo-sexual.jpg?resize=300%2C168&amp;ssl=1 300w\" sizes=\"(max-width: 643px) 100vw, 643px\" \/><\/figure>\n\n\n\n<p><\/p>\n\n\n\n<p>Mucho m\u00e1s ac\u00e1 en el tiempo, el chocolate inspir\u00f3 enfrentamientos entre aztecas y otros grupos de abor\u00edgenes centroamericanos, al tiempo que la sal se convirti\u00f3 en un curioso tesoro para los romanos y otros pueblos de Oriente.<\/p>\n\n\n\n<p>Su carencia o su robo pod\u00edan crispar los \u00e1nimos y llevar a interminables batallas. De este elemento deriva la palabra \u201csalario\u201d, ya que con \u00e9l se pagaba a los soldados del imperio.<\/p>\n\n\n\n<p>La sal ocup\u00f3 un rol destacado en el conflicto entre India y Gran Breta\u00f1a, durante los a\u00f1os de Mahatma Gandhi, que deriv\u00f3 en la vuelta de los ingleses a casa y la independencia del pa\u00eds asi\u00e1tico.<\/p>\n\n\n\n<p>En tierras sudamericanas, la guerra que le quit\u00f3 a Bolivia el acceso al mar tras su enfrentamiento con Chile en 1879, se origin\u00f3 en la lucha por la posesi\u00f3n de una regi\u00f3n rica en salitre.<\/p>\n\n\n\n<p><strong>Picante, picante<\/strong><\/p>\n\n\n\n<p>Pero el alimento que desvel\u00f3 a media humanidad durante varios siglos fue la pimienta. Un grano de esta especia lleg\u00f3 a valer m\u00e1s que el oro y con un pu\u00f1ado de ellas se pod\u00eda comprar decenas de esclavos.<\/p>\n\n\n\n<p>Incontables fueron los conflictos originados por esta y otras especias como la nuez moscada y la canela.<\/p>\n\n\n\n<p>En la desabrida Europa sab\u00edan que el Oriente era el para\u00edso prometido en materia de especias. Y hacia all\u00e1 fue: con los romanos, de la mano de Alejandro Magno, con las cruzadas medievales a Tierra Santa, con el aventurero Marco Polo y tantos otros.<\/p>\n\n\n\n<p>Hasta que los turcos le cortaron el paso por tierra y se vio obligada a buscar por mar la \u201cruta de las especias\u201d o el \u201ccamino a las Indias\u201d.&nbsp; \u00bfY por qu\u00e9 creen que Col\u00f3n se top\u00f3 por casualidad con estas tierras?<\/p>\n\n\n\n<p>Asum\u00e1moslo de una vez: un grano de pimienta y un gramo de oro pod\u00edan -pueden- m\u00e1s que cualquier otra cosa. Ciudades enteras y grandes imperios, se forjaron y desaparecieron bajo la influencia del intenso sabor de esta especia.<\/p>\n\n\n\n<p><strong>Oro negro, oro azul<\/strong><\/p>\n\n\n\n<p>Ya hay muchas voces que se animan a escribir el epitafio del petr\u00f3leo y de otros recursos energ\u00e9ticos como el gas. El llamado Oro Negro rige el pulso del planeta desde mediados del siglo 19, cuando a pesar de haber pasado miles de a\u00f1os de la creaci\u00f3n del fuego, s\u00f3lo unos pocos pod\u00edan usar aceite de ballena o gas para obtener luz y calor.<\/p>\n\n\n\n<p>Hoy, cuando aumenta su demanda y se acelera el agotamiento de sus reservas, bajo su nombre se libran guerras de toda cala\u00f1a.<\/p>\n\n\n\n<p>El mayor consumidor de recursos naturales del planeta, Estados Unidos, teme quedarse sin provisiones. China no se queda atr\u00e1s para nada, claro.<\/p>\n\n\n\n<p><\/p>\n\n\n\n<figure class=\"wp-block-image size-full\"><img data-recalc-dims=\"1\" loading=\"lazy\" decoding=\"async\" width=\"980\" height=\"628\" src=\"https:\/\/i0.wp.com\/elregionalvm.com.ar\/noticias-villa-maria\/wp-content\/uploads\/2022\/05\/Rusia-importacion-de-gas.jpg?resize=980%2C628&#038;ssl=1\" alt=\"\" class=\"wp-image-58165\" srcset=\"https:\/\/i0.wp.com\/elregionalvm.com.ar\/noticias-villa-maria\/wp-content\/uploads\/2022\/05\/Rusia-importacion-de-gas.jpg?w=980&amp;ssl=1 980w, https:\/\/i0.wp.com\/elregionalvm.com.ar\/noticias-villa-maria\/wp-content\/uploads\/2022\/05\/Rusia-importacion-de-gas.jpg?resize=300%2C192&amp;ssl=1 300w, https:\/\/i0.wp.com\/elregionalvm.com.ar\/noticias-villa-maria\/wp-content\/uploads\/2022\/05\/Rusia-importacion-de-gas.jpg?resize=768%2C492&amp;ssl=1 768w\" sizes=\"(max-width: 980px) 100vw, 980px\" \/><\/figure>\n\n\n\n<p><\/p>\n\n\n\n<p>Por eso, su voracidad ilimitada los lleva a escudarse en falsos argumentos para quedarse con el petr\u00f3leo de Medio Oriente o de otras regiones del planeta. Por si fuera poco, el pa\u00eds del T\u00edo Sam y el Drag\u00f3n Rojo son los principales consumidores de agua.<\/p>\n\n\n\n<p>Y s\u00ed. Lo que comienza a preocupar a las naciones ricas en recursos h\u00eddricos es la escasez de agua a nivel global. Se estima que para esta d\u00e9cada un tercio de la poblaci\u00f3n mundial vivir\u00e1 sumido en la escasez.<\/p>\n\n\n\n<p>En el peor de los escenarios posibles, seg\u00fan la ONU a mediados de este siglo, 7 mil millones de personas en 60 pa\u00edses sufrir\u00e1n su ausencia. Hoy, dos mil millones de personas viven en pa\u00edses con graves problemas de acceso al agua y en un futuro no muy lejano millones de personas en todo el mundo podr\u00edan verse desplazadas por este problema.<\/p>\n\n\n\n<p>Varios pa\u00edses vienen padeciendo desde hace algunos a\u00f1os conflictos internos por las restricciones en el acceso al agua potable. Algunos focos problem\u00e1ticos se desataron a partir de medidas pol\u00edticas como la b\u00fasqueda de privatizar su explotaci\u00f3n y pasarla a corporaciones multinacionales. En el a\u00f1o 2000, en Bolivia hubo enfrentamientos, con muertos incluidos, por un caso de este tipo.<\/p>\n\n\n\n<p><\/p>\n\n\n\n<figure class=\"wp-block-gallery has-nested-images columns-default is-cropped wp-block-gallery-2 is-layout-flex wp-block-gallery-is-layout-flex\">\n<figure class=\"wp-block-image size-large\"><img data-recalc-dims=\"1\" loading=\"lazy\" decoding=\"async\" width=\"500\" height=\"337\" data-id=\"29247\" src=\"https:\/\/i0.wp.com\/elregionalvm.com.ar\/noticias-villa-maria\/wp-content\/uploads\/2020\/12\/Guerra-del-agua-Bolivia-1.jpg?resize=500%2C337&#038;ssl=1\" alt=\"\" class=\"wp-image-29247\" srcset=\"https:\/\/i0.wp.com\/elregionalvm.com.ar\/noticias-villa-maria\/wp-content\/uploads\/2020\/12\/Guerra-del-agua-Bolivia-1.jpg?w=500&amp;ssl=1 500w, https:\/\/i0.wp.com\/elregionalvm.com.ar\/noticias-villa-maria\/wp-content\/uploads\/2020\/12\/Guerra-del-agua-Bolivia-1.jpg?resize=300%2C202&amp;ssl=1 300w\" sizes=\"(max-width: 500px) 100vw, 500px\" \/><\/figure>\n\n\n\n<figure class=\"wp-block-image size-large\"><img data-recalc-dims=\"1\" loading=\"lazy\" decoding=\"async\" width=\"500\" height=\"350\" data-id=\"29246\" src=\"https:\/\/i0.wp.com\/elregionalvm.com.ar\/noticias-villa-maria\/wp-content\/uploads\/2020\/12\/guerra-del-agua-Bolivia-2000.jpg?resize=500%2C350&#038;ssl=1\" alt=\"\" class=\"wp-image-29246\" srcset=\"https:\/\/i0.wp.com\/elregionalvm.com.ar\/noticias-villa-maria\/wp-content\/uploads\/2020\/12\/guerra-del-agua-Bolivia-2000.jpg?w=500&amp;ssl=1 500w, https:\/\/i0.wp.com\/elregionalvm.com.ar\/noticias-villa-maria\/wp-content\/uploads\/2020\/12\/guerra-del-agua-Bolivia-2000.jpg?resize=300%2C210&amp;ssl=1 300w\" sizes=\"(max-width: 500px) 100vw, 500px\" \/><\/figure>\n<figcaption class=\"blocks-gallery-caption wp-element-caption\"><strong><em>Conflicto en Bolivia por el agua. Se logr\u00f3 una marcha atr\u00e1s con la privatizaci\u00f3n.<\/em><br><\/strong><br><\/figcaption><\/figure>\n\n\n\n<p><\/p>\n\n\n\n<p><strong>Wall Street hace agua<\/strong><\/p>\n\n\n\n<p>El agua es un bien cada vez m\u00e1s escaso. Y valioso. Raz\u00f3n por la cual ya cotiza en Bolsa. S\u00ed, aunque parezca extra\u00f1o, ese l\u00edquido tan cotidiano y tan derrochado en nuestras vidas, al que la mayor\u00eda de las personas ve salir sin inconvenientes de las canillas de sus hogares, se encuentra dentro del mercado de futuros de materias primas en Wall Street, la capital financiera global.<\/p>\n\n\n\n<p>De esta forma, su precio fluctuar\u00e1 como lo hacen el petr\u00f3leo, el oro o el trigo. El \u00edndice se basa en precios de las principales cuencas fluviales de California (Estados Unidos), donde la escasez del agua ha aumentado, pero este valor podr\u00e1 ser usado como referente para el resto del mundo en los mercados del agua.<\/p>\n\n\n\n<p>Capitalismo en su m\u00e1xima expresi\u00f3n. Nada extra\u00f1o, aunque sorprenda.<\/p>\n\n\n\n<p><\/p>\n\n\n\n<figure class=\"wp-block-image size-large\"><img data-recalc-dims=\"1\" loading=\"lazy\" decoding=\"async\" width=\"1024\" height=\"512\" src=\"https:\/\/i0.wp.com\/elregionalvm.com.ar\/noticias-villa-maria\/wp-content\/uploads\/2020\/12\/agua-cotiza-en-bolsa.jpeg?resize=1024%2C512&#038;ssl=1\" alt=\"\" class=\"wp-image-29248\" srcset=\"https:\/\/i0.wp.com\/elregionalvm.com.ar\/noticias-villa-maria\/wp-content\/uploads\/2020\/12\/agua-cotiza-en-bolsa.jpeg?resize=1024%2C512&amp;ssl=1 1024w, https:\/\/i0.wp.com\/elregionalvm.com.ar\/noticias-villa-maria\/wp-content\/uploads\/2020\/12\/agua-cotiza-en-bolsa.jpeg?resize=300%2C150&amp;ssl=1 300w, https:\/\/i0.wp.com\/elregionalvm.com.ar\/noticias-villa-maria\/wp-content\/uploads\/2020\/12\/agua-cotiza-en-bolsa.jpeg?resize=768%2C384&amp;ssl=1 768w, https:\/\/i0.wp.com\/elregionalvm.com.ar\/noticias-villa-maria\/wp-content\/uploads\/2020\/12\/agua-cotiza-en-bolsa.jpeg?w=1280&amp;ssl=1 1280w\" sizes=\"(max-width: 1000px) 100vw, 1000px\" \/><\/figure>\n\n\n\n<p><\/p>\n\n\n\n<p>Argentina cuenta con amplios recursos h\u00eddricos y es una especie de potencia mundial en este sentido. El 48% de su territorio est\u00e1 compuesto por agua, es la segunda reserva m\u00e1s importante de Am\u00e9rica Latina en cuanto a la cantidad de glaciares y alberga en sus entra\u00f1as parte del Sistema Acu\u00edfero Guaran\u00ed, una de las reservas de agua dulce subterr\u00e1nea m\u00e1s grandes y codiciadas del planeta, compartida con Paraguay, Brasil y Uruguay.<\/p>\n\n\n\n<p>Europa, China y Estados Unidos no dudar\u00e1n en hacer la guerra si necesitan del agua potable, la fuente de riqueza del ma\u00f1ana, y en apelar a los recursos m\u00e1s groseros para apoderarse, por ejemplo, del Sistema Acu\u00edfero Guaran\u00ed.<\/p>\n\n\n\n<p>Hoy, poco y nada ha cambiado desde los d\u00edas del hombre de las cavernas. Una nueva guerra est\u00e1 a punto de estallar en cualquier momento.<\/p>\n\n\n\n<p>Hasta que un planeta brutalmente saqueado, contaminado y destruido se rebele contra su gran depredador y lo sumerja en el fr\u00edo, la oscuridad y la sed.<\/p>\n\n\n\n<p>Hacia una nueva guerra del fuego.<\/p>\n\n\n\n<p>Y del agua.<\/p>\n","protected":false},"excerpt":{"rendered":"<p>Para aquellos que a\u00fan les resulta dif\u00edcil creer que el agua pueda ser el pr\u00f3ximo objetivo de los poderes mundiales, bastar\u00eda repasar algunos de los motivos que llevaron a la humanidad a enfrentarse. Desde el fuego prehist\u00f3rico, pasando por la pimienta o la sal, hasta el petr\u00f3leo iraqu\u00ed o venezolano. Desde hace tiempo el agua [&hellip;]<\/p>\n","protected":false},"author":6,"featured_media":96287,"comment_status":"open","ping_status":"open","sticky":false,"template":"","format":"standard","meta":{"site-sidebar-layout":"default","site-content-layout":"","ast-site-content-layout":"default","site-content-style":"default","site-sidebar-style":"default","ast-global-header-display":"","ast-banner-title-visibility":"","ast-main-header-display":"","ast-hfb-above-header-display":"","ast-hfb-below-header-display":"","ast-hfb-mobile-header-display":"","site-post-title":"","ast-breadcrumbs-content":"","ast-featured-img":"","footer-sml-layout":"","ast-disable-related-posts":"","theme-transparent-header-meta":"","adv-header-id-meta":"","stick-header-meta":"","header-above-stick-meta":"","header-main-stick-meta":"","header-below-stick-meta":"","astra-migrate-meta-layouts":"set","ast-page-background-enabled":"default","ast-page-background-meta":{"desktop":{"background-color":"","background-image":"","background-repeat":"repeat","background-position":"center center","background-size":"auto","background-attachment":"scroll","background-type":"","background-media":"","overlay-type":"","overlay-color":"","overlay-opacity":"","overlay-gradient":""},"tablet":{"background-color":"","background-image":"","background-repeat":"repeat","background-position":"center center","background-size":"auto","background-attachment":"scroll","background-type":"","background-media":"","overlay-type":"","overlay-color":"","overlay-opacity":"","overlay-gradient":""},"mobile":{"background-color":"","background-image":"","background-repeat":"repeat","background-position":"center center","background-size":"auto","background-attachment":"scroll","background-type":"","background-media":"","overlay-type":"","overlay-color":"","overlay-opacity":"","overlay-gradient":""}},"ast-content-background-meta":{"desktop":{"background-color":"var(--ast-global-color-5)","background-image":"","background-repeat":"repeat","background-position":"center center","background-size":"auto","background-attachment":"scroll","background-type":"","background-media":"","overlay-type":"","overlay-color":"","overlay-opacity":"","overlay-gradient":""},"tablet":{"background-color":"var(--ast-global-color-5)","background-image":"","background-repeat":"repeat","background-position":"center center","background-size":"auto","background-attachment":"scroll","background-type":"","background-media":"","overlay-type":"","overlay-color":"","overlay-opacity":"","overlay-gradient":""},"mobile":{"background-color":"var(--ast-global-color-5)","background-image":"","background-repeat":"repeat","background-position":"center center","background-size":"auto","background-attachment":"scroll","background-type":"","background-media":"","overlay-type":"","overlay-color":"","overlay-opacity":"","overlay-gradient":""}},"_jetpack_memberships_contains_paid_content":false,"_joinchat":[],"footnotes":""},"categories":[365,3557],"tags":[245,3679,2308,1560,8981,3439,1675,30,14769,5171,6021],"class_list":["post-96284","post","type-post","status-publish","format-standard","has-post-thumbnail","hentry","category-opinion","category-tercera","tag-agua","tag-agua-bendita","tag-china","tag-estados-unidos","tag-europa","tag-fuego","tag-golpe-de-estado","tag-guerra","tag-litio","tag-oro","tag-petroleo"],"yoast_head":"<!-- This site is optimized with the Yoast SEO plugin v26.8 - https:\/\/yoast.com\/product\/yoast-seo-wordpress\/ -->\n<title>Agua bendita: Ni petr\u00f3leo, ni oro, ni litio, la guerra que se viene es otra - El Regional<\/title>\n<meta name=\"robots\" content=\"index, follow, max-snippet:-1, max-image-preview:large, max-video-preview:-1\" \/>\n<link rel=\"canonical\" href=\"https:\/\/elregionalvm.com.ar\/noticias-villa-maria\/agua-bendita-ni-petroleo-ni-oro-ni-litio-la-guerra-que-se-viene-es-otra\/\" \/>\n<meta property=\"og:locale\" content=\"es_ES\" \/>\n<meta property=\"og:type\" content=\"article\" \/>\n<meta property=\"og:title\" content=\"Agua bendita: Ni petr\u00f3leo, ni oro, ni litio, la guerra que se viene es otra - El Regional\" \/>\n<meta property=\"og:description\" content=\"Para aquellos que a\u00fan les resulta dif\u00edcil creer que el agua pueda ser el pr\u00f3ximo objetivo de los poderes mundiales, bastar\u00eda repasar algunos de los motivos que llevaron a la humanidad a enfrentarse. Desde el fuego prehist\u00f3rico, pasando por la pimienta o la sal, hasta el petr\u00f3leo iraqu\u00ed o venezolano. Desde hace tiempo el agua [&hellip;]\" \/>\n<meta property=\"og:url\" content=\"https:\/\/elregionalvm.com.ar\/noticias-villa-maria\/agua-bendita-ni-petroleo-ni-oro-ni-litio-la-guerra-que-se-viene-es-otra\/\" \/>\n<meta property=\"og:site_name\" content=\"El Regional\" \/>\n<meta property=\"article:publisher\" content=\"https:\/\/www.facebook.com\/elregionalvm\" \/>\n<meta property=\"article:published_time\" content=\"2024-07-16T22:12:32+00:00\" \/>\n<meta property=\"article:modified_time\" content=\"2024-07-21T23:40:15+00:00\" \/>\n<meta property=\"og:image\" content=\"https:\/\/elregionalvm.com.ar\/noticias-villa-maria\/wp-content\/uploads\/2024\/07\/guerra-agua-bomba-atomica.jpg\" \/>\n\t<meta property=\"og:image:width\" content=\"1170\" \/>\n\t<meta property=\"og:image:height\" content=\"658\" \/>\n\t<meta property=\"og:image:type\" content=\"image\/jpeg\" \/>\n<meta name=\"author\" content=\"Germ\u00e1n Giacchero\" \/>\n<meta name=\"twitter:card\" content=\"summary_large_image\" \/>\n<meta name=\"twitter:creator\" content=\"@elregionalvm1\" \/>\n<meta name=\"twitter:site\" content=\"@elregionalvm1\" \/>\n<meta name=\"twitter:label1\" content=\"Escrito por\" \/>\n\t<meta name=\"twitter:data1\" content=\"Germ\u00e1n Giacchero\" \/>\n\t<meta name=\"twitter:label2\" content=\"Tiempo de lectura\" \/>\n\t<meta name=\"twitter:data2\" content=\"8 minutos\" \/>\n<script type=\"application\/ld+json\" class=\"yoast-schema-graph\">{\"@context\":\"https:\/\/schema.org\",\"@graph\":[{\"@type\":\"Article\",\"@id\":\"https:\/\/elregionalvm.com.ar\/noticias-villa-maria\/agua-bendita-ni-petroleo-ni-oro-ni-litio-la-guerra-que-se-viene-es-otra\/#article\",\"isPartOf\":{\"@id\":\"https:\/\/elregionalvm.com.ar\/noticias-villa-maria\/agua-bendita-ni-petroleo-ni-oro-ni-litio-la-guerra-que-se-viene-es-otra\/\"},\"author\":{\"name\":\"Germ\u00e1n Giacchero\",\"@id\":\"http:\/\/elregionalvm.com.ar\/noticias-villa-maria\/#\/schema\/person\/d5e4b04966154131701e52c45d3efec9\"},\"headline\":\"Agua bendita: Ni petr\u00f3leo, ni oro, ni litio, la guerra que se viene es otra\",\"datePublished\":\"2024-07-16T22:12:32+00:00\",\"dateModified\":\"2024-07-21T23:40:15+00:00\",\"mainEntityOfPage\":{\"@id\":\"https:\/\/elregionalvm.com.ar\/noticias-villa-maria\/agua-bendita-ni-petroleo-ni-oro-ni-litio-la-guerra-que-se-viene-es-otra\/\"},\"wordCount\":1467,\"commentCount\":0,\"image\":{\"@id\":\"https:\/\/elregionalvm.com.ar\/noticias-villa-maria\/agua-bendita-ni-petroleo-ni-oro-ni-litio-la-guerra-que-se-viene-es-otra\/#primaryimage\"},\"thumbnailUrl\":\"https:\/\/i0.wp.com\/elregionalvm.com.ar\/noticias-villa-maria\/wp-content\/uploads\/2024\/07\/guerra-agua-bomba-atomica.jpg?fit=1170%2C658&ssl=1\",\"keywords\":[\"agua\",\"Agua bendita\",\"China\",\"Estados unidos\",\"Europa\",\"Fuego\",\"golpe de estado\",\"guerra\",\"Litio\",\"oro\",\"Petr\u00f3leo\"],\"articleSection\":[\"Opini\u00f3n\",\"tercera\"],\"inLanguage\":\"es\",\"potentialAction\":[{\"@type\":\"CommentAction\",\"name\":\"Comment\",\"target\":[\"https:\/\/elregionalvm.com.ar\/noticias-villa-maria\/agua-bendita-ni-petroleo-ni-oro-ni-litio-la-guerra-que-se-viene-es-otra\/#respond\"]}]},{\"@type\":\"WebPage\",\"@id\":\"https:\/\/elregionalvm.com.ar\/noticias-villa-maria\/agua-bendita-ni-petroleo-ni-oro-ni-litio-la-guerra-que-se-viene-es-otra\/\",\"url\":\"https:\/\/elregionalvm.com.ar\/noticias-villa-maria\/agua-bendita-ni-petroleo-ni-oro-ni-litio-la-guerra-que-se-viene-es-otra\/\",\"name\":\"Agua bendita: Ni petr\u00f3leo, ni oro, ni litio, la guerra que se viene es otra - El Regional\",\"isPartOf\":{\"@id\":\"http:\/\/elregionalvm.com.ar\/noticias-villa-maria\/#website\"},\"primaryImageOfPage\":{\"@id\":\"https:\/\/elregionalvm.com.ar\/noticias-villa-maria\/agua-bendita-ni-petroleo-ni-oro-ni-litio-la-guerra-que-se-viene-es-otra\/#primaryimage\"},\"image\":{\"@id\":\"https:\/\/elregionalvm.com.ar\/noticias-villa-maria\/agua-bendita-ni-petroleo-ni-oro-ni-litio-la-guerra-que-se-viene-es-otra\/#primaryimage\"},\"thumbnailUrl\":\"https:\/\/i0.wp.com\/elregionalvm.com.ar\/noticias-villa-maria\/wp-content\/uploads\/2024\/07\/guerra-agua-bomba-atomica.jpg?fit=1170%2C658&ssl=1\",\"datePublished\":\"2024-07-16T22:12:32+00:00\",\"dateModified\":\"2024-07-21T23:40:15+00:00\",\"author\":{\"@id\":\"http:\/\/elregionalvm.com.ar\/noticias-villa-maria\/#\/schema\/person\/d5e4b04966154131701e52c45d3efec9\"},\"breadcrumb\":{\"@id\":\"https:\/\/elregionalvm.com.ar\/noticias-villa-maria\/agua-bendita-ni-petroleo-ni-oro-ni-litio-la-guerra-que-se-viene-es-otra\/#breadcrumb\"},\"inLanguage\":\"es\",\"potentialAction\":[{\"@type\":\"ReadAction\",\"target\":[\"https:\/\/elregionalvm.com.ar\/noticias-villa-maria\/agua-bendita-ni-petroleo-ni-oro-ni-litio-la-guerra-que-se-viene-es-otra\/\"]}]},{\"@type\":\"ImageObject\",\"inLanguage\":\"es\",\"@id\":\"https:\/\/elregionalvm.com.ar\/noticias-villa-maria\/agua-bendita-ni-petroleo-ni-oro-ni-litio-la-guerra-que-se-viene-es-otra\/#primaryimage\",\"url\":\"https:\/\/i0.wp.com\/elregionalvm.com.ar\/noticias-villa-maria\/wp-content\/uploads\/2024\/07\/guerra-agua-bomba-atomica.jpg?fit=1170%2C658&ssl=1\",\"contentUrl\":\"https:\/\/i0.wp.com\/elregionalvm.com.ar\/noticias-villa-maria\/wp-content\/uploads\/2024\/07\/guerra-agua-bomba-atomica.jpg?fit=1170%2C658&ssl=1\",\"width\":1170,\"height\":658},{\"@type\":\"BreadcrumbList\",\"@id\":\"https:\/\/elregionalvm.com.ar\/noticias-villa-maria\/agua-bendita-ni-petroleo-ni-oro-ni-litio-la-guerra-que-se-viene-es-otra\/#breadcrumb\",\"itemListElement\":[{\"@type\":\"ListItem\",\"position\":1,\"name\":\"Portada\",\"item\":\"https:\/\/elregionalvm.com.ar\/noticias-villa-maria\/\"},{\"@type\":\"ListItem\",\"position\":2,\"name\":\"Agua bendita: Ni petr\u00f3leo, ni oro, ni litio, la guerra que se viene es otra\"}]},{\"@type\":\"WebSite\",\"@id\":\"http:\/\/elregionalvm.com.ar\/noticias-villa-maria\/#website\",\"url\":\"http:\/\/elregionalvm.com.ar\/noticias-villa-maria\/\",\"name\":\"El Regional\",\"description\":\"Mucho m\u00e1s que informaci\u00f3n\",\"potentialAction\":[{\"@type\":\"SearchAction\",\"target\":{\"@type\":\"EntryPoint\",\"urlTemplate\":\"http:\/\/elregionalvm.com.ar\/noticias-villa-maria\/?s={search_term_string}\"},\"query-input\":{\"@type\":\"PropertyValueSpecification\",\"valueRequired\":true,\"valueName\":\"search_term_string\"}}],\"inLanguage\":\"es\"},{\"@type\":\"Person\",\"@id\":\"http:\/\/elregionalvm.com.ar\/noticias-villa-maria\/#\/schema\/person\/d5e4b04966154131701e52c45d3efec9\",\"name\":\"Germ\u00e1n Giacchero\",\"image\":{\"@type\":\"ImageObject\",\"inLanguage\":\"es\",\"@id\":\"http:\/\/elregionalvm.com.ar\/noticias-villa-maria\/#\/schema\/person\/image\/\",\"url\":\"https:\/\/secure.gravatar.com\/avatar\/fda163ba5ef0307ee5be9846e10f83b6e83d0cfb260d3b2464830318894c6b04?s=96&d=mm&r=g\",\"contentUrl\":\"https:\/\/secure.gravatar.com\/avatar\/fda163ba5ef0307ee5be9846e10f83b6e83d0cfb260d3b2464830318894c6b04?s=96&d=mm&r=g\",\"caption\":\"Germ\u00e1n Giacchero\"},\"url\":\"https:\/\/elregionalvm.com.ar\/noticias-villa-maria\/author\/germangiacchero\/\"}]}<\/script>\n<!-- \/ Yoast SEO plugin. -->","yoast_head_json":{"title":"Agua bendita: Ni petr\u00f3leo, ni oro, ni litio, la guerra que se viene es otra - El Regional","robots":{"index":"index","follow":"follow","max-snippet":"max-snippet:-1","max-image-preview":"max-image-preview:large","max-video-preview":"max-video-preview:-1"},"canonical":"https:\/\/elregionalvm.com.ar\/noticias-villa-maria\/agua-bendita-ni-petroleo-ni-oro-ni-litio-la-guerra-que-se-viene-es-otra\/","og_locale":"es_ES","og_type":"article","og_title":"Agua bendita: Ni petr\u00f3leo, ni oro, ni litio, la guerra que se viene es otra - El Regional","og_description":"Para aquellos que a\u00fan les resulta dif\u00edcil creer que el agua pueda ser el pr\u00f3ximo objetivo de los poderes mundiales, bastar\u00eda repasar algunos de los motivos que llevaron a la humanidad a enfrentarse. Desde el fuego prehist\u00f3rico, pasando por la pimienta o la sal, hasta el petr\u00f3leo iraqu\u00ed o venezolano. Desde hace tiempo el agua [&hellip;]","og_url":"https:\/\/elregionalvm.com.ar\/noticias-villa-maria\/agua-bendita-ni-petroleo-ni-oro-ni-litio-la-guerra-que-se-viene-es-otra\/","og_site_name":"El Regional","article_publisher":"https:\/\/www.facebook.com\/elregionalvm","article_published_time":"2024-07-16T22:12:32+00:00","article_modified_time":"2024-07-21T23:40:15+00:00","og_image":[{"width":1170,"height":658,"url":"https:\/\/elregionalvm.com.ar\/noticias-villa-maria\/wp-content\/uploads\/2024\/07\/guerra-agua-bomba-atomica.jpg","type":"image\/jpeg"}],"author":"Germ\u00e1n Giacchero","twitter_card":"summary_large_image","twitter_creator":"@elregionalvm1","twitter_site":"@elregionalvm1","twitter_misc":{"Escrito por":"Germ\u00e1n Giacchero","Tiempo de lectura":"8 minutos"},"schema":{"@context":"https:\/\/schema.org","@graph":[{"@type":"Article","@id":"https:\/\/elregionalvm.com.ar\/noticias-villa-maria\/agua-bendita-ni-petroleo-ni-oro-ni-litio-la-guerra-que-se-viene-es-otra\/#article","isPartOf":{"@id":"https:\/\/elregionalvm.com.ar\/noticias-villa-maria\/agua-bendita-ni-petroleo-ni-oro-ni-litio-la-guerra-que-se-viene-es-otra\/"},"author":{"name":"Germ\u00e1n Giacchero","@id":"http:\/\/elregionalvm.com.ar\/noticias-villa-maria\/#\/schema\/person\/d5e4b04966154131701e52c45d3efec9"},"headline":"Agua bendita: Ni petr\u00f3leo, ni oro, ni litio, la guerra que se viene es otra","datePublished":"2024-07-16T22:12:32+00:00","dateModified":"2024-07-21T23:40:15+00:00","mainEntityOfPage":{"@id":"https:\/\/elregionalvm.com.ar\/noticias-villa-maria\/agua-bendita-ni-petroleo-ni-oro-ni-litio-la-guerra-que-se-viene-es-otra\/"},"wordCount":1467,"commentCount":0,"image":{"@id":"https:\/\/elregionalvm.com.ar\/noticias-villa-maria\/agua-bendita-ni-petroleo-ni-oro-ni-litio-la-guerra-que-se-viene-es-otra\/#primaryimage"},"thumbnailUrl":"https:\/\/i0.wp.com\/elregionalvm.com.ar\/noticias-villa-maria\/wp-content\/uploads\/2024\/07\/guerra-agua-bomba-atomica.jpg?fit=1170%2C658&ssl=1","keywords":["agua","Agua bendita","China","Estados unidos","Europa","Fuego","golpe de estado","guerra","Litio","oro","Petr\u00f3leo"],"articleSection":["Opini\u00f3n","tercera"],"inLanguage":"es","potentialAction":[{"@type":"CommentAction","name":"Comment","target":["https:\/\/elregionalvm.com.ar\/noticias-villa-maria\/agua-bendita-ni-petroleo-ni-oro-ni-litio-la-guerra-que-se-viene-es-otra\/#respond"]}]},{"@type":"WebPage","@id":"https:\/\/elregionalvm.com.ar\/noticias-villa-maria\/agua-bendita-ni-petroleo-ni-oro-ni-litio-la-guerra-que-se-viene-es-otra\/","url":"https:\/\/elregionalvm.com.ar\/noticias-villa-maria\/agua-bendita-ni-petroleo-ni-oro-ni-litio-la-guerra-que-se-viene-es-otra\/","name":"Agua bendita: Ni petr\u00f3leo, ni oro, ni litio, la guerra que se viene es otra - El Regional","isPartOf":{"@id":"http:\/\/elregionalvm.com.ar\/noticias-villa-maria\/#website"},"primaryImageOfPage":{"@id":"https:\/\/elregionalvm.com.ar\/noticias-villa-maria\/agua-bendita-ni-petroleo-ni-oro-ni-litio-la-guerra-que-se-viene-es-otra\/#primaryimage"},"image":{"@id":"https:\/\/elregionalvm.com.ar\/noticias-villa-maria\/agua-bendita-ni-petroleo-ni-oro-ni-litio-la-guerra-que-se-viene-es-otra\/#primaryimage"},"thumbnailUrl":"https:\/\/i0.wp.com\/elregionalvm.com.ar\/noticias-villa-maria\/wp-content\/uploads\/2024\/07\/guerra-agua-bomba-atomica.jpg?fit=1170%2C658&ssl=1","datePublished":"2024-07-16T22:12:32+00:00","dateModified":"2024-07-21T23:40:15+00:00","author":{"@id":"http:\/\/elregionalvm.com.ar\/noticias-villa-maria\/#\/schema\/person\/d5e4b04966154131701e52c45d3efec9"},"breadcrumb":{"@id":"https:\/\/elregionalvm.com.ar\/noticias-villa-maria\/agua-bendita-ni-petroleo-ni-oro-ni-litio-la-guerra-que-se-viene-es-otra\/#breadcrumb"},"inLanguage":"es","potentialAction":[{"@type":"ReadAction","target":["https:\/\/elregionalvm.com.ar\/noticias-villa-maria\/agua-bendita-ni-petroleo-ni-oro-ni-litio-la-guerra-que-se-viene-es-otra\/"]}]},{"@type":"ImageObject","inLanguage":"es","@id":"https:\/\/elregionalvm.com.ar\/noticias-villa-maria\/agua-bendita-ni-petroleo-ni-oro-ni-litio-la-guerra-que-se-viene-es-otra\/#primaryimage","url":"https:\/\/i0.wp.com\/elregionalvm.com.ar\/noticias-villa-maria\/wp-content\/uploads\/2024\/07\/guerra-agua-bomba-atomica.jpg?fit=1170%2C658&ssl=1","contentUrl":"https:\/\/i0.wp.com\/elregionalvm.com.ar\/noticias-villa-maria\/wp-content\/uploads\/2024\/07\/guerra-agua-bomba-atomica.jpg?fit=1170%2C658&ssl=1","width":1170,"height":658},{"@type":"BreadcrumbList","@id":"https:\/\/elregionalvm.com.ar\/noticias-villa-maria\/agua-bendita-ni-petroleo-ni-oro-ni-litio-la-guerra-que-se-viene-es-otra\/#breadcrumb","itemListElement":[{"@type":"ListItem","position":1,"name":"Portada","item":"https:\/\/elregionalvm.com.ar\/noticias-villa-maria\/"},{"@type":"ListItem","position":2,"name":"Agua bendita: Ni petr\u00f3leo, ni oro, ni litio, la guerra que se viene es otra"}]},{"@type":"WebSite","@id":"http:\/\/elregionalvm.com.ar\/noticias-villa-maria\/#website","url":"http:\/\/elregionalvm.com.ar\/noticias-villa-maria\/","name":"El Regional","description":"Mucho m\u00e1s que informaci\u00f3n","potentialAction":[{"@type":"SearchAction","target":{"@type":"EntryPoint","urlTemplate":"http:\/\/elregionalvm.com.ar\/noticias-villa-maria\/?s={search_term_string}"},"query-input":{"@type":"PropertyValueSpecification","valueRequired":true,"valueName":"search_term_string"}}],"inLanguage":"es"},{"@type":"Person","@id":"http:\/\/elregionalvm.com.ar\/noticias-villa-maria\/#\/schema\/person\/d5e4b04966154131701e52c45d3efec9","name":"Germ\u00e1n Giacchero","image":{"@type":"ImageObject","inLanguage":"es","@id":"http:\/\/elregionalvm.com.ar\/noticias-villa-maria\/#\/schema\/person\/image\/","url":"https:\/\/secure.gravatar.com\/avatar\/fda163ba5ef0307ee5be9846e10f83b6e83d0cfb260d3b2464830318894c6b04?s=96&d=mm&r=g","contentUrl":"https:\/\/secure.gravatar.com\/avatar\/fda163ba5ef0307ee5be9846e10f83b6e83d0cfb260d3b2464830318894c6b04?s=96&d=mm&r=g","caption":"Germ\u00e1n Giacchero"},"url":"https:\/\/elregionalvm.com.ar\/noticias-villa-maria\/author\/germangiacchero\/"}]}},"jetpack_featured_media_url":"https:\/\/i0.wp.com\/elregionalvm.com.ar\/noticias-villa-maria\/wp-content\/uploads\/2024\/07\/guerra-agua-bomba-atomica.jpg?fit=1170%2C658&ssl=1","jetpack_sharing_enabled":true,"_links":{"self":[{"href":"https:\/\/elregionalvm.com.ar\/noticias-villa-maria\/wp-json\/wp\/v2\/posts\/96284","targetHints":{"allow":["GET"]}}],"collection":[{"href":"https:\/\/elregionalvm.com.ar\/noticias-villa-maria\/wp-json\/wp\/v2\/posts"}],"about":[{"href":"https:\/\/elregionalvm.com.ar\/noticias-villa-maria\/wp-json\/wp\/v2\/types\/post"}],"author":[{"embeddable":true,"href":"https:\/\/elregionalvm.com.ar\/noticias-villa-maria\/wp-json\/wp\/v2\/users\/6"}],"replies":[{"embeddable":true,"href":"https:\/\/elregionalvm.com.ar\/noticias-villa-maria\/wp-json\/wp\/v2\/comments?post=96284"}],"version-history":[{"count":2,"href":"https:\/\/elregionalvm.com.ar\/noticias-villa-maria\/wp-json\/wp\/v2\/posts\/96284\/revisions"}],"predecessor-version":[{"id":96288,"href":"https:\/\/elregionalvm.com.ar\/noticias-villa-maria\/wp-json\/wp\/v2\/posts\/96284\/revisions\/96288"}],"wp:featuredmedia":[{"embeddable":true,"href":"https:\/\/elregionalvm.com.ar\/noticias-villa-maria\/wp-json\/wp\/v2\/media\/96287"}],"wp:attachment":[{"href":"https:\/\/elregionalvm.com.ar\/noticias-villa-maria\/wp-json\/wp\/v2\/media?parent=96284"}],"wp:term":[{"taxonomy":"category","embeddable":true,"href":"https:\/\/elregionalvm.com.ar\/noticias-villa-maria\/wp-json\/wp\/v2\/categories?post=96284"},{"taxonomy":"post_tag","embeddable":true,"href":"https:\/\/elregionalvm.com.ar\/noticias-villa-maria\/wp-json\/wp\/v2\/tags?post=96284"}],"curies":[{"name":"wp","href":"https:\/\/api.w.org\/{rel}","templated":true}]}}