{"id":96307,"date":"2024-07-17T20:42:06","date_gmt":"2024-07-17T20:42:06","guid":{"rendered":"https:\/\/elregionalvm.com.ar\/noticias-villa-maria\/?p=96307"},"modified":"2024-07-17T20:42:18","modified_gmt":"2024-07-17T20:42:18","slug":"el-municipio-desarrolla-diversas-acciones-en-materia-de-genero-y-prevencion-de-la-violencia","status":"publish","type":"post","link":"https:\/\/elregionalvm.com.ar\/noticias-villa-maria\/el-municipio-desarrolla-diversas-acciones-en-materia-de-genero-y-prevencion-de-la-violencia\/","title":{"rendered":"El Municipio desarrolla diversas acciones en materia de g\u00e9nero y prevenci\u00f3n de la violencia"},"content":{"rendered":"\n<p>La Municipalidad, a trav\u00e9s de la Coordinaci\u00f3n de G\u00e9neros y Diversidad, dependiente de la Secretar\u00eda de Educaci\u00f3n e Igualdad, pone en conocimiento de la comunidad diversas acciones llevadas adelante durante el mes de junio, en materia de g\u00e9nero y prevenci\u00f3n de las violencias.<\/p>\n\n\n\n<figure class=\"wp-block-image size-large\"><img data-recalc-dims=\"1\" fetchpriority=\"high\" decoding=\"async\" width=\"768\" height=\"1024\" src=\"https:\/\/i0.wp.com\/elregionalvm.com.ar\/noticias-villa-maria\/wp-content\/uploads\/2024\/07\/WhatsApp-Image-2024-07-17-at-14.12.55.jpeg?resize=768%2C1024&#038;ssl=1\" alt=\"\" class=\"wp-image-96309\" srcset=\"https:\/\/i0.wp.com\/elregionalvm.com.ar\/noticias-villa-maria\/wp-content\/uploads\/2024\/07\/WhatsApp-Image-2024-07-17-at-14.12.55.jpeg?resize=768%2C1024&amp;ssl=1 768w, https:\/\/i0.wp.com\/elregionalvm.com.ar\/noticias-villa-maria\/wp-content\/uploads\/2024\/07\/WhatsApp-Image-2024-07-17-at-14.12.55.jpeg?resize=225%2C300&amp;ssl=1 225w, https:\/\/i0.wp.com\/elregionalvm.com.ar\/noticias-villa-maria\/wp-content\/uploads\/2024\/07\/WhatsApp-Image-2024-07-17-at-14.12.55.jpeg?w=960&amp;ssl=1 960w\" sizes=\"(max-width: 768px) 100vw, 768px\" \/><\/figure>\n\n\n\n<p>El objetivo principal del \u00e1rea es promover el ejercicio de los derechos de las mujeres, lesbianas, gays, bisexuales, travestis, trans, intersex, no binaries e identidades no heteronormadas (LGBTI+), impulsando adem\u00e1s las transformaciones necesarias para modificar las condiciones de violencia y desigualdad por motivos de g\u00e9nero.<\/p>\n\n\n\n<p>Acciones territoriales desde el Polo Integral de la Mujer<\/p>\n\n\n\n<p>Desde el Polo se informa que, durante junio, se brind\u00f3 un total de 167 atenciones dentro de lo que se destacan entrevistas y asesoramiento social, legal y de salud mental, seguimientos, gesti\u00f3n de medidas, alojamiento, atenci\u00f3n en la Unidad Judicial o gesti\u00f3n de beneficios sociales.<\/p>\n\n\n\n<p>Tambi\u00e9n se inici\u00f3 un trabajo articulado con instituciones territoriales para la conformaci\u00f3n de grupos destinados acompa\u00f1ar a mujeres y disidencias que han vivenciado situaciones de violencia por razones de g\u00e9nero. As\u00ed, en estos espacios se desarrollar\u00e1n talleres con mujeres que hayan atravesado situaciones de violencia, los cuales ya comenzaron en los barrios La Calera, Los Olmos y Nicol\u00e1s Avellaneda.<\/p>\n\n\n\n<figure class=\"wp-block-image size-large\"><img data-recalc-dims=\"1\" decoding=\"async\" width=\"1024\" height=\"768\" src=\"https:\/\/i0.wp.com\/elregionalvm.com.ar\/noticias-villa-maria\/wp-content\/uploads\/2024\/07\/WhatsApp-Image-2024-07-17-at-14.12.54.jpeg?resize=1024%2C768&#038;ssl=1\" alt=\"\" class=\"wp-image-96310\" srcset=\"https:\/\/i0.wp.com\/elregionalvm.com.ar\/noticias-villa-maria\/wp-content\/uploads\/2024\/07\/WhatsApp-Image-2024-07-17-at-14.12.54.jpeg?resize=1024%2C768&amp;ssl=1 1024w, https:\/\/i0.wp.com\/elregionalvm.com.ar\/noticias-villa-maria\/wp-content\/uploads\/2024\/07\/WhatsApp-Image-2024-07-17-at-14.12.54.jpeg?resize=300%2C225&amp;ssl=1 300w, https:\/\/i0.wp.com\/elregionalvm.com.ar\/noticias-villa-maria\/wp-content\/uploads\/2024\/07\/WhatsApp-Image-2024-07-17-at-14.12.54.jpeg?resize=768%2C576&amp;ssl=1 768w, https:\/\/i0.wp.com\/elregionalvm.com.ar\/noticias-villa-maria\/wp-content\/uploads\/2024\/07\/WhatsApp-Image-2024-07-17-at-14.12.54.jpeg?w=1280&amp;ssl=1 1280w\" sizes=\"(max-width: 1000px) 100vw, 1000px\" \/><\/figure>\n\n\n\n<p>Propuesta \u201cConstruir el Ni Unx Menos\u201c en el territorio<\/p>\n\n\n\n<p>A trav\u00e9s del Consejo de las Mujeres, G\u00e9nero y Diversidad, se est\u00e1 trabajando en la propuesta \u201cConstruir el Ni Unx Menos\u201c en el territorio, por medio de la que se realizaron seis murales-collage en colaboraci\u00f3n con las mujeres participantes en:<\/p>\n\n\n\n<ul class=\"wp-block-list\">\n<li>La Cancha Manuel Anselmo Ocampo, en el marco del Programa Mujeres a la Cancha<\/li>\n\n\n\n<li>El Centro Pinceladas en barrio San Nicol\u00e1s<\/li>\n\n\n\n<li>El Polo Integral de la Mujer<\/li>\n\n\n\n<li>La Biblioteca Popular Eva Per\u00f3n en barrio Los Olmos<\/li>\n\n\n\n<li>La Secretar\u00eda de Bienestar de la Universidad Nacional de Villa Mar\u00eda<\/li>\n\n\n\n<li>La Direcci\u00f3n de Personas Mayores<\/li>\n<\/ul>\n\n\n\n<p>Junto a las intervenciones art\u00edsticas, hubo encuentros, debates e interpelaciones sobre las diversas formas de violencia que atraviesan las vidas de las mujeres y disidencias.<\/p>\n\n\n\n<p>Oficina especializada en Violencia por Razones de G\u00e9nero y Familiar<\/p>\n\n\n\n<p>Villa Mar\u00eda cuenta con este espacio que busca establecer un marco de actuaci\u00f3n institucional sobre las consultas y denuncias. En lo que va del a\u00f1o, se realizaron 85 atenciones entre situaciones de violencia de g\u00e9nero y familiar.<\/p>\n\n\n\n<p>Sobre las acciones llevadas a cabo, la Coordinadora de G\u00e9neros y Diversidades, Dayana Charra, expres\u00f3: \u201cNuestro profundo agradecimiento a todas las personas e instituciones que se han sumado a estas iniciativas, sobre todo al compromiso de las profesionales que forman parte de los equipos; est\u00e1 m\u00e1s que claro que la lucha contra la violencia de g\u00e9nero y la promoci\u00f3n de la igualdad es una tarea colectiva que requiere del compromiso de toda la comunidad\u201d.<\/p>\n\n\n\n<p>Luego, continu\u00f3: \u201cEs evidente que son pasos importantes, pero tambi\u00e9n somos conscientes de que queda mucho por hacer todav\u00eda. La transformaci\u00f3n de las condiciones que reproducen desigualdades y violencias es un proceso continuo que demanda esfuerzo, voluntad pol\u00edtica y colaboraci\u00f3n constante\u201d<\/p>\n\n\n\n<p>La sede de esta oficina, ubicada en la Unidad Judicial sobre calle General Paz 317, con horario de atenci\u00f3n de 21:00 a 6:00 horas, trabaja mediante un equipo conformado por abogadas, trabajadoras sociales y psic\u00f3logas, quienes brindan escucha, contenci\u00f3n y asesoramiento previo a la denuncia.<\/p>\n\n\n\n<p>Asimismo, proporcionan herramientas para favorecer la accesibilidad a los mecanismos judiciales y de protecci\u00f3n ante situaciones de violencias, en articulaci\u00f3n con otros espacios para el posterior acompa\u00f1amiento de las personas atendidas.<\/p>\n","protected":false},"excerpt":{"rendered":"<p>La Municipalidad, a trav\u00e9s de la Coordinaci\u00f3n de G\u00e9neros y Diversidad, dependiente de la Secretar\u00eda de Educaci\u00f3n e Igualdad, pone en conocimiento de la comunidad diversas acciones llevadas adelante durante el mes de junio, en materia de g\u00e9nero y prevenci\u00f3n de las violencias. El objetivo principal del \u00e1rea es promover el ejercicio de los derechos [&hellip;]<\/p>\n","protected":false},"author":4,"featured_media":96308,"comment_status":"open","ping_status":"open","sticky":false,"template":"","format":"standard","meta":{"site-sidebar-layout":"default","site-content-layout":"","ast-site-content-layout":"default","site-content-style":"default","site-sidebar-style":"default","ast-global-header-display":"","ast-banner-title-visibility":"","ast-main-header-display":"","ast-hfb-above-header-display":"","ast-hfb-below-header-display":"","ast-hfb-mobile-header-display":"","site-post-title":"","ast-breadcrumbs-content":"","ast-featured-img":"","footer-sml-layout":"","ast-disable-related-posts":"","theme-transparent-header-meta":"","adv-header-id-meta":"","stick-header-meta":"","header-above-stick-meta":"","header-main-stick-meta":"","header-below-stick-meta":"","astra-migrate-meta-layouts":"set","ast-page-background-enabled":"default","ast-page-background-meta":{"desktop":{"background-color":"","background-image":"","background-repeat":"repeat","background-position":"center center","background-size":"auto","background-attachment":"scroll","background-type":"","background-media":"","overlay-type":"","overlay-color":"","overlay-opacity":"","overlay-gradient":""},"tablet":{"background-color":"","background-image":"","background-repeat":"repeat","background-position":"center center","background-size":"auto","background-attachment":"scroll","background-type":"","background-media":"","overlay-type":"","overlay-color":"","overlay-opacity":"","overlay-gradient":""},"mobile":{"background-color":"","background-image":"","background-repeat":"repeat","background-position":"center center","background-size":"auto","background-attachment":"scroll","background-type":"","background-media":"","overlay-type":"","overlay-color":"","overlay-opacity":"","overlay-gradient":""}},"ast-content-background-meta":{"desktop":{"background-color":"var(--ast-global-color-5)","background-image":"","background-repeat":"repeat","background-position":"center center","background-size":"auto","background-attachment":"scroll","background-type":"","background-media":"","overlay-type":"","overlay-color":"","overlay-opacity":"","overlay-gradient":""},"tablet":{"background-color":"var(--ast-global-color-5)","background-image":"","background-repeat":"repeat","background-position":"center center","background-size":"auto","background-attachment":"scroll","background-type":"","background-media":"","overlay-type":"","overlay-color":"","overlay-opacity":"","overlay-gradient":""},"mobile":{"background-color":"var(--ast-global-color-5)","background-image":"","background-repeat":"repeat","background-position":"center center","background-size":"auto","background-attachment":"scroll","background-type":"","background-media":"","overlay-type":"","overlay-color":"","overlay-opacity":"","overlay-gradient":""}},"_jetpack_memberships_contains_paid_content":false,"_joinchat":[],"footnotes":""},"categories":[1],"tags":[],"class_list":["post-96307","post","type-post","status-publish","format-standard","has-post-thumbnail","hentry","category-sin-categoria"],"yoast_head":"<!-- This site is optimized with the Yoast SEO plugin v26.8 - https:\/\/yoast.com\/product\/yoast-seo-wordpress\/ -->\n<title>El Municipio desarrolla diversas acciones en materia de g\u00e9nero y prevenci\u00f3n de la violencia - El Regional<\/title>\n<meta name=\"robots\" content=\"index, follow, max-snippet:-1, max-image-preview:large, max-video-preview:-1\" \/>\n<link rel=\"canonical\" href=\"https:\/\/elregionalvm.com.ar\/noticias-villa-maria\/el-municipio-desarrolla-diversas-acciones-en-materia-de-genero-y-prevencion-de-la-violencia\/\" \/>\n<meta property=\"og:locale\" content=\"es_ES\" \/>\n<meta property=\"og:type\" content=\"article\" \/>\n<meta property=\"og:title\" content=\"El Municipio desarrolla diversas acciones en materia de g\u00e9nero y prevenci\u00f3n de la violencia - El Regional\" \/>\n<meta property=\"og:description\" content=\"La Municipalidad, a trav\u00e9s de la Coordinaci\u00f3n de G\u00e9neros y Diversidad, dependiente de la Secretar\u00eda de Educaci\u00f3n e Igualdad, pone en conocimiento de la comunidad diversas acciones llevadas adelante durante el mes de junio, en materia de g\u00e9nero y prevenci\u00f3n de las violencias. El objetivo principal del \u00e1rea es promover el ejercicio de los derechos [&hellip;]\" \/>\n<meta property=\"og:url\" content=\"https:\/\/elregionalvm.com.ar\/noticias-villa-maria\/el-municipio-desarrolla-diversas-acciones-en-materia-de-genero-y-prevencion-de-la-violencia\/\" \/>\n<meta property=\"og:site_name\" content=\"El Regional\" \/>\n<meta property=\"article:publisher\" content=\"https:\/\/www.facebook.com\/elregionalvm\" \/>\n<meta property=\"article:published_time\" content=\"2024-07-17T20:42:06+00:00\" \/>\n<meta property=\"article:modified_time\" content=\"2024-07-17T20:42:18+00:00\" \/>\n<meta property=\"og:image\" content=\"https:\/\/elregionalvm.com.ar\/noticias-villa-maria\/wp-content\/uploads\/2024\/07\/WhatsApp-Image-2024-07-17-at-14.12.55-1.jpeg\" \/>\n\t<meta property=\"og:image:width\" content=\"960\" \/>\n\t<meta property=\"og:image:height\" content=\"1280\" \/>\n\t<meta property=\"og:image:type\" content=\"image\/jpeg\" \/>\n<meta name=\"author\" content=\"Contenidos El Regional\" \/>\n<meta name=\"twitter:card\" content=\"summary_large_image\" \/>\n<meta name=\"twitter:creator\" content=\"@elregionalvm1\" \/>\n<meta name=\"twitter:site\" content=\"@elregionalvm1\" \/>\n<meta name=\"twitter:label1\" content=\"Escrito por\" \/>\n\t<meta name=\"twitter:data1\" content=\"Contenidos El Regional\" \/>\n\t<meta name=\"twitter:label2\" content=\"Tiempo de lectura\" \/>\n\t<meta name=\"twitter:data2\" content=\"4 minutos\" \/>\n<script type=\"application\/ld+json\" class=\"yoast-schema-graph\">{\"@context\":\"https:\/\/schema.org\",\"@graph\":[{\"@type\":\"Article\",\"@id\":\"https:\/\/elregionalvm.com.ar\/noticias-villa-maria\/el-municipio-desarrolla-diversas-acciones-en-materia-de-genero-y-prevencion-de-la-violencia\/#article\",\"isPartOf\":{\"@id\":\"https:\/\/elregionalvm.com.ar\/noticias-villa-maria\/el-municipio-desarrolla-diversas-acciones-en-materia-de-genero-y-prevencion-de-la-violencia\/\"},\"author\":{\"name\":\"Contenidos El Regional\",\"@id\":\"http:\/\/elregionalvm.com.ar\/noticias-villa-maria\/#\/schema\/person\/a0fb9c422317faca23d50163151bc354\"},\"headline\":\"El Municipio desarrolla diversas acciones en materia de g\u00e9nero y prevenci\u00f3n de la violencia\",\"datePublished\":\"2024-07-17T20:42:06+00:00\",\"dateModified\":\"2024-07-17T20:42:18+00:00\",\"mainEntityOfPage\":{\"@id\":\"https:\/\/elregionalvm.com.ar\/noticias-villa-maria\/el-municipio-desarrolla-diversas-acciones-en-materia-de-genero-y-prevencion-de-la-violencia\/\"},\"wordCount\":623,\"commentCount\":0,\"image\":{\"@id\":\"https:\/\/elregionalvm.com.ar\/noticias-villa-maria\/el-municipio-desarrolla-diversas-acciones-en-materia-de-genero-y-prevencion-de-la-violencia\/#primaryimage\"},\"thumbnailUrl\":\"https:\/\/i0.wp.com\/elregionalvm.com.ar\/noticias-villa-maria\/wp-content\/uploads\/2024\/07\/WhatsApp-Image-2024-07-17-at-14.12.55-1.jpeg?fit=960%2C1280&ssl=1\",\"inLanguage\":\"es\",\"potentialAction\":[{\"@type\":\"CommentAction\",\"name\":\"Comment\",\"target\":[\"https:\/\/elregionalvm.com.ar\/noticias-villa-maria\/el-municipio-desarrolla-diversas-acciones-en-materia-de-genero-y-prevencion-de-la-violencia\/#respond\"]}]},{\"@type\":\"WebPage\",\"@id\":\"https:\/\/elregionalvm.com.ar\/noticias-villa-maria\/el-municipio-desarrolla-diversas-acciones-en-materia-de-genero-y-prevencion-de-la-violencia\/\",\"url\":\"https:\/\/elregionalvm.com.ar\/noticias-villa-maria\/el-municipio-desarrolla-diversas-acciones-en-materia-de-genero-y-prevencion-de-la-violencia\/\",\"name\":\"El Municipio desarrolla diversas acciones en materia de g\u00e9nero y prevenci\u00f3n de la violencia - El Regional\",\"isPartOf\":{\"@id\":\"http:\/\/elregionalvm.com.ar\/noticias-villa-maria\/#website\"},\"primaryImageOfPage\":{\"@id\":\"https:\/\/elregionalvm.com.ar\/noticias-villa-maria\/el-municipio-desarrolla-diversas-acciones-en-materia-de-genero-y-prevencion-de-la-violencia\/#primaryimage\"},\"image\":{\"@id\":\"https:\/\/elregionalvm.com.ar\/noticias-villa-maria\/el-municipio-desarrolla-diversas-acciones-en-materia-de-genero-y-prevencion-de-la-violencia\/#primaryimage\"},\"thumbnailUrl\":\"https:\/\/i0.wp.com\/elregionalvm.com.ar\/noticias-villa-maria\/wp-content\/uploads\/2024\/07\/WhatsApp-Image-2024-07-17-at-14.12.55-1.jpeg?fit=960%2C1280&ssl=1\",\"datePublished\":\"2024-07-17T20:42:06+00:00\",\"dateModified\":\"2024-07-17T20:42:18+00:00\",\"author\":{\"@id\":\"http:\/\/elregionalvm.com.ar\/noticias-villa-maria\/#\/schema\/person\/a0fb9c422317faca23d50163151bc354\"},\"breadcrumb\":{\"@id\":\"https:\/\/elregionalvm.com.ar\/noticias-villa-maria\/el-municipio-desarrolla-diversas-acciones-en-materia-de-genero-y-prevencion-de-la-violencia\/#breadcrumb\"},\"inLanguage\":\"es\",\"potentialAction\":[{\"@type\":\"ReadAction\",\"target\":[\"https:\/\/elregionalvm.com.ar\/noticias-villa-maria\/el-municipio-desarrolla-diversas-acciones-en-materia-de-genero-y-prevencion-de-la-violencia\/\"]}]},{\"@type\":\"ImageObject\",\"inLanguage\":\"es\",\"@id\":\"https:\/\/elregionalvm.com.ar\/noticias-villa-maria\/el-municipio-desarrolla-diversas-acciones-en-materia-de-genero-y-prevencion-de-la-violencia\/#primaryimage\",\"url\":\"https:\/\/i0.wp.com\/elregionalvm.com.ar\/noticias-villa-maria\/wp-content\/uploads\/2024\/07\/WhatsApp-Image-2024-07-17-at-14.12.55-1.jpeg?fit=960%2C1280&ssl=1\",\"contentUrl\":\"https:\/\/i0.wp.com\/elregionalvm.com.ar\/noticias-villa-maria\/wp-content\/uploads\/2024\/07\/WhatsApp-Image-2024-07-17-at-14.12.55-1.jpeg?fit=960%2C1280&ssl=1\",\"width\":960,\"height\":1280},{\"@type\":\"BreadcrumbList\",\"@id\":\"https:\/\/elregionalvm.com.ar\/noticias-villa-maria\/el-municipio-desarrolla-diversas-acciones-en-materia-de-genero-y-prevencion-de-la-violencia\/#breadcrumb\",\"itemListElement\":[{\"@type\":\"ListItem\",\"position\":1,\"name\":\"Portada\",\"item\":\"https:\/\/elregionalvm.com.ar\/noticias-villa-maria\/\"},{\"@type\":\"ListItem\",\"position\":2,\"name\":\"El Municipio desarrolla diversas acciones en materia de g\u00e9nero y prevenci\u00f3n de la violencia\"}]},{\"@type\":\"WebSite\",\"@id\":\"http:\/\/elregionalvm.com.ar\/noticias-villa-maria\/#website\",\"url\":\"http:\/\/elregionalvm.com.ar\/noticias-villa-maria\/\",\"name\":\"El Regional\",\"description\":\"Mucho m\u00e1s que informaci\u00f3n\",\"potentialAction\":[{\"@type\":\"SearchAction\",\"target\":{\"@type\":\"EntryPoint\",\"urlTemplate\":\"http:\/\/elregionalvm.com.ar\/noticias-villa-maria\/?s={search_term_string}\"},\"query-input\":{\"@type\":\"PropertyValueSpecification\",\"valueRequired\":true,\"valueName\":\"search_term_string\"}}],\"inLanguage\":\"es\"},{\"@type\":\"Person\",\"@id\":\"http:\/\/elregionalvm.com.ar\/noticias-villa-maria\/#\/schema\/person\/a0fb9c422317faca23d50163151bc354\",\"name\":\"Contenidos El Regional\",\"image\":{\"@type\":\"ImageObject\",\"inLanguage\":\"es\",\"@id\":\"http:\/\/elregionalvm.com.ar\/noticias-villa-maria\/#\/schema\/person\/image\/\",\"url\":\"https:\/\/secure.gravatar.com\/avatar\/265b27cb2209af7bb3a1318f03305787d7981a5cc6e6cd08fe5a4ecdf99d4b48?s=96&d=mm&r=g\",\"contentUrl\":\"https:\/\/secure.gravatar.com\/avatar\/265b27cb2209af7bb3a1318f03305787d7981a5cc6e6cd08fe5a4ecdf99d4b48?s=96&d=mm&r=g\",\"caption\":\"Contenidos El Regional\"},\"url\":\"https:\/\/elregionalvm.com.ar\/noticias-villa-maria\/author\/contenido\/\"}]}<\/script>\n<!-- \/ Yoast SEO plugin. -->","yoast_head_json":{"title":"El Municipio desarrolla diversas acciones en materia de g\u00e9nero y prevenci\u00f3n de la violencia - El Regional","robots":{"index":"index","follow":"follow","max-snippet":"max-snippet:-1","max-image-preview":"max-image-preview:large","max-video-preview":"max-video-preview:-1"},"canonical":"https:\/\/elregionalvm.com.ar\/noticias-villa-maria\/el-municipio-desarrolla-diversas-acciones-en-materia-de-genero-y-prevencion-de-la-violencia\/","og_locale":"es_ES","og_type":"article","og_title":"El Municipio desarrolla diversas acciones en materia de g\u00e9nero y prevenci\u00f3n de la violencia - El Regional","og_description":"La Municipalidad, a trav\u00e9s de la Coordinaci\u00f3n de G\u00e9neros y Diversidad, dependiente de la Secretar\u00eda de Educaci\u00f3n e Igualdad, pone en conocimiento de la comunidad diversas acciones llevadas adelante durante el mes de junio, en materia de g\u00e9nero y prevenci\u00f3n de las violencias. El objetivo principal del \u00e1rea es promover el ejercicio de los derechos [&hellip;]","og_url":"https:\/\/elregionalvm.com.ar\/noticias-villa-maria\/el-municipio-desarrolla-diversas-acciones-en-materia-de-genero-y-prevencion-de-la-violencia\/","og_site_name":"El Regional","article_publisher":"https:\/\/www.facebook.com\/elregionalvm","article_published_time":"2024-07-17T20:42:06+00:00","article_modified_time":"2024-07-17T20:42:18+00:00","og_image":[{"width":960,"height":1280,"url":"https:\/\/elregionalvm.com.ar\/noticias-villa-maria\/wp-content\/uploads\/2024\/07\/WhatsApp-Image-2024-07-17-at-14.12.55-1.jpeg","type":"image\/jpeg"}],"author":"Contenidos El Regional","twitter_card":"summary_large_image","twitter_creator":"@elregionalvm1","twitter_site":"@elregionalvm1","twitter_misc":{"Escrito por":"Contenidos El Regional","Tiempo de lectura":"4 minutos"},"schema":{"@context":"https:\/\/schema.org","@graph":[{"@type":"Article","@id":"https:\/\/elregionalvm.com.ar\/noticias-villa-maria\/el-municipio-desarrolla-diversas-acciones-en-materia-de-genero-y-prevencion-de-la-violencia\/#article","isPartOf":{"@id":"https:\/\/elregionalvm.com.ar\/noticias-villa-maria\/el-municipio-desarrolla-diversas-acciones-en-materia-de-genero-y-prevencion-de-la-violencia\/"},"author":{"name":"Contenidos El Regional","@id":"http:\/\/elregionalvm.com.ar\/noticias-villa-maria\/#\/schema\/person\/a0fb9c422317faca23d50163151bc354"},"headline":"El Municipio desarrolla diversas acciones en materia de g\u00e9nero y prevenci\u00f3n de la violencia","datePublished":"2024-07-17T20:42:06+00:00","dateModified":"2024-07-17T20:42:18+00:00","mainEntityOfPage":{"@id":"https:\/\/elregionalvm.com.ar\/noticias-villa-maria\/el-municipio-desarrolla-diversas-acciones-en-materia-de-genero-y-prevencion-de-la-violencia\/"},"wordCount":623,"commentCount":0,"image":{"@id":"https:\/\/elregionalvm.com.ar\/noticias-villa-maria\/el-municipio-desarrolla-diversas-acciones-en-materia-de-genero-y-prevencion-de-la-violencia\/#primaryimage"},"thumbnailUrl":"https:\/\/i0.wp.com\/elregionalvm.com.ar\/noticias-villa-maria\/wp-content\/uploads\/2024\/07\/WhatsApp-Image-2024-07-17-at-14.12.55-1.jpeg?fit=960%2C1280&ssl=1","inLanguage":"es","potentialAction":[{"@type":"CommentAction","name":"Comment","target":["https:\/\/elregionalvm.com.ar\/noticias-villa-maria\/el-municipio-desarrolla-diversas-acciones-en-materia-de-genero-y-prevencion-de-la-violencia\/#respond"]}]},{"@type":"WebPage","@id":"https:\/\/elregionalvm.com.ar\/noticias-villa-maria\/el-municipio-desarrolla-diversas-acciones-en-materia-de-genero-y-prevencion-de-la-violencia\/","url":"https:\/\/elregionalvm.com.ar\/noticias-villa-maria\/el-municipio-desarrolla-diversas-acciones-en-materia-de-genero-y-prevencion-de-la-violencia\/","name":"El Municipio desarrolla diversas acciones en materia de g\u00e9nero y prevenci\u00f3n de la violencia - El Regional","isPartOf":{"@id":"http:\/\/elregionalvm.com.ar\/noticias-villa-maria\/#website"},"primaryImageOfPage":{"@id":"https:\/\/elregionalvm.com.ar\/noticias-villa-maria\/el-municipio-desarrolla-diversas-acciones-en-materia-de-genero-y-prevencion-de-la-violencia\/#primaryimage"},"image":{"@id":"https:\/\/elregionalvm.com.ar\/noticias-villa-maria\/el-municipio-desarrolla-diversas-acciones-en-materia-de-genero-y-prevencion-de-la-violencia\/#primaryimage"},"thumbnailUrl":"https:\/\/i0.wp.com\/elregionalvm.com.ar\/noticias-villa-maria\/wp-content\/uploads\/2024\/07\/WhatsApp-Image-2024-07-17-at-14.12.55-1.jpeg?fit=960%2C1280&ssl=1","datePublished":"2024-07-17T20:42:06+00:00","dateModified":"2024-07-17T20:42:18+00:00","author":{"@id":"http:\/\/elregionalvm.com.ar\/noticias-villa-maria\/#\/schema\/person\/a0fb9c422317faca23d50163151bc354"},"breadcrumb":{"@id":"https:\/\/elregionalvm.com.ar\/noticias-villa-maria\/el-municipio-desarrolla-diversas-acciones-en-materia-de-genero-y-prevencion-de-la-violencia\/#breadcrumb"},"inLanguage":"es","potentialAction":[{"@type":"ReadAction","target":["https:\/\/elregionalvm.com.ar\/noticias-villa-maria\/el-municipio-desarrolla-diversas-acciones-en-materia-de-genero-y-prevencion-de-la-violencia\/"]}]},{"@type":"ImageObject","inLanguage":"es","@id":"https:\/\/elregionalvm.com.ar\/noticias-villa-maria\/el-municipio-desarrolla-diversas-acciones-en-materia-de-genero-y-prevencion-de-la-violencia\/#primaryimage","url":"https:\/\/i0.wp.com\/elregionalvm.com.ar\/noticias-villa-maria\/wp-content\/uploads\/2024\/07\/WhatsApp-Image-2024-07-17-at-14.12.55-1.jpeg?fit=960%2C1280&ssl=1","contentUrl":"https:\/\/i0.wp.com\/elregionalvm.com.ar\/noticias-villa-maria\/wp-content\/uploads\/2024\/07\/WhatsApp-Image-2024-07-17-at-14.12.55-1.jpeg?fit=960%2C1280&ssl=1","width":960,"height":1280},{"@type":"BreadcrumbList","@id":"https:\/\/elregionalvm.com.ar\/noticias-villa-maria\/el-municipio-desarrolla-diversas-acciones-en-materia-de-genero-y-prevencion-de-la-violencia\/#breadcrumb","itemListElement":[{"@type":"ListItem","position":1,"name":"Portada","item":"https:\/\/elregionalvm.com.ar\/noticias-villa-maria\/"},{"@type":"ListItem","position":2,"name":"El Municipio desarrolla diversas acciones en materia de g\u00e9nero y prevenci\u00f3n de la violencia"}]},{"@type":"WebSite","@id":"http:\/\/elregionalvm.com.ar\/noticias-villa-maria\/#website","url":"http:\/\/elregionalvm.com.ar\/noticias-villa-maria\/","name":"El Regional","description":"Mucho m\u00e1s que informaci\u00f3n","potentialAction":[{"@type":"SearchAction","target":{"@type":"EntryPoint","urlTemplate":"http:\/\/elregionalvm.com.ar\/noticias-villa-maria\/?s={search_term_string}"},"query-input":{"@type":"PropertyValueSpecification","valueRequired":true,"valueName":"search_term_string"}}],"inLanguage":"es"},{"@type":"Person","@id":"http:\/\/elregionalvm.com.ar\/noticias-villa-maria\/#\/schema\/person\/a0fb9c422317faca23d50163151bc354","name":"Contenidos El Regional","image":{"@type":"ImageObject","inLanguage":"es","@id":"http:\/\/elregionalvm.com.ar\/noticias-villa-maria\/#\/schema\/person\/image\/","url":"https:\/\/secure.gravatar.com\/avatar\/265b27cb2209af7bb3a1318f03305787d7981a5cc6e6cd08fe5a4ecdf99d4b48?s=96&d=mm&r=g","contentUrl":"https:\/\/secure.gravatar.com\/avatar\/265b27cb2209af7bb3a1318f03305787d7981a5cc6e6cd08fe5a4ecdf99d4b48?s=96&d=mm&r=g","caption":"Contenidos El Regional"},"url":"https:\/\/elregionalvm.com.ar\/noticias-villa-maria\/author\/contenido\/"}]}},"jetpack_featured_media_url":"https:\/\/i0.wp.com\/elregionalvm.com.ar\/noticias-villa-maria\/wp-content\/uploads\/2024\/07\/WhatsApp-Image-2024-07-17-at-14.12.55-1.jpeg?fit=960%2C1280&ssl=1","jetpack_sharing_enabled":true,"_links":{"self":[{"href":"https:\/\/elregionalvm.com.ar\/noticias-villa-maria\/wp-json\/wp\/v2\/posts\/96307","targetHints":{"allow":["GET"]}}],"collection":[{"href":"https:\/\/elregionalvm.com.ar\/noticias-villa-maria\/wp-json\/wp\/v2\/posts"}],"about":[{"href":"https:\/\/elregionalvm.com.ar\/noticias-villa-maria\/wp-json\/wp\/v2\/types\/post"}],"author":[{"embeddable":true,"href":"https:\/\/elregionalvm.com.ar\/noticias-villa-maria\/wp-json\/wp\/v2\/users\/4"}],"replies":[{"embeddable":true,"href":"https:\/\/elregionalvm.com.ar\/noticias-villa-maria\/wp-json\/wp\/v2\/comments?post=96307"}],"version-history":[{"count":1,"href":"https:\/\/elregionalvm.com.ar\/noticias-villa-maria\/wp-json\/wp\/v2\/posts\/96307\/revisions"}],"predecessor-version":[{"id":96311,"href":"https:\/\/elregionalvm.com.ar\/noticias-villa-maria\/wp-json\/wp\/v2\/posts\/96307\/revisions\/96311"}],"wp:featuredmedia":[{"embeddable":true,"href":"https:\/\/elregionalvm.com.ar\/noticias-villa-maria\/wp-json\/wp\/v2\/media\/96308"}],"wp:attachment":[{"href":"https:\/\/elregionalvm.com.ar\/noticias-villa-maria\/wp-json\/wp\/v2\/media?parent=96307"}],"wp:term":[{"taxonomy":"category","embeddable":true,"href":"https:\/\/elregionalvm.com.ar\/noticias-villa-maria\/wp-json\/wp\/v2\/categories?post=96307"},{"taxonomy":"post_tag","embeddable":true,"href":"https:\/\/elregionalvm.com.ar\/noticias-villa-maria\/wp-json\/wp\/v2\/tags?post=96307"}],"curies":[{"name":"wp","href":"https:\/\/api.w.org\/{rel}","templated":true}]}}