{"id":96340,"date":"2024-07-18T13:50:18","date_gmt":"2024-07-18T13:50:18","guid":{"rendered":"https:\/\/elregionalvm.com.ar\/noticias-villa-maria\/?p=96340"},"modified":"2024-07-18T13:50:21","modified_gmt":"2024-07-18T13:50:21","slug":"argentinadas-tiempos-violentos-a-las-armas-las-carga-el-diablo","status":"publish","type":"post","link":"https:\/\/elregionalvm.com.ar\/noticias-villa-maria\/argentinadas-tiempos-violentos-a-las-armas-las-carga-el-diablo\/","title":{"rendered":"[Argentinadas] Tiempos violentos: A las armas, \u00bflas carga el Diablo?"},"content":{"rendered":"\n<p><strong>Escribe: Raquel Baratelli<\/strong><\/p>\n\n\n\n<p>Un laburante, padre de familia, un d\u00eda igual que cualquier otro sale de su casa, dos tipos lo asaltan a punta de pistola, \u00e9l no se resiste, lo matan a sangre fr\u00eda y se llevan el auto.<\/p>\n\n\n\n<p>Un playero de estaci\u00f3n de servicio, es asesinado a balazos porque s\u00ed, amenaza de narcos.<\/p>\n\n\n\n<p>Un ni\u00f1o de 11 a\u00f1os que juega en la vereda de su casa es alcanzado por una bala perdida.<\/p>\n\n\n\n<p>Un pibe que sale del boliche en un auto con amigos es baleado por un cana que\u201d se confundi\u00f3 de auto\u201d.<\/p>\n\n\n\n<p><\/p>\n\n\n\n<figure class=\"wp-block-image size-large\"><img data-recalc-dims=\"1\" fetchpriority=\"high\" decoding=\"async\" width=\"1024\" height=\"575\" src=\"https:\/\/i0.wp.com\/elregionalvm.com.ar\/noticias-villa-maria\/wp-content\/uploads\/2022\/06\/hombre-armado-espalda-1024x575.jpg?resize=1024%2C575&#038;ssl=1\" alt=\"\" class=\"wp-image-59786\" srcset=\"https:\/\/i0.wp.com\/elregionalvm.com.ar\/noticias-villa-maria\/wp-content\/uploads\/2022\/06\/hombre-armado-espalda.jpg?resize=1024%2C575&amp;ssl=1 1024w, https:\/\/i0.wp.com\/elregionalvm.com.ar\/noticias-villa-maria\/wp-content\/uploads\/2022\/06\/hombre-armado-espalda.jpg?resize=300%2C169&amp;ssl=1 300w, https:\/\/i0.wp.com\/elregionalvm.com.ar\/noticias-villa-maria\/wp-content\/uploads\/2022\/06\/hombre-armado-espalda.jpg?resize=768%2C432&amp;ssl=1 768w, https:\/\/i0.wp.com\/elregionalvm.com.ar\/noticias-villa-maria\/wp-content\/uploads\/2022\/06\/hombre-armado-espalda.jpg?w=1500&amp;ssl=1 1500w\" sizes=\"(max-width: 1000px) 100vw, 1000px\" \/><\/figure>\n\n\n\n<p><\/p>\n\n\n\n<p>Todos los d\u00edas, cualquiera de nosotros, tengamos o no un arma de fuego, escuchamos, vemos o protagonizamos las desgracias que el uso de armas de fuego causan en nuestras ciudades.<\/p>\n\n\n\n<p>Est\u00e9n en manos de civiles o de miembros de las fuerzas de seguridad, las armas de fuego y las balas, son de los inventos m\u00e1s nefastos de la humanidad.<\/p>\n\n\n\n<p>\u201cEl mundo es violento\u201d, \u201cla violencia es inherente al ser humano\u201d, \u201cGuerras Hubo y Habr\u00e1 siempre\u201d, \u201cEl hombre es agresivo desde siempre\u201d, es el instinto, dicen.<\/p>\n\n\n\n<p>Los tiempos que corren, con su inequidad; la alienaci\u00f3n, la pobreza, la riqueza, el hambre y las ganas de comer, el poder, las ansias de poder, el aglomeramiento de gente, el anonimato de las grandes ciudades\u2026 La estupidez humana\u2026&nbsp; son muchos los motivos con los que se intenta explicar y hasta naturalizar la existencia de la violencia entre nosotros.<\/p>\n\n\n\n<p>Parece que en definitiva es la propia vida la que engendra violencia y ya sabemos que la violencia trae, como resultado ineludible, m\u00e1s violencia.<\/p>\n\n\n\n<p><\/p>\n\n\n\n<figure class=\"wp-block-pullquote\"><blockquote><p><strong>Y s\u00ed, viejo, es probable que a las armas las cargue el Diablo, pero las fabrica el hombre<\/strong><\/p><\/blockquote><\/figure>\n\n\n\n<p><\/p>\n\n\n\n<p>Historiadores, antrop\u00f3logos, psic\u00f3logos, polit\u00f3logos, soci\u00f3logos, m\u00e9dicos de todos los tiempos\u2026 todos tienen algo que decir sobre la agresividad del hombre y la violencia de la sociedad en la que vivimos; se analizan causas, consecuencias, se discute sobre prevenci\u00f3n, se elaboran estrategias para eliminarla, m\u00e9todos para combatirla\u2026 <\/p>\n\n\n\n<p>Sin embargo, pasan los a\u00f1os, la violencia ciudadana aumenta y con ella el uso de las armas de fuego es cada vez m\u00e1s frecuente.<\/p>\n\n\n\n<p><\/p>\n\n\n\n<figure class=\"wp-block-image size-large\"><img data-recalc-dims=\"1\" decoding=\"async\" width=\"1024\" height=\"576\" src=\"https:\/\/i0.wp.com\/elregionalvm.com.ar\/noticias-villa-maria\/wp-content\/uploads\/2024\/02\/robo-celular-arma-pistola.jpg?resize=1024%2C576&#038;ssl=1\" alt=\"\" class=\"wp-image-90575\" srcset=\"https:\/\/i0.wp.com\/elregionalvm.com.ar\/noticias-villa-maria\/wp-content\/uploads\/2024\/02\/robo-celular-arma-pistola.jpg?resize=1024%2C576&amp;ssl=1 1024w, https:\/\/i0.wp.com\/elregionalvm.com.ar\/noticias-villa-maria\/wp-content\/uploads\/2024\/02\/robo-celular-arma-pistola.jpg?resize=300%2C169&amp;ssl=1 300w, https:\/\/i0.wp.com\/elregionalvm.com.ar\/noticias-villa-maria\/wp-content\/uploads\/2024\/02\/robo-celular-arma-pistola.jpg?resize=768%2C432&amp;ssl=1 768w, https:\/\/i0.wp.com\/elregionalvm.com.ar\/noticias-villa-maria\/wp-content\/uploads\/2024\/02\/robo-celular-arma-pistola.jpg?resize=1536%2C864&amp;ssl=1 1536w, https:\/\/i0.wp.com\/elregionalvm.com.ar\/noticias-villa-maria\/wp-content\/uploads\/2024\/02\/robo-celular-arma-pistola.jpg?w=1920&amp;ssl=1 1920w\" sizes=\"(max-width: 1000px) 100vw, 1000px\" \/><\/figure>\n\n\n\n<p><\/p>\n\n\n\n<p>Armas de cuya existencia y sus motivos pocos hablan y cuestionan. En los medios de comunicaci\u00f3n, diariamente se cronican, asaltos y asesinatos callejeros, tiroteos entre polic\u00edas y ladrones, ri\u00f1as entre vecinos que terminan a las balas, atentados contra mandatarios, femicidios, delitos de lo m\u00e1s variados, hasta las cada vez m\u00e1s frecuentes masacres producidas por psic\u00f3patas que tiran a mansalva, todos hechos en los que las armas de fuego son las protagonistas.<\/p>\n\n\n\n<p>Ni hablar de la irracionalidad de las guerras, que sea por cuestiones geogr\u00e1ficas, econ\u00f3micas, pol\u00edticas o religiosas, siempre justifican la fabricaci\u00f3n de armas cada vez m\u00e1s sofisticadas.<\/p>\n\n\n\n<p>&nbsp;Y s\u00ed, viejo, es probable que a las armas las cargue el Diablo, pero las fabrica el hombre.<\/p>\n\n\n\n<p><\/p>\n\n\n\n<h3 class=\"wp-block-heading\"><strong>Tambi\u00e9n pod\u00e9s ver:<\/strong><\/h3>\n\n\n\n<p><\/p>\n\n\n\n<p><\/p>\n\n\n\n<figure class=\"wp-block-embed is-type-wp-embed is-provider-el-regional wp-block-embed-el-regional\"><div class=\"wp-block-embed__wrapper\">\n<blockquote class=\"wp-embedded-content\" data-secret=\"eePpmnHNhM\"><a href=\"https:\/\/elregionalvm.com.ar\/noticias-villa-maria\/argentinadas-las-independencia-en-jaque-y-las-libertades-que-nos-faltan\/\">[Argentinadas] Las independencia en jaque y las libertades que nos faltan<\/a><\/blockquote><iframe class=\"wp-embedded-content\" sandbox=\"allow-scripts\" security=\"restricted\" style=\"position: absolute; visibility: hidden;\" title=\"\u00ab[Argentinadas] Las independencia en jaque y las libertades que nos faltan\u00bb \u2014 El Regional\" src=\"https:\/\/elregionalvm.com.ar\/noticias-villa-maria\/argentinadas-las-independencia-en-jaque-y-las-libertades-que-nos-faltan\/embed\/#?secret=bmP7SvbciV#?secret=eePpmnHNhM\" data-secret=\"eePpmnHNhM\" width=\"500\" height=\"282\" frameborder=\"0\" marginwidth=\"0\" marginheight=\"0\" scrolling=\"no\"><\/iframe>\n<\/div><\/figure>\n","protected":false},"excerpt":{"rendered":"<p>Escribe: Raquel Baratelli Un laburante, padre de familia, un d\u00eda igual que cualquier otro sale de su casa, dos tipos lo asaltan a punta de pistola, \u00e9l no se resiste, lo matan a sangre fr\u00eda y se llevan el auto. Un playero de estaci\u00f3n de servicio, es asesinado a balazos porque s\u00ed, amenaza de narcos. [&hellip;]<\/p>\n","protected":false},"author":6,"featured_media":59787,"comment_status":"open","ping_status":"open","sticky":false,"template":"","format":"standard","meta":{"site-sidebar-layout":"default","site-content-layout":"","ast-site-content-layout":"default","site-content-style":"default","site-sidebar-style":"default","ast-global-header-display":"","ast-banner-title-visibility":"","ast-main-header-display":"","ast-hfb-above-header-display":"","ast-hfb-below-header-display":"","ast-hfb-mobile-header-display":"","site-post-title":"","ast-breadcrumbs-content":"","ast-featured-img":"","footer-sml-layout":"","ast-disable-related-posts":"","theme-transparent-header-meta":"","adv-header-id-meta":"","stick-header-meta":"","header-above-stick-meta":"","header-main-stick-meta":"","header-below-stick-meta":"","astra-migrate-meta-layouts":"set","ast-page-background-enabled":"default","ast-page-background-meta":{"desktop":{"background-color":"","background-image":"","background-repeat":"repeat","background-position":"center center","background-size":"auto","background-attachment":"scroll","background-type":"","background-media":"","overlay-type":"","overlay-color":"","overlay-opacity":"","overlay-gradient":""},"tablet":{"background-color":"","background-image":"","background-repeat":"repeat","background-position":"center center","background-size":"auto","background-attachment":"scroll","background-type":"","background-media":"","overlay-type":"","overlay-color":"","overlay-opacity":"","overlay-gradient":""},"mobile":{"background-color":"","background-image":"","background-repeat":"repeat","background-position":"center center","background-size":"auto","background-attachment":"scroll","background-type":"","background-media":"","overlay-type":"","overlay-color":"","overlay-opacity":"","overlay-gradient":""}},"ast-content-background-meta":{"desktop":{"background-color":"var(--ast-global-color-5)","background-image":"","background-repeat":"repeat","background-position":"center center","background-size":"auto","background-attachment":"scroll","background-type":"","background-media":"","overlay-type":"","overlay-color":"","overlay-opacity":"","overlay-gradient":""},"tablet":{"background-color":"var(--ast-global-color-5)","background-image":"","background-repeat":"repeat","background-position":"center center","background-size":"auto","background-attachment":"scroll","background-type":"","background-media":"","overlay-type":"","overlay-color":"","overlay-opacity":"","overlay-gradient":""},"mobile":{"background-color":"var(--ast-global-color-5)","background-image":"","background-repeat":"repeat","background-position":"center center","background-size":"auto","background-attachment":"scroll","background-type":"","background-media":"","overlay-type":"","overlay-color":"","overlay-opacity":"","overlay-gradient":""}},"_jetpack_memberships_contains_paid_content":false,"_joinchat":[],"footnotes":""},"categories":[1],"tags":[],"class_list":["post-96340","post","type-post","status-publish","format-standard","has-post-thumbnail","hentry","category-sin-categoria"],"yoast_head":"<!-- This site is optimized with the Yoast SEO plugin v26.8 - https:\/\/yoast.com\/product\/yoast-seo-wordpress\/ -->\n<title>[Argentinadas] Tiempos violentos: A las armas, \u00bflas carga el Diablo? - El Regional<\/title>\n<meta name=\"robots\" content=\"index, follow, max-snippet:-1, max-image-preview:large, max-video-preview:-1\" \/>\n<link rel=\"canonical\" href=\"https:\/\/elregionalvm.com.ar\/noticias-villa-maria\/argentinadas-tiempos-violentos-a-las-armas-las-carga-el-diablo\/\" \/>\n<meta property=\"og:locale\" content=\"es_ES\" \/>\n<meta property=\"og:type\" content=\"article\" \/>\n<meta property=\"og:title\" content=\"[Argentinadas] Tiempos violentos: A las armas, \u00bflas carga el Diablo? - El Regional\" \/>\n<meta property=\"og:description\" content=\"Escribe: Raquel Baratelli Un laburante, padre de familia, un d\u00eda igual que cualquier otro sale de su casa, dos tipos lo asaltan a punta de pistola, \u00e9l no se resiste, lo matan a sangre fr\u00eda y se llevan el auto. Un playero de estaci\u00f3n de servicio, es asesinado a balazos porque s\u00ed, amenaza de narcos. [&hellip;]\" \/>\n<meta property=\"og:url\" content=\"https:\/\/elregionalvm.com.ar\/noticias-villa-maria\/argentinadas-tiempos-violentos-a-las-armas-las-carga-el-diablo\/\" \/>\n<meta property=\"og:site_name\" content=\"El Regional\" \/>\n<meta property=\"article:publisher\" content=\"https:\/\/www.facebook.com\/elregionalvm\" \/>\n<meta property=\"article:published_time\" content=\"2024-07-18T13:50:18+00:00\" \/>\n<meta property=\"article:modified_time\" content=\"2024-07-18T13:50:21+00:00\" \/>\n<meta property=\"og:image\" content=\"https:\/\/elregionalvm.com.ar\/noticias-villa-maria\/wp-content\/uploads\/2022\/06\/Hombre-armado-civil.jpg\" \/>\n\t<meta property=\"og:image:width\" content=\"1200\" \/>\n\t<meta property=\"og:image:height\" content=\"719\" \/>\n\t<meta property=\"og:image:type\" content=\"image\/jpeg\" \/>\n<meta name=\"author\" content=\"Germ\u00e1n Giacchero\" \/>\n<meta name=\"twitter:card\" content=\"summary_large_image\" \/>\n<meta name=\"twitter:creator\" content=\"@elregionalvm1\" \/>\n<meta name=\"twitter:site\" content=\"@elregionalvm1\" \/>\n<meta name=\"twitter:label1\" content=\"Escrito por\" \/>\n\t<meta name=\"twitter:data1\" content=\"Germ\u00e1n Giacchero\" \/>\n\t<meta name=\"twitter:label2\" content=\"Tiempo de lectura\" \/>\n\t<meta name=\"twitter:data2\" content=\"3 minutos\" \/>\n<script type=\"application\/ld+json\" class=\"yoast-schema-graph\">{\"@context\":\"https:\/\/schema.org\",\"@graph\":[{\"@type\":\"Article\",\"@id\":\"https:\/\/elregionalvm.com.ar\/noticias-villa-maria\/argentinadas-tiempos-violentos-a-las-armas-las-carga-el-diablo\/#article\",\"isPartOf\":{\"@id\":\"https:\/\/elregionalvm.com.ar\/noticias-villa-maria\/argentinadas-tiempos-violentos-a-las-armas-las-carga-el-diablo\/\"},\"author\":{\"name\":\"Germ\u00e1n Giacchero\",\"@id\":\"http:\/\/elregionalvm.com.ar\/noticias-villa-maria\/#\/schema\/person\/d5e4b04966154131701e52c45d3efec9\"},\"headline\":\"[Argentinadas] Tiempos violentos: A las armas, \u00bflas carga el Diablo?\",\"datePublished\":\"2024-07-18T13:50:18+00:00\",\"dateModified\":\"2024-07-18T13:50:21+00:00\",\"mainEntityOfPage\":{\"@id\":\"https:\/\/elregionalvm.com.ar\/noticias-villa-maria\/argentinadas-tiempos-violentos-a-las-armas-las-carga-el-diablo\/\"},\"wordCount\":519,\"commentCount\":0,\"image\":{\"@id\":\"https:\/\/elregionalvm.com.ar\/noticias-villa-maria\/argentinadas-tiempos-violentos-a-las-armas-las-carga-el-diablo\/#primaryimage\"},\"thumbnailUrl\":\"https:\/\/i0.wp.com\/elregionalvm.com.ar\/noticias-villa-maria\/wp-content\/uploads\/2022\/06\/Hombre-armado-civil.jpg?fit=1200%2C719&ssl=1\",\"inLanguage\":\"es\",\"potentialAction\":[{\"@type\":\"CommentAction\",\"name\":\"Comment\",\"target\":[\"https:\/\/elregionalvm.com.ar\/noticias-villa-maria\/argentinadas-tiempos-violentos-a-las-armas-las-carga-el-diablo\/#respond\"]}]},{\"@type\":\"WebPage\",\"@id\":\"https:\/\/elregionalvm.com.ar\/noticias-villa-maria\/argentinadas-tiempos-violentos-a-las-armas-las-carga-el-diablo\/\",\"url\":\"https:\/\/elregionalvm.com.ar\/noticias-villa-maria\/argentinadas-tiempos-violentos-a-las-armas-las-carga-el-diablo\/\",\"name\":\"[Argentinadas] Tiempos violentos: A las armas, \u00bflas carga el Diablo? - El Regional\",\"isPartOf\":{\"@id\":\"http:\/\/elregionalvm.com.ar\/noticias-villa-maria\/#website\"},\"primaryImageOfPage\":{\"@id\":\"https:\/\/elregionalvm.com.ar\/noticias-villa-maria\/argentinadas-tiempos-violentos-a-las-armas-las-carga-el-diablo\/#primaryimage\"},\"image\":{\"@id\":\"https:\/\/elregionalvm.com.ar\/noticias-villa-maria\/argentinadas-tiempos-violentos-a-las-armas-las-carga-el-diablo\/#primaryimage\"},\"thumbnailUrl\":\"https:\/\/i0.wp.com\/elregionalvm.com.ar\/noticias-villa-maria\/wp-content\/uploads\/2022\/06\/Hombre-armado-civil.jpg?fit=1200%2C719&ssl=1\",\"datePublished\":\"2024-07-18T13:50:18+00:00\",\"dateModified\":\"2024-07-18T13:50:21+00:00\",\"author\":{\"@id\":\"http:\/\/elregionalvm.com.ar\/noticias-villa-maria\/#\/schema\/person\/d5e4b04966154131701e52c45d3efec9\"},\"breadcrumb\":{\"@id\":\"https:\/\/elregionalvm.com.ar\/noticias-villa-maria\/argentinadas-tiempos-violentos-a-las-armas-las-carga-el-diablo\/#breadcrumb\"},\"inLanguage\":\"es\",\"potentialAction\":[{\"@type\":\"ReadAction\",\"target\":[\"https:\/\/elregionalvm.com.ar\/noticias-villa-maria\/argentinadas-tiempos-violentos-a-las-armas-las-carga-el-diablo\/\"]}]},{\"@type\":\"ImageObject\",\"inLanguage\":\"es\",\"@id\":\"https:\/\/elregionalvm.com.ar\/noticias-villa-maria\/argentinadas-tiempos-violentos-a-las-armas-las-carga-el-diablo\/#primaryimage\",\"url\":\"https:\/\/i0.wp.com\/elregionalvm.com.ar\/noticias-villa-maria\/wp-content\/uploads\/2022\/06\/Hombre-armado-civil.jpg?fit=1200%2C719&ssl=1\",\"contentUrl\":\"https:\/\/i0.wp.com\/elregionalvm.com.ar\/noticias-villa-maria\/wp-content\/uploads\/2022\/06\/Hombre-armado-civil.jpg?fit=1200%2C719&ssl=1\",\"width\":1200,\"height\":719},{\"@type\":\"BreadcrumbList\",\"@id\":\"https:\/\/elregionalvm.com.ar\/noticias-villa-maria\/argentinadas-tiempos-violentos-a-las-armas-las-carga-el-diablo\/#breadcrumb\",\"itemListElement\":[{\"@type\":\"ListItem\",\"position\":1,\"name\":\"Portada\",\"item\":\"https:\/\/elregionalvm.com.ar\/noticias-villa-maria\/\"},{\"@type\":\"ListItem\",\"position\":2,\"name\":\"[Argentinadas] Tiempos violentos: A las armas, \u00bflas carga el Diablo?\"}]},{\"@type\":\"WebSite\",\"@id\":\"http:\/\/elregionalvm.com.ar\/noticias-villa-maria\/#website\",\"url\":\"http:\/\/elregionalvm.com.ar\/noticias-villa-maria\/\",\"name\":\"El Regional\",\"description\":\"Mucho m\u00e1s que informaci\u00f3n\",\"potentialAction\":[{\"@type\":\"SearchAction\",\"target\":{\"@type\":\"EntryPoint\",\"urlTemplate\":\"http:\/\/elregionalvm.com.ar\/noticias-villa-maria\/?s={search_term_string}\"},\"query-input\":{\"@type\":\"PropertyValueSpecification\",\"valueRequired\":true,\"valueName\":\"search_term_string\"}}],\"inLanguage\":\"es\"},{\"@type\":\"Person\",\"@id\":\"http:\/\/elregionalvm.com.ar\/noticias-villa-maria\/#\/schema\/person\/d5e4b04966154131701e52c45d3efec9\",\"name\":\"Germ\u00e1n Giacchero\",\"image\":{\"@type\":\"ImageObject\",\"inLanguage\":\"es\",\"@id\":\"http:\/\/elregionalvm.com.ar\/noticias-villa-maria\/#\/schema\/person\/image\/\",\"url\":\"https:\/\/secure.gravatar.com\/avatar\/fda163ba5ef0307ee5be9846e10f83b6e83d0cfb260d3b2464830318894c6b04?s=96&d=mm&r=g\",\"contentUrl\":\"https:\/\/secure.gravatar.com\/avatar\/fda163ba5ef0307ee5be9846e10f83b6e83d0cfb260d3b2464830318894c6b04?s=96&d=mm&r=g\",\"caption\":\"Germ\u00e1n Giacchero\"},\"url\":\"https:\/\/elregionalvm.com.ar\/noticias-villa-maria\/author\/germangiacchero\/\"}]}<\/script>\n<!-- \/ Yoast SEO plugin. -->","yoast_head_json":{"title":"[Argentinadas] Tiempos violentos: A las armas, \u00bflas carga el Diablo? - El Regional","robots":{"index":"index","follow":"follow","max-snippet":"max-snippet:-1","max-image-preview":"max-image-preview:large","max-video-preview":"max-video-preview:-1"},"canonical":"https:\/\/elregionalvm.com.ar\/noticias-villa-maria\/argentinadas-tiempos-violentos-a-las-armas-las-carga-el-diablo\/","og_locale":"es_ES","og_type":"article","og_title":"[Argentinadas] Tiempos violentos: A las armas, \u00bflas carga el Diablo? - El Regional","og_description":"Escribe: Raquel Baratelli Un laburante, padre de familia, un d\u00eda igual que cualquier otro sale de su casa, dos tipos lo asaltan a punta de pistola, \u00e9l no se resiste, lo matan a sangre fr\u00eda y se llevan el auto. Un playero de estaci\u00f3n de servicio, es asesinado a balazos porque s\u00ed, amenaza de narcos. [&hellip;]","og_url":"https:\/\/elregionalvm.com.ar\/noticias-villa-maria\/argentinadas-tiempos-violentos-a-las-armas-las-carga-el-diablo\/","og_site_name":"El Regional","article_publisher":"https:\/\/www.facebook.com\/elregionalvm","article_published_time":"2024-07-18T13:50:18+00:00","article_modified_time":"2024-07-18T13:50:21+00:00","og_image":[{"width":1200,"height":719,"url":"https:\/\/elregionalvm.com.ar\/noticias-villa-maria\/wp-content\/uploads\/2022\/06\/Hombre-armado-civil.jpg","type":"image\/jpeg"}],"author":"Germ\u00e1n Giacchero","twitter_card":"summary_large_image","twitter_creator":"@elregionalvm1","twitter_site":"@elregionalvm1","twitter_misc":{"Escrito por":"Germ\u00e1n Giacchero","Tiempo de lectura":"3 minutos"},"schema":{"@context":"https:\/\/schema.org","@graph":[{"@type":"Article","@id":"https:\/\/elregionalvm.com.ar\/noticias-villa-maria\/argentinadas-tiempos-violentos-a-las-armas-las-carga-el-diablo\/#article","isPartOf":{"@id":"https:\/\/elregionalvm.com.ar\/noticias-villa-maria\/argentinadas-tiempos-violentos-a-las-armas-las-carga-el-diablo\/"},"author":{"name":"Germ\u00e1n Giacchero","@id":"http:\/\/elregionalvm.com.ar\/noticias-villa-maria\/#\/schema\/person\/d5e4b04966154131701e52c45d3efec9"},"headline":"[Argentinadas] Tiempos violentos: A las armas, \u00bflas carga el Diablo?","datePublished":"2024-07-18T13:50:18+00:00","dateModified":"2024-07-18T13:50:21+00:00","mainEntityOfPage":{"@id":"https:\/\/elregionalvm.com.ar\/noticias-villa-maria\/argentinadas-tiempos-violentos-a-las-armas-las-carga-el-diablo\/"},"wordCount":519,"commentCount":0,"image":{"@id":"https:\/\/elregionalvm.com.ar\/noticias-villa-maria\/argentinadas-tiempos-violentos-a-las-armas-las-carga-el-diablo\/#primaryimage"},"thumbnailUrl":"https:\/\/i0.wp.com\/elregionalvm.com.ar\/noticias-villa-maria\/wp-content\/uploads\/2022\/06\/Hombre-armado-civil.jpg?fit=1200%2C719&ssl=1","inLanguage":"es","potentialAction":[{"@type":"CommentAction","name":"Comment","target":["https:\/\/elregionalvm.com.ar\/noticias-villa-maria\/argentinadas-tiempos-violentos-a-las-armas-las-carga-el-diablo\/#respond"]}]},{"@type":"WebPage","@id":"https:\/\/elregionalvm.com.ar\/noticias-villa-maria\/argentinadas-tiempos-violentos-a-las-armas-las-carga-el-diablo\/","url":"https:\/\/elregionalvm.com.ar\/noticias-villa-maria\/argentinadas-tiempos-violentos-a-las-armas-las-carga-el-diablo\/","name":"[Argentinadas] Tiempos violentos: A las armas, \u00bflas carga el Diablo? - El Regional","isPartOf":{"@id":"http:\/\/elregionalvm.com.ar\/noticias-villa-maria\/#website"},"primaryImageOfPage":{"@id":"https:\/\/elregionalvm.com.ar\/noticias-villa-maria\/argentinadas-tiempos-violentos-a-las-armas-las-carga-el-diablo\/#primaryimage"},"image":{"@id":"https:\/\/elregionalvm.com.ar\/noticias-villa-maria\/argentinadas-tiempos-violentos-a-las-armas-las-carga-el-diablo\/#primaryimage"},"thumbnailUrl":"https:\/\/i0.wp.com\/elregionalvm.com.ar\/noticias-villa-maria\/wp-content\/uploads\/2022\/06\/Hombre-armado-civil.jpg?fit=1200%2C719&ssl=1","datePublished":"2024-07-18T13:50:18+00:00","dateModified":"2024-07-18T13:50:21+00:00","author":{"@id":"http:\/\/elregionalvm.com.ar\/noticias-villa-maria\/#\/schema\/person\/d5e4b04966154131701e52c45d3efec9"},"breadcrumb":{"@id":"https:\/\/elregionalvm.com.ar\/noticias-villa-maria\/argentinadas-tiempos-violentos-a-las-armas-las-carga-el-diablo\/#breadcrumb"},"inLanguage":"es","potentialAction":[{"@type":"ReadAction","target":["https:\/\/elregionalvm.com.ar\/noticias-villa-maria\/argentinadas-tiempos-violentos-a-las-armas-las-carga-el-diablo\/"]}]},{"@type":"ImageObject","inLanguage":"es","@id":"https:\/\/elregionalvm.com.ar\/noticias-villa-maria\/argentinadas-tiempos-violentos-a-las-armas-las-carga-el-diablo\/#primaryimage","url":"https:\/\/i0.wp.com\/elregionalvm.com.ar\/noticias-villa-maria\/wp-content\/uploads\/2022\/06\/Hombre-armado-civil.jpg?fit=1200%2C719&ssl=1","contentUrl":"https:\/\/i0.wp.com\/elregionalvm.com.ar\/noticias-villa-maria\/wp-content\/uploads\/2022\/06\/Hombre-armado-civil.jpg?fit=1200%2C719&ssl=1","width":1200,"height":719},{"@type":"BreadcrumbList","@id":"https:\/\/elregionalvm.com.ar\/noticias-villa-maria\/argentinadas-tiempos-violentos-a-las-armas-las-carga-el-diablo\/#breadcrumb","itemListElement":[{"@type":"ListItem","position":1,"name":"Portada","item":"https:\/\/elregionalvm.com.ar\/noticias-villa-maria\/"},{"@type":"ListItem","position":2,"name":"[Argentinadas] Tiempos violentos: A las armas, \u00bflas carga el Diablo?"}]},{"@type":"WebSite","@id":"http:\/\/elregionalvm.com.ar\/noticias-villa-maria\/#website","url":"http:\/\/elregionalvm.com.ar\/noticias-villa-maria\/","name":"El Regional","description":"Mucho m\u00e1s que informaci\u00f3n","potentialAction":[{"@type":"SearchAction","target":{"@type":"EntryPoint","urlTemplate":"http:\/\/elregionalvm.com.ar\/noticias-villa-maria\/?s={search_term_string}"},"query-input":{"@type":"PropertyValueSpecification","valueRequired":true,"valueName":"search_term_string"}}],"inLanguage":"es"},{"@type":"Person","@id":"http:\/\/elregionalvm.com.ar\/noticias-villa-maria\/#\/schema\/person\/d5e4b04966154131701e52c45d3efec9","name":"Germ\u00e1n Giacchero","image":{"@type":"ImageObject","inLanguage":"es","@id":"http:\/\/elregionalvm.com.ar\/noticias-villa-maria\/#\/schema\/person\/image\/","url":"https:\/\/secure.gravatar.com\/avatar\/fda163ba5ef0307ee5be9846e10f83b6e83d0cfb260d3b2464830318894c6b04?s=96&d=mm&r=g","contentUrl":"https:\/\/secure.gravatar.com\/avatar\/fda163ba5ef0307ee5be9846e10f83b6e83d0cfb260d3b2464830318894c6b04?s=96&d=mm&r=g","caption":"Germ\u00e1n Giacchero"},"url":"https:\/\/elregionalvm.com.ar\/noticias-villa-maria\/author\/germangiacchero\/"}]}},"jetpack_featured_media_url":"https:\/\/i0.wp.com\/elregionalvm.com.ar\/noticias-villa-maria\/wp-content\/uploads\/2022\/06\/Hombre-armado-civil.jpg?fit=1200%2C719&ssl=1","jetpack_sharing_enabled":true,"_links":{"self":[{"href":"https:\/\/elregionalvm.com.ar\/noticias-villa-maria\/wp-json\/wp\/v2\/posts\/96340","targetHints":{"allow":["GET"]}}],"collection":[{"href":"https:\/\/elregionalvm.com.ar\/noticias-villa-maria\/wp-json\/wp\/v2\/posts"}],"about":[{"href":"https:\/\/elregionalvm.com.ar\/noticias-villa-maria\/wp-json\/wp\/v2\/types\/post"}],"author":[{"embeddable":true,"href":"https:\/\/elregionalvm.com.ar\/noticias-villa-maria\/wp-json\/wp\/v2\/users\/6"}],"replies":[{"embeddable":true,"href":"https:\/\/elregionalvm.com.ar\/noticias-villa-maria\/wp-json\/wp\/v2\/comments?post=96340"}],"version-history":[{"count":2,"href":"https:\/\/elregionalvm.com.ar\/noticias-villa-maria\/wp-json\/wp\/v2\/posts\/96340\/revisions"}],"predecessor-version":[{"id":96342,"href":"https:\/\/elregionalvm.com.ar\/noticias-villa-maria\/wp-json\/wp\/v2\/posts\/96340\/revisions\/96342"}],"wp:featuredmedia":[{"embeddable":true,"href":"https:\/\/elregionalvm.com.ar\/noticias-villa-maria\/wp-json\/wp\/v2\/media\/59787"}],"wp:attachment":[{"href":"https:\/\/elregionalvm.com.ar\/noticias-villa-maria\/wp-json\/wp\/v2\/media?parent=96340"}],"wp:term":[{"taxonomy":"category","embeddable":true,"href":"https:\/\/elregionalvm.com.ar\/noticias-villa-maria\/wp-json\/wp\/v2\/categories?post=96340"},{"taxonomy":"post_tag","embeddable":true,"href":"https:\/\/elregionalvm.com.ar\/noticias-villa-maria\/wp-json\/wp\/v2\/tags?post=96340"}],"curies":[{"name":"wp","href":"https:\/\/api.w.org\/{rel}","templated":true}]}}