{"id":96377,"date":"2024-07-19T20:48:46","date_gmt":"2024-07-19T20:48:46","guid":{"rendered":"https:\/\/elregionalvm.com.ar\/noticias-villa-maria\/?p=96377"},"modified":"2024-07-19T20:48:47","modified_gmt":"2024-07-19T20:48:47","slug":"un-vecino-lo-descubrio-cortando-cables-y-lo-denuncio-ante-la-policia-termino-detenido","status":"publish","type":"post","link":"https:\/\/elregionalvm.com.ar\/noticias-villa-maria\/un-vecino-lo-descubrio-cortando-cables-y-lo-denuncio-ante-la-policia-termino-detenido\/","title":{"rendered":"Un vecino lo descubri\u00f3 cortando cables y lo denunci\u00f3 ante la polic\u00eda: termin\u00f3 detenido"},"content":{"rendered":"\n<p>Siendo aproximadamente las 12:30 horas de la fecha personal de la Patrulla Preventiva constituidos en la intersecci\u00f3n de la calles Cartagena y Vi\u00f1a del Mar calle de esta ciudad, procedi\u00f3 a la detenci\u00f3n de un hombre 35 a\u00f1os de edad p.s.a. del delito de Robo en Flagrancia\u00bb; en virtud de un llamado recibido a la l\u00edneas del 911 donde un vecino advierte al personal policial, que un sujeto se encontraba cortando cables en Av. Perazolo al 600, repitiendo la acci\u00f3n en calle Caracas al 400. <\/p>\n\n\n\n<figure class=\"wp-block-image size-large\"><img data-recalc-dims=\"1\" fetchpriority=\"high\" decoding=\"async\" width=\"882\" height=\"1024\" src=\"https:\/\/i0.wp.com\/elregionalvm.com.ar\/noticias-villa-maria\/wp-content\/uploads\/2024\/07\/WhatsApp-Image-2024-07-18-at-20.20.45-1.jpeg?resize=882%2C1024&#038;ssl=1\" alt=\"\" class=\"wp-image-96378\" srcset=\"https:\/\/i0.wp.com\/elregionalvm.com.ar\/noticias-villa-maria\/wp-content\/uploads\/2024\/07\/WhatsApp-Image-2024-07-18-at-20.20.45-1.jpeg?resize=882%2C1024&amp;ssl=1 882w, https:\/\/i0.wp.com\/elregionalvm.com.ar\/noticias-villa-maria\/wp-content\/uploads\/2024\/07\/WhatsApp-Image-2024-07-18-at-20.20.45-1.jpeg?resize=258%2C300&amp;ssl=1 258w, https:\/\/i0.wp.com\/elregionalvm.com.ar\/noticias-villa-maria\/wp-content\/uploads\/2024\/07\/WhatsApp-Image-2024-07-18-at-20.20.45-1.jpeg?resize=768%2C892&amp;ssl=1 768w, https:\/\/i0.wp.com\/elregionalvm.com.ar\/noticias-villa-maria\/wp-content\/uploads\/2024\/07\/WhatsApp-Image-2024-07-18-at-20.20.45-1.jpeg?w=1102&amp;ssl=1 1102w\" sizes=\"(max-width: 882px) 100vw, 882px\" \/><\/figure>\n\n\n\n<p>Por tal motivo se realiza un operativo cerrojo con el objeto de encontrar al sujeto, siendo posible su detenci\u00f3n en la intersecci\u00f3n antes detallados, donde los uniformados constatan que el masculino se encontraba en poder de un rollo de cables sustra\u00eddos previamente, elementos que son secuestrado en el procedimiento policial, realizando el traslado hacia la Alcald\u00eda de la ciudad.<\/p>\n\n\n\n<p>Se labran actuaciones a disposici\u00f3n de la Fiscal\u00eda de Instrucci\u00f3n de Feria a cargo de la Dra. Juliana Companys, Sec. a cargo del Dr. Jose Alvarez<\/p>\n","protected":false},"excerpt":{"rendered":"<p>Siendo aproximadamente las 12:30 horas de la fecha personal de la Patrulla Preventiva constituidos en la intersecci\u00f3n de la calles Cartagena y Vi\u00f1a del Mar calle de esta ciudad, procedi\u00f3 a la detenci\u00f3n de un hombre 35 a\u00f1os de edad p.s.a. del delito de Robo en Flagrancia\u00bb; en virtud de un llamado recibido a la [&hellip;]<\/p>\n","protected":false},"author":4,"featured_media":96379,"comment_status":"open","ping_status":"open","sticky":false,"template":"","format":"standard","meta":{"site-sidebar-layout":"default","site-content-layout":"","ast-site-content-layout":"default","site-content-style":"default","site-sidebar-style":"default","ast-global-header-display":"","ast-banner-title-visibility":"","ast-main-header-display":"","ast-hfb-above-header-display":"","ast-hfb-below-header-display":"","ast-hfb-mobile-header-display":"","site-post-title":"","ast-breadcrumbs-content":"","ast-featured-img":"","footer-sml-layout":"","ast-disable-related-posts":"","theme-transparent-header-meta":"","adv-header-id-meta":"","stick-header-meta":"","header-above-stick-meta":"","header-main-stick-meta":"","header-below-stick-meta":"","astra-migrate-meta-layouts":"set","ast-page-background-enabled":"default","ast-page-background-meta":{"desktop":{"background-color":"","background-image":"","background-repeat":"repeat","background-position":"center center","background-size":"auto","background-attachment":"scroll","background-type":"","background-media":"","overlay-type":"","overlay-color":"","overlay-opacity":"","overlay-gradient":""},"tablet":{"background-color":"","background-image":"","background-repeat":"repeat","background-position":"center center","background-size":"auto","background-attachment":"scroll","background-type":"","background-media":"","overlay-type":"","overlay-color":"","overlay-opacity":"","overlay-gradient":""},"mobile":{"background-color":"","background-image":"","background-repeat":"repeat","background-position":"center center","background-size":"auto","background-attachment":"scroll","background-type":"","background-media":"","overlay-type":"","overlay-color":"","overlay-opacity":"","overlay-gradient":""}},"ast-content-background-meta":{"desktop":{"background-color":"var(--ast-global-color-5)","background-image":"","background-repeat":"repeat","background-position":"center center","background-size":"auto","background-attachment":"scroll","background-type":"","background-media":"","overlay-type":"","overlay-color":"","overlay-opacity":"","overlay-gradient":""},"tablet":{"background-color":"var(--ast-global-color-5)","background-image":"","background-repeat":"repeat","background-position":"center center","background-size":"auto","background-attachment":"scroll","background-type":"","background-media":"","overlay-type":"","overlay-color":"","overlay-opacity":"","overlay-gradient":""},"mobile":{"background-color":"var(--ast-global-color-5)","background-image":"","background-repeat":"repeat","background-position":"center center","background-size":"auto","background-attachment":"scroll","background-type":"","background-media":"","overlay-type":"","overlay-color":"","overlay-opacity":"","overlay-gradient":""}},"_jetpack_memberships_contains_paid_content":false,"_joinchat":[],"footnotes":""},"categories":[15302,5,2],"tags":[],"class_list":["post-96377","post","type-post","status-publish","format-standard","has-post-thumbnail","hentry","category-destacado","category-sociedad","category-villa-maria"],"yoast_head":"<!-- This site is optimized with the Yoast SEO plugin v26.8 - https:\/\/yoast.com\/product\/yoast-seo-wordpress\/ -->\n<title>Un vecino lo descubri\u00f3 cortando cables y lo denunci\u00f3 ante la polic\u00eda: termin\u00f3 detenido - El Regional<\/title>\n<meta name=\"robots\" content=\"index, follow, max-snippet:-1, max-image-preview:large, max-video-preview:-1\" \/>\n<link rel=\"canonical\" href=\"https:\/\/elregionalvm.com.ar\/noticias-villa-maria\/un-vecino-lo-descubrio-cortando-cables-y-lo-denuncio-ante-la-policia-termino-detenido\/\" \/>\n<meta property=\"og:locale\" content=\"es_ES\" \/>\n<meta property=\"og:type\" content=\"article\" \/>\n<meta property=\"og:title\" content=\"Un vecino lo descubri\u00f3 cortando cables y lo denunci\u00f3 ante la polic\u00eda: termin\u00f3 detenido - El Regional\" \/>\n<meta property=\"og:description\" content=\"Siendo aproximadamente las 12:30 horas de la fecha personal de la Patrulla Preventiva constituidos en la intersecci\u00f3n de la calles Cartagena y Vi\u00f1a del Mar calle de esta ciudad, procedi\u00f3 a la detenci\u00f3n de un hombre 35 a\u00f1os de edad p.s.a. del delito de Robo en Flagrancia\u00bb; en virtud de un llamado recibido a la [&hellip;]\" \/>\n<meta property=\"og:url\" content=\"https:\/\/elregionalvm.com.ar\/noticias-villa-maria\/un-vecino-lo-descubrio-cortando-cables-y-lo-denuncio-ante-la-policia-termino-detenido\/\" \/>\n<meta property=\"og:site_name\" content=\"El Regional\" \/>\n<meta property=\"article:publisher\" content=\"https:\/\/www.facebook.com\/elregionalvm\" \/>\n<meta property=\"article:published_time\" content=\"2024-07-19T20:48:46+00:00\" \/>\n<meta property=\"article:modified_time\" content=\"2024-07-19T20:48:47+00:00\" \/>\n<meta property=\"og:image\" content=\"https:\/\/elregionalvm.com.ar\/noticias-villa-maria\/wp-content\/uploads\/2024\/07\/WhatsApp-Image-2024-07-18-at-20.20.45.jpeg\" \/>\n\t<meta property=\"og:image:width\" content=\"899\" \/>\n\t<meta property=\"og:image:height\" content=\"1599\" \/>\n\t<meta property=\"og:image:type\" content=\"image\/jpeg\" \/>\n<meta name=\"author\" content=\"Contenidos El Regional\" \/>\n<meta name=\"twitter:card\" content=\"summary_large_image\" \/>\n<meta name=\"twitter:creator\" content=\"@elregionalvm1\" \/>\n<meta name=\"twitter:site\" content=\"@elregionalvm1\" \/>\n<meta name=\"twitter:label1\" content=\"Escrito por\" \/>\n\t<meta name=\"twitter:data1\" content=\"Contenidos El Regional\" \/>\n\t<meta name=\"twitter:label2\" content=\"Tiempo de lectura\" \/>\n\t<meta name=\"twitter:data2\" content=\"2 minutos\" \/>\n<script type=\"application\/ld+json\" class=\"yoast-schema-graph\">{\"@context\":\"https:\/\/schema.org\",\"@graph\":[{\"@type\":\"Article\",\"@id\":\"https:\/\/elregionalvm.com.ar\/noticias-villa-maria\/un-vecino-lo-descubrio-cortando-cables-y-lo-denuncio-ante-la-policia-termino-detenido\/#article\",\"isPartOf\":{\"@id\":\"https:\/\/elregionalvm.com.ar\/noticias-villa-maria\/un-vecino-lo-descubrio-cortando-cables-y-lo-denuncio-ante-la-policia-termino-detenido\/\"},\"author\":{\"name\":\"Contenidos El Regional\",\"@id\":\"http:\/\/elregionalvm.com.ar\/noticias-villa-maria\/#\/schema\/person\/a0fb9c422317faca23d50163151bc354\"},\"headline\":\"Un vecino lo descubri\u00f3 cortando cables y lo denunci\u00f3 ante la polic\u00eda: termin\u00f3 detenido\",\"datePublished\":\"2024-07-19T20:48:46+00:00\",\"dateModified\":\"2024-07-19T20:48:47+00:00\",\"mainEntityOfPage\":{\"@id\":\"https:\/\/elregionalvm.com.ar\/noticias-villa-maria\/un-vecino-lo-descubrio-cortando-cables-y-lo-denuncio-ante-la-policia-termino-detenido\/\"},\"wordCount\":195,\"commentCount\":0,\"image\":{\"@id\":\"https:\/\/elregionalvm.com.ar\/noticias-villa-maria\/un-vecino-lo-descubrio-cortando-cables-y-lo-denuncio-ante-la-policia-termino-detenido\/#primaryimage\"},\"thumbnailUrl\":\"https:\/\/i0.wp.com\/elregionalvm.com.ar\/noticias-villa-maria\/wp-content\/uploads\/2024\/07\/WhatsApp-Image-2024-07-18-at-20.20.45.jpeg?fit=899%2C1599&ssl=1\",\"articleSection\":[\"destacado\",\"Sociedad\",\"Villa Mar\u00eda\"],\"inLanguage\":\"es\",\"potentialAction\":[{\"@type\":\"CommentAction\",\"name\":\"Comment\",\"target\":[\"https:\/\/elregionalvm.com.ar\/noticias-villa-maria\/un-vecino-lo-descubrio-cortando-cables-y-lo-denuncio-ante-la-policia-termino-detenido\/#respond\"]}]},{\"@type\":\"WebPage\",\"@id\":\"https:\/\/elregionalvm.com.ar\/noticias-villa-maria\/un-vecino-lo-descubrio-cortando-cables-y-lo-denuncio-ante-la-policia-termino-detenido\/\",\"url\":\"https:\/\/elregionalvm.com.ar\/noticias-villa-maria\/un-vecino-lo-descubrio-cortando-cables-y-lo-denuncio-ante-la-policia-termino-detenido\/\",\"name\":\"Un vecino lo descubri\u00f3 cortando cables y lo denunci\u00f3 ante la polic\u00eda: termin\u00f3 detenido - El Regional\",\"isPartOf\":{\"@id\":\"http:\/\/elregionalvm.com.ar\/noticias-villa-maria\/#website\"},\"primaryImageOfPage\":{\"@id\":\"https:\/\/elregionalvm.com.ar\/noticias-villa-maria\/un-vecino-lo-descubrio-cortando-cables-y-lo-denuncio-ante-la-policia-termino-detenido\/#primaryimage\"},\"image\":{\"@id\":\"https:\/\/elregionalvm.com.ar\/noticias-villa-maria\/un-vecino-lo-descubrio-cortando-cables-y-lo-denuncio-ante-la-policia-termino-detenido\/#primaryimage\"},\"thumbnailUrl\":\"https:\/\/i0.wp.com\/elregionalvm.com.ar\/noticias-villa-maria\/wp-content\/uploads\/2024\/07\/WhatsApp-Image-2024-07-18-at-20.20.45.jpeg?fit=899%2C1599&ssl=1\",\"datePublished\":\"2024-07-19T20:48:46+00:00\",\"dateModified\":\"2024-07-19T20:48:47+00:00\",\"author\":{\"@id\":\"http:\/\/elregionalvm.com.ar\/noticias-villa-maria\/#\/schema\/person\/a0fb9c422317faca23d50163151bc354\"},\"breadcrumb\":{\"@id\":\"https:\/\/elregionalvm.com.ar\/noticias-villa-maria\/un-vecino-lo-descubrio-cortando-cables-y-lo-denuncio-ante-la-policia-termino-detenido\/#breadcrumb\"},\"inLanguage\":\"es\",\"potentialAction\":[{\"@type\":\"ReadAction\",\"target\":[\"https:\/\/elregionalvm.com.ar\/noticias-villa-maria\/un-vecino-lo-descubrio-cortando-cables-y-lo-denuncio-ante-la-policia-termino-detenido\/\"]}]},{\"@type\":\"ImageObject\",\"inLanguage\":\"es\",\"@id\":\"https:\/\/elregionalvm.com.ar\/noticias-villa-maria\/un-vecino-lo-descubrio-cortando-cables-y-lo-denuncio-ante-la-policia-termino-detenido\/#primaryimage\",\"url\":\"https:\/\/i0.wp.com\/elregionalvm.com.ar\/noticias-villa-maria\/wp-content\/uploads\/2024\/07\/WhatsApp-Image-2024-07-18-at-20.20.45.jpeg?fit=899%2C1599&ssl=1\",\"contentUrl\":\"https:\/\/i0.wp.com\/elregionalvm.com.ar\/noticias-villa-maria\/wp-content\/uploads\/2024\/07\/WhatsApp-Image-2024-07-18-at-20.20.45.jpeg?fit=899%2C1599&ssl=1\",\"width\":899,\"height\":1599},{\"@type\":\"BreadcrumbList\",\"@id\":\"https:\/\/elregionalvm.com.ar\/noticias-villa-maria\/un-vecino-lo-descubrio-cortando-cables-y-lo-denuncio-ante-la-policia-termino-detenido\/#breadcrumb\",\"itemListElement\":[{\"@type\":\"ListItem\",\"position\":1,\"name\":\"Portada\",\"item\":\"https:\/\/elregionalvm.com.ar\/noticias-villa-maria\/\"},{\"@type\":\"ListItem\",\"position\":2,\"name\":\"Un vecino lo descubri\u00f3 cortando cables y lo denunci\u00f3 ante la polic\u00eda: termin\u00f3 detenido\"}]},{\"@type\":\"WebSite\",\"@id\":\"http:\/\/elregionalvm.com.ar\/noticias-villa-maria\/#website\",\"url\":\"http:\/\/elregionalvm.com.ar\/noticias-villa-maria\/\",\"name\":\"El Regional\",\"description\":\"Mucho m\u00e1s que informaci\u00f3n\",\"potentialAction\":[{\"@type\":\"SearchAction\",\"target\":{\"@type\":\"EntryPoint\",\"urlTemplate\":\"http:\/\/elregionalvm.com.ar\/noticias-villa-maria\/?s={search_term_string}\"},\"query-input\":{\"@type\":\"PropertyValueSpecification\",\"valueRequired\":true,\"valueName\":\"search_term_string\"}}],\"inLanguage\":\"es\"},{\"@type\":\"Person\",\"@id\":\"http:\/\/elregionalvm.com.ar\/noticias-villa-maria\/#\/schema\/person\/a0fb9c422317faca23d50163151bc354\",\"name\":\"Contenidos El Regional\",\"image\":{\"@type\":\"ImageObject\",\"inLanguage\":\"es\",\"@id\":\"http:\/\/elregionalvm.com.ar\/noticias-villa-maria\/#\/schema\/person\/image\/\",\"url\":\"https:\/\/secure.gravatar.com\/avatar\/265b27cb2209af7bb3a1318f03305787d7981a5cc6e6cd08fe5a4ecdf99d4b48?s=96&d=mm&r=g\",\"contentUrl\":\"https:\/\/secure.gravatar.com\/avatar\/265b27cb2209af7bb3a1318f03305787d7981a5cc6e6cd08fe5a4ecdf99d4b48?s=96&d=mm&r=g\",\"caption\":\"Contenidos El Regional\"},\"url\":\"https:\/\/elregionalvm.com.ar\/noticias-villa-maria\/author\/contenido\/\"}]}<\/script>\n<!-- \/ Yoast SEO plugin. -->","yoast_head_json":{"title":"Un vecino lo descubri\u00f3 cortando cables y lo denunci\u00f3 ante la polic\u00eda: termin\u00f3 detenido - El Regional","robots":{"index":"index","follow":"follow","max-snippet":"max-snippet:-1","max-image-preview":"max-image-preview:large","max-video-preview":"max-video-preview:-1"},"canonical":"https:\/\/elregionalvm.com.ar\/noticias-villa-maria\/un-vecino-lo-descubrio-cortando-cables-y-lo-denuncio-ante-la-policia-termino-detenido\/","og_locale":"es_ES","og_type":"article","og_title":"Un vecino lo descubri\u00f3 cortando cables y lo denunci\u00f3 ante la polic\u00eda: termin\u00f3 detenido - El Regional","og_description":"Siendo aproximadamente las 12:30 horas de la fecha personal de la Patrulla Preventiva constituidos en la intersecci\u00f3n de la calles Cartagena y Vi\u00f1a del Mar calle de esta ciudad, procedi\u00f3 a la detenci\u00f3n de un hombre 35 a\u00f1os de edad p.s.a. del delito de Robo en Flagrancia\u00bb; en virtud de un llamado recibido a la [&hellip;]","og_url":"https:\/\/elregionalvm.com.ar\/noticias-villa-maria\/un-vecino-lo-descubrio-cortando-cables-y-lo-denuncio-ante-la-policia-termino-detenido\/","og_site_name":"El Regional","article_publisher":"https:\/\/www.facebook.com\/elregionalvm","article_published_time":"2024-07-19T20:48:46+00:00","article_modified_time":"2024-07-19T20:48:47+00:00","og_image":[{"width":899,"height":1599,"url":"https:\/\/elregionalvm.com.ar\/noticias-villa-maria\/wp-content\/uploads\/2024\/07\/WhatsApp-Image-2024-07-18-at-20.20.45.jpeg","type":"image\/jpeg"}],"author":"Contenidos El Regional","twitter_card":"summary_large_image","twitter_creator":"@elregionalvm1","twitter_site":"@elregionalvm1","twitter_misc":{"Escrito por":"Contenidos El Regional","Tiempo de lectura":"2 minutos"},"schema":{"@context":"https:\/\/schema.org","@graph":[{"@type":"Article","@id":"https:\/\/elregionalvm.com.ar\/noticias-villa-maria\/un-vecino-lo-descubrio-cortando-cables-y-lo-denuncio-ante-la-policia-termino-detenido\/#article","isPartOf":{"@id":"https:\/\/elregionalvm.com.ar\/noticias-villa-maria\/un-vecino-lo-descubrio-cortando-cables-y-lo-denuncio-ante-la-policia-termino-detenido\/"},"author":{"name":"Contenidos El Regional","@id":"http:\/\/elregionalvm.com.ar\/noticias-villa-maria\/#\/schema\/person\/a0fb9c422317faca23d50163151bc354"},"headline":"Un vecino lo descubri\u00f3 cortando cables y lo denunci\u00f3 ante la polic\u00eda: termin\u00f3 detenido","datePublished":"2024-07-19T20:48:46+00:00","dateModified":"2024-07-19T20:48:47+00:00","mainEntityOfPage":{"@id":"https:\/\/elregionalvm.com.ar\/noticias-villa-maria\/un-vecino-lo-descubrio-cortando-cables-y-lo-denuncio-ante-la-policia-termino-detenido\/"},"wordCount":195,"commentCount":0,"image":{"@id":"https:\/\/elregionalvm.com.ar\/noticias-villa-maria\/un-vecino-lo-descubrio-cortando-cables-y-lo-denuncio-ante-la-policia-termino-detenido\/#primaryimage"},"thumbnailUrl":"https:\/\/i0.wp.com\/elregionalvm.com.ar\/noticias-villa-maria\/wp-content\/uploads\/2024\/07\/WhatsApp-Image-2024-07-18-at-20.20.45.jpeg?fit=899%2C1599&ssl=1","articleSection":["destacado","Sociedad","Villa Mar\u00eda"],"inLanguage":"es","potentialAction":[{"@type":"CommentAction","name":"Comment","target":["https:\/\/elregionalvm.com.ar\/noticias-villa-maria\/un-vecino-lo-descubrio-cortando-cables-y-lo-denuncio-ante-la-policia-termino-detenido\/#respond"]}]},{"@type":"WebPage","@id":"https:\/\/elregionalvm.com.ar\/noticias-villa-maria\/un-vecino-lo-descubrio-cortando-cables-y-lo-denuncio-ante-la-policia-termino-detenido\/","url":"https:\/\/elregionalvm.com.ar\/noticias-villa-maria\/un-vecino-lo-descubrio-cortando-cables-y-lo-denuncio-ante-la-policia-termino-detenido\/","name":"Un vecino lo descubri\u00f3 cortando cables y lo denunci\u00f3 ante la polic\u00eda: termin\u00f3 detenido - El Regional","isPartOf":{"@id":"http:\/\/elregionalvm.com.ar\/noticias-villa-maria\/#website"},"primaryImageOfPage":{"@id":"https:\/\/elregionalvm.com.ar\/noticias-villa-maria\/un-vecino-lo-descubrio-cortando-cables-y-lo-denuncio-ante-la-policia-termino-detenido\/#primaryimage"},"image":{"@id":"https:\/\/elregionalvm.com.ar\/noticias-villa-maria\/un-vecino-lo-descubrio-cortando-cables-y-lo-denuncio-ante-la-policia-termino-detenido\/#primaryimage"},"thumbnailUrl":"https:\/\/i0.wp.com\/elregionalvm.com.ar\/noticias-villa-maria\/wp-content\/uploads\/2024\/07\/WhatsApp-Image-2024-07-18-at-20.20.45.jpeg?fit=899%2C1599&ssl=1","datePublished":"2024-07-19T20:48:46+00:00","dateModified":"2024-07-19T20:48:47+00:00","author":{"@id":"http:\/\/elregionalvm.com.ar\/noticias-villa-maria\/#\/schema\/person\/a0fb9c422317faca23d50163151bc354"},"breadcrumb":{"@id":"https:\/\/elregionalvm.com.ar\/noticias-villa-maria\/un-vecino-lo-descubrio-cortando-cables-y-lo-denuncio-ante-la-policia-termino-detenido\/#breadcrumb"},"inLanguage":"es","potentialAction":[{"@type":"ReadAction","target":["https:\/\/elregionalvm.com.ar\/noticias-villa-maria\/un-vecino-lo-descubrio-cortando-cables-y-lo-denuncio-ante-la-policia-termino-detenido\/"]}]},{"@type":"ImageObject","inLanguage":"es","@id":"https:\/\/elregionalvm.com.ar\/noticias-villa-maria\/un-vecino-lo-descubrio-cortando-cables-y-lo-denuncio-ante-la-policia-termino-detenido\/#primaryimage","url":"https:\/\/i0.wp.com\/elregionalvm.com.ar\/noticias-villa-maria\/wp-content\/uploads\/2024\/07\/WhatsApp-Image-2024-07-18-at-20.20.45.jpeg?fit=899%2C1599&ssl=1","contentUrl":"https:\/\/i0.wp.com\/elregionalvm.com.ar\/noticias-villa-maria\/wp-content\/uploads\/2024\/07\/WhatsApp-Image-2024-07-18-at-20.20.45.jpeg?fit=899%2C1599&ssl=1","width":899,"height":1599},{"@type":"BreadcrumbList","@id":"https:\/\/elregionalvm.com.ar\/noticias-villa-maria\/un-vecino-lo-descubrio-cortando-cables-y-lo-denuncio-ante-la-policia-termino-detenido\/#breadcrumb","itemListElement":[{"@type":"ListItem","position":1,"name":"Portada","item":"https:\/\/elregionalvm.com.ar\/noticias-villa-maria\/"},{"@type":"ListItem","position":2,"name":"Un vecino lo descubri\u00f3 cortando cables y lo denunci\u00f3 ante la polic\u00eda: termin\u00f3 detenido"}]},{"@type":"WebSite","@id":"http:\/\/elregionalvm.com.ar\/noticias-villa-maria\/#website","url":"http:\/\/elregionalvm.com.ar\/noticias-villa-maria\/","name":"El Regional","description":"Mucho m\u00e1s que informaci\u00f3n","potentialAction":[{"@type":"SearchAction","target":{"@type":"EntryPoint","urlTemplate":"http:\/\/elregionalvm.com.ar\/noticias-villa-maria\/?s={search_term_string}"},"query-input":{"@type":"PropertyValueSpecification","valueRequired":true,"valueName":"search_term_string"}}],"inLanguage":"es"},{"@type":"Person","@id":"http:\/\/elregionalvm.com.ar\/noticias-villa-maria\/#\/schema\/person\/a0fb9c422317faca23d50163151bc354","name":"Contenidos El Regional","image":{"@type":"ImageObject","inLanguage":"es","@id":"http:\/\/elregionalvm.com.ar\/noticias-villa-maria\/#\/schema\/person\/image\/","url":"https:\/\/secure.gravatar.com\/avatar\/265b27cb2209af7bb3a1318f03305787d7981a5cc6e6cd08fe5a4ecdf99d4b48?s=96&d=mm&r=g","contentUrl":"https:\/\/secure.gravatar.com\/avatar\/265b27cb2209af7bb3a1318f03305787d7981a5cc6e6cd08fe5a4ecdf99d4b48?s=96&d=mm&r=g","caption":"Contenidos El Regional"},"url":"https:\/\/elregionalvm.com.ar\/noticias-villa-maria\/author\/contenido\/"}]}},"jetpack_featured_media_url":"https:\/\/i0.wp.com\/elregionalvm.com.ar\/noticias-villa-maria\/wp-content\/uploads\/2024\/07\/WhatsApp-Image-2024-07-18-at-20.20.45.jpeg?fit=899%2C1599&ssl=1","jetpack_sharing_enabled":true,"_links":{"self":[{"href":"https:\/\/elregionalvm.com.ar\/noticias-villa-maria\/wp-json\/wp\/v2\/posts\/96377","targetHints":{"allow":["GET"]}}],"collection":[{"href":"https:\/\/elregionalvm.com.ar\/noticias-villa-maria\/wp-json\/wp\/v2\/posts"}],"about":[{"href":"https:\/\/elregionalvm.com.ar\/noticias-villa-maria\/wp-json\/wp\/v2\/types\/post"}],"author":[{"embeddable":true,"href":"https:\/\/elregionalvm.com.ar\/noticias-villa-maria\/wp-json\/wp\/v2\/users\/4"}],"replies":[{"embeddable":true,"href":"https:\/\/elregionalvm.com.ar\/noticias-villa-maria\/wp-json\/wp\/v2\/comments?post=96377"}],"version-history":[{"count":1,"href":"https:\/\/elregionalvm.com.ar\/noticias-villa-maria\/wp-json\/wp\/v2\/posts\/96377\/revisions"}],"predecessor-version":[{"id":96380,"href":"https:\/\/elregionalvm.com.ar\/noticias-villa-maria\/wp-json\/wp\/v2\/posts\/96377\/revisions\/96380"}],"wp:featuredmedia":[{"embeddable":true,"href":"https:\/\/elregionalvm.com.ar\/noticias-villa-maria\/wp-json\/wp\/v2\/media\/96379"}],"wp:attachment":[{"href":"https:\/\/elregionalvm.com.ar\/noticias-villa-maria\/wp-json\/wp\/v2\/media?parent=96377"}],"wp:term":[{"taxonomy":"category","embeddable":true,"href":"https:\/\/elregionalvm.com.ar\/noticias-villa-maria\/wp-json\/wp\/v2\/categories?post=96377"},{"taxonomy":"post_tag","embeddable":true,"href":"https:\/\/elregionalvm.com.ar\/noticias-villa-maria\/wp-json\/wp\/v2\/tags?post=96377"}],"curies":[{"name":"wp","href":"https:\/\/api.w.org\/{rel}","templated":true}]}}