{"id":96386,"date":"2024-07-19T20:58:56","date_gmt":"2024-07-19T20:58:56","guid":{"rendered":"https:\/\/elregionalvm.com.ar\/noticias-villa-maria\/?p=96386"},"modified":"2024-07-19T20:58:58","modified_gmt":"2024-07-19T20:58:58","slug":"dos-jovenes-fueron-detenidos-por-intentar-abrir-la-puerta-de-un-auto-en-plena-via-publica","status":"publish","type":"post","link":"https:\/\/elregionalvm.com.ar\/noticias-villa-maria\/dos-jovenes-fueron-detenidos-por-intentar-abrir-la-puerta-de-un-auto-en-plena-via-publica\/","title":{"rendered":"Dos j\u00f3venes fueron detenidos por intentar abrir la puerta de un auto en plena v\u00eda p\u00fablica"},"content":{"rendered":"\n<p>Siendo aproximadamente las 23:30 horas de la v\u00edspera personal de la Patrulla Preventiva constituidos en calle Catamarca al 1500 de esta ciudad, procedi\u00f3 a la detenci\u00f3n de un joven 24 a\u00f1os y otro 28 a\u00f1os de edad por supuestos autores del delito de \u00abHurto en Grado de Tentativa \u00ab.<\/p>\n\n\n\n<p>En virtud de un llamado recibido a la l\u00edneas del 911 donde un vecino manifiesta que hab\u00eda dos sujetos intentando abrir la puerta un veh\u00edculo marca Fiat modelo Spazio color negro estacionado sobre la v\u00eda publica, por lo que al llegar al lugar los efectivos policiales constatan la situaci\u00f3n y proceden a la detenci\u00f3n del los mismos, los cuales son trasladados hacia la Alcaldia de la ciudad.<\/p>\n\n\n\n<p>Se labran actuaciones a disposici\u00f3n de la Fiscal\u00eda de Instrucci\u00f3n de Feria a cargo de la Dra. Juliana Companys, Sec. a cargo del Dr. Jose Alvarez<\/p>\n","protected":false},"excerpt":{"rendered":"<p>Siendo aproximadamente las 23:30 horas de la v\u00edspera personal de la Patrulla Preventiva constituidos en calle Catamarca al 1500 de esta ciudad, procedi\u00f3 a la detenci\u00f3n de un joven 24 a\u00f1os y otro 28 a\u00f1os de edad por supuestos autores del delito de \u00abHurto en Grado de Tentativa \u00ab. En virtud de un llamado recibido [&hellip;]<\/p>\n","protected":false},"author":4,"featured_media":57987,"comment_status":"open","ping_status":"open","sticky":false,"template":"","format":"standard","meta":{"site-sidebar-layout":"default","site-content-layout":"","ast-site-content-layout":"default","site-content-style":"default","site-sidebar-style":"default","ast-global-header-display":"","ast-banner-title-visibility":"","ast-main-header-display":"","ast-hfb-above-header-display":"","ast-hfb-below-header-display":"","ast-hfb-mobile-header-display":"","site-post-title":"","ast-breadcrumbs-content":"","ast-featured-img":"","footer-sml-layout":"","ast-disable-related-posts":"","theme-transparent-header-meta":"","adv-header-id-meta":"","stick-header-meta":"","header-above-stick-meta":"","header-main-stick-meta":"","header-below-stick-meta":"","astra-migrate-meta-layouts":"set","ast-page-background-enabled":"default","ast-page-background-meta":{"desktop":{"background-color":"","background-image":"","background-repeat":"repeat","background-position":"center center","background-size":"auto","background-attachment":"scroll","background-type":"","background-media":"","overlay-type":"","overlay-color":"","overlay-opacity":"","overlay-gradient":""},"tablet":{"background-color":"","background-image":"","background-repeat":"repeat","background-position":"center center","background-size":"auto","background-attachment":"scroll","background-type":"","background-media":"","overlay-type":"","overlay-color":"","overlay-opacity":"","overlay-gradient":""},"mobile":{"background-color":"","background-image":"","background-repeat":"repeat","background-position":"center center","background-size":"auto","background-attachment":"scroll","background-type":"","background-media":"","overlay-type":"","overlay-color":"","overlay-opacity":"","overlay-gradient":""}},"ast-content-background-meta":{"desktop":{"background-color":"var(--ast-global-color-5)","background-image":"","background-repeat":"repeat","background-position":"center center","background-size":"auto","background-attachment":"scroll","background-type":"","background-media":"","overlay-type":"","overlay-color":"","overlay-opacity":"","overlay-gradient":""},"tablet":{"background-color":"var(--ast-global-color-5)","background-image":"","background-repeat":"repeat","background-position":"center center","background-size":"auto","background-attachment":"scroll","background-type":"","background-media":"","overlay-type":"","overlay-color":"","overlay-opacity":"","overlay-gradient":""},"mobile":{"background-color":"var(--ast-global-color-5)","background-image":"","background-repeat":"repeat","background-position":"center center","background-size":"auto","background-attachment":"scroll","background-type":"","background-media":"","overlay-type":"","overlay-color":"","overlay-opacity":"","overlay-gradient":""}},"_jetpack_memberships_contains_paid_content":false,"_joinchat":[],"footnotes":""},"categories":[15302,2234,5,2],"tags":[],"class_list":["post-96386","post","type-post","status-publish","format-standard","has-post-thumbnail","hentry","category-destacado","category-policiales","category-sociedad","category-villa-maria"],"yoast_head":"<!-- This site is optimized with the Yoast SEO plugin v26.8 - https:\/\/yoast.com\/product\/yoast-seo-wordpress\/ -->\n<title>Dos j\u00f3venes fueron detenidos por intentar abrir la puerta de un auto en plena v\u00eda p\u00fablica - El Regional<\/title>\n<meta name=\"robots\" content=\"index, follow, max-snippet:-1, max-image-preview:large, max-video-preview:-1\" \/>\n<link rel=\"canonical\" href=\"https:\/\/elregionalvm.com.ar\/noticias-villa-maria\/dos-jovenes-fueron-detenidos-por-intentar-abrir-la-puerta-de-un-auto-en-plena-via-publica\/\" \/>\n<meta property=\"og:locale\" content=\"es_ES\" \/>\n<meta property=\"og:type\" content=\"article\" \/>\n<meta property=\"og:title\" content=\"Dos j\u00f3venes fueron detenidos por intentar abrir la puerta de un auto en plena v\u00eda p\u00fablica - El Regional\" \/>\n<meta property=\"og:description\" content=\"Siendo aproximadamente las 23:30 horas de la v\u00edspera personal de la Patrulla Preventiva constituidos en calle Catamarca al 1500 de esta ciudad, procedi\u00f3 a la detenci\u00f3n de un joven 24 a\u00f1os y otro 28 a\u00f1os de edad por supuestos autores del delito de \u00abHurto en Grado de Tentativa \u00ab. En virtud de un llamado recibido [&hellip;]\" \/>\n<meta property=\"og:url\" content=\"https:\/\/elregionalvm.com.ar\/noticias-villa-maria\/dos-jovenes-fueron-detenidos-por-intentar-abrir-la-puerta-de-un-auto-en-plena-via-publica\/\" \/>\n<meta property=\"og:site_name\" content=\"El Regional\" \/>\n<meta property=\"article:publisher\" content=\"https:\/\/www.facebook.com\/elregionalvm\" \/>\n<meta property=\"article:published_time\" content=\"2024-07-19T20:58:56+00:00\" \/>\n<meta property=\"article:modified_time\" content=\"2024-07-19T20:58:58+00:00\" \/>\n<meta property=\"og:image\" content=\"https:\/\/elregionalvm.com.ar\/noticias-villa-maria\/wp-content\/uploads\/2022\/05\/policia-3.jpeg\" \/>\n\t<meta property=\"og:image:width\" content=\"960\" \/>\n\t<meta property=\"og:image:height\" content=\"540\" \/>\n\t<meta property=\"og:image:type\" content=\"image\/jpeg\" \/>\n<meta name=\"author\" content=\"Contenidos El Regional\" \/>\n<meta name=\"twitter:card\" content=\"summary_large_image\" \/>\n<meta name=\"twitter:creator\" content=\"@elregionalvm1\" \/>\n<meta name=\"twitter:site\" content=\"@elregionalvm1\" \/>\n<meta name=\"twitter:label1\" content=\"Escrito por\" \/>\n\t<meta name=\"twitter:data1\" content=\"Contenidos El Regional\" \/>\n\t<meta name=\"twitter:label2\" content=\"Tiempo de lectura\" \/>\n\t<meta name=\"twitter:data2\" content=\"1 minuto\" \/>\n<script type=\"application\/ld+json\" class=\"yoast-schema-graph\">{\"@context\":\"https:\/\/schema.org\",\"@graph\":[{\"@type\":\"Article\",\"@id\":\"https:\/\/elregionalvm.com.ar\/noticias-villa-maria\/dos-jovenes-fueron-detenidos-por-intentar-abrir-la-puerta-de-un-auto-en-plena-via-publica\/#article\",\"isPartOf\":{\"@id\":\"https:\/\/elregionalvm.com.ar\/noticias-villa-maria\/dos-jovenes-fueron-detenidos-por-intentar-abrir-la-puerta-de-un-auto-en-plena-via-publica\/\"},\"author\":{\"name\":\"Contenidos El Regional\",\"@id\":\"http:\/\/elregionalvm.com.ar\/noticias-villa-maria\/#\/schema\/person\/a0fb9c422317faca23d50163151bc354\"},\"headline\":\"Dos j\u00f3venes fueron detenidos por intentar abrir la puerta de un auto en plena v\u00eda p\u00fablica\",\"datePublished\":\"2024-07-19T20:58:56+00:00\",\"dateModified\":\"2024-07-19T20:58:58+00:00\",\"mainEntityOfPage\":{\"@id\":\"https:\/\/elregionalvm.com.ar\/noticias-villa-maria\/dos-jovenes-fueron-detenidos-por-intentar-abrir-la-puerta-de-un-auto-en-plena-via-publica\/\"},\"wordCount\":168,\"commentCount\":0,\"image\":{\"@id\":\"https:\/\/elregionalvm.com.ar\/noticias-villa-maria\/dos-jovenes-fueron-detenidos-por-intentar-abrir-la-puerta-de-un-auto-en-plena-via-publica\/#primaryimage\"},\"thumbnailUrl\":\"https:\/\/i0.wp.com\/elregionalvm.com.ar\/noticias-villa-maria\/wp-content\/uploads\/2022\/05\/policia-3.jpeg?fit=960%2C540&ssl=1\",\"articleSection\":[\"destacado\",\"Policiales\",\"Sociedad\",\"Villa Mar\u00eda\"],\"inLanguage\":\"es\",\"potentialAction\":[{\"@type\":\"CommentAction\",\"name\":\"Comment\",\"target\":[\"https:\/\/elregionalvm.com.ar\/noticias-villa-maria\/dos-jovenes-fueron-detenidos-por-intentar-abrir-la-puerta-de-un-auto-en-plena-via-publica\/#respond\"]}]},{\"@type\":\"WebPage\",\"@id\":\"https:\/\/elregionalvm.com.ar\/noticias-villa-maria\/dos-jovenes-fueron-detenidos-por-intentar-abrir-la-puerta-de-un-auto-en-plena-via-publica\/\",\"url\":\"https:\/\/elregionalvm.com.ar\/noticias-villa-maria\/dos-jovenes-fueron-detenidos-por-intentar-abrir-la-puerta-de-un-auto-en-plena-via-publica\/\",\"name\":\"Dos j\u00f3venes fueron detenidos por intentar abrir la puerta de un auto en plena v\u00eda p\u00fablica - El Regional\",\"isPartOf\":{\"@id\":\"http:\/\/elregionalvm.com.ar\/noticias-villa-maria\/#website\"},\"primaryImageOfPage\":{\"@id\":\"https:\/\/elregionalvm.com.ar\/noticias-villa-maria\/dos-jovenes-fueron-detenidos-por-intentar-abrir-la-puerta-de-un-auto-en-plena-via-publica\/#primaryimage\"},\"image\":{\"@id\":\"https:\/\/elregionalvm.com.ar\/noticias-villa-maria\/dos-jovenes-fueron-detenidos-por-intentar-abrir-la-puerta-de-un-auto-en-plena-via-publica\/#primaryimage\"},\"thumbnailUrl\":\"https:\/\/i0.wp.com\/elregionalvm.com.ar\/noticias-villa-maria\/wp-content\/uploads\/2022\/05\/policia-3.jpeg?fit=960%2C540&ssl=1\",\"datePublished\":\"2024-07-19T20:58:56+00:00\",\"dateModified\":\"2024-07-19T20:58:58+00:00\",\"author\":{\"@id\":\"http:\/\/elregionalvm.com.ar\/noticias-villa-maria\/#\/schema\/person\/a0fb9c422317faca23d50163151bc354\"},\"breadcrumb\":{\"@id\":\"https:\/\/elregionalvm.com.ar\/noticias-villa-maria\/dos-jovenes-fueron-detenidos-por-intentar-abrir-la-puerta-de-un-auto-en-plena-via-publica\/#breadcrumb\"},\"inLanguage\":\"es\",\"potentialAction\":[{\"@type\":\"ReadAction\",\"target\":[\"https:\/\/elregionalvm.com.ar\/noticias-villa-maria\/dos-jovenes-fueron-detenidos-por-intentar-abrir-la-puerta-de-un-auto-en-plena-via-publica\/\"]}]},{\"@type\":\"ImageObject\",\"inLanguage\":\"es\",\"@id\":\"https:\/\/elregionalvm.com.ar\/noticias-villa-maria\/dos-jovenes-fueron-detenidos-por-intentar-abrir-la-puerta-de-un-auto-en-plena-via-publica\/#primaryimage\",\"url\":\"https:\/\/i0.wp.com\/elregionalvm.com.ar\/noticias-villa-maria\/wp-content\/uploads\/2022\/05\/policia-3.jpeg?fit=960%2C540&ssl=1\",\"contentUrl\":\"https:\/\/i0.wp.com\/elregionalvm.com.ar\/noticias-villa-maria\/wp-content\/uploads\/2022\/05\/policia-3.jpeg?fit=960%2C540&ssl=1\",\"width\":960,\"height\":540},{\"@type\":\"BreadcrumbList\",\"@id\":\"https:\/\/elregionalvm.com.ar\/noticias-villa-maria\/dos-jovenes-fueron-detenidos-por-intentar-abrir-la-puerta-de-un-auto-en-plena-via-publica\/#breadcrumb\",\"itemListElement\":[{\"@type\":\"ListItem\",\"position\":1,\"name\":\"Portada\",\"item\":\"https:\/\/elregionalvm.com.ar\/noticias-villa-maria\/\"},{\"@type\":\"ListItem\",\"position\":2,\"name\":\"Dos j\u00f3venes fueron detenidos por intentar abrir la puerta de un auto en plena v\u00eda p\u00fablica\"}]},{\"@type\":\"WebSite\",\"@id\":\"http:\/\/elregionalvm.com.ar\/noticias-villa-maria\/#website\",\"url\":\"http:\/\/elregionalvm.com.ar\/noticias-villa-maria\/\",\"name\":\"El Regional\",\"description\":\"Mucho m\u00e1s que informaci\u00f3n\",\"potentialAction\":[{\"@type\":\"SearchAction\",\"target\":{\"@type\":\"EntryPoint\",\"urlTemplate\":\"http:\/\/elregionalvm.com.ar\/noticias-villa-maria\/?s={search_term_string}\"},\"query-input\":{\"@type\":\"PropertyValueSpecification\",\"valueRequired\":true,\"valueName\":\"search_term_string\"}}],\"inLanguage\":\"es\"},{\"@type\":\"Person\",\"@id\":\"http:\/\/elregionalvm.com.ar\/noticias-villa-maria\/#\/schema\/person\/a0fb9c422317faca23d50163151bc354\",\"name\":\"Contenidos El Regional\",\"image\":{\"@type\":\"ImageObject\",\"inLanguage\":\"es\",\"@id\":\"http:\/\/elregionalvm.com.ar\/noticias-villa-maria\/#\/schema\/person\/image\/\",\"url\":\"https:\/\/secure.gravatar.com\/avatar\/265b27cb2209af7bb3a1318f03305787d7981a5cc6e6cd08fe5a4ecdf99d4b48?s=96&d=mm&r=g\",\"contentUrl\":\"https:\/\/secure.gravatar.com\/avatar\/265b27cb2209af7bb3a1318f03305787d7981a5cc6e6cd08fe5a4ecdf99d4b48?s=96&d=mm&r=g\",\"caption\":\"Contenidos El Regional\"},\"url\":\"https:\/\/elregionalvm.com.ar\/noticias-villa-maria\/author\/contenido\/\"}]}<\/script>\n<!-- \/ Yoast SEO plugin. -->","yoast_head_json":{"title":"Dos j\u00f3venes fueron detenidos por intentar abrir la puerta de un auto en plena v\u00eda p\u00fablica - El Regional","robots":{"index":"index","follow":"follow","max-snippet":"max-snippet:-1","max-image-preview":"max-image-preview:large","max-video-preview":"max-video-preview:-1"},"canonical":"https:\/\/elregionalvm.com.ar\/noticias-villa-maria\/dos-jovenes-fueron-detenidos-por-intentar-abrir-la-puerta-de-un-auto-en-plena-via-publica\/","og_locale":"es_ES","og_type":"article","og_title":"Dos j\u00f3venes fueron detenidos por intentar abrir la puerta de un auto en plena v\u00eda p\u00fablica - El Regional","og_description":"Siendo aproximadamente las 23:30 horas de la v\u00edspera personal de la Patrulla Preventiva constituidos en calle Catamarca al 1500 de esta ciudad, procedi\u00f3 a la detenci\u00f3n de un joven 24 a\u00f1os y otro 28 a\u00f1os de edad por supuestos autores del delito de \u00abHurto en Grado de Tentativa \u00ab. En virtud de un llamado recibido [&hellip;]","og_url":"https:\/\/elregionalvm.com.ar\/noticias-villa-maria\/dos-jovenes-fueron-detenidos-por-intentar-abrir-la-puerta-de-un-auto-en-plena-via-publica\/","og_site_name":"El Regional","article_publisher":"https:\/\/www.facebook.com\/elregionalvm","article_published_time":"2024-07-19T20:58:56+00:00","article_modified_time":"2024-07-19T20:58:58+00:00","og_image":[{"width":960,"height":540,"url":"https:\/\/elregionalvm.com.ar\/noticias-villa-maria\/wp-content\/uploads\/2022\/05\/policia-3.jpeg","type":"image\/jpeg"}],"author":"Contenidos El Regional","twitter_card":"summary_large_image","twitter_creator":"@elregionalvm1","twitter_site":"@elregionalvm1","twitter_misc":{"Escrito por":"Contenidos El Regional","Tiempo de lectura":"1 minuto"},"schema":{"@context":"https:\/\/schema.org","@graph":[{"@type":"Article","@id":"https:\/\/elregionalvm.com.ar\/noticias-villa-maria\/dos-jovenes-fueron-detenidos-por-intentar-abrir-la-puerta-de-un-auto-en-plena-via-publica\/#article","isPartOf":{"@id":"https:\/\/elregionalvm.com.ar\/noticias-villa-maria\/dos-jovenes-fueron-detenidos-por-intentar-abrir-la-puerta-de-un-auto-en-plena-via-publica\/"},"author":{"name":"Contenidos El Regional","@id":"http:\/\/elregionalvm.com.ar\/noticias-villa-maria\/#\/schema\/person\/a0fb9c422317faca23d50163151bc354"},"headline":"Dos j\u00f3venes fueron detenidos por intentar abrir la puerta de un auto en plena v\u00eda p\u00fablica","datePublished":"2024-07-19T20:58:56+00:00","dateModified":"2024-07-19T20:58:58+00:00","mainEntityOfPage":{"@id":"https:\/\/elregionalvm.com.ar\/noticias-villa-maria\/dos-jovenes-fueron-detenidos-por-intentar-abrir-la-puerta-de-un-auto-en-plena-via-publica\/"},"wordCount":168,"commentCount":0,"image":{"@id":"https:\/\/elregionalvm.com.ar\/noticias-villa-maria\/dos-jovenes-fueron-detenidos-por-intentar-abrir-la-puerta-de-un-auto-en-plena-via-publica\/#primaryimage"},"thumbnailUrl":"https:\/\/i0.wp.com\/elregionalvm.com.ar\/noticias-villa-maria\/wp-content\/uploads\/2022\/05\/policia-3.jpeg?fit=960%2C540&ssl=1","articleSection":["destacado","Policiales","Sociedad","Villa Mar\u00eda"],"inLanguage":"es","potentialAction":[{"@type":"CommentAction","name":"Comment","target":["https:\/\/elregionalvm.com.ar\/noticias-villa-maria\/dos-jovenes-fueron-detenidos-por-intentar-abrir-la-puerta-de-un-auto-en-plena-via-publica\/#respond"]}]},{"@type":"WebPage","@id":"https:\/\/elregionalvm.com.ar\/noticias-villa-maria\/dos-jovenes-fueron-detenidos-por-intentar-abrir-la-puerta-de-un-auto-en-plena-via-publica\/","url":"https:\/\/elregionalvm.com.ar\/noticias-villa-maria\/dos-jovenes-fueron-detenidos-por-intentar-abrir-la-puerta-de-un-auto-en-plena-via-publica\/","name":"Dos j\u00f3venes fueron detenidos por intentar abrir la puerta de un auto en plena v\u00eda p\u00fablica - El Regional","isPartOf":{"@id":"http:\/\/elregionalvm.com.ar\/noticias-villa-maria\/#website"},"primaryImageOfPage":{"@id":"https:\/\/elregionalvm.com.ar\/noticias-villa-maria\/dos-jovenes-fueron-detenidos-por-intentar-abrir-la-puerta-de-un-auto-en-plena-via-publica\/#primaryimage"},"image":{"@id":"https:\/\/elregionalvm.com.ar\/noticias-villa-maria\/dos-jovenes-fueron-detenidos-por-intentar-abrir-la-puerta-de-un-auto-en-plena-via-publica\/#primaryimage"},"thumbnailUrl":"https:\/\/i0.wp.com\/elregionalvm.com.ar\/noticias-villa-maria\/wp-content\/uploads\/2022\/05\/policia-3.jpeg?fit=960%2C540&ssl=1","datePublished":"2024-07-19T20:58:56+00:00","dateModified":"2024-07-19T20:58:58+00:00","author":{"@id":"http:\/\/elregionalvm.com.ar\/noticias-villa-maria\/#\/schema\/person\/a0fb9c422317faca23d50163151bc354"},"breadcrumb":{"@id":"https:\/\/elregionalvm.com.ar\/noticias-villa-maria\/dos-jovenes-fueron-detenidos-por-intentar-abrir-la-puerta-de-un-auto-en-plena-via-publica\/#breadcrumb"},"inLanguage":"es","potentialAction":[{"@type":"ReadAction","target":["https:\/\/elregionalvm.com.ar\/noticias-villa-maria\/dos-jovenes-fueron-detenidos-por-intentar-abrir-la-puerta-de-un-auto-en-plena-via-publica\/"]}]},{"@type":"ImageObject","inLanguage":"es","@id":"https:\/\/elregionalvm.com.ar\/noticias-villa-maria\/dos-jovenes-fueron-detenidos-por-intentar-abrir-la-puerta-de-un-auto-en-plena-via-publica\/#primaryimage","url":"https:\/\/i0.wp.com\/elregionalvm.com.ar\/noticias-villa-maria\/wp-content\/uploads\/2022\/05\/policia-3.jpeg?fit=960%2C540&ssl=1","contentUrl":"https:\/\/i0.wp.com\/elregionalvm.com.ar\/noticias-villa-maria\/wp-content\/uploads\/2022\/05\/policia-3.jpeg?fit=960%2C540&ssl=1","width":960,"height":540},{"@type":"BreadcrumbList","@id":"https:\/\/elregionalvm.com.ar\/noticias-villa-maria\/dos-jovenes-fueron-detenidos-por-intentar-abrir-la-puerta-de-un-auto-en-plena-via-publica\/#breadcrumb","itemListElement":[{"@type":"ListItem","position":1,"name":"Portada","item":"https:\/\/elregionalvm.com.ar\/noticias-villa-maria\/"},{"@type":"ListItem","position":2,"name":"Dos j\u00f3venes fueron detenidos por intentar abrir la puerta de un auto en plena v\u00eda p\u00fablica"}]},{"@type":"WebSite","@id":"http:\/\/elregionalvm.com.ar\/noticias-villa-maria\/#website","url":"http:\/\/elregionalvm.com.ar\/noticias-villa-maria\/","name":"El Regional","description":"Mucho m\u00e1s que informaci\u00f3n","potentialAction":[{"@type":"SearchAction","target":{"@type":"EntryPoint","urlTemplate":"http:\/\/elregionalvm.com.ar\/noticias-villa-maria\/?s={search_term_string}"},"query-input":{"@type":"PropertyValueSpecification","valueRequired":true,"valueName":"search_term_string"}}],"inLanguage":"es"},{"@type":"Person","@id":"http:\/\/elregionalvm.com.ar\/noticias-villa-maria\/#\/schema\/person\/a0fb9c422317faca23d50163151bc354","name":"Contenidos El Regional","image":{"@type":"ImageObject","inLanguage":"es","@id":"http:\/\/elregionalvm.com.ar\/noticias-villa-maria\/#\/schema\/person\/image\/","url":"https:\/\/secure.gravatar.com\/avatar\/265b27cb2209af7bb3a1318f03305787d7981a5cc6e6cd08fe5a4ecdf99d4b48?s=96&d=mm&r=g","contentUrl":"https:\/\/secure.gravatar.com\/avatar\/265b27cb2209af7bb3a1318f03305787d7981a5cc6e6cd08fe5a4ecdf99d4b48?s=96&d=mm&r=g","caption":"Contenidos El Regional"},"url":"https:\/\/elregionalvm.com.ar\/noticias-villa-maria\/author\/contenido\/"}]}},"jetpack_featured_media_url":"https:\/\/i0.wp.com\/elregionalvm.com.ar\/noticias-villa-maria\/wp-content\/uploads\/2022\/05\/policia-3.jpeg?fit=960%2C540&ssl=1","jetpack_sharing_enabled":true,"_links":{"self":[{"href":"https:\/\/elregionalvm.com.ar\/noticias-villa-maria\/wp-json\/wp\/v2\/posts\/96386","targetHints":{"allow":["GET"]}}],"collection":[{"href":"https:\/\/elregionalvm.com.ar\/noticias-villa-maria\/wp-json\/wp\/v2\/posts"}],"about":[{"href":"https:\/\/elregionalvm.com.ar\/noticias-villa-maria\/wp-json\/wp\/v2\/types\/post"}],"author":[{"embeddable":true,"href":"https:\/\/elregionalvm.com.ar\/noticias-villa-maria\/wp-json\/wp\/v2\/users\/4"}],"replies":[{"embeddable":true,"href":"https:\/\/elregionalvm.com.ar\/noticias-villa-maria\/wp-json\/wp\/v2\/comments?post=96386"}],"version-history":[{"count":1,"href":"https:\/\/elregionalvm.com.ar\/noticias-villa-maria\/wp-json\/wp\/v2\/posts\/96386\/revisions"}],"predecessor-version":[{"id":96387,"href":"https:\/\/elregionalvm.com.ar\/noticias-villa-maria\/wp-json\/wp\/v2\/posts\/96386\/revisions\/96387"}],"wp:featuredmedia":[{"embeddable":true,"href":"https:\/\/elregionalvm.com.ar\/noticias-villa-maria\/wp-json\/wp\/v2\/media\/57987"}],"wp:attachment":[{"href":"https:\/\/elregionalvm.com.ar\/noticias-villa-maria\/wp-json\/wp\/v2\/media?parent=96386"}],"wp:term":[{"taxonomy":"category","embeddable":true,"href":"https:\/\/elregionalvm.com.ar\/noticias-villa-maria\/wp-json\/wp\/v2\/categories?post=96386"},{"taxonomy":"post_tag","embeddable":true,"href":"https:\/\/elregionalvm.com.ar\/noticias-villa-maria\/wp-json\/wp\/v2\/tags?post=96386"}],"curies":[{"name":"wp","href":"https:\/\/api.w.org\/{rel}","templated":true}]}}