{"id":96420,"date":"2024-07-21T23:24:59","date_gmt":"2024-07-21T23:24:59","guid":{"rendered":"https:\/\/elregionalvm.com.ar\/noticias-villa-maria\/?p=96420"},"modified":"2024-07-24T21:49:15","modified_gmt":"2024-07-24T21:49:15","slug":"politica-internacional-el-elegido-una-campana-a-la-medida-de-trump","status":"publish","type":"post","link":"https:\/\/elregionalvm.com.ar\/noticias-villa-maria\/politica-internacional-el-elegido-una-campana-a-la-medida-de-trump\/","title":{"rendered":"[Pol\u00edtica Internacional] El elegido: Una campa\u00f1a a la medida de Trump"},"content":{"rendered":"\n<h3 class=\"wp-block-heading\"><strong>El intento de magnicidio al candidato republicano, a d\u00edas de la Convenci\u00f3n Nacional, le allana el camino a la reelecci\u00f3n. Trump logr\u00f3 hechizar a su p\u00fablico, posicion\u00e1ndose como un profeta de la verdad que sobrevivi\u00f3 para salvar a un pueblo en decadencia.<\/strong><\/h3>\n\n\n\n<p><\/p>\n\n\n\n<p><strong>Escribe: Lic. Natalia Pettinari (Analista de Pol\u00edtica Internacional)<\/strong><\/p>\n\n\n\n<p><\/p>\n\n\n\n<p>La candidatura de Donald Trump ha tomado otro matiz luego del atentado de hace una semana. El intento de asesinato a su persona le otorga al republicano una centralidad y una unidad in\u00e9dita en torno a su figura al interior del partido.<\/p>\n\n\n\n<p>El suceso tambi\u00e9n aport\u00f3 misticismo y le regal\u00f3 al magnate una imagen ic\u00f3nica e inesperada: su rostro ensangrentado, con el pu\u00f1o en alto pidiendo luchar y la bandera norteamericana de fondo. Es esta la estampa perfecta de la campa\u00f1a.<\/p>\n\n\n\n<p><\/p>\n\n\n\n<figure class=\"wp-block-image size-full is-resized\"><img data-recalc-dims=\"1\" fetchpriority=\"high\" decoding=\"async\" width=\"800\" height=\"451\" src=\"https:\/\/i0.wp.com\/elregionalvm.com.ar\/noticias-villa-maria\/wp-content\/uploads\/2024\/07\/Trump-herido.jpg?resize=800%2C451&#038;ssl=1\" alt=\"\" class=\"wp-image-96421\" style=\"width:910px;height:auto\" srcset=\"https:\/\/i0.wp.com\/elregionalvm.com.ar\/noticias-villa-maria\/wp-content\/uploads\/2024\/07\/Trump-herido.jpg?w=800&amp;ssl=1 800w, https:\/\/i0.wp.com\/elregionalvm.com.ar\/noticias-villa-maria\/wp-content\/uploads\/2024\/07\/Trump-herido.jpg?resize=300%2C169&amp;ssl=1 300w, https:\/\/i0.wp.com\/elregionalvm.com.ar\/noticias-villa-maria\/wp-content\/uploads\/2024\/07\/Trump-herido.jpg?resize=768%2C433&amp;ssl=1 768w\" sizes=\"(max-width: 800px) 100vw, 800px\" \/><\/figure>\n\n\n\n<p><\/p>\n\n\n\n<p>Era el \u00faltimo mitin al aire libre antes de que comience la Convenci\u00f3n Nacional Republicana en Milwaukee que termin\u00f3 este jueves. Trump fue sacado del escenario por el servicio secreto tras caer al piso con el rostro sangrante.<\/p>\n\n\n\n<p>Se fue por sus propios medios y pudo continuar normalmente con su agenda. El hecho refleja la imagen de un h\u00e9roe resiliente, triunfante, imbatible que sali\u00f3 ileso ante lo imposible. En las primeras declaraciones a la prensa el republicano expres\u00f3 \u201cSolo Dios impidi\u00f3 lo impensable\u00bb.<\/p>\n\n\n\n<p>Entonces, la campa\u00f1a comienza a acentuar cierto tinte mesi\u00e1nico. El republicano ha venido implementando esta especie de misticismo, con mayor o menor \u00e9xito, en todas sus postulaciones.<\/p>\n\n\n\n<p>Su discurso en la \u00faltima convenci\u00f3n se inici\u00f3 en tono de pastor que les habla a sus fieles. Trump logr\u00f3 hechizar a su p\u00fablico, posicion\u00e1ndose como un profeta de la verdad que sobrevivi\u00f3 para salvar a su pueblo. Es una oratoria que adquiere consistencia y credibilidad luego de que su propia vida haya estado en riesgo. Y que \u00e9l est\u00e9 ah\u00ed, vivo para contarlo.<\/p>\n\n\n\n<p>Rodeado de su familia en el centro de convenciones, se podr\u00eda decir que Trump realiz\u00f3 este jueves dos ponencias distintas. Una que dur\u00f3 los primeros 28 minutos, donde expres\u00f3 \u201cHoy con fe y devoci\u00f3n acepto la nominaci\u00f3n\u201d.&nbsp;<\/p>\n\n\n\n<p>Se mostr\u00f3 calmado, sin estridencias y relat\u00f3 lo sucedido advirtiendo que \u201cnunca lo escuchar\u00e1n de m\u00ed por segunda vez, porque es demasiado doloroso para contarlo\u00bb. No volaba una mosca. Fue un inicio con un tono inusual para el republicano que dice estar modificado luego del atentado en el que por mil\u00edmetros casi pierde la vida.<\/p>\n\n\n\n<p><strong>Un discurso populista<\/strong><\/p>\n\n\n\n<p>Pero en los 64 minutos restantes, Trump volvi\u00f3 a ser el que todos conocen: contencioso, hostil, combativo, vehemente y mentiroso. En este caso siempre es interesante recurrir a la teor\u00eda para comprender que su oratoria tiene todas las caracter\u00edsticas del \u201cdiscurso populista\u201d. Un recurso que utilizan muchos l\u00edderes mundiales para \u201cconquistar\u201d a masas desprevenidas.<\/p>\n\n\n\n<p>El ling\u00fcista franc\u00e9s Patrick Charaudeau cita cuatro componentes esenciales. El primero, el l\u00edder hace una descripci\u00f3n catastr\u00f3fica de la situaci\u00f3n social de la que es v\u00edctima el pueblo.<\/p>\n\n\n\n<p><\/p>\n\n\n\n<figure class=\"wp-block-image size-full is-resized\"><img data-recalc-dims=\"1\" decoding=\"async\" width=\"800\" height=\"451\" src=\"https:\/\/i0.wp.com\/elregionalvm.com.ar\/noticias-villa-maria\/wp-content\/uploads\/2024\/07\/Trump-y-Melania-2024.jpg?resize=800%2C451&#038;ssl=1\" alt=\"\" class=\"wp-image-96422\" style=\"width:910px;height:auto\" srcset=\"https:\/\/i0.wp.com\/elregionalvm.com.ar\/noticias-villa-maria\/wp-content\/uploads\/2024\/07\/Trump-y-Melania-2024.jpg?w=800&amp;ssl=1 800w, https:\/\/i0.wp.com\/elregionalvm.com.ar\/noticias-villa-maria\/wp-content\/uploads\/2024\/07\/Trump-y-Melania-2024.jpg?resize=300%2C169&amp;ssl=1 300w, https:\/\/i0.wp.com\/elregionalvm.com.ar\/noticias-villa-maria\/wp-content\/uploads\/2024\/07\/Trump-y-Melania-2024.jpg?resize=768%2C433&amp;ssl=1 768w\" sizes=\"(max-width: 800px) 100vw, 800px\" \/><\/figure>\n\n\n\n<p><\/p>\n\n\n\n<p>En ese sentido, Trump expresa \u201csomos una naci\u00f3n en decadencia\u201d. Y acus\u00f3 de una supuesta \u201cinvasi\u00f3n\u201d de inmigrantes indocumentados que cometen delitos: \u201cNos hemos vuelto el vertedero del mundo, que se r\u00ede de nosotros\u201d.<\/p>\n\n\n\n<p>Adem\u00e1s, insiste en que su pa\u00eds tiene la peor inflaci\u00f3n en su historia. Dato que es falso porque en la d\u00e9cada del ochenta, \u00e9sta lleg\u00f3 al 15 por ciento, y durante la administraci\u00f3n Biden el pico m\u00e1s alto fue de 9.5 por ciento.<\/p>\n\n\n\n<p>El segundo componente del discurso populista es que el l\u00edder hace una denuncia de los culpables, entre los cuales se encuentran la clase pol\u00edtica, las \u00e9lites aisladas del pueblo, las instituciones que han perdido toda autoridad y la burocracia, fuente de todos los males.<\/p>\n\n\n\n<p>En este sentido, Trump acus\u00f3: \u00abNuestros rivales heredaron un mundo en paz y lo volvieron un planeta en guerra\u00bb. Seg\u00fan \u00e9l es Joe Biden el responsable de todas las desgracias de la naci\u00f3n y del mundo, como la inflaci\u00f3n, la invasi\u00f3n rusa a Ucrania y la guerra en Gaza.<\/p>\n\n\n\n<p>Como tercero, se encuentra la exaltaci\u00f3n de valores. En el discurso de la convenci\u00f3n Trump expres\u00f3: \u201cComo estadounidenses, nos une una suerte com\u00fan, un destino compartido. Nos levantamos juntos o nos desmoronamos\u201d. Tambi\u00e9n llam\u00f3 a la unidad como naci\u00f3n proponiendo un proyecto de idealidad social.<\/p>\n\n\n\n<p>El republicano afirma que \u201cal igual que nuestros ancestros, debemos ahora juntarnos y levantarnos encima de diferencias pasadas, cualquier desacuerdo echado a un lado, y avanzar unidos como un pueblo, una naci\u00f3n\u201d.<\/p>\n\n\n\n<p>El cuarto y \u00faltimo componente es la aparici\u00f3n de un hombre providencial, carism\u00e1tico, visionario, capaz de romper con el pasado y que ser\u00e1 el salvador de la sociedad. En este sentido Trump afirma \u201ctraer de vuelta el sue\u00f1o americano\u201d. Y promete terminar todas las crisis internacionales ya que de haber estado \u00e9l en la presidencia, ninguna guerra hubiera tenido lugar.<\/p>\n\n\n\n<p>Adem\u00e1s, ha asegurado que podr\u00eda parar los conflictos con tan solo una llamada y afirma con confianza: \u201cCon nuestra victoria en noviembre, se acabar\u00e1n los a\u00f1os de debilidad y caos\u201d.<\/p>\n\n\n\n<p>M\u00e1s all\u00e1 de utilizar cada uno de los recursos del discurso populista, la narrativa de Donald Trump es muy peligrosa, principalmente por estos factores:<\/p>\n\n\n\n<p><strong>-Miente descaradamente<\/strong>. Lo hace con los inmigrantes, con la inflaci\u00f3n y sobredimensionando su propio poder personal en el concierto internacional con una influencia que no tiene.<\/p>\n\n\n\n<p><strong>-Potencia el fanatismo y la religi\u00f3n<\/strong> al mostrarse como un Mes\u00edas que sobrevivi\u00f3 milagrosamente para salvar a su pueblo. Situaci\u00f3n similar a la del brasilero Jair Bolsonaro quien expresamente se hac\u00eda llamar \u201cMes\u00edas\u201d.<\/p>\n\n\n\n<p><strong>-Presenta sus enjuiciamientos y causas en la justicia como persecuciones<\/strong>. Ha afirmado ser v\u00edctima de \u201cuna caza de brujas\u201d y ha advertido, sin fundamento, que sus seguidores podr\u00edan ser los pr\u00f3ximos.<\/p>\n\n\n\n<p><strong>-Expresa que quiere unidad nacional, pero hace lo contrario<\/strong>: divide profundamente a la sociedad entre los que est\u00e1n con \u00e9l o en su contra. Su candidato a vicepresidente J. D. Vance ha insinuado que la ret\u00f3rica de los dem\u00f3cratas llev\u00f3 a que se produzca el atentado.<\/p>\n\n\n\n<p><strong>-No reconoce cr\u00edticas, ni hace autocr\u00edticas y desacredita a sus oponentes en el debate p\u00fablico<\/strong>. Estas actitudes aportan a la erosi\u00f3n de la democracia y sus instituciones. No hay que olvidar el desconocimiento de Trump cuando Biden fue el ganador en las elecciones de 2020, as\u00ed como tampoco su influencia en la toma del capitolio.<\/p>\n\n\n\n<p>Mientras avanza esta campa\u00f1a da la sensaci\u00f3n de estar hecha a la medida de Trump. El movimiento Maga (Make American Great Again) parece haber absorbido finalmente a la tradici\u00f3n republicana.<\/p>\n\n\n\n<p>Se suman, adem\u00e1s, un intento de magnicidio y un opositor octogenario -que parec\u00eda no querer renunciar a su candidatura y acab\u00f3 por hacerlo- que le facilitan el camino hacia la cima.<\/p>\n\n\n\n<p>Un recorrido cada vez m\u00e1s agradable para alguien que s\u00f3lo sabe expresarse con falacias y elocuencia. Y hace un show de s\u00ed mismo.<\/p>\n\n\n\n<p><\/p>\n\n\n\n<h3 class=\"wp-block-heading\"><strong>Tambi\u00e9n pod\u00e9s ver:<\/strong><\/h3>\n\n\n\n<p><\/p>\n\n\n\n<figure class=\"wp-block-embed is-type-wp-embed is-provider-el-regional wp-block-embed-el-regional\"><div class=\"wp-block-embed__wrapper\">\n<blockquote class=\"wp-embedded-content\" data-secret=\"cvMS68w3Ko\"><a href=\"https:\/\/elregionalvm.com.ar\/noticias-villa-maria\/politica-internacional-putin-y-kim-jong-un-una-relacion-que-exaspera-a-china-y-estados-unidos\/\">[Pol\u00edtica Internacional] Putin y Kim Jong-un, una relaci\u00f3n que exaspera a China y Estados Unidos<\/a><\/blockquote><iframe class=\"wp-embedded-content\" sandbox=\"allow-scripts\" security=\"restricted\" style=\"position: absolute; visibility: hidden;\" title=\"\u00ab[Pol\u00edtica Internacional] Putin y Kim Jong-un, una relaci\u00f3n que exaspera a China y Estados Unidos\u00bb \u2014 El Regional\" src=\"https:\/\/elregionalvm.com.ar\/noticias-villa-maria\/politica-internacional-putin-y-kim-jong-un-una-relacion-que-exaspera-a-china-y-estados-unidos\/embed\/#?secret=rxV160oLxP#?secret=cvMS68w3Ko\" data-secret=\"cvMS68w3Ko\" width=\"500\" height=\"282\" frameborder=\"0\" marginwidth=\"0\" marginheight=\"0\" scrolling=\"no\"><\/iframe>\n<\/div><\/figure>\n","protected":false},"excerpt":{"rendered":"<p>El intento de magnicidio al candidato republicano, a d\u00edas de la Convenci\u00f3n Nacional, le allana el camino a la reelecci\u00f3n. Trump logr\u00f3 hechizar a su p\u00fablico, posicion\u00e1ndose como un profeta de la verdad que sobrevivi\u00f3 para salvar a un pueblo en decadencia. Escribe: Lic. Natalia Pettinari (Analista de Pol\u00edtica Internacional) La candidatura de Donald Trump [&hellip;]<\/p>\n","protected":false},"author":4,"featured_media":96423,"comment_status":"open","ping_status":"open","sticky":false,"template":"","format":"standard","meta":{"site-sidebar-layout":"default","site-content-layout":"","ast-site-content-layout":"default","site-content-style":"default","site-sidebar-style":"default","ast-global-header-display":"","ast-banner-title-visibility":"","ast-main-header-display":"","ast-hfb-above-header-display":"","ast-hfb-below-header-display":"","ast-hfb-mobile-header-display":"","site-post-title":"","ast-breadcrumbs-content":"","ast-featured-img":"","footer-sml-layout":"","ast-disable-related-posts":"","theme-transparent-header-meta":"","adv-header-id-meta":"","stick-header-meta":"","header-above-stick-meta":"","header-main-stick-meta":"","header-below-stick-meta":"","astra-migrate-meta-layouts":"set","ast-page-background-enabled":"default","ast-page-background-meta":{"desktop":{"background-color":"","background-image":"","background-repeat":"repeat","background-position":"center center","background-size":"auto","background-attachment":"scroll","background-type":"","background-media":"","overlay-type":"","overlay-color":"","overlay-opacity":"","overlay-gradient":""},"tablet":{"background-color":"","background-image":"","background-repeat":"repeat","background-position":"center center","background-size":"auto","background-attachment":"scroll","background-type":"","background-media":"","overlay-type":"","overlay-color":"","overlay-opacity":"","overlay-gradient":""},"mobile":{"background-color":"","background-image":"","background-repeat":"repeat","background-position":"center center","background-size":"auto","background-attachment":"scroll","background-type":"","background-media":"","overlay-type":"","overlay-color":"","overlay-opacity":"","overlay-gradient":""}},"ast-content-background-meta":{"desktop":{"background-color":"var(--ast-global-color-5)","background-image":"","background-repeat":"repeat","background-position":"center center","background-size":"auto","background-attachment":"scroll","background-type":"","background-media":"","overlay-type":"","overlay-color":"","overlay-opacity":"","overlay-gradient":""},"tablet":{"background-color":"var(--ast-global-color-5)","background-image":"","background-repeat":"repeat","background-position":"center center","background-size":"auto","background-attachment":"scroll","background-type":"","background-media":"","overlay-type":"","overlay-color":"","overlay-opacity":"","overlay-gradient":""},"mobile":{"background-color":"var(--ast-global-color-5)","background-image":"","background-repeat":"repeat","background-position":"center center","background-size":"auto","background-attachment":"scroll","background-type":"","background-media":"","overlay-type":"","overlay-color":"","overlay-opacity":"","overlay-gradient":""}},"_jetpack_memberships_contains_paid_content":false,"_joinchat":[],"footnotes":""},"categories":[365,3557],"tags":[10847,3898,24211,1836,1560,5122,976,884,11069],"class_list":["post-96420","post","type-post","status-publish","format-standard","has-post-thumbnail","hentry","category-opinion","category-tercera","tag-atentado","tag-campana","tag-discurso-populista","tag-donald-trump","tag-estados-unidos","tag-joe-biden","tag-politica-internacional","tag-populismo","tag-republicanos"],"yoast_head":"<!-- This site is optimized with the Yoast SEO plugin v26.8 - https:\/\/yoast.com\/product\/yoast-seo-wordpress\/ -->\n<title>[Pol\u00edtica Internacional] El elegido: Una campa\u00f1a a la medida de Trump - El Regional<\/title>\n<meta name=\"robots\" content=\"index, follow, max-snippet:-1, max-image-preview:large, max-video-preview:-1\" \/>\n<link rel=\"canonical\" href=\"https:\/\/elregionalvm.com.ar\/noticias-villa-maria\/politica-internacional-el-elegido-una-campana-a-la-medida-de-trump\/\" \/>\n<meta property=\"og:locale\" content=\"es_ES\" \/>\n<meta property=\"og:type\" content=\"article\" \/>\n<meta property=\"og:title\" content=\"[Pol\u00edtica Internacional] El elegido: Una campa\u00f1a a la medida de Trump - El Regional\" \/>\n<meta property=\"og:description\" content=\"El intento de magnicidio al candidato republicano, a d\u00edas de la Convenci\u00f3n Nacional, le allana el camino a la reelecci\u00f3n. Trump logr\u00f3 hechizar a su p\u00fablico, posicion\u00e1ndose como un profeta de la verdad que sobrevivi\u00f3 para salvar a un pueblo en decadencia. Escribe: Lic. Natalia Pettinari (Analista de Pol\u00edtica Internacional) La candidatura de Donald Trump [&hellip;]\" \/>\n<meta property=\"og:url\" content=\"https:\/\/elregionalvm.com.ar\/noticias-villa-maria\/politica-internacional-el-elegido-una-campana-a-la-medida-de-trump\/\" \/>\n<meta property=\"og:site_name\" content=\"El Regional\" \/>\n<meta property=\"article:publisher\" content=\"https:\/\/www.facebook.com\/elregionalvm\" \/>\n<meta property=\"article:published_time\" content=\"2024-07-21T23:24:59+00:00\" \/>\n<meta property=\"article:modified_time\" content=\"2024-07-24T21:49:15+00:00\" \/>\n<meta property=\"og:image\" content=\"https:\/\/elregionalvm.com.ar\/noticias-villa-maria\/wp-content\/uploads\/2024\/07\/Trump-convencion-republicana-herido.jpg\" \/>\n\t<meta property=\"og:image:width\" content=\"800\" \/>\n\t<meta property=\"og:image:height\" content=\"450\" \/>\n\t<meta property=\"og:image:type\" content=\"image\/jpeg\" \/>\n<meta name=\"author\" content=\"Contenidos El Regional\" \/>\n<meta name=\"twitter:card\" content=\"summary_large_image\" \/>\n<meta name=\"twitter:creator\" content=\"@elregionalvm1\" \/>\n<meta name=\"twitter:site\" content=\"@elregionalvm1\" \/>\n<meta name=\"twitter:label1\" content=\"Escrito por\" \/>\n\t<meta name=\"twitter:data1\" content=\"Contenidos El Regional\" \/>\n\t<meta name=\"twitter:label2\" content=\"Tiempo de lectura\" \/>\n\t<meta name=\"twitter:data2\" content=\"6 minutos\" \/>\n<script type=\"application\/ld+json\" class=\"yoast-schema-graph\">{\"@context\":\"https:\/\/schema.org\",\"@graph\":[{\"@type\":\"Article\",\"@id\":\"https:\/\/elregionalvm.com.ar\/noticias-villa-maria\/politica-internacional-el-elegido-una-campana-a-la-medida-de-trump\/#article\",\"isPartOf\":{\"@id\":\"https:\/\/elregionalvm.com.ar\/noticias-villa-maria\/politica-internacional-el-elegido-una-campana-a-la-medida-de-trump\/\"},\"author\":{\"name\":\"Contenidos El Regional\",\"@id\":\"http:\/\/elregionalvm.com.ar\/noticias-villa-maria\/#\/schema\/person\/a0fb9c422317faca23d50163151bc354\"},\"headline\":\"[Pol\u00edtica Internacional] El elegido: Una campa\u00f1a a la medida de Trump\",\"datePublished\":\"2024-07-21T23:24:59+00:00\",\"dateModified\":\"2024-07-24T21:49:15+00:00\",\"mainEntityOfPage\":{\"@id\":\"https:\/\/elregionalvm.com.ar\/noticias-villa-maria\/politica-internacional-el-elegido-una-campana-a-la-medida-de-trump\/\"},\"wordCount\":1223,\"commentCount\":0,\"image\":{\"@id\":\"https:\/\/elregionalvm.com.ar\/noticias-villa-maria\/politica-internacional-el-elegido-una-campana-a-la-medida-de-trump\/#primaryimage\"},\"thumbnailUrl\":\"https:\/\/i0.wp.com\/elregionalvm.com.ar\/noticias-villa-maria\/wp-content\/uploads\/2024\/07\/Trump-convencion-republicana-herido.jpg?fit=800%2C450&ssl=1\",\"keywords\":[\"Atentado\",\"campa\u00f1a\",\"discurso populista\",\"Donald Trump\",\"Estados unidos\",\"Joe Biden\",\"Pol\u00edtica Internacional\",\"Populismo\",\"Republicanos\"],\"articleSection\":[\"Opini\u00f3n\",\"tercera\"],\"inLanguage\":\"es\",\"potentialAction\":[{\"@type\":\"CommentAction\",\"name\":\"Comment\",\"target\":[\"https:\/\/elregionalvm.com.ar\/noticias-villa-maria\/politica-internacional-el-elegido-una-campana-a-la-medida-de-trump\/#respond\"]}]},{\"@type\":\"WebPage\",\"@id\":\"https:\/\/elregionalvm.com.ar\/noticias-villa-maria\/politica-internacional-el-elegido-una-campana-a-la-medida-de-trump\/\",\"url\":\"https:\/\/elregionalvm.com.ar\/noticias-villa-maria\/politica-internacional-el-elegido-una-campana-a-la-medida-de-trump\/\",\"name\":\"[Pol\u00edtica Internacional] El elegido: Una campa\u00f1a a la medida de Trump - El Regional\",\"isPartOf\":{\"@id\":\"http:\/\/elregionalvm.com.ar\/noticias-villa-maria\/#website\"},\"primaryImageOfPage\":{\"@id\":\"https:\/\/elregionalvm.com.ar\/noticias-villa-maria\/politica-internacional-el-elegido-una-campana-a-la-medida-de-trump\/#primaryimage\"},\"image\":{\"@id\":\"https:\/\/elregionalvm.com.ar\/noticias-villa-maria\/politica-internacional-el-elegido-una-campana-a-la-medida-de-trump\/#primaryimage\"},\"thumbnailUrl\":\"https:\/\/i0.wp.com\/elregionalvm.com.ar\/noticias-villa-maria\/wp-content\/uploads\/2024\/07\/Trump-convencion-republicana-herido.jpg?fit=800%2C450&ssl=1\",\"datePublished\":\"2024-07-21T23:24:59+00:00\",\"dateModified\":\"2024-07-24T21:49:15+00:00\",\"author\":{\"@id\":\"http:\/\/elregionalvm.com.ar\/noticias-villa-maria\/#\/schema\/person\/a0fb9c422317faca23d50163151bc354\"},\"breadcrumb\":{\"@id\":\"https:\/\/elregionalvm.com.ar\/noticias-villa-maria\/politica-internacional-el-elegido-una-campana-a-la-medida-de-trump\/#breadcrumb\"},\"inLanguage\":\"es\",\"potentialAction\":[{\"@type\":\"ReadAction\",\"target\":[\"https:\/\/elregionalvm.com.ar\/noticias-villa-maria\/politica-internacional-el-elegido-una-campana-a-la-medida-de-trump\/\"]}]},{\"@type\":\"ImageObject\",\"inLanguage\":\"es\",\"@id\":\"https:\/\/elregionalvm.com.ar\/noticias-villa-maria\/politica-internacional-el-elegido-una-campana-a-la-medida-de-trump\/#primaryimage\",\"url\":\"https:\/\/i0.wp.com\/elregionalvm.com.ar\/noticias-villa-maria\/wp-content\/uploads\/2024\/07\/Trump-convencion-republicana-herido.jpg?fit=800%2C450&ssl=1\",\"contentUrl\":\"https:\/\/i0.wp.com\/elregionalvm.com.ar\/noticias-villa-maria\/wp-content\/uploads\/2024\/07\/Trump-convencion-republicana-herido.jpg?fit=800%2C450&ssl=1\",\"width\":800,\"height\":450},{\"@type\":\"BreadcrumbList\",\"@id\":\"https:\/\/elregionalvm.com.ar\/noticias-villa-maria\/politica-internacional-el-elegido-una-campana-a-la-medida-de-trump\/#breadcrumb\",\"itemListElement\":[{\"@type\":\"ListItem\",\"position\":1,\"name\":\"Portada\",\"item\":\"https:\/\/elregionalvm.com.ar\/noticias-villa-maria\/\"},{\"@type\":\"ListItem\",\"position\":2,\"name\":\"[Pol\u00edtica Internacional] El elegido: Una campa\u00f1a a la medida de Trump\"}]},{\"@type\":\"WebSite\",\"@id\":\"http:\/\/elregionalvm.com.ar\/noticias-villa-maria\/#website\",\"url\":\"http:\/\/elregionalvm.com.ar\/noticias-villa-maria\/\",\"name\":\"El Regional\",\"description\":\"Mucho m\u00e1s que informaci\u00f3n\",\"potentialAction\":[{\"@type\":\"SearchAction\",\"target\":{\"@type\":\"EntryPoint\",\"urlTemplate\":\"http:\/\/elregionalvm.com.ar\/noticias-villa-maria\/?s={search_term_string}\"},\"query-input\":{\"@type\":\"PropertyValueSpecification\",\"valueRequired\":true,\"valueName\":\"search_term_string\"}}],\"inLanguage\":\"es\"},{\"@type\":\"Person\",\"@id\":\"http:\/\/elregionalvm.com.ar\/noticias-villa-maria\/#\/schema\/person\/a0fb9c422317faca23d50163151bc354\",\"name\":\"Contenidos El Regional\",\"image\":{\"@type\":\"ImageObject\",\"inLanguage\":\"es\",\"@id\":\"http:\/\/elregionalvm.com.ar\/noticias-villa-maria\/#\/schema\/person\/image\/\",\"url\":\"https:\/\/secure.gravatar.com\/avatar\/265b27cb2209af7bb3a1318f03305787d7981a5cc6e6cd08fe5a4ecdf99d4b48?s=96&d=mm&r=g\",\"contentUrl\":\"https:\/\/secure.gravatar.com\/avatar\/265b27cb2209af7bb3a1318f03305787d7981a5cc6e6cd08fe5a4ecdf99d4b48?s=96&d=mm&r=g\",\"caption\":\"Contenidos El Regional\"},\"url\":\"https:\/\/elregionalvm.com.ar\/noticias-villa-maria\/author\/contenido\/\"}]}<\/script>\n<!-- \/ Yoast SEO plugin. -->","yoast_head_json":{"title":"[Pol\u00edtica Internacional] El elegido: Una campa\u00f1a a la medida de Trump - El Regional","robots":{"index":"index","follow":"follow","max-snippet":"max-snippet:-1","max-image-preview":"max-image-preview:large","max-video-preview":"max-video-preview:-1"},"canonical":"https:\/\/elregionalvm.com.ar\/noticias-villa-maria\/politica-internacional-el-elegido-una-campana-a-la-medida-de-trump\/","og_locale":"es_ES","og_type":"article","og_title":"[Pol\u00edtica Internacional] El elegido: Una campa\u00f1a a la medida de Trump - El Regional","og_description":"El intento de magnicidio al candidato republicano, a d\u00edas de la Convenci\u00f3n Nacional, le allana el camino a la reelecci\u00f3n. Trump logr\u00f3 hechizar a su p\u00fablico, posicion\u00e1ndose como un profeta de la verdad que sobrevivi\u00f3 para salvar a un pueblo en decadencia. Escribe: Lic. Natalia Pettinari (Analista de Pol\u00edtica Internacional) La candidatura de Donald Trump [&hellip;]","og_url":"https:\/\/elregionalvm.com.ar\/noticias-villa-maria\/politica-internacional-el-elegido-una-campana-a-la-medida-de-trump\/","og_site_name":"El Regional","article_publisher":"https:\/\/www.facebook.com\/elregionalvm","article_published_time":"2024-07-21T23:24:59+00:00","article_modified_time":"2024-07-24T21:49:15+00:00","og_image":[{"width":800,"height":450,"url":"https:\/\/elregionalvm.com.ar\/noticias-villa-maria\/wp-content\/uploads\/2024\/07\/Trump-convencion-republicana-herido.jpg","type":"image\/jpeg"}],"author":"Contenidos El Regional","twitter_card":"summary_large_image","twitter_creator":"@elregionalvm1","twitter_site":"@elregionalvm1","twitter_misc":{"Escrito por":"Contenidos El Regional","Tiempo de lectura":"6 minutos"},"schema":{"@context":"https:\/\/schema.org","@graph":[{"@type":"Article","@id":"https:\/\/elregionalvm.com.ar\/noticias-villa-maria\/politica-internacional-el-elegido-una-campana-a-la-medida-de-trump\/#article","isPartOf":{"@id":"https:\/\/elregionalvm.com.ar\/noticias-villa-maria\/politica-internacional-el-elegido-una-campana-a-la-medida-de-trump\/"},"author":{"name":"Contenidos El Regional","@id":"http:\/\/elregionalvm.com.ar\/noticias-villa-maria\/#\/schema\/person\/a0fb9c422317faca23d50163151bc354"},"headline":"[Pol\u00edtica Internacional] El elegido: Una campa\u00f1a a la medida de Trump","datePublished":"2024-07-21T23:24:59+00:00","dateModified":"2024-07-24T21:49:15+00:00","mainEntityOfPage":{"@id":"https:\/\/elregionalvm.com.ar\/noticias-villa-maria\/politica-internacional-el-elegido-una-campana-a-la-medida-de-trump\/"},"wordCount":1223,"commentCount":0,"image":{"@id":"https:\/\/elregionalvm.com.ar\/noticias-villa-maria\/politica-internacional-el-elegido-una-campana-a-la-medida-de-trump\/#primaryimage"},"thumbnailUrl":"https:\/\/i0.wp.com\/elregionalvm.com.ar\/noticias-villa-maria\/wp-content\/uploads\/2024\/07\/Trump-convencion-republicana-herido.jpg?fit=800%2C450&ssl=1","keywords":["Atentado","campa\u00f1a","discurso populista","Donald Trump","Estados unidos","Joe Biden","Pol\u00edtica Internacional","Populismo","Republicanos"],"articleSection":["Opini\u00f3n","tercera"],"inLanguage":"es","potentialAction":[{"@type":"CommentAction","name":"Comment","target":["https:\/\/elregionalvm.com.ar\/noticias-villa-maria\/politica-internacional-el-elegido-una-campana-a-la-medida-de-trump\/#respond"]}]},{"@type":"WebPage","@id":"https:\/\/elregionalvm.com.ar\/noticias-villa-maria\/politica-internacional-el-elegido-una-campana-a-la-medida-de-trump\/","url":"https:\/\/elregionalvm.com.ar\/noticias-villa-maria\/politica-internacional-el-elegido-una-campana-a-la-medida-de-trump\/","name":"[Pol\u00edtica Internacional] El elegido: Una campa\u00f1a a la medida de Trump - El Regional","isPartOf":{"@id":"http:\/\/elregionalvm.com.ar\/noticias-villa-maria\/#website"},"primaryImageOfPage":{"@id":"https:\/\/elregionalvm.com.ar\/noticias-villa-maria\/politica-internacional-el-elegido-una-campana-a-la-medida-de-trump\/#primaryimage"},"image":{"@id":"https:\/\/elregionalvm.com.ar\/noticias-villa-maria\/politica-internacional-el-elegido-una-campana-a-la-medida-de-trump\/#primaryimage"},"thumbnailUrl":"https:\/\/i0.wp.com\/elregionalvm.com.ar\/noticias-villa-maria\/wp-content\/uploads\/2024\/07\/Trump-convencion-republicana-herido.jpg?fit=800%2C450&ssl=1","datePublished":"2024-07-21T23:24:59+00:00","dateModified":"2024-07-24T21:49:15+00:00","author":{"@id":"http:\/\/elregionalvm.com.ar\/noticias-villa-maria\/#\/schema\/person\/a0fb9c422317faca23d50163151bc354"},"breadcrumb":{"@id":"https:\/\/elregionalvm.com.ar\/noticias-villa-maria\/politica-internacional-el-elegido-una-campana-a-la-medida-de-trump\/#breadcrumb"},"inLanguage":"es","potentialAction":[{"@type":"ReadAction","target":["https:\/\/elregionalvm.com.ar\/noticias-villa-maria\/politica-internacional-el-elegido-una-campana-a-la-medida-de-trump\/"]}]},{"@type":"ImageObject","inLanguage":"es","@id":"https:\/\/elregionalvm.com.ar\/noticias-villa-maria\/politica-internacional-el-elegido-una-campana-a-la-medida-de-trump\/#primaryimage","url":"https:\/\/i0.wp.com\/elregionalvm.com.ar\/noticias-villa-maria\/wp-content\/uploads\/2024\/07\/Trump-convencion-republicana-herido.jpg?fit=800%2C450&ssl=1","contentUrl":"https:\/\/i0.wp.com\/elregionalvm.com.ar\/noticias-villa-maria\/wp-content\/uploads\/2024\/07\/Trump-convencion-republicana-herido.jpg?fit=800%2C450&ssl=1","width":800,"height":450},{"@type":"BreadcrumbList","@id":"https:\/\/elregionalvm.com.ar\/noticias-villa-maria\/politica-internacional-el-elegido-una-campana-a-la-medida-de-trump\/#breadcrumb","itemListElement":[{"@type":"ListItem","position":1,"name":"Portada","item":"https:\/\/elregionalvm.com.ar\/noticias-villa-maria\/"},{"@type":"ListItem","position":2,"name":"[Pol\u00edtica Internacional] El elegido: Una campa\u00f1a a la medida de Trump"}]},{"@type":"WebSite","@id":"http:\/\/elregionalvm.com.ar\/noticias-villa-maria\/#website","url":"http:\/\/elregionalvm.com.ar\/noticias-villa-maria\/","name":"El Regional","description":"Mucho m\u00e1s que informaci\u00f3n","potentialAction":[{"@type":"SearchAction","target":{"@type":"EntryPoint","urlTemplate":"http:\/\/elregionalvm.com.ar\/noticias-villa-maria\/?s={search_term_string}"},"query-input":{"@type":"PropertyValueSpecification","valueRequired":true,"valueName":"search_term_string"}}],"inLanguage":"es"},{"@type":"Person","@id":"http:\/\/elregionalvm.com.ar\/noticias-villa-maria\/#\/schema\/person\/a0fb9c422317faca23d50163151bc354","name":"Contenidos El Regional","image":{"@type":"ImageObject","inLanguage":"es","@id":"http:\/\/elregionalvm.com.ar\/noticias-villa-maria\/#\/schema\/person\/image\/","url":"https:\/\/secure.gravatar.com\/avatar\/265b27cb2209af7bb3a1318f03305787d7981a5cc6e6cd08fe5a4ecdf99d4b48?s=96&d=mm&r=g","contentUrl":"https:\/\/secure.gravatar.com\/avatar\/265b27cb2209af7bb3a1318f03305787d7981a5cc6e6cd08fe5a4ecdf99d4b48?s=96&d=mm&r=g","caption":"Contenidos El Regional"},"url":"https:\/\/elregionalvm.com.ar\/noticias-villa-maria\/author\/contenido\/"}]}},"jetpack_featured_media_url":"https:\/\/i0.wp.com\/elregionalvm.com.ar\/noticias-villa-maria\/wp-content\/uploads\/2024\/07\/Trump-convencion-republicana-herido.jpg?fit=800%2C450&ssl=1","jetpack_sharing_enabled":true,"_links":{"self":[{"href":"https:\/\/elregionalvm.com.ar\/noticias-villa-maria\/wp-json\/wp\/v2\/posts\/96420","targetHints":{"allow":["GET"]}}],"collection":[{"href":"https:\/\/elregionalvm.com.ar\/noticias-villa-maria\/wp-json\/wp\/v2\/posts"}],"about":[{"href":"https:\/\/elregionalvm.com.ar\/noticias-villa-maria\/wp-json\/wp\/v2\/types\/post"}],"author":[{"embeddable":true,"href":"https:\/\/elregionalvm.com.ar\/noticias-villa-maria\/wp-json\/wp\/v2\/users\/4"}],"replies":[{"embeddable":true,"href":"https:\/\/elregionalvm.com.ar\/noticias-villa-maria\/wp-json\/wp\/v2\/comments?post=96420"}],"version-history":[{"count":1,"href":"https:\/\/elregionalvm.com.ar\/noticias-villa-maria\/wp-json\/wp\/v2\/posts\/96420\/revisions"}],"predecessor-version":[{"id":96424,"href":"https:\/\/elregionalvm.com.ar\/noticias-villa-maria\/wp-json\/wp\/v2\/posts\/96420\/revisions\/96424"}],"wp:featuredmedia":[{"embeddable":true,"href":"https:\/\/elregionalvm.com.ar\/noticias-villa-maria\/wp-json\/wp\/v2\/media\/96423"}],"wp:attachment":[{"href":"https:\/\/elregionalvm.com.ar\/noticias-villa-maria\/wp-json\/wp\/v2\/media?parent=96420"}],"wp:term":[{"taxonomy":"category","embeddable":true,"href":"https:\/\/elregionalvm.com.ar\/noticias-villa-maria\/wp-json\/wp\/v2\/categories?post=96420"},{"taxonomy":"post_tag","embeddable":true,"href":"https:\/\/elregionalvm.com.ar\/noticias-villa-maria\/wp-json\/wp\/v2\/tags?post=96420"}],"curies":[{"name":"wp","href":"https:\/\/api.w.org\/{rel}","templated":true}]}}