{"id":96444,"date":"2024-07-22T20:38:14","date_gmt":"2024-07-22T20:38:14","guid":{"rendered":"https:\/\/elregionalvm.com.ar\/noticias-villa-maria\/?p=96444"},"modified":"2024-07-23T02:50:02","modified_gmt":"2024-07-23T02:50:02","slug":"el-intendente-accastello-habilito-obras-de-gas-y-calefaccion-electrica-en-los-jardines-infantes-republica-del-paraguay-y-jose-manuel-estrada","status":"publish","type":"post","link":"https:\/\/elregionalvm.com.ar\/noticias-villa-maria\/el-intendente-accastello-habilito-obras-de-gas-y-calefaccion-electrica-en-los-jardines-infantes-republica-del-paraguay-y-jose-manuel-estrada\/","title":{"rendered":"Habilitaron obras de gas y calefacci\u00f3n el\u00e9ctrica en los jardines de infantes Rep\u00fablica del Paraguay y Jos\u00e9 Manuel Estrada"},"content":{"rendered":"\n<p>La Municipalidad informa que se habilitaron las reconexiones del servicio de gas en las escuelas Rep\u00fablica del Paraguay y Jos\u00e9 Manuel Estrada de barrio Bello Horizonte<\/p>\n\n\n\n<p>En tal sentido, el intendente municipal Eduardo Accastello, junto a la secretar\u00eda de Infraestructura, Desarrollo Urbano y Ambiente, Alejandra Barbero y al responsable Fondo para la Descentralizaci\u00f3n del Mantenimiento de Edificios Escolares Provinciales (FODEMEEP), Cristian Ghiano, recorrieron las instalaciones de las mencionadas instituciones educativas.<\/p>\n\n\n\n<figure class=\"wp-block-image size-large\"><img data-recalc-dims=\"1\" fetchpriority=\"high\" decoding=\"async\" width=\"1024\" height=\"682\" src=\"https:\/\/i0.wp.com\/elregionalvm.com.ar\/noticias-villa-maria\/wp-content\/uploads\/2024\/07\/WhatsApp-Image-2024-07-22-at-10.44.25.jpeg?resize=1024%2C682&#038;ssl=1\" alt=\"\" class=\"wp-image-96447\" srcset=\"https:\/\/i0.wp.com\/elregionalvm.com.ar\/noticias-villa-maria\/wp-content\/uploads\/2024\/07\/WhatsApp-Image-2024-07-22-at-10.44.25.jpeg?resize=1024%2C682&amp;ssl=1 1024w, https:\/\/i0.wp.com\/elregionalvm.com.ar\/noticias-villa-maria\/wp-content\/uploads\/2024\/07\/WhatsApp-Image-2024-07-22-at-10.44.25.jpeg?resize=300%2C200&amp;ssl=1 300w, https:\/\/i0.wp.com\/elregionalvm.com.ar\/noticias-villa-maria\/wp-content\/uploads\/2024\/07\/WhatsApp-Image-2024-07-22-at-10.44.25.jpeg?resize=768%2C512&amp;ssl=1 768w, https:\/\/i0.wp.com\/elregionalvm.com.ar\/noticias-villa-maria\/wp-content\/uploads\/2024\/07\/WhatsApp-Image-2024-07-22-at-10.44.25.jpeg?w=1280&amp;ssl=1 1280w\" sizes=\"(max-width: 1000px) 100vw, 1000px\" \/><\/figure>\n\n\n\n<p>Las obras se ejecutaron a trav\u00e9s del citado Fondo y tuvieron como objetivo mejorar las condiciones integrales en los establecimientos educativos p\u00fablicos de acuerdo a las necesidades puntuales de cada instituci\u00f3n.<\/p>\n\n\n\n<p>Cabe se\u00f1alar que las labores contin\u00faan en las escuelas San Mart\u00edn, Alberdi, Dalmacio V\u00e9lez Sarsfield, Justo Jos\u00e9 Urquiza, Jos\u00e9 Ingenieros y Jos\u00e9 M\u00e1rmol, tanto en jardines de infantes como en el sector del nivel primario.<\/p>\n\n\n\n<p>All\u00ed, se avanza en obras vinculadas a instalaci\u00f3n, refuerzo el\u00e9ctrico, red de gas natural, colocaci\u00f3n de aires acondicionados fr\u00edo-calor y mejoras en la infraestructura que podr\u00e1n ser utilizadas en los pr\u00f3ximos d\u00edas.<\/p>\n\n\n\n<figure class=\"wp-block-image size-large\"><img data-recalc-dims=\"1\" decoding=\"async\" width=\"1024\" height=\"922\" src=\"https:\/\/i0.wp.com\/elregionalvm.com.ar\/noticias-villa-maria\/wp-content\/uploads\/2024\/07\/WhatsApp-Image-2024-07-22-at-10.44.26.jpeg?resize=1024%2C922&#038;ssl=1\" alt=\"\" class=\"wp-image-96445\" srcset=\"https:\/\/i0.wp.com\/elregionalvm.com.ar\/noticias-villa-maria\/wp-content\/uploads\/2024\/07\/WhatsApp-Image-2024-07-22-at-10.44.26.jpeg?resize=1024%2C922&amp;ssl=1 1024w, https:\/\/i0.wp.com\/elregionalvm.com.ar\/noticias-villa-maria\/wp-content\/uploads\/2024\/07\/WhatsApp-Image-2024-07-22-at-10.44.26.jpeg?resize=300%2C270&amp;ssl=1 300w, https:\/\/i0.wp.com\/elregionalvm.com.ar\/noticias-villa-maria\/wp-content\/uploads\/2024\/07\/WhatsApp-Image-2024-07-22-at-10.44.26.jpeg?resize=768%2C691&amp;ssl=1 768w, https:\/\/i0.wp.com\/elregionalvm.com.ar\/noticias-villa-maria\/wp-content\/uploads\/2024\/07\/WhatsApp-Image-2024-07-22-at-10.44.26.jpeg?w=1184&amp;ssl=1 1184w\" sizes=\"(max-width: 1000px) 100vw, 1000px\" \/><\/figure>\n\n\n\n<p>Es importante mencionar que estas acciones integran el programa \u201cEscuelas Calefaccionadas\u201d que se articula con FODEMEEP y Programa Aurora, por medio del cual el Municipio entreg\u00f3 caloventores el\u00e9ctricos y calefactores, entre otros elementos.<\/p>\n","protected":false},"excerpt":{"rendered":"<p>La Municipalidad informa que se habilitaron las reconexiones del servicio de gas en las escuelas Rep\u00fablica del Paraguay y Jos\u00e9 Manuel Estrada de barrio Bello Horizonte En tal sentido, el intendente municipal Eduardo Accastello, junto a la secretar\u00eda de Infraestructura, Desarrollo Urbano y Ambiente, Alejandra Barbero y al responsable Fondo para la Descentralizaci\u00f3n del Mantenimiento [&hellip;]<\/p>\n","protected":false},"author":4,"featured_media":96446,"comment_status":"open","ping_status":"open","sticky":false,"template":"","format":"standard","meta":{"site-sidebar-layout":"default","site-content-layout":"","ast-site-content-layout":"default","site-content-style":"default","site-sidebar-style":"default","ast-global-header-display":"","ast-banner-title-visibility":"","ast-main-header-display":"","ast-hfb-above-header-display":"","ast-hfb-below-header-display":"","ast-hfb-mobile-header-display":"","site-post-title":"","ast-breadcrumbs-content":"","ast-featured-img":"","footer-sml-layout":"","ast-disable-related-posts":"","theme-transparent-header-meta":"","adv-header-id-meta":"","stick-header-meta":"","header-above-stick-meta":"","header-main-stick-meta":"","header-below-stick-meta":"","astra-migrate-meta-layouts":"set","ast-page-background-enabled":"default","ast-page-background-meta":{"desktop":{"background-color":"","background-image":"","background-repeat":"repeat","background-position":"center center","background-size":"auto","background-attachment":"scroll","background-type":"","background-media":"","overlay-type":"","overlay-color":"","overlay-opacity":"","overlay-gradient":""},"tablet":{"background-color":"","background-image":"","background-repeat":"repeat","background-position":"center center","background-size":"auto","background-attachment":"scroll","background-type":"","background-media":"","overlay-type":"","overlay-color":"","overlay-opacity":"","overlay-gradient":""},"mobile":{"background-color":"","background-image":"","background-repeat":"repeat","background-position":"center center","background-size":"auto","background-attachment":"scroll","background-type":"","background-media":"","overlay-type":"","overlay-color":"","overlay-opacity":"","overlay-gradient":""}},"ast-content-background-meta":{"desktop":{"background-color":"var(--ast-global-color-5)","background-image":"","background-repeat":"repeat","background-position":"center center","background-size":"auto","background-attachment":"scroll","background-type":"","background-media":"","overlay-type":"","overlay-color":"","overlay-opacity":"","overlay-gradient":""},"tablet":{"background-color":"var(--ast-global-color-5)","background-image":"","background-repeat":"repeat","background-position":"center center","background-size":"auto","background-attachment":"scroll","background-type":"","background-media":"","overlay-type":"","overlay-color":"","overlay-opacity":"","overlay-gradient":""},"mobile":{"background-color":"var(--ast-global-color-5)","background-image":"","background-repeat":"repeat","background-position":"center center","background-size":"auto","background-attachment":"scroll","background-type":"","background-media":"","overlay-type":"","overlay-color":"","overlay-opacity":"","overlay-gradient":""}},"_jetpack_memberships_contains_paid_content":false,"_joinchat":[],"footnotes":""},"categories":[15302,5,2],"tags":[],"class_list":["post-96444","post","type-post","status-publish","format-standard","has-post-thumbnail","hentry","category-destacado","category-sociedad","category-villa-maria"],"yoast_head":"<!-- This site is optimized with the Yoast SEO plugin v26.8 - https:\/\/yoast.com\/product\/yoast-seo-wordpress\/ -->\n<title>Habilitaron obras de gas y calefacci\u00f3n el\u00e9ctrica en los jardines de infantes Rep\u00fablica del Paraguay y Jos\u00e9 Manuel Estrada - El Regional<\/title>\n<meta name=\"robots\" content=\"index, follow, max-snippet:-1, max-image-preview:large, max-video-preview:-1\" \/>\n<link rel=\"canonical\" href=\"https:\/\/elregionalvm.com.ar\/noticias-villa-maria\/el-intendente-accastello-habilito-obras-de-gas-y-calefaccion-electrica-en-los-jardines-infantes-republica-del-paraguay-y-jose-manuel-estrada\/\" \/>\n<meta property=\"og:locale\" content=\"es_ES\" \/>\n<meta property=\"og:type\" content=\"article\" \/>\n<meta property=\"og:title\" content=\"Habilitaron obras de gas y calefacci\u00f3n el\u00e9ctrica en los jardines de infantes Rep\u00fablica del Paraguay y Jos\u00e9 Manuel Estrada - El Regional\" \/>\n<meta property=\"og:description\" content=\"La Municipalidad informa que se habilitaron las reconexiones del servicio de gas en las escuelas Rep\u00fablica del Paraguay y Jos\u00e9 Manuel Estrada de barrio Bello Horizonte En tal sentido, el intendente municipal Eduardo Accastello, junto a la secretar\u00eda de Infraestructura, Desarrollo Urbano y Ambiente, Alejandra Barbero y al responsable Fondo para la Descentralizaci\u00f3n del Mantenimiento [&hellip;]\" \/>\n<meta property=\"og:url\" content=\"https:\/\/elregionalvm.com.ar\/noticias-villa-maria\/el-intendente-accastello-habilito-obras-de-gas-y-calefaccion-electrica-en-los-jardines-infantes-republica-del-paraguay-y-jose-manuel-estrada\/\" \/>\n<meta property=\"og:site_name\" content=\"El Regional\" \/>\n<meta property=\"article:publisher\" content=\"https:\/\/www.facebook.com\/elregionalvm\" \/>\n<meta property=\"article:published_time\" content=\"2024-07-22T20:38:14+00:00\" \/>\n<meta property=\"article:modified_time\" content=\"2024-07-23T02:50:02+00:00\" \/>\n<meta property=\"og:image\" content=\"https:\/\/elregionalvm.com.ar\/noticias-villa-maria\/wp-content\/uploads\/2024\/07\/WhatsApp-Image-2024-07-22-at-10.44.27.jpeg\" \/>\n\t<meta property=\"og:image:width\" content=\"1280\" \/>\n\t<meta property=\"og:image:height\" content=\"853\" \/>\n\t<meta property=\"og:image:type\" content=\"image\/jpeg\" \/>\n<meta name=\"author\" content=\"Contenidos El Regional\" \/>\n<meta name=\"twitter:card\" content=\"summary_large_image\" \/>\n<meta name=\"twitter:creator\" content=\"@elregionalvm1\" \/>\n<meta name=\"twitter:site\" content=\"@elregionalvm1\" \/>\n<meta name=\"twitter:label1\" content=\"Escrito por\" \/>\n\t<meta name=\"twitter:data1\" content=\"Contenidos El Regional\" \/>\n\t<meta name=\"twitter:label2\" content=\"Tiempo de lectura\" \/>\n\t<meta name=\"twitter:data2\" content=\"2 minutos\" \/>\n<script type=\"application\/ld+json\" class=\"yoast-schema-graph\">{\"@context\":\"https:\/\/schema.org\",\"@graph\":[{\"@type\":\"Article\",\"@id\":\"https:\/\/elregionalvm.com.ar\/noticias-villa-maria\/el-intendente-accastello-habilito-obras-de-gas-y-calefaccion-electrica-en-los-jardines-infantes-republica-del-paraguay-y-jose-manuel-estrada\/#article\",\"isPartOf\":{\"@id\":\"https:\/\/elregionalvm.com.ar\/noticias-villa-maria\/el-intendente-accastello-habilito-obras-de-gas-y-calefaccion-electrica-en-los-jardines-infantes-republica-del-paraguay-y-jose-manuel-estrada\/\"},\"author\":{\"name\":\"Contenidos El Regional\",\"@id\":\"http:\/\/elregionalvm.com.ar\/noticias-villa-maria\/#\/schema\/person\/a0fb9c422317faca23d50163151bc354\"},\"headline\":\"Habilitaron obras de gas y calefacci\u00f3n el\u00e9ctrica en los jardines de infantes Rep\u00fablica del Paraguay y Jos\u00e9 Manuel Estrada\",\"datePublished\":\"2024-07-22T20:38:14+00:00\",\"dateModified\":\"2024-07-23T02:50:02+00:00\",\"mainEntityOfPage\":{\"@id\":\"https:\/\/elregionalvm.com.ar\/noticias-villa-maria\/el-intendente-accastello-habilito-obras-de-gas-y-calefaccion-electrica-en-los-jardines-infantes-republica-del-paraguay-y-jose-manuel-estrada\/\"},\"wordCount\":242,\"commentCount\":0,\"image\":{\"@id\":\"https:\/\/elregionalvm.com.ar\/noticias-villa-maria\/el-intendente-accastello-habilito-obras-de-gas-y-calefaccion-electrica-en-los-jardines-infantes-republica-del-paraguay-y-jose-manuel-estrada\/#primaryimage\"},\"thumbnailUrl\":\"https:\/\/i0.wp.com\/elregionalvm.com.ar\/noticias-villa-maria\/wp-content\/uploads\/2024\/07\/WhatsApp-Image-2024-07-22-at-10.44.27.jpeg?fit=1280%2C853&ssl=1\",\"articleSection\":[\"destacado\",\"Sociedad\",\"Villa Mar\u00eda\"],\"inLanguage\":\"es\",\"potentialAction\":[{\"@type\":\"CommentAction\",\"name\":\"Comment\",\"target\":[\"https:\/\/elregionalvm.com.ar\/noticias-villa-maria\/el-intendente-accastello-habilito-obras-de-gas-y-calefaccion-electrica-en-los-jardines-infantes-republica-del-paraguay-y-jose-manuel-estrada\/#respond\"]}]},{\"@type\":\"WebPage\",\"@id\":\"https:\/\/elregionalvm.com.ar\/noticias-villa-maria\/el-intendente-accastello-habilito-obras-de-gas-y-calefaccion-electrica-en-los-jardines-infantes-republica-del-paraguay-y-jose-manuel-estrada\/\",\"url\":\"https:\/\/elregionalvm.com.ar\/noticias-villa-maria\/el-intendente-accastello-habilito-obras-de-gas-y-calefaccion-electrica-en-los-jardines-infantes-republica-del-paraguay-y-jose-manuel-estrada\/\",\"name\":\"Habilitaron obras de gas y calefacci\u00f3n el\u00e9ctrica en los jardines de infantes Rep\u00fablica del Paraguay y Jos\u00e9 Manuel Estrada - El Regional\",\"isPartOf\":{\"@id\":\"http:\/\/elregionalvm.com.ar\/noticias-villa-maria\/#website\"},\"primaryImageOfPage\":{\"@id\":\"https:\/\/elregionalvm.com.ar\/noticias-villa-maria\/el-intendente-accastello-habilito-obras-de-gas-y-calefaccion-electrica-en-los-jardines-infantes-republica-del-paraguay-y-jose-manuel-estrada\/#primaryimage\"},\"image\":{\"@id\":\"https:\/\/elregionalvm.com.ar\/noticias-villa-maria\/el-intendente-accastello-habilito-obras-de-gas-y-calefaccion-electrica-en-los-jardines-infantes-republica-del-paraguay-y-jose-manuel-estrada\/#primaryimage\"},\"thumbnailUrl\":\"https:\/\/i0.wp.com\/elregionalvm.com.ar\/noticias-villa-maria\/wp-content\/uploads\/2024\/07\/WhatsApp-Image-2024-07-22-at-10.44.27.jpeg?fit=1280%2C853&ssl=1\",\"datePublished\":\"2024-07-22T20:38:14+00:00\",\"dateModified\":\"2024-07-23T02:50:02+00:00\",\"author\":{\"@id\":\"http:\/\/elregionalvm.com.ar\/noticias-villa-maria\/#\/schema\/person\/a0fb9c422317faca23d50163151bc354\"},\"breadcrumb\":{\"@id\":\"https:\/\/elregionalvm.com.ar\/noticias-villa-maria\/el-intendente-accastello-habilito-obras-de-gas-y-calefaccion-electrica-en-los-jardines-infantes-republica-del-paraguay-y-jose-manuel-estrada\/#breadcrumb\"},\"inLanguage\":\"es\",\"potentialAction\":[{\"@type\":\"ReadAction\",\"target\":[\"https:\/\/elregionalvm.com.ar\/noticias-villa-maria\/el-intendente-accastello-habilito-obras-de-gas-y-calefaccion-electrica-en-los-jardines-infantes-republica-del-paraguay-y-jose-manuel-estrada\/\"]}]},{\"@type\":\"ImageObject\",\"inLanguage\":\"es\",\"@id\":\"https:\/\/elregionalvm.com.ar\/noticias-villa-maria\/el-intendente-accastello-habilito-obras-de-gas-y-calefaccion-electrica-en-los-jardines-infantes-republica-del-paraguay-y-jose-manuel-estrada\/#primaryimage\",\"url\":\"https:\/\/i0.wp.com\/elregionalvm.com.ar\/noticias-villa-maria\/wp-content\/uploads\/2024\/07\/WhatsApp-Image-2024-07-22-at-10.44.27.jpeg?fit=1280%2C853&ssl=1\",\"contentUrl\":\"https:\/\/i0.wp.com\/elregionalvm.com.ar\/noticias-villa-maria\/wp-content\/uploads\/2024\/07\/WhatsApp-Image-2024-07-22-at-10.44.27.jpeg?fit=1280%2C853&ssl=1\",\"width\":1280,\"height\":853},{\"@type\":\"BreadcrumbList\",\"@id\":\"https:\/\/elregionalvm.com.ar\/noticias-villa-maria\/el-intendente-accastello-habilito-obras-de-gas-y-calefaccion-electrica-en-los-jardines-infantes-republica-del-paraguay-y-jose-manuel-estrada\/#breadcrumb\",\"itemListElement\":[{\"@type\":\"ListItem\",\"position\":1,\"name\":\"Portada\",\"item\":\"https:\/\/elregionalvm.com.ar\/noticias-villa-maria\/\"},{\"@type\":\"ListItem\",\"position\":2,\"name\":\"Habilitaron obras de gas y calefacci\u00f3n el\u00e9ctrica en los jardines de infantes Rep\u00fablica del Paraguay y Jos\u00e9 Manuel Estrada\"}]},{\"@type\":\"WebSite\",\"@id\":\"http:\/\/elregionalvm.com.ar\/noticias-villa-maria\/#website\",\"url\":\"http:\/\/elregionalvm.com.ar\/noticias-villa-maria\/\",\"name\":\"El Regional\",\"description\":\"Mucho m\u00e1s que informaci\u00f3n\",\"potentialAction\":[{\"@type\":\"SearchAction\",\"target\":{\"@type\":\"EntryPoint\",\"urlTemplate\":\"http:\/\/elregionalvm.com.ar\/noticias-villa-maria\/?s={search_term_string}\"},\"query-input\":{\"@type\":\"PropertyValueSpecification\",\"valueRequired\":true,\"valueName\":\"search_term_string\"}}],\"inLanguage\":\"es\"},{\"@type\":\"Person\",\"@id\":\"http:\/\/elregionalvm.com.ar\/noticias-villa-maria\/#\/schema\/person\/a0fb9c422317faca23d50163151bc354\",\"name\":\"Contenidos El Regional\",\"image\":{\"@type\":\"ImageObject\",\"inLanguage\":\"es\",\"@id\":\"http:\/\/elregionalvm.com.ar\/noticias-villa-maria\/#\/schema\/person\/image\/\",\"url\":\"https:\/\/secure.gravatar.com\/avatar\/265b27cb2209af7bb3a1318f03305787d7981a5cc6e6cd08fe5a4ecdf99d4b48?s=96&d=mm&r=g\",\"contentUrl\":\"https:\/\/secure.gravatar.com\/avatar\/265b27cb2209af7bb3a1318f03305787d7981a5cc6e6cd08fe5a4ecdf99d4b48?s=96&d=mm&r=g\",\"caption\":\"Contenidos El Regional\"},\"url\":\"https:\/\/elregionalvm.com.ar\/noticias-villa-maria\/author\/contenido\/\"}]}<\/script>\n<!-- \/ Yoast SEO plugin. -->","yoast_head_json":{"title":"Habilitaron obras de gas y calefacci\u00f3n el\u00e9ctrica en los jardines de infantes Rep\u00fablica del Paraguay y Jos\u00e9 Manuel Estrada - El Regional","robots":{"index":"index","follow":"follow","max-snippet":"max-snippet:-1","max-image-preview":"max-image-preview:large","max-video-preview":"max-video-preview:-1"},"canonical":"https:\/\/elregionalvm.com.ar\/noticias-villa-maria\/el-intendente-accastello-habilito-obras-de-gas-y-calefaccion-electrica-en-los-jardines-infantes-republica-del-paraguay-y-jose-manuel-estrada\/","og_locale":"es_ES","og_type":"article","og_title":"Habilitaron obras de gas y calefacci\u00f3n el\u00e9ctrica en los jardines de infantes Rep\u00fablica del Paraguay y Jos\u00e9 Manuel Estrada - El Regional","og_description":"La Municipalidad informa que se habilitaron las reconexiones del servicio de gas en las escuelas Rep\u00fablica del Paraguay y Jos\u00e9 Manuel Estrada de barrio Bello Horizonte En tal sentido, el intendente municipal Eduardo Accastello, junto a la secretar\u00eda de Infraestructura, Desarrollo Urbano y Ambiente, Alejandra Barbero y al responsable Fondo para la Descentralizaci\u00f3n del Mantenimiento [&hellip;]","og_url":"https:\/\/elregionalvm.com.ar\/noticias-villa-maria\/el-intendente-accastello-habilito-obras-de-gas-y-calefaccion-electrica-en-los-jardines-infantes-republica-del-paraguay-y-jose-manuel-estrada\/","og_site_name":"El Regional","article_publisher":"https:\/\/www.facebook.com\/elregionalvm","article_published_time":"2024-07-22T20:38:14+00:00","article_modified_time":"2024-07-23T02:50:02+00:00","og_image":[{"width":1280,"height":853,"url":"https:\/\/elregionalvm.com.ar\/noticias-villa-maria\/wp-content\/uploads\/2024\/07\/WhatsApp-Image-2024-07-22-at-10.44.27.jpeg","type":"image\/jpeg"}],"author":"Contenidos El Regional","twitter_card":"summary_large_image","twitter_creator":"@elregionalvm1","twitter_site":"@elregionalvm1","twitter_misc":{"Escrito por":"Contenidos El Regional","Tiempo de lectura":"2 minutos"},"schema":{"@context":"https:\/\/schema.org","@graph":[{"@type":"Article","@id":"https:\/\/elregionalvm.com.ar\/noticias-villa-maria\/el-intendente-accastello-habilito-obras-de-gas-y-calefaccion-electrica-en-los-jardines-infantes-republica-del-paraguay-y-jose-manuel-estrada\/#article","isPartOf":{"@id":"https:\/\/elregionalvm.com.ar\/noticias-villa-maria\/el-intendente-accastello-habilito-obras-de-gas-y-calefaccion-electrica-en-los-jardines-infantes-republica-del-paraguay-y-jose-manuel-estrada\/"},"author":{"name":"Contenidos El Regional","@id":"http:\/\/elregionalvm.com.ar\/noticias-villa-maria\/#\/schema\/person\/a0fb9c422317faca23d50163151bc354"},"headline":"Habilitaron obras de gas y calefacci\u00f3n el\u00e9ctrica en los jardines de infantes Rep\u00fablica del Paraguay y Jos\u00e9 Manuel Estrada","datePublished":"2024-07-22T20:38:14+00:00","dateModified":"2024-07-23T02:50:02+00:00","mainEntityOfPage":{"@id":"https:\/\/elregionalvm.com.ar\/noticias-villa-maria\/el-intendente-accastello-habilito-obras-de-gas-y-calefaccion-electrica-en-los-jardines-infantes-republica-del-paraguay-y-jose-manuel-estrada\/"},"wordCount":242,"commentCount":0,"image":{"@id":"https:\/\/elregionalvm.com.ar\/noticias-villa-maria\/el-intendente-accastello-habilito-obras-de-gas-y-calefaccion-electrica-en-los-jardines-infantes-republica-del-paraguay-y-jose-manuel-estrada\/#primaryimage"},"thumbnailUrl":"https:\/\/i0.wp.com\/elregionalvm.com.ar\/noticias-villa-maria\/wp-content\/uploads\/2024\/07\/WhatsApp-Image-2024-07-22-at-10.44.27.jpeg?fit=1280%2C853&ssl=1","articleSection":["destacado","Sociedad","Villa Mar\u00eda"],"inLanguage":"es","potentialAction":[{"@type":"CommentAction","name":"Comment","target":["https:\/\/elregionalvm.com.ar\/noticias-villa-maria\/el-intendente-accastello-habilito-obras-de-gas-y-calefaccion-electrica-en-los-jardines-infantes-republica-del-paraguay-y-jose-manuel-estrada\/#respond"]}]},{"@type":"WebPage","@id":"https:\/\/elregionalvm.com.ar\/noticias-villa-maria\/el-intendente-accastello-habilito-obras-de-gas-y-calefaccion-electrica-en-los-jardines-infantes-republica-del-paraguay-y-jose-manuel-estrada\/","url":"https:\/\/elregionalvm.com.ar\/noticias-villa-maria\/el-intendente-accastello-habilito-obras-de-gas-y-calefaccion-electrica-en-los-jardines-infantes-republica-del-paraguay-y-jose-manuel-estrada\/","name":"Habilitaron obras de gas y calefacci\u00f3n el\u00e9ctrica en los jardines de infantes Rep\u00fablica del Paraguay y Jos\u00e9 Manuel Estrada - El Regional","isPartOf":{"@id":"http:\/\/elregionalvm.com.ar\/noticias-villa-maria\/#website"},"primaryImageOfPage":{"@id":"https:\/\/elregionalvm.com.ar\/noticias-villa-maria\/el-intendente-accastello-habilito-obras-de-gas-y-calefaccion-electrica-en-los-jardines-infantes-republica-del-paraguay-y-jose-manuel-estrada\/#primaryimage"},"image":{"@id":"https:\/\/elregionalvm.com.ar\/noticias-villa-maria\/el-intendente-accastello-habilito-obras-de-gas-y-calefaccion-electrica-en-los-jardines-infantes-republica-del-paraguay-y-jose-manuel-estrada\/#primaryimage"},"thumbnailUrl":"https:\/\/i0.wp.com\/elregionalvm.com.ar\/noticias-villa-maria\/wp-content\/uploads\/2024\/07\/WhatsApp-Image-2024-07-22-at-10.44.27.jpeg?fit=1280%2C853&ssl=1","datePublished":"2024-07-22T20:38:14+00:00","dateModified":"2024-07-23T02:50:02+00:00","author":{"@id":"http:\/\/elregionalvm.com.ar\/noticias-villa-maria\/#\/schema\/person\/a0fb9c422317faca23d50163151bc354"},"breadcrumb":{"@id":"https:\/\/elregionalvm.com.ar\/noticias-villa-maria\/el-intendente-accastello-habilito-obras-de-gas-y-calefaccion-electrica-en-los-jardines-infantes-republica-del-paraguay-y-jose-manuel-estrada\/#breadcrumb"},"inLanguage":"es","potentialAction":[{"@type":"ReadAction","target":["https:\/\/elregionalvm.com.ar\/noticias-villa-maria\/el-intendente-accastello-habilito-obras-de-gas-y-calefaccion-electrica-en-los-jardines-infantes-republica-del-paraguay-y-jose-manuel-estrada\/"]}]},{"@type":"ImageObject","inLanguage":"es","@id":"https:\/\/elregionalvm.com.ar\/noticias-villa-maria\/el-intendente-accastello-habilito-obras-de-gas-y-calefaccion-electrica-en-los-jardines-infantes-republica-del-paraguay-y-jose-manuel-estrada\/#primaryimage","url":"https:\/\/i0.wp.com\/elregionalvm.com.ar\/noticias-villa-maria\/wp-content\/uploads\/2024\/07\/WhatsApp-Image-2024-07-22-at-10.44.27.jpeg?fit=1280%2C853&ssl=1","contentUrl":"https:\/\/i0.wp.com\/elregionalvm.com.ar\/noticias-villa-maria\/wp-content\/uploads\/2024\/07\/WhatsApp-Image-2024-07-22-at-10.44.27.jpeg?fit=1280%2C853&ssl=1","width":1280,"height":853},{"@type":"BreadcrumbList","@id":"https:\/\/elregionalvm.com.ar\/noticias-villa-maria\/el-intendente-accastello-habilito-obras-de-gas-y-calefaccion-electrica-en-los-jardines-infantes-republica-del-paraguay-y-jose-manuel-estrada\/#breadcrumb","itemListElement":[{"@type":"ListItem","position":1,"name":"Portada","item":"https:\/\/elregionalvm.com.ar\/noticias-villa-maria\/"},{"@type":"ListItem","position":2,"name":"Habilitaron obras de gas y calefacci\u00f3n el\u00e9ctrica en los jardines de infantes Rep\u00fablica del Paraguay y Jos\u00e9 Manuel Estrada"}]},{"@type":"WebSite","@id":"http:\/\/elregionalvm.com.ar\/noticias-villa-maria\/#website","url":"http:\/\/elregionalvm.com.ar\/noticias-villa-maria\/","name":"El Regional","description":"Mucho m\u00e1s que informaci\u00f3n","potentialAction":[{"@type":"SearchAction","target":{"@type":"EntryPoint","urlTemplate":"http:\/\/elregionalvm.com.ar\/noticias-villa-maria\/?s={search_term_string}"},"query-input":{"@type":"PropertyValueSpecification","valueRequired":true,"valueName":"search_term_string"}}],"inLanguage":"es"},{"@type":"Person","@id":"http:\/\/elregionalvm.com.ar\/noticias-villa-maria\/#\/schema\/person\/a0fb9c422317faca23d50163151bc354","name":"Contenidos El Regional","image":{"@type":"ImageObject","inLanguage":"es","@id":"http:\/\/elregionalvm.com.ar\/noticias-villa-maria\/#\/schema\/person\/image\/","url":"https:\/\/secure.gravatar.com\/avatar\/265b27cb2209af7bb3a1318f03305787d7981a5cc6e6cd08fe5a4ecdf99d4b48?s=96&d=mm&r=g","contentUrl":"https:\/\/secure.gravatar.com\/avatar\/265b27cb2209af7bb3a1318f03305787d7981a5cc6e6cd08fe5a4ecdf99d4b48?s=96&d=mm&r=g","caption":"Contenidos El Regional"},"url":"https:\/\/elregionalvm.com.ar\/noticias-villa-maria\/author\/contenido\/"}]}},"jetpack_featured_media_url":"https:\/\/i0.wp.com\/elregionalvm.com.ar\/noticias-villa-maria\/wp-content\/uploads\/2024\/07\/WhatsApp-Image-2024-07-22-at-10.44.27.jpeg?fit=1280%2C853&ssl=1","jetpack_sharing_enabled":true,"_links":{"self":[{"href":"https:\/\/elregionalvm.com.ar\/noticias-villa-maria\/wp-json\/wp\/v2\/posts\/96444","targetHints":{"allow":["GET"]}}],"collection":[{"href":"https:\/\/elregionalvm.com.ar\/noticias-villa-maria\/wp-json\/wp\/v2\/posts"}],"about":[{"href":"https:\/\/elregionalvm.com.ar\/noticias-villa-maria\/wp-json\/wp\/v2\/types\/post"}],"author":[{"embeddable":true,"href":"https:\/\/elregionalvm.com.ar\/noticias-villa-maria\/wp-json\/wp\/v2\/users\/4"}],"replies":[{"embeddable":true,"href":"https:\/\/elregionalvm.com.ar\/noticias-villa-maria\/wp-json\/wp\/v2\/comments?post=96444"}],"version-history":[{"count":2,"href":"https:\/\/elregionalvm.com.ar\/noticias-villa-maria\/wp-json\/wp\/v2\/posts\/96444\/revisions"}],"predecessor-version":[{"id":96477,"href":"https:\/\/elregionalvm.com.ar\/noticias-villa-maria\/wp-json\/wp\/v2\/posts\/96444\/revisions\/96477"}],"wp:featuredmedia":[{"embeddable":true,"href":"https:\/\/elregionalvm.com.ar\/noticias-villa-maria\/wp-json\/wp\/v2\/media\/96446"}],"wp:attachment":[{"href":"https:\/\/elregionalvm.com.ar\/noticias-villa-maria\/wp-json\/wp\/v2\/media?parent=96444"}],"wp:term":[{"taxonomy":"category","embeddable":true,"href":"https:\/\/elregionalvm.com.ar\/noticias-villa-maria\/wp-json\/wp\/v2\/categories?post=96444"},{"taxonomy":"post_tag","embeddable":true,"href":"https:\/\/elregionalvm.com.ar\/noticias-villa-maria\/wp-json\/wp\/v2\/tags?post=96444"}],"curies":[{"name":"wp","href":"https:\/\/api.w.org\/{rel}","templated":true}]}}