{"id":96463,"date":"2024-07-22T20:55:50","date_gmt":"2024-07-22T20:55:50","guid":{"rendered":"https:\/\/elregionalvm.com.ar\/noticias-villa-maria\/?p=96463"},"modified":"2024-07-22T20:55:51","modified_gmt":"2024-07-22T20:55:51","slug":"transicion-energetica-en-cordoba-avanza-la-utilizacion-de-biocombustibles-para-la-obra-publica","status":"publish","type":"post","link":"https:\/\/elregionalvm.com.ar\/noticias-villa-maria\/transicion-energetica-en-cordoba-avanza-la-utilizacion-de-biocombustibles-para-la-obra-publica\/","title":{"rendered":"Transici\u00f3n Energ\u00e9tica: en C\u00f3rdoba avanza la utilizaci\u00f3n de biocombustibles para la obra p\u00fablica"},"content":{"rendered":"\n<p>El Gobierno de C\u00f3rdoba sigue adelante con obras a lo largo y ancho del territorio provincial. En el marco de la transici\u00f3n energ\u00e9tica, las empresas constructoras encargadas de la ejecuci\u00f3n de estas obras ya utilizan combustibles con mayores mezclas de biocombustibles, con el firme objetivo de lograr reducir las emisiones de Gases de Efecto Invernadero.<\/p>\n\n\n\n<p>Actualmente, en la provincia se est\u00e1n ejecutando alrededor de 20 obras que utilizan biocombustibles. Se trata de obras de saneamiento, duplicaciones de calzadas de rutas, mantenimiento de autopistas y mantenimiento de cauces de r\u00edo, entre otras.<\/p>\n\n\n\n<p>Los valores de las mezclas que se est\u00e1n utilizando var\u00edan entre un 20 y un 50 por ciento de biodiesel, adquirido en algunos casos de mezcladores habilitados y en otros producido por las mismas empresas a trav\u00e9s de plantas adquiridas en el Programa Provincial B100, que permiti\u00f3 la adquisici\u00f3n de plantas elaboradoras de biocombustibles.<\/p>\n\n\n\n<p>Esta iniciativa se da en el marco de las acciones de promoci\u00f3n y fomento del uso de biocombustibles previstos en la Ley Provincial 10721.<\/p>\n\n\n\n<p>En este contexto, las empresas que son miembro de la C\u00e1mara de la Construcci\u00f3n de C\u00f3rdoba, est\u00e1n ejecutando las obras con esta estrategia de transici\u00f3n energ\u00e9tica, implementando un modelo de producci\u00f3n, expendio y consumo de biocombustibles que se identifica como un aut\u00e9ntico modelo cordob\u00e9s.<\/p>\n\n\n\n<p>Es as\u00ed que las m\u00e1quinas empleadas en la obra y la flota de veh\u00edculos de las empresas utilizan el biocombustible, fabricado en C\u00f3rdoba con tecnolog\u00eda provincial.<\/p>\n\n\n\n<p>Esta iniciativa es parte de una nueva etapa en la que se hace efectiva la reducci\u00f3n de emisiones de Gases de Efecto Invernadero en la obra p\u00fablica. Permite reducir aproximadamente un 30 por ciento las emisiones, iniciando as\u00ed el camino hacia obras p\u00fablicas de baja emisi\u00f3n.<\/p>\n\n\n\n<p>Cabe destacar que el uso de biocombustibles en la obra p\u00fablica se realiza de manera voluntaria para las empresas, y por utilizarlo pueden acceder a beneficios fiscales y administrativos.<\/p>\n\n\n\n<p>En efecto, se trata de beneficios impositivos provinciales en ingresos brutos y tasas de patentamiento de unidades que usen o produzcan biocombustibles.<\/p>\n\n\n\n<p>En cuanto a los beneficios administrativos, est\u00e1n vinculados al aumento de la puntuaci\u00f3n en licitaciones para aquellos que utilizan biocombustibles.<\/p>\n\n\n\n<p>Adem\u00e1s, tendr\u00e1n posibilidades de ingreso a los mercados financieros verdes a nivel internacional por el uso de energ\u00edas renovables. Sumado a ello, pueden acceder a beneficios productivos y econ\u00f3micos en aquellos casos que elaboren biocombustibles para su auto consumo.<\/p>\n\n\n\n<p>En el a\u00f1o 2020, se aprob\u00f3 la ley Provincial N\u00ba 10.721, denominada Promoci\u00f3n y Desarrollo para la Producci\u00f3n y Consumo de Biocombustibles y Bioenerg\u00eda.<\/p>\n\n\n\n<p>El objetivo principal de esta ley es promover el desarrollo integral y sostenible de la provincia mediante pol\u00edticas p\u00fablicas que impulsen la transici\u00f3n hacia fuentes de energ\u00eda renovables.<\/p>\n\n\n\n<p>La ley busca la valorizaci\u00f3n de la biomasa, la innovaci\u00f3n tecnol\u00f3gica, la sostenibilidad ambiental y la mejora competitiva de las cadenas productivas de la provincia.<\/p>\n\n\n\n<p>Adem\u00e1s, se alinea con compromisos internacionales y adopta un enfoque inclusivo y participativo, involucrando a actores socioecon\u00f3micos y cient\u00edfico-acad\u00e9micos locales y regionales.<\/p>\n\n\n\n<figure class=\"wp-block-image size-full\"><img data-recalc-dims=\"1\" fetchpriority=\"high\" decoding=\"async\" width=\"990\" height=\"660\" src=\"https:\/\/i0.wp.com\/elregionalvm.com.ar\/noticias-villa-maria\/wp-content\/uploads\/2024\/07\/biocombustible-1.jpeg?resize=990%2C660&#038;ssl=1\" alt=\"\" class=\"wp-image-96464\" srcset=\"https:\/\/i0.wp.com\/elregionalvm.com.ar\/noticias-villa-maria\/wp-content\/uploads\/2024\/07\/biocombustible-1.jpeg?w=990&amp;ssl=1 990w, https:\/\/i0.wp.com\/elregionalvm.com.ar\/noticias-villa-maria\/wp-content\/uploads\/2024\/07\/biocombustible-1.jpeg?resize=300%2C200&amp;ssl=1 300w, https:\/\/i0.wp.com\/elregionalvm.com.ar\/noticias-villa-maria\/wp-content\/uploads\/2024\/07\/biocombustible-1.jpeg?resize=768%2C512&amp;ssl=1 768w\" sizes=\"(max-width: 990px) 100vw, 990px\" \/><\/figure>\n\n\n\n<p>Entre sus disposiciones, la ley incentiva la producci\u00f3n local y uso de biocombustibles en sus formas l\u00edquida, s\u00f3lida y gaseosa, as\u00ed como la investigaci\u00f3n y desarrollo en tecnolog\u00edas relacionadas.<\/p>\n\n\n\n<p>Esto incluye la implementaci\u00f3n de pol\u00edticas que faciliten la inversi\u00f3n y la colaboraci\u00f3n p\u00fablico-privada en proyectos de bioenerg\u00eda.<\/p>\n\n\n\n<p>Esta ley representa un paso significativo hacia una transici\u00f3n energ\u00e9tica en C\u00f3rdoba, promoviendo un desarrollo m\u00e1s sostenible y competitivo para la provincia.<\/p>\n","protected":false},"excerpt":{"rendered":"<p>El Gobierno de C\u00f3rdoba sigue adelante con obras a lo largo y ancho del territorio provincial. En el marco de la transici\u00f3n energ\u00e9tica, las empresas constructoras encargadas de la ejecuci\u00f3n de estas obras ya utilizan combustibles con mayores mezclas de biocombustibles, con el firme objetivo de lograr reducir las emisiones de Gases de Efecto Invernadero. [&hellip;]<\/p>\n","protected":false},"author":4,"featured_media":96465,"comment_status":"open","ping_status":"open","sticky":false,"template":"","format":"standard","meta":{"site-sidebar-layout":"default","site-content-layout":"","ast-site-content-layout":"default","site-content-style":"default","site-sidebar-style":"default","ast-global-header-display":"","ast-banner-title-visibility":"","ast-main-header-display":"","ast-hfb-above-header-display":"","ast-hfb-below-header-display":"","ast-hfb-mobile-header-display":"","site-post-title":"","ast-breadcrumbs-content":"","ast-featured-img":"","footer-sml-layout":"","ast-disable-related-posts":"","theme-transparent-header-meta":"","adv-header-id-meta":"","stick-header-meta":"","header-above-stick-meta":"","header-main-stick-meta":"","header-below-stick-meta":"","astra-migrate-meta-layouts":"set","ast-page-background-enabled":"default","ast-page-background-meta":{"desktop":{"background-color":"","background-image":"","background-repeat":"repeat","background-position":"center center","background-size":"auto","background-attachment":"scroll","background-type":"","background-media":"","overlay-type":"","overlay-color":"","overlay-opacity":"","overlay-gradient":""},"tablet":{"background-color":"","background-image":"","background-repeat":"repeat","background-position":"center center","background-size":"auto","background-attachment":"scroll","background-type":"","background-media":"","overlay-type":"","overlay-color":"","overlay-opacity":"","overlay-gradient":""},"mobile":{"background-color":"","background-image":"","background-repeat":"repeat","background-position":"center center","background-size":"auto","background-attachment":"scroll","background-type":"","background-media":"","overlay-type":"","overlay-color":"","overlay-opacity":"","overlay-gradient":""}},"ast-content-background-meta":{"desktop":{"background-color":"var(--ast-global-color-5)","background-image":"","background-repeat":"repeat","background-position":"center center","background-size":"auto","background-attachment":"scroll","background-type":"","background-media":"","overlay-type":"","overlay-color":"","overlay-opacity":"","overlay-gradient":""},"tablet":{"background-color":"var(--ast-global-color-5)","background-image":"","background-repeat":"repeat","background-position":"center center","background-size":"auto","background-attachment":"scroll","background-type":"","background-media":"","overlay-type":"","overlay-color":"","overlay-opacity":"","overlay-gradient":""},"mobile":{"background-color":"var(--ast-global-color-5)","background-image":"","background-repeat":"repeat","background-position":"center center","background-size":"auto","background-attachment":"scroll","background-type":"","background-media":"","overlay-type":"","overlay-color":"","overlay-opacity":"","overlay-gradient":""}},"_jetpack_memberships_contains_paid_content":false,"_joinchat":[],"footnotes":""},"categories":[15302,16095,5],"tags":[],"class_list":["post-96463","post","type-post","status-publish","format-standard","has-post-thumbnail","hentry","category-destacado","category-provinciales","category-sociedad"],"yoast_head":"<!-- This site is optimized with the Yoast SEO plugin v26.8 - https:\/\/yoast.com\/product\/yoast-seo-wordpress\/ -->\n<title>Transici\u00f3n Energ\u00e9tica: en C\u00f3rdoba avanza la utilizaci\u00f3n de biocombustibles para la obra p\u00fablica - El Regional<\/title>\n<meta name=\"robots\" content=\"index, follow, max-snippet:-1, max-image-preview:large, max-video-preview:-1\" \/>\n<link rel=\"canonical\" href=\"https:\/\/elregionalvm.com.ar\/noticias-villa-maria\/transicion-energetica-en-cordoba-avanza-la-utilizacion-de-biocombustibles-para-la-obra-publica\/\" \/>\n<meta property=\"og:locale\" content=\"es_ES\" \/>\n<meta property=\"og:type\" content=\"article\" \/>\n<meta property=\"og:title\" content=\"Transici\u00f3n Energ\u00e9tica: en C\u00f3rdoba avanza la utilizaci\u00f3n de biocombustibles para la obra p\u00fablica - El Regional\" \/>\n<meta property=\"og:description\" content=\"El Gobierno de C\u00f3rdoba sigue adelante con obras a lo largo y ancho del territorio provincial. En el marco de la transici\u00f3n energ\u00e9tica, las empresas constructoras encargadas de la ejecuci\u00f3n de estas obras ya utilizan combustibles con mayores mezclas de biocombustibles, con el firme objetivo de lograr reducir las emisiones de Gases de Efecto Invernadero. [&hellip;]\" \/>\n<meta property=\"og:url\" content=\"https:\/\/elregionalvm.com.ar\/noticias-villa-maria\/transicion-energetica-en-cordoba-avanza-la-utilizacion-de-biocombustibles-para-la-obra-publica\/\" \/>\n<meta property=\"og:site_name\" content=\"El Regional\" \/>\n<meta property=\"article:publisher\" content=\"https:\/\/www.facebook.com\/elregionalvm\" \/>\n<meta property=\"article:published_time\" content=\"2024-07-22T20:55:50+00:00\" \/>\n<meta property=\"article:modified_time\" content=\"2024-07-22T20:55:51+00:00\" \/>\n<meta property=\"og:image\" content=\"https:\/\/elregionalvm.com.ar\/noticias-villa-maria\/wp-content\/uploads\/2024\/07\/biocombustible-2.jpeg\" \/>\n\t<meta property=\"og:image:width\" content=\"990\" \/>\n\t<meta property=\"og:image:height\" content=\"660\" \/>\n\t<meta property=\"og:image:type\" content=\"image\/jpeg\" \/>\n<meta name=\"author\" content=\"Contenidos El Regional\" \/>\n<meta name=\"twitter:card\" content=\"summary_large_image\" \/>\n<meta name=\"twitter:creator\" content=\"@elregionalvm1\" \/>\n<meta name=\"twitter:site\" content=\"@elregionalvm1\" \/>\n<meta name=\"twitter:label1\" content=\"Escrito por\" \/>\n\t<meta name=\"twitter:data1\" content=\"Contenidos El Regional\" \/>\n\t<meta name=\"twitter:label2\" content=\"Tiempo de lectura\" \/>\n\t<meta name=\"twitter:data2\" content=\"3 minutos\" \/>\n<script type=\"application\/ld+json\" class=\"yoast-schema-graph\">{\"@context\":\"https:\/\/schema.org\",\"@graph\":[{\"@type\":\"Article\",\"@id\":\"https:\/\/elregionalvm.com.ar\/noticias-villa-maria\/transicion-energetica-en-cordoba-avanza-la-utilizacion-de-biocombustibles-para-la-obra-publica\/#article\",\"isPartOf\":{\"@id\":\"https:\/\/elregionalvm.com.ar\/noticias-villa-maria\/transicion-energetica-en-cordoba-avanza-la-utilizacion-de-biocombustibles-para-la-obra-publica\/\"},\"author\":{\"name\":\"Contenidos El Regional\",\"@id\":\"http:\/\/elregionalvm.com.ar\/noticias-villa-maria\/#\/schema\/person\/a0fb9c422317faca23d50163151bc354\"},\"headline\":\"Transici\u00f3n Energ\u00e9tica: en C\u00f3rdoba avanza la utilizaci\u00f3n de biocombustibles para la obra p\u00fablica\",\"datePublished\":\"2024-07-22T20:55:50+00:00\",\"dateModified\":\"2024-07-22T20:55:51+00:00\",\"mainEntityOfPage\":{\"@id\":\"https:\/\/elregionalvm.com.ar\/noticias-villa-maria\/transicion-energetica-en-cordoba-avanza-la-utilizacion-de-biocombustibles-para-la-obra-publica\/\"},\"wordCount\":639,\"commentCount\":0,\"image\":{\"@id\":\"https:\/\/elregionalvm.com.ar\/noticias-villa-maria\/transicion-energetica-en-cordoba-avanza-la-utilizacion-de-biocombustibles-para-la-obra-publica\/#primaryimage\"},\"thumbnailUrl\":\"https:\/\/i0.wp.com\/elregionalvm.com.ar\/noticias-villa-maria\/wp-content\/uploads\/2024\/07\/biocombustible-2.jpeg?fit=990%2C660&ssl=1\",\"articleSection\":[\"destacado\",\"Provinciales\",\"Sociedad\"],\"inLanguage\":\"es\",\"potentialAction\":[{\"@type\":\"CommentAction\",\"name\":\"Comment\",\"target\":[\"https:\/\/elregionalvm.com.ar\/noticias-villa-maria\/transicion-energetica-en-cordoba-avanza-la-utilizacion-de-biocombustibles-para-la-obra-publica\/#respond\"]}]},{\"@type\":\"WebPage\",\"@id\":\"https:\/\/elregionalvm.com.ar\/noticias-villa-maria\/transicion-energetica-en-cordoba-avanza-la-utilizacion-de-biocombustibles-para-la-obra-publica\/\",\"url\":\"https:\/\/elregionalvm.com.ar\/noticias-villa-maria\/transicion-energetica-en-cordoba-avanza-la-utilizacion-de-biocombustibles-para-la-obra-publica\/\",\"name\":\"Transici\u00f3n Energ\u00e9tica: en C\u00f3rdoba avanza la utilizaci\u00f3n de biocombustibles para la obra p\u00fablica - El Regional\",\"isPartOf\":{\"@id\":\"http:\/\/elregionalvm.com.ar\/noticias-villa-maria\/#website\"},\"primaryImageOfPage\":{\"@id\":\"https:\/\/elregionalvm.com.ar\/noticias-villa-maria\/transicion-energetica-en-cordoba-avanza-la-utilizacion-de-biocombustibles-para-la-obra-publica\/#primaryimage\"},\"image\":{\"@id\":\"https:\/\/elregionalvm.com.ar\/noticias-villa-maria\/transicion-energetica-en-cordoba-avanza-la-utilizacion-de-biocombustibles-para-la-obra-publica\/#primaryimage\"},\"thumbnailUrl\":\"https:\/\/i0.wp.com\/elregionalvm.com.ar\/noticias-villa-maria\/wp-content\/uploads\/2024\/07\/biocombustible-2.jpeg?fit=990%2C660&ssl=1\",\"datePublished\":\"2024-07-22T20:55:50+00:00\",\"dateModified\":\"2024-07-22T20:55:51+00:00\",\"author\":{\"@id\":\"http:\/\/elregionalvm.com.ar\/noticias-villa-maria\/#\/schema\/person\/a0fb9c422317faca23d50163151bc354\"},\"breadcrumb\":{\"@id\":\"https:\/\/elregionalvm.com.ar\/noticias-villa-maria\/transicion-energetica-en-cordoba-avanza-la-utilizacion-de-biocombustibles-para-la-obra-publica\/#breadcrumb\"},\"inLanguage\":\"es\",\"potentialAction\":[{\"@type\":\"ReadAction\",\"target\":[\"https:\/\/elregionalvm.com.ar\/noticias-villa-maria\/transicion-energetica-en-cordoba-avanza-la-utilizacion-de-biocombustibles-para-la-obra-publica\/\"]}]},{\"@type\":\"ImageObject\",\"inLanguage\":\"es\",\"@id\":\"https:\/\/elregionalvm.com.ar\/noticias-villa-maria\/transicion-energetica-en-cordoba-avanza-la-utilizacion-de-biocombustibles-para-la-obra-publica\/#primaryimage\",\"url\":\"https:\/\/i0.wp.com\/elregionalvm.com.ar\/noticias-villa-maria\/wp-content\/uploads\/2024\/07\/biocombustible-2.jpeg?fit=990%2C660&ssl=1\",\"contentUrl\":\"https:\/\/i0.wp.com\/elregionalvm.com.ar\/noticias-villa-maria\/wp-content\/uploads\/2024\/07\/biocombustible-2.jpeg?fit=990%2C660&ssl=1\",\"width\":990,\"height\":660},{\"@type\":\"BreadcrumbList\",\"@id\":\"https:\/\/elregionalvm.com.ar\/noticias-villa-maria\/transicion-energetica-en-cordoba-avanza-la-utilizacion-de-biocombustibles-para-la-obra-publica\/#breadcrumb\",\"itemListElement\":[{\"@type\":\"ListItem\",\"position\":1,\"name\":\"Portada\",\"item\":\"https:\/\/elregionalvm.com.ar\/noticias-villa-maria\/\"},{\"@type\":\"ListItem\",\"position\":2,\"name\":\"Transici\u00f3n Energ\u00e9tica: en C\u00f3rdoba avanza la utilizaci\u00f3n de biocombustibles para la obra p\u00fablica\"}]},{\"@type\":\"WebSite\",\"@id\":\"http:\/\/elregionalvm.com.ar\/noticias-villa-maria\/#website\",\"url\":\"http:\/\/elregionalvm.com.ar\/noticias-villa-maria\/\",\"name\":\"El Regional\",\"description\":\"Mucho m\u00e1s que informaci\u00f3n\",\"potentialAction\":[{\"@type\":\"SearchAction\",\"target\":{\"@type\":\"EntryPoint\",\"urlTemplate\":\"http:\/\/elregionalvm.com.ar\/noticias-villa-maria\/?s={search_term_string}\"},\"query-input\":{\"@type\":\"PropertyValueSpecification\",\"valueRequired\":true,\"valueName\":\"search_term_string\"}}],\"inLanguage\":\"es\"},{\"@type\":\"Person\",\"@id\":\"http:\/\/elregionalvm.com.ar\/noticias-villa-maria\/#\/schema\/person\/a0fb9c422317faca23d50163151bc354\",\"name\":\"Contenidos El Regional\",\"image\":{\"@type\":\"ImageObject\",\"inLanguage\":\"es\",\"@id\":\"http:\/\/elregionalvm.com.ar\/noticias-villa-maria\/#\/schema\/person\/image\/\",\"url\":\"https:\/\/secure.gravatar.com\/avatar\/265b27cb2209af7bb3a1318f03305787d7981a5cc6e6cd08fe5a4ecdf99d4b48?s=96&d=mm&r=g\",\"contentUrl\":\"https:\/\/secure.gravatar.com\/avatar\/265b27cb2209af7bb3a1318f03305787d7981a5cc6e6cd08fe5a4ecdf99d4b48?s=96&d=mm&r=g\",\"caption\":\"Contenidos El Regional\"},\"url\":\"https:\/\/elregionalvm.com.ar\/noticias-villa-maria\/author\/contenido\/\"}]}<\/script>\n<!-- \/ Yoast SEO plugin. -->","yoast_head_json":{"title":"Transici\u00f3n Energ\u00e9tica: en C\u00f3rdoba avanza la utilizaci\u00f3n de biocombustibles para la obra p\u00fablica - El Regional","robots":{"index":"index","follow":"follow","max-snippet":"max-snippet:-1","max-image-preview":"max-image-preview:large","max-video-preview":"max-video-preview:-1"},"canonical":"https:\/\/elregionalvm.com.ar\/noticias-villa-maria\/transicion-energetica-en-cordoba-avanza-la-utilizacion-de-biocombustibles-para-la-obra-publica\/","og_locale":"es_ES","og_type":"article","og_title":"Transici\u00f3n Energ\u00e9tica: en C\u00f3rdoba avanza la utilizaci\u00f3n de biocombustibles para la obra p\u00fablica - El Regional","og_description":"El Gobierno de C\u00f3rdoba sigue adelante con obras a lo largo y ancho del territorio provincial. En el marco de la transici\u00f3n energ\u00e9tica, las empresas constructoras encargadas de la ejecuci\u00f3n de estas obras ya utilizan combustibles con mayores mezclas de biocombustibles, con el firme objetivo de lograr reducir las emisiones de Gases de Efecto Invernadero. [&hellip;]","og_url":"https:\/\/elregionalvm.com.ar\/noticias-villa-maria\/transicion-energetica-en-cordoba-avanza-la-utilizacion-de-biocombustibles-para-la-obra-publica\/","og_site_name":"El Regional","article_publisher":"https:\/\/www.facebook.com\/elregionalvm","article_published_time":"2024-07-22T20:55:50+00:00","article_modified_time":"2024-07-22T20:55:51+00:00","og_image":[{"width":990,"height":660,"url":"https:\/\/elregionalvm.com.ar\/noticias-villa-maria\/wp-content\/uploads\/2024\/07\/biocombustible-2.jpeg","type":"image\/jpeg"}],"author":"Contenidos El Regional","twitter_card":"summary_large_image","twitter_creator":"@elregionalvm1","twitter_site":"@elregionalvm1","twitter_misc":{"Escrito por":"Contenidos El Regional","Tiempo de lectura":"3 minutos"},"schema":{"@context":"https:\/\/schema.org","@graph":[{"@type":"Article","@id":"https:\/\/elregionalvm.com.ar\/noticias-villa-maria\/transicion-energetica-en-cordoba-avanza-la-utilizacion-de-biocombustibles-para-la-obra-publica\/#article","isPartOf":{"@id":"https:\/\/elregionalvm.com.ar\/noticias-villa-maria\/transicion-energetica-en-cordoba-avanza-la-utilizacion-de-biocombustibles-para-la-obra-publica\/"},"author":{"name":"Contenidos El Regional","@id":"http:\/\/elregionalvm.com.ar\/noticias-villa-maria\/#\/schema\/person\/a0fb9c422317faca23d50163151bc354"},"headline":"Transici\u00f3n Energ\u00e9tica: en C\u00f3rdoba avanza la utilizaci\u00f3n de biocombustibles para la obra p\u00fablica","datePublished":"2024-07-22T20:55:50+00:00","dateModified":"2024-07-22T20:55:51+00:00","mainEntityOfPage":{"@id":"https:\/\/elregionalvm.com.ar\/noticias-villa-maria\/transicion-energetica-en-cordoba-avanza-la-utilizacion-de-biocombustibles-para-la-obra-publica\/"},"wordCount":639,"commentCount":0,"image":{"@id":"https:\/\/elregionalvm.com.ar\/noticias-villa-maria\/transicion-energetica-en-cordoba-avanza-la-utilizacion-de-biocombustibles-para-la-obra-publica\/#primaryimage"},"thumbnailUrl":"https:\/\/i0.wp.com\/elregionalvm.com.ar\/noticias-villa-maria\/wp-content\/uploads\/2024\/07\/biocombustible-2.jpeg?fit=990%2C660&ssl=1","articleSection":["destacado","Provinciales","Sociedad"],"inLanguage":"es","potentialAction":[{"@type":"CommentAction","name":"Comment","target":["https:\/\/elregionalvm.com.ar\/noticias-villa-maria\/transicion-energetica-en-cordoba-avanza-la-utilizacion-de-biocombustibles-para-la-obra-publica\/#respond"]}]},{"@type":"WebPage","@id":"https:\/\/elregionalvm.com.ar\/noticias-villa-maria\/transicion-energetica-en-cordoba-avanza-la-utilizacion-de-biocombustibles-para-la-obra-publica\/","url":"https:\/\/elregionalvm.com.ar\/noticias-villa-maria\/transicion-energetica-en-cordoba-avanza-la-utilizacion-de-biocombustibles-para-la-obra-publica\/","name":"Transici\u00f3n Energ\u00e9tica: en C\u00f3rdoba avanza la utilizaci\u00f3n de biocombustibles para la obra p\u00fablica - El Regional","isPartOf":{"@id":"http:\/\/elregionalvm.com.ar\/noticias-villa-maria\/#website"},"primaryImageOfPage":{"@id":"https:\/\/elregionalvm.com.ar\/noticias-villa-maria\/transicion-energetica-en-cordoba-avanza-la-utilizacion-de-biocombustibles-para-la-obra-publica\/#primaryimage"},"image":{"@id":"https:\/\/elregionalvm.com.ar\/noticias-villa-maria\/transicion-energetica-en-cordoba-avanza-la-utilizacion-de-biocombustibles-para-la-obra-publica\/#primaryimage"},"thumbnailUrl":"https:\/\/i0.wp.com\/elregionalvm.com.ar\/noticias-villa-maria\/wp-content\/uploads\/2024\/07\/biocombustible-2.jpeg?fit=990%2C660&ssl=1","datePublished":"2024-07-22T20:55:50+00:00","dateModified":"2024-07-22T20:55:51+00:00","author":{"@id":"http:\/\/elregionalvm.com.ar\/noticias-villa-maria\/#\/schema\/person\/a0fb9c422317faca23d50163151bc354"},"breadcrumb":{"@id":"https:\/\/elregionalvm.com.ar\/noticias-villa-maria\/transicion-energetica-en-cordoba-avanza-la-utilizacion-de-biocombustibles-para-la-obra-publica\/#breadcrumb"},"inLanguage":"es","potentialAction":[{"@type":"ReadAction","target":["https:\/\/elregionalvm.com.ar\/noticias-villa-maria\/transicion-energetica-en-cordoba-avanza-la-utilizacion-de-biocombustibles-para-la-obra-publica\/"]}]},{"@type":"ImageObject","inLanguage":"es","@id":"https:\/\/elregionalvm.com.ar\/noticias-villa-maria\/transicion-energetica-en-cordoba-avanza-la-utilizacion-de-biocombustibles-para-la-obra-publica\/#primaryimage","url":"https:\/\/i0.wp.com\/elregionalvm.com.ar\/noticias-villa-maria\/wp-content\/uploads\/2024\/07\/biocombustible-2.jpeg?fit=990%2C660&ssl=1","contentUrl":"https:\/\/i0.wp.com\/elregionalvm.com.ar\/noticias-villa-maria\/wp-content\/uploads\/2024\/07\/biocombustible-2.jpeg?fit=990%2C660&ssl=1","width":990,"height":660},{"@type":"BreadcrumbList","@id":"https:\/\/elregionalvm.com.ar\/noticias-villa-maria\/transicion-energetica-en-cordoba-avanza-la-utilizacion-de-biocombustibles-para-la-obra-publica\/#breadcrumb","itemListElement":[{"@type":"ListItem","position":1,"name":"Portada","item":"https:\/\/elregionalvm.com.ar\/noticias-villa-maria\/"},{"@type":"ListItem","position":2,"name":"Transici\u00f3n Energ\u00e9tica: en C\u00f3rdoba avanza la utilizaci\u00f3n de biocombustibles para la obra p\u00fablica"}]},{"@type":"WebSite","@id":"http:\/\/elregionalvm.com.ar\/noticias-villa-maria\/#website","url":"http:\/\/elregionalvm.com.ar\/noticias-villa-maria\/","name":"El Regional","description":"Mucho m\u00e1s que informaci\u00f3n","potentialAction":[{"@type":"SearchAction","target":{"@type":"EntryPoint","urlTemplate":"http:\/\/elregionalvm.com.ar\/noticias-villa-maria\/?s={search_term_string}"},"query-input":{"@type":"PropertyValueSpecification","valueRequired":true,"valueName":"search_term_string"}}],"inLanguage":"es"},{"@type":"Person","@id":"http:\/\/elregionalvm.com.ar\/noticias-villa-maria\/#\/schema\/person\/a0fb9c422317faca23d50163151bc354","name":"Contenidos El Regional","image":{"@type":"ImageObject","inLanguage":"es","@id":"http:\/\/elregionalvm.com.ar\/noticias-villa-maria\/#\/schema\/person\/image\/","url":"https:\/\/secure.gravatar.com\/avatar\/265b27cb2209af7bb3a1318f03305787d7981a5cc6e6cd08fe5a4ecdf99d4b48?s=96&d=mm&r=g","contentUrl":"https:\/\/secure.gravatar.com\/avatar\/265b27cb2209af7bb3a1318f03305787d7981a5cc6e6cd08fe5a4ecdf99d4b48?s=96&d=mm&r=g","caption":"Contenidos El Regional"},"url":"https:\/\/elregionalvm.com.ar\/noticias-villa-maria\/author\/contenido\/"}]}},"jetpack_featured_media_url":"https:\/\/i0.wp.com\/elregionalvm.com.ar\/noticias-villa-maria\/wp-content\/uploads\/2024\/07\/biocombustible-2.jpeg?fit=990%2C660&ssl=1","jetpack_sharing_enabled":true,"_links":{"self":[{"href":"https:\/\/elregionalvm.com.ar\/noticias-villa-maria\/wp-json\/wp\/v2\/posts\/96463","targetHints":{"allow":["GET"]}}],"collection":[{"href":"https:\/\/elregionalvm.com.ar\/noticias-villa-maria\/wp-json\/wp\/v2\/posts"}],"about":[{"href":"https:\/\/elregionalvm.com.ar\/noticias-villa-maria\/wp-json\/wp\/v2\/types\/post"}],"author":[{"embeddable":true,"href":"https:\/\/elregionalvm.com.ar\/noticias-villa-maria\/wp-json\/wp\/v2\/users\/4"}],"replies":[{"embeddable":true,"href":"https:\/\/elregionalvm.com.ar\/noticias-villa-maria\/wp-json\/wp\/v2\/comments?post=96463"}],"version-history":[{"count":1,"href":"https:\/\/elregionalvm.com.ar\/noticias-villa-maria\/wp-json\/wp\/v2\/posts\/96463\/revisions"}],"predecessor-version":[{"id":96466,"href":"https:\/\/elregionalvm.com.ar\/noticias-villa-maria\/wp-json\/wp\/v2\/posts\/96463\/revisions\/96466"}],"wp:featuredmedia":[{"embeddable":true,"href":"https:\/\/elregionalvm.com.ar\/noticias-villa-maria\/wp-json\/wp\/v2\/media\/96465"}],"wp:attachment":[{"href":"https:\/\/elregionalvm.com.ar\/noticias-villa-maria\/wp-json\/wp\/v2\/media?parent=96463"}],"wp:term":[{"taxonomy":"category","embeddable":true,"href":"https:\/\/elregionalvm.com.ar\/noticias-villa-maria\/wp-json\/wp\/v2\/categories?post=96463"},{"taxonomy":"post_tag","embeddable":true,"href":"https:\/\/elregionalvm.com.ar\/noticias-villa-maria\/wp-json\/wp\/v2\/tags?post=96463"}],"curies":[{"name":"wp","href":"https:\/\/api.w.org\/{rel}","templated":true}]}}