{"id":96573,"date":"2024-07-25T02:34:40","date_gmt":"2024-07-25T02:34:40","guid":{"rendered":"https:\/\/elregionalvm.com.ar\/noticias-villa-maria\/?p=96573"},"modified":"2024-07-30T02:31:03","modified_gmt":"2024-07-30T02:31:03","slug":"obesidad-salud-e-hipocresia-el-espanto-por-la-gordura-y-el-fundamentalismo-de-los-cuerpos-fitness","status":"publish","type":"post","link":"https:\/\/elregionalvm.com.ar\/noticias-villa-maria\/obesidad-salud-e-hipocresia-el-espanto-por-la-gordura-y-el-fundamentalismo-de-los-cuerpos-fitness\/","title":{"rendered":"Obesidad, salud e hipocres\u00eda: El espanto por la gordura y el fundamentalismo de los cuerpos \u00abfitness\u00bb"},"content":{"rendered":"\n<h3 class=\"wp-block-heading\"><strong>Somos una sociedad de gordos, reales y en potencia, que se espanta de la obesidad y festeja, ya no de manera tan encubierta, el culto a la extrema delgadez y a los cuerpos fitness.<\/strong><\/h3>\n\n\n\n<h3 class=\"wp-block-heading\"><strong>Envases tan irreales como poco frecuentes; figuras idealizadas por el mismo sistema medi\u00e1tico y publicitario que promete la salvaci\u00f3n con un estilo de vida saludable, pero oferta comida basura todo el tiempo.<\/strong><\/h3>\n\n\n\n<h3 class=\"wp-block-heading\"><strong>Cuerpos que la mayor\u00eda de los argentinos no podr\u00e1 alcanzar jam\u00e1s. Pero, se comportan como si los tuvieran, por su forma de denigrar y estigmatizar a las personas obesas o con exceso de peso.<\/strong><\/h3>\n\n\n\n<p><\/p>\n\n\n\n<p><strong>Escribe: Germ\u00e1n Giacchero<\/strong><\/p>\n\n\n\n<p><\/p>\n\n\n\n<p>El t\u00e9rmino \u201cgordo\u201d, definido por el diccionario de la Real Academia Espa\u00f1ola como \u201cde abundantes carnes\u201d, adquiere distintos matices de sentido seg\u00fan la situaci\u00f3n.<\/p>\n\n\n\n<p>Y se ha transformado muchas veces en una especie de insulto, en veh\u00edculo de agravio f\u00e1cil o en una mala palabra, de esas que se usan para herir sensibilidades o causar da\u00f1o a la autoestima.<\/p>\n\n\n\n<p>Salvo que sea utilizado como apelativo cari\u00f1oso a un familiar, amigo o conocido, con los consabidos \u201cGordito\u201d, \u201cEl Gordo\u201d o \u201cGordis\u201d, por citar solo unos casos, el mote viene acompa\u00f1ado por otros ep\u00edtetos para nada sutiles que refuerzan el car\u00e1cter grosero.<\/p>\n\n\n\n<p>El \u201cgordo puto\u201d, hacia los varones, y el \u201cgorda chancha o vaca\u201d, para las mujeres, se han convertido en lamentables voceos repetidos hasta el hartazgo por chicos y grandes de indistinto grosor corporal.<\/p>\n\n\n\n<p>En un sentido valorativo, en una sociedad hip\u00f3crita, con el doble discurso en la manga todo el tiempo, obsesionada por la belleza a cualquier costo, consumista al m\u00e1ximo, casi resulta peor ser gordo que corrupto, narco o con pr\u00e1cticas sexuales al l\u00edmite de la aberraci\u00f3n.&nbsp;<\/p>\n\n\n\n<p><\/p>\n\n\n\n<figure class=\"wp-block-image size-large\"><img data-recalc-dims=\"1\" height=\"576\" width=\"1024\" decoding=\"async\" src=\"https:\/\/i0.wp.com\/elregionalvm.com.ar\/noticias-villa-maria\/wp-content\/uploads\/2020\/11\/Obesidad-hipocresia-1024x576.jpeg?resize=1024%2C576&#038;ssl=1\" alt=\"\" class=\"wp-image-27802\"\/><\/figure>\n\n\n\n<p><\/p>\n\n\n\n<p>\u00abDecir que estoy gorda es (y deber\u00eda ser) lo mismo que decir que llevo zapatos negros, que las nubes son esponjosas o que Bob es alto. No es ni bueno ni malo, simplemente es as\u00ed. La \u00fanica negatividad que lleva esta palabra es lo que se ha construido alrededor de ella. Necesitamos parar el odio que nuestro mundo conecta con la palabra gorda\u00bb, remarc\u00f3 la psic\u00f3loga Nadia Quevedo en <a href=\"https:\/\/elregionalvm.com.ar\/noticias-villa-maria\/obesidad-y-salud-mental-gordofobia-y-las-falsas-creencias-entorno-a-la-obesidad\/\">una nota publicada tiempo atr\u00e1s en nuestro medio<\/a>.<\/p>\n\n\n\n<p>Basta un trillado ejemplo: durante gran parte de su gloriosa vida deportiva, Diego Maradona fue un febril cocain\u00f3mano. Pero, de la mano del exitismo y los grandes resultados, a la sociedad argentina poco y nada le preocup\u00f3.<\/p>\n\n\n\n<p>Con su figura de campe\u00f3n deformada, el \u00eddolo recib\u00eda p\u00e9sames de todas partes.<\/p>\n\n\n\n<p>Nos pusimos al borde del llanto desvergonzado cuando su antigua figura atl\u00e9tica desbordaba redondeces. Nos preocup\u00f3 m\u00e1s un Maradona gordo, que uno drog\u00f3n, enfermo, depresivo.<\/p>\n\n\n\n<p>C\u00f3mo pod\u00eda ser que el mayor \u00eddolo criollo ostentara sin tapujos su suculenta enormidad corporal. Con su figura de campe\u00f3n deformada, el \u00eddolo recib\u00eda p\u00e9sames de todas partes.<\/p>\n\n\n\n<p>Si Maradona, abrumado por su exceso de kilos, pero no por su adicci\u00f3n a la coca\u00edna, provoc\u00f3 espanto entre sus coterr\u00e1neos, qu\u00e9 queda para el resto de los comunes mortales obesos.<\/p>\n\n\n\n<p><\/p>\n\n\n\n<figure class=\"wp-block-image size-large\"><img data-recalc-dims=\"1\" fetchpriority=\"high\" decoding=\"async\" width=\"1024\" height=\"628\" src=\"https:\/\/i0.wp.com\/elregionalvm.com.ar\/noticias-villa-maria\/wp-content\/uploads\/2020\/11\/Maradona-cuando-estaba-gordo.jpg?resize=1024%2C628&#038;ssl=1\" alt=\"\" class=\"wp-image-27704\" srcset=\"https:\/\/i0.wp.com\/elregionalvm.com.ar\/noticias-villa-maria\/wp-content\/uploads\/2020\/11\/Maradona-cuando-estaba-gordo.jpg?resize=1024%2C628&amp;ssl=1 1024w, https:\/\/i0.wp.com\/elregionalvm.com.ar\/noticias-villa-maria\/wp-content\/uploads\/2020\/11\/Maradona-cuando-estaba-gordo.jpg?resize=300%2C184&amp;ssl=1 300w, https:\/\/i0.wp.com\/elregionalvm.com.ar\/noticias-villa-maria\/wp-content\/uploads\/2020\/11\/Maradona-cuando-estaba-gordo.jpg?resize=768%2C471&amp;ssl=1 768w, https:\/\/i0.wp.com\/elregionalvm.com.ar\/noticias-villa-maria\/wp-content\/uploads\/2020\/11\/Maradona-cuando-estaba-gordo.jpg?resize=1536%2C941&amp;ssl=1 1536w, https:\/\/i0.wp.com\/elregionalvm.com.ar\/noticias-villa-maria\/wp-content\/uploads\/2020\/11\/Maradona-cuando-estaba-gordo.jpg?resize=2048%2C1255&amp;ssl=1 2048w\" sizes=\"(max-width: 1000px) 100vw, 1000px\" \/><figcaption class=\"wp-element-caption\"><em><strong>Con su figura de campe\u00f3n deformada, el \u00eddolo recib\u00eda p\u00e9sames de todas partes.<br><\/strong><\/em><br><br><\/figcaption><\/figure>\n\n\n\n<p><\/p>\n\n\n\n<p><strong>Cifras que asustan<\/strong><\/p>\n\n\n\n<p>En una ya lejana visita a Villa Mar\u00eda, el doctor Alberto Cormillot, una de las personalidades m\u00e1s serias en la materia, hab\u00eda advertido que, si los argentinos segu\u00edamos comiendo mal y mucho, y nos mov\u00edamos poco, para el a\u00f1o 2050 ser\u00edamos todos gordos.<\/p>\n\n\n\n<p>Adem\u00e1s, hab\u00eda remarcado que la obesidad representa la segunda causa de muerte en el pa\u00eds.<\/p>\n\n\n\n<p>Algunas cifras oficiales exponen que m\u00e1s del 50% de la poblaci\u00f3n argentina tiene exceso de peso: 6 de cada 10 adultos presentan esta condici\u00f3n, mientras que, de los ni\u00f1os y ni\u00f1as en edad escolar, el 30% tiene sobrepeso y el 6%, obesidad. Por lo menos, as\u00ed era antes de la pandemia.<\/p>\n\n\n\n<p>Seis de cada 10 adultos tiene problemas de sobrepeso en nuestro pa\u00eds. Sin embargo, nos espantamos de la obesidad.<\/p>\n\n\n\n<p>Seg\u00fan el Ministerio de Salud, esto aumenta el riesgo de tener m\u00e1s de 200 problemas de salud, como, diabetes, hipertensi\u00f3n arterial (presi\u00f3n alta), enfermedades respiratorias cr\u00f3nicas, enfermedad de los ri\u00f1ones, del h\u00edgado y algunos tipos de c\u00e1ncer.<\/p>\n\n\n\n<p>En contrapartida, Argentina forma parte del escalofriante podio en cantidad de afectados por bulimia y anorexia a nivel mundial. Y los casos van en aumento.<\/p>\n\n\n\n<p>\u00bfDe qu\u00e9 nos espantamos, entonces?<\/p>\n\n\n\n<p><\/p>\n\n\n\n<figure class=\"wp-block-image size-full\"><img data-recalc-dims=\"1\" decoding=\"async\" width=\"487\" height=\"361\" src=\"https:\/\/i0.wp.com\/elregionalvm.com.ar\/noticias-villa-maria\/wp-content\/uploads\/2020\/11\/grafico_obesidad_14.png?resize=487%2C361&#038;ssl=1\" alt=\"\" class=\"wp-image-27705\" srcset=\"https:\/\/i0.wp.com\/elregionalvm.com.ar\/noticias-villa-maria\/wp-content\/uploads\/2020\/11\/grafico_obesidad_14.png?w=487&amp;ssl=1 487w, https:\/\/i0.wp.com\/elregionalvm.com.ar\/noticias-villa-maria\/wp-content\/uploads\/2020\/11\/grafico_obesidad_14.png?resize=300%2C222&amp;ssl=1 300w\" sizes=\"(max-width: 487px) 100vw, 487px\" \/><figcaption class=\"wp-element-caption\"><strong><em>Seis de cada 10 adultos tiene problemas de sobrepeso en nuestro pa\u00eds. Sin embargo, nos espantamos de la obesidad.<\/em><br><\/strong><br><\/figcaption><\/figure>\n\n\n\n<p><\/p>\n\n\n\n<p><strong>Sociedad enferma<\/strong><\/p>\n\n\n\n<p>\u00bfCu\u00e1l ser\u00e1 el destino trazado de una sociedad \u00abgordof\u00f3bica\u00bb que reproduce valores a contramano de su realidad, que hace culto a la est\u00e9tica de la escualidez o de las cero grasas y que no desconoce que la mayor parte de su gente multiplica en kilos de manera exponencial al modelito de turno?<\/p>\n\n\n\n<p>Y, al final, en este juego hip\u00f3crita, condena sin verg\u00fcenza propia a obesos como anor\u00e9xicos. Son enfermos, diagnostica. Y los margina.<\/p>\n\n\n\n<p>Eso despu\u00e9s de haberlos inducido a adoptar desde peque\u00f1os valores ajenos y contradictorios, entre la forma de alimentarse y el camino a recorrer para cumplir con los est\u00e1ndares de belleza esperables, poder agradar a la mirada ajena y encajar con el resto.<\/p>\n\n\n\n<p>El frenes\u00ed del look \u201cdescarnado\u201d o de la moda fitness o de la cultura light casi no reconoce fronteras sociales. Ricos y pobres se hermanan haciendo dieta. Unos, por obligaci\u00f3n o por gusto; otros, porque no les queda otra.<\/p>\n\n\n\n<p>En un pa\u00eds con la mitad de sus habitantes en la pobreza y con est\u00f3magos a media m\u00e1quina, se practica el ayuno por obra y gracia de las dietas salvadoras paridas por gur\u00faes graduados como influencers en Instagram o falsos profetas \u201cdoctorados\u201d en pr\u00e1cticas de vida saludable.<\/p>\n\n\n\n<p>Mientras, el v\u00f3mito inducido hace estragos.<\/p>\n\n\n\n<p>\u201cHay un mundo mejor, pero es m\u00e1s caro\u201d, rezaba un viejo graffiti. Hay una realidad distinta, pero es mentira: las chicas plastificadas, sexis y ultradelgadas de las pasarelas y las publicidades; los beb\u00e9s y nenes rubiecitos y de ojitos celestes, siempre sonrientes y simp\u00e1ticos, que promocionan pa\u00f1ales insobornables.<\/p>\n\n\n\n<p><\/p>\n\n\n\n<figure class=\"wp-block-image size-full\"><img data-recalc-dims=\"1\" decoding=\"async\" src=\"https:\/\/i0.wp.com\/elregionalvm.com.ar\/noticias-villa-maria\/wp-content\/uploads\/2020\/11\/Mujeres-reales-campana-Dove-1.jpg?ssl=1\" alt=\"\" class=\"wp-image-27709\"\/><figcaption class=\"wp-element-caption\"><em><strong>\u00abMujeres reales\u00bb se llam\u00f3 una campa\u00f1a publicitaria. Una manera de reconocer que, en general, usan estereotipos alejados de la vida real.<\/strong><\/em><\/figcaption><\/figure>\n\n\n\n<p><\/p>\n\n\n\n<p>Las estrellas de la tele que gracias a \u201cSer cero grasas\u201d ahora son felices; las chicas y chicos que tonifican gl\u00fateos y abd\u00f3menes en los gimnasios y vigorizan rostros con toneladas de cosm\u00e9ticos, inyecciones o cirug\u00edas que no siempre terminan bien. M\u00e1s los avisos para bajar de peso que nunca ponen modelos talles XL.<\/p>\n\n\n\n<p>La obesidad no es saludable, claro. El elogio de la gordura, \u201cporque cada uno hace con su cuerpo lo que quiere\u201d, no es el mejor discurso para lograr una vida sana y estabilidad emocional.<\/p>\n\n\n\n<p>Pero, tampoco lo es el fundamentalismo que busca imponer a rajatabla el cuerpo perfecto sin importar los costos y desprecia a todo aquello que no siga con los santos mandatos de la cultura fitness.<\/p>\n\n\n\n<p>\u00abEn la actualidad, las redes sociales y los medios de comunicaci\u00f3n ponen ejemplos de mujeres y hombres con una est\u00e9tica casi perfecta, incluso quienes no padecen obesidad creen que tienen que llegar a esos estereotipos propuestos, dejando de lado todos los pilares que hacen alcanzar un estado de salud \u00f3ptimo\u00bb, destac\u00f3 la psic\u00f3loga Nadia Quevedo.<\/p>\n\n\n\n<p>En una sociedad donde los verbos m\u00e1s conjugados son parecer, aparentar y adelgazar, resultar\u00e1 tit\u00e1nica tarea revertir la situaci\u00f3n.<\/p>\n\n\n\n<p>S\u00f3lo cuando nuestras barreras mentales y la tosquedad de nuestras neuronas lo permitan, podremos ver que no todo pasa por las redondeces en exceso, productos de una enfermedad, un modo de vida nada saludable y un sistema de consumo que hace estragos entre nosotros. En cuerpo y alma.<\/p>\n\n\n\n<p>Ah\u00ed, nos daremos cuenta de que la calidad de ser buenas personas no se mide en funci\u00f3n del volumen de un abdomen o del grosor de una cuenta bancaria; de que hay cuestiones m\u00e1s trascendentes que un \u201cbuen\u201d par de tetas siliconadas y un trasero rellenado; y de que a\u00fan nos falta un buen trecho para dejar de ser hip\u00f3critas, discriminadores y, sobre todo, ilusos, con complejo de superioridad.<\/p>\n\n\n\n<p><\/p>\n\n\n\n<p><\/p>\n","protected":false},"excerpt":{"rendered":"<p>Somos una sociedad de gordos, reales y en potencia, que se espanta de la obesidad y festeja, ya no de manera tan encubierta, el culto a la extrema delgadez y a los cuerpos fitness. Envases tan irreales como poco frecuentes; figuras idealizadas por el mismo sistema medi\u00e1tico y publicitario que promete la salvaci\u00f3n con un [&hellip;]<\/p>\n","protected":false},"author":6,"featured_media":96578,"comment_status":"open","ping_status":"open","sticky":false,"template":"","format":"standard","meta":{"site-sidebar-layout":"default","site-content-layout":"","ast-site-content-layout":"default","site-content-style":"default","site-sidebar-style":"default","ast-global-header-display":"","ast-banner-title-visibility":"","ast-main-header-display":"","ast-hfb-above-header-display":"","ast-hfb-below-header-display":"","ast-hfb-mobile-header-display":"","site-post-title":"","ast-breadcrumbs-content":"","ast-featured-img":"","footer-sml-layout":"","ast-disable-related-posts":"","theme-transparent-header-meta":"","adv-header-id-meta":"","stick-header-meta":"","header-above-stick-meta":"","header-main-stick-meta":"","header-below-stick-meta":"","astra-migrate-meta-layouts":"set","ast-page-background-enabled":"default","ast-page-background-meta":{"desktop":{"background-color":"","background-image":"","background-repeat":"repeat","background-position":"center center","background-size":"auto","background-attachment":"scroll","background-type":"","background-media":"","overlay-type":"","overlay-color":"","overlay-opacity":"","overlay-gradient":""},"tablet":{"background-color":"","background-image":"","background-repeat":"repeat","background-position":"center center","background-size":"auto","background-attachment":"scroll","background-type":"","background-media":"","overlay-type":"","overlay-color":"","overlay-opacity":"","overlay-gradient":""},"mobile":{"background-color":"","background-image":"","background-repeat":"repeat","background-position":"center center","background-size":"auto","background-attachment":"scroll","background-type":"","background-media":"","overlay-type":"","overlay-color":"","overlay-opacity":"","overlay-gradient":""}},"ast-content-background-meta":{"desktop":{"background-color":"var(--ast-global-color-5)","background-image":"","background-repeat":"repeat","background-position":"center center","background-size":"auto","background-attachment":"scroll","background-type":"","background-media":"","overlay-type":"","overlay-color":"","overlay-opacity":"","overlay-gradient":""},"tablet":{"background-color":"var(--ast-global-color-5)","background-image":"","background-repeat":"repeat","background-position":"center center","background-size":"auto","background-attachment":"scroll","background-type":"","background-media":"","overlay-type":"","overlay-color":"","overlay-opacity":"","overlay-gradient":""},"mobile":{"background-color":"var(--ast-global-color-5)","background-image":"","background-repeat":"repeat","background-position":"center center","background-size":"auto","background-attachment":"scroll","background-type":"","background-media":"","overlay-type":"","overlay-color":"","overlay-opacity":"","overlay-gradient":""}},"_jetpack_memberships_contains_paid_content":false,"_joinchat":[],"footnotes":""},"categories":[365,3557],"tags":[5401,24220,19956,5277,10618,18585,24221,677,1587,826,2133,2033,11380],"class_list":["post-96573","post","type-post","status-publish","format-standard","has-post-thumbnail","hentry","category-opinion","category-tercera","tag-anorexia","tag-bulimia","tag-delgadez","tag-dieta","tag-fitness","tag-gordofobia","tag-gordura","tag-maradona","tag-obesidad","tag-redes-sociales","tag-salud","tag-salud-mental","tag-vida-sana"],"yoast_head":"<!-- This site is optimized with the Yoast SEO plugin v26.8 - https:\/\/yoast.com\/product\/yoast-seo-wordpress\/ -->\n<title>Obesidad, salud e hipocres\u00eda: El espanto por la gordura y el fundamentalismo de los cuerpos &quot;fitness&quot; - El Regional<\/title>\n<meta name=\"robots\" content=\"index, follow, max-snippet:-1, max-image-preview:large, max-video-preview:-1\" \/>\n<link rel=\"canonical\" href=\"https:\/\/elregionalvm.com.ar\/noticias-villa-maria\/obesidad-salud-e-hipocresia-el-espanto-por-la-gordura-y-el-fundamentalismo-de-los-cuerpos-fitness\/\" \/>\n<meta property=\"og:locale\" content=\"es_ES\" \/>\n<meta property=\"og:type\" content=\"article\" \/>\n<meta property=\"og:title\" content=\"Obesidad, salud e hipocres\u00eda: El espanto por la gordura y el fundamentalismo de los cuerpos &quot;fitness&quot; - El Regional\" \/>\n<meta property=\"og:description\" content=\"Somos una sociedad de gordos, reales y en potencia, que se espanta de la obesidad y festeja, ya no de manera tan encubierta, el culto a la extrema delgadez y a los cuerpos fitness. Envases tan irreales como poco frecuentes; figuras idealizadas por el mismo sistema medi\u00e1tico y publicitario que promete la salvaci\u00f3n con un [&hellip;]\" \/>\n<meta property=\"og:url\" content=\"https:\/\/elregionalvm.com.ar\/noticias-villa-maria\/obesidad-salud-e-hipocresia-el-espanto-por-la-gordura-y-el-fundamentalismo-de-los-cuerpos-fitness\/\" \/>\n<meta property=\"og:site_name\" content=\"El Regional\" \/>\n<meta property=\"article:publisher\" content=\"https:\/\/www.facebook.com\/elregionalvm\" \/>\n<meta property=\"article:published_time\" content=\"2024-07-25T02:34:40+00:00\" \/>\n<meta property=\"article:modified_time\" content=\"2024-07-30T02:31:03+00:00\" \/>\n<meta property=\"og:image\" content=\"https:\/\/elregionalvm.com.ar\/noticias-villa-maria\/wp-content\/uploads\/2024\/07\/cuerpos-obesos-y-fitness.jpg\" \/>\n\t<meta property=\"og:image:width\" content=\"598\" \/>\n\t<meta property=\"og:image:height\" content=\"311\" \/>\n\t<meta property=\"og:image:type\" content=\"image\/jpeg\" \/>\n<meta name=\"author\" content=\"Germ\u00e1n Giacchero\" \/>\n<meta name=\"twitter:card\" content=\"summary_large_image\" \/>\n<meta name=\"twitter:creator\" content=\"@elregionalvm1\" \/>\n<meta name=\"twitter:site\" content=\"@elregionalvm1\" \/>\n<meta name=\"twitter:label1\" content=\"Escrito por\" \/>\n\t<meta name=\"twitter:data1\" content=\"Germ\u00e1n Giacchero\" \/>\n\t<meta name=\"twitter:label2\" content=\"Tiempo de lectura\" \/>\n\t<meta name=\"twitter:data2\" content=\"8 minutos\" \/>\n<script type=\"application\/ld+json\" class=\"yoast-schema-graph\">{\"@context\":\"https:\/\/schema.org\",\"@graph\":[{\"@type\":\"Article\",\"@id\":\"https:\/\/elregionalvm.com.ar\/noticias-villa-maria\/obesidad-salud-e-hipocresia-el-espanto-por-la-gordura-y-el-fundamentalismo-de-los-cuerpos-fitness\/#article\",\"isPartOf\":{\"@id\":\"https:\/\/elregionalvm.com.ar\/noticias-villa-maria\/obesidad-salud-e-hipocresia-el-espanto-por-la-gordura-y-el-fundamentalismo-de-los-cuerpos-fitness\/\"},\"author\":{\"name\":\"Germ\u00e1n Giacchero\",\"@id\":\"http:\/\/elregionalvm.com.ar\/noticias-villa-maria\/#\/schema\/person\/d5e4b04966154131701e52c45d3efec9\"},\"headline\":\"Obesidad, salud e hipocres\u00eda: El espanto por la gordura y el fundamentalismo de los cuerpos \u00abfitness\u00bb\",\"datePublished\":\"2024-07-25T02:34:40+00:00\",\"dateModified\":\"2024-07-30T02:31:03+00:00\",\"mainEntityOfPage\":{\"@id\":\"https:\/\/elregionalvm.com.ar\/noticias-villa-maria\/obesidad-salud-e-hipocresia-el-espanto-por-la-gordura-y-el-fundamentalismo-de-los-cuerpos-fitness\/\"},\"wordCount\":1426,\"commentCount\":0,\"image\":{\"@id\":\"https:\/\/elregionalvm.com.ar\/noticias-villa-maria\/obesidad-salud-e-hipocresia-el-espanto-por-la-gordura-y-el-fundamentalismo-de-los-cuerpos-fitness\/#primaryimage\"},\"thumbnailUrl\":\"https:\/\/i0.wp.com\/elregionalvm.com.ar\/noticias-villa-maria\/wp-content\/uploads\/2024\/07\/cuerpos-obesos-y-fitness.jpg?fit=598%2C311&ssl=1\",\"keywords\":[\"Anorexia\",\"bulimia\",\"delgadez\",\"dieta\",\"fitness\",\"gordofobia\",\"gordura\",\"Maradona\",\"obesidad\",\"Redes Sociales\",\"salud\",\"salud mental\",\"Vida sana\"],\"articleSection\":[\"Opini\u00f3n\",\"tercera\"],\"inLanguage\":\"es\",\"potentialAction\":[{\"@type\":\"CommentAction\",\"name\":\"Comment\",\"target\":[\"https:\/\/elregionalvm.com.ar\/noticias-villa-maria\/obesidad-salud-e-hipocresia-el-espanto-por-la-gordura-y-el-fundamentalismo-de-los-cuerpos-fitness\/#respond\"]}]},{\"@type\":\"WebPage\",\"@id\":\"https:\/\/elregionalvm.com.ar\/noticias-villa-maria\/obesidad-salud-e-hipocresia-el-espanto-por-la-gordura-y-el-fundamentalismo-de-los-cuerpos-fitness\/\",\"url\":\"https:\/\/elregionalvm.com.ar\/noticias-villa-maria\/obesidad-salud-e-hipocresia-el-espanto-por-la-gordura-y-el-fundamentalismo-de-los-cuerpos-fitness\/\",\"name\":\"Obesidad, salud e hipocres\u00eda: El espanto por la gordura y el fundamentalismo de los cuerpos \\\"fitness\\\" - El Regional\",\"isPartOf\":{\"@id\":\"http:\/\/elregionalvm.com.ar\/noticias-villa-maria\/#website\"},\"primaryImageOfPage\":{\"@id\":\"https:\/\/elregionalvm.com.ar\/noticias-villa-maria\/obesidad-salud-e-hipocresia-el-espanto-por-la-gordura-y-el-fundamentalismo-de-los-cuerpos-fitness\/#primaryimage\"},\"image\":{\"@id\":\"https:\/\/elregionalvm.com.ar\/noticias-villa-maria\/obesidad-salud-e-hipocresia-el-espanto-por-la-gordura-y-el-fundamentalismo-de-los-cuerpos-fitness\/#primaryimage\"},\"thumbnailUrl\":\"https:\/\/i0.wp.com\/elregionalvm.com.ar\/noticias-villa-maria\/wp-content\/uploads\/2024\/07\/cuerpos-obesos-y-fitness.jpg?fit=598%2C311&ssl=1\",\"datePublished\":\"2024-07-25T02:34:40+00:00\",\"dateModified\":\"2024-07-30T02:31:03+00:00\",\"author\":{\"@id\":\"http:\/\/elregionalvm.com.ar\/noticias-villa-maria\/#\/schema\/person\/d5e4b04966154131701e52c45d3efec9\"},\"breadcrumb\":{\"@id\":\"https:\/\/elregionalvm.com.ar\/noticias-villa-maria\/obesidad-salud-e-hipocresia-el-espanto-por-la-gordura-y-el-fundamentalismo-de-los-cuerpos-fitness\/#breadcrumb\"},\"inLanguage\":\"es\",\"potentialAction\":[{\"@type\":\"ReadAction\",\"target\":[\"https:\/\/elregionalvm.com.ar\/noticias-villa-maria\/obesidad-salud-e-hipocresia-el-espanto-por-la-gordura-y-el-fundamentalismo-de-los-cuerpos-fitness\/\"]}]},{\"@type\":\"ImageObject\",\"inLanguage\":\"es\",\"@id\":\"https:\/\/elregionalvm.com.ar\/noticias-villa-maria\/obesidad-salud-e-hipocresia-el-espanto-por-la-gordura-y-el-fundamentalismo-de-los-cuerpos-fitness\/#primaryimage\",\"url\":\"https:\/\/i0.wp.com\/elregionalvm.com.ar\/noticias-villa-maria\/wp-content\/uploads\/2024\/07\/cuerpos-obesos-y-fitness.jpg?fit=598%2C311&ssl=1\",\"contentUrl\":\"https:\/\/i0.wp.com\/elregionalvm.com.ar\/noticias-villa-maria\/wp-content\/uploads\/2024\/07\/cuerpos-obesos-y-fitness.jpg?fit=598%2C311&ssl=1\",\"width\":598,\"height\":311},{\"@type\":\"BreadcrumbList\",\"@id\":\"https:\/\/elregionalvm.com.ar\/noticias-villa-maria\/obesidad-salud-e-hipocresia-el-espanto-por-la-gordura-y-el-fundamentalismo-de-los-cuerpos-fitness\/#breadcrumb\",\"itemListElement\":[{\"@type\":\"ListItem\",\"position\":1,\"name\":\"Portada\",\"item\":\"https:\/\/elregionalvm.com.ar\/noticias-villa-maria\/\"},{\"@type\":\"ListItem\",\"position\":2,\"name\":\"Obesidad, salud e hipocres\u00eda: El espanto por la gordura y el fundamentalismo de los cuerpos \u00abfitness\u00bb\"}]},{\"@type\":\"WebSite\",\"@id\":\"http:\/\/elregionalvm.com.ar\/noticias-villa-maria\/#website\",\"url\":\"http:\/\/elregionalvm.com.ar\/noticias-villa-maria\/\",\"name\":\"El Regional\",\"description\":\"Mucho m\u00e1s que informaci\u00f3n\",\"potentialAction\":[{\"@type\":\"SearchAction\",\"target\":{\"@type\":\"EntryPoint\",\"urlTemplate\":\"http:\/\/elregionalvm.com.ar\/noticias-villa-maria\/?s={search_term_string}\"},\"query-input\":{\"@type\":\"PropertyValueSpecification\",\"valueRequired\":true,\"valueName\":\"search_term_string\"}}],\"inLanguage\":\"es\"},{\"@type\":\"Person\",\"@id\":\"http:\/\/elregionalvm.com.ar\/noticias-villa-maria\/#\/schema\/person\/d5e4b04966154131701e52c45d3efec9\",\"name\":\"Germ\u00e1n Giacchero\",\"image\":{\"@type\":\"ImageObject\",\"inLanguage\":\"es\",\"@id\":\"http:\/\/elregionalvm.com.ar\/noticias-villa-maria\/#\/schema\/person\/image\/\",\"url\":\"https:\/\/secure.gravatar.com\/avatar\/fda163ba5ef0307ee5be9846e10f83b6e83d0cfb260d3b2464830318894c6b04?s=96&d=mm&r=g\",\"contentUrl\":\"https:\/\/secure.gravatar.com\/avatar\/fda163ba5ef0307ee5be9846e10f83b6e83d0cfb260d3b2464830318894c6b04?s=96&d=mm&r=g\",\"caption\":\"Germ\u00e1n Giacchero\"},\"url\":\"https:\/\/elregionalvm.com.ar\/noticias-villa-maria\/author\/germangiacchero\/\"}]}<\/script>\n<!-- \/ Yoast SEO plugin. -->","yoast_head_json":{"title":"Obesidad, salud e hipocres\u00eda: El espanto por la gordura y el fundamentalismo de los cuerpos \"fitness\" - El Regional","robots":{"index":"index","follow":"follow","max-snippet":"max-snippet:-1","max-image-preview":"max-image-preview:large","max-video-preview":"max-video-preview:-1"},"canonical":"https:\/\/elregionalvm.com.ar\/noticias-villa-maria\/obesidad-salud-e-hipocresia-el-espanto-por-la-gordura-y-el-fundamentalismo-de-los-cuerpos-fitness\/","og_locale":"es_ES","og_type":"article","og_title":"Obesidad, salud e hipocres\u00eda: El espanto por la gordura y el fundamentalismo de los cuerpos \"fitness\" - El Regional","og_description":"Somos una sociedad de gordos, reales y en potencia, que se espanta de la obesidad y festeja, ya no de manera tan encubierta, el culto a la extrema delgadez y a los cuerpos fitness. Envases tan irreales como poco frecuentes; figuras idealizadas por el mismo sistema medi\u00e1tico y publicitario que promete la salvaci\u00f3n con un [&hellip;]","og_url":"https:\/\/elregionalvm.com.ar\/noticias-villa-maria\/obesidad-salud-e-hipocresia-el-espanto-por-la-gordura-y-el-fundamentalismo-de-los-cuerpos-fitness\/","og_site_name":"El Regional","article_publisher":"https:\/\/www.facebook.com\/elregionalvm","article_published_time":"2024-07-25T02:34:40+00:00","article_modified_time":"2024-07-30T02:31:03+00:00","og_image":[{"width":598,"height":311,"url":"https:\/\/elregionalvm.com.ar\/noticias-villa-maria\/wp-content\/uploads\/2024\/07\/cuerpos-obesos-y-fitness.jpg","type":"image\/jpeg"}],"author":"Germ\u00e1n Giacchero","twitter_card":"summary_large_image","twitter_creator":"@elregionalvm1","twitter_site":"@elregionalvm1","twitter_misc":{"Escrito por":"Germ\u00e1n Giacchero","Tiempo de lectura":"8 minutos"},"schema":{"@context":"https:\/\/schema.org","@graph":[{"@type":"Article","@id":"https:\/\/elregionalvm.com.ar\/noticias-villa-maria\/obesidad-salud-e-hipocresia-el-espanto-por-la-gordura-y-el-fundamentalismo-de-los-cuerpos-fitness\/#article","isPartOf":{"@id":"https:\/\/elregionalvm.com.ar\/noticias-villa-maria\/obesidad-salud-e-hipocresia-el-espanto-por-la-gordura-y-el-fundamentalismo-de-los-cuerpos-fitness\/"},"author":{"name":"Germ\u00e1n Giacchero","@id":"http:\/\/elregionalvm.com.ar\/noticias-villa-maria\/#\/schema\/person\/d5e4b04966154131701e52c45d3efec9"},"headline":"Obesidad, salud e hipocres\u00eda: El espanto por la gordura y el fundamentalismo de los cuerpos \u00abfitness\u00bb","datePublished":"2024-07-25T02:34:40+00:00","dateModified":"2024-07-30T02:31:03+00:00","mainEntityOfPage":{"@id":"https:\/\/elregionalvm.com.ar\/noticias-villa-maria\/obesidad-salud-e-hipocresia-el-espanto-por-la-gordura-y-el-fundamentalismo-de-los-cuerpos-fitness\/"},"wordCount":1426,"commentCount":0,"image":{"@id":"https:\/\/elregionalvm.com.ar\/noticias-villa-maria\/obesidad-salud-e-hipocresia-el-espanto-por-la-gordura-y-el-fundamentalismo-de-los-cuerpos-fitness\/#primaryimage"},"thumbnailUrl":"https:\/\/i0.wp.com\/elregionalvm.com.ar\/noticias-villa-maria\/wp-content\/uploads\/2024\/07\/cuerpos-obesos-y-fitness.jpg?fit=598%2C311&ssl=1","keywords":["Anorexia","bulimia","delgadez","dieta","fitness","gordofobia","gordura","Maradona","obesidad","Redes Sociales","salud","salud mental","Vida sana"],"articleSection":["Opini\u00f3n","tercera"],"inLanguage":"es","potentialAction":[{"@type":"CommentAction","name":"Comment","target":["https:\/\/elregionalvm.com.ar\/noticias-villa-maria\/obesidad-salud-e-hipocresia-el-espanto-por-la-gordura-y-el-fundamentalismo-de-los-cuerpos-fitness\/#respond"]}]},{"@type":"WebPage","@id":"https:\/\/elregionalvm.com.ar\/noticias-villa-maria\/obesidad-salud-e-hipocresia-el-espanto-por-la-gordura-y-el-fundamentalismo-de-los-cuerpos-fitness\/","url":"https:\/\/elregionalvm.com.ar\/noticias-villa-maria\/obesidad-salud-e-hipocresia-el-espanto-por-la-gordura-y-el-fundamentalismo-de-los-cuerpos-fitness\/","name":"Obesidad, salud e hipocres\u00eda: El espanto por la gordura y el fundamentalismo de los cuerpos \"fitness\" - El Regional","isPartOf":{"@id":"http:\/\/elregionalvm.com.ar\/noticias-villa-maria\/#website"},"primaryImageOfPage":{"@id":"https:\/\/elregionalvm.com.ar\/noticias-villa-maria\/obesidad-salud-e-hipocresia-el-espanto-por-la-gordura-y-el-fundamentalismo-de-los-cuerpos-fitness\/#primaryimage"},"image":{"@id":"https:\/\/elregionalvm.com.ar\/noticias-villa-maria\/obesidad-salud-e-hipocresia-el-espanto-por-la-gordura-y-el-fundamentalismo-de-los-cuerpos-fitness\/#primaryimage"},"thumbnailUrl":"https:\/\/i0.wp.com\/elregionalvm.com.ar\/noticias-villa-maria\/wp-content\/uploads\/2024\/07\/cuerpos-obesos-y-fitness.jpg?fit=598%2C311&ssl=1","datePublished":"2024-07-25T02:34:40+00:00","dateModified":"2024-07-30T02:31:03+00:00","author":{"@id":"http:\/\/elregionalvm.com.ar\/noticias-villa-maria\/#\/schema\/person\/d5e4b04966154131701e52c45d3efec9"},"breadcrumb":{"@id":"https:\/\/elregionalvm.com.ar\/noticias-villa-maria\/obesidad-salud-e-hipocresia-el-espanto-por-la-gordura-y-el-fundamentalismo-de-los-cuerpos-fitness\/#breadcrumb"},"inLanguage":"es","potentialAction":[{"@type":"ReadAction","target":["https:\/\/elregionalvm.com.ar\/noticias-villa-maria\/obesidad-salud-e-hipocresia-el-espanto-por-la-gordura-y-el-fundamentalismo-de-los-cuerpos-fitness\/"]}]},{"@type":"ImageObject","inLanguage":"es","@id":"https:\/\/elregionalvm.com.ar\/noticias-villa-maria\/obesidad-salud-e-hipocresia-el-espanto-por-la-gordura-y-el-fundamentalismo-de-los-cuerpos-fitness\/#primaryimage","url":"https:\/\/i0.wp.com\/elregionalvm.com.ar\/noticias-villa-maria\/wp-content\/uploads\/2024\/07\/cuerpos-obesos-y-fitness.jpg?fit=598%2C311&ssl=1","contentUrl":"https:\/\/i0.wp.com\/elregionalvm.com.ar\/noticias-villa-maria\/wp-content\/uploads\/2024\/07\/cuerpos-obesos-y-fitness.jpg?fit=598%2C311&ssl=1","width":598,"height":311},{"@type":"BreadcrumbList","@id":"https:\/\/elregionalvm.com.ar\/noticias-villa-maria\/obesidad-salud-e-hipocresia-el-espanto-por-la-gordura-y-el-fundamentalismo-de-los-cuerpos-fitness\/#breadcrumb","itemListElement":[{"@type":"ListItem","position":1,"name":"Portada","item":"https:\/\/elregionalvm.com.ar\/noticias-villa-maria\/"},{"@type":"ListItem","position":2,"name":"Obesidad, salud e hipocres\u00eda: El espanto por la gordura y el fundamentalismo de los cuerpos \u00abfitness\u00bb"}]},{"@type":"WebSite","@id":"http:\/\/elregionalvm.com.ar\/noticias-villa-maria\/#website","url":"http:\/\/elregionalvm.com.ar\/noticias-villa-maria\/","name":"El Regional","description":"Mucho m\u00e1s que informaci\u00f3n","potentialAction":[{"@type":"SearchAction","target":{"@type":"EntryPoint","urlTemplate":"http:\/\/elregionalvm.com.ar\/noticias-villa-maria\/?s={search_term_string}"},"query-input":{"@type":"PropertyValueSpecification","valueRequired":true,"valueName":"search_term_string"}}],"inLanguage":"es"},{"@type":"Person","@id":"http:\/\/elregionalvm.com.ar\/noticias-villa-maria\/#\/schema\/person\/d5e4b04966154131701e52c45d3efec9","name":"Germ\u00e1n Giacchero","image":{"@type":"ImageObject","inLanguage":"es","@id":"http:\/\/elregionalvm.com.ar\/noticias-villa-maria\/#\/schema\/person\/image\/","url":"https:\/\/secure.gravatar.com\/avatar\/fda163ba5ef0307ee5be9846e10f83b6e83d0cfb260d3b2464830318894c6b04?s=96&d=mm&r=g","contentUrl":"https:\/\/secure.gravatar.com\/avatar\/fda163ba5ef0307ee5be9846e10f83b6e83d0cfb260d3b2464830318894c6b04?s=96&d=mm&r=g","caption":"Germ\u00e1n Giacchero"},"url":"https:\/\/elregionalvm.com.ar\/noticias-villa-maria\/author\/germangiacchero\/"}]}},"jetpack_featured_media_url":"https:\/\/i0.wp.com\/elregionalvm.com.ar\/noticias-villa-maria\/wp-content\/uploads\/2024\/07\/cuerpos-obesos-y-fitness.jpg?fit=598%2C311&ssl=1","jetpack_sharing_enabled":true,"_links":{"self":[{"href":"https:\/\/elregionalvm.com.ar\/noticias-villa-maria\/wp-json\/wp\/v2\/posts\/96573","targetHints":{"allow":["GET"]}}],"collection":[{"href":"https:\/\/elregionalvm.com.ar\/noticias-villa-maria\/wp-json\/wp\/v2\/posts"}],"about":[{"href":"https:\/\/elregionalvm.com.ar\/noticias-villa-maria\/wp-json\/wp\/v2\/types\/post"}],"author":[{"embeddable":true,"href":"https:\/\/elregionalvm.com.ar\/noticias-villa-maria\/wp-json\/wp\/v2\/users\/6"}],"replies":[{"embeddable":true,"href":"https:\/\/elregionalvm.com.ar\/noticias-villa-maria\/wp-json\/wp\/v2\/comments?post=96573"}],"version-history":[{"count":8,"href":"https:\/\/elregionalvm.com.ar\/noticias-villa-maria\/wp-json\/wp\/v2\/posts\/96573\/revisions"}],"predecessor-version":[{"id":96585,"href":"https:\/\/elregionalvm.com.ar\/noticias-villa-maria\/wp-json\/wp\/v2\/posts\/96573\/revisions\/96585"}],"wp:featuredmedia":[{"embeddable":true,"href":"https:\/\/elregionalvm.com.ar\/noticias-villa-maria\/wp-json\/wp\/v2\/media\/96578"}],"wp:attachment":[{"href":"https:\/\/elregionalvm.com.ar\/noticias-villa-maria\/wp-json\/wp\/v2\/media?parent=96573"}],"wp:term":[{"taxonomy":"category","embeddable":true,"href":"https:\/\/elregionalvm.com.ar\/noticias-villa-maria\/wp-json\/wp\/v2\/categories?post=96573"},{"taxonomy":"post_tag","embeddable":true,"href":"https:\/\/elregionalvm.com.ar\/noticias-villa-maria\/wp-json\/wp\/v2\/tags?post=96573"}],"curies":[{"name":"wp","href":"https:\/\/api.w.org\/{rel}","templated":true}]}}