{"id":96587,"date":"2024-07-25T20:28:43","date_gmt":"2024-07-25T20:28:43","guid":{"rendered":"https:\/\/elregionalvm.com.ar\/noticias-villa-maria\/?p=96587"},"modified":"2024-07-25T22:04:03","modified_gmt":"2024-07-25T22:04:03","slug":"concejales-aprobaron-en-segunda-lectura-el-proyecto-de-ordenanza-disponiendo-actualizar-la-tarifa-saneamiento","status":"publish","type":"post","link":"https:\/\/elregionalvm.com.ar\/noticias-villa-maria\/concejales-aprobaron-en-segunda-lectura-el-proyecto-de-ordenanza-disponiendo-actualizar-la-tarifa-saneamiento\/","title":{"rendered":"Concejales aprobaron la ordenanza  que actualiza la tarifa saneamiento"},"content":{"rendered":"\n<p>Pasado el mediod\u00eda de este jueves, se desarroll\u00f3 la habitual sesi\u00f3n en el Concejo Deliberante de nuestra ciudad. En ese sentido, y dando cumplimiento a la instancia legal que establece la Carta Org\u00e1nica Municipal, tras primera lectura y audiencia p\u00fablica, concejales aprobaron en segunda lectura el Proyecto de Ordenanza disponiendo actualizar la tarifa de saneamiento.<\/p>\n\n\n\n<p>Es importante decir que, minutos antes de comenzar con el Orden del D\u00eda, la concejala Yaslil Oses pidi\u00f3 la palabra y se manifest\u00f3 sobre el reciente femicidio de Catalina Guti\u00e9rrez.<\/p>\n\n\n\n<p>Luego, y con respecto al proyecto de actualizaci\u00f3n de la tarifa de saneamiento, el concejal Jos\u00e9 Cativelli, expres\u00f3: \u201cen funci\u00f3n del informe t\u00e9cnico sobre variaci\u00f3n de costos correspondientes al primer trimestre del a\u00f1o 2024, presentado por la Cooperativa 15 de Mayo Limitada, que van desde diciembre del 2023 a marzo del 2024, y teniendo en cuenta el \u00cdndice de Precios al Consumidor y el \u00cdndice de Precios Mayoristas informados por el INDEC, se hace realmente necesaria la actualizaci\u00f3n de la tarifa solicitada a los efectos de no poner en riesgo la adecuada prestaci\u00f3n del servicio\u201d.<\/p>\n\n\n\n<p>\u201cSumado a que en estos meses se realizaron trabajos coordinados con el municipio, donde la Cooperativa realizo tareas de reperfilamiento de los canales de desag\u00fce pluviales de la ciudad, para garantizar el normal funcionamiento. Asimismo, junto a la Secretaria de Ambiente, se trabaj\u00f3 de manera mancomunada con las empresas para lograr la normalizaci\u00f3n del afluente que llega a la Planta Depuradora de l\u00edquidos cloacales\u201d, contin\u00fao el Concejal.<\/p>\n\n\n\n<p>\u201cPor otra parte, la Cooperativa inauguro un nuevo pozo de extracci\u00f3n de agua, que permite mejorar la provisi\u00f3n de agua a los vecinos de varios barrios de nuestra ciudad\u201d, cerr\u00f3 Cativelli.<\/p>\n\n\n\n<p>En cuanto al proyecto, el art\u00edculo 1\u00ba, establece actualizar la tarifa de saneamiento en un 20 por ciento, con vigencia a partir del consumo devengado desde el 1\u00ba de julio del 2024.<\/p>\n\n\n\n<p>Adem\u00e1s, el art\u00edculo 2\u00ba establece, actualizar la tarifa de saneamiento en un 20 por ciento sobre la tarifa vigente al 31 de mayo del 2024, es decir, no acumulativo al incremento establecido en el art\u00edculo 1\u00ba, con vigencia a partir del consumo devengado desde el 1\u00ba de agosto del 2024.<\/p>\n\n\n\n<p>Por \u00faltimo, el art\u00edculo 3\u00ba establece, actualizar la tarifa de saneamiento en un 14,46 por ciento sobre la tarifa vigente al 31 de mayo del 2024, es decir, no acumulativo al incremento establecido en el art\u00edculo 1\u00ba y 2\u00ba, con vigencia a partir del consumo devengado desde el 1\u00ba de septiembre del 2024.<\/p>\n\n\n\n<p>Convenio con EPEC<\/p>\n\n\n\n<p>Por otra parte, se ratific\u00f3 un convenio para la Modernizaci\u00f3n de la Red de Alumbrado P\u00fablico, celebrado entre la Municipalidad de Villa Mar\u00eda y la Empresa Provincial de Energ\u00eda de C\u00f3rdoba EPEC, y por la otra la Municipalidad de Villa Mar\u00eda.<\/p>\n\n\n\n<p>En ese sentido, la concejala Yaslil Oses, manifest\u00f3: \u201cel prop\u00f3sito principal de este Convenio es el de fomentar el desarrollo sustentable, protegiendo y mejorando la calidad de vida de la poblaci\u00f3n, por un lado, y por el otro, contribuir con el cuidado del medio ambiente, todo ello conforme lo expresado en las acciones de los Objetivos de Desarrollo Sostenible ODS, puntualmente en el punto N\u00b0 7 el que refiere a la tem\u00e1tica de Energ\u00eda asequible y no contaminante\u201d.<\/p>\n\n\n\n<p>\u201cLa ciudad gestiona para lograr una mayor eficiencia energ\u00e9tica, como as\u00ed tambi\u00e9n la modernizaci\u00f3n del alumbrado p\u00fablico. Vale destacar que la ciudad de C\u00f3rdoba implemento en estos \u00faltimos cuatro a\u00f1os la misma acci\u00f3n con EPEC y redund\u00f3 en el objetivo que Villa Mar\u00eda se traz\u00f3, es decir, que el cien por ciento de las luminarias de la ciudad sean LED para el a\u00f1o 2028\u201d, contin\u00fao la Concejala.<\/p>\n\n\n\n<p>\u201cEl cumplimiento de este objetivo significar\u00e1 adem\u00e1s una reducci\u00f3n muy considerable en la huella de carbono, como as\u00ed tambi\u00e9n, brindar\u00e1 m\u00e1s seguridad para nuestros vecinos de todos los barrios, complement\u00e1ndose con el sistema de seguridad de c\u00e1maras, mejorando la visi\u00f3n de \u00e9stas con fines preventivos\u201d, cerr\u00f3 Oses.<\/p>\n\n\n\n<p>De la misma manera, se aprob\u00f3 un Proyecto de Ordenanza del Departamento Ejecutivo Municipal ratificando el Convenio celebrado entre la Municipalidad de Villa Mar\u00eda y la Inteligencia Educativa S.A.S.<\/p>\n\n\n\n<p>Por \u00faltimo, en la sesi\u00f3n de esa jornada, se aprobaron una serie de Declaraciones de Inter\u00e9s Municipal, entre ellos: el 85\u00b0 Aniversario de la Asistencia P\u00fablica Municipal, la Diplomatura en Producci\u00f3n y Comerciales de Cerveza Artesanal, el 90\u00b0 Aniversario del Hogar de Ancianos Roberto Velo de \u00cdpola y el 90\u00b0 Aniversario del Club Almagro.<\/p>\n","protected":false},"excerpt":{"rendered":"<p>Pasado el mediod\u00eda de este jueves, se desarroll\u00f3 la habitual sesi\u00f3n en el Concejo Deliberante de nuestra ciudad. En ese sentido, y dando cumplimiento a la instancia legal que establece la Carta Org\u00e1nica Municipal, tras primera lectura y audiencia p\u00fablica, concejales aprobaron en segunda lectura el Proyecto de Ordenanza disponiendo actualizar la tarifa de saneamiento. [&hellip;]<\/p>\n","protected":false},"author":4,"featured_media":96588,"comment_status":"open","ping_status":"open","sticky":false,"template":"","format":"standard","meta":{"site-sidebar-layout":"default","site-content-layout":"","ast-site-content-layout":"default","site-content-style":"default","site-sidebar-style":"default","ast-global-header-display":"","ast-banner-title-visibility":"","ast-main-header-display":"","ast-hfb-above-header-display":"","ast-hfb-below-header-display":"","ast-hfb-mobile-header-display":"","site-post-title":"","ast-breadcrumbs-content":"","ast-featured-img":"","footer-sml-layout":"","ast-disable-related-posts":"","theme-transparent-header-meta":"","adv-header-id-meta":"","stick-header-meta":"","header-above-stick-meta":"","header-main-stick-meta":"","header-below-stick-meta":"","astra-migrate-meta-layouts":"set","ast-page-background-enabled":"default","ast-page-background-meta":{"desktop":{"background-color":"","background-image":"","background-repeat":"repeat","background-position":"center center","background-size":"auto","background-attachment":"scroll","background-type":"","background-media":"","overlay-type":"","overlay-color":"","overlay-opacity":"","overlay-gradient":""},"tablet":{"background-color":"","background-image":"","background-repeat":"repeat","background-position":"center center","background-size":"auto","background-attachment":"scroll","background-type":"","background-media":"","overlay-type":"","overlay-color":"","overlay-opacity":"","overlay-gradient":""},"mobile":{"background-color":"","background-image":"","background-repeat":"repeat","background-position":"center center","background-size":"auto","background-attachment":"scroll","background-type":"","background-media":"","overlay-type":"","overlay-color":"","overlay-opacity":"","overlay-gradient":""}},"ast-content-background-meta":{"desktop":{"background-color":"var(--ast-global-color-5)","background-image":"","background-repeat":"repeat","background-position":"center center","background-size":"auto","background-attachment":"scroll","background-type":"","background-media":"","overlay-type":"","overlay-color":"","overlay-opacity":"","overlay-gradient":""},"tablet":{"background-color":"var(--ast-global-color-5)","background-image":"","background-repeat":"repeat","background-position":"center center","background-size":"auto","background-attachment":"scroll","background-type":"","background-media":"","overlay-type":"","overlay-color":"","overlay-opacity":"","overlay-gradient":""},"mobile":{"background-color":"var(--ast-global-color-5)","background-image":"","background-repeat":"repeat","background-position":"center center","background-size":"auto","background-attachment":"scroll","background-type":"","background-media":"","overlay-type":"","overlay-color":"","overlay-opacity":"","overlay-gradient":""}},"_jetpack_memberships_contains_paid_content":false,"_joinchat":[],"footnotes":""},"categories":[15302,5,2],"tags":[],"class_list":["post-96587","post","type-post","status-publish","format-standard","has-post-thumbnail","hentry","category-destacado","category-sociedad","category-villa-maria"],"yoast_head":"<!-- This site is optimized with the Yoast SEO plugin v26.8 - https:\/\/yoast.com\/product\/yoast-seo-wordpress\/ -->\n<title>Concejales aprobaron la ordenanza que actualiza la tarifa saneamiento - El Regional<\/title>\n<meta name=\"robots\" content=\"index, follow, max-snippet:-1, max-image-preview:large, max-video-preview:-1\" \/>\n<link rel=\"canonical\" href=\"https:\/\/elregionalvm.com.ar\/noticias-villa-maria\/concejales-aprobaron-en-segunda-lectura-el-proyecto-de-ordenanza-disponiendo-actualizar-la-tarifa-saneamiento\/\" \/>\n<meta property=\"og:locale\" content=\"es_ES\" \/>\n<meta property=\"og:type\" content=\"article\" \/>\n<meta property=\"og:title\" content=\"Concejales aprobaron la ordenanza que actualiza la tarifa saneamiento - El Regional\" \/>\n<meta property=\"og:description\" content=\"Pasado el mediod\u00eda de este jueves, se desarroll\u00f3 la habitual sesi\u00f3n en el Concejo Deliberante de nuestra ciudad. En ese sentido, y dando cumplimiento a la instancia legal que establece la Carta Org\u00e1nica Municipal, tras primera lectura y audiencia p\u00fablica, concejales aprobaron en segunda lectura el Proyecto de Ordenanza disponiendo actualizar la tarifa de saneamiento. [&hellip;]\" \/>\n<meta property=\"og:url\" content=\"https:\/\/elregionalvm.com.ar\/noticias-villa-maria\/concejales-aprobaron-en-segunda-lectura-el-proyecto-de-ordenanza-disponiendo-actualizar-la-tarifa-saneamiento\/\" \/>\n<meta property=\"og:site_name\" content=\"El Regional\" \/>\n<meta property=\"article:publisher\" content=\"https:\/\/www.facebook.com\/elregionalvm\" \/>\n<meta property=\"article:published_time\" content=\"2024-07-25T20:28:43+00:00\" \/>\n<meta property=\"article:modified_time\" content=\"2024-07-25T22:04:03+00:00\" \/>\n<meta property=\"og:image\" content=\"https:\/\/elregionalvm.com.ar\/noticias-villa-maria\/wp-content\/uploads\/2024\/07\/WhatsApp-Image-2024-07-25-at-16.06.52-scaled.jpeg\" \/>\n\t<meta property=\"og:image:width\" content=\"2560\" \/>\n\t<meta property=\"og:image:height\" content=\"1920\" \/>\n\t<meta property=\"og:image:type\" content=\"image\/jpeg\" \/>\n<meta name=\"author\" content=\"Contenidos El Regional\" \/>\n<meta name=\"twitter:card\" content=\"summary_large_image\" \/>\n<meta name=\"twitter:creator\" content=\"@elregionalvm1\" \/>\n<meta name=\"twitter:site\" content=\"@elregionalvm1\" \/>\n<meta name=\"twitter:label1\" content=\"Escrito por\" \/>\n\t<meta name=\"twitter:data1\" content=\"Contenidos El Regional\" \/>\n\t<meta name=\"twitter:label2\" content=\"Tiempo de lectura\" \/>\n\t<meta name=\"twitter:data2\" content=\"4 minutos\" \/>\n<script type=\"application\/ld+json\" class=\"yoast-schema-graph\">{\"@context\":\"https:\/\/schema.org\",\"@graph\":[{\"@type\":\"Article\",\"@id\":\"https:\/\/elregionalvm.com.ar\/noticias-villa-maria\/concejales-aprobaron-en-segunda-lectura-el-proyecto-de-ordenanza-disponiendo-actualizar-la-tarifa-saneamiento\/#article\",\"isPartOf\":{\"@id\":\"https:\/\/elregionalvm.com.ar\/noticias-villa-maria\/concejales-aprobaron-en-segunda-lectura-el-proyecto-de-ordenanza-disponiendo-actualizar-la-tarifa-saneamiento\/\"},\"author\":{\"name\":\"Contenidos El Regional\",\"@id\":\"http:\/\/elregionalvm.com.ar\/noticias-villa-maria\/#\/schema\/person\/a0fb9c422317faca23d50163151bc354\"},\"headline\":\"Concejales aprobaron la ordenanza que actualiza la tarifa saneamiento\",\"datePublished\":\"2024-07-25T20:28:43+00:00\",\"dateModified\":\"2024-07-25T22:04:03+00:00\",\"mainEntityOfPage\":{\"@id\":\"https:\/\/elregionalvm.com.ar\/noticias-villa-maria\/concejales-aprobaron-en-segunda-lectura-el-proyecto-de-ordenanza-disponiendo-actualizar-la-tarifa-saneamiento\/\"},\"wordCount\":772,\"commentCount\":0,\"image\":{\"@id\":\"https:\/\/elregionalvm.com.ar\/noticias-villa-maria\/concejales-aprobaron-en-segunda-lectura-el-proyecto-de-ordenanza-disponiendo-actualizar-la-tarifa-saneamiento\/#primaryimage\"},\"thumbnailUrl\":\"https:\/\/i0.wp.com\/elregionalvm.com.ar\/noticias-villa-maria\/wp-content\/uploads\/2024\/07\/WhatsApp-Image-2024-07-25-at-16.06.52-scaled.jpeg?fit=2560%2C1920&ssl=1\",\"articleSection\":[\"destacado\",\"Sociedad\",\"Villa Mar\u00eda\"],\"inLanguage\":\"es\",\"potentialAction\":[{\"@type\":\"CommentAction\",\"name\":\"Comment\",\"target\":[\"https:\/\/elregionalvm.com.ar\/noticias-villa-maria\/concejales-aprobaron-en-segunda-lectura-el-proyecto-de-ordenanza-disponiendo-actualizar-la-tarifa-saneamiento\/#respond\"]}]},{\"@type\":\"WebPage\",\"@id\":\"https:\/\/elregionalvm.com.ar\/noticias-villa-maria\/concejales-aprobaron-en-segunda-lectura-el-proyecto-de-ordenanza-disponiendo-actualizar-la-tarifa-saneamiento\/\",\"url\":\"https:\/\/elregionalvm.com.ar\/noticias-villa-maria\/concejales-aprobaron-en-segunda-lectura-el-proyecto-de-ordenanza-disponiendo-actualizar-la-tarifa-saneamiento\/\",\"name\":\"Concejales aprobaron la ordenanza que actualiza la tarifa saneamiento - El Regional\",\"isPartOf\":{\"@id\":\"http:\/\/elregionalvm.com.ar\/noticias-villa-maria\/#website\"},\"primaryImageOfPage\":{\"@id\":\"https:\/\/elregionalvm.com.ar\/noticias-villa-maria\/concejales-aprobaron-en-segunda-lectura-el-proyecto-de-ordenanza-disponiendo-actualizar-la-tarifa-saneamiento\/#primaryimage\"},\"image\":{\"@id\":\"https:\/\/elregionalvm.com.ar\/noticias-villa-maria\/concejales-aprobaron-en-segunda-lectura-el-proyecto-de-ordenanza-disponiendo-actualizar-la-tarifa-saneamiento\/#primaryimage\"},\"thumbnailUrl\":\"https:\/\/i0.wp.com\/elregionalvm.com.ar\/noticias-villa-maria\/wp-content\/uploads\/2024\/07\/WhatsApp-Image-2024-07-25-at-16.06.52-scaled.jpeg?fit=2560%2C1920&ssl=1\",\"datePublished\":\"2024-07-25T20:28:43+00:00\",\"dateModified\":\"2024-07-25T22:04:03+00:00\",\"author\":{\"@id\":\"http:\/\/elregionalvm.com.ar\/noticias-villa-maria\/#\/schema\/person\/a0fb9c422317faca23d50163151bc354\"},\"breadcrumb\":{\"@id\":\"https:\/\/elregionalvm.com.ar\/noticias-villa-maria\/concejales-aprobaron-en-segunda-lectura-el-proyecto-de-ordenanza-disponiendo-actualizar-la-tarifa-saneamiento\/#breadcrumb\"},\"inLanguage\":\"es\",\"potentialAction\":[{\"@type\":\"ReadAction\",\"target\":[\"https:\/\/elregionalvm.com.ar\/noticias-villa-maria\/concejales-aprobaron-en-segunda-lectura-el-proyecto-de-ordenanza-disponiendo-actualizar-la-tarifa-saneamiento\/\"]}]},{\"@type\":\"ImageObject\",\"inLanguage\":\"es\",\"@id\":\"https:\/\/elregionalvm.com.ar\/noticias-villa-maria\/concejales-aprobaron-en-segunda-lectura-el-proyecto-de-ordenanza-disponiendo-actualizar-la-tarifa-saneamiento\/#primaryimage\",\"url\":\"https:\/\/i0.wp.com\/elregionalvm.com.ar\/noticias-villa-maria\/wp-content\/uploads\/2024\/07\/WhatsApp-Image-2024-07-25-at-16.06.52-scaled.jpeg?fit=2560%2C1920&ssl=1\",\"contentUrl\":\"https:\/\/i0.wp.com\/elregionalvm.com.ar\/noticias-villa-maria\/wp-content\/uploads\/2024\/07\/WhatsApp-Image-2024-07-25-at-16.06.52-scaled.jpeg?fit=2560%2C1920&ssl=1\",\"width\":2560,\"height\":1920},{\"@type\":\"BreadcrumbList\",\"@id\":\"https:\/\/elregionalvm.com.ar\/noticias-villa-maria\/concejales-aprobaron-en-segunda-lectura-el-proyecto-de-ordenanza-disponiendo-actualizar-la-tarifa-saneamiento\/#breadcrumb\",\"itemListElement\":[{\"@type\":\"ListItem\",\"position\":1,\"name\":\"Portada\",\"item\":\"https:\/\/elregionalvm.com.ar\/noticias-villa-maria\/\"},{\"@type\":\"ListItem\",\"position\":2,\"name\":\"Concejales aprobaron la ordenanza que actualiza la tarifa saneamiento\"}]},{\"@type\":\"WebSite\",\"@id\":\"http:\/\/elregionalvm.com.ar\/noticias-villa-maria\/#website\",\"url\":\"http:\/\/elregionalvm.com.ar\/noticias-villa-maria\/\",\"name\":\"El Regional\",\"description\":\"Mucho m\u00e1s que informaci\u00f3n\",\"potentialAction\":[{\"@type\":\"SearchAction\",\"target\":{\"@type\":\"EntryPoint\",\"urlTemplate\":\"http:\/\/elregionalvm.com.ar\/noticias-villa-maria\/?s={search_term_string}\"},\"query-input\":{\"@type\":\"PropertyValueSpecification\",\"valueRequired\":true,\"valueName\":\"search_term_string\"}}],\"inLanguage\":\"es\"},{\"@type\":\"Person\",\"@id\":\"http:\/\/elregionalvm.com.ar\/noticias-villa-maria\/#\/schema\/person\/a0fb9c422317faca23d50163151bc354\",\"name\":\"Contenidos El Regional\",\"image\":{\"@type\":\"ImageObject\",\"inLanguage\":\"es\",\"@id\":\"http:\/\/elregionalvm.com.ar\/noticias-villa-maria\/#\/schema\/person\/image\/\",\"url\":\"https:\/\/secure.gravatar.com\/avatar\/265b27cb2209af7bb3a1318f03305787d7981a5cc6e6cd08fe5a4ecdf99d4b48?s=96&d=mm&r=g\",\"contentUrl\":\"https:\/\/secure.gravatar.com\/avatar\/265b27cb2209af7bb3a1318f03305787d7981a5cc6e6cd08fe5a4ecdf99d4b48?s=96&d=mm&r=g\",\"caption\":\"Contenidos El Regional\"},\"url\":\"https:\/\/elregionalvm.com.ar\/noticias-villa-maria\/author\/contenido\/\"}]}<\/script>\n<!-- \/ Yoast SEO plugin. -->","yoast_head_json":{"title":"Concejales aprobaron la ordenanza que actualiza la tarifa saneamiento - El Regional","robots":{"index":"index","follow":"follow","max-snippet":"max-snippet:-1","max-image-preview":"max-image-preview:large","max-video-preview":"max-video-preview:-1"},"canonical":"https:\/\/elregionalvm.com.ar\/noticias-villa-maria\/concejales-aprobaron-en-segunda-lectura-el-proyecto-de-ordenanza-disponiendo-actualizar-la-tarifa-saneamiento\/","og_locale":"es_ES","og_type":"article","og_title":"Concejales aprobaron la ordenanza que actualiza la tarifa saneamiento - El Regional","og_description":"Pasado el mediod\u00eda de este jueves, se desarroll\u00f3 la habitual sesi\u00f3n en el Concejo Deliberante de nuestra ciudad. En ese sentido, y dando cumplimiento a la instancia legal que establece la Carta Org\u00e1nica Municipal, tras primera lectura y audiencia p\u00fablica, concejales aprobaron en segunda lectura el Proyecto de Ordenanza disponiendo actualizar la tarifa de saneamiento. [&hellip;]","og_url":"https:\/\/elregionalvm.com.ar\/noticias-villa-maria\/concejales-aprobaron-en-segunda-lectura-el-proyecto-de-ordenanza-disponiendo-actualizar-la-tarifa-saneamiento\/","og_site_name":"El Regional","article_publisher":"https:\/\/www.facebook.com\/elregionalvm","article_published_time":"2024-07-25T20:28:43+00:00","article_modified_time":"2024-07-25T22:04:03+00:00","og_image":[{"width":2560,"height":1920,"url":"https:\/\/elregionalvm.com.ar\/noticias-villa-maria\/wp-content\/uploads\/2024\/07\/WhatsApp-Image-2024-07-25-at-16.06.52-scaled.jpeg","type":"image\/jpeg"}],"author":"Contenidos El Regional","twitter_card":"summary_large_image","twitter_creator":"@elregionalvm1","twitter_site":"@elregionalvm1","twitter_misc":{"Escrito por":"Contenidos El Regional","Tiempo de lectura":"4 minutos"},"schema":{"@context":"https:\/\/schema.org","@graph":[{"@type":"Article","@id":"https:\/\/elregionalvm.com.ar\/noticias-villa-maria\/concejales-aprobaron-en-segunda-lectura-el-proyecto-de-ordenanza-disponiendo-actualizar-la-tarifa-saneamiento\/#article","isPartOf":{"@id":"https:\/\/elregionalvm.com.ar\/noticias-villa-maria\/concejales-aprobaron-en-segunda-lectura-el-proyecto-de-ordenanza-disponiendo-actualizar-la-tarifa-saneamiento\/"},"author":{"name":"Contenidos El Regional","@id":"http:\/\/elregionalvm.com.ar\/noticias-villa-maria\/#\/schema\/person\/a0fb9c422317faca23d50163151bc354"},"headline":"Concejales aprobaron la ordenanza que actualiza la tarifa saneamiento","datePublished":"2024-07-25T20:28:43+00:00","dateModified":"2024-07-25T22:04:03+00:00","mainEntityOfPage":{"@id":"https:\/\/elregionalvm.com.ar\/noticias-villa-maria\/concejales-aprobaron-en-segunda-lectura-el-proyecto-de-ordenanza-disponiendo-actualizar-la-tarifa-saneamiento\/"},"wordCount":772,"commentCount":0,"image":{"@id":"https:\/\/elregionalvm.com.ar\/noticias-villa-maria\/concejales-aprobaron-en-segunda-lectura-el-proyecto-de-ordenanza-disponiendo-actualizar-la-tarifa-saneamiento\/#primaryimage"},"thumbnailUrl":"https:\/\/i0.wp.com\/elregionalvm.com.ar\/noticias-villa-maria\/wp-content\/uploads\/2024\/07\/WhatsApp-Image-2024-07-25-at-16.06.52-scaled.jpeg?fit=2560%2C1920&ssl=1","articleSection":["destacado","Sociedad","Villa Mar\u00eda"],"inLanguage":"es","potentialAction":[{"@type":"CommentAction","name":"Comment","target":["https:\/\/elregionalvm.com.ar\/noticias-villa-maria\/concejales-aprobaron-en-segunda-lectura-el-proyecto-de-ordenanza-disponiendo-actualizar-la-tarifa-saneamiento\/#respond"]}]},{"@type":"WebPage","@id":"https:\/\/elregionalvm.com.ar\/noticias-villa-maria\/concejales-aprobaron-en-segunda-lectura-el-proyecto-de-ordenanza-disponiendo-actualizar-la-tarifa-saneamiento\/","url":"https:\/\/elregionalvm.com.ar\/noticias-villa-maria\/concejales-aprobaron-en-segunda-lectura-el-proyecto-de-ordenanza-disponiendo-actualizar-la-tarifa-saneamiento\/","name":"Concejales aprobaron la ordenanza que actualiza la tarifa saneamiento - El Regional","isPartOf":{"@id":"http:\/\/elregionalvm.com.ar\/noticias-villa-maria\/#website"},"primaryImageOfPage":{"@id":"https:\/\/elregionalvm.com.ar\/noticias-villa-maria\/concejales-aprobaron-en-segunda-lectura-el-proyecto-de-ordenanza-disponiendo-actualizar-la-tarifa-saneamiento\/#primaryimage"},"image":{"@id":"https:\/\/elregionalvm.com.ar\/noticias-villa-maria\/concejales-aprobaron-en-segunda-lectura-el-proyecto-de-ordenanza-disponiendo-actualizar-la-tarifa-saneamiento\/#primaryimage"},"thumbnailUrl":"https:\/\/i0.wp.com\/elregionalvm.com.ar\/noticias-villa-maria\/wp-content\/uploads\/2024\/07\/WhatsApp-Image-2024-07-25-at-16.06.52-scaled.jpeg?fit=2560%2C1920&ssl=1","datePublished":"2024-07-25T20:28:43+00:00","dateModified":"2024-07-25T22:04:03+00:00","author":{"@id":"http:\/\/elregionalvm.com.ar\/noticias-villa-maria\/#\/schema\/person\/a0fb9c422317faca23d50163151bc354"},"breadcrumb":{"@id":"https:\/\/elregionalvm.com.ar\/noticias-villa-maria\/concejales-aprobaron-en-segunda-lectura-el-proyecto-de-ordenanza-disponiendo-actualizar-la-tarifa-saneamiento\/#breadcrumb"},"inLanguage":"es","potentialAction":[{"@type":"ReadAction","target":["https:\/\/elregionalvm.com.ar\/noticias-villa-maria\/concejales-aprobaron-en-segunda-lectura-el-proyecto-de-ordenanza-disponiendo-actualizar-la-tarifa-saneamiento\/"]}]},{"@type":"ImageObject","inLanguage":"es","@id":"https:\/\/elregionalvm.com.ar\/noticias-villa-maria\/concejales-aprobaron-en-segunda-lectura-el-proyecto-de-ordenanza-disponiendo-actualizar-la-tarifa-saneamiento\/#primaryimage","url":"https:\/\/i0.wp.com\/elregionalvm.com.ar\/noticias-villa-maria\/wp-content\/uploads\/2024\/07\/WhatsApp-Image-2024-07-25-at-16.06.52-scaled.jpeg?fit=2560%2C1920&ssl=1","contentUrl":"https:\/\/i0.wp.com\/elregionalvm.com.ar\/noticias-villa-maria\/wp-content\/uploads\/2024\/07\/WhatsApp-Image-2024-07-25-at-16.06.52-scaled.jpeg?fit=2560%2C1920&ssl=1","width":2560,"height":1920},{"@type":"BreadcrumbList","@id":"https:\/\/elregionalvm.com.ar\/noticias-villa-maria\/concejales-aprobaron-en-segunda-lectura-el-proyecto-de-ordenanza-disponiendo-actualizar-la-tarifa-saneamiento\/#breadcrumb","itemListElement":[{"@type":"ListItem","position":1,"name":"Portada","item":"https:\/\/elregionalvm.com.ar\/noticias-villa-maria\/"},{"@type":"ListItem","position":2,"name":"Concejales aprobaron la ordenanza que actualiza la tarifa saneamiento"}]},{"@type":"WebSite","@id":"http:\/\/elregionalvm.com.ar\/noticias-villa-maria\/#website","url":"http:\/\/elregionalvm.com.ar\/noticias-villa-maria\/","name":"El Regional","description":"Mucho m\u00e1s que informaci\u00f3n","potentialAction":[{"@type":"SearchAction","target":{"@type":"EntryPoint","urlTemplate":"http:\/\/elregionalvm.com.ar\/noticias-villa-maria\/?s={search_term_string}"},"query-input":{"@type":"PropertyValueSpecification","valueRequired":true,"valueName":"search_term_string"}}],"inLanguage":"es"},{"@type":"Person","@id":"http:\/\/elregionalvm.com.ar\/noticias-villa-maria\/#\/schema\/person\/a0fb9c422317faca23d50163151bc354","name":"Contenidos El Regional","image":{"@type":"ImageObject","inLanguage":"es","@id":"http:\/\/elregionalvm.com.ar\/noticias-villa-maria\/#\/schema\/person\/image\/","url":"https:\/\/secure.gravatar.com\/avatar\/265b27cb2209af7bb3a1318f03305787d7981a5cc6e6cd08fe5a4ecdf99d4b48?s=96&d=mm&r=g","contentUrl":"https:\/\/secure.gravatar.com\/avatar\/265b27cb2209af7bb3a1318f03305787d7981a5cc6e6cd08fe5a4ecdf99d4b48?s=96&d=mm&r=g","caption":"Contenidos El Regional"},"url":"https:\/\/elregionalvm.com.ar\/noticias-villa-maria\/author\/contenido\/"}]}},"jetpack_featured_media_url":"https:\/\/i0.wp.com\/elregionalvm.com.ar\/noticias-villa-maria\/wp-content\/uploads\/2024\/07\/WhatsApp-Image-2024-07-25-at-16.06.52-scaled.jpeg?fit=2560%2C1920&ssl=1","jetpack_sharing_enabled":true,"_links":{"self":[{"href":"https:\/\/elregionalvm.com.ar\/noticias-villa-maria\/wp-json\/wp\/v2\/posts\/96587","targetHints":{"allow":["GET"]}}],"collection":[{"href":"https:\/\/elregionalvm.com.ar\/noticias-villa-maria\/wp-json\/wp\/v2\/posts"}],"about":[{"href":"https:\/\/elregionalvm.com.ar\/noticias-villa-maria\/wp-json\/wp\/v2\/types\/post"}],"author":[{"embeddable":true,"href":"https:\/\/elregionalvm.com.ar\/noticias-villa-maria\/wp-json\/wp\/v2\/users\/4"}],"replies":[{"embeddable":true,"href":"https:\/\/elregionalvm.com.ar\/noticias-villa-maria\/wp-json\/wp\/v2\/comments?post=96587"}],"version-history":[{"count":2,"href":"https:\/\/elregionalvm.com.ar\/noticias-villa-maria\/wp-json\/wp\/v2\/posts\/96587\/revisions"}],"predecessor-version":[{"id":96617,"href":"https:\/\/elregionalvm.com.ar\/noticias-villa-maria\/wp-json\/wp\/v2\/posts\/96587\/revisions\/96617"}],"wp:featuredmedia":[{"embeddable":true,"href":"https:\/\/elregionalvm.com.ar\/noticias-villa-maria\/wp-json\/wp\/v2\/media\/96588"}],"wp:attachment":[{"href":"https:\/\/elregionalvm.com.ar\/noticias-villa-maria\/wp-json\/wp\/v2\/media?parent=96587"}],"wp:term":[{"taxonomy":"category","embeddable":true,"href":"https:\/\/elregionalvm.com.ar\/noticias-villa-maria\/wp-json\/wp\/v2\/categories?post=96587"},{"taxonomy":"post_tag","embeddable":true,"href":"https:\/\/elregionalvm.com.ar\/noticias-villa-maria\/wp-json\/wp\/v2\/tags?post=96587"}],"curies":[{"name":"wp","href":"https:\/\/api.w.org\/{rel}","templated":true}]}}