{"id":96590,"date":"2024-07-25T20:31:47","date_gmt":"2024-07-25T20:31:47","guid":{"rendered":"https:\/\/elregionalvm.com.ar\/noticias-villa-maria\/?p=96590"},"modified":"2024-07-25T22:04:28","modified_gmt":"2024-07-25T22:04:28","slug":"el-intendente-accastello-y-representantes-de-50-instituciones-proyectan-la-villa-maria-del-futuro","status":"publish","type":"post","link":"https:\/\/elregionalvm.com.ar\/noticias-villa-maria\/el-intendente-accastello-y-representantes-de-50-instituciones-proyectan-la-villa-maria-del-futuro\/","title":{"rendered":"Accastello y representantes de 50 instituciones proyectan la Villa Mar\u00eda del futuro"},"content":{"rendered":"\n<p>El intendente Eduardo Accastello, acompa\u00f1ado por miembros del equipo de gobierno, mantuvo una reuni\u00f3n de trabajo con representantes de m\u00e1s de 50 instituciones de la ciudad.<\/p>\n\n\n\n<figure class=\"wp-block-image size-large\"><img data-recalc-dims=\"1\" fetchpriority=\"high\" decoding=\"async\" width=\"1024\" height=\"683\" src=\"https:\/\/i0.wp.com\/elregionalvm.com.ar\/noticias-villa-maria\/wp-content\/uploads\/2024\/07\/WhatsApp-Image-2024-07-25-at-14.43.21.jpeg?resize=1024%2C683&#038;ssl=1\" alt=\"\" class=\"wp-image-96592\" srcset=\"https:\/\/i0.wp.com\/elregionalvm.com.ar\/noticias-villa-maria\/wp-content\/uploads\/2024\/07\/WhatsApp-Image-2024-07-25-at-14.43.21.jpeg?resize=1024%2C683&amp;ssl=1 1024w, https:\/\/i0.wp.com\/elregionalvm.com.ar\/noticias-villa-maria\/wp-content\/uploads\/2024\/07\/WhatsApp-Image-2024-07-25-at-14.43.21.jpeg?resize=300%2C200&amp;ssl=1 300w, https:\/\/i0.wp.com\/elregionalvm.com.ar\/noticias-villa-maria\/wp-content\/uploads\/2024\/07\/WhatsApp-Image-2024-07-25-at-14.43.21.jpeg?resize=768%2C512&amp;ssl=1 768w, https:\/\/i0.wp.com\/elregionalvm.com.ar\/noticias-villa-maria\/wp-content\/uploads\/2024\/07\/WhatsApp-Image-2024-07-25-at-14.43.21.jpeg?w=1280&amp;ssl=1 1280w\" sizes=\"(max-width: 1000px) 100vw, 1000px\" \/><\/figure>\n\n\n\n<p>De la misma participaron representantes del \u00e1mbito universitario y educativo, profesionales, c\u00e1maras empresariales, empresarios y economistas, entre otros actores, que dialogaron sobre perspectivas e iniciativas vinculadas al desarrollo de Villa Mar\u00eda.<\/p>\n\n\n\n<p>En ese sentido, estuvieron presentes el rector de la Universidad Nacional de Villa Mar\u00eda, Luis Negretti; el decano y vicedecano de la UTN, Gaspar Cena y Franco Salv\u00e1tico, respectivamente; el presidente de Elcor S.A, Gustavo Piazza; la presidenta de AERCA, Carolina Benito; el presidente de FUNESIL, Alfredo Gadara; el presidente de la Biblioteca Bernardino Rivadavia y sus anexos, Sergio Gilabert; los economistas Alberto Costa, Alfredo Koncurat y Dar\u00edo Poncio; el presidente de la Sociedad Rural, Juan Jos\u00e9 Reale; presidentes de C\u00edrculos, Colegios y Consejos de Profesionales de la ciudad, entre otros.<\/p>\n\n\n\n<p>Con respecto a la reuni\u00f3n, Accastello destac\u00f3: \u201cla idea es trabajar y pensar de manera propositiva la ciudad en una experiencia de intercambio de propuestas que nos permita posicionar a Villa Mar\u00eda en el mejor lugar\u201d.<\/p>\n\n\n\n<figure class=\"wp-block-image size-large\"><img data-recalc-dims=\"1\" decoding=\"async\" width=\"1024\" height=\"683\" src=\"https:\/\/i0.wp.com\/elregionalvm.com.ar\/noticias-villa-maria\/wp-content\/uploads\/2024\/07\/WhatsApp-Image-2024-07-25-at-14.43.22.jpeg?resize=1024%2C683&#038;ssl=1\" alt=\"\" class=\"wp-image-96591\" srcset=\"https:\/\/i0.wp.com\/elregionalvm.com.ar\/noticias-villa-maria\/wp-content\/uploads\/2024\/07\/WhatsApp-Image-2024-07-25-at-14.43.22.jpeg?resize=1024%2C683&amp;ssl=1 1024w, https:\/\/i0.wp.com\/elregionalvm.com.ar\/noticias-villa-maria\/wp-content\/uploads\/2024\/07\/WhatsApp-Image-2024-07-25-at-14.43.22.jpeg?resize=300%2C200&amp;ssl=1 300w, https:\/\/i0.wp.com\/elregionalvm.com.ar\/noticias-villa-maria\/wp-content\/uploads\/2024\/07\/WhatsApp-Image-2024-07-25-at-14.43.22.jpeg?resize=768%2C512&amp;ssl=1 768w, https:\/\/i0.wp.com\/elregionalvm.com.ar\/noticias-villa-maria\/wp-content\/uploads\/2024\/07\/WhatsApp-Image-2024-07-25-at-14.43.22.jpeg?w=1280&amp;ssl=1 1280w\" sizes=\"(max-width: 1000px) 100vw, 1000px\" \/><\/figure>\n\n\n\n<p>\u201cIntentamos marcar el ritmo para que todos rememos al mismo tiempo, ya que todos amamos a nuestra ciudad, si todos los que remamos, uno rema para atr\u00e1s, es mejor que se cambie de embarcaci\u00f3n\u201d.<\/p>\n\n\n\n<p>Mientras que el director de AcaBio, Victor Accastello, agreg\u00f3: \u201cnos pareci\u00f3 una muy buena iniciativa para hacer una Villa Mar\u00eda diferente, una Villa Mar\u00eda distinta, con un salto de calidad, abarcando los ejes productivos, los ejes del capital humano y el eje de la sostenibilidad\u201d.<\/p>\n\n\n\n<p>Palabras de economistas<\/p>\n\n\n\n<p>Alberto Costa valor\u00f3 la iniciativa para comenzar a discutir las acciones en conjunto de la sociedad y dijo: \u201cno solamente pensamos en la ciudad del presente, sino tambi\u00e9n en la Villa Mar\u00eda del futuro. Fue una reuni\u00f3n muy positiva en el objetivo de acciones prioritarias para la sociedad\u201d.<\/p>\n\n\n\n<p>Mientras que Dar\u00edo Poncio agreg\u00f3: \u201cfue una experiencia muy interesante y es el comienzo de varias alternativas y encuentros que se van a realizar, siempre pensando en potenciar la ciudad\u201d.<\/p>\n\n\n\n<p>Ejes y acciones<\/p>\n\n\n\n<p>Cabe destacar que, tras la instancia de escucha y trabajo, se plante\u00f3 el desarrollo productivo y ahorro local, valorando y analizando la reinversi\u00f3n de los recursos.<\/p>\n\n\n\n<p>As\u00ed, el impulso al turismo, con eje en la costanera y su r\u00edo, las mejoras en los servicios humanos referidos tanto a la salud como a la educaci\u00f3n, la construcci\u00f3n de una ciudad sostenible, con eje en los biocombustibles, el biodi\u00e9sel y el cuidado del ambiente, fueron algunos de los temas a trabajar.<\/p>\n\n\n\n<figure class=\"wp-block-image size-large\"><img data-recalc-dims=\"1\" decoding=\"async\" width=\"1024\" height=\"683\" src=\"https:\/\/i0.wp.com\/elregionalvm.com.ar\/noticias-villa-maria\/wp-content\/uploads\/2024\/07\/WhatsApp-Image-2024-07-25-at-14.43.22-1.jpeg?resize=1024%2C683&#038;ssl=1\" alt=\"\" class=\"wp-image-96594\" srcset=\"https:\/\/i0.wp.com\/elregionalvm.com.ar\/noticias-villa-maria\/wp-content\/uploads\/2024\/07\/WhatsApp-Image-2024-07-25-at-14.43.22-1.jpeg?resize=1024%2C683&amp;ssl=1 1024w, https:\/\/i0.wp.com\/elregionalvm.com.ar\/noticias-villa-maria\/wp-content\/uploads\/2024\/07\/WhatsApp-Image-2024-07-25-at-14.43.22-1.jpeg?resize=300%2C200&amp;ssl=1 300w, https:\/\/i0.wp.com\/elregionalvm.com.ar\/noticias-villa-maria\/wp-content\/uploads\/2024\/07\/WhatsApp-Image-2024-07-25-at-14.43.22-1.jpeg?resize=768%2C512&amp;ssl=1 768w, https:\/\/i0.wp.com\/elregionalvm.com.ar\/noticias-villa-maria\/wp-content\/uploads\/2024\/07\/WhatsApp-Image-2024-07-25-at-14.43.22-1.jpeg?w=1280&amp;ssl=1 1280w\" sizes=\"(max-width: 1000px) 100vw, 1000px\" \/><\/figure>\n\n\n\n<p>Adem\u00e1s, se avanz\u00f3 en otros ejes como la din\u00e1mica orientada al desarrollo urbano de Villa Mar\u00eda, la importancia de las l\u00edneas a\u00e9reas del aeropuerto regional, y se puso de manifiesto el valor que tiene la articulaci\u00f3n p\u00fablico-privada.<\/p>\n\n\n\n<p>Cabe se\u00f1alar que, en las pr\u00f3ximas semanas, se realizar\u00e1 un segundo encuentro donde se sumar\u00e1n nuevos referentes institucionales.<\/p>\n","protected":false},"excerpt":{"rendered":"<p>El intendente Eduardo Accastello, acompa\u00f1ado por miembros del equipo de gobierno, mantuvo una reuni\u00f3n de trabajo con representantes de m\u00e1s de 50 instituciones de la ciudad. De la misma participaron representantes del \u00e1mbito universitario y educativo, profesionales, c\u00e1maras empresariales, empresarios y economistas, entre otros actores, que dialogaron sobre perspectivas e iniciativas vinculadas al desarrollo de [&hellip;]<\/p>\n","protected":false},"author":4,"featured_media":96593,"comment_status":"open","ping_status":"open","sticky":false,"template":"","format":"standard","meta":{"site-sidebar-layout":"default","site-content-layout":"","ast-site-content-layout":"default","site-content-style":"default","site-sidebar-style":"default","ast-global-header-display":"","ast-banner-title-visibility":"","ast-main-header-display":"","ast-hfb-above-header-display":"","ast-hfb-below-header-display":"","ast-hfb-mobile-header-display":"","site-post-title":"","ast-breadcrumbs-content":"","ast-featured-img":"","footer-sml-layout":"","ast-disable-related-posts":"","theme-transparent-header-meta":"","adv-header-id-meta":"","stick-header-meta":"","header-above-stick-meta":"","header-main-stick-meta":"","header-below-stick-meta":"","astra-migrate-meta-layouts":"set","ast-page-background-enabled":"default","ast-page-background-meta":{"desktop":{"background-color":"","background-image":"","background-repeat":"repeat","background-position":"center center","background-size":"auto","background-attachment":"scroll","background-type":"","background-media":"","overlay-type":"","overlay-color":"","overlay-opacity":"","overlay-gradient":""},"tablet":{"background-color":"","background-image":"","background-repeat":"repeat","background-position":"center center","background-size":"auto","background-attachment":"scroll","background-type":"","background-media":"","overlay-type":"","overlay-color":"","overlay-opacity":"","overlay-gradient":""},"mobile":{"background-color":"","background-image":"","background-repeat":"repeat","background-position":"center center","background-size":"auto","background-attachment":"scroll","background-type":"","background-media":"","overlay-type":"","overlay-color":"","overlay-opacity":"","overlay-gradient":""}},"ast-content-background-meta":{"desktop":{"background-color":"var(--ast-global-color-5)","background-image":"","background-repeat":"repeat","background-position":"center center","background-size":"auto","background-attachment":"scroll","background-type":"","background-media":"","overlay-type":"","overlay-color":"","overlay-opacity":"","overlay-gradient":""},"tablet":{"background-color":"var(--ast-global-color-5)","background-image":"","background-repeat":"repeat","background-position":"center center","background-size":"auto","background-attachment":"scroll","background-type":"","background-media":"","overlay-type":"","overlay-color":"","overlay-opacity":"","overlay-gradient":""},"mobile":{"background-color":"var(--ast-global-color-5)","background-image":"","background-repeat":"repeat","background-position":"center center","background-size":"auto","background-attachment":"scroll","background-type":"","background-media":"","overlay-type":"","overlay-color":"","overlay-opacity":"","overlay-gradient":""}},"_jetpack_memberships_contains_paid_content":false,"_joinchat":[],"footnotes":""},"categories":[15302,5,2],"tags":[],"class_list":["post-96590","post","type-post","status-publish","format-standard","has-post-thumbnail","hentry","category-destacado","category-sociedad","category-villa-maria"],"yoast_head":"<!-- This site is optimized with the Yoast SEO plugin v26.8 - https:\/\/yoast.com\/product\/yoast-seo-wordpress\/ -->\n<title>Accastello y representantes de 50 instituciones proyectan la Villa Mar\u00eda del futuro - El Regional<\/title>\n<meta name=\"robots\" content=\"index, follow, max-snippet:-1, max-image-preview:large, max-video-preview:-1\" \/>\n<link rel=\"canonical\" href=\"https:\/\/elregionalvm.com.ar\/noticias-villa-maria\/el-intendente-accastello-y-representantes-de-50-instituciones-proyectan-la-villa-maria-del-futuro\/\" \/>\n<meta property=\"og:locale\" content=\"es_ES\" \/>\n<meta property=\"og:type\" content=\"article\" \/>\n<meta property=\"og:title\" content=\"Accastello y representantes de 50 instituciones proyectan la Villa Mar\u00eda del futuro - El Regional\" \/>\n<meta property=\"og:description\" content=\"El intendente Eduardo Accastello, acompa\u00f1ado por miembros del equipo de gobierno, mantuvo una reuni\u00f3n de trabajo con representantes de m\u00e1s de 50 instituciones de la ciudad. De la misma participaron representantes del \u00e1mbito universitario y educativo, profesionales, c\u00e1maras empresariales, empresarios y economistas, entre otros actores, que dialogaron sobre perspectivas e iniciativas vinculadas al desarrollo de [&hellip;]\" \/>\n<meta property=\"og:url\" content=\"https:\/\/elregionalvm.com.ar\/noticias-villa-maria\/el-intendente-accastello-y-representantes-de-50-instituciones-proyectan-la-villa-maria-del-futuro\/\" \/>\n<meta property=\"og:site_name\" content=\"El Regional\" \/>\n<meta property=\"article:publisher\" content=\"https:\/\/www.facebook.com\/elregionalvm\" \/>\n<meta property=\"article:published_time\" content=\"2024-07-25T20:31:47+00:00\" \/>\n<meta property=\"article:modified_time\" content=\"2024-07-25T22:04:28+00:00\" \/>\n<meta property=\"og:image\" content=\"https:\/\/elregionalvm.com.ar\/noticias-villa-maria\/wp-content\/uploads\/2024\/07\/WhatsApp-Image-2024-07-25-at-14.43.20.jpeg\" \/>\n\t<meta property=\"og:image:width\" content=\"1600\" \/>\n\t<meta property=\"og:image:height\" content=\"1067\" \/>\n\t<meta property=\"og:image:type\" content=\"image\/jpeg\" \/>\n<meta name=\"author\" content=\"Contenidos El Regional\" \/>\n<meta name=\"twitter:card\" content=\"summary_large_image\" \/>\n<meta name=\"twitter:creator\" content=\"@elregionalvm1\" \/>\n<meta name=\"twitter:site\" content=\"@elregionalvm1\" \/>\n<meta name=\"twitter:label1\" content=\"Escrito por\" \/>\n\t<meta name=\"twitter:data1\" content=\"Contenidos El Regional\" \/>\n\t<meta name=\"twitter:label2\" content=\"Tiempo de lectura\" \/>\n\t<meta name=\"twitter:data2\" content=\"4 minutos\" \/>\n<script type=\"application\/ld+json\" class=\"yoast-schema-graph\">{\"@context\":\"https:\/\/schema.org\",\"@graph\":[{\"@type\":\"Article\",\"@id\":\"https:\/\/elregionalvm.com.ar\/noticias-villa-maria\/el-intendente-accastello-y-representantes-de-50-instituciones-proyectan-la-villa-maria-del-futuro\/#article\",\"isPartOf\":{\"@id\":\"https:\/\/elregionalvm.com.ar\/noticias-villa-maria\/el-intendente-accastello-y-representantes-de-50-instituciones-proyectan-la-villa-maria-del-futuro\/\"},\"author\":{\"name\":\"Contenidos El Regional\",\"@id\":\"http:\/\/elregionalvm.com.ar\/noticias-villa-maria\/#\/schema\/person\/a0fb9c422317faca23d50163151bc354\"},\"headline\":\"Accastello y representantes de 50 instituciones proyectan la Villa Mar\u00eda del futuro\",\"datePublished\":\"2024-07-25T20:31:47+00:00\",\"dateModified\":\"2024-07-25T22:04:28+00:00\",\"mainEntityOfPage\":{\"@id\":\"https:\/\/elregionalvm.com.ar\/noticias-villa-maria\/el-intendente-accastello-y-representantes-de-50-instituciones-proyectan-la-villa-maria-del-futuro\/\"},\"wordCount\":527,\"commentCount\":0,\"image\":{\"@id\":\"https:\/\/elregionalvm.com.ar\/noticias-villa-maria\/el-intendente-accastello-y-representantes-de-50-instituciones-proyectan-la-villa-maria-del-futuro\/#primaryimage\"},\"thumbnailUrl\":\"https:\/\/i0.wp.com\/elregionalvm.com.ar\/noticias-villa-maria\/wp-content\/uploads\/2024\/07\/WhatsApp-Image-2024-07-25-at-14.43.20.jpeg?fit=1600%2C1067&ssl=1\",\"articleSection\":[\"destacado\",\"Sociedad\",\"Villa Mar\u00eda\"],\"inLanguage\":\"es\",\"potentialAction\":[{\"@type\":\"CommentAction\",\"name\":\"Comment\",\"target\":[\"https:\/\/elregionalvm.com.ar\/noticias-villa-maria\/el-intendente-accastello-y-representantes-de-50-instituciones-proyectan-la-villa-maria-del-futuro\/#respond\"]}]},{\"@type\":\"WebPage\",\"@id\":\"https:\/\/elregionalvm.com.ar\/noticias-villa-maria\/el-intendente-accastello-y-representantes-de-50-instituciones-proyectan-la-villa-maria-del-futuro\/\",\"url\":\"https:\/\/elregionalvm.com.ar\/noticias-villa-maria\/el-intendente-accastello-y-representantes-de-50-instituciones-proyectan-la-villa-maria-del-futuro\/\",\"name\":\"Accastello y representantes de 50 instituciones proyectan la Villa Mar\u00eda del futuro - El Regional\",\"isPartOf\":{\"@id\":\"http:\/\/elregionalvm.com.ar\/noticias-villa-maria\/#website\"},\"primaryImageOfPage\":{\"@id\":\"https:\/\/elregionalvm.com.ar\/noticias-villa-maria\/el-intendente-accastello-y-representantes-de-50-instituciones-proyectan-la-villa-maria-del-futuro\/#primaryimage\"},\"image\":{\"@id\":\"https:\/\/elregionalvm.com.ar\/noticias-villa-maria\/el-intendente-accastello-y-representantes-de-50-instituciones-proyectan-la-villa-maria-del-futuro\/#primaryimage\"},\"thumbnailUrl\":\"https:\/\/i0.wp.com\/elregionalvm.com.ar\/noticias-villa-maria\/wp-content\/uploads\/2024\/07\/WhatsApp-Image-2024-07-25-at-14.43.20.jpeg?fit=1600%2C1067&ssl=1\",\"datePublished\":\"2024-07-25T20:31:47+00:00\",\"dateModified\":\"2024-07-25T22:04:28+00:00\",\"author\":{\"@id\":\"http:\/\/elregionalvm.com.ar\/noticias-villa-maria\/#\/schema\/person\/a0fb9c422317faca23d50163151bc354\"},\"breadcrumb\":{\"@id\":\"https:\/\/elregionalvm.com.ar\/noticias-villa-maria\/el-intendente-accastello-y-representantes-de-50-instituciones-proyectan-la-villa-maria-del-futuro\/#breadcrumb\"},\"inLanguage\":\"es\",\"potentialAction\":[{\"@type\":\"ReadAction\",\"target\":[\"https:\/\/elregionalvm.com.ar\/noticias-villa-maria\/el-intendente-accastello-y-representantes-de-50-instituciones-proyectan-la-villa-maria-del-futuro\/\"]}]},{\"@type\":\"ImageObject\",\"inLanguage\":\"es\",\"@id\":\"https:\/\/elregionalvm.com.ar\/noticias-villa-maria\/el-intendente-accastello-y-representantes-de-50-instituciones-proyectan-la-villa-maria-del-futuro\/#primaryimage\",\"url\":\"https:\/\/i0.wp.com\/elregionalvm.com.ar\/noticias-villa-maria\/wp-content\/uploads\/2024\/07\/WhatsApp-Image-2024-07-25-at-14.43.20.jpeg?fit=1600%2C1067&ssl=1\",\"contentUrl\":\"https:\/\/i0.wp.com\/elregionalvm.com.ar\/noticias-villa-maria\/wp-content\/uploads\/2024\/07\/WhatsApp-Image-2024-07-25-at-14.43.20.jpeg?fit=1600%2C1067&ssl=1\",\"width\":1600,\"height\":1067},{\"@type\":\"BreadcrumbList\",\"@id\":\"https:\/\/elregionalvm.com.ar\/noticias-villa-maria\/el-intendente-accastello-y-representantes-de-50-instituciones-proyectan-la-villa-maria-del-futuro\/#breadcrumb\",\"itemListElement\":[{\"@type\":\"ListItem\",\"position\":1,\"name\":\"Portada\",\"item\":\"https:\/\/elregionalvm.com.ar\/noticias-villa-maria\/\"},{\"@type\":\"ListItem\",\"position\":2,\"name\":\"Accastello y representantes de 50 instituciones proyectan la Villa Mar\u00eda del futuro\"}]},{\"@type\":\"WebSite\",\"@id\":\"http:\/\/elregionalvm.com.ar\/noticias-villa-maria\/#website\",\"url\":\"http:\/\/elregionalvm.com.ar\/noticias-villa-maria\/\",\"name\":\"El Regional\",\"description\":\"Mucho m\u00e1s que informaci\u00f3n\",\"potentialAction\":[{\"@type\":\"SearchAction\",\"target\":{\"@type\":\"EntryPoint\",\"urlTemplate\":\"http:\/\/elregionalvm.com.ar\/noticias-villa-maria\/?s={search_term_string}\"},\"query-input\":{\"@type\":\"PropertyValueSpecification\",\"valueRequired\":true,\"valueName\":\"search_term_string\"}}],\"inLanguage\":\"es\"},{\"@type\":\"Person\",\"@id\":\"http:\/\/elregionalvm.com.ar\/noticias-villa-maria\/#\/schema\/person\/a0fb9c422317faca23d50163151bc354\",\"name\":\"Contenidos El Regional\",\"image\":{\"@type\":\"ImageObject\",\"inLanguage\":\"es\",\"@id\":\"http:\/\/elregionalvm.com.ar\/noticias-villa-maria\/#\/schema\/person\/image\/\",\"url\":\"https:\/\/secure.gravatar.com\/avatar\/265b27cb2209af7bb3a1318f03305787d7981a5cc6e6cd08fe5a4ecdf99d4b48?s=96&d=mm&r=g\",\"contentUrl\":\"https:\/\/secure.gravatar.com\/avatar\/265b27cb2209af7bb3a1318f03305787d7981a5cc6e6cd08fe5a4ecdf99d4b48?s=96&d=mm&r=g\",\"caption\":\"Contenidos El Regional\"},\"url\":\"https:\/\/elregionalvm.com.ar\/noticias-villa-maria\/author\/contenido\/\"}]}<\/script>\n<!-- \/ Yoast SEO plugin. -->","yoast_head_json":{"title":"Accastello y representantes de 50 instituciones proyectan la Villa Mar\u00eda del futuro - El Regional","robots":{"index":"index","follow":"follow","max-snippet":"max-snippet:-1","max-image-preview":"max-image-preview:large","max-video-preview":"max-video-preview:-1"},"canonical":"https:\/\/elregionalvm.com.ar\/noticias-villa-maria\/el-intendente-accastello-y-representantes-de-50-instituciones-proyectan-la-villa-maria-del-futuro\/","og_locale":"es_ES","og_type":"article","og_title":"Accastello y representantes de 50 instituciones proyectan la Villa Mar\u00eda del futuro - El Regional","og_description":"El intendente Eduardo Accastello, acompa\u00f1ado por miembros del equipo de gobierno, mantuvo una reuni\u00f3n de trabajo con representantes de m\u00e1s de 50 instituciones de la ciudad. De la misma participaron representantes del \u00e1mbito universitario y educativo, profesionales, c\u00e1maras empresariales, empresarios y economistas, entre otros actores, que dialogaron sobre perspectivas e iniciativas vinculadas al desarrollo de [&hellip;]","og_url":"https:\/\/elregionalvm.com.ar\/noticias-villa-maria\/el-intendente-accastello-y-representantes-de-50-instituciones-proyectan-la-villa-maria-del-futuro\/","og_site_name":"El Regional","article_publisher":"https:\/\/www.facebook.com\/elregionalvm","article_published_time":"2024-07-25T20:31:47+00:00","article_modified_time":"2024-07-25T22:04:28+00:00","og_image":[{"width":1600,"height":1067,"url":"https:\/\/elregionalvm.com.ar\/noticias-villa-maria\/wp-content\/uploads\/2024\/07\/WhatsApp-Image-2024-07-25-at-14.43.20.jpeg","type":"image\/jpeg"}],"author":"Contenidos El Regional","twitter_card":"summary_large_image","twitter_creator":"@elregionalvm1","twitter_site":"@elregionalvm1","twitter_misc":{"Escrito por":"Contenidos El Regional","Tiempo de lectura":"4 minutos"},"schema":{"@context":"https:\/\/schema.org","@graph":[{"@type":"Article","@id":"https:\/\/elregionalvm.com.ar\/noticias-villa-maria\/el-intendente-accastello-y-representantes-de-50-instituciones-proyectan-la-villa-maria-del-futuro\/#article","isPartOf":{"@id":"https:\/\/elregionalvm.com.ar\/noticias-villa-maria\/el-intendente-accastello-y-representantes-de-50-instituciones-proyectan-la-villa-maria-del-futuro\/"},"author":{"name":"Contenidos El Regional","@id":"http:\/\/elregionalvm.com.ar\/noticias-villa-maria\/#\/schema\/person\/a0fb9c422317faca23d50163151bc354"},"headline":"Accastello y representantes de 50 instituciones proyectan la Villa Mar\u00eda del futuro","datePublished":"2024-07-25T20:31:47+00:00","dateModified":"2024-07-25T22:04:28+00:00","mainEntityOfPage":{"@id":"https:\/\/elregionalvm.com.ar\/noticias-villa-maria\/el-intendente-accastello-y-representantes-de-50-instituciones-proyectan-la-villa-maria-del-futuro\/"},"wordCount":527,"commentCount":0,"image":{"@id":"https:\/\/elregionalvm.com.ar\/noticias-villa-maria\/el-intendente-accastello-y-representantes-de-50-instituciones-proyectan-la-villa-maria-del-futuro\/#primaryimage"},"thumbnailUrl":"https:\/\/i0.wp.com\/elregionalvm.com.ar\/noticias-villa-maria\/wp-content\/uploads\/2024\/07\/WhatsApp-Image-2024-07-25-at-14.43.20.jpeg?fit=1600%2C1067&ssl=1","articleSection":["destacado","Sociedad","Villa Mar\u00eda"],"inLanguage":"es","potentialAction":[{"@type":"CommentAction","name":"Comment","target":["https:\/\/elregionalvm.com.ar\/noticias-villa-maria\/el-intendente-accastello-y-representantes-de-50-instituciones-proyectan-la-villa-maria-del-futuro\/#respond"]}]},{"@type":"WebPage","@id":"https:\/\/elregionalvm.com.ar\/noticias-villa-maria\/el-intendente-accastello-y-representantes-de-50-instituciones-proyectan-la-villa-maria-del-futuro\/","url":"https:\/\/elregionalvm.com.ar\/noticias-villa-maria\/el-intendente-accastello-y-representantes-de-50-instituciones-proyectan-la-villa-maria-del-futuro\/","name":"Accastello y representantes de 50 instituciones proyectan la Villa Mar\u00eda del futuro - El Regional","isPartOf":{"@id":"http:\/\/elregionalvm.com.ar\/noticias-villa-maria\/#website"},"primaryImageOfPage":{"@id":"https:\/\/elregionalvm.com.ar\/noticias-villa-maria\/el-intendente-accastello-y-representantes-de-50-instituciones-proyectan-la-villa-maria-del-futuro\/#primaryimage"},"image":{"@id":"https:\/\/elregionalvm.com.ar\/noticias-villa-maria\/el-intendente-accastello-y-representantes-de-50-instituciones-proyectan-la-villa-maria-del-futuro\/#primaryimage"},"thumbnailUrl":"https:\/\/i0.wp.com\/elregionalvm.com.ar\/noticias-villa-maria\/wp-content\/uploads\/2024\/07\/WhatsApp-Image-2024-07-25-at-14.43.20.jpeg?fit=1600%2C1067&ssl=1","datePublished":"2024-07-25T20:31:47+00:00","dateModified":"2024-07-25T22:04:28+00:00","author":{"@id":"http:\/\/elregionalvm.com.ar\/noticias-villa-maria\/#\/schema\/person\/a0fb9c422317faca23d50163151bc354"},"breadcrumb":{"@id":"https:\/\/elregionalvm.com.ar\/noticias-villa-maria\/el-intendente-accastello-y-representantes-de-50-instituciones-proyectan-la-villa-maria-del-futuro\/#breadcrumb"},"inLanguage":"es","potentialAction":[{"@type":"ReadAction","target":["https:\/\/elregionalvm.com.ar\/noticias-villa-maria\/el-intendente-accastello-y-representantes-de-50-instituciones-proyectan-la-villa-maria-del-futuro\/"]}]},{"@type":"ImageObject","inLanguage":"es","@id":"https:\/\/elregionalvm.com.ar\/noticias-villa-maria\/el-intendente-accastello-y-representantes-de-50-instituciones-proyectan-la-villa-maria-del-futuro\/#primaryimage","url":"https:\/\/i0.wp.com\/elregionalvm.com.ar\/noticias-villa-maria\/wp-content\/uploads\/2024\/07\/WhatsApp-Image-2024-07-25-at-14.43.20.jpeg?fit=1600%2C1067&ssl=1","contentUrl":"https:\/\/i0.wp.com\/elregionalvm.com.ar\/noticias-villa-maria\/wp-content\/uploads\/2024\/07\/WhatsApp-Image-2024-07-25-at-14.43.20.jpeg?fit=1600%2C1067&ssl=1","width":1600,"height":1067},{"@type":"BreadcrumbList","@id":"https:\/\/elregionalvm.com.ar\/noticias-villa-maria\/el-intendente-accastello-y-representantes-de-50-instituciones-proyectan-la-villa-maria-del-futuro\/#breadcrumb","itemListElement":[{"@type":"ListItem","position":1,"name":"Portada","item":"https:\/\/elregionalvm.com.ar\/noticias-villa-maria\/"},{"@type":"ListItem","position":2,"name":"Accastello y representantes de 50 instituciones proyectan la Villa Mar\u00eda del futuro"}]},{"@type":"WebSite","@id":"http:\/\/elregionalvm.com.ar\/noticias-villa-maria\/#website","url":"http:\/\/elregionalvm.com.ar\/noticias-villa-maria\/","name":"El Regional","description":"Mucho m\u00e1s que informaci\u00f3n","potentialAction":[{"@type":"SearchAction","target":{"@type":"EntryPoint","urlTemplate":"http:\/\/elregionalvm.com.ar\/noticias-villa-maria\/?s={search_term_string}"},"query-input":{"@type":"PropertyValueSpecification","valueRequired":true,"valueName":"search_term_string"}}],"inLanguage":"es"},{"@type":"Person","@id":"http:\/\/elregionalvm.com.ar\/noticias-villa-maria\/#\/schema\/person\/a0fb9c422317faca23d50163151bc354","name":"Contenidos El Regional","image":{"@type":"ImageObject","inLanguage":"es","@id":"http:\/\/elregionalvm.com.ar\/noticias-villa-maria\/#\/schema\/person\/image\/","url":"https:\/\/secure.gravatar.com\/avatar\/265b27cb2209af7bb3a1318f03305787d7981a5cc6e6cd08fe5a4ecdf99d4b48?s=96&d=mm&r=g","contentUrl":"https:\/\/secure.gravatar.com\/avatar\/265b27cb2209af7bb3a1318f03305787d7981a5cc6e6cd08fe5a4ecdf99d4b48?s=96&d=mm&r=g","caption":"Contenidos El Regional"},"url":"https:\/\/elregionalvm.com.ar\/noticias-villa-maria\/author\/contenido\/"}]}},"jetpack_featured_media_url":"https:\/\/i0.wp.com\/elregionalvm.com.ar\/noticias-villa-maria\/wp-content\/uploads\/2024\/07\/WhatsApp-Image-2024-07-25-at-14.43.20.jpeg?fit=1600%2C1067&ssl=1","jetpack_sharing_enabled":true,"_links":{"self":[{"href":"https:\/\/elregionalvm.com.ar\/noticias-villa-maria\/wp-json\/wp\/v2\/posts\/96590","targetHints":{"allow":["GET"]}}],"collection":[{"href":"https:\/\/elregionalvm.com.ar\/noticias-villa-maria\/wp-json\/wp\/v2\/posts"}],"about":[{"href":"https:\/\/elregionalvm.com.ar\/noticias-villa-maria\/wp-json\/wp\/v2\/types\/post"}],"author":[{"embeddable":true,"href":"https:\/\/elregionalvm.com.ar\/noticias-villa-maria\/wp-json\/wp\/v2\/users\/4"}],"replies":[{"embeddable":true,"href":"https:\/\/elregionalvm.com.ar\/noticias-villa-maria\/wp-json\/wp\/v2\/comments?post=96590"}],"version-history":[{"count":2,"href":"https:\/\/elregionalvm.com.ar\/noticias-villa-maria\/wp-json\/wp\/v2\/posts\/96590\/revisions"}],"predecessor-version":[{"id":96619,"href":"https:\/\/elregionalvm.com.ar\/noticias-villa-maria\/wp-json\/wp\/v2\/posts\/96590\/revisions\/96619"}],"wp:featuredmedia":[{"embeddable":true,"href":"https:\/\/elregionalvm.com.ar\/noticias-villa-maria\/wp-json\/wp\/v2\/media\/96593"}],"wp:attachment":[{"href":"https:\/\/elregionalvm.com.ar\/noticias-villa-maria\/wp-json\/wp\/v2\/media?parent=96590"}],"wp:term":[{"taxonomy":"category","embeddable":true,"href":"https:\/\/elregionalvm.com.ar\/noticias-villa-maria\/wp-json\/wp\/v2\/categories?post=96590"},{"taxonomy":"post_tag","embeddable":true,"href":"https:\/\/elregionalvm.com.ar\/noticias-villa-maria\/wp-json\/wp\/v2\/tags?post=96590"}],"curies":[{"name":"wp","href":"https:\/\/api.w.org\/{rel}","templated":true}]}}