{"id":96596,"date":"2024-07-25T20:52:33","date_gmt":"2024-07-25T20:52:33","guid":{"rendered":"https:\/\/elregionalvm.com.ar\/noticias-villa-maria\/?p=96596"},"modified":"2024-07-25T20:57:51","modified_gmt":"2024-07-25T20:57:51","slug":"la-policia-logro-encontrar-y-detener-al-hombre-que-robaba-las-bicis-en-la-utn","status":"publish","type":"post","link":"https:\/\/elregionalvm.com.ar\/noticias-villa-maria\/la-policia-logro-encontrar-y-detener-al-hombre-que-robaba-las-bicis-en-la-utn\/","title":{"rendered":"La polic\u00eda logr\u00f3 encontrar y detener al hombre que robaba las bicis en la UTN"},"content":{"rendered":"\n<p>Siendo aproximadamente las 19:00 horas de la fecha personal de Divisi\u00f3n de Investigaciones de esta Unidad Regional Departamental, constituidos en el predio de la UTN de Villa Mar\u00eda procedieron a la aprehensi\u00f3n de un hombre de 30 a\u00f1os de edad por supuesto autor del delito de \u00abRobo Calificado\u00bb.<\/p>\n\n\n\n<p>Ya que por medio de tareas de vigilancia e investigaci\u00f3n ordenadas y supervisadas por la Fiscal\u00eda de Instrucci\u00f3n de Tercer Turno a cargo del Dr. Rene Bosio, Sec Pedro Diana quienes impartieron directivas expresas a ra\u00edz de una investigaci\u00f3n en curso, debido a que en d\u00edas previos ocurrieron dos hechos de car\u00e1cter delictual, mas precisamente con fecha 22 y 23 del corriente mes a\u00f1o, en el que se sustrajeron bicicletas desde el estacionamiento de la Universidad Tecnol\u00f3gica.<\/p>\n\n\n\n<figure class=\"wp-block-image size-large\"><img data-recalc-dims=\"1\" fetchpriority=\"high\" decoding=\"async\" width=\"514\" height=\"1024\" src=\"https:\/\/i0.wp.com\/elregionalvm.com.ar\/noticias-villa-maria\/wp-content\/uploads\/2024\/07\/WhatsApp-Image-2024-07-24-at-21.15.25-1.jpeg?resize=514%2C1024&#038;ssl=1\" alt=\"\" class=\"wp-image-96602\" srcset=\"https:\/\/i0.wp.com\/elregionalvm.com.ar\/noticias-villa-maria\/wp-content\/uploads\/2024\/07\/WhatsApp-Image-2024-07-24-at-21.15.25-1.jpeg?resize=514%2C1024&amp;ssl=1 514w, https:\/\/i0.wp.com\/elregionalvm.com.ar\/noticias-villa-maria\/wp-content\/uploads\/2024\/07\/WhatsApp-Image-2024-07-24-at-21.15.25-1.jpeg?resize=150%2C300&amp;ssl=1 150w, https:\/\/i0.wp.com\/elregionalvm.com.ar\/noticias-villa-maria\/wp-content\/uploads\/2024\/07\/WhatsApp-Image-2024-07-24-at-21.15.25-1.jpeg?w=642&amp;ssl=1 642w\" sizes=\"(max-width: 514px) 100vw, 514px\" \/><\/figure>\n\n\n\n<p>De esta manera, en la fecha se ha logrado aprehensi\u00f3n del sujeto que sustrajo una bicicleta rodado 29\u00b4, resultando damnificado un joven de 18 a\u00f1os de edad procediendo al secuestro de una corta candados utilizado para perpetrar el hecho delictivo. Ante tal situaci\u00f3n, lo efectivos policiales realizan el inmediato trasladado hacia la Alcald\u00eda de la ciudad.<\/p>\n\n\n\n<p>Se labran actuaciones a disposici\u00f3n del Magistrado interviniente.-<\/p>\n","protected":false},"excerpt":{"rendered":"<p>Siendo aproximadamente las 19:00 horas de la fecha personal de Divisi\u00f3n de Investigaciones de esta Unidad Regional Departamental, constituidos en el predio de la UTN de Villa Mar\u00eda procedieron a la aprehensi\u00f3n de un hombre de 30 a\u00f1os de edad por supuesto autor del delito de \u00abRobo Calificado\u00bb. Ya que por medio de tareas de [&hellip;]<\/p>\n","protected":false},"author":4,"featured_media":96597,"comment_status":"open","ping_status":"open","sticky":false,"template":"","format":"standard","meta":{"site-sidebar-layout":"default","site-content-layout":"","ast-site-content-layout":"default","site-content-style":"default","site-sidebar-style":"default","ast-global-header-display":"","ast-banner-title-visibility":"","ast-main-header-display":"","ast-hfb-above-header-display":"","ast-hfb-below-header-display":"","ast-hfb-mobile-header-display":"","site-post-title":"","ast-breadcrumbs-content":"","ast-featured-img":"","footer-sml-layout":"","ast-disable-related-posts":"","theme-transparent-header-meta":"","adv-header-id-meta":"","stick-header-meta":"","header-above-stick-meta":"","header-main-stick-meta":"","header-below-stick-meta":"","astra-migrate-meta-layouts":"set","ast-page-background-enabled":"default","ast-page-background-meta":{"desktop":{"background-color":"","background-image":"","background-repeat":"repeat","background-position":"center center","background-size":"auto","background-attachment":"scroll","background-type":"","background-media":"","overlay-type":"","overlay-color":"","overlay-opacity":"","overlay-gradient":""},"tablet":{"background-color":"","background-image":"","background-repeat":"repeat","background-position":"center center","background-size":"auto","background-attachment":"scroll","background-type":"","background-media":"","overlay-type":"","overlay-color":"","overlay-opacity":"","overlay-gradient":""},"mobile":{"background-color":"","background-image":"","background-repeat":"repeat","background-position":"center center","background-size":"auto","background-attachment":"scroll","background-type":"","background-media":"","overlay-type":"","overlay-color":"","overlay-opacity":"","overlay-gradient":""}},"ast-content-background-meta":{"desktop":{"background-color":"var(--ast-global-color-5)","background-image":"","background-repeat":"repeat","background-position":"center center","background-size":"auto","background-attachment":"scroll","background-type":"","background-media":"","overlay-type":"","overlay-color":"","overlay-opacity":"","overlay-gradient":""},"tablet":{"background-color":"var(--ast-global-color-5)","background-image":"","background-repeat":"repeat","background-position":"center center","background-size":"auto","background-attachment":"scroll","background-type":"","background-media":"","overlay-type":"","overlay-color":"","overlay-opacity":"","overlay-gradient":""},"mobile":{"background-color":"var(--ast-global-color-5)","background-image":"","background-repeat":"repeat","background-position":"center center","background-size":"auto","background-attachment":"scroll","background-type":"","background-media":"","overlay-type":"","overlay-color":"","overlay-opacity":"","overlay-gradient":""}},"_jetpack_memberships_contains_paid_content":false,"_joinchat":[],"footnotes":""},"categories":[15302,2234,1,5,2],"tags":[],"class_list":["post-96596","post","type-post","status-publish","format-standard","has-post-thumbnail","hentry","category-destacado","category-policiales","category-sin-categoria","category-sociedad","category-villa-maria"],"yoast_head":"<!-- This site is optimized with the Yoast SEO plugin v26.8 - https:\/\/yoast.com\/product\/yoast-seo-wordpress\/ -->\n<title>La polic\u00eda logr\u00f3 encontrar y detener al hombre que robaba las bicis en la UTN - El Regional<\/title>\n<meta name=\"robots\" content=\"index, follow, max-snippet:-1, max-image-preview:large, max-video-preview:-1\" \/>\n<link rel=\"canonical\" href=\"https:\/\/elregionalvm.com.ar\/noticias-villa-maria\/la-policia-logro-encontrar-y-detener-al-hombre-que-robaba-las-bicis-en-la-utn\/\" \/>\n<meta property=\"og:locale\" content=\"es_ES\" \/>\n<meta property=\"og:type\" content=\"article\" \/>\n<meta property=\"og:title\" content=\"La polic\u00eda logr\u00f3 encontrar y detener al hombre que robaba las bicis en la UTN - El Regional\" \/>\n<meta property=\"og:description\" content=\"Siendo aproximadamente las 19:00 horas de la fecha personal de Divisi\u00f3n de Investigaciones de esta Unidad Regional Departamental, constituidos en el predio de la UTN de Villa Mar\u00eda procedieron a la aprehensi\u00f3n de un hombre de 30 a\u00f1os de edad por supuesto autor del delito de \u00abRobo Calificado\u00bb. Ya que por medio de tareas de [&hellip;]\" \/>\n<meta property=\"og:url\" content=\"https:\/\/elregionalvm.com.ar\/noticias-villa-maria\/la-policia-logro-encontrar-y-detener-al-hombre-que-robaba-las-bicis-en-la-utn\/\" \/>\n<meta property=\"og:site_name\" content=\"El Regional\" \/>\n<meta property=\"article:publisher\" content=\"https:\/\/www.facebook.com\/elregionalvm\" \/>\n<meta property=\"article:published_time\" content=\"2024-07-25T20:52:33+00:00\" \/>\n<meta property=\"article:modified_time\" content=\"2024-07-25T20:57:51+00:00\" \/>\n<meta property=\"og:image\" content=\"https:\/\/elregionalvm.com.ar\/noticias-villa-maria\/wp-content\/uploads\/2024\/07\/WhatsApp-Image-2024-07-24-at-21.15.25.jpeg\" \/>\n\t<meta property=\"og:image:width\" content=\"1280\" \/>\n\t<meta property=\"og:image:height\" content=\"720\" \/>\n\t<meta property=\"og:image:type\" content=\"image\/jpeg\" \/>\n<meta name=\"author\" content=\"Contenidos El Regional\" \/>\n<meta name=\"twitter:card\" content=\"summary_large_image\" \/>\n<meta name=\"twitter:creator\" content=\"@elregionalvm1\" \/>\n<meta name=\"twitter:site\" content=\"@elregionalvm1\" \/>\n<meta name=\"twitter:label1\" content=\"Escrito por\" \/>\n\t<meta name=\"twitter:data1\" content=\"Contenidos El Regional\" \/>\n\t<meta name=\"twitter:label2\" content=\"Tiempo de lectura\" \/>\n\t<meta name=\"twitter:data2\" content=\"2 minutos\" \/>\n<script type=\"application\/ld+json\" class=\"yoast-schema-graph\">{\"@context\":\"https:\/\/schema.org\",\"@graph\":[{\"@type\":\"Article\",\"@id\":\"https:\/\/elregionalvm.com.ar\/noticias-villa-maria\/la-policia-logro-encontrar-y-detener-al-hombre-que-robaba-las-bicis-en-la-utn\/#article\",\"isPartOf\":{\"@id\":\"https:\/\/elregionalvm.com.ar\/noticias-villa-maria\/la-policia-logro-encontrar-y-detener-al-hombre-que-robaba-las-bicis-en-la-utn\/\"},\"author\":{\"name\":\"Contenidos El Regional\",\"@id\":\"http:\/\/elregionalvm.com.ar\/noticias-villa-maria\/#\/schema\/person\/a0fb9c422317faca23d50163151bc354\"},\"headline\":\"La polic\u00eda logr\u00f3 encontrar y detener al hombre que robaba las bicis en la UTN\",\"datePublished\":\"2024-07-25T20:52:33+00:00\",\"dateModified\":\"2024-07-25T20:57:51+00:00\",\"mainEntityOfPage\":{\"@id\":\"https:\/\/elregionalvm.com.ar\/noticias-villa-maria\/la-policia-logro-encontrar-y-detener-al-hombre-que-robaba-las-bicis-en-la-utn\/\"},\"wordCount\":217,\"commentCount\":0,\"image\":{\"@id\":\"https:\/\/elregionalvm.com.ar\/noticias-villa-maria\/la-policia-logro-encontrar-y-detener-al-hombre-que-robaba-las-bicis-en-la-utn\/#primaryimage\"},\"thumbnailUrl\":\"https:\/\/i0.wp.com\/elregionalvm.com.ar\/noticias-villa-maria\/wp-content\/uploads\/2024\/07\/WhatsApp-Image-2024-07-24-at-21.15.25.jpeg?fit=1280%2C720&ssl=1\",\"articleSection\":{\"0\":\"destacado\",\"1\":\"Policiales\",\"3\":\"Sociedad\",\"4\":\"Villa Mar\u00eda\"},\"inLanguage\":\"es\",\"potentialAction\":[{\"@type\":\"CommentAction\",\"name\":\"Comment\",\"target\":[\"https:\/\/elregionalvm.com.ar\/noticias-villa-maria\/la-policia-logro-encontrar-y-detener-al-hombre-que-robaba-las-bicis-en-la-utn\/#respond\"]}]},{\"@type\":\"WebPage\",\"@id\":\"https:\/\/elregionalvm.com.ar\/noticias-villa-maria\/la-policia-logro-encontrar-y-detener-al-hombre-que-robaba-las-bicis-en-la-utn\/\",\"url\":\"https:\/\/elregionalvm.com.ar\/noticias-villa-maria\/la-policia-logro-encontrar-y-detener-al-hombre-que-robaba-las-bicis-en-la-utn\/\",\"name\":\"La polic\u00eda logr\u00f3 encontrar y detener al hombre que robaba las bicis en la UTN - El Regional\",\"isPartOf\":{\"@id\":\"http:\/\/elregionalvm.com.ar\/noticias-villa-maria\/#website\"},\"primaryImageOfPage\":{\"@id\":\"https:\/\/elregionalvm.com.ar\/noticias-villa-maria\/la-policia-logro-encontrar-y-detener-al-hombre-que-robaba-las-bicis-en-la-utn\/#primaryimage\"},\"image\":{\"@id\":\"https:\/\/elregionalvm.com.ar\/noticias-villa-maria\/la-policia-logro-encontrar-y-detener-al-hombre-que-robaba-las-bicis-en-la-utn\/#primaryimage\"},\"thumbnailUrl\":\"https:\/\/i0.wp.com\/elregionalvm.com.ar\/noticias-villa-maria\/wp-content\/uploads\/2024\/07\/WhatsApp-Image-2024-07-24-at-21.15.25.jpeg?fit=1280%2C720&ssl=1\",\"datePublished\":\"2024-07-25T20:52:33+00:00\",\"dateModified\":\"2024-07-25T20:57:51+00:00\",\"author\":{\"@id\":\"http:\/\/elregionalvm.com.ar\/noticias-villa-maria\/#\/schema\/person\/a0fb9c422317faca23d50163151bc354\"},\"breadcrumb\":{\"@id\":\"https:\/\/elregionalvm.com.ar\/noticias-villa-maria\/la-policia-logro-encontrar-y-detener-al-hombre-que-robaba-las-bicis-en-la-utn\/#breadcrumb\"},\"inLanguage\":\"es\",\"potentialAction\":[{\"@type\":\"ReadAction\",\"target\":[\"https:\/\/elregionalvm.com.ar\/noticias-villa-maria\/la-policia-logro-encontrar-y-detener-al-hombre-que-robaba-las-bicis-en-la-utn\/\"]}]},{\"@type\":\"ImageObject\",\"inLanguage\":\"es\",\"@id\":\"https:\/\/elregionalvm.com.ar\/noticias-villa-maria\/la-policia-logro-encontrar-y-detener-al-hombre-que-robaba-las-bicis-en-la-utn\/#primaryimage\",\"url\":\"https:\/\/i0.wp.com\/elregionalvm.com.ar\/noticias-villa-maria\/wp-content\/uploads\/2024\/07\/WhatsApp-Image-2024-07-24-at-21.15.25.jpeg?fit=1280%2C720&ssl=1\",\"contentUrl\":\"https:\/\/i0.wp.com\/elregionalvm.com.ar\/noticias-villa-maria\/wp-content\/uploads\/2024\/07\/WhatsApp-Image-2024-07-24-at-21.15.25.jpeg?fit=1280%2C720&ssl=1\",\"width\":1280,\"height\":720},{\"@type\":\"BreadcrumbList\",\"@id\":\"https:\/\/elregionalvm.com.ar\/noticias-villa-maria\/la-policia-logro-encontrar-y-detener-al-hombre-que-robaba-las-bicis-en-la-utn\/#breadcrumb\",\"itemListElement\":[{\"@type\":\"ListItem\",\"position\":1,\"name\":\"Portada\",\"item\":\"https:\/\/elregionalvm.com.ar\/noticias-villa-maria\/\"},{\"@type\":\"ListItem\",\"position\":2,\"name\":\"La polic\u00eda logr\u00f3 encontrar y detener al hombre que robaba las bicis en la UTN\"}]},{\"@type\":\"WebSite\",\"@id\":\"http:\/\/elregionalvm.com.ar\/noticias-villa-maria\/#website\",\"url\":\"http:\/\/elregionalvm.com.ar\/noticias-villa-maria\/\",\"name\":\"El Regional\",\"description\":\"Mucho m\u00e1s que informaci\u00f3n\",\"potentialAction\":[{\"@type\":\"SearchAction\",\"target\":{\"@type\":\"EntryPoint\",\"urlTemplate\":\"http:\/\/elregionalvm.com.ar\/noticias-villa-maria\/?s={search_term_string}\"},\"query-input\":{\"@type\":\"PropertyValueSpecification\",\"valueRequired\":true,\"valueName\":\"search_term_string\"}}],\"inLanguage\":\"es\"},{\"@type\":\"Person\",\"@id\":\"http:\/\/elregionalvm.com.ar\/noticias-villa-maria\/#\/schema\/person\/a0fb9c422317faca23d50163151bc354\",\"name\":\"Contenidos El Regional\",\"image\":{\"@type\":\"ImageObject\",\"inLanguage\":\"es\",\"@id\":\"http:\/\/elregionalvm.com.ar\/noticias-villa-maria\/#\/schema\/person\/image\/\",\"url\":\"https:\/\/secure.gravatar.com\/avatar\/265b27cb2209af7bb3a1318f03305787d7981a5cc6e6cd08fe5a4ecdf99d4b48?s=96&d=mm&r=g\",\"contentUrl\":\"https:\/\/secure.gravatar.com\/avatar\/265b27cb2209af7bb3a1318f03305787d7981a5cc6e6cd08fe5a4ecdf99d4b48?s=96&d=mm&r=g\",\"caption\":\"Contenidos El Regional\"},\"url\":\"https:\/\/elregionalvm.com.ar\/noticias-villa-maria\/author\/contenido\/\"}]}<\/script>\n<!-- \/ Yoast SEO plugin. -->","yoast_head_json":{"title":"La polic\u00eda logr\u00f3 encontrar y detener al hombre que robaba las bicis en la UTN - El Regional","robots":{"index":"index","follow":"follow","max-snippet":"max-snippet:-1","max-image-preview":"max-image-preview:large","max-video-preview":"max-video-preview:-1"},"canonical":"https:\/\/elregionalvm.com.ar\/noticias-villa-maria\/la-policia-logro-encontrar-y-detener-al-hombre-que-robaba-las-bicis-en-la-utn\/","og_locale":"es_ES","og_type":"article","og_title":"La polic\u00eda logr\u00f3 encontrar y detener al hombre que robaba las bicis en la UTN - El Regional","og_description":"Siendo aproximadamente las 19:00 horas de la fecha personal de Divisi\u00f3n de Investigaciones de esta Unidad Regional Departamental, constituidos en el predio de la UTN de Villa Mar\u00eda procedieron a la aprehensi\u00f3n de un hombre de 30 a\u00f1os de edad por supuesto autor del delito de \u00abRobo Calificado\u00bb. Ya que por medio de tareas de [&hellip;]","og_url":"https:\/\/elregionalvm.com.ar\/noticias-villa-maria\/la-policia-logro-encontrar-y-detener-al-hombre-que-robaba-las-bicis-en-la-utn\/","og_site_name":"El Regional","article_publisher":"https:\/\/www.facebook.com\/elregionalvm","article_published_time":"2024-07-25T20:52:33+00:00","article_modified_time":"2024-07-25T20:57:51+00:00","og_image":[{"width":1280,"height":720,"url":"https:\/\/elregionalvm.com.ar\/noticias-villa-maria\/wp-content\/uploads\/2024\/07\/WhatsApp-Image-2024-07-24-at-21.15.25.jpeg","type":"image\/jpeg"}],"author":"Contenidos El Regional","twitter_card":"summary_large_image","twitter_creator":"@elregionalvm1","twitter_site":"@elregionalvm1","twitter_misc":{"Escrito por":"Contenidos El Regional","Tiempo de lectura":"2 minutos"},"schema":{"@context":"https:\/\/schema.org","@graph":[{"@type":"Article","@id":"https:\/\/elregionalvm.com.ar\/noticias-villa-maria\/la-policia-logro-encontrar-y-detener-al-hombre-que-robaba-las-bicis-en-la-utn\/#article","isPartOf":{"@id":"https:\/\/elregionalvm.com.ar\/noticias-villa-maria\/la-policia-logro-encontrar-y-detener-al-hombre-que-robaba-las-bicis-en-la-utn\/"},"author":{"name":"Contenidos El Regional","@id":"http:\/\/elregionalvm.com.ar\/noticias-villa-maria\/#\/schema\/person\/a0fb9c422317faca23d50163151bc354"},"headline":"La polic\u00eda logr\u00f3 encontrar y detener al hombre que robaba las bicis en la UTN","datePublished":"2024-07-25T20:52:33+00:00","dateModified":"2024-07-25T20:57:51+00:00","mainEntityOfPage":{"@id":"https:\/\/elregionalvm.com.ar\/noticias-villa-maria\/la-policia-logro-encontrar-y-detener-al-hombre-que-robaba-las-bicis-en-la-utn\/"},"wordCount":217,"commentCount":0,"image":{"@id":"https:\/\/elregionalvm.com.ar\/noticias-villa-maria\/la-policia-logro-encontrar-y-detener-al-hombre-que-robaba-las-bicis-en-la-utn\/#primaryimage"},"thumbnailUrl":"https:\/\/i0.wp.com\/elregionalvm.com.ar\/noticias-villa-maria\/wp-content\/uploads\/2024\/07\/WhatsApp-Image-2024-07-24-at-21.15.25.jpeg?fit=1280%2C720&ssl=1","articleSection":{"0":"destacado","1":"Policiales","3":"Sociedad","4":"Villa Mar\u00eda"},"inLanguage":"es","potentialAction":[{"@type":"CommentAction","name":"Comment","target":["https:\/\/elregionalvm.com.ar\/noticias-villa-maria\/la-policia-logro-encontrar-y-detener-al-hombre-que-robaba-las-bicis-en-la-utn\/#respond"]}]},{"@type":"WebPage","@id":"https:\/\/elregionalvm.com.ar\/noticias-villa-maria\/la-policia-logro-encontrar-y-detener-al-hombre-que-robaba-las-bicis-en-la-utn\/","url":"https:\/\/elregionalvm.com.ar\/noticias-villa-maria\/la-policia-logro-encontrar-y-detener-al-hombre-que-robaba-las-bicis-en-la-utn\/","name":"La polic\u00eda logr\u00f3 encontrar y detener al hombre que robaba las bicis en la UTN - El Regional","isPartOf":{"@id":"http:\/\/elregionalvm.com.ar\/noticias-villa-maria\/#website"},"primaryImageOfPage":{"@id":"https:\/\/elregionalvm.com.ar\/noticias-villa-maria\/la-policia-logro-encontrar-y-detener-al-hombre-que-robaba-las-bicis-en-la-utn\/#primaryimage"},"image":{"@id":"https:\/\/elregionalvm.com.ar\/noticias-villa-maria\/la-policia-logro-encontrar-y-detener-al-hombre-que-robaba-las-bicis-en-la-utn\/#primaryimage"},"thumbnailUrl":"https:\/\/i0.wp.com\/elregionalvm.com.ar\/noticias-villa-maria\/wp-content\/uploads\/2024\/07\/WhatsApp-Image-2024-07-24-at-21.15.25.jpeg?fit=1280%2C720&ssl=1","datePublished":"2024-07-25T20:52:33+00:00","dateModified":"2024-07-25T20:57:51+00:00","author":{"@id":"http:\/\/elregionalvm.com.ar\/noticias-villa-maria\/#\/schema\/person\/a0fb9c422317faca23d50163151bc354"},"breadcrumb":{"@id":"https:\/\/elregionalvm.com.ar\/noticias-villa-maria\/la-policia-logro-encontrar-y-detener-al-hombre-que-robaba-las-bicis-en-la-utn\/#breadcrumb"},"inLanguage":"es","potentialAction":[{"@type":"ReadAction","target":["https:\/\/elregionalvm.com.ar\/noticias-villa-maria\/la-policia-logro-encontrar-y-detener-al-hombre-que-robaba-las-bicis-en-la-utn\/"]}]},{"@type":"ImageObject","inLanguage":"es","@id":"https:\/\/elregionalvm.com.ar\/noticias-villa-maria\/la-policia-logro-encontrar-y-detener-al-hombre-que-robaba-las-bicis-en-la-utn\/#primaryimage","url":"https:\/\/i0.wp.com\/elregionalvm.com.ar\/noticias-villa-maria\/wp-content\/uploads\/2024\/07\/WhatsApp-Image-2024-07-24-at-21.15.25.jpeg?fit=1280%2C720&ssl=1","contentUrl":"https:\/\/i0.wp.com\/elregionalvm.com.ar\/noticias-villa-maria\/wp-content\/uploads\/2024\/07\/WhatsApp-Image-2024-07-24-at-21.15.25.jpeg?fit=1280%2C720&ssl=1","width":1280,"height":720},{"@type":"BreadcrumbList","@id":"https:\/\/elregionalvm.com.ar\/noticias-villa-maria\/la-policia-logro-encontrar-y-detener-al-hombre-que-robaba-las-bicis-en-la-utn\/#breadcrumb","itemListElement":[{"@type":"ListItem","position":1,"name":"Portada","item":"https:\/\/elregionalvm.com.ar\/noticias-villa-maria\/"},{"@type":"ListItem","position":2,"name":"La polic\u00eda logr\u00f3 encontrar y detener al hombre que robaba las bicis en la UTN"}]},{"@type":"WebSite","@id":"http:\/\/elregionalvm.com.ar\/noticias-villa-maria\/#website","url":"http:\/\/elregionalvm.com.ar\/noticias-villa-maria\/","name":"El Regional","description":"Mucho m\u00e1s que informaci\u00f3n","potentialAction":[{"@type":"SearchAction","target":{"@type":"EntryPoint","urlTemplate":"http:\/\/elregionalvm.com.ar\/noticias-villa-maria\/?s={search_term_string}"},"query-input":{"@type":"PropertyValueSpecification","valueRequired":true,"valueName":"search_term_string"}}],"inLanguage":"es"},{"@type":"Person","@id":"http:\/\/elregionalvm.com.ar\/noticias-villa-maria\/#\/schema\/person\/a0fb9c422317faca23d50163151bc354","name":"Contenidos El Regional","image":{"@type":"ImageObject","inLanguage":"es","@id":"http:\/\/elregionalvm.com.ar\/noticias-villa-maria\/#\/schema\/person\/image\/","url":"https:\/\/secure.gravatar.com\/avatar\/265b27cb2209af7bb3a1318f03305787d7981a5cc6e6cd08fe5a4ecdf99d4b48?s=96&d=mm&r=g","contentUrl":"https:\/\/secure.gravatar.com\/avatar\/265b27cb2209af7bb3a1318f03305787d7981a5cc6e6cd08fe5a4ecdf99d4b48?s=96&d=mm&r=g","caption":"Contenidos El Regional"},"url":"https:\/\/elregionalvm.com.ar\/noticias-villa-maria\/author\/contenido\/"}]}},"jetpack_featured_media_url":"https:\/\/i0.wp.com\/elregionalvm.com.ar\/noticias-villa-maria\/wp-content\/uploads\/2024\/07\/WhatsApp-Image-2024-07-24-at-21.15.25.jpeg?fit=1280%2C720&ssl=1","jetpack_sharing_enabled":true,"_links":{"self":[{"href":"https:\/\/elregionalvm.com.ar\/noticias-villa-maria\/wp-json\/wp\/v2\/posts\/96596","targetHints":{"allow":["GET"]}}],"collection":[{"href":"https:\/\/elregionalvm.com.ar\/noticias-villa-maria\/wp-json\/wp\/v2\/posts"}],"about":[{"href":"https:\/\/elregionalvm.com.ar\/noticias-villa-maria\/wp-json\/wp\/v2\/types\/post"}],"author":[{"embeddable":true,"href":"https:\/\/elregionalvm.com.ar\/noticias-villa-maria\/wp-json\/wp\/v2\/users\/4"}],"replies":[{"embeddable":true,"href":"https:\/\/elregionalvm.com.ar\/noticias-villa-maria\/wp-json\/wp\/v2\/comments?post=96596"}],"version-history":[{"count":2,"href":"https:\/\/elregionalvm.com.ar\/noticias-villa-maria\/wp-json\/wp\/v2\/posts\/96596\/revisions"}],"predecessor-version":[{"id":96603,"href":"https:\/\/elregionalvm.com.ar\/noticias-villa-maria\/wp-json\/wp\/v2\/posts\/96596\/revisions\/96603"}],"wp:featuredmedia":[{"embeddable":true,"href":"https:\/\/elregionalvm.com.ar\/noticias-villa-maria\/wp-json\/wp\/v2\/media\/96597"}],"wp:attachment":[{"href":"https:\/\/elregionalvm.com.ar\/noticias-villa-maria\/wp-json\/wp\/v2\/media?parent=96596"}],"wp:term":[{"taxonomy":"category","embeddable":true,"href":"https:\/\/elregionalvm.com.ar\/noticias-villa-maria\/wp-json\/wp\/v2\/categories?post=96596"},{"taxonomy":"post_tag","embeddable":true,"href":"https:\/\/elregionalvm.com.ar\/noticias-villa-maria\/wp-json\/wp\/v2\/tags?post=96596"}],"curies":[{"name":"wp","href":"https:\/\/api.w.org\/{rel}","templated":true}]}}