{"id":96620,"date":"2024-07-26T02:15:05","date_gmt":"2024-07-26T02:15:05","guid":{"rendered":"https:\/\/elregionalvm.com.ar\/noticias-villa-maria\/?p=96620"},"modified":"2024-07-26T02:15:17","modified_gmt":"2024-07-26T02:15:17","slug":"murio-un-joven-de-17-anos-que-el-martes-habia-chocado-con-su-moto","status":"publish","type":"post","link":"https:\/\/elregionalvm.com.ar\/noticias-villa-maria\/murio-un-joven-de-17-anos-que-el-martes-habia-chocado-con-su-moto\/","title":{"rendered":"Muri\u00f3 un joven de 17 a\u00f1os que el martes hab\u00eda chocado con su moto"},"content":{"rendered":"\n<p>Un motociclista de 17 a\u00f1os que hab\u00eda sufrido un siniestro vial el pasado martes en Dalmacio V\u00e9lez, falleci\u00f3 en las \u00faltimas horas en el Hospital Pasteur, seg\u00fan confirm\u00f3 la Departamental Tercero Arriba.<\/p>\n\n\n\n<p>Por causas que se tratan de establecer, el joven hab\u00eda protagonizado un accidente de tr\u00e1nsito mientras se conduc\u00eda a bordo de su motocicleta marca Yamaha 110 cc con una camioneta Toyota Rav4, guiada por un hombre de 43 a\u00f1os, public\u00f3 El Diario.<\/p>\n\n\n\n<p>El siniestro se produjo en la esquina de Constituci\u00f3n y Bulevar C\u00f3rdoba, de la vecina localidad.<\/p>\n\n\n\n<p>El adolescente hab\u00eda sido trasladado en grave estado hasta el Hospital Pasteur, donde finalmente falleci\u00f3.<\/p>\n","protected":false},"excerpt":{"rendered":"<p>Un motociclista de 17 a\u00f1os que hab\u00eda sufrido un siniestro vial el pasado martes en Dalmacio V\u00e9lez, falleci\u00f3 en las \u00faltimas horas en el Hospital Pasteur, seg\u00fan confirm\u00f3 la Departamental Tercero Arriba. Por causas que se tratan de establecer, el joven hab\u00eda protagonizado un accidente de tr\u00e1nsito mientras se conduc\u00eda a bordo de su motocicleta [&hellip;]<\/p>\n","protected":false},"author":6,"featured_media":39681,"comment_status":"open","ping_status":"open","sticky":false,"template":"","format":"standard","meta":{"site-sidebar-layout":"default","site-content-layout":"","ast-site-content-layout":"default","site-content-style":"default","site-sidebar-style":"default","ast-global-header-display":"","ast-banner-title-visibility":"","ast-main-header-display":"","ast-hfb-above-header-display":"","ast-hfb-below-header-display":"","ast-hfb-mobile-header-display":"","site-post-title":"","ast-breadcrumbs-content":"","ast-featured-img":"","footer-sml-layout":"","ast-disable-related-posts":"","theme-transparent-header-meta":"","adv-header-id-meta":"","stick-header-meta":"","header-above-stick-meta":"","header-main-stick-meta":"","header-below-stick-meta":"","astra-migrate-meta-layouts":"set","ast-page-background-enabled":"default","ast-page-background-meta":{"desktop":{"background-color":"","background-image":"","background-repeat":"repeat","background-position":"center center","background-size":"auto","background-attachment":"scroll","background-type":"","background-media":"","overlay-type":"","overlay-color":"","overlay-opacity":"","overlay-gradient":""},"tablet":{"background-color":"","background-image":"","background-repeat":"repeat","background-position":"center center","background-size":"auto","background-attachment":"scroll","background-type":"","background-media":"","overlay-type":"","overlay-color":"","overlay-opacity":"","overlay-gradient":""},"mobile":{"background-color":"","background-image":"","background-repeat":"repeat","background-position":"center center","background-size":"auto","background-attachment":"scroll","background-type":"","background-media":"","overlay-type":"","overlay-color":"","overlay-opacity":"","overlay-gradient":""}},"ast-content-background-meta":{"desktop":{"background-color":"var(--ast-global-color-5)","background-image":"","background-repeat":"repeat","background-position":"center center","background-size":"auto","background-attachment":"scroll","background-type":"","background-media":"","overlay-type":"","overlay-color":"","overlay-opacity":"","overlay-gradient":""},"tablet":{"background-color":"var(--ast-global-color-5)","background-image":"","background-repeat":"repeat","background-position":"center center","background-size":"auto","background-attachment":"scroll","background-type":"","background-media":"","overlay-type":"","overlay-color":"","overlay-opacity":"","overlay-gradient":""},"mobile":{"background-color":"var(--ast-global-color-5)","background-image":"","background-repeat":"repeat","background-position":"center center","background-size":"auto","background-attachment":"scroll","background-type":"","background-media":"","overlay-type":"","overlay-color":"","overlay-opacity":"","overlay-gradient":""}},"_jetpack_memberships_contains_paid_content":false,"_joinchat":[],"footnotes":""},"categories":[15302,2234,2091],"tags":[2299,4726,1452,2959,261,2130,2463],"class_list":["post-96620","post","type-post","status-publish","format-standard","has-post-thumbnail","hentry","category-destacado","category-policiales","category-region","tag-accidente","tag-adolescente","tag-choque","tag-dalmacio-velez-2","tag-fallecimiento","tag-hospital-pasteur","tag-moto"],"yoast_head":"<!-- This site is optimized with the Yoast SEO plugin v26.8 - https:\/\/yoast.com\/product\/yoast-seo-wordpress\/ -->\n<title>Muri\u00f3 un joven de 17 a\u00f1os que el martes hab\u00eda chocado con su moto - El Regional<\/title>\n<meta name=\"robots\" content=\"index, follow, max-snippet:-1, max-image-preview:large, max-video-preview:-1\" \/>\n<link rel=\"canonical\" href=\"https:\/\/elregionalvm.com.ar\/noticias-villa-maria\/murio-un-joven-de-17-anos-que-el-martes-habia-chocado-con-su-moto\/\" \/>\n<meta property=\"og:locale\" content=\"es_ES\" \/>\n<meta property=\"og:type\" content=\"article\" \/>\n<meta property=\"og:title\" content=\"Muri\u00f3 un joven de 17 a\u00f1os que el martes hab\u00eda chocado con su moto - El Regional\" \/>\n<meta property=\"og:description\" content=\"Un motociclista de 17 a\u00f1os que hab\u00eda sufrido un siniestro vial el pasado martes en Dalmacio V\u00e9lez, falleci\u00f3 en las \u00faltimas horas en el Hospital Pasteur, seg\u00fan confirm\u00f3 la Departamental Tercero Arriba. Por causas que se tratan de establecer, el joven hab\u00eda protagonizado un accidente de tr\u00e1nsito mientras se conduc\u00eda a bordo de su motocicleta [&hellip;]\" \/>\n<meta property=\"og:url\" content=\"https:\/\/elregionalvm.com.ar\/noticias-villa-maria\/murio-un-joven-de-17-anos-que-el-martes-habia-chocado-con-su-moto\/\" \/>\n<meta property=\"og:site_name\" content=\"El Regional\" \/>\n<meta property=\"article:publisher\" content=\"https:\/\/www.facebook.com\/elregionalvm\" \/>\n<meta property=\"article:published_time\" content=\"2024-07-26T02:15:05+00:00\" \/>\n<meta property=\"article:modified_time\" content=\"2024-07-26T02:15:17+00:00\" \/>\n<meta property=\"og:image\" content=\"https:\/\/elregionalvm.com.ar\/noticias-villa-maria\/wp-content\/uploads\/2021\/06\/hospital-pasteur-4.jpg\" \/>\n\t<meta property=\"og:image:width\" content=\"1250\" \/>\n\t<meta property=\"og:image:height\" content=\"600\" \/>\n\t<meta property=\"og:image:type\" content=\"image\/jpeg\" \/>\n<meta name=\"author\" content=\"Germ\u00e1n Giacchero\" \/>\n<meta name=\"twitter:card\" content=\"summary_large_image\" \/>\n<meta name=\"twitter:creator\" content=\"@elregionalvm1\" \/>\n<meta name=\"twitter:site\" content=\"@elregionalvm1\" \/>\n<meta name=\"twitter:label1\" content=\"Escrito por\" \/>\n\t<meta name=\"twitter:data1\" content=\"Germ\u00e1n Giacchero\" \/>\n\t<meta name=\"twitter:label2\" content=\"Tiempo de lectura\" \/>\n\t<meta name=\"twitter:data2\" content=\"1 minuto\" \/>\n<script type=\"application\/ld+json\" class=\"yoast-schema-graph\">{\"@context\":\"https:\/\/schema.org\",\"@graph\":[{\"@type\":\"Article\",\"@id\":\"https:\/\/elregionalvm.com.ar\/noticias-villa-maria\/murio-un-joven-de-17-anos-que-el-martes-habia-chocado-con-su-moto\/#article\",\"isPartOf\":{\"@id\":\"https:\/\/elregionalvm.com.ar\/noticias-villa-maria\/murio-un-joven-de-17-anos-que-el-martes-habia-chocado-con-su-moto\/\"},\"author\":{\"name\":\"Germ\u00e1n Giacchero\",\"@id\":\"http:\/\/elregionalvm.com.ar\/noticias-villa-maria\/#\/schema\/person\/d5e4b04966154131701e52c45d3efec9\"},\"headline\":\"Muri\u00f3 un joven de 17 a\u00f1os que el martes hab\u00eda chocado con su moto\",\"datePublished\":\"2024-07-26T02:15:05+00:00\",\"dateModified\":\"2024-07-26T02:15:17+00:00\",\"mainEntityOfPage\":{\"@id\":\"https:\/\/elregionalvm.com.ar\/noticias-villa-maria\/murio-un-joven-de-17-anos-que-el-martes-habia-chocado-con-su-moto\/\"},\"wordCount\":128,\"commentCount\":0,\"image\":{\"@id\":\"https:\/\/elregionalvm.com.ar\/noticias-villa-maria\/murio-un-joven-de-17-anos-que-el-martes-habia-chocado-con-su-moto\/#primaryimage\"},\"thumbnailUrl\":\"https:\/\/i0.wp.com\/elregionalvm.com.ar\/noticias-villa-maria\/wp-content\/uploads\/2021\/06\/hospital-pasteur-4.jpg?fit=1250%2C600&ssl=1\",\"keywords\":[\"accidente\",\"adolescente\",\"Choque\",\"Dalmacio V\u00e9lez\",\"fallecimiento\",\"Hospital Pasteur\",\"moto\"],\"articleSection\":[\"destacado\",\"Policiales\",\"Regi\u00f3n\"],\"inLanguage\":\"es\",\"potentialAction\":[{\"@type\":\"CommentAction\",\"name\":\"Comment\",\"target\":[\"https:\/\/elregionalvm.com.ar\/noticias-villa-maria\/murio-un-joven-de-17-anos-que-el-martes-habia-chocado-con-su-moto\/#respond\"]}]},{\"@type\":\"WebPage\",\"@id\":\"https:\/\/elregionalvm.com.ar\/noticias-villa-maria\/murio-un-joven-de-17-anos-que-el-martes-habia-chocado-con-su-moto\/\",\"url\":\"https:\/\/elregionalvm.com.ar\/noticias-villa-maria\/murio-un-joven-de-17-anos-que-el-martes-habia-chocado-con-su-moto\/\",\"name\":\"Muri\u00f3 un joven de 17 a\u00f1os que el martes hab\u00eda chocado con su moto - El Regional\",\"isPartOf\":{\"@id\":\"http:\/\/elregionalvm.com.ar\/noticias-villa-maria\/#website\"},\"primaryImageOfPage\":{\"@id\":\"https:\/\/elregionalvm.com.ar\/noticias-villa-maria\/murio-un-joven-de-17-anos-que-el-martes-habia-chocado-con-su-moto\/#primaryimage\"},\"image\":{\"@id\":\"https:\/\/elregionalvm.com.ar\/noticias-villa-maria\/murio-un-joven-de-17-anos-que-el-martes-habia-chocado-con-su-moto\/#primaryimage\"},\"thumbnailUrl\":\"https:\/\/i0.wp.com\/elregionalvm.com.ar\/noticias-villa-maria\/wp-content\/uploads\/2021\/06\/hospital-pasteur-4.jpg?fit=1250%2C600&ssl=1\",\"datePublished\":\"2024-07-26T02:15:05+00:00\",\"dateModified\":\"2024-07-26T02:15:17+00:00\",\"author\":{\"@id\":\"http:\/\/elregionalvm.com.ar\/noticias-villa-maria\/#\/schema\/person\/d5e4b04966154131701e52c45d3efec9\"},\"breadcrumb\":{\"@id\":\"https:\/\/elregionalvm.com.ar\/noticias-villa-maria\/murio-un-joven-de-17-anos-que-el-martes-habia-chocado-con-su-moto\/#breadcrumb\"},\"inLanguage\":\"es\",\"potentialAction\":[{\"@type\":\"ReadAction\",\"target\":[\"https:\/\/elregionalvm.com.ar\/noticias-villa-maria\/murio-un-joven-de-17-anos-que-el-martes-habia-chocado-con-su-moto\/\"]}]},{\"@type\":\"ImageObject\",\"inLanguage\":\"es\",\"@id\":\"https:\/\/elregionalvm.com.ar\/noticias-villa-maria\/murio-un-joven-de-17-anos-que-el-martes-habia-chocado-con-su-moto\/#primaryimage\",\"url\":\"https:\/\/i0.wp.com\/elregionalvm.com.ar\/noticias-villa-maria\/wp-content\/uploads\/2021\/06\/hospital-pasteur-4.jpg?fit=1250%2C600&ssl=1\",\"contentUrl\":\"https:\/\/i0.wp.com\/elregionalvm.com.ar\/noticias-villa-maria\/wp-content\/uploads\/2021\/06\/hospital-pasteur-4.jpg?fit=1250%2C600&ssl=1\",\"width\":1250,\"height\":600},{\"@type\":\"BreadcrumbList\",\"@id\":\"https:\/\/elregionalvm.com.ar\/noticias-villa-maria\/murio-un-joven-de-17-anos-que-el-martes-habia-chocado-con-su-moto\/#breadcrumb\",\"itemListElement\":[{\"@type\":\"ListItem\",\"position\":1,\"name\":\"Portada\",\"item\":\"https:\/\/elregionalvm.com.ar\/noticias-villa-maria\/\"},{\"@type\":\"ListItem\",\"position\":2,\"name\":\"Muri\u00f3 un joven de 17 a\u00f1os que el martes hab\u00eda chocado con su moto\"}]},{\"@type\":\"WebSite\",\"@id\":\"http:\/\/elregionalvm.com.ar\/noticias-villa-maria\/#website\",\"url\":\"http:\/\/elregionalvm.com.ar\/noticias-villa-maria\/\",\"name\":\"El Regional\",\"description\":\"Mucho m\u00e1s que informaci\u00f3n\",\"potentialAction\":[{\"@type\":\"SearchAction\",\"target\":{\"@type\":\"EntryPoint\",\"urlTemplate\":\"http:\/\/elregionalvm.com.ar\/noticias-villa-maria\/?s={search_term_string}\"},\"query-input\":{\"@type\":\"PropertyValueSpecification\",\"valueRequired\":true,\"valueName\":\"search_term_string\"}}],\"inLanguage\":\"es\"},{\"@type\":\"Person\",\"@id\":\"http:\/\/elregionalvm.com.ar\/noticias-villa-maria\/#\/schema\/person\/d5e4b04966154131701e52c45d3efec9\",\"name\":\"Germ\u00e1n Giacchero\",\"image\":{\"@type\":\"ImageObject\",\"inLanguage\":\"es\",\"@id\":\"http:\/\/elregionalvm.com.ar\/noticias-villa-maria\/#\/schema\/person\/image\/\",\"url\":\"https:\/\/secure.gravatar.com\/avatar\/fda163ba5ef0307ee5be9846e10f83b6e83d0cfb260d3b2464830318894c6b04?s=96&d=mm&r=g\",\"contentUrl\":\"https:\/\/secure.gravatar.com\/avatar\/fda163ba5ef0307ee5be9846e10f83b6e83d0cfb260d3b2464830318894c6b04?s=96&d=mm&r=g\",\"caption\":\"Germ\u00e1n Giacchero\"},\"url\":\"https:\/\/elregionalvm.com.ar\/noticias-villa-maria\/author\/germangiacchero\/\"}]}<\/script>\n<!-- \/ Yoast SEO plugin. -->","yoast_head_json":{"title":"Muri\u00f3 un joven de 17 a\u00f1os que el martes hab\u00eda chocado con su moto - El Regional","robots":{"index":"index","follow":"follow","max-snippet":"max-snippet:-1","max-image-preview":"max-image-preview:large","max-video-preview":"max-video-preview:-1"},"canonical":"https:\/\/elregionalvm.com.ar\/noticias-villa-maria\/murio-un-joven-de-17-anos-que-el-martes-habia-chocado-con-su-moto\/","og_locale":"es_ES","og_type":"article","og_title":"Muri\u00f3 un joven de 17 a\u00f1os que el martes hab\u00eda chocado con su moto - El Regional","og_description":"Un motociclista de 17 a\u00f1os que hab\u00eda sufrido un siniestro vial el pasado martes en Dalmacio V\u00e9lez, falleci\u00f3 en las \u00faltimas horas en el Hospital Pasteur, seg\u00fan confirm\u00f3 la Departamental Tercero Arriba. Por causas que se tratan de establecer, el joven hab\u00eda protagonizado un accidente de tr\u00e1nsito mientras se conduc\u00eda a bordo de su motocicleta [&hellip;]","og_url":"https:\/\/elregionalvm.com.ar\/noticias-villa-maria\/murio-un-joven-de-17-anos-que-el-martes-habia-chocado-con-su-moto\/","og_site_name":"El Regional","article_publisher":"https:\/\/www.facebook.com\/elregionalvm","article_published_time":"2024-07-26T02:15:05+00:00","article_modified_time":"2024-07-26T02:15:17+00:00","og_image":[{"width":1250,"height":600,"url":"https:\/\/elregionalvm.com.ar\/noticias-villa-maria\/wp-content\/uploads\/2021\/06\/hospital-pasteur-4.jpg","type":"image\/jpeg"}],"author":"Germ\u00e1n Giacchero","twitter_card":"summary_large_image","twitter_creator":"@elregionalvm1","twitter_site":"@elregionalvm1","twitter_misc":{"Escrito por":"Germ\u00e1n Giacchero","Tiempo de lectura":"1 minuto"},"schema":{"@context":"https:\/\/schema.org","@graph":[{"@type":"Article","@id":"https:\/\/elregionalvm.com.ar\/noticias-villa-maria\/murio-un-joven-de-17-anos-que-el-martes-habia-chocado-con-su-moto\/#article","isPartOf":{"@id":"https:\/\/elregionalvm.com.ar\/noticias-villa-maria\/murio-un-joven-de-17-anos-que-el-martes-habia-chocado-con-su-moto\/"},"author":{"name":"Germ\u00e1n Giacchero","@id":"http:\/\/elregionalvm.com.ar\/noticias-villa-maria\/#\/schema\/person\/d5e4b04966154131701e52c45d3efec9"},"headline":"Muri\u00f3 un joven de 17 a\u00f1os que el martes hab\u00eda chocado con su moto","datePublished":"2024-07-26T02:15:05+00:00","dateModified":"2024-07-26T02:15:17+00:00","mainEntityOfPage":{"@id":"https:\/\/elregionalvm.com.ar\/noticias-villa-maria\/murio-un-joven-de-17-anos-que-el-martes-habia-chocado-con-su-moto\/"},"wordCount":128,"commentCount":0,"image":{"@id":"https:\/\/elregionalvm.com.ar\/noticias-villa-maria\/murio-un-joven-de-17-anos-que-el-martes-habia-chocado-con-su-moto\/#primaryimage"},"thumbnailUrl":"https:\/\/i0.wp.com\/elregionalvm.com.ar\/noticias-villa-maria\/wp-content\/uploads\/2021\/06\/hospital-pasteur-4.jpg?fit=1250%2C600&ssl=1","keywords":["accidente","adolescente","Choque","Dalmacio V\u00e9lez","fallecimiento","Hospital Pasteur","moto"],"articleSection":["destacado","Policiales","Regi\u00f3n"],"inLanguage":"es","potentialAction":[{"@type":"CommentAction","name":"Comment","target":["https:\/\/elregionalvm.com.ar\/noticias-villa-maria\/murio-un-joven-de-17-anos-que-el-martes-habia-chocado-con-su-moto\/#respond"]}]},{"@type":"WebPage","@id":"https:\/\/elregionalvm.com.ar\/noticias-villa-maria\/murio-un-joven-de-17-anos-que-el-martes-habia-chocado-con-su-moto\/","url":"https:\/\/elregionalvm.com.ar\/noticias-villa-maria\/murio-un-joven-de-17-anos-que-el-martes-habia-chocado-con-su-moto\/","name":"Muri\u00f3 un joven de 17 a\u00f1os que el martes hab\u00eda chocado con su moto - El Regional","isPartOf":{"@id":"http:\/\/elregionalvm.com.ar\/noticias-villa-maria\/#website"},"primaryImageOfPage":{"@id":"https:\/\/elregionalvm.com.ar\/noticias-villa-maria\/murio-un-joven-de-17-anos-que-el-martes-habia-chocado-con-su-moto\/#primaryimage"},"image":{"@id":"https:\/\/elregionalvm.com.ar\/noticias-villa-maria\/murio-un-joven-de-17-anos-que-el-martes-habia-chocado-con-su-moto\/#primaryimage"},"thumbnailUrl":"https:\/\/i0.wp.com\/elregionalvm.com.ar\/noticias-villa-maria\/wp-content\/uploads\/2021\/06\/hospital-pasteur-4.jpg?fit=1250%2C600&ssl=1","datePublished":"2024-07-26T02:15:05+00:00","dateModified":"2024-07-26T02:15:17+00:00","author":{"@id":"http:\/\/elregionalvm.com.ar\/noticias-villa-maria\/#\/schema\/person\/d5e4b04966154131701e52c45d3efec9"},"breadcrumb":{"@id":"https:\/\/elregionalvm.com.ar\/noticias-villa-maria\/murio-un-joven-de-17-anos-que-el-martes-habia-chocado-con-su-moto\/#breadcrumb"},"inLanguage":"es","potentialAction":[{"@type":"ReadAction","target":["https:\/\/elregionalvm.com.ar\/noticias-villa-maria\/murio-un-joven-de-17-anos-que-el-martes-habia-chocado-con-su-moto\/"]}]},{"@type":"ImageObject","inLanguage":"es","@id":"https:\/\/elregionalvm.com.ar\/noticias-villa-maria\/murio-un-joven-de-17-anos-que-el-martes-habia-chocado-con-su-moto\/#primaryimage","url":"https:\/\/i0.wp.com\/elregionalvm.com.ar\/noticias-villa-maria\/wp-content\/uploads\/2021\/06\/hospital-pasteur-4.jpg?fit=1250%2C600&ssl=1","contentUrl":"https:\/\/i0.wp.com\/elregionalvm.com.ar\/noticias-villa-maria\/wp-content\/uploads\/2021\/06\/hospital-pasteur-4.jpg?fit=1250%2C600&ssl=1","width":1250,"height":600},{"@type":"BreadcrumbList","@id":"https:\/\/elregionalvm.com.ar\/noticias-villa-maria\/murio-un-joven-de-17-anos-que-el-martes-habia-chocado-con-su-moto\/#breadcrumb","itemListElement":[{"@type":"ListItem","position":1,"name":"Portada","item":"https:\/\/elregionalvm.com.ar\/noticias-villa-maria\/"},{"@type":"ListItem","position":2,"name":"Muri\u00f3 un joven de 17 a\u00f1os que el martes hab\u00eda chocado con su moto"}]},{"@type":"WebSite","@id":"http:\/\/elregionalvm.com.ar\/noticias-villa-maria\/#website","url":"http:\/\/elregionalvm.com.ar\/noticias-villa-maria\/","name":"El Regional","description":"Mucho m\u00e1s que informaci\u00f3n","potentialAction":[{"@type":"SearchAction","target":{"@type":"EntryPoint","urlTemplate":"http:\/\/elregionalvm.com.ar\/noticias-villa-maria\/?s={search_term_string}"},"query-input":{"@type":"PropertyValueSpecification","valueRequired":true,"valueName":"search_term_string"}}],"inLanguage":"es"},{"@type":"Person","@id":"http:\/\/elregionalvm.com.ar\/noticias-villa-maria\/#\/schema\/person\/d5e4b04966154131701e52c45d3efec9","name":"Germ\u00e1n Giacchero","image":{"@type":"ImageObject","inLanguage":"es","@id":"http:\/\/elregionalvm.com.ar\/noticias-villa-maria\/#\/schema\/person\/image\/","url":"https:\/\/secure.gravatar.com\/avatar\/fda163ba5ef0307ee5be9846e10f83b6e83d0cfb260d3b2464830318894c6b04?s=96&d=mm&r=g","contentUrl":"https:\/\/secure.gravatar.com\/avatar\/fda163ba5ef0307ee5be9846e10f83b6e83d0cfb260d3b2464830318894c6b04?s=96&d=mm&r=g","caption":"Germ\u00e1n Giacchero"},"url":"https:\/\/elregionalvm.com.ar\/noticias-villa-maria\/author\/germangiacchero\/"}]}},"jetpack_featured_media_url":"https:\/\/i0.wp.com\/elregionalvm.com.ar\/noticias-villa-maria\/wp-content\/uploads\/2021\/06\/hospital-pasteur-4.jpg?fit=1250%2C600&ssl=1","jetpack_sharing_enabled":true,"_links":{"self":[{"href":"https:\/\/elregionalvm.com.ar\/noticias-villa-maria\/wp-json\/wp\/v2\/posts\/96620","targetHints":{"allow":["GET"]}}],"collection":[{"href":"https:\/\/elregionalvm.com.ar\/noticias-villa-maria\/wp-json\/wp\/v2\/posts"}],"about":[{"href":"https:\/\/elregionalvm.com.ar\/noticias-villa-maria\/wp-json\/wp\/v2\/types\/post"}],"author":[{"embeddable":true,"href":"https:\/\/elregionalvm.com.ar\/noticias-villa-maria\/wp-json\/wp\/v2\/users\/6"}],"replies":[{"embeddable":true,"href":"https:\/\/elregionalvm.com.ar\/noticias-villa-maria\/wp-json\/wp\/v2\/comments?post=96620"}],"version-history":[{"count":1,"href":"https:\/\/elregionalvm.com.ar\/noticias-villa-maria\/wp-json\/wp\/v2\/posts\/96620\/revisions"}],"predecessor-version":[{"id":96621,"href":"https:\/\/elregionalvm.com.ar\/noticias-villa-maria\/wp-json\/wp\/v2\/posts\/96620\/revisions\/96621"}],"wp:featuredmedia":[{"embeddable":true,"href":"https:\/\/elregionalvm.com.ar\/noticias-villa-maria\/wp-json\/wp\/v2\/media\/39681"}],"wp:attachment":[{"href":"https:\/\/elregionalvm.com.ar\/noticias-villa-maria\/wp-json\/wp\/v2\/media?parent=96620"}],"wp:term":[{"taxonomy":"category","embeddable":true,"href":"https:\/\/elregionalvm.com.ar\/noticias-villa-maria\/wp-json\/wp\/v2\/categories?post=96620"},{"taxonomy":"post_tag","embeddable":true,"href":"https:\/\/elregionalvm.com.ar\/noticias-villa-maria\/wp-json\/wp\/v2\/tags?post=96620"}],"curies":[{"name":"wp","href":"https:\/\/api.w.org\/{rel}","templated":true}]}}