{"id":96630,"date":"2024-07-26T22:36:53","date_gmt":"2024-07-26T22:36:53","guid":{"rendered":"https:\/\/elregionalvm.com.ar\/noticias-villa-maria\/?p=96630"},"modified":"2024-07-26T22:36:54","modified_gmt":"2024-07-26T22:36:54","slug":"accastello-y-el-jefe-de-la-fuerza-policial-antinarcotrafico-anunciaron-la-instalacion-de-una-base-en-la-ciudad","status":"publish","type":"post","link":"https:\/\/elregionalvm.com.ar\/noticias-villa-maria\/accastello-y-el-jefe-de-la-fuerza-policial-antinarcotrafico-anunciaron-la-instalacion-de-una-base-en-la-ciudad\/","title":{"rendered":"Accastello y el Jefe de la Fuerza Policial Antinarcotr\u00e1fico anunciaron la instalaci\u00f3n de una base en la ciudad"},"content":{"rendered":"\n<p>El intendente municipal Eduardo Accastello mantuvo, este viernes, una reuni\u00f3n de trabajo junto al jefe de la Fuerza Policial Antinarcotr\u00e1fico (FPA), Adri\u00e1n Salcedo.<\/p>\n\n\n\n<p>Durante el encuentro realizado en el Sal\u00f3n Oval del Palacio Municipal, Accastello y Salcedo oficializaron la radicaci\u00f3n de una base operativa de la FPA en la F\u00e1brica Militar de P\u00f3lvoras y Explosivos.<\/p>\n\n\n\n<figure class=\"wp-block-image size-large\"><img data-recalc-dims=\"1\" fetchpriority=\"high\" decoding=\"async\" width=\"1024\" height=\"682\" src=\"https:\/\/i0.wp.com\/elregionalvm.com.ar\/noticias-villa-maria\/wp-content\/uploads\/2024\/07\/WhatsApp-Image-2024-07-26-at-13.30.47.jpeg?resize=1024%2C682&#038;ssl=1\" alt=\"\" class=\"wp-image-96632\" srcset=\"https:\/\/i0.wp.com\/elregionalvm.com.ar\/noticias-villa-maria\/wp-content\/uploads\/2024\/07\/WhatsApp-Image-2024-07-26-at-13.30.47.jpeg?resize=1024%2C682&amp;ssl=1 1024w, https:\/\/i0.wp.com\/elregionalvm.com.ar\/noticias-villa-maria\/wp-content\/uploads\/2024\/07\/WhatsApp-Image-2024-07-26-at-13.30.47.jpeg?resize=300%2C200&amp;ssl=1 300w, https:\/\/i0.wp.com\/elregionalvm.com.ar\/noticias-villa-maria\/wp-content\/uploads\/2024\/07\/WhatsApp-Image-2024-07-26-at-13.30.47.jpeg?resize=768%2C512&amp;ssl=1 768w, https:\/\/i0.wp.com\/elregionalvm.com.ar\/noticias-villa-maria\/wp-content\/uploads\/2024\/07\/WhatsApp-Image-2024-07-26-at-13.30.47.jpeg?resize=1536%2C1023&amp;ssl=1 1536w, https:\/\/i0.wp.com\/elregionalvm.com.ar\/noticias-villa-maria\/wp-content\/uploads\/2024\/07\/WhatsApp-Image-2024-07-26-at-13.30.47.jpeg?w=1600&amp;ssl=1 1600w\" sizes=\"(max-width: 1000px) 100vw, 1000px\" \/><\/figure>\n\n\n\n<p>Cabe se\u00f1alar que en la sede villamariense de la fuerza policial, se desarrollar\u00e1n varios proyectos, entre ellos, un centro de inteligencia regional y un centro de inteligencia operativa, lo que permitir\u00e1 una din\u00e1mica superior y elevar los niveles de respuesta institucional.<\/p>\n\n\n\n<p>Tras la reuni\u00f3n, el intendente Eduardo Accastello expres\u00f3: \u201cestamos ultimando detalles para la instalaci\u00f3n de la base operativa y comenzaremos en los pr\u00f3ximos d\u00edas las capacitaciones\u201d.<\/p>\n\n\n\n<p>\u201cJunto al Gobierno Provincial articulamos esfuerzos para realizar la inversi\u00f3n que requiere el lugar, donde se instalar\u00e1n y desarrollar\u00e1n sus actividades m\u00e1s de 50 miembros de la fuerza que combatir\u00e1n el flagelo de las drogas\u201d, destac\u00f3 Accastello.<\/p>\n\n\n\n<p>Mientras que Salcedo agreg\u00f3: \u201ccomenzamos a trazar un plan de trabajo en relaci\u00f3n a las necesidades t\u00e9cnicas y su puesta en marcha. Agradecemos las acciones del intendente, ya que en un lapso de tiempo muy corto pasamos de las palabras a los hechos y hoy es una realidad la instalaci\u00f3n de esta base en Villa Mar\u00eda\u201d.<\/p>\n\n\n\n<figure class=\"wp-block-image size-large\"><img data-recalc-dims=\"1\" decoding=\"async\" width=\"1024\" height=\"682\" src=\"https:\/\/i0.wp.com\/elregionalvm.com.ar\/noticias-villa-maria\/wp-content\/uploads\/2024\/07\/WhatsApp-Image-2024-07-26-at-13.40.18.jpeg?resize=1024%2C682&#038;ssl=1\" alt=\"\" class=\"wp-image-96631\" srcset=\"https:\/\/i0.wp.com\/elregionalvm.com.ar\/noticias-villa-maria\/wp-content\/uploads\/2024\/07\/WhatsApp-Image-2024-07-26-at-13.40.18.jpeg?resize=1024%2C682&amp;ssl=1 1024w, https:\/\/i0.wp.com\/elregionalvm.com.ar\/noticias-villa-maria\/wp-content\/uploads\/2024\/07\/WhatsApp-Image-2024-07-26-at-13.40.18.jpeg?resize=300%2C200&amp;ssl=1 300w, https:\/\/i0.wp.com\/elregionalvm.com.ar\/noticias-villa-maria\/wp-content\/uploads\/2024\/07\/WhatsApp-Image-2024-07-26-at-13.40.18.jpeg?resize=768%2C512&amp;ssl=1 768w, https:\/\/i0.wp.com\/elregionalvm.com.ar\/noticias-villa-maria\/wp-content\/uploads\/2024\/07\/WhatsApp-Image-2024-07-26-at-13.40.18.jpeg?resize=1536%2C1023&amp;ssl=1 1536w, https:\/\/i0.wp.com\/elregionalvm.com.ar\/noticias-villa-maria\/wp-content\/uploads\/2024\/07\/WhatsApp-Image-2024-07-26-at-13.40.18.jpeg?w=1600&amp;ssl=1 1600w\" sizes=\"(max-width: 1000px) 100vw, 1000px\" \/><\/figure>\n\n\n\n<p>\u201cAcompa\u00f1amos la decisi\u00f3n pol\u00edtica del gobernador Llaryora y el intendente Accastello en el objetivo de generar espacios vinculados a la seguridad p\u00fablica y ciudadana\u201d, cerr\u00f3 Salcedo.<\/p>\n\n\n\n<p>De la reuni\u00f3n participaron tambi\u00e9n la &nbsp;subjefa de la FPA, Clarisa Carrera; la secretaria de Prevenci\u00f3n Comunitaria, Seguridad y Convivencia Urbana, Guadalupe V\u00e1zquez, el subsecretario de Seguridad de Villa Mar\u00eda, Fernando Jones.<\/p>\n\n\n\n<p>Acerca de la FPA<\/p>\n\n\n\n<p>El 4 de mayo del a\u00f1o 2015 comenzaba el accionar de la Fuerza Policial Antinarcotr\u00e1fico en la provincia de C\u00f3rdoba.<\/p>\n\n\n\n<p>Desde entonces, tiene a su cargo la prevenci\u00f3n y la investigaci\u00f3n del \u00faltimo eslab\u00f3n del narcotr\u00e1fico, con especial enfoque en el combate a la comercializaci\u00f3n de estupefacientes a baja escala, conocido como narcomenudeo.<\/p>\n\n\n\n<p>Este cuerpo profesional especializado est\u00e1 dentro de la \u00f3rbita del Ministerio P\u00fablico Fiscal (Poder Judicial), depende del fiscal general de la Provincia e integra el Sistema Provincial de Seguridad P\u00fablica.<\/p>\n","protected":false},"excerpt":{"rendered":"<p>El intendente municipal Eduardo Accastello mantuvo, este viernes, una reuni\u00f3n de trabajo junto al jefe de la Fuerza Policial Antinarcotr\u00e1fico (FPA), Adri\u00e1n Salcedo. Durante el encuentro realizado en el Sal\u00f3n Oval del Palacio Municipal, Accastello y Salcedo oficializaron la radicaci\u00f3n de una base operativa de la FPA en la F\u00e1brica Militar de P\u00f3lvoras y Explosivos. [&hellip;]<\/p>\n","protected":false},"author":4,"featured_media":96633,"comment_status":"open","ping_status":"open","sticky":false,"template":"","format":"standard","meta":{"site-sidebar-layout":"default","site-content-layout":"","ast-site-content-layout":"default","site-content-style":"default","site-sidebar-style":"default","ast-global-header-display":"","ast-banner-title-visibility":"","ast-main-header-display":"","ast-hfb-above-header-display":"","ast-hfb-below-header-display":"","ast-hfb-mobile-header-display":"","site-post-title":"","ast-breadcrumbs-content":"","ast-featured-img":"","footer-sml-layout":"","ast-disable-related-posts":"","theme-transparent-header-meta":"","adv-header-id-meta":"","stick-header-meta":"","header-above-stick-meta":"","header-main-stick-meta":"","header-below-stick-meta":"","astra-migrate-meta-layouts":"set","ast-page-background-enabled":"default","ast-page-background-meta":{"desktop":{"background-color":"","background-image":"","background-repeat":"repeat","background-position":"center center","background-size":"auto","background-attachment":"scroll","background-type":"","background-media":"","overlay-type":"","overlay-color":"","overlay-opacity":"","overlay-gradient":""},"tablet":{"background-color":"","background-image":"","background-repeat":"repeat","background-position":"center center","background-size":"auto","background-attachment":"scroll","background-type":"","background-media":"","overlay-type":"","overlay-color":"","overlay-opacity":"","overlay-gradient":""},"mobile":{"background-color":"","background-image":"","background-repeat":"repeat","background-position":"center center","background-size":"auto","background-attachment":"scroll","background-type":"","background-media":"","overlay-type":"","overlay-color":"","overlay-opacity":"","overlay-gradient":""}},"ast-content-background-meta":{"desktop":{"background-color":"var(--ast-global-color-5)","background-image":"","background-repeat":"repeat","background-position":"center center","background-size":"auto","background-attachment":"scroll","background-type":"","background-media":"","overlay-type":"","overlay-color":"","overlay-opacity":"","overlay-gradient":""},"tablet":{"background-color":"var(--ast-global-color-5)","background-image":"","background-repeat":"repeat","background-position":"center center","background-size":"auto","background-attachment":"scroll","background-type":"","background-media":"","overlay-type":"","overlay-color":"","overlay-opacity":"","overlay-gradient":""},"mobile":{"background-color":"var(--ast-global-color-5)","background-image":"","background-repeat":"repeat","background-position":"center center","background-size":"auto","background-attachment":"scroll","background-type":"","background-media":"","overlay-type":"","overlay-color":"","overlay-opacity":"","overlay-gradient":""}},"_jetpack_memberships_contains_paid_content":false,"_joinchat":[],"footnotes":""},"categories":[15302,5,2],"tags":[],"class_list":["post-96630","post","type-post","status-publish","format-standard","has-post-thumbnail","hentry","category-destacado","category-sociedad","category-villa-maria"],"yoast_head":"<!-- This site is optimized with the Yoast SEO plugin v26.8 - https:\/\/yoast.com\/product\/yoast-seo-wordpress\/ -->\n<title>Accastello y el Jefe de la Fuerza Policial Antinarcotr\u00e1fico anunciaron la instalaci\u00f3n de una base en la ciudad - El Regional<\/title>\n<meta name=\"robots\" content=\"index, follow, max-snippet:-1, max-image-preview:large, max-video-preview:-1\" \/>\n<link rel=\"canonical\" href=\"https:\/\/elregionalvm.com.ar\/noticias-villa-maria\/accastello-y-el-jefe-de-la-fuerza-policial-antinarcotrafico-anunciaron-la-instalacion-de-una-base-en-la-ciudad\/\" \/>\n<meta property=\"og:locale\" content=\"es_ES\" \/>\n<meta property=\"og:type\" content=\"article\" \/>\n<meta property=\"og:title\" content=\"Accastello y el Jefe de la Fuerza Policial Antinarcotr\u00e1fico anunciaron la instalaci\u00f3n de una base en la ciudad - El Regional\" \/>\n<meta property=\"og:description\" content=\"El intendente municipal Eduardo Accastello mantuvo, este viernes, una reuni\u00f3n de trabajo junto al jefe de la Fuerza Policial Antinarcotr\u00e1fico (FPA), Adri\u00e1n Salcedo. Durante el encuentro realizado en el Sal\u00f3n Oval del Palacio Municipal, Accastello y Salcedo oficializaron la radicaci\u00f3n de una base operativa de la FPA en la F\u00e1brica Militar de P\u00f3lvoras y Explosivos. [&hellip;]\" \/>\n<meta property=\"og:url\" content=\"https:\/\/elregionalvm.com.ar\/noticias-villa-maria\/accastello-y-el-jefe-de-la-fuerza-policial-antinarcotrafico-anunciaron-la-instalacion-de-una-base-en-la-ciudad\/\" \/>\n<meta property=\"og:site_name\" content=\"El Regional\" \/>\n<meta property=\"article:publisher\" content=\"https:\/\/www.facebook.com\/elregionalvm\" \/>\n<meta property=\"article:published_time\" content=\"2024-07-26T22:36:53+00:00\" \/>\n<meta property=\"article:modified_time\" content=\"2024-07-26T22:36:54+00:00\" \/>\n<meta property=\"og:image\" content=\"https:\/\/elregionalvm.com.ar\/noticias-villa-maria\/wp-content\/uploads\/2024\/07\/WhatsApp-Image-2024-07-26-at-13.30.39.jpeg\" \/>\n\t<meta property=\"og:image:width\" content=\"1600\" \/>\n\t<meta property=\"og:image:height\" content=\"1066\" \/>\n\t<meta property=\"og:image:type\" content=\"image\/jpeg\" \/>\n<meta name=\"author\" content=\"Contenidos El Regional\" \/>\n<meta name=\"twitter:card\" content=\"summary_large_image\" \/>\n<meta name=\"twitter:creator\" content=\"@elregionalvm1\" \/>\n<meta name=\"twitter:site\" content=\"@elregionalvm1\" \/>\n<meta name=\"twitter:label1\" content=\"Escrito por\" \/>\n\t<meta name=\"twitter:data1\" content=\"Contenidos El Regional\" \/>\n\t<meta name=\"twitter:label2\" content=\"Tiempo de lectura\" \/>\n\t<meta name=\"twitter:data2\" content=\"3 minutos\" \/>\n<script type=\"application\/ld+json\" class=\"yoast-schema-graph\">{\"@context\":\"https:\/\/schema.org\",\"@graph\":[{\"@type\":\"Article\",\"@id\":\"https:\/\/elregionalvm.com.ar\/noticias-villa-maria\/accastello-y-el-jefe-de-la-fuerza-policial-antinarcotrafico-anunciaron-la-instalacion-de-una-base-en-la-ciudad\/#article\",\"isPartOf\":{\"@id\":\"https:\/\/elregionalvm.com.ar\/noticias-villa-maria\/accastello-y-el-jefe-de-la-fuerza-policial-antinarcotrafico-anunciaron-la-instalacion-de-una-base-en-la-ciudad\/\"},\"author\":{\"name\":\"Contenidos El Regional\",\"@id\":\"http:\/\/elregionalvm.com.ar\/noticias-villa-maria\/#\/schema\/person\/a0fb9c422317faca23d50163151bc354\"},\"headline\":\"Accastello y el Jefe de la Fuerza Policial Antinarcotr\u00e1fico anunciaron la instalaci\u00f3n de una base en la ciudad\",\"datePublished\":\"2024-07-26T22:36:53+00:00\",\"dateModified\":\"2024-07-26T22:36:54+00:00\",\"mainEntityOfPage\":{\"@id\":\"https:\/\/elregionalvm.com.ar\/noticias-villa-maria\/accastello-y-el-jefe-de-la-fuerza-policial-antinarcotrafico-anunciaron-la-instalacion-de-una-base-en-la-ciudad\/\"},\"wordCount\":420,\"commentCount\":0,\"image\":{\"@id\":\"https:\/\/elregionalvm.com.ar\/noticias-villa-maria\/accastello-y-el-jefe-de-la-fuerza-policial-antinarcotrafico-anunciaron-la-instalacion-de-una-base-en-la-ciudad\/#primaryimage\"},\"thumbnailUrl\":\"https:\/\/i0.wp.com\/elregionalvm.com.ar\/noticias-villa-maria\/wp-content\/uploads\/2024\/07\/WhatsApp-Image-2024-07-26-at-13.30.39.jpeg?fit=1600%2C1066&ssl=1\",\"articleSection\":[\"destacado\",\"Sociedad\",\"Villa Mar\u00eda\"],\"inLanguage\":\"es\",\"potentialAction\":[{\"@type\":\"CommentAction\",\"name\":\"Comment\",\"target\":[\"https:\/\/elregionalvm.com.ar\/noticias-villa-maria\/accastello-y-el-jefe-de-la-fuerza-policial-antinarcotrafico-anunciaron-la-instalacion-de-una-base-en-la-ciudad\/#respond\"]}]},{\"@type\":\"WebPage\",\"@id\":\"https:\/\/elregionalvm.com.ar\/noticias-villa-maria\/accastello-y-el-jefe-de-la-fuerza-policial-antinarcotrafico-anunciaron-la-instalacion-de-una-base-en-la-ciudad\/\",\"url\":\"https:\/\/elregionalvm.com.ar\/noticias-villa-maria\/accastello-y-el-jefe-de-la-fuerza-policial-antinarcotrafico-anunciaron-la-instalacion-de-una-base-en-la-ciudad\/\",\"name\":\"Accastello y el Jefe de la Fuerza Policial Antinarcotr\u00e1fico anunciaron la instalaci\u00f3n de una base en la ciudad - El Regional\",\"isPartOf\":{\"@id\":\"http:\/\/elregionalvm.com.ar\/noticias-villa-maria\/#website\"},\"primaryImageOfPage\":{\"@id\":\"https:\/\/elregionalvm.com.ar\/noticias-villa-maria\/accastello-y-el-jefe-de-la-fuerza-policial-antinarcotrafico-anunciaron-la-instalacion-de-una-base-en-la-ciudad\/#primaryimage\"},\"image\":{\"@id\":\"https:\/\/elregionalvm.com.ar\/noticias-villa-maria\/accastello-y-el-jefe-de-la-fuerza-policial-antinarcotrafico-anunciaron-la-instalacion-de-una-base-en-la-ciudad\/#primaryimage\"},\"thumbnailUrl\":\"https:\/\/i0.wp.com\/elregionalvm.com.ar\/noticias-villa-maria\/wp-content\/uploads\/2024\/07\/WhatsApp-Image-2024-07-26-at-13.30.39.jpeg?fit=1600%2C1066&ssl=1\",\"datePublished\":\"2024-07-26T22:36:53+00:00\",\"dateModified\":\"2024-07-26T22:36:54+00:00\",\"author\":{\"@id\":\"http:\/\/elregionalvm.com.ar\/noticias-villa-maria\/#\/schema\/person\/a0fb9c422317faca23d50163151bc354\"},\"breadcrumb\":{\"@id\":\"https:\/\/elregionalvm.com.ar\/noticias-villa-maria\/accastello-y-el-jefe-de-la-fuerza-policial-antinarcotrafico-anunciaron-la-instalacion-de-una-base-en-la-ciudad\/#breadcrumb\"},\"inLanguage\":\"es\",\"potentialAction\":[{\"@type\":\"ReadAction\",\"target\":[\"https:\/\/elregionalvm.com.ar\/noticias-villa-maria\/accastello-y-el-jefe-de-la-fuerza-policial-antinarcotrafico-anunciaron-la-instalacion-de-una-base-en-la-ciudad\/\"]}]},{\"@type\":\"ImageObject\",\"inLanguage\":\"es\",\"@id\":\"https:\/\/elregionalvm.com.ar\/noticias-villa-maria\/accastello-y-el-jefe-de-la-fuerza-policial-antinarcotrafico-anunciaron-la-instalacion-de-una-base-en-la-ciudad\/#primaryimage\",\"url\":\"https:\/\/i0.wp.com\/elregionalvm.com.ar\/noticias-villa-maria\/wp-content\/uploads\/2024\/07\/WhatsApp-Image-2024-07-26-at-13.30.39.jpeg?fit=1600%2C1066&ssl=1\",\"contentUrl\":\"https:\/\/i0.wp.com\/elregionalvm.com.ar\/noticias-villa-maria\/wp-content\/uploads\/2024\/07\/WhatsApp-Image-2024-07-26-at-13.30.39.jpeg?fit=1600%2C1066&ssl=1\",\"width\":1600,\"height\":1066},{\"@type\":\"BreadcrumbList\",\"@id\":\"https:\/\/elregionalvm.com.ar\/noticias-villa-maria\/accastello-y-el-jefe-de-la-fuerza-policial-antinarcotrafico-anunciaron-la-instalacion-de-una-base-en-la-ciudad\/#breadcrumb\",\"itemListElement\":[{\"@type\":\"ListItem\",\"position\":1,\"name\":\"Portada\",\"item\":\"https:\/\/elregionalvm.com.ar\/noticias-villa-maria\/\"},{\"@type\":\"ListItem\",\"position\":2,\"name\":\"Accastello y el Jefe de la Fuerza Policial Antinarcotr\u00e1fico anunciaron la instalaci\u00f3n de una base en la ciudad\"}]},{\"@type\":\"WebSite\",\"@id\":\"http:\/\/elregionalvm.com.ar\/noticias-villa-maria\/#website\",\"url\":\"http:\/\/elregionalvm.com.ar\/noticias-villa-maria\/\",\"name\":\"El Regional\",\"description\":\"Mucho m\u00e1s que informaci\u00f3n\",\"potentialAction\":[{\"@type\":\"SearchAction\",\"target\":{\"@type\":\"EntryPoint\",\"urlTemplate\":\"http:\/\/elregionalvm.com.ar\/noticias-villa-maria\/?s={search_term_string}\"},\"query-input\":{\"@type\":\"PropertyValueSpecification\",\"valueRequired\":true,\"valueName\":\"search_term_string\"}}],\"inLanguage\":\"es\"},{\"@type\":\"Person\",\"@id\":\"http:\/\/elregionalvm.com.ar\/noticias-villa-maria\/#\/schema\/person\/a0fb9c422317faca23d50163151bc354\",\"name\":\"Contenidos El Regional\",\"image\":{\"@type\":\"ImageObject\",\"inLanguage\":\"es\",\"@id\":\"http:\/\/elregionalvm.com.ar\/noticias-villa-maria\/#\/schema\/person\/image\/\",\"url\":\"https:\/\/secure.gravatar.com\/avatar\/265b27cb2209af7bb3a1318f03305787d7981a5cc6e6cd08fe5a4ecdf99d4b48?s=96&d=mm&r=g\",\"contentUrl\":\"https:\/\/secure.gravatar.com\/avatar\/265b27cb2209af7bb3a1318f03305787d7981a5cc6e6cd08fe5a4ecdf99d4b48?s=96&d=mm&r=g\",\"caption\":\"Contenidos El Regional\"},\"url\":\"https:\/\/elregionalvm.com.ar\/noticias-villa-maria\/author\/contenido\/\"}]}<\/script>\n<!-- \/ Yoast SEO plugin. -->","yoast_head_json":{"title":"Accastello y el Jefe de la Fuerza Policial Antinarcotr\u00e1fico anunciaron la instalaci\u00f3n de una base en la ciudad - El Regional","robots":{"index":"index","follow":"follow","max-snippet":"max-snippet:-1","max-image-preview":"max-image-preview:large","max-video-preview":"max-video-preview:-1"},"canonical":"https:\/\/elregionalvm.com.ar\/noticias-villa-maria\/accastello-y-el-jefe-de-la-fuerza-policial-antinarcotrafico-anunciaron-la-instalacion-de-una-base-en-la-ciudad\/","og_locale":"es_ES","og_type":"article","og_title":"Accastello y el Jefe de la Fuerza Policial Antinarcotr\u00e1fico anunciaron la instalaci\u00f3n de una base en la ciudad - El Regional","og_description":"El intendente municipal Eduardo Accastello mantuvo, este viernes, una reuni\u00f3n de trabajo junto al jefe de la Fuerza Policial Antinarcotr\u00e1fico (FPA), Adri\u00e1n Salcedo. Durante el encuentro realizado en el Sal\u00f3n Oval del Palacio Municipal, Accastello y Salcedo oficializaron la radicaci\u00f3n de una base operativa de la FPA en la F\u00e1brica Militar de P\u00f3lvoras y Explosivos. [&hellip;]","og_url":"https:\/\/elregionalvm.com.ar\/noticias-villa-maria\/accastello-y-el-jefe-de-la-fuerza-policial-antinarcotrafico-anunciaron-la-instalacion-de-una-base-en-la-ciudad\/","og_site_name":"El Regional","article_publisher":"https:\/\/www.facebook.com\/elregionalvm","article_published_time":"2024-07-26T22:36:53+00:00","article_modified_time":"2024-07-26T22:36:54+00:00","og_image":[{"width":1600,"height":1066,"url":"https:\/\/elregionalvm.com.ar\/noticias-villa-maria\/wp-content\/uploads\/2024\/07\/WhatsApp-Image-2024-07-26-at-13.30.39.jpeg","type":"image\/jpeg"}],"author":"Contenidos El Regional","twitter_card":"summary_large_image","twitter_creator":"@elregionalvm1","twitter_site":"@elregionalvm1","twitter_misc":{"Escrito por":"Contenidos El Regional","Tiempo de lectura":"3 minutos"},"schema":{"@context":"https:\/\/schema.org","@graph":[{"@type":"Article","@id":"https:\/\/elregionalvm.com.ar\/noticias-villa-maria\/accastello-y-el-jefe-de-la-fuerza-policial-antinarcotrafico-anunciaron-la-instalacion-de-una-base-en-la-ciudad\/#article","isPartOf":{"@id":"https:\/\/elregionalvm.com.ar\/noticias-villa-maria\/accastello-y-el-jefe-de-la-fuerza-policial-antinarcotrafico-anunciaron-la-instalacion-de-una-base-en-la-ciudad\/"},"author":{"name":"Contenidos El Regional","@id":"http:\/\/elregionalvm.com.ar\/noticias-villa-maria\/#\/schema\/person\/a0fb9c422317faca23d50163151bc354"},"headline":"Accastello y el Jefe de la Fuerza Policial Antinarcotr\u00e1fico anunciaron la instalaci\u00f3n de una base en la ciudad","datePublished":"2024-07-26T22:36:53+00:00","dateModified":"2024-07-26T22:36:54+00:00","mainEntityOfPage":{"@id":"https:\/\/elregionalvm.com.ar\/noticias-villa-maria\/accastello-y-el-jefe-de-la-fuerza-policial-antinarcotrafico-anunciaron-la-instalacion-de-una-base-en-la-ciudad\/"},"wordCount":420,"commentCount":0,"image":{"@id":"https:\/\/elregionalvm.com.ar\/noticias-villa-maria\/accastello-y-el-jefe-de-la-fuerza-policial-antinarcotrafico-anunciaron-la-instalacion-de-una-base-en-la-ciudad\/#primaryimage"},"thumbnailUrl":"https:\/\/i0.wp.com\/elregionalvm.com.ar\/noticias-villa-maria\/wp-content\/uploads\/2024\/07\/WhatsApp-Image-2024-07-26-at-13.30.39.jpeg?fit=1600%2C1066&ssl=1","articleSection":["destacado","Sociedad","Villa Mar\u00eda"],"inLanguage":"es","potentialAction":[{"@type":"CommentAction","name":"Comment","target":["https:\/\/elregionalvm.com.ar\/noticias-villa-maria\/accastello-y-el-jefe-de-la-fuerza-policial-antinarcotrafico-anunciaron-la-instalacion-de-una-base-en-la-ciudad\/#respond"]}]},{"@type":"WebPage","@id":"https:\/\/elregionalvm.com.ar\/noticias-villa-maria\/accastello-y-el-jefe-de-la-fuerza-policial-antinarcotrafico-anunciaron-la-instalacion-de-una-base-en-la-ciudad\/","url":"https:\/\/elregionalvm.com.ar\/noticias-villa-maria\/accastello-y-el-jefe-de-la-fuerza-policial-antinarcotrafico-anunciaron-la-instalacion-de-una-base-en-la-ciudad\/","name":"Accastello y el Jefe de la Fuerza Policial Antinarcotr\u00e1fico anunciaron la instalaci\u00f3n de una base en la ciudad - El Regional","isPartOf":{"@id":"http:\/\/elregionalvm.com.ar\/noticias-villa-maria\/#website"},"primaryImageOfPage":{"@id":"https:\/\/elregionalvm.com.ar\/noticias-villa-maria\/accastello-y-el-jefe-de-la-fuerza-policial-antinarcotrafico-anunciaron-la-instalacion-de-una-base-en-la-ciudad\/#primaryimage"},"image":{"@id":"https:\/\/elregionalvm.com.ar\/noticias-villa-maria\/accastello-y-el-jefe-de-la-fuerza-policial-antinarcotrafico-anunciaron-la-instalacion-de-una-base-en-la-ciudad\/#primaryimage"},"thumbnailUrl":"https:\/\/i0.wp.com\/elregionalvm.com.ar\/noticias-villa-maria\/wp-content\/uploads\/2024\/07\/WhatsApp-Image-2024-07-26-at-13.30.39.jpeg?fit=1600%2C1066&ssl=1","datePublished":"2024-07-26T22:36:53+00:00","dateModified":"2024-07-26T22:36:54+00:00","author":{"@id":"http:\/\/elregionalvm.com.ar\/noticias-villa-maria\/#\/schema\/person\/a0fb9c422317faca23d50163151bc354"},"breadcrumb":{"@id":"https:\/\/elregionalvm.com.ar\/noticias-villa-maria\/accastello-y-el-jefe-de-la-fuerza-policial-antinarcotrafico-anunciaron-la-instalacion-de-una-base-en-la-ciudad\/#breadcrumb"},"inLanguage":"es","potentialAction":[{"@type":"ReadAction","target":["https:\/\/elregionalvm.com.ar\/noticias-villa-maria\/accastello-y-el-jefe-de-la-fuerza-policial-antinarcotrafico-anunciaron-la-instalacion-de-una-base-en-la-ciudad\/"]}]},{"@type":"ImageObject","inLanguage":"es","@id":"https:\/\/elregionalvm.com.ar\/noticias-villa-maria\/accastello-y-el-jefe-de-la-fuerza-policial-antinarcotrafico-anunciaron-la-instalacion-de-una-base-en-la-ciudad\/#primaryimage","url":"https:\/\/i0.wp.com\/elregionalvm.com.ar\/noticias-villa-maria\/wp-content\/uploads\/2024\/07\/WhatsApp-Image-2024-07-26-at-13.30.39.jpeg?fit=1600%2C1066&ssl=1","contentUrl":"https:\/\/i0.wp.com\/elregionalvm.com.ar\/noticias-villa-maria\/wp-content\/uploads\/2024\/07\/WhatsApp-Image-2024-07-26-at-13.30.39.jpeg?fit=1600%2C1066&ssl=1","width":1600,"height":1066},{"@type":"BreadcrumbList","@id":"https:\/\/elregionalvm.com.ar\/noticias-villa-maria\/accastello-y-el-jefe-de-la-fuerza-policial-antinarcotrafico-anunciaron-la-instalacion-de-una-base-en-la-ciudad\/#breadcrumb","itemListElement":[{"@type":"ListItem","position":1,"name":"Portada","item":"https:\/\/elregionalvm.com.ar\/noticias-villa-maria\/"},{"@type":"ListItem","position":2,"name":"Accastello y el Jefe de la Fuerza Policial Antinarcotr\u00e1fico anunciaron la instalaci\u00f3n de una base en la ciudad"}]},{"@type":"WebSite","@id":"http:\/\/elregionalvm.com.ar\/noticias-villa-maria\/#website","url":"http:\/\/elregionalvm.com.ar\/noticias-villa-maria\/","name":"El Regional","description":"Mucho m\u00e1s que informaci\u00f3n","potentialAction":[{"@type":"SearchAction","target":{"@type":"EntryPoint","urlTemplate":"http:\/\/elregionalvm.com.ar\/noticias-villa-maria\/?s={search_term_string}"},"query-input":{"@type":"PropertyValueSpecification","valueRequired":true,"valueName":"search_term_string"}}],"inLanguage":"es"},{"@type":"Person","@id":"http:\/\/elregionalvm.com.ar\/noticias-villa-maria\/#\/schema\/person\/a0fb9c422317faca23d50163151bc354","name":"Contenidos El Regional","image":{"@type":"ImageObject","inLanguage":"es","@id":"http:\/\/elregionalvm.com.ar\/noticias-villa-maria\/#\/schema\/person\/image\/","url":"https:\/\/secure.gravatar.com\/avatar\/265b27cb2209af7bb3a1318f03305787d7981a5cc6e6cd08fe5a4ecdf99d4b48?s=96&d=mm&r=g","contentUrl":"https:\/\/secure.gravatar.com\/avatar\/265b27cb2209af7bb3a1318f03305787d7981a5cc6e6cd08fe5a4ecdf99d4b48?s=96&d=mm&r=g","caption":"Contenidos El Regional"},"url":"https:\/\/elregionalvm.com.ar\/noticias-villa-maria\/author\/contenido\/"}]}},"jetpack_featured_media_url":"https:\/\/i0.wp.com\/elregionalvm.com.ar\/noticias-villa-maria\/wp-content\/uploads\/2024\/07\/WhatsApp-Image-2024-07-26-at-13.30.39.jpeg?fit=1600%2C1066&ssl=1","jetpack_sharing_enabled":true,"_links":{"self":[{"href":"https:\/\/elregionalvm.com.ar\/noticias-villa-maria\/wp-json\/wp\/v2\/posts\/96630","targetHints":{"allow":["GET"]}}],"collection":[{"href":"https:\/\/elregionalvm.com.ar\/noticias-villa-maria\/wp-json\/wp\/v2\/posts"}],"about":[{"href":"https:\/\/elregionalvm.com.ar\/noticias-villa-maria\/wp-json\/wp\/v2\/types\/post"}],"author":[{"embeddable":true,"href":"https:\/\/elregionalvm.com.ar\/noticias-villa-maria\/wp-json\/wp\/v2\/users\/4"}],"replies":[{"embeddable":true,"href":"https:\/\/elregionalvm.com.ar\/noticias-villa-maria\/wp-json\/wp\/v2\/comments?post=96630"}],"version-history":[{"count":1,"href":"https:\/\/elregionalvm.com.ar\/noticias-villa-maria\/wp-json\/wp\/v2\/posts\/96630\/revisions"}],"predecessor-version":[{"id":96634,"href":"https:\/\/elregionalvm.com.ar\/noticias-villa-maria\/wp-json\/wp\/v2\/posts\/96630\/revisions\/96634"}],"wp:featuredmedia":[{"embeddable":true,"href":"https:\/\/elregionalvm.com.ar\/noticias-villa-maria\/wp-json\/wp\/v2\/media\/96633"}],"wp:attachment":[{"href":"https:\/\/elregionalvm.com.ar\/noticias-villa-maria\/wp-json\/wp\/v2\/media?parent=96630"}],"wp:term":[{"taxonomy":"category","embeddable":true,"href":"https:\/\/elregionalvm.com.ar\/noticias-villa-maria\/wp-json\/wp\/v2\/categories?post=96630"},{"taxonomy":"post_tag","embeddable":true,"href":"https:\/\/elregionalvm.com.ar\/noticias-villa-maria\/wp-json\/wp\/v2\/tags?post=96630"}],"curies":[{"name":"wp","href":"https:\/\/api.w.org\/{rel}","templated":true}]}}