{"id":96641,"date":"2024-07-26T22:43:41","date_gmt":"2024-07-26T22:43:41","guid":{"rendered":"https:\/\/elregionalvm.com.ar\/noticias-villa-maria\/?p=96641"},"modified":"2024-07-26T22:43:42","modified_gmt":"2024-07-26T22:43:42","slug":"el-sabado-3-de-agosto-se-desarrollara-el-villa-nueva-rally","status":"publish","type":"post","link":"https:\/\/elregionalvm.com.ar\/noticias-villa-maria\/el-sabado-3-de-agosto-se-desarrollara-el-villa-nueva-rally\/","title":{"rendered":"El s\u00e1bado 3 de agosto se desarrollar\u00e1 el \u00abVilla Nueva Rally\u00bb"},"content":{"rendered":"\n<p>La Municipalidad de Villa Nueva informa a trav\u00e9s de la Secretar\u00eda de Deporte y Turismo la presentaci\u00f3n del Villa Nueva Rally, a desarrollarse este s\u00e1bado 3 de agosto en el Parque Hip\u00f3lito Yrigoyen.<\/p>\n\n\n\n<p>En la ocasi\u00f3n habr\u00e1 un gran despliegue por la exhibici\u00f3n de 15 autom\u00f3viles de competici\u00f3n que probar\u00e1n el circuito S\u00daPER ESPECIAL (demarcado dentro del Parque) en el que se correr\u00e1 la 6ta fecha oficial del Rally Regional los pr\u00f3ximos 10 y 11 de agosto.<\/p>\n\n\n\n<p>Vale aclarar que las velocidades que los veh\u00edculos llevar\u00e1n no ser\u00e1n las de habituales carreras, ya que se trata de una exhibici\u00f3n y habr\u00e1 mucha zona de espectadores para poder disfrutar del espect\u00e1culo.<\/p>\n\n\n\n<p>El municipio invita a toda la comunidad a participar de esta nueva actividad gratuita impulsada desde la Secretar\u00eda de Deporte y Turismo, y en la que habr\u00e1 patios de comida y sorteos con pases de copiloto para dar vueltas al circuito.<\/p>\n","protected":false},"excerpt":{"rendered":"<p>La Municipalidad de Villa Nueva informa a trav\u00e9s de la Secretar\u00eda de Deporte y Turismo la presentaci\u00f3n del Villa Nueva Rally, a desarrollarse este s\u00e1bado 3 de agosto en el Parque Hip\u00f3lito Yrigoyen. En la ocasi\u00f3n habr\u00e1 un gran despliegue por la exhibici\u00f3n de 15 autom\u00f3viles de competici\u00f3n que probar\u00e1n el circuito S\u00daPER ESPECIAL (demarcado [&hellip;]<\/p>\n","protected":false},"author":4,"featured_media":96642,"comment_status":"open","ping_status":"open","sticky":false,"template":"","format":"standard","meta":{"site-sidebar-layout":"default","site-content-layout":"","ast-site-content-layout":"default","site-content-style":"default","site-sidebar-style":"default","ast-global-header-display":"","ast-banner-title-visibility":"","ast-main-header-display":"","ast-hfb-above-header-display":"","ast-hfb-below-header-display":"","ast-hfb-mobile-header-display":"","site-post-title":"","ast-breadcrumbs-content":"","ast-featured-img":"","footer-sml-layout":"","ast-disable-related-posts":"","theme-transparent-header-meta":"","adv-header-id-meta":"","stick-header-meta":"","header-above-stick-meta":"","header-main-stick-meta":"","header-below-stick-meta":"","astra-migrate-meta-layouts":"set","ast-page-background-enabled":"default","ast-page-background-meta":{"desktop":{"background-color":"","background-image":"","background-repeat":"repeat","background-position":"center center","background-size":"auto","background-attachment":"scroll","background-type":"","background-media":"","overlay-type":"","overlay-color":"","overlay-opacity":"","overlay-gradient":""},"tablet":{"background-color":"","background-image":"","background-repeat":"repeat","background-position":"center center","background-size":"auto","background-attachment":"scroll","background-type":"","background-media":"","overlay-type":"","overlay-color":"","overlay-opacity":"","overlay-gradient":""},"mobile":{"background-color":"","background-image":"","background-repeat":"repeat","background-position":"center center","background-size":"auto","background-attachment":"scroll","background-type":"","background-media":"","overlay-type":"","overlay-color":"","overlay-opacity":"","overlay-gradient":""}},"ast-content-background-meta":{"desktop":{"background-color":"var(--ast-global-color-5)","background-image":"","background-repeat":"repeat","background-position":"center center","background-size":"auto","background-attachment":"scroll","background-type":"","background-media":"","overlay-type":"","overlay-color":"","overlay-opacity":"","overlay-gradient":""},"tablet":{"background-color":"var(--ast-global-color-5)","background-image":"","background-repeat":"repeat","background-position":"center center","background-size":"auto","background-attachment":"scroll","background-type":"","background-media":"","overlay-type":"","overlay-color":"","overlay-opacity":"","overlay-gradient":""},"mobile":{"background-color":"var(--ast-global-color-5)","background-image":"","background-repeat":"repeat","background-position":"center center","background-size":"auto","background-attachment":"scroll","background-type":"","background-media":"","overlay-type":"","overlay-color":"","overlay-opacity":"","overlay-gradient":""}},"_jetpack_memberships_contains_paid_content":false,"_joinchat":[],"footnotes":""},"categories":[15302,5,1408],"tags":[],"class_list":["post-96641","post","type-post","status-publish","format-standard","has-post-thumbnail","hentry","category-destacado","category-sociedad","category-villa-nueva"],"yoast_head":"<!-- This site is optimized with the Yoast SEO plugin v26.8 - https:\/\/yoast.com\/product\/yoast-seo-wordpress\/ -->\n<title>El s\u00e1bado 3 de agosto se desarrollar\u00e1 el &quot;Villa Nueva Rally&quot; - El Regional<\/title>\n<meta name=\"robots\" content=\"index, follow, max-snippet:-1, max-image-preview:large, max-video-preview:-1\" \/>\n<link rel=\"canonical\" href=\"https:\/\/elregionalvm.com.ar\/noticias-villa-maria\/el-sabado-3-de-agosto-se-desarrollara-el-villa-nueva-rally\/\" \/>\n<meta property=\"og:locale\" content=\"es_ES\" \/>\n<meta property=\"og:type\" content=\"article\" \/>\n<meta property=\"og:title\" content=\"El s\u00e1bado 3 de agosto se desarrollar\u00e1 el &quot;Villa Nueva Rally&quot; - El Regional\" \/>\n<meta property=\"og:description\" content=\"La Municipalidad de Villa Nueva informa a trav\u00e9s de la Secretar\u00eda de Deporte y Turismo la presentaci\u00f3n del Villa Nueva Rally, a desarrollarse este s\u00e1bado 3 de agosto en el Parque Hip\u00f3lito Yrigoyen. En la ocasi\u00f3n habr\u00e1 un gran despliegue por la exhibici\u00f3n de 15 autom\u00f3viles de competici\u00f3n que probar\u00e1n el circuito S\u00daPER ESPECIAL (demarcado [&hellip;]\" \/>\n<meta property=\"og:url\" content=\"https:\/\/elregionalvm.com.ar\/noticias-villa-maria\/el-sabado-3-de-agosto-se-desarrollara-el-villa-nueva-rally\/\" \/>\n<meta property=\"og:site_name\" content=\"El Regional\" \/>\n<meta property=\"article:publisher\" content=\"https:\/\/www.facebook.com\/elregionalvm\" \/>\n<meta property=\"article:published_time\" content=\"2024-07-26T22:43:41+00:00\" \/>\n<meta property=\"article:modified_time\" content=\"2024-07-26T22:43:42+00:00\" \/>\n<meta property=\"og:image\" content=\"https:\/\/elregionalvm.com.ar\/noticias-villa-maria\/wp-content\/uploads\/2024\/07\/WhatsApp-Image-2024-07-25-at-18.42.50.jpeg\" \/>\n\t<meta property=\"og:image:width\" content=\"1598\" \/>\n\t<meta property=\"og:image:height\" content=\"1600\" \/>\n\t<meta property=\"og:image:type\" content=\"image\/jpeg\" \/>\n<meta name=\"author\" content=\"Contenidos El Regional\" \/>\n<meta name=\"twitter:card\" content=\"summary_large_image\" \/>\n<meta name=\"twitter:creator\" content=\"@elregionalvm1\" \/>\n<meta name=\"twitter:site\" content=\"@elregionalvm1\" \/>\n<meta name=\"twitter:label1\" content=\"Escrito por\" \/>\n\t<meta name=\"twitter:data1\" content=\"Contenidos El Regional\" \/>\n\t<meta name=\"twitter:label2\" content=\"Tiempo de lectura\" \/>\n\t<meta name=\"twitter:data2\" content=\"1 minuto\" \/>\n<script type=\"application\/ld+json\" class=\"yoast-schema-graph\">{\"@context\":\"https:\/\/schema.org\",\"@graph\":[{\"@type\":\"Article\",\"@id\":\"https:\/\/elregionalvm.com.ar\/noticias-villa-maria\/el-sabado-3-de-agosto-se-desarrollara-el-villa-nueva-rally\/#article\",\"isPartOf\":{\"@id\":\"https:\/\/elregionalvm.com.ar\/noticias-villa-maria\/el-sabado-3-de-agosto-se-desarrollara-el-villa-nueva-rally\/\"},\"author\":{\"name\":\"Contenidos El Regional\",\"@id\":\"http:\/\/elregionalvm.com.ar\/noticias-villa-maria\/#\/schema\/person\/a0fb9c422317faca23d50163151bc354\"},\"headline\":\"El s\u00e1bado 3 de agosto se desarrollar\u00e1 el \u00abVilla Nueva Rally\u00bb\",\"datePublished\":\"2024-07-26T22:43:41+00:00\",\"dateModified\":\"2024-07-26T22:43:42+00:00\",\"mainEntityOfPage\":{\"@id\":\"https:\/\/elregionalvm.com.ar\/noticias-villa-maria\/el-sabado-3-de-agosto-se-desarrollara-el-villa-nueva-rally\/\"},\"wordCount\":176,\"commentCount\":0,\"image\":{\"@id\":\"https:\/\/elregionalvm.com.ar\/noticias-villa-maria\/el-sabado-3-de-agosto-se-desarrollara-el-villa-nueva-rally\/#primaryimage\"},\"thumbnailUrl\":\"https:\/\/i0.wp.com\/elregionalvm.com.ar\/noticias-villa-maria\/wp-content\/uploads\/2024\/07\/WhatsApp-Image-2024-07-25-at-18.42.50.jpeg?fit=1598%2C1600&ssl=1\",\"articleSection\":[\"destacado\",\"Sociedad\",\"Villa Nueva\"],\"inLanguage\":\"es\",\"potentialAction\":[{\"@type\":\"CommentAction\",\"name\":\"Comment\",\"target\":[\"https:\/\/elregionalvm.com.ar\/noticias-villa-maria\/el-sabado-3-de-agosto-se-desarrollara-el-villa-nueva-rally\/#respond\"]}]},{\"@type\":\"WebPage\",\"@id\":\"https:\/\/elregionalvm.com.ar\/noticias-villa-maria\/el-sabado-3-de-agosto-se-desarrollara-el-villa-nueva-rally\/\",\"url\":\"https:\/\/elregionalvm.com.ar\/noticias-villa-maria\/el-sabado-3-de-agosto-se-desarrollara-el-villa-nueva-rally\/\",\"name\":\"El s\u00e1bado 3 de agosto se desarrollar\u00e1 el \\\"Villa Nueva Rally\\\" - El Regional\",\"isPartOf\":{\"@id\":\"http:\/\/elregionalvm.com.ar\/noticias-villa-maria\/#website\"},\"primaryImageOfPage\":{\"@id\":\"https:\/\/elregionalvm.com.ar\/noticias-villa-maria\/el-sabado-3-de-agosto-se-desarrollara-el-villa-nueva-rally\/#primaryimage\"},\"image\":{\"@id\":\"https:\/\/elregionalvm.com.ar\/noticias-villa-maria\/el-sabado-3-de-agosto-se-desarrollara-el-villa-nueva-rally\/#primaryimage\"},\"thumbnailUrl\":\"https:\/\/i0.wp.com\/elregionalvm.com.ar\/noticias-villa-maria\/wp-content\/uploads\/2024\/07\/WhatsApp-Image-2024-07-25-at-18.42.50.jpeg?fit=1598%2C1600&ssl=1\",\"datePublished\":\"2024-07-26T22:43:41+00:00\",\"dateModified\":\"2024-07-26T22:43:42+00:00\",\"author\":{\"@id\":\"http:\/\/elregionalvm.com.ar\/noticias-villa-maria\/#\/schema\/person\/a0fb9c422317faca23d50163151bc354\"},\"breadcrumb\":{\"@id\":\"https:\/\/elregionalvm.com.ar\/noticias-villa-maria\/el-sabado-3-de-agosto-se-desarrollara-el-villa-nueva-rally\/#breadcrumb\"},\"inLanguage\":\"es\",\"potentialAction\":[{\"@type\":\"ReadAction\",\"target\":[\"https:\/\/elregionalvm.com.ar\/noticias-villa-maria\/el-sabado-3-de-agosto-se-desarrollara-el-villa-nueva-rally\/\"]}]},{\"@type\":\"ImageObject\",\"inLanguage\":\"es\",\"@id\":\"https:\/\/elregionalvm.com.ar\/noticias-villa-maria\/el-sabado-3-de-agosto-se-desarrollara-el-villa-nueva-rally\/#primaryimage\",\"url\":\"https:\/\/i0.wp.com\/elregionalvm.com.ar\/noticias-villa-maria\/wp-content\/uploads\/2024\/07\/WhatsApp-Image-2024-07-25-at-18.42.50.jpeg?fit=1598%2C1600&ssl=1\",\"contentUrl\":\"https:\/\/i0.wp.com\/elregionalvm.com.ar\/noticias-villa-maria\/wp-content\/uploads\/2024\/07\/WhatsApp-Image-2024-07-25-at-18.42.50.jpeg?fit=1598%2C1600&ssl=1\",\"width\":1598,\"height\":1600},{\"@type\":\"BreadcrumbList\",\"@id\":\"https:\/\/elregionalvm.com.ar\/noticias-villa-maria\/el-sabado-3-de-agosto-se-desarrollara-el-villa-nueva-rally\/#breadcrumb\",\"itemListElement\":[{\"@type\":\"ListItem\",\"position\":1,\"name\":\"Portada\",\"item\":\"https:\/\/elregionalvm.com.ar\/noticias-villa-maria\/\"},{\"@type\":\"ListItem\",\"position\":2,\"name\":\"El s\u00e1bado 3 de agosto se desarrollar\u00e1 el \u00abVilla Nueva Rally\u00bb\"}]},{\"@type\":\"WebSite\",\"@id\":\"http:\/\/elregionalvm.com.ar\/noticias-villa-maria\/#website\",\"url\":\"http:\/\/elregionalvm.com.ar\/noticias-villa-maria\/\",\"name\":\"El Regional\",\"description\":\"Mucho m\u00e1s que informaci\u00f3n\",\"potentialAction\":[{\"@type\":\"SearchAction\",\"target\":{\"@type\":\"EntryPoint\",\"urlTemplate\":\"http:\/\/elregionalvm.com.ar\/noticias-villa-maria\/?s={search_term_string}\"},\"query-input\":{\"@type\":\"PropertyValueSpecification\",\"valueRequired\":true,\"valueName\":\"search_term_string\"}}],\"inLanguage\":\"es\"},{\"@type\":\"Person\",\"@id\":\"http:\/\/elregionalvm.com.ar\/noticias-villa-maria\/#\/schema\/person\/a0fb9c422317faca23d50163151bc354\",\"name\":\"Contenidos El Regional\",\"image\":{\"@type\":\"ImageObject\",\"inLanguage\":\"es\",\"@id\":\"http:\/\/elregionalvm.com.ar\/noticias-villa-maria\/#\/schema\/person\/image\/\",\"url\":\"https:\/\/secure.gravatar.com\/avatar\/265b27cb2209af7bb3a1318f03305787d7981a5cc6e6cd08fe5a4ecdf99d4b48?s=96&d=mm&r=g\",\"contentUrl\":\"https:\/\/secure.gravatar.com\/avatar\/265b27cb2209af7bb3a1318f03305787d7981a5cc6e6cd08fe5a4ecdf99d4b48?s=96&d=mm&r=g\",\"caption\":\"Contenidos El Regional\"},\"url\":\"https:\/\/elregionalvm.com.ar\/noticias-villa-maria\/author\/contenido\/\"}]}<\/script>\n<!-- \/ Yoast SEO plugin. -->","yoast_head_json":{"title":"El s\u00e1bado 3 de agosto se desarrollar\u00e1 el \"Villa Nueva Rally\" - El Regional","robots":{"index":"index","follow":"follow","max-snippet":"max-snippet:-1","max-image-preview":"max-image-preview:large","max-video-preview":"max-video-preview:-1"},"canonical":"https:\/\/elregionalvm.com.ar\/noticias-villa-maria\/el-sabado-3-de-agosto-se-desarrollara-el-villa-nueva-rally\/","og_locale":"es_ES","og_type":"article","og_title":"El s\u00e1bado 3 de agosto se desarrollar\u00e1 el \"Villa Nueva Rally\" - El Regional","og_description":"La Municipalidad de Villa Nueva informa a trav\u00e9s de la Secretar\u00eda de Deporte y Turismo la presentaci\u00f3n del Villa Nueva Rally, a desarrollarse este s\u00e1bado 3 de agosto en el Parque Hip\u00f3lito Yrigoyen. En la ocasi\u00f3n habr\u00e1 un gran despliegue por la exhibici\u00f3n de 15 autom\u00f3viles de competici\u00f3n que probar\u00e1n el circuito S\u00daPER ESPECIAL (demarcado [&hellip;]","og_url":"https:\/\/elregionalvm.com.ar\/noticias-villa-maria\/el-sabado-3-de-agosto-se-desarrollara-el-villa-nueva-rally\/","og_site_name":"El Regional","article_publisher":"https:\/\/www.facebook.com\/elregionalvm","article_published_time":"2024-07-26T22:43:41+00:00","article_modified_time":"2024-07-26T22:43:42+00:00","og_image":[{"width":1598,"height":1600,"url":"https:\/\/elregionalvm.com.ar\/noticias-villa-maria\/wp-content\/uploads\/2024\/07\/WhatsApp-Image-2024-07-25-at-18.42.50.jpeg","type":"image\/jpeg"}],"author":"Contenidos El Regional","twitter_card":"summary_large_image","twitter_creator":"@elregionalvm1","twitter_site":"@elregionalvm1","twitter_misc":{"Escrito por":"Contenidos El Regional","Tiempo de lectura":"1 minuto"},"schema":{"@context":"https:\/\/schema.org","@graph":[{"@type":"Article","@id":"https:\/\/elregionalvm.com.ar\/noticias-villa-maria\/el-sabado-3-de-agosto-se-desarrollara-el-villa-nueva-rally\/#article","isPartOf":{"@id":"https:\/\/elregionalvm.com.ar\/noticias-villa-maria\/el-sabado-3-de-agosto-se-desarrollara-el-villa-nueva-rally\/"},"author":{"name":"Contenidos El Regional","@id":"http:\/\/elregionalvm.com.ar\/noticias-villa-maria\/#\/schema\/person\/a0fb9c422317faca23d50163151bc354"},"headline":"El s\u00e1bado 3 de agosto se desarrollar\u00e1 el \u00abVilla Nueva Rally\u00bb","datePublished":"2024-07-26T22:43:41+00:00","dateModified":"2024-07-26T22:43:42+00:00","mainEntityOfPage":{"@id":"https:\/\/elregionalvm.com.ar\/noticias-villa-maria\/el-sabado-3-de-agosto-se-desarrollara-el-villa-nueva-rally\/"},"wordCount":176,"commentCount":0,"image":{"@id":"https:\/\/elregionalvm.com.ar\/noticias-villa-maria\/el-sabado-3-de-agosto-se-desarrollara-el-villa-nueva-rally\/#primaryimage"},"thumbnailUrl":"https:\/\/i0.wp.com\/elregionalvm.com.ar\/noticias-villa-maria\/wp-content\/uploads\/2024\/07\/WhatsApp-Image-2024-07-25-at-18.42.50.jpeg?fit=1598%2C1600&ssl=1","articleSection":["destacado","Sociedad","Villa Nueva"],"inLanguage":"es","potentialAction":[{"@type":"CommentAction","name":"Comment","target":["https:\/\/elregionalvm.com.ar\/noticias-villa-maria\/el-sabado-3-de-agosto-se-desarrollara-el-villa-nueva-rally\/#respond"]}]},{"@type":"WebPage","@id":"https:\/\/elregionalvm.com.ar\/noticias-villa-maria\/el-sabado-3-de-agosto-se-desarrollara-el-villa-nueva-rally\/","url":"https:\/\/elregionalvm.com.ar\/noticias-villa-maria\/el-sabado-3-de-agosto-se-desarrollara-el-villa-nueva-rally\/","name":"El s\u00e1bado 3 de agosto se desarrollar\u00e1 el \"Villa Nueva Rally\" - El Regional","isPartOf":{"@id":"http:\/\/elregionalvm.com.ar\/noticias-villa-maria\/#website"},"primaryImageOfPage":{"@id":"https:\/\/elregionalvm.com.ar\/noticias-villa-maria\/el-sabado-3-de-agosto-se-desarrollara-el-villa-nueva-rally\/#primaryimage"},"image":{"@id":"https:\/\/elregionalvm.com.ar\/noticias-villa-maria\/el-sabado-3-de-agosto-se-desarrollara-el-villa-nueva-rally\/#primaryimage"},"thumbnailUrl":"https:\/\/i0.wp.com\/elregionalvm.com.ar\/noticias-villa-maria\/wp-content\/uploads\/2024\/07\/WhatsApp-Image-2024-07-25-at-18.42.50.jpeg?fit=1598%2C1600&ssl=1","datePublished":"2024-07-26T22:43:41+00:00","dateModified":"2024-07-26T22:43:42+00:00","author":{"@id":"http:\/\/elregionalvm.com.ar\/noticias-villa-maria\/#\/schema\/person\/a0fb9c422317faca23d50163151bc354"},"breadcrumb":{"@id":"https:\/\/elregionalvm.com.ar\/noticias-villa-maria\/el-sabado-3-de-agosto-se-desarrollara-el-villa-nueva-rally\/#breadcrumb"},"inLanguage":"es","potentialAction":[{"@type":"ReadAction","target":["https:\/\/elregionalvm.com.ar\/noticias-villa-maria\/el-sabado-3-de-agosto-se-desarrollara-el-villa-nueva-rally\/"]}]},{"@type":"ImageObject","inLanguage":"es","@id":"https:\/\/elregionalvm.com.ar\/noticias-villa-maria\/el-sabado-3-de-agosto-se-desarrollara-el-villa-nueva-rally\/#primaryimage","url":"https:\/\/i0.wp.com\/elregionalvm.com.ar\/noticias-villa-maria\/wp-content\/uploads\/2024\/07\/WhatsApp-Image-2024-07-25-at-18.42.50.jpeg?fit=1598%2C1600&ssl=1","contentUrl":"https:\/\/i0.wp.com\/elregionalvm.com.ar\/noticias-villa-maria\/wp-content\/uploads\/2024\/07\/WhatsApp-Image-2024-07-25-at-18.42.50.jpeg?fit=1598%2C1600&ssl=1","width":1598,"height":1600},{"@type":"BreadcrumbList","@id":"https:\/\/elregionalvm.com.ar\/noticias-villa-maria\/el-sabado-3-de-agosto-se-desarrollara-el-villa-nueva-rally\/#breadcrumb","itemListElement":[{"@type":"ListItem","position":1,"name":"Portada","item":"https:\/\/elregionalvm.com.ar\/noticias-villa-maria\/"},{"@type":"ListItem","position":2,"name":"El s\u00e1bado 3 de agosto se desarrollar\u00e1 el \u00abVilla Nueva Rally\u00bb"}]},{"@type":"WebSite","@id":"http:\/\/elregionalvm.com.ar\/noticias-villa-maria\/#website","url":"http:\/\/elregionalvm.com.ar\/noticias-villa-maria\/","name":"El Regional","description":"Mucho m\u00e1s que informaci\u00f3n","potentialAction":[{"@type":"SearchAction","target":{"@type":"EntryPoint","urlTemplate":"http:\/\/elregionalvm.com.ar\/noticias-villa-maria\/?s={search_term_string}"},"query-input":{"@type":"PropertyValueSpecification","valueRequired":true,"valueName":"search_term_string"}}],"inLanguage":"es"},{"@type":"Person","@id":"http:\/\/elregionalvm.com.ar\/noticias-villa-maria\/#\/schema\/person\/a0fb9c422317faca23d50163151bc354","name":"Contenidos El Regional","image":{"@type":"ImageObject","inLanguage":"es","@id":"http:\/\/elregionalvm.com.ar\/noticias-villa-maria\/#\/schema\/person\/image\/","url":"https:\/\/secure.gravatar.com\/avatar\/265b27cb2209af7bb3a1318f03305787d7981a5cc6e6cd08fe5a4ecdf99d4b48?s=96&d=mm&r=g","contentUrl":"https:\/\/secure.gravatar.com\/avatar\/265b27cb2209af7bb3a1318f03305787d7981a5cc6e6cd08fe5a4ecdf99d4b48?s=96&d=mm&r=g","caption":"Contenidos El Regional"},"url":"https:\/\/elregionalvm.com.ar\/noticias-villa-maria\/author\/contenido\/"}]}},"jetpack_featured_media_url":"https:\/\/i0.wp.com\/elregionalvm.com.ar\/noticias-villa-maria\/wp-content\/uploads\/2024\/07\/WhatsApp-Image-2024-07-25-at-18.42.50.jpeg?fit=1598%2C1600&ssl=1","jetpack_sharing_enabled":true,"_links":{"self":[{"href":"https:\/\/elregionalvm.com.ar\/noticias-villa-maria\/wp-json\/wp\/v2\/posts\/96641","targetHints":{"allow":["GET"]}}],"collection":[{"href":"https:\/\/elregionalvm.com.ar\/noticias-villa-maria\/wp-json\/wp\/v2\/posts"}],"about":[{"href":"https:\/\/elregionalvm.com.ar\/noticias-villa-maria\/wp-json\/wp\/v2\/types\/post"}],"author":[{"embeddable":true,"href":"https:\/\/elregionalvm.com.ar\/noticias-villa-maria\/wp-json\/wp\/v2\/users\/4"}],"replies":[{"embeddable":true,"href":"https:\/\/elregionalvm.com.ar\/noticias-villa-maria\/wp-json\/wp\/v2\/comments?post=96641"}],"version-history":[{"count":1,"href":"https:\/\/elregionalvm.com.ar\/noticias-villa-maria\/wp-json\/wp\/v2\/posts\/96641\/revisions"}],"predecessor-version":[{"id":96643,"href":"https:\/\/elregionalvm.com.ar\/noticias-villa-maria\/wp-json\/wp\/v2\/posts\/96641\/revisions\/96643"}],"wp:featuredmedia":[{"embeddable":true,"href":"https:\/\/elregionalvm.com.ar\/noticias-villa-maria\/wp-json\/wp\/v2\/media\/96642"}],"wp:attachment":[{"href":"https:\/\/elregionalvm.com.ar\/noticias-villa-maria\/wp-json\/wp\/v2\/media?parent=96641"}],"wp:term":[{"taxonomy":"category","embeddable":true,"href":"https:\/\/elregionalvm.com.ar\/noticias-villa-maria\/wp-json\/wp\/v2\/categories?post=96641"},{"taxonomy":"post_tag","embeddable":true,"href":"https:\/\/elregionalvm.com.ar\/noticias-villa-maria\/wp-json\/wp\/v2\/tags?post=96641"}],"curies":[{"name":"wp","href":"https:\/\/api.w.org\/{rel}","templated":true}]}}