{"id":96644,"date":"2024-07-26T22:49:48","date_gmt":"2024-07-26T22:49:48","guid":{"rendered":"https:\/\/elregionalvm.com.ar\/noticias-villa-maria\/?p=96644"},"modified":"2024-07-26T22:49:49","modified_gmt":"2024-07-26T22:49:49","slug":"murio-en-un-accidente-fatal-en-la-playosa-el-conductor-de-una-toyota-hilux-tras-ser-embestido-por-un-camion","status":"publish","type":"post","link":"https:\/\/elregionalvm.com.ar\/noticias-villa-maria\/murio-en-un-accidente-fatal-en-la-playosa-el-conductor-de-una-toyota-hilux-tras-ser-embestido-por-un-camion\/","title":{"rendered":"Muri\u00f3 en un accidente fatal en La Playosa, el conductor de una Toyota Hilux tras ser embestido por un cami\u00f3n"},"content":{"rendered":"\n<p>Un cami\u00f3n lechero\u00a0que circulaba por ruta 158 en direcci\u00f3n hacia Villa Mar\u00eda,\u00a0gener\u00f3 un accidente de gran magnitud en La Playosa.<\/p>\n\n\n\n<p>Ocurri\u00f3 cuando \u2013por causas a establecer- el acoplado del veh\u00edculo de carga se sali\u00f3 de la ruta, embisti\u00f3 a un camioneta (Toyota Hilux) que circulaba por la v\u00eda nacional (un hombre, una mujer y\u00a0dos menores) a bordo y provoc\u00f3 la muerte del conductor que estaba en el rodado menor.<\/p>\n\n\n\n<p>Adem\u00e1s, como el cami\u00f3n termin\u00f3 chocando contra un poste de alta tensi\u00f3n, todo el pueblo de La Playosa estuvo\u00a0 sin energ\u00eda el\u00e9ctrica por alrededor de una hora.<br>El veh\u00edculo de gran porte finaliz\u00f3 dentro de un comedor ubicado en la salida de la localidad\u00a0hacia Arroyo Algod\u00f3n.<\/p>\n\n\n\n<p>Los tripulantes del autom\u00f3vil ser\u00edan de la provincia de Corrientes y una de las ni\u00f1as que viajaba en el autom\u00f3vil\u00a0 fue trasladada al Hospital Pasteur de Villa Mar\u00eda, seg\u00fan\u00a0declar\u00f3 el oficial de Bomberos Mat\u00edas Santi.<\/p>\n\n\n\n<p>\u00a0<strong>El test de alcoholemia al camionero dio negativo<\/strong><\/p>\n\n\n\n<p>Seg\u00fan se pudo corroborar con fuentes judiciales, el cami\u00f3n era conducido por Carlos Franco Valero, de Villa Concepci\u00f3n del T\u00edo, mientras que la Toyota Hilux, era conducida por Miguel Andr\u00e9s Fantone, de 36 a\u00f1os, quien falleciera en forma instant\u00e1nea tras el impacto.<\/p>\n\n\n\n<p>Resultaron lesionados su acompa\u00f1ante Alejandra Ram\u00edrez de 34 a\u00f1os&nbsp;y dos menores de edad que iban en la parte trasera del rodado (todos oriundos de la provincia de Corrientes). Una de las menores fue&nbsp;trasladada por bomberos mediante un cord\u00f3n sanitario hacia el Hospital Pasteur de Villa Mar\u00eda.<\/p>\n\n\n\n<p>El test de alcoholemia al camionero dio negativo.<\/p>\n\n\n\n<p>Gentileza: El Diario <\/p>\n","protected":false},"excerpt":{"rendered":"<p>Un cami\u00f3n lechero\u00a0que circulaba por ruta 158 en direcci\u00f3n hacia Villa Mar\u00eda,\u00a0gener\u00f3 un accidente de gran magnitud en La Playosa. Ocurri\u00f3 cuando \u2013por causas a establecer- el acoplado del veh\u00edculo de carga se sali\u00f3 de la ruta, embisti\u00f3 a un camioneta (Toyota Hilux) que circulaba por la v\u00eda nacional (un hombre, una mujer y\u00a0dos menores) [&hellip;]<\/p>\n","protected":false},"author":4,"featured_media":96645,"comment_status":"open","ping_status":"open","sticky":false,"template":"","format":"standard","meta":{"site-sidebar-layout":"default","site-content-layout":"","ast-site-content-layout":"default","site-content-style":"default","site-sidebar-style":"default","ast-global-header-display":"","ast-banner-title-visibility":"","ast-main-header-display":"","ast-hfb-above-header-display":"","ast-hfb-below-header-display":"","ast-hfb-mobile-header-display":"","site-post-title":"","ast-breadcrumbs-content":"","ast-featured-img":"","footer-sml-layout":"","ast-disable-related-posts":"","theme-transparent-header-meta":"","adv-header-id-meta":"","stick-header-meta":"","header-above-stick-meta":"","header-main-stick-meta":"","header-below-stick-meta":"","astra-migrate-meta-layouts":"set","ast-page-background-enabled":"default","ast-page-background-meta":{"desktop":{"background-color":"","background-image":"","background-repeat":"repeat","background-position":"center center","background-size":"auto","background-attachment":"scroll","background-type":"","background-media":"","overlay-type":"","overlay-color":"","overlay-opacity":"","overlay-gradient":""},"tablet":{"background-color":"","background-image":"","background-repeat":"repeat","background-position":"center center","background-size":"auto","background-attachment":"scroll","background-type":"","background-media":"","overlay-type":"","overlay-color":"","overlay-opacity":"","overlay-gradient":""},"mobile":{"background-color":"","background-image":"","background-repeat":"repeat","background-position":"center center","background-size":"auto","background-attachment":"scroll","background-type":"","background-media":"","overlay-type":"","overlay-color":"","overlay-opacity":"","overlay-gradient":""}},"ast-content-background-meta":{"desktop":{"background-color":"var(--ast-global-color-5)","background-image":"","background-repeat":"repeat","background-position":"center center","background-size":"auto","background-attachment":"scroll","background-type":"","background-media":"","overlay-type":"","overlay-color":"","overlay-opacity":"","overlay-gradient":""},"tablet":{"background-color":"var(--ast-global-color-5)","background-image":"","background-repeat":"repeat","background-position":"center center","background-size":"auto","background-attachment":"scroll","background-type":"","background-media":"","overlay-type":"","overlay-color":"","overlay-opacity":"","overlay-gradient":""},"mobile":{"background-color":"var(--ast-global-color-5)","background-image":"","background-repeat":"repeat","background-position":"center center","background-size":"auto","background-attachment":"scroll","background-type":"","background-media":"","overlay-type":"","overlay-color":"","overlay-opacity":"","overlay-gradient":""}},"_jetpack_memberships_contains_paid_content":false,"_joinchat":[],"footnotes":""},"categories":[15302,2234,2091,5],"tags":[],"class_list":["post-96644","post","type-post","status-publish","format-standard","has-post-thumbnail","hentry","category-destacado","category-policiales","category-region","category-sociedad"],"yoast_head":"<!-- This site is optimized with the Yoast SEO plugin v26.8 - https:\/\/yoast.com\/product\/yoast-seo-wordpress\/ -->\n<title>Muri\u00f3 en un accidente fatal en La Playosa, el conductor de una Toyota Hilux tras ser embestido por un cami\u00f3n - El Regional<\/title>\n<meta name=\"robots\" content=\"index, follow, max-snippet:-1, max-image-preview:large, max-video-preview:-1\" \/>\n<link rel=\"canonical\" href=\"https:\/\/elregionalvm.com.ar\/noticias-villa-maria\/murio-en-un-accidente-fatal-en-la-playosa-el-conductor-de-una-toyota-hilux-tras-ser-embestido-por-un-camion\/\" \/>\n<meta property=\"og:locale\" content=\"es_ES\" \/>\n<meta property=\"og:type\" content=\"article\" \/>\n<meta property=\"og:title\" content=\"Muri\u00f3 en un accidente fatal en La Playosa, el conductor de una Toyota Hilux tras ser embestido por un cami\u00f3n - El Regional\" \/>\n<meta property=\"og:description\" content=\"Un cami\u00f3n lechero\u00a0que circulaba por ruta 158 en direcci\u00f3n hacia Villa Mar\u00eda,\u00a0gener\u00f3 un accidente de gran magnitud en La Playosa. Ocurri\u00f3 cuando \u2013por causas a establecer- el acoplado del veh\u00edculo de carga se sali\u00f3 de la ruta, embisti\u00f3 a un camioneta (Toyota Hilux) que circulaba por la v\u00eda nacional (un hombre, una mujer y\u00a0dos menores) [&hellip;]\" \/>\n<meta property=\"og:url\" content=\"https:\/\/elregionalvm.com.ar\/noticias-villa-maria\/murio-en-un-accidente-fatal-en-la-playosa-el-conductor-de-una-toyota-hilux-tras-ser-embestido-por-un-camion\/\" \/>\n<meta property=\"og:site_name\" content=\"El Regional\" \/>\n<meta property=\"article:publisher\" content=\"https:\/\/www.facebook.com\/elregionalvm\" \/>\n<meta property=\"article:published_time\" content=\"2024-07-26T22:49:48+00:00\" \/>\n<meta property=\"article:modified_time\" content=\"2024-07-26T22:49:49+00:00\" \/>\n<meta property=\"og:image\" content=\"https:\/\/elregionalvm.com.ar\/noticias-villa-maria\/wp-content\/uploads\/2024\/07\/f685x385-129462_167155_5050.webp\" \/>\n\t<meta property=\"og:image:width\" content=\"685\" \/>\n\t<meta property=\"og:image:height\" content=\"385\" \/>\n\t<meta property=\"og:image:type\" content=\"image\/webp\" \/>\n<meta name=\"author\" content=\"Contenidos El Regional\" \/>\n<meta name=\"twitter:card\" content=\"summary_large_image\" \/>\n<meta name=\"twitter:creator\" content=\"@elregionalvm1\" \/>\n<meta name=\"twitter:site\" content=\"@elregionalvm1\" \/>\n<meta name=\"twitter:label1\" content=\"Escrito por\" \/>\n\t<meta name=\"twitter:data1\" content=\"Contenidos El Regional\" \/>\n\t<meta name=\"twitter:label2\" content=\"Tiempo de lectura\" \/>\n\t<meta name=\"twitter:data2\" content=\"2 minutos\" \/>\n<script type=\"application\/ld+json\" class=\"yoast-schema-graph\">{\"@context\":\"https:\/\/schema.org\",\"@graph\":[{\"@type\":\"Article\",\"@id\":\"https:\/\/elregionalvm.com.ar\/noticias-villa-maria\/murio-en-un-accidente-fatal-en-la-playosa-el-conductor-de-una-toyota-hilux-tras-ser-embestido-por-un-camion\/#article\",\"isPartOf\":{\"@id\":\"https:\/\/elregionalvm.com.ar\/noticias-villa-maria\/murio-en-un-accidente-fatal-en-la-playosa-el-conductor-de-una-toyota-hilux-tras-ser-embestido-por-un-camion\/\"},\"author\":{\"name\":\"Contenidos El Regional\",\"@id\":\"http:\/\/elregionalvm.com.ar\/noticias-villa-maria\/#\/schema\/person\/a0fb9c422317faca23d50163151bc354\"},\"headline\":\"Muri\u00f3 en un accidente fatal en La Playosa, el conductor de una Toyota Hilux tras ser embestido por un cami\u00f3n\",\"datePublished\":\"2024-07-26T22:49:48+00:00\",\"dateModified\":\"2024-07-26T22:49:49+00:00\",\"mainEntityOfPage\":{\"@id\":\"https:\/\/elregionalvm.com.ar\/noticias-villa-maria\/murio-en-un-accidente-fatal-en-la-playosa-el-conductor-de-una-toyota-hilux-tras-ser-embestido-por-un-camion\/\"},\"wordCount\":315,\"commentCount\":0,\"image\":{\"@id\":\"https:\/\/elregionalvm.com.ar\/noticias-villa-maria\/murio-en-un-accidente-fatal-en-la-playosa-el-conductor-de-una-toyota-hilux-tras-ser-embestido-por-un-camion\/#primaryimage\"},\"thumbnailUrl\":\"https:\/\/i0.wp.com\/elregionalvm.com.ar\/noticias-villa-maria\/wp-content\/uploads\/2024\/07\/f685x385-129462_167155_5050.webp?fit=685%2C385&ssl=1\",\"articleSection\":[\"destacado\",\"Policiales\",\"Regi\u00f3n\",\"Sociedad\"],\"inLanguage\":\"es\",\"potentialAction\":[{\"@type\":\"CommentAction\",\"name\":\"Comment\",\"target\":[\"https:\/\/elregionalvm.com.ar\/noticias-villa-maria\/murio-en-un-accidente-fatal-en-la-playosa-el-conductor-de-una-toyota-hilux-tras-ser-embestido-por-un-camion\/#respond\"]}]},{\"@type\":\"WebPage\",\"@id\":\"https:\/\/elregionalvm.com.ar\/noticias-villa-maria\/murio-en-un-accidente-fatal-en-la-playosa-el-conductor-de-una-toyota-hilux-tras-ser-embestido-por-un-camion\/\",\"url\":\"https:\/\/elregionalvm.com.ar\/noticias-villa-maria\/murio-en-un-accidente-fatal-en-la-playosa-el-conductor-de-una-toyota-hilux-tras-ser-embestido-por-un-camion\/\",\"name\":\"Muri\u00f3 en un accidente fatal en La Playosa, el conductor de una Toyota Hilux tras ser embestido por un cami\u00f3n - El Regional\",\"isPartOf\":{\"@id\":\"http:\/\/elregionalvm.com.ar\/noticias-villa-maria\/#website\"},\"primaryImageOfPage\":{\"@id\":\"https:\/\/elregionalvm.com.ar\/noticias-villa-maria\/murio-en-un-accidente-fatal-en-la-playosa-el-conductor-de-una-toyota-hilux-tras-ser-embestido-por-un-camion\/#primaryimage\"},\"image\":{\"@id\":\"https:\/\/elregionalvm.com.ar\/noticias-villa-maria\/murio-en-un-accidente-fatal-en-la-playosa-el-conductor-de-una-toyota-hilux-tras-ser-embestido-por-un-camion\/#primaryimage\"},\"thumbnailUrl\":\"https:\/\/i0.wp.com\/elregionalvm.com.ar\/noticias-villa-maria\/wp-content\/uploads\/2024\/07\/f685x385-129462_167155_5050.webp?fit=685%2C385&ssl=1\",\"datePublished\":\"2024-07-26T22:49:48+00:00\",\"dateModified\":\"2024-07-26T22:49:49+00:00\",\"author\":{\"@id\":\"http:\/\/elregionalvm.com.ar\/noticias-villa-maria\/#\/schema\/person\/a0fb9c422317faca23d50163151bc354\"},\"breadcrumb\":{\"@id\":\"https:\/\/elregionalvm.com.ar\/noticias-villa-maria\/murio-en-un-accidente-fatal-en-la-playosa-el-conductor-de-una-toyota-hilux-tras-ser-embestido-por-un-camion\/#breadcrumb\"},\"inLanguage\":\"es\",\"potentialAction\":[{\"@type\":\"ReadAction\",\"target\":[\"https:\/\/elregionalvm.com.ar\/noticias-villa-maria\/murio-en-un-accidente-fatal-en-la-playosa-el-conductor-de-una-toyota-hilux-tras-ser-embestido-por-un-camion\/\"]}]},{\"@type\":\"ImageObject\",\"inLanguage\":\"es\",\"@id\":\"https:\/\/elregionalvm.com.ar\/noticias-villa-maria\/murio-en-un-accidente-fatal-en-la-playosa-el-conductor-de-una-toyota-hilux-tras-ser-embestido-por-un-camion\/#primaryimage\",\"url\":\"https:\/\/i0.wp.com\/elregionalvm.com.ar\/noticias-villa-maria\/wp-content\/uploads\/2024\/07\/f685x385-129462_167155_5050.webp?fit=685%2C385&ssl=1\",\"contentUrl\":\"https:\/\/i0.wp.com\/elregionalvm.com.ar\/noticias-villa-maria\/wp-content\/uploads\/2024\/07\/f685x385-129462_167155_5050.webp?fit=685%2C385&ssl=1\",\"width\":685,\"height\":385},{\"@type\":\"BreadcrumbList\",\"@id\":\"https:\/\/elregionalvm.com.ar\/noticias-villa-maria\/murio-en-un-accidente-fatal-en-la-playosa-el-conductor-de-una-toyota-hilux-tras-ser-embestido-por-un-camion\/#breadcrumb\",\"itemListElement\":[{\"@type\":\"ListItem\",\"position\":1,\"name\":\"Portada\",\"item\":\"https:\/\/elregionalvm.com.ar\/noticias-villa-maria\/\"},{\"@type\":\"ListItem\",\"position\":2,\"name\":\"Muri\u00f3 en un accidente fatal en La Playosa, el conductor de una Toyota Hilux tras ser embestido por un cami\u00f3n\"}]},{\"@type\":\"WebSite\",\"@id\":\"http:\/\/elregionalvm.com.ar\/noticias-villa-maria\/#website\",\"url\":\"http:\/\/elregionalvm.com.ar\/noticias-villa-maria\/\",\"name\":\"El Regional\",\"description\":\"Mucho m\u00e1s que informaci\u00f3n\",\"potentialAction\":[{\"@type\":\"SearchAction\",\"target\":{\"@type\":\"EntryPoint\",\"urlTemplate\":\"http:\/\/elregionalvm.com.ar\/noticias-villa-maria\/?s={search_term_string}\"},\"query-input\":{\"@type\":\"PropertyValueSpecification\",\"valueRequired\":true,\"valueName\":\"search_term_string\"}}],\"inLanguage\":\"es\"},{\"@type\":\"Person\",\"@id\":\"http:\/\/elregionalvm.com.ar\/noticias-villa-maria\/#\/schema\/person\/a0fb9c422317faca23d50163151bc354\",\"name\":\"Contenidos El Regional\",\"image\":{\"@type\":\"ImageObject\",\"inLanguage\":\"es\",\"@id\":\"http:\/\/elregionalvm.com.ar\/noticias-villa-maria\/#\/schema\/person\/image\/\",\"url\":\"https:\/\/secure.gravatar.com\/avatar\/265b27cb2209af7bb3a1318f03305787d7981a5cc6e6cd08fe5a4ecdf99d4b48?s=96&d=mm&r=g\",\"contentUrl\":\"https:\/\/secure.gravatar.com\/avatar\/265b27cb2209af7bb3a1318f03305787d7981a5cc6e6cd08fe5a4ecdf99d4b48?s=96&d=mm&r=g\",\"caption\":\"Contenidos El Regional\"},\"url\":\"https:\/\/elregionalvm.com.ar\/noticias-villa-maria\/author\/contenido\/\"}]}<\/script>\n<!-- \/ Yoast SEO plugin. -->","yoast_head_json":{"title":"Muri\u00f3 en un accidente fatal en La Playosa, el conductor de una Toyota Hilux tras ser embestido por un cami\u00f3n - El Regional","robots":{"index":"index","follow":"follow","max-snippet":"max-snippet:-1","max-image-preview":"max-image-preview:large","max-video-preview":"max-video-preview:-1"},"canonical":"https:\/\/elregionalvm.com.ar\/noticias-villa-maria\/murio-en-un-accidente-fatal-en-la-playosa-el-conductor-de-una-toyota-hilux-tras-ser-embestido-por-un-camion\/","og_locale":"es_ES","og_type":"article","og_title":"Muri\u00f3 en un accidente fatal en La Playosa, el conductor de una Toyota Hilux tras ser embestido por un cami\u00f3n - El Regional","og_description":"Un cami\u00f3n lechero\u00a0que circulaba por ruta 158 en direcci\u00f3n hacia Villa Mar\u00eda,\u00a0gener\u00f3 un accidente de gran magnitud en La Playosa. Ocurri\u00f3 cuando \u2013por causas a establecer- el acoplado del veh\u00edculo de carga se sali\u00f3 de la ruta, embisti\u00f3 a un camioneta (Toyota Hilux) que circulaba por la v\u00eda nacional (un hombre, una mujer y\u00a0dos menores) [&hellip;]","og_url":"https:\/\/elregionalvm.com.ar\/noticias-villa-maria\/murio-en-un-accidente-fatal-en-la-playosa-el-conductor-de-una-toyota-hilux-tras-ser-embestido-por-un-camion\/","og_site_name":"El Regional","article_publisher":"https:\/\/www.facebook.com\/elregionalvm","article_published_time":"2024-07-26T22:49:48+00:00","article_modified_time":"2024-07-26T22:49:49+00:00","og_image":[{"width":685,"height":385,"url":"https:\/\/elregionalvm.com.ar\/noticias-villa-maria\/wp-content\/uploads\/2024\/07\/f685x385-129462_167155_5050.webp","type":"image\/webp"}],"author":"Contenidos El Regional","twitter_card":"summary_large_image","twitter_creator":"@elregionalvm1","twitter_site":"@elregionalvm1","twitter_misc":{"Escrito por":"Contenidos El Regional","Tiempo de lectura":"2 minutos"},"schema":{"@context":"https:\/\/schema.org","@graph":[{"@type":"Article","@id":"https:\/\/elregionalvm.com.ar\/noticias-villa-maria\/murio-en-un-accidente-fatal-en-la-playosa-el-conductor-de-una-toyota-hilux-tras-ser-embestido-por-un-camion\/#article","isPartOf":{"@id":"https:\/\/elregionalvm.com.ar\/noticias-villa-maria\/murio-en-un-accidente-fatal-en-la-playosa-el-conductor-de-una-toyota-hilux-tras-ser-embestido-por-un-camion\/"},"author":{"name":"Contenidos El Regional","@id":"http:\/\/elregionalvm.com.ar\/noticias-villa-maria\/#\/schema\/person\/a0fb9c422317faca23d50163151bc354"},"headline":"Muri\u00f3 en un accidente fatal en La Playosa, el conductor de una Toyota Hilux tras ser embestido por un cami\u00f3n","datePublished":"2024-07-26T22:49:48+00:00","dateModified":"2024-07-26T22:49:49+00:00","mainEntityOfPage":{"@id":"https:\/\/elregionalvm.com.ar\/noticias-villa-maria\/murio-en-un-accidente-fatal-en-la-playosa-el-conductor-de-una-toyota-hilux-tras-ser-embestido-por-un-camion\/"},"wordCount":315,"commentCount":0,"image":{"@id":"https:\/\/elregionalvm.com.ar\/noticias-villa-maria\/murio-en-un-accidente-fatal-en-la-playosa-el-conductor-de-una-toyota-hilux-tras-ser-embestido-por-un-camion\/#primaryimage"},"thumbnailUrl":"https:\/\/i0.wp.com\/elregionalvm.com.ar\/noticias-villa-maria\/wp-content\/uploads\/2024\/07\/f685x385-129462_167155_5050.webp?fit=685%2C385&ssl=1","articleSection":["destacado","Policiales","Regi\u00f3n","Sociedad"],"inLanguage":"es","potentialAction":[{"@type":"CommentAction","name":"Comment","target":["https:\/\/elregionalvm.com.ar\/noticias-villa-maria\/murio-en-un-accidente-fatal-en-la-playosa-el-conductor-de-una-toyota-hilux-tras-ser-embestido-por-un-camion\/#respond"]}]},{"@type":"WebPage","@id":"https:\/\/elregionalvm.com.ar\/noticias-villa-maria\/murio-en-un-accidente-fatal-en-la-playosa-el-conductor-de-una-toyota-hilux-tras-ser-embestido-por-un-camion\/","url":"https:\/\/elregionalvm.com.ar\/noticias-villa-maria\/murio-en-un-accidente-fatal-en-la-playosa-el-conductor-de-una-toyota-hilux-tras-ser-embestido-por-un-camion\/","name":"Muri\u00f3 en un accidente fatal en La Playosa, el conductor de una Toyota Hilux tras ser embestido por un cami\u00f3n - El Regional","isPartOf":{"@id":"http:\/\/elregionalvm.com.ar\/noticias-villa-maria\/#website"},"primaryImageOfPage":{"@id":"https:\/\/elregionalvm.com.ar\/noticias-villa-maria\/murio-en-un-accidente-fatal-en-la-playosa-el-conductor-de-una-toyota-hilux-tras-ser-embestido-por-un-camion\/#primaryimage"},"image":{"@id":"https:\/\/elregionalvm.com.ar\/noticias-villa-maria\/murio-en-un-accidente-fatal-en-la-playosa-el-conductor-de-una-toyota-hilux-tras-ser-embestido-por-un-camion\/#primaryimage"},"thumbnailUrl":"https:\/\/i0.wp.com\/elregionalvm.com.ar\/noticias-villa-maria\/wp-content\/uploads\/2024\/07\/f685x385-129462_167155_5050.webp?fit=685%2C385&ssl=1","datePublished":"2024-07-26T22:49:48+00:00","dateModified":"2024-07-26T22:49:49+00:00","author":{"@id":"http:\/\/elregionalvm.com.ar\/noticias-villa-maria\/#\/schema\/person\/a0fb9c422317faca23d50163151bc354"},"breadcrumb":{"@id":"https:\/\/elregionalvm.com.ar\/noticias-villa-maria\/murio-en-un-accidente-fatal-en-la-playosa-el-conductor-de-una-toyota-hilux-tras-ser-embestido-por-un-camion\/#breadcrumb"},"inLanguage":"es","potentialAction":[{"@type":"ReadAction","target":["https:\/\/elregionalvm.com.ar\/noticias-villa-maria\/murio-en-un-accidente-fatal-en-la-playosa-el-conductor-de-una-toyota-hilux-tras-ser-embestido-por-un-camion\/"]}]},{"@type":"ImageObject","inLanguage":"es","@id":"https:\/\/elregionalvm.com.ar\/noticias-villa-maria\/murio-en-un-accidente-fatal-en-la-playosa-el-conductor-de-una-toyota-hilux-tras-ser-embestido-por-un-camion\/#primaryimage","url":"https:\/\/i0.wp.com\/elregionalvm.com.ar\/noticias-villa-maria\/wp-content\/uploads\/2024\/07\/f685x385-129462_167155_5050.webp?fit=685%2C385&ssl=1","contentUrl":"https:\/\/i0.wp.com\/elregionalvm.com.ar\/noticias-villa-maria\/wp-content\/uploads\/2024\/07\/f685x385-129462_167155_5050.webp?fit=685%2C385&ssl=1","width":685,"height":385},{"@type":"BreadcrumbList","@id":"https:\/\/elregionalvm.com.ar\/noticias-villa-maria\/murio-en-un-accidente-fatal-en-la-playosa-el-conductor-de-una-toyota-hilux-tras-ser-embestido-por-un-camion\/#breadcrumb","itemListElement":[{"@type":"ListItem","position":1,"name":"Portada","item":"https:\/\/elregionalvm.com.ar\/noticias-villa-maria\/"},{"@type":"ListItem","position":2,"name":"Muri\u00f3 en un accidente fatal en La Playosa, el conductor de una Toyota Hilux tras ser embestido por un cami\u00f3n"}]},{"@type":"WebSite","@id":"http:\/\/elregionalvm.com.ar\/noticias-villa-maria\/#website","url":"http:\/\/elregionalvm.com.ar\/noticias-villa-maria\/","name":"El Regional","description":"Mucho m\u00e1s que informaci\u00f3n","potentialAction":[{"@type":"SearchAction","target":{"@type":"EntryPoint","urlTemplate":"http:\/\/elregionalvm.com.ar\/noticias-villa-maria\/?s={search_term_string}"},"query-input":{"@type":"PropertyValueSpecification","valueRequired":true,"valueName":"search_term_string"}}],"inLanguage":"es"},{"@type":"Person","@id":"http:\/\/elregionalvm.com.ar\/noticias-villa-maria\/#\/schema\/person\/a0fb9c422317faca23d50163151bc354","name":"Contenidos El Regional","image":{"@type":"ImageObject","inLanguage":"es","@id":"http:\/\/elregionalvm.com.ar\/noticias-villa-maria\/#\/schema\/person\/image\/","url":"https:\/\/secure.gravatar.com\/avatar\/265b27cb2209af7bb3a1318f03305787d7981a5cc6e6cd08fe5a4ecdf99d4b48?s=96&d=mm&r=g","contentUrl":"https:\/\/secure.gravatar.com\/avatar\/265b27cb2209af7bb3a1318f03305787d7981a5cc6e6cd08fe5a4ecdf99d4b48?s=96&d=mm&r=g","caption":"Contenidos El Regional"},"url":"https:\/\/elregionalvm.com.ar\/noticias-villa-maria\/author\/contenido\/"}]}},"jetpack_featured_media_url":"https:\/\/i0.wp.com\/elregionalvm.com.ar\/noticias-villa-maria\/wp-content\/uploads\/2024\/07\/f685x385-129462_167155_5050.webp?fit=685%2C385&ssl=1","jetpack_sharing_enabled":true,"_links":{"self":[{"href":"https:\/\/elregionalvm.com.ar\/noticias-villa-maria\/wp-json\/wp\/v2\/posts\/96644","targetHints":{"allow":["GET"]}}],"collection":[{"href":"https:\/\/elregionalvm.com.ar\/noticias-villa-maria\/wp-json\/wp\/v2\/posts"}],"about":[{"href":"https:\/\/elregionalvm.com.ar\/noticias-villa-maria\/wp-json\/wp\/v2\/types\/post"}],"author":[{"embeddable":true,"href":"https:\/\/elregionalvm.com.ar\/noticias-villa-maria\/wp-json\/wp\/v2\/users\/4"}],"replies":[{"embeddable":true,"href":"https:\/\/elregionalvm.com.ar\/noticias-villa-maria\/wp-json\/wp\/v2\/comments?post=96644"}],"version-history":[{"count":1,"href":"https:\/\/elregionalvm.com.ar\/noticias-villa-maria\/wp-json\/wp\/v2\/posts\/96644\/revisions"}],"predecessor-version":[{"id":96646,"href":"https:\/\/elregionalvm.com.ar\/noticias-villa-maria\/wp-json\/wp\/v2\/posts\/96644\/revisions\/96646"}],"wp:featuredmedia":[{"embeddable":true,"href":"https:\/\/elregionalvm.com.ar\/noticias-villa-maria\/wp-json\/wp\/v2\/media\/96645"}],"wp:attachment":[{"href":"https:\/\/elregionalvm.com.ar\/noticias-villa-maria\/wp-json\/wp\/v2\/media?parent=96644"}],"wp:term":[{"taxonomy":"category","embeddable":true,"href":"https:\/\/elregionalvm.com.ar\/noticias-villa-maria\/wp-json\/wp\/v2\/categories?post=96644"},{"taxonomy":"post_tag","embeddable":true,"href":"https:\/\/elregionalvm.com.ar\/noticias-villa-maria\/wp-json\/wp\/v2\/tags?post=96644"}],"curies":[{"name":"wp","href":"https:\/\/api.w.org\/{rel}","templated":true}]}}