{"id":96647,"date":"2024-07-26T22:55:34","date_gmt":"2024-07-26T22:55:34","guid":{"rendered":"https:\/\/elregionalvm.com.ar\/noticias-villa-maria\/?p=96647"},"modified":"2024-07-26T22:55:38","modified_gmt":"2024-07-26T22:55:38","slug":"el-municipio-propone-una-capacitacion-para-potenciar-imagen-empresarial-y-personal","status":"publish","type":"post","link":"https:\/\/elregionalvm.com.ar\/noticias-villa-maria\/el-municipio-propone-una-capacitacion-para-potenciar-imagen-empresarial-y-personal\/","title":{"rendered":"El Municipio propone una capacitaci\u00f3n para potenciar imagen Empresarial y Personal"},"content":{"rendered":"\n<p>El pr\u00f3ximo martes tendr\u00e1 lugar una capacitaci\u00f3n denominada \u201cPotenciar tu Imagen\u201d.<\/p>\n\n\n\n<p>La actividad impulsada por la Subsecretar\u00eda de Desarrollo Productivo, se desarrollar\u00e1 en el Sal\u00f3n de Usos M\u00faltiples del Villa Mar\u00eda Shopping.<\/p>\n\n\n\n<p>La misma comenzar\u00e1 a las 14:00 horas, tendr\u00e1 una duraci\u00f3n hasta las 16:00 horas y estar\u00e1 a cargo de la asesora de imagen Micaela Tesan.<\/p>\n\n\n\n<p>En la instancia formativa se abordar\u00e1n tem\u00e1ticas sobre la importancia de la comunicaci\u00f3n visual y c\u00f3mo podemos potenciarnos a trav\u00e9s de la vestimenta y la colorimetr\u00eda personal, as\u00ed como la influencia de las prendas y colores que elegimos a la hora de vestirnos.<\/p>\n\n\n\n<p>Cabe destacar que la jornada est\u00e1 dirigida a comercios, tiendas de ropa, dise\u00f1adores de indumentaria y al p\u00fablico en general, ya que la asesor\u00eda de imagen puede generar seguridad personal, elevar la autoestima y facilitar la comunicaci\u00f3n del mensaje que se quiere transmitir.<\/p>\n\n\n\n<p>Por \u00faltimo, es importante informar que quienes est\u00e9n interesados deber\u00e1n completar un formulario de inscripci\u00f3n ingresando a: https:\/\/forms.gle\/Ugza2LJkrZ1wwNjR8<\/p>\n","protected":false},"excerpt":{"rendered":"<p>El pr\u00f3ximo martes tendr\u00e1 lugar una capacitaci\u00f3n denominada \u201cPotenciar tu Imagen\u201d. La actividad impulsada por la Subsecretar\u00eda de Desarrollo Productivo, se desarrollar\u00e1 en el Sal\u00f3n de Usos M\u00faltiples del Villa Mar\u00eda Shopping. La misma comenzar\u00e1 a las 14:00 horas, tendr\u00e1 una duraci\u00f3n hasta las 16:00 horas y estar\u00e1 a cargo de la asesora de imagen [&hellip;]<\/p>\n","protected":false},"author":4,"featured_media":96648,"comment_status":"open","ping_status":"open","sticky":false,"template":"","format":"standard","meta":{"site-sidebar-layout":"default","site-content-layout":"","ast-site-content-layout":"default","site-content-style":"default","site-sidebar-style":"default","ast-global-header-display":"","ast-banner-title-visibility":"","ast-main-header-display":"","ast-hfb-above-header-display":"","ast-hfb-below-header-display":"","ast-hfb-mobile-header-display":"","site-post-title":"","ast-breadcrumbs-content":"","ast-featured-img":"","footer-sml-layout":"","ast-disable-related-posts":"","theme-transparent-header-meta":"","adv-header-id-meta":"","stick-header-meta":"","header-above-stick-meta":"","header-main-stick-meta":"","header-below-stick-meta":"","astra-migrate-meta-layouts":"set","ast-page-background-enabled":"default","ast-page-background-meta":{"desktop":{"background-color":"","background-image":"","background-repeat":"repeat","background-position":"center center","background-size":"auto","background-attachment":"scroll","background-type":"","background-media":"","overlay-type":"","overlay-color":"","overlay-opacity":"","overlay-gradient":""},"tablet":{"background-color":"","background-image":"","background-repeat":"repeat","background-position":"center center","background-size":"auto","background-attachment":"scroll","background-type":"","background-media":"","overlay-type":"","overlay-color":"","overlay-opacity":"","overlay-gradient":""},"mobile":{"background-color":"","background-image":"","background-repeat":"repeat","background-position":"center center","background-size":"auto","background-attachment":"scroll","background-type":"","background-media":"","overlay-type":"","overlay-color":"","overlay-opacity":"","overlay-gradient":""}},"ast-content-background-meta":{"desktop":{"background-color":"var(--ast-global-color-5)","background-image":"","background-repeat":"repeat","background-position":"center center","background-size":"auto","background-attachment":"scroll","background-type":"","background-media":"","overlay-type":"","overlay-color":"","overlay-opacity":"","overlay-gradient":""},"tablet":{"background-color":"var(--ast-global-color-5)","background-image":"","background-repeat":"repeat","background-position":"center center","background-size":"auto","background-attachment":"scroll","background-type":"","background-media":"","overlay-type":"","overlay-color":"","overlay-opacity":"","overlay-gradient":""},"mobile":{"background-color":"var(--ast-global-color-5)","background-image":"","background-repeat":"repeat","background-position":"center center","background-size":"auto","background-attachment":"scroll","background-type":"","background-media":"","overlay-type":"","overlay-color":"","overlay-opacity":"","overlay-gradient":""}},"_jetpack_memberships_contains_paid_content":false,"_joinchat":[],"footnotes":""},"categories":[15302,5,2],"tags":[],"class_list":["post-96647","post","type-post","status-publish","format-standard","has-post-thumbnail","hentry","category-destacado","category-sociedad","category-villa-maria"],"yoast_head":"<!-- This site is optimized with the Yoast SEO plugin v26.8 - https:\/\/yoast.com\/product\/yoast-seo-wordpress\/ -->\n<title>El Municipio propone una capacitaci\u00f3n para potenciar imagen Empresarial y Personal - El Regional<\/title>\n<meta name=\"robots\" content=\"index, follow, max-snippet:-1, max-image-preview:large, max-video-preview:-1\" \/>\n<link rel=\"canonical\" href=\"https:\/\/elregionalvm.com.ar\/noticias-villa-maria\/el-municipio-propone-una-capacitacion-para-potenciar-imagen-empresarial-y-personal\/\" \/>\n<meta property=\"og:locale\" content=\"es_ES\" \/>\n<meta property=\"og:type\" content=\"article\" \/>\n<meta property=\"og:title\" content=\"El Municipio propone una capacitaci\u00f3n para potenciar imagen Empresarial y Personal - El Regional\" \/>\n<meta property=\"og:description\" content=\"El pr\u00f3ximo martes tendr\u00e1 lugar una capacitaci\u00f3n denominada \u201cPotenciar tu Imagen\u201d. La actividad impulsada por la Subsecretar\u00eda de Desarrollo Productivo, se desarrollar\u00e1 en el Sal\u00f3n de Usos M\u00faltiples del Villa Mar\u00eda Shopping. La misma comenzar\u00e1 a las 14:00 horas, tendr\u00e1 una duraci\u00f3n hasta las 16:00 horas y estar\u00e1 a cargo de la asesora de imagen [&hellip;]\" \/>\n<meta property=\"og:url\" content=\"https:\/\/elregionalvm.com.ar\/noticias-villa-maria\/el-municipio-propone-una-capacitacion-para-potenciar-imagen-empresarial-y-personal\/\" \/>\n<meta property=\"og:site_name\" content=\"El Regional\" \/>\n<meta property=\"article:publisher\" content=\"https:\/\/www.facebook.com\/elregionalvm\" \/>\n<meta property=\"article:published_time\" content=\"2024-07-26T22:55:34+00:00\" \/>\n<meta property=\"article:modified_time\" content=\"2024-07-26T22:55:38+00:00\" \/>\n<meta property=\"og:image\" content=\"https:\/\/elregionalvm.com.ar\/noticias-villa-maria\/wp-content\/uploads\/2024\/07\/WhatsApp-Image-2024-07-26-at-09.03.10.jpeg\" \/>\n\t<meta property=\"og:image:width\" content=\"1080\" \/>\n\t<meta property=\"og:image:height\" content=\"1080\" \/>\n\t<meta property=\"og:image:type\" content=\"image\/jpeg\" \/>\n<meta name=\"author\" content=\"Contenidos El Regional\" \/>\n<meta name=\"twitter:card\" content=\"summary_large_image\" \/>\n<meta name=\"twitter:creator\" content=\"@elregionalvm1\" \/>\n<meta name=\"twitter:site\" content=\"@elregionalvm1\" \/>\n<meta name=\"twitter:label1\" content=\"Escrito por\" \/>\n\t<meta name=\"twitter:data1\" content=\"Contenidos El Regional\" \/>\n\t<meta name=\"twitter:label2\" content=\"Tiempo de lectura\" \/>\n\t<meta name=\"twitter:data2\" content=\"1 minuto\" \/>\n<script type=\"application\/ld+json\" class=\"yoast-schema-graph\">{\"@context\":\"https:\/\/schema.org\",\"@graph\":[{\"@type\":\"Article\",\"@id\":\"https:\/\/elregionalvm.com.ar\/noticias-villa-maria\/el-municipio-propone-una-capacitacion-para-potenciar-imagen-empresarial-y-personal\/#article\",\"isPartOf\":{\"@id\":\"https:\/\/elregionalvm.com.ar\/noticias-villa-maria\/el-municipio-propone-una-capacitacion-para-potenciar-imagen-empresarial-y-personal\/\"},\"author\":{\"name\":\"Contenidos El Regional\",\"@id\":\"http:\/\/elregionalvm.com.ar\/noticias-villa-maria\/#\/schema\/person\/a0fb9c422317faca23d50163151bc354\"},\"headline\":\"El Municipio propone una capacitaci\u00f3n para potenciar imagen Empresarial y Personal\",\"datePublished\":\"2024-07-26T22:55:34+00:00\",\"dateModified\":\"2024-07-26T22:55:38+00:00\",\"mainEntityOfPage\":{\"@id\":\"https:\/\/elregionalvm.com.ar\/noticias-villa-maria\/el-municipio-propone-una-capacitacion-para-potenciar-imagen-empresarial-y-personal\/\"},\"wordCount\":196,\"commentCount\":0,\"image\":{\"@id\":\"https:\/\/elregionalvm.com.ar\/noticias-villa-maria\/el-municipio-propone-una-capacitacion-para-potenciar-imagen-empresarial-y-personal\/#primaryimage\"},\"thumbnailUrl\":\"https:\/\/i0.wp.com\/elregionalvm.com.ar\/noticias-villa-maria\/wp-content\/uploads\/2024\/07\/WhatsApp-Image-2024-07-26-at-09.03.10.jpeg?fit=1080%2C1080&ssl=1\",\"articleSection\":[\"destacado\",\"Sociedad\",\"Villa Mar\u00eda\"],\"inLanguage\":\"es\",\"potentialAction\":[{\"@type\":\"CommentAction\",\"name\":\"Comment\",\"target\":[\"https:\/\/elregionalvm.com.ar\/noticias-villa-maria\/el-municipio-propone-una-capacitacion-para-potenciar-imagen-empresarial-y-personal\/#respond\"]}]},{\"@type\":\"WebPage\",\"@id\":\"https:\/\/elregionalvm.com.ar\/noticias-villa-maria\/el-municipio-propone-una-capacitacion-para-potenciar-imagen-empresarial-y-personal\/\",\"url\":\"https:\/\/elregionalvm.com.ar\/noticias-villa-maria\/el-municipio-propone-una-capacitacion-para-potenciar-imagen-empresarial-y-personal\/\",\"name\":\"El Municipio propone una capacitaci\u00f3n para potenciar imagen Empresarial y Personal - El Regional\",\"isPartOf\":{\"@id\":\"http:\/\/elregionalvm.com.ar\/noticias-villa-maria\/#website\"},\"primaryImageOfPage\":{\"@id\":\"https:\/\/elregionalvm.com.ar\/noticias-villa-maria\/el-municipio-propone-una-capacitacion-para-potenciar-imagen-empresarial-y-personal\/#primaryimage\"},\"image\":{\"@id\":\"https:\/\/elregionalvm.com.ar\/noticias-villa-maria\/el-municipio-propone-una-capacitacion-para-potenciar-imagen-empresarial-y-personal\/#primaryimage\"},\"thumbnailUrl\":\"https:\/\/i0.wp.com\/elregionalvm.com.ar\/noticias-villa-maria\/wp-content\/uploads\/2024\/07\/WhatsApp-Image-2024-07-26-at-09.03.10.jpeg?fit=1080%2C1080&ssl=1\",\"datePublished\":\"2024-07-26T22:55:34+00:00\",\"dateModified\":\"2024-07-26T22:55:38+00:00\",\"author\":{\"@id\":\"http:\/\/elregionalvm.com.ar\/noticias-villa-maria\/#\/schema\/person\/a0fb9c422317faca23d50163151bc354\"},\"breadcrumb\":{\"@id\":\"https:\/\/elregionalvm.com.ar\/noticias-villa-maria\/el-municipio-propone-una-capacitacion-para-potenciar-imagen-empresarial-y-personal\/#breadcrumb\"},\"inLanguage\":\"es\",\"potentialAction\":[{\"@type\":\"ReadAction\",\"target\":[\"https:\/\/elregionalvm.com.ar\/noticias-villa-maria\/el-municipio-propone-una-capacitacion-para-potenciar-imagen-empresarial-y-personal\/\"]}]},{\"@type\":\"ImageObject\",\"inLanguage\":\"es\",\"@id\":\"https:\/\/elregionalvm.com.ar\/noticias-villa-maria\/el-municipio-propone-una-capacitacion-para-potenciar-imagen-empresarial-y-personal\/#primaryimage\",\"url\":\"https:\/\/i0.wp.com\/elregionalvm.com.ar\/noticias-villa-maria\/wp-content\/uploads\/2024\/07\/WhatsApp-Image-2024-07-26-at-09.03.10.jpeg?fit=1080%2C1080&ssl=1\",\"contentUrl\":\"https:\/\/i0.wp.com\/elregionalvm.com.ar\/noticias-villa-maria\/wp-content\/uploads\/2024\/07\/WhatsApp-Image-2024-07-26-at-09.03.10.jpeg?fit=1080%2C1080&ssl=1\",\"width\":1080,\"height\":1080},{\"@type\":\"BreadcrumbList\",\"@id\":\"https:\/\/elregionalvm.com.ar\/noticias-villa-maria\/el-municipio-propone-una-capacitacion-para-potenciar-imagen-empresarial-y-personal\/#breadcrumb\",\"itemListElement\":[{\"@type\":\"ListItem\",\"position\":1,\"name\":\"Portada\",\"item\":\"https:\/\/elregionalvm.com.ar\/noticias-villa-maria\/\"},{\"@type\":\"ListItem\",\"position\":2,\"name\":\"El Municipio propone una capacitaci\u00f3n para potenciar imagen Empresarial y Personal\"}]},{\"@type\":\"WebSite\",\"@id\":\"http:\/\/elregionalvm.com.ar\/noticias-villa-maria\/#website\",\"url\":\"http:\/\/elregionalvm.com.ar\/noticias-villa-maria\/\",\"name\":\"El Regional\",\"description\":\"Mucho m\u00e1s que informaci\u00f3n\",\"potentialAction\":[{\"@type\":\"SearchAction\",\"target\":{\"@type\":\"EntryPoint\",\"urlTemplate\":\"http:\/\/elregionalvm.com.ar\/noticias-villa-maria\/?s={search_term_string}\"},\"query-input\":{\"@type\":\"PropertyValueSpecification\",\"valueRequired\":true,\"valueName\":\"search_term_string\"}}],\"inLanguage\":\"es\"},{\"@type\":\"Person\",\"@id\":\"http:\/\/elregionalvm.com.ar\/noticias-villa-maria\/#\/schema\/person\/a0fb9c422317faca23d50163151bc354\",\"name\":\"Contenidos El Regional\",\"image\":{\"@type\":\"ImageObject\",\"inLanguage\":\"es\",\"@id\":\"http:\/\/elregionalvm.com.ar\/noticias-villa-maria\/#\/schema\/person\/image\/\",\"url\":\"https:\/\/secure.gravatar.com\/avatar\/265b27cb2209af7bb3a1318f03305787d7981a5cc6e6cd08fe5a4ecdf99d4b48?s=96&d=mm&r=g\",\"contentUrl\":\"https:\/\/secure.gravatar.com\/avatar\/265b27cb2209af7bb3a1318f03305787d7981a5cc6e6cd08fe5a4ecdf99d4b48?s=96&d=mm&r=g\",\"caption\":\"Contenidos El Regional\"},\"url\":\"https:\/\/elregionalvm.com.ar\/noticias-villa-maria\/author\/contenido\/\"}]}<\/script>\n<!-- \/ Yoast SEO plugin. -->","yoast_head_json":{"title":"El Municipio propone una capacitaci\u00f3n para potenciar imagen Empresarial y Personal - El Regional","robots":{"index":"index","follow":"follow","max-snippet":"max-snippet:-1","max-image-preview":"max-image-preview:large","max-video-preview":"max-video-preview:-1"},"canonical":"https:\/\/elregionalvm.com.ar\/noticias-villa-maria\/el-municipio-propone-una-capacitacion-para-potenciar-imagen-empresarial-y-personal\/","og_locale":"es_ES","og_type":"article","og_title":"El Municipio propone una capacitaci\u00f3n para potenciar imagen Empresarial y Personal - El Regional","og_description":"El pr\u00f3ximo martes tendr\u00e1 lugar una capacitaci\u00f3n denominada \u201cPotenciar tu Imagen\u201d. La actividad impulsada por la Subsecretar\u00eda de Desarrollo Productivo, se desarrollar\u00e1 en el Sal\u00f3n de Usos M\u00faltiples del Villa Mar\u00eda Shopping. La misma comenzar\u00e1 a las 14:00 horas, tendr\u00e1 una duraci\u00f3n hasta las 16:00 horas y estar\u00e1 a cargo de la asesora de imagen [&hellip;]","og_url":"https:\/\/elregionalvm.com.ar\/noticias-villa-maria\/el-municipio-propone-una-capacitacion-para-potenciar-imagen-empresarial-y-personal\/","og_site_name":"El Regional","article_publisher":"https:\/\/www.facebook.com\/elregionalvm","article_published_time":"2024-07-26T22:55:34+00:00","article_modified_time":"2024-07-26T22:55:38+00:00","og_image":[{"width":1080,"height":1080,"url":"https:\/\/elregionalvm.com.ar\/noticias-villa-maria\/wp-content\/uploads\/2024\/07\/WhatsApp-Image-2024-07-26-at-09.03.10.jpeg","type":"image\/jpeg"}],"author":"Contenidos El Regional","twitter_card":"summary_large_image","twitter_creator":"@elregionalvm1","twitter_site":"@elregionalvm1","twitter_misc":{"Escrito por":"Contenidos El Regional","Tiempo de lectura":"1 minuto"},"schema":{"@context":"https:\/\/schema.org","@graph":[{"@type":"Article","@id":"https:\/\/elregionalvm.com.ar\/noticias-villa-maria\/el-municipio-propone-una-capacitacion-para-potenciar-imagen-empresarial-y-personal\/#article","isPartOf":{"@id":"https:\/\/elregionalvm.com.ar\/noticias-villa-maria\/el-municipio-propone-una-capacitacion-para-potenciar-imagen-empresarial-y-personal\/"},"author":{"name":"Contenidos El Regional","@id":"http:\/\/elregionalvm.com.ar\/noticias-villa-maria\/#\/schema\/person\/a0fb9c422317faca23d50163151bc354"},"headline":"El Municipio propone una capacitaci\u00f3n para potenciar imagen Empresarial y Personal","datePublished":"2024-07-26T22:55:34+00:00","dateModified":"2024-07-26T22:55:38+00:00","mainEntityOfPage":{"@id":"https:\/\/elregionalvm.com.ar\/noticias-villa-maria\/el-municipio-propone-una-capacitacion-para-potenciar-imagen-empresarial-y-personal\/"},"wordCount":196,"commentCount":0,"image":{"@id":"https:\/\/elregionalvm.com.ar\/noticias-villa-maria\/el-municipio-propone-una-capacitacion-para-potenciar-imagen-empresarial-y-personal\/#primaryimage"},"thumbnailUrl":"https:\/\/i0.wp.com\/elregionalvm.com.ar\/noticias-villa-maria\/wp-content\/uploads\/2024\/07\/WhatsApp-Image-2024-07-26-at-09.03.10.jpeg?fit=1080%2C1080&ssl=1","articleSection":["destacado","Sociedad","Villa Mar\u00eda"],"inLanguage":"es","potentialAction":[{"@type":"CommentAction","name":"Comment","target":["https:\/\/elregionalvm.com.ar\/noticias-villa-maria\/el-municipio-propone-una-capacitacion-para-potenciar-imagen-empresarial-y-personal\/#respond"]}]},{"@type":"WebPage","@id":"https:\/\/elregionalvm.com.ar\/noticias-villa-maria\/el-municipio-propone-una-capacitacion-para-potenciar-imagen-empresarial-y-personal\/","url":"https:\/\/elregionalvm.com.ar\/noticias-villa-maria\/el-municipio-propone-una-capacitacion-para-potenciar-imagen-empresarial-y-personal\/","name":"El Municipio propone una capacitaci\u00f3n para potenciar imagen Empresarial y Personal - El Regional","isPartOf":{"@id":"http:\/\/elregionalvm.com.ar\/noticias-villa-maria\/#website"},"primaryImageOfPage":{"@id":"https:\/\/elregionalvm.com.ar\/noticias-villa-maria\/el-municipio-propone-una-capacitacion-para-potenciar-imagen-empresarial-y-personal\/#primaryimage"},"image":{"@id":"https:\/\/elregionalvm.com.ar\/noticias-villa-maria\/el-municipio-propone-una-capacitacion-para-potenciar-imagen-empresarial-y-personal\/#primaryimage"},"thumbnailUrl":"https:\/\/i0.wp.com\/elregionalvm.com.ar\/noticias-villa-maria\/wp-content\/uploads\/2024\/07\/WhatsApp-Image-2024-07-26-at-09.03.10.jpeg?fit=1080%2C1080&ssl=1","datePublished":"2024-07-26T22:55:34+00:00","dateModified":"2024-07-26T22:55:38+00:00","author":{"@id":"http:\/\/elregionalvm.com.ar\/noticias-villa-maria\/#\/schema\/person\/a0fb9c422317faca23d50163151bc354"},"breadcrumb":{"@id":"https:\/\/elregionalvm.com.ar\/noticias-villa-maria\/el-municipio-propone-una-capacitacion-para-potenciar-imagen-empresarial-y-personal\/#breadcrumb"},"inLanguage":"es","potentialAction":[{"@type":"ReadAction","target":["https:\/\/elregionalvm.com.ar\/noticias-villa-maria\/el-municipio-propone-una-capacitacion-para-potenciar-imagen-empresarial-y-personal\/"]}]},{"@type":"ImageObject","inLanguage":"es","@id":"https:\/\/elregionalvm.com.ar\/noticias-villa-maria\/el-municipio-propone-una-capacitacion-para-potenciar-imagen-empresarial-y-personal\/#primaryimage","url":"https:\/\/i0.wp.com\/elregionalvm.com.ar\/noticias-villa-maria\/wp-content\/uploads\/2024\/07\/WhatsApp-Image-2024-07-26-at-09.03.10.jpeg?fit=1080%2C1080&ssl=1","contentUrl":"https:\/\/i0.wp.com\/elregionalvm.com.ar\/noticias-villa-maria\/wp-content\/uploads\/2024\/07\/WhatsApp-Image-2024-07-26-at-09.03.10.jpeg?fit=1080%2C1080&ssl=1","width":1080,"height":1080},{"@type":"BreadcrumbList","@id":"https:\/\/elregionalvm.com.ar\/noticias-villa-maria\/el-municipio-propone-una-capacitacion-para-potenciar-imagen-empresarial-y-personal\/#breadcrumb","itemListElement":[{"@type":"ListItem","position":1,"name":"Portada","item":"https:\/\/elregionalvm.com.ar\/noticias-villa-maria\/"},{"@type":"ListItem","position":2,"name":"El Municipio propone una capacitaci\u00f3n para potenciar imagen Empresarial y Personal"}]},{"@type":"WebSite","@id":"http:\/\/elregionalvm.com.ar\/noticias-villa-maria\/#website","url":"http:\/\/elregionalvm.com.ar\/noticias-villa-maria\/","name":"El Regional","description":"Mucho m\u00e1s que informaci\u00f3n","potentialAction":[{"@type":"SearchAction","target":{"@type":"EntryPoint","urlTemplate":"http:\/\/elregionalvm.com.ar\/noticias-villa-maria\/?s={search_term_string}"},"query-input":{"@type":"PropertyValueSpecification","valueRequired":true,"valueName":"search_term_string"}}],"inLanguage":"es"},{"@type":"Person","@id":"http:\/\/elregionalvm.com.ar\/noticias-villa-maria\/#\/schema\/person\/a0fb9c422317faca23d50163151bc354","name":"Contenidos El Regional","image":{"@type":"ImageObject","inLanguage":"es","@id":"http:\/\/elregionalvm.com.ar\/noticias-villa-maria\/#\/schema\/person\/image\/","url":"https:\/\/secure.gravatar.com\/avatar\/265b27cb2209af7bb3a1318f03305787d7981a5cc6e6cd08fe5a4ecdf99d4b48?s=96&d=mm&r=g","contentUrl":"https:\/\/secure.gravatar.com\/avatar\/265b27cb2209af7bb3a1318f03305787d7981a5cc6e6cd08fe5a4ecdf99d4b48?s=96&d=mm&r=g","caption":"Contenidos El Regional"},"url":"https:\/\/elregionalvm.com.ar\/noticias-villa-maria\/author\/contenido\/"}]}},"jetpack_featured_media_url":"https:\/\/i0.wp.com\/elregionalvm.com.ar\/noticias-villa-maria\/wp-content\/uploads\/2024\/07\/WhatsApp-Image-2024-07-26-at-09.03.10.jpeg?fit=1080%2C1080&ssl=1","jetpack_sharing_enabled":true,"_links":{"self":[{"href":"https:\/\/elregionalvm.com.ar\/noticias-villa-maria\/wp-json\/wp\/v2\/posts\/96647","targetHints":{"allow":["GET"]}}],"collection":[{"href":"https:\/\/elregionalvm.com.ar\/noticias-villa-maria\/wp-json\/wp\/v2\/posts"}],"about":[{"href":"https:\/\/elregionalvm.com.ar\/noticias-villa-maria\/wp-json\/wp\/v2\/types\/post"}],"author":[{"embeddable":true,"href":"https:\/\/elregionalvm.com.ar\/noticias-villa-maria\/wp-json\/wp\/v2\/users\/4"}],"replies":[{"embeddable":true,"href":"https:\/\/elregionalvm.com.ar\/noticias-villa-maria\/wp-json\/wp\/v2\/comments?post=96647"}],"version-history":[{"count":1,"href":"https:\/\/elregionalvm.com.ar\/noticias-villa-maria\/wp-json\/wp\/v2\/posts\/96647\/revisions"}],"predecessor-version":[{"id":96649,"href":"https:\/\/elregionalvm.com.ar\/noticias-villa-maria\/wp-json\/wp\/v2\/posts\/96647\/revisions\/96649"}],"wp:featuredmedia":[{"embeddable":true,"href":"https:\/\/elregionalvm.com.ar\/noticias-villa-maria\/wp-json\/wp\/v2\/media\/96648"}],"wp:attachment":[{"href":"https:\/\/elregionalvm.com.ar\/noticias-villa-maria\/wp-json\/wp\/v2\/media?parent=96647"}],"wp:term":[{"taxonomy":"category","embeddable":true,"href":"https:\/\/elregionalvm.com.ar\/noticias-villa-maria\/wp-json\/wp\/v2\/categories?post=96647"},{"taxonomy":"post_tag","embeddable":true,"href":"https:\/\/elregionalvm.com.ar\/noticias-villa-maria\/wp-json\/wp\/v2\/tags?post=96647"}],"curies":[{"name":"wp","href":"https:\/\/api.w.org\/{rel}","templated":true}]}}