{"id":96655,"date":"2024-07-26T23:15:27","date_gmt":"2024-07-26T23:15:27","guid":{"rendered":"https:\/\/elregionalvm.com.ar\/noticias-villa-maria\/?p=96655"},"modified":"2024-07-26T23:15:30","modified_gmt":"2024-07-26T23:15:30","slug":"el-programa-perteneser-entrego-7-personerias-juridicas-a-instituciones-de-la-ciudad","status":"publish","type":"post","link":"https:\/\/elregionalvm.com.ar\/noticias-villa-maria\/el-programa-perteneser-entrego-7-personerias-juridicas-a-instituciones-de-la-ciudad\/","title":{"rendered":"El Programa PerteneSER entreg\u00f3 7 personer\u00edas jur\u00eddicas a instituciones de la ciudad"},"content":{"rendered":"\n<p>La Secretar\u00eda de Gobierno, Cultura y Relaciones Institucionales, informa que el programa PerteneSER hizo entrega de regularizaci\u00f3n o constituci\u00f3n de 7 nuevas instituciones. De esta manera, ha llegado a un total de 20 desde la puesta en marcha de este programa.<\/p>\n\n\n\n<p>En tal sentido, el municipio entreg\u00f3 resoluciones de la Inspecci\u00f3n de Personer\u00eda Jur\u00eddica a \u201cHuellas del Pasado\u201d, \u201cCiudad Refugio\u201d, Merendero Comedor \u201c7 de Febrero\u201d, Escuela de Danzas \u201cAisha Ra\u201d, y \u201cNo Bajemos los Brazos\u201d.<\/p>\n\n\n\n<figure class=\"wp-block-image size-large\"><img data-recalc-dims=\"1\" fetchpriority=\"high\" decoding=\"async\" width=\"1024\" height=\"683\" src=\"https:\/\/i0.wp.com\/elregionalvm.com.ar\/noticias-villa-maria\/wp-content\/uploads\/2024\/07\/WhatsApp-Image-2024-07-26-at-09.30.47.jpeg?resize=1024%2C683&#038;ssl=1\" alt=\"\" class=\"wp-image-96657\" srcset=\"https:\/\/i0.wp.com\/elregionalvm.com.ar\/noticias-villa-maria\/wp-content\/uploads\/2024\/07\/WhatsApp-Image-2024-07-26-at-09.30.47-scaled.jpeg?resize=1024%2C683&amp;ssl=1 1024w, https:\/\/i0.wp.com\/elregionalvm.com.ar\/noticias-villa-maria\/wp-content\/uploads\/2024\/07\/WhatsApp-Image-2024-07-26-at-09.30.47-scaled.jpeg?resize=300%2C200&amp;ssl=1 300w, https:\/\/i0.wp.com\/elregionalvm.com.ar\/noticias-villa-maria\/wp-content\/uploads\/2024\/07\/WhatsApp-Image-2024-07-26-at-09.30.47-scaled.jpeg?resize=768%2C512&amp;ssl=1 768w, https:\/\/i0.wp.com\/elregionalvm.com.ar\/noticias-villa-maria\/wp-content\/uploads\/2024\/07\/WhatsApp-Image-2024-07-26-at-09.30.47-scaled.jpeg?resize=1536%2C1024&amp;ssl=1 1536w, https:\/\/i0.wp.com\/elregionalvm.com.ar\/noticias-villa-maria\/wp-content\/uploads\/2024\/07\/WhatsApp-Image-2024-07-26-at-09.30.47-scaled.jpeg?resize=2048%2C1365&amp;ssl=1 2048w\" sizes=\"(max-width: 1000px) 100vw, 1000px\" \/><\/figure>\n\n\n\n<p>Por su parte, regulariz\u00f3 las situaciones del Centro de Jubilados y Pensionados \u201cFraternales de Villa Mar\u00eda\u201d y Club El Tallerito.<\/p>\n\n\n\n<p>Al respecto, el secretario de Gobierno, Cultura y Relaciones Institucionales, Marcos Bovo, expres\u00f3: \u201cLas personer\u00edas jur\u00eddicas son el DNI de una instituci\u00f3n y son las instituciones quienes hacen al fortalecimiento de la vida de una comunidad. El programa PerteneSER nos permite estar cerca de los dirigentes que con vocaci\u00f3n de servicio permiten el cumplimiento de los objetivos por los cuales nace una instituci\u00f3n\u201d.<\/p>\n\n\n\n<p>\u201cEl intendente Accastello valora este trabajo, por eso impulsa desde su gesti\u00f3n este programa\u201d, sostuvo Bovo.<\/p>\n\n\n\n<p>El acto de entrega se realiz\u00f3 en el Sal\u00f3n Blanco del Palacio Municipal y participaron del mismo el secretario del \u00e1rea, el presidente del Ente Villa Mar\u00eda Deporte y Turismo SEM, Alejandro Mana, la subsecretaria de Cultura, Virginia Reyneri, el director general de Gesti\u00f3n Sanitaria, Pablo Arriaga, adem\u00e1s de dirigentes y miembros de las citadas instituciones.<\/p>\n\n\n\n<p>Acerca del Programa<\/p>\n\n\n\n<p>PerteneSER surge como una iniciativa del Municipio, con la finalidad de acompa\u00f1ar a fundaciones y asociaciones civiles de la ciudad, en donde un equipo de especializados brinda asesoramiento t\u00e9cnico en materia de personer\u00eda jur\u00eddica. Este programa es impulsado por la direcci\u00f3n de Relaciones Institucionales, coordinada por Noelia Macagno.<\/p>\n\n\n\n<p>Desde su puesta en marcha, el mismo ha constituido desde cero a 11 instituciones y a colaborado a regularizar a otras 9. En tanto, se brind\u00f3 asesoramiento jur\u00eddico y contable a mas de 25 representantes de instituciones de la ciudad, y en la actualidad se est\u00e1 trabajando en constituir o regularizar la Personer\u00eda Jur\u00eddica de otras 13 entidades sin fines de lucro.<\/p>\n","protected":false},"excerpt":{"rendered":"<p>La Secretar\u00eda de Gobierno, Cultura y Relaciones Institucionales, informa que el programa PerteneSER hizo entrega de regularizaci\u00f3n o constituci\u00f3n de 7 nuevas instituciones. De esta manera, ha llegado a un total de 20 desde la puesta en marcha de este programa. En tal sentido, el municipio entreg\u00f3 resoluciones de la Inspecci\u00f3n de Personer\u00eda Jur\u00eddica a [&hellip;]<\/p>\n","protected":false},"author":4,"featured_media":96656,"comment_status":"open","ping_status":"open","sticky":false,"template":"","format":"standard","meta":{"site-sidebar-layout":"default","site-content-layout":"","ast-site-content-layout":"default","site-content-style":"default","site-sidebar-style":"default","ast-global-header-display":"","ast-banner-title-visibility":"","ast-main-header-display":"","ast-hfb-above-header-display":"","ast-hfb-below-header-display":"","ast-hfb-mobile-header-display":"","site-post-title":"","ast-breadcrumbs-content":"","ast-featured-img":"","footer-sml-layout":"","ast-disable-related-posts":"","theme-transparent-header-meta":"","adv-header-id-meta":"","stick-header-meta":"","header-above-stick-meta":"","header-main-stick-meta":"","header-below-stick-meta":"","astra-migrate-meta-layouts":"set","ast-page-background-enabled":"default","ast-page-background-meta":{"desktop":{"background-color":"","background-image":"","background-repeat":"repeat","background-position":"center center","background-size":"auto","background-attachment":"scroll","background-type":"","background-media":"","overlay-type":"","overlay-color":"","overlay-opacity":"","overlay-gradient":""},"tablet":{"background-color":"","background-image":"","background-repeat":"repeat","background-position":"center center","background-size":"auto","background-attachment":"scroll","background-type":"","background-media":"","overlay-type":"","overlay-color":"","overlay-opacity":"","overlay-gradient":""},"mobile":{"background-color":"","background-image":"","background-repeat":"repeat","background-position":"center center","background-size":"auto","background-attachment":"scroll","background-type":"","background-media":"","overlay-type":"","overlay-color":"","overlay-opacity":"","overlay-gradient":""}},"ast-content-background-meta":{"desktop":{"background-color":"var(--ast-global-color-5)","background-image":"","background-repeat":"repeat","background-position":"center center","background-size":"auto","background-attachment":"scroll","background-type":"","background-media":"","overlay-type":"","overlay-color":"","overlay-opacity":"","overlay-gradient":""},"tablet":{"background-color":"var(--ast-global-color-5)","background-image":"","background-repeat":"repeat","background-position":"center center","background-size":"auto","background-attachment":"scroll","background-type":"","background-media":"","overlay-type":"","overlay-color":"","overlay-opacity":"","overlay-gradient":""},"mobile":{"background-color":"var(--ast-global-color-5)","background-image":"","background-repeat":"repeat","background-position":"center center","background-size":"auto","background-attachment":"scroll","background-type":"","background-media":"","overlay-type":"","overlay-color":"","overlay-opacity":"","overlay-gradient":""}},"_jetpack_memberships_contains_paid_content":false,"_joinchat":[],"footnotes":""},"categories":[15302,5,2],"tags":[],"class_list":["post-96655","post","type-post","status-publish","format-standard","has-post-thumbnail","hentry","category-destacado","category-sociedad","category-villa-maria"],"yoast_head":"<!-- This site is optimized with the Yoast SEO plugin v26.8 - https:\/\/yoast.com\/product\/yoast-seo-wordpress\/ -->\n<title>El Programa PerteneSER entreg\u00f3 7 personer\u00edas jur\u00eddicas a instituciones de la ciudad - El Regional<\/title>\n<meta name=\"robots\" content=\"index, follow, max-snippet:-1, max-image-preview:large, max-video-preview:-1\" \/>\n<link rel=\"canonical\" href=\"https:\/\/elregionalvm.com.ar\/noticias-villa-maria\/el-programa-perteneser-entrego-7-personerias-juridicas-a-instituciones-de-la-ciudad\/\" \/>\n<meta property=\"og:locale\" content=\"es_ES\" \/>\n<meta property=\"og:type\" content=\"article\" \/>\n<meta property=\"og:title\" content=\"El Programa PerteneSER entreg\u00f3 7 personer\u00edas jur\u00eddicas a instituciones de la ciudad - El Regional\" \/>\n<meta property=\"og:description\" content=\"La Secretar\u00eda de Gobierno, Cultura y Relaciones Institucionales, informa que el programa PerteneSER hizo entrega de regularizaci\u00f3n o constituci\u00f3n de 7 nuevas instituciones. De esta manera, ha llegado a un total de 20 desde la puesta en marcha de este programa. En tal sentido, el municipio entreg\u00f3 resoluciones de la Inspecci\u00f3n de Personer\u00eda Jur\u00eddica a [&hellip;]\" \/>\n<meta property=\"og:url\" content=\"https:\/\/elregionalvm.com.ar\/noticias-villa-maria\/el-programa-perteneser-entrego-7-personerias-juridicas-a-instituciones-de-la-ciudad\/\" \/>\n<meta property=\"og:site_name\" content=\"El Regional\" \/>\n<meta property=\"article:publisher\" content=\"https:\/\/www.facebook.com\/elregionalvm\" \/>\n<meta property=\"article:published_time\" content=\"2024-07-26T23:15:27+00:00\" \/>\n<meta property=\"article:modified_time\" content=\"2024-07-26T23:15:30+00:00\" \/>\n<meta property=\"og:image\" content=\"https:\/\/elregionalvm.com.ar\/noticias-villa-maria\/wp-content\/uploads\/2024\/07\/WhatsApp-Image-2024-07-26-at-09.30.46-2-scaled.jpeg\" \/>\n\t<meta property=\"og:image:width\" content=\"2560\" \/>\n\t<meta property=\"og:image:height\" content=\"1706\" \/>\n\t<meta property=\"og:image:type\" content=\"image\/jpeg\" \/>\n<meta name=\"author\" content=\"Contenidos El Regional\" \/>\n<meta name=\"twitter:card\" content=\"summary_large_image\" \/>\n<meta name=\"twitter:creator\" content=\"@elregionalvm1\" \/>\n<meta name=\"twitter:site\" content=\"@elregionalvm1\" \/>\n<meta name=\"twitter:label1\" content=\"Escrito por\" \/>\n\t<meta name=\"twitter:data1\" content=\"Contenidos El Regional\" \/>\n\t<meta name=\"twitter:label2\" content=\"Tiempo de lectura\" \/>\n\t<meta name=\"twitter:data2\" content=\"2 minutos\" \/>\n<script type=\"application\/ld+json\" class=\"yoast-schema-graph\">{\"@context\":\"https:\/\/schema.org\",\"@graph\":[{\"@type\":\"Article\",\"@id\":\"https:\/\/elregionalvm.com.ar\/noticias-villa-maria\/el-programa-perteneser-entrego-7-personerias-juridicas-a-instituciones-de-la-ciudad\/#article\",\"isPartOf\":{\"@id\":\"https:\/\/elregionalvm.com.ar\/noticias-villa-maria\/el-programa-perteneser-entrego-7-personerias-juridicas-a-instituciones-de-la-ciudad\/\"},\"author\":{\"name\":\"Contenidos El Regional\",\"@id\":\"http:\/\/elregionalvm.com.ar\/noticias-villa-maria\/#\/schema\/person\/a0fb9c422317faca23d50163151bc354\"},\"headline\":\"El Programa PerteneSER entreg\u00f3 7 personer\u00edas jur\u00eddicas a instituciones de la ciudad\",\"datePublished\":\"2024-07-26T23:15:27+00:00\",\"dateModified\":\"2024-07-26T23:15:30+00:00\",\"mainEntityOfPage\":{\"@id\":\"https:\/\/elregionalvm.com.ar\/noticias-villa-maria\/el-programa-perteneser-entrego-7-personerias-juridicas-a-instituciones-de-la-ciudad\/\"},\"wordCount\":374,\"commentCount\":0,\"image\":{\"@id\":\"https:\/\/elregionalvm.com.ar\/noticias-villa-maria\/el-programa-perteneser-entrego-7-personerias-juridicas-a-instituciones-de-la-ciudad\/#primaryimage\"},\"thumbnailUrl\":\"https:\/\/i0.wp.com\/elregionalvm.com.ar\/noticias-villa-maria\/wp-content\/uploads\/2024\/07\/WhatsApp-Image-2024-07-26-at-09.30.46-2-scaled.jpeg?fit=2560%2C1706&ssl=1\",\"articleSection\":[\"destacado\",\"Sociedad\",\"Villa Mar\u00eda\"],\"inLanguage\":\"es\",\"potentialAction\":[{\"@type\":\"CommentAction\",\"name\":\"Comment\",\"target\":[\"https:\/\/elregionalvm.com.ar\/noticias-villa-maria\/el-programa-perteneser-entrego-7-personerias-juridicas-a-instituciones-de-la-ciudad\/#respond\"]}]},{\"@type\":\"WebPage\",\"@id\":\"https:\/\/elregionalvm.com.ar\/noticias-villa-maria\/el-programa-perteneser-entrego-7-personerias-juridicas-a-instituciones-de-la-ciudad\/\",\"url\":\"https:\/\/elregionalvm.com.ar\/noticias-villa-maria\/el-programa-perteneser-entrego-7-personerias-juridicas-a-instituciones-de-la-ciudad\/\",\"name\":\"El Programa PerteneSER entreg\u00f3 7 personer\u00edas jur\u00eddicas a instituciones de la ciudad - El Regional\",\"isPartOf\":{\"@id\":\"http:\/\/elregionalvm.com.ar\/noticias-villa-maria\/#website\"},\"primaryImageOfPage\":{\"@id\":\"https:\/\/elregionalvm.com.ar\/noticias-villa-maria\/el-programa-perteneser-entrego-7-personerias-juridicas-a-instituciones-de-la-ciudad\/#primaryimage\"},\"image\":{\"@id\":\"https:\/\/elregionalvm.com.ar\/noticias-villa-maria\/el-programa-perteneser-entrego-7-personerias-juridicas-a-instituciones-de-la-ciudad\/#primaryimage\"},\"thumbnailUrl\":\"https:\/\/i0.wp.com\/elregionalvm.com.ar\/noticias-villa-maria\/wp-content\/uploads\/2024\/07\/WhatsApp-Image-2024-07-26-at-09.30.46-2-scaled.jpeg?fit=2560%2C1706&ssl=1\",\"datePublished\":\"2024-07-26T23:15:27+00:00\",\"dateModified\":\"2024-07-26T23:15:30+00:00\",\"author\":{\"@id\":\"http:\/\/elregionalvm.com.ar\/noticias-villa-maria\/#\/schema\/person\/a0fb9c422317faca23d50163151bc354\"},\"breadcrumb\":{\"@id\":\"https:\/\/elregionalvm.com.ar\/noticias-villa-maria\/el-programa-perteneser-entrego-7-personerias-juridicas-a-instituciones-de-la-ciudad\/#breadcrumb\"},\"inLanguage\":\"es\",\"potentialAction\":[{\"@type\":\"ReadAction\",\"target\":[\"https:\/\/elregionalvm.com.ar\/noticias-villa-maria\/el-programa-perteneser-entrego-7-personerias-juridicas-a-instituciones-de-la-ciudad\/\"]}]},{\"@type\":\"ImageObject\",\"inLanguage\":\"es\",\"@id\":\"https:\/\/elregionalvm.com.ar\/noticias-villa-maria\/el-programa-perteneser-entrego-7-personerias-juridicas-a-instituciones-de-la-ciudad\/#primaryimage\",\"url\":\"https:\/\/i0.wp.com\/elregionalvm.com.ar\/noticias-villa-maria\/wp-content\/uploads\/2024\/07\/WhatsApp-Image-2024-07-26-at-09.30.46-2-scaled.jpeg?fit=2560%2C1706&ssl=1\",\"contentUrl\":\"https:\/\/i0.wp.com\/elregionalvm.com.ar\/noticias-villa-maria\/wp-content\/uploads\/2024\/07\/WhatsApp-Image-2024-07-26-at-09.30.46-2-scaled.jpeg?fit=2560%2C1706&ssl=1\",\"width\":2560,\"height\":1706},{\"@type\":\"BreadcrumbList\",\"@id\":\"https:\/\/elregionalvm.com.ar\/noticias-villa-maria\/el-programa-perteneser-entrego-7-personerias-juridicas-a-instituciones-de-la-ciudad\/#breadcrumb\",\"itemListElement\":[{\"@type\":\"ListItem\",\"position\":1,\"name\":\"Portada\",\"item\":\"https:\/\/elregionalvm.com.ar\/noticias-villa-maria\/\"},{\"@type\":\"ListItem\",\"position\":2,\"name\":\"El Programa PerteneSER entreg\u00f3 7 personer\u00edas jur\u00eddicas a instituciones de la ciudad\"}]},{\"@type\":\"WebSite\",\"@id\":\"http:\/\/elregionalvm.com.ar\/noticias-villa-maria\/#website\",\"url\":\"http:\/\/elregionalvm.com.ar\/noticias-villa-maria\/\",\"name\":\"El Regional\",\"description\":\"Mucho m\u00e1s que informaci\u00f3n\",\"potentialAction\":[{\"@type\":\"SearchAction\",\"target\":{\"@type\":\"EntryPoint\",\"urlTemplate\":\"http:\/\/elregionalvm.com.ar\/noticias-villa-maria\/?s={search_term_string}\"},\"query-input\":{\"@type\":\"PropertyValueSpecification\",\"valueRequired\":true,\"valueName\":\"search_term_string\"}}],\"inLanguage\":\"es\"},{\"@type\":\"Person\",\"@id\":\"http:\/\/elregionalvm.com.ar\/noticias-villa-maria\/#\/schema\/person\/a0fb9c422317faca23d50163151bc354\",\"name\":\"Contenidos El Regional\",\"image\":{\"@type\":\"ImageObject\",\"inLanguage\":\"es\",\"@id\":\"http:\/\/elregionalvm.com.ar\/noticias-villa-maria\/#\/schema\/person\/image\/\",\"url\":\"https:\/\/secure.gravatar.com\/avatar\/265b27cb2209af7bb3a1318f03305787d7981a5cc6e6cd08fe5a4ecdf99d4b48?s=96&d=mm&r=g\",\"contentUrl\":\"https:\/\/secure.gravatar.com\/avatar\/265b27cb2209af7bb3a1318f03305787d7981a5cc6e6cd08fe5a4ecdf99d4b48?s=96&d=mm&r=g\",\"caption\":\"Contenidos El Regional\"},\"url\":\"https:\/\/elregionalvm.com.ar\/noticias-villa-maria\/author\/contenido\/\"}]}<\/script>\n<!-- \/ Yoast SEO plugin. -->","yoast_head_json":{"title":"El Programa PerteneSER entreg\u00f3 7 personer\u00edas jur\u00eddicas a instituciones de la ciudad - El Regional","robots":{"index":"index","follow":"follow","max-snippet":"max-snippet:-1","max-image-preview":"max-image-preview:large","max-video-preview":"max-video-preview:-1"},"canonical":"https:\/\/elregionalvm.com.ar\/noticias-villa-maria\/el-programa-perteneser-entrego-7-personerias-juridicas-a-instituciones-de-la-ciudad\/","og_locale":"es_ES","og_type":"article","og_title":"El Programa PerteneSER entreg\u00f3 7 personer\u00edas jur\u00eddicas a instituciones de la ciudad - El Regional","og_description":"La Secretar\u00eda de Gobierno, Cultura y Relaciones Institucionales, informa que el programa PerteneSER hizo entrega de regularizaci\u00f3n o constituci\u00f3n de 7 nuevas instituciones. De esta manera, ha llegado a un total de 20 desde la puesta en marcha de este programa. En tal sentido, el municipio entreg\u00f3 resoluciones de la Inspecci\u00f3n de Personer\u00eda Jur\u00eddica a [&hellip;]","og_url":"https:\/\/elregionalvm.com.ar\/noticias-villa-maria\/el-programa-perteneser-entrego-7-personerias-juridicas-a-instituciones-de-la-ciudad\/","og_site_name":"El Regional","article_publisher":"https:\/\/www.facebook.com\/elregionalvm","article_published_time":"2024-07-26T23:15:27+00:00","article_modified_time":"2024-07-26T23:15:30+00:00","og_image":[{"width":2560,"height":1706,"url":"https:\/\/elregionalvm.com.ar\/noticias-villa-maria\/wp-content\/uploads\/2024\/07\/WhatsApp-Image-2024-07-26-at-09.30.46-2-scaled.jpeg","type":"image\/jpeg"}],"author":"Contenidos El Regional","twitter_card":"summary_large_image","twitter_creator":"@elregionalvm1","twitter_site":"@elregionalvm1","twitter_misc":{"Escrito por":"Contenidos El Regional","Tiempo de lectura":"2 minutos"},"schema":{"@context":"https:\/\/schema.org","@graph":[{"@type":"Article","@id":"https:\/\/elregionalvm.com.ar\/noticias-villa-maria\/el-programa-perteneser-entrego-7-personerias-juridicas-a-instituciones-de-la-ciudad\/#article","isPartOf":{"@id":"https:\/\/elregionalvm.com.ar\/noticias-villa-maria\/el-programa-perteneser-entrego-7-personerias-juridicas-a-instituciones-de-la-ciudad\/"},"author":{"name":"Contenidos El Regional","@id":"http:\/\/elregionalvm.com.ar\/noticias-villa-maria\/#\/schema\/person\/a0fb9c422317faca23d50163151bc354"},"headline":"El Programa PerteneSER entreg\u00f3 7 personer\u00edas jur\u00eddicas a instituciones de la ciudad","datePublished":"2024-07-26T23:15:27+00:00","dateModified":"2024-07-26T23:15:30+00:00","mainEntityOfPage":{"@id":"https:\/\/elregionalvm.com.ar\/noticias-villa-maria\/el-programa-perteneser-entrego-7-personerias-juridicas-a-instituciones-de-la-ciudad\/"},"wordCount":374,"commentCount":0,"image":{"@id":"https:\/\/elregionalvm.com.ar\/noticias-villa-maria\/el-programa-perteneser-entrego-7-personerias-juridicas-a-instituciones-de-la-ciudad\/#primaryimage"},"thumbnailUrl":"https:\/\/i0.wp.com\/elregionalvm.com.ar\/noticias-villa-maria\/wp-content\/uploads\/2024\/07\/WhatsApp-Image-2024-07-26-at-09.30.46-2-scaled.jpeg?fit=2560%2C1706&ssl=1","articleSection":["destacado","Sociedad","Villa Mar\u00eda"],"inLanguage":"es","potentialAction":[{"@type":"CommentAction","name":"Comment","target":["https:\/\/elregionalvm.com.ar\/noticias-villa-maria\/el-programa-perteneser-entrego-7-personerias-juridicas-a-instituciones-de-la-ciudad\/#respond"]}]},{"@type":"WebPage","@id":"https:\/\/elregionalvm.com.ar\/noticias-villa-maria\/el-programa-perteneser-entrego-7-personerias-juridicas-a-instituciones-de-la-ciudad\/","url":"https:\/\/elregionalvm.com.ar\/noticias-villa-maria\/el-programa-perteneser-entrego-7-personerias-juridicas-a-instituciones-de-la-ciudad\/","name":"El Programa PerteneSER entreg\u00f3 7 personer\u00edas jur\u00eddicas a instituciones de la ciudad - El Regional","isPartOf":{"@id":"http:\/\/elregionalvm.com.ar\/noticias-villa-maria\/#website"},"primaryImageOfPage":{"@id":"https:\/\/elregionalvm.com.ar\/noticias-villa-maria\/el-programa-perteneser-entrego-7-personerias-juridicas-a-instituciones-de-la-ciudad\/#primaryimage"},"image":{"@id":"https:\/\/elregionalvm.com.ar\/noticias-villa-maria\/el-programa-perteneser-entrego-7-personerias-juridicas-a-instituciones-de-la-ciudad\/#primaryimage"},"thumbnailUrl":"https:\/\/i0.wp.com\/elregionalvm.com.ar\/noticias-villa-maria\/wp-content\/uploads\/2024\/07\/WhatsApp-Image-2024-07-26-at-09.30.46-2-scaled.jpeg?fit=2560%2C1706&ssl=1","datePublished":"2024-07-26T23:15:27+00:00","dateModified":"2024-07-26T23:15:30+00:00","author":{"@id":"http:\/\/elregionalvm.com.ar\/noticias-villa-maria\/#\/schema\/person\/a0fb9c422317faca23d50163151bc354"},"breadcrumb":{"@id":"https:\/\/elregionalvm.com.ar\/noticias-villa-maria\/el-programa-perteneser-entrego-7-personerias-juridicas-a-instituciones-de-la-ciudad\/#breadcrumb"},"inLanguage":"es","potentialAction":[{"@type":"ReadAction","target":["https:\/\/elregionalvm.com.ar\/noticias-villa-maria\/el-programa-perteneser-entrego-7-personerias-juridicas-a-instituciones-de-la-ciudad\/"]}]},{"@type":"ImageObject","inLanguage":"es","@id":"https:\/\/elregionalvm.com.ar\/noticias-villa-maria\/el-programa-perteneser-entrego-7-personerias-juridicas-a-instituciones-de-la-ciudad\/#primaryimage","url":"https:\/\/i0.wp.com\/elregionalvm.com.ar\/noticias-villa-maria\/wp-content\/uploads\/2024\/07\/WhatsApp-Image-2024-07-26-at-09.30.46-2-scaled.jpeg?fit=2560%2C1706&ssl=1","contentUrl":"https:\/\/i0.wp.com\/elregionalvm.com.ar\/noticias-villa-maria\/wp-content\/uploads\/2024\/07\/WhatsApp-Image-2024-07-26-at-09.30.46-2-scaled.jpeg?fit=2560%2C1706&ssl=1","width":2560,"height":1706},{"@type":"BreadcrumbList","@id":"https:\/\/elregionalvm.com.ar\/noticias-villa-maria\/el-programa-perteneser-entrego-7-personerias-juridicas-a-instituciones-de-la-ciudad\/#breadcrumb","itemListElement":[{"@type":"ListItem","position":1,"name":"Portada","item":"https:\/\/elregionalvm.com.ar\/noticias-villa-maria\/"},{"@type":"ListItem","position":2,"name":"El Programa PerteneSER entreg\u00f3 7 personer\u00edas jur\u00eddicas a instituciones de la ciudad"}]},{"@type":"WebSite","@id":"http:\/\/elregionalvm.com.ar\/noticias-villa-maria\/#website","url":"http:\/\/elregionalvm.com.ar\/noticias-villa-maria\/","name":"El Regional","description":"Mucho m\u00e1s que informaci\u00f3n","potentialAction":[{"@type":"SearchAction","target":{"@type":"EntryPoint","urlTemplate":"http:\/\/elregionalvm.com.ar\/noticias-villa-maria\/?s={search_term_string}"},"query-input":{"@type":"PropertyValueSpecification","valueRequired":true,"valueName":"search_term_string"}}],"inLanguage":"es"},{"@type":"Person","@id":"http:\/\/elregionalvm.com.ar\/noticias-villa-maria\/#\/schema\/person\/a0fb9c422317faca23d50163151bc354","name":"Contenidos El Regional","image":{"@type":"ImageObject","inLanguage":"es","@id":"http:\/\/elregionalvm.com.ar\/noticias-villa-maria\/#\/schema\/person\/image\/","url":"https:\/\/secure.gravatar.com\/avatar\/265b27cb2209af7bb3a1318f03305787d7981a5cc6e6cd08fe5a4ecdf99d4b48?s=96&d=mm&r=g","contentUrl":"https:\/\/secure.gravatar.com\/avatar\/265b27cb2209af7bb3a1318f03305787d7981a5cc6e6cd08fe5a4ecdf99d4b48?s=96&d=mm&r=g","caption":"Contenidos El Regional"},"url":"https:\/\/elregionalvm.com.ar\/noticias-villa-maria\/author\/contenido\/"}]}},"jetpack_featured_media_url":"https:\/\/i0.wp.com\/elregionalvm.com.ar\/noticias-villa-maria\/wp-content\/uploads\/2024\/07\/WhatsApp-Image-2024-07-26-at-09.30.46-2-scaled.jpeg?fit=2560%2C1706&ssl=1","jetpack_sharing_enabled":true,"_links":{"self":[{"href":"https:\/\/elregionalvm.com.ar\/noticias-villa-maria\/wp-json\/wp\/v2\/posts\/96655","targetHints":{"allow":["GET"]}}],"collection":[{"href":"https:\/\/elregionalvm.com.ar\/noticias-villa-maria\/wp-json\/wp\/v2\/posts"}],"about":[{"href":"https:\/\/elregionalvm.com.ar\/noticias-villa-maria\/wp-json\/wp\/v2\/types\/post"}],"author":[{"embeddable":true,"href":"https:\/\/elregionalvm.com.ar\/noticias-villa-maria\/wp-json\/wp\/v2\/users\/4"}],"replies":[{"embeddable":true,"href":"https:\/\/elregionalvm.com.ar\/noticias-villa-maria\/wp-json\/wp\/v2\/comments?post=96655"}],"version-history":[{"count":1,"href":"https:\/\/elregionalvm.com.ar\/noticias-villa-maria\/wp-json\/wp\/v2\/posts\/96655\/revisions"}],"predecessor-version":[{"id":96660,"href":"https:\/\/elregionalvm.com.ar\/noticias-villa-maria\/wp-json\/wp\/v2\/posts\/96655\/revisions\/96660"}],"wp:featuredmedia":[{"embeddable":true,"href":"https:\/\/elregionalvm.com.ar\/noticias-villa-maria\/wp-json\/wp\/v2\/media\/96656"}],"wp:attachment":[{"href":"https:\/\/elregionalvm.com.ar\/noticias-villa-maria\/wp-json\/wp\/v2\/media?parent=96655"}],"wp:term":[{"taxonomy":"category","embeddable":true,"href":"https:\/\/elregionalvm.com.ar\/noticias-villa-maria\/wp-json\/wp\/v2\/categories?post=96655"},{"taxonomy":"post_tag","embeddable":true,"href":"https:\/\/elregionalvm.com.ar\/noticias-villa-maria\/wp-json\/wp\/v2\/tags?post=96655"}],"curies":[{"name":"wp","href":"https:\/\/api.w.org\/{rel}","templated":true}]}}