{"id":96684,"date":"2024-07-29T00:59:55","date_gmt":"2024-07-29T00:59:55","guid":{"rendered":"https:\/\/elregionalvm.com.ar\/noticias-villa-maria\/?p=96684"},"modified":"2024-07-29T01:06:28","modified_gmt":"2024-07-29T01:06:28","slug":"etruria-jornada-de-inclusion-y-diversidad-disertaran-sobre-emociones-y-aprendizaje","status":"publish","type":"post","link":"https:\/\/elregionalvm.com.ar\/noticias-villa-maria\/etruria-jornada-de-inclusion-y-diversidad-disertaran-sobre-emociones-y-aprendizaje\/","title":{"rendered":"[Etruria] Jornada de inclusi\u00f3n y Diversidad: Disertar\u00e1n sobre emociones y aprendizaje"},"content":{"rendered":"\n<p>La psic\u00f3loga Liliana Olivieri encabezar\u00e1 una charla sobre emociones y aprendizaje. La actividad se desarrollar\u00e1 en el marco de la 3\u00b0 Jornada de Inclusi\u00f3n y Diversidad.<\/p>\n\n\n\n<p>El encuentro ser\u00e1 este mi\u00e9rcoles 31 de julio, en el Cine Teatro Municipal, y tendr\u00e1 dos horarios. Para docentes: 11.30 a 13.30 horas, mientras que para padres ser\u00e1 de 14.30 a 16. &nbsp;<\/p>\n\n\n\n<p>El link de inscripci\u00f3n para obtener certificaci\u00f3n es el siguiente:<\/p>\n\n\n\n<p><a href=\"https:\/\/certificados.campusvirtual.unc.edu.ar\/uupp\/signup.php?id=b7bbe5be-3944-11ef-8b58-0050569fefc9\">https:\/\/certificados.campusvirtual.unc.edu.ar\/uupp\/signup.php?id=b7bbe5be-3944-11ef-8b58-0050569fefc9<\/a><\/p>\n\n\n\n<p><\/p>\n\n\n\n<p><\/p>\n\n\n\n<figure class=\"wp-block-image size-large\"><img data-recalc-dims=\"1\" fetchpriority=\"high\" decoding=\"async\" width=\"819\" height=\"1024\" src=\"https:\/\/i0.wp.com\/elregionalvm.com.ar\/noticias-villa-maria\/wp-content\/uploads\/2024\/07\/flyer-emociones-y-aprendizaje-Etruria-819x1024.jpeg?resize=819%2C1024&#038;ssl=1\" alt=\"\" class=\"wp-image-96685\" srcset=\"https:\/\/i0.wp.com\/elregionalvm.com.ar\/noticias-villa-maria\/wp-content\/uploads\/2024\/07\/flyer-emociones-y-aprendizaje-Etruria.jpeg?resize=819%2C1024&amp;ssl=1 819w, https:\/\/i0.wp.com\/elregionalvm.com.ar\/noticias-villa-maria\/wp-content\/uploads\/2024\/07\/flyer-emociones-y-aprendizaje-Etruria.jpeg?resize=240%2C300&amp;ssl=1 240w, https:\/\/i0.wp.com\/elregionalvm.com.ar\/noticias-villa-maria\/wp-content\/uploads\/2024\/07\/flyer-emociones-y-aprendizaje-Etruria.jpeg?resize=768%2C960&amp;ssl=1 768w, https:\/\/i0.wp.com\/elregionalvm.com.ar\/noticias-villa-maria\/wp-content\/uploads\/2024\/07\/flyer-emociones-y-aprendizaje-Etruria.jpeg?w=1024&amp;ssl=1 1024w\" sizes=\"(max-width: 819px) 100vw, 819px\" \/><\/figure>\n","protected":false},"excerpt":{"rendered":"<p>La psic\u00f3loga Liliana Olivieri encabezar\u00e1 una charla sobre emociones y aprendizaje. La actividad se desarrollar\u00e1 en el marco de la 3\u00b0 Jornada de Inclusi\u00f3n y Diversidad. El encuentro ser\u00e1 este mi\u00e9rcoles 31 de julio, en el Cine Teatro Municipal, y tendr\u00e1 dos horarios. Para docentes: 11.30 a 13.30 horas, mientras que para padres ser\u00e1 de [&hellip;]<\/p>\n","protected":false},"author":4,"featured_media":96686,"comment_status":"open","ping_status":"open","sticky":false,"template":"","format":"standard","meta":{"site-sidebar-layout":"default","site-content-layout":"","ast-site-content-layout":"default","site-content-style":"default","site-sidebar-style":"default","ast-global-header-display":"","ast-banner-title-visibility":"","ast-main-header-display":"","ast-hfb-above-header-display":"","ast-hfb-below-header-display":"","ast-hfb-mobile-header-display":"","site-post-title":"","ast-breadcrumbs-content":"","ast-featured-img":"","footer-sml-layout":"","ast-disable-related-posts":"","theme-transparent-header-meta":"","adv-header-id-meta":"","stick-header-meta":"","header-above-stick-meta":"","header-main-stick-meta":"","header-below-stick-meta":"","astra-migrate-meta-layouts":"set","ast-page-background-enabled":"default","ast-page-background-meta":{"desktop":{"background-color":"","background-image":"","background-repeat":"repeat","background-position":"center center","background-size":"auto","background-attachment":"scroll","background-type":"","background-media":"","overlay-type":"","overlay-color":"","overlay-opacity":"","overlay-gradient":""},"tablet":{"background-color":"","background-image":"","background-repeat":"repeat","background-position":"center center","background-size":"auto","background-attachment":"scroll","background-type":"","background-media":"","overlay-type":"","overlay-color":"","overlay-opacity":"","overlay-gradient":""},"mobile":{"background-color":"","background-image":"","background-repeat":"repeat","background-position":"center center","background-size":"auto","background-attachment":"scroll","background-type":"","background-media":"","overlay-type":"","overlay-color":"","overlay-opacity":"","overlay-gradient":""}},"ast-content-background-meta":{"desktop":{"background-color":"var(--ast-global-color-5)","background-image":"","background-repeat":"repeat","background-position":"center center","background-size":"auto","background-attachment":"scroll","background-type":"","background-media":"","overlay-type":"","overlay-color":"","overlay-opacity":"","overlay-gradient":""},"tablet":{"background-color":"var(--ast-global-color-5)","background-image":"","background-repeat":"repeat","background-position":"center center","background-size":"auto","background-attachment":"scroll","background-type":"","background-media":"","overlay-type":"","overlay-color":"","overlay-opacity":"","overlay-gradient":""},"mobile":{"background-color":"var(--ast-global-color-5)","background-image":"","background-repeat":"repeat","background-position":"center center","background-size":"auto","background-attachment":"scroll","background-type":"","background-media":"","overlay-type":"","overlay-color":"","overlay-opacity":"","overlay-gradient":""}},"_jetpack_memberships_contains_paid_content":false,"_joinchat":[],"footnotes":""},"categories":[15302,2091],"tags":[7845,4165,5640,1096,1346],"class_list":["post-96684","post","type-post","status-publish","format-standard","has-post-thumbnail","hentry","category-destacado","category-region","tag-aprendizaje","tag-charla","tag-emociones","tag-etruria","tag-psicologia"],"yoast_head":"<!-- This site is optimized with the Yoast SEO plugin v26.8 - https:\/\/yoast.com\/product\/yoast-seo-wordpress\/ -->\n<title>[Etruria] Jornada de inclusi\u00f3n y Diversidad: Disertar\u00e1n sobre emociones y aprendizaje - El Regional<\/title>\n<meta name=\"robots\" content=\"index, follow, max-snippet:-1, max-image-preview:large, max-video-preview:-1\" \/>\n<link rel=\"canonical\" href=\"https:\/\/elregionalvm.com.ar\/noticias-villa-maria\/etruria-jornada-de-inclusion-y-diversidad-disertaran-sobre-emociones-y-aprendizaje\/\" \/>\n<meta property=\"og:locale\" content=\"es_ES\" \/>\n<meta property=\"og:type\" content=\"article\" \/>\n<meta property=\"og:title\" content=\"[Etruria] Jornada de inclusi\u00f3n y Diversidad: Disertar\u00e1n sobre emociones y aprendizaje - El Regional\" \/>\n<meta property=\"og:description\" content=\"La psic\u00f3loga Liliana Olivieri encabezar\u00e1 una charla sobre emociones y aprendizaje. La actividad se desarrollar\u00e1 en el marco de la 3\u00b0 Jornada de Inclusi\u00f3n y Diversidad. El encuentro ser\u00e1 este mi\u00e9rcoles 31 de julio, en el Cine Teatro Municipal, y tendr\u00e1 dos horarios. Para docentes: 11.30 a 13.30 horas, mientras que para padres ser\u00e1 de [&hellip;]\" \/>\n<meta property=\"og:url\" content=\"https:\/\/elregionalvm.com.ar\/noticias-villa-maria\/etruria-jornada-de-inclusion-y-diversidad-disertaran-sobre-emociones-y-aprendizaje\/\" \/>\n<meta property=\"og:site_name\" content=\"El Regional\" \/>\n<meta property=\"article:publisher\" content=\"https:\/\/www.facebook.com\/elregionalvm\" \/>\n<meta property=\"article:published_time\" content=\"2024-07-29T00:59:55+00:00\" \/>\n<meta property=\"article:modified_time\" content=\"2024-07-29T01:06:28+00:00\" \/>\n<meta property=\"og:image\" content=\"https:\/\/elregionalvm.com.ar\/noticias-villa-maria\/wp-content\/uploads\/2024\/07\/Charla-Etruria-emociones-y-aprendizaje.jpeg\" \/>\n\t<meta property=\"og:image:width\" content=\"1080\" \/>\n\t<meta property=\"og:image:height\" content=\"718\" \/>\n\t<meta property=\"og:image:type\" content=\"image\/jpeg\" \/>\n<meta name=\"author\" content=\"Contenidos El Regional\" \/>\n<meta name=\"twitter:card\" content=\"summary_large_image\" \/>\n<meta name=\"twitter:creator\" content=\"@elregionalvm1\" \/>\n<meta name=\"twitter:site\" content=\"@elregionalvm1\" \/>\n<meta name=\"twitter:label1\" content=\"Escrito por\" \/>\n\t<meta name=\"twitter:data1\" content=\"Contenidos El Regional\" \/>\n\t<meta name=\"twitter:label2\" content=\"Tiempo de lectura\" \/>\n\t<meta name=\"twitter:data2\" content=\"1 minuto\" \/>\n<script type=\"application\/ld+json\" class=\"yoast-schema-graph\">{\"@context\":\"https:\/\/schema.org\",\"@graph\":[{\"@type\":\"Article\",\"@id\":\"https:\/\/elregionalvm.com.ar\/noticias-villa-maria\/etruria-jornada-de-inclusion-y-diversidad-disertaran-sobre-emociones-y-aprendizaje\/#article\",\"isPartOf\":{\"@id\":\"https:\/\/elregionalvm.com.ar\/noticias-villa-maria\/etruria-jornada-de-inclusion-y-diversidad-disertaran-sobre-emociones-y-aprendizaje\/\"},\"author\":{\"name\":\"Contenidos El Regional\",\"@id\":\"http:\/\/elregionalvm.com.ar\/noticias-villa-maria\/#\/schema\/person\/a0fb9c422317faca23d50163151bc354\"},\"headline\":\"[Etruria] Jornada de inclusi\u00f3n y Diversidad: Disertar\u00e1n sobre emociones y aprendizaje\",\"datePublished\":\"2024-07-29T00:59:55+00:00\",\"dateModified\":\"2024-07-29T01:06:28+00:00\",\"mainEntityOfPage\":{\"@id\":\"https:\/\/elregionalvm.com.ar\/noticias-villa-maria\/etruria-jornada-de-inclusion-y-diversidad-disertaran-sobre-emociones-y-aprendizaje\/\"},\"wordCount\":99,\"commentCount\":0,\"image\":{\"@id\":\"https:\/\/elregionalvm.com.ar\/noticias-villa-maria\/etruria-jornada-de-inclusion-y-diversidad-disertaran-sobre-emociones-y-aprendizaje\/#primaryimage\"},\"thumbnailUrl\":\"https:\/\/i0.wp.com\/elregionalvm.com.ar\/noticias-villa-maria\/wp-content\/uploads\/2024\/07\/Charla-Etruria-emociones-y-aprendizaje.jpeg?fit=1080%2C718&ssl=1\",\"keywords\":[\"Aprendizaje\",\"charla\",\"emociones\",\"Etruria\",\"Psicolog\u00eda\"],\"articleSection\":[\"destacado\",\"Regi\u00f3n\"],\"inLanguage\":\"es\",\"potentialAction\":[{\"@type\":\"CommentAction\",\"name\":\"Comment\",\"target\":[\"https:\/\/elregionalvm.com.ar\/noticias-villa-maria\/etruria-jornada-de-inclusion-y-diversidad-disertaran-sobre-emociones-y-aprendizaje\/#respond\"]}]},{\"@type\":\"WebPage\",\"@id\":\"https:\/\/elregionalvm.com.ar\/noticias-villa-maria\/etruria-jornada-de-inclusion-y-diversidad-disertaran-sobre-emociones-y-aprendizaje\/\",\"url\":\"https:\/\/elregionalvm.com.ar\/noticias-villa-maria\/etruria-jornada-de-inclusion-y-diversidad-disertaran-sobre-emociones-y-aprendizaje\/\",\"name\":\"[Etruria] Jornada de inclusi\u00f3n y Diversidad: Disertar\u00e1n sobre emociones y aprendizaje - El Regional\",\"isPartOf\":{\"@id\":\"http:\/\/elregionalvm.com.ar\/noticias-villa-maria\/#website\"},\"primaryImageOfPage\":{\"@id\":\"https:\/\/elregionalvm.com.ar\/noticias-villa-maria\/etruria-jornada-de-inclusion-y-diversidad-disertaran-sobre-emociones-y-aprendizaje\/#primaryimage\"},\"image\":{\"@id\":\"https:\/\/elregionalvm.com.ar\/noticias-villa-maria\/etruria-jornada-de-inclusion-y-diversidad-disertaran-sobre-emociones-y-aprendizaje\/#primaryimage\"},\"thumbnailUrl\":\"https:\/\/i0.wp.com\/elregionalvm.com.ar\/noticias-villa-maria\/wp-content\/uploads\/2024\/07\/Charla-Etruria-emociones-y-aprendizaje.jpeg?fit=1080%2C718&ssl=1\",\"datePublished\":\"2024-07-29T00:59:55+00:00\",\"dateModified\":\"2024-07-29T01:06:28+00:00\",\"author\":{\"@id\":\"http:\/\/elregionalvm.com.ar\/noticias-villa-maria\/#\/schema\/person\/a0fb9c422317faca23d50163151bc354\"},\"breadcrumb\":{\"@id\":\"https:\/\/elregionalvm.com.ar\/noticias-villa-maria\/etruria-jornada-de-inclusion-y-diversidad-disertaran-sobre-emociones-y-aprendizaje\/#breadcrumb\"},\"inLanguage\":\"es\",\"potentialAction\":[{\"@type\":\"ReadAction\",\"target\":[\"https:\/\/elregionalvm.com.ar\/noticias-villa-maria\/etruria-jornada-de-inclusion-y-diversidad-disertaran-sobre-emociones-y-aprendizaje\/\"]}]},{\"@type\":\"ImageObject\",\"inLanguage\":\"es\",\"@id\":\"https:\/\/elregionalvm.com.ar\/noticias-villa-maria\/etruria-jornada-de-inclusion-y-diversidad-disertaran-sobre-emociones-y-aprendizaje\/#primaryimage\",\"url\":\"https:\/\/i0.wp.com\/elregionalvm.com.ar\/noticias-villa-maria\/wp-content\/uploads\/2024\/07\/Charla-Etruria-emociones-y-aprendizaje.jpeg?fit=1080%2C718&ssl=1\",\"contentUrl\":\"https:\/\/i0.wp.com\/elregionalvm.com.ar\/noticias-villa-maria\/wp-content\/uploads\/2024\/07\/Charla-Etruria-emociones-y-aprendizaje.jpeg?fit=1080%2C718&ssl=1\",\"width\":1080,\"height\":718},{\"@type\":\"BreadcrumbList\",\"@id\":\"https:\/\/elregionalvm.com.ar\/noticias-villa-maria\/etruria-jornada-de-inclusion-y-diversidad-disertaran-sobre-emociones-y-aprendizaje\/#breadcrumb\",\"itemListElement\":[{\"@type\":\"ListItem\",\"position\":1,\"name\":\"Portada\",\"item\":\"https:\/\/elregionalvm.com.ar\/noticias-villa-maria\/\"},{\"@type\":\"ListItem\",\"position\":2,\"name\":\"[Etruria] Jornada de inclusi\u00f3n y Diversidad: Disertar\u00e1n sobre emociones y aprendizaje\"}]},{\"@type\":\"WebSite\",\"@id\":\"http:\/\/elregionalvm.com.ar\/noticias-villa-maria\/#website\",\"url\":\"http:\/\/elregionalvm.com.ar\/noticias-villa-maria\/\",\"name\":\"El Regional\",\"description\":\"Mucho m\u00e1s que informaci\u00f3n\",\"potentialAction\":[{\"@type\":\"SearchAction\",\"target\":{\"@type\":\"EntryPoint\",\"urlTemplate\":\"http:\/\/elregionalvm.com.ar\/noticias-villa-maria\/?s={search_term_string}\"},\"query-input\":{\"@type\":\"PropertyValueSpecification\",\"valueRequired\":true,\"valueName\":\"search_term_string\"}}],\"inLanguage\":\"es\"},{\"@type\":\"Person\",\"@id\":\"http:\/\/elregionalvm.com.ar\/noticias-villa-maria\/#\/schema\/person\/a0fb9c422317faca23d50163151bc354\",\"name\":\"Contenidos El Regional\",\"image\":{\"@type\":\"ImageObject\",\"inLanguage\":\"es\",\"@id\":\"http:\/\/elregionalvm.com.ar\/noticias-villa-maria\/#\/schema\/person\/image\/\",\"url\":\"https:\/\/secure.gravatar.com\/avatar\/265b27cb2209af7bb3a1318f03305787d7981a5cc6e6cd08fe5a4ecdf99d4b48?s=96&d=mm&r=g\",\"contentUrl\":\"https:\/\/secure.gravatar.com\/avatar\/265b27cb2209af7bb3a1318f03305787d7981a5cc6e6cd08fe5a4ecdf99d4b48?s=96&d=mm&r=g\",\"caption\":\"Contenidos El Regional\"},\"url\":\"https:\/\/elregionalvm.com.ar\/noticias-villa-maria\/author\/contenido\/\"}]}<\/script>\n<!-- \/ Yoast SEO plugin. -->","yoast_head_json":{"title":"[Etruria] Jornada de inclusi\u00f3n y Diversidad: Disertar\u00e1n sobre emociones y aprendizaje - El Regional","robots":{"index":"index","follow":"follow","max-snippet":"max-snippet:-1","max-image-preview":"max-image-preview:large","max-video-preview":"max-video-preview:-1"},"canonical":"https:\/\/elregionalvm.com.ar\/noticias-villa-maria\/etruria-jornada-de-inclusion-y-diversidad-disertaran-sobre-emociones-y-aprendizaje\/","og_locale":"es_ES","og_type":"article","og_title":"[Etruria] Jornada de inclusi\u00f3n y Diversidad: Disertar\u00e1n sobre emociones y aprendizaje - El Regional","og_description":"La psic\u00f3loga Liliana Olivieri encabezar\u00e1 una charla sobre emociones y aprendizaje. La actividad se desarrollar\u00e1 en el marco de la 3\u00b0 Jornada de Inclusi\u00f3n y Diversidad. El encuentro ser\u00e1 este mi\u00e9rcoles 31 de julio, en el Cine Teatro Municipal, y tendr\u00e1 dos horarios. Para docentes: 11.30 a 13.30 horas, mientras que para padres ser\u00e1 de [&hellip;]","og_url":"https:\/\/elregionalvm.com.ar\/noticias-villa-maria\/etruria-jornada-de-inclusion-y-diversidad-disertaran-sobre-emociones-y-aprendizaje\/","og_site_name":"El Regional","article_publisher":"https:\/\/www.facebook.com\/elregionalvm","article_published_time":"2024-07-29T00:59:55+00:00","article_modified_time":"2024-07-29T01:06:28+00:00","og_image":[{"width":1080,"height":718,"url":"https:\/\/elregionalvm.com.ar\/noticias-villa-maria\/wp-content\/uploads\/2024\/07\/Charla-Etruria-emociones-y-aprendizaje.jpeg","type":"image\/jpeg"}],"author":"Contenidos El Regional","twitter_card":"summary_large_image","twitter_creator":"@elregionalvm1","twitter_site":"@elregionalvm1","twitter_misc":{"Escrito por":"Contenidos El Regional","Tiempo de lectura":"1 minuto"},"schema":{"@context":"https:\/\/schema.org","@graph":[{"@type":"Article","@id":"https:\/\/elregionalvm.com.ar\/noticias-villa-maria\/etruria-jornada-de-inclusion-y-diversidad-disertaran-sobre-emociones-y-aprendizaje\/#article","isPartOf":{"@id":"https:\/\/elregionalvm.com.ar\/noticias-villa-maria\/etruria-jornada-de-inclusion-y-diversidad-disertaran-sobre-emociones-y-aprendizaje\/"},"author":{"name":"Contenidos El Regional","@id":"http:\/\/elregionalvm.com.ar\/noticias-villa-maria\/#\/schema\/person\/a0fb9c422317faca23d50163151bc354"},"headline":"[Etruria] Jornada de inclusi\u00f3n y Diversidad: Disertar\u00e1n sobre emociones y aprendizaje","datePublished":"2024-07-29T00:59:55+00:00","dateModified":"2024-07-29T01:06:28+00:00","mainEntityOfPage":{"@id":"https:\/\/elregionalvm.com.ar\/noticias-villa-maria\/etruria-jornada-de-inclusion-y-diversidad-disertaran-sobre-emociones-y-aprendizaje\/"},"wordCount":99,"commentCount":0,"image":{"@id":"https:\/\/elregionalvm.com.ar\/noticias-villa-maria\/etruria-jornada-de-inclusion-y-diversidad-disertaran-sobre-emociones-y-aprendizaje\/#primaryimage"},"thumbnailUrl":"https:\/\/i0.wp.com\/elregionalvm.com.ar\/noticias-villa-maria\/wp-content\/uploads\/2024\/07\/Charla-Etruria-emociones-y-aprendizaje.jpeg?fit=1080%2C718&ssl=1","keywords":["Aprendizaje","charla","emociones","Etruria","Psicolog\u00eda"],"articleSection":["destacado","Regi\u00f3n"],"inLanguage":"es","potentialAction":[{"@type":"CommentAction","name":"Comment","target":["https:\/\/elregionalvm.com.ar\/noticias-villa-maria\/etruria-jornada-de-inclusion-y-diversidad-disertaran-sobre-emociones-y-aprendizaje\/#respond"]}]},{"@type":"WebPage","@id":"https:\/\/elregionalvm.com.ar\/noticias-villa-maria\/etruria-jornada-de-inclusion-y-diversidad-disertaran-sobre-emociones-y-aprendizaje\/","url":"https:\/\/elregionalvm.com.ar\/noticias-villa-maria\/etruria-jornada-de-inclusion-y-diversidad-disertaran-sobre-emociones-y-aprendizaje\/","name":"[Etruria] Jornada de inclusi\u00f3n y Diversidad: Disertar\u00e1n sobre emociones y aprendizaje - El Regional","isPartOf":{"@id":"http:\/\/elregionalvm.com.ar\/noticias-villa-maria\/#website"},"primaryImageOfPage":{"@id":"https:\/\/elregionalvm.com.ar\/noticias-villa-maria\/etruria-jornada-de-inclusion-y-diversidad-disertaran-sobre-emociones-y-aprendizaje\/#primaryimage"},"image":{"@id":"https:\/\/elregionalvm.com.ar\/noticias-villa-maria\/etruria-jornada-de-inclusion-y-diversidad-disertaran-sobre-emociones-y-aprendizaje\/#primaryimage"},"thumbnailUrl":"https:\/\/i0.wp.com\/elregionalvm.com.ar\/noticias-villa-maria\/wp-content\/uploads\/2024\/07\/Charla-Etruria-emociones-y-aprendizaje.jpeg?fit=1080%2C718&ssl=1","datePublished":"2024-07-29T00:59:55+00:00","dateModified":"2024-07-29T01:06:28+00:00","author":{"@id":"http:\/\/elregionalvm.com.ar\/noticias-villa-maria\/#\/schema\/person\/a0fb9c422317faca23d50163151bc354"},"breadcrumb":{"@id":"https:\/\/elregionalvm.com.ar\/noticias-villa-maria\/etruria-jornada-de-inclusion-y-diversidad-disertaran-sobre-emociones-y-aprendizaje\/#breadcrumb"},"inLanguage":"es","potentialAction":[{"@type":"ReadAction","target":["https:\/\/elregionalvm.com.ar\/noticias-villa-maria\/etruria-jornada-de-inclusion-y-diversidad-disertaran-sobre-emociones-y-aprendizaje\/"]}]},{"@type":"ImageObject","inLanguage":"es","@id":"https:\/\/elregionalvm.com.ar\/noticias-villa-maria\/etruria-jornada-de-inclusion-y-diversidad-disertaran-sobre-emociones-y-aprendizaje\/#primaryimage","url":"https:\/\/i0.wp.com\/elregionalvm.com.ar\/noticias-villa-maria\/wp-content\/uploads\/2024\/07\/Charla-Etruria-emociones-y-aprendizaje.jpeg?fit=1080%2C718&ssl=1","contentUrl":"https:\/\/i0.wp.com\/elregionalvm.com.ar\/noticias-villa-maria\/wp-content\/uploads\/2024\/07\/Charla-Etruria-emociones-y-aprendizaje.jpeg?fit=1080%2C718&ssl=1","width":1080,"height":718},{"@type":"BreadcrumbList","@id":"https:\/\/elregionalvm.com.ar\/noticias-villa-maria\/etruria-jornada-de-inclusion-y-diversidad-disertaran-sobre-emociones-y-aprendizaje\/#breadcrumb","itemListElement":[{"@type":"ListItem","position":1,"name":"Portada","item":"https:\/\/elregionalvm.com.ar\/noticias-villa-maria\/"},{"@type":"ListItem","position":2,"name":"[Etruria] Jornada de inclusi\u00f3n y Diversidad: Disertar\u00e1n sobre emociones y aprendizaje"}]},{"@type":"WebSite","@id":"http:\/\/elregionalvm.com.ar\/noticias-villa-maria\/#website","url":"http:\/\/elregionalvm.com.ar\/noticias-villa-maria\/","name":"El Regional","description":"Mucho m\u00e1s que informaci\u00f3n","potentialAction":[{"@type":"SearchAction","target":{"@type":"EntryPoint","urlTemplate":"http:\/\/elregionalvm.com.ar\/noticias-villa-maria\/?s={search_term_string}"},"query-input":{"@type":"PropertyValueSpecification","valueRequired":true,"valueName":"search_term_string"}}],"inLanguage":"es"},{"@type":"Person","@id":"http:\/\/elregionalvm.com.ar\/noticias-villa-maria\/#\/schema\/person\/a0fb9c422317faca23d50163151bc354","name":"Contenidos El Regional","image":{"@type":"ImageObject","inLanguage":"es","@id":"http:\/\/elregionalvm.com.ar\/noticias-villa-maria\/#\/schema\/person\/image\/","url":"https:\/\/secure.gravatar.com\/avatar\/265b27cb2209af7bb3a1318f03305787d7981a5cc6e6cd08fe5a4ecdf99d4b48?s=96&d=mm&r=g","contentUrl":"https:\/\/secure.gravatar.com\/avatar\/265b27cb2209af7bb3a1318f03305787d7981a5cc6e6cd08fe5a4ecdf99d4b48?s=96&d=mm&r=g","caption":"Contenidos El Regional"},"url":"https:\/\/elregionalvm.com.ar\/noticias-villa-maria\/author\/contenido\/"}]}},"jetpack_featured_media_url":"https:\/\/i0.wp.com\/elregionalvm.com.ar\/noticias-villa-maria\/wp-content\/uploads\/2024\/07\/Charla-Etruria-emociones-y-aprendizaje.jpeg?fit=1080%2C718&ssl=1","jetpack_sharing_enabled":true,"_links":{"self":[{"href":"https:\/\/elregionalvm.com.ar\/noticias-villa-maria\/wp-json\/wp\/v2\/posts\/96684","targetHints":{"allow":["GET"]}}],"collection":[{"href":"https:\/\/elregionalvm.com.ar\/noticias-villa-maria\/wp-json\/wp\/v2\/posts"}],"about":[{"href":"https:\/\/elregionalvm.com.ar\/noticias-villa-maria\/wp-json\/wp\/v2\/types\/post"}],"author":[{"embeddable":true,"href":"https:\/\/elregionalvm.com.ar\/noticias-villa-maria\/wp-json\/wp\/v2\/users\/4"}],"replies":[{"embeddable":true,"href":"https:\/\/elregionalvm.com.ar\/noticias-villa-maria\/wp-json\/wp\/v2\/comments?post=96684"}],"version-history":[{"count":1,"href":"https:\/\/elregionalvm.com.ar\/noticias-villa-maria\/wp-json\/wp\/v2\/posts\/96684\/revisions"}],"predecessor-version":[{"id":96687,"href":"https:\/\/elregionalvm.com.ar\/noticias-villa-maria\/wp-json\/wp\/v2\/posts\/96684\/revisions\/96687"}],"wp:featuredmedia":[{"embeddable":true,"href":"https:\/\/elregionalvm.com.ar\/noticias-villa-maria\/wp-json\/wp\/v2\/media\/96686"}],"wp:attachment":[{"href":"https:\/\/elregionalvm.com.ar\/noticias-villa-maria\/wp-json\/wp\/v2\/media?parent=96684"}],"wp:term":[{"taxonomy":"category","embeddable":true,"href":"https:\/\/elregionalvm.com.ar\/noticias-villa-maria\/wp-json\/wp\/v2\/categories?post=96684"},{"taxonomy":"post_tag","embeddable":true,"href":"https:\/\/elregionalvm.com.ar\/noticias-villa-maria\/wp-json\/wp\/v2\/tags?post=96684"}],"curies":[{"name":"wp","href":"https:\/\/api.w.org\/{rel}","templated":true}]}}