{"id":96728,"date":"2024-07-29T22:29:11","date_gmt":"2024-07-29T22:29:11","guid":{"rendered":"https:\/\/elregionalvm.com.ar\/noticias-villa-maria\/?p=96728"},"modified":"2024-07-29T22:29:12","modified_gmt":"2024-07-29T22:29:12","slug":"fabian-suescum-dt-de-alumni-en-la-tercer-final-saldremos-a-ser-protagonistas-nuevamente","status":"publish","type":"post","link":"https:\/\/elregionalvm.com.ar\/noticias-villa-maria\/fabian-suescum-dt-de-alumni-en-la-tercer-final-saldremos-a-ser-protagonistas-nuevamente\/","title":{"rendered":"Fabi\u00e1n Suescum, DT de Alumni: \u00abEn la tercer final, saldremos a ser protagonistas nuevamente\u00bb"},"content":{"rendered":"\n<p>En una final con mucho color, bengalas, y una gran concurrencia por parte de las dos hinchadas, Alumni demostr\u00f3 querer un poco m\u00e1s, y con el gol de su n\u00famero \u00ab9\u00bb , M\u00e1ximo Stablum, forz\u00f3 a que haya un tercer partido, para ver qui\u00e9n se corona campe\u00f3n del Torneo Apertura de la Liga Villamariense de F\u00fatbol, ante un Leandro N. Alem, que tuvo el empate justo en la \u00faltima del partido.<\/p>\n\n\n\n<p>En la tarde fr\u00eda de ayer, en la Plaza Ocampo, luego del triunfo por la m\u00ednima del Fortinero ante el Le\u00f3n, su Director T\u00e9cnico, Fabi\u00e1n Suescum, habl\u00f3 para \u00abEl Regional\u00bb:<\/p>\n\n\n\n<p>\u00abFue un partido muy psicol\u00f3gico, donde nosotros tuvimos que hacer todo el gasto, est\u00e1bamos obligados a ganar, en el primer tiempo jugamos muy bien. Una vez que hicimos el gol, no pudimos seguir desplegando nuestro juego, ya que Alem empez\u00f3 a meter m\u00e1s presi\u00f3n, debido a la necesidad de ir a buscar el empate.\u00bb<\/p>\n\n\n\n<p>Sobre el juego, Suescum remarc\u00f3: \u00abAlumni, siempre tiene que jugar a ser protagonista y es lo que tratamos de plasmar en todo el torneo. Ser los protagonistas, desde el momento que empieza el partido, hacer nuestro juego.<\/p>\n\n\n\n<p>\u00abNo nos sobr\u00f3 nada, este triunfo solo nos di\u00f3 la posibilidad de jugar la tercer final. Fue un espectaculo maravilloso y esperamos que el tercer partido definitorio, tambi\u00e9n lo sea\u00bb, finaliz\u00f3 el DT Fortinero. <\/p>\n\n\n\n<p>La tercer final, se volver\u00e1 a jugar en la Plaza Manuel Anselmo Ocampo. <\/p>\n\n\n\n<p>Redacci\u00f3n: Franco Bossa<\/p>\n","protected":false},"excerpt":{"rendered":"<p>En una final con mucho color, bengalas, y una gran concurrencia por parte de las dos hinchadas, Alumni demostr\u00f3 querer un poco m\u00e1s, y con el gol de su n\u00famero \u00ab9\u00bb , M\u00e1ximo Stablum, forz\u00f3 a que haya un tercer partido, para ver qui\u00e9n se corona campe\u00f3n del Torneo Apertura de la Liga Villamariense de [&hellip;]<\/p>\n","protected":false},"author":4,"featured_media":96730,"comment_status":"open","ping_status":"open","sticky":false,"template":"","format":"standard","meta":{"site-sidebar-layout":"default","site-content-layout":"","ast-site-content-layout":"default","site-content-style":"default","site-sidebar-style":"default","ast-global-header-display":"","ast-banner-title-visibility":"","ast-main-header-display":"","ast-hfb-above-header-display":"","ast-hfb-below-header-display":"","ast-hfb-mobile-header-display":"","site-post-title":"","ast-breadcrumbs-content":"","ast-featured-img":"","footer-sml-layout":"","ast-disable-related-posts":"","theme-transparent-header-meta":"","adv-header-id-meta":"","stick-header-meta":"","header-above-stick-meta":"","header-main-stick-meta":"","header-below-stick-meta":"","astra-migrate-meta-layouts":"set","ast-page-background-enabled":"default","ast-page-background-meta":{"desktop":{"background-color":"","background-image":"","background-repeat":"repeat","background-position":"center center","background-size":"auto","background-attachment":"scroll","background-type":"","background-media":"","overlay-type":"","overlay-color":"","overlay-opacity":"","overlay-gradient":""},"tablet":{"background-color":"","background-image":"","background-repeat":"repeat","background-position":"center center","background-size":"auto","background-attachment":"scroll","background-type":"","background-media":"","overlay-type":"","overlay-color":"","overlay-opacity":"","overlay-gradient":""},"mobile":{"background-color":"","background-image":"","background-repeat":"repeat","background-position":"center center","background-size":"auto","background-attachment":"scroll","background-type":"","background-media":"","overlay-type":"","overlay-color":"","overlay-opacity":"","overlay-gradient":""}},"ast-content-background-meta":{"desktop":{"background-color":"var(--ast-global-color-5)","background-image":"","background-repeat":"repeat","background-position":"center center","background-size":"auto","background-attachment":"scroll","background-type":"","background-media":"","overlay-type":"","overlay-color":"","overlay-opacity":"","overlay-gradient":""},"tablet":{"background-color":"var(--ast-global-color-5)","background-image":"","background-repeat":"repeat","background-position":"center center","background-size":"auto","background-attachment":"scroll","background-type":"","background-media":"","overlay-type":"","overlay-color":"","overlay-opacity":"","overlay-gradient":""},"mobile":{"background-color":"var(--ast-global-color-5)","background-image":"","background-repeat":"repeat","background-position":"center center","background-size":"auto","background-attachment":"scroll","background-type":"","background-media":"","overlay-type":"","overlay-color":"","overlay-opacity":"","overlay-gradient":""}},"_jetpack_memberships_contains_paid_content":false,"_joinchat":[],"footnotes":""},"categories":[15158,15302,1,5,2],"tags":[],"class_list":["post-96728","post","type-post","status-publish","format-standard","has-post-thumbnail","hentry","category-deporte","category-destacado","category-sin-categoria","category-sociedad","category-villa-maria"],"yoast_head":"<!-- This site is optimized with the Yoast SEO plugin v26.8 - https:\/\/yoast.com\/product\/yoast-seo-wordpress\/ -->\n<title>Fabi\u00e1n Suescum, DT de Alumni: &quot;En la tercer final, saldremos a ser protagonistas nuevamente&quot; - El Regional<\/title>\n<meta name=\"robots\" content=\"index, follow, max-snippet:-1, max-image-preview:large, max-video-preview:-1\" \/>\n<link rel=\"canonical\" href=\"https:\/\/elregionalvm.com.ar\/noticias-villa-maria\/fabian-suescum-dt-de-alumni-en-la-tercer-final-saldremos-a-ser-protagonistas-nuevamente\/\" \/>\n<meta property=\"og:locale\" content=\"es_ES\" \/>\n<meta property=\"og:type\" content=\"article\" \/>\n<meta property=\"og:title\" content=\"Fabi\u00e1n Suescum, DT de Alumni: &quot;En la tercer final, saldremos a ser protagonistas nuevamente&quot; - El Regional\" \/>\n<meta property=\"og:description\" content=\"En una final con mucho color, bengalas, y una gran concurrencia por parte de las dos hinchadas, Alumni demostr\u00f3 querer un poco m\u00e1s, y con el gol de su n\u00famero \u00ab9\u00bb , M\u00e1ximo Stablum, forz\u00f3 a que haya un tercer partido, para ver qui\u00e9n se corona campe\u00f3n del Torneo Apertura de la Liga Villamariense de [&hellip;]\" \/>\n<meta property=\"og:url\" content=\"https:\/\/elregionalvm.com.ar\/noticias-villa-maria\/fabian-suescum-dt-de-alumni-en-la-tercer-final-saldremos-a-ser-protagonistas-nuevamente\/\" \/>\n<meta property=\"og:site_name\" content=\"El Regional\" \/>\n<meta property=\"article:publisher\" content=\"https:\/\/www.facebook.com\/elregionalvm\" \/>\n<meta property=\"article:published_time\" content=\"2024-07-29T22:29:11+00:00\" \/>\n<meta property=\"article:modified_time\" content=\"2024-07-29T22:29:12+00:00\" \/>\n<meta property=\"og:image\" content=\"https:\/\/elregionalvm.com.ar\/noticias-villa-maria\/wp-content\/uploads\/2024\/07\/WhatsApp-Image-2024-07-29-at-19.25.43.jpeg\" \/>\n\t<meta property=\"og:image:width\" content=\"1200\" \/>\n\t<meta property=\"og:image:height\" content=\"1600\" \/>\n\t<meta property=\"og:image:type\" content=\"image\/jpeg\" \/>\n<meta name=\"author\" content=\"Contenidos El Regional\" \/>\n<meta name=\"twitter:card\" content=\"summary_large_image\" \/>\n<meta name=\"twitter:creator\" content=\"@elregionalvm1\" \/>\n<meta name=\"twitter:site\" content=\"@elregionalvm1\" \/>\n<meta name=\"twitter:label1\" content=\"Escrito por\" \/>\n\t<meta name=\"twitter:data1\" content=\"Contenidos El Regional\" \/>\n\t<meta name=\"twitter:label2\" content=\"Tiempo de lectura\" \/>\n\t<meta name=\"twitter:data2\" content=\"2 minutos\" \/>\n<script type=\"application\/ld+json\" class=\"yoast-schema-graph\">{\"@context\":\"https:\/\/schema.org\",\"@graph\":[{\"@type\":\"Article\",\"@id\":\"https:\/\/elregionalvm.com.ar\/noticias-villa-maria\/fabian-suescum-dt-de-alumni-en-la-tercer-final-saldremos-a-ser-protagonistas-nuevamente\/#article\",\"isPartOf\":{\"@id\":\"https:\/\/elregionalvm.com.ar\/noticias-villa-maria\/fabian-suescum-dt-de-alumni-en-la-tercer-final-saldremos-a-ser-protagonistas-nuevamente\/\"},\"author\":{\"name\":\"Contenidos El Regional\",\"@id\":\"http:\/\/elregionalvm.com.ar\/noticias-villa-maria\/#\/schema\/person\/a0fb9c422317faca23d50163151bc354\"},\"headline\":\"Fabi\u00e1n Suescum, DT de Alumni: \u00abEn la tercer final, saldremos a ser protagonistas nuevamente\u00bb\",\"datePublished\":\"2024-07-29T22:29:11+00:00\",\"dateModified\":\"2024-07-29T22:29:12+00:00\",\"mainEntityOfPage\":{\"@id\":\"https:\/\/elregionalvm.com.ar\/noticias-villa-maria\/fabian-suescum-dt-de-alumni-en-la-tercer-final-saldremos-a-ser-protagonistas-nuevamente\/\"},\"wordCount\":272,\"commentCount\":0,\"image\":{\"@id\":\"https:\/\/elregionalvm.com.ar\/noticias-villa-maria\/fabian-suescum-dt-de-alumni-en-la-tercer-final-saldremos-a-ser-protagonistas-nuevamente\/#primaryimage\"},\"thumbnailUrl\":\"https:\/\/i0.wp.com\/elregionalvm.com.ar\/noticias-villa-maria\/wp-content\/uploads\/2024\/07\/WhatsApp-Image-2024-07-29-at-19.25.43.jpeg?fit=1200%2C1600&ssl=1\",\"articleSection\":{\"0\":\"Deporte\",\"1\":\"destacado\",\"3\":\"Sociedad\",\"4\":\"Villa Mar\u00eda\"},\"inLanguage\":\"es\",\"potentialAction\":[{\"@type\":\"CommentAction\",\"name\":\"Comment\",\"target\":[\"https:\/\/elregionalvm.com.ar\/noticias-villa-maria\/fabian-suescum-dt-de-alumni-en-la-tercer-final-saldremos-a-ser-protagonistas-nuevamente\/#respond\"]}]},{\"@type\":\"WebPage\",\"@id\":\"https:\/\/elregionalvm.com.ar\/noticias-villa-maria\/fabian-suescum-dt-de-alumni-en-la-tercer-final-saldremos-a-ser-protagonistas-nuevamente\/\",\"url\":\"https:\/\/elregionalvm.com.ar\/noticias-villa-maria\/fabian-suescum-dt-de-alumni-en-la-tercer-final-saldremos-a-ser-protagonistas-nuevamente\/\",\"name\":\"Fabi\u00e1n Suescum, DT de Alumni: \\\"En la tercer final, saldremos a ser protagonistas nuevamente\\\" - El Regional\",\"isPartOf\":{\"@id\":\"http:\/\/elregionalvm.com.ar\/noticias-villa-maria\/#website\"},\"primaryImageOfPage\":{\"@id\":\"https:\/\/elregionalvm.com.ar\/noticias-villa-maria\/fabian-suescum-dt-de-alumni-en-la-tercer-final-saldremos-a-ser-protagonistas-nuevamente\/#primaryimage\"},\"image\":{\"@id\":\"https:\/\/elregionalvm.com.ar\/noticias-villa-maria\/fabian-suescum-dt-de-alumni-en-la-tercer-final-saldremos-a-ser-protagonistas-nuevamente\/#primaryimage\"},\"thumbnailUrl\":\"https:\/\/i0.wp.com\/elregionalvm.com.ar\/noticias-villa-maria\/wp-content\/uploads\/2024\/07\/WhatsApp-Image-2024-07-29-at-19.25.43.jpeg?fit=1200%2C1600&ssl=1\",\"datePublished\":\"2024-07-29T22:29:11+00:00\",\"dateModified\":\"2024-07-29T22:29:12+00:00\",\"author\":{\"@id\":\"http:\/\/elregionalvm.com.ar\/noticias-villa-maria\/#\/schema\/person\/a0fb9c422317faca23d50163151bc354\"},\"breadcrumb\":{\"@id\":\"https:\/\/elregionalvm.com.ar\/noticias-villa-maria\/fabian-suescum-dt-de-alumni-en-la-tercer-final-saldremos-a-ser-protagonistas-nuevamente\/#breadcrumb\"},\"inLanguage\":\"es\",\"potentialAction\":[{\"@type\":\"ReadAction\",\"target\":[\"https:\/\/elregionalvm.com.ar\/noticias-villa-maria\/fabian-suescum-dt-de-alumni-en-la-tercer-final-saldremos-a-ser-protagonistas-nuevamente\/\"]}]},{\"@type\":\"ImageObject\",\"inLanguage\":\"es\",\"@id\":\"https:\/\/elregionalvm.com.ar\/noticias-villa-maria\/fabian-suescum-dt-de-alumni-en-la-tercer-final-saldremos-a-ser-protagonistas-nuevamente\/#primaryimage\",\"url\":\"https:\/\/i0.wp.com\/elregionalvm.com.ar\/noticias-villa-maria\/wp-content\/uploads\/2024\/07\/WhatsApp-Image-2024-07-29-at-19.25.43.jpeg?fit=1200%2C1600&ssl=1\",\"contentUrl\":\"https:\/\/i0.wp.com\/elregionalvm.com.ar\/noticias-villa-maria\/wp-content\/uploads\/2024\/07\/WhatsApp-Image-2024-07-29-at-19.25.43.jpeg?fit=1200%2C1600&ssl=1\",\"width\":1200,\"height\":1600},{\"@type\":\"BreadcrumbList\",\"@id\":\"https:\/\/elregionalvm.com.ar\/noticias-villa-maria\/fabian-suescum-dt-de-alumni-en-la-tercer-final-saldremos-a-ser-protagonistas-nuevamente\/#breadcrumb\",\"itemListElement\":[{\"@type\":\"ListItem\",\"position\":1,\"name\":\"Portada\",\"item\":\"https:\/\/elregionalvm.com.ar\/noticias-villa-maria\/\"},{\"@type\":\"ListItem\",\"position\":2,\"name\":\"Fabi\u00e1n Suescum, DT de Alumni: \u00abEn la tercer final, saldremos a ser protagonistas nuevamente\u00bb\"}]},{\"@type\":\"WebSite\",\"@id\":\"http:\/\/elregionalvm.com.ar\/noticias-villa-maria\/#website\",\"url\":\"http:\/\/elregionalvm.com.ar\/noticias-villa-maria\/\",\"name\":\"El Regional\",\"description\":\"Mucho m\u00e1s que informaci\u00f3n\",\"potentialAction\":[{\"@type\":\"SearchAction\",\"target\":{\"@type\":\"EntryPoint\",\"urlTemplate\":\"http:\/\/elregionalvm.com.ar\/noticias-villa-maria\/?s={search_term_string}\"},\"query-input\":{\"@type\":\"PropertyValueSpecification\",\"valueRequired\":true,\"valueName\":\"search_term_string\"}}],\"inLanguage\":\"es\"},{\"@type\":\"Person\",\"@id\":\"http:\/\/elregionalvm.com.ar\/noticias-villa-maria\/#\/schema\/person\/a0fb9c422317faca23d50163151bc354\",\"name\":\"Contenidos El Regional\",\"image\":{\"@type\":\"ImageObject\",\"inLanguage\":\"es\",\"@id\":\"http:\/\/elregionalvm.com.ar\/noticias-villa-maria\/#\/schema\/person\/image\/\",\"url\":\"https:\/\/secure.gravatar.com\/avatar\/265b27cb2209af7bb3a1318f03305787d7981a5cc6e6cd08fe5a4ecdf99d4b48?s=96&d=mm&r=g\",\"contentUrl\":\"https:\/\/secure.gravatar.com\/avatar\/265b27cb2209af7bb3a1318f03305787d7981a5cc6e6cd08fe5a4ecdf99d4b48?s=96&d=mm&r=g\",\"caption\":\"Contenidos El Regional\"},\"url\":\"https:\/\/elregionalvm.com.ar\/noticias-villa-maria\/author\/contenido\/\"}]}<\/script>\n<!-- \/ Yoast SEO plugin. -->","yoast_head_json":{"title":"Fabi\u00e1n Suescum, DT de Alumni: \"En la tercer final, saldremos a ser protagonistas nuevamente\" - El Regional","robots":{"index":"index","follow":"follow","max-snippet":"max-snippet:-1","max-image-preview":"max-image-preview:large","max-video-preview":"max-video-preview:-1"},"canonical":"https:\/\/elregionalvm.com.ar\/noticias-villa-maria\/fabian-suescum-dt-de-alumni-en-la-tercer-final-saldremos-a-ser-protagonistas-nuevamente\/","og_locale":"es_ES","og_type":"article","og_title":"Fabi\u00e1n Suescum, DT de Alumni: \"En la tercer final, saldremos a ser protagonistas nuevamente\" - El Regional","og_description":"En una final con mucho color, bengalas, y una gran concurrencia por parte de las dos hinchadas, Alumni demostr\u00f3 querer un poco m\u00e1s, y con el gol de su n\u00famero \u00ab9\u00bb , M\u00e1ximo Stablum, forz\u00f3 a que haya un tercer partido, para ver qui\u00e9n se corona campe\u00f3n del Torneo Apertura de la Liga Villamariense de [&hellip;]","og_url":"https:\/\/elregionalvm.com.ar\/noticias-villa-maria\/fabian-suescum-dt-de-alumni-en-la-tercer-final-saldremos-a-ser-protagonistas-nuevamente\/","og_site_name":"El Regional","article_publisher":"https:\/\/www.facebook.com\/elregionalvm","article_published_time":"2024-07-29T22:29:11+00:00","article_modified_time":"2024-07-29T22:29:12+00:00","og_image":[{"width":1200,"height":1600,"url":"https:\/\/elregionalvm.com.ar\/noticias-villa-maria\/wp-content\/uploads\/2024\/07\/WhatsApp-Image-2024-07-29-at-19.25.43.jpeg","type":"image\/jpeg"}],"author":"Contenidos El Regional","twitter_card":"summary_large_image","twitter_creator":"@elregionalvm1","twitter_site":"@elregionalvm1","twitter_misc":{"Escrito por":"Contenidos El Regional","Tiempo de lectura":"2 minutos"},"schema":{"@context":"https:\/\/schema.org","@graph":[{"@type":"Article","@id":"https:\/\/elregionalvm.com.ar\/noticias-villa-maria\/fabian-suescum-dt-de-alumni-en-la-tercer-final-saldremos-a-ser-protagonistas-nuevamente\/#article","isPartOf":{"@id":"https:\/\/elregionalvm.com.ar\/noticias-villa-maria\/fabian-suescum-dt-de-alumni-en-la-tercer-final-saldremos-a-ser-protagonistas-nuevamente\/"},"author":{"name":"Contenidos El Regional","@id":"http:\/\/elregionalvm.com.ar\/noticias-villa-maria\/#\/schema\/person\/a0fb9c422317faca23d50163151bc354"},"headline":"Fabi\u00e1n Suescum, DT de Alumni: \u00abEn la tercer final, saldremos a ser protagonistas nuevamente\u00bb","datePublished":"2024-07-29T22:29:11+00:00","dateModified":"2024-07-29T22:29:12+00:00","mainEntityOfPage":{"@id":"https:\/\/elregionalvm.com.ar\/noticias-villa-maria\/fabian-suescum-dt-de-alumni-en-la-tercer-final-saldremos-a-ser-protagonistas-nuevamente\/"},"wordCount":272,"commentCount":0,"image":{"@id":"https:\/\/elregionalvm.com.ar\/noticias-villa-maria\/fabian-suescum-dt-de-alumni-en-la-tercer-final-saldremos-a-ser-protagonistas-nuevamente\/#primaryimage"},"thumbnailUrl":"https:\/\/i0.wp.com\/elregionalvm.com.ar\/noticias-villa-maria\/wp-content\/uploads\/2024\/07\/WhatsApp-Image-2024-07-29-at-19.25.43.jpeg?fit=1200%2C1600&ssl=1","articleSection":{"0":"Deporte","1":"destacado","3":"Sociedad","4":"Villa Mar\u00eda"},"inLanguage":"es","potentialAction":[{"@type":"CommentAction","name":"Comment","target":["https:\/\/elregionalvm.com.ar\/noticias-villa-maria\/fabian-suescum-dt-de-alumni-en-la-tercer-final-saldremos-a-ser-protagonistas-nuevamente\/#respond"]}]},{"@type":"WebPage","@id":"https:\/\/elregionalvm.com.ar\/noticias-villa-maria\/fabian-suescum-dt-de-alumni-en-la-tercer-final-saldremos-a-ser-protagonistas-nuevamente\/","url":"https:\/\/elregionalvm.com.ar\/noticias-villa-maria\/fabian-suescum-dt-de-alumni-en-la-tercer-final-saldremos-a-ser-protagonistas-nuevamente\/","name":"Fabi\u00e1n Suescum, DT de Alumni: \"En la tercer final, saldremos a ser protagonistas nuevamente\" - El Regional","isPartOf":{"@id":"http:\/\/elregionalvm.com.ar\/noticias-villa-maria\/#website"},"primaryImageOfPage":{"@id":"https:\/\/elregionalvm.com.ar\/noticias-villa-maria\/fabian-suescum-dt-de-alumni-en-la-tercer-final-saldremos-a-ser-protagonistas-nuevamente\/#primaryimage"},"image":{"@id":"https:\/\/elregionalvm.com.ar\/noticias-villa-maria\/fabian-suescum-dt-de-alumni-en-la-tercer-final-saldremos-a-ser-protagonistas-nuevamente\/#primaryimage"},"thumbnailUrl":"https:\/\/i0.wp.com\/elregionalvm.com.ar\/noticias-villa-maria\/wp-content\/uploads\/2024\/07\/WhatsApp-Image-2024-07-29-at-19.25.43.jpeg?fit=1200%2C1600&ssl=1","datePublished":"2024-07-29T22:29:11+00:00","dateModified":"2024-07-29T22:29:12+00:00","author":{"@id":"http:\/\/elregionalvm.com.ar\/noticias-villa-maria\/#\/schema\/person\/a0fb9c422317faca23d50163151bc354"},"breadcrumb":{"@id":"https:\/\/elregionalvm.com.ar\/noticias-villa-maria\/fabian-suescum-dt-de-alumni-en-la-tercer-final-saldremos-a-ser-protagonistas-nuevamente\/#breadcrumb"},"inLanguage":"es","potentialAction":[{"@type":"ReadAction","target":["https:\/\/elregionalvm.com.ar\/noticias-villa-maria\/fabian-suescum-dt-de-alumni-en-la-tercer-final-saldremos-a-ser-protagonistas-nuevamente\/"]}]},{"@type":"ImageObject","inLanguage":"es","@id":"https:\/\/elregionalvm.com.ar\/noticias-villa-maria\/fabian-suescum-dt-de-alumni-en-la-tercer-final-saldremos-a-ser-protagonistas-nuevamente\/#primaryimage","url":"https:\/\/i0.wp.com\/elregionalvm.com.ar\/noticias-villa-maria\/wp-content\/uploads\/2024\/07\/WhatsApp-Image-2024-07-29-at-19.25.43.jpeg?fit=1200%2C1600&ssl=1","contentUrl":"https:\/\/i0.wp.com\/elregionalvm.com.ar\/noticias-villa-maria\/wp-content\/uploads\/2024\/07\/WhatsApp-Image-2024-07-29-at-19.25.43.jpeg?fit=1200%2C1600&ssl=1","width":1200,"height":1600},{"@type":"BreadcrumbList","@id":"https:\/\/elregionalvm.com.ar\/noticias-villa-maria\/fabian-suescum-dt-de-alumni-en-la-tercer-final-saldremos-a-ser-protagonistas-nuevamente\/#breadcrumb","itemListElement":[{"@type":"ListItem","position":1,"name":"Portada","item":"https:\/\/elregionalvm.com.ar\/noticias-villa-maria\/"},{"@type":"ListItem","position":2,"name":"Fabi\u00e1n Suescum, DT de Alumni: \u00abEn la tercer final, saldremos a ser protagonistas nuevamente\u00bb"}]},{"@type":"WebSite","@id":"http:\/\/elregionalvm.com.ar\/noticias-villa-maria\/#website","url":"http:\/\/elregionalvm.com.ar\/noticias-villa-maria\/","name":"El Regional","description":"Mucho m\u00e1s que informaci\u00f3n","potentialAction":[{"@type":"SearchAction","target":{"@type":"EntryPoint","urlTemplate":"http:\/\/elregionalvm.com.ar\/noticias-villa-maria\/?s={search_term_string}"},"query-input":{"@type":"PropertyValueSpecification","valueRequired":true,"valueName":"search_term_string"}}],"inLanguage":"es"},{"@type":"Person","@id":"http:\/\/elregionalvm.com.ar\/noticias-villa-maria\/#\/schema\/person\/a0fb9c422317faca23d50163151bc354","name":"Contenidos El Regional","image":{"@type":"ImageObject","inLanguage":"es","@id":"http:\/\/elregionalvm.com.ar\/noticias-villa-maria\/#\/schema\/person\/image\/","url":"https:\/\/secure.gravatar.com\/avatar\/265b27cb2209af7bb3a1318f03305787d7981a5cc6e6cd08fe5a4ecdf99d4b48?s=96&d=mm&r=g","contentUrl":"https:\/\/secure.gravatar.com\/avatar\/265b27cb2209af7bb3a1318f03305787d7981a5cc6e6cd08fe5a4ecdf99d4b48?s=96&d=mm&r=g","caption":"Contenidos El Regional"},"url":"https:\/\/elregionalvm.com.ar\/noticias-villa-maria\/author\/contenido\/"}]}},"jetpack_featured_media_url":"https:\/\/i0.wp.com\/elregionalvm.com.ar\/noticias-villa-maria\/wp-content\/uploads\/2024\/07\/WhatsApp-Image-2024-07-29-at-19.25.43.jpeg?fit=1200%2C1600&ssl=1","jetpack_sharing_enabled":true,"_links":{"self":[{"href":"https:\/\/elregionalvm.com.ar\/noticias-villa-maria\/wp-json\/wp\/v2\/posts\/96728","targetHints":{"allow":["GET"]}}],"collection":[{"href":"https:\/\/elregionalvm.com.ar\/noticias-villa-maria\/wp-json\/wp\/v2\/posts"}],"about":[{"href":"https:\/\/elregionalvm.com.ar\/noticias-villa-maria\/wp-json\/wp\/v2\/types\/post"}],"author":[{"embeddable":true,"href":"https:\/\/elregionalvm.com.ar\/noticias-villa-maria\/wp-json\/wp\/v2\/users\/4"}],"replies":[{"embeddable":true,"href":"https:\/\/elregionalvm.com.ar\/noticias-villa-maria\/wp-json\/wp\/v2\/comments?post=96728"}],"version-history":[{"count":2,"href":"https:\/\/elregionalvm.com.ar\/noticias-villa-maria\/wp-json\/wp\/v2\/posts\/96728\/revisions"}],"predecessor-version":[{"id":96731,"href":"https:\/\/elregionalvm.com.ar\/noticias-villa-maria\/wp-json\/wp\/v2\/posts\/96728\/revisions\/96731"}],"wp:featuredmedia":[{"embeddable":true,"href":"https:\/\/elregionalvm.com.ar\/noticias-villa-maria\/wp-json\/wp\/v2\/media\/96730"}],"wp:attachment":[{"href":"https:\/\/elregionalvm.com.ar\/noticias-villa-maria\/wp-json\/wp\/v2\/media?parent=96728"}],"wp:term":[{"taxonomy":"category","embeddable":true,"href":"https:\/\/elregionalvm.com.ar\/noticias-villa-maria\/wp-json\/wp\/v2\/categories?post=96728"},{"taxonomy":"post_tag","embeddable":true,"href":"https:\/\/elregionalvm.com.ar\/noticias-villa-maria\/wp-json\/wp\/v2\/tags?post=96728"}],"curies":[{"name":"wp","href":"https:\/\/api.w.org\/{rel}","templated":true}]}}