{"id":96756,"date":"2024-07-30T02:27:51","date_gmt":"2024-07-30T02:27:51","guid":{"rendered":"https:\/\/elregionalvm.com.ar\/noticias-villa-maria\/?p=96756"},"modified":"2024-08-05T03:30:43","modified_gmt":"2024-08-05T03:30:43","slug":"opinion-uber-y-otras-apps-de-transporte-de-personas-estado-paralelo","status":"publish","type":"post","link":"https:\/\/elregionalvm.com.ar\/noticias-villa-maria\/opinion-uber-y-otras-apps-de-transporte-de-personas-estado-paralelo\/","title":{"rendered":"[Opini\u00f3n] Uber y otras Apps de transporte de personas: \u00bfEstado paralelo?"},"content":{"rendered":"\n<h3 class=\"wp-block-heading\"><strong>El anuncio del desembarco de Uber en Villa Mar\u00eda gener\u00f3 preocupaci\u00f3n y temor por el futuro del sector entre los taxistas de la ciudad. Al igual que sucede en R\u00edo Cuarto y C\u00f3rdoba, donde funciona en la ilegalidad, demandan al gobierno municipal acciones concretas para rechazar la llegada de la aplicaci\u00f3n de transporte de personas. En esta nota, el abogado Carlos Cafure analiza la situaci\u00f3n en la capital provincial y otras ciudades cordobesas.<\/strong><\/h3>\n\n\n\n<p><\/p>\n\n\n\n<p><strong>Escribe: Abogado Carlos Emanuel Cafure<\/strong> <strong>(*) <\/strong><\/p>\n\n\n\n<p><\/p>\n\n\n\n<p>Todos estamos de acuerdo en la necesidad de incorporar las nuevas tecnolog\u00edas.<\/p>\n\n\n\n<p>Pero un proceso que se est\u00e1 llevando adelante en nuestro pa\u00eds, como en otras partes del mundo en las que no se han tomado cartas en el asunto a\u00fan, es el ingreso sin ning\u00fan tipo de control, y el funcionamiento de una serie de Apps de transporte de personas que ofrecen diferentes tipos trabajos precarizados, y a la vez, de servicios a los propios ciudadanos argentinos.<\/p>\n\n\n\n<p>\u00bfEl Estado Nacional autoriz\u00f3 a estas Empresas extranjeras a funcionar aqu\u00ed?<\/p>\n\n\n\n<p>\u00bfLos Estados Municipales en nuestra Naci\u00f3n han intervenido con todas las herramientas legales, para prevenir este servicio de fuga de capitales, evasi\u00f3n tributaria, esclavitud laboral extrema, y manifiesta competencia desleal con el servicio legal que brindan taxis y remises?<\/p>\n\n\n\n<p>\u00bfQu\u00e9 sucede con muchos Estados Municipales que han consentido (por acci\u00f3n u omisi\u00f3n), que hayan comenzado a funcionar y que lo sigan haciendo en la actualidad, aplicaciones como Uber, Cabify, entre otras?<\/p>\n\n\n\n<p><\/p>\n\n\n\n<figure class=\"wp-block-image size-large\"><img data-recalc-dims=\"1\" fetchpriority=\"high\" decoding=\"async\" width=\"1024\" height=\"492\" src=\"https:\/\/i0.wp.com\/elregionalvm.com.ar\/noticias-villa-maria\/wp-content\/uploads\/2024\/07\/uber-taxis.jpeg?resize=1024%2C492&#038;ssl=1\" alt=\"\" class=\"wp-image-96759\" srcset=\"https:\/\/i0.wp.com\/elregionalvm.com.ar\/noticias-villa-maria\/wp-content\/uploads\/2024\/07\/uber-taxis.jpeg?resize=1024%2C492&amp;ssl=1 1024w, https:\/\/i0.wp.com\/elregionalvm.com.ar\/noticias-villa-maria\/wp-content\/uploads\/2024\/07\/uber-taxis.jpeg?resize=300%2C144&amp;ssl=1 300w, https:\/\/i0.wp.com\/elregionalvm.com.ar\/noticias-villa-maria\/wp-content\/uploads\/2024\/07\/uber-taxis.jpeg?resize=768%2C369&amp;ssl=1 768w, https:\/\/i0.wp.com\/elregionalvm.com.ar\/noticias-villa-maria\/wp-content\/uploads\/2024\/07\/uber-taxis.jpeg?w=1078&amp;ssl=1 1078w\" sizes=\"(max-width: 1000px) 100vw, 1000px\" \/><\/figure>\n\n\n\n<p><\/p>\n\n\n\n<p>En los pa\u00edses serios del mundo, el Estado Nacional, Provincial y Municipal defiende el trabajo local y hace cumplir las leyes a los propios y a los ajenos.<\/p>\n\n\n\n<p>La gran mayor\u00eda de estas aplicaciones, se traducen en una nueva forma de esclavitud laboral moderna, a nivel mundial.<\/p>\n\n\n\n<p><\/p>\n\n\n\n<figure class=\"wp-block-pullquote\"><blockquote><p><strong>La gran mayor\u00eda de estas aplicaciones, se traducen en una nueva forma de esclavitud laboral moderna, a nivel mundial<\/strong><\/p><\/blockquote><\/figure>\n\n\n\n<p><\/p>\n\n\n\n<p>Los trabajadores de estos servicios que se ofrecen por Apps (de transporte de personas, de alimentos, entre otros), podr\u00edamos decir que se encuentran en una situaci\u00f3n de \u201cprecariado\u201d.<\/p>\n\n\n\n<p>Esta denominaci\u00f3n, apunta a visibilizar que forman parte de una franja de trabajadores que se encuentran en condiciones de precarizaci\u00f3n laboral en el autoempleo, y que en el fondo terminan auto explot\u00e1ndose a s\u00ed mismos.<\/p>\n\n\n\n<p>El autoempleo es una forma de explotaci\u00f3n laboral de un trabajador, y quienes terminan ganando respecto a esta situaci\u00f3n, son las grandes corporaciones a costa de estos trabajadores sin derechos, sin conquistas y que trabajan en condiciones indignas de trabajo.<\/p>\n\n\n\n<p><\/p>\n\n\n\n<figure class=\"wp-block-image size-large\"><img data-recalc-dims=\"1\" decoding=\"async\" width=\"1024\" height=\"576\" src=\"https:\/\/i0.wp.com\/elregionalvm.com.ar\/noticias-villa-maria\/wp-content\/uploads\/2024\/07\/Uber-auto.webp?resize=1024%2C576&#038;ssl=1\" alt=\"\" class=\"wp-image-95864\" srcset=\"https:\/\/i0.wp.com\/elregionalvm.com.ar\/noticias-villa-maria\/wp-content\/uploads\/2024\/07\/Uber-auto.webp?resize=1024%2C576&amp;ssl=1 1024w, https:\/\/i0.wp.com\/elregionalvm.com.ar\/noticias-villa-maria\/wp-content\/uploads\/2024\/07\/Uber-auto.webp?resize=300%2C169&amp;ssl=1 300w, https:\/\/i0.wp.com\/elregionalvm.com.ar\/noticias-villa-maria\/wp-content\/uploads\/2024\/07\/Uber-auto.webp?resize=768%2C432&amp;ssl=1 768w, https:\/\/i0.wp.com\/elregionalvm.com.ar\/noticias-villa-maria\/wp-content\/uploads\/2024\/07\/Uber-auto.webp?w=1200&amp;ssl=1 1200w\" sizes=\"(max-width: 1000px) 100vw, 1000px\" \/><\/figure>\n\n\n\n<p><\/p>\n\n\n\n<p>Cuando por ejemplo se habla de Uber\u2026 \u00bfCu\u00e1nto desempleo encubierto existe en el autoempleo de Uber?<\/p>\n\n\n\n<p>\u00bfSi en Argentina, no se hubieran perdido miles de fuentes trabajo nacional genuino (en relaci\u00f3n de dependencia estatal o privada), en estos \u00faltimos a\u00f1os, Uber tendr\u00eda posibilidades de conseguir trabajadores aqu\u00ed?<\/p>\n\n\n\n<p>Algo que hay que destacar, es que estas plataformas para funcionar, no pagan impuestos.<\/p>\n\n\n\n<p>Los impuestos sirven para garantizar desde el Estado, derechos de los ciudadanos a la salud, a la educaci\u00f3n, a la alimentaci\u00f3n, y a la seguridad, entre otros.<\/p>\n\n\n\n<p>La ciudad de C\u00f3rdoba, debe modificar urgente a trav\u00e9s del Concejo Deliberante el Art. 181 del C\u00f3digo de Convivencia Municipal, para hacer m\u00e1s efectiva y operativa la prohibici\u00f3n de apps no autorizadas por el propio Municipio.<\/p>\n\n\n\n<p>D\u00edas atr\u00e1s, le hice llegar a un concejal del oficialismo, un proyecto que elabor\u00e9 a tales fines. Estoy esperando su respuesta y decisi\u00f3n pol\u00edtica firme de presentarlo y buscar su aprobaci\u00f3n.<\/p>\n\n\n\n<p>Pero, a pesar de esta prohibici\u00f3n en la capital cordobesa, estos servicios hacen publicidades en redes sociales, YouTube, pantallas de Shoppings, y cuentan con un poderoso lobby que hacen medios de comunicaci\u00f3n que apoyan la precarizaci\u00f3n laboral en nuestro pa\u00eds.<\/p>\n\n\n\n<p>Este mensaje, nos da la sensaci\u00f3n de que ellos estuvieran por encima del Estado Municipal Capitalino y de las ordenanzas locales.<\/p>\n\n\n\n<p>\u00bfAcaso Uber y otras apps, estar\u00edan funcionando en la pr\u00e1ctica como un Estado paralelo?<\/p>\n\n\n\n<p>En la localidad de Huerta Grande, hace unos meses atr\u00e1s, logr\u00e9 la aprobaci\u00f3n de un proyecto de prohibici\u00f3n de este tipo de servicios ilegales en el Concejo Deliberante a trav\u00e9s de la concejal Natalia Ariza (en 2019 tuve la posibilidad que lo presentara la concejal Cavanna).<\/p>\n\n\n\n<p>Esta iniciativa legislativa, protege en forma contundente el trabajo legal de taxis y remises en dicha ciudad.<\/p>\n\n\n\n<p>Seguiremos avanzando en todos los Concejos Deliberantes, que demuestren representar los intereses nacionales, por encima de los extranjeros y sobre todo, que defiendan los intereses de nuestra Patria.<\/p>\n\n\n\n<p><strong><em>(*) Asesor Legal del Sindicato de Peones de Taxi de C\u00f3rdoba<\/em><\/strong><\/p>\n\n\n\n<p><\/p>\n\n\n\n<p><em>Foto principal: La Ma\u00f1ana<\/em><\/p>\n\n\n\n<p><\/p>\n\n\n\n<h3 class=\"wp-block-heading\">Tambi\u00e9n pod\u00e9s ver: <\/h3>\n\n\n\n<p><\/p>\n\n\n\n<p><\/p>\n\n\n\n<figure class=\"wp-block-embed is-type-wp-embed is-provider-el-regional wp-block-embed-el-regional\"><div class=\"wp-block-embed__wrapper\">\n<blockquote class=\"wp-embedded-content\" data-secret=\"PPXVi3tOSM\"><a href=\"https:\/\/elregionalvm.com.ar\/noticias-villa-maria\/polemica-llegada-de-uber-a-villa-maria-luces-y-sombras-de-un-sistema-que-en-cordoba-y-rio-cuarto-funciona-en-la-ilegalidad\/\">Pol\u00e9mica llegada de Uber a Villa Mar\u00eda: Luces y sombras de un sistema que en C\u00f3rdoba y R\u00edo Cuarto funciona en la \u201cilegalidad\u201d<\/a><\/blockquote><iframe class=\"wp-embedded-content\" sandbox=\"allow-scripts\" security=\"restricted\" style=\"position: absolute; visibility: hidden;\" title=\"\u00abPol\u00e9mica llegada de Uber a Villa Mar\u00eda: Luces y sombras de un sistema que en C\u00f3rdoba y R\u00edo Cuarto funciona en la \u201cilegalidad\u201d\u00bb \u2014 El Regional\" src=\"https:\/\/elregionalvm.com.ar\/noticias-villa-maria\/polemica-llegada-de-uber-a-villa-maria-luces-y-sombras-de-un-sistema-que-en-cordoba-y-rio-cuarto-funciona-en-la-ilegalidad\/embed\/#?secret=4okIKFy5s7#?secret=PPXVi3tOSM\" data-secret=\"PPXVi3tOSM\" width=\"500\" height=\"282\" frameborder=\"0\" marginwidth=\"0\" marginheight=\"0\" scrolling=\"no\"><\/iframe>\n<\/div><\/figure>\n","protected":false},"excerpt":{"rendered":"<p>El anuncio del desembarco de Uber en Villa Mar\u00eda gener\u00f3 preocupaci\u00f3n y temor por el futuro del sector entre los taxistas de la ciudad. Al igual que sucede en R\u00edo Cuarto y C\u00f3rdoba, donde funciona en la ilegalidad, demandan al gobierno municipal acciones concretas para rechazar la llegada de la aplicaci\u00f3n de transporte de personas. [&hellip;]<\/p>\n","protected":false},"author":4,"featured_media":96761,"comment_status":"open","ping_status":"open","sticky":false,"template":"","format":"standard","meta":{"site-sidebar-layout":"default","site-content-layout":"","ast-site-content-layout":"default","site-content-style":"default","site-sidebar-style":"default","ast-global-header-display":"","ast-banner-title-visibility":"","ast-main-header-display":"","ast-hfb-above-header-display":"","ast-hfb-below-header-display":"","ast-hfb-mobile-header-display":"","site-post-title":"","ast-breadcrumbs-content":"","ast-featured-img":"","footer-sml-layout":"","ast-disable-related-posts":"","theme-transparent-header-meta":"","adv-header-id-meta":"","stick-header-meta":"","header-above-stick-meta":"","header-main-stick-meta":"","header-below-stick-meta":"","astra-migrate-meta-layouts":"set","ast-page-background-enabled":"default","ast-page-background-meta":{"desktop":{"background-color":"","background-image":"","background-repeat":"repeat","background-position":"center center","background-size":"auto","background-attachment":"scroll","background-type":"","background-media":"","overlay-type":"","overlay-color":"","overlay-opacity":"","overlay-gradient":""},"tablet":{"background-color":"","background-image":"","background-repeat":"repeat","background-position":"center center","background-size":"auto","background-attachment":"scroll","background-type":"","background-media":"","overlay-type":"","overlay-color":"","overlay-opacity":"","overlay-gradient":""},"mobile":{"background-color":"","background-image":"","background-repeat":"repeat","background-position":"center center","background-size":"auto","background-attachment":"scroll","background-type":"","background-media":"","overlay-type":"","overlay-color":"","overlay-opacity":"","overlay-gradient":""}},"ast-content-background-meta":{"desktop":{"background-color":"var(--ast-global-color-5)","background-image":"","background-repeat":"repeat","background-position":"center center","background-size":"auto","background-attachment":"scroll","background-type":"","background-media":"","overlay-type":"","overlay-color":"","overlay-opacity":"","overlay-gradient":""},"tablet":{"background-color":"var(--ast-global-color-5)","background-image":"","background-repeat":"repeat","background-position":"center center","background-size":"auto","background-attachment":"scroll","background-type":"","background-media":"","overlay-type":"","overlay-color":"","overlay-opacity":"","overlay-gradient":""},"mobile":{"background-color":"var(--ast-global-color-5)","background-image":"","background-repeat":"repeat","background-position":"center center","background-size":"auto","background-attachment":"scroll","background-type":"","background-media":"","overlay-type":"","overlay-color":"","overlay-opacity":"","overlay-gradient":""}},"_jetpack_memberships_contains_paid_content":false,"_joinchat":[],"footnotes":""},"categories":[365,3557],"tags":[15795,24229,1597,24230,20245,16186,12367,1392,4308,2446,2197,24153],"class_list":["post-96756","post","type-post","status-publish","format-standard","has-post-thumbnail","hentry","category-opinion","category-tercera","tag-apps","tag-competencia-desleal","tag-concejo-deliberante","tag-estado-municipal","tag-estado-paralelo","tag-ilegalidad","tag-leyes","tag-preocupacion","tag-taxis","tag-temor","tag-transporte-de-pasajeros","tag-uber"],"yoast_head":"<!-- This site is optimized with the Yoast SEO plugin v26.8 - https:\/\/yoast.com\/product\/yoast-seo-wordpress\/ -->\n<title>[Opini\u00f3n] Uber y otras Apps de transporte de personas: \u00bfEstado paralelo? - El Regional<\/title>\n<meta name=\"robots\" content=\"index, follow, max-snippet:-1, max-image-preview:large, max-video-preview:-1\" \/>\n<link rel=\"canonical\" href=\"https:\/\/elregionalvm.com.ar\/noticias-villa-maria\/opinion-uber-y-otras-apps-de-transporte-de-personas-estado-paralelo\/\" \/>\n<meta property=\"og:locale\" content=\"es_ES\" \/>\n<meta property=\"og:type\" content=\"article\" \/>\n<meta property=\"og:title\" content=\"[Opini\u00f3n] Uber y otras Apps de transporte de personas: \u00bfEstado paralelo? - El Regional\" \/>\n<meta property=\"og:description\" content=\"El anuncio del desembarco de Uber en Villa Mar\u00eda gener\u00f3 preocupaci\u00f3n y temor por el futuro del sector entre los taxistas de la ciudad. Al igual que sucede en R\u00edo Cuarto y C\u00f3rdoba, donde funciona en la ilegalidad, demandan al gobierno municipal acciones concretas para rechazar la llegada de la aplicaci\u00f3n de transporte de personas. [&hellip;]\" \/>\n<meta property=\"og:url\" content=\"https:\/\/elregionalvm.com.ar\/noticias-villa-maria\/opinion-uber-y-otras-apps-de-transporte-de-personas-estado-paralelo\/\" \/>\n<meta property=\"og:site_name\" content=\"El Regional\" \/>\n<meta property=\"article:publisher\" content=\"https:\/\/www.facebook.com\/elregionalvm\" \/>\n<meta property=\"article:published_time\" content=\"2024-07-30T02:27:51+00:00\" \/>\n<meta property=\"article:modified_time\" content=\"2024-08-05T03:30:43+00:00\" \/>\n<meta property=\"og:image\" content=\"https:\/\/elregionalvm.com.ar\/noticias-villa-maria\/wp-content\/uploads\/2024\/07\/uber-ilegal-taxi.jpg\" \/>\n\t<meta property=\"og:image:width\" content=\"1000\" \/>\n\t<meta property=\"og:image:height\" content=\"562\" \/>\n\t<meta property=\"og:image:type\" content=\"image\/jpeg\" \/>\n<meta name=\"author\" content=\"Contenidos El Regional\" \/>\n<meta name=\"twitter:card\" content=\"summary_large_image\" \/>\n<meta name=\"twitter:creator\" content=\"@elregionalvm1\" \/>\n<meta name=\"twitter:site\" content=\"@elregionalvm1\" \/>\n<meta name=\"twitter:label1\" content=\"Escrito por\" \/>\n\t<meta name=\"twitter:data1\" content=\"Contenidos El Regional\" \/>\n\t<meta name=\"twitter:label2\" content=\"Tiempo de lectura\" \/>\n\t<meta name=\"twitter:data2\" content=\"4 minutos\" \/>\n<script type=\"application\/ld+json\" class=\"yoast-schema-graph\">{\"@context\":\"https:\/\/schema.org\",\"@graph\":[{\"@type\":\"Article\",\"@id\":\"https:\/\/elregionalvm.com.ar\/noticias-villa-maria\/opinion-uber-y-otras-apps-de-transporte-de-personas-estado-paralelo\/#article\",\"isPartOf\":{\"@id\":\"https:\/\/elregionalvm.com.ar\/noticias-villa-maria\/opinion-uber-y-otras-apps-de-transporte-de-personas-estado-paralelo\/\"},\"author\":{\"name\":\"Contenidos El Regional\",\"@id\":\"http:\/\/elregionalvm.com.ar\/noticias-villa-maria\/#\/schema\/person\/a0fb9c422317faca23d50163151bc354\"},\"headline\":\"[Opini\u00f3n] Uber y otras Apps de transporte de personas: \u00bfEstado paralelo?\",\"datePublished\":\"2024-07-30T02:27:51+00:00\",\"dateModified\":\"2024-08-05T03:30:43+00:00\",\"mainEntityOfPage\":{\"@id\":\"https:\/\/elregionalvm.com.ar\/noticias-villa-maria\/opinion-uber-y-otras-apps-de-transporte-de-personas-estado-paralelo\/\"},\"wordCount\":816,\"commentCount\":0,\"image\":{\"@id\":\"https:\/\/elregionalvm.com.ar\/noticias-villa-maria\/opinion-uber-y-otras-apps-de-transporte-de-personas-estado-paralelo\/#primaryimage\"},\"thumbnailUrl\":\"https:\/\/i0.wp.com\/elregionalvm.com.ar\/noticias-villa-maria\/wp-content\/uploads\/2024\/07\/uber-ilegal-taxi.jpg?fit=1000%2C562&ssl=1\",\"keywords\":[\"apps\",\"competencia desleal\",\"Concejo Deliberante\",\"estado municipal\",\"estado paralelo\",\"ilegalidad\",\"leyes\",\"Preocupaci\u00f3n\",\"Taxis\",\"temor\",\"Transporte de pasajeros\",\"Uber\"],\"articleSection\":[\"Opini\u00f3n\",\"tercera\"],\"inLanguage\":\"es\",\"potentialAction\":[{\"@type\":\"CommentAction\",\"name\":\"Comment\",\"target\":[\"https:\/\/elregionalvm.com.ar\/noticias-villa-maria\/opinion-uber-y-otras-apps-de-transporte-de-personas-estado-paralelo\/#respond\"]}]},{\"@type\":\"WebPage\",\"@id\":\"https:\/\/elregionalvm.com.ar\/noticias-villa-maria\/opinion-uber-y-otras-apps-de-transporte-de-personas-estado-paralelo\/\",\"url\":\"https:\/\/elregionalvm.com.ar\/noticias-villa-maria\/opinion-uber-y-otras-apps-de-transporte-de-personas-estado-paralelo\/\",\"name\":\"[Opini\u00f3n] Uber y otras Apps de transporte de personas: \u00bfEstado paralelo? - El Regional\",\"isPartOf\":{\"@id\":\"http:\/\/elregionalvm.com.ar\/noticias-villa-maria\/#website\"},\"primaryImageOfPage\":{\"@id\":\"https:\/\/elregionalvm.com.ar\/noticias-villa-maria\/opinion-uber-y-otras-apps-de-transporte-de-personas-estado-paralelo\/#primaryimage\"},\"image\":{\"@id\":\"https:\/\/elregionalvm.com.ar\/noticias-villa-maria\/opinion-uber-y-otras-apps-de-transporte-de-personas-estado-paralelo\/#primaryimage\"},\"thumbnailUrl\":\"https:\/\/i0.wp.com\/elregionalvm.com.ar\/noticias-villa-maria\/wp-content\/uploads\/2024\/07\/uber-ilegal-taxi.jpg?fit=1000%2C562&ssl=1\",\"datePublished\":\"2024-07-30T02:27:51+00:00\",\"dateModified\":\"2024-08-05T03:30:43+00:00\",\"author\":{\"@id\":\"http:\/\/elregionalvm.com.ar\/noticias-villa-maria\/#\/schema\/person\/a0fb9c422317faca23d50163151bc354\"},\"breadcrumb\":{\"@id\":\"https:\/\/elregionalvm.com.ar\/noticias-villa-maria\/opinion-uber-y-otras-apps-de-transporte-de-personas-estado-paralelo\/#breadcrumb\"},\"inLanguage\":\"es\",\"potentialAction\":[{\"@type\":\"ReadAction\",\"target\":[\"https:\/\/elregionalvm.com.ar\/noticias-villa-maria\/opinion-uber-y-otras-apps-de-transporte-de-personas-estado-paralelo\/\"]}]},{\"@type\":\"ImageObject\",\"inLanguage\":\"es\",\"@id\":\"https:\/\/elregionalvm.com.ar\/noticias-villa-maria\/opinion-uber-y-otras-apps-de-transporte-de-personas-estado-paralelo\/#primaryimage\",\"url\":\"https:\/\/i0.wp.com\/elregionalvm.com.ar\/noticias-villa-maria\/wp-content\/uploads\/2024\/07\/uber-ilegal-taxi.jpg?fit=1000%2C562&ssl=1\",\"contentUrl\":\"https:\/\/i0.wp.com\/elregionalvm.com.ar\/noticias-villa-maria\/wp-content\/uploads\/2024\/07\/uber-ilegal-taxi.jpg?fit=1000%2C562&ssl=1\",\"width\":1000,\"height\":562},{\"@type\":\"BreadcrumbList\",\"@id\":\"https:\/\/elregionalvm.com.ar\/noticias-villa-maria\/opinion-uber-y-otras-apps-de-transporte-de-personas-estado-paralelo\/#breadcrumb\",\"itemListElement\":[{\"@type\":\"ListItem\",\"position\":1,\"name\":\"Portada\",\"item\":\"https:\/\/elregionalvm.com.ar\/noticias-villa-maria\/\"},{\"@type\":\"ListItem\",\"position\":2,\"name\":\"[Opini\u00f3n] Uber y otras Apps de transporte de personas: \u00bfEstado paralelo?\"}]},{\"@type\":\"WebSite\",\"@id\":\"http:\/\/elregionalvm.com.ar\/noticias-villa-maria\/#website\",\"url\":\"http:\/\/elregionalvm.com.ar\/noticias-villa-maria\/\",\"name\":\"El Regional\",\"description\":\"Mucho m\u00e1s que informaci\u00f3n\",\"potentialAction\":[{\"@type\":\"SearchAction\",\"target\":{\"@type\":\"EntryPoint\",\"urlTemplate\":\"http:\/\/elregionalvm.com.ar\/noticias-villa-maria\/?s={search_term_string}\"},\"query-input\":{\"@type\":\"PropertyValueSpecification\",\"valueRequired\":true,\"valueName\":\"search_term_string\"}}],\"inLanguage\":\"es\"},{\"@type\":\"Person\",\"@id\":\"http:\/\/elregionalvm.com.ar\/noticias-villa-maria\/#\/schema\/person\/a0fb9c422317faca23d50163151bc354\",\"name\":\"Contenidos El Regional\",\"image\":{\"@type\":\"ImageObject\",\"inLanguage\":\"es\",\"@id\":\"http:\/\/elregionalvm.com.ar\/noticias-villa-maria\/#\/schema\/person\/image\/\",\"url\":\"https:\/\/secure.gravatar.com\/avatar\/265b27cb2209af7bb3a1318f03305787d7981a5cc6e6cd08fe5a4ecdf99d4b48?s=96&d=mm&r=g\",\"contentUrl\":\"https:\/\/secure.gravatar.com\/avatar\/265b27cb2209af7bb3a1318f03305787d7981a5cc6e6cd08fe5a4ecdf99d4b48?s=96&d=mm&r=g\",\"caption\":\"Contenidos El Regional\"},\"url\":\"https:\/\/elregionalvm.com.ar\/noticias-villa-maria\/author\/contenido\/\"}]}<\/script>\n<!-- \/ Yoast SEO plugin. -->","yoast_head_json":{"title":"[Opini\u00f3n] Uber y otras Apps de transporte de personas: \u00bfEstado paralelo? - El Regional","robots":{"index":"index","follow":"follow","max-snippet":"max-snippet:-1","max-image-preview":"max-image-preview:large","max-video-preview":"max-video-preview:-1"},"canonical":"https:\/\/elregionalvm.com.ar\/noticias-villa-maria\/opinion-uber-y-otras-apps-de-transporte-de-personas-estado-paralelo\/","og_locale":"es_ES","og_type":"article","og_title":"[Opini\u00f3n] Uber y otras Apps de transporte de personas: \u00bfEstado paralelo? - El Regional","og_description":"El anuncio del desembarco de Uber en Villa Mar\u00eda gener\u00f3 preocupaci\u00f3n y temor por el futuro del sector entre los taxistas de la ciudad. Al igual que sucede en R\u00edo Cuarto y C\u00f3rdoba, donde funciona en la ilegalidad, demandan al gobierno municipal acciones concretas para rechazar la llegada de la aplicaci\u00f3n de transporte de personas. [&hellip;]","og_url":"https:\/\/elregionalvm.com.ar\/noticias-villa-maria\/opinion-uber-y-otras-apps-de-transporte-de-personas-estado-paralelo\/","og_site_name":"El Regional","article_publisher":"https:\/\/www.facebook.com\/elregionalvm","article_published_time":"2024-07-30T02:27:51+00:00","article_modified_time":"2024-08-05T03:30:43+00:00","og_image":[{"width":1000,"height":562,"url":"https:\/\/elregionalvm.com.ar\/noticias-villa-maria\/wp-content\/uploads\/2024\/07\/uber-ilegal-taxi.jpg","type":"image\/jpeg"}],"author":"Contenidos El Regional","twitter_card":"summary_large_image","twitter_creator":"@elregionalvm1","twitter_site":"@elregionalvm1","twitter_misc":{"Escrito por":"Contenidos El Regional","Tiempo de lectura":"4 minutos"},"schema":{"@context":"https:\/\/schema.org","@graph":[{"@type":"Article","@id":"https:\/\/elregionalvm.com.ar\/noticias-villa-maria\/opinion-uber-y-otras-apps-de-transporte-de-personas-estado-paralelo\/#article","isPartOf":{"@id":"https:\/\/elregionalvm.com.ar\/noticias-villa-maria\/opinion-uber-y-otras-apps-de-transporte-de-personas-estado-paralelo\/"},"author":{"name":"Contenidos El Regional","@id":"http:\/\/elregionalvm.com.ar\/noticias-villa-maria\/#\/schema\/person\/a0fb9c422317faca23d50163151bc354"},"headline":"[Opini\u00f3n] Uber y otras Apps de transporte de personas: \u00bfEstado paralelo?","datePublished":"2024-07-30T02:27:51+00:00","dateModified":"2024-08-05T03:30:43+00:00","mainEntityOfPage":{"@id":"https:\/\/elregionalvm.com.ar\/noticias-villa-maria\/opinion-uber-y-otras-apps-de-transporte-de-personas-estado-paralelo\/"},"wordCount":816,"commentCount":0,"image":{"@id":"https:\/\/elregionalvm.com.ar\/noticias-villa-maria\/opinion-uber-y-otras-apps-de-transporte-de-personas-estado-paralelo\/#primaryimage"},"thumbnailUrl":"https:\/\/i0.wp.com\/elregionalvm.com.ar\/noticias-villa-maria\/wp-content\/uploads\/2024\/07\/uber-ilegal-taxi.jpg?fit=1000%2C562&ssl=1","keywords":["apps","competencia desleal","Concejo Deliberante","estado municipal","estado paralelo","ilegalidad","leyes","Preocupaci\u00f3n","Taxis","temor","Transporte de pasajeros","Uber"],"articleSection":["Opini\u00f3n","tercera"],"inLanguage":"es","potentialAction":[{"@type":"CommentAction","name":"Comment","target":["https:\/\/elregionalvm.com.ar\/noticias-villa-maria\/opinion-uber-y-otras-apps-de-transporte-de-personas-estado-paralelo\/#respond"]}]},{"@type":"WebPage","@id":"https:\/\/elregionalvm.com.ar\/noticias-villa-maria\/opinion-uber-y-otras-apps-de-transporte-de-personas-estado-paralelo\/","url":"https:\/\/elregionalvm.com.ar\/noticias-villa-maria\/opinion-uber-y-otras-apps-de-transporte-de-personas-estado-paralelo\/","name":"[Opini\u00f3n] Uber y otras Apps de transporte de personas: \u00bfEstado paralelo? - El Regional","isPartOf":{"@id":"http:\/\/elregionalvm.com.ar\/noticias-villa-maria\/#website"},"primaryImageOfPage":{"@id":"https:\/\/elregionalvm.com.ar\/noticias-villa-maria\/opinion-uber-y-otras-apps-de-transporte-de-personas-estado-paralelo\/#primaryimage"},"image":{"@id":"https:\/\/elregionalvm.com.ar\/noticias-villa-maria\/opinion-uber-y-otras-apps-de-transporte-de-personas-estado-paralelo\/#primaryimage"},"thumbnailUrl":"https:\/\/i0.wp.com\/elregionalvm.com.ar\/noticias-villa-maria\/wp-content\/uploads\/2024\/07\/uber-ilegal-taxi.jpg?fit=1000%2C562&ssl=1","datePublished":"2024-07-30T02:27:51+00:00","dateModified":"2024-08-05T03:30:43+00:00","author":{"@id":"http:\/\/elregionalvm.com.ar\/noticias-villa-maria\/#\/schema\/person\/a0fb9c422317faca23d50163151bc354"},"breadcrumb":{"@id":"https:\/\/elregionalvm.com.ar\/noticias-villa-maria\/opinion-uber-y-otras-apps-de-transporte-de-personas-estado-paralelo\/#breadcrumb"},"inLanguage":"es","potentialAction":[{"@type":"ReadAction","target":["https:\/\/elregionalvm.com.ar\/noticias-villa-maria\/opinion-uber-y-otras-apps-de-transporte-de-personas-estado-paralelo\/"]}]},{"@type":"ImageObject","inLanguage":"es","@id":"https:\/\/elregionalvm.com.ar\/noticias-villa-maria\/opinion-uber-y-otras-apps-de-transporte-de-personas-estado-paralelo\/#primaryimage","url":"https:\/\/i0.wp.com\/elregionalvm.com.ar\/noticias-villa-maria\/wp-content\/uploads\/2024\/07\/uber-ilegal-taxi.jpg?fit=1000%2C562&ssl=1","contentUrl":"https:\/\/i0.wp.com\/elregionalvm.com.ar\/noticias-villa-maria\/wp-content\/uploads\/2024\/07\/uber-ilegal-taxi.jpg?fit=1000%2C562&ssl=1","width":1000,"height":562},{"@type":"BreadcrumbList","@id":"https:\/\/elregionalvm.com.ar\/noticias-villa-maria\/opinion-uber-y-otras-apps-de-transporte-de-personas-estado-paralelo\/#breadcrumb","itemListElement":[{"@type":"ListItem","position":1,"name":"Portada","item":"https:\/\/elregionalvm.com.ar\/noticias-villa-maria\/"},{"@type":"ListItem","position":2,"name":"[Opini\u00f3n] Uber y otras Apps de transporte de personas: \u00bfEstado paralelo?"}]},{"@type":"WebSite","@id":"http:\/\/elregionalvm.com.ar\/noticias-villa-maria\/#website","url":"http:\/\/elregionalvm.com.ar\/noticias-villa-maria\/","name":"El Regional","description":"Mucho m\u00e1s que informaci\u00f3n","potentialAction":[{"@type":"SearchAction","target":{"@type":"EntryPoint","urlTemplate":"http:\/\/elregionalvm.com.ar\/noticias-villa-maria\/?s={search_term_string}"},"query-input":{"@type":"PropertyValueSpecification","valueRequired":true,"valueName":"search_term_string"}}],"inLanguage":"es"},{"@type":"Person","@id":"http:\/\/elregionalvm.com.ar\/noticias-villa-maria\/#\/schema\/person\/a0fb9c422317faca23d50163151bc354","name":"Contenidos El Regional","image":{"@type":"ImageObject","inLanguage":"es","@id":"http:\/\/elregionalvm.com.ar\/noticias-villa-maria\/#\/schema\/person\/image\/","url":"https:\/\/secure.gravatar.com\/avatar\/265b27cb2209af7bb3a1318f03305787d7981a5cc6e6cd08fe5a4ecdf99d4b48?s=96&d=mm&r=g","contentUrl":"https:\/\/secure.gravatar.com\/avatar\/265b27cb2209af7bb3a1318f03305787d7981a5cc6e6cd08fe5a4ecdf99d4b48?s=96&d=mm&r=g","caption":"Contenidos El Regional"},"url":"https:\/\/elregionalvm.com.ar\/noticias-villa-maria\/author\/contenido\/"}]}},"jetpack_featured_media_url":"https:\/\/i0.wp.com\/elregionalvm.com.ar\/noticias-villa-maria\/wp-content\/uploads\/2024\/07\/uber-ilegal-taxi.jpg?fit=1000%2C562&ssl=1","jetpack_sharing_enabled":true,"_links":{"self":[{"href":"https:\/\/elregionalvm.com.ar\/noticias-villa-maria\/wp-json\/wp\/v2\/posts\/96756","targetHints":{"allow":["GET"]}}],"collection":[{"href":"https:\/\/elregionalvm.com.ar\/noticias-villa-maria\/wp-json\/wp\/v2\/posts"}],"about":[{"href":"https:\/\/elregionalvm.com.ar\/noticias-villa-maria\/wp-json\/wp\/v2\/types\/post"}],"author":[{"embeddable":true,"href":"https:\/\/elregionalvm.com.ar\/noticias-villa-maria\/wp-json\/wp\/v2\/users\/4"}],"replies":[{"embeddable":true,"href":"https:\/\/elregionalvm.com.ar\/noticias-villa-maria\/wp-json\/wp\/v2\/comments?post=96756"}],"version-history":[{"count":3,"href":"https:\/\/elregionalvm.com.ar\/noticias-villa-maria\/wp-json\/wp\/v2\/posts\/96756\/revisions"}],"predecessor-version":[{"id":96762,"href":"https:\/\/elregionalvm.com.ar\/noticias-villa-maria\/wp-json\/wp\/v2\/posts\/96756\/revisions\/96762"}],"wp:featuredmedia":[{"embeddable":true,"href":"https:\/\/elregionalvm.com.ar\/noticias-villa-maria\/wp-json\/wp\/v2\/media\/96761"}],"wp:attachment":[{"href":"https:\/\/elregionalvm.com.ar\/noticias-villa-maria\/wp-json\/wp\/v2\/media?parent=96756"}],"wp:term":[{"taxonomy":"category","embeddable":true,"href":"https:\/\/elregionalvm.com.ar\/noticias-villa-maria\/wp-json\/wp\/v2\/categories?post=96756"},{"taxonomy":"post_tag","embeddable":true,"href":"https:\/\/elregionalvm.com.ar\/noticias-villa-maria\/wp-json\/wp\/v2\/tags?post=96756"}],"curies":[{"name":"wp","href":"https:\/\/api.w.org\/{rel}","templated":true}]}}