{"id":96819,"date":"2024-07-31T02:24:21","date_gmt":"2024-07-31T02:24:21","guid":{"rendered":"https:\/\/elregionalvm.com.ar\/noticias-villa-maria\/?p=96819"},"modified":"2024-08-01T01:51:20","modified_gmt":"2024-08-01T01:51:20","slug":"padre-indiferente-su-hija-de-15-anos-lo-demando-para-poder-comunicarse-pero-la-justicia-rechazo-el-pedido","status":"publish","type":"post","link":"https:\/\/elregionalvm.com.ar\/noticias-villa-maria\/padre-indiferente-su-hija-de-15-anos-lo-demando-para-poder-comunicarse-pero-la-justicia-rechazo-el-pedido\/","title":{"rendered":"Padre \u201cindiferente\u201d: Su hija de 15 a\u00f1os lo demand\u00f3 para poder comunicarse, pero la Justicia rechaz\u00f3 el pedido"},"content":{"rendered":"\n<h3 class=\"wp-block-heading\"><strong>El tribunal consider\u00f3 que tendr\u00eda escasas posibilidades de cumplimiento ante la conducta indiferente del progenitor en relaci\u00f3n con el contacto con su hija. Reproche moral a la conducta del demandado.<\/strong><\/h3>\n\n\n\n<p><\/p>\n\n\n\n<p>El Juzgado de Familia de 2\u00b0 Nominaci\u00f3n de C\u00f3rdoba de la ciudad de C\u00f3rdoba resolvi\u00f3 no establecer un r\u00e9gimen comunicacional entre una adolescente de 15 a\u00f1os y su padre, porque entendi\u00f3 que ser\u00eda infructuoso ante la conducta indiferente y desinteresada del demandado por tener contacto con su hija.<\/p>\n\n\n\n<p>En la resoluci\u00f3n, se invit\u00f3 a la adolescente a buscar un espacio terap\u00e9utico donde pueda trabajar sobre el impacto que le genera esta situaci\u00f3n familiar.<\/p>\n\n\n\n<p>All\u00ed se destac\u00f3 que la comunicaci\u00f3n paterno filial es un \u201cderecho-deber\u201d y \u201cuna relaci\u00f3n bidireccional\u00bb. Esto quiere decir que requiere de la intenci\u00f3n y la acci\u00f3n tanto de los hijos como del progenitor no conviviente para poder realizarse exitosamente. A la vez, implica que el progenitor que vive con los hijos fomente y no obstaculice este contacto.<\/p>\n\n\n\n<p><\/p>\n\n\n\n<figure class=\"wp-block-image size-large\"><img data-recalc-dims=\"1\" fetchpriority=\"high\" decoding=\"async\" width=\"1024\" height=\"576\" src=\"https:\/\/i0.wp.com\/elregionalvm.com.ar\/noticias-villa-maria\/wp-content\/uploads\/2021\/04\/justicia-1.jpg?resize=1024%2C576&#038;ssl=1\" alt=\"\" class=\"wp-image-35799\" srcset=\"https:\/\/i0.wp.com\/elregionalvm.com.ar\/noticias-villa-maria\/wp-content\/uploads\/2021\/04\/justicia-1.jpg?resize=1024%2C576&amp;ssl=1 1024w, https:\/\/i0.wp.com\/elregionalvm.com.ar\/noticias-villa-maria\/wp-content\/uploads\/2021\/04\/justicia-1.jpg?resize=300%2C169&amp;ssl=1 300w, https:\/\/i0.wp.com\/elregionalvm.com.ar\/noticias-villa-maria\/wp-content\/uploads\/2021\/04\/justicia-1.jpg?resize=768%2C432&amp;ssl=1 768w, https:\/\/i0.wp.com\/elregionalvm.com.ar\/noticias-villa-maria\/wp-content\/uploads\/2021\/04\/justicia-1.jpg?w=1200&amp;ssl=1 1200w\" sizes=\"(max-width: 1000px) 100vw, 1000px\" \/><\/figure>\n\n\n\n<p><\/p>\n\n\n\n<p><strong>Rechazo de su padre<\/strong><\/p>\n\n\n\n<p>Durante la infancia de la joven, su madre intent\u00f3 propiciar el v\u00ednculo con el progenitor, e incluso justific\u00f3 algunas de sus ausencias ante la ni\u00f1a, para que esta no tuviera una mala imagen de \u00e9l. Hoy es la joven quien busca generar un v\u00ednculo con su padre. Pero pese a los esfuerzos de ambas, el progenitor nunca se acerc\u00f3 a la hija.<\/p>\n\n\n\n<p>Seg\u00fan el juez Gabriel Tavip, su \u201creprochable desinter\u00e9s\u201d qued\u00f3 demostrado acabadamente por su conducta procesal, ya que el padre nunca realiz\u00f3 propuesta de r\u00e9gimen comunicacional ni se present\u00f3 a las audiencias fijadas para tratar el pedido iniciado por su hija.<\/p>\n\n\n\n<p>Adem\u00e1s, la madre hab\u00eda tenido que iniciar un proceso judicial anterior para lograr el reconocimiento y la determinaci\u00f3n de una cuota alimentaria en favor de la ni\u00f1a.<\/p>\n\n\n\n<p>A pesar de que la decisi\u00f3n fue contraria a lo solicitado por las demandantes, el tribunal valor\u00f3 el inter\u00e9s superior de la adolescente a la hora de resolver. Tom\u00f3 como base el dictamen de la representante complementaria, quien vela por la protecci\u00f3n de los derechos e intereses de los ni\u00f1os y adolescentes involucrados en procesos judiciales.<\/p>\n\n\n\n<p>La representante complementaria consider\u00f3 que fijar un r\u00e9gimen comunicacional en estas condiciones \u201crenovar\u00eda las expectativas\u201d en la joven y su probable incumplimiento terminar\u00eda siendo contraproducente para su bienestar emocional y afectivo.<\/p>\n\n\n\n<p><\/p>\n\n\n\n<figure class=\"wp-block-image size-full is-resized\"><img data-recalc-dims=\"1\" decoding=\"async\" width=\"800\" height=\"450\" src=\"https:\/\/i0.wp.com\/elregionalvm.com.ar\/noticias-villa-maria\/wp-content\/uploads\/2024\/07\/mujer-preocupada-chica-mano-en-la-cara.jpeg?resize=800%2C450&#038;ssl=1\" alt=\"\" class=\"wp-image-96824\" style=\"width:910px;height:auto\" srcset=\"https:\/\/i0.wp.com\/elregionalvm.com.ar\/noticias-villa-maria\/wp-content\/uploads\/2024\/07\/mujer-preocupada-chica-mano-en-la-cara.jpeg?w=800&amp;ssl=1 800w, https:\/\/i0.wp.com\/elregionalvm.com.ar\/noticias-villa-maria\/wp-content\/uploads\/2024\/07\/mujer-preocupada-chica-mano-en-la-cara.jpeg?resize=300%2C169&amp;ssl=1 300w, https:\/\/i0.wp.com\/elregionalvm.com.ar\/noticias-villa-maria\/wp-content\/uploads\/2024\/07\/mujer-preocupada-chica-mano-en-la-cara.jpeg?resize=768%2C432&amp;ssl=1 768w\" sizes=\"(max-width: 800px) 100vw, 800px\" \/><\/figure>\n\n\n\n<p><\/p>\n\n\n\n<p><strong>Severo reproche \u00e9tico y moral<\/strong><\/p>\n\n\n\n<p>El tribunal realiz\u00f3 un duro reproche moral de la conducta del progenitor, y lo conden\u00f3 al pago de las costas del juicio y los honorarios del abogado de la adolescente y su madre. Adem\u00e1s, deber\u00e1 solventar los gastos de terapia de su hija, en caso de que la joven decida hacerla.<\/p>\n\n\n\n<p>\u201cSu persistente desinter\u00e9s y ausencia en la vida de su hija desde su nacimiento, no solo refleja una grave falta de responsabilidad parental, sino tambi\u00e9n una indiferencia hacia el bienestar y las necesidades emocionales de S. Esta actitud no solo contraviene sus obligaciones legales y morales como padre, sino que tambi\u00e9n ha causado un impacto negativo en la vida de S., quien merece contar con el amor y apoyo de ambos progenitores\u201d, enfatiz\u00f3 el magistrado.<\/p>\n\n\n\n<p>Finalmente, el juez Tavip le dedic\u00f3 unas palabras a la joven, reconociendo su fortaleza y la voluntad de abrir su coraz\u00f3n a su pap\u00e1, a pesar de la conducta de este. \u201cA veces las personas no est\u00e1n listas para recibir el amor y la conexi\u00f3n que se les ofrece; sin embargo, esto es algo que te excede y que ni vos ni yo podemos controlar. Pero ello no disminuye en absoluto tu valor, ni la maravillosa persona que sos\u201d, expres\u00f3 el magistrado.<\/p>\n\n\n\n<p><em>Fuente: Poder Judicial de C\u00f3rdoba<\/em><\/p>\n","protected":false},"excerpt":{"rendered":"<p>El tribunal consider\u00f3 que tendr\u00eda escasas posibilidades de cumplimiento ante la conducta indiferente del progenitor en relaci\u00f3n con el contacto con su hija. Reproche moral a la conducta del demandado. El Juzgado de Familia de 2\u00b0 Nominaci\u00f3n de C\u00f3rdoba de la ciudad de C\u00f3rdoba resolvi\u00f3 no establecer un r\u00e9gimen comunicacional entre una adolescente de 15 [&hellip;]<\/p>\n","protected":false},"author":4,"featured_media":96822,"comment_status":"open","ping_status":"open","sticky":false,"template":"","format":"standard","meta":{"site-sidebar-layout":"default","site-content-layout":"","ast-site-content-layout":"default","site-content-style":"default","site-sidebar-style":"default","ast-global-header-display":"","ast-banner-title-visibility":"","ast-main-header-display":"","ast-hfb-above-header-display":"","ast-hfb-below-header-display":"","ast-hfb-mobile-header-display":"","site-post-title":"","ast-breadcrumbs-content":"","ast-featured-img":"","footer-sml-layout":"","ast-disable-related-posts":"","theme-transparent-header-meta":"","adv-header-id-meta":"","stick-header-meta":"","header-above-stick-meta":"","header-main-stick-meta":"","header-below-stick-meta":"","astra-migrate-meta-layouts":"set","ast-page-background-enabled":"default","ast-page-background-meta":{"desktop":{"background-color":"","background-image":"","background-repeat":"repeat","background-position":"center center","background-size":"auto","background-attachment":"scroll","background-type":"","background-media":"","overlay-type":"","overlay-color":"","overlay-opacity":"","overlay-gradient":""},"tablet":{"background-color":"","background-image":"","background-repeat":"repeat","background-position":"center center","background-size":"auto","background-attachment":"scroll","background-type":"","background-media":"","overlay-type":"","overlay-color":"","overlay-opacity":"","overlay-gradient":""},"mobile":{"background-color":"","background-image":"","background-repeat":"repeat","background-position":"center center","background-size":"auto","background-attachment":"scroll","background-type":"","background-media":"","overlay-type":"","overlay-color":"","overlay-opacity":"","overlay-gradient":""}},"ast-content-background-meta":{"desktop":{"background-color":"var(--ast-global-color-5)","background-image":"","background-repeat":"repeat","background-position":"center center","background-size":"auto","background-attachment":"scroll","background-type":"","background-media":"","overlay-type":"","overlay-color":"","overlay-opacity":"","overlay-gradient":""},"tablet":{"background-color":"var(--ast-global-color-5)","background-image":"","background-repeat":"repeat","background-position":"center center","background-size":"auto","background-attachment":"scroll","background-type":"","background-media":"","overlay-type":"","overlay-color":"","overlay-opacity":"","overlay-gradient":""},"mobile":{"background-color":"var(--ast-global-color-5)","background-image":"","background-repeat":"repeat","background-position":"center center","background-size":"auto","background-attachment":"scroll","background-type":"","background-media":"","overlay-type":"","overlay-color":"","overlay-opacity":"","overlay-gradient":""}},"_jetpack_memberships_contains_paid_content":false,"_joinchat":[],"footnotes":""},"categories":[16095,3557],"tags":[24233,213,6614,99,10930,14284,5856,7194],"class_list":["post-96819","post","type-post","status-publish","format-standard","has-post-thumbnail","hentry","category-provinciales","category-tercera","tag-contacto","tag-hija","tag-indiferencia","tag-justicia","tag-menor","tag-padre","tag-rechazo","tag-tips-legales"],"yoast_head":"<!-- This site is optimized with the Yoast SEO plugin v26.8 - https:\/\/yoast.com\/product\/yoast-seo-wordpress\/ -->\n<title>Padre \u201cindiferente\u201d: Su hija de 15 a\u00f1os lo demand\u00f3 para poder comunicarse, pero la Justicia rechaz\u00f3 el pedido - El Regional<\/title>\n<meta name=\"robots\" content=\"index, follow, max-snippet:-1, max-image-preview:large, max-video-preview:-1\" \/>\n<link rel=\"canonical\" href=\"https:\/\/elregionalvm.com.ar\/noticias-villa-maria\/padre-indiferente-su-hija-de-15-anos-lo-demando-para-poder-comunicarse-pero-la-justicia-rechazo-el-pedido\/\" \/>\n<meta property=\"og:locale\" content=\"es_ES\" \/>\n<meta property=\"og:type\" content=\"article\" \/>\n<meta property=\"og:title\" content=\"Padre \u201cindiferente\u201d: Su hija de 15 a\u00f1os lo demand\u00f3 para poder comunicarse, pero la Justicia rechaz\u00f3 el pedido - El Regional\" \/>\n<meta property=\"og:description\" content=\"El tribunal consider\u00f3 que tendr\u00eda escasas posibilidades de cumplimiento ante la conducta indiferente del progenitor en relaci\u00f3n con el contacto con su hija. Reproche moral a la conducta del demandado. El Juzgado de Familia de 2\u00b0 Nominaci\u00f3n de C\u00f3rdoba de la ciudad de C\u00f3rdoba resolvi\u00f3 no establecer un r\u00e9gimen comunicacional entre una adolescente de 15 [&hellip;]\" \/>\n<meta property=\"og:url\" content=\"https:\/\/elregionalvm.com.ar\/noticias-villa-maria\/padre-indiferente-su-hija-de-15-anos-lo-demando-para-poder-comunicarse-pero-la-justicia-rechazo-el-pedido\/\" \/>\n<meta property=\"og:site_name\" content=\"El Regional\" \/>\n<meta property=\"article:publisher\" content=\"https:\/\/www.facebook.com\/elregionalvm\" \/>\n<meta property=\"article:published_time\" content=\"2024-07-31T02:24:21+00:00\" \/>\n<meta property=\"article:modified_time\" content=\"2024-08-01T01:51:20+00:00\" \/>\n<meta property=\"og:image\" content=\"https:\/\/elregionalvm.com.ar\/noticias-villa-maria\/wp-content\/uploads\/2024\/07\/hija-padre-rechazo-comunicacion-1.jpeg\" \/>\n\t<meta property=\"og:image:width\" content=\"950\" \/>\n\t<meta property=\"og:image:height\" content=\"500\" \/>\n\t<meta property=\"og:image:type\" content=\"image\/jpeg\" \/>\n<meta name=\"author\" content=\"Contenidos El Regional\" \/>\n<meta name=\"twitter:card\" content=\"summary_large_image\" \/>\n<meta name=\"twitter:creator\" content=\"@elregionalvm1\" \/>\n<meta name=\"twitter:site\" content=\"@elregionalvm1\" \/>\n<meta name=\"twitter:label1\" content=\"Escrito por\" \/>\n\t<meta name=\"twitter:data1\" content=\"Contenidos El Regional\" \/>\n\t<meta name=\"twitter:label2\" content=\"Tiempo de lectura\" \/>\n\t<meta name=\"twitter:data2\" content=\"4 minutos\" \/>\n<script type=\"application\/ld+json\" class=\"yoast-schema-graph\">{\"@context\":\"https:\/\/schema.org\",\"@graph\":[{\"@type\":\"Article\",\"@id\":\"https:\/\/elregionalvm.com.ar\/noticias-villa-maria\/padre-indiferente-su-hija-de-15-anos-lo-demando-para-poder-comunicarse-pero-la-justicia-rechazo-el-pedido\/#article\",\"isPartOf\":{\"@id\":\"https:\/\/elregionalvm.com.ar\/noticias-villa-maria\/padre-indiferente-su-hija-de-15-anos-lo-demando-para-poder-comunicarse-pero-la-justicia-rechazo-el-pedido\/\"},\"author\":{\"name\":\"Contenidos El Regional\",\"@id\":\"http:\/\/elregionalvm.com.ar\/noticias-villa-maria\/#\/schema\/person\/a0fb9c422317faca23d50163151bc354\"},\"headline\":\"Padre \u201cindiferente\u201d: Su hija de 15 a\u00f1os lo demand\u00f3 para poder comunicarse, pero la Justicia rechaz\u00f3 el pedido\",\"datePublished\":\"2024-07-31T02:24:21+00:00\",\"dateModified\":\"2024-08-01T01:51:20+00:00\",\"mainEntityOfPage\":{\"@id\":\"https:\/\/elregionalvm.com.ar\/noticias-villa-maria\/padre-indiferente-su-hija-de-15-anos-lo-demando-para-poder-comunicarse-pero-la-justicia-rechazo-el-pedido\/\"},\"wordCount\":654,\"commentCount\":0,\"image\":{\"@id\":\"https:\/\/elregionalvm.com.ar\/noticias-villa-maria\/padre-indiferente-su-hija-de-15-anos-lo-demando-para-poder-comunicarse-pero-la-justicia-rechazo-el-pedido\/#primaryimage\"},\"thumbnailUrl\":\"https:\/\/i0.wp.com\/elregionalvm.com.ar\/noticias-villa-maria\/wp-content\/uploads\/2024\/07\/hija-padre-rechazo-comunicacion-1.jpeg?fit=950%2C500&ssl=1\",\"keywords\":[\"contacto\",\"hija\",\"Indiferencia\",\"Justicia\",\"menor\",\"padre\",\"rechazo\",\"Tips legales\"],\"articleSection\":[\"Provinciales\",\"tercera\"],\"inLanguage\":\"es\",\"potentialAction\":[{\"@type\":\"CommentAction\",\"name\":\"Comment\",\"target\":[\"https:\/\/elregionalvm.com.ar\/noticias-villa-maria\/padre-indiferente-su-hija-de-15-anos-lo-demando-para-poder-comunicarse-pero-la-justicia-rechazo-el-pedido\/#respond\"]}]},{\"@type\":\"WebPage\",\"@id\":\"https:\/\/elregionalvm.com.ar\/noticias-villa-maria\/padre-indiferente-su-hija-de-15-anos-lo-demando-para-poder-comunicarse-pero-la-justicia-rechazo-el-pedido\/\",\"url\":\"https:\/\/elregionalvm.com.ar\/noticias-villa-maria\/padre-indiferente-su-hija-de-15-anos-lo-demando-para-poder-comunicarse-pero-la-justicia-rechazo-el-pedido\/\",\"name\":\"Padre \u201cindiferente\u201d: Su hija de 15 a\u00f1os lo demand\u00f3 para poder comunicarse, pero la Justicia rechaz\u00f3 el pedido - El Regional\",\"isPartOf\":{\"@id\":\"http:\/\/elregionalvm.com.ar\/noticias-villa-maria\/#website\"},\"primaryImageOfPage\":{\"@id\":\"https:\/\/elregionalvm.com.ar\/noticias-villa-maria\/padre-indiferente-su-hija-de-15-anos-lo-demando-para-poder-comunicarse-pero-la-justicia-rechazo-el-pedido\/#primaryimage\"},\"image\":{\"@id\":\"https:\/\/elregionalvm.com.ar\/noticias-villa-maria\/padre-indiferente-su-hija-de-15-anos-lo-demando-para-poder-comunicarse-pero-la-justicia-rechazo-el-pedido\/#primaryimage\"},\"thumbnailUrl\":\"https:\/\/i0.wp.com\/elregionalvm.com.ar\/noticias-villa-maria\/wp-content\/uploads\/2024\/07\/hija-padre-rechazo-comunicacion-1.jpeg?fit=950%2C500&ssl=1\",\"datePublished\":\"2024-07-31T02:24:21+00:00\",\"dateModified\":\"2024-08-01T01:51:20+00:00\",\"author\":{\"@id\":\"http:\/\/elregionalvm.com.ar\/noticias-villa-maria\/#\/schema\/person\/a0fb9c422317faca23d50163151bc354\"},\"breadcrumb\":{\"@id\":\"https:\/\/elregionalvm.com.ar\/noticias-villa-maria\/padre-indiferente-su-hija-de-15-anos-lo-demando-para-poder-comunicarse-pero-la-justicia-rechazo-el-pedido\/#breadcrumb\"},\"inLanguage\":\"es\",\"potentialAction\":[{\"@type\":\"ReadAction\",\"target\":[\"https:\/\/elregionalvm.com.ar\/noticias-villa-maria\/padre-indiferente-su-hija-de-15-anos-lo-demando-para-poder-comunicarse-pero-la-justicia-rechazo-el-pedido\/\"]}]},{\"@type\":\"ImageObject\",\"inLanguage\":\"es\",\"@id\":\"https:\/\/elregionalvm.com.ar\/noticias-villa-maria\/padre-indiferente-su-hija-de-15-anos-lo-demando-para-poder-comunicarse-pero-la-justicia-rechazo-el-pedido\/#primaryimage\",\"url\":\"https:\/\/i0.wp.com\/elregionalvm.com.ar\/noticias-villa-maria\/wp-content\/uploads\/2024\/07\/hija-padre-rechazo-comunicacion-1.jpeg?fit=950%2C500&ssl=1\",\"contentUrl\":\"https:\/\/i0.wp.com\/elregionalvm.com.ar\/noticias-villa-maria\/wp-content\/uploads\/2024\/07\/hija-padre-rechazo-comunicacion-1.jpeg?fit=950%2C500&ssl=1\",\"width\":950,\"height\":500},{\"@type\":\"BreadcrumbList\",\"@id\":\"https:\/\/elregionalvm.com.ar\/noticias-villa-maria\/padre-indiferente-su-hija-de-15-anos-lo-demando-para-poder-comunicarse-pero-la-justicia-rechazo-el-pedido\/#breadcrumb\",\"itemListElement\":[{\"@type\":\"ListItem\",\"position\":1,\"name\":\"Portada\",\"item\":\"https:\/\/elregionalvm.com.ar\/noticias-villa-maria\/\"},{\"@type\":\"ListItem\",\"position\":2,\"name\":\"Padre \u201cindiferente\u201d: Su hija de 15 a\u00f1os lo demand\u00f3 para poder comunicarse, pero la Justicia rechaz\u00f3 el pedido\"}]},{\"@type\":\"WebSite\",\"@id\":\"http:\/\/elregionalvm.com.ar\/noticias-villa-maria\/#website\",\"url\":\"http:\/\/elregionalvm.com.ar\/noticias-villa-maria\/\",\"name\":\"El Regional\",\"description\":\"Mucho m\u00e1s que informaci\u00f3n\",\"potentialAction\":[{\"@type\":\"SearchAction\",\"target\":{\"@type\":\"EntryPoint\",\"urlTemplate\":\"http:\/\/elregionalvm.com.ar\/noticias-villa-maria\/?s={search_term_string}\"},\"query-input\":{\"@type\":\"PropertyValueSpecification\",\"valueRequired\":true,\"valueName\":\"search_term_string\"}}],\"inLanguage\":\"es\"},{\"@type\":\"Person\",\"@id\":\"http:\/\/elregionalvm.com.ar\/noticias-villa-maria\/#\/schema\/person\/a0fb9c422317faca23d50163151bc354\",\"name\":\"Contenidos El Regional\",\"image\":{\"@type\":\"ImageObject\",\"inLanguage\":\"es\",\"@id\":\"http:\/\/elregionalvm.com.ar\/noticias-villa-maria\/#\/schema\/person\/image\/\",\"url\":\"https:\/\/secure.gravatar.com\/avatar\/265b27cb2209af7bb3a1318f03305787d7981a5cc6e6cd08fe5a4ecdf99d4b48?s=96&d=mm&r=g\",\"contentUrl\":\"https:\/\/secure.gravatar.com\/avatar\/265b27cb2209af7bb3a1318f03305787d7981a5cc6e6cd08fe5a4ecdf99d4b48?s=96&d=mm&r=g\",\"caption\":\"Contenidos El Regional\"},\"url\":\"https:\/\/elregionalvm.com.ar\/noticias-villa-maria\/author\/contenido\/\"}]}<\/script>\n<!-- \/ Yoast SEO plugin. -->","yoast_head_json":{"title":"Padre \u201cindiferente\u201d: Su hija de 15 a\u00f1os lo demand\u00f3 para poder comunicarse, pero la Justicia rechaz\u00f3 el pedido - El Regional","robots":{"index":"index","follow":"follow","max-snippet":"max-snippet:-1","max-image-preview":"max-image-preview:large","max-video-preview":"max-video-preview:-1"},"canonical":"https:\/\/elregionalvm.com.ar\/noticias-villa-maria\/padre-indiferente-su-hija-de-15-anos-lo-demando-para-poder-comunicarse-pero-la-justicia-rechazo-el-pedido\/","og_locale":"es_ES","og_type":"article","og_title":"Padre \u201cindiferente\u201d: Su hija de 15 a\u00f1os lo demand\u00f3 para poder comunicarse, pero la Justicia rechaz\u00f3 el pedido - El Regional","og_description":"El tribunal consider\u00f3 que tendr\u00eda escasas posibilidades de cumplimiento ante la conducta indiferente del progenitor en relaci\u00f3n con el contacto con su hija. Reproche moral a la conducta del demandado. El Juzgado de Familia de 2\u00b0 Nominaci\u00f3n de C\u00f3rdoba de la ciudad de C\u00f3rdoba resolvi\u00f3 no establecer un r\u00e9gimen comunicacional entre una adolescente de 15 [&hellip;]","og_url":"https:\/\/elregionalvm.com.ar\/noticias-villa-maria\/padre-indiferente-su-hija-de-15-anos-lo-demando-para-poder-comunicarse-pero-la-justicia-rechazo-el-pedido\/","og_site_name":"El Regional","article_publisher":"https:\/\/www.facebook.com\/elregionalvm","article_published_time":"2024-07-31T02:24:21+00:00","article_modified_time":"2024-08-01T01:51:20+00:00","og_image":[{"width":950,"height":500,"url":"https:\/\/elregionalvm.com.ar\/noticias-villa-maria\/wp-content\/uploads\/2024\/07\/hija-padre-rechazo-comunicacion-1.jpeg","type":"image\/jpeg"}],"author":"Contenidos El Regional","twitter_card":"summary_large_image","twitter_creator":"@elregionalvm1","twitter_site":"@elregionalvm1","twitter_misc":{"Escrito por":"Contenidos El Regional","Tiempo de lectura":"4 minutos"},"schema":{"@context":"https:\/\/schema.org","@graph":[{"@type":"Article","@id":"https:\/\/elregionalvm.com.ar\/noticias-villa-maria\/padre-indiferente-su-hija-de-15-anos-lo-demando-para-poder-comunicarse-pero-la-justicia-rechazo-el-pedido\/#article","isPartOf":{"@id":"https:\/\/elregionalvm.com.ar\/noticias-villa-maria\/padre-indiferente-su-hija-de-15-anos-lo-demando-para-poder-comunicarse-pero-la-justicia-rechazo-el-pedido\/"},"author":{"name":"Contenidos El Regional","@id":"http:\/\/elregionalvm.com.ar\/noticias-villa-maria\/#\/schema\/person\/a0fb9c422317faca23d50163151bc354"},"headline":"Padre \u201cindiferente\u201d: Su hija de 15 a\u00f1os lo demand\u00f3 para poder comunicarse, pero la Justicia rechaz\u00f3 el pedido","datePublished":"2024-07-31T02:24:21+00:00","dateModified":"2024-08-01T01:51:20+00:00","mainEntityOfPage":{"@id":"https:\/\/elregionalvm.com.ar\/noticias-villa-maria\/padre-indiferente-su-hija-de-15-anos-lo-demando-para-poder-comunicarse-pero-la-justicia-rechazo-el-pedido\/"},"wordCount":654,"commentCount":0,"image":{"@id":"https:\/\/elregionalvm.com.ar\/noticias-villa-maria\/padre-indiferente-su-hija-de-15-anos-lo-demando-para-poder-comunicarse-pero-la-justicia-rechazo-el-pedido\/#primaryimage"},"thumbnailUrl":"https:\/\/i0.wp.com\/elregionalvm.com.ar\/noticias-villa-maria\/wp-content\/uploads\/2024\/07\/hija-padre-rechazo-comunicacion-1.jpeg?fit=950%2C500&ssl=1","keywords":["contacto","hija","Indiferencia","Justicia","menor","padre","rechazo","Tips legales"],"articleSection":["Provinciales","tercera"],"inLanguage":"es","potentialAction":[{"@type":"CommentAction","name":"Comment","target":["https:\/\/elregionalvm.com.ar\/noticias-villa-maria\/padre-indiferente-su-hija-de-15-anos-lo-demando-para-poder-comunicarse-pero-la-justicia-rechazo-el-pedido\/#respond"]}]},{"@type":"WebPage","@id":"https:\/\/elregionalvm.com.ar\/noticias-villa-maria\/padre-indiferente-su-hija-de-15-anos-lo-demando-para-poder-comunicarse-pero-la-justicia-rechazo-el-pedido\/","url":"https:\/\/elregionalvm.com.ar\/noticias-villa-maria\/padre-indiferente-su-hija-de-15-anos-lo-demando-para-poder-comunicarse-pero-la-justicia-rechazo-el-pedido\/","name":"Padre \u201cindiferente\u201d: Su hija de 15 a\u00f1os lo demand\u00f3 para poder comunicarse, pero la Justicia rechaz\u00f3 el pedido - El Regional","isPartOf":{"@id":"http:\/\/elregionalvm.com.ar\/noticias-villa-maria\/#website"},"primaryImageOfPage":{"@id":"https:\/\/elregionalvm.com.ar\/noticias-villa-maria\/padre-indiferente-su-hija-de-15-anos-lo-demando-para-poder-comunicarse-pero-la-justicia-rechazo-el-pedido\/#primaryimage"},"image":{"@id":"https:\/\/elregionalvm.com.ar\/noticias-villa-maria\/padre-indiferente-su-hija-de-15-anos-lo-demando-para-poder-comunicarse-pero-la-justicia-rechazo-el-pedido\/#primaryimage"},"thumbnailUrl":"https:\/\/i0.wp.com\/elregionalvm.com.ar\/noticias-villa-maria\/wp-content\/uploads\/2024\/07\/hija-padre-rechazo-comunicacion-1.jpeg?fit=950%2C500&ssl=1","datePublished":"2024-07-31T02:24:21+00:00","dateModified":"2024-08-01T01:51:20+00:00","author":{"@id":"http:\/\/elregionalvm.com.ar\/noticias-villa-maria\/#\/schema\/person\/a0fb9c422317faca23d50163151bc354"},"breadcrumb":{"@id":"https:\/\/elregionalvm.com.ar\/noticias-villa-maria\/padre-indiferente-su-hija-de-15-anos-lo-demando-para-poder-comunicarse-pero-la-justicia-rechazo-el-pedido\/#breadcrumb"},"inLanguage":"es","potentialAction":[{"@type":"ReadAction","target":["https:\/\/elregionalvm.com.ar\/noticias-villa-maria\/padre-indiferente-su-hija-de-15-anos-lo-demando-para-poder-comunicarse-pero-la-justicia-rechazo-el-pedido\/"]}]},{"@type":"ImageObject","inLanguage":"es","@id":"https:\/\/elregionalvm.com.ar\/noticias-villa-maria\/padre-indiferente-su-hija-de-15-anos-lo-demando-para-poder-comunicarse-pero-la-justicia-rechazo-el-pedido\/#primaryimage","url":"https:\/\/i0.wp.com\/elregionalvm.com.ar\/noticias-villa-maria\/wp-content\/uploads\/2024\/07\/hija-padre-rechazo-comunicacion-1.jpeg?fit=950%2C500&ssl=1","contentUrl":"https:\/\/i0.wp.com\/elregionalvm.com.ar\/noticias-villa-maria\/wp-content\/uploads\/2024\/07\/hija-padre-rechazo-comunicacion-1.jpeg?fit=950%2C500&ssl=1","width":950,"height":500},{"@type":"BreadcrumbList","@id":"https:\/\/elregionalvm.com.ar\/noticias-villa-maria\/padre-indiferente-su-hija-de-15-anos-lo-demando-para-poder-comunicarse-pero-la-justicia-rechazo-el-pedido\/#breadcrumb","itemListElement":[{"@type":"ListItem","position":1,"name":"Portada","item":"https:\/\/elregionalvm.com.ar\/noticias-villa-maria\/"},{"@type":"ListItem","position":2,"name":"Padre \u201cindiferente\u201d: Su hija de 15 a\u00f1os lo demand\u00f3 para poder comunicarse, pero la Justicia rechaz\u00f3 el pedido"}]},{"@type":"WebSite","@id":"http:\/\/elregionalvm.com.ar\/noticias-villa-maria\/#website","url":"http:\/\/elregionalvm.com.ar\/noticias-villa-maria\/","name":"El Regional","description":"Mucho m\u00e1s que informaci\u00f3n","potentialAction":[{"@type":"SearchAction","target":{"@type":"EntryPoint","urlTemplate":"http:\/\/elregionalvm.com.ar\/noticias-villa-maria\/?s={search_term_string}"},"query-input":{"@type":"PropertyValueSpecification","valueRequired":true,"valueName":"search_term_string"}}],"inLanguage":"es"},{"@type":"Person","@id":"http:\/\/elregionalvm.com.ar\/noticias-villa-maria\/#\/schema\/person\/a0fb9c422317faca23d50163151bc354","name":"Contenidos El Regional","image":{"@type":"ImageObject","inLanguage":"es","@id":"http:\/\/elregionalvm.com.ar\/noticias-villa-maria\/#\/schema\/person\/image\/","url":"https:\/\/secure.gravatar.com\/avatar\/265b27cb2209af7bb3a1318f03305787d7981a5cc6e6cd08fe5a4ecdf99d4b48?s=96&d=mm&r=g","contentUrl":"https:\/\/secure.gravatar.com\/avatar\/265b27cb2209af7bb3a1318f03305787d7981a5cc6e6cd08fe5a4ecdf99d4b48?s=96&d=mm&r=g","caption":"Contenidos El Regional"},"url":"https:\/\/elregionalvm.com.ar\/noticias-villa-maria\/author\/contenido\/"}]}},"jetpack_featured_media_url":"https:\/\/i0.wp.com\/elregionalvm.com.ar\/noticias-villa-maria\/wp-content\/uploads\/2024\/07\/hija-padre-rechazo-comunicacion-1.jpeg?fit=950%2C500&ssl=1","jetpack_sharing_enabled":true,"_links":{"self":[{"href":"https:\/\/elregionalvm.com.ar\/noticias-villa-maria\/wp-json\/wp\/v2\/posts\/96819","targetHints":{"allow":["GET"]}}],"collection":[{"href":"https:\/\/elregionalvm.com.ar\/noticias-villa-maria\/wp-json\/wp\/v2\/posts"}],"about":[{"href":"https:\/\/elregionalvm.com.ar\/noticias-villa-maria\/wp-json\/wp\/v2\/types\/post"}],"author":[{"embeddable":true,"href":"https:\/\/elregionalvm.com.ar\/noticias-villa-maria\/wp-json\/wp\/v2\/users\/4"}],"replies":[{"embeddable":true,"href":"https:\/\/elregionalvm.com.ar\/noticias-villa-maria\/wp-json\/wp\/v2\/comments?post=96819"}],"version-history":[{"count":3,"href":"https:\/\/elregionalvm.com.ar\/noticias-villa-maria\/wp-json\/wp\/v2\/posts\/96819\/revisions"}],"predecessor-version":[{"id":96825,"href":"https:\/\/elregionalvm.com.ar\/noticias-villa-maria\/wp-json\/wp\/v2\/posts\/96819\/revisions\/96825"}],"wp:featuredmedia":[{"embeddable":true,"href":"https:\/\/elregionalvm.com.ar\/noticias-villa-maria\/wp-json\/wp\/v2\/media\/96822"}],"wp:attachment":[{"href":"https:\/\/elregionalvm.com.ar\/noticias-villa-maria\/wp-json\/wp\/v2\/media?parent=96819"}],"wp:term":[{"taxonomy":"category","embeddable":true,"href":"https:\/\/elregionalvm.com.ar\/noticias-villa-maria\/wp-json\/wp\/v2\/categories?post=96819"},{"taxonomy":"post_tag","embeddable":true,"href":"https:\/\/elregionalvm.com.ar\/noticias-villa-maria\/wp-json\/wp\/v2\/tags?post=96819"}],"curies":[{"name":"wp","href":"https:\/\/api.w.org\/{rel}","templated":true}]}}