{"id":96834,"date":"2024-07-31T03:22:53","date_gmt":"2024-07-31T03:22:53","guid":{"rendered":"https:\/\/elregionalvm.com.ar\/noticias-villa-maria\/?p=96834"},"modified":"2024-08-05T03:30:27","modified_gmt":"2024-08-05T03:30:27","slug":"lucha-de-maridajes-queso-azul-versus-chocolate-negro-y-trozos-de-naranja","status":"publish","type":"post","link":"https:\/\/elregionalvm.com.ar\/noticias-villa-maria\/lucha-de-maridajes-queso-azul-versus-chocolate-negro-y-trozos-de-naranja\/","title":{"rendered":"[Lucha de Maridajes] Queso azul versus chocolate negro y trozos de naranja"},"content":{"rendered":"\n<h3 class=\"wp-block-heading\"><strong>\u00bfPor qu\u00e9 el queso y el chocolate combinan bien? Pese a que puedas sentir en un primer momento que estamos hablando de un maridaje raro, o complicado, no es as\u00ed. La combinaci\u00f3n del queso y del chocolate es un acierto por lo bien que pueden llegar a combinar ambos alimentos. Son ricos tanto en textura como en sabores, permitiendo as\u00ed una fusi\u00f3n perfecta entre ambos.<\/strong><\/h3>\n\n\n\n<p><\/p>\n\n\n\n<p>El queso ofrece una variedad de perfiles de sabor; hay m\u00e1s suaves, m\u00e1s cremosos, m\u00e1s picantes, intensos.<\/p>\n\n\n\n<p>El maridaje depender\u00e1 del queso que fue seleccionado, as\u00ed como del chocolate.<\/p>\n\n\n\n<p>Recordemos que no todos los chocolates tienen la misma proporci\u00f3n de cacao y, por tanto, no tienen el mismo amargor o dulzor.<\/p>\n\n\n\n<p><\/p>\n\n\n\n<figure class=\"wp-block-image size-full is-resized\"><img data-recalc-dims=\"1\" fetchpriority=\"high\" decoding=\"async\" width=\"640\" height=\"427\" src=\"https:\/\/i0.wp.com\/elregionalvm.com.ar\/noticias-villa-maria\/wp-content\/uploads\/2024\/07\/quesos-chocolate-frutas.jpeg?resize=640%2C427&#038;ssl=1\" alt=\"\" class=\"wp-image-96838\" style=\"width:910px;height:auto\" srcset=\"https:\/\/i0.wp.com\/elregionalvm.com.ar\/noticias-villa-maria\/wp-content\/uploads\/2024\/07\/quesos-chocolate-frutas.jpeg?w=640&amp;ssl=1 640w, https:\/\/i0.wp.com\/elregionalvm.com.ar\/noticias-villa-maria\/wp-content\/uploads\/2024\/07\/quesos-chocolate-frutas.jpeg?resize=300%2C200&amp;ssl=1 300w\" sizes=\"(max-width: 640px) 100vw, 640px\" \/><\/figure>\n\n\n\n<p><\/p>\n\n\n\n<p>Se deber\u00eda ir experimentando y encontrar el equilibrio entre los dulces y los salados, as\u00ed como los efectos que aporta el tenor graso del queso.<\/p>\n\n\n\n<p><strong>Hay pocas sensaciones mejores que la de esa combinaci\u00f3n de la cremosidad del queso con la incre\u00edble suavidad del chocolate.<\/strong><\/p>\n\n\n\n<p><\/p>\n\n\n\n<p><strong>Entonces vamos por estoooooo\u2026<\/strong><\/p>\n\n\n\n<p><\/p>\n\n\n\n<ul class=\"wp-block-list\">\n<li><strong>Un maridaje acertado es el que nos brinda el Queso azul con chocolate negro y trozos de naranja.<\/strong><\/li>\n<\/ul>\n\n\n\n<p><\/p>\n\n\n\n<figure class=\"wp-block-image size-full is-resized\"><img data-recalc-dims=\"1\" decoding=\"async\" width=\"650\" height=\"650\" src=\"https:\/\/i0.wp.com\/elregionalvm.com.ar\/noticias-villa-maria\/wp-content\/uploads\/2024\/07\/queso-azul-chocolate-2.jpeg?resize=650%2C650&#038;ssl=1\" alt=\"\" class=\"wp-image-96837\" style=\"width:910px;height:auto\" srcset=\"https:\/\/i0.wp.com\/elregionalvm.com.ar\/noticias-villa-maria\/wp-content\/uploads\/2024\/07\/queso-azul-chocolate-2.jpeg?w=650&amp;ssl=1 650w, https:\/\/i0.wp.com\/elregionalvm.com.ar\/noticias-villa-maria\/wp-content\/uploads\/2024\/07\/queso-azul-chocolate-2.jpeg?resize=300%2C300&amp;ssl=1 300w\" sizes=\"(max-width: 650px) 100vw, 650px\" \/><\/figure>\n\n\n\n<p><\/p>\n\n\n\n<p>Pese a ser una combinaci\u00f3n algo atrevida, est\u00e1 dentro de un cl\u00e1sico. Aqu\u00ed se combina la intensidad y picante del queso azul con la frescura de la naranja, m\u00e1s el amargo del cacao.<\/p>\n\n\n\n<p><\/p>\n\n\n\n<h3 class=\"wp-block-heading\"><strong>Tambi\u00e9n pod\u00e9s ver: <\/strong><\/h3>\n\n\n\n<p><\/p>\n\n\n\n<figure class=\"wp-block-embed is-type-wp-embed is-provider-el-regional wp-block-embed-el-regional\"><div class=\"wp-block-embed__wrapper\">\n<blockquote class=\"wp-embedded-content\" data-secret=\"u0f64QkjP9\"><a href=\"https:\/\/elregionalvm.com.ar\/noticias-villa-maria\/lucha-de-maridajes-queso-de-cabra-con-miel\/\">[Lucha de Maridajes] Queso de cabra con miel<\/a><\/blockquote><iframe class=\"wp-embedded-content\" sandbox=\"allow-scripts\" security=\"restricted\" style=\"position: absolute; visibility: hidden;\" title=\"\u00ab[Lucha de Maridajes] Queso de cabra con miel\u00bb \u2014 El Regional\" src=\"https:\/\/elregionalvm.com.ar\/noticias-villa-maria\/lucha-de-maridajes-queso-de-cabra-con-miel\/embed\/#?secret=DvX1hAaIGS#?secret=u0f64QkjP9\" data-secret=\"u0f64QkjP9\" width=\"500\" height=\"282\" frameborder=\"0\" marginwidth=\"0\" marginheight=\"0\" scrolling=\"no\"><\/iframe>\n<\/div><\/figure>\n\n\n\n<p><\/p>\n\n\n\n<p><em>Fuente: <a href=\"https:\/\/valledearas.com\/blog\/post\/maridaje-queso-y-chocolate\">valledearas.com<\/a><\/em><\/p>\n\n\n\n<p><\/p>\n\n\n\n<p><strong>MUY IMPORTANTE<\/strong><\/p>\n\n\n\n<p>Siempre que se desea incursionar en el consumo de nuevos alimentos, es imprescindible, consultar previamente con un profesional m\u00e9dico de confianza, a los fines que autorice su incorporaci\u00f3n a la dieta personal de la persona que quiere ingerir el novedoso maridaje.<\/p>\n\n\n\n<p><\/p>\n\n\n\n<p><em><strong>Recopilaci\u00f3n bibliogr\u00e1fica a cargo de Un Mundo De Alimentos (Allasia,H.; Tco. Ing. Y Mg. &#8211;\u00a0 Lecher\u00eda y Alimentos) <a href=\"http:\/\/www.unmundodealimentos.com.ar\/\">www.unmundodealimentos.com.ar<\/a><\/strong><\/em><\/p>\n\n\n\n<h2 class=\"wp-block-heading\">&nbsp;<\/h2>\n","protected":false},"excerpt":{"rendered":"<p>\u00bfPor qu\u00e9 el queso y el chocolate combinan bien? Pese a que puedas sentir en un primer momento que estamos hablando de un maridaje raro, o complicado, no es as\u00ed. La combinaci\u00f3n del queso y del chocolate es un acierto por lo bien que pueden llegar a combinar ambos alimentos. Son ricos tanto en textura [&hellip;]<\/p>\n","protected":false},"author":4,"featured_media":96836,"comment_status":"open","ping_status":"open","sticky":false,"template":"","format":"standard","meta":{"site-sidebar-layout":"default","site-content-layout":"","ast-site-content-layout":"default","site-content-style":"default","site-sidebar-style":"default","ast-global-header-display":"","ast-banner-title-visibility":"","ast-main-header-display":"","ast-hfb-above-header-display":"","ast-hfb-below-header-display":"","ast-hfb-mobile-header-display":"","site-post-title":"","ast-breadcrumbs-content":"","ast-featured-img":"","footer-sml-layout":"","ast-disable-related-posts":"","theme-transparent-header-meta":"","adv-header-id-meta":"","stick-header-meta":"","header-above-stick-meta":"","header-main-stick-meta":"","header-below-stick-meta":"","astra-migrate-meta-layouts":"set","ast-page-background-enabled":"default","ast-page-background-meta":{"desktop":{"background-color":"","background-image":"","background-repeat":"repeat","background-position":"center center","background-size":"auto","background-attachment":"scroll","background-type":"","background-media":"","overlay-type":"","overlay-color":"","overlay-opacity":"","overlay-gradient":""},"tablet":{"background-color":"","background-image":"","background-repeat":"repeat","background-position":"center center","background-size":"auto","background-attachment":"scroll","background-type":"","background-media":"","overlay-type":"","overlay-color":"","overlay-opacity":"","overlay-gradient":""},"mobile":{"background-color":"","background-image":"","background-repeat":"repeat","background-position":"center center","background-size":"auto","background-attachment":"scroll","background-type":"","background-media":"","overlay-type":"","overlay-color":"","overlay-opacity":"","overlay-gradient":""}},"ast-content-background-meta":{"desktop":{"background-color":"var(--ast-global-color-5)","background-image":"","background-repeat":"repeat","background-position":"center center","background-size":"auto","background-attachment":"scroll","background-type":"","background-media":"","overlay-type":"","overlay-color":"","overlay-opacity":"","overlay-gradient":""},"tablet":{"background-color":"var(--ast-global-color-5)","background-image":"","background-repeat":"repeat","background-position":"center center","background-size":"auto","background-attachment":"scroll","background-type":"","background-media":"","overlay-type":"","overlay-color":"","overlay-opacity":"","overlay-gradient":""},"mobile":{"background-color":"var(--ast-global-color-5)","background-image":"","background-repeat":"repeat","background-position":"center center","background-size":"auto","background-attachment":"scroll","background-type":"","background-media":"","overlay-type":"","overlay-color":"","overlay-opacity":"","overlay-gradient":""}},"_jetpack_memberships_contains_paid_content":false,"_joinchat":[],"footnotes":""},"categories":[2675,3557],"tags":[24237,10561,118,7553,12968,24236,24235,8562,20698,24238],"class_list":["post-96834","post","type-post","status-publish","format-standard","has-post-thumbnail","hentry","category-delicias","category-tercera","tag-cacao","tag-chocolate","tag-lucha","tag-maridaje","tag-naranja","tag-picante","tag-queso-azul","tag-quesos","tag-sabor","tag-sensaciones"],"yoast_head":"<!-- This site is optimized with the Yoast SEO plugin v26.8 - https:\/\/yoast.com\/product\/yoast-seo-wordpress\/ -->\n<title>[Lucha de Maridajes] Queso azul versus chocolate negro y trozos de naranja - El Regional<\/title>\n<meta name=\"robots\" content=\"index, follow, max-snippet:-1, max-image-preview:large, max-video-preview:-1\" \/>\n<link rel=\"canonical\" href=\"https:\/\/elregionalvm.com.ar\/noticias-villa-maria\/lucha-de-maridajes-queso-azul-versus-chocolate-negro-y-trozos-de-naranja\/\" \/>\n<meta property=\"og:locale\" content=\"es_ES\" \/>\n<meta property=\"og:type\" content=\"article\" \/>\n<meta property=\"og:title\" content=\"[Lucha de Maridajes] Queso azul versus chocolate negro y trozos de naranja - El Regional\" \/>\n<meta property=\"og:description\" content=\"\u00bfPor qu\u00e9 el queso y el chocolate combinan bien? Pese a que puedas sentir en un primer momento que estamos hablando de un maridaje raro, o complicado, no es as\u00ed. La combinaci\u00f3n del queso y del chocolate es un acierto por lo bien que pueden llegar a combinar ambos alimentos. Son ricos tanto en textura [&hellip;]\" \/>\n<meta property=\"og:url\" content=\"https:\/\/elregionalvm.com.ar\/noticias-villa-maria\/lucha-de-maridajes-queso-azul-versus-chocolate-negro-y-trozos-de-naranja\/\" \/>\n<meta property=\"og:site_name\" content=\"El Regional\" \/>\n<meta property=\"article:publisher\" content=\"https:\/\/www.facebook.com\/elregionalvm\" \/>\n<meta property=\"article:published_time\" content=\"2024-07-31T03:22:53+00:00\" \/>\n<meta property=\"article:modified_time\" content=\"2024-08-05T03:30:27+00:00\" \/>\n<meta property=\"og:image\" content=\"https:\/\/elregionalvm.com.ar\/noticias-villa-maria\/wp-content\/uploads\/2024\/07\/queso-azul-chocolate.jpeg\" \/>\n\t<meta property=\"og:image:width\" content=\"1200\" \/>\n\t<meta property=\"og:image:height\" content=\"800\" \/>\n\t<meta property=\"og:image:type\" content=\"image\/jpeg\" \/>\n<meta name=\"author\" content=\"Contenidos El Regional\" \/>\n<meta name=\"twitter:card\" content=\"summary_large_image\" \/>\n<meta name=\"twitter:creator\" content=\"@elregionalvm1\" \/>\n<meta name=\"twitter:site\" content=\"@elregionalvm1\" \/>\n<meta name=\"twitter:label1\" content=\"Escrito por\" \/>\n\t<meta name=\"twitter:data1\" content=\"Contenidos El Regional\" \/>\n\t<meta name=\"twitter:label2\" content=\"Tiempo de lectura\" \/>\n\t<meta name=\"twitter:data2\" content=\"2 minutos\" \/>\n<script type=\"application\/ld+json\" class=\"yoast-schema-graph\">{\"@context\":\"https:\/\/schema.org\",\"@graph\":[{\"@type\":\"Article\",\"@id\":\"https:\/\/elregionalvm.com.ar\/noticias-villa-maria\/lucha-de-maridajes-queso-azul-versus-chocolate-negro-y-trozos-de-naranja\/#article\",\"isPartOf\":{\"@id\":\"https:\/\/elregionalvm.com.ar\/noticias-villa-maria\/lucha-de-maridajes-queso-azul-versus-chocolate-negro-y-trozos-de-naranja\/\"},\"author\":{\"name\":\"Contenidos El Regional\",\"@id\":\"http:\/\/elregionalvm.com.ar\/noticias-villa-maria\/#\/schema\/person\/a0fb9c422317faca23d50163151bc354\"},\"headline\":\"[Lucha de Maridajes] Queso azul versus chocolate negro y trozos de naranja\",\"datePublished\":\"2024-07-31T03:22:53+00:00\",\"dateModified\":\"2024-08-05T03:30:27+00:00\",\"mainEntityOfPage\":{\"@id\":\"https:\/\/elregionalvm.com.ar\/noticias-villa-maria\/lucha-de-maridajes-queso-azul-versus-chocolate-negro-y-trozos-de-naranja\/\"},\"wordCount\":326,\"commentCount\":0,\"image\":{\"@id\":\"https:\/\/elregionalvm.com.ar\/noticias-villa-maria\/lucha-de-maridajes-queso-azul-versus-chocolate-negro-y-trozos-de-naranja\/#primaryimage\"},\"thumbnailUrl\":\"https:\/\/i0.wp.com\/elregionalvm.com.ar\/noticias-villa-maria\/wp-content\/uploads\/2024\/07\/queso-azul-chocolate.jpeg?fit=1200%2C800&ssl=1\",\"keywords\":[\"cacao\",\"chocolate\",\"lucha\",\"maridaje\",\"naranja\",\"picante\",\"queso azul\",\"quesos\",\"sabor\",\"sensaciones\"],\"articleSection\":[\"Delicias y placeres\",\"tercera\"],\"inLanguage\":\"es\",\"potentialAction\":[{\"@type\":\"CommentAction\",\"name\":\"Comment\",\"target\":[\"https:\/\/elregionalvm.com.ar\/noticias-villa-maria\/lucha-de-maridajes-queso-azul-versus-chocolate-negro-y-trozos-de-naranja\/#respond\"]}]},{\"@type\":\"WebPage\",\"@id\":\"https:\/\/elregionalvm.com.ar\/noticias-villa-maria\/lucha-de-maridajes-queso-azul-versus-chocolate-negro-y-trozos-de-naranja\/\",\"url\":\"https:\/\/elregionalvm.com.ar\/noticias-villa-maria\/lucha-de-maridajes-queso-azul-versus-chocolate-negro-y-trozos-de-naranja\/\",\"name\":\"[Lucha de Maridajes] Queso azul versus chocolate negro y trozos de naranja - El Regional\",\"isPartOf\":{\"@id\":\"http:\/\/elregionalvm.com.ar\/noticias-villa-maria\/#website\"},\"primaryImageOfPage\":{\"@id\":\"https:\/\/elregionalvm.com.ar\/noticias-villa-maria\/lucha-de-maridajes-queso-azul-versus-chocolate-negro-y-trozos-de-naranja\/#primaryimage\"},\"image\":{\"@id\":\"https:\/\/elregionalvm.com.ar\/noticias-villa-maria\/lucha-de-maridajes-queso-azul-versus-chocolate-negro-y-trozos-de-naranja\/#primaryimage\"},\"thumbnailUrl\":\"https:\/\/i0.wp.com\/elregionalvm.com.ar\/noticias-villa-maria\/wp-content\/uploads\/2024\/07\/queso-azul-chocolate.jpeg?fit=1200%2C800&ssl=1\",\"datePublished\":\"2024-07-31T03:22:53+00:00\",\"dateModified\":\"2024-08-05T03:30:27+00:00\",\"author\":{\"@id\":\"http:\/\/elregionalvm.com.ar\/noticias-villa-maria\/#\/schema\/person\/a0fb9c422317faca23d50163151bc354\"},\"breadcrumb\":{\"@id\":\"https:\/\/elregionalvm.com.ar\/noticias-villa-maria\/lucha-de-maridajes-queso-azul-versus-chocolate-negro-y-trozos-de-naranja\/#breadcrumb\"},\"inLanguage\":\"es\",\"potentialAction\":[{\"@type\":\"ReadAction\",\"target\":[\"https:\/\/elregionalvm.com.ar\/noticias-villa-maria\/lucha-de-maridajes-queso-azul-versus-chocolate-negro-y-trozos-de-naranja\/\"]}]},{\"@type\":\"ImageObject\",\"inLanguage\":\"es\",\"@id\":\"https:\/\/elregionalvm.com.ar\/noticias-villa-maria\/lucha-de-maridajes-queso-azul-versus-chocolate-negro-y-trozos-de-naranja\/#primaryimage\",\"url\":\"https:\/\/i0.wp.com\/elregionalvm.com.ar\/noticias-villa-maria\/wp-content\/uploads\/2024\/07\/queso-azul-chocolate.jpeg?fit=1200%2C800&ssl=1\",\"contentUrl\":\"https:\/\/i0.wp.com\/elregionalvm.com.ar\/noticias-villa-maria\/wp-content\/uploads\/2024\/07\/queso-azul-chocolate.jpeg?fit=1200%2C800&ssl=1\",\"width\":1200,\"height\":800},{\"@type\":\"BreadcrumbList\",\"@id\":\"https:\/\/elregionalvm.com.ar\/noticias-villa-maria\/lucha-de-maridajes-queso-azul-versus-chocolate-negro-y-trozos-de-naranja\/#breadcrumb\",\"itemListElement\":[{\"@type\":\"ListItem\",\"position\":1,\"name\":\"Portada\",\"item\":\"https:\/\/elregionalvm.com.ar\/noticias-villa-maria\/\"},{\"@type\":\"ListItem\",\"position\":2,\"name\":\"[Lucha de Maridajes] Queso azul versus chocolate negro y trozos de naranja\"}]},{\"@type\":\"WebSite\",\"@id\":\"http:\/\/elregionalvm.com.ar\/noticias-villa-maria\/#website\",\"url\":\"http:\/\/elregionalvm.com.ar\/noticias-villa-maria\/\",\"name\":\"El Regional\",\"description\":\"Mucho m\u00e1s que informaci\u00f3n\",\"potentialAction\":[{\"@type\":\"SearchAction\",\"target\":{\"@type\":\"EntryPoint\",\"urlTemplate\":\"http:\/\/elregionalvm.com.ar\/noticias-villa-maria\/?s={search_term_string}\"},\"query-input\":{\"@type\":\"PropertyValueSpecification\",\"valueRequired\":true,\"valueName\":\"search_term_string\"}}],\"inLanguage\":\"es\"},{\"@type\":\"Person\",\"@id\":\"http:\/\/elregionalvm.com.ar\/noticias-villa-maria\/#\/schema\/person\/a0fb9c422317faca23d50163151bc354\",\"name\":\"Contenidos El Regional\",\"image\":{\"@type\":\"ImageObject\",\"inLanguage\":\"es\",\"@id\":\"http:\/\/elregionalvm.com.ar\/noticias-villa-maria\/#\/schema\/person\/image\/\",\"url\":\"https:\/\/secure.gravatar.com\/avatar\/265b27cb2209af7bb3a1318f03305787d7981a5cc6e6cd08fe5a4ecdf99d4b48?s=96&d=mm&r=g\",\"contentUrl\":\"https:\/\/secure.gravatar.com\/avatar\/265b27cb2209af7bb3a1318f03305787d7981a5cc6e6cd08fe5a4ecdf99d4b48?s=96&d=mm&r=g\",\"caption\":\"Contenidos El Regional\"},\"url\":\"https:\/\/elregionalvm.com.ar\/noticias-villa-maria\/author\/contenido\/\"}]}<\/script>\n<!-- \/ Yoast SEO plugin. -->","yoast_head_json":{"title":"[Lucha de Maridajes] Queso azul versus chocolate negro y trozos de naranja - El Regional","robots":{"index":"index","follow":"follow","max-snippet":"max-snippet:-1","max-image-preview":"max-image-preview:large","max-video-preview":"max-video-preview:-1"},"canonical":"https:\/\/elregionalvm.com.ar\/noticias-villa-maria\/lucha-de-maridajes-queso-azul-versus-chocolate-negro-y-trozos-de-naranja\/","og_locale":"es_ES","og_type":"article","og_title":"[Lucha de Maridajes] Queso azul versus chocolate negro y trozos de naranja - El Regional","og_description":"\u00bfPor qu\u00e9 el queso y el chocolate combinan bien? Pese a que puedas sentir en un primer momento que estamos hablando de un maridaje raro, o complicado, no es as\u00ed. La combinaci\u00f3n del queso y del chocolate es un acierto por lo bien que pueden llegar a combinar ambos alimentos. Son ricos tanto en textura [&hellip;]","og_url":"https:\/\/elregionalvm.com.ar\/noticias-villa-maria\/lucha-de-maridajes-queso-azul-versus-chocolate-negro-y-trozos-de-naranja\/","og_site_name":"El Regional","article_publisher":"https:\/\/www.facebook.com\/elregionalvm","article_published_time":"2024-07-31T03:22:53+00:00","article_modified_time":"2024-08-05T03:30:27+00:00","og_image":[{"width":1200,"height":800,"url":"https:\/\/elregionalvm.com.ar\/noticias-villa-maria\/wp-content\/uploads\/2024\/07\/queso-azul-chocolate.jpeg","type":"image\/jpeg"}],"author":"Contenidos El Regional","twitter_card":"summary_large_image","twitter_creator":"@elregionalvm1","twitter_site":"@elregionalvm1","twitter_misc":{"Escrito por":"Contenidos El Regional","Tiempo de lectura":"2 minutos"},"schema":{"@context":"https:\/\/schema.org","@graph":[{"@type":"Article","@id":"https:\/\/elregionalvm.com.ar\/noticias-villa-maria\/lucha-de-maridajes-queso-azul-versus-chocolate-negro-y-trozos-de-naranja\/#article","isPartOf":{"@id":"https:\/\/elregionalvm.com.ar\/noticias-villa-maria\/lucha-de-maridajes-queso-azul-versus-chocolate-negro-y-trozos-de-naranja\/"},"author":{"name":"Contenidos El Regional","@id":"http:\/\/elregionalvm.com.ar\/noticias-villa-maria\/#\/schema\/person\/a0fb9c422317faca23d50163151bc354"},"headline":"[Lucha de Maridajes] Queso azul versus chocolate negro y trozos de naranja","datePublished":"2024-07-31T03:22:53+00:00","dateModified":"2024-08-05T03:30:27+00:00","mainEntityOfPage":{"@id":"https:\/\/elregionalvm.com.ar\/noticias-villa-maria\/lucha-de-maridajes-queso-azul-versus-chocolate-negro-y-trozos-de-naranja\/"},"wordCount":326,"commentCount":0,"image":{"@id":"https:\/\/elregionalvm.com.ar\/noticias-villa-maria\/lucha-de-maridajes-queso-azul-versus-chocolate-negro-y-trozos-de-naranja\/#primaryimage"},"thumbnailUrl":"https:\/\/i0.wp.com\/elregionalvm.com.ar\/noticias-villa-maria\/wp-content\/uploads\/2024\/07\/queso-azul-chocolate.jpeg?fit=1200%2C800&ssl=1","keywords":["cacao","chocolate","lucha","maridaje","naranja","picante","queso azul","quesos","sabor","sensaciones"],"articleSection":["Delicias y placeres","tercera"],"inLanguage":"es","potentialAction":[{"@type":"CommentAction","name":"Comment","target":["https:\/\/elregionalvm.com.ar\/noticias-villa-maria\/lucha-de-maridajes-queso-azul-versus-chocolate-negro-y-trozos-de-naranja\/#respond"]}]},{"@type":"WebPage","@id":"https:\/\/elregionalvm.com.ar\/noticias-villa-maria\/lucha-de-maridajes-queso-azul-versus-chocolate-negro-y-trozos-de-naranja\/","url":"https:\/\/elregionalvm.com.ar\/noticias-villa-maria\/lucha-de-maridajes-queso-azul-versus-chocolate-negro-y-trozos-de-naranja\/","name":"[Lucha de Maridajes] Queso azul versus chocolate negro y trozos de naranja - El Regional","isPartOf":{"@id":"http:\/\/elregionalvm.com.ar\/noticias-villa-maria\/#website"},"primaryImageOfPage":{"@id":"https:\/\/elregionalvm.com.ar\/noticias-villa-maria\/lucha-de-maridajes-queso-azul-versus-chocolate-negro-y-trozos-de-naranja\/#primaryimage"},"image":{"@id":"https:\/\/elregionalvm.com.ar\/noticias-villa-maria\/lucha-de-maridajes-queso-azul-versus-chocolate-negro-y-trozos-de-naranja\/#primaryimage"},"thumbnailUrl":"https:\/\/i0.wp.com\/elregionalvm.com.ar\/noticias-villa-maria\/wp-content\/uploads\/2024\/07\/queso-azul-chocolate.jpeg?fit=1200%2C800&ssl=1","datePublished":"2024-07-31T03:22:53+00:00","dateModified":"2024-08-05T03:30:27+00:00","author":{"@id":"http:\/\/elregionalvm.com.ar\/noticias-villa-maria\/#\/schema\/person\/a0fb9c422317faca23d50163151bc354"},"breadcrumb":{"@id":"https:\/\/elregionalvm.com.ar\/noticias-villa-maria\/lucha-de-maridajes-queso-azul-versus-chocolate-negro-y-trozos-de-naranja\/#breadcrumb"},"inLanguage":"es","potentialAction":[{"@type":"ReadAction","target":["https:\/\/elregionalvm.com.ar\/noticias-villa-maria\/lucha-de-maridajes-queso-azul-versus-chocolate-negro-y-trozos-de-naranja\/"]}]},{"@type":"ImageObject","inLanguage":"es","@id":"https:\/\/elregionalvm.com.ar\/noticias-villa-maria\/lucha-de-maridajes-queso-azul-versus-chocolate-negro-y-trozos-de-naranja\/#primaryimage","url":"https:\/\/i0.wp.com\/elregionalvm.com.ar\/noticias-villa-maria\/wp-content\/uploads\/2024\/07\/queso-azul-chocolate.jpeg?fit=1200%2C800&ssl=1","contentUrl":"https:\/\/i0.wp.com\/elregionalvm.com.ar\/noticias-villa-maria\/wp-content\/uploads\/2024\/07\/queso-azul-chocolate.jpeg?fit=1200%2C800&ssl=1","width":1200,"height":800},{"@type":"BreadcrumbList","@id":"https:\/\/elregionalvm.com.ar\/noticias-villa-maria\/lucha-de-maridajes-queso-azul-versus-chocolate-negro-y-trozos-de-naranja\/#breadcrumb","itemListElement":[{"@type":"ListItem","position":1,"name":"Portada","item":"https:\/\/elregionalvm.com.ar\/noticias-villa-maria\/"},{"@type":"ListItem","position":2,"name":"[Lucha de Maridajes] Queso azul versus chocolate negro y trozos de naranja"}]},{"@type":"WebSite","@id":"http:\/\/elregionalvm.com.ar\/noticias-villa-maria\/#website","url":"http:\/\/elregionalvm.com.ar\/noticias-villa-maria\/","name":"El Regional","description":"Mucho m\u00e1s que informaci\u00f3n","potentialAction":[{"@type":"SearchAction","target":{"@type":"EntryPoint","urlTemplate":"http:\/\/elregionalvm.com.ar\/noticias-villa-maria\/?s={search_term_string}"},"query-input":{"@type":"PropertyValueSpecification","valueRequired":true,"valueName":"search_term_string"}}],"inLanguage":"es"},{"@type":"Person","@id":"http:\/\/elregionalvm.com.ar\/noticias-villa-maria\/#\/schema\/person\/a0fb9c422317faca23d50163151bc354","name":"Contenidos El Regional","image":{"@type":"ImageObject","inLanguage":"es","@id":"http:\/\/elregionalvm.com.ar\/noticias-villa-maria\/#\/schema\/person\/image\/","url":"https:\/\/secure.gravatar.com\/avatar\/265b27cb2209af7bb3a1318f03305787d7981a5cc6e6cd08fe5a4ecdf99d4b48?s=96&d=mm&r=g","contentUrl":"https:\/\/secure.gravatar.com\/avatar\/265b27cb2209af7bb3a1318f03305787d7981a5cc6e6cd08fe5a4ecdf99d4b48?s=96&d=mm&r=g","caption":"Contenidos El Regional"},"url":"https:\/\/elregionalvm.com.ar\/noticias-villa-maria\/author\/contenido\/"}]}},"jetpack_featured_media_url":"https:\/\/i0.wp.com\/elregionalvm.com.ar\/noticias-villa-maria\/wp-content\/uploads\/2024\/07\/queso-azul-chocolate.jpeg?fit=1200%2C800&ssl=1","jetpack_sharing_enabled":true,"_links":{"self":[{"href":"https:\/\/elregionalvm.com.ar\/noticias-villa-maria\/wp-json\/wp\/v2\/posts\/96834","targetHints":{"allow":["GET"]}}],"collection":[{"href":"https:\/\/elregionalvm.com.ar\/noticias-villa-maria\/wp-json\/wp\/v2\/posts"}],"about":[{"href":"https:\/\/elregionalvm.com.ar\/noticias-villa-maria\/wp-json\/wp\/v2\/types\/post"}],"author":[{"embeddable":true,"href":"https:\/\/elregionalvm.com.ar\/noticias-villa-maria\/wp-json\/wp\/v2\/users\/4"}],"replies":[{"embeddable":true,"href":"https:\/\/elregionalvm.com.ar\/noticias-villa-maria\/wp-json\/wp\/v2\/comments?post=96834"}],"version-history":[{"count":2,"href":"https:\/\/elregionalvm.com.ar\/noticias-villa-maria\/wp-json\/wp\/v2\/posts\/96834\/revisions"}],"predecessor-version":[{"id":96840,"href":"https:\/\/elregionalvm.com.ar\/noticias-villa-maria\/wp-json\/wp\/v2\/posts\/96834\/revisions\/96840"}],"wp:featuredmedia":[{"embeddable":true,"href":"https:\/\/elregionalvm.com.ar\/noticias-villa-maria\/wp-json\/wp\/v2\/media\/96836"}],"wp:attachment":[{"href":"https:\/\/elregionalvm.com.ar\/noticias-villa-maria\/wp-json\/wp\/v2\/media?parent=96834"}],"wp:term":[{"taxonomy":"category","embeddable":true,"href":"https:\/\/elregionalvm.com.ar\/noticias-villa-maria\/wp-json\/wp\/v2\/categories?post=96834"},{"taxonomy":"post_tag","embeddable":true,"href":"https:\/\/elregionalvm.com.ar\/noticias-villa-maria\/wp-json\/wp\/v2\/tags?post=96834"}],"curies":[{"name":"wp","href":"https:\/\/api.w.org\/{rel}","templated":true}]}}