{"id":96841,"date":"2024-07-31T22:18:30","date_gmt":"2024-07-31T22:18:30","guid":{"rendered":"https:\/\/elregionalvm.com.ar\/noticias-villa-maria\/?p=96841"},"modified":"2024-07-31T22:18:31","modified_gmt":"2024-07-31T22:18:31","slug":"en-los-ultimos-dos-meses-el-servicio-de-emergencia-realizo-mas-de-600-intervenciones","status":"publish","type":"post","link":"https:\/\/elregionalvm.com.ar\/noticias-villa-maria\/en-los-ultimos-dos-meses-el-servicio-de-emergencia-realizo-mas-de-600-intervenciones\/","title":{"rendered":"En los \u00faltimos dos meses, el servicio de emergencia realiz\u00f3 m\u00e1s de 600 intervenciones"},"content":{"rendered":"\n<p>La Secretar\u00eda de Salud informa que, en los \u00faltimos 50 d\u00edas, el Servicio de Emergencias 107 realiz\u00f3 602 intervenciones en distintos sectores de la ciudad.<\/p>\n\n\n\n<p>De ese total, 209 corresponden a c\u00f3digo verde, 253 a c\u00f3digo amarillo, 47 a c\u00f3digo rojo, 93 a traslados particulares a cl\u00ednicas y nosocomios. Adem\u00e1s, 149 corresponden a pacientes PAMI.<\/p>\n\n\n\n<p>Por otra parte, el nuevo sistema de medicina digital mixta que complementa la atenci\u00f3n de emergencias desde el 27 de junio y que incluye la actuaci\u00f3n de motoambulancias equipadas conducidas por param\u00e9dicos, realiz\u00f3 178 intervenciones que requirieron la atenci\u00f3n virtual de un m\u00e9dico mediante una tablet. Cabe destacar que los vecinos pueden acceder al servicio de manera gratuita, llamando telef\u00f3nicamente al 107 o tocando el bot\u00f3n rojo de la aplicaci\u00f3n 107VM, disponible en tiendas de descargas.<\/p>\n\n\n\n<p>Otro dato importante es el de personas atendidas por barrios, siendo los de mayor atenci\u00f3n: Centro con 58, San Mart\u00edn con 53, Los Olmos con 46, y Las Playas y Ameghino con 38 intervenciones. Mientras que los barrios con menos atenciones del servicio de emergencias 107 fueron: Sarmiento, 76 Viviendas, Malvinas Argentinas, Ram\u00f3n Carrillo y Villa Albertina.<\/p>\n\n\n\n<p>Por \u00faltimo, vale informar que los c\u00f3digos de colores corresponden a:<\/p>\n\n\n\n<p>&#x1f7e2;Verde: No implica riesgo de vida, puede esperar consulta m\u00e9dica.<br>&#x1f7e1;Amarillo: Atenci\u00f3n que no implica riesgo de vida, pero si no se interviene r\u00e1pido puede pasar a serlo, urgencia menor.<br>&#x1f534;Rojo: Riesgo de vida, no puede esperar.<\/p>\n","protected":false},"excerpt":{"rendered":"<p>La Secretar\u00eda de Salud informa que, en los \u00faltimos 50 d\u00edas, el Servicio de Emergencias 107 realiz\u00f3 602 intervenciones en distintos sectores de la ciudad. De ese total, 209 corresponden a c\u00f3digo verde, 253 a c\u00f3digo amarillo, 47 a c\u00f3digo rojo, 93 a traslados particulares a cl\u00ednicas y nosocomios. Adem\u00e1s, 149 corresponden a pacientes PAMI. [&hellip;]<\/p>\n","protected":false},"author":4,"featured_media":96842,"comment_status":"open","ping_status":"open","sticky":false,"template":"","format":"standard","meta":{"site-sidebar-layout":"default","site-content-layout":"","ast-site-content-layout":"default","site-content-style":"default","site-sidebar-style":"default","ast-global-header-display":"","ast-banner-title-visibility":"","ast-main-header-display":"","ast-hfb-above-header-display":"","ast-hfb-below-header-display":"","ast-hfb-mobile-header-display":"","site-post-title":"","ast-breadcrumbs-content":"","ast-featured-img":"","footer-sml-layout":"","ast-disable-related-posts":"","theme-transparent-header-meta":"","adv-header-id-meta":"","stick-header-meta":"","header-above-stick-meta":"","header-main-stick-meta":"","header-below-stick-meta":"","astra-migrate-meta-layouts":"set","ast-page-background-enabled":"default","ast-page-background-meta":{"desktop":{"background-color":"","background-image":"","background-repeat":"repeat","background-position":"center center","background-size":"auto","background-attachment":"scroll","background-type":"","background-media":"","overlay-type":"","overlay-color":"","overlay-opacity":"","overlay-gradient":""},"tablet":{"background-color":"","background-image":"","background-repeat":"repeat","background-position":"center center","background-size":"auto","background-attachment":"scroll","background-type":"","background-media":"","overlay-type":"","overlay-color":"","overlay-opacity":"","overlay-gradient":""},"mobile":{"background-color":"","background-image":"","background-repeat":"repeat","background-position":"center center","background-size":"auto","background-attachment":"scroll","background-type":"","background-media":"","overlay-type":"","overlay-color":"","overlay-opacity":"","overlay-gradient":""}},"ast-content-background-meta":{"desktop":{"background-color":"var(--ast-global-color-5)","background-image":"","background-repeat":"repeat","background-position":"center center","background-size":"auto","background-attachment":"scroll","background-type":"","background-media":"","overlay-type":"","overlay-color":"","overlay-opacity":"","overlay-gradient":""},"tablet":{"background-color":"var(--ast-global-color-5)","background-image":"","background-repeat":"repeat","background-position":"center center","background-size":"auto","background-attachment":"scroll","background-type":"","background-media":"","overlay-type":"","overlay-color":"","overlay-opacity":"","overlay-gradient":""},"mobile":{"background-color":"var(--ast-global-color-5)","background-image":"","background-repeat":"repeat","background-position":"center center","background-size":"auto","background-attachment":"scroll","background-type":"","background-media":"","overlay-type":"","overlay-color":"","overlay-opacity":"","overlay-gradient":""}},"_jetpack_memberships_contains_paid_content":false,"_joinchat":[],"footnotes":""},"categories":[15302,5,2],"tags":[],"class_list":["post-96841","post","type-post","status-publish","format-standard","has-post-thumbnail","hentry","category-destacado","category-sociedad","category-villa-maria"],"yoast_head":"<!-- This site is optimized with the Yoast SEO plugin v26.8 - https:\/\/yoast.com\/product\/yoast-seo-wordpress\/ -->\n<title>En los \u00faltimos dos meses, el servicio de emergencia realiz\u00f3 m\u00e1s de 600 intervenciones - El Regional<\/title>\n<meta name=\"robots\" content=\"index, follow, max-snippet:-1, max-image-preview:large, max-video-preview:-1\" \/>\n<link rel=\"canonical\" href=\"https:\/\/elregionalvm.com.ar\/noticias-villa-maria\/en-los-ultimos-dos-meses-el-servicio-de-emergencia-realizo-mas-de-600-intervenciones\/\" \/>\n<meta property=\"og:locale\" content=\"es_ES\" \/>\n<meta property=\"og:type\" content=\"article\" \/>\n<meta property=\"og:title\" content=\"En los \u00faltimos dos meses, el servicio de emergencia realiz\u00f3 m\u00e1s de 600 intervenciones - El Regional\" \/>\n<meta property=\"og:description\" content=\"La Secretar\u00eda de Salud informa que, en los \u00faltimos 50 d\u00edas, el Servicio de Emergencias 107 realiz\u00f3 602 intervenciones en distintos sectores de la ciudad. De ese total, 209 corresponden a c\u00f3digo verde, 253 a c\u00f3digo amarillo, 47 a c\u00f3digo rojo, 93 a traslados particulares a cl\u00ednicas y nosocomios. Adem\u00e1s, 149 corresponden a pacientes PAMI. [&hellip;]\" \/>\n<meta property=\"og:url\" content=\"https:\/\/elregionalvm.com.ar\/noticias-villa-maria\/en-los-ultimos-dos-meses-el-servicio-de-emergencia-realizo-mas-de-600-intervenciones\/\" \/>\n<meta property=\"og:site_name\" content=\"El Regional\" \/>\n<meta property=\"article:publisher\" content=\"https:\/\/www.facebook.com\/elregionalvm\" \/>\n<meta property=\"article:published_time\" content=\"2024-07-31T22:18:30+00:00\" \/>\n<meta property=\"article:modified_time\" content=\"2024-07-31T22:18:31+00:00\" \/>\n<meta property=\"og:image\" content=\"https:\/\/elregionalvm.com.ar\/noticias-villa-maria\/wp-content\/uploads\/2024\/07\/WhatsApp-Image-2024-07-31-at-09.13.41.jpeg\" \/>\n\t<meta property=\"og:image:width\" content=\"1280\" \/>\n\t<meta property=\"og:image:height\" content=\"960\" \/>\n\t<meta property=\"og:image:type\" content=\"image\/jpeg\" \/>\n<meta name=\"author\" content=\"Contenidos El Regional\" \/>\n<meta name=\"twitter:card\" content=\"summary_large_image\" \/>\n<meta name=\"twitter:creator\" content=\"@elregionalvm1\" \/>\n<meta name=\"twitter:site\" content=\"@elregionalvm1\" \/>\n<meta name=\"twitter:label1\" content=\"Escrito por\" \/>\n\t<meta name=\"twitter:data1\" content=\"Contenidos El Regional\" \/>\n\t<meta name=\"twitter:label2\" content=\"Tiempo de lectura\" \/>\n\t<meta name=\"twitter:data2\" content=\"2 minutos\" \/>\n<script type=\"application\/ld+json\" class=\"yoast-schema-graph\">{\"@context\":\"https:\/\/schema.org\",\"@graph\":[{\"@type\":\"Article\",\"@id\":\"https:\/\/elregionalvm.com.ar\/noticias-villa-maria\/en-los-ultimos-dos-meses-el-servicio-de-emergencia-realizo-mas-de-600-intervenciones\/#article\",\"isPartOf\":{\"@id\":\"https:\/\/elregionalvm.com.ar\/noticias-villa-maria\/en-los-ultimos-dos-meses-el-servicio-de-emergencia-realizo-mas-de-600-intervenciones\/\"},\"author\":{\"name\":\"Contenidos El Regional\",\"@id\":\"http:\/\/elregionalvm.com.ar\/noticias-villa-maria\/#\/schema\/person\/a0fb9c422317faca23d50163151bc354\"},\"headline\":\"En los \u00faltimos dos meses, el servicio de emergencia realiz\u00f3 m\u00e1s de 600 intervenciones\",\"datePublished\":\"2024-07-31T22:18:30+00:00\",\"dateModified\":\"2024-07-31T22:18:31+00:00\",\"mainEntityOfPage\":{\"@id\":\"https:\/\/elregionalvm.com.ar\/noticias-villa-maria\/en-los-ultimos-dos-meses-el-servicio-de-emergencia-realizo-mas-de-600-intervenciones\/\"},\"wordCount\":263,\"commentCount\":0,\"image\":{\"@id\":\"https:\/\/elregionalvm.com.ar\/noticias-villa-maria\/en-los-ultimos-dos-meses-el-servicio-de-emergencia-realizo-mas-de-600-intervenciones\/#primaryimage\"},\"thumbnailUrl\":\"https:\/\/i0.wp.com\/elregionalvm.com.ar\/noticias-villa-maria\/wp-content\/uploads\/2024\/07\/WhatsApp-Image-2024-07-31-at-09.13.41.jpeg?fit=1280%2C960&ssl=1\",\"articleSection\":[\"destacado\",\"Sociedad\",\"Villa Mar\u00eda\"],\"inLanguage\":\"es\",\"potentialAction\":[{\"@type\":\"CommentAction\",\"name\":\"Comment\",\"target\":[\"https:\/\/elregionalvm.com.ar\/noticias-villa-maria\/en-los-ultimos-dos-meses-el-servicio-de-emergencia-realizo-mas-de-600-intervenciones\/#respond\"]}]},{\"@type\":\"WebPage\",\"@id\":\"https:\/\/elregionalvm.com.ar\/noticias-villa-maria\/en-los-ultimos-dos-meses-el-servicio-de-emergencia-realizo-mas-de-600-intervenciones\/\",\"url\":\"https:\/\/elregionalvm.com.ar\/noticias-villa-maria\/en-los-ultimos-dos-meses-el-servicio-de-emergencia-realizo-mas-de-600-intervenciones\/\",\"name\":\"En los \u00faltimos dos meses, el servicio de emergencia realiz\u00f3 m\u00e1s de 600 intervenciones - El Regional\",\"isPartOf\":{\"@id\":\"http:\/\/elregionalvm.com.ar\/noticias-villa-maria\/#website\"},\"primaryImageOfPage\":{\"@id\":\"https:\/\/elregionalvm.com.ar\/noticias-villa-maria\/en-los-ultimos-dos-meses-el-servicio-de-emergencia-realizo-mas-de-600-intervenciones\/#primaryimage\"},\"image\":{\"@id\":\"https:\/\/elregionalvm.com.ar\/noticias-villa-maria\/en-los-ultimos-dos-meses-el-servicio-de-emergencia-realizo-mas-de-600-intervenciones\/#primaryimage\"},\"thumbnailUrl\":\"https:\/\/i0.wp.com\/elregionalvm.com.ar\/noticias-villa-maria\/wp-content\/uploads\/2024\/07\/WhatsApp-Image-2024-07-31-at-09.13.41.jpeg?fit=1280%2C960&ssl=1\",\"datePublished\":\"2024-07-31T22:18:30+00:00\",\"dateModified\":\"2024-07-31T22:18:31+00:00\",\"author\":{\"@id\":\"http:\/\/elregionalvm.com.ar\/noticias-villa-maria\/#\/schema\/person\/a0fb9c422317faca23d50163151bc354\"},\"breadcrumb\":{\"@id\":\"https:\/\/elregionalvm.com.ar\/noticias-villa-maria\/en-los-ultimos-dos-meses-el-servicio-de-emergencia-realizo-mas-de-600-intervenciones\/#breadcrumb\"},\"inLanguage\":\"es\",\"potentialAction\":[{\"@type\":\"ReadAction\",\"target\":[\"https:\/\/elregionalvm.com.ar\/noticias-villa-maria\/en-los-ultimos-dos-meses-el-servicio-de-emergencia-realizo-mas-de-600-intervenciones\/\"]}]},{\"@type\":\"ImageObject\",\"inLanguage\":\"es\",\"@id\":\"https:\/\/elregionalvm.com.ar\/noticias-villa-maria\/en-los-ultimos-dos-meses-el-servicio-de-emergencia-realizo-mas-de-600-intervenciones\/#primaryimage\",\"url\":\"https:\/\/i0.wp.com\/elregionalvm.com.ar\/noticias-villa-maria\/wp-content\/uploads\/2024\/07\/WhatsApp-Image-2024-07-31-at-09.13.41.jpeg?fit=1280%2C960&ssl=1\",\"contentUrl\":\"https:\/\/i0.wp.com\/elregionalvm.com.ar\/noticias-villa-maria\/wp-content\/uploads\/2024\/07\/WhatsApp-Image-2024-07-31-at-09.13.41.jpeg?fit=1280%2C960&ssl=1\",\"width\":1280,\"height\":960},{\"@type\":\"BreadcrumbList\",\"@id\":\"https:\/\/elregionalvm.com.ar\/noticias-villa-maria\/en-los-ultimos-dos-meses-el-servicio-de-emergencia-realizo-mas-de-600-intervenciones\/#breadcrumb\",\"itemListElement\":[{\"@type\":\"ListItem\",\"position\":1,\"name\":\"Portada\",\"item\":\"https:\/\/elregionalvm.com.ar\/noticias-villa-maria\/\"},{\"@type\":\"ListItem\",\"position\":2,\"name\":\"En los \u00faltimos dos meses, el servicio de emergencia realiz\u00f3 m\u00e1s de 600 intervenciones\"}]},{\"@type\":\"WebSite\",\"@id\":\"http:\/\/elregionalvm.com.ar\/noticias-villa-maria\/#website\",\"url\":\"http:\/\/elregionalvm.com.ar\/noticias-villa-maria\/\",\"name\":\"El Regional\",\"description\":\"Mucho m\u00e1s que informaci\u00f3n\",\"potentialAction\":[{\"@type\":\"SearchAction\",\"target\":{\"@type\":\"EntryPoint\",\"urlTemplate\":\"http:\/\/elregionalvm.com.ar\/noticias-villa-maria\/?s={search_term_string}\"},\"query-input\":{\"@type\":\"PropertyValueSpecification\",\"valueRequired\":true,\"valueName\":\"search_term_string\"}}],\"inLanguage\":\"es\"},{\"@type\":\"Person\",\"@id\":\"http:\/\/elregionalvm.com.ar\/noticias-villa-maria\/#\/schema\/person\/a0fb9c422317faca23d50163151bc354\",\"name\":\"Contenidos El Regional\",\"image\":{\"@type\":\"ImageObject\",\"inLanguage\":\"es\",\"@id\":\"http:\/\/elregionalvm.com.ar\/noticias-villa-maria\/#\/schema\/person\/image\/\",\"url\":\"https:\/\/secure.gravatar.com\/avatar\/265b27cb2209af7bb3a1318f03305787d7981a5cc6e6cd08fe5a4ecdf99d4b48?s=96&d=mm&r=g\",\"contentUrl\":\"https:\/\/secure.gravatar.com\/avatar\/265b27cb2209af7bb3a1318f03305787d7981a5cc6e6cd08fe5a4ecdf99d4b48?s=96&d=mm&r=g\",\"caption\":\"Contenidos El Regional\"},\"url\":\"https:\/\/elregionalvm.com.ar\/noticias-villa-maria\/author\/contenido\/\"}]}<\/script>\n<!-- \/ Yoast SEO plugin. -->","yoast_head_json":{"title":"En los \u00faltimos dos meses, el servicio de emergencia realiz\u00f3 m\u00e1s de 600 intervenciones - El Regional","robots":{"index":"index","follow":"follow","max-snippet":"max-snippet:-1","max-image-preview":"max-image-preview:large","max-video-preview":"max-video-preview:-1"},"canonical":"https:\/\/elregionalvm.com.ar\/noticias-villa-maria\/en-los-ultimos-dos-meses-el-servicio-de-emergencia-realizo-mas-de-600-intervenciones\/","og_locale":"es_ES","og_type":"article","og_title":"En los \u00faltimos dos meses, el servicio de emergencia realiz\u00f3 m\u00e1s de 600 intervenciones - El Regional","og_description":"La Secretar\u00eda de Salud informa que, en los \u00faltimos 50 d\u00edas, el Servicio de Emergencias 107 realiz\u00f3 602 intervenciones en distintos sectores de la ciudad. De ese total, 209 corresponden a c\u00f3digo verde, 253 a c\u00f3digo amarillo, 47 a c\u00f3digo rojo, 93 a traslados particulares a cl\u00ednicas y nosocomios. Adem\u00e1s, 149 corresponden a pacientes PAMI. [&hellip;]","og_url":"https:\/\/elregionalvm.com.ar\/noticias-villa-maria\/en-los-ultimos-dos-meses-el-servicio-de-emergencia-realizo-mas-de-600-intervenciones\/","og_site_name":"El Regional","article_publisher":"https:\/\/www.facebook.com\/elregionalvm","article_published_time":"2024-07-31T22:18:30+00:00","article_modified_time":"2024-07-31T22:18:31+00:00","og_image":[{"width":1280,"height":960,"url":"https:\/\/elregionalvm.com.ar\/noticias-villa-maria\/wp-content\/uploads\/2024\/07\/WhatsApp-Image-2024-07-31-at-09.13.41.jpeg","type":"image\/jpeg"}],"author":"Contenidos El Regional","twitter_card":"summary_large_image","twitter_creator":"@elregionalvm1","twitter_site":"@elregionalvm1","twitter_misc":{"Escrito por":"Contenidos El Regional","Tiempo de lectura":"2 minutos"},"schema":{"@context":"https:\/\/schema.org","@graph":[{"@type":"Article","@id":"https:\/\/elregionalvm.com.ar\/noticias-villa-maria\/en-los-ultimos-dos-meses-el-servicio-de-emergencia-realizo-mas-de-600-intervenciones\/#article","isPartOf":{"@id":"https:\/\/elregionalvm.com.ar\/noticias-villa-maria\/en-los-ultimos-dos-meses-el-servicio-de-emergencia-realizo-mas-de-600-intervenciones\/"},"author":{"name":"Contenidos El Regional","@id":"http:\/\/elregionalvm.com.ar\/noticias-villa-maria\/#\/schema\/person\/a0fb9c422317faca23d50163151bc354"},"headline":"En los \u00faltimos dos meses, el servicio de emergencia realiz\u00f3 m\u00e1s de 600 intervenciones","datePublished":"2024-07-31T22:18:30+00:00","dateModified":"2024-07-31T22:18:31+00:00","mainEntityOfPage":{"@id":"https:\/\/elregionalvm.com.ar\/noticias-villa-maria\/en-los-ultimos-dos-meses-el-servicio-de-emergencia-realizo-mas-de-600-intervenciones\/"},"wordCount":263,"commentCount":0,"image":{"@id":"https:\/\/elregionalvm.com.ar\/noticias-villa-maria\/en-los-ultimos-dos-meses-el-servicio-de-emergencia-realizo-mas-de-600-intervenciones\/#primaryimage"},"thumbnailUrl":"https:\/\/i0.wp.com\/elregionalvm.com.ar\/noticias-villa-maria\/wp-content\/uploads\/2024\/07\/WhatsApp-Image-2024-07-31-at-09.13.41.jpeg?fit=1280%2C960&ssl=1","articleSection":["destacado","Sociedad","Villa Mar\u00eda"],"inLanguage":"es","potentialAction":[{"@type":"CommentAction","name":"Comment","target":["https:\/\/elregionalvm.com.ar\/noticias-villa-maria\/en-los-ultimos-dos-meses-el-servicio-de-emergencia-realizo-mas-de-600-intervenciones\/#respond"]}]},{"@type":"WebPage","@id":"https:\/\/elregionalvm.com.ar\/noticias-villa-maria\/en-los-ultimos-dos-meses-el-servicio-de-emergencia-realizo-mas-de-600-intervenciones\/","url":"https:\/\/elregionalvm.com.ar\/noticias-villa-maria\/en-los-ultimos-dos-meses-el-servicio-de-emergencia-realizo-mas-de-600-intervenciones\/","name":"En los \u00faltimos dos meses, el servicio de emergencia realiz\u00f3 m\u00e1s de 600 intervenciones - El Regional","isPartOf":{"@id":"http:\/\/elregionalvm.com.ar\/noticias-villa-maria\/#website"},"primaryImageOfPage":{"@id":"https:\/\/elregionalvm.com.ar\/noticias-villa-maria\/en-los-ultimos-dos-meses-el-servicio-de-emergencia-realizo-mas-de-600-intervenciones\/#primaryimage"},"image":{"@id":"https:\/\/elregionalvm.com.ar\/noticias-villa-maria\/en-los-ultimos-dos-meses-el-servicio-de-emergencia-realizo-mas-de-600-intervenciones\/#primaryimage"},"thumbnailUrl":"https:\/\/i0.wp.com\/elregionalvm.com.ar\/noticias-villa-maria\/wp-content\/uploads\/2024\/07\/WhatsApp-Image-2024-07-31-at-09.13.41.jpeg?fit=1280%2C960&ssl=1","datePublished":"2024-07-31T22:18:30+00:00","dateModified":"2024-07-31T22:18:31+00:00","author":{"@id":"http:\/\/elregionalvm.com.ar\/noticias-villa-maria\/#\/schema\/person\/a0fb9c422317faca23d50163151bc354"},"breadcrumb":{"@id":"https:\/\/elregionalvm.com.ar\/noticias-villa-maria\/en-los-ultimos-dos-meses-el-servicio-de-emergencia-realizo-mas-de-600-intervenciones\/#breadcrumb"},"inLanguage":"es","potentialAction":[{"@type":"ReadAction","target":["https:\/\/elregionalvm.com.ar\/noticias-villa-maria\/en-los-ultimos-dos-meses-el-servicio-de-emergencia-realizo-mas-de-600-intervenciones\/"]}]},{"@type":"ImageObject","inLanguage":"es","@id":"https:\/\/elregionalvm.com.ar\/noticias-villa-maria\/en-los-ultimos-dos-meses-el-servicio-de-emergencia-realizo-mas-de-600-intervenciones\/#primaryimage","url":"https:\/\/i0.wp.com\/elregionalvm.com.ar\/noticias-villa-maria\/wp-content\/uploads\/2024\/07\/WhatsApp-Image-2024-07-31-at-09.13.41.jpeg?fit=1280%2C960&ssl=1","contentUrl":"https:\/\/i0.wp.com\/elregionalvm.com.ar\/noticias-villa-maria\/wp-content\/uploads\/2024\/07\/WhatsApp-Image-2024-07-31-at-09.13.41.jpeg?fit=1280%2C960&ssl=1","width":1280,"height":960},{"@type":"BreadcrumbList","@id":"https:\/\/elregionalvm.com.ar\/noticias-villa-maria\/en-los-ultimos-dos-meses-el-servicio-de-emergencia-realizo-mas-de-600-intervenciones\/#breadcrumb","itemListElement":[{"@type":"ListItem","position":1,"name":"Portada","item":"https:\/\/elregionalvm.com.ar\/noticias-villa-maria\/"},{"@type":"ListItem","position":2,"name":"En los \u00faltimos dos meses, el servicio de emergencia realiz\u00f3 m\u00e1s de 600 intervenciones"}]},{"@type":"WebSite","@id":"http:\/\/elregionalvm.com.ar\/noticias-villa-maria\/#website","url":"http:\/\/elregionalvm.com.ar\/noticias-villa-maria\/","name":"El Regional","description":"Mucho m\u00e1s que informaci\u00f3n","potentialAction":[{"@type":"SearchAction","target":{"@type":"EntryPoint","urlTemplate":"http:\/\/elregionalvm.com.ar\/noticias-villa-maria\/?s={search_term_string}"},"query-input":{"@type":"PropertyValueSpecification","valueRequired":true,"valueName":"search_term_string"}}],"inLanguage":"es"},{"@type":"Person","@id":"http:\/\/elregionalvm.com.ar\/noticias-villa-maria\/#\/schema\/person\/a0fb9c422317faca23d50163151bc354","name":"Contenidos El Regional","image":{"@type":"ImageObject","inLanguage":"es","@id":"http:\/\/elregionalvm.com.ar\/noticias-villa-maria\/#\/schema\/person\/image\/","url":"https:\/\/secure.gravatar.com\/avatar\/265b27cb2209af7bb3a1318f03305787d7981a5cc6e6cd08fe5a4ecdf99d4b48?s=96&d=mm&r=g","contentUrl":"https:\/\/secure.gravatar.com\/avatar\/265b27cb2209af7bb3a1318f03305787d7981a5cc6e6cd08fe5a4ecdf99d4b48?s=96&d=mm&r=g","caption":"Contenidos El Regional"},"url":"https:\/\/elregionalvm.com.ar\/noticias-villa-maria\/author\/contenido\/"}]}},"jetpack_featured_media_url":"https:\/\/i0.wp.com\/elregionalvm.com.ar\/noticias-villa-maria\/wp-content\/uploads\/2024\/07\/WhatsApp-Image-2024-07-31-at-09.13.41.jpeg?fit=1280%2C960&ssl=1","jetpack_sharing_enabled":true,"_links":{"self":[{"href":"https:\/\/elregionalvm.com.ar\/noticias-villa-maria\/wp-json\/wp\/v2\/posts\/96841","targetHints":{"allow":["GET"]}}],"collection":[{"href":"https:\/\/elregionalvm.com.ar\/noticias-villa-maria\/wp-json\/wp\/v2\/posts"}],"about":[{"href":"https:\/\/elregionalvm.com.ar\/noticias-villa-maria\/wp-json\/wp\/v2\/types\/post"}],"author":[{"embeddable":true,"href":"https:\/\/elregionalvm.com.ar\/noticias-villa-maria\/wp-json\/wp\/v2\/users\/4"}],"replies":[{"embeddable":true,"href":"https:\/\/elregionalvm.com.ar\/noticias-villa-maria\/wp-json\/wp\/v2\/comments?post=96841"}],"version-history":[{"count":1,"href":"https:\/\/elregionalvm.com.ar\/noticias-villa-maria\/wp-json\/wp\/v2\/posts\/96841\/revisions"}],"predecessor-version":[{"id":96843,"href":"https:\/\/elregionalvm.com.ar\/noticias-villa-maria\/wp-json\/wp\/v2\/posts\/96841\/revisions\/96843"}],"wp:featuredmedia":[{"embeddable":true,"href":"https:\/\/elregionalvm.com.ar\/noticias-villa-maria\/wp-json\/wp\/v2\/media\/96842"}],"wp:attachment":[{"href":"https:\/\/elregionalvm.com.ar\/noticias-villa-maria\/wp-json\/wp\/v2\/media?parent=96841"}],"wp:term":[{"taxonomy":"category","embeddable":true,"href":"https:\/\/elregionalvm.com.ar\/noticias-villa-maria\/wp-json\/wp\/v2\/categories?post=96841"},{"taxonomy":"post_tag","embeddable":true,"href":"https:\/\/elregionalvm.com.ar\/noticias-villa-maria\/wp-json\/wp\/v2\/tags?post=96841"}],"curies":[{"name":"wp","href":"https:\/\/api.w.org\/{rel}","templated":true}]}}