{"id":96844,"date":"2024-07-31T22:21:40","date_gmt":"2024-07-31T22:21:40","guid":{"rendered":"https:\/\/elregionalvm.com.ar\/noticias-villa-maria\/?p=96844"},"modified":"2024-07-31T22:21:42","modified_gmt":"2024-07-31T22:21:42","slug":"la-policia-encontro-una-moto-en-la-via-publica-que-habia-sido-robada","status":"publish","type":"post","link":"https:\/\/elregionalvm.com.ar\/noticias-villa-maria\/la-policia-encontro-una-moto-en-la-via-publica-que-habia-sido-robada\/","title":{"rendered":"La polic\u00eda encontr\u00f3 una moto en la v\u00eda p\u00fablica que hab\u00eda sido robada"},"content":{"rendered":"\n<p>Siendo aproximadamente las 21:30 horas de la fecha, personal de la Patrulla Preventiva, constituidos en la intersecci\u00f3n de las calles Piedras y 25 de Mayo de esta ciudad, proceden al secuestro de motocicleta marca Zanella modelo ZB 110cc de color blanca\u00bb. <\/p>\n\n\n\n<p>En circunstancias en que los efectivos policiales se encontraban realizando recorrido preventivo por el sector asignado, es que realizan el control de una motocicleta estacionado sobre la v\u00eda publica, en la intersecci\u00f3n antes detallada, constatando que el motoveh\u00edculo hab\u00eda sido sustra\u00eddo en horas previas desde un domicilio ubicado en calle Remedios de Escaladas al 1200. <\/p>\n\n\n\n<p>Consecuencia de ello, se procede a su secuestro para posteriormente ser trasladada hacia el deposito judicial de la ciudad, prosiguiendo la investigaci\u00f3n en procura de identificar al perpetrador del hecho delictivo y restituirla a su legitimo propietario<\/p>\n\n\n\n<p>Se labran actuaciones a disposici\u00f3n de la Fiscal\u00eda de Instrucci\u00f3n de Primer Turno a cargo de la Dra. Silvia Maldonado, Sec Dra. Mar\u00eda Eugenia Barra.<\/p>\n","protected":false},"excerpt":{"rendered":"<p>Siendo aproximadamente las 21:30 horas de la fecha, personal de la Patrulla Preventiva, constituidos en la intersecci\u00f3n de las calles Piedras y 25 de Mayo de esta ciudad, proceden al secuestro de motocicleta marca Zanella modelo ZB 110cc de color blanca\u00bb. En circunstancias en que los efectivos policiales se encontraban realizando recorrido preventivo por el [&hellip;]<\/p>\n","protected":false},"author":4,"featured_media":96845,"comment_status":"open","ping_status":"open","sticky":false,"template":"","format":"standard","meta":{"site-sidebar-layout":"default","site-content-layout":"","ast-site-content-layout":"default","site-content-style":"default","site-sidebar-style":"default","ast-global-header-display":"","ast-banner-title-visibility":"","ast-main-header-display":"","ast-hfb-above-header-display":"","ast-hfb-below-header-display":"","ast-hfb-mobile-header-display":"","site-post-title":"","ast-breadcrumbs-content":"","ast-featured-img":"","footer-sml-layout":"","ast-disable-related-posts":"","theme-transparent-header-meta":"","adv-header-id-meta":"","stick-header-meta":"","header-above-stick-meta":"","header-main-stick-meta":"","header-below-stick-meta":"","astra-migrate-meta-layouts":"set","ast-page-background-enabled":"default","ast-page-background-meta":{"desktop":{"background-color":"","background-image":"","background-repeat":"repeat","background-position":"center center","background-size":"auto","background-attachment":"scroll","background-type":"","background-media":"","overlay-type":"","overlay-color":"","overlay-opacity":"","overlay-gradient":""},"tablet":{"background-color":"","background-image":"","background-repeat":"repeat","background-position":"center center","background-size":"auto","background-attachment":"scroll","background-type":"","background-media":"","overlay-type":"","overlay-color":"","overlay-opacity":"","overlay-gradient":""},"mobile":{"background-color":"","background-image":"","background-repeat":"repeat","background-position":"center center","background-size":"auto","background-attachment":"scroll","background-type":"","background-media":"","overlay-type":"","overlay-color":"","overlay-opacity":"","overlay-gradient":""}},"ast-content-background-meta":{"desktop":{"background-color":"var(--ast-global-color-5)","background-image":"","background-repeat":"repeat","background-position":"center center","background-size":"auto","background-attachment":"scroll","background-type":"","background-media":"","overlay-type":"","overlay-color":"","overlay-opacity":"","overlay-gradient":""},"tablet":{"background-color":"var(--ast-global-color-5)","background-image":"","background-repeat":"repeat","background-position":"center center","background-size":"auto","background-attachment":"scroll","background-type":"","background-media":"","overlay-type":"","overlay-color":"","overlay-opacity":"","overlay-gradient":""},"mobile":{"background-color":"var(--ast-global-color-5)","background-image":"","background-repeat":"repeat","background-position":"center center","background-size":"auto","background-attachment":"scroll","background-type":"","background-media":"","overlay-type":"","overlay-color":"","overlay-opacity":"","overlay-gradient":""}},"_jetpack_memberships_contains_paid_content":false,"_joinchat":[],"footnotes":""},"categories":[15302,5,2],"tags":[],"class_list":["post-96844","post","type-post","status-publish","format-standard","has-post-thumbnail","hentry","category-destacado","category-sociedad","category-villa-maria"],"yoast_head":"<!-- This site is optimized with the Yoast SEO plugin v26.8 - https:\/\/yoast.com\/product\/yoast-seo-wordpress\/ -->\n<title>La polic\u00eda encontr\u00f3 una moto en la v\u00eda p\u00fablica que hab\u00eda sido robada - El Regional<\/title>\n<meta name=\"robots\" content=\"index, follow, max-snippet:-1, max-image-preview:large, max-video-preview:-1\" \/>\n<link rel=\"canonical\" href=\"https:\/\/elregionalvm.com.ar\/noticias-villa-maria\/la-policia-encontro-una-moto-en-la-via-publica-que-habia-sido-robada\/\" \/>\n<meta property=\"og:locale\" content=\"es_ES\" \/>\n<meta property=\"og:type\" content=\"article\" \/>\n<meta property=\"og:title\" content=\"La polic\u00eda encontr\u00f3 una moto en la v\u00eda p\u00fablica que hab\u00eda sido robada - El Regional\" \/>\n<meta property=\"og:description\" content=\"Siendo aproximadamente las 21:30 horas de la fecha, personal de la Patrulla Preventiva, constituidos en la intersecci\u00f3n de las calles Piedras y 25 de Mayo de esta ciudad, proceden al secuestro de motocicleta marca Zanella modelo ZB 110cc de color blanca\u00bb. En circunstancias en que los efectivos policiales se encontraban realizando recorrido preventivo por el [&hellip;]\" \/>\n<meta property=\"og:url\" content=\"https:\/\/elregionalvm.com.ar\/noticias-villa-maria\/la-policia-encontro-una-moto-en-la-via-publica-que-habia-sido-robada\/\" \/>\n<meta property=\"og:site_name\" content=\"El Regional\" \/>\n<meta property=\"article:publisher\" content=\"https:\/\/www.facebook.com\/elregionalvm\" \/>\n<meta property=\"article:published_time\" content=\"2024-07-31T22:21:40+00:00\" \/>\n<meta property=\"article:modified_time\" content=\"2024-07-31T22:21:42+00:00\" \/>\n<meta property=\"og:image\" content=\"https:\/\/elregionalvm.com.ar\/noticias-villa-maria\/wp-content\/uploads\/2024\/07\/WhatsApp-Image-2024-07-31-at-12.29.26.jpeg\" \/>\n\t<meta property=\"og:image:width\" content=\"1200\" \/>\n\t<meta property=\"og:image:height\" content=\"1600\" \/>\n\t<meta property=\"og:image:type\" content=\"image\/jpeg\" \/>\n<meta name=\"author\" content=\"Contenidos El Regional\" \/>\n<meta name=\"twitter:card\" content=\"summary_large_image\" \/>\n<meta name=\"twitter:creator\" content=\"@elregionalvm1\" \/>\n<meta name=\"twitter:site\" content=\"@elregionalvm1\" \/>\n<meta name=\"twitter:label1\" content=\"Escrito por\" \/>\n\t<meta name=\"twitter:data1\" content=\"Contenidos El Regional\" \/>\n\t<meta name=\"twitter:label2\" content=\"Tiempo de lectura\" \/>\n\t<meta name=\"twitter:data2\" content=\"1 minuto\" \/>\n<script type=\"application\/ld+json\" class=\"yoast-schema-graph\">{\"@context\":\"https:\/\/schema.org\",\"@graph\":[{\"@type\":\"Article\",\"@id\":\"https:\/\/elregionalvm.com.ar\/noticias-villa-maria\/la-policia-encontro-una-moto-en-la-via-publica-que-habia-sido-robada\/#article\",\"isPartOf\":{\"@id\":\"https:\/\/elregionalvm.com.ar\/noticias-villa-maria\/la-policia-encontro-una-moto-en-la-via-publica-que-habia-sido-robada\/\"},\"author\":{\"name\":\"Contenidos El Regional\",\"@id\":\"http:\/\/elregionalvm.com.ar\/noticias-villa-maria\/#\/schema\/person\/a0fb9c422317faca23d50163151bc354\"},\"headline\":\"La polic\u00eda encontr\u00f3 una moto en la v\u00eda p\u00fablica que hab\u00eda sido robada\",\"datePublished\":\"2024-07-31T22:21:40+00:00\",\"dateModified\":\"2024-07-31T22:21:42+00:00\",\"mainEntityOfPage\":{\"@id\":\"https:\/\/elregionalvm.com.ar\/noticias-villa-maria\/la-policia-encontro-una-moto-en-la-via-publica-que-habia-sido-robada\/\"},\"wordCount\":183,\"commentCount\":0,\"image\":{\"@id\":\"https:\/\/elregionalvm.com.ar\/noticias-villa-maria\/la-policia-encontro-una-moto-en-la-via-publica-que-habia-sido-robada\/#primaryimage\"},\"thumbnailUrl\":\"https:\/\/i0.wp.com\/elregionalvm.com.ar\/noticias-villa-maria\/wp-content\/uploads\/2024\/07\/WhatsApp-Image-2024-07-31-at-12.29.26.jpeg?fit=1200%2C1600&ssl=1\",\"articleSection\":[\"destacado\",\"Sociedad\",\"Villa Mar\u00eda\"],\"inLanguage\":\"es\",\"potentialAction\":[{\"@type\":\"CommentAction\",\"name\":\"Comment\",\"target\":[\"https:\/\/elregionalvm.com.ar\/noticias-villa-maria\/la-policia-encontro-una-moto-en-la-via-publica-que-habia-sido-robada\/#respond\"]}]},{\"@type\":\"WebPage\",\"@id\":\"https:\/\/elregionalvm.com.ar\/noticias-villa-maria\/la-policia-encontro-una-moto-en-la-via-publica-que-habia-sido-robada\/\",\"url\":\"https:\/\/elregionalvm.com.ar\/noticias-villa-maria\/la-policia-encontro-una-moto-en-la-via-publica-que-habia-sido-robada\/\",\"name\":\"La polic\u00eda encontr\u00f3 una moto en la v\u00eda p\u00fablica que hab\u00eda sido robada - El Regional\",\"isPartOf\":{\"@id\":\"http:\/\/elregionalvm.com.ar\/noticias-villa-maria\/#website\"},\"primaryImageOfPage\":{\"@id\":\"https:\/\/elregionalvm.com.ar\/noticias-villa-maria\/la-policia-encontro-una-moto-en-la-via-publica-que-habia-sido-robada\/#primaryimage\"},\"image\":{\"@id\":\"https:\/\/elregionalvm.com.ar\/noticias-villa-maria\/la-policia-encontro-una-moto-en-la-via-publica-que-habia-sido-robada\/#primaryimage\"},\"thumbnailUrl\":\"https:\/\/i0.wp.com\/elregionalvm.com.ar\/noticias-villa-maria\/wp-content\/uploads\/2024\/07\/WhatsApp-Image-2024-07-31-at-12.29.26.jpeg?fit=1200%2C1600&ssl=1\",\"datePublished\":\"2024-07-31T22:21:40+00:00\",\"dateModified\":\"2024-07-31T22:21:42+00:00\",\"author\":{\"@id\":\"http:\/\/elregionalvm.com.ar\/noticias-villa-maria\/#\/schema\/person\/a0fb9c422317faca23d50163151bc354\"},\"breadcrumb\":{\"@id\":\"https:\/\/elregionalvm.com.ar\/noticias-villa-maria\/la-policia-encontro-una-moto-en-la-via-publica-que-habia-sido-robada\/#breadcrumb\"},\"inLanguage\":\"es\",\"potentialAction\":[{\"@type\":\"ReadAction\",\"target\":[\"https:\/\/elregionalvm.com.ar\/noticias-villa-maria\/la-policia-encontro-una-moto-en-la-via-publica-que-habia-sido-robada\/\"]}]},{\"@type\":\"ImageObject\",\"inLanguage\":\"es\",\"@id\":\"https:\/\/elregionalvm.com.ar\/noticias-villa-maria\/la-policia-encontro-una-moto-en-la-via-publica-que-habia-sido-robada\/#primaryimage\",\"url\":\"https:\/\/i0.wp.com\/elregionalvm.com.ar\/noticias-villa-maria\/wp-content\/uploads\/2024\/07\/WhatsApp-Image-2024-07-31-at-12.29.26.jpeg?fit=1200%2C1600&ssl=1\",\"contentUrl\":\"https:\/\/i0.wp.com\/elregionalvm.com.ar\/noticias-villa-maria\/wp-content\/uploads\/2024\/07\/WhatsApp-Image-2024-07-31-at-12.29.26.jpeg?fit=1200%2C1600&ssl=1\",\"width\":1200,\"height\":1600},{\"@type\":\"BreadcrumbList\",\"@id\":\"https:\/\/elregionalvm.com.ar\/noticias-villa-maria\/la-policia-encontro-una-moto-en-la-via-publica-que-habia-sido-robada\/#breadcrumb\",\"itemListElement\":[{\"@type\":\"ListItem\",\"position\":1,\"name\":\"Portada\",\"item\":\"https:\/\/elregionalvm.com.ar\/noticias-villa-maria\/\"},{\"@type\":\"ListItem\",\"position\":2,\"name\":\"La polic\u00eda encontr\u00f3 una moto en la v\u00eda p\u00fablica que hab\u00eda sido robada\"}]},{\"@type\":\"WebSite\",\"@id\":\"http:\/\/elregionalvm.com.ar\/noticias-villa-maria\/#website\",\"url\":\"http:\/\/elregionalvm.com.ar\/noticias-villa-maria\/\",\"name\":\"El Regional\",\"description\":\"Mucho m\u00e1s que informaci\u00f3n\",\"potentialAction\":[{\"@type\":\"SearchAction\",\"target\":{\"@type\":\"EntryPoint\",\"urlTemplate\":\"http:\/\/elregionalvm.com.ar\/noticias-villa-maria\/?s={search_term_string}\"},\"query-input\":{\"@type\":\"PropertyValueSpecification\",\"valueRequired\":true,\"valueName\":\"search_term_string\"}}],\"inLanguage\":\"es\"},{\"@type\":\"Person\",\"@id\":\"http:\/\/elregionalvm.com.ar\/noticias-villa-maria\/#\/schema\/person\/a0fb9c422317faca23d50163151bc354\",\"name\":\"Contenidos El Regional\",\"image\":{\"@type\":\"ImageObject\",\"inLanguage\":\"es\",\"@id\":\"http:\/\/elregionalvm.com.ar\/noticias-villa-maria\/#\/schema\/person\/image\/\",\"url\":\"https:\/\/secure.gravatar.com\/avatar\/265b27cb2209af7bb3a1318f03305787d7981a5cc6e6cd08fe5a4ecdf99d4b48?s=96&d=mm&r=g\",\"contentUrl\":\"https:\/\/secure.gravatar.com\/avatar\/265b27cb2209af7bb3a1318f03305787d7981a5cc6e6cd08fe5a4ecdf99d4b48?s=96&d=mm&r=g\",\"caption\":\"Contenidos El Regional\"},\"url\":\"https:\/\/elregionalvm.com.ar\/noticias-villa-maria\/author\/contenido\/\"}]}<\/script>\n<!-- \/ Yoast SEO plugin. -->","yoast_head_json":{"title":"La polic\u00eda encontr\u00f3 una moto en la v\u00eda p\u00fablica que hab\u00eda sido robada - El Regional","robots":{"index":"index","follow":"follow","max-snippet":"max-snippet:-1","max-image-preview":"max-image-preview:large","max-video-preview":"max-video-preview:-1"},"canonical":"https:\/\/elregionalvm.com.ar\/noticias-villa-maria\/la-policia-encontro-una-moto-en-la-via-publica-que-habia-sido-robada\/","og_locale":"es_ES","og_type":"article","og_title":"La polic\u00eda encontr\u00f3 una moto en la v\u00eda p\u00fablica que hab\u00eda sido robada - El Regional","og_description":"Siendo aproximadamente las 21:30 horas de la fecha, personal de la Patrulla Preventiva, constituidos en la intersecci\u00f3n de las calles Piedras y 25 de Mayo de esta ciudad, proceden al secuestro de motocicleta marca Zanella modelo ZB 110cc de color blanca\u00bb. En circunstancias en que los efectivos policiales se encontraban realizando recorrido preventivo por el [&hellip;]","og_url":"https:\/\/elregionalvm.com.ar\/noticias-villa-maria\/la-policia-encontro-una-moto-en-la-via-publica-que-habia-sido-robada\/","og_site_name":"El Regional","article_publisher":"https:\/\/www.facebook.com\/elregionalvm","article_published_time":"2024-07-31T22:21:40+00:00","article_modified_time":"2024-07-31T22:21:42+00:00","og_image":[{"width":1200,"height":1600,"url":"https:\/\/elregionalvm.com.ar\/noticias-villa-maria\/wp-content\/uploads\/2024\/07\/WhatsApp-Image-2024-07-31-at-12.29.26.jpeg","type":"image\/jpeg"}],"author":"Contenidos El Regional","twitter_card":"summary_large_image","twitter_creator":"@elregionalvm1","twitter_site":"@elregionalvm1","twitter_misc":{"Escrito por":"Contenidos El Regional","Tiempo de lectura":"1 minuto"},"schema":{"@context":"https:\/\/schema.org","@graph":[{"@type":"Article","@id":"https:\/\/elregionalvm.com.ar\/noticias-villa-maria\/la-policia-encontro-una-moto-en-la-via-publica-que-habia-sido-robada\/#article","isPartOf":{"@id":"https:\/\/elregionalvm.com.ar\/noticias-villa-maria\/la-policia-encontro-una-moto-en-la-via-publica-que-habia-sido-robada\/"},"author":{"name":"Contenidos El Regional","@id":"http:\/\/elregionalvm.com.ar\/noticias-villa-maria\/#\/schema\/person\/a0fb9c422317faca23d50163151bc354"},"headline":"La polic\u00eda encontr\u00f3 una moto en la v\u00eda p\u00fablica que hab\u00eda sido robada","datePublished":"2024-07-31T22:21:40+00:00","dateModified":"2024-07-31T22:21:42+00:00","mainEntityOfPage":{"@id":"https:\/\/elregionalvm.com.ar\/noticias-villa-maria\/la-policia-encontro-una-moto-en-la-via-publica-que-habia-sido-robada\/"},"wordCount":183,"commentCount":0,"image":{"@id":"https:\/\/elregionalvm.com.ar\/noticias-villa-maria\/la-policia-encontro-una-moto-en-la-via-publica-que-habia-sido-robada\/#primaryimage"},"thumbnailUrl":"https:\/\/i0.wp.com\/elregionalvm.com.ar\/noticias-villa-maria\/wp-content\/uploads\/2024\/07\/WhatsApp-Image-2024-07-31-at-12.29.26.jpeg?fit=1200%2C1600&ssl=1","articleSection":["destacado","Sociedad","Villa Mar\u00eda"],"inLanguage":"es","potentialAction":[{"@type":"CommentAction","name":"Comment","target":["https:\/\/elregionalvm.com.ar\/noticias-villa-maria\/la-policia-encontro-una-moto-en-la-via-publica-que-habia-sido-robada\/#respond"]}]},{"@type":"WebPage","@id":"https:\/\/elregionalvm.com.ar\/noticias-villa-maria\/la-policia-encontro-una-moto-en-la-via-publica-que-habia-sido-robada\/","url":"https:\/\/elregionalvm.com.ar\/noticias-villa-maria\/la-policia-encontro-una-moto-en-la-via-publica-que-habia-sido-robada\/","name":"La polic\u00eda encontr\u00f3 una moto en la v\u00eda p\u00fablica que hab\u00eda sido robada - El Regional","isPartOf":{"@id":"http:\/\/elregionalvm.com.ar\/noticias-villa-maria\/#website"},"primaryImageOfPage":{"@id":"https:\/\/elregionalvm.com.ar\/noticias-villa-maria\/la-policia-encontro-una-moto-en-la-via-publica-que-habia-sido-robada\/#primaryimage"},"image":{"@id":"https:\/\/elregionalvm.com.ar\/noticias-villa-maria\/la-policia-encontro-una-moto-en-la-via-publica-que-habia-sido-robada\/#primaryimage"},"thumbnailUrl":"https:\/\/i0.wp.com\/elregionalvm.com.ar\/noticias-villa-maria\/wp-content\/uploads\/2024\/07\/WhatsApp-Image-2024-07-31-at-12.29.26.jpeg?fit=1200%2C1600&ssl=1","datePublished":"2024-07-31T22:21:40+00:00","dateModified":"2024-07-31T22:21:42+00:00","author":{"@id":"http:\/\/elregionalvm.com.ar\/noticias-villa-maria\/#\/schema\/person\/a0fb9c422317faca23d50163151bc354"},"breadcrumb":{"@id":"https:\/\/elregionalvm.com.ar\/noticias-villa-maria\/la-policia-encontro-una-moto-en-la-via-publica-que-habia-sido-robada\/#breadcrumb"},"inLanguage":"es","potentialAction":[{"@type":"ReadAction","target":["https:\/\/elregionalvm.com.ar\/noticias-villa-maria\/la-policia-encontro-una-moto-en-la-via-publica-que-habia-sido-robada\/"]}]},{"@type":"ImageObject","inLanguage":"es","@id":"https:\/\/elregionalvm.com.ar\/noticias-villa-maria\/la-policia-encontro-una-moto-en-la-via-publica-que-habia-sido-robada\/#primaryimage","url":"https:\/\/i0.wp.com\/elregionalvm.com.ar\/noticias-villa-maria\/wp-content\/uploads\/2024\/07\/WhatsApp-Image-2024-07-31-at-12.29.26.jpeg?fit=1200%2C1600&ssl=1","contentUrl":"https:\/\/i0.wp.com\/elregionalvm.com.ar\/noticias-villa-maria\/wp-content\/uploads\/2024\/07\/WhatsApp-Image-2024-07-31-at-12.29.26.jpeg?fit=1200%2C1600&ssl=1","width":1200,"height":1600},{"@type":"BreadcrumbList","@id":"https:\/\/elregionalvm.com.ar\/noticias-villa-maria\/la-policia-encontro-una-moto-en-la-via-publica-que-habia-sido-robada\/#breadcrumb","itemListElement":[{"@type":"ListItem","position":1,"name":"Portada","item":"https:\/\/elregionalvm.com.ar\/noticias-villa-maria\/"},{"@type":"ListItem","position":2,"name":"La polic\u00eda encontr\u00f3 una moto en la v\u00eda p\u00fablica que hab\u00eda sido robada"}]},{"@type":"WebSite","@id":"http:\/\/elregionalvm.com.ar\/noticias-villa-maria\/#website","url":"http:\/\/elregionalvm.com.ar\/noticias-villa-maria\/","name":"El Regional","description":"Mucho m\u00e1s que informaci\u00f3n","potentialAction":[{"@type":"SearchAction","target":{"@type":"EntryPoint","urlTemplate":"http:\/\/elregionalvm.com.ar\/noticias-villa-maria\/?s={search_term_string}"},"query-input":{"@type":"PropertyValueSpecification","valueRequired":true,"valueName":"search_term_string"}}],"inLanguage":"es"},{"@type":"Person","@id":"http:\/\/elregionalvm.com.ar\/noticias-villa-maria\/#\/schema\/person\/a0fb9c422317faca23d50163151bc354","name":"Contenidos El Regional","image":{"@type":"ImageObject","inLanguage":"es","@id":"http:\/\/elregionalvm.com.ar\/noticias-villa-maria\/#\/schema\/person\/image\/","url":"https:\/\/secure.gravatar.com\/avatar\/265b27cb2209af7bb3a1318f03305787d7981a5cc6e6cd08fe5a4ecdf99d4b48?s=96&d=mm&r=g","contentUrl":"https:\/\/secure.gravatar.com\/avatar\/265b27cb2209af7bb3a1318f03305787d7981a5cc6e6cd08fe5a4ecdf99d4b48?s=96&d=mm&r=g","caption":"Contenidos El Regional"},"url":"https:\/\/elregionalvm.com.ar\/noticias-villa-maria\/author\/contenido\/"}]}},"jetpack_featured_media_url":"https:\/\/i0.wp.com\/elregionalvm.com.ar\/noticias-villa-maria\/wp-content\/uploads\/2024\/07\/WhatsApp-Image-2024-07-31-at-12.29.26.jpeg?fit=1200%2C1600&ssl=1","jetpack_sharing_enabled":true,"_links":{"self":[{"href":"https:\/\/elregionalvm.com.ar\/noticias-villa-maria\/wp-json\/wp\/v2\/posts\/96844","targetHints":{"allow":["GET"]}}],"collection":[{"href":"https:\/\/elregionalvm.com.ar\/noticias-villa-maria\/wp-json\/wp\/v2\/posts"}],"about":[{"href":"https:\/\/elregionalvm.com.ar\/noticias-villa-maria\/wp-json\/wp\/v2\/types\/post"}],"author":[{"embeddable":true,"href":"https:\/\/elregionalvm.com.ar\/noticias-villa-maria\/wp-json\/wp\/v2\/users\/4"}],"replies":[{"embeddable":true,"href":"https:\/\/elregionalvm.com.ar\/noticias-villa-maria\/wp-json\/wp\/v2\/comments?post=96844"}],"version-history":[{"count":1,"href":"https:\/\/elregionalvm.com.ar\/noticias-villa-maria\/wp-json\/wp\/v2\/posts\/96844\/revisions"}],"predecessor-version":[{"id":96846,"href":"https:\/\/elregionalvm.com.ar\/noticias-villa-maria\/wp-json\/wp\/v2\/posts\/96844\/revisions\/96846"}],"wp:featuredmedia":[{"embeddable":true,"href":"https:\/\/elregionalvm.com.ar\/noticias-villa-maria\/wp-json\/wp\/v2\/media\/96845"}],"wp:attachment":[{"href":"https:\/\/elregionalvm.com.ar\/noticias-villa-maria\/wp-json\/wp\/v2\/media?parent=96844"}],"wp:term":[{"taxonomy":"category","embeddable":true,"href":"https:\/\/elregionalvm.com.ar\/noticias-villa-maria\/wp-json\/wp\/v2\/categories?post=96844"},{"taxonomy":"post_tag","embeddable":true,"href":"https:\/\/elregionalvm.com.ar\/noticias-villa-maria\/wp-json\/wp\/v2\/tags?post=96844"}],"curies":[{"name":"wp","href":"https:\/\/api.w.org\/{rel}","templated":true}]}}