{"id":97018,"date":"2024-08-05T03:11:52","date_gmt":"2024-08-05T03:11:52","guid":{"rendered":"https:\/\/elregionalvm.com.ar\/noticias-villa-maria\/?p=97018"},"modified":"2024-08-07T01:10:26","modified_gmt":"2024-08-07T01:10:26","slug":"venezuela-otra-vez-america-se-pregunta-que-hacer-con-nicolas-maduro","status":"publish","type":"post","link":"https:\/\/elregionalvm.com.ar\/noticias-villa-maria\/venezuela-otra-vez-america-se-pregunta-que-hacer-con-nicolas-maduro\/","title":{"rendered":"[Venezuela] Otra vez, Am\u00e9rica se pregunta qu\u00e9 hacer con Nicol\u00e1s Maduro"},"content":{"rendered":"\n<h3 class=\"wp-block-heading\"><strong>Luego de las elecciones del 28 de julio, el l\u00edder venezolano se muestra desafiante y se atrinchera dentro del c\u00edrculo que lo sostiene. El concierto latinoamericano tard\u00f3 bastante en reaccionar. Con esta crisis quedaron expuestas grandes divisiones regionales. Mientras tanto, Maduro se despliega con su usual histrionismo dando un show medi\u00e1tico lamentable, pero sin desperdicio.<\/strong><\/h3>\n\n\n\n<p><\/p>\n\n\n\n<p><strong>Escribe: Lic. Natalia Pettinari (Analista de Pol\u00edtica Internacional)<\/strong><\/p>\n\n\n\n<p><\/p>\n\n\n\n<p>Fueron ingenuos quienes pensaron que Nicol\u00e1s Maduro podr\u00eda haber reconocido una derrota y comenzar el proceso para una transici\u00f3n pac\u00edfica del poder.<\/p>\n\n\n\n<p>Luego de las elecciones del 28 de julio, el l\u00edder se muestra desafiante y se atrinchera dentro del c\u00edrculo que lo sostiene.<\/p>\n\n\n\n<p>Este es un complejo sistema de alianzas intestinas que le dieron la libertad para alterar las normativas internas y favorecer las pr\u00e1cticas corruptas. De otra manera el chavismo no hubiera logrado transitar, a\u00fan con altibajos, estos largos 25 a\u00f1os.&nbsp;&nbsp;<\/p>\n\n\n\n<p>En el concierto latinoamericano, la posici\u00f3n m\u00e1s r\u00e1pida y sensata en relaci\u00f3n al resultado de las elecciones la tom\u00f3 el presidente de Chile. No sin costos internos.<\/p>\n\n\n\n<p>R\u00e1pidamente, el izquierdista Gabriel Boric expres\u00f3 que los resultados ofrecidos por el Consejo Nacional Electoral que dan la victoria a Maduro \u201cson dif\u00edciles de creer\u201d y que su pa\u00eds no reconocer\u00e1 \u201cning\u00fan resultado que no sea verificable\u201d.<\/p>\n\n\n\n<p>En tanto, en la vereda de enfrente se posicion\u00f3 Javier Milei que consider\u00f3, sin una sola prueba, que se hab\u00eda producido \u201cuna victoria aplastante\u201d de la oposici\u00f3n. Tambi\u00e9n denunci\u00f3 fraude.<\/p>\n\n\n\n<p><\/p>\n\n\n\n<figure class=\"wp-block-image size-large\"><img data-recalc-dims=\"1\" fetchpriority=\"high\" decoding=\"async\" width=\"1024\" height=\"576\" src=\"https:\/\/i0.wp.com\/elregionalvm.com.ar\/noticias-villa-maria\/wp-content\/uploads\/2024\/08\/oposicion-a-Maduro-Venezuela-2024.webp?resize=1024%2C576&#038;ssl=1\" alt=\"\" class=\"wp-image-97022\" srcset=\"https:\/\/i0.wp.com\/elregionalvm.com.ar\/noticias-villa-maria\/wp-content\/uploads\/2024\/08\/oposicion-a-Maduro-Venezuela-2024.webp?resize=1024%2C576&amp;ssl=1 1024w, https:\/\/i0.wp.com\/elregionalvm.com.ar\/noticias-villa-maria\/wp-content\/uploads\/2024\/08\/oposicion-a-Maduro-Venezuela-2024.webp?resize=300%2C169&amp;ssl=1 300w, https:\/\/i0.wp.com\/elregionalvm.com.ar\/noticias-villa-maria\/wp-content\/uploads\/2024\/08\/oposicion-a-Maduro-Venezuela-2024.webp?resize=768%2C432&amp;ssl=1 768w, https:\/\/i0.wp.com\/elregionalvm.com.ar\/noticias-villa-maria\/wp-content\/uploads\/2024\/08\/oposicion-a-Maduro-Venezuela-2024.webp?w=1200&amp;ssl=1 1200w\" sizes=\"(max-width: 1000px) 100vw, 1000px\" \/><\/figure>\n\n\n\n<p><\/p>\n\n\n\n<p><strong>Brasil, M\u00e9xico y Colombia<\/strong><\/p>\n\n\n\n<p>Quienes se preocuparon en ser cautelosos y terminaron tomando posiciones dubitativas fueron el triplete progresista Brasil, Colombia y M\u00e9xico.<\/p>\n\n\n\n<p>Hab\u00eda mucha expectaci\u00f3n sobre c\u00f3mo reaccionar\u00edan ya que ninguno de estos gobiernos son oponentes o adversarios a Maduro. Sus estrategias se han venido concentrando en un \u201cno aislamiento\u201d del r\u00e9gimen chavista. No quieren a un paria en la regi\u00f3n.<\/p>\n\n\n\n<p>Pero la lentitud con la que actuaron le dio tiempo a Maduro para hacer todo el show que quiso. Con la \u00abexpertis\u00bb que ya conocemos.<\/p>\n\n\n\n<p>Reci\u00e9n el martes, Lula da Silva verbaliz\u00f3 que el proceso eleccionario fue \u201cnormal\u201d, pero pidi\u00f3 publicar las actas. Y trat\u00f3 de bajarle el tono al asunto afirmando que los medios \u201ctratan esto como si fuera una tercera guerra mundial\u201d aunque lo que est\u00e1 sucediendo en Venezuela \u201cno tiene nada grave, nada que asuste\u201d.<\/p>\n\n\n\n<p>Probablemente, el brasile\u00f1o se haya olvidado que \u00e9l mismo dijo estar asustado ante la declaraci\u00f3n de Maduro de que habr\u00eda un \u201cba\u00f1o de sangre\u201d si perd\u00eda en los comicios.<\/p>\n\n\n\n<p>Mientras tanto, el presidente Joe Biden se comunica con Lula, con el objetivo de dar una respuesta coordinada. En un comunicado que no fue conjunto, la Casa Blanca expres\u00f3: \u00abLos dos l\u00edderes coincidieron en la necesidad de que las autoridades electorales venezolanas divulguen de forma inmediata informaci\u00f3n electoral completa, transparente y detallada de cada centro de votaci\u00f3n\u00bb.<\/p>\n\n\n\n<p>Dos d\u00edas m\u00e1s tarde, la administraci\u00f3n norteamericana reconoc\u00eda a Edmundo Gonz\u00e1lez como el ganador de las elecciones.<\/p>\n\n\n\n<p>A Andr\u00e9s Manuel L\u00f3pez Obrador le cost\u00f3 varios d\u00edas expresar que \u201cno hay pruebas\u201d de fraude en Venezuela. Y agreg\u00f3 que si la oposici\u00f3n \u201cno est\u00e1 conforme\u201d con el veredicto final debe acudir a las instancias judiciales pertinentes.<\/p>\n\n\n\n<p>Lula se expres\u00f3 en el mismo sentido, como si en Venezuela existiera una justicia independiente. El viernes, el mexicano volvi\u00f3 a solicitar a los l\u00edderes de otras naciones no intervenir en los resultados de las elecciones. Y agreg\u00f3 que M\u00e9xico no \u201celegir\u00e1 bando\u201d porque \u201cno es legal ni leg\u00edtimo\u201d que otros pa\u00edses emitan fallo a favor de alg\u00fan candidato.<\/p>\n\n\n\n<p><\/p>\n\n\n\n<figure class=\"wp-block-image size-full is-resized\"><img data-recalc-dims=\"1\" decoding=\"async\" width=\"800\" height=\"450\" src=\"https:\/\/i0.wp.com\/elregionalvm.com.ar\/noticias-villa-maria\/wp-content\/uploads\/2024\/08\/Venezuela-policia-protesta-Maduro.jpg?resize=800%2C450&#038;ssl=1\" alt=\"\" class=\"wp-image-97021\" style=\"width:910px;height:auto\" srcset=\"https:\/\/i0.wp.com\/elregionalvm.com.ar\/noticias-villa-maria\/wp-content\/uploads\/2024\/08\/Venezuela-policia-protesta-Maduro.jpg?w=800&amp;ssl=1 800w, https:\/\/i0.wp.com\/elregionalvm.com.ar\/noticias-villa-maria\/wp-content\/uploads\/2024\/08\/Venezuela-policia-protesta-Maduro.jpg?resize=300%2C169&amp;ssl=1 300w, https:\/\/i0.wp.com\/elregionalvm.com.ar\/noticias-villa-maria\/wp-content\/uploads\/2024\/08\/Venezuela-policia-protesta-Maduro.jpg?resize=768%2C432&amp;ssl=1 768w\" sizes=\"(max-width: 800px) 100vw, 800px\" \/><\/figure>\n\n\n\n<p><\/p>\n\n\n\n<p><strong>Reacci\u00f3n tard\u00eda<\/strong><\/p>\n\n\n\n<p>Pero quien m\u00e1s tard\u00f3 en reaccionar fue Gustavo Petro. Su rol en esta crisis cobra importancia como pa\u00eds vecino y mayor receptor de la migraci\u00f3n venezolana. Fue durante su administraci\u00f3n en 2022 que se inici\u00f3 el proceso de normalizaci\u00f3n de relaciones.<\/p>\n\n\n\n<p>Aunque han quedado truncas luego de las cr\u00edticas del mandatario colombiano que exhortaba a Maduro a respetar el acuerdo electoral de Barbados -entre oficialismo y oposici\u00f3n- para facilitar la regularizaci\u00f3n pol\u00edtica en el cual Colombia ofici\u00f3 de observador.<\/p>\n\n\n\n<p>En una larga carta en X, el presidente colombiano manifest\u00f3: \u201cLas graves dudas que se establecen alrededor del proceso electoral venezolano pueden llevar a su pueblo a una profunda polarizaci\u00f3n violenta con graves consecuencias de divisi\u00f3n permanente de una naci\u00f3n que ha sabido unirse muchas veces en su historia\u201d. A lo que agreg\u00f3 un pedido al gobierno de Estados Unidos de \u201csuspender los bloqueos y las decisiones en contra de ciudadanos venezolanos\u201d.<\/p>\n\n\n\n<p>Reci\u00e9n el viernes apareci\u00f3 un comunicado conjunto de los gobiernos de Brasil, M\u00e9xico y Colombia en el que llamaron a las autoridades electorales venezolanas a publicar de forma \u201cexpedita\u201d los datos \u201cdesglosados por mesa de votaci\u00f3n\u201d de las elecciones del domingo.<\/p>\n\n\n\n<p>El tridente considera que las controversias electorales deben dirimirse por la v\u00eda institucional y que el principio de la soberan\u00eda popular debe ser respetado mediante la \u201cverificaci\u00f3n imparcial\u201d de los resultados. Evitaron mencionar a Nicol\u00e1s Maduro. Muy tibios.<\/p>\n\n\n\n<p>Por \u00faltimo, cabe agregar el accionar de la OEA. Las divisiones con respecto a esta crisis restringen enormemente su margen de maniobra. Esta semana fracas\u00f3 por un voto una resoluci\u00f3n que exig\u00eda a las autoridades de Venezuela publicar de inmediato las actas de las elecciones del domingo.<\/p>\n\n\n\n<p>Este rechazo es un golpe a la estrategia de la derecha regional, con los gobiernos de Argentina, Uruguay y Per\u00fa a la cabeza, quienes denunciaron fraude sin presentar ninguna prueba.<\/p>\n\n\n\n<p><\/p>\n\n\n\n<figure class=\"wp-block-image size-large\"><img data-recalc-dims=\"1\" decoding=\"async\" width=\"1024\" height=\"576\" src=\"https:\/\/i0.wp.com\/elregionalvm.com.ar\/noticias-villa-maria\/wp-content\/uploads\/2024\/04\/Nicolas-Maduro-Venezuela-1.webp?resize=1024%2C576&#038;ssl=1\" alt=\"\" class=\"wp-image-93240\" srcset=\"https:\/\/i0.wp.com\/elregionalvm.com.ar\/noticias-villa-maria\/wp-content\/uploads\/2024\/04\/Nicolas-Maduro-Venezuela-1.webp?resize=1024%2C576&amp;ssl=1 1024w, https:\/\/i0.wp.com\/elregionalvm.com.ar\/noticias-villa-maria\/wp-content\/uploads\/2024\/04\/Nicolas-Maduro-Venezuela-1.webp?resize=300%2C169&amp;ssl=1 300w, https:\/\/i0.wp.com\/elregionalvm.com.ar\/noticias-villa-maria\/wp-content\/uploads\/2024\/04\/Nicolas-Maduro-Venezuela-1.webp?resize=768%2C432&amp;ssl=1 768w, https:\/\/i0.wp.com\/elregionalvm.com.ar\/noticias-villa-maria\/wp-content\/uploads\/2024\/04\/Nicolas-Maduro-Venezuela-1.webp?w=1200&amp;ssl=1 1200w\" sizes=\"(max-width: 1000px) 100vw, 1000px\" \/><\/figure>\n\n\n\n<p><\/p>\n\n\n\n<p><strong>El show de Maduro<\/strong><\/p>\n\n\n\n<p>Lo cierto es que mientras Am\u00e9rica se debate qu\u00e9 hacer con Nicolas Maduro Moro, \u00e9ste se despliega con su usual histrionismo dando un show medi\u00e1tico lamentable, pero sin desperdicio.<\/p>\n\n\n\n<p>Por un lado, amenaza con enviar a la c\u00e1rcel a Corina Machado y Edmundo Gonz\u00e1lez por ser \u201cjefes de la conspiraci\u00f3n fascista\u201d. Por otro, acude al Tribunal Supremo de Justicia a interponer un recurso ante la Sala Electoral para que realice un peritaje y establezca \u201cla verdad\u201d sobre los comicios. Una gran performance con tal de no mostrar las actas.<\/p>\n\n\n\n<p>Pero el espect\u00e1culo sigue. Acusa a la oposici\u00f3n de \u201cintento de golpe de Estado\u201d, llama a Javier Milei fascista, feo, est\u00fapido, cobarde y le dice \u201cNo me aguantas un round\u201d. Tambi\u00e9n afirma ser peronista: \u00abYo soy peronista y Evista, con Per\u00f3n voy y con Evita voy\u00bb.<\/p>\n\n\n\n<p>En este raid medi\u00e1tico hasta Elon Musk tuvo cabida. Luego de varios intercambios, Maduro lo invita a pelear: \u201c\u00bfQuieres pelea, Elon Musk? Estoy listo, soy hijo de Bol\u00edvar y Ch\u00e1vez, no te tengo miedo\u201d.<\/p>\n\n\n\n<p>El video con la invitaci\u00f3n se viraliz\u00f3 en las redes sociales hasta que el multimillonario le responde: \u201cAcepto\u201d.<\/p>\n\n\n\n<p>Para Nicol\u00e1s Maduro el show debe continuar. Por lo menos hasta el 2031.<\/p>\n\n\n\n<p><\/p>\n\n\n\n<h3 class=\"wp-block-heading\"><strong>Tambi\u00e9n pod\u00e9s ver: <\/strong><\/h3>\n\n\n\n<p><\/p>\n\n\n\n<p><\/p>\n\n\n\n<figure class=\"wp-block-embed is-type-wp-embed is-provider-el-regional wp-block-embed-el-regional\"><div class=\"wp-block-embed__wrapper\">\n<blockquote class=\"wp-embedded-content\" data-secret=\"uezMRbwbjo\"><a href=\"https:\/\/elregionalvm.com.ar\/noticias-villa-maria\/politica-internacional-el-elegido-una-campana-a-la-medida-de-trump\/\">[Pol\u00edtica Internacional] El elegido: Una campa\u00f1a a la medida de Trump<\/a><\/blockquote><iframe class=\"wp-embedded-content\" sandbox=\"allow-scripts\" security=\"restricted\" style=\"position: absolute; visibility: hidden;\" title=\"\u00ab[Pol\u00edtica Internacional] El elegido: Una campa\u00f1a a la medida de Trump\u00bb \u2014 El Regional\" src=\"https:\/\/elregionalvm.com.ar\/noticias-villa-maria\/politica-internacional-el-elegido-una-campana-a-la-medida-de-trump\/embed\/#?secret=qV9CQ5lY80#?secret=uezMRbwbjo\" data-secret=\"uezMRbwbjo\" width=\"500\" height=\"282\" frameborder=\"0\" marginwidth=\"0\" marginheight=\"0\" scrolling=\"no\"><\/iframe>\n<\/div><\/figure>\n\n\n\n<p><\/p>\n\n\n\n<p><\/p>\n\n\n\n<p><em>La versi\u00f3n original de este art\u00edculo se public\u00f3 en Rosario3.com<\/em><\/p>\n\n\n\n<p><\/p>\n","protected":false},"excerpt":{"rendered":"<p>Luego de las elecciones del 28 de julio, el l\u00edder venezolano se muestra desafiante y se atrinchera dentro del c\u00edrculo que lo sostiene. El concierto latinoamericano tard\u00f3 bastante en reaccionar. Con esta crisis quedaron expuestas grandes divisiones regionales. Mientras tanto, Maduro se despliega con su usual histrionismo dando un show medi\u00e1tico lamentable, pero sin desperdicio. [&hellip;]<\/p>\n","protected":false},"author":4,"featured_media":97020,"comment_status":"open","ping_status":"open","sticky":false,"template":"","format":"standard","meta":{"site-sidebar-layout":"default","site-content-layout":"","ast-site-content-layout":"default","site-content-style":"default","site-sidebar-style":"default","ast-global-header-display":"","ast-banner-title-visibility":"","ast-main-header-display":"","ast-hfb-above-header-display":"","ast-hfb-below-header-display":"","ast-hfb-mobile-header-display":"","site-post-title":"","ast-breadcrumbs-content":"","ast-featured-img":"","footer-sml-layout":"","ast-disable-related-posts":"","theme-transparent-header-meta":"","adv-header-id-meta":"","stick-header-meta":"","header-above-stick-meta":"","header-main-stick-meta":"","header-below-stick-meta":"","astra-migrate-meta-layouts":"set","ast-page-background-enabled":"default","ast-page-background-meta":{"desktop":{"background-color":"","background-image":"","background-repeat":"repeat","background-position":"center center","background-size":"auto","background-attachment":"scroll","background-type":"","background-media":"","overlay-type":"","overlay-color":"","overlay-opacity":"","overlay-gradient":""},"tablet":{"background-color":"","background-image":"","background-repeat":"repeat","background-position":"center center","background-size":"auto","background-attachment":"scroll","background-type":"","background-media":"","overlay-type":"","overlay-color":"","overlay-opacity":"","overlay-gradient":""},"mobile":{"background-color":"","background-image":"","background-repeat":"repeat","background-position":"center center","background-size":"auto","background-attachment":"scroll","background-type":"","background-media":"","overlay-type":"","overlay-color":"","overlay-opacity":"","overlay-gradient":""}},"ast-content-background-meta":{"desktop":{"background-color":"var(--ast-global-color-5)","background-image":"","background-repeat":"repeat","background-position":"center center","background-size":"auto","background-attachment":"scroll","background-type":"","background-media":"","overlay-type":"","overlay-color":"","overlay-opacity":"","overlay-gradient":""},"tablet":{"background-color":"var(--ast-global-color-5)","background-image":"","background-repeat":"repeat","background-position":"center center","background-size":"auto","background-attachment":"scroll","background-type":"","background-media":"","overlay-type":"","overlay-color":"","overlay-opacity":"","overlay-gradient":""},"mobile":{"background-color":"var(--ast-global-color-5)","background-image":"","background-repeat":"repeat","background-position":"center center","background-size":"auto","background-attachment":"scroll","background-type":"","background-media":"","overlay-type":"","overlay-color":"","overlay-opacity":"","overlay-gradient":""}},"_jetpack_memberships_contains_paid_content":false,"_joinchat":[],"footnotes":""},"categories":[365,3557],"tags":[6336,5805,331,16204,1535,268,1674,5053,4573,2203,976,977],"class_list":["post-97018","post","type-post","status-publish","format-standard","has-post-thumbnail","hentry","category-opinion","category-tercera","tag-actas","tag-america","tag-brasil","tag-colombia","tag-democracia","tag-elecciones","tag-fraude","tag-javier-milei","tag-maduro","tag-mexico","tag-politica-internacional","tag-venezuela"],"yoast_head":"<!-- This site is optimized with the Yoast SEO plugin v26.8 - https:\/\/yoast.com\/product\/yoast-seo-wordpress\/ -->\n<title>[Venezuela] Otra vez, Am\u00e9rica se pregunta qu\u00e9 hacer con Nicol\u00e1s Maduro - El Regional<\/title>\n<meta name=\"robots\" content=\"index, follow, max-snippet:-1, max-image-preview:large, max-video-preview:-1\" \/>\n<link rel=\"canonical\" href=\"https:\/\/elregionalvm.com.ar\/noticias-villa-maria\/venezuela-otra-vez-america-se-pregunta-que-hacer-con-nicolas-maduro\/\" \/>\n<meta property=\"og:locale\" content=\"es_ES\" \/>\n<meta property=\"og:type\" content=\"article\" \/>\n<meta property=\"og:title\" content=\"[Venezuela] Otra vez, Am\u00e9rica se pregunta qu\u00e9 hacer con Nicol\u00e1s Maduro - El Regional\" \/>\n<meta property=\"og:description\" content=\"Luego de las elecciones del 28 de julio, el l\u00edder venezolano se muestra desafiante y se atrinchera dentro del c\u00edrculo que lo sostiene. El concierto latinoamericano tard\u00f3 bastante en reaccionar. Con esta crisis quedaron expuestas grandes divisiones regionales. Mientras tanto, Maduro se despliega con su usual histrionismo dando un show medi\u00e1tico lamentable, pero sin desperdicio. [&hellip;]\" \/>\n<meta property=\"og:url\" content=\"https:\/\/elregionalvm.com.ar\/noticias-villa-maria\/venezuela-otra-vez-america-se-pregunta-que-hacer-con-nicolas-maduro\/\" \/>\n<meta property=\"og:site_name\" content=\"El Regional\" \/>\n<meta property=\"article:publisher\" content=\"https:\/\/www.facebook.com\/elregionalvm\" \/>\n<meta property=\"article:published_time\" content=\"2024-08-05T03:11:52+00:00\" \/>\n<meta property=\"article:modified_time\" content=\"2024-08-07T01:10:26+00:00\" \/>\n<meta property=\"og:image\" content=\"https:\/\/elregionalvm.com.ar\/noticias-villa-maria\/wp-content\/uploads\/2024\/08\/Maduro-Venezuela-2024.jpg\" \/>\n\t<meta property=\"og:image:width\" content=\"1280\" \/>\n\t<meta property=\"og:image:height\" content=\"720\" \/>\n\t<meta property=\"og:image:type\" content=\"image\/jpeg\" \/>\n<meta name=\"author\" content=\"Contenidos El Regional\" \/>\n<meta name=\"twitter:card\" content=\"summary_large_image\" \/>\n<meta name=\"twitter:creator\" content=\"@elregionalvm1\" \/>\n<meta name=\"twitter:site\" content=\"@elregionalvm1\" \/>\n<meta name=\"twitter:label1\" content=\"Escrito por\" \/>\n\t<meta name=\"twitter:data1\" content=\"Contenidos El Regional\" \/>\n\t<meta name=\"twitter:label2\" content=\"Tiempo de lectura\" \/>\n\t<meta name=\"twitter:data2\" content=\"6 minutos\" \/>\n<script type=\"application\/ld+json\" class=\"yoast-schema-graph\">{\"@context\":\"https:\/\/schema.org\",\"@graph\":[{\"@type\":\"Article\",\"@id\":\"https:\/\/elregionalvm.com.ar\/noticias-villa-maria\/venezuela-otra-vez-america-se-pregunta-que-hacer-con-nicolas-maduro\/#article\",\"isPartOf\":{\"@id\":\"https:\/\/elregionalvm.com.ar\/noticias-villa-maria\/venezuela-otra-vez-america-se-pregunta-que-hacer-con-nicolas-maduro\/\"},\"author\":{\"name\":\"Contenidos El Regional\",\"@id\":\"http:\/\/elregionalvm.com.ar\/noticias-villa-maria\/#\/schema\/person\/a0fb9c422317faca23d50163151bc354\"},\"headline\":\"[Venezuela] Otra vez, Am\u00e9rica se pregunta qu\u00e9 hacer con Nicol\u00e1s Maduro\",\"datePublished\":\"2024-08-05T03:11:52+00:00\",\"dateModified\":\"2024-08-07T01:10:26+00:00\",\"mainEntityOfPage\":{\"@id\":\"https:\/\/elregionalvm.com.ar\/noticias-villa-maria\/venezuela-otra-vez-america-se-pregunta-que-hacer-con-nicolas-maduro\/\"},\"wordCount\":1220,\"commentCount\":0,\"image\":{\"@id\":\"https:\/\/elregionalvm.com.ar\/noticias-villa-maria\/venezuela-otra-vez-america-se-pregunta-que-hacer-con-nicolas-maduro\/#primaryimage\"},\"thumbnailUrl\":\"https:\/\/i0.wp.com\/elregionalvm.com.ar\/noticias-villa-maria\/wp-content\/uploads\/2024\/08\/Maduro-Venezuela-2024.jpg?fit=1280%2C720&ssl=1\",\"keywords\":[\"actas\",\"Am\u00e9rica\",\"Brasil\",\"Colombia\",\"Democracia\",\"elecciones\",\"fraude\",\"Javier Milei\",\"Maduro\",\"M\u00e9xico\",\"Pol\u00edtica Internacional\",\"Venezuela\"],\"articleSection\":[\"Opini\u00f3n\",\"tercera\"],\"inLanguage\":\"es\",\"potentialAction\":[{\"@type\":\"CommentAction\",\"name\":\"Comment\",\"target\":[\"https:\/\/elregionalvm.com.ar\/noticias-villa-maria\/venezuela-otra-vez-america-se-pregunta-que-hacer-con-nicolas-maduro\/#respond\"]}]},{\"@type\":\"WebPage\",\"@id\":\"https:\/\/elregionalvm.com.ar\/noticias-villa-maria\/venezuela-otra-vez-america-se-pregunta-que-hacer-con-nicolas-maduro\/\",\"url\":\"https:\/\/elregionalvm.com.ar\/noticias-villa-maria\/venezuela-otra-vez-america-se-pregunta-que-hacer-con-nicolas-maduro\/\",\"name\":\"[Venezuela] Otra vez, Am\u00e9rica se pregunta qu\u00e9 hacer con Nicol\u00e1s Maduro - El Regional\",\"isPartOf\":{\"@id\":\"http:\/\/elregionalvm.com.ar\/noticias-villa-maria\/#website\"},\"primaryImageOfPage\":{\"@id\":\"https:\/\/elregionalvm.com.ar\/noticias-villa-maria\/venezuela-otra-vez-america-se-pregunta-que-hacer-con-nicolas-maduro\/#primaryimage\"},\"image\":{\"@id\":\"https:\/\/elregionalvm.com.ar\/noticias-villa-maria\/venezuela-otra-vez-america-se-pregunta-que-hacer-con-nicolas-maduro\/#primaryimage\"},\"thumbnailUrl\":\"https:\/\/i0.wp.com\/elregionalvm.com.ar\/noticias-villa-maria\/wp-content\/uploads\/2024\/08\/Maduro-Venezuela-2024.jpg?fit=1280%2C720&ssl=1\",\"datePublished\":\"2024-08-05T03:11:52+00:00\",\"dateModified\":\"2024-08-07T01:10:26+00:00\",\"author\":{\"@id\":\"http:\/\/elregionalvm.com.ar\/noticias-villa-maria\/#\/schema\/person\/a0fb9c422317faca23d50163151bc354\"},\"breadcrumb\":{\"@id\":\"https:\/\/elregionalvm.com.ar\/noticias-villa-maria\/venezuela-otra-vez-america-se-pregunta-que-hacer-con-nicolas-maduro\/#breadcrumb\"},\"inLanguage\":\"es\",\"potentialAction\":[{\"@type\":\"ReadAction\",\"target\":[\"https:\/\/elregionalvm.com.ar\/noticias-villa-maria\/venezuela-otra-vez-america-se-pregunta-que-hacer-con-nicolas-maduro\/\"]}]},{\"@type\":\"ImageObject\",\"inLanguage\":\"es\",\"@id\":\"https:\/\/elregionalvm.com.ar\/noticias-villa-maria\/venezuela-otra-vez-america-se-pregunta-que-hacer-con-nicolas-maduro\/#primaryimage\",\"url\":\"https:\/\/i0.wp.com\/elregionalvm.com.ar\/noticias-villa-maria\/wp-content\/uploads\/2024\/08\/Maduro-Venezuela-2024.jpg?fit=1280%2C720&ssl=1\",\"contentUrl\":\"https:\/\/i0.wp.com\/elregionalvm.com.ar\/noticias-villa-maria\/wp-content\/uploads\/2024\/08\/Maduro-Venezuela-2024.jpg?fit=1280%2C720&ssl=1\",\"width\":1280,\"height\":720},{\"@type\":\"BreadcrumbList\",\"@id\":\"https:\/\/elregionalvm.com.ar\/noticias-villa-maria\/venezuela-otra-vez-america-se-pregunta-que-hacer-con-nicolas-maduro\/#breadcrumb\",\"itemListElement\":[{\"@type\":\"ListItem\",\"position\":1,\"name\":\"Portada\",\"item\":\"https:\/\/elregionalvm.com.ar\/noticias-villa-maria\/\"},{\"@type\":\"ListItem\",\"position\":2,\"name\":\"[Venezuela] Otra vez, Am\u00e9rica se pregunta qu\u00e9 hacer con Nicol\u00e1s Maduro\"}]},{\"@type\":\"WebSite\",\"@id\":\"http:\/\/elregionalvm.com.ar\/noticias-villa-maria\/#website\",\"url\":\"http:\/\/elregionalvm.com.ar\/noticias-villa-maria\/\",\"name\":\"El Regional\",\"description\":\"Mucho m\u00e1s que informaci\u00f3n\",\"potentialAction\":[{\"@type\":\"SearchAction\",\"target\":{\"@type\":\"EntryPoint\",\"urlTemplate\":\"http:\/\/elregionalvm.com.ar\/noticias-villa-maria\/?s={search_term_string}\"},\"query-input\":{\"@type\":\"PropertyValueSpecification\",\"valueRequired\":true,\"valueName\":\"search_term_string\"}}],\"inLanguage\":\"es\"},{\"@type\":\"Person\",\"@id\":\"http:\/\/elregionalvm.com.ar\/noticias-villa-maria\/#\/schema\/person\/a0fb9c422317faca23d50163151bc354\",\"name\":\"Contenidos El Regional\",\"image\":{\"@type\":\"ImageObject\",\"inLanguage\":\"es\",\"@id\":\"http:\/\/elregionalvm.com.ar\/noticias-villa-maria\/#\/schema\/person\/image\/\",\"url\":\"https:\/\/secure.gravatar.com\/avatar\/265b27cb2209af7bb3a1318f03305787d7981a5cc6e6cd08fe5a4ecdf99d4b48?s=96&d=mm&r=g\",\"contentUrl\":\"https:\/\/secure.gravatar.com\/avatar\/265b27cb2209af7bb3a1318f03305787d7981a5cc6e6cd08fe5a4ecdf99d4b48?s=96&d=mm&r=g\",\"caption\":\"Contenidos El Regional\"},\"url\":\"https:\/\/elregionalvm.com.ar\/noticias-villa-maria\/author\/contenido\/\"}]}<\/script>\n<!-- \/ Yoast SEO plugin. -->","yoast_head_json":{"title":"[Venezuela] Otra vez, Am\u00e9rica se pregunta qu\u00e9 hacer con Nicol\u00e1s Maduro - El Regional","robots":{"index":"index","follow":"follow","max-snippet":"max-snippet:-1","max-image-preview":"max-image-preview:large","max-video-preview":"max-video-preview:-1"},"canonical":"https:\/\/elregionalvm.com.ar\/noticias-villa-maria\/venezuela-otra-vez-america-se-pregunta-que-hacer-con-nicolas-maduro\/","og_locale":"es_ES","og_type":"article","og_title":"[Venezuela] Otra vez, Am\u00e9rica se pregunta qu\u00e9 hacer con Nicol\u00e1s Maduro - El Regional","og_description":"Luego de las elecciones del 28 de julio, el l\u00edder venezolano se muestra desafiante y se atrinchera dentro del c\u00edrculo que lo sostiene. El concierto latinoamericano tard\u00f3 bastante en reaccionar. Con esta crisis quedaron expuestas grandes divisiones regionales. Mientras tanto, Maduro se despliega con su usual histrionismo dando un show medi\u00e1tico lamentable, pero sin desperdicio. [&hellip;]","og_url":"https:\/\/elregionalvm.com.ar\/noticias-villa-maria\/venezuela-otra-vez-america-se-pregunta-que-hacer-con-nicolas-maduro\/","og_site_name":"El Regional","article_publisher":"https:\/\/www.facebook.com\/elregionalvm","article_published_time":"2024-08-05T03:11:52+00:00","article_modified_time":"2024-08-07T01:10:26+00:00","og_image":[{"width":1280,"height":720,"url":"https:\/\/elregionalvm.com.ar\/noticias-villa-maria\/wp-content\/uploads\/2024\/08\/Maduro-Venezuela-2024.jpg","type":"image\/jpeg"}],"author":"Contenidos El Regional","twitter_card":"summary_large_image","twitter_creator":"@elregionalvm1","twitter_site":"@elregionalvm1","twitter_misc":{"Escrito por":"Contenidos El Regional","Tiempo de lectura":"6 minutos"},"schema":{"@context":"https:\/\/schema.org","@graph":[{"@type":"Article","@id":"https:\/\/elregionalvm.com.ar\/noticias-villa-maria\/venezuela-otra-vez-america-se-pregunta-que-hacer-con-nicolas-maduro\/#article","isPartOf":{"@id":"https:\/\/elregionalvm.com.ar\/noticias-villa-maria\/venezuela-otra-vez-america-se-pregunta-que-hacer-con-nicolas-maduro\/"},"author":{"name":"Contenidos El Regional","@id":"http:\/\/elregionalvm.com.ar\/noticias-villa-maria\/#\/schema\/person\/a0fb9c422317faca23d50163151bc354"},"headline":"[Venezuela] Otra vez, Am\u00e9rica se pregunta qu\u00e9 hacer con Nicol\u00e1s Maduro","datePublished":"2024-08-05T03:11:52+00:00","dateModified":"2024-08-07T01:10:26+00:00","mainEntityOfPage":{"@id":"https:\/\/elregionalvm.com.ar\/noticias-villa-maria\/venezuela-otra-vez-america-se-pregunta-que-hacer-con-nicolas-maduro\/"},"wordCount":1220,"commentCount":0,"image":{"@id":"https:\/\/elregionalvm.com.ar\/noticias-villa-maria\/venezuela-otra-vez-america-se-pregunta-que-hacer-con-nicolas-maduro\/#primaryimage"},"thumbnailUrl":"https:\/\/i0.wp.com\/elregionalvm.com.ar\/noticias-villa-maria\/wp-content\/uploads\/2024\/08\/Maduro-Venezuela-2024.jpg?fit=1280%2C720&ssl=1","keywords":["actas","Am\u00e9rica","Brasil","Colombia","Democracia","elecciones","fraude","Javier Milei","Maduro","M\u00e9xico","Pol\u00edtica Internacional","Venezuela"],"articleSection":["Opini\u00f3n","tercera"],"inLanguage":"es","potentialAction":[{"@type":"CommentAction","name":"Comment","target":["https:\/\/elregionalvm.com.ar\/noticias-villa-maria\/venezuela-otra-vez-america-se-pregunta-que-hacer-con-nicolas-maduro\/#respond"]}]},{"@type":"WebPage","@id":"https:\/\/elregionalvm.com.ar\/noticias-villa-maria\/venezuela-otra-vez-america-se-pregunta-que-hacer-con-nicolas-maduro\/","url":"https:\/\/elregionalvm.com.ar\/noticias-villa-maria\/venezuela-otra-vez-america-se-pregunta-que-hacer-con-nicolas-maduro\/","name":"[Venezuela] Otra vez, Am\u00e9rica se pregunta qu\u00e9 hacer con Nicol\u00e1s Maduro - El Regional","isPartOf":{"@id":"http:\/\/elregionalvm.com.ar\/noticias-villa-maria\/#website"},"primaryImageOfPage":{"@id":"https:\/\/elregionalvm.com.ar\/noticias-villa-maria\/venezuela-otra-vez-america-se-pregunta-que-hacer-con-nicolas-maduro\/#primaryimage"},"image":{"@id":"https:\/\/elregionalvm.com.ar\/noticias-villa-maria\/venezuela-otra-vez-america-se-pregunta-que-hacer-con-nicolas-maduro\/#primaryimage"},"thumbnailUrl":"https:\/\/i0.wp.com\/elregionalvm.com.ar\/noticias-villa-maria\/wp-content\/uploads\/2024\/08\/Maduro-Venezuela-2024.jpg?fit=1280%2C720&ssl=1","datePublished":"2024-08-05T03:11:52+00:00","dateModified":"2024-08-07T01:10:26+00:00","author":{"@id":"http:\/\/elregionalvm.com.ar\/noticias-villa-maria\/#\/schema\/person\/a0fb9c422317faca23d50163151bc354"},"breadcrumb":{"@id":"https:\/\/elregionalvm.com.ar\/noticias-villa-maria\/venezuela-otra-vez-america-se-pregunta-que-hacer-con-nicolas-maduro\/#breadcrumb"},"inLanguage":"es","potentialAction":[{"@type":"ReadAction","target":["https:\/\/elregionalvm.com.ar\/noticias-villa-maria\/venezuela-otra-vez-america-se-pregunta-que-hacer-con-nicolas-maduro\/"]}]},{"@type":"ImageObject","inLanguage":"es","@id":"https:\/\/elregionalvm.com.ar\/noticias-villa-maria\/venezuela-otra-vez-america-se-pregunta-que-hacer-con-nicolas-maduro\/#primaryimage","url":"https:\/\/i0.wp.com\/elregionalvm.com.ar\/noticias-villa-maria\/wp-content\/uploads\/2024\/08\/Maduro-Venezuela-2024.jpg?fit=1280%2C720&ssl=1","contentUrl":"https:\/\/i0.wp.com\/elregionalvm.com.ar\/noticias-villa-maria\/wp-content\/uploads\/2024\/08\/Maduro-Venezuela-2024.jpg?fit=1280%2C720&ssl=1","width":1280,"height":720},{"@type":"BreadcrumbList","@id":"https:\/\/elregionalvm.com.ar\/noticias-villa-maria\/venezuela-otra-vez-america-se-pregunta-que-hacer-con-nicolas-maduro\/#breadcrumb","itemListElement":[{"@type":"ListItem","position":1,"name":"Portada","item":"https:\/\/elregionalvm.com.ar\/noticias-villa-maria\/"},{"@type":"ListItem","position":2,"name":"[Venezuela] Otra vez, Am\u00e9rica se pregunta qu\u00e9 hacer con Nicol\u00e1s Maduro"}]},{"@type":"WebSite","@id":"http:\/\/elregionalvm.com.ar\/noticias-villa-maria\/#website","url":"http:\/\/elregionalvm.com.ar\/noticias-villa-maria\/","name":"El Regional","description":"Mucho m\u00e1s que informaci\u00f3n","potentialAction":[{"@type":"SearchAction","target":{"@type":"EntryPoint","urlTemplate":"http:\/\/elregionalvm.com.ar\/noticias-villa-maria\/?s={search_term_string}"},"query-input":{"@type":"PropertyValueSpecification","valueRequired":true,"valueName":"search_term_string"}}],"inLanguage":"es"},{"@type":"Person","@id":"http:\/\/elregionalvm.com.ar\/noticias-villa-maria\/#\/schema\/person\/a0fb9c422317faca23d50163151bc354","name":"Contenidos El Regional","image":{"@type":"ImageObject","inLanguage":"es","@id":"http:\/\/elregionalvm.com.ar\/noticias-villa-maria\/#\/schema\/person\/image\/","url":"https:\/\/secure.gravatar.com\/avatar\/265b27cb2209af7bb3a1318f03305787d7981a5cc6e6cd08fe5a4ecdf99d4b48?s=96&d=mm&r=g","contentUrl":"https:\/\/secure.gravatar.com\/avatar\/265b27cb2209af7bb3a1318f03305787d7981a5cc6e6cd08fe5a4ecdf99d4b48?s=96&d=mm&r=g","caption":"Contenidos El Regional"},"url":"https:\/\/elregionalvm.com.ar\/noticias-villa-maria\/author\/contenido\/"}]}},"jetpack_featured_media_url":"https:\/\/i0.wp.com\/elregionalvm.com.ar\/noticias-villa-maria\/wp-content\/uploads\/2024\/08\/Maduro-Venezuela-2024.jpg?fit=1280%2C720&ssl=1","jetpack_sharing_enabled":true,"_links":{"self":[{"href":"https:\/\/elregionalvm.com.ar\/noticias-villa-maria\/wp-json\/wp\/v2\/posts\/97018","targetHints":{"allow":["GET"]}}],"collection":[{"href":"https:\/\/elregionalvm.com.ar\/noticias-villa-maria\/wp-json\/wp\/v2\/posts"}],"about":[{"href":"https:\/\/elregionalvm.com.ar\/noticias-villa-maria\/wp-json\/wp\/v2\/types\/post"}],"author":[{"embeddable":true,"href":"https:\/\/elregionalvm.com.ar\/noticias-villa-maria\/wp-json\/wp\/v2\/users\/4"}],"replies":[{"embeddable":true,"href":"https:\/\/elregionalvm.com.ar\/noticias-villa-maria\/wp-json\/wp\/v2\/comments?post=97018"}],"version-history":[{"count":2,"href":"https:\/\/elregionalvm.com.ar\/noticias-villa-maria\/wp-json\/wp\/v2\/posts\/97018\/revisions"}],"predecessor-version":[{"id":97024,"href":"https:\/\/elregionalvm.com.ar\/noticias-villa-maria\/wp-json\/wp\/v2\/posts\/97018\/revisions\/97024"}],"wp:featuredmedia":[{"embeddable":true,"href":"https:\/\/elregionalvm.com.ar\/noticias-villa-maria\/wp-json\/wp\/v2\/media\/97020"}],"wp:attachment":[{"href":"https:\/\/elregionalvm.com.ar\/noticias-villa-maria\/wp-json\/wp\/v2\/media?parent=97018"}],"wp:term":[{"taxonomy":"category","embeddable":true,"href":"https:\/\/elregionalvm.com.ar\/noticias-villa-maria\/wp-json\/wp\/v2\/categories?post=97018"},{"taxonomy":"post_tag","embeddable":true,"href":"https:\/\/elregionalvm.com.ar\/noticias-villa-maria\/wp-json\/wp\/v2\/tags?post=97018"}],"curies":[{"name":"wp","href":"https:\/\/api.w.org\/{rel}","templated":true}]}}