{"id":97204,"date":"2024-08-08T03:43:13","date_gmt":"2024-08-08T03:43:13","guid":{"rendered":"https:\/\/elregionalvm.com.ar\/noticias-villa-maria\/?p=97204"},"modified":"2024-08-13T21:08:24","modified_gmt":"2024-08-13T21:08:24","slug":"argentina-ese-rico-pais-pobre-los-numeros-rojos-de-una-realidad-que-duele","status":"publish","type":"post","link":"https:\/\/elregionalvm.com.ar\/noticias-villa-maria\/argentina-ese-rico-pais-pobre-los-numeros-rojos-de-una-realidad-que-duele\/","title":{"rendered":"Argentina, ese rico pa\u00eds pobre: Los n\u00fameros rojos de una realidad que duele"},"content":{"rendered":"\n<h3 class=\"wp-block-heading\"><strong>Del grosero error de no saber cu\u00e1nta pobreza hab\u00eda en el pa\u00eds porque el gobierno kirchnerista de turno no la med\u00eda, con todas las consecuencias negativas en materia de pol\u00edticas de estado para combatirla, pasamos a la promesa trasnochada de Macri de la \u201cpobreza cero\u201d y a la falsa ilusi\u00f3n albertista de heladeras hasta el tope de asado. De all\u00ed, sin escalas a la propuesta mile\u00edsta de la \u201cArgentina potencia\u201d que a\u00fan no llega. La pobreza tiene estad\u00edsticas que van y vienen en mayor o menor medida. Pero siempre est\u00e1. Ahora, alcanza a m\u00e1s de la mitad de los argentinos, la cifra m\u00e1s alta en los \u00faltimos 20 a\u00f1os.<\/strong><\/h3>\n\n\n\n<p><\/p>\n\n\n\n<p><strong>Escribe: Germ\u00e1n Giacchero<\/strong><\/p>\n\n\n\n<p><\/p>\n\n\n\n<p>Ni el super\u00e1vit fiscal, ni las bondades de la macroeconom\u00eda, ni la oleada pol\u00edtica libertaria, ni la apuesta al bendito mercado, ni la motosierra antiestatal pueden con ella.<\/p>\n\n\n\n<p>Pasan los gobiernos, cambian los trajes y los vestidos en el sill\u00f3n de Rivadavia, vuelan los presidentes, pero ella siempre est\u00e1.<\/p>\n\n\n\n<p>Podr\u00eda ser la inflaci\u00f3n. Pero, no. Est\u00e1 \u00edntimamente relacionada con el fen\u00f3meno inflacionario, claro, se llama pobreza. Y es un problema hist\u00f3rico en Argentina, m\u00e1s all\u00e1 de algunos momentos de bonanza, es un flagelo que ning\u00fan gobierno ha podido debilitar. O no lo ha querido hacer con todas las ganas que se deber\u00eda poner al asunto.<\/p>\n\n\n\n<p>Los resultados est\u00e1n a la vista.<\/p>\n\n\n\n<p>Hace falta algo m\u00e1s que pol\u00edticas ef\u00edmeras y acciones aisladas para no seguir creando nuevos pobres y con la finalidad de dar batalla a la pobreza estructural.<\/p>\n\n\n\n<p>Ese monstruo que abraza a los pobres de siempre, los que ni con alg\u00fan socorro monetario o alimentario estatal pueden dejar de saborear el trago amargo de la miseria.<\/p>\n\n\n\n<p>Y a ese escenario tristemente conocido, se suman los nuevos actores de reparto de la pobreza: los desempleados recientes o mal pagados, los alcanzados por la pulverizaci\u00f3n de los salarios, la clase media no tan media y la clase baja cada vez m\u00e1s baja que no aguantan el sacud\u00f3n de los tarifazos, los recortes y la crisis generalizada.<\/p>\n\n\n\n<p><\/p>\n\n\n\n<figure class=\"wp-block-image size-full\"><img data-recalc-dims=\"1\" fetchpriority=\"high\" decoding=\"async\" width=\"1000\" height=\"525\" src=\"https:\/\/i0.wp.com\/elregionalvm.com.ar\/noticias-villa-maria\/wp-content\/uploads\/2024\/03\/Casa-rosada-pobreza-ilustrativa.jpg?resize=1000%2C525&#038;ssl=1\" alt=\"\" class=\"wp-image-91446\" srcset=\"https:\/\/i0.wp.com\/elregionalvm.com.ar\/noticias-villa-maria\/wp-content\/uploads\/2024\/03\/Casa-rosada-pobreza-ilustrativa.jpg?w=1000&amp;ssl=1 1000w, https:\/\/i0.wp.com\/elregionalvm.com.ar\/noticias-villa-maria\/wp-content\/uploads\/2024\/03\/Casa-rosada-pobreza-ilustrativa.jpg?resize=300%2C158&amp;ssl=1 300w, https:\/\/i0.wp.com\/elregionalvm.com.ar\/noticias-villa-maria\/wp-content\/uploads\/2024\/03\/Casa-rosada-pobreza-ilustrativa.jpg?resize=768%2C403&amp;ssl=1 768w\" sizes=\"(max-width: 1000px) 100vw, 1000px\" \/><\/figure>\n\n\n\n<p><\/p>\n\n\n\n<p><strong>Datos que duelen<\/strong><\/p>\n\n\n\n<p>El final del gobierno de Alberto Fern\u00e1ndez y el comienzo de la gesti\u00f3n de Javier Milei coincidi\u00f3 con un nivel de pobreza del 41,7% de las personas y una indigencia de 11,9%. Eran los datos oficiales del segundo semestre de 2023 difundidos por el Indec.<\/p>\n\n\n\n<p>Entonces, 4 de cada 10 argentinos eran pobres y 1 de cada 10 viv\u00eda en la indigencia.<\/p>\n\n\n\n<p>Tres meses despu\u00e9s las cosas cambiaron para peor. Dos de cada 10 argentinos es pobre y 1 de cada 5 es indigente, seg\u00fan datos de la Universidad Cat\u00f3lica Argentina (UCA),<\/p>\n\n\n\n<p>De acuerdo con el informe del Observatorio de la Deuda Social Argentina, elaborado a partir del an\u00e1lisis de la base de microdatos de la Encuesta Permanente de Hogares (EPH) del Indec, la pobreza trep\u00f3 al 54,9% de la poblaci\u00f3n, mientras que la indigencia se ubic\u00f3 en 20,3%.<\/p>\n\n\n\n<p>En pocas palabras, m\u00e1s de la mitad de un pa\u00eds que siempre se crey\u00f3 condenado a la riqueza, vive sumida en la pobreza. Y lo que m\u00e1s ha crecido es la indigencia: no les alcanza ni para la comida.<\/p>\n\n\n\n<p><\/p>\n\n\n\n<figure class=\"wp-block-image size-full\"><img data-recalc-dims=\"1\" decoding=\"async\" width=\"1000\" height=\"500\" src=\"https:\/\/i0.wp.com\/elregionalvm.com.ar\/noticias-villa-maria\/wp-content\/uploads\/2023\/01\/pobreza-ninos.jpg?resize=1000%2C500&#038;ssl=1\" alt=\"\" class=\"wp-image-70852\" srcset=\"https:\/\/i0.wp.com\/elregionalvm.com.ar\/noticias-villa-maria\/wp-content\/uploads\/2023\/01\/pobreza-ninos.jpg?w=1000&amp;ssl=1 1000w, https:\/\/i0.wp.com\/elregionalvm.com.ar\/noticias-villa-maria\/wp-content\/uploads\/2023\/01\/pobreza-ninos.jpg?resize=300%2C150&amp;ssl=1 300w, https:\/\/i0.wp.com\/elregionalvm.com.ar\/noticias-villa-maria\/wp-content\/uploads\/2023\/01\/pobreza-ninos.jpg?resize=768%2C384&amp;ssl=1 768w\" sizes=\"(max-width: 1000px) 100vw, 1000px\" \/><\/figure>\n\n\n\n<p><\/p>\n\n\n\n<p>La situaci\u00f3n empeora si hablamos de las infancias. El 70% de los ni\u00f1os, ni\u00f1as y adolescentes vive en hogares alcanzados por la pobreza, mientras que el 30% se encuentra en la indigencia.<\/p>\n\n\n\n<p>Por supuesto, estos guarismos muestran un promedio. Los indicadores en algunas regiones provocan escalofr\u00edos. El distrito m\u00e1s pobre del pa\u00eds es Gran Resistencia, Chaco, con 79,5%, seguido por Formosa, con 72,1%, y La Rioja, con 68%.<\/p>\n\n\n\n<p>En nuestra provincia, el Gran C\u00f3rdoba y Gran R\u00edo Cuarto muestran niveles semejantes a la media nacional, pero con incrementos respecto de mediciones anteriores.<\/p>\n\n\n\n<p>En la capital cordobesa y alrededores, el \u00edndice de pobreza escal\u00f3 a 50,7%, mientras que en el Imperio del Sur y zona aleda\u00f1a R\u00edo Cuarto registr\u00f3 53,5%. En t\u00e9rminos generales, la mitad de la poblaci\u00f3n en ambos distritos es pobre.<\/p>\n\n\n\n<p><\/p>\n\n\n\n<figure class=\"wp-block-image size-full is-resized\"><img data-recalc-dims=\"1\" decoding=\"async\" width=\"719\" height=\"547\" src=\"https:\/\/i0.wp.com\/elregionalvm.com.ar\/noticias-villa-maria\/wp-content\/uploads\/2024\/08\/Pobreza-en-Villa-Maria-2024.jpeg?resize=719%2C547&#038;ssl=1\" alt=\"\" class=\"wp-image-97206\" style=\"width:910px;height:auto\" srcset=\"https:\/\/i0.wp.com\/elregionalvm.com.ar\/noticias-villa-maria\/wp-content\/uploads\/2024\/08\/Pobreza-en-Villa-Maria-2024.jpeg?w=719&amp;ssl=1 719w, https:\/\/i0.wp.com\/elregionalvm.com.ar\/noticias-villa-maria\/wp-content\/uploads\/2024\/08\/Pobreza-en-Villa-Maria-2024.jpeg?resize=300%2C228&amp;ssl=1 300w\" sizes=\"(max-width: 719px) 100vw, 719px\" \/><figcaption class=\"wp-element-caption\"><em>La imagen es de una esquina c\u00e9ntrica de Villa Mar\u00eda. <\/em><\/figcaption><\/figure>\n\n\n\n<p><\/p>\n\n\n\n<p>En Villa Mar\u00eda, los \u00faltimos datos disponibles corresponden al segundo semestre del a\u00f1o pasado y, como suele repetirse en cada medici\u00f3n, resultan m\u00e1s alentadores que el resto del pa\u00eds.<\/p>\n\n\n\n<p>La informaci\u00f3n relevada entonces por el Centro Estad\u00edstico Municipal -que resulta comparable con los mismos indicadores que publica INDEC para los aglomerados del pa\u00eds- expuso una incidencia de la pobreza de personas estimada en 28,1 %, mientras que la incidencia de la indigencia era de 3,9 %.<\/p>\n\n\n\n<p><strong>Paradojas y contradicciones<\/strong><\/p>\n\n\n\n<p>Argentina es un pa\u00eds infectado de paradojas, fagocitado por contradicciones y plagado de dualidades.<\/p>\n\n\n\n<p>Destila opulencia desde su mismo nombre, que significa plata, pero su historia est\u00e1 marcada por la escasez.<\/p>\n\n\n\n<p>Es el reino de la abundancia y de las riquezas que desvelaron a conquistadores e inmigrantes europeos por igual, pero su destino parece trazado por la ausencia, la carencia y la necesidad.<\/p>\n\n\n\n<p>En el \u201cgranero del mundo\u201d que podr\u00eda alimentar a buena parte de la poblaci\u00f3n mundial, hay ni\u00f1os y ni\u00f1as que se mueren de hambre.<\/p>\n\n\n\n<p><\/p>\n\n\n\n<figure class=\"wp-block-image size-full\"><img data-recalc-dims=\"1\" loading=\"lazy\" decoding=\"async\" width=\"1000\" height=\"562\" src=\"https:\/\/i0.wp.com\/elregionalvm.com.ar\/noticias-villa-maria\/wp-content\/uploads\/2021\/07\/comedor-escolar-comida-pobreza.jpg?resize=1000%2C562&#038;ssl=1\" alt=\"\" class=\"wp-image-41375\" srcset=\"https:\/\/i0.wp.com\/elregionalvm.com.ar\/noticias-villa-maria\/wp-content\/uploads\/2021\/07\/comedor-escolar-comida-pobreza.jpg?w=1000&amp;ssl=1 1000w, https:\/\/i0.wp.com\/elregionalvm.com.ar\/noticias-villa-maria\/wp-content\/uploads\/2021\/07\/comedor-escolar-comida-pobreza.jpg?resize=300%2C169&amp;ssl=1 300w, https:\/\/i0.wp.com\/elregionalvm.com.ar\/noticias-villa-maria\/wp-content\/uploads\/2021\/07\/comedor-escolar-comida-pobreza.jpg?resize=768%2C432&amp;ssl=1 768w\" sizes=\"(max-width: 1000px) 100vw, 1000px\" \/><\/figure>\n\n\n\n<p><\/p>\n\n\n\n<p>Argentina ocupa posiciones de privilegio como productor de semillas y sus praderas, cada vez m\u00e1s concentradas en menos manos, figuran entre las m\u00e1s f\u00e9rtiles del globo.<\/p>\n\n\n\n<p>Pero los millones de hect\u00e1reas de soja sembradas no pueden saciar el hambre de su gente.<\/p>\n\n\n\n<p>Se encuentra entre las naciones l\u00edderes como productor mundial de carnes y cuenta con millones de cabezas de ganado, pero la carne es casi inaccesible para bolsillos insolventes.<\/p>\n\n\n\n<p>Genera miles de toneladas de lana cada a\u00f1o, pero abrigarse en invierno insume todo un presupuesto.<\/p>\n\n\n\n<p>Sobran las contradicciones entre el pa\u00eds que quiso ser y el que es en realidad, la oposici\u00f3n entre su abundancia y escasez, su anhelo primermundista y su realidad de callej\u00f3n.<\/p>\n\n\n\n<p>Singularidades de un pa\u00eds que se cre\u00eda condenado al \u00e9xito, que como Narciso termin\u00f3 enamorado de su propia imagen falsa y que, debilitado de tanto espejismo, termin\u00f3 d\u00e1ndose de lleno contra la implacable realidad.<\/p>\n\n\n\n<p>Una realidad que, m\u00e1s all\u00e1 de algunos aciertos y varios tropiezos, quiz\u00e1s nos d\u00e9 m\u00e1rgenes para poderla cambiar.<\/p>\n\n\n\n<p>\u00bfPodremos? &nbsp;<\/p>\n","protected":false},"excerpt":{"rendered":"<p>Del grosero error de no saber cu\u00e1nta pobreza hab\u00eda en el pa\u00eds porque el gobierno kirchnerista de turno no la med\u00eda, con todas las consecuencias negativas en materia de pol\u00edticas de estado para combatirla, pasamos a la promesa trasnochada de Macri de la \u201cpobreza cero\u201d y a la falsa ilusi\u00f3n albertista de heladeras hasta el [&hellip;]<\/p>\n","protected":false},"author":6,"featured_media":77308,"comment_status":"open","ping_status":"open","sticky":false,"template":"","format":"standard","meta":{"site-sidebar-layout":"default","site-content-layout":"","ast-site-content-layout":"default","site-content-style":"default","site-sidebar-style":"default","ast-global-header-display":"","ast-banner-title-visibility":"","ast-main-header-display":"","ast-hfb-above-header-display":"","ast-hfb-below-header-display":"","ast-hfb-mobile-header-display":"","site-post-title":"","ast-breadcrumbs-content":"","ast-featured-img":"","footer-sml-layout":"","ast-disable-related-posts":"","theme-transparent-header-meta":"","adv-header-id-meta":"","stick-header-meta":"","header-above-stick-meta":"","header-main-stick-meta":"","header-below-stick-meta":"","astra-migrate-meta-layouts":"set","ast-page-background-enabled":"default","ast-page-background-meta":{"desktop":{"background-color":"","background-image":"","background-repeat":"repeat","background-position":"center center","background-size":"auto","background-attachment":"scroll","background-type":"","background-media":"","overlay-type":"","overlay-color":"","overlay-opacity":"","overlay-gradient":""},"tablet":{"background-color":"","background-image":"","background-repeat":"repeat","background-position":"center center","background-size":"auto","background-attachment":"scroll","background-type":"","background-media":"","overlay-type":"","overlay-color":"","overlay-opacity":"","overlay-gradient":""},"mobile":{"background-color":"","background-image":"","background-repeat":"repeat","background-position":"center center","background-size":"auto","background-attachment":"scroll","background-type":"","background-media":"","overlay-type":"","overlay-color":"","overlay-opacity":"","overlay-gradient":""}},"ast-content-background-meta":{"desktop":{"background-color":"var(--ast-global-color-5)","background-image":"","background-repeat":"repeat","background-position":"center center","background-size":"auto","background-attachment":"scroll","background-type":"","background-media":"","overlay-type":"","overlay-color":"","overlay-opacity":"","overlay-gradient":""},"tablet":{"background-color":"var(--ast-global-color-5)","background-image":"","background-repeat":"repeat","background-position":"center center","background-size":"auto","background-attachment":"scroll","background-type":"","background-media":"","overlay-type":"","overlay-color":"","overlay-opacity":"","overlay-gradient":""},"mobile":{"background-color":"var(--ast-global-color-5)","background-image":"","background-repeat":"repeat","background-position":"center center","background-size":"auto","background-attachment":"scroll","background-type":"","background-media":"","overlay-type":"","overlay-color":"","overlay-opacity":"","overlay-gradient":""}},"_jetpack_memberships_contains_paid_content":false,"_joinchat":[],"footnotes":""},"categories":[365,3557],"tags":[1594,814,546,1804,2784,1846,5053,41,24259,609,145,24258],"class_list":["post-97204","post","type-post","status-publish","format-standard","has-post-thumbnail","hentry","category-opinion","category-tercera","tag-alberto-fernandez","tag-crisis","tag-cristina-fernandez","tag-estadisticas","tag-indec","tag-indigencia","tag-javier-milei","tag-macri","tag-medicion","tag-pobreza","tag-riqueza","tag-uca"],"yoast_head":"<!-- This site is optimized with the Yoast SEO plugin v26.8 - https:\/\/yoast.com\/product\/yoast-seo-wordpress\/ -->\n<title>Argentina, ese rico pa\u00eds pobre: Los n\u00fameros rojos de una realidad que duele - El Regional<\/title>\n<meta name=\"robots\" content=\"index, follow, max-snippet:-1, max-image-preview:large, max-video-preview:-1\" \/>\n<link rel=\"canonical\" href=\"https:\/\/elregionalvm.com.ar\/noticias-villa-maria\/argentina-ese-rico-pais-pobre-los-numeros-rojos-de-una-realidad-que-duele\/\" \/>\n<meta property=\"og:locale\" content=\"es_ES\" \/>\n<meta property=\"og:type\" content=\"article\" \/>\n<meta property=\"og:title\" content=\"Argentina, ese rico pa\u00eds pobre: Los n\u00fameros rojos de una realidad que duele - El Regional\" \/>\n<meta property=\"og:description\" content=\"Del grosero error de no saber cu\u00e1nta pobreza hab\u00eda en el pa\u00eds porque el gobierno kirchnerista de turno no la med\u00eda, con todas las consecuencias negativas en materia de pol\u00edticas de estado para combatirla, pasamos a la promesa trasnochada de Macri de la \u201cpobreza cero\u201d y a la falsa ilusi\u00f3n albertista de heladeras hasta el [&hellip;]\" \/>\n<meta property=\"og:url\" content=\"https:\/\/elregionalvm.com.ar\/noticias-villa-maria\/argentina-ese-rico-pais-pobre-los-numeros-rojos-de-una-realidad-que-duele\/\" \/>\n<meta property=\"og:site_name\" content=\"El Regional\" \/>\n<meta property=\"article:publisher\" content=\"https:\/\/www.facebook.com\/elregionalvm\" \/>\n<meta property=\"article:published_time\" content=\"2024-08-08T03:43:13+00:00\" \/>\n<meta property=\"article:modified_time\" content=\"2024-08-13T21:08:24+00:00\" \/>\n<meta property=\"og:image\" content=\"https:\/\/elregionalvm.com.ar\/noticias-villa-maria\/wp-content\/uploads\/2023\/05\/Formosa-pobreza-casa.jpg\" \/>\n\t<meta property=\"og:image:width\" content=\"1193\" \/>\n\t<meta property=\"og:image:height\" content=\"792\" \/>\n\t<meta property=\"og:image:type\" content=\"image\/jpeg\" \/>\n<meta name=\"author\" content=\"Germ\u00e1n Giacchero\" \/>\n<meta name=\"twitter:card\" content=\"summary_large_image\" \/>\n<meta name=\"twitter:creator\" content=\"@elregionalvm1\" \/>\n<meta name=\"twitter:site\" content=\"@elregionalvm1\" \/>\n<meta name=\"twitter:label1\" content=\"Escrito por\" \/>\n\t<meta name=\"twitter:data1\" content=\"Germ\u00e1n Giacchero\" \/>\n\t<meta name=\"twitter:label2\" content=\"Tiempo de lectura\" \/>\n\t<meta name=\"twitter:data2\" content=\"6 minutos\" \/>\n<script type=\"application\/ld+json\" class=\"yoast-schema-graph\">{\"@context\":\"https:\/\/schema.org\",\"@graph\":[{\"@type\":\"Article\",\"@id\":\"https:\/\/elregionalvm.com.ar\/noticias-villa-maria\/argentina-ese-rico-pais-pobre-los-numeros-rojos-de-una-realidad-que-duele\/#article\",\"isPartOf\":{\"@id\":\"https:\/\/elregionalvm.com.ar\/noticias-villa-maria\/argentina-ese-rico-pais-pobre-los-numeros-rojos-de-una-realidad-que-duele\/\"},\"author\":{\"name\":\"Germ\u00e1n Giacchero\",\"@id\":\"http:\/\/elregionalvm.com.ar\/noticias-villa-maria\/#\/schema\/person\/d5e4b04966154131701e52c45d3efec9\"},\"headline\":\"Argentina, ese rico pa\u00eds pobre: Los n\u00fameros rojos de una realidad que duele\",\"datePublished\":\"2024-08-08T03:43:13+00:00\",\"dateModified\":\"2024-08-13T21:08:24+00:00\",\"mainEntityOfPage\":{\"@id\":\"https:\/\/elregionalvm.com.ar\/noticias-villa-maria\/argentina-ese-rico-pais-pobre-los-numeros-rojos-de-una-realidad-que-duele\/\"},\"wordCount\":1072,\"commentCount\":0,\"image\":{\"@id\":\"https:\/\/elregionalvm.com.ar\/noticias-villa-maria\/argentina-ese-rico-pais-pobre-los-numeros-rojos-de-una-realidad-que-duele\/#primaryimage\"},\"thumbnailUrl\":\"https:\/\/i0.wp.com\/elregionalvm.com.ar\/noticias-villa-maria\/wp-content\/uploads\/2023\/05\/Formosa-pobreza-casa.jpg?fit=1193%2C792&ssl=1\",\"keywords\":[\"Alberto Fern\u00e1ndez\",\"crisis\",\"Cristina Fern\u00e1ndez\",\"estadisticas\",\"Indec\",\"indigencia\",\"Javier Milei\",\"Macri\",\"medici\u00f3n\",\"Pobreza\",\"riqueza\",\"UCA\"],\"articleSection\":[\"Opini\u00f3n\",\"tercera\"],\"inLanguage\":\"es\",\"potentialAction\":[{\"@type\":\"CommentAction\",\"name\":\"Comment\",\"target\":[\"https:\/\/elregionalvm.com.ar\/noticias-villa-maria\/argentina-ese-rico-pais-pobre-los-numeros-rojos-de-una-realidad-que-duele\/#respond\"]}]},{\"@type\":\"WebPage\",\"@id\":\"https:\/\/elregionalvm.com.ar\/noticias-villa-maria\/argentina-ese-rico-pais-pobre-los-numeros-rojos-de-una-realidad-que-duele\/\",\"url\":\"https:\/\/elregionalvm.com.ar\/noticias-villa-maria\/argentina-ese-rico-pais-pobre-los-numeros-rojos-de-una-realidad-que-duele\/\",\"name\":\"Argentina, ese rico pa\u00eds pobre: Los n\u00fameros rojos de una realidad que duele - El Regional\",\"isPartOf\":{\"@id\":\"http:\/\/elregionalvm.com.ar\/noticias-villa-maria\/#website\"},\"primaryImageOfPage\":{\"@id\":\"https:\/\/elregionalvm.com.ar\/noticias-villa-maria\/argentina-ese-rico-pais-pobre-los-numeros-rojos-de-una-realidad-que-duele\/#primaryimage\"},\"image\":{\"@id\":\"https:\/\/elregionalvm.com.ar\/noticias-villa-maria\/argentina-ese-rico-pais-pobre-los-numeros-rojos-de-una-realidad-que-duele\/#primaryimage\"},\"thumbnailUrl\":\"https:\/\/i0.wp.com\/elregionalvm.com.ar\/noticias-villa-maria\/wp-content\/uploads\/2023\/05\/Formosa-pobreza-casa.jpg?fit=1193%2C792&ssl=1\",\"datePublished\":\"2024-08-08T03:43:13+00:00\",\"dateModified\":\"2024-08-13T21:08:24+00:00\",\"author\":{\"@id\":\"http:\/\/elregionalvm.com.ar\/noticias-villa-maria\/#\/schema\/person\/d5e4b04966154131701e52c45d3efec9\"},\"breadcrumb\":{\"@id\":\"https:\/\/elregionalvm.com.ar\/noticias-villa-maria\/argentina-ese-rico-pais-pobre-los-numeros-rojos-de-una-realidad-que-duele\/#breadcrumb\"},\"inLanguage\":\"es\",\"potentialAction\":[{\"@type\":\"ReadAction\",\"target\":[\"https:\/\/elregionalvm.com.ar\/noticias-villa-maria\/argentina-ese-rico-pais-pobre-los-numeros-rojos-de-una-realidad-que-duele\/\"]}]},{\"@type\":\"ImageObject\",\"inLanguage\":\"es\",\"@id\":\"https:\/\/elregionalvm.com.ar\/noticias-villa-maria\/argentina-ese-rico-pais-pobre-los-numeros-rojos-de-una-realidad-que-duele\/#primaryimage\",\"url\":\"https:\/\/i0.wp.com\/elregionalvm.com.ar\/noticias-villa-maria\/wp-content\/uploads\/2023\/05\/Formosa-pobreza-casa.jpg?fit=1193%2C792&ssl=1\",\"contentUrl\":\"https:\/\/i0.wp.com\/elregionalvm.com.ar\/noticias-villa-maria\/wp-content\/uploads\/2023\/05\/Formosa-pobreza-casa.jpg?fit=1193%2C792&ssl=1\",\"width\":1193,\"height\":792},{\"@type\":\"BreadcrumbList\",\"@id\":\"https:\/\/elregionalvm.com.ar\/noticias-villa-maria\/argentina-ese-rico-pais-pobre-los-numeros-rojos-de-una-realidad-que-duele\/#breadcrumb\",\"itemListElement\":[{\"@type\":\"ListItem\",\"position\":1,\"name\":\"Portada\",\"item\":\"https:\/\/elregionalvm.com.ar\/noticias-villa-maria\/\"},{\"@type\":\"ListItem\",\"position\":2,\"name\":\"Argentina, ese rico pa\u00eds pobre: Los n\u00fameros rojos de una realidad que duele\"}]},{\"@type\":\"WebSite\",\"@id\":\"http:\/\/elregionalvm.com.ar\/noticias-villa-maria\/#website\",\"url\":\"http:\/\/elregionalvm.com.ar\/noticias-villa-maria\/\",\"name\":\"El Regional\",\"description\":\"Mucho m\u00e1s que informaci\u00f3n\",\"potentialAction\":[{\"@type\":\"SearchAction\",\"target\":{\"@type\":\"EntryPoint\",\"urlTemplate\":\"http:\/\/elregionalvm.com.ar\/noticias-villa-maria\/?s={search_term_string}\"},\"query-input\":{\"@type\":\"PropertyValueSpecification\",\"valueRequired\":true,\"valueName\":\"search_term_string\"}}],\"inLanguage\":\"es\"},{\"@type\":\"Person\",\"@id\":\"http:\/\/elregionalvm.com.ar\/noticias-villa-maria\/#\/schema\/person\/d5e4b04966154131701e52c45d3efec9\",\"name\":\"Germ\u00e1n Giacchero\",\"image\":{\"@type\":\"ImageObject\",\"inLanguage\":\"es\",\"@id\":\"http:\/\/elregionalvm.com.ar\/noticias-villa-maria\/#\/schema\/person\/image\/\",\"url\":\"https:\/\/secure.gravatar.com\/avatar\/fda163ba5ef0307ee5be9846e10f83b6e83d0cfb260d3b2464830318894c6b04?s=96&d=mm&r=g\",\"contentUrl\":\"https:\/\/secure.gravatar.com\/avatar\/fda163ba5ef0307ee5be9846e10f83b6e83d0cfb260d3b2464830318894c6b04?s=96&d=mm&r=g\",\"caption\":\"Germ\u00e1n Giacchero\"},\"url\":\"https:\/\/elregionalvm.com.ar\/noticias-villa-maria\/author\/germangiacchero\/\"}]}<\/script>\n<!-- \/ Yoast SEO plugin. -->","yoast_head_json":{"title":"Argentina, ese rico pa\u00eds pobre: Los n\u00fameros rojos de una realidad que duele - El Regional","robots":{"index":"index","follow":"follow","max-snippet":"max-snippet:-1","max-image-preview":"max-image-preview:large","max-video-preview":"max-video-preview:-1"},"canonical":"https:\/\/elregionalvm.com.ar\/noticias-villa-maria\/argentina-ese-rico-pais-pobre-los-numeros-rojos-de-una-realidad-que-duele\/","og_locale":"es_ES","og_type":"article","og_title":"Argentina, ese rico pa\u00eds pobre: Los n\u00fameros rojos de una realidad que duele - El Regional","og_description":"Del grosero error de no saber cu\u00e1nta pobreza hab\u00eda en el pa\u00eds porque el gobierno kirchnerista de turno no la med\u00eda, con todas las consecuencias negativas en materia de pol\u00edticas de estado para combatirla, pasamos a la promesa trasnochada de Macri de la \u201cpobreza cero\u201d y a la falsa ilusi\u00f3n albertista de heladeras hasta el [&hellip;]","og_url":"https:\/\/elregionalvm.com.ar\/noticias-villa-maria\/argentina-ese-rico-pais-pobre-los-numeros-rojos-de-una-realidad-que-duele\/","og_site_name":"El Regional","article_publisher":"https:\/\/www.facebook.com\/elregionalvm","article_published_time":"2024-08-08T03:43:13+00:00","article_modified_time":"2024-08-13T21:08:24+00:00","og_image":[{"width":1193,"height":792,"url":"https:\/\/elregionalvm.com.ar\/noticias-villa-maria\/wp-content\/uploads\/2023\/05\/Formosa-pobreza-casa.jpg","type":"image\/jpeg"}],"author":"Germ\u00e1n Giacchero","twitter_card":"summary_large_image","twitter_creator":"@elregionalvm1","twitter_site":"@elregionalvm1","twitter_misc":{"Escrito por":"Germ\u00e1n Giacchero","Tiempo de lectura":"6 minutos"},"schema":{"@context":"https:\/\/schema.org","@graph":[{"@type":"Article","@id":"https:\/\/elregionalvm.com.ar\/noticias-villa-maria\/argentina-ese-rico-pais-pobre-los-numeros-rojos-de-una-realidad-que-duele\/#article","isPartOf":{"@id":"https:\/\/elregionalvm.com.ar\/noticias-villa-maria\/argentina-ese-rico-pais-pobre-los-numeros-rojos-de-una-realidad-que-duele\/"},"author":{"name":"Germ\u00e1n Giacchero","@id":"http:\/\/elregionalvm.com.ar\/noticias-villa-maria\/#\/schema\/person\/d5e4b04966154131701e52c45d3efec9"},"headline":"Argentina, ese rico pa\u00eds pobre: Los n\u00fameros rojos de una realidad que duele","datePublished":"2024-08-08T03:43:13+00:00","dateModified":"2024-08-13T21:08:24+00:00","mainEntityOfPage":{"@id":"https:\/\/elregionalvm.com.ar\/noticias-villa-maria\/argentina-ese-rico-pais-pobre-los-numeros-rojos-de-una-realidad-que-duele\/"},"wordCount":1072,"commentCount":0,"image":{"@id":"https:\/\/elregionalvm.com.ar\/noticias-villa-maria\/argentina-ese-rico-pais-pobre-los-numeros-rojos-de-una-realidad-que-duele\/#primaryimage"},"thumbnailUrl":"https:\/\/i0.wp.com\/elregionalvm.com.ar\/noticias-villa-maria\/wp-content\/uploads\/2023\/05\/Formosa-pobreza-casa.jpg?fit=1193%2C792&ssl=1","keywords":["Alberto Fern\u00e1ndez","crisis","Cristina Fern\u00e1ndez","estadisticas","Indec","indigencia","Javier Milei","Macri","medici\u00f3n","Pobreza","riqueza","UCA"],"articleSection":["Opini\u00f3n","tercera"],"inLanguage":"es","potentialAction":[{"@type":"CommentAction","name":"Comment","target":["https:\/\/elregionalvm.com.ar\/noticias-villa-maria\/argentina-ese-rico-pais-pobre-los-numeros-rojos-de-una-realidad-que-duele\/#respond"]}]},{"@type":"WebPage","@id":"https:\/\/elregionalvm.com.ar\/noticias-villa-maria\/argentina-ese-rico-pais-pobre-los-numeros-rojos-de-una-realidad-que-duele\/","url":"https:\/\/elregionalvm.com.ar\/noticias-villa-maria\/argentina-ese-rico-pais-pobre-los-numeros-rojos-de-una-realidad-que-duele\/","name":"Argentina, ese rico pa\u00eds pobre: Los n\u00fameros rojos de una realidad que duele - El Regional","isPartOf":{"@id":"http:\/\/elregionalvm.com.ar\/noticias-villa-maria\/#website"},"primaryImageOfPage":{"@id":"https:\/\/elregionalvm.com.ar\/noticias-villa-maria\/argentina-ese-rico-pais-pobre-los-numeros-rojos-de-una-realidad-que-duele\/#primaryimage"},"image":{"@id":"https:\/\/elregionalvm.com.ar\/noticias-villa-maria\/argentina-ese-rico-pais-pobre-los-numeros-rojos-de-una-realidad-que-duele\/#primaryimage"},"thumbnailUrl":"https:\/\/i0.wp.com\/elregionalvm.com.ar\/noticias-villa-maria\/wp-content\/uploads\/2023\/05\/Formosa-pobreza-casa.jpg?fit=1193%2C792&ssl=1","datePublished":"2024-08-08T03:43:13+00:00","dateModified":"2024-08-13T21:08:24+00:00","author":{"@id":"http:\/\/elregionalvm.com.ar\/noticias-villa-maria\/#\/schema\/person\/d5e4b04966154131701e52c45d3efec9"},"breadcrumb":{"@id":"https:\/\/elregionalvm.com.ar\/noticias-villa-maria\/argentina-ese-rico-pais-pobre-los-numeros-rojos-de-una-realidad-que-duele\/#breadcrumb"},"inLanguage":"es","potentialAction":[{"@type":"ReadAction","target":["https:\/\/elregionalvm.com.ar\/noticias-villa-maria\/argentina-ese-rico-pais-pobre-los-numeros-rojos-de-una-realidad-que-duele\/"]}]},{"@type":"ImageObject","inLanguage":"es","@id":"https:\/\/elregionalvm.com.ar\/noticias-villa-maria\/argentina-ese-rico-pais-pobre-los-numeros-rojos-de-una-realidad-que-duele\/#primaryimage","url":"https:\/\/i0.wp.com\/elregionalvm.com.ar\/noticias-villa-maria\/wp-content\/uploads\/2023\/05\/Formosa-pobreza-casa.jpg?fit=1193%2C792&ssl=1","contentUrl":"https:\/\/i0.wp.com\/elregionalvm.com.ar\/noticias-villa-maria\/wp-content\/uploads\/2023\/05\/Formosa-pobreza-casa.jpg?fit=1193%2C792&ssl=1","width":1193,"height":792},{"@type":"BreadcrumbList","@id":"https:\/\/elregionalvm.com.ar\/noticias-villa-maria\/argentina-ese-rico-pais-pobre-los-numeros-rojos-de-una-realidad-que-duele\/#breadcrumb","itemListElement":[{"@type":"ListItem","position":1,"name":"Portada","item":"https:\/\/elregionalvm.com.ar\/noticias-villa-maria\/"},{"@type":"ListItem","position":2,"name":"Argentina, ese rico pa\u00eds pobre: Los n\u00fameros rojos de una realidad que duele"}]},{"@type":"WebSite","@id":"http:\/\/elregionalvm.com.ar\/noticias-villa-maria\/#website","url":"http:\/\/elregionalvm.com.ar\/noticias-villa-maria\/","name":"El Regional","description":"Mucho m\u00e1s que informaci\u00f3n","potentialAction":[{"@type":"SearchAction","target":{"@type":"EntryPoint","urlTemplate":"http:\/\/elregionalvm.com.ar\/noticias-villa-maria\/?s={search_term_string}"},"query-input":{"@type":"PropertyValueSpecification","valueRequired":true,"valueName":"search_term_string"}}],"inLanguage":"es"},{"@type":"Person","@id":"http:\/\/elregionalvm.com.ar\/noticias-villa-maria\/#\/schema\/person\/d5e4b04966154131701e52c45d3efec9","name":"Germ\u00e1n Giacchero","image":{"@type":"ImageObject","inLanguage":"es","@id":"http:\/\/elregionalvm.com.ar\/noticias-villa-maria\/#\/schema\/person\/image\/","url":"https:\/\/secure.gravatar.com\/avatar\/fda163ba5ef0307ee5be9846e10f83b6e83d0cfb260d3b2464830318894c6b04?s=96&d=mm&r=g","contentUrl":"https:\/\/secure.gravatar.com\/avatar\/fda163ba5ef0307ee5be9846e10f83b6e83d0cfb260d3b2464830318894c6b04?s=96&d=mm&r=g","caption":"Germ\u00e1n Giacchero"},"url":"https:\/\/elregionalvm.com.ar\/noticias-villa-maria\/author\/germangiacchero\/"}]}},"jetpack_featured_media_url":"https:\/\/i0.wp.com\/elregionalvm.com.ar\/noticias-villa-maria\/wp-content\/uploads\/2023\/05\/Formosa-pobreza-casa.jpg?fit=1193%2C792&ssl=1","jetpack_sharing_enabled":true,"_links":{"self":[{"href":"https:\/\/elregionalvm.com.ar\/noticias-villa-maria\/wp-json\/wp\/v2\/posts\/97204","targetHints":{"allow":["GET"]}}],"collection":[{"href":"https:\/\/elregionalvm.com.ar\/noticias-villa-maria\/wp-json\/wp\/v2\/posts"}],"about":[{"href":"https:\/\/elregionalvm.com.ar\/noticias-villa-maria\/wp-json\/wp\/v2\/types\/post"}],"author":[{"embeddable":true,"href":"https:\/\/elregionalvm.com.ar\/noticias-villa-maria\/wp-json\/wp\/v2\/users\/6"}],"replies":[{"embeddable":true,"href":"https:\/\/elregionalvm.com.ar\/noticias-villa-maria\/wp-json\/wp\/v2\/comments?post=97204"}],"version-history":[{"count":3,"href":"https:\/\/elregionalvm.com.ar\/noticias-villa-maria\/wp-json\/wp\/v2\/posts\/97204\/revisions"}],"predecessor-version":[{"id":97208,"href":"https:\/\/elregionalvm.com.ar\/noticias-villa-maria\/wp-json\/wp\/v2\/posts\/97204\/revisions\/97208"}],"wp:featuredmedia":[{"embeddable":true,"href":"https:\/\/elregionalvm.com.ar\/noticias-villa-maria\/wp-json\/wp\/v2\/media\/77308"}],"wp:attachment":[{"href":"https:\/\/elregionalvm.com.ar\/noticias-villa-maria\/wp-json\/wp\/v2\/media?parent=97204"}],"wp:term":[{"taxonomy":"category","embeddable":true,"href":"https:\/\/elregionalvm.com.ar\/noticias-villa-maria\/wp-json\/wp\/v2\/categories?post=97204"},{"taxonomy":"post_tag","embeddable":true,"href":"https:\/\/elregionalvm.com.ar\/noticias-villa-maria\/wp-json\/wp\/v2\/tags?post=97204"}],"curies":[{"name":"wp","href":"https:\/\/api.w.org\/{rel}","templated":true}]}}