{"id":97209,"date":"2024-08-08T12:05:22","date_gmt":"2024-08-08T12:05:22","guid":{"rendered":"https:\/\/elregionalvm.com.ar\/noticias-villa-maria\/?p=97209"},"modified":"2024-08-08T12:05:25","modified_gmt":"2024-08-08T12:05:25","slug":"condenaron-a-16-anos-de-prision-a-lider-mormon-por-abuso-sexual-contra-dos-menores-de-edad","status":"publish","type":"post","link":"https:\/\/elregionalvm.com.ar\/noticias-villa-maria\/condenaron-a-16-anos-de-prision-a-lider-mormon-por-abuso-sexual-contra-dos-menores-de-edad\/","title":{"rendered":"Condenaron a 16 a\u00f1os de prisi\u00f3n a l\u00edder morm\u00f3n por abuso sexual contra dos menores de edad"},"content":{"rendered":"\n<p>La C\u00e1mara del Crimen de Bell Ville conden\u00f3 a 16 a\u00f1os de prisi\u00f3n efectiva a Nelso Ram\u00f3n B. &nbsp;por considerarlo autor penalmente responsable de los delitos de Abuso Sexual con acceso carnal calificado por la condici\u00f3n de guardador y ministro de culto, en perjuicio de SG y P.A.M (menores de edad) y Tenencia ilegal de arma de uso civil.<\/p>\n\n\n\n<p>Se trata de un l\u00edder de La Iglesia de Jesucristo de los Santos de los \u00daltimos D\u00edas de Bell Ville. Los hechos ocurrieron en el a\u00f1o 2017 y el ahora condenado fue detenido en 2022.<\/p>\n\n\n\n<p>La C\u00e1mara del Crimen (unipersonal, constituida por el vocal Roberto Couretot), con la participaci\u00f3n en el juicio de la Fiscal de C\u00e1mara, Andrea Heredia Hidalgo, dispuso remitir los antecedentes a la Fiscal\u00eda de Instrucci\u00f3n de la sede Bell Ville que por turno corresponda, por la posible comisi\u00f3n de delitos contra la integridad sexual de las presuntas hijas adoptivas del matrimonio del condenado.<\/p>\n\n\n\n<p>Tambi\u00e9n, estableci\u00f3 remitir antecedentes a la Direcci\u00f3n Nacional del Registro Nacional de Cultos ante la posible violaci\u00f3n, por parte de La Iglesia de Jesucristo de los Santos de los \u00daltimos D\u00edas, de normas de orden p\u00fablico, y las evidentes malas pr\u00e1cticas de dicho culto, frente a delitos contra la integridad sexual cometidos en el ejercicio de sus actividades religiosas.<\/p>\n\n\n\n<p>Por otro lado, se recomend\u00f3 a La Iglesia de Jesucristo de los Santos de los \u00daltimos D\u00edas implementar medidas de prevenci\u00f3n y respuesta frente a denuncias de abusos sexuales cometidos en el ejercicio de sus actividades religiosas, tales como: establecimiento de protocolos claros y espec\u00edficos de acci\u00f3n frente a este tipo de denuncias, establecer una pol\u00edtica estricta de cero tolerancia frente a abusos sexuales, asegurar mecanismos de supervisi\u00f3n y control para prevenir situaciones de abuso en su instituci\u00f3n, desarrollar programas de formaci\u00f3n y sensibilizaci\u00f3n sobre el abuso sexual infantil para todos sus miembros, establecer sistemas de apoyo y asistencia para las v\u00edctimas de abuso sexual, entre otras.<\/p>\n\n\n\n<p>Asimismo no se hizo lugar al pedido de prisi\u00f3n domiciliaria y se orden\u00f3 decomisar las armas (pistola marca Bersa, calibre 22 corto y&nbsp; un revolver calibre 22 corto, marca Italo Gra).<\/p>\n","protected":false},"excerpt":{"rendered":"<p>La C\u00e1mara del Crimen de Bell Ville conden\u00f3 a 16 a\u00f1os de prisi\u00f3n efectiva a Nelso Ram\u00f3n B. &nbsp;por considerarlo autor penalmente responsable de los delitos de Abuso Sexual con acceso carnal calificado por la condici\u00f3n de guardador y ministro de culto, en perjuicio de SG y P.A.M (menores de edad) y Tenencia ilegal de [&hellip;]<\/p>\n","protected":false},"author":6,"featured_media":97210,"comment_status":"open","ping_status":"open","sticky":false,"template":"","format":"standard","meta":{"site-sidebar-layout":"default","site-content-layout":"","ast-site-content-layout":"default","site-content-style":"default","site-sidebar-style":"default","ast-global-header-display":"","ast-banner-title-visibility":"","ast-main-header-display":"","ast-hfb-above-header-display":"","ast-hfb-below-header-display":"","ast-hfb-mobile-header-display":"","site-post-title":"","ast-breadcrumbs-content":"","ast-featured-img":"","footer-sml-layout":"","ast-disable-related-posts":"","theme-transparent-header-meta":"","adv-header-id-meta":"","stick-header-meta":"","header-above-stick-meta":"","header-main-stick-meta":"","header-below-stick-meta":"","astra-migrate-meta-layouts":"set","ast-page-background-enabled":"default","ast-page-background-meta":{"desktop":{"background-color":"","background-image":"","background-repeat":"repeat","background-position":"center center","background-size":"auto","background-attachment":"scroll","background-type":"","background-media":"","overlay-type":"","overlay-color":"","overlay-opacity":"","overlay-gradient":""},"tablet":{"background-color":"","background-image":"","background-repeat":"repeat","background-position":"center center","background-size":"auto","background-attachment":"scroll","background-type":"","background-media":"","overlay-type":"","overlay-color":"","overlay-opacity":"","overlay-gradient":""},"mobile":{"background-color":"","background-image":"","background-repeat":"repeat","background-position":"center center","background-size":"auto","background-attachment":"scroll","background-type":"","background-media":"","overlay-type":"","overlay-color":"","overlay-opacity":"","overlay-gradient":""}},"ast-content-background-meta":{"desktop":{"background-color":"var(--ast-global-color-5)","background-image":"","background-repeat":"repeat","background-position":"center center","background-size":"auto","background-attachment":"scroll","background-type":"","background-media":"","overlay-type":"","overlay-color":"","overlay-opacity":"","overlay-gradient":""},"tablet":{"background-color":"var(--ast-global-color-5)","background-image":"","background-repeat":"repeat","background-position":"center center","background-size":"auto","background-attachment":"scroll","background-type":"","background-media":"","overlay-type":"","overlay-color":"","overlay-opacity":"","overlay-gradient":""},"mobile":{"background-color":"var(--ast-global-color-5)","background-image":"","background-repeat":"repeat","background-position":"center center","background-size":"auto","background-attachment":"scroll","background-type":"","background-media":"","overlay-type":"","overlay-color":"","overlay-opacity":"","overlay-gradient":""}},"_jetpack_memberships_contains_paid_content":false,"_joinchat":[],"footnotes":""},"categories":[15302,2234],"tags":[1802,1045,3538,99,24277,24278],"class_list":["post-97209","post","type-post","status-publish","format-standard","has-post-thumbnail","hentry","category-destacado","category-policiales","tag-abuso-sexual","tag-bell-ville","tag-condena","tag-justicia","tag-lider-religioso","tag-mormon"],"yoast_head":"<!-- This site is optimized with the Yoast SEO plugin v26.8 - https:\/\/yoast.com\/product\/yoast-seo-wordpress\/ -->\n<title>Condenaron a 16 a\u00f1os de prisi\u00f3n a l\u00edder morm\u00f3n por abuso sexual contra dos menores de edad - El Regional<\/title>\n<meta name=\"robots\" content=\"index, follow, max-snippet:-1, max-image-preview:large, max-video-preview:-1\" \/>\n<link rel=\"canonical\" href=\"https:\/\/elregionalvm.com.ar\/noticias-villa-maria\/condenaron-a-16-anos-de-prision-a-lider-mormon-por-abuso-sexual-contra-dos-menores-de-edad\/\" \/>\n<meta property=\"og:locale\" content=\"es_ES\" \/>\n<meta property=\"og:type\" content=\"article\" \/>\n<meta property=\"og:title\" content=\"Condenaron a 16 a\u00f1os de prisi\u00f3n a l\u00edder morm\u00f3n por abuso sexual contra dos menores de edad - El Regional\" \/>\n<meta property=\"og:description\" content=\"La C\u00e1mara del Crimen de Bell Ville conden\u00f3 a 16 a\u00f1os de prisi\u00f3n efectiva a Nelso Ram\u00f3n B. &nbsp;por considerarlo autor penalmente responsable de los delitos de Abuso Sexual con acceso carnal calificado por la condici\u00f3n de guardador y ministro de culto, en perjuicio de SG y P.A.M (menores de edad) y Tenencia ilegal de [&hellip;]\" \/>\n<meta property=\"og:url\" content=\"https:\/\/elregionalvm.com.ar\/noticias-villa-maria\/condenaron-a-16-anos-de-prision-a-lider-mormon-por-abuso-sexual-contra-dos-menores-de-edad\/\" \/>\n<meta property=\"og:site_name\" content=\"El Regional\" \/>\n<meta property=\"article:publisher\" content=\"https:\/\/www.facebook.com\/elregionalvm\" \/>\n<meta property=\"article:published_time\" content=\"2024-08-08T12:05:22+00:00\" \/>\n<meta property=\"article:modified_time\" content=\"2024-08-08T12:05:25+00:00\" \/>\n<meta property=\"og:image\" content=\"https:\/\/elregionalvm.com.ar\/noticias-villa-maria\/wp-content\/uploads\/2024\/08\/Iglesia-jesucristo-ultimos-dias-Bell-Ville.jpg\" \/>\n\t<meta property=\"og:image:width\" content=\"800\" \/>\n\t<meta property=\"og:image:height\" content=\"450\" \/>\n\t<meta property=\"og:image:type\" content=\"image\/jpeg\" \/>\n<meta name=\"author\" content=\"Germ\u00e1n Giacchero\" \/>\n<meta name=\"twitter:card\" content=\"summary_large_image\" \/>\n<meta name=\"twitter:creator\" content=\"@elregionalvm1\" \/>\n<meta name=\"twitter:site\" content=\"@elregionalvm1\" \/>\n<meta name=\"twitter:label1\" content=\"Escrito por\" \/>\n\t<meta name=\"twitter:data1\" content=\"Germ\u00e1n Giacchero\" \/>\n\t<meta name=\"twitter:label2\" content=\"Tiempo de lectura\" \/>\n\t<meta name=\"twitter:data2\" content=\"2 minutos\" \/>\n<script type=\"application\/ld+json\" class=\"yoast-schema-graph\">{\"@context\":\"https:\/\/schema.org\",\"@graph\":[{\"@type\":\"Article\",\"@id\":\"https:\/\/elregionalvm.com.ar\/noticias-villa-maria\/condenaron-a-16-anos-de-prision-a-lider-mormon-por-abuso-sexual-contra-dos-menores-de-edad\/#article\",\"isPartOf\":{\"@id\":\"https:\/\/elregionalvm.com.ar\/noticias-villa-maria\/condenaron-a-16-anos-de-prision-a-lider-mormon-por-abuso-sexual-contra-dos-menores-de-edad\/\"},\"author\":{\"name\":\"Germ\u00e1n Giacchero\",\"@id\":\"http:\/\/elregionalvm.com.ar\/noticias-villa-maria\/#\/schema\/person\/d5e4b04966154131701e52c45d3efec9\"},\"headline\":\"Condenaron a 16 a\u00f1os de prisi\u00f3n a l\u00edder morm\u00f3n por abuso sexual contra dos menores de edad\",\"datePublished\":\"2024-08-08T12:05:22+00:00\",\"dateModified\":\"2024-08-08T12:05:25+00:00\",\"mainEntityOfPage\":{\"@id\":\"https:\/\/elregionalvm.com.ar\/noticias-villa-maria\/condenaron-a-16-anos-de-prision-a-lider-mormon-por-abuso-sexual-contra-dos-menores-de-edad\/\"},\"wordCount\":403,\"commentCount\":0,\"image\":{\"@id\":\"https:\/\/elregionalvm.com.ar\/noticias-villa-maria\/condenaron-a-16-anos-de-prision-a-lider-mormon-por-abuso-sexual-contra-dos-menores-de-edad\/#primaryimage\"},\"thumbnailUrl\":\"https:\/\/i0.wp.com\/elregionalvm.com.ar\/noticias-villa-maria\/wp-content\/uploads\/2024\/08\/Iglesia-jesucristo-ultimos-dias-Bell-Ville.jpg?fit=800%2C450&ssl=1\",\"keywords\":[\"abuso sexual\",\"Bell Ville\",\"condena\",\"Justicia\",\"l\u00edder religioso\",\"morm\u00f3n\"],\"articleSection\":[\"destacado\",\"Policiales\"],\"inLanguage\":\"es\",\"potentialAction\":[{\"@type\":\"CommentAction\",\"name\":\"Comment\",\"target\":[\"https:\/\/elregionalvm.com.ar\/noticias-villa-maria\/condenaron-a-16-anos-de-prision-a-lider-mormon-por-abuso-sexual-contra-dos-menores-de-edad\/#respond\"]}]},{\"@type\":\"WebPage\",\"@id\":\"https:\/\/elregionalvm.com.ar\/noticias-villa-maria\/condenaron-a-16-anos-de-prision-a-lider-mormon-por-abuso-sexual-contra-dos-menores-de-edad\/\",\"url\":\"https:\/\/elregionalvm.com.ar\/noticias-villa-maria\/condenaron-a-16-anos-de-prision-a-lider-mormon-por-abuso-sexual-contra-dos-menores-de-edad\/\",\"name\":\"Condenaron a 16 a\u00f1os de prisi\u00f3n a l\u00edder morm\u00f3n por abuso sexual contra dos menores de edad - El Regional\",\"isPartOf\":{\"@id\":\"http:\/\/elregionalvm.com.ar\/noticias-villa-maria\/#website\"},\"primaryImageOfPage\":{\"@id\":\"https:\/\/elregionalvm.com.ar\/noticias-villa-maria\/condenaron-a-16-anos-de-prision-a-lider-mormon-por-abuso-sexual-contra-dos-menores-de-edad\/#primaryimage\"},\"image\":{\"@id\":\"https:\/\/elregionalvm.com.ar\/noticias-villa-maria\/condenaron-a-16-anos-de-prision-a-lider-mormon-por-abuso-sexual-contra-dos-menores-de-edad\/#primaryimage\"},\"thumbnailUrl\":\"https:\/\/i0.wp.com\/elregionalvm.com.ar\/noticias-villa-maria\/wp-content\/uploads\/2024\/08\/Iglesia-jesucristo-ultimos-dias-Bell-Ville.jpg?fit=800%2C450&ssl=1\",\"datePublished\":\"2024-08-08T12:05:22+00:00\",\"dateModified\":\"2024-08-08T12:05:25+00:00\",\"author\":{\"@id\":\"http:\/\/elregionalvm.com.ar\/noticias-villa-maria\/#\/schema\/person\/d5e4b04966154131701e52c45d3efec9\"},\"breadcrumb\":{\"@id\":\"https:\/\/elregionalvm.com.ar\/noticias-villa-maria\/condenaron-a-16-anos-de-prision-a-lider-mormon-por-abuso-sexual-contra-dos-menores-de-edad\/#breadcrumb\"},\"inLanguage\":\"es\",\"potentialAction\":[{\"@type\":\"ReadAction\",\"target\":[\"https:\/\/elregionalvm.com.ar\/noticias-villa-maria\/condenaron-a-16-anos-de-prision-a-lider-mormon-por-abuso-sexual-contra-dos-menores-de-edad\/\"]}]},{\"@type\":\"ImageObject\",\"inLanguage\":\"es\",\"@id\":\"https:\/\/elregionalvm.com.ar\/noticias-villa-maria\/condenaron-a-16-anos-de-prision-a-lider-mormon-por-abuso-sexual-contra-dos-menores-de-edad\/#primaryimage\",\"url\":\"https:\/\/i0.wp.com\/elregionalvm.com.ar\/noticias-villa-maria\/wp-content\/uploads\/2024\/08\/Iglesia-jesucristo-ultimos-dias-Bell-Ville.jpg?fit=800%2C450&ssl=1\",\"contentUrl\":\"https:\/\/i0.wp.com\/elregionalvm.com.ar\/noticias-villa-maria\/wp-content\/uploads\/2024\/08\/Iglesia-jesucristo-ultimos-dias-Bell-Ville.jpg?fit=800%2C450&ssl=1\",\"width\":800,\"height\":450},{\"@type\":\"BreadcrumbList\",\"@id\":\"https:\/\/elregionalvm.com.ar\/noticias-villa-maria\/condenaron-a-16-anos-de-prision-a-lider-mormon-por-abuso-sexual-contra-dos-menores-de-edad\/#breadcrumb\",\"itemListElement\":[{\"@type\":\"ListItem\",\"position\":1,\"name\":\"Portada\",\"item\":\"https:\/\/elregionalvm.com.ar\/noticias-villa-maria\/\"},{\"@type\":\"ListItem\",\"position\":2,\"name\":\"Condenaron a 16 a\u00f1os de prisi\u00f3n a l\u00edder morm\u00f3n por abuso sexual contra dos menores de edad\"}]},{\"@type\":\"WebSite\",\"@id\":\"http:\/\/elregionalvm.com.ar\/noticias-villa-maria\/#website\",\"url\":\"http:\/\/elregionalvm.com.ar\/noticias-villa-maria\/\",\"name\":\"El Regional\",\"description\":\"Mucho m\u00e1s que informaci\u00f3n\",\"potentialAction\":[{\"@type\":\"SearchAction\",\"target\":{\"@type\":\"EntryPoint\",\"urlTemplate\":\"http:\/\/elregionalvm.com.ar\/noticias-villa-maria\/?s={search_term_string}\"},\"query-input\":{\"@type\":\"PropertyValueSpecification\",\"valueRequired\":true,\"valueName\":\"search_term_string\"}}],\"inLanguage\":\"es\"},{\"@type\":\"Person\",\"@id\":\"http:\/\/elregionalvm.com.ar\/noticias-villa-maria\/#\/schema\/person\/d5e4b04966154131701e52c45d3efec9\",\"name\":\"Germ\u00e1n Giacchero\",\"image\":{\"@type\":\"ImageObject\",\"inLanguage\":\"es\",\"@id\":\"http:\/\/elregionalvm.com.ar\/noticias-villa-maria\/#\/schema\/person\/image\/\",\"url\":\"https:\/\/secure.gravatar.com\/avatar\/fda163ba5ef0307ee5be9846e10f83b6e83d0cfb260d3b2464830318894c6b04?s=96&d=mm&r=g\",\"contentUrl\":\"https:\/\/secure.gravatar.com\/avatar\/fda163ba5ef0307ee5be9846e10f83b6e83d0cfb260d3b2464830318894c6b04?s=96&d=mm&r=g\",\"caption\":\"Germ\u00e1n Giacchero\"},\"url\":\"https:\/\/elregionalvm.com.ar\/noticias-villa-maria\/author\/germangiacchero\/\"}]}<\/script>\n<!-- \/ Yoast SEO plugin. -->","yoast_head_json":{"title":"Condenaron a 16 a\u00f1os de prisi\u00f3n a l\u00edder morm\u00f3n por abuso sexual contra dos menores de edad - El Regional","robots":{"index":"index","follow":"follow","max-snippet":"max-snippet:-1","max-image-preview":"max-image-preview:large","max-video-preview":"max-video-preview:-1"},"canonical":"https:\/\/elregionalvm.com.ar\/noticias-villa-maria\/condenaron-a-16-anos-de-prision-a-lider-mormon-por-abuso-sexual-contra-dos-menores-de-edad\/","og_locale":"es_ES","og_type":"article","og_title":"Condenaron a 16 a\u00f1os de prisi\u00f3n a l\u00edder morm\u00f3n por abuso sexual contra dos menores de edad - El Regional","og_description":"La C\u00e1mara del Crimen de Bell Ville conden\u00f3 a 16 a\u00f1os de prisi\u00f3n efectiva a Nelso Ram\u00f3n B. &nbsp;por considerarlo autor penalmente responsable de los delitos de Abuso Sexual con acceso carnal calificado por la condici\u00f3n de guardador y ministro de culto, en perjuicio de SG y P.A.M (menores de edad) y Tenencia ilegal de [&hellip;]","og_url":"https:\/\/elregionalvm.com.ar\/noticias-villa-maria\/condenaron-a-16-anos-de-prision-a-lider-mormon-por-abuso-sexual-contra-dos-menores-de-edad\/","og_site_name":"El Regional","article_publisher":"https:\/\/www.facebook.com\/elregionalvm","article_published_time":"2024-08-08T12:05:22+00:00","article_modified_time":"2024-08-08T12:05:25+00:00","og_image":[{"width":800,"height":450,"url":"https:\/\/elregionalvm.com.ar\/noticias-villa-maria\/wp-content\/uploads\/2024\/08\/Iglesia-jesucristo-ultimos-dias-Bell-Ville.jpg","type":"image\/jpeg"}],"author":"Germ\u00e1n Giacchero","twitter_card":"summary_large_image","twitter_creator":"@elregionalvm1","twitter_site":"@elregionalvm1","twitter_misc":{"Escrito por":"Germ\u00e1n Giacchero","Tiempo de lectura":"2 minutos"},"schema":{"@context":"https:\/\/schema.org","@graph":[{"@type":"Article","@id":"https:\/\/elregionalvm.com.ar\/noticias-villa-maria\/condenaron-a-16-anos-de-prision-a-lider-mormon-por-abuso-sexual-contra-dos-menores-de-edad\/#article","isPartOf":{"@id":"https:\/\/elregionalvm.com.ar\/noticias-villa-maria\/condenaron-a-16-anos-de-prision-a-lider-mormon-por-abuso-sexual-contra-dos-menores-de-edad\/"},"author":{"name":"Germ\u00e1n Giacchero","@id":"http:\/\/elregionalvm.com.ar\/noticias-villa-maria\/#\/schema\/person\/d5e4b04966154131701e52c45d3efec9"},"headline":"Condenaron a 16 a\u00f1os de prisi\u00f3n a l\u00edder morm\u00f3n por abuso sexual contra dos menores de edad","datePublished":"2024-08-08T12:05:22+00:00","dateModified":"2024-08-08T12:05:25+00:00","mainEntityOfPage":{"@id":"https:\/\/elregionalvm.com.ar\/noticias-villa-maria\/condenaron-a-16-anos-de-prision-a-lider-mormon-por-abuso-sexual-contra-dos-menores-de-edad\/"},"wordCount":403,"commentCount":0,"image":{"@id":"https:\/\/elregionalvm.com.ar\/noticias-villa-maria\/condenaron-a-16-anos-de-prision-a-lider-mormon-por-abuso-sexual-contra-dos-menores-de-edad\/#primaryimage"},"thumbnailUrl":"https:\/\/i0.wp.com\/elregionalvm.com.ar\/noticias-villa-maria\/wp-content\/uploads\/2024\/08\/Iglesia-jesucristo-ultimos-dias-Bell-Ville.jpg?fit=800%2C450&ssl=1","keywords":["abuso sexual","Bell Ville","condena","Justicia","l\u00edder religioso","morm\u00f3n"],"articleSection":["destacado","Policiales"],"inLanguage":"es","potentialAction":[{"@type":"CommentAction","name":"Comment","target":["https:\/\/elregionalvm.com.ar\/noticias-villa-maria\/condenaron-a-16-anos-de-prision-a-lider-mormon-por-abuso-sexual-contra-dos-menores-de-edad\/#respond"]}]},{"@type":"WebPage","@id":"https:\/\/elregionalvm.com.ar\/noticias-villa-maria\/condenaron-a-16-anos-de-prision-a-lider-mormon-por-abuso-sexual-contra-dos-menores-de-edad\/","url":"https:\/\/elregionalvm.com.ar\/noticias-villa-maria\/condenaron-a-16-anos-de-prision-a-lider-mormon-por-abuso-sexual-contra-dos-menores-de-edad\/","name":"Condenaron a 16 a\u00f1os de prisi\u00f3n a l\u00edder morm\u00f3n por abuso sexual contra dos menores de edad - El Regional","isPartOf":{"@id":"http:\/\/elregionalvm.com.ar\/noticias-villa-maria\/#website"},"primaryImageOfPage":{"@id":"https:\/\/elregionalvm.com.ar\/noticias-villa-maria\/condenaron-a-16-anos-de-prision-a-lider-mormon-por-abuso-sexual-contra-dos-menores-de-edad\/#primaryimage"},"image":{"@id":"https:\/\/elregionalvm.com.ar\/noticias-villa-maria\/condenaron-a-16-anos-de-prision-a-lider-mormon-por-abuso-sexual-contra-dos-menores-de-edad\/#primaryimage"},"thumbnailUrl":"https:\/\/i0.wp.com\/elregionalvm.com.ar\/noticias-villa-maria\/wp-content\/uploads\/2024\/08\/Iglesia-jesucristo-ultimos-dias-Bell-Ville.jpg?fit=800%2C450&ssl=1","datePublished":"2024-08-08T12:05:22+00:00","dateModified":"2024-08-08T12:05:25+00:00","author":{"@id":"http:\/\/elregionalvm.com.ar\/noticias-villa-maria\/#\/schema\/person\/d5e4b04966154131701e52c45d3efec9"},"breadcrumb":{"@id":"https:\/\/elregionalvm.com.ar\/noticias-villa-maria\/condenaron-a-16-anos-de-prision-a-lider-mormon-por-abuso-sexual-contra-dos-menores-de-edad\/#breadcrumb"},"inLanguage":"es","potentialAction":[{"@type":"ReadAction","target":["https:\/\/elregionalvm.com.ar\/noticias-villa-maria\/condenaron-a-16-anos-de-prision-a-lider-mormon-por-abuso-sexual-contra-dos-menores-de-edad\/"]}]},{"@type":"ImageObject","inLanguage":"es","@id":"https:\/\/elregionalvm.com.ar\/noticias-villa-maria\/condenaron-a-16-anos-de-prision-a-lider-mormon-por-abuso-sexual-contra-dos-menores-de-edad\/#primaryimage","url":"https:\/\/i0.wp.com\/elregionalvm.com.ar\/noticias-villa-maria\/wp-content\/uploads\/2024\/08\/Iglesia-jesucristo-ultimos-dias-Bell-Ville.jpg?fit=800%2C450&ssl=1","contentUrl":"https:\/\/i0.wp.com\/elregionalvm.com.ar\/noticias-villa-maria\/wp-content\/uploads\/2024\/08\/Iglesia-jesucristo-ultimos-dias-Bell-Ville.jpg?fit=800%2C450&ssl=1","width":800,"height":450},{"@type":"BreadcrumbList","@id":"https:\/\/elregionalvm.com.ar\/noticias-villa-maria\/condenaron-a-16-anos-de-prision-a-lider-mormon-por-abuso-sexual-contra-dos-menores-de-edad\/#breadcrumb","itemListElement":[{"@type":"ListItem","position":1,"name":"Portada","item":"https:\/\/elregionalvm.com.ar\/noticias-villa-maria\/"},{"@type":"ListItem","position":2,"name":"Condenaron a 16 a\u00f1os de prisi\u00f3n a l\u00edder morm\u00f3n por abuso sexual contra dos menores de edad"}]},{"@type":"WebSite","@id":"http:\/\/elregionalvm.com.ar\/noticias-villa-maria\/#website","url":"http:\/\/elregionalvm.com.ar\/noticias-villa-maria\/","name":"El Regional","description":"Mucho m\u00e1s que informaci\u00f3n","potentialAction":[{"@type":"SearchAction","target":{"@type":"EntryPoint","urlTemplate":"http:\/\/elregionalvm.com.ar\/noticias-villa-maria\/?s={search_term_string}"},"query-input":{"@type":"PropertyValueSpecification","valueRequired":true,"valueName":"search_term_string"}}],"inLanguage":"es"},{"@type":"Person","@id":"http:\/\/elregionalvm.com.ar\/noticias-villa-maria\/#\/schema\/person\/d5e4b04966154131701e52c45d3efec9","name":"Germ\u00e1n Giacchero","image":{"@type":"ImageObject","inLanguage":"es","@id":"http:\/\/elregionalvm.com.ar\/noticias-villa-maria\/#\/schema\/person\/image\/","url":"https:\/\/secure.gravatar.com\/avatar\/fda163ba5ef0307ee5be9846e10f83b6e83d0cfb260d3b2464830318894c6b04?s=96&d=mm&r=g","contentUrl":"https:\/\/secure.gravatar.com\/avatar\/fda163ba5ef0307ee5be9846e10f83b6e83d0cfb260d3b2464830318894c6b04?s=96&d=mm&r=g","caption":"Germ\u00e1n Giacchero"},"url":"https:\/\/elregionalvm.com.ar\/noticias-villa-maria\/author\/germangiacchero\/"}]}},"jetpack_featured_media_url":"https:\/\/i0.wp.com\/elregionalvm.com.ar\/noticias-villa-maria\/wp-content\/uploads\/2024\/08\/Iglesia-jesucristo-ultimos-dias-Bell-Ville.jpg?fit=800%2C450&ssl=1","jetpack_sharing_enabled":true,"_links":{"self":[{"href":"https:\/\/elregionalvm.com.ar\/noticias-villa-maria\/wp-json\/wp\/v2\/posts\/97209","targetHints":{"allow":["GET"]}}],"collection":[{"href":"https:\/\/elregionalvm.com.ar\/noticias-villa-maria\/wp-json\/wp\/v2\/posts"}],"about":[{"href":"https:\/\/elregionalvm.com.ar\/noticias-villa-maria\/wp-json\/wp\/v2\/types\/post"}],"author":[{"embeddable":true,"href":"https:\/\/elregionalvm.com.ar\/noticias-villa-maria\/wp-json\/wp\/v2\/users\/6"}],"replies":[{"embeddable":true,"href":"https:\/\/elregionalvm.com.ar\/noticias-villa-maria\/wp-json\/wp\/v2\/comments?post=97209"}],"version-history":[{"count":1,"href":"https:\/\/elregionalvm.com.ar\/noticias-villa-maria\/wp-json\/wp\/v2\/posts\/97209\/revisions"}],"predecessor-version":[{"id":97211,"href":"https:\/\/elregionalvm.com.ar\/noticias-villa-maria\/wp-json\/wp\/v2\/posts\/97209\/revisions\/97211"}],"wp:featuredmedia":[{"embeddable":true,"href":"https:\/\/elregionalvm.com.ar\/noticias-villa-maria\/wp-json\/wp\/v2\/media\/97210"}],"wp:attachment":[{"href":"https:\/\/elregionalvm.com.ar\/noticias-villa-maria\/wp-json\/wp\/v2\/media?parent=97209"}],"wp:term":[{"taxonomy":"category","embeddable":true,"href":"https:\/\/elregionalvm.com.ar\/noticias-villa-maria\/wp-json\/wp\/v2\/categories?post=97209"},{"taxonomy":"post_tag","embeddable":true,"href":"https:\/\/elregionalvm.com.ar\/noticias-villa-maria\/wp-json\/wp\/v2\/tags?post=97209"}],"curies":[{"name":"wp","href":"https:\/\/api.w.org\/{rel}","templated":true}]}}