{"id":97451,"date":"2024-08-15T03:56:07","date_gmt":"2024-08-15T03:56:07","guid":{"rendered":"https:\/\/elregionalvm.com.ar\/noticias-villa-maria\/?p=97451"},"modified":"2024-08-16T09:49:34","modified_gmt":"2024-08-16T09:49:34","slug":"ticino-celebra-sus-patronales-y-se-viste-de-fiesta-durante-todo-agosto","status":"publish","type":"post","link":"https:\/\/elregionalvm.com.ar\/noticias-villa-maria\/ticino-celebra-sus-patronales-y-se-viste-de-fiesta-durante-todo-agosto\/","title":{"rendered":"Ticino celebra sus patronales y se viste de fiesta durante todo agosto"},"content":{"rendered":"\t\t<div data-elementor-type=\"wp-post\" data-elementor-id=\"97451\" class=\"elementor elementor-97451\" data-elementor-post-type=\"post\">\n\t\t\t\t\t\t<section data-particle_enable=\"false\" data-particle-mobile-disabled=\"false\" class=\"elementor-section elementor-top-section elementor-element elementor-element-1d79cf5f elementor-section-boxed elementor-section-height-default elementor-section-height-default\" data-id=\"1d79cf5f\" data-element_type=\"section\">\n\t\t\t\t\t\t<div class=\"elementor-container elementor-column-gap-default\">\n\t\t\t\t\t<div class=\"elementor-column elementor-col-100 elementor-top-column elementor-element elementor-element-4c6665a\" data-id=\"4c6665a\" data-element_type=\"column\">\n\t\t\t<div class=\"elementor-widget-wrap elementor-element-populated\">\n\t\t\t\t\t\t<div class=\"elementor-element elementor-element-2948e833 elementor-widget elementor-widget-text-editor\" data-id=\"2948e833\" data-element_type=\"widget\" data-widget_type=\"text-editor.default\">\n\t\t\t\t<div class=\"elementor-widget-container\">\n\t\t\t\t\t\t\t\t\t\n<p>Este jueves 15 de agosto, la localidad celebra sus fiestas patronales en homenaje a la Virgen de la Asunci\u00f3n.<\/p>\n\n<p>Los festejos incluyen los actos religiosos tradicionales y otros eventos sociales.<\/p>\n\n<p>A las 10 horas est\u00e1 prevista la misa en honor a Nuestra Sra. de la Asunci\u00f3n, mientras que una hora despu\u00e9s ser\u00e1 el turno de la procesi\u00f3n religiosa por las calles de la localidad.<\/p>\n\n<p>\u00a0<\/p>\n\n<figure class=\"wp-block-image size-full is-resized\"><img fetchpriority=\"high\" decoding=\"async\" width=\"886\" height=\"624\" data-recalc-dims=\"1\" class=\"wp-image-42764\" style=\"width: 910px; height: auto;\" src=\"https:\/\/i0.wp.com\/elregionalvm.com.ar\/noticias-villa-maria\/wp-content\/uploads\/2021\/08\/Ticino-centro-de-la-plaza-San-Martin-horizontal.jpg?ssl=1\" alt=\"\" srcset=\"https:\/\/i0.wp.com\/elregionalvm.com.ar\/noticias-villa-maria\/wp-content\/uploads\/2021\/08\/Ticino-centro-de-la-plaza-San-Martin-horizontal.jpg?w=886&amp;ssl=1 886w, https:\/\/i0.wp.com\/elregionalvm.com.ar\/noticias-villa-maria\/wp-content\/uploads\/2021\/08\/Ticino-centro-de-la-plaza-San-Martin-horizontal.jpg?resize=300%2C211&amp;ssl=1 300w, https:\/\/i0.wp.com\/elregionalvm.com.ar\/noticias-villa-maria\/wp-content\/uploads\/2021\/08\/Ticino-centro-de-la-plaza-San-Martin-horizontal.jpg?resize=768%2C541&amp;ssl=1 768w\" sizes=\"(max-width: 886px) 100vw, 886px\" \/><\/figure>\n\n<p>\u00a0<\/p>\n\n<p>Al mediod\u00eda, se desarrollar\u00e1 el acto oficial frente a la Plaza San Mart\u00edn y posterior desfile de las instituciones locales frente al palco donde estar\u00e1n presentes las autoridades.<\/p>\n\n<p><strong>Almuerzo y baile<\/strong><\/p>\n\n<p>Tras esta actividad, en el SUM se realizar\u00e1 un almuerzo con espect\u00e1culos, que incluye las presentaciones de Anne Cardoso, Lisandro M\u00e1rquez y Nazareno M\u00f3ttola.<\/p>\n\n<p><strong>Expont\u00e1nea<\/strong><\/p>\n\n<p>La celebraci\u00f3n estuvo precedida el fin de semana anterior por la Expont\u00e1nea. Se trata de la muestra agropecuaria, comercial, industrial y de servicios que ya se ha convertido en un punto de encuentro de toda la regi\u00f3n durante el mes de agosto.<\/p>\n\n<p>\u00a0<\/p>\n\n<figure class=\"wp-block-image size-full is-resized\"><img decoding=\"async\" width=\"850\" height=\"705\" data-recalc-dims=\"1\" class=\"wp-image-97453\" style=\"width: 910px; height: auto;\" src=\"https:\/\/i0.wp.com\/elregionalvm.com.ar\/noticias-villa-maria\/wp-content\/uploads\/2024\/08\/Expontanea-Ticino-2024.jpg?ssl=1\" alt=\"\" srcset=\"https:\/\/i0.wp.com\/elregionalvm.com.ar\/noticias-villa-maria\/wp-content\/uploads\/2024\/08\/Expontanea-Ticino-2024.jpg?w=850&amp;ssl=1 850w, https:\/\/i0.wp.com\/elregionalvm.com.ar\/noticias-villa-maria\/wp-content\/uploads\/2024\/08\/Expontanea-Ticino-2024.jpg?resize=300%2C249&amp;ssl=1 300w, https:\/\/i0.wp.com\/elregionalvm.com.ar\/noticias-villa-maria\/wp-content\/uploads\/2024\/08\/Expontanea-Ticino-2024.jpg?resize=768%2C637&amp;ssl=1 768w\" sizes=\"(max-width: 850px) 100vw, 850px\" \/><\/figure>\n\n<p>\u00a0<\/p>\n\n<p><strong>Lo que viene<\/strong><\/p>\n\n<p>En la nutrida agenda de eventos que se extender\u00e1n a lo largo de este mes, figuran la muestra pict\u00f3rica itinerante a desarrollarse este fin de semana, el primer encuentro de escuelas de danzas folkl\u00f3ricas, la fiesta gaucha \u201cLa M\u00e1s Campera\u201d y el baile con Magui Olave el viernes 23.<\/p>\n\n<p>El fin de semana del 24 y 25 llega una nueva edici\u00f3n de la Expo Classic con autos y motos cl\u00e1sicos y antiguos.<\/p>\n<p>\u00a0<\/p>\n<p><img decoding=\"async\" data-recalc-dims=\"1\" class=\"size-full wp-image-97512 aligncenter\" src=\"https:\/\/i0.wp.com\/elregionalvm.com.ar\/noticias-villa-maria\/wp-content\/uploads\/2024\/08\/mutual-ticino.jpg?resize=450%2C601&#038;ssl=1\" alt=\"\" width=\"450\" height=\"601\" srcset=\"https:\/\/i0.wp.com\/elregionalvm.com.ar\/noticias-villa-maria\/wp-content\/uploads\/2024\/08\/mutual-ticino.jpg?w=450&amp;ssl=1 450w, https:\/\/i0.wp.com\/elregionalvm.com.ar\/noticias-villa-maria\/wp-content\/uploads\/2024\/08\/mutual-ticino.jpg?resize=225%2C300&amp;ssl=1 225w\" sizes=\"(max-width: 450px) 100vw, 450px\" \/><\/p>\n<p>\u00a0<\/p>\n\t\t\t\t\t\t\t\t<\/div>\n\t\t\t\t<\/div>\n\t\t\t\t\t<\/div>\n\t\t<\/div>\n\t\t\t\t\t<\/div>\n\t\t<\/section>\n\t\t\t\t<\/div>\n\t\t","protected":false},"excerpt":{"rendered":"<p>Este jueves 15 de agosto, la localidad celebra sus fiestas patronales en homenaje a la Virgen de la Asunci\u00f3n. Los festejos incluyen los actos religiosos tradicionales y otros eventos sociales. A las 10 horas est\u00e1 prevista la misa en honor a Nuestra Sra. de la Asunci\u00f3n, mientras que una hora despu\u00e9s ser\u00e1 el turno de [&hellip;]<\/p>\n","protected":false},"author":4,"featured_media":42763,"comment_status":"open","ping_status":"open","sticky":false,"template":"","format":"standard","meta":{"site-sidebar-layout":"default","site-content-layout":"","ast-site-content-layout":"default","site-content-style":"default","site-sidebar-style":"default","ast-global-header-display":"","ast-banner-title-visibility":"","ast-main-header-display":"","ast-hfb-above-header-display":"","ast-hfb-below-header-display":"","ast-hfb-mobile-header-display":"","site-post-title":"","ast-breadcrumbs-content":"","ast-featured-img":"","footer-sml-layout":"","ast-disable-related-posts":"","theme-transparent-header-meta":"","adv-header-id-meta":"","stick-header-meta":"","header-above-stick-meta":"","header-main-stick-meta":"","header-below-stick-meta":"","astra-migrate-meta-layouts":"set","ast-page-background-enabled":"default","ast-page-background-meta":{"desktop":{"background-color":"","background-image":"","background-repeat":"repeat","background-position":"center center","background-size":"auto","background-attachment":"scroll","background-type":"","background-media":"","overlay-type":"","overlay-color":"","overlay-opacity":"","overlay-gradient":""},"tablet":{"background-color":"","background-image":"","background-repeat":"repeat","background-position":"center center","background-size":"auto","background-attachment":"scroll","background-type":"","background-media":"","overlay-type":"","overlay-color":"","overlay-opacity":"","overlay-gradient":""},"mobile":{"background-color":"","background-image":"","background-repeat":"repeat","background-position":"center center","background-size":"auto","background-attachment":"scroll","background-type":"","background-media":"","overlay-type":"","overlay-color":"","overlay-opacity":"","overlay-gradient":""}},"ast-content-background-meta":{"desktop":{"background-color":"var(--ast-global-color-5)","background-image":"","background-repeat":"repeat","background-position":"center center","background-size":"auto","background-attachment":"scroll","background-type":"","background-media":"","overlay-type":"","overlay-color":"","overlay-opacity":"","overlay-gradient":""},"tablet":{"background-color":"var(--ast-global-color-5)","background-image":"","background-repeat":"repeat","background-position":"center center","background-size":"auto","background-attachment":"scroll","background-type":"","background-media":"","overlay-type":"","overlay-color":"","overlay-opacity":"","overlay-gradient":""},"mobile":{"background-color":"var(--ast-global-color-5)","background-image":"","background-repeat":"repeat","background-position":"center center","background-size":"auto","background-attachment":"scroll","background-type":"","background-media":"","overlay-type":"","overlay-color":"","overlay-opacity":"","overlay-gradient":""}},"_jetpack_memberships_contains_paid_content":false,"_joinchat":[],"footnotes":""},"categories":[15302,2091],"tags":[16319,7519,3595,598],"class_list":["post-97451","post","type-post","status-publish","format-standard","has-post-thumbnail","hentry","category-destacado","category-region","tag-agosto","tag-celebracion","tag-fiestas-patronales","tag-ticino"],"yoast_head":"<!-- This site is optimized with the Yoast SEO plugin v26.8 - https:\/\/yoast.com\/product\/yoast-seo-wordpress\/ -->\n<title>Ticino celebra sus patronales y se viste de fiesta durante todo agosto - El Regional<\/title>\n<meta name=\"robots\" content=\"index, follow, max-snippet:-1, max-image-preview:large, max-video-preview:-1\" \/>\n<link rel=\"canonical\" href=\"https:\/\/elregionalvm.com.ar\/noticias-villa-maria\/ticino-celebra-sus-patronales-y-se-viste-de-fiesta-durante-todo-agosto\/\" \/>\n<meta property=\"og:locale\" content=\"es_ES\" \/>\n<meta property=\"og:type\" content=\"article\" \/>\n<meta property=\"og:title\" content=\"Ticino celebra sus patronales y se viste de fiesta durante todo agosto - El Regional\" \/>\n<meta property=\"og:description\" content=\"Este jueves 15 de agosto, la localidad celebra sus fiestas patronales en homenaje a la Virgen de la Asunci\u00f3n. Los festejos incluyen los actos religiosos tradicionales y otros eventos sociales. A las 10 horas est\u00e1 prevista la misa en honor a Nuestra Sra. de la Asunci\u00f3n, mientras que una hora despu\u00e9s ser\u00e1 el turno de [&hellip;]\" \/>\n<meta property=\"og:url\" content=\"https:\/\/elregionalvm.com.ar\/noticias-villa-maria\/ticino-celebra-sus-patronales-y-se-viste-de-fiesta-durante-todo-agosto\/\" \/>\n<meta property=\"og:site_name\" content=\"El Regional\" \/>\n<meta property=\"article:publisher\" content=\"https:\/\/www.facebook.com\/elregionalvm\" \/>\n<meta property=\"article:published_time\" content=\"2024-08-15T03:56:07+00:00\" \/>\n<meta property=\"article:modified_time\" content=\"2024-08-16T09:49:34+00:00\" \/>\n<meta property=\"og:image\" content=\"https:\/\/elregionalvm.com.ar\/noticias-villa-maria\/wp-content\/uploads\/2021\/08\/Ticino-procesion.jpg\" \/>\n\t<meta property=\"og:image:width\" content=\"1321\" \/>\n\t<meta property=\"og:image:height\" content=\"788\" \/>\n\t<meta property=\"og:image:type\" content=\"image\/jpeg\" \/>\n<meta name=\"author\" content=\"Contenidos El Regional\" \/>\n<meta name=\"twitter:card\" content=\"summary_large_image\" \/>\n<meta name=\"twitter:creator\" content=\"@elregionalvm1\" \/>\n<meta name=\"twitter:site\" content=\"@elregionalvm1\" \/>\n<meta name=\"twitter:label1\" content=\"Escrito por\" \/>\n\t<meta name=\"twitter:data1\" content=\"Contenidos El Regional\" \/>\n\t<meta name=\"twitter:label2\" content=\"Tiempo de lectura\" \/>\n\t<meta name=\"twitter:data2\" content=\"2 minutos\" \/>\n<script type=\"application\/ld+json\" class=\"yoast-schema-graph\">{\"@context\":\"https:\/\/schema.org\",\"@graph\":[{\"@type\":\"Article\",\"@id\":\"https:\/\/elregionalvm.com.ar\/noticias-villa-maria\/ticino-celebra-sus-patronales-y-se-viste-de-fiesta-durante-todo-agosto\/#article\",\"isPartOf\":{\"@id\":\"https:\/\/elregionalvm.com.ar\/noticias-villa-maria\/ticino-celebra-sus-patronales-y-se-viste-de-fiesta-durante-todo-agosto\/\"},\"author\":{\"name\":\"Contenidos El Regional\",\"@id\":\"http:\/\/elregionalvm.com.ar\/noticias-villa-maria\/#\/schema\/person\/a0fb9c422317faca23d50163151bc354\"},\"headline\":\"Ticino celebra sus patronales y se viste de fiesta durante todo agosto\",\"datePublished\":\"2024-08-15T03:56:07+00:00\",\"dateModified\":\"2024-08-16T09:49:34+00:00\",\"mainEntityOfPage\":{\"@id\":\"https:\/\/elregionalvm.com.ar\/noticias-villa-maria\/ticino-celebra-sus-patronales-y-se-viste-de-fiesta-durante-todo-agosto\/\"},\"wordCount\":264,\"commentCount\":0,\"image\":{\"@id\":\"https:\/\/elregionalvm.com.ar\/noticias-villa-maria\/ticino-celebra-sus-patronales-y-se-viste-de-fiesta-durante-todo-agosto\/#primaryimage\"},\"thumbnailUrl\":\"https:\/\/i0.wp.com\/elregionalvm.com.ar\/noticias-villa-maria\/wp-content\/uploads\/2021\/08\/Ticino-procesion.jpg?fit=1321%2C788&ssl=1\",\"keywords\":[\"agosto\",\"celebraci\u00f3n\",\"Fiestas patronales\",\"Ticino\"],\"articleSection\":[\"destacado\",\"Regi\u00f3n\"],\"inLanguage\":\"es\",\"potentialAction\":[{\"@type\":\"CommentAction\",\"name\":\"Comment\",\"target\":[\"https:\/\/elregionalvm.com.ar\/noticias-villa-maria\/ticino-celebra-sus-patronales-y-se-viste-de-fiesta-durante-todo-agosto\/#respond\"]}]},{\"@type\":\"WebPage\",\"@id\":\"https:\/\/elregionalvm.com.ar\/noticias-villa-maria\/ticino-celebra-sus-patronales-y-se-viste-de-fiesta-durante-todo-agosto\/\",\"url\":\"https:\/\/elregionalvm.com.ar\/noticias-villa-maria\/ticino-celebra-sus-patronales-y-se-viste-de-fiesta-durante-todo-agosto\/\",\"name\":\"Ticino celebra sus patronales y se viste de fiesta durante todo agosto - El Regional\",\"isPartOf\":{\"@id\":\"http:\/\/elregionalvm.com.ar\/noticias-villa-maria\/#website\"},\"primaryImageOfPage\":{\"@id\":\"https:\/\/elregionalvm.com.ar\/noticias-villa-maria\/ticino-celebra-sus-patronales-y-se-viste-de-fiesta-durante-todo-agosto\/#primaryimage\"},\"image\":{\"@id\":\"https:\/\/elregionalvm.com.ar\/noticias-villa-maria\/ticino-celebra-sus-patronales-y-se-viste-de-fiesta-durante-todo-agosto\/#primaryimage\"},\"thumbnailUrl\":\"https:\/\/i0.wp.com\/elregionalvm.com.ar\/noticias-villa-maria\/wp-content\/uploads\/2021\/08\/Ticino-procesion.jpg?fit=1321%2C788&ssl=1\",\"datePublished\":\"2024-08-15T03:56:07+00:00\",\"dateModified\":\"2024-08-16T09:49:34+00:00\",\"author\":{\"@id\":\"http:\/\/elregionalvm.com.ar\/noticias-villa-maria\/#\/schema\/person\/a0fb9c422317faca23d50163151bc354\"},\"breadcrumb\":{\"@id\":\"https:\/\/elregionalvm.com.ar\/noticias-villa-maria\/ticino-celebra-sus-patronales-y-se-viste-de-fiesta-durante-todo-agosto\/#breadcrumb\"},\"inLanguage\":\"es\",\"potentialAction\":[{\"@type\":\"ReadAction\",\"target\":[\"https:\/\/elregionalvm.com.ar\/noticias-villa-maria\/ticino-celebra-sus-patronales-y-se-viste-de-fiesta-durante-todo-agosto\/\"]}]},{\"@type\":\"ImageObject\",\"inLanguage\":\"es\",\"@id\":\"https:\/\/elregionalvm.com.ar\/noticias-villa-maria\/ticino-celebra-sus-patronales-y-se-viste-de-fiesta-durante-todo-agosto\/#primaryimage\",\"url\":\"https:\/\/i0.wp.com\/elregionalvm.com.ar\/noticias-villa-maria\/wp-content\/uploads\/2021\/08\/Ticino-procesion.jpg?fit=1321%2C788&ssl=1\",\"contentUrl\":\"https:\/\/i0.wp.com\/elregionalvm.com.ar\/noticias-villa-maria\/wp-content\/uploads\/2021\/08\/Ticino-procesion.jpg?fit=1321%2C788&ssl=1\",\"width\":1321,\"height\":788},{\"@type\":\"BreadcrumbList\",\"@id\":\"https:\/\/elregionalvm.com.ar\/noticias-villa-maria\/ticino-celebra-sus-patronales-y-se-viste-de-fiesta-durante-todo-agosto\/#breadcrumb\",\"itemListElement\":[{\"@type\":\"ListItem\",\"position\":1,\"name\":\"Portada\",\"item\":\"https:\/\/elregionalvm.com.ar\/noticias-villa-maria\/\"},{\"@type\":\"ListItem\",\"position\":2,\"name\":\"Ticino celebra sus patronales y se viste de fiesta durante todo agosto\"}]},{\"@type\":\"WebSite\",\"@id\":\"http:\/\/elregionalvm.com.ar\/noticias-villa-maria\/#website\",\"url\":\"http:\/\/elregionalvm.com.ar\/noticias-villa-maria\/\",\"name\":\"El Regional\",\"description\":\"Mucho m\u00e1s que informaci\u00f3n\",\"potentialAction\":[{\"@type\":\"SearchAction\",\"target\":{\"@type\":\"EntryPoint\",\"urlTemplate\":\"http:\/\/elregionalvm.com.ar\/noticias-villa-maria\/?s={search_term_string}\"},\"query-input\":{\"@type\":\"PropertyValueSpecification\",\"valueRequired\":true,\"valueName\":\"search_term_string\"}}],\"inLanguage\":\"es\"},{\"@type\":\"Person\",\"@id\":\"http:\/\/elregionalvm.com.ar\/noticias-villa-maria\/#\/schema\/person\/a0fb9c422317faca23d50163151bc354\",\"name\":\"Contenidos El Regional\",\"image\":{\"@type\":\"ImageObject\",\"inLanguage\":\"es\",\"@id\":\"http:\/\/elregionalvm.com.ar\/noticias-villa-maria\/#\/schema\/person\/image\/\",\"url\":\"https:\/\/secure.gravatar.com\/avatar\/265b27cb2209af7bb3a1318f03305787d7981a5cc6e6cd08fe5a4ecdf99d4b48?s=96&d=mm&r=g\",\"contentUrl\":\"https:\/\/secure.gravatar.com\/avatar\/265b27cb2209af7bb3a1318f03305787d7981a5cc6e6cd08fe5a4ecdf99d4b48?s=96&d=mm&r=g\",\"caption\":\"Contenidos El Regional\"},\"url\":\"https:\/\/elregionalvm.com.ar\/noticias-villa-maria\/author\/contenido\/\"}]}<\/script>\n<!-- \/ Yoast SEO plugin. -->","yoast_head_json":{"title":"Ticino celebra sus patronales y se viste de fiesta durante todo agosto - El Regional","robots":{"index":"index","follow":"follow","max-snippet":"max-snippet:-1","max-image-preview":"max-image-preview:large","max-video-preview":"max-video-preview:-1"},"canonical":"https:\/\/elregionalvm.com.ar\/noticias-villa-maria\/ticino-celebra-sus-patronales-y-se-viste-de-fiesta-durante-todo-agosto\/","og_locale":"es_ES","og_type":"article","og_title":"Ticino celebra sus patronales y se viste de fiesta durante todo agosto - El Regional","og_description":"Este jueves 15 de agosto, la localidad celebra sus fiestas patronales en homenaje a la Virgen de la Asunci\u00f3n. Los festejos incluyen los actos religiosos tradicionales y otros eventos sociales. A las 10 horas est\u00e1 prevista la misa en honor a Nuestra Sra. de la Asunci\u00f3n, mientras que una hora despu\u00e9s ser\u00e1 el turno de [&hellip;]","og_url":"https:\/\/elregionalvm.com.ar\/noticias-villa-maria\/ticino-celebra-sus-patronales-y-se-viste-de-fiesta-durante-todo-agosto\/","og_site_name":"El Regional","article_publisher":"https:\/\/www.facebook.com\/elregionalvm","article_published_time":"2024-08-15T03:56:07+00:00","article_modified_time":"2024-08-16T09:49:34+00:00","og_image":[{"width":1321,"height":788,"url":"https:\/\/elregionalvm.com.ar\/noticias-villa-maria\/wp-content\/uploads\/2021\/08\/Ticino-procesion.jpg","type":"image\/jpeg"}],"author":"Contenidos El Regional","twitter_card":"summary_large_image","twitter_creator":"@elregionalvm1","twitter_site":"@elregionalvm1","twitter_misc":{"Escrito por":"Contenidos El Regional","Tiempo de lectura":"2 minutos"},"schema":{"@context":"https:\/\/schema.org","@graph":[{"@type":"Article","@id":"https:\/\/elregionalvm.com.ar\/noticias-villa-maria\/ticino-celebra-sus-patronales-y-se-viste-de-fiesta-durante-todo-agosto\/#article","isPartOf":{"@id":"https:\/\/elregionalvm.com.ar\/noticias-villa-maria\/ticino-celebra-sus-patronales-y-se-viste-de-fiesta-durante-todo-agosto\/"},"author":{"name":"Contenidos El Regional","@id":"http:\/\/elregionalvm.com.ar\/noticias-villa-maria\/#\/schema\/person\/a0fb9c422317faca23d50163151bc354"},"headline":"Ticino celebra sus patronales y se viste de fiesta durante todo agosto","datePublished":"2024-08-15T03:56:07+00:00","dateModified":"2024-08-16T09:49:34+00:00","mainEntityOfPage":{"@id":"https:\/\/elregionalvm.com.ar\/noticias-villa-maria\/ticino-celebra-sus-patronales-y-se-viste-de-fiesta-durante-todo-agosto\/"},"wordCount":264,"commentCount":0,"image":{"@id":"https:\/\/elregionalvm.com.ar\/noticias-villa-maria\/ticino-celebra-sus-patronales-y-se-viste-de-fiesta-durante-todo-agosto\/#primaryimage"},"thumbnailUrl":"https:\/\/i0.wp.com\/elregionalvm.com.ar\/noticias-villa-maria\/wp-content\/uploads\/2021\/08\/Ticino-procesion.jpg?fit=1321%2C788&ssl=1","keywords":["agosto","celebraci\u00f3n","Fiestas patronales","Ticino"],"articleSection":["destacado","Regi\u00f3n"],"inLanguage":"es","potentialAction":[{"@type":"CommentAction","name":"Comment","target":["https:\/\/elregionalvm.com.ar\/noticias-villa-maria\/ticino-celebra-sus-patronales-y-se-viste-de-fiesta-durante-todo-agosto\/#respond"]}]},{"@type":"WebPage","@id":"https:\/\/elregionalvm.com.ar\/noticias-villa-maria\/ticino-celebra-sus-patronales-y-se-viste-de-fiesta-durante-todo-agosto\/","url":"https:\/\/elregionalvm.com.ar\/noticias-villa-maria\/ticino-celebra-sus-patronales-y-se-viste-de-fiesta-durante-todo-agosto\/","name":"Ticino celebra sus patronales y se viste de fiesta durante todo agosto - El Regional","isPartOf":{"@id":"http:\/\/elregionalvm.com.ar\/noticias-villa-maria\/#website"},"primaryImageOfPage":{"@id":"https:\/\/elregionalvm.com.ar\/noticias-villa-maria\/ticino-celebra-sus-patronales-y-se-viste-de-fiesta-durante-todo-agosto\/#primaryimage"},"image":{"@id":"https:\/\/elregionalvm.com.ar\/noticias-villa-maria\/ticino-celebra-sus-patronales-y-se-viste-de-fiesta-durante-todo-agosto\/#primaryimage"},"thumbnailUrl":"https:\/\/i0.wp.com\/elregionalvm.com.ar\/noticias-villa-maria\/wp-content\/uploads\/2021\/08\/Ticino-procesion.jpg?fit=1321%2C788&ssl=1","datePublished":"2024-08-15T03:56:07+00:00","dateModified":"2024-08-16T09:49:34+00:00","author":{"@id":"http:\/\/elregionalvm.com.ar\/noticias-villa-maria\/#\/schema\/person\/a0fb9c422317faca23d50163151bc354"},"breadcrumb":{"@id":"https:\/\/elregionalvm.com.ar\/noticias-villa-maria\/ticino-celebra-sus-patronales-y-se-viste-de-fiesta-durante-todo-agosto\/#breadcrumb"},"inLanguage":"es","potentialAction":[{"@type":"ReadAction","target":["https:\/\/elregionalvm.com.ar\/noticias-villa-maria\/ticino-celebra-sus-patronales-y-se-viste-de-fiesta-durante-todo-agosto\/"]}]},{"@type":"ImageObject","inLanguage":"es","@id":"https:\/\/elregionalvm.com.ar\/noticias-villa-maria\/ticino-celebra-sus-patronales-y-se-viste-de-fiesta-durante-todo-agosto\/#primaryimage","url":"https:\/\/i0.wp.com\/elregionalvm.com.ar\/noticias-villa-maria\/wp-content\/uploads\/2021\/08\/Ticino-procesion.jpg?fit=1321%2C788&ssl=1","contentUrl":"https:\/\/i0.wp.com\/elregionalvm.com.ar\/noticias-villa-maria\/wp-content\/uploads\/2021\/08\/Ticino-procesion.jpg?fit=1321%2C788&ssl=1","width":1321,"height":788},{"@type":"BreadcrumbList","@id":"https:\/\/elregionalvm.com.ar\/noticias-villa-maria\/ticino-celebra-sus-patronales-y-se-viste-de-fiesta-durante-todo-agosto\/#breadcrumb","itemListElement":[{"@type":"ListItem","position":1,"name":"Portada","item":"https:\/\/elregionalvm.com.ar\/noticias-villa-maria\/"},{"@type":"ListItem","position":2,"name":"Ticino celebra sus patronales y se viste de fiesta durante todo agosto"}]},{"@type":"WebSite","@id":"http:\/\/elregionalvm.com.ar\/noticias-villa-maria\/#website","url":"http:\/\/elregionalvm.com.ar\/noticias-villa-maria\/","name":"El Regional","description":"Mucho m\u00e1s que informaci\u00f3n","potentialAction":[{"@type":"SearchAction","target":{"@type":"EntryPoint","urlTemplate":"http:\/\/elregionalvm.com.ar\/noticias-villa-maria\/?s={search_term_string}"},"query-input":{"@type":"PropertyValueSpecification","valueRequired":true,"valueName":"search_term_string"}}],"inLanguage":"es"},{"@type":"Person","@id":"http:\/\/elregionalvm.com.ar\/noticias-villa-maria\/#\/schema\/person\/a0fb9c422317faca23d50163151bc354","name":"Contenidos El Regional","image":{"@type":"ImageObject","inLanguage":"es","@id":"http:\/\/elregionalvm.com.ar\/noticias-villa-maria\/#\/schema\/person\/image\/","url":"https:\/\/secure.gravatar.com\/avatar\/265b27cb2209af7bb3a1318f03305787d7981a5cc6e6cd08fe5a4ecdf99d4b48?s=96&d=mm&r=g","contentUrl":"https:\/\/secure.gravatar.com\/avatar\/265b27cb2209af7bb3a1318f03305787d7981a5cc6e6cd08fe5a4ecdf99d4b48?s=96&d=mm&r=g","caption":"Contenidos El Regional"},"url":"https:\/\/elregionalvm.com.ar\/noticias-villa-maria\/author\/contenido\/"}]}},"jetpack_featured_media_url":"https:\/\/i0.wp.com\/elregionalvm.com.ar\/noticias-villa-maria\/wp-content\/uploads\/2021\/08\/Ticino-procesion.jpg?fit=1321%2C788&ssl=1","jetpack_sharing_enabled":true,"_links":{"self":[{"href":"https:\/\/elregionalvm.com.ar\/noticias-villa-maria\/wp-json\/wp\/v2\/posts\/97451","targetHints":{"allow":["GET"]}}],"collection":[{"href":"https:\/\/elregionalvm.com.ar\/noticias-villa-maria\/wp-json\/wp\/v2\/posts"}],"about":[{"href":"https:\/\/elregionalvm.com.ar\/noticias-villa-maria\/wp-json\/wp\/v2\/types\/post"}],"author":[{"embeddable":true,"href":"https:\/\/elregionalvm.com.ar\/noticias-villa-maria\/wp-json\/wp\/v2\/users\/4"}],"replies":[{"embeddable":true,"href":"https:\/\/elregionalvm.com.ar\/noticias-villa-maria\/wp-json\/wp\/v2\/comments?post=97451"}],"version-history":[{"count":5,"href":"https:\/\/elregionalvm.com.ar\/noticias-villa-maria\/wp-json\/wp\/v2\/posts\/97451\/revisions"}],"predecessor-version":[{"id":97515,"href":"https:\/\/elregionalvm.com.ar\/noticias-villa-maria\/wp-json\/wp\/v2\/posts\/97451\/revisions\/97515"}],"wp:featuredmedia":[{"embeddable":true,"href":"https:\/\/elregionalvm.com.ar\/noticias-villa-maria\/wp-json\/wp\/v2\/media\/42763"}],"wp:attachment":[{"href":"https:\/\/elregionalvm.com.ar\/noticias-villa-maria\/wp-json\/wp\/v2\/media?parent=97451"}],"wp:term":[{"taxonomy":"category","embeddable":true,"href":"https:\/\/elregionalvm.com.ar\/noticias-villa-maria\/wp-json\/wp\/v2\/categories?post=97451"},{"taxonomy":"post_tag","embeddable":true,"href":"https:\/\/elregionalvm.com.ar\/noticias-villa-maria\/wp-json\/wp\/v2\/tags?post=97451"}],"curies":[{"name":"wp","href":"https:\/\/api.w.org\/{rel}","templated":true}]}}