{"id":97464,"date":"2024-08-15T15:55:47","date_gmt":"2024-08-15T15:55:47","guid":{"rendered":"https:\/\/elregionalvm.com.ar\/noticias-villa-maria\/?p=97464"},"modified":"2024-08-15T15:55:48","modified_gmt":"2024-08-15T15:55:48","slug":"concejales-aprobaron-proyecto-que-autoriza-al-municipio-a-suscribir-convenios-con-el-ministerio-de-educacion-de-la-provincia","status":"publish","type":"post","link":"https:\/\/elregionalvm.com.ar\/noticias-villa-maria\/concejales-aprobaron-proyecto-que-autoriza-al-municipio-a-suscribir-convenios-con-el-ministerio-de-educacion-de-la-provincia\/","title":{"rendered":"Concejales aprobaron proyecto que autoriza al Municipio a suscribir convenios con el Ministerio de Educaci\u00f3n de la Provincia"},"content":{"rendered":"\n<p>A media ma\u00f1ana, tuvo lugar la habitual sesi\u00f3n de los d\u00edas jueves en el Concejo Deliberante. En ese sentido, los concejales aprobaron de manera un\u00e1nime un Proyecto de Ordenanza del Departamento Ejecutivo Municipal, autorizando al intendente Eduardo Accastello a suscribir convenios con el Ministerio de Educaci\u00f3n de la Provincia de C\u00f3rdoba, respecto de las obras de construcci\u00f3n de salas para jardines de infantes.<\/p>\n\n\n\n<p>Al respecto, la concejala Yaslil Oses manifest\u00f3: \u00abEl proyecto incluye tres convenios con el Ministerio para la ejecuci\u00f3n de una sala para el Jard\u00edn de Infantes Jos\u00e9 Bianco, una sala para el Jard\u00edn de Infantes Jos\u00e9 Ingenieros, y la construcci\u00f3n de otra sala para el Jard\u00edn de Infantes Rep\u00fablica del Paraguay\u00bb.<\/p>\n\n\n\n<p>\u00abEste proyecto es muy importante, ya que estas obras permitir\u00e1n ampliar la oferta educativa, dando la posibilidad a una mayor cantidad de ni\u00f1os de insertarse en la educaci\u00f3n inicial, garantizando de esta forma el acceso a una educaci\u00f3n de calidad\u00bb, remarc\u00f3 Oses.<\/p>\n\n\n\n<p>Por otro lado, tambi\u00e9n se aprob\u00f3 un Proyecto de Ordenanza que exime del pago por otorgamiento y renovaci\u00f3n de licencias de conducir a los integrantes del cuerpo de Bomberos Voluntarios de Villa Mar\u00eda.<\/p>\n\n\n\n<p>En ese sentido, el concejal Felipe Botta destac\u00f3: \u00abEste proyecto pretende otorgar a los integrantes del cuerpo de bomberos voluntarios de la ciudad el beneficio de la eximici\u00f3n del costo que implica la obtenci\u00f3n o renovaci\u00f3n de la licencia de conducir\u00bb.<\/p>\n\n\n\n<p>\u00abEste proyecto busca normativizar algo que de hecho ya se ven\u00eda haciendo, y pretende alcanzar al 100% del cuerpo, dejando en claro que la ciudad cumple con ellos, como ellos cumplen con los vecinos y vecinas de la ciudad\u00bb, concluy\u00f3 Botta.<\/p>\n\n\n\n<p>M\u00e1s adelante, tambi\u00e9n se aprob\u00f3 un Proyecto de Ordenanza adhiriendo a la Ley Nacional N.\u00ba 27234, \u00abJornada Educar en Igualdad: Prevenci\u00f3n y Erradicaci\u00f3n de la Violencia de G\u00e9nero\u00bb. Al respecto, la concejala Natalia Gonz\u00e1lez manifest\u00f3: \u00abEl objetivo de las jornadas Educar en Igualdad es constituir un espacio importante de encuentro y oportunidad en el que las escuelas abren sus puertas a las familias, quienes trabajan junto a alumnos, alumnas y docentes, para que se puedan nombrar y reconocer las violencias por motivos de g\u00e9nero, expl\u00edcitas y simb\u00f3licas, que se producen en lo cotidiano, tanto en los \u00e1mbitos p\u00fablicos como privados, y as\u00ed distinguir todas aquellas situaciones que provocan la vulneraci\u00f3n de derechos\u00bb.<\/p>\n\n\n\n<p>\u00abLo que se propone es generar climas de confianza como condici\u00f3n imprescindible para habilitar la posibilidad de expresar las experiencias vividas. A trav\u00e9s de esta iniciativa se busca que, en los espacios municipales de primera infancia, como centros de promoci\u00f3n familiar, as\u00ed como en comedores, merenderos y copas de leche inscriptos en el registro de organizaciones sociales o que reciban asistencia del Estado municipal, se aborde la tem\u00e1tica de la prevenci\u00f3n de la violencia, abriendo las puertas a la comunidad\u00bb, finaliz\u00f3 Gonz\u00e1lez.<\/p>\n\n\n\n<p>Adem\u00e1s, se aprobaron los siguientes proyectos: uno ratificando el contrato de comodato celebrado entre la Comisi\u00f3n del Centro Vecinal de Barrio Bello Horizonte y la Municipalidad de Villa Mar\u00eda; otro ratificando el contrato de comodato celebrado entre la Comisi\u00f3n del Centro Vecinal de Barrio Mariano Moreno y la Municipalidad de Villa Mar\u00eda; y un tercero, ratificando el contrato de locaci\u00f3n celebrado entre Berrini-Revello Negocios Inmobiliarios y la Municipalidad de Villa Mar\u00eda.<\/p>\n\n\n\n<p>Por otra parte, se aprobaron otros dos proyectos del DEM: uno ratificando el acuerdo celebrado entre el Gobierno de la Provincia de C\u00f3rdoba y la Municipalidad de Villa Mar\u00eda, y otro ratificando el convenio de cooperaci\u00f3n celebrado entre el Colectivo de Teatristas Autoconvocados de Villa Mar\u00eda (COTEAU) y la Municipalidad de Villa Mar\u00eda.<\/p>\n\n\n\n<p>Por \u00faltimo, se aprobaron otros dos proyectos de inter\u00e9s comunitario: uno declarando de inter\u00e9s municipal el evento art\u00edstico en conmemoraci\u00f3n de los 40 a\u00f1os de dedicaci\u00f3n a la m\u00fasica de la artista Elena Portolesi, y otro declarando de inter\u00e9s municipal el Campeonato Provincial de Bochas Categor\u00eda Damas, organizado por la Asociaci\u00f3n Villa Mar\u00eda de Bochas.<\/p>\n","protected":false},"excerpt":{"rendered":"<p>A media ma\u00f1ana, tuvo lugar la habitual sesi\u00f3n de los d\u00edas jueves en el Concejo Deliberante. En ese sentido, los concejales aprobaron de manera un\u00e1nime un Proyecto de Ordenanza del Departamento Ejecutivo Municipal, autorizando al intendente Eduardo Accastello a suscribir convenios con el Ministerio de Educaci\u00f3n de la Provincia de C\u00f3rdoba, respecto de las obras [&hellip;]<\/p>\n","protected":false},"author":4,"featured_media":86966,"comment_status":"open","ping_status":"open","sticky":false,"template":"","format":"standard","meta":{"site-sidebar-layout":"default","site-content-layout":"","ast-site-content-layout":"default","site-content-style":"default","site-sidebar-style":"default","ast-global-header-display":"","ast-banner-title-visibility":"","ast-main-header-display":"","ast-hfb-above-header-display":"","ast-hfb-below-header-display":"","ast-hfb-mobile-header-display":"","site-post-title":"","ast-breadcrumbs-content":"","ast-featured-img":"","footer-sml-layout":"","ast-disable-related-posts":"","theme-transparent-header-meta":"","adv-header-id-meta":"","stick-header-meta":"","header-above-stick-meta":"","header-main-stick-meta":"","header-below-stick-meta":"","astra-migrate-meta-layouts":"set","ast-page-background-enabled":"default","ast-page-background-meta":{"desktop":{"background-color":"","background-image":"","background-repeat":"repeat","background-position":"center center","background-size":"auto","background-attachment":"scroll","background-type":"","background-media":"","overlay-type":"","overlay-color":"","overlay-opacity":"","overlay-gradient":""},"tablet":{"background-color":"","background-image":"","background-repeat":"repeat","background-position":"center center","background-size":"auto","background-attachment":"scroll","background-type":"","background-media":"","overlay-type":"","overlay-color":"","overlay-opacity":"","overlay-gradient":""},"mobile":{"background-color":"","background-image":"","background-repeat":"repeat","background-position":"center center","background-size":"auto","background-attachment":"scroll","background-type":"","background-media":"","overlay-type":"","overlay-color":"","overlay-opacity":"","overlay-gradient":""}},"ast-content-background-meta":{"desktop":{"background-color":"var(--ast-global-color-5)","background-image":"","background-repeat":"repeat","background-position":"center center","background-size":"auto","background-attachment":"scroll","background-type":"","background-media":"","overlay-type":"","overlay-color":"","overlay-opacity":"","overlay-gradient":""},"tablet":{"background-color":"var(--ast-global-color-5)","background-image":"","background-repeat":"repeat","background-position":"center center","background-size":"auto","background-attachment":"scroll","background-type":"","background-media":"","overlay-type":"","overlay-color":"","overlay-opacity":"","overlay-gradient":""},"mobile":{"background-color":"var(--ast-global-color-5)","background-image":"","background-repeat":"repeat","background-position":"center center","background-size":"auto","background-attachment":"scroll","background-type":"","background-media":"","overlay-type":"","overlay-color":"","overlay-opacity":"","overlay-gradient":""}},"_jetpack_memberships_contains_paid_content":false,"_joinchat":[],"footnotes":""},"categories":[15302,1,5,2],"tags":[],"class_list":["post-97464","post","type-post","status-publish","format-standard","has-post-thumbnail","hentry","category-destacado","category-sin-categoria","category-sociedad","category-villa-maria"],"yoast_head":"<!-- This site is optimized with the Yoast SEO plugin v26.8 - https:\/\/yoast.com\/product\/yoast-seo-wordpress\/ -->\n<title>Concejales aprobaron proyecto que autoriza al Municipio a suscribir convenios con el Ministerio de Educaci\u00f3n de la Provincia - El Regional<\/title>\n<meta name=\"robots\" content=\"index, follow, max-snippet:-1, max-image-preview:large, max-video-preview:-1\" \/>\n<link rel=\"canonical\" href=\"https:\/\/elregionalvm.com.ar\/noticias-villa-maria\/concejales-aprobaron-proyecto-que-autoriza-al-municipio-a-suscribir-convenios-con-el-ministerio-de-educacion-de-la-provincia\/\" \/>\n<meta property=\"og:locale\" content=\"es_ES\" \/>\n<meta property=\"og:type\" content=\"article\" \/>\n<meta property=\"og:title\" content=\"Concejales aprobaron proyecto que autoriza al Municipio a suscribir convenios con el Ministerio de Educaci\u00f3n de la Provincia - El Regional\" \/>\n<meta property=\"og:description\" content=\"A media ma\u00f1ana, tuvo lugar la habitual sesi\u00f3n de los d\u00edas jueves en el Concejo Deliberante. En ese sentido, los concejales aprobaron de manera un\u00e1nime un Proyecto de Ordenanza del Departamento Ejecutivo Municipal, autorizando al intendente Eduardo Accastello a suscribir convenios con el Ministerio de Educaci\u00f3n de la Provincia de C\u00f3rdoba, respecto de las obras [&hellip;]\" \/>\n<meta property=\"og:url\" content=\"https:\/\/elregionalvm.com.ar\/noticias-villa-maria\/concejales-aprobaron-proyecto-que-autoriza-al-municipio-a-suscribir-convenios-con-el-ministerio-de-educacion-de-la-provincia\/\" \/>\n<meta property=\"og:site_name\" content=\"El Regional\" \/>\n<meta property=\"article:publisher\" content=\"https:\/\/www.facebook.com\/elregionalvm\" \/>\n<meta property=\"article:published_time\" content=\"2024-08-15T15:55:47+00:00\" \/>\n<meta property=\"article:modified_time\" content=\"2024-08-15T15:55:48+00:00\" \/>\n<meta property=\"og:image\" content=\"https:\/\/elregionalvm.com.ar\/noticias-villa-maria\/wp-content\/uploads\/2023\/12\/Concejales-2024.jpeg\" \/>\n\t<meta property=\"og:image:width\" content=\"1280\" \/>\n\t<meta property=\"og:image:height\" content=\"1041\" \/>\n\t<meta property=\"og:image:type\" content=\"image\/jpeg\" \/>\n<meta name=\"author\" content=\"Contenidos El Regional\" \/>\n<meta name=\"twitter:card\" content=\"summary_large_image\" \/>\n<meta name=\"twitter:creator\" content=\"@elregionalvm1\" \/>\n<meta name=\"twitter:site\" content=\"@elregionalvm1\" \/>\n<meta name=\"twitter:label1\" content=\"Escrito por\" \/>\n\t<meta name=\"twitter:data1\" content=\"Contenidos El Regional\" \/>\n\t<meta name=\"twitter:label2\" content=\"Tiempo de lectura\" \/>\n\t<meta name=\"twitter:data2\" content=\"3 minutos\" \/>\n<script type=\"application\/ld+json\" class=\"yoast-schema-graph\">{\"@context\":\"https:\/\/schema.org\",\"@graph\":[{\"@type\":\"Article\",\"@id\":\"https:\/\/elregionalvm.com.ar\/noticias-villa-maria\/concejales-aprobaron-proyecto-que-autoriza-al-municipio-a-suscribir-convenios-con-el-ministerio-de-educacion-de-la-provincia\/#article\",\"isPartOf\":{\"@id\":\"https:\/\/elregionalvm.com.ar\/noticias-villa-maria\/concejales-aprobaron-proyecto-que-autoriza-al-municipio-a-suscribir-convenios-con-el-ministerio-de-educacion-de-la-provincia\/\"},\"author\":{\"name\":\"Contenidos El Regional\",\"@id\":\"http:\/\/elregionalvm.com.ar\/noticias-villa-maria\/#\/schema\/person\/a0fb9c422317faca23d50163151bc354\"},\"headline\":\"Concejales aprobaron proyecto que autoriza al Municipio a suscribir convenios con el Ministerio de Educaci\u00f3n de la Provincia\",\"datePublished\":\"2024-08-15T15:55:47+00:00\",\"dateModified\":\"2024-08-15T15:55:48+00:00\",\"mainEntityOfPage\":{\"@id\":\"https:\/\/elregionalvm.com.ar\/noticias-villa-maria\/concejales-aprobaron-proyecto-que-autoriza-al-municipio-a-suscribir-convenios-con-el-ministerio-de-educacion-de-la-provincia\/\"},\"wordCount\":724,\"commentCount\":0,\"image\":{\"@id\":\"https:\/\/elregionalvm.com.ar\/noticias-villa-maria\/concejales-aprobaron-proyecto-que-autoriza-al-municipio-a-suscribir-convenios-con-el-ministerio-de-educacion-de-la-provincia\/#primaryimage\"},\"thumbnailUrl\":\"https:\/\/i0.wp.com\/elregionalvm.com.ar\/noticias-villa-maria\/wp-content\/uploads\/2023\/12\/Concejales-2024.jpeg?fit=1280%2C1041&ssl=1\",\"articleSection\":{\"0\":\"destacado\",\"2\":\"Sociedad\",\"3\":\"Villa Mar\u00eda\"},\"inLanguage\":\"es\",\"potentialAction\":[{\"@type\":\"CommentAction\",\"name\":\"Comment\",\"target\":[\"https:\/\/elregionalvm.com.ar\/noticias-villa-maria\/concejales-aprobaron-proyecto-que-autoriza-al-municipio-a-suscribir-convenios-con-el-ministerio-de-educacion-de-la-provincia\/#respond\"]}]},{\"@type\":\"WebPage\",\"@id\":\"https:\/\/elregionalvm.com.ar\/noticias-villa-maria\/concejales-aprobaron-proyecto-que-autoriza-al-municipio-a-suscribir-convenios-con-el-ministerio-de-educacion-de-la-provincia\/\",\"url\":\"https:\/\/elregionalvm.com.ar\/noticias-villa-maria\/concejales-aprobaron-proyecto-que-autoriza-al-municipio-a-suscribir-convenios-con-el-ministerio-de-educacion-de-la-provincia\/\",\"name\":\"Concejales aprobaron proyecto que autoriza al Municipio a suscribir convenios con el Ministerio de Educaci\u00f3n de la Provincia - El Regional\",\"isPartOf\":{\"@id\":\"http:\/\/elregionalvm.com.ar\/noticias-villa-maria\/#website\"},\"primaryImageOfPage\":{\"@id\":\"https:\/\/elregionalvm.com.ar\/noticias-villa-maria\/concejales-aprobaron-proyecto-que-autoriza-al-municipio-a-suscribir-convenios-con-el-ministerio-de-educacion-de-la-provincia\/#primaryimage\"},\"image\":{\"@id\":\"https:\/\/elregionalvm.com.ar\/noticias-villa-maria\/concejales-aprobaron-proyecto-que-autoriza-al-municipio-a-suscribir-convenios-con-el-ministerio-de-educacion-de-la-provincia\/#primaryimage\"},\"thumbnailUrl\":\"https:\/\/i0.wp.com\/elregionalvm.com.ar\/noticias-villa-maria\/wp-content\/uploads\/2023\/12\/Concejales-2024.jpeg?fit=1280%2C1041&ssl=1\",\"datePublished\":\"2024-08-15T15:55:47+00:00\",\"dateModified\":\"2024-08-15T15:55:48+00:00\",\"author\":{\"@id\":\"http:\/\/elregionalvm.com.ar\/noticias-villa-maria\/#\/schema\/person\/a0fb9c422317faca23d50163151bc354\"},\"breadcrumb\":{\"@id\":\"https:\/\/elregionalvm.com.ar\/noticias-villa-maria\/concejales-aprobaron-proyecto-que-autoriza-al-municipio-a-suscribir-convenios-con-el-ministerio-de-educacion-de-la-provincia\/#breadcrumb\"},\"inLanguage\":\"es\",\"potentialAction\":[{\"@type\":\"ReadAction\",\"target\":[\"https:\/\/elregionalvm.com.ar\/noticias-villa-maria\/concejales-aprobaron-proyecto-que-autoriza-al-municipio-a-suscribir-convenios-con-el-ministerio-de-educacion-de-la-provincia\/\"]}]},{\"@type\":\"ImageObject\",\"inLanguage\":\"es\",\"@id\":\"https:\/\/elregionalvm.com.ar\/noticias-villa-maria\/concejales-aprobaron-proyecto-que-autoriza-al-municipio-a-suscribir-convenios-con-el-ministerio-de-educacion-de-la-provincia\/#primaryimage\",\"url\":\"https:\/\/i0.wp.com\/elregionalvm.com.ar\/noticias-villa-maria\/wp-content\/uploads\/2023\/12\/Concejales-2024.jpeg?fit=1280%2C1041&ssl=1\",\"contentUrl\":\"https:\/\/i0.wp.com\/elregionalvm.com.ar\/noticias-villa-maria\/wp-content\/uploads\/2023\/12\/Concejales-2024.jpeg?fit=1280%2C1041&ssl=1\",\"width\":1280,\"height\":1041},{\"@type\":\"BreadcrumbList\",\"@id\":\"https:\/\/elregionalvm.com.ar\/noticias-villa-maria\/concejales-aprobaron-proyecto-que-autoriza-al-municipio-a-suscribir-convenios-con-el-ministerio-de-educacion-de-la-provincia\/#breadcrumb\",\"itemListElement\":[{\"@type\":\"ListItem\",\"position\":1,\"name\":\"Portada\",\"item\":\"https:\/\/elregionalvm.com.ar\/noticias-villa-maria\/\"},{\"@type\":\"ListItem\",\"position\":2,\"name\":\"Concejales aprobaron proyecto que autoriza al Municipio a suscribir convenios con el Ministerio de Educaci\u00f3n de la Provincia\"}]},{\"@type\":\"WebSite\",\"@id\":\"http:\/\/elregionalvm.com.ar\/noticias-villa-maria\/#website\",\"url\":\"http:\/\/elregionalvm.com.ar\/noticias-villa-maria\/\",\"name\":\"El Regional\",\"description\":\"Mucho m\u00e1s que informaci\u00f3n\",\"potentialAction\":[{\"@type\":\"SearchAction\",\"target\":{\"@type\":\"EntryPoint\",\"urlTemplate\":\"http:\/\/elregionalvm.com.ar\/noticias-villa-maria\/?s={search_term_string}\"},\"query-input\":{\"@type\":\"PropertyValueSpecification\",\"valueRequired\":true,\"valueName\":\"search_term_string\"}}],\"inLanguage\":\"es\"},{\"@type\":\"Person\",\"@id\":\"http:\/\/elregionalvm.com.ar\/noticias-villa-maria\/#\/schema\/person\/a0fb9c422317faca23d50163151bc354\",\"name\":\"Contenidos El Regional\",\"image\":{\"@type\":\"ImageObject\",\"inLanguage\":\"es\",\"@id\":\"http:\/\/elregionalvm.com.ar\/noticias-villa-maria\/#\/schema\/person\/image\/\",\"url\":\"https:\/\/secure.gravatar.com\/avatar\/265b27cb2209af7bb3a1318f03305787d7981a5cc6e6cd08fe5a4ecdf99d4b48?s=96&d=mm&r=g\",\"contentUrl\":\"https:\/\/secure.gravatar.com\/avatar\/265b27cb2209af7bb3a1318f03305787d7981a5cc6e6cd08fe5a4ecdf99d4b48?s=96&d=mm&r=g\",\"caption\":\"Contenidos El Regional\"},\"url\":\"https:\/\/elregionalvm.com.ar\/noticias-villa-maria\/author\/contenido\/\"}]}<\/script>\n<!-- \/ Yoast SEO plugin. -->","yoast_head_json":{"title":"Concejales aprobaron proyecto que autoriza al Municipio a suscribir convenios con el Ministerio de Educaci\u00f3n de la Provincia - El Regional","robots":{"index":"index","follow":"follow","max-snippet":"max-snippet:-1","max-image-preview":"max-image-preview:large","max-video-preview":"max-video-preview:-1"},"canonical":"https:\/\/elregionalvm.com.ar\/noticias-villa-maria\/concejales-aprobaron-proyecto-que-autoriza-al-municipio-a-suscribir-convenios-con-el-ministerio-de-educacion-de-la-provincia\/","og_locale":"es_ES","og_type":"article","og_title":"Concejales aprobaron proyecto que autoriza al Municipio a suscribir convenios con el Ministerio de Educaci\u00f3n de la Provincia - El Regional","og_description":"A media ma\u00f1ana, tuvo lugar la habitual sesi\u00f3n de los d\u00edas jueves en el Concejo Deliberante. En ese sentido, los concejales aprobaron de manera un\u00e1nime un Proyecto de Ordenanza del Departamento Ejecutivo Municipal, autorizando al intendente Eduardo Accastello a suscribir convenios con el Ministerio de Educaci\u00f3n de la Provincia de C\u00f3rdoba, respecto de las obras [&hellip;]","og_url":"https:\/\/elregionalvm.com.ar\/noticias-villa-maria\/concejales-aprobaron-proyecto-que-autoriza-al-municipio-a-suscribir-convenios-con-el-ministerio-de-educacion-de-la-provincia\/","og_site_name":"El Regional","article_publisher":"https:\/\/www.facebook.com\/elregionalvm","article_published_time":"2024-08-15T15:55:47+00:00","article_modified_time":"2024-08-15T15:55:48+00:00","og_image":[{"width":1280,"height":1041,"url":"https:\/\/elregionalvm.com.ar\/noticias-villa-maria\/wp-content\/uploads\/2023\/12\/Concejales-2024.jpeg","type":"image\/jpeg"}],"author":"Contenidos El Regional","twitter_card":"summary_large_image","twitter_creator":"@elregionalvm1","twitter_site":"@elregionalvm1","twitter_misc":{"Escrito por":"Contenidos El Regional","Tiempo de lectura":"3 minutos"},"schema":{"@context":"https:\/\/schema.org","@graph":[{"@type":"Article","@id":"https:\/\/elregionalvm.com.ar\/noticias-villa-maria\/concejales-aprobaron-proyecto-que-autoriza-al-municipio-a-suscribir-convenios-con-el-ministerio-de-educacion-de-la-provincia\/#article","isPartOf":{"@id":"https:\/\/elregionalvm.com.ar\/noticias-villa-maria\/concejales-aprobaron-proyecto-que-autoriza-al-municipio-a-suscribir-convenios-con-el-ministerio-de-educacion-de-la-provincia\/"},"author":{"name":"Contenidos El Regional","@id":"http:\/\/elregionalvm.com.ar\/noticias-villa-maria\/#\/schema\/person\/a0fb9c422317faca23d50163151bc354"},"headline":"Concejales aprobaron proyecto que autoriza al Municipio a suscribir convenios con el Ministerio de Educaci\u00f3n de la Provincia","datePublished":"2024-08-15T15:55:47+00:00","dateModified":"2024-08-15T15:55:48+00:00","mainEntityOfPage":{"@id":"https:\/\/elregionalvm.com.ar\/noticias-villa-maria\/concejales-aprobaron-proyecto-que-autoriza-al-municipio-a-suscribir-convenios-con-el-ministerio-de-educacion-de-la-provincia\/"},"wordCount":724,"commentCount":0,"image":{"@id":"https:\/\/elregionalvm.com.ar\/noticias-villa-maria\/concejales-aprobaron-proyecto-que-autoriza-al-municipio-a-suscribir-convenios-con-el-ministerio-de-educacion-de-la-provincia\/#primaryimage"},"thumbnailUrl":"https:\/\/i0.wp.com\/elregionalvm.com.ar\/noticias-villa-maria\/wp-content\/uploads\/2023\/12\/Concejales-2024.jpeg?fit=1280%2C1041&ssl=1","articleSection":{"0":"destacado","2":"Sociedad","3":"Villa Mar\u00eda"},"inLanguage":"es","potentialAction":[{"@type":"CommentAction","name":"Comment","target":["https:\/\/elregionalvm.com.ar\/noticias-villa-maria\/concejales-aprobaron-proyecto-que-autoriza-al-municipio-a-suscribir-convenios-con-el-ministerio-de-educacion-de-la-provincia\/#respond"]}]},{"@type":"WebPage","@id":"https:\/\/elregionalvm.com.ar\/noticias-villa-maria\/concejales-aprobaron-proyecto-que-autoriza-al-municipio-a-suscribir-convenios-con-el-ministerio-de-educacion-de-la-provincia\/","url":"https:\/\/elregionalvm.com.ar\/noticias-villa-maria\/concejales-aprobaron-proyecto-que-autoriza-al-municipio-a-suscribir-convenios-con-el-ministerio-de-educacion-de-la-provincia\/","name":"Concejales aprobaron proyecto que autoriza al Municipio a suscribir convenios con el Ministerio de Educaci\u00f3n de la Provincia - El Regional","isPartOf":{"@id":"http:\/\/elregionalvm.com.ar\/noticias-villa-maria\/#website"},"primaryImageOfPage":{"@id":"https:\/\/elregionalvm.com.ar\/noticias-villa-maria\/concejales-aprobaron-proyecto-que-autoriza-al-municipio-a-suscribir-convenios-con-el-ministerio-de-educacion-de-la-provincia\/#primaryimage"},"image":{"@id":"https:\/\/elregionalvm.com.ar\/noticias-villa-maria\/concejales-aprobaron-proyecto-que-autoriza-al-municipio-a-suscribir-convenios-con-el-ministerio-de-educacion-de-la-provincia\/#primaryimage"},"thumbnailUrl":"https:\/\/i0.wp.com\/elregionalvm.com.ar\/noticias-villa-maria\/wp-content\/uploads\/2023\/12\/Concejales-2024.jpeg?fit=1280%2C1041&ssl=1","datePublished":"2024-08-15T15:55:47+00:00","dateModified":"2024-08-15T15:55:48+00:00","author":{"@id":"http:\/\/elregionalvm.com.ar\/noticias-villa-maria\/#\/schema\/person\/a0fb9c422317faca23d50163151bc354"},"breadcrumb":{"@id":"https:\/\/elregionalvm.com.ar\/noticias-villa-maria\/concejales-aprobaron-proyecto-que-autoriza-al-municipio-a-suscribir-convenios-con-el-ministerio-de-educacion-de-la-provincia\/#breadcrumb"},"inLanguage":"es","potentialAction":[{"@type":"ReadAction","target":["https:\/\/elregionalvm.com.ar\/noticias-villa-maria\/concejales-aprobaron-proyecto-que-autoriza-al-municipio-a-suscribir-convenios-con-el-ministerio-de-educacion-de-la-provincia\/"]}]},{"@type":"ImageObject","inLanguage":"es","@id":"https:\/\/elregionalvm.com.ar\/noticias-villa-maria\/concejales-aprobaron-proyecto-que-autoriza-al-municipio-a-suscribir-convenios-con-el-ministerio-de-educacion-de-la-provincia\/#primaryimage","url":"https:\/\/i0.wp.com\/elregionalvm.com.ar\/noticias-villa-maria\/wp-content\/uploads\/2023\/12\/Concejales-2024.jpeg?fit=1280%2C1041&ssl=1","contentUrl":"https:\/\/i0.wp.com\/elregionalvm.com.ar\/noticias-villa-maria\/wp-content\/uploads\/2023\/12\/Concejales-2024.jpeg?fit=1280%2C1041&ssl=1","width":1280,"height":1041},{"@type":"BreadcrumbList","@id":"https:\/\/elregionalvm.com.ar\/noticias-villa-maria\/concejales-aprobaron-proyecto-que-autoriza-al-municipio-a-suscribir-convenios-con-el-ministerio-de-educacion-de-la-provincia\/#breadcrumb","itemListElement":[{"@type":"ListItem","position":1,"name":"Portada","item":"https:\/\/elregionalvm.com.ar\/noticias-villa-maria\/"},{"@type":"ListItem","position":2,"name":"Concejales aprobaron proyecto que autoriza al Municipio a suscribir convenios con el Ministerio de Educaci\u00f3n de la Provincia"}]},{"@type":"WebSite","@id":"http:\/\/elregionalvm.com.ar\/noticias-villa-maria\/#website","url":"http:\/\/elregionalvm.com.ar\/noticias-villa-maria\/","name":"El Regional","description":"Mucho m\u00e1s que informaci\u00f3n","potentialAction":[{"@type":"SearchAction","target":{"@type":"EntryPoint","urlTemplate":"http:\/\/elregionalvm.com.ar\/noticias-villa-maria\/?s={search_term_string}"},"query-input":{"@type":"PropertyValueSpecification","valueRequired":true,"valueName":"search_term_string"}}],"inLanguage":"es"},{"@type":"Person","@id":"http:\/\/elregionalvm.com.ar\/noticias-villa-maria\/#\/schema\/person\/a0fb9c422317faca23d50163151bc354","name":"Contenidos El Regional","image":{"@type":"ImageObject","inLanguage":"es","@id":"http:\/\/elregionalvm.com.ar\/noticias-villa-maria\/#\/schema\/person\/image\/","url":"https:\/\/secure.gravatar.com\/avatar\/265b27cb2209af7bb3a1318f03305787d7981a5cc6e6cd08fe5a4ecdf99d4b48?s=96&d=mm&r=g","contentUrl":"https:\/\/secure.gravatar.com\/avatar\/265b27cb2209af7bb3a1318f03305787d7981a5cc6e6cd08fe5a4ecdf99d4b48?s=96&d=mm&r=g","caption":"Contenidos El Regional"},"url":"https:\/\/elregionalvm.com.ar\/noticias-villa-maria\/author\/contenido\/"}]}},"jetpack_featured_media_url":"https:\/\/i0.wp.com\/elregionalvm.com.ar\/noticias-villa-maria\/wp-content\/uploads\/2023\/12\/Concejales-2024.jpeg?fit=1280%2C1041&ssl=1","jetpack_sharing_enabled":true,"_links":{"self":[{"href":"https:\/\/elregionalvm.com.ar\/noticias-villa-maria\/wp-json\/wp\/v2\/posts\/97464","targetHints":{"allow":["GET"]}}],"collection":[{"href":"https:\/\/elregionalvm.com.ar\/noticias-villa-maria\/wp-json\/wp\/v2\/posts"}],"about":[{"href":"https:\/\/elregionalvm.com.ar\/noticias-villa-maria\/wp-json\/wp\/v2\/types\/post"}],"author":[{"embeddable":true,"href":"https:\/\/elregionalvm.com.ar\/noticias-villa-maria\/wp-json\/wp\/v2\/users\/4"}],"replies":[{"embeddable":true,"href":"https:\/\/elregionalvm.com.ar\/noticias-villa-maria\/wp-json\/wp\/v2\/comments?post=97464"}],"version-history":[{"count":1,"href":"https:\/\/elregionalvm.com.ar\/noticias-villa-maria\/wp-json\/wp\/v2\/posts\/97464\/revisions"}],"predecessor-version":[{"id":97465,"href":"https:\/\/elregionalvm.com.ar\/noticias-villa-maria\/wp-json\/wp\/v2\/posts\/97464\/revisions\/97465"}],"wp:featuredmedia":[{"embeddable":true,"href":"https:\/\/elregionalvm.com.ar\/noticias-villa-maria\/wp-json\/wp\/v2\/media\/86966"}],"wp:attachment":[{"href":"https:\/\/elregionalvm.com.ar\/noticias-villa-maria\/wp-json\/wp\/v2\/media?parent=97464"}],"wp:term":[{"taxonomy":"category","embeddable":true,"href":"https:\/\/elregionalvm.com.ar\/noticias-villa-maria\/wp-json\/wp\/v2\/categories?post=97464"},{"taxonomy":"post_tag","embeddable":true,"href":"https:\/\/elregionalvm.com.ar\/noticias-villa-maria\/wp-json\/wp\/v2\/tags?post=97464"}],"curies":[{"name":"wp","href":"https:\/\/api.w.org\/{rel}","templated":true}]}}