{"id":97466,"date":"2024-08-15T15:59:15","date_gmt":"2024-08-15T15:59:15","guid":{"rendered":"https:\/\/elregionalvm.com.ar\/noticias-villa-maria\/?p=97466"},"modified":"2024-08-15T15:59:17","modified_gmt":"2024-08-15T15:59:17","slug":"se-presento-el-primer-consultorio-de-medicina-digital-mixta-de-la-asistencia-publica","status":"publish","type":"post","link":"https:\/\/elregionalvm.com.ar\/noticias-villa-maria\/se-presento-el-primer-consultorio-de-medicina-digital-mixta-de-la-asistencia-publica\/","title":{"rendered":"Se present\u00f3 el primer consultorio de Medicina Digital Mixta de la asistencia p\u00fablica"},"content":{"rendered":"\n<p>El intendente Eduardo Accastello encabez\u00f3 la puesta en marcha oficial de la nueva prestaci\u00f3n de salud que implementa la Asistencia P\u00fablica de Villa Mar\u00eda.<\/p>\n\n\n\n<p>Los detalles de la innovadora iniciativa sanitaria fueron brindados en el Sal\u00f3n Blanco del Palacio Municipal, en una ceremonia de la que tambi\u00e9n participaron el secretario de Salud, C\u00e9sar Rivera y el representante de RE, Emergencias M\u00e9dicas, Emanuel Romero.<\/p>\n\n\n\n<figure class=\"wp-block-image size-large\"><img data-recalc-dims=\"1\" fetchpriority=\"high\" decoding=\"async\" width=\"1024\" height=\"639\" src=\"https:\/\/i0.wp.com\/elregionalvm.com.ar\/noticias-villa-maria\/wp-content\/uploads\/2024\/08\/WhatsApp-Image-2024-08-15-at-12.56.52.jpeg?resize=1024%2C639&#038;ssl=1\" alt=\"\" class=\"wp-image-97469\" srcset=\"https:\/\/i0.wp.com\/elregionalvm.com.ar\/noticias-villa-maria\/wp-content\/uploads\/2024\/08\/WhatsApp-Image-2024-08-15-at-12.56.52.jpeg?resize=1024%2C639&amp;ssl=1 1024w, https:\/\/i0.wp.com\/elregionalvm.com.ar\/noticias-villa-maria\/wp-content\/uploads\/2024\/08\/WhatsApp-Image-2024-08-15-at-12.56.52.jpeg?resize=300%2C187&amp;ssl=1 300w, https:\/\/i0.wp.com\/elregionalvm.com.ar\/noticias-villa-maria\/wp-content\/uploads\/2024\/08\/WhatsApp-Image-2024-08-15-at-12.56.52.jpeg?resize=768%2C479&amp;ssl=1 768w, https:\/\/i0.wp.com\/elregionalvm.com.ar\/noticias-villa-maria\/wp-content\/uploads\/2024\/08\/WhatsApp-Image-2024-08-15-at-12.56.52.jpeg?w=1177&amp;ssl=1 1177w\" sizes=\"(max-width: 1000px) 100vw, 1000px\" \/><\/figure>\n\n\n\n<p>Este novedoso sistema utiliza tecnolog\u00eda de vanguardia que mejora la accesibilidad, la eficiencia y la calidad de la atenci\u00f3n m\u00e9dica en el consultorio de la dependencia municipal, ubicada en calles Lisandro de la Torre y Catamarca.<\/p>\n\n\n\n<p>Al respecto, Accastello dijo: \u201cEsta propuesta se realiza en muy pocas ciudades de Argentina y tiene un efecto directo en nuestros vecinos. Tal como lo estamos haciendo mediante la utilizaci\u00f3n de la aplicaci\u00f3n 107VM, utilizamos tecnolog\u00eda de punta para resolver nuestros problemas cotidianos\u201d.<\/p>\n\n\n\n<p>\u201cCon la implementaci\u00f3n de moto-ambulancias logramos llegar con mayor velocidad a la atenci\u00f3n domiciliaria de manera eficiente e inteligente y, ahora, esos beneficios ser\u00e1n tambi\u00e9n para el paciente que se llega hasta la asistencia\u201d.<\/p>\n\n\n\n<p>\u201cLa salud, en nuestra Villa Mar\u00eda cada vez m\u00e1s humana, es un eje central y el sistema de Medicina Digital Mixta una herramienta innovadora para ayudar a resolver problemas cotidianos de los villamarienses\u201d, cerr\u00f3 el intendente municipal.<\/p>\n\n\n\n<p>A su turno, C\u00e9sar Rivera agreg\u00f3: \u201cla propuesta es una continuidad de la atenci\u00f3n domiciliaria que realizamos con el Servicio de Emergencias 107. Esta innovadora prestaci\u00f3n, aportar\u00e1 fluidez en la atenci\u00f3n de pacientes y lograr optimizar los tiempos a trav\u00e9s de la tecnolog\u00eda\u201d.<\/p>\n\n\n\n<p>Cabe se\u00f1alar que el modelo de atenci\u00f3n de Medicina Digital Mixta funcionar\u00e1 en la Asistencia P\u00fablica de lunes a viernes de 13 a 21 horas.<\/p>\n\n\n\n<figure class=\"wp-block-image size-large\"><img data-recalc-dims=\"1\" decoding=\"async\" width=\"1024\" height=\"682\" src=\"https:\/\/i0.wp.com\/elregionalvm.com.ar\/noticias-villa-maria\/wp-content\/uploads\/2024\/08\/WhatsApp-Image-2024-08-15-at-12.56.52-2.jpeg?resize=1024%2C682&#038;ssl=1\" alt=\"\" class=\"wp-image-97467\" srcset=\"https:\/\/i0.wp.com\/elregionalvm.com.ar\/noticias-villa-maria\/wp-content\/uploads\/2024\/08\/WhatsApp-Image-2024-08-15-at-12.56.52-2.jpeg?resize=1024%2C682&amp;ssl=1 1024w, https:\/\/i0.wp.com\/elregionalvm.com.ar\/noticias-villa-maria\/wp-content\/uploads\/2024\/08\/WhatsApp-Image-2024-08-15-at-12.56.52-2.jpeg?resize=300%2C200&amp;ssl=1 300w, https:\/\/i0.wp.com\/elregionalvm.com.ar\/noticias-villa-maria\/wp-content\/uploads\/2024\/08\/WhatsApp-Image-2024-08-15-at-12.56.52-2.jpeg?resize=768%2C512&amp;ssl=1 768w, https:\/\/i0.wp.com\/elregionalvm.com.ar\/noticias-villa-maria\/wp-content\/uploads\/2024\/08\/WhatsApp-Image-2024-08-15-at-12.56.52-2.jpeg?w=1280&amp;ssl=1 1280w\" sizes=\"(max-width: 1000px) 100vw, 1000px\" \/><\/figure>\n\n\n\n<p>Aplicaci\u00f3n 107VM<\/p>\n\n\n\n<p>Los vecinos de Villa Mar\u00eda pueden descargar y utilizar la aplicaci\u00f3n 107VM, para solicitar, de manera autom\u00e1tica, el servicio de moto-ambulancias ante emergencias m\u00e9dicas.<\/p>\n\n\n\n<p>Para utilizarla, es necesario descargar esta App desde Play Store o App Store y, una vez instalada, se deber\u00e1n registrar para luego poder iniciar sesi\u00f3n de forma r\u00e1pida y \u00e1gil.<\/p>\n\n\n\n<p>A continuaci\u00f3n, se har\u00e1 visible un bot\u00f3n de color rojo para solicitar el servicio, el cual mediante geo-localizaci\u00f3n permitir\u00e1 que los param\u00e9dicos conozcan donde deben asistir; en un primer momento, se enviar\u00e1n las motos ambulancias y, en caso de ser necesario, acudir\u00e1 una ambulancia al lugar.<\/p>\n\n\n\n<p>Es importante destacar que los profesionales de la salud que llegan a los domicilios est\u00e1n equipados con un equipo desfibrilador autom\u00e1tico (DEA) y una tablet, mediante la cual pueden comunicarse con un m\u00e9dico con el objetivo de realizar una videoconsulta y generar recetas electr\u00f3nicas.<\/p>\n\n\n\n<p>Cabe mencionar que tambi\u00e9n se puede acceder mediante un llamado al n\u00famero 107, y es necesario recordar que, tanto el uso de esta app como de la v\u00eda telef\u00f3nica, debe ser responsable y s\u00f3lo ante emergencias, para no generar interferencias ni demoras.<\/p>\n","protected":false},"excerpt":{"rendered":"<p>El intendente Eduardo Accastello encabez\u00f3 la puesta en marcha oficial de la nueva prestaci\u00f3n de salud que implementa la Asistencia P\u00fablica de Villa Mar\u00eda. Los detalles de la innovadora iniciativa sanitaria fueron brindados en el Sal\u00f3n Blanco del Palacio Municipal, en una ceremonia de la que tambi\u00e9n participaron el secretario de Salud, C\u00e9sar Rivera y [&hellip;]<\/p>\n","protected":false},"author":4,"featured_media":97468,"comment_status":"open","ping_status":"open","sticky":false,"template":"","format":"standard","meta":{"site-sidebar-layout":"default","site-content-layout":"","ast-site-content-layout":"default","site-content-style":"default","site-sidebar-style":"default","ast-global-header-display":"","ast-banner-title-visibility":"","ast-main-header-display":"","ast-hfb-above-header-display":"","ast-hfb-below-header-display":"","ast-hfb-mobile-header-display":"","site-post-title":"","ast-breadcrumbs-content":"","ast-featured-img":"","footer-sml-layout":"","ast-disable-related-posts":"","theme-transparent-header-meta":"","adv-header-id-meta":"","stick-header-meta":"","header-above-stick-meta":"","header-main-stick-meta":"","header-below-stick-meta":"","astra-migrate-meta-layouts":"set","ast-page-background-enabled":"default","ast-page-background-meta":{"desktop":{"background-color":"","background-image":"","background-repeat":"repeat","background-position":"center center","background-size":"auto","background-attachment":"scroll","background-type":"","background-media":"","overlay-type":"","overlay-color":"","overlay-opacity":"","overlay-gradient":""},"tablet":{"background-color":"","background-image":"","background-repeat":"repeat","background-position":"center center","background-size":"auto","background-attachment":"scroll","background-type":"","background-media":"","overlay-type":"","overlay-color":"","overlay-opacity":"","overlay-gradient":""},"mobile":{"background-color":"","background-image":"","background-repeat":"repeat","background-position":"center center","background-size":"auto","background-attachment":"scroll","background-type":"","background-media":"","overlay-type":"","overlay-color":"","overlay-opacity":"","overlay-gradient":""}},"ast-content-background-meta":{"desktop":{"background-color":"var(--ast-global-color-5)","background-image":"","background-repeat":"repeat","background-position":"center center","background-size":"auto","background-attachment":"scroll","background-type":"","background-media":"","overlay-type":"","overlay-color":"","overlay-opacity":"","overlay-gradient":""},"tablet":{"background-color":"var(--ast-global-color-5)","background-image":"","background-repeat":"repeat","background-position":"center center","background-size":"auto","background-attachment":"scroll","background-type":"","background-media":"","overlay-type":"","overlay-color":"","overlay-opacity":"","overlay-gradient":""},"mobile":{"background-color":"var(--ast-global-color-5)","background-image":"","background-repeat":"repeat","background-position":"center center","background-size":"auto","background-attachment":"scroll","background-type":"","background-media":"","overlay-type":"","overlay-color":"","overlay-opacity":"","overlay-gradient":""}},"_jetpack_memberships_contains_paid_content":false,"_joinchat":[],"footnotes":""},"categories":[15302,5,2],"tags":[],"class_list":["post-97466","post","type-post","status-publish","format-standard","has-post-thumbnail","hentry","category-destacado","category-sociedad","category-villa-maria"],"yoast_head":"<!-- This site is optimized with the Yoast SEO plugin v26.8 - https:\/\/yoast.com\/product\/yoast-seo-wordpress\/ -->\n<title>Se present\u00f3 el primer consultorio de Medicina Digital Mixta de la asistencia p\u00fablica - El Regional<\/title>\n<meta name=\"robots\" content=\"index, follow, max-snippet:-1, max-image-preview:large, max-video-preview:-1\" \/>\n<link rel=\"canonical\" href=\"https:\/\/elregionalvm.com.ar\/noticias-villa-maria\/se-presento-el-primer-consultorio-de-medicina-digital-mixta-de-la-asistencia-publica\/\" \/>\n<meta property=\"og:locale\" content=\"es_ES\" \/>\n<meta property=\"og:type\" content=\"article\" \/>\n<meta property=\"og:title\" content=\"Se present\u00f3 el primer consultorio de Medicina Digital Mixta de la asistencia p\u00fablica - El Regional\" \/>\n<meta property=\"og:description\" content=\"El intendente Eduardo Accastello encabez\u00f3 la puesta en marcha oficial de la nueva prestaci\u00f3n de salud que implementa la Asistencia P\u00fablica de Villa Mar\u00eda. Los detalles de la innovadora iniciativa sanitaria fueron brindados en el Sal\u00f3n Blanco del Palacio Municipal, en una ceremonia de la que tambi\u00e9n participaron el secretario de Salud, C\u00e9sar Rivera y [&hellip;]\" \/>\n<meta property=\"og:url\" content=\"https:\/\/elregionalvm.com.ar\/noticias-villa-maria\/se-presento-el-primer-consultorio-de-medicina-digital-mixta-de-la-asistencia-publica\/\" \/>\n<meta property=\"og:site_name\" content=\"El Regional\" \/>\n<meta property=\"article:publisher\" content=\"https:\/\/www.facebook.com\/elregionalvm\" \/>\n<meta property=\"article:published_time\" content=\"2024-08-15T15:59:15+00:00\" \/>\n<meta property=\"article:modified_time\" content=\"2024-08-15T15:59:17+00:00\" \/>\n<meta property=\"og:image\" content=\"https:\/\/elregionalvm.com.ar\/noticias-villa-maria\/wp-content\/uploads\/2024\/08\/WhatsApp-Image-2024-08-15-at-12.56.52-1.jpeg\" \/>\n\t<meta property=\"og:image:width\" content=\"1188\" \/>\n\t<meta property=\"og:image:height\" content=\"853\" \/>\n\t<meta property=\"og:image:type\" content=\"image\/jpeg\" \/>\n<meta name=\"author\" content=\"Contenidos El Regional\" \/>\n<meta name=\"twitter:card\" content=\"summary_large_image\" \/>\n<meta name=\"twitter:creator\" content=\"@elregionalvm1\" \/>\n<meta name=\"twitter:site\" content=\"@elregionalvm1\" \/>\n<meta name=\"twitter:label1\" content=\"Escrito por\" \/>\n\t<meta name=\"twitter:data1\" content=\"Contenidos El Regional\" \/>\n\t<meta name=\"twitter:label2\" content=\"Tiempo de lectura\" \/>\n\t<meta name=\"twitter:data2\" content=\"3 minutos\" \/>\n<script type=\"application\/ld+json\" class=\"yoast-schema-graph\">{\"@context\":\"https:\/\/schema.org\",\"@graph\":[{\"@type\":\"Article\",\"@id\":\"https:\/\/elregionalvm.com.ar\/noticias-villa-maria\/se-presento-el-primer-consultorio-de-medicina-digital-mixta-de-la-asistencia-publica\/#article\",\"isPartOf\":{\"@id\":\"https:\/\/elregionalvm.com.ar\/noticias-villa-maria\/se-presento-el-primer-consultorio-de-medicina-digital-mixta-de-la-asistencia-publica\/\"},\"author\":{\"name\":\"Contenidos El Regional\",\"@id\":\"http:\/\/elregionalvm.com.ar\/noticias-villa-maria\/#\/schema\/person\/a0fb9c422317faca23d50163151bc354\"},\"headline\":\"Se present\u00f3 el primer consultorio de Medicina Digital Mixta de la asistencia p\u00fablica\",\"datePublished\":\"2024-08-15T15:59:15+00:00\",\"dateModified\":\"2024-08-15T15:59:17+00:00\",\"mainEntityOfPage\":{\"@id\":\"https:\/\/elregionalvm.com.ar\/noticias-villa-maria\/se-presento-el-primer-consultorio-de-medicina-digital-mixta-de-la-asistencia-publica\/\"},\"wordCount\":529,\"commentCount\":0,\"image\":{\"@id\":\"https:\/\/elregionalvm.com.ar\/noticias-villa-maria\/se-presento-el-primer-consultorio-de-medicina-digital-mixta-de-la-asistencia-publica\/#primaryimage\"},\"thumbnailUrl\":\"https:\/\/i0.wp.com\/elregionalvm.com.ar\/noticias-villa-maria\/wp-content\/uploads\/2024\/08\/WhatsApp-Image-2024-08-15-at-12.56.52-1.jpeg?fit=1188%2C853&ssl=1\",\"articleSection\":[\"destacado\",\"Sociedad\",\"Villa Mar\u00eda\"],\"inLanguage\":\"es\",\"potentialAction\":[{\"@type\":\"CommentAction\",\"name\":\"Comment\",\"target\":[\"https:\/\/elregionalvm.com.ar\/noticias-villa-maria\/se-presento-el-primer-consultorio-de-medicina-digital-mixta-de-la-asistencia-publica\/#respond\"]}]},{\"@type\":\"WebPage\",\"@id\":\"https:\/\/elregionalvm.com.ar\/noticias-villa-maria\/se-presento-el-primer-consultorio-de-medicina-digital-mixta-de-la-asistencia-publica\/\",\"url\":\"https:\/\/elregionalvm.com.ar\/noticias-villa-maria\/se-presento-el-primer-consultorio-de-medicina-digital-mixta-de-la-asistencia-publica\/\",\"name\":\"Se present\u00f3 el primer consultorio de Medicina Digital Mixta de la asistencia p\u00fablica - El Regional\",\"isPartOf\":{\"@id\":\"http:\/\/elregionalvm.com.ar\/noticias-villa-maria\/#website\"},\"primaryImageOfPage\":{\"@id\":\"https:\/\/elregionalvm.com.ar\/noticias-villa-maria\/se-presento-el-primer-consultorio-de-medicina-digital-mixta-de-la-asistencia-publica\/#primaryimage\"},\"image\":{\"@id\":\"https:\/\/elregionalvm.com.ar\/noticias-villa-maria\/se-presento-el-primer-consultorio-de-medicina-digital-mixta-de-la-asistencia-publica\/#primaryimage\"},\"thumbnailUrl\":\"https:\/\/i0.wp.com\/elregionalvm.com.ar\/noticias-villa-maria\/wp-content\/uploads\/2024\/08\/WhatsApp-Image-2024-08-15-at-12.56.52-1.jpeg?fit=1188%2C853&ssl=1\",\"datePublished\":\"2024-08-15T15:59:15+00:00\",\"dateModified\":\"2024-08-15T15:59:17+00:00\",\"author\":{\"@id\":\"http:\/\/elregionalvm.com.ar\/noticias-villa-maria\/#\/schema\/person\/a0fb9c422317faca23d50163151bc354\"},\"breadcrumb\":{\"@id\":\"https:\/\/elregionalvm.com.ar\/noticias-villa-maria\/se-presento-el-primer-consultorio-de-medicina-digital-mixta-de-la-asistencia-publica\/#breadcrumb\"},\"inLanguage\":\"es\",\"potentialAction\":[{\"@type\":\"ReadAction\",\"target\":[\"https:\/\/elregionalvm.com.ar\/noticias-villa-maria\/se-presento-el-primer-consultorio-de-medicina-digital-mixta-de-la-asistencia-publica\/\"]}]},{\"@type\":\"ImageObject\",\"inLanguage\":\"es\",\"@id\":\"https:\/\/elregionalvm.com.ar\/noticias-villa-maria\/se-presento-el-primer-consultorio-de-medicina-digital-mixta-de-la-asistencia-publica\/#primaryimage\",\"url\":\"https:\/\/i0.wp.com\/elregionalvm.com.ar\/noticias-villa-maria\/wp-content\/uploads\/2024\/08\/WhatsApp-Image-2024-08-15-at-12.56.52-1.jpeg?fit=1188%2C853&ssl=1\",\"contentUrl\":\"https:\/\/i0.wp.com\/elregionalvm.com.ar\/noticias-villa-maria\/wp-content\/uploads\/2024\/08\/WhatsApp-Image-2024-08-15-at-12.56.52-1.jpeg?fit=1188%2C853&ssl=1\",\"width\":1188,\"height\":853},{\"@type\":\"BreadcrumbList\",\"@id\":\"https:\/\/elregionalvm.com.ar\/noticias-villa-maria\/se-presento-el-primer-consultorio-de-medicina-digital-mixta-de-la-asistencia-publica\/#breadcrumb\",\"itemListElement\":[{\"@type\":\"ListItem\",\"position\":1,\"name\":\"Portada\",\"item\":\"https:\/\/elregionalvm.com.ar\/noticias-villa-maria\/\"},{\"@type\":\"ListItem\",\"position\":2,\"name\":\"Se present\u00f3 el primer consultorio de Medicina Digital Mixta de la asistencia p\u00fablica\"}]},{\"@type\":\"WebSite\",\"@id\":\"http:\/\/elregionalvm.com.ar\/noticias-villa-maria\/#website\",\"url\":\"http:\/\/elregionalvm.com.ar\/noticias-villa-maria\/\",\"name\":\"El Regional\",\"description\":\"Mucho m\u00e1s que informaci\u00f3n\",\"potentialAction\":[{\"@type\":\"SearchAction\",\"target\":{\"@type\":\"EntryPoint\",\"urlTemplate\":\"http:\/\/elregionalvm.com.ar\/noticias-villa-maria\/?s={search_term_string}\"},\"query-input\":{\"@type\":\"PropertyValueSpecification\",\"valueRequired\":true,\"valueName\":\"search_term_string\"}}],\"inLanguage\":\"es\"},{\"@type\":\"Person\",\"@id\":\"http:\/\/elregionalvm.com.ar\/noticias-villa-maria\/#\/schema\/person\/a0fb9c422317faca23d50163151bc354\",\"name\":\"Contenidos El Regional\",\"image\":{\"@type\":\"ImageObject\",\"inLanguage\":\"es\",\"@id\":\"http:\/\/elregionalvm.com.ar\/noticias-villa-maria\/#\/schema\/person\/image\/\",\"url\":\"https:\/\/secure.gravatar.com\/avatar\/265b27cb2209af7bb3a1318f03305787d7981a5cc6e6cd08fe5a4ecdf99d4b48?s=96&d=mm&r=g\",\"contentUrl\":\"https:\/\/secure.gravatar.com\/avatar\/265b27cb2209af7bb3a1318f03305787d7981a5cc6e6cd08fe5a4ecdf99d4b48?s=96&d=mm&r=g\",\"caption\":\"Contenidos El Regional\"},\"url\":\"https:\/\/elregionalvm.com.ar\/noticias-villa-maria\/author\/contenido\/\"}]}<\/script>\n<!-- \/ Yoast SEO plugin. -->","yoast_head_json":{"title":"Se present\u00f3 el primer consultorio de Medicina Digital Mixta de la asistencia p\u00fablica - El Regional","robots":{"index":"index","follow":"follow","max-snippet":"max-snippet:-1","max-image-preview":"max-image-preview:large","max-video-preview":"max-video-preview:-1"},"canonical":"https:\/\/elregionalvm.com.ar\/noticias-villa-maria\/se-presento-el-primer-consultorio-de-medicina-digital-mixta-de-la-asistencia-publica\/","og_locale":"es_ES","og_type":"article","og_title":"Se present\u00f3 el primer consultorio de Medicina Digital Mixta de la asistencia p\u00fablica - El Regional","og_description":"El intendente Eduardo Accastello encabez\u00f3 la puesta en marcha oficial de la nueva prestaci\u00f3n de salud que implementa la Asistencia P\u00fablica de Villa Mar\u00eda. Los detalles de la innovadora iniciativa sanitaria fueron brindados en el Sal\u00f3n Blanco del Palacio Municipal, en una ceremonia de la que tambi\u00e9n participaron el secretario de Salud, C\u00e9sar Rivera y [&hellip;]","og_url":"https:\/\/elregionalvm.com.ar\/noticias-villa-maria\/se-presento-el-primer-consultorio-de-medicina-digital-mixta-de-la-asistencia-publica\/","og_site_name":"El Regional","article_publisher":"https:\/\/www.facebook.com\/elregionalvm","article_published_time":"2024-08-15T15:59:15+00:00","article_modified_time":"2024-08-15T15:59:17+00:00","og_image":[{"width":1188,"height":853,"url":"https:\/\/elregionalvm.com.ar\/noticias-villa-maria\/wp-content\/uploads\/2024\/08\/WhatsApp-Image-2024-08-15-at-12.56.52-1.jpeg","type":"image\/jpeg"}],"author":"Contenidos El Regional","twitter_card":"summary_large_image","twitter_creator":"@elregionalvm1","twitter_site":"@elregionalvm1","twitter_misc":{"Escrito por":"Contenidos El Regional","Tiempo de lectura":"3 minutos"},"schema":{"@context":"https:\/\/schema.org","@graph":[{"@type":"Article","@id":"https:\/\/elregionalvm.com.ar\/noticias-villa-maria\/se-presento-el-primer-consultorio-de-medicina-digital-mixta-de-la-asistencia-publica\/#article","isPartOf":{"@id":"https:\/\/elregionalvm.com.ar\/noticias-villa-maria\/se-presento-el-primer-consultorio-de-medicina-digital-mixta-de-la-asistencia-publica\/"},"author":{"name":"Contenidos El Regional","@id":"http:\/\/elregionalvm.com.ar\/noticias-villa-maria\/#\/schema\/person\/a0fb9c422317faca23d50163151bc354"},"headline":"Se present\u00f3 el primer consultorio de Medicina Digital Mixta de la asistencia p\u00fablica","datePublished":"2024-08-15T15:59:15+00:00","dateModified":"2024-08-15T15:59:17+00:00","mainEntityOfPage":{"@id":"https:\/\/elregionalvm.com.ar\/noticias-villa-maria\/se-presento-el-primer-consultorio-de-medicina-digital-mixta-de-la-asistencia-publica\/"},"wordCount":529,"commentCount":0,"image":{"@id":"https:\/\/elregionalvm.com.ar\/noticias-villa-maria\/se-presento-el-primer-consultorio-de-medicina-digital-mixta-de-la-asistencia-publica\/#primaryimage"},"thumbnailUrl":"https:\/\/i0.wp.com\/elregionalvm.com.ar\/noticias-villa-maria\/wp-content\/uploads\/2024\/08\/WhatsApp-Image-2024-08-15-at-12.56.52-1.jpeg?fit=1188%2C853&ssl=1","articleSection":["destacado","Sociedad","Villa Mar\u00eda"],"inLanguage":"es","potentialAction":[{"@type":"CommentAction","name":"Comment","target":["https:\/\/elregionalvm.com.ar\/noticias-villa-maria\/se-presento-el-primer-consultorio-de-medicina-digital-mixta-de-la-asistencia-publica\/#respond"]}]},{"@type":"WebPage","@id":"https:\/\/elregionalvm.com.ar\/noticias-villa-maria\/se-presento-el-primer-consultorio-de-medicina-digital-mixta-de-la-asistencia-publica\/","url":"https:\/\/elregionalvm.com.ar\/noticias-villa-maria\/se-presento-el-primer-consultorio-de-medicina-digital-mixta-de-la-asistencia-publica\/","name":"Se present\u00f3 el primer consultorio de Medicina Digital Mixta de la asistencia p\u00fablica - El Regional","isPartOf":{"@id":"http:\/\/elregionalvm.com.ar\/noticias-villa-maria\/#website"},"primaryImageOfPage":{"@id":"https:\/\/elregionalvm.com.ar\/noticias-villa-maria\/se-presento-el-primer-consultorio-de-medicina-digital-mixta-de-la-asistencia-publica\/#primaryimage"},"image":{"@id":"https:\/\/elregionalvm.com.ar\/noticias-villa-maria\/se-presento-el-primer-consultorio-de-medicina-digital-mixta-de-la-asistencia-publica\/#primaryimage"},"thumbnailUrl":"https:\/\/i0.wp.com\/elregionalvm.com.ar\/noticias-villa-maria\/wp-content\/uploads\/2024\/08\/WhatsApp-Image-2024-08-15-at-12.56.52-1.jpeg?fit=1188%2C853&ssl=1","datePublished":"2024-08-15T15:59:15+00:00","dateModified":"2024-08-15T15:59:17+00:00","author":{"@id":"http:\/\/elregionalvm.com.ar\/noticias-villa-maria\/#\/schema\/person\/a0fb9c422317faca23d50163151bc354"},"breadcrumb":{"@id":"https:\/\/elregionalvm.com.ar\/noticias-villa-maria\/se-presento-el-primer-consultorio-de-medicina-digital-mixta-de-la-asistencia-publica\/#breadcrumb"},"inLanguage":"es","potentialAction":[{"@type":"ReadAction","target":["https:\/\/elregionalvm.com.ar\/noticias-villa-maria\/se-presento-el-primer-consultorio-de-medicina-digital-mixta-de-la-asistencia-publica\/"]}]},{"@type":"ImageObject","inLanguage":"es","@id":"https:\/\/elregionalvm.com.ar\/noticias-villa-maria\/se-presento-el-primer-consultorio-de-medicina-digital-mixta-de-la-asistencia-publica\/#primaryimage","url":"https:\/\/i0.wp.com\/elregionalvm.com.ar\/noticias-villa-maria\/wp-content\/uploads\/2024\/08\/WhatsApp-Image-2024-08-15-at-12.56.52-1.jpeg?fit=1188%2C853&ssl=1","contentUrl":"https:\/\/i0.wp.com\/elregionalvm.com.ar\/noticias-villa-maria\/wp-content\/uploads\/2024\/08\/WhatsApp-Image-2024-08-15-at-12.56.52-1.jpeg?fit=1188%2C853&ssl=1","width":1188,"height":853},{"@type":"BreadcrumbList","@id":"https:\/\/elregionalvm.com.ar\/noticias-villa-maria\/se-presento-el-primer-consultorio-de-medicina-digital-mixta-de-la-asistencia-publica\/#breadcrumb","itemListElement":[{"@type":"ListItem","position":1,"name":"Portada","item":"https:\/\/elregionalvm.com.ar\/noticias-villa-maria\/"},{"@type":"ListItem","position":2,"name":"Se present\u00f3 el primer consultorio de Medicina Digital Mixta de la asistencia p\u00fablica"}]},{"@type":"WebSite","@id":"http:\/\/elregionalvm.com.ar\/noticias-villa-maria\/#website","url":"http:\/\/elregionalvm.com.ar\/noticias-villa-maria\/","name":"El Regional","description":"Mucho m\u00e1s que informaci\u00f3n","potentialAction":[{"@type":"SearchAction","target":{"@type":"EntryPoint","urlTemplate":"http:\/\/elregionalvm.com.ar\/noticias-villa-maria\/?s={search_term_string}"},"query-input":{"@type":"PropertyValueSpecification","valueRequired":true,"valueName":"search_term_string"}}],"inLanguage":"es"},{"@type":"Person","@id":"http:\/\/elregionalvm.com.ar\/noticias-villa-maria\/#\/schema\/person\/a0fb9c422317faca23d50163151bc354","name":"Contenidos El Regional","image":{"@type":"ImageObject","inLanguage":"es","@id":"http:\/\/elregionalvm.com.ar\/noticias-villa-maria\/#\/schema\/person\/image\/","url":"https:\/\/secure.gravatar.com\/avatar\/265b27cb2209af7bb3a1318f03305787d7981a5cc6e6cd08fe5a4ecdf99d4b48?s=96&d=mm&r=g","contentUrl":"https:\/\/secure.gravatar.com\/avatar\/265b27cb2209af7bb3a1318f03305787d7981a5cc6e6cd08fe5a4ecdf99d4b48?s=96&d=mm&r=g","caption":"Contenidos El Regional"},"url":"https:\/\/elregionalvm.com.ar\/noticias-villa-maria\/author\/contenido\/"}]}},"jetpack_featured_media_url":"https:\/\/i0.wp.com\/elregionalvm.com.ar\/noticias-villa-maria\/wp-content\/uploads\/2024\/08\/WhatsApp-Image-2024-08-15-at-12.56.52-1.jpeg?fit=1188%2C853&ssl=1","jetpack_sharing_enabled":true,"_links":{"self":[{"href":"https:\/\/elregionalvm.com.ar\/noticias-villa-maria\/wp-json\/wp\/v2\/posts\/97466","targetHints":{"allow":["GET"]}}],"collection":[{"href":"https:\/\/elregionalvm.com.ar\/noticias-villa-maria\/wp-json\/wp\/v2\/posts"}],"about":[{"href":"https:\/\/elregionalvm.com.ar\/noticias-villa-maria\/wp-json\/wp\/v2\/types\/post"}],"author":[{"embeddable":true,"href":"https:\/\/elregionalvm.com.ar\/noticias-villa-maria\/wp-json\/wp\/v2\/users\/4"}],"replies":[{"embeddable":true,"href":"https:\/\/elregionalvm.com.ar\/noticias-villa-maria\/wp-json\/wp\/v2\/comments?post=97466"}],"version-history":[{"count":1,"href":"https:\/\/elregionalvm.com.ar\/noticias-villa-maria\/wp-json\/wp\/v2\/posts\/97466\/revisions"}],"predecessor-version":[{"id":97470,"href":"https:\/\/elregionalvm.com.ar\/noticias-villa-maria\/wp-json\/wp\/v2\/posts\/97466\/revisions\/97470"}],"wp:featuredmedia":[{"embeddable":true,"href":"https:\/\/elregionalvm.com.ar\/noticias-villa-maria\/wp-json\/wp\/v2\/media\/97468"}],"wp:attachment":[{"href":"https:\/\/elregionalvm.com.ar\/noticias-villa-maria\/wp-json\/wp\/v2\/media?parent=97466"}],"wp:term":[{"taxonomy":"category","embeddable":true,"href":"https:\/\/elregionalvm.com.ar\/noticias-villa-maria\/wp-json\/wp\/v2\/categories?post=97466"},{"taxonomy":"post_tag","embeddable":true,"href":"https:\/\/elregionalvm.com.ar\/noticias-villa-maria\/wp-json\/wp\/v2\/tags?post=97466"}],"curies":[{"name":"wp","href":"https:\/\/api.w.org\/{rel}","templated":true}]}}