{"id":97482,"date":"2024-08-15T16:16:51","date_gmt":"2024-08-15T16:16:51","guid":{"rendered":"https:\/\/elregionalvm.com.ar\/noticias-villa-maria\/?p=97482"},"modified":"2024-08-15T16:23:42","modified_gmt":"2024-08-15T16:23:42","slug":"llega-una-nueva-edicion-de-la-feria-de-economia-circular-textil-y-se-suma-un-taller-de-arte","status":"publish","type":"post","link":"https:\/\/elregionalvm.com.ar\/noticias-villa-maria\/llega-una-nueva-edicion-de-la-feria-de-economia-circular-textil-y-se-suma-un-taller-de-arte\/","title":{"rendered":"Llega una nueva edici\u00f3n de la Feria de Econom\u00eda Circular Textil y se suma un taller de arte"},"content":{"rendered":"\n<p>El pr\u00f3ximo s\u00e1bado se llevar\u00e1 a cabo una nueva edici\u00f3n de la Feria de Econom\u00eda Circular Textil del Instituto Libre del Ambiente (ILA) en el Centro Cultural Leonardo Favio. La actividad est\u00e1 prevista para iniciar a las 14:00 horas y se extender\u00e1 hasta las 19:00 horas.<\/p>\n\n\n\n<p>Cabe recordar que la econom\u00eda circular es un modelo que busca transformar la manera en que producimos y consumimos, alentando las pr\u00e1cticas de reutilizar, reparar y reciclar productos y materias primas ya existentes con el prop\u00f3sito de cuidar los recursos naturales y reducir la contaminaci\u00f3n de nuestro planeta.<\/p>\n\n\n\n<figure class=\"wp-block-image size-large\"><img data-recalc-dims=\"1\" fetchpriority=\"high\" decoding=\"async\" width=\"576\" height=\"1024\" src=\"https:\/\/i0.wp.com\/elregionalvm.com.ar\/noticias-villa-maria\/wp-content\/uploads\/2024\/08\/WhatsApp-Image-2024-08-15-at-09.52.59.jpeg?resize=576%2C1024&#038;ssl=1\" alt=\"\" class=\"wp-image-97483\" srcset=\"https:\/\/i0.wp.com\/elregionalvm.com.ar\/noticias-villa-maria\/wp-content\/uploads\/2024\/08\/WhatsApp-Image-2024-08-15-at-09.52.59.jpeg?resize=576%2C1024&amp;ssl=1 576w, https:\/\/i0.wp.com\/elregionalvm.com.ar\/noticias-villa-maria\/wp-content\/uploads\/2024\/08\/WhatsApp-Image-2024-08-15-at-09.52.59.jpeg?resize=169%2C300&amp;ssl=1 169w, https:\/\/i0.wp.com\/elregionalvm.com.ar\/noticias-villa-maria\/wp-content\/uploads\/2024\/08\/WhatsApp-Image-2024-08-15-at-09.52.59.jpeg?resize=768%2C1365&amp;ssl=1 768w, https:\/\/i0.wp.com\/elregionalvm.com.ar\/noticias-villa-maria\/wp-content\/uploads\/2024\/08\/WhatsApp-Image-2024-08-15-at-09.52.59.jpeg?w=810&amp;ssl=1 810w\" sizes=\"(max-width: 576px) 100vw, 576px\" \/><\/figure>\n\n\n\n<p>En el marco de esta tendencia, cada vez m\u00e1s difundida y valorada, la feria incentiva la moda circular, promoviendo la reutilizaci\u00f3n de prendas en excelente estado y la sostenibilidad en el consumo de indumentaria.<\/p>\n\n\n\n<p>La idea de este sistema de compra y venta es tanto otorgar una nueva oportunidad a prendas de vestir, zapatos y accesorios de calidad, como crear oportunidades para fomentar la econom\u00eda y la conciencia ambiental.<\/p>\n\n\n\n<p>Es importante destacar que, a partir de este s\u00e1bado, la Feria de Econom\u00eda Circular Textil del ILA se llevar\u00e1 a cabo una vez por mes en el Centro Cultural Leonardo Favio, ofreciendo puestos de venta de prendas usadas y vintage para toda la familia, adem\u00e1s de puestos de reparaci\u00f3n textil a cargo de costureras locales expertas.<\/p>\n\n\n\n<p>Taller de Arte<\/p>\n\n\n\n<p>Asimismo, en esta edici\u00f3n de agosto, tambi\u00e9n se celebrar\u00e1 el D\u00eda de las Infancias con un Taller de Arte donde se realizar\u00e1n eco-esculturas con material recuperado.<\/p>\n\n\n\n<p>Esta actividad est\u00e1 orientada a ni\u00f1as y ni\u00f1os de 4 a 12 a\u00f1os acompa\u00f1ados por un adulto, en la que intervendr\u00e1n figuras geom\u00e9tricas para construir esculturas de cart\u00f3n, que luego podr\u00e1n llevarse a casa para jugar.<\/p>\n\n\n\n<p>La actividad ser\u00e1 libre y gratuita y se llevar\u00e1 a cabo de 15:00 a 17:00 horas en el Centro Cultural Comunitario Leonardo Favio.<\/p>\n\n\n\n<p>Por otro lado, a trav\u00e9s del ILA, el Ministerio de Ambiente y Econom\u00eda Circular de la provincia de C\u00f3rdoba dictar\u00e1 en nuestra ciudad una Capacitaci\u00f3n en Circularidad Textil, enfocada en brindar conocimientos para la elaboraci\u00f3n de productos mediante el reciclaje y la reutilizaci\u00f3n de retazos textiles, adem\u00e1s de adquirir habilidades pr\u00e1cticas y competencias que permitan generar un emprendimiento verde desde cero o mejorar uno existente, comercializando productos sustentables y de calidad.<\/p>\n\n\n\n<p>Esta propuesta es parte del programa IMPULSA, impulsado por el Ministerio, y Villa Mar\u00eda ser\u00e1 uno de los 10 primeros municipios seleccionados para iniciar la capacitaci\u00f3n en el mes de septiembre.<\/p>\n\n\n\n<p>Las personas interesadas en esta propuesta gratuita, que tiene una duraci\u00f3n de 3 meses, pueden ponerse en contacto al siguiente correo para solicitar informaci\u00f3n: institutolibredelambiente.vm@gmail.com<\/p>\n","protected":false},"excerpt":{"rendered":"<p>El pr\u00f3ximo s\u00e1bado se llevar\u00e1 a cabo una nueva edici\u00f3n de la Feria de Econom\u00eda Circular Textil del Instituto Libre del Ambiente (ILA) en el Centro Cultural Leonardo Favio. La actividad est\u00e1 prevista para iniciar a las 14:00 horas y se extender\u00e1 hasta las 19:00 horas. Cabe recordar que la econom\u00eda circular es un modelo [&hellip;]<\/p>\n","protected":false},"author":4,"featured_media":97484,"comment_status":"open","ping_status":"open","sticky":false,"template":"","format":"standard","meta":{"site-sidebar-layout":"default","site-content-layout":"","ast-site-content-layout":"default","site-content-style":"default","site-sidebar-style":"default","ast-global-header-display":"","ast-banner-title-visibility":"","ast-main-header-display":"","ast-hfb-above-header-display":"","ast-hfb-below-header-display":"","ast-hfb-mobile-header-display":"","site-post-title":"","ast-breadcrumbs-content":"","ast-featured-img":"","footer-sml-layout":"","ast-disable-related-posts":"","theme-transparent-header-meta":"","adv-header-id-meta":"","stick-header-meta":"","header-above-stick-meta":"","header-main-stick-meta":"","header-below-stick-meta":"","astra-migrate-meta-layouts":"set","ast-page-background-enabled":"default","ast-page-background-meta":{"desktop":{"background-color":"","background-image":"","background-repeat":"repeat","background-position":"center center","background-size":"auto","background-attachment":"scroll","background-type":"","background-media":"","overlay-type":"","overlay-color":"","overlay-opacity":"","overlay-gradient":""},"tablet":{"background-color":"","background-image":"","background-repeat":"repeat","background-position":"center center","background-size":"auto","background-attachment":"scroll","background-type":"","background-media":"","overlay-type":"","overlay-color":"","overlay-opacity":"","overlay-gradient":""},"mobile":{"background-color":"","background-image":"","background-repeat":"repeat","background-position":"center center","background-size":"auto","background-attachment":"scroll","background-type":"","background-media":"","overlay-type":"","overlay-color":"","overlay-opacity":"","overlay-gradient":""}},"ast-content-background-meta":{"desktop":{"background-color":"var(--ast-global-color-5)","background-image":"","background-repeat":"repeat","background-position":"center center","background-size":"auto","background-attachment":"scroll","background-type":"","background-media":"","overlay-type":"","overlay-color":"","overlay-opacity":"","overlay-gradient":""},"tablet":{"background-color":"var(--ast-global-color-5)","background-image":"","background-repeat":"repeat","background-position":"center center","background-size":"auto","background-attachment":"scroll","background-type":"","background-media":"","overlay-type":"","overlay-color":"","overlay-opacity":"","overlay-gradient":""},"mobile":{"background-color":"var(--ast-global-color-5)","background-image":"","background-repeat":"repeat","background-position":"center center","background-size":"auto","background-attachment":"scroll","background-type":"","background-media":"","overlay-type":"","overlay-color":"","overlay-opacity":"","overlay-gradient":""}},"_jetpack_memberships_contains_paid_content":false,"_joinchat":[],"footnotes":""},"categories":[5,2],"tags":[],"class_list":["post-97482","post","type-post","status-publish","format-standard","has-post-thumbnail","hentry","category-sociedad","category-villa-maria"],"yoast_head":"<!-- This site is optimized with the Yoast SEO plugin v26.8 - https:\/\/yoast.com\/product\/yoast-seo-wordpress\/ -->\n<title>Llega una nueva edici\u00f3n de la Feria de Econom\u00eda Circular Textil y se suma un taller de arte - El Regional<\/title>\n<meta name=\"robots\" content=\"index, follow, max-snippet:-1, max-image-preview:large, max-video-preview:-1\" \/>\n<link rel=\"canonical\" href=\"https:\/\/elregionalvm.com.ar\/noticias-villa-maria\/llega-una-nueva-edicion-de-la-feria-de-economia-circular-textil-y-se-suma-un-taller-de-arte\/\" \/>\n<meta property=\"og:locale\" content=\"es_ES\" \/>\n<meta property=\"og:type\" content=\"article\" \/>\n<meta property=\"og:title\" content=\"Llega una nueva edici\u00f3n de la Feria de Econom\u00eda Circular Textil y se suma un taller de arte - El Regional\" \/>\n<meta property=\"og:description\" content=\"El pr\u00f3ximo s\u00e1bado se llevar\u00e1 a cabo una nueva edici\u00f3n de la Feria de Econom\u00eda Circular Textil del Instituto Libre del Ambiente (ILA) en el Centro Cultural Leonardo Favio. La actividad est\u00e1 prevista para iniciar a las 14:00 horas y se extender\u00e1 hasta las 19:00 horas. Cabe recordar que la econom\u00eda circular es un modelo [&hellip;]\" \/>\n<meta property=\"og:url\" content=\"https:\/\/elregionalvm.com.ar\/noticias-villa-maria\/llega-una-nueva-edicion-de-la-feria-de-economia-circular-textil-y-se-suma-un-taller-de-arte\/\" \/>\n<meta property=\"og:site_name\" content=\"El Regional\" \/>\n<meta property=\"article:publisher\" content=\"https:\/\/www.facebook.com\/elregionalvm\" \/>\n<meta property=\"article:published_time\" content=\"2024-08-15T16:16:51+00:00\" \/>\n<meta property=\"article:modified_time\" content=\"2024-08-15T16:23:42+00:00\" \/>\n<meta property=\"og:image\" content=\"https:\/\/elregionalvm.com.ar\/noticias-villa-maria\/wp-content\/uploads\/2024\/08\/WhatsApp-Image-2024-08-15-at-09.52.58.jpeg\" \/>\n\t<meta property=\"og:image:width\" content=\"810\" \/>\n\t<meta property=\"og:image:height\" content=\"1440\" \/>\n\t<meta property=\"og:image:type\" content=\"image\/jpeg\" \/>\n<meta name=\"author\" content=\"Contenidos El Regional\" \/>\n<meta name=\"twitter:card\" content=\"summary_large_image\" \/>\n<meta name=\"twitter:creator\" content=\"@elregionalvm1\" \/>\n<meta name=\"twitter:site\" content=\"@elregionalvm1\" \/>\n<meta name=\"twitter:label1\" content=\"Escrito por\" \/>\n\t<meta name=\"twitter:data1\" content=\"Contenidos El Regional\" \/>\n\t<meta name=\"twitter:label2\" content=\"Tiempo de lectura\" \/>\n\t<meta name=\"twitter:data2\" content=\"3 minutos\" \/>\n<script type=\"application\/ld+json\" class=\"yoast-schema-graph\">{\"@context\":\"https:\/\/schema.org\",\"@graph\":[{\"@type\":\"Article\",\"@id\":\"https:\/\/elregionalvm.com.ar\/noticias-villa-maria\/llega-una-nueva-edicion-de-la-feria-de-economia-circular-textil-y-se-suma-un-taller-de-arte\/#article\",\"isPartOf\":{\"@id\":\"https:\/\/elregionalvm.com.ar\/noticias-villa-maria\/llega-una-nueva-edicion-de-la-feria-de-economia-circular-textil-y-se-suma-un-taller-de-arte\/\"},\"author\":{\"name\":\"Contenidos El Regional\",\"@id\":\"http:\/\/elregionalvm.com.ar\/noticias-villa-maria\/#\/schema\/person\/a0fb9c422317faca23d50163151bc354\"},\"headline\":\"Llega una nueva edici\u00f3n de la Feria de Econom\u00eda Circular Textil y se suma un taller de arte\",\"datePublished\":\"2024-08-15T16:16:51+00:00\",\"dateModified\":\"2024-08-15T16:23:42+00:00\",\"mainEntityOfPage\":{\"@id\":\"https:\/\/elregionalvm.com.ar\/noticias-villa-maria\/llega-una-nueva-edicion-de-la-feria-de-economia-circular-textil-y-se-suma-un-taller-de-arte\/\"},\"wordCount\":488,\"commentCount\":0,\"image\":{\"@id\":\"https:\/\/elregionalvm.com.ar\/noticias-villa-maria\/llega-una-nueva-edicion-de-la-feria-de-economia-circular-textil-y-se-suma-un-taller-de-arte\/#primaryimage\"},\"thumbnailUrl\":\"https:\/\/i0.wp.com\/elregionalvm.com.ar\/noticias-villa-maria\/wp-content\/uploads\/2024\/08\/WhatsApp-Image-2024-08-15-at-09.52.58.jpeg?fit=810%2C1440&ssl=1\",\"articleSection\":[\"Sociedad\",\"Villa Mar\u00eda\"],\"inLanguage\":\"es\",\"potentialAction\":[{\"@type\":\"CommentAction\",\"name\":\"Comment\",\"target\":[\"https:\/\/elregionalvm.com.ar\/noticias-villa-maria\/llega-una-nueva-edicion-de-la-feria-de-economia-circular-textil-y-se-suma-un-taller-de-arte\/#respond\"]}]},{\"@type\":\"WebPage\",\"@id\":\"https:\/\/elregionalvm.com.ar\/noticias-villa-maria\/llega-una-nueva-edicion-de-la-feria-de-economia-circular-textil-y-se-suma-un-taller-de-arte\/\",\"url\":\"https:\/\/elregionalvm.com.ar\/noticias-villa-maria\/llega-una-nueva-edicion-de-la-feria-de-economia-circular-textil-y-se-suma-un-taller-de-arte\/\",\"name\":\"Llega una nueva edici\u00f3n de la Feria de Econom\u00eda Circular Textil y se suma un taller de arte - El Regional\",\"isPartOf\":{\"@id\":\"http:\/\/elregionalvm.com.ar\/noticias-villa-maria\/#website\"},\"primaryImageOfPage\":{\"@id\":\"https:\/\/elregionalvm.com.ar\/noticias-villa-maria\/llega-una-nueva-edicion-de-la-feria-de-economia-circular-textil-y-se-suma-un-taller-de-arte\/#primaryimage\"},\"image\":{\"@id\":\"https:\/\/elregionalvm.com.ar\/noticias-villa-maria\/llega-una-nueva-edicion-de-la-feria-de-economia-circular-textil-y-se-suma-un-taller-de-arte\/#primaryimage\"},\"thumbnailUrl\":\"https:\/\/i0.wp.com\/elregionalvm.com.ar\/noticias-villa-maria\/wp-content\/uploads\/2024\/08\/WhatsApp-Image-2024-08-15-at-09.52.58.jpeg?fit=810%2C1440&ssl=1\",\"datePublished\":\"2024-08-15T16:16:51+00:00\",\"dateModified\":\"2024-08-15T16:23:42+00:00\",\"author\":{\"@id\":\"http:\/\/elregionalvm.com.ar\/noticias-villa-maria\/#\/schema\/person\/a0fb9c422317faca23d50163151bc354\"},\"breadcrumb\":{\"@id\":\"https:\/\/elregionalvm.com.ar\/noticias-villa-maria\/llega-una-nueva-edicion-de-la-feria-de-economia-circular-textil-y-se-suma-un-taller-de-arte\/#breadcrumb\"},\"inLanguage\":\"es\",\"potentialAction\":[{\"@type\":\"ReadAction\",\"target\":[\"https:\/\/elregionalvm.com.ar\/noticias-villa-maria\/llega-una-nueva-edicion-de-la-feria-de-economia-circular-textil-y-se-suma-un-taller-de-arte\/\"]}]},{\"@type\":\"ImageObject\",\"inLanguage\":\"es\",\"@id\":\"https:\/\/elregionalvm.com.ar\/noticias-villa-maria\/llega-una-nueva-edicion-de-la-feria-de-economia-circular-textil-y-se-suma-un-taller-de-arte\/#primaryimage\",\"url\":\"https:\/\/i0.wp.com\/elregionalvm.com.ar\/noticias-villa-maria\/wp-content\/uploads\/2024\/08\/WhatsApp-Image-2024-08-15-at-09.52.58.jpeg?fit=810%2C1440&ssl=1\",\"contentUrl\":\"https:\/\/i0.wp.com\/elregionalvm.com.ar\/noticias-villa-maria\/wp-content\/uploads\/2024\/08\/WhatsApp-Image-2024-08-15-at-09.52.58.jpeg?fit=810%2C1440&ssl=1\",\"width\":810,\"height\":1440},{\"@type\":\"BreadcrumbList\",\"@id\":\"https:\/\/elregionalvm.com.ar\/noticias-villa-maria\/llega-una-nueva-edicion-de-la-feria-de-economia-circular-textil-y-se-suma-un-taller-de-arte\/#breadcrumb\",\"itemListElement\":[{\"@type\":\"ListItem\",\"position\":1,\"name\":\"Portada\",\"item\":\"https:\/\/elregionalvm.com.ar\/noticias-villa-maria\/\"},{\"@type\":\"ListItem\",\"position\":2,\"name\":\"Llega una nueva edici\u00f3n de la Feria de Econom\u00eda Circular Textil y se suma un taller de arte\"}]},{\"@type\":\"WebSite\",\"@id\":\"http:\/\/elregionalvm.com.ar\/noticias-villa-maria\/#website\",\"url\":\"http:\/\/elregionalvm.com.ar\/noticias-villa-maria\/\",\"name\":\"El Regional\",\"description\":\"Mucho m\u00e1s que informaci\u00f3n\",\"potentialAction\":[{\"@type\":\"SearchAction\",\"target\":{\"@type\":\"EntryPoint\",\"urlTemplate\":\"http:\/\/elregionalvm.com.ar\/noticias-villa-maria\/?s={search_term_string}\"},\"query-input\":{\"@type\":\"PropertyValueSpecification\",\"valueRequired\":true,\"valueName\":\"search_term_string\"}}],\"inLanguage\":\"es\"},{\"@type\":\"Person\",\"@id\":\"http:\/\/elregionalvm.com.ar\/noticias-villa-maria\/#\/schema\/person\/a0fb9c422317faca23d50163151bc354\",\"name\":\"Contenidos El Regional\",\"image\":{\"@type\":\"ImageObject\",\"inLanguage\":\"es\",\"@id\":\"http:\/\/elregionalvm.com.ar\/noticias-villa-maria\/#\/schema\/person\/image\/\",\"url\":\"https:\/\/secure.gravatar.com\/avatar\/265b27cb2209af7bb3a1318f03305787d7981a5cc6e6cd08fe5a4ecdf99d4b48?s=96&d=mm&r=g\",\"contentUrl\":\"https:\/\/secure.gravatar.com\/avatar\/265b27cb2209af7bb3a1318f03305787d7981a5cc6e6cd08fe5a4ecdf99d4b48?s=96&d=mm&r=g\",\"caption\":\"Contenidos El Regional\"},\"url\":\"https:\/\/elregionalvm.com.ar\/noticias-villa-maria\/author\/contenido\/\"}]}<\/script>\n<!-- \/ Yoast SEO plugin. -->","yoast_head_json":{"title":"Llega una nueva edici\u00f3n de la Feria de Econom\u00eda Circular Textil y se suma un taller de arte - El Regional","robots":{"index":"index","follow":"follow","max-snippet":"max-snippet:-1","max-image-preview":"max-image-preview:large","max-video-preview":"max-video-preview:-1"},"canonical":"https:\/\/elregionalvm.com.ar\/noticias-villa-maria\/llega-una-nueva-edicion-de-la-feria-de-economia-circular-textil-y-se-suma-un-taller-de-arte\/","og_locale":"es_ES","og_type":"article","og_title":"Llega una nueva edici\u00f3n de la Feria de Econom\u00eda Circular Textil y se suma un taller de arte - El Regional","og_description":"El pr\u00f3ximo s\u00e1bado se llevar\u00e1 a cabo una nueva edici\u00f3n de la Feria de Econom\u00eda Circular Textil del Instituto Libre del Ambiente (ILA) en el Centro Cultural Leonardo Favio. La actividad est\u00e1 prevista para iniciar a las 14:00 horas y se extender\u00e1 hasta las 19:00 horas. Cabe recordar que la econom\u00eda circular es un modelo [&hellip;]","og_url":"https:\/\/elregionalvm.com.ar\/noticias-villa-maria\/llega-una-nueva-edicion-de-la-feria-de-economia-circular-textil-y-se-suma-un-taller-de-arte\/","og_site_name":"El Regional","article_publisher":"https:\/\/www.facebook.com\/elregionalvm","article_published_time":"2024-08-15T16:16:51+00:00","article_modified_time":"2024-08-15T16:23:42+00:00","og_image":[{"width":810,"height":1440,"url":"https:\/\/elregionalvm.com.ar\/noticias-villa-maria\/wp-content\/uploads\/2024\/08\/WhatsApp-Image-2024-08-15-at-09.52.58.jpeg","type":"image\/jpeg"}],"author":"Contenidos El Regional","twitter_card":"summary_large_image","twitter_creator":"@elregionalvm1","twitter_site":"@elregionalvm1","twitter_misc":{"Escrito por":"Contenidos El Regional","Tiempo de lectura":"3 minutos"},"schema":{"@context":"https:\/\/schema.org","@graph":[{"@type":"Article","@id":"https:\/\/elregionalvm.com.ar\/noticias-villa-maria\/llega-una-nueva-edicion-de-la-feria-de-economia-circular-textil-y-se-suma-un-taller-de-arte\/#article","isPartOf":{"@id":"https:\/\/elregionalvm.com.ar\/noticias-villa-maria\/llega-una-nueva-edicion-de-la-feria-de-economia-circular-textil-y-se-suma-un-taller-de-arte\/"},"author":{"name":"Contenidos El Regional","@id":"http:\/\/elregionalvm.com.ar\/noticias-villa-maria\/#\/schema\/person\/a0fb9c422317faca23d50163151bc354"},"headline":"Llega una nueva edici\u00f3n de la Feria de Econom\u00eda Circular Textil y se suma un taller de arte","datePublished":"2024-08-15T16:16:51+00:00","dateModified":"2024-08-15T16:23:42+00:00","mainEntityOfPage":{"@id":"https:\/\/elregionalvm.com.ar\/noticias-villa-maria\/llega-una-nueva-edicion-de-la-feria-de-economia-circular-textil-y-se-suma-un-taller-de-arte\/"},"wordCount":488,"commentCount":0,"image":{"@id":"https:\/\/elregionalvm.com.ar\/noticias-villa-maria\/llega-una-nueva-edicion-de-la-feria-de-economia-circular-textil-y-se-suma-un-taller-de-arte\/#primaryimage"},"thumbnailUrl":"https:\/\/i0.wp.com\/elregionalvm.com.ar\/noticias-villa-maria\/wp-content\/uploads\/2024\/08\/WhatsApp-Image-2024-08-15-at-09.52.58.jpeg?fit=810%2C1440&ssl=1","articleSection":["Sociedad","Villa Mar\u00eda"],"inLanguage":"es","potentialAction":[{"@type":"CommentAction","name":"Comment","target":["https:\/\/elregionalvm.com.ar\/noticias-villa-maria\/llega-una-nueva-edicion-de-la-feria-de-economia-circular-textil-y-se-suma-un-taller-de-arte\/#respond"]}]},{"@type":"WebPage","@id":"https:\/\/elregionalvm.com.ar\/noticias-villa-maria\/llega-una-nueva-edicion-de-la-feria-de-economia-circular-textil-y-se-suma-un-taller-de-arte\/","url":"https:\/\/elregionalvm.com.ar\/noticias-villa-maria\/llega-una-nueva-edicion-de-la-feria-de-economia-circular-textil-y-se-suma-un-taller-de-arte\/","name":"Llega una nueva edici\u00f3n de la Feria de Econom\u00eda Circular Textil y se suma un taller de arte - El Regional","isPartOf":{"@id":"http:\/\/elregionalvm.com.ar\/noticias-villa-maria\/#website"},"primaryImageOfPage":{"@id":"https:\/\/elregionalvm.com.ar\/noticias-villa-maria\/llega-una-nueva-edicion-de-la-feria-de-economia-circular-textil-y-se-suma-un-taller-de-arte\/#primaryimage"},"image":{"@id":"https:\/\/elregionalvm.com.ar\/noticias-villa-maria\/llega-una-nueva-edicion-de-la-feria-de-economia-circular-textil-y-se-suma-un-taller-de-arte\/#primaryimage"},"thumbnailUrl":"https:\/\/i0.wp.com\/elregionalvm.com.ar\/noticias-villa-maria\/wp-content\/uploads\/2024\/08\/WhatsApp-Image-2024-08-15-at-09.52.58.jpeg?fit=810%2C1440&ssl=1","datePublished":"2024-08-15T16:16:51+00:00","dateModified":"2024-08-15T16:23:42+00:00","author":{"@id":"http:\/\/elregionalvm.com.ar\/noticias-villa-maria\/#\/schema\/person\/a0fb9c422317faca23d50163151bc354"},"breadcrumb":{"@id":"https:\/\/elregionalvm.com.ar\/noticias-villa-maria\/llega-una-nueva-edicion-de-la-feria-de-economia-circular-textil-y-se-suma-un-taller-de-arte\/#breadcrumb"},"inLanguage":"es","potentialAction":[{"@type":"ReadAction","target":["https:\/\/elregionalvm.com.ar\/noticias-villa-maria\/llega-una-nueva-edicion-de-la-feria-de-economia-circular-textil-y-se-suma-un-taller-de-arte\/"]}]},{"@type":"ImageObject","inLanguage":"es","@id":"https:\/\/elregionalvm.com.ar\/noticias-villa-maria\/llega-una-nueva-edicion-de-la-feria-de-economia-circular-textil-y-se-suma-un-taller-de-arte\/#primaryimage","url":"https:\/\/i0.wp.com\/elregionalvm.com.ar\/noticias-villa-maria\/wp-content\/uploads\/2024\/08\/WhatsApp-Image-2024-08-15-at-09.52.58.jpeg?fit=810%2C1440&ssl=1","contentUrl":"https:\/\/i0.wp.com\/elregionalvm.com.ar\/noticias-villa-maria\/wp-content\/uploads\/2024\/08\/WhatsApp-Image-2024-08-15-at-09.52.58.jpeg?fit=810%2C1440&ssl=1","width":810,"height":1440},{"@type":"BreadcrumbList","@id":"https:\/\/elregionalvm.com.ar\/noticias-villa-maria\/llega-una-nueva-edicion-de-la-feria-de-economia-circular-textil-y-se-suma-un-taller-de-arte\/#breadcrumb","itemListElement":[{"@type":"ListItem","position":1,"name":"Portada","item":"https:\/\/elregionalvm.com.ar\/noticias-villa-maria\/"},{"@type":"ListItem","position":2,"name":"Llega una nueva edici\u00f3n de la Feria de Econom\u00eda Circular Textil y se suma un taller de arte"}]},{"@type":"WebSite","@id":"http:\/\/elregionalvm.com.ar\/noticias-villa-maria\/#website","url":"http:\/\/elregionalvm.com.ar\/noticias-villa-maria\/","name":"El Regional","description":"Mucho m\u00e1s que informaci\u00f3n","potentialAction":[{"@type":"SearchAction","target":{"@type":"EntryPoint","urlTemplate":"http:\/\/elregionalvm.com.ar\/noticias-villa-maria\/?s={search_term_string}"},"query-input":{"@type":"PropertyValueSpecification","valueRequired":true,"valueName":"search_term_string"}}],"inLanguage":"es"},{"@type":"Person","@id":"http:\/\/elregionalvm.com.ar\/noticias-villa-maria\/#\/schema\/person\/a0fb9c422317faca23d50163151bc354","name":"Contenidos El Regional","image":{"@type":"ImageObject","inLanguage":"es","@id":"http:\/\/elregionalvm.com.ar\/noticias-villa-maria\/#\/schema\/person\/image\/","url":"https:\/\/secure.gravatar.com\/avatar\/265b27cb2209af7bb3a1318f03305787d7981a5cc6e6cd08fe5a4ecdf99d4b48?s=96&d=mm&r=g","contentUrl":"https:\/\/secure.gravatar.com\/avatar\/265b27cb2209af7bb3a1318f03305787d7981a5cc6e6cd08fe5a4ecdf99d4b48?s=96&d=mm&r=g","caption":"Contenidos El Regional"},"url":"https:\/\/elregionalvm.com.ar\/noticias-villa-maria\/author\/contenido\/"}]}},"jetpack_featured_media_url":"https:\/\/i0.wp.com\/elregionalvm.com.ar\/noticias-villa-maria\/wp-content\/uploads\/2024\/08\/WhatsApp-Image-2024-08-15-at-09.52.58.jpeg?fit=810%2C1440&ssl=1","jetpack_sharing_enabled":true,"_links":{"self":[{"href":"https:\/\/elregionalvm.com.ar\/noticias-villa-maria\/wp-json\/wp\/v2\/posts\/97482","targetHints":{"allow":["GET"]}}],"collection":[{"href":"https:\/\/elregionalvm.com.ar\/noticias-villa-maria\/wp-json\/wp\/v2\/posts"}],"about":[{"href":"https:\/\/elregionalvm.com.ar\/noticias-villa-maria\/wp-json\/wp\/v2\/types\/post"}],"author":[{"embeddable":true,"href":"https:\/\/elregionalvm.com.ar\/noticias-villa-maria\/wp-json\/wp\/v2\/users\/4"}],"replies":[{"embeddable":true,"href":"https:\/\/elregionalvm.com.ar\/noticias-villa-maria\/wp-json\/wp\/v2\/comments?post=97482"}],"version-history":[{"count":1,"href":"https:\/\/elregionalvm.com.ar\/noticias-villa-maria\/wp-json\/wp\/v2\/posts\/97482\/revisions"}],"predecessor-version":[{"id":97485,"href":"https:\/\/elregionalvm.com.ar\/noticias-villa-maria\/wp-json\/wp\/v2\/posts\/97482\/revisions\/97485"}],"wp:featuredmedia":[{"embeddable":true,"href":"https:\/\/elregionalvm.com.ar\/noticias-villa-maria\/wp-json\/wp\/v2\/media\/97484"}],"wp:attachment":[{"href":"https:\/\/elregionalvm.com.ar\/noticias-villa-maria\/wp-json\/wp\/v2\/media?parent=97482"}],"wp:term":[{"taxonomy":"category","embeddable":true,"href":"https:\/\/elregionalvm.com.ar\/noticias-villa-maria\/wp-json\/wp\/v2\/categories?post=97482"},{"taxonomy":"post_tag","embeddable":true,"href":"https:\/\/elregionalvm.com.ar\/noticias-villa-maria\/wp-json\/wp\/v2\/tags?post=97482"}],"curies":[{"name":"wp","href":"https:\/\/api.w.org\/{rel}","templated":true}]}}