{"id":97486,"date":"2024-08-15T16:19:46","date_gmt":"2024-08-15T16:19:46","guid":{"rendered":"https:\/\/elregionalvm.com.ar\/noticias-villa-maria\/?p=97486"},"modified":"2024-08-15T16:19:47","modified_gmt":"2024-08-15T16:19:47","slug":"dia-del-nino-en-villa-nueva-el-domingo-habra-fiesta-en-el-parque-desde-las-15","status":"publish","type":"post","link":"https:\/\/elregionalvm.com.ar\/noticias-villa-maria\/dia-del-nino-en-villa-nueva-el-domingo-habra-fiesta-en-el-parque-desde-las-15\/","title":{"rendered":"\u00abD\u00eda del Ni\u00f1o en Villa Nueva\u00bb: el domingo habr\u00e1 fiesta en el Parque desde las 15"},"content":{"rendered":"\n<p>La Municipalidad de Villa Nueva informa la celebraci\u00f3n del D\u00eda del Ni\u00f1o en el Parque Hip\u00f3lito Yrigoyen el pr\u00f3ximo domingo 18 del corriente mes desde las 15 horas.<\/p>\n\n\n\n<p>En ese sentido el Intendente Ignacio Tagni confirm\u00f3 las actividades que se desarrollar\u00e1n en torno a la celebraci\u00f3n que reunir\u00e1 a ni\u00f1os de casi todos los barrios de la ciudad.<\/p>\n\n\n\n<p>Por eso el municipio extiende la invitaci\u00f3n a las familias villanovenses a llegarse al Parque para poder disfrutar este d\u00eda tan especial para compartir.<\/p>\n\n\n\n<p>Programa de actividades y entretenimientos:<\/p>\n\n\n\n<p>&#x1f3ad;Actuaci\u00f3n de la compa\u00f1\u00eda NUBE.<br>&#x1f388;Peloteros.<br>&#x1f483;&#x1f3fb;Zumba Kids.<br>&#x1f3a8;Espacio de arte.<br>&#x1f939;&#x1f3fb;Zancos y malabares.<br>&#x1f916;S\u00faper robots.<br>&#x1f389;Bater\u00eda carnavalesca.<br>&#x1f9cb;Chocolate y merienda.<br>&#x1f35f;Foodtrucks y artesanos.<br>Y mucho mas!<\/p>\n","protected":false},"excerpt":{"rendered":"<p>La Municipalidad de Villa Nueva informa la celebraci\u00f3n del D\u00eda del Ni\u00f1o en el Parque Hip\u00f3lito Yrigoyen el pr\u00f3ximo domingo 18 del corriente mes desde las 15 horas. En ese sentido el Intendente Ignacio Tagni confirm\u00f3 las actividades que se desarrollar\u00e1n en torno a la celebraci\u00f3n que reunir\u00e1 a ni\u00f1os de casi todos los barrios [&hellip;]<\/p>\n","protected":false},"author":4,"featured_media":97487,"comment_status":"open","ping_status":"open","sticky":false,"template":"","format":"standard","meta":{"site-sidebar-layout":"default","site-content-layout":"","ast-site-content-layout":"default","site-content-style":"default","site-sidebar-style":"default","ast-global-header-display":"","ast-banner-title-visibility":"","ast-main-header-display":"","ast-hfb-above-header-display":"","ast-hfb-below-header-display":"","ast-hfb-mobile-header-display":"","site-post-title":"","ast-breadcrumbs-content":"","ast-featured-img":"","footer-sml-layout":"","ast-disable-related-posts":"","theme-transparent-header-meta":"","adv-header-id-meta":"","stick-header-meta":"","header-above-stick-meta":"","header-main-stick-meta":"","header-below-stick-meta":"","astra-migrate-meta-layouts":"set","ast-page-background-enabled":"default","ast-page-background-meta":{"desktop":{"background-color":"","background-image":"","background-repeat":"repeat","background-position":"center center","background-size":"auto","background-attachment":"scroll","background-type":"","background-media":"","overlay-type":"","overlay-color":"","overlay-opacity":"","overlay-gradient":""},"tablet":{"background-color":"","background-image":"","background-repeat":"repeat","background-position":"center center","background-size":"auto","background-attachment":"scroll","background-type":"","background-media":"","overlay-type":"","overlay-color":"","overlay-opacity":"","overlay-gradient":""},"mobile":{"background-color":"","background-image":"","background-repeat":"repeat","background-position":"center center","background-size":"auto","background-attachment":"scroll","background-type":"","background-media":"","overlay-type":"","overlay-color":"","overlay-opacity":"","overlay-gradient":""}},"ast-content-background-meta":{"desktop":{"background-color":"var(--ast-global-color-5)","background-image":"","background-repeat":"repeat","background-position":"center center","background-size":"auto","background-attachment":"scroll","background-type":"","background-media":"","overlay-type":"","overlay-color":"","overlay-opacity":"","overlay-gradient":""},"tablet":{"background-color":"var(--ast-global-color-5)","background-image":"","background-repeat":"repeat","background-position":"center center","background-size":"auto","background-attachment":"scroll","background-type":"","background-media":"","overlay-type":"","overlay-color":"","overlay-opacity":"","overlay-gradient":""},"mobile":{"background-color":"var(--ast-global-color-5)","background-image":"","background-repeat":"repeat","background-position":"center center","background-size":"auto","background-attachment":"scroll","background-type":"","background-media":"","overlay-type":"","overlay-color":"","overlay-opacity":"","overlay-gradient":""}},"_jetpack_memberships_contains_paid_content":false,"_joinchat":[],"footnotes":""},"categories":[15302,5,1408],"tags":[],"class_list":["post-97486","post","type-post","status-publish","format-standard","has-post-thumbnail","hentry","category-destacado","category-sociedad","category-villa-nueva"],"yoast_head":"<!-- This site is optimized with the Yoast SEO plugin v26.8 - https:\/\/yoast.com\/product\/yoast-seo-wordpress\/ -->\n<title>&quot;D\u00eda del Ni\u00f1o en Villa Nueva&quot;: el domingo habr\u00e1 fiesta en el Parque desde las 15 - El Regional<\/title>\n<meta name=\"robots\" content=\"index, follow, max-snippet:-1, max-image-preview:large, max-video-preview:-1\" \/>\n<link rel=\"canonical\" href=\"https:\/\/elregionalvm.com.ar\/noticias-villa-maria\/dia-del-nino-en-villa-nueva-el-domingo-habra-fiesta-en-el-parque-desde-las-15\/\" \/>\n<meta property=\"og:locale\" content=\"es_ES\" \/>\n<meta property=\"og:type\" content=\"article\" \/>\n<meta property=\"og:title\" content=\"&quot;D\u00eda del Ni\u00f1o en Villa Nueva&quot;: el domingo habr\u00e1 fiesta en el Parque desde las 15 - El Regional\" \/>\n<meta property=\"og:description\" content=\"La Municipalidad de Villa Nueva informa la celebraci\u00f3n del D\u00eda del Ni\u00f1o en el Parque Hip\u00f3lito Yrigoyen el pr\u00f3ximo domingo 18 del corriente mes desde las 15 horas. En ese sentido el Intendente Ignacio Tagni confirm\u00f3 las actividades que se desarrollar\u00e1n en torno a la celebraci\u00f3n que reunir\u00e1 a ni\u00f1os de casi todos los barrios [&hellip;]\" \/>\n<meta property=\"og:url\" content=\"https:\/\/elregionalvm.com.ar\/noticias-villa-maria\/dia-del-nino-en-villa-nueva-el-domingo-habra-fiesta-en-el-parque-desde-las-15\/\" \/>\n<meta property=\"og:site_name\" content=\"El Regional\" \/>\n<meta property=\"article:publisher\" content=\"https:\/\/www.facebook.com\/elregionalvm\" \/>\n<meta property=\"article:published_time\" content=\"2024-08-15T16:19:46+00:00\" \/>\n<meta property=\"article:modified_time\" content=\"2024-08-15T16:19:47+00:00\" \/>\n<meta property=\"og:image\" content=\"https:\/\/elregionalvm.com.ar\/noticias-villa-maria\/wp-content\/uploads\/2024\/08\/se-espera-una-buena-cantidad-chicos-la-plaza-capitan-los-andes.webp\" \/>\n\t<meta property=\"og:image:width\" content=\"792\" \/>\n\t<meta property=\"og:image:height\" content=\"465\" \/>\n\t<meta property=\"og:image:type\" content=\"image\/webp\" \/>\n<meta name=\"author\" content=\"Contenidos El Regional\" \/>\n<meta name=\"twitter:card\" content=\"summary_large_image\" \/>\n<meta name=\"twitter:creator\" content=\"@elregionalvm1\" \/>\n<meta name=\"twitter:site\" content=\"@elregionalvm1\" \/>\n<meta name=\"twitter:label1\" content=\"Escrito por\" \/>\n\t<meta name=\"twitter:data1\" content=\"Contenidos El Regional\" \/>\n\t<meta name=\"twitter:label2\" content=\"Tiempo de lectura\" \/>\n\t<meta name=\"twitter:data2\" content=\"1 minuto\" \/>\n<script type=\"application\/ld+json\" class=\"yoast-schema-graph\">{\"@context\":\"https:\/\/schema.org\",\"@graph\":[{\"@type\":\"Article\",\"@id\":\"https:\/\/elregionalvm.com.ar\/noticias-villa-maria\/dia-del-nino-en-villa-nueva-el-domingo-habra-fiesta-en-el-parque-desde-las-15\/#article\",\"isPartOf\":{\"@id\":\"https:\/\/elregionalvm.com.ar\/noticias-villa-maria\/dia-del-nino-en-villa-nueva-el-domingo-habra-fiesta-en-el-parque-desde-las-15\/\"},\"author\":{\"name\":\"Contenidos El Regional\",\"@id\":\"http:\/\/elregionalvm.com.ar\/noticias-villa-maria\/#\/schema\/person\/a0fb9c422317faca23d50163151bc354\"},\"headline\":\"\u00abD\u00eda del Ni\u00f1o en Villa Nueva\u00bb: el domingo habr\u00e1 fiesta en el Parque desde las 15\",\"datePublished\":\"2024-08-15T16:19:46+00:00\",\"dateModified\":\"2024-08-15T16:19:47+00:00\",\"mainEntityOfPage\":{\"@id\":\"https:\/\/elregionalvm.com.ar\/noticias-villa-maria\/dia-del-nino-en-villa-nueva-el-domingo-habra-fiesta-en-el-parque-desde-las-15\/\"},\"wordCount\":171,\"commentCount\":0,\"image\":{\"@id\":\"https:\/\/elregionalvm.com.ar\/noticias-villa-maria\/dia-del-nino-en-villa-nueva-el-domingo-habra-fiesta-en-el-parque-desde-las-15\/#primaryimage\"},\"thumbnailUrl\":\"https:\/\/i0.wp.com\/elregionalvm.com.ar\/noticias-villa-maria\/wp-content\/uploads\/2024\/08\/se-espera-una-buena-cantidad-chicos-la-plaza-capitan-los-andes.webp?fit=792%2C465&ssl=1\",\"articleSection\":[\"destacado\",\"Sociedad\",\"Villa Nueva\"],\"inLanguage\":\"es\",\"potentialAction\":[{\"@type\":\"CommentAction\",\"name\":\"Comment\",\"target\":[\"https:\/\/elregionalvm.com.ar\/noticias-villa-maria\/dia-del-nino-en-villa-nueva-el-domingo-habra-fiesta-en-el-parque-desde-las-15\/#respond\"]}]},{\"@type\":\"WebPage\",\"@id\":\"https:\/\/elregionalvm.com.ar\/noticias-villa-maria\/dia-del-nino-en-villa-nueva-el-domingo-habra-fiesta-en-el-parque-desde-las-15\/\",\"url\":\"https:\/\/elregionalvm.com.ar\/noticias-villa-maria\/dia-del-nino-en-villa-nueva-el-domingo-habra-fiesta-en-el-parque-desde-las-15\/\",\"name\":\"\\\"D\u00eda del Ni\u00f1o en Villa Nueva\\\": el domingo habr\u00e1 fiesta en el Parque desde las 15 - El Regional\",\"isPartOf\":{\"@id\":\"http:\/\/elregionalvm.com.ar\/noticias-villa-maria\/#website\"},\"primaryImageOfPage\":{\"@id\":\"https:\/\/elregionalvm.com.ar\/noticias-villa-maria\/dia-del-nino-en-villa-nueva-el-domingo-habra-fiesta-en-el-parque-desde-las-15\/#primaryimage\"},\"image\":{\"@id\":\"https:\/\/elregionalvm.com.ar\/noticias-villa-maria\/dia-del-nino-en-villa-nueva-el-domingo-habra-fiesta-en-el-parque-desde-las-15\/#primaryimage\"},\"thumbnailUrl\":\"https:\/\/i0.wp.com\/elregionalvm.com.ar\/noticias-villa-maria\/wp-content\/uploads\/2024\/08\/se-espera-una-buena-cantidad-chicos-la-plaza-capitan-los-andes.webp?fit=792%2C465&ssl=1\",\"datePublished\":\"2024-08-15T16:19:46+00:00\",\"dateModified\":\"2024-08-15T16:19:47+00:00\",\"author\":{\"@id\":\"http:\/\/elregionalvm.com.ar\/noticias-villa-maria\/#\/schema\/person\/a0fb9c422317faca23d50163151bc354\"},\"breadcrumb\":{\"@id\":\"https:\/\/elregionalvm.com.ar\/noticias-villa-maria\/dia-del-nino-en-villa-nueva-el-domingo-habra-fiesta-en-el-parque-desde-las-15\/#breadcrumb\"},\"inLanguage\":\"es\",\"potentialAction\":[{\"@type\":\"ReadAction\",\"target\":[\"https:\/\/elregionalvm.com.ar\/noticias-villa-maria\/dia-del-nino-en-villa-nueva-el-domingo-habra-fiesta-en-el-parque-desde-las-15\/\"]}]},{\"@type\":\"ImageObject\",\"inLanguage\":\"es\",\"@id\":\"https:\/\/elregionalvm.com.ar\/noticias-villa-maria\/dia-del-nino-en-villa-nueva-el-domingo-habra-fiesta-en-el-parque-desde-las-15\/#primaryimage\",\"url\":\"https:\/\/i0.wp.com\/elregionalvm.com.ar\/noticias-villa-maria\/wp-content\/uploads\/2024\/08\/se-espera-una-buena-cantidad-chicos-la-plaza-capitan-los-andes.webp?fit=792%2C465&ssl=1\",\"contentUrl\":\"https:\/\/i0.wp.com\/elregionalvm.com.ar\/noticias-villa-maria\/wp-content\/uploads\/2024\/08\/se-espera-una-buena-cantidad-chicos-la-plaza-capitan-los-andes.webp?fit=792%2C465&ssl=1\",\"width\":792,\"height\":465},{\"@type\":\"BreadcrumbList\",\"@id\":\"https:\/\/elregionalvm.com.ar\/noticias-villa-maria\/dia-del-nino-en-villa-nueva-el-domingo-habra-fiesta-en-el-parque-desde-las-15\/#breadcrumb\",\"itemListElement\":[{\"@type\":\"ListItem\",\"position\":1,\"name\":\"Portada\",\"item\":\"https:\/\/elregionalvm.com.ar\/noticias-villa-maria\/\"},{\"@type\":\"ListItem\",\"position\":2,\"name\":\"\u00abD\u00eda del Ni\u00f1o en Villa Nueva\u00bb: el domingo habr\u00e1 fiesta en el Parque desde las 15\"}]},{\"@type\":\"WebSite\",\"@id\":\"http:\/\/elregionalvm.com.ar\/noticias-villa-maria\/#website\",\"url\":\"http:\/\/elregionalvm.com.ar\/noticias-villa-maria\/\",\"name\":\"El Regional\",\"description\":\"Mucho m\u00e1s que informaci\u00f3n\",\"potentialAction\":[{\"@type\":\"SearchAction\",\"target\":{\"@type\":\"EntryPoint\",\"urlTemplate\":\"http:\/\/elregionalvm.com.ar\/noticias-villa-maria\/?s={search_term_string}\"},\"query-input\":{\"@type\":\"PropertyValueSpecification\",\"valueRequired\":true,\"valueName\":\"search_term_string\"}}],\"inLanguage\":\"es\"},{\"@type\":\"Person\",\"@id\":\"http:\/\/elregionalvm.com.ar\/noticias-villa-maria\/#\/schema\/person\/a0fb9c422317faca23d50163151bc354\",\"name\":\"Contenidos El Regional\",\"image\":{\"@type\":\"ImageObject\",\"inLanguage\":\"es\",\"@id\":\"http:\/\/elregionalvm.com.ar\/noticias-villa-maria\/#\/schema\/person\/image\/\",\"url\":\"https:\/\/secure.gravatar.com\/avatar\/265b27cb2209af7bb3a1318f03305787d7981a5cc6e6cd08fe5a4ecdf99d4b48?s=96&d=mm&r=g\",\"contentUrl\":\"https:\/\/secure.gravatar.com\/avatar\/265b27cb2209af7bb3a1318f03305787d7981a5cc6e6cd08fe5a4ecdf99d4b48?s=96&d=mm&r=g\",\"caption\":\"Contenidos El Regional\"},\"url\":\"https:\/\/elregionalvm.com.ar\/noticias-villa-maria\/author\/contenido\/\"}]}<\/script>\n<!-- \/ Yoast SEO plugin. -->","yoast_head_json":{"title":"\"D\u00eda del Ni\u00f1o en Villa Nueva\": el domingo habr\u00e1 fiesta en el Parque desde las 15 - El Regional","robots":{"index":"index","follow":"follow","max-snippet":"max-snippet:-1","max-image-preview":"max-image-preview:large","max-video-preview":"max-video-preview:-1"},"canonical":"https:\/\/elregionalvm.com.ar\/noticias-villa-maria\/dia-del-nino-en-villa-nueva-el-domingo-habra-fiesta-en-el-parque-desde-las-15\/","og_locale":"es_ES","og_type":"article","og_title":"\"D\u00eda del Ni\u00f1o en Villa Nueva\": el domingo habr\u00e1 fiesta en el Parque desde las 15 - El Regional","og_description":"La Municipalidad de Villa Nueva informa la celebraci\u00f3n del D\u00eda del Ni\u00f1o en el Parque Hip\u00f3lito Yrigoyen el pr\u00f3ximo domingo 18 del corriente mes desde las 15 horas. En ese sentido el Intendente Ignacio Tagni confirm\u00f3 las actividades que se desarrollar\u00e1n en torno a la celebraci\u00f3n que reunir\u00e1 a ni\u00f1os de casi todos los barrios [&hellip;]","og_url":"https:\/\/elregionalvm.com.ar\/noticias-villa-maria\/dia-del-nino-en-villa-nueva-el-domingo-habra-fiesta-en-el-parque-desde-las-15\/","og_site_name":"El Regional","article_publisher":"https:\/\/www.facebook.com\/elregionalvm","article_published_time":"2024-08-15T16:19:46+00:00","article_modified_time":"2024-08-15T16:19:47+00:00","og_image":[{"width":792,"height":465,"url":"https:\/\/elregionalvm.com.ar\/noticias-villa-maria\/wp-content\/uploads\/2024\/08\/se-espera-una-buena-cantidad-chicos-la-plaza-capitan-los-andes.webp","type":"image\/webp"}],"author":"Contenidos El Regional","twitter_card":"summary_large_image","twitter_creator":"@elregionalvm1","twitter_site":"@elregionalvm1","twitter_misc":{"Escrito por":"Contenidos El Regional","Tiempo de lectura":"1 minuto"},"schema":{"@context":"https:\/\/schema.org","@graph":[{"@type":"Article","@id":"https:\/\/elregionalvm.com.ar\/noticias-villa-maria\/dia-del-nino-en-villa-nueva-el-domingo-habra-fiesta-en-el-parque-desde-las-15\/#article","isPartOf":{"@id":"https:\/\/elregionalvm.com.ar\/noticias-villa-maria\/dia-del-nino-en-villa-nueva-el-domingo-habra-fiesta-en-el-parque-desde-las-15\/"},"author":{"name":"Contenidos El Regional","@id":"http:\/\/elregionalvm.com.ar\/noticias-villa-maria\/#\/schema\/person\/a0fb9c422317faca23d50163151bc354"},"headline":"\u00abD\u00eda del Ni\u00f1o en Villa Nueva\u00bb: el domingo habr\u00e1 fiesta en el Parque desde las 15","datePublished":"2024-08-15T16:19:46+00:00","dateModified":"2024-08-15T16:19:47+00:00","mainEntityOfPage":{"@id":"https:\/\/elregionalvm.com.ar\/noticias-villa-maria\/dia-del-nino-en-villa-nueva-el-domingo-habra-fiesta-en-el-parque-desde-las-15\/"},"wordCount":171,"commentCount":0,"image":{"@id":"https:\/\/elregionalvm.com.ar\/noticias-villa-maria\/dia-del-nino-en-villa-nueva-el-domingo-habra-fiesta-en-el-parque-desde-las-15\/#primaryimage"},"thumbnailUrl":"https:\/\/i0.wp.com\/elregionalvm.com.ar\/noticias-villa-maria\/wp-content\/uploads\/2024\/08\/se-espera-una-buena-cantidad-chicos-la-plaza-capitan-los-andes.webp?fit=792%2C465&ssl=1","articleSection":["destacado","Sociedad","Villa Nueva"],"inLanguage":"es","potentialAction":[{"@type":"CommentAction","name":"Comment","target":["https:\/\/elregionalvm.com.ar\/noticias-villa-maria\/dia-del-nino-en-villa-nueva-el-domingo-habra-fiesta-en-el-parque-desde-las-15\/#respond"]}]},{"@type":"WebPage","@id":"https:\/\/elregionalvm.com.ar\/noticias-villa-maria\/dia-del-nino-en-villa-nueva-el-domingo-habra-fiesta-en-el-parque-desde-las-15\/","url":"https:\/\/elregionalvm.com.ar\/noticias-villa-maria\/dia-del-nino-en-villa-nueva-el-domingo-habra-fiesta-en-el-parque-desde-las-15\/","name":"\"D\u00eda del Ni\u00f1o en Villa Nueva\": el domingo habr\u00e1 fiesta en el Parque desde las 15 - El Regional","isPartOf":{"@id":"http:\/\/elregionalvm.com.ar\/noticias-villa-maria\/#website"},"primaryImageOfPage":{"@id":"https:\/\/elregionalvm.com.ar\/noticias-villa-maria\/dia-del-nino-en-villa-nueva-el-domingo-habra-fiesta-en-el-parque-desde-las-15\/#primaryimage"},"image":{"@id":"https:\/\/elregionalvm.com.ar\/noticias-villa-maria\/dia-del-nino-en-villa-nueva-el-domingo-habra-fiesta-en-el-parque-desde-las-15\/#primaryimage"},"thumbnailUrl":"https:\/\/i0.wp.com\/elregionalvm.com.ar\/noticias-villa-maria\/wp-content\/uploads\/2024\/08\/se-espera-una-buena-cantidad-chicos-la-plaza-capitan-los-andes.webp?fit=792%2C465&ssl=1","datePublished":"2024-08-15T16:19:46+00:00","dateModified":"2024-08-15T16:19:47+00:00","author":{"@id":"http:\/\/elregionalvm.com.ar\/noticias-villa-maria\/#\/schema\/person\/a0fb9c422317faca23d50163151bc354"},"breadcrumb":{"@id":"https:\/\/elregionalvm.com.ar\/noticias-villa-maria\/dia-del-nino-en-villa-nueva-el-domingo-habra-fiesta-en-el-parque-desde-las-15\/#breadcrumb"},"inLanguage":"es","potentialAction":[{"@type":"ReadAction","target":["https:\/\/elregionalvm.com.ar\/noticias-villa-maria\/dia-del-nino-en-villa-nueva-el-domingo-habra-fiesta-en-el-parque-desde-las-15\/"]}]},{"@type":"ImageObject","inLanguage":"es","@id":"https:\/\/elregionalvm.com.ar\/noticias-villa-maria\/dia-del-nino-en-villa-nueva-el-domingo-habra-fiesta-en-el-parque-desde-las-15\/#primaryimage","url":"https:\/\/i0.wp.com\/elregionalvm.com.ar\/noticias-villa-maria\/wp-content\/uploads\/2024\/08\/se-espera-una-buena-cantidad-chicos-la-plaza-capitan-los-andes.webp?fit=792%2C465&ssl=1","contentUrl":"https:\/\/i0.wp.com\/elregionalvm.com.ar\/noticias-villa-maria\/wp-content\/uploads\/2024\/08\/se-espera-una-buena-cantidad-chicos-la-plaza-capitan-los-andes.webp?fit=792%2C465&ssl=1","width":792,"height":465},{"@type":"BreadcrumbList","@id":"https:\/\/elregionalvm.com.ar\/noticias-villa-maria\/dia-del-nino-en-villa-nueva-el-domingo-habra-fiesta-en-el-parque-desde-las-15\/#breadcrumb","itemListElement":[{"@type":"ListItem","position":1,"name":"Portada","item":"https:\/\/elregionalvm.com.ar\/noticias-villa-maria\/"},{"@type":"ListItem","position":2,"name":"\u00abD\u00eda del Ni\u00f1o en Villa Nueva\u00bb: el domingo habr\u00e1 fiesta en el Parque desde las 15"}]},{"@type":"WebSite","@id":"http:\/\/elregionalvm.com.ar\/noticias-villa-maria\/#website","url":"http:\/\/elregionalvm.com.ar\/noticias-villa-maria\/","name":"El Regional","description":"Mucho m\u00e1s que informaci\u00f3n","potentialAction":[{"@type":"SearchAction","target":{"@type":"EntryPoint","urlTemplate":"http:\/\/elregionalvm.com.ar\/noticias-villa-maria\/?s={search_term_string}"},"query-input":{"@type":"PropertyValueSpecification","valueRequired":true,"valueName":"search_term_string"}}],"inLanguage":"es"},{"@type":"Person","@id":"http:\/\/elregionalvm.com.ar\/noticias-villa-maria\/#\/schema\/person\/a0fb9c422317faca23d50163151bc354","name":"Contenidos El Regional","image":{"@type":"ImageObject","inLanguage":"es","@id":"http:\/\/elregionalvm.com.ar\/noticias-villa-maria\/#\/schema\/person\/image\/","url":"https:\/\/secure.gravatar.com\/avatar\/265b27cb2209af7bb3a1318f03305787d7981a5cc6e6cd08fe5a4ecdf99d4b48?s=96&d=mm&r=g","contentUrl":"https:\/\/secure.gravatar.com\/avatar\/265b27cb2209af7bb3a1318f03305787d7981a5cc6e6cd08fe5a4ecdf99d4b48?s=96&d=mm&r=g","caption":"Contenidos El Regional"},"url":"https:\/\/elregionalvm.com.ar\/noticias-villa-maria\/author\/contenido\/"}]}},"jetpack_featured_media_url":"https:\/\/i0.wp.com\/elregionalvm.com.ar\/noticias-villa-maria\/wp-content\/uploads\/2024\/08\/se-espera-una-buena-cantidad-chicos-la-plaza-capitan-los-andes.webp?fit=792%2C465&ssl=1","jetpack_sharing_enabled":true,"_links":{"self":[{"href":"https:\/\/elregionalvm.com.ar\/noticias-villa-maria\/wp-json\/wp\/v2\/posts\/97486","targetHints":{"allow":["GET"]}}],"collection":[{"href":"https:\/\/elregionalvm.com.ar\/noticias-villa-maria\/wp-json\/wp\/v2\/posts"}],"about":[{"href":"https:\/\/elregionalvm.com.ar\/noticias-villa-maria\/wp-json\/wp\/v2\/types\/post"}],"author":[{"embeddable":true,"href":"https:\/\/elregionalvm.com.ar\/noticias-villa-maria\/wp-json\/wp\/v2\/users\/4"}],"replies":[{"embeddable":true,"href":"https:\/\/elregionalvm.com.ar\/noticias-villa-maria\/wp-json\/wp\/v2\/comments?post=97486"}],"version-history":[{"count":1,"href":"https:\/\/elregionalvm.com.ar\/noticias-villa-maria\/wp-json\/wp\/v2\/posts\/97486\/revisions"}],"predecessor-version":[{"id":97488,"href":"https:\/\/elregionalvm.com.ar\/noticias-villa-maria\/wp-json\/wp\/v2\/posts\/97486\/revisions\/97488"}],"wp:featuredmedia":[{"embeddable":true,"href":"https:\/\/elregionalvm.com.ar\/noticias-villa-maria\/wp-json\/wp\/v2\/media\/97487"}],"wp:attachment":[{"href":"https:\/\/elregionalvm.com.ar\/noticias-villa-maria\/wp-json\/wp\/v2\/media?parent=97486"}],"wp:term":[{"taxonomy":"category","embeddable":true,"href":"https:\/\/elregionalvm.com.ar\/noticias-villa-maria\/wp-json\/wp\/v2\/categories?post=97486"},{"taxonomy":"post_tag","embeddable":true,"href":"https:\/\/elregionalvm.com.ar\/noticias-villa-maria\/wp-json\/wp\/v2\/tags?post=97486"}],"curies":[{"name":"wp","href":"https:\/\/api.w.org\/{rel}","templated":true}]}}