{"id":98184,"date":"2024-09-02T21:39:18","date_gmt":"2024-09-02T21:39:18","guid":{"rendered":"https:\/\/elregionalvm.com.ar\/noticias-villa-maria\/?p=98184"},"modified":"2024-09-02T21:39:23","modified_gmt":"2024-09-02T21:39:23","slug":"comenzo-a-funcionar-el-servicio-de-guardia-pediatrica-municipal-que-atendera-las-24-hs","status":"publish","type":"post","link":"https:\/\/elregionalvm.com.ar\/noticias-villa-maria\/comenzo-a-funcionar-el-servicio-de-guardia-pediatrica-municipal-que-atendera-las-24-hs\/","title":{"rendered":"Comenz\u00f3  a  funcionar el  servicio de  guardia pedi\u00e1trica municipal que  atender\u00e1  las 24 hs"},"content":{"rendered":"\n<p>La municipalidad de Villa Mar\u00eda informa que comenz\u00f3 a funcionar el servicio m\u00e9dico de guardia pedi\u00e1trica dirigido a ni\u00f1os de entre 0 y 14 a\u00f1os.<\/p>\n\n\n\n<figure class=\"wp-block-image size-large\"><img data-recalc-dims=\"1\" fetchpriority=\"high\" decoding=\"async\" width=\"1024\" height=\"684\" src=\"https:\/\/i0.wp.com\/elregionalvm.com.ar\/noticias-villa-maria\/wp-content\/uploads\/2024\/09\/WhatsApp-Image-2024-09-02-at-15.38.48.jpeg?resize=1024%2C684&#038;ssl=1\" alt=\"\" class=\"wp-image-98191\" srcset=\"https:\/\/i0.wp.com\/elregionalvm.com.ar\/noticias-villa-maria\/wp-content\/uploads\/2024\/09\/WhatsApp-Image-2024-09-02-at-15.38.48.jpeg?resize=1024%2C684&amp;ssl=1 1024w, https:\/\/i0.wp.com\/elregionalvm.com.ar\/noticias-villa-maria\/wp-content\/uploads\/2024\/09\/WhatsApp-Image-2024-09-02-at-15.38.48.jpeg?resize=300%2C200&amp;ssl=1 300w, https:\/\/i0.wp.com\/elregionalvm.com.ar\/noticias-villa-maria\/wp-content\/uploads\/2024\/09\/WhatsApp-Image-2024-09-02-at-15.38.48.jpeg?resize=768%2C513&amp;ssl=1 768w, https:\/\/i0.wp.com\/elregionalvm.com.ar\/noticias-villa-maria\/wp-content\/uploads\/2024\/09\/WhatsApp-Image-2024-09-02-at-15.38.48.jpeg?resize=1536%2C1026&amp;ssl=1 1536w, https:\/\/i0.wp.com\/elregionalvm.com.ar\/noticias-villa-maria\/wp-content\/uploads\/2024\/09\/WhatsApp-Image-2024-09-02-at-15.38.48.jpeg?w=1600&amp;ssl=1 1600w\" sizes=\"(max-width: 1000px) 100vw, 1000px\" \/><\/figure>\n\n\n\n<p>Durante la primera jornada de atenci\u00f3n, el intendente municipal Eduardo Accastello, recorri\u00f3 las instalaciones de esta nueva prestaci\u00f3n sanitaria que funciona en la sede del grupo FAMM (San Juan 1364).<\/p>\n\n\n\n<p>La iniciativa p\u00fablico-privada brinda asistencia primaria de la salud con especialistas pedi\u00e1tricos y generalistas durante las 24 horas y los 365 d\u00edas del a\u00f1o.<\/p>\n\n\n\n<p>Sobre el flamante espacio, Eduardo Accastello dijo: \u201ces una pol\u00edtica p\u00fablica \u00fanica en la provincia y en el pa\u00eds, estamos construyendo una Villa Mar\u00eda m\u00e1s humana, y este paso es fundamental ya que se trata del cuidado de nuestros ni\u00f1os y ni\u00f1as\u201d.<\/p>\n\n\n\n<figure class=\"wp-block-image size-large\"><img data-recalc-dims=\"1\" decoding=\"async\" width=\"1024\" height=\"684\" src=\"https:\/\/i0.wp.com\/elregionalvm.com.ar\/noticias-villa-maria\/wp-content\/uploads\/2024\/09\/WhatsApp-Image-2024-09-02-at-15.38.48-1-1.jpeg?resize=1024%2C684&#038;ssl=1\" alt=\"\" class=\"wp-image-98189\" srcset=\"https:\/\/i0.wp.com\/elregionalvm.com.ar\/noticias-villa-maria\/wp-content\/uploads\/2024\/09\/WhatsApp-Image-2024-09-02-at-15.38.48-1-1.jpeg?resize=1024%2C684&amp;ssl=1 1024w, https:\/\/i0.wp.com\/elregionalvm.com.ar\/noticias-villa-maria\/wp-content\/uploads\/2024\/09\/WhatsApp-Image-2024-09-02-at-15.38.48-1-1.jpeg?resize=300%2C200&amp;ssl=1 300w, https:\/\/i0.wp.com\/elregionalvm.com.ar\/noticias-villa-maria\/wp-content\/uploads\/2024\/09\/WhatsApp-Image-2024-09-02-at-15.38.48-1-1.jpeg?resize=768%2C513&amp;ssl=1 768w, https:\/\/i0.wp.com\/elregionalvm.com.ar\/noticias-villa-maria\/wp-content\/uploads\/2024\/09\/WhatsApp-Image-2024-09-02-at-15.38.48-1-1.jpeg?resize=1536%2C1026&amp;ssl=1 1536w, https:\/\/i0.wp.com\/elregionalvm.com.ar\/noticias-villa-maria\/wp-content\/uploads\/2024\/09\/WhatsApp-Image-2024-09-02-at-15.38.48-1-1.jpeg?w=1600&amp;ssl=1 1600w\" sizes=\"(max-width: 1000px) 100vw, 1000px\" \/><\/figure>\n\n\n\n<p>Cabe recordar que para la implementaci\u00f3n del servicio, se realiz\u00f3 la firma de un convenio entre el municipio y el Grupo FAMM, que fortalece la estructura sanitaria local, reforzando prestaciones a ni\u00f1os y j\u00f3venes de la ciudad.<\/p>\n","protected":false},"excerpt":{"rendered":"<p>La municipalidad de Villa Mar\u00eda informa que comenz\u00f3 a funcionar el servicio m\u00e9dico de guardia pedi\u00e1trica dirigido a ni\u00f1os de entre 0 y 14 a\u00f1os. Durante la primera jornada de atenci\u00f3n, el intendente municipal Eduardo Accastello, recorri\u00f3 las instalaciones de esta nueva prestaci\u00f3n sanitaria que funciona en la sede del grupo FAMM (San Juan 1364). [&hellip;]<\/p>\n","protected":false},"author":4,"featured_media":98185,"comment_status":"open","ping_status":"open","sticky":false,"template":"","format":"standard","meta":{"site-sidebar-layout":"default","site-content-layout":"","ast-site-content-layout":"default","site-content-style":"default","site-sidebar-style":"default","ast-global-header-display":"","ast-banner-title-visibility":"","ast-main-header-display":"","ast-hfb-above-header-display":"","ast-hfb-below-header-display":"","ast-hfb-mobile-header-display":"","site-post-title":"","ast-breadcrumbs-content":"","ast-featured-img":"","footer-sml-layout":"","ast-disable-related-posts":"","theme-transparent-header-meta":"","adv-header-id-meta":"","stick-header-meta":"","header-above-stick-meta":"","header-main-stick-meta":"","header-below-stick-meta":"","astra-migrate-meta-layouts":"set","ast-page-background-enabled":"default","ast-page-background-meta":{"desktop":{"background-color":"","background-image":"","background-repeat":"repeat","background-position":"center center","background-size":"auto","background-attachment":"scroll","background-type":"","background-media":"","overlay-type":"","overlay-color":"","overlay-opacity":"","overlay-gradient":""},"tablet":{"background-color":"","background-image":"","background-repeat":"repeat","background-position":"center center","background-size":"auto","background-attachment":"scroll","background-type":"","background-media":"","overlay-type":"","overlay-color":"","overlay-opacity":"","overlay-gradient":""},"mobile":{"background-color":"","background-image":"","background-repeat":"repeat","background-position":"center center","background-size":"auto","background-attachment":"scroll","background-type":"","background-media":"","overlay-type":"","overlay-color":"","overlay-opacity":"","overlay-gradient":""}},"ast-content-background-meta":{"desktop":{"background-color":"var(--ast-global-color-5)","background-image":"","background-repeat":"repeat","background-position":"center center","background-size":"auto","background-attachment":"scroll","background-type":"","background-media":"","overlay-type":"","overlay-color":"","overlay-opacity":"","overlay-gradient":""},"tablet":{"background-color":"var(--ast-global-color-5)","background-image":"","background-repeat":"repeat","background-position":"center center","background-size":"auto","background-attachment":"scroll","background-type":"","background-media":"","overlay-type":"","overlay-color":"","overlay-opacity":"","overlay-gradient":""},"mobile":{"background-color":"var(--ast-global-color-5)","background-image":"","background-repeat":"repeat","background-position":"center center","background-size":"auto","background-attachment":"scroll","background-type":"","background-media":"","overlay-type":"","overlay-color":"","overlay-opacity":"","overlay-gradient":""}},"_jetpack_memberships_contains_paid_content":false,"_joinchat":[],"footnotes":""},"categories":[15302,5,2],"tags":[],"class_list":["post-98184","post","type-post","status-publish","format-standard","has-post-thumbnail","hentry","category-destacado","category-sociedad","category-villa-maria"],"yoast_head":"<!-- This site is optimized with the Yoast SEO plugin v26.8 - https:\/\/yoast.com\/product\/yoast-seo-wordpress\/ -->\n<title>Comenz\u00f3 a funcionar el servicio de guardia pedi\u00e1trica municipal que atender\u00e1 las 24 hs - El Regional<\/title>\n<meta name=\"robots\" content=\"index, follow, max-snippet:-1, max-image-preview:large, max-video-preview:-1\" \/>\n<link rel=\"canonical\" href=\"https:\/\/elregionalvm.com.ar\/noticias-villa-maria\/comenzo-a-funcionar-el-servicio-de-guardia-pediatrica-municipal-que-atendera-las-24-hs\/\" \/>\n<meta property=\"og:locale\" content=\"es_ES\" \/>\n<meta property=\"og:type\" content=\"article\" \/>\n<meta property=\"og:title\" content=\"Comenz\u00f3 a funcionar el servicio de guardia pedi\u00e1trica municipal que atender\u00e1 las 24 hs - El Regional\" \/>\n<meta property=\"og:description\" content=\"La municipalidad de Villa Mar\u00eda informa que comenz\u00f3 a funcionar el servicio m\u00e9dico de guardia pedi\u00e1trica dirigido a ni\u00f1os de entre 0 y 14 a\u00f1os. Durante la primera jornada de atenci\u00f3n, el intendente municipal Eduardo Accastello, recorri\u00f3 las instalaciones de esta nueva prestaci\u00f3n sanitaria que funciona en la sede del grupo FAMM (San Juan 1364). [&hellip;]\" \/>\n<meta property=\"og:url\" content=\"https:\/\/elregionalvm.com.ar\/noticias-villa-maria\/comenzo-a-funcionar-el-servicio-de-guardia-pediatrica-municipal-que-atendera-las-24-hs\/\" \/>\n<meta property=\"og:site_name\" content=\"El Regional\" \/>\n<meta property=\"article:publisher\" content=\"https:\/\/www.facebook.com\/elregionalvm\" \/>\n<meta property=\"article:published_time\" content=\"2024-09-02T21:39:18+00:00\" \/>\n<meta property=\"article:modified_time\" content=\"2024-09-02T21:39:23+00:00\" \/>\n<meta property=\"og:image\" content=\"https:\/\/elregionalvm.com.ar\/noticias-villa-maria\/wp-content\/uploads\/2024\/09\/WhatsApp-Image-2024-09-02-at-15.38.49.jpeg\" \/>\n\t<meta property=\"og:image:width\" content=\"1600\" \/>\n\t<meta property=\"og:image:height\" content=\"1069\" \/>\n\t<meta property=\"og:image:type\" content=\"image\/jpeg\" \/>\n<meta name=\"author\" content=\"Contenidos El Regional\" \/>\n<meta name=\"twitter:card\" content=\"summary_large_image\" \/>\n<meta name=\"twitter:creator\" content=\"@elregionalvm1\" \/>\n<meta name=\"twitter:site\" content=\"@elregionalvm1\" \/>\n<meta name=\"twitter:label1\" content=\"Escrito por\" \/>\n\t<meta name=\"twitter:data1\" content=\"Contenidos El Regional\" \/>\n\t<meta name=\"twitter:label2\" content=\"Tiempo de lectura\" \/>\n\t<meta name=\"twitter:data2\" content=\"2 minutos\" \/>\n<script type=\"application\/ld+json\" class=\"yoast-schema-graph\">{\"@context\":\"https:\/\/schema.org\",\"@graph\":[{\"@type\":\"Article\",\"@id\":\"https:\/\/elregionalvm.com.ar\/noticias-villa-maria\/comenzo-a-funcionar-el-servicio-de-guardia-pediatrica-municipal-que-atendera-las-24-hs\/#article\",\"isPartOf\":{\"@id\":\"https:\/\/elregionalvm.com.ar\/noticias-villa-maria\/comenzo-a-funcionar-el-servicio-de-guardia-pediatrica-municipal-que-atendera-las-24-hs\/\"},\"author\":{\"name\":\"Contenidos El Regional\",\"@id\":\"http:\/\/elregionalvm.com.ar\/noticias-villa-maria\/#\/schema\/person\/a0fb9c422317faca23d50163151bc354\"},\"headline\":\"Comenz\u00f3 a funcionar el servicio de guardia pedi\u00e1trica municipal que atender\u00e1 las 24 hs\",\"datePublished\":\"2024-09-02T21:39:18+00:00\",\"dateModified\":\"2024-09-02T21:39:23+00:00\",\"mainEntityOfPage\":{\"@id\":\"https:\/\/elregionalvm.com.ar\/noticias-villa-maria\/comenzo-a-funcionar-el-servicio-de-guardia-pediatrica-municipal-que-atendera-las-24-hs\/\"},\"wordCount\":188,\"commentCount\":0,\"image\":{\"@id\":\"https:\/\/elregionalvm.com.ar\/noticias-villa-maria\/comenzo-a-funcionar-el-servicio-de-guardia-pediatrica-municipal-que-atendera-las-24-hs\/#primaryimage\"},\"thumbnailUrl\":\"https:\/\/i0.wp.com\/elregionalvm.com.ar\/noticias-villa-maria\/wp-content\/uploads\/2024\/09\/WhatsApp-Image-2024-09-02-at-15.38.49.jpeg?fit=1600%2C1069&ssl=1\",\"articleSection\":[\"destacado\",\"Sociedad\",\"Villa Mar\u00eda\"],\"inLanguage\":\"es\",\"potentialAction\":[{\"@type\":\"CommentAction\",\"name\":\"Comment\",\"target\":[\"https:\/\/elregionalvm.com.ar\/noticias-villa-maria\/comenzo-a-funcionar-el-servicio-de-guardia-pediatrica-municipal-que-atendera-las-24-hs\/#respond\"]}]},{\"@type\":\"WebPage\",\"@id\":\"https:\/\/elregionalvm.com.ar\/noticias-villa-maria\/comenzo-a-funcionar-el-servicio-de-guardia-pediatrica-municipal-que-atendera-las-24-hs\/\",\"url\":\"https:\/\/elregionalvm.com.ar\/noticias-villa-maria\/comenzo-a-funcionar-el-servicio-de-guardia-pediatrica-municipal-que-atendera-las-24-hs\/\",\"name\":\"Comenz\u00f3 a funcionar el servicio de guardia pedi\u00e1trica municipal que atender\u00e1 las 24 hs - El Regional\",\"isPartOf\":{\"@id\":\"http:\/\/elregionalvm.com.ar\/noticias-villa-maria\/#website\"},\"primaryImageOfPage\":{\"@id\":\"https:\/\/elregionalvm.com.ar\/noticias-villa-maria\/comenzo-a-funcionar-el-servicio-de-guardia-pediatrica-municipal-que-atendera-las-24-hs\/#primaryimage\"},\"image\":{\"@id\":\"https:\/\/elregionalvm.com.ar\/noticias-villa-maria\/comenzo-a-funcionar-el-servicio-de-guardia-pediatrica-municipal-que-atendera-las-24-hs\/#primaryimage\"},\"thumbnailUrl\":\"https:\/\/i0.wp.com\/elregionalvm.com.ar\/noticias-villa-maria\/wp-content\/uploads\/2024\/09\/WhatsApp-Image-2024-09-02-at-15.38.49.jpeg?fit=1600%2C1069&ssl=1\",\"datePublished\":\"2024-09-02T21:39:18+00:00\",\"dateModified\":\"2024-09-02T21:39:23+00:00\",\"author\":{\"@id\":\"http:\/\/elregionalvm.com.ar\/noticias-villa-maria\/#\/schema\/person\/a0fb9c422317faca23d50163151bc354\"},\"breadcrumb\":{\"@id\":\"https:\/\/elregionalvm.com.ar\/noticias-villa-maria\/comenzo-a-funcionar-el-servicio-de-guardia-pediatrica-municipal-que-atendera-las-24-hs\/#breadcrumb\"},\"inLanguage\":\"es\",\"potentialAction\":[{\"@type\":\"ReadAction\",\"target\":[\"https:\/\/elregionalvm.com.ar\/noticias-villa-maria\/comenzo-a-funcionar-el-servicio-de-guardia-pediatrica-municipal-que-atendera-las-24-hs\/\"]}]},{\"@type\":\"ImageObject\",\"inLanguage\":\"es\",\"@id\":\"https:\/\/elregionalvm.com.ar\/noticias-villa-maria\/comenzo-a-funcionar-el-servicio-de-guardia-pediatrica-municipal-que-atendera-las-24-hs\/#primaryimage\",\"url\":\"https:\/\/i0.wp.com\/elregionalvm.com.ar\/noticias-villa-maria\/wp-content\/uploads\/2024\/09\/WhatsApp-Image-2024-09-02-at-15.38.49.jpeg?fit=1600%2C1069&ssl=1\",\"contentUrl\":\"https:\/\/i0.wp.com\/elregionalvm.com.ar\/noticias-villa-maria\/wp-content\/uploads\/2024\/09\/WhatsApp-Image-2024-09-02-at-15.38.49.jpeg?fit=1600%2C1069&ssl=1\",\"width\":1600,\"height\":1069},{\"@type\":\"BreadcrumbList\",\"@id\":\"https:\/\/elregionalvm.com.ar\/noticias-villa-maria\/comenzo-a-funcionar-el-servicio-de-guardia-pediatrica-municipal-que-atendera-las-24-hs\/#breadcrumb\",\"itemListElement\":[{\"@type\":\"ListItem\",\"position\":1,\"name\":\"Portada\",\"item\":\"https:\/\/elregionalvm.com.ar\/noticias-villa-maria\/\"},{\"@type\":\"ListItem\",\"position\":2,\"name\":\"Comenz\u00f3 a funcionar el servicio de guardia pedi\u00e1trica municipal que atender\u00e1 las 24 hs\"}]},{\"@type\":\"WebSite\",\"@id\":\"http:\/\/elregionalvm.com.ar\/noticias-villa-maria\/#website\",\"url\":\"http:\/\/elregionalvm.com.ar\/noticias-villa-maria\/\",\"name\":\"El Regional\",\"description\":\"Mucho m\u00e1s que informaci\u00f3n\",\"potentialAction\":[{\"@type\":\"SearchAction\",\"target\":{\"@type\":\"EntryPoint\",\"urlTemplate\":\"http:\/\/elregionalvm.com.ar\/noticias-villa-maria\/?s={search_term_string}\"},\"query-input\":{\"@type\":\"PropertyValueSpecification\",\"valueRequired\":true,\"valueName\":\"search_term_string\"}}],\"inLanguage\":\"es\"},{\"@type\":\"Person\",\"@id\":\"http:\/\/elregionalvm.com.ar\/noticias-villa-maria\/#\/schema\/person\/a0fb9c422317faca23d50163151bc354\",\"name\":\"Contenidos El Regional\",\"image\":{\"@type\":\"ImageObject\",\"inLanguage\":\"es\",\"@id\":\"http:\/\/elregionalvm.com.ar\/noticias-villa-maria\/#\/schema\/person\/image\/\",\"url\":\"https:\/\/secure.gravatar.com\/avatar\/265b27cb2209af7bb3a1318f03305787d7981a5cc6e6cd08fe5a4ecdf99d4b48?s=96&d=mm&r=g\",\"contentUrl\":\"https:\/\/secure.gravatar.com\/avatar\/265b27cb2209af7bb3a1318f03305787d7981a5cc6e6cd08fe5a4ecdf99d4b48?s=96&d=mm&r=g\",\"caption\":\"Contenidos El Regional\"},\"url\":\"https:\/\/elregionalvm.com.ar\/noticias-villa-maria\/author\/contenido\/\"}]}<\/script>\n<!-- \/ Yoast SEO plugin. -->","yoast_head_json":{"title":"Comenz\u00f3 a funcionar el servicio de guardia pedi\u00e1trica municipal que atender\u00e1 las 24 hs - El Regional","robots":{"index":"index","follow":"follow","max-snippet":"max-snippet:-1","max-image-preview":"max-image-preview:large","max-video-preview":"max-video-preview:-1"},"canonical":"https:\/\/elregionalvm.com.ar\/noticias-villa-maria\/comenzo-a-funcionar-el-servicio-de-guardia-pediatrica-municipal-que-atendera-las-24-hs\/","og_locale":"es_ES","og_type":"article","og_title":"Comenz\u00f3 a funcionar el servicio de guardia pedi\u00e1trica municipal que atender\u00e1 las 24 hs - El Regional","og_description":"La municipalidad de Villa Mar\u00eda informa que comenz\u00f3 a funcionar el servicio m\u00e9dico de guardia pedi\u00e1trica dirigido a ni\u00f1os de entre 0 y 14 a\u00f1os. Durante la primera jornada de atenci\u00f3n, el intendente municipal Eduardo Accastello, recorri\u00f3 las instalaciones de esta nueva prestaci\u00f3n sanitaria que funciona en la sede del grupo FAMM (San Juan 1364). [&hellip;]","og_url":"https:\/\/elregionalvm.com.ar\/noticias-villa-maria\/comenzo-a-funcionar-el-servicio-de-guardia-pediatrica-municipal-que-atendera-las-24-hs\/","og_site_name":"El Regional","article_publisher":"https:\/\/www.facebook.com\/elregionalvm","article_published_time":"2024-09-02T21:39:18+00:00","article_modified_time":"2024-09-02T21:39:23+00:00","og_image":[{"width":1600,"height":1069,"url":"https:\/\/elregionalvm.com.ar\/noticias-villa-maria\/wp-content\/uploads\/2024\/09\/WhatsApp-Image-2024-09-02-at-15.38.49.jpeg","type":"image\/jpeg"}],"author":"Contenidos El Regional","twitter_card":"summary_large_image","twitter_creator":"@elregionalvm1","twitter_site":"@elregionalvm1","twitter_misc":{"Escrito por":"Contenidos El Regional","Tiempo de lectura":"2 minutos"},"schema":{"@context":"https:\/\/schema.org","@graph":[{"@type":"Article","@id":"https:\/\/elregionalvm.com.ar\/noticias-villa-maria\/comenzo-a-funcionar-el-servicio-de-guardia-pediatrica-municipal-que-atendera-las-24-hs\/#article","isPartOf":{"@id":"https:\/\/elregionalvm.com.ar\/noticias-villa-maria\/comenzo-a-funcionar-el-servicio-de-guardia-pediatrica-municipal-que-atendera-las-24-hs\/"},"author":{"name":"Contenidos El Regional","@id":"http:\/\/elregionalvm.com.ar\/noticias-villa-maria\/#\/schema\/person\/a0fb9c422317faca23d50163151bc354"},"headline":"Comenz\u00f3 a funcionar el servicio de guardia pedi\u00e1trica municipal que atender\u00e1 las 24 hs","datePublished":"2024-09-02T21:39:18+00:00","dateModified":"2024-09-02T21:39:23+00:00","mainEntityOfPage":{"@id":"https:\/\/elregionalvm.com.ar\/noticias-villa-maria\/comenzo-a-funcionar-el-servicio-de-guardia-pediatrica-municipal-que-atendera-las-24-hs\/"},"wordCount":188,"commentCount":0,"image":{"@id":"https:\/\/elregionalvm.com.ar\/noticias-villa-maria\/comenzo-a-funcionar-el-servicio-de-guardia-pediatrica-municipal-que-atendera-las-24-hs\/#primaryimage"},"thumbnailUrl":"https:\/\/i0.wp.com\/elregionalvm.com.ar\/noticias-villa-maria\/wp-content\/uploads\/2024\/09\/WhatsApp-Image-2024-09-02-at-15.38.49.jpeg?fit=1600%2C1069&ssl=1","articleSection":["destacado","Sociedad","Villa Mar\u00eda"],"inLanguage":"es","potentialAction":[{"@type":"CommentAction","name":"Comment","target":["https:\/\/elregionalvm.com.ar\/noticias-villa-maria\/comenzo-a-funcionar-el-servicio-de-guardia-pediatrica-municipal-que-atendera-las-24-hs\/#respond"]}]},{"@type":"WebPage","@id":"https:\/\/elregionalvm.com.ar\/noticias-villa-maria\/comenzo-a-funcionar-el-servicio-de-guardia-pediatrica-municipal-que-atendera-las-24-hs\/","url":"https:\/\/elregionalvm.com.ar\/noticias-villa-maria\/comenzo-a-funcionar-el-servicio-de-guardia-pediatrica-municipal-que-atendera-las-24-hs\/","name":"Comenz\u00f3 a funcionar el servicio de guardia pedi\u00e1trica municipal que atender\u00e1 las 24 hs - El Regional","isPartOf":{"@id":"http:\/\/elregionalvm.com.ar\/noticias-villa-maria\/#website"},"primaryImageOfPage":{"@id":"https:\/\/elregionalvm.com.ar\/noticias-villa-maria\/comenzo-a-funcionar-el-servicio-de-guardia-pediatrica-municipal-que-atendera-las-24-hs\/#primaryimage"},"image":{"@id":"https:\/\/elregionalvm.com.ar\/noticias-villa-maria\/comenzo-a-funcionar-el-servicio-de-guardia-pediatrica-municipal-que-atendera-las-24-hs\/#primaryimage"},"thumbnailUrl":"https:\/\/i0.wp.com\/elregionalvm.com.ar\/noticias-villa-maria\/wp-content\/uploads\/2024\/09\/WhatsApp-Image-2024-09-02-at-15.38.49.jpeg?fit=1600%2C1069&ssl=1","datePublished":"2024-09-02T21:39:18+00:00","dateModified":"2024-09-02T21:39:23+00:00","author":{"@id":"http:\/\/elregionalvm.com.ar\/noticias-villa-maria\/#\/schema\/person\/a0fb9c422317faca23d50163151bc354"},"breadcrumb":{"@id":"https:\/\/elregionalvm.com.ar\/noticias-villa-maria\/comenzo-a-funcionar-el-servicio-de-guardia-pediatrica-municipal-que-atendera-las-24-hs\/#breadcrumb"},"inLanguage":"es","potentialAction":[{"@type":"ReadAction","target":["https:\/\/elregionalvm.com.ar\/noticias-villa-maria\/comenzo-a-funcionar-el-servicio-de-guardia-pediatrica-municipal-que-atendera-las-24-hs\/"]}]},{"@type":"ImageObject","inLanguage":"es","@id":"https:\/\/elregionalvm.com.ar\/noticias-villa-maria\/comenzo-a-funcionar-el-servicio-de-guardia-pediatrica-municipal-que-atendera-las-24-hs\/#primaryimage","url":"https:\/\/i0.wp.com\/elregionalvm.com.ar\/noticias-villa-maria\/wp-content\/uploads\/2024\/09\/WhatsApp-Image-2024-09-02-at-15.38.49.jpeg?fit=1600%2C1069&ssl=1","contentUrl":"https:\/\/i0.wp.com\/elregionalvm.com.ar\/noticias-villa-maria\/wp-content\/uploads\/2024\/09\/WhatsApp-Image-2024-09-02-at-15.38.49.jpeg?fit=1600%2C1069&ssl=1","width":1600,"height":1069},{"@type":"BreadcrumbList","@id":"https:\/\/elregionalvm.com.ar\/noticias-villa-maria\/comenzo-a-funcionar-el-servicio-de-guardia-pediatrica-municipal-que-atendera-las-24-hs\/#breadcrumb","itemListElement":[{"@type":"ListItem","position":1,"name":"Portada","item":"https:\/\/elregionalvm.com.ar\/noticias-villa-maria\/"},{"@type":"ListItem","position":2,"name":"Comenz\u00f3 a funcionar el servicio de guardia pedi\u00e1trica municipal que atender\u00e1 las 24 hs"}]},{"@type":"WebSite","@id":"http:\/\/elregionalvm.com.ar\/noticias-villa-maria\/#website","url":"http:\/\/elregionalvm.com.ar\/noticias-villa-maria\/","name":"El Regional","description":"Mucho m\u00e1s que informaci\u00f3n","potentialAction":[{"@type":"SearchAction","target":{"@type":"EntryPoint","urlTemplate":"http:\/\/elregionalvm.com.ar\/noticias-villa-maria\/?s={search_term_string}"},"query-input":{"@type":"PropertyValueSpecification","valueRequired":true,"valueName":"search_term_string"}}],"inLanguage":"es"},{"@type":"Person","@id":"http:\/\/elregionalvm.com.ar\/noticias-villa-maria\/#\/schema\/person\/a0fb9c422317faca23d50163151bc354","name":"Contenidos El Regional","image":{"@type":"ImageObject","inLanguage":"es","@id":"http:\/\/elregionalvm.com.ar\/noticias-villa-maria\/#\/schema\/person\/image\/","url":"https:\/\/secure.gravatar.com\/avatar\/265b27cb2209af7bb3a1318f03305787d7981a5cc6e6cd08fe5a4ecdf99d4b48?s=96&d=mm&r=g","contentUrl":"https:\/\/secure.gravatar.com\/avatar\/265b27cb2209af7bb3a1318f03305787d7981a5cc6e6cd08fe5a4ecdf99d4b48?s=96&d=mm&r=g","caption":"Contenidos El Regional"},"url":"https:\/\/elregionalvm.com.ar\/noticias-villa-maria\/author\/contenido\/"}]}},"jetpack_featured_media_url":"https:\/\/i0.wp.com\/elregionalvm.com.ar\/noticias-villa-maria\/wp-content\/uploads\/2024\/09\/WhatsApp-Image-2024-09-02-at-15.38.49.jpeg?fit=1600%2C1069&ssl=1","jetpack_sharing_enabled":true,"_links":{"self":[{"href":"https:\/\/elregionalvm.com.ar\/noticias-villa-maria\/wp-json\/wp\/v2\/posts\/98184","targetHints":{"allow":["GET"]}}],"collection":[{"href":"https:\/\/elregionalvm.com.ar\/noticias-villa-maria\/wp-json\/wp\/v2\/posts"}],"about":[{"href":"https:\/\/elregionalvm.com.ar\/noticias-villa-maria\/wp-json\/wp\/v2\/types\/post"}],"author":[{"embeddable":true,"href":"https:\/\/elregionalvm.com.ar\/noticias-villa-maria\/wp-json\/wp\/v2\/users\/4"}],"replies":[{"embeddable":true,"href":"https:\/\/elregionalvm.com.ar\/noticias-villa-maria\/wp-json\/wp\/v2\/comments?post=98184"}],"version-history":[{"count":1,"href":"https:\/\/elregionalvm.com.ar\/noticias-villa-maria\/wp-json\/wp\/v2\/posts\/98184\/revisions"}],"predecessor-version":[{"id":98192,"href":"https:\/\/elregionalvm.com.ar\/noticias-villa-maria\/wp-json\/wp\/v2\/posts\/98184\/revisions\/98192"}],"wp:featuredmedia":[{"embeddable":true,"href":"https:\/\/elregionalvm.com.ar\/noticias-villa-maria\/wp-json\/wp\/v2\/media\/98185"}],"wp:attachment":[{"href":"https:\/\/elregionalvm.com.ar\/noticias-villa-maria\/wp-json\/wp\/v2\/media?parent=98184"}],"wp:term":[{"taxonomy":"category","embeddable":true,"href":"https:\/\/elregionalvm.com.ar\/noticias-villa-maria\/wp-json\/wp\/v2\/categories?post=98184"},{"taxonomy":"post_tag","embeddable":true,"href":"https:\/\/elregionalvm.com.ar\/noticias-villa-maria\/wp-json\/wp\/v2\/tags?post=98184"}],"curies":[{"name":"wp","href":"https:\/\/api.w.org\/{rel}","templated":true}]}}