{"id":98208,"date":"2024-09-02T22:17:12","date_gmt":"2024-09-02T22:17:12","guid":{"rendered":"https:\/\/elregionalvm.com.ar\/noticias-villa-maria\/?p=98208"},"modified":"2024-09-02T22:17:14","modified_gmt":"2024-09-02T22:17:14","slug":"el-municipio-y-la-provincia-presentaron-el-programa-cordoba-productiva-y-sostenible","status":"publish","type":"post","link":"https:\/\/elregionalvm.com.ar\/noticias-villa-maria\/el-municipio-y-la-provincia-presentaron-el-programa-cordoba-productiva-y-sostenible\/","title":{"rendered":"El Municipio y la Provincia presentaron el programa \u00abC\u00f3rdoba Productiva y Sostenible\u00bb"},"content":{"rendered":"\n<p>En horas de la ma\u00f1ana, el Parque Industrial, Log\u00edstico y Tecnol\u00f3gico (PILT) fue sede de la incorporaci\u00f3n de nuestra ciudad al programa C\u00f3rdoba Productiva y Sostenible, propuesto por la Secretar\u00eda de Desarrollo Sostenible, perteneciente al Ministerio de Ambiente y Econom\u00eda Circular.<\/p>\n\n\n\n<figure class=\"wp-block-image size-large\"><img data-recalc-dims=\"1\" fetchpriority=\"high\" decoding=\"async\" width=\"1024\" height=\"684\" src=\"https:\/\/i0.wp.com\/elregionalvm.com.ar\/noticias-villa-maria\/wp-content\/uploads\/2024\/09\/WhatsApp-Image-2024-09-02-at-13.29.47.jpeg?resize=1024%2C684&#038;ssl=1\" alt=\"\" class=\"wp-image-98211\" srcset=\"https:\/\/i0.wp.com\/elregionalvm.com.ar\/noticias-villa-maria\/wp-content\/uploads\/2024\/09\/WhatsApp-Image-2024-09-02-at-13.29.47.jpeg?resize=1024%2C684&amp;ssl=1 1024w, https:\/\/i0.wp.com\/elregionalvm.com.ar\/noticias-villa-maria\/wp-content\/uploads\/2024\/09\/WhatsApp-Image-2024-09-02-at-13.29.47.jpeg?resize=300%2C200&amp;ssl=1 300w, https:\/\/i0.wp.com\/elregionalvm.com.ar\/noticias-villa-maria\/wp-content\/uploads\/2024\/09\/WhatsApp-Image-2024-09-02-at-13.29.47.jpeg?resize=768%2C513&amp;ssl=1 768w, https:\/\/i0.wp.com\/elregionalvm.com.ar\/noticias-villa-maria\/wp-content\/uploads\/2024\/09\/WhatsApp-Image-2024-09-02-at-13.29.47.jpeg?w=1280&amp;ssl=1 1280w\" sizes=\"(max-width: 1000px) 100vw, 1000px\" \/><\/figure>\n\n\n\n<p>All\u00ed, el intendente Eduardo Accastello, acompa\u00f1ado por el secretario de Desarrollo Sostenible, Juan Carlos Scotto, firm\u00f3 la adhesi\u00f3n a la iniciativa que tiene como objetivo mejorar la sostenibilidad, eficiencia y competitividad de los sectores productivos de C\u00f3rdoba, promoviendo una econom\u00eda circular y el desarrollo sostenible en la provincia.<\/p>\n\n\n\n<p>En este sentido, el jefe comunal Accastello, manifest\u00f3: \u201cC\u00f3rdoba es un modelo de desarrollo productivo que trabaja para competir internacionalmente. Por eso, necesitamos programas como estos, que buscan la eficiencia, la sustentabilidad, la posibilidad de cambiar combustibles f\u00f3siles por biocombustibles, pero que adem\u00e1s ofrece la posibilidad de acceder a financiamiento a trav\u00e9s de cr\u00e9ditos a tasa blanda para que el sector privado pueda crecer\u00bb.<\/p>\n\n\n\n<figure class=\"wp-block-image size-large\"><img data-recalc-dims=\"1\" decoding=\"async\" width=\"1024\" height=\"684\" src=\"https:\/\/i0.wp.com\/elregionalvm.com.ar\/noticias-villa-maria\/wp-content\/uploads\/2024\/09\/WhatsApp-Image-2024-09-02-at-13.29.48-1.jpeg?resize=1024%2C684&#038;ssl=1\" alt=\"\" class=\"wp-image-98209\" srcset=\"https:\/\/i0.wp.com\/elregionalvm.com.ar\/noticias-villa-maria\/wp-content\/uploads\/2024\/09\/WhatsApp-Image-2024-09-02-at-13.29.48-1.jpeg?resize=1024%2C684&amp;ssl=1 1024w, https:\/\/i0.wp.com\/elregionalvm.com.ar\/noticias-villa-maria\/wp-content\/uploads\/2024\/09\/WhatsApp-Image-2024-09-02-at-13.29.48-1.jpeg?resize=300%2C200&amp;ssl=1 300w, https:\/\/i0.wp.com\/elregionalvm.com.ar\/noticias-villa-maria\/wp-content\/uploads\/2024\/09\/WhatsApp-Image-2024-09-02-at-13.29.48-1.jpeg?resize=768%2C513&amp;ssl=1 768w, https:\/\/i0.wp.com\/elregionalvm.com.ar\/noticias-villa-maria\/wp-content\/uploads\/2024\/09\/WhatsApp-Image-2024-09-02-at-13.29.48-1.jpeg?w=1280&amp;ssl=1 1280w\" sizes=\"(max-width: 1000px) 100vw, 1000px\" \/><\/figure>\n\n\n\n<p>\u00abCelebramos la posibilidad de tener la visita de los representantes del gobierno provincial y que podamos continuar trabajando juntos para hacer crecer a nuestra industria y nuestro Parque Industrial\u00bb, cerr\u00f3 Accastello.<\/p>\n\n\n\n<p>A su turno, el titular de la secretar\u00eda provincial, Juan Carlos Scotto, expres\u00f3: \u201cEl Gobierno provincial, a trav\u00e9s del Consejo Federal de Inversiones, financia un gestor, que va se va a formar de manera gratuita en cuestiones vinculadas a la eficiencia energ\u00e9tica, uso del agua, huello de carbono, normativa ambiental y sostenibilidad. Con esto pretendemos que aquellas pymes que no tienen un departamento de sostenibilidad, ambiental o alguna persona abocada al rubro, pueda formarse y quedar dentro de la empresa con esa mirada, para avanzar en el cumplimiento de los objetivos que tiene el programa\u201d.<\/p>\n\n\n\n<p>Cabe mencionar que la iniciativa est\u00e1 orientada a promover modelos de producci\u00f3n que optimicen el uso de recursos naturales y reduzcan el impacto ambiental.<\/p>\n\n\n\n<p>Estuvieron presentes la secretaria de Infraestructura, Desarrollo Urbano y Ambiente, Alejandra Barbero; el secretario de Parques Industriales, \u00c1lvaro Garc\u00eda Defilippi y el gerente del PILT, Carlos Montoto.<\/p>\n\n\n\n<p>Sobre el programa C\u00f3rdoba Productiva y Sostenible<\/p>\n\n\n\n<p>La iniciativa busca racionalizar el uso de recursos, minimizar la generaci\u00f3n de residuos y emisiones contaminantes, e integrar la dimensi\u00f3n ambiental en la gesti\u00f3n productiva mediante un enfoque preventivo y de administraci\u00f3n eficiente.<\/p>\n\n\n\n<p>Adem\u00e1s, el programa ofrece un \u201cDiagn\u00f3stico de Sostenibilidad\u201c gratuito a establecimientos con Sistemas Intensivos y Concentrados de Producci\u00f3n Animal (SICPA); parques industriales; industrias; emprendimientos tur\u00edsticos y establecimientos con manejo de bosque con ganader\u00eda regenerativa, a trav\u00e9s de dos \u00edndices: de Sostenibilidad y Salud Ecosist\u00e9mico.<\/p>\n\n\n\n<p>Asimismo, las entidades que necesiten financiamiento para realizar las propuestas de mejora, podr\u00e1n acceder a cr\u00e9ditos del Consejo Federal de Inversiones (CFI) y el Banco de la Provincia de C\u00f3rdoba (BANCOR).<\/p>\n\n\n\n<p>C\u00f3mo inscribirse<\/p>\n\n\n\n<p>Es importante recordar que se encuentran abiertas las inscripciones para aquellas empresas que quieran recibir asesoramiento y consultor\u00eda ambiental, adem\u00e1s del financiamiento para la compra de maquinaria y tecnolog\u00eda que guarde relaci\u00f3n con los lineamientos del programa, a trav\u00e9s del enlace: https:\/\/cidi.cba.gov.ar\/portal-publico\/tramite\/BF86BAB7-963F-EF11-BAAB-005056A1885B<\/p>\n\n\n\n<p>A su vez, aquellas personas interesadas en formarse como asesores y evaluadores de estos organismos, tambi\u00e9n pueden inscribirse mediante el enlace: https:\/\/cidi.cba.gov.ar\/portal-publico\/tramite\/5D7BEAFA-953F-EF11-BAAB-005056A1885B<\/p>\n\n\n\n<p>Para conocer m\u00e1s informaci\u00f3n, las y los interesados pueden ingresar a https:\/\/ambiente.cba.gov.ar\/programa-cordoba-productiva-y-sostenible\/, O bien comunicarse v\u00eda correo electr\u00f3nico a programa.cba.sostenible@gmail.com<\/p>\n","protected":false},"excerpt":{"rendered":"<p>En horas de la ma\u00f1ana, el Parque Industrial, Log\u00edstico y Tecnol\u00f3gico (PILT) fue sede de la incorporaci\u00f3n de nuestra ciudad al programa C\u00f3rdoba Productiva y Sostenible, propuesto por la Secretar\u00eda de Desarrollo Sostenible, perteneciente al Ministerio de Ambiente y Econom\u00eda Circular. All\u00ed, el intendente Eduardo Accastello, acompa\u00f1ado por el secretario de Desarrollo Sostenible, Juan Carlos [&hellip;]<\/p>\n","protected":false},"author":4,"featured_media":98210,"comment_status":"open","ping_status":"open","sticky":false,"template":"","format":"standard","meta":{"site-sidebar-layout":"default","site-content-layout":"","ast-site-content-layout":"default","site-content-style":"default","site-sidebar-style":"default","ast-global-header-display":"","ast-banner-title-visibility":"","ast-main-header-display":"","ast-hfb-above-header-display":"","ast-hfb-below-header-display":"","ast-hfb-mobile-header-display":"","site-post-title":"","ast-breadcrumbs-content":"","ast-featured-img":"","footer-sml-layout":"","ast-disable-related-posts":"","theme-transparent-header-meta":"","adv-header-id-meta":"","stick-header-meta":"","header-above-stick-meta":"","header-main-stick-meta":"","header-below-stick-meta":"","astra-migrate-meta-layouts":"set","ast-page-background-enabled":"default","ast-page-background-meta":{"desktop":{"background-color":"","background-image":"","background-repeat":"repeat","background-position":"center center","background-size":"auto","background-attachment":"scroll","background-type":"","background-media":"","overlay-type":"","overlay-color":"","overlay-opacity":"","overlay-gradient":""},"tablet":{"background-color":"","background-image":"","background-repeat":"repeat","background-position":"center center","background-size":"auto","background-attachment":"scroll","background-type":"","background-media":"","overlay-type":"","overlay-color":"","overlay-opacity":"","overlay-gradient":""},"mobile":{"background-color":"","background-image":"","background-repeat":"repeat","background-position":"center center","background-size":"auto","background-attachment":"scroll","background-type":"","background-media":"","overlay-type":"","overlay-color":"","overlay-opacity":"","overlay-gradient":""}},"ast-content-background-meta":{"desktop":{"background-color":"var(--ast-global-color-5)","background-image":"","background-repeat":"repeat","background-position":"center center","background-size":"auto","background-attachment":"scroll","background-type":"","background-media":"","overlay-type":"","overlay-color":"","overlay-opacity":"","overlay-gradient":""},"tablet":{"background-color":"var(--ast-global-color-5)","background-image":"","background-repeat":"repeat","background-position":"center center","background-size":"auto","background-attachment":"scroll","background-type":"","background-media":"","overlay-type":"","overlay-color":"","overlay-opacity":"","overlay-gradient":""},"mobile":{"background-color":"var(--ast-global-color-5)","background-image":"","background-repeat":"repeat","background-position":"center center","background-size":"auto","background-attachment":"scroll","background-type":"","background-media":"","overlay-type":"","overlay-color":"","overlay-opacity":"","overlay-gradient":""}},"_jetpack_memberships_contains_paid_content":false,"_joinchat":[],"footnotes":""},"categories":[15302,5,2],"tags":[],"class_list":["post-98208","post","type-post","status-publish","format-standard","has-post-thumbnail","hentry","category-destacado","category-sociedad","category-villa-maria"],"yoast_head":"<!-- This site is optimized with the Yoast SEO plugin v26.8 - https:\/\/yoast.com\/product\/yoast-seo-wordpress\/ -->\n<title>El Municipio y la Provincia presentaron el programa &quot;C\u00f3rdoba Productiva y Sostenible&quot; - El Regional<\/title>\n<meta name=\"robots\" content=\"index, follow, max-snippet:-1, max-image-preview:large, max-video-preview:-1\" \/>\n<link rel=\"canonical\" href=\"https:\/\/elregionalvm.com.ar\/noticias-villa-maria\/el-municipio-y-la-provincia-presentaron-el-programa-cordoba-productiva-y-sostenible\/\" \/>\n<meta property=\"og:locale\" content=\"es_ES\" \/>\n<meta property=\"og:type\" content=\"article\" \/>\n<meta property=\"og:title\" content=\"El Municipio y la Provincia presentaron el programa &quot;C\u00f3rdoba Productiva y Sostenible&quot; - El Regional\" \/>\n<meta property=\"og:description\" content=\"En horas de la ma\u00f1ana, el Parque Industrial, Log\u00edstico y Tecnol\u00f3gico (PILT) fue sede de la incorporaci\u00f3n de nuestra ciudad al programa C\u00f3rdoba Productiva y Sostenible, propuesto por la Secretar\u00eda de Desarrollo Sostenible, perteneciente al Ministerio de Ambiente y Econom\u00eda Circular. All\u00ed, el intendente Eduardo Accastello, acompa\u00f1ado por el secretario de Desarrollo Sostenible, Juan Carlos [&hellip;]\" \/>\n<meta property=\"og:url\" content=\"https:\/\/elregionalvm.com.ar\/noticias-villa-maria\/el-municipio-y-la-provincia-presentaron-el-programa-cordoba-productiva-y-sostenible\/\" \/>\n<meta property=\"og:site_name\" content=\"El Regional\" \/>\n<meta property=\"article:publisher\" content=\"https:\/\/www.facebook.com\/elregionalvm\" \/>\n<meta property=\"article:published_time\" content=\"2024-09-02T22:17:12+00:00\" \/>\n<meta property=\"article:modified_time\" content=\"2024-09-02T22:17:14+00:00\" \/>\n<meta property=\"og:image\" content=\"https:\/\/elregionalvm.com.ar\/noticias-villa-maria\/wp-content\/uploads\/2024\/09\/WhatsApp-Image-2024-09-02-at-13.29.48.jpeg\" \/>\n\t<meta property=\"og:image:width\" content=\"1280\" \/>\n\t<meta property=\"og:image:height\" content=\"855\" \/>\n\t<meta property=\"og:image:type\" content=\"image\/jpeg\" \/>\n<meta name=\"author\" content=\"Contenidos El Regional\" \/>\n<meta name=\"twitter:card\" content=\"summary_large_image\" \/>\n<meta name=\"twitter:creator\" content=\"@elregionalvm1\" \/>\n<meta name=\"twitter:site\" content=\"@elregionalvm1\" \/>\n<meta name=\"twitter:label1\" content=\"Escrito por\" \/>\n\t<meta name=\"twitter:data1\" content=\"Contenidos El Regional\" \/>\n\t<meta name=\"twitter:label2\" content=\"Tiempo de lectura\" \/>\n\t<meta name=\"twitter:data2\" content=\"4 minutos\" \/>\n<script type=\"application\/ld+json\" class=\"yoast-schema-graph\">{\"@context\":\"https:\/\/schema.org\",\"@graph\":[{\"@type\":\"Article\",\"@id\":\"https:\/\/elregionalvm.com.ar\/noticias-villa-maria\/el-municipio-y-la-provincia-presentaron-el-programa-cordoba-productiva-y-sostenible\/#article\",\"isPartOf\":{\"@id\":\"https:\/\/elregionalvm.com.ar\/noticias-villa-maria\/el-municipio-y-la-provincia-presentaron-el-programa-cordoba-productiva-y-sostenible\/\"},\"author\":{\"name\":\"Contenidos El Regional\",\"@id\":\"http:\/\/elregionalvm.com.ar\/noticias-villa-maria\/#\/schema\/person\/a0fb9c422317faca23d50163151bc354\"},\"headline\":\"El Municipio y la Provincia presentaron el programa \u00abC\u00f3rdoba Productiva y Sostenible\u00bb\",\"datePublished\":\"2024-09-02T22:17:12+00:00\",\"dateModified\":\"2024-09-02T22:17:14+00:00\",\"mainEntityOfPage\":{\"@id\":\"https:\/\/elregionalvm.com.ar\/noticias-villa-maria\/el-municipio-y-la-provincia-presentaron-el-programa-cordoba-productiva-y-sostenible\/\"},\"wordCount\":625,\"commentCount\":0,\"image\":{\"@id\":\"https:\/\/elregionalvm.com.ar\/noticias-villa-maria\/el-municipio-y-la-provincia-presentaron-el-programa-cordoba-productiva-y-sostenible\/#primaryimage\"},\"thumbnailUrl\":\"https:\/\/i0.wp.com\/elregionalvm.com.ar\/noticias-villa-maria\/wp-content\/uploads\/2024\/09\/WhatsApp-Image-2024-09-02-at-13.29.48.jpeg?fit=1280%2C855&ssl=1\",\"articleSection\":[\"destacado\",\"Sociedad\",\"Villa Mar\u00eda\"],\"inLanguage\":\"es\",\"potentialAction\":[{\"@type\":\"CommentAction\",\"name\":\"Comment\",\"target\":[\"https:\/\/elregionalvm.com.ar\/noticias-villa-maria\/el-municipio-y-la-provincia-presentaron-el-programa-cordoba-productiva-y-sostenible\/#respond\"]}]},{\"@type\":\"WebPage\",\"@id\":\"https:\/\/elregionalvm.com.ar\/noticias-villa-maria\/el-municipio-y-la-provincia-presentaron-el-programa-cordoba-productiva-y-sostenible\/\",\"url\":\"https:\/\/elregionalvm.com.ar\/noticias-villa-maria\/el-municipio-y-la-provincia-presentaron-el-programa-cordoba-productiva-y-sostenible\/\",\"name\":\"El Municipio y la Provincia presentaron el programa \\\"C\u00f3rdoba Productiva y Sostenible\\\" - El Regional\",\"isPartOf\":{\"@id\":\"http:\/\/elregionalvm.com.ar\/noticias-villa-maria\/#website\"},\"primaryImageOfPage\":{\"@id\":\"https:\/\/elregionalvm.com.ar\/noticias-villa-maria\/el-municipio-y-la-provincia-presentaron-el-programa-cordoba-productiva-y-sostenible\/#primaryimage\"},\"image\":{\"@id\":\"https:\/\/elregionalvm.com.ar\/noticias-villa-maria\/el-municipio-y-la-provincia-presentaron-el-programa-cordoba-productiva-y-sostenible\/#primaryimage\"},\"thumbnailUrl\":\"https:\/\/i0.wp.com\/elregionalvm.com.ar\/noticias-villa-maria\/wp-content\/uploads\/2024\/09\/WhatsApp-Image-2024-09-02-at-13.29.48.jpeg?fit=1280%2C855&ssl=1\",\"datePublished\":\"2024-09-02T22:17:12+00:00\",\"dateModified\":\"2024-09-02T22:17:14+00:00\",\"author\":{\"@id\":\"http:\/\/elregionalvm.com.ar\/noticias-villa-maria\/#\/schema\/person\/a0fb9c422317faca23d50163151bc354\"},\"breadcrumb\":{\"@id\":\"https:\/\/elregionalvm.com.ar\/noticias-villa-maria\/el-municipio-y-la-provincia-presentaron-el-programa-cordoba-productiva-y-sostenible\/#breadcrumb\"},\"inLanguage\":\"es\",\"potentialAction\":[{\"@type\":\"ReadAction\",\"target\":[\"https:\/\/elregionalvm.com.ar\/noticias-villa-maria\/el-municipio-y-la-provincia-presentaron-el-programa-cordoba-productiva-y-sostenible\/\"]}]},{\"@type\":\"ImageObject\",\"inLanguage\":\"es\",\"@id\":\"https:\/\/elregionalvm.com.ar\/noticias-villa-maria\/el-municipio-y-la-provincia-presentaron-el-programa-cordoba-productiva-y-sostenible\/#primaryimage\",\"url\":\"https:\/\/i0.wp.com\/elregionalvm.com.ar\/noticias-villa-maria\/wp-content\/uploads\/2024\/09\/WhatsApp-Image-2024-09-02-at-13.29.48.jpeg?fit=1280%2C855&ssl=1\",\"contentUrl\":\"https:\/\/i0.wp.com\/elregionalvm.com.ar\/noticias-villa-maria\/wp-content\/uploads\/2024\/09\/WhatsApp-Image-2024-09-02-at-13.29.48.jpeg?fit=1280%2C855&ssl=1\",\"width\":1280,\"height\":855},{\"@type\":\"BreadcrumbList\",\"@id\":\"https:\/\/elregionalvm.com.ar\/noticias-villa-maria\/el-municipio-y-la-provincia-presentaron-el-programa-cordoba-productiva-y-sostenible\/#breadcrumb\",\"itemListElement\":[{\"@type\":\"ListItem\",\"position\":1,\"name\":\"Portada\",\"item\":\"https:\/\/elregionalvm.com.ar\/noticias-villa-maria\/\"},{\"@type\":\"ListItem\",\"position\":2,\"name\":\"El Municipio y la Provincia presentaron el programa \u00abC\u00f3rdoba Productiva y Sostenible\u00bb\"}]},{\"@type\":\"WebSite\",\"@id\":\"http:\/\/elregionalvm.com.ar\/noticias-villa-maria\/#website\",\"url\":\"http:\/\/elregionalvm.com.ar\/noticias-villa-maria\/\",\"name\":\"El Regional\",\"description\":\"Mucho m\u00e1s que informaci\u00f3n\",\"potentialAction\":[{\"@type\":\"SearchAction\",\"target\":{\"@type\":\"EntryPoint\",\"urlTemplate\":\"http:\/\/elregionalvm.com.ar\/noticias-villa-maria\/?s={search_term_string}\"},\"query-input\":{\"@type\":\"PropertyValueSpecification\",\"valueRequired\":true,\"valueName\":\"search_term_string\"}}],\"inLanguage\":\"es\"},{\"@type\":\"Person\",\"@id\":\"http:\/\/elregionalvm.com.ar\/noticias-villa-maria\/#\/schema\/person\/a0fb9c422317faca23d50163151bc354\",\"name\":\"Contenidos El Regional\",\"image\":{\"@type\":\"ImageObject\",\"inLanguage\":\"es\",\"@id\":\"http:\/\/elregionalvm.com.ar\/noticias-villa-maria\/#\/schema\/person\/image\/\",\"url\":\"https:\/\/secure.gravatar.com\/avatar\/265b27cb2209af7bb3a1318f03305787d7981a5cc6e6cd08fe5a4ecdf99d4b48?s=96&d=mm&r=g\",\"contentUrl\":\"https:\/\/secure.gravatar.com\/avatar\/265b27cb2209af7bb3a1318f03305787d7981a5cc6e6cd08fe5a4ecdf99d4b48?s=96&d=mm&r=g\",\"caption\":\"Contenidos El Regional\"},\"url\":\"https:\/\/elregionalvm.com.ar\/noticias-villa-maria\/author\/contenido\/\"}]}<\/script>\n<!-- \/ Yoast SEO plugin. -->","yoast_head_json":{"title":"El Municipio y la Provincia presentaron el programa \"C\u00f3rdoba Productiva y Sostenible\" - El Regional","robots":{"index":"index","follow":"follow","max-snippet":"max-snippet:-1","max-image-preview":"max-image-preview:large","max-video-preview":"max-video-preview:-1"},"canonical":"https:\/\/elregionalvm.com.ar\/noticias-villa-maria\/el-municipio-y-la-provincia-presentaron-el-programa-cordoba-productiva-y-sostenible\/","og_locale":"es_ES","og_type":"article","og_title":"El Municipio y la Provincia presentaron el programa \"C\u00f3rdoba Productiva y Sostenible\" - El Regional","og_description":"En horas de la ma\u00f1ana, el Parque Industrial, Log\u00edstico y Tecnol\u00f3gico (PILT) fue sede de la incorporaci\u00f3n de nuestra ciudad al programa C\u00f3rdoba Productiva y Sostenible, propuesto por la Secretar\u00eda de Desarrollo Sostenible, perteneciente al Ministerio de Ambiente y Econom\u00eda Circular. All\u00ed, el intendente Eduardo Accastello, acompa\u00f1ado por el secretario de Desarrollo Sostenible, Juan Carlos [&hellip;]","og_url":"https:\/\/elregionalvm.com.ar\/noticias-villa-maria\/el-municipio-y-la-provincia-presentaron-el-programa-cordoba-productiva-y-sostenible\/","og_site_name":"El Regional","article_publisher":"https:\/\/www.facebook.com\/elregionalvm","article_published_time":"2024-09-02T22:17:12+00:00","article_modified_time":"2024-09-02T22:17:14+00:00","og_image":[{"width":1280,"height":855,"url":"https:\/\/elregionalvm.com.ar\/noticias-villa-maria\/wp-content\/uploads\/2024\/09\/WhatsApp-Image-2024-09-02-at-13.29.48.jpeg","type":"image\/jpeg"}],"author":"Contenidos El Regional","twitter_card":"summary_large_image","twitter_creator":"@elregionalvm1","twitter_site":"@elregionalvm1","twitter_misc":{"Escrito por":"Contenidos El Regional","Tiempo de lectura":"4 minutos"},"schema":{"@context":"https:\/\/schema.org","@graph":[{"@type":"Article","@id":"https:\/\/elregionalvm.com.ar\/noticias-villa-maria\/el-municipio-y-la-provincia-presentaron-el-programa-cordoba-productiva-y-sostenible\/#article","isPartOf":{"@id":"https:\/\/elregionalvm.com.ar\/noticias-villa-maria\/el-municipio-y-la-provincia-presentaron-el-programa-cordoba-productiva-y-sostenible\/"},"author":{"name":"Contenidos El Regional","@id":"http:\/\/elregionalvm.com.ar\/noticias-villa-maria\/#\/schema\/person\/a0fb9c422317faca23d50163151bc354"},"headline":"El Municipio y la Provincia presentaron el programa \u00abC\u00f3rdoba Productiva y Sostenible\u00bb","datePublished":"2024-09-02T22:17:12+00:00","dateModified":"2024-09-02T22:17:14+00:00","mainEntityOfPage":{"@id":"https:\/\/elregionalvm.com.ar\/noticias-villa-maria\/el-municipio-y-la-provincia-presentaron-el-programa-cordoba-productiva-y-sostenible\/"},"wordCount":625,"commentCount":0,"image":{"@id":"https:\/\/elregionalvm.com.ar\/noticias-villa-maria\/el-municipio-y-la-provincia-presentaron-el-programa-cordoba-productiva-y-sostenible\/#primaryimage"},"thumbnailUrl":"https:\/\/i0.wp.com\/elregionalvm.com.ar\/noticias-villa-maria\/wp-content\/uploads\/2024\/09\/WhatsApp-Image-2024-09-02-at-13.29.48.jpeg?fit=1280%2C855&ssl=1","articleSection":["destacado","Sociedad","Villa Mar\u00eda"],"inLanguage":"es","potentialAction":[{"@type":"CommentAction","name":"Comment","target":["https:\/\/elregionalvm.com.ar\/noticias-villa-maria\/el-municipio-y-la-provincia-presentaron-el-programa-cordoba-productiva-y-sostenible\/#respond"]}]},{"@type":"WebPage","@id":"https:\/\/elregionalvm.com.ar\/noticias-villa-maria\/el-municipio-y-la-provincia-presentaron-el-programa-cordoba-productiva-y-sostenible\/","url":"https:\/\/elregionalvm.com.ar\/noticias-villa-maria\/el-municipio-y-la-provincia-presentaron-el-programa-cordoba-productiva-y-sostenible\/","name":"El Municipio y la Provincia presentaron el programa \"C\u00f3rdoba Productiva y Sostenible\" - El Regional","isPartOf":{"@id":"http:\/\/elregionalvm.com.ar\/noticias-villa-maria\/#website"},"primaryImageOfPage":{"@id":"https:\/\/elregionalvm.com.ar\/noticias-villa-maria\/el-municipio-y-la-provincia-presentaron-el-programa-cordoba-productiva-y-sostenible\/#primaryimage"},"image":{"@id":"https:\/\/elregionalvm.com.ar\/noticias-villa-maria\/el-municipio-y-la-provincia-presentaron-el-programa-cordoba-productiva-y-sostenible\/#primaryimage"},"thumbnailUrl":"https:\/\/i0.wp.com\/elregionalvm.com.ar\/noticias-villa-maria\/wp-content\/uploads\/2024\/09\/WhatsApp-Image-2024-09-02-at-13.29.48.jpeg?fit=1280%2C855&ssl=1","datePublished":"2024-09-02T22:17:12+00:00","dateModified":"2024-09-02T22:17:14+00:00","author":{"@id":"http:\/\/elregionalvm.com.ar\/noticias-villa-maria\/#\/schema\/person\/a0fb9c422317faca23d50163151bc354"},"breadcrumb":{"@id":"https:\/\/elregionalvm.com.ar\/noticias-villa-maria\/el-municipio-y-la-provincia-presentaron-el-programa-cordoba-productiva-y-sostenible\/#breadcrumb"},"inLanguage":"es","potentialAction":[{"@type":"ReadAction","target":["https:\/\/elregionalvm.com.ar\/noticias-villa-maria\/el-municipio-y-la-provincia-presentaron-el-programa-cordoba-productiva-y-sostenible\/"]}]},{"@type":"ImageObject","inLanguage":"es","@id":"https:\/\/elregionalvm.com.ar\/noticias-villa-maria\/el-municipio-y-la-provincia-presentaron-el-programa-cordoba-productiva-y-sostenible\/#primaryimage","url":"https:\/\/i0.wp.com\/elregionalvm.com.ar\/noticias-villa-maria\/wp-content\/uploads\/2024\/09\/WhatsApp-Image-2024-09-02-at-13.29.48.jpeg?fit=1280%2C855&ssl=1","contentUrl":"https:\/\/i0.wp.com\/elregionalvm.com.ar\/noticias-villa-maria\/wp-content\/uploads\/2024\/09\/WhatsApp-Image-2024-09-02-at-13.29.48.jpeg?fit=1280%2C855&ssl=1","width":1280,"height":855},{"@type":"BreadcrumbList","@id":"https:\/\/elregionalvm.com.ar\/noticias-villa-maria\/el-municipio-y-la-provincia-presentaron-el-programa-cordoba-productiva-y-sostenible\/#breadcrumb","itemListElement":[{"@type":"ListItem","position":1,"name":"Portada","item":"https:\/\/elregionalvm.com.ar\/noticias-villa-maria\/"},{"@type":"ListItem","position":2,"name":"El Municipio y la Provincia presentaron el programa \u00abC\u00f3rdoba Productiva y Sostenible\u00bb"}]},{"@type":"WebSite","@id":"http:\/\/elregionalvm.com.ar\/noticias-villa-maria\/#website","url":"http:\/\/elregionalvm.com.ar\/noticias-villa-maria\/","name":"El Regional","description":"Mucho m\u00e1s que informaci\u00f3n","potentialAction":[{"@type":"SearchAction","target":{"@type":"EntryPoint","urlTemplate":"http:\/\/elregionalvm.com.ar\/noticias-villa-maria\/?s={search_term_string}"},"query-input":{"@type":"PropertyValueSpecification","valueRequired":true,"valueName":"search_term_string"}}],"inLanguage":"es"},{"@type":"Person","@id":"http:\/\/elregionalvm.com.ar\/noticias-villa-maria\/#\/schema\/person\/a0fb9c422317faca23d50163151bc354","name":"Contenidos El Regional","image":{"@type":"ImageObject","inLanguage":"es","@id":"http:\/\/elregionalvm.com.ar\/noticias-villa-maria\/#\/schema\/person\/image\/","url":"https:\/\/secure.gravatar.com\/avatar\/265b27cb2209af7bb3a1318f03305787d7981a5cc6e6cd08fe5a4ecdf99d4b48?s=96&d=mm&r=g","contentUrl":"https:\/\/secure.gravatar.com\/avatar\/265b27cb2209af7bb3a1318f03305787d7981a5cc6e6cd08fe5a4ecdf99d4b48?s=96&d=mm&r=g","caption":"Contenidos El Regional"},"url":"https:\/\/elregionalvm.com.ar\/noticias-villa-maria\/author\/contenido\/"}]}},"jetpack_featured_media_url":"https:\/\/i0.wp.com\/elregionalvm.com.ar\/noticias-villa-maria\/wp-content\/uploads\/2024\/09\/WhatsApp-Image-2024-09-02-at-13.29.48.jpeg?fit=1280%2C855&ssl=1","jetpack_sharing_enabled":true,"_links":{"self":[{"href":"https:\/\/elregionalvm.com.ar\/noticias-villa-maria\/wp-json\/wp\/v2\/posts\/98208","targetHints":{"allow":["GET"]}}],"collection":[{"href":"https:\/\/elregionalvm.com.ar\/noticias-villa-maria\/wp-json\/wp\/v2\/posts"}],"about":[{"href":"https:\/\/elregionalvm.com.ar\/noticias-villa-maria\/wp-json\/wp\/v2\/types\/post"}],"author":[{"embeddable":true,"href":"https:\/\/elregionalvm.com.ar\/noticias-villa-maria\/wp-json\/wp\/v2\/users\/4"}],"replies":[{"embeddable":true,"href":"https:\/\/elregionalvm.com.ar\/noticias-villa-maria\/wp-json\/wp\/v2\/comments?post=98208"}],"version-history":[{"count":1,"href":"https:\/\/elregionalvm.com.ar\/noticias-villa-maria\/wp-json\/wp\/v2\/posts\/98208\/revisions"}],"predecessor-version":[{"id":98212,"href":"https:\/\/elregionalvm.com.ar\/noticias-villa-maria\/wp-json\/wp\/v2\/posts\/98208\/revisions\/98212"}],"wp:featuredmedia":[{"embeddable":true,"href":"https:\/\/elregionalvm.com.ar\/noticias-villa-maria\/wp-json\/wp\/v2\/media\/98210"}],"wp:attachment":[{"href":"https:\/\/elregionalvm.com.ar\/noticias-villa-maria\/wp-json\/wp\/v2\/media?parent=98208"}],"wp:term":[{"taxonomy":"category","embeddable":true,"href":"https:\/\/elregionalvm.com.ar\/noticias-villa-maria\/wp-json\/wp\/v2\/categories?post=98208"},{"taxonomy":"post_tag","embeddable":true,"href":"https:\/\/elregionalvm.com.ar\/noticias-villa-maria\/wp-json\/wp\/v2\/tags?post=98208"}],"curies":[{"name":"wp","href":"https:\/\/api.w.org\/{rel}","templated":true}]}}