{"id":98386,"date":"2024-09-07T11:47:42","date_gmt":"2024-09-07T11:47:42","guid":{"rendered":"https:\/\/elregionalvm.com.ar\/noticias-villa-maria\/?p=98386"},"modified":"2024-09-10T22:11:57","modified_gmt":"2024-09-10T22:11:57","slug":"opinion-milei-sin-oposicion-en-frente-ni-a-los-costados","status":"publish","type":"post","link":"https:\/\/elregionalvm.com.ar\/noticias-villa-maria\/opinion-milei-sin-oposicion-en-frente-ni-a-los-costados\/","title":{"rendered":"[Opini\u00f3n] Milei, sin oposici\u00f3n en frente, ni a los costados"},"content":{"rendered":"\n<h3 class=\"wp-block-heading\">Y la verdad es que no la necesita. Tiene sus propias internas en Diputados y en el Senado. Cuide su tropa, presi, porque no son tantos como para andar desperdig\u00e1ndose.<\/h3>\n\n\n\n<p><\/p>\n\n\n\n<p><strong>Escribe: Cristina Pablos<\/strong><\/p>\n\n\n\n<p><\/p>\n\n\n\n<p>Y la verdad es que no la necesita. Tiene sus propias internas en Diputados y en el Senado. Cuide su tropa, presi, porque no son tantos como para andar desperdig\u00e1ndose.<\/p>\n\n\n\n<p>Por el lado de UxP no se sabe en qu\u00e9 andan, seguramente organizando algo; ya sali\u00f3 el senador Mayans a hablar de juicio pol\u00edtico al presidente.<\/p>\n\n\n\n<p>La UCR hasta el apellido Alfons\u00edn perdi\u00f3. Del PRO no sabe Milei con qui\u00e9n puede contar por m\u00e1s milanesas que coma con Macri.<\/p>\n\n\n\n<p>\u00bfPor qu\u00e9 no practica, presidente, hacer pol\u00edtica? S\u00ed, \u201cel arte de lo posible\u201d. En su cargo no se puede ser constantemente pol\u00edticamente incorrecto.<\/p>\n\n\n\n<p><\/p>\n\n\n\n<figure class=\"wp-block-pullquote\"><blockquote><p><strong>\u00bfPor qu\u00e9 no practica, presidente, hacer pol\u00edtica? S\u00ed, \u201cel arte de lo posible\u201d. En su cargo no se puede ser constantemente pol\u00edticamente incorrecto.<\/strong><\/p><\/blockquote><\/figure>\n\n\n\n<p><\/p>\n\n\n\n<p>A los jubilados ya los tiene en contra. Con su discurso en la UIA ofendi\u00f3 a los industriales y los enfrent\u00f3 con el campo. Funes De Rioja, referente de la UIA, dijo que se sienten \u201cv\u00edctimas\u201d \u00bfser\u00e1 para tanto?<\/p>\n\n\n\n<p>Hay empresas que cierran y crece el desempleo.<\/p>\n\n\n\n<p><\/p>\n\n\n\n<figure class=\"wp-block-image size-large\"><img data-recalc-dims=\"1\" fetchpriority=\"high\" decoding=\"async\" width=\"1024\" height=\"516\" src=\"https:\/\/i0.wp.com\/elregionalvm.com.ar\/noticias-villa-maria\/wp-content\/uploads\/2024\/05\/Milei-personaje.webp?resize=1024%2C516&#038;ssl=1\" alt=\"\" class=\"wp-image-94463\" srcset=\"https:\/\/i0.wp.com\/elregionalvm.com.ar\/noticias-villa-maria\/wp-content\/uploads\/2024\/05\/Milei-personaje.webp?resize=1024%2C516&amp;ssl=1 1024w, https:\/\/i0.wp.com\/elregionalvm.com.ar\/noticias-villa-maria\/wp-content\/uploads\/2024\/05\/Milei-personaje.webp?resize=300%2C151&amp;ssl=1 300w, https:\/\/i0.wp.com\/elregionalvm.com.ar\/noticias-villa-maria\/wp-content\/uploads\/2024\/05\/Milei-personaje.webp?resize=768%2C387&amp;ssl=1 768w, https:\/\/i0.wp.com\/elregionalvm.com.ar\/noticias-villa-maria\/wp-content\/uploads\/2024\/05\/Milei-personaje.webp?w=1300&amp;ssl=1 1300w\" sizes=\"(max-width: 1000px) 100vw, 1000px\" \/><\/figure>\n\n\n\n<p><\/p>\n\n\n\n<p>Yo s\u00e9 que Ud no le minti\u00f3 al pueblo \u00a1pero a qu\u00e9 costo! A veces es bueno rever algunas medidas.<\/p>\n\n\n\n<p>\u00bfSe est\u00e1 cumpliendo el Pacto de Mayo?<\/p>\n\n\n\n<p>Ya todos sabemos que los culpables del Estado desastroso que hered\u00f3 son el tr\u00edo CFK, A. Fern\u00e1ndez y S. Massa. Pero no se puede hacer todo de golpe, en el medio est\u00e1 la gente, si no la suya ser\u00eda una victoria a lo Pirro.<\/p>\n\n\n\n<p>La tolerancia y la paciencia de la poblaci\u00f3n tienen un l\u00edmite.<\/p>\n\n\n\n<p>Si Ud, presidente Milei, se considera el pol\u00edtico m\u00e1s famoso del mundo, \u00bfpor qu\u00e9 no vienen las inversiones?<\/p>\n\n\n\n<p>En lo posible ser\u00eda mejor que el presidente no basuree y amenace al periodismo.<\/p>\n\n\n\n<p>&nbsp;Recuerde la mano que le dieron algunos periodistas y se paseaba por los canales para que lo conocieran. No es justo igualar a todo el periodismo.<\/p>\n\n\n\n<p>Parece que firm\u00f3 un decreto prohibiendo el acceso a la informaci\u00f3n p\u00fablica. Es un mal s\u00edntoma desacreditar al periodismo porque fue el periodismo el que descubri\u00f3 la corrupci\u00f3n K.<\/p>\n\n\n\n<p>Coartando la libertad de expresi\u00f3n comienzan todos los dictadores.<\/p>\n\n\n\n<p>Justamente, si una gran mayor\u00eda lo vot\u00f3 es porque no quer\u00edamos ser Venezuela.<\/p>\n","protected":false},"excerpt":{"rendered":"<p>Y la verdad es que no la necesita. Tiene sus propias internas en Diputados y en el Senado. Cuide su tropa, presi, porque no son tantos como para andar desperdig\u00e1ndose. Escribe: Cristina Pablos Y la verdad es que no la necesita. Tiene sus propias internas en Diputados y en el Senado. Cuide su tropa, presi, [&hellip;]<\/p>\n","protected":false},"author":6,"featured_media":91187,"comment_status":"open","ping_status":"open","sticky":false,"template":"","format":"standard","meta":{"site-sidebar-layout":"default","site-content-layout":"","ast-site-content-layout":"default","site-content-style":"default","site-sidebar-style":"default","ast-global-header-display":"","ast-banner-title-visibility":"","ast-main-header-display":"","ast-hfb-above-header-display":"","ast-hfb-below-header-display":"","ast-hfb-mobile-header-display":"","site-post-title":"","ast-breadcrumbs-content":"","ast-featured-img":"","footer-sml-layout":"","ast-disable-related-posts":"","theme-transparent-header-meta":"","adv-header-id-meta":"","stick-header-meta":"","header-above-stick-meta":"","header-main-stick-meta":"","header-below-stick-meta":"","astra-migrate-meta-layouts":"set","ast-page-background-enabled":"default","ast-page-background-meta":{"desktop":{"background-color":"","background-image":"","background-repeat":"repeat","background-position":"center center","background-size":"auto","background-attachment":"scroll","background-type":"","background-media":"","overlay-type":"","overlay-color":"","overlay-opacity":"","overlay-gradient":""},"tablet":{"background-color":"","background-image":"","background-repeat":"repeat","background-position":"center center","background-size":"auto","background-attachment":"scroll","background-type":"","background-media":"","overlay-type":"","overlay-color":"","overlay-opacity":"","overlay-gradient":""},"mobile":{"background-color":"","background-image":"","background-repeat":"repeat","background-position":"center center","background-size":"auto","background-attachment":"scroll","background-type":"","background-media":"","overlay-type":"","overlay-color":"","overlay-opacity":"","overlay-gradient":""}},"ast-content-background-meta":{"desktop":{"background-color":"var(--ast-global-color-5)","background-image":"","background-repeat":"repeat","background-position":"center center","background-size":"auto","background-attachment":"scroll","background-type":"","background-media":"","overlay-type":"","overlay-color":"","overlay-opacity":"","overlay-gradient":""},"tablet":{"background-color":"var(--ast-global-color-5)","background-image":"","background-repeat":"repeat","background-position":"center center","background-size":"auto","background-attachment":"scroll","background-type":"","background-media":"","overlay-type":"","overlay-color":"","overlay-opacity":"","overlay-gradient":""},"mobile":{"background-color":"var(--ast-global-color-5)","background-image":"","background-repeat":"repeat","background-position":"center center","background-size":"auto","background-attachment":"scroll","background-type":"","background-media":"","overlay-type":"","overlay-color":"","overlay-opacity":"","overlay-gradient":""}},"_jetpack_memberships_contains_paid_content":false,"_joinchat":[],"footnotes":""},"categories":[365,3557],"tags":[546,24365,1719,175,1504,41,15352,2953],"class_list":["post-98386","post","type-post","status-publish","format-standard","has-post-thumbnail","hentry","category-opinion","category-tercera","tag-cristina-fernandez","tag-fuego-interno","tag-gestion","tag-gobierno","tag-jubilados","tag-macri","tag-milei","tag-oposicion"],"yoast_head":"<!-- This site is optimized with the Yoast SEO plugin v26.8 - https:\/\/yoast.com\/product\/yoast-seo-wordpress\/ -->\n<title>[Opini\u00f3n] Milei, sin oposici\u00f3n en frente, ni a los costados - El Regional<\/title>\n<meta name=\"robots\" content=\"index, follow, max-snippet:-1, max-image-preview:large, max-video-preview:-1\" \/>\n<link rel=\"canonical\" href=\"https:\/\/elregionalvm.com.ar\/noticias-villa-maria\/opinion-milei-sin-oposicion-en-frente-ni-a-los-costados\/\" \/>\n<meta property=\"og:locale\" content=\"es_ES\" \/>\n<meta property=\"og:type\" content=\"article\" \/>\n<meta property=\"og:title\" content=\"[Opini\u00f3n] Milei, sin oposici\u00f3n en frente, ni a los costados - El Regional\" \/>\n<meta property=\"og:description\" content=\"Y la verdad es que no la necesita. Tiene sus propias internas en Diputados y en el Senado. Cuide su tropa, presi, porque no son tantos como para andar desperdig\u00e1ndose. Escribe: Cristina Pablos Y la verdad es que no la necesita. Tiene sus propias internas en Diputados y en el Senado. Cuide su tropa, presi, [&hellip;]\" \/>\n<meta property=\"og:url\" content=\"https:\/\/elregionalvm.com.ar\/noticias-villa-maria\/opinion-milei-sin-oposicion-en-frente-ni-a-los-costados\/\" \/>\n<meta property=\"og:site_name\" content=\"El Regional\" \/>\n<meta property=\"article:publisher\" content=\"https:\/\/www.facebook.com\/elregionalvm\" \/>\n<meta property=\"article:published_time\" content=\"2024-09-07T11:47:42+00:00\" \/>\n<meta property=\"article:modified_time\" content=\"2024-09-10T22:11:57+00:00\" \/>\n<meta property=\"og:image\" content=\"https:\/\/elregionalvm.com.ar\/noticias-villa-maria\/wp-content\/uploads\/2024\/03\/Milei-celebra-festejo.png\" \/>\n\t<meta property=\"og:image:width\" content=\"800\" \/>\n\t<meta property=\"og:image:height\" content=\"450\" \/>\n\t<meta property=\"og:image:type\" content=\"image\/png\" \/>\n<meta name=\"author\" content=\"Germ\u00e1n Giacchero\" \/>\n<meta name=\"twitter:card\" content=\"summary_large_image\" \/>\n<meta name=\"twitter:creator\" content=\"@elregionalvm1\" \/>\n<meta name=\"twitter:site\" content=\"@elregionalvm1\" \/>\n<meta name=\"twitter:label1\" content=\"Escrito por\" \/>\n\t<meta name=\"twitter:data1\" content=\"Germ\u00e1n Giacchero\" \/>\n\t<meta name=\"twitter:label2\" content=\"Tiempo de lectura\" \/>\n\t<meta name=\"twitter:data2\" content=\"3 minutos\" \/>\n<script type=\"application\/ld+json\" class=\"yoast-schema-graph\">{\"@context\":\"https:\/\/schema.org\",\"@graph\":[{\"@type\":\"Article\",\"@id\":\"https:\/\/elregionalvm.com.ar\/noticias-villa-maria\/opinion-milei-sin-oposicion-en-frente-ni-a-los-costados\/#article\",\"isPartOf\":{\"@id\":\"https:\/\/elregionalvm.com.ar\/noticias-villa-maria\/opinion-milei-sin-oposicion-en-frente-ni-a-los-costados\/\"},\"author\":{\"name\":\"Germ\u00e1n Giacchero\",\"@id\":\"http:\/\/elregionalvm.com.ar\/noticias-villa-maria\/#\/schema\/person\/d5e4b04966154131701e52c45d3efec9\"},\"headline\":\"[Opini\u00f3n] Milei, sin oposici\u00f3n en frente, ni a los costados\",\"datePublished\":\"2024-09-07T11:47:42+00:00\",\"dateModified\":\"2024-09-10T22:11:57+00:00\",\"mainEntityOfPage\":{\"@id\":\"https:\/\/elregionalvm.com.ar\/noticias-villa-maria\/opinion-milei-sin-oposicion-en-frente-ni-a-los-costados\/\"},\"wordCount\":435,\"commentCount\":0,\"image\":{\"@id\":\"https:\/\/elregionalvm.com.ar\/noticias-villa-maria\/opinion-milei-sin-oposicion-en-frente-ni-a-los-costados\/#primaryimage\"},\"thumbnailUrl\":\"https:\/\/i0.wp.com\/elregionalvm.com.ar\/noticias-villa-maria\/wp-content\/uploads\/2024\/03\/Milei-celebra-festejo.png?fit=800%2C450&ssl=1\",\"keywords\":[\"Cristina Fern\u00e1ndez\",\"fuego interno\",\"gesti\u00f3n\",\"gobierno\",\"Jubilados\",\"Macri\",\"Milei\",\"oposici\u00f3n\"],\"articleSection\":[\"Opini\u00f3n\",\"tercera\"],\"inLanguage\":\"es\",\"potentialAction\":[{\"@type\":\"CommentAction\",\"name\":\"Comment\",\"target\":[\"https:\/\/elregionalvm.com.ar\/noticias-villa-maria\/opinion-milei-sin-oposicion-en-frente-ni-a-los-costados\/#respond\"]}]},{\"@type\":\"WebPage\",\"@id\":\"https:\/\/elregionalvm.com.ar\/noticias-villa-maria\/opinion-milei-sin-oposicion-en-frente-ni-a-los-costados\/\",\"url\":\"https:\/\/elregionalvm.com.ar\/noticias-villa-maria\/opinion-milei-sin-oposicion-en-frente-ni-a-los-costados\/\",\"name\":\"[Opini\u00f3n] Milei, sin oposici\u00f3n en frente, ni a los costados - El Regional\",\"isPartOf\":{\"@id\":\"http:\/\/elregionalvm.com.ar\/noticias-villa-maria\/#website\"},\"primaryImageOfPage\":{\"@id\":\"https:\/\/elregionalvm.com.ar\/noticias-villa-maria\/opinion-milei-sin-oposicion-en-frente-ni-a-los-costados\/#primaryimage\"},\"image\":{\"@id\":\"https:\/\/elregionalvm.com.ar\/noticias-villa-maria\/opinion-milei-sin-oposicion-en-frente-ni-a-los-costados\/#primaryimage\"},\"thumbnailUrl\":\"https:\/\/i0.wp.com\/elregionalvm.com.ar\/noticias-villa-maria\/wp-content\/uploads\/2024\/03\/Milei-celebra-festejo.png?fit=800%2C450&ssl=1\",\"datePublished\":\"2024-09-07T11:47:42+00:00\",\"dateModified\":\"2024-09-10T22:11:57+00:00\",\"author\":{\"@id\":\"http:\/\/elregionalvm.com.ar\/noticias-villa-maria\/#\/schema\/person\/d5e4b04966154131701e52c45d3efec9\"},\"breadcrumb\":{\"@id\":\"https:\/\/elregionalvm.com.ar\/noticias-villa-maria\/opinion-milei-sin-oposicion-en-frente-ni-a-los-costados\/#breadcrumb\"},\"inLanguage\":\"es\",\"potentialAction\":[{\"@type\":\"ReadAction\",\"target\":[\"https:\/\/elregionalvm.com.ar\/noticias-villa-maria\/opinion-milei-sin-oposicion-en-frente-ni-a-los-costados\/\"]}]},{\"@type\":\"ImageObject\",\"inLanguage\":\"es\",\"@id\":\"https:\/\/elregionalvm.com.ar\/noticias-villa-maria\/opinion-milei-sin-oposicion-en-frente-ni-a-los-costados\/#primaryimage\",\"url\":\"https:\/\/i0.wp.com\/elregionalvm.com.ar\/noticias-villa-maria\/wp-content\/uploads\/2024\/03\/Milei-celebra-festejo.png?fit=800%2C450&ssl=1\",\"contentUrl\":\"https:\/\/i0.wp.com\/elregionalvm.com.ar\/noticias-villa-maria\/wp-content\/uploads\/2024\/03\/Milei-celebra-festejo.png?fit=800%2C450&ssl=1\",\"width\":800,\"height\":450},{\"@type\":\"BreadcrumbList\",\"@id\":\"https:\/\/elregionalvm.com.ar\/noticias-villa-maria\/opinion-milei-sin-oposicion-en-frente-ni-a-los-costados\/#breadcrumb\",\"itemListElement\":[{\"@type\":\"ListItem\",\"position\":1,\"name\":\"Portada\",\"item\":\"https:\/\/elregionalvm.com.ar\/noticias-villa-maria\/\"},{\"@type\":\"ListItem\",\"position\":2,\"name\":\"[Opini\u00f3n] Milei, sin oposici\u00f3n en frente, ni a los costados\"}]},{\"@type\":\"WebSite\",\"@id\":\"http:\/\/elregionalvm.com.ar\/noticias-villa-maria\/#website\",\"url\":\"http:\/\/elregionalvm.com.ar\/noticias-villa-maria\/\",\"name\":\"El Regional\",\"description\":\"Mucho m\u00e1s que informaci\u00f3n\",\"potentialAction\":[{\"@type\":\"SearchAction\",\"target\":{\"@type\":\"EntryPoint\",\"urlTemplate\":\"http:\/\/elregionalvm.com.ar\/noticias-villa-maria\/?s={search_term_string}\"},\"query-input\":{\"@type\":\"PropertyValueSpecification\",\"valueRequired\":true,\"valueName\":\"search_term_string\"}}],\"inLanguage\":\"es\"},{\"@type\":\"Person\",\"@id\":\"http:\/\/elregionalvm.com.ar\/noticias-villa-maria\/#\/schema\/person\/d5e4b04966154131701e52c45d3efec9\",\"name\":\"Germ\u00e1n Giacchero\",\"image\":{\"@type\":\"ImageObject\",\"inLanguage\":\"es\",\"@id\":\"http:\/\/elregionalvm.com.ar\/noticias-villa-maria\/#\/schema\/person\/image\/\",\"url\":\"https:\/\/secure.gravatar.com\/avatar\/fda163ba5ef0307ee5be9846e10f83b6e83d0cfb260d3b2464830318894c6b04?s=96&d=mm&r=g\",\"contentUrl\":\"https:\/\/secure.gravatar.com\/avatar\/fda163ba5ef0307ee5be9846e10f83b6e83d0cfb260d3b2464830318894c6b04?s=96&d=mm&r=g\",\"caption\":\"Germ\u00e1n Giacchero\"},\"url\":\"https:\/\/elregionalvm.com.ar\/noticias-villa-maria\/author\/germangiacchero\/\"}]}<\/script>\n<!-- \/ Yoast SEO plugin. -->","yoast_head_json":{"title":"[Opini\u00f3n] Milei, sin oposici\u00f3n en frente, ni a los costados - El Regional","robots":{"index":"index","follow":"follow","max-snippet":"max-snippet:-1","max-image-preview":"max-image-preview:large","max-video-preview":"max-video-preview:-1"},"canonical":"https:\/\/elregionalvm.com.ar\/noticias-villa-maria\/opinion-milei-sin-oposicion-en-frente-ni-a-los-costados\/","og_locale":"es_ES","og_type":"article","og_title":"[Opini\u00f3n] Milei, sin oposici\u00f3n en frente, ni a los costados - El Regional","og_description":"Y la verdad es que no la necesita. Tiene sus propias internas en Diputados y en el Senado. Cuide su tropa, presi, porque no son tantos como para andar desperdig\u00e1ndose. Escribe: Cristina Pablos Y la verdad es que no la necesita. Tiene sus propias internas en Diputados y en el Senado. Cuide su tropa, presi, [&hellip;]","og_url":"https:\/\/elregionalvm.com.ar\/noticias-villa-maria\/opinion-milei-sin-oposicion-en-frente-ni-a-los-costados\/","og_site_name":"El Regional","article_publisher":"https:\/\/www.facebook.com\/elregionalvm","article_published_time":"2024-09-07T11:47:42+00:00","article_modified_time":"2024-09-10T22:11:57+00:00","og_image":[{"width":800,"height":450,"url":"https:\/\/elregionalvm.com.ar\/noticias-villa-maria\/wp-content\/uploads\/2024\/03\/Milei-celebra-festejo.png","type":"image\/png"}],"author":"Germ\u00e1n Giacchero","twitter_card":"summary_large_image","twitter_creator":"@elregionalvm1","twitter_site":"@elregionalvm1","twitter_misc":{"Escrito por":"Germ\u00e1n Giacchero","Tiempo de lectura":"3 minutos"},"schema":{"@context":"https:\/\/schema.org","@graph":[{"@type":"Article","@id":"https:\/\/elregionalvm.com.ar\/noticias-villa-maria\/opinion-milei-sin-oposicion-en-frente-ni-a-los-costados\/#article","isPartOf":{"@id":"https:\/\/elregionalvm.com.ar\/noticias-villa-maria\/opinion-milei-sin-oposicion-en-frente-ni-a-los-costados\/"},"author":{"name":"Germ\u00e1n Giacchero","@id":"http:\/\/elregionalvm.com.ar\/noticias-villa-maria\/#\/schema\/person\/d5e4b04966154131701e52c45d3efec9"},"headline":"[Opini\u00f3n] Milei, sin oposici\u00f3n en frente, ni a los costados","datePublished":"2024-09-07T11:47:42+00:00","dateModified":"2024-09-10T22:11:57+00:00","mainEntityOfPage":{"@id":"https:\/\/elregionalvm.com.ar\/noticias-villa-maria\/opinion-milei-sin-oposicion-en-frente-ni-a-los-costados\/"},"wordCount":435,"commentCount":0,"image":{"@id":"https:\/\/elregionalvm.com.ar\/noticias-villa-maria\/opinion-milei-sin-oposicion-en-frente-ni-a-los-costados\/#primaryimage"},"thumbnailUrl":"https:\/\/i0.wp.com\/elregionalvm.com.ar\/noticias-villa-maria\/wp-content\/uploads\/2024\/03\/Milei-celebra-festejo.png?fit=800%2C450&ssl=1","keywords":["Cristina Fern\u00e1ndez","fuego interno","gesti\u00f3n","gobierno","Jubilados","Macri","Milei","oposici\u00f3n"],"articleSection":["Opini\u00f3n","tercera"],"inLanguage":"es","potentialAction":[{"@type":"CommentAction","name":"Comment","target":["https:\/\/elregionalvm.com.ar\/noticias-villa-maria\/opinion-milei-sin-oposicion-en-frente-ni-a-los-costados\/#respond"]}]},{"@type":"WebPage","@id":"https:\/\/elregionalvm.com.ar\/noticias-villa-maria\/opinion-milei-sin-oposicion-en-frente-ni-a-los-costados\/","url":"https:\/\/elregionalvm.com.ar\/noticias-villa-maria\/opinion-milei-sin-oposicion-en-frente-ni-a-los-costados\/","name":"[Opini\u00f3n] Milei, sin oposici\u00f3n en frente, ni a los costados - El Regional","isPartOf":{"@id":"http:\/\/elregionalvm.com.ar\/noticias-villa-maria\/#website"},"primaryImageOfPage":{"@id":"https:\/\/elregionalvm.com.ar\/noticias-villa-maria\/opinion-milei-sin-oposicion-en-frente-ni-a-los-costados\/#primaryimage"},"image":{"@id":"https:\/\/elregionalvm.com.ar\/noticias-villa-maria\/opinion-milei-sin-oposicion-en-frente-ni-a-los-costados\/#primaryimage"},"thumbnailUrl":"https:\/\/i0.wp.com\/elregionalvm.com.ar\/noticias-villa-maria\/wp-content\/uploads\/2024\/03\/Milei-celebra-festejo.png?fit=800%2C450&ssl=1","datePublished":"2024-09-07T11:47:42+00:00","dateModified":"2024-09-10T22:11:57+00:00","author":{"@id":"http:\/\/elregionalvm.com.ar\/noticias-villa-maria\/#\/schema\/person\/d5e4b04966154131701e52c45d3efec9"},"breadcrumb":{"@id":"https:\/\/elregionalvm.com.ar\/noticias-villa-maria\/opinion-milei-sin-oposicion-en-frente-ni-a-los-costados\/#breadcrumb"},"inLanguage":"es","potentialAction":[{"@type":"ReadAction","target":["https:\/\/elregionalvm.com.ar\/noticias-villa-maria\/opinion-milei-sin-oposicion-en-frente-ni-a-los-costados\/"]}]},{"@type":"ImageObject","inLanguage":"es","@id":"https:\/\/elregionalvm.com.ar\/noticias-villa-maria\/opinion-milei-sin-oposicion-en-frente-ni-a-los-costados\/#primaryimage","url":"https:\/\/i0.wp.com\/elregionalvm.com.ar\/noticias-villa-maria\/wp-content\/uploads\/2024\/03\/Milei-celebra-festejo.png?fit=800%2C450&ssl=1","contentUrl":"https:\/\/i0.wp.com\/elregionalvm.com.ar\/noticias-villa-maria\/wp-content\/uploads\/2024\/03\/Milei-celebra-festejo.png?fit=800%2C450&ssl=1","width":800,"height":450},{"@type":"BreadcrumbList","@id":"https:\/\/elregionalvm.com.ar\/noticias-villa-maria\/opinion-milei-sin-oposicion-en-frente-ni-a-los-costados\/#breadcrumb","itemListElement":[{"@type":"ListItem","position":1,"name":"Portada","item":"https:\/\/elregionalvm.com.ar\/noticias-villa-maria\/"},{"@type":"ListItem","position":2,"name":"[Opini\u00f3n] Milei, sin oposici\u00f3n en frente, ni a los costados"}]},{"@type":"WebSite","@id":"http:\/\/elregionalvm.com.ar\/noticias-villa-maria\/#website","url":"http:\/\/elregionalvm.com.ar\/noticias-villa-maria\/","name":"El Regional","description":"Mucho m\u00e1s que informaci\u00f3n","potentialAction":[{"@type":"SearchAction","target":{"@type":"EntryPoint","urlTemplate":"http:\/\/elregionalvm.com.ar\/noticias-villa-maria\/?s={search_term_string}"},"query-input":{"@type":"PropertyValueSpecification","valueRequired":true,"valueName":"search_term_string"}}],"inLanguage":"es"},{"@type":"Person","@id":"http:\/\/elregionalvm.com.ar\/noticias-villa-maria\/#\/schema\/person\/d5e4b04966154131701e52c45d3efec9","name":"Germ\u00e1n Giacchero","image":{"@type":"ImageObject","inLanguage":"es","@id":"http:\/\/elregionalvm.com.ar\/noticias-villa-maria\/#\/schema\/person\/image\/","url":"https:\/\/secure.gravatar.com\/avatar\/fda163ba5ef0307ee5be9846e10f83b6e83d0cfb260d3b2464830318894c6b04?s=96&d=mm&r=g","contentUrl":"https:\/\/secure.gravatar.com\/avatar\/fda163ba5ef0307ee5be9846e10f83b6e83d0cfb260d3b2464830318894c6b04?s=96&d=mm&r=g","caption":"Germ\u00e1n Giacchero"},"url":"https:\/\/elregionalvm.com.ar\/noticias-villa-maria\/author\/germangiacchero\/"}]}},"jetpack_featured_media_url":"https:\/\/i0.wp.com\/elregionalvm.com.ar\/noticias-villa-maria\/wp-content\/uploads\/2024\/03\/Milei-celebra-festejo.png?fit=800%2C450&ssl=1","jetpack_sharing_enabled":true,"_links":{"self":[{"href":"https:\/\/elregionalvm.com.ar\/noticias-villa-maria\/wp-json\/wp\/v2\/posts\/98386","targetHints":{"allow":["GET"]}}],"collection":[{"href":"https:\/\/elregionalvm.com.ar\/noticias-villa-maria\/wp-json\/wp\/v2\/posts"}],"about":[{"href":"https:\/\/elregionalvm.com.ar\/noticias-villa-maria\/wp-json\/wp\/v2\/types\/post"}],"author":[{"embeddable":true,"href":"https:\/\/elregionalvm.com.ar\/noticias-villa-maria\/wp-json\/wp\/v2\/users\/6"}],"replies":[{"embeddable":true,"href":"https:\/\/elregionalvm.com.ar\/noticias-villa-maria\/wp-json\/wp\/v2\/comments?post=98386"}],"version-history":[{"count":2,"href":"https:\/\/elregionalvm.com.ar\/noticias-villa-maria\/wp-json\/wp\/v2\/posts\/98386\/revisions"}],"predecessor-version":[{"id":98388,"href":"https:\/\/elregionalvm.com.ar\/noticias-villa-maria\/wp-json\/wp\/v2\/posts\/98386\/revisions\/98388"}],"wp:featuredmedia":[{"embeddable":true,"href":"https:\/\/elregionalvm.com.ar\/noticias-villa-maria\/wp-json\/wp\/v2\/media\/91187"}],"wp:attachment":[{"href":"https:\/\/elregionalvm.com.ar\/noticias-villa-maria\/wp-json\/wp\/v2\/media?parent=98386"}],"wp:term":[{"taxonomy":"category","embeddable":true,"href":"https:\/\/elregionalvm.com.ar\/noticias-villa-maria\/wp-json\/wp\/v2\/categories?post=98386"},{"taxonomy":"post_tag","embeddable":true,"href":"https:\/\/elregionalvm.com.ar\/noticias-villa-maria\/wp-json\/wp\/v2\/tags?post=98386"}],"curies":[{"name":"wp","href":"https:\/\/api.w.org\/{rel}","templated":true}]}}