{"id":98425,"date":"2024-09-09T14:18:42","date_gmt":"2024-09-09T14:18:42","guid":{"rendered":"https:\/\/elregionalvm.com.ar\/noticias-villa-maria\/?p=98425"},"modified":"2024-09-12T21:51:02","modified_gmt":"2024-09-12T21:51:02","slug":"opinion-defendamos-nuestro-derecho-a-la-movilidad-social-ascendente","status":"publish","type":"post","link":"https:\/\/elregionalvm.com.ar\/noticias-villa-maria\/opinion-defendamos-nuestro-derecho-a-la-movilidad-social-ascendente\/","title":{"rendered":"[Opini\u00f3n] Defendamos nuestro derecho a la movilidad social ascendente"},"content":{"rendered":"\n<p><strong>Desde hace a\u00f1os, la inmensa mayor\u00eda de los argentinos se ven impedidos frente a la inexistencia de pol\u00edticas estatales, de acceder a su derecho a la movilidad social ascendente.<\/strong><\/p>\n\n\n\n<p><strong>Escribe: Abogado Carlos Cafure<\/strong><\/p>\n\n\n\n<p>En materia laboral existen sobrados casos. Un ejemplo de ellos, es el de los peones de taxis o el de los choferes de remises.<\/p>\n\n\n\n<p>Tanto hombres, como mujeres que trabajan en esta sacrificada actividad durante ocho (8) horas por d\u00eda (como m\u00ednimo), brindan un servicio de transporte p\u00fablico de calidad a sus pasajeros.<\/p>\n\n\n\n<p>Muchos de ellos, para intentar llegar a cubrir sus necesidades b\u00e1sicas mensuales, deben trabajar horas extras (con el desgaste f\u00edsico que conlleva esta actividad, para quienes la desempe\u00f1an). En promedio, trabajan diariamente doce (12) horas.<\/p>\n\n\n\n<p>Desde el propio Estado se deber\u00eda garantizar que en los sorteos de licencias de auto taxi y remis, 100% del cupo sea para los choferes de estas ramas.<\/p>\n\n\n\n<p>En el supuesto de no resolver esto, como m\u00ednimo, la mayor\u00eda de las licencias de auto taxi tendr\u00eda que ser destinada a estos trabajadores y trabajadoras, considerando para ello principalmente la antig\u00fcedad y la idoneidad.<\/p>\n\n\n\n<p><\/p>\n\n\n\n<figure class=\"wp-block-image size-large\"><img data-recalc-dims=\"1\" fetchpriority=\"high\" decoding=\"async\" width=\"1024\" height=\"576\" src=\"https:\/\/i0.wp.com\/elregionalvm.com.ar\/noticias-villa-maria\/wp-content\/uploads\/2024\/09\/movilidad-social-ascendente-2.png?resize=1024%2C576&#038;ssl=1\" alt=\"\" class=\"wp-image-98428\" srcset=\"https:\/\/i0.wp.com\/elregionalvm.com.ar\/noticias-villa-maria\/wp-content\/uploads\/2024\/09\/movilidad-social-ascendente-2.png?resize=1024%2C576&amp;ssl=1 1024w, https:\/\/i0.wp.com\/elregionalvm.com.ar\/noticias-villa-maria\/wp-content\/uploads\/2024\/09\/movilidad-social-ascendente-2.png?resize=300%2C169&amp;ssl=1 300w, https:\/\/i0.wp.com\/elregionalvm.com.ar\/noticias-villa-maria\/wp-content\/uploads\/2024\/09\/movilidad-social-ascendente-2.png?resize=768%2C432&amp;ssl=1 768w, https:\/\/i0.wp.com\/elregionalvm.com.ar\/noticias-villa-maria\/wp-content\/uploads\/2024\/09\/movilidad-social-ascendente-2.png?w=1200&amp;ssl=1 1200w\" sizes=\"(max-width: 1000px) 100vw, 1000px\" \/><\/figure>\n\n\n\n<p><\/p>\n\n\n\n<p>Los peones de taxis y choferes de remis (hombres y mujeres), tienen derecho a que se garantice su movilidad social ascendente para que, luego de determinados a\u00f1os como choferes, puedan mediante los sorteos de licencias de auto taxi, ser titulares de ellas y mejorar por lo tanto su situaci\u00f3n econ\u00f3mica familiar y personal.<\/p>\n\n\n\n<p>Recordemos que un n\u00famero considerable de ellos hoy tiene ingresos por debajo de la l\u00ednea de la pobreza, lo que es inaceptable.<\/p>\n\n\n\n<p><strong>En descenso<\/strong><\/p>\n\n\n\n<p>Por estos d\u00edas, incre\u00edblemente, parece que se trabajara para llevar la clase trabajadora hacia una movilidad social descendente. Te quieren pobre, sin libertades y pr\u00e1cticamente esclavo.<\/p>\n\n\n\n<p>Un claro ejemplo, ello es decisi\u00f3n del actual Gobierno nacional en avanzar en una reforma laboral regresiva (y claramente inconstitucional), que apunta a la p\u00e9rdida total de derechos y conquistas hist\u00f3ricas -podemos advertir que en muchos casos se pretende modificar o rediscutir a la baja convenios colectivos en distintas actividades-, y a establecer un modelo de esclavitud moderna del siglo XXI (lo que desde ya no podemos permitir y hay que resistirlo).<\/p>\n\n\n\n<p>Lo que pretende el gobierno anti Patria y anti trabajador del presidente Milei, es ir en contra de todo el marco legal (laboral) vigente en nuestro pa\u00eds, principalmente en contra de la propia Constituci\u00f3n Nacional.<\/p>\n\n\n\n<p>El rol de los sindicatos es clave, y como primer paso debemos recuperar la C.G.T. y poner un \u00fanico conductor que realmente nos represente. Para ello debe renunciar todo el actual Consejo Directivo, que ha demostrado ser mediocre y funcional al ajuste de jubilados y trabajadores, por parte del gobierno nacional actual.<\/p>\n\n\n\n<p>En materia habitacional, tenemos el ejemplo de los inquilinos.<\/p>\n\n\n\n<p>Hace unos meses escuch\u00e9 una frase que describe con absoluta claridad la situaci\u00f3n que atraviesan millones de argentinos: \u201cLos trabajadores son la f\u00e1brica de inquilinos\u2026\u201d.<\/p>\n\n\n\n<p>Lamentablemente, han pasado gobiernos de distinto signo pol\u00edtico, pero ninguno de ellos ha llevado adelante un ambicioso proyecto de viviendas populares para la ciudadan\u00eda. El actual, restringi\u00f3 al m\u00e1ximo la obra p\u00fablica, a trav\u00e9s de la cual se podr\u00eda estar haciendo mucho desde el Estado en esta problem\u00e1tica.<\/p>\n\n\n\n<p>S\u00f3lo hubo algunos programas aislados y muy limitados en el pasado, en algunos casos.<\/p>\n\n\n\n<p>La inmensa mayor\u00eda de quienes alquilan pretende, en alg\u00fan momento de su vida, dejar de ser inquilino para pasar a ser propietario.<\/p>\n\n\n\n<p>Para ello, deben ofrecerse condiciones accesibles para el ciudadano com\u00fan, con el fin de poder alcanzar el sue\u00f1o de la casa propia.<\/p>\n\n\n\n<p>Ante la falta de pol\u00edticas relacionada con la construcci\u00f3n de viviendas por parte del Estado, quienes pueden terminan accediendo a planes de cooperativas o contin\u00faan en su condici\u00f3n de inquilinos, con la esperanza de que alguna vez la clase pol\u00edtica se acuerde de ellos.<\/p>\n\n\n\n<p><strong>No ir para atr\u00e1s<\/strong><\/p>\n\n\n\n<p>Quienes gobiernan en nuestro pa\u00eds deben mejorar la calidad de vida del pueblo, en definitiva, para eso ocupan cargos de representaci\u00f3n del pueblo.<\/p>\n\n\n\n<p>Frente a violaciones de derechos garantizados en leyes provinciales, en la Constituci\u00f3n de la Provincia de C\u00f3rdoba, en leyes nacionales, en la Constituci\u00f3n Nacional y en tratados internacionales, todo ciudadano tiene derecho a recurrir ante la justicia.<\/p>\n\n\n\n<p>\u201cLa palabra derecho, proviene del t\u00e9rmino latino directum, que significa \u2018lo que est\u00e1 conforme a la regla\u2019\u201d.<\/p>\n\n\n\n<p>El derecho se inspira en postulados de justicia y constituye el orden normativo e institucional que regula la conducta humana en sociedad.<\/p>\n\n\n\n<p><\/p>\n\n\n\n<figure class=\"wp-block-image size-full\"><img data-recalc-dims=\"1\" decoding=\"async\" width=\"910\" height=\"455\" src=\"https:\/\/i0.wp.com\/elregionalvm.com.ar\/noticias-villa-maria\/wp-content\/uploads\/2024\/09\/movilidad-social-ascendente-1.jpg?resize=910%2C455&#038;ssl=1\" alt=\"\" class=\"wp-image-98429\" srcset=\"https:\/\/i0.wp.com\/elregionalvm.com.ar\/noticias-villa-maria\/wp-content\/uploads\/2024\/09\/movilidad-social-ascendente-1.jpg?w=910&amp;ssl=1 910w, https:\/\/i0.wp.com\/elregionalvm.com.ar\/noticias-villa-maria\/wp-content\/uploads\/2024\/09\/movilidad-social-ascendente-1.jpg?resize=300%2C150&amp;ssl=1 300w, https:\/\/i0.wp.com\/elregionalvm.com.ar\/noticias-villa-maria\/wp-content\/uploads\/2024\/09\/movilidad-social-ascendente-1.jpg?resize=768%2C384&amp;ssl=1 768w\" sizes=\"(max-width: 910px) 100vw, 910px\" \/><\/figure>\n\n\n\n<p><\/p>\n\n\n\n<p>La base del derecho son las relaciones sociales, las cuales determinan su contenido y car\u00e1cter.<\/p>\n\n\n\n<p>Dicho de otra forma, el derecho \u201ces un conjunto de normas que permiten resolver los conflictos en el seno de una sociedad\u2026\u201d.<\/p>\n\n\n\n<p>Como sociedad, no tenemos que resignarnos a que vengan gobernantes, a destruir nuestro derecho a la movilidad social ascendente.<\/p>\n\n\n\n<p>En casos, como el del actual gobierno nacional (que a\u00fan es acompa\u00f1ado por gobiernos provinciales), que insiste todo el tiempo en promover una movilidad social descendente (aumentando el n\u00famero de pobres), ser\u00e1 hora de que Dios, la Patria y el pueblo argentino se lo demande de manera contundente.<\/p>\n\n\n\n<p>\u00a1Hay que decir basta!<\/p>\n\n\n\n<p>No hay que resignar ni un solo derecho.<\/p>\n\n\n\n<p>No hay que resignar ni una sola conquista.<\/p>\n\n\n\n<p>Siempre adelante.<\/p>\n\n\n\n<p>Jam\u00e1s hacia atr\u00e1s.<\/p>\n","protected":false},"excerpt":{"rendered":"<p>Desde hace a\u00f1os, la inmensa mayor\u00eda de los argentinos se ven impedidos frente a la inexistencia de pol\u00edticas estatales, de acceder a su derecho a la movilidad social ascendente. Escribe: Abogado Carlos Cafure En materia laboral existen sobrados casos. Un ejemplo de ellos, es el de los peones de taxis o el de los choferes [&hellip;]<\/p>\n","protected":false},"author":6,"featured_media":98426,"comment_status":"open","ping_status":"open","sticky":false,"template":"","format":"standard","meta":{"site-sidebar-layout":"default","site-content-layout":"","ast-site-content-layout":"default","site-content-style":"default","site-sidebar-style":"default","ast-global-header-display":"","ast-banner-title-visibility":"","ast-main-header-display":"","ast-hfb-above-header-display":"","ast-hfb-below-header-display":"","ast-hfb-mobile-header-display":"","site-post-title":"","ast-breadcrumbs-content":"","ast-featured-img":"","footer-sml-layout":"","ast-disable-related-posts":"","theme-transparent-header-meta":"","adv-header-id-meta":"","stick-header-meta":"","header-above-stick-meta":"","header-main-stick-meta":"","header-below-stick-meta":"","astra-migrate-meta-layouts":"set","ast-page-background-enabled":"default","ast-page-background-meta":{"desktop":{"background-color":"","background-image":"","background-repeat":"repeat","background-position":"center center","background-size":"auto","background-attachment":"scroll","background-type":"","background-media":"","overlay-type":"","overlay-color":"","overlay-opacity":"","overlay-gradient":""},"tablet":{"background-color":"","background-image":"","background-repeat":"repeat","background-position":"center center","background-size":"auto","background-attachment":"scroll","background-type":"","background-media":"","overlay-type":"","overlay-color":"","overlay-opacity":"","overlay-gradient":""},"mobile":{"background-color":"","background-image":"","background-repeat":"repeat","background-position":"center center","background-size":"auto","background-attachment":"scroll","background-type":"","background-media":"","overlay-type":"","overlay-color":"","overlay-opacity":"","overlay-gradient":""}},"ast-content-background-meta":{"desktop":{"background-color":"var(--ast-global-color-5)","background-image":"","background-repeat":"repeat","background-position":"center center","background-size":"auto","background-attachment":"scroll","background-type":"","background-media":"","overlay-type":"","overlay-color":"","overlay-opacity":"","overlay-gradient":""},"tablet":{"background-color":"var(--ast-global-color-5)","background-image":"","background-repeat":"repeat","background-position":"center center","background-size":"auto","background-attachment":"scroll","background-type":"","background-media":"","overlay-type":"","overlay-color":"","overlay-opacity":"","overlay-gradient":""},"mobile":{"background-color":"var(--ast-global-color-5)","background-image":"","background-repeat":"repeat","background-position":"center center","background-size":"auto","background-attachment":"scroll","background-type":"","background-media":"","overlay-type":"","overlay-color":"","overlay-opacity":"","overlay-gradient":""}},"_jetpack_memberships_contains_paid_content":false,"_joinchat":[],"footnotes":""},"categories":[365,3557],"tags":[630,7138,24367,5053,24366,519,23965,4308,61],"class_list":["post-98425","post","type-post","status-publish","format-standard","has-post-thumbnail","hentry","category-opinion","category-tercera","tag-cgt","tag-clase-media","tag-clase-obrera","tag-javier-milei","tag-movilidad-social-ascendente","tag-politica","tag-reforma-laboral","tag-taxis","tag-trabajadores"],"yoast_head":"<!-- This site is optimized with the Yoast SEO plugin v26.8 - https:\/\/yoast.com\/product\/yoast-seo-wordpress\/ -->\n<title>[Opini\u00f3n] Defendamos nuestro derecho a la movilidad social ascendente - El Regional<\/title>\n<meta name=\"robots\" content=\"index, follow, max-snippet:-1, max-image-preview:large, max-video-preview:-1\" \/>\n<link rel=\"canonical\" href=\"https:\/\/elregionalvm.com.ar\/noticias-villa-maria\/opinion-defendamos-nuestro-derecho-a-la-movilidad-social-ascendente\/\" \/>\n<meta property=\"og:locale\" content=\"es_ES\" \/>\n<meta property=\"og:type\" content=\"article\" \/>\n<meta property=\"og:title\" content=\"[Opini\u00f3n] Defendamos nuestro derecho a la movilidad social ascendente - El Regional\" \/>\n<meta property=\"og:description\" content=\"Desde hace a\u00f1os, la inmensa mayor\u00eda de los argentinos se ven impedidos frente a la inexistencia de pol\u00edticas estatales, de acceder a su derecho a la movilidad social ascendente. Escribe: Abogado Carlos Cafure En materia laboral existen sobrados casos. Un ejemplo de ellos, es el de los peones de taxis o el de los choferes [&hellip;]\" \/>\n<meta property=\"og:url\" content=\"https:\/\/elregionalvm.com.ar\/noticias-villa-maria\/opinion-defendamos-nuestro-derecho-a-la-movilidad-social-ascendente\/\" \/>\n<meta property=\"og:site_name\" content=\"El Regional\" \/>\n<meta property=\"article:publisher\" content=\"https:\/\/www.facebook.com\/elregionalvm\" \/>\n<meta property=\"article:published_time\" content=\"2024-09-09T14:18:42+00:00\" \/>\n<meta property=\"article:modified_time\" content=\"2024-09-12T21:51:02+00:00\" \/>\n<meta property=\"og:image\" content=\"https:\/\/elregionalvm.com.ar\/noticias-villa-maria\/wp-content\/uploads\/2024\/09\/Movilidad-social-ascendente.jpg\" \/>\n\t<meta property=\"og:image:width\" content=\"1920\" \/>\n\t<meta property=\"og:image:height\" content=\"1080\" \/>\n\t<meta property=\"og:image:type\" content=\"image\/jpeg\" \/>\n<meta name=\"author\" content=\"Germ\u00e1n Giacchero\" \/>\n<meta name=\"twitter:card\" content=\"summary_large_image\" \/>\n<meta name=\"twitter:creator\" content=\"@elregionalvm1\" \/>\n<meta name=\"twitter:site\" content=\"@elregionalvm1\" \/>\n<meta name=\"twitter:label1\" content=\"Escrito por\" \/>\n\t<meta name=\"twitter:data1\" content=\"Germ\u00e1n Giacchero\" \/>\n\t<meta name=\"twitter:label2\" content=\"Tiempo de lectura\" \/>\n\t<meta name=\"twitter:data2\" content=\"5 minutos\" \/>\n<script type=\"application\/ld+json\" class=\"yoast-schema-graph\">{\"@context\":\"https:\/\/schema.org\",\"@graph\":[{\"@type\":\"Article\",\"@id\":\"https:\/\/elregionalvm.com.ar\/noticias-villa-maria\/opinion-defendamos-nuestro-derecho-a-la-movilidad-social-ascendente\/#article\",\"isPartOf\":{\"@id\":\"https:\/\/elregionalvm.com.ar\/noticias-villa-maria\/opinion-defendamos-nuestro-derecho-a-la-movilidad-social-ascendente\/\"},\"author\":{\"name\":\"Germ\u00e1n Giacchero\",\"@id\":\"http:\/\/elregionalvm.com.ar\/noticias-villa-maria\/#\/schema\/person\/d5e4b04966154131701e52c45d3efec9\"},\"headline\":\"[Opini\u00f3n] Defendamos nuestro derecho a la movilidad social ascendente\",\"datePublished\":\"2024-09-09T14:18:42+00:00\",\"dateModified\":\"2024-09-12T21:51:02+00:00\",\"mainEntityOfPage\":{\"@id\":\"https:\/\/elregionalvm.com.ar\/noticias-villa-maria\/opinion-defendamos-nuestro-derecho-a-la-movilidad-social-ascendente\/\"},\"wordCount\":930,\"commentCount\":0,\"image\":{\"@id\":\"https:\/\/elregionalvm.com.ar\/noticias-villa-maria\/opinion-defendamos-nuestro-derecho-a-la-movilidad-social-ascendente\/#primaryimage\"},\"thumbnailUrl\":\"https:\/\/i0.wp.com\/elregionalvm.com.ar\/noticias-villa-maria\/wp-content\/uploads\/2024\/09\/Movilidad-social-ascendente.jpg?fit=1920%2C1080&ssl=1\",\"keywords\":[\"CGT\",\"Clase media\",\"clase obrera\",\"Javier Milei\",\"movilidad social ascendente\",\"Pol\u00edtica\",\"reforma laboral\",\"Taxis\",\"trabajadores\"],\"articleSection\":[\"Opini\u00f3n\",\"tercera\"],\"inLanguage\":\"es\",\"potentialAction\":[{\"@type\":\"CommentAction\",\"name\":\"Comment\",\"target\":[\"https:\/\/elregionalvm.com.ar\/noticias-villa-maria\/opinion-defendamos-nuestro-derecho-a-la-movilidad-social-ascendente\/#respond\"]}]},{\"@type\":\"WebPage\",\"@id\":\"https:\/\/elregionalvm.com.ar\/noticias-villa-maria\/opinion-defendamos-nuestro-derecho-a-la-movilidad-social-ascendente\/\",\"url\":\"https:\/\/elregionalvm.com.ar\/noticias-villa-maria\/opinion-defendamos-nuestro-derecho-a-la-movilidad-social-ascendente\/\",\"name\":\"[Opini\u00f3n] Defendamos nuestro derecho a la movilidad social ascendente - El Regional\",\"isPartOf\":{\"@id\":\"http:\/\/elregionalvm.com.ar\/noticias-villa-maria\/#website\"},\"primaryImageOfPage\":{\"@id\":\"https:\/\/elregionalvm.com.ar\/noticias-villa-maria\/opinion-defendamos-nuestro-derecho-a-la-movilidad-social-ascendente\/#primaryimage\"},\"image\":{\"@id\":\"https:\/\/elregionalvm.com.ar\/noticias-villa-maria\/opinion-defendamos-nuestro-derecho-a-la-movilidad-social-ascendente\/#primaryimage\"},\"thumbnailUrl\":\"https:\/\/i0.wp.com\/elregionalvm.com.ar\/noticias-villa-maria\/wp-content\/uploads\/2024\/09\/Movilidad-social-ascendente.jpg?fit=1920%2C1080&ssl=1\",\"datePublished\":\"2024-09-09T14:18:42+00:00\",\"dateModified\":\"2024-09-12T21:51:02+00:00\",\"author\":{\"@id\":\"http:\/\/elregionalvm.com.ar\/noticias-villa-maria\/#\/schema\/person\/d5e4b04966154131701e52c45d3efec9\"},\"breadcrumb\":{\"@id\":\"https:\/\/elregionalvm.com.ar\/noticias-villa-maria\/opinion-defendamos-nuestro-derecho-a-la-movilidad-social-ascendente\/#breadcrumb\"},\"inLanguage\":\"es\",\"potentialAction\":[{\"@type\":\"ReadAction\",\"target\":[\"https:\/\/elregionalvm.com.ar\/noticias-villa-maria\/opinion-defendamos-nuestro-derecho-a-la-movilidad-social-ascendente\/\"]}]},{\"@type\":\"ImageObject\",\"inLanguage\":\"es\",\"@id\":\"https:\/\/elregionalvm.com.ar\/noticias-villa-maria\/opinion-defendamos-nuestro-derecho-a-la-movilidad-social-ascendente\/#primaryimage\",\"url\":\"https:\/\/i0.wp.com\/elregionalvm.com.ar\/noticias-villa-maria\/wp-content\/uploads\/2024\/09\/Movilidad-social-ascendente.jpg?fit=1920%2C1080&ssl=1\",\"contentUrl\":\"https:\/\/i0.wp.com\/elregionalvm.com.ar\/noticias-villa-maria\/wp-content\/uploads\/2024\/09\/Movilidad-social-ascendente.jpg?fit=1920%2C1080&ssl=1\",\"width\":1920,\"height\":1080},{\"@type\":\"BreadcrumbList\",\"@id\":\"https:\/\/elregionalvm.com.ar\/noticias-villa-maria\/opinion-defendamos-nuestro-derecho-a-la-movilidad-social-ascendente\/#breadcrumb\",\"itemListElement\":[{\"@type\":\"ListItem\",\"position\":1,\"name\":\"Portada\",\"item\":\"https:\/\/elregionalvm.com.ar\/noticias-villa-maria\/\"},{\"@type\":\"ListItem\",\"position\":2,\"name\":\"[Opini\u00f3n] Defendamos nuestro derecho a la movilidad social ascendente\"}]},{\"@type\":\"WebSite\",\"@id\":\"http:\/\/elregionalvm.com.ar\/noticias-villa-maria\/#website\",\"url\":\"http:\/\/elregionalvm.com.ar\/noticias-villa-maria\/\",\"name\":\"El Regional\",\"description\":\"Mucho m\u00e1s que informaci\u00f3n\",\"potentialAction\":[{\"@type\":\"SearchAction\",\"target\":{\"@type\":\"EntryPoint\",\"urlTemplate\":\"http:\/\/elregionalvm.com.ar\/noticias-villa-maria\/?s={search_term_string}\"},\"query-input\":{\"@type\":\"PropertyValueSpecification\",\"valueRequired\":true,\"valueName\":\"search_term_string\"}}],\"inLanguage\":\"es\"},{\"@type\":\"Person\",\"@id\":\"http:\/\/elregionalvm.com.ar\/noticias-villa-maria\/#\/schema\/person\/d5e4b04966154131701e52c45d3efec9\",\"name\":\"Germ\u00e1n Giacchero\",\"image\":{\"@type\":\"ImageObject\",\"inLanguage\":\"es\",\"@id\":\"http:\/\/elregionalvm.com.ar\/noticias-villa-maria\/#\/schema\/person\/image\/\",\"url\":\"https:\/\/secure.gravatar.com\/avatar\/fda163ba5ef0307ee5be9846e10f83b6e83d0cfb260d3b2464830318894c6b04?s=96&d=mm&r=g\",\"contentUrl\":\"https:\/\/secure.gravatar.com\/avatar\/fda163ba5ef0307ee5be9846e10f83b6e83d0cfb260d3b2464830318894c6b04?s=96&d=mm&r=g\",\"caption\":\"Germ\u00e1n Giacchero\"},\"url\":\"https:\/\/elregionalvm.com.ar\/noticias-villa-maria\/author\/germangiacchero\/\"}]}<\/script>\n<!-- \/ Yoast SEO plugin. -->","yoast_head_json":{"title":"[Opini\u00f3n] Defendamos nuestro derecho a la movilidad social ascendente - El Regional","robots":{"index":"index","follow":"follow","max-snippet":"max-snippet:-1","max-image-preview":"max-image-preview:large","max-video-preview":"max-video-preview:-1"},"canonical":"https:\/\/elregionalvm.com.ar\/noticias-villa-maria\/opinion-defendamos-nuestro-derecho-a-la-movilidad-social-ascendente\/","og_locale":"es_ES","og_type":"article","og_title":"[Opini\u00f3n] Defendamos nuestro derecho a la movilidad social ascendente - El Regional","og_description":"Desde hace a\u00f1os, la inmensa mayor\u00eda de los argentinos se ven impedidos frente a la inexistencia de pol\u00edticas estatales, de acceder a su derecho a la movilidad social ascendente. Escribe: Abogado Carlos Cafure En materia laboral existen sobrados casos. Un ejemplo de ellos, es el de los peones de taxis o el de los choferes [&hellip;]","og_url":"https:\/\/elregionalvm.com.ar\/noticias-villa-maria\/opinion-defendamos-nuestro-derecho-a-la-movilidad-social-ascendente\/","og_site_name":"El Regional","article_publisher":"https:\/\/www.facebook.com\/elregionalvm","article_published_time":"2024-09-09T14:18:42+00:00","article_modified_time":"2024-09-12T21:51:02+00:00","og_image":[{"width":1920,"height":1080,"url":"https:\/\/elregionalvm.com.ar\/noticias-villa-maria\/wp-content\/uploads\/2024\/09\/Movilidad-social-ascendente.jpg","type":"image\/jpeg"}],"author":"Germ\u00e1n Giacchero","twitter_card":"summary_large_image","twitter_creator":"@elregionalvm1","twitter_site":"@elregionalvm1","twitter_misc":{"Escrito por":"Germ\u00e1n Giacchero","Tiempo de lectura":"5 minutos"},"schema":{"@context":"https:\/\/schema.org","@graph":[{"@type":"Article","@id":"https:\/\/elregionalvm.com.ar\/noticias-villa-maria\/opinion-defendamos-nuestro-derecho-a-la-movilidad-social-ascendente\/#article","isPartOf":{"@id":"https:\/\/elregionalvm.com.ar\/noticias-villa-maria\/opinion-defendamos-nuestro-derecho-a-la-movilidad-social-ascendente\/"},"author":{"name":"Germ\u00e1n Giacchero","@id":"http:\/\/elregionalvm.com.ar\/noticias-villa-maria\/#\/schema\/person\/d5e4b04966154131701e52c45d3efec9"},"headline":"[Opini\u00f3n] Defendamos nuestro derecho a la movilidad social ascendente","datePublished":"2024-09-09T14:18:42+00:00","dateModified":"2024-09-12T21:51:02+00:00","mainEntityOfPage":{"@id":"https:\/\/elregionalvm.com.ar\/noticias-villa-maria\/opinion-defendamos-nuestro-derecho-a-la-movilidad-social-ascendente\/"},"wordCount":930,"commentCount":0,"image":{"@id":"https:\/\/elregionalvm.com.ar\/noticias-villa-maria\/opinion-defendamos-nuestro-derecho-a-la-movilidad-social-ascendente\/#primaryimage"},"thumbnailUrl":"https:\/\/i0.wp.com\/elregionalvm.com.ar\/noticias-villa-maria\/wp-content\/uploads\/2024\/09\/Movilidad-social-ascendente.jpg?fit=1920%2C1080&ssl=1","keywords":["CGT","Clase media","clase obrera","Javier Milei","movilidad social ascendente","Pol\u00edtica","reforma laboral","Taxis","trabajadores"],"articleSection":["Opini\u00f3n","tercera"],"inLanguage":"es","potentialAction":[{"@type":"CommentAction","name":"Comment","target":["https:\/\/elregionalvm.com.ar\/noticias-villa-maria\/opinion-defendamos-nuestro-derecho-a-la-movilidad-social-ascendente\/#respond"]}]},{"@type":"WebPage","@id":"https:\/\/elregionalvm.com.ar\/noticias-villa-maria\/opinion-defendamos-nuestro-derecho-a-la-movilidad-social-ascendente\/","url":"https:\/\/elregionalvm.com.ar\/noticias-villa-maria\/opinion-defendamos-nuestro-derecho-a-la-movilidad-social-ascendente\/","name":"[Opini\u00f3n] Defendamos nuestro derecho a la movilidad social ascendente - El Regional","isPartOf":{"@id":"http:\/\/elregionalvm.com.ar\/noticias-villa-maria\/#website"},"primaryImageOfPage":{"@id":"https:\/\/elregionalvm.com.ar\/noticias-villa-maria\/opinion-defendamos-nuestro-derecho-a-la-movilidad-social-ascendente\/#primaryimage"},"image":{"@id":"https:\/\/elregionalvm.com.ar\/noticias-villa-maria\/opinion-defendamos-nuestro-derecho-a-la-movilidad-social-ascendente\/#primaryimage"},"thumbnailUrl":"https:\/\/i0.wp.com\/elregionalvm.com.ar\/noticias-villa-maria\/wp-content\/uploads\/2024\/09\/Movilidad-social-ascendente.jpg?fit=1920%2C1080&ssl=1","datePublished":"2024-09-09T14:18:42+00:00","dateModified":"2024-09-12T21:51:02+00:00","author":{"@id":"http:\/\/elregionalvm.com.ar\/noticias-villa-maria\/#\/schema\/person\/d5e4b04966154131701e52c45d3efec9"},"breadcrumb":{"@id":"https:\/\/elregionalvm.com.ar\/noticias-villa-maria\/opinion-defendamos-nuestro-derecho-a-la-movilidad-social-ascendente\/#breadcrumb"},"inLanguage":"es","potentialAction":[{"@type":"ReadAction","target":["https:\/\/elregionalvm.com.ar\/noticias-villa-maria\/opinion-defendamos-nuestro-derecho-a-la-movilidad-social-ascendente\/"]}]},{"@type":"ImageObject","inLanguage":"es","@id":"https:\/\/elregionalvm.com.ar\/noticias-villa-maria\/opinion-defendamos-nuestro-derecho-a-la-movilidad-social-ascendente\/#primaryimage","url":"https:\/\/i0.wp.com\/elregionalvm.com.ar\/noticias-villa-maria\/wp-content\/uploads\/2024\/09\/Movilidad-social-ascendente.jpg?fit=1920%2C1080&ssl=1","contentUrl":"https:\/\/i0.wp.com\/elregionalvm.com.ar\/noticias-villa-maria\/wp-content\/uploads\/2024\/09\/Movilidad-social-ascendente.jpg?fit=1920%2C1080&ssl=1","width":1920,"height":1080},{"@type":"BreadcrumbList","@id":"https:\/\/elregionalvm.com.ar\/noticias-villa-maria\/opinion-defendamos-nuestro-derecho-a-la-movilidad-social-ascendente\/#breadcrumb","itemListElement":[{"@type":"ListItem","position":1,"name":"Portada","item":"https:\/\/elregionalvm.com.ar\/noticias-villa-maria\/"},{"@type":"ListItem","position":2,"name":"[Opini\u00f3n] Defendamos nuestro derecho a la movilidad social ascendente"}]},{"@type":"WebSite","@id":"http:\/\/elregionalvm.com.ar\/noticias-villa-maria\/#website","url":"http:\/\/elregionalvm.com.ar\/noticias-villa-maria\/","name":"El Regional","description":"Mucho m\u00e1s que informaci\u00f3n","potentialAction":[{"@type":"SearchAction","target":{"@type":"EntryPoint","urlTemplate":"http:\/\/elregionalvm.com.ar\/noticias-villa-maria\/?s={search_term_string}"},"query-input":{"@type":"PropertyValueSpecification","valueRequired":true,"valueName":"search_term_string"}}],"inLanguage":"es"},{"@type":"Person","@id":"http:\/\/elregionalvm.com.ar\/noticias-villa-maria\/#\/schema\/person\/d5e4b04966154131701e52c45d3efec9","name":"Germ\u00e1n Giacchero","image":{"@type":"ImageObject","inLanguage":"es","@id":"http:\/\/elregionalvm.com.ar\/noticias-villa-maria\/#\/schema\/person\/image\/","url":"https:\/\/secure.gravatar.com\/avatar\/fda163ba5ef0307ee5be9846e10f83b6e83d0cfb260d3b2464830318894c6b04?s=96&d=mm&r=g","contentUrl":"https:\/\/secure.gravatar.com\/avatar\/fda163ba5ef0307ee5be9846e10f83b6e83d0cfb260d3b2464830318894c6b04?s=96&d=mm&r=g","caption":"Germ\u00e1n Giacchero"},"url":"https:\/\/elregionalvm.com.ar\/noticias-villa-maria\/author\/germangiacchero\/"}]}},"jetpack_featured_media_url":"https:\/\/i0.wp.com\/elregionalvm.com.ar\/noticias-villa-maria\/wp-content\/uploads\/2024\/09\/Movilidad-social-ascendente.jpg?fit=1920%2C1080&ssl=1","jetpack_sharing_enabled":true,"_links":{"self":[{"href":"https:\/\/elregionalvm.com.ar\/noticias-villa-maria\/wp-json\/wp\/v2\/posts\/98425","targetHints":{"allow":["GET"]}}],"collection":[{"href":"https:\/\/elregionalvm.com.ar\/noticias-villa-maria\/wp-json\/wp\/v2\/posts"}],"about":[{"href":"https:\/\/elregionalvm.com.ar\/noticias-villa-maria\/wp-json\/wp\/v2\/types\/post"}],"author":[{"embeddable":true,"href":"https:\/\/elregionalvm.com.ar\/noticias-villa-maria\/wp-json\/wp\/v2\/users\/6"}],"replies":[{"embeddable":true,"href":"https:\/\/elregionalvm.com.ar\/noticias-villa-maria\/wp-json\/wp\/v2\/comments?post=98425"}],"version-history":[{"count":1,"href":"https:\/\/elregionalvm.com.ar\/noticias-villa-maria\/wp-json\/wp\/v2\/posts\/98425\/revisions"}],"predecessor-version":[{"id":98430,"href":"https:\/\/elregionalvm.com.ar\/noticias-villa-maria\/wp-json\/wp\/v2\/posts\/98425\/revisions\/98430"}],"wp:featuredmedia":[{"embeddable":true,"href":"https:\/\/elregionalvm.com.ar\/noticias-villa-maria\/wp-json\/wp\/v2\/media\/98426"}],"wp:attachment":[{"href":"https:\/\/elregionalvm.com.ar\/noticias-villa-maria\/wp-json\/wp\/v2\/media?parent=98425"}],"wp:term":[{"taxonomy":"category","embeddable":true,"href":"https:\/\/elregionalvm.com.ar\/noticias-villa-maria\/wp-json\/wp\/v2\/categories?post=98425"},{"taxonomy":"post_tag","embeddable":true,"href":"https:\/\/elregionalvm.com.ar\/noticias-villa-maria\/wp-json\/wp\/v2\/tags?post=98425"}],"curies":[{"name":"wp","href":"https:\/\/api.w.org\/{rel}","templated":true}]}}