{"id":98436,"date":"2024-09-09T14:41:27","date_gmt":"2024-09-09T14:41:27","guid":{"rendered":"https:\/\/elregionalvm.com.ar\/noticias-villa-maria\/?p=98436"},"modified":"2024-09-10T21:55:08","modified_gmt":"2024-09-10T21:55:08","slug":"historias-loli-y-el-hombre-viejo-del-impala-rojo","status":"publish","type":"post","link":"https:\/\/elregionalvm.com.ar\/noticias-villa-maria\/historias-loli-y-el-hombre-viejo-del-impala-rojo\/","title":{"rendered":"[Historias] Loli y el hombre viejo del Impala rojo"},"content":{"rendered":"\n<h3 class=\"wp-block-heading\"><strong>\u201cLe aseguro que me conmovi\u00f3 cuando la vi. Toc\u00f3 el timbre de mi casa, y cuando sal\u00ed una mujer de baja estatura, casi obesa y mal vestida, me ofreci\u00f3 medias. Vend\u00eda medias y ropa interior. El cabello era casi una madeja gris de masa de grasa. Me llev\u00f3 varios minutos reaccionar y darme cuenta de qui\u00e9n se trataba\u2026 no lo pod\u00eda creer&#8230;\u201d.<\/strong><\/h3>\n\n\n\n<p><\/p>\n\n\n\n<p><strong>Escribe: Miguel Andreis<\/strong><\/p>\n\n\n\n<p><\/p>\n\n\n\n<p>\u201cLoli, la m\u00e1s bella del barrio. Nadie vest\u00eda como ella\u2026 me acord\u00e9 de mi madre y sus opiniones; de las cosas que dec\u00edan otras amigas adolescentes. Era el emblema de mujer a imitar\u2026 all\u00ed estaba, ofreciendo medias. Desconozco si se dio cuenta de qui\u00e9n era yo\u2026 tal vez no\u201d.<\/p>\n\n\n\n<p>Dora tom\u00f3 asiento en nuestra Redacci\u00f3n y se detuvo unos instantes al observar la luz encendida del grabador. Apag\u00f3 su tel\u00e9fono como para dejar que el tiempo transcurriera.<\/p>\n\n\n\n<p>Antes nos hab\u00eda explicado que ten\u00eda la necesidad de contarnos la historia de Elena E., a la que llamaban Loli.<\/p>\n\n\n\n<p><\/p>\n\n\n\n<figure class=\"wp-block-image size-full\"><img data-recalc-dims=\"1\" fetchpriority=\"high\" decoding=\"async\" width=\"1000\" height=\"667\" src=\"https:\/\/i0.wp.com\/elregionalvm.com.ar\/noticias-villa-maria\/wp-content\/uploads\/2024\/02\/mujer-anciana-tercera-edad-viejismos.jpg?resize=1000%2C667&#038;ssl=1\" alt=\"\" class=\"wp-image-89531\" srcset=\"https:\/\/i0.wp.com\/elregionalvm.com.ar\/noticias-villa-maria\/wp-content\/uploads\/2024\/02\/mujer-anciana-tercera-edad-viejismos.jpg?w=1000&amp;ssl=1 1000w, https:\/\/i0.wp.com\/elregionalvm.com.ar\/noticias-villa-maria\/wp-content\/uploads\/2024\/02\/mujer-anciana-tercera-edad-viejismos.jpg?resize=300%2C200&amp;ssl=1 300w, https:\/\/i0.wp.com\/elregionalvm.com.ar\/noticias-villa-maria\/wp-content\/uploads\/2024\/02\/mujer-anciana-tercera-edad-viejismos.jpg?resize=768%2C512&amp;ssl=1 768w\" sizes=\"(max-width: 1000px) 100vw, 1000px\" \/><\/figure>\n\n\n\n<p><\/p>\n\n\n\n<p>\u201cCon mi familia viv\u00edamos en el barrio Bonoris (actual G\u00fcemes); mi padre era obrero de la F\u00e1brica de P\u00f3lvoras. Yo, la menor de dos hermanos varones. En la misma cuadra estaba la casa de ella \u2013 que en los sesenta- no ten\u00eda m\u00e1s de 21 \u00f3 22 a\u00f1os. Bajita, bell\u00edsima. Rostro color aceituna, ojos verdes y un cuerpo exuberante. Llamativa.<\/p>\n\n\n\n<p>Su madre, tengo entendido cobraba una pensi\u00f3n de su finado esposo. Viv\u00edan con tres medias hermanas. Esta joven generaba sensaciones bien contrapuestas: los hombres giraban la cabeza a su paso; mientras que las mujeres no ocultaban su desagrado. Se mov\u00eda provocativamente. Sonre\u00eda. Siempre sonre\u00eda\u201d.<\/p>\n\n\n\n<p>Dora avanz\u00f3: \u201cNosotros \u00e9ramos menores que Loli. Nos saludaba amablemente cuando nos encontr\u00e1bamos en el almac\u00e9n de Don Ortalda o en la carnicer\u00eda del Chiquito. Mi madre no disimulaba su rechazo. Un rechazo, entend\u00edamos que, sin sentido, montado a puro celos nom\u00e1s. Irracional. Jam\u00e1s esa chica se fijar\u00eda en mi padre. \u00c9l s\u00ed. &nbsp;Ellos sab\u00edan algo que nosotros ignor\u00e1bamos\u201d.<\/p>\n\n\n\n<p>\u201cLa agraciada dama comenz\u00f3 a vestir con ropas costosas. Cuando nadie ten\u00eda botas ella aparec\u00eda con un par distinto todos los d\u00edas. Al poco tiempo unos alba\u00f1iles transformaron el viejo frente de su casa. Nuevas aberturas. Veredas de mosaicos le daban un perfil<\/p>\n\n\n\n<p>majestuoso al inmueble. La m\u00e1s moderna de la cuadra.<\/p>\n\n\n\n<p>Un s\u00e1bado a la tarde vimos como Loli iba y ven\u00eda aprendiendo a andar en una Siambretta 125 cc.; Dos meses despu\u00e9s ya trepaba a una Vespa flamante\u201d.<\/p>\n\n\n\n<p>\u201cUn d\u00eda almorzando, el menor de mis hermanos coment\u00f3 que a la vuelta de la esquina, un hombre pelado, mayor, siempre impecable, dejaba un imponente auto rojo. Largo, majestuoso y se iba caminando hasta la casa de Loli.<\/p>\n\n\n\n<p>No pas\u00f3 mucho tiempo que el lustroso autom\u00f3vil ya quedaba estacionado frente al domicilio de ella.<\/p>\n\n\n\n<p>Nadie ignoraba de d\u00f3nde proven\u00edan los fondos para esos cambios. Mi padre lo tomaba con displicencia. Mi madre le reprochaba: \u2018Quisiera ver qu\u00e9 har\u00edas si tu hija te cae con un viejo de esos\u2026 \u00b4.<\/p>\n\n\n\n<p>\u00c9l sonre\u00eda. Es posible que en el fondo haya envidiado a ese se\u00f1or de caminar lento que fumaba unos cigarros gruesos y marrones\u201d.<\/p>\n\n\n\n<p><\/p>\n\n\n\n<figure class=\"wp-block-image size-full is-resized\"><img data-recalc-dims=\"1\" decoding=\"async\" width=\"800\" height=\"600\" src=\"https:\/\/i0.wp.com\/elregionalvm.com.ar\/noticias-villa-maria\/wp-content\/uploads\/2024\/09\/Impala-1961-Chevrolet-2.jpg?resize=800%2C600&#038;ssl=1\" alt=\"\" class=\"wp-image-98438\" style=\"width:910px;height:auto\" srcset=\"https:\/\/i0.wp.com\/elregionalvm.com.ar\/noticias-villa-maria\/wp-content\/uploads\/2024\/09\/Impala-1961-Chevrolet-2.jpg?w=800&amp;ssl=1 800w, https:\/\/i0.wp.com\/elregionalvm.com.ar\/noticias-villa-maria\/wp-content\/uploads\/2024\/09\/Impala-1961-Chevrolet-2.jpg?resize=300%2C225&amp;ssl=1 300w, https:\/\/i0.wp.com\/elregionalvm.com.ar\/noticias-villa-maria\/wp-content\/uploads\/2024\/09\/Impala-1961-Chevrolet-2.jpg?resize=768%2C576&amp;ssl=1 768w\" sizes=\"(max-width: 800px) 100vw, 800px\" \/><\/figure>\n\n\n\n<p><\/p>\n\n\n\n<p>\u201cLoli, gastaba. Gastaba mucho. La familia se fue incrementando. Se instal\u00f3 un primo que ven\u00eda a estudiar a la Escuela del Trabajo, y una t\u00eda joven\u2026 Mi madre nos ten\u00eda penadas a mis hermanas que se juntaran con ella. Alicia y Ana Mar\u00eda, vecinas de casa por medio, estaban fascinadas con esa joven a la que la vida la hab\u00eda premiado de tal manera.<\/p>\n\n\n\n<p>Comenzaron a frecuentarla. La jovencita era todo un ejemplo de lo que se puede lograr haciendo uso de lo que la naturaleza regala\u2026\u201d.<\/p>\n\n\n\n<p><strong>El veterano complac\u00eda cualquier capricho<\/strong><\/p>\n\n\n\n<p>\u201cDesaparec\u00eda por d\u00edas. Viajaba a todos lados con el se\u00f1or del auto rojo. Luego cont\u00f3 que la hab\u00eda llevado a Brasil. Por entonces una excursi\u00f3n para pocos. Lleg\u00f3 a tener dos televisores en su casa. Seguramente en esa manzana no habr\u00eda m\u00e1s de tres o cuatro. Se empecinaba en industrializar caprichos que el veterano le complac\u00eda. Mi madre, casi obsesionada, cada vez se irritaba m\u00e1s. Los domingos a\u00fan m\u00e1s cuando ve\u00eda el auto rojo cargado con todos. Loli los llevaba a la iglesia y \u00e9l los regresaba\u201d.<\/p>\n\n\n\n<p>\u201cNunca perdi\u00f3 su belleza. Las \u00faltimas veces que la vi fue antes de irme a estudiar a C\u00f3rdoba. El fastidio de mi madre no hab\u00eda variado. Me cont\u00f3 que le hab\u00edan comprado una casa en Barrio Parque. Alicia y Ana Mar\u00eda segu\u00edan cautivadas con Loli, que de vez en cuando le prestaba alguna ropa o las botas.<\/p>\n\n\n\n<p>La familia no demostraba disconformidad con el \u201cnovio\u201d. Uno de mis hermanos, siempre atento a la vida ajena, narr\u00f3 que la vio, circunstancialmente en Oncativo, con otro \u2018se\u00f1or\u2019 no tan mayor, propietario de un conocido comercio de la villa\u201d.<\/p>\n\n\n\n<p><strong>\u201cPor el setenta y pico el hombre del auto rojo tuvo un ataque de tensi\u00f3n y qued\u00f3 parapl\u00e9jico. Su cara se mostraba torcida con la punta de sus labios apuntando al cuello. No volvi\u00f3 a salir de su casa\u201d.<\/strong><\/p>\n\n\n\n<p>\u201cLoli debi\u00f3 buscar nuevos ingresos con lo \u00fanico que hab\u00eda aprendido a hacer. Ya nada le fue igual. Debieron vender su vivienda en el barrio Parque. No la pod\u00edan mantener y a cambio recibieron una m\u00e1s peque\u00f1a en el barrio Rivadavia. Envejeci\u00f3 junto a su madre entrada en la ancianidad\u201d.<\/p>\n\n\n\n<p>Por el 2000 encontr\u00e9 a Alicia y Ana Mar\u00eda. Hablamos de cosas intrascendentes. Sali\u00f3 el nombre de Loli. \u201c\u00bfQui\u00e9n, esa petisa puta?\u201d, dijo la menor de las hermanas.<\/p>\n\n\n\n<p>Ya pobre y desmejorada no encandilaba.<\/p>\n\n\n\n<p>\u201cDebe andar por ah\u00ed regal\u00e1ndose a cualquiera que se le acerque\u2026 est\u00e1 tirada. No supo guardar un peso la tonta\u2026 nada de nada. Por lo menos para poner un negocito\u2026\u201d.<\/p>\n\n\n\n<p>Cambi\u00e9 de tema.<\/p>\n\n\n\n<p><\/p>\n\n\n\n<figure class=\"wp-block-image size-large\"><img data-recalc-dims=\"1\" decoding=\"async\" width=\"1024\" height=\"618\" src=\"https:\/\/i0.wp.com\/elregionalvm.com.ar\/noticias-villa-maria\/wp-content\/uploads\/2020\/08\/Domingo-soledad.jpg?resize=1024%2C618&#038;ssl=1\" alt=\"\" class=\"wp-image-22123\" srcset=\"https:\/\/i0.wp.com\/elregionalvm.com.ar\/noticias-villa-maria\/wp-content\/uploads\/2020\/08\/Domingo-soledad.jpg?resize=1024%2C618&amp;ssl=1 1024w, https:\/\/i0.wp.com\/elregionalvm.com.ar\/noticias-villa-maria\/wp-content\/uploads\/2020\/08\/Domingo-soledad.jpg?resize=300%2C181&amp;ssl=1 300w, https:\/\/i0.wp.com\/elregionalvm.com.ar\/noticias-villa-maria\/wp-content\/uploads\/2020\/08\/Domingo-soledad.jpg?resize=768%2C463&amp;ssl=1 768w, https:\/\/i0.wp.com\/elregionalvm.com.ar\/noticias-villa-maria\/wp-content\/uploads\/2020\/08\/Domingo-soledad.jpg?w=1429&amp;ssl=1 1429w\" sizes=\"(max-width: 1000px) 100vw, 1000px\" \/><\/figure>\n\n\n\n<p><\/p>\n\n\n\n<p>Dora, pas\u00f3 un dedo sobre el papel y remarc\u00f3: \u201c\u00bf\u00a1Qu\u00e9 cosa el dinero, no!? Mientras venga de arriba nadie pregunta nada, todo est\u00e1 bien\u2026 todo. No s\u00e9 qu\u00e9 habr\u00e1 sido de la vida del hombre del auto rojo, pero para ella nada fue igual.<\/p>\n\n\n\n<p>Est\u00e1 sola cargando una espiral de arrugas\u2026 y mire que manej\u00f3 plata esa chica. Mucho dinero de verdad\u2026 ahora para comer vende medias casa por casa\u2026\u201d.<\/p>\n\n\n\n<p>\u201cLe compr\u00e9 tres pares\u2026 pensar que en el fondo todas quer\u00edamos ser como Loli\u2026 todas\u201d.<\/p>\n","protected":false},"excerpt":{"rendered":"<p>\u201cLe aseguro que me conmovi\u00f3 cuando la vi. Toc\u00f3 el timbre de mi casa, y cuando sal\u00ed una mujer de baja estatura, casi obesa y mal vestida, me ofreci\u00f3 medias. Vend\u00eda medias y ropa interior. El cabello era casi una madeja gris de masa de grasa. Me llev\u00f3 varios minutos reaccionar y darme cuenta de [&hellip;]<\/p>\n","protected":false},"author":6,"featured_media":98437,"comment_status":"open","ping_status":"open","sticky":false,"template":"","format":"standard","meta":{"site-sidebar-layout":"default","site-content-layout":"","ast-site-content-layout":"default","site-content-style":"default","site-sidebar-style":"default","ast-global-header-display":"","ast-banner-title-visibility":"","ast-main-header-display":"","ast-hfb-above-header-display":"","ast-hfb-below-header-display":"","ast-hfb-mobile-header-display":"","site-post-title":"","ast-breadcrumbs-content":"","ast-featured-img":"","footer-sml-layout":"","ast-disable-related-posts":"","theme-transparent-header-meta":"","adv-header-id-meta":"","stick-header-meta":"","header-above-stick-meta":"","header-main-stick-meta":"","header-below-stick-meta":"","astra-migrate-meta-layouts":"set","ast-page-background-enabled":"default","ast-page-background-meta":{"desktop":{"background-color":"","background-image":"","background-repeat":"repeat","background-position":"center center","background-size":"auto","background-attachment":"scroll","background-type":"","background-media":"","overlay-type":"","overlay-color":"","overlay-opacity":"","overlay-gradient":""},"tablet":{"background-color":"","background-image":"","background-repeat":"repeat","background-position":"center center","background-size":"auto","background-attachment":"scroll","background-type":"","background-media":"","overlay-type":"","overlay-color":"","overlay-opacity":"","overlay-gradient":""},"mobile":{"background-color":"","background-image":"","background-repeat":"repeat","background-position":"center center","background-size":"auto","background-attachment":"scroll","background-type":"","background-media":"","overlay-type":"","overlay-color":"","overlay-opacity":"","overlay-gradient":""}},"ast-content-background-meta":{"desktop":{"background-color":"var(--ast-global-color-5)","background-image":"","background-repeat":"repeat","background-position":"center center","background-size":"auto","background-attachment":"scroll","background-type":"","background-media":"","overlay-type":"","overlay-color":"","overlay-opacity":"","overlay-gradient":""},"tablet":{"background-color":"var(--ast-global-color-5)","background-image":"","background-repeat":"repeat","background-position":"center center","background-size":"auto","background-attachment":"scroll","background-type":"","background-media":"","overlay-type":"","overlay-color":"","overlay-opacity":"","overlay-gradient":""},"mobile":{"background-color":"var(--ast-global-color-5)","background-image":"","background-repeat":"repeat","background-position":"center center","background-size":"auto","background-attachment":"scroll","background-type":"","background-media":"","overlay-type":"","overlay-color":"","overlay-opacity":"","overlay-gradient":""}},"_jetpack_memberships_contains_paid_content":false,"_joinchat":[],"footnotes":""},"categories":[2098,3557],"tags":[9927,24372,1386,24369,24370,26,318,145,52],"class_list":["post-98436","post","type-post","status-publish","format-standard","has-post-thumbnail","hentry","category-historias","category-tercera","tag-buena-vida","tag-envidia","tag-historias","tag-impala","tag-loli","tag-mujer","tag-prostitucion","tag-riqueza","tag-rojo"],"yoast_head":"<!-- This site is optimized with the Yoast SEO plugin v26.8 - https:\/\/yoast.com\/product\/yoast-seo-wordpress\/ -->\n<title>[Historias] Loli y el hombre viejo del Impala rojo - El Regional<\/title>\n<meta name=\"robots\" content=\"index, follow, max-snippet:-1, max-image-preview:large, max-video-preview:-1\" \/>\n<link rel=\"canonical\" href=\"https:\/\/elregionalvm.com.ar\/noticias-villa-maria\/historias-loli-y-el-hombre-viejo-del-impala-rojo\/\" \/>\n<meta property=\"og:locale\" content=\"es_ES\" \/>\n<meta property=\"og:type\" content=\"article\" \/>\n<meta property=\"og:title\" content=\"[Historias] Loli y el hombre viejo del Impala rojo - El Regional\" \/>\n<meta property=\"og:description\" content=\"\u201cLe aseguro que me conmovi\u00f3 cuando la vi. Toc\u00f3 el timbre de mi casa, y cuando sal\u00ed una mujer de baja estatura, casi obesa y mal vestida, me ofreci\u00f3 medias. Vend\u00eda medias y ropa interior. El cabello era casi una madeja gris de masa de grasa. Me llev\u00f3 varios minutos reaccionar y darme cuenta de [&hellip;]\" \/>\n<meta property=\"og:url\" content=\"https:\/\/elregionalvm.com.ar\/noticias-villa-maria\/historias-loli-y-el-hombre-viejo-del-impala-rojo\/\" \/>\n<meta property=\"og:site_name\" content=\"El Regional\" \/>\n<meta property=\"article:publisher\" content=\"https:\/\/www.facebook.com\/elregionalvm\" \/>\n<meta property=\"article:published_time\" content=\"2024-09-09T14:41:27+00:00\" \/>\n<meta property=\"article:modified_time\" content=\"2024-09-10T21:55:08+00:00\" \/>\n<meta property=\"og:image\" content=\"https:\/\/elregionalvm.com.ar\/noticias-villa-maria\/wp-content\/uploads\/2024\/09\/Impala-1961-Chevrolet.webp\" \/>\n\t<meta property=\"og:image:width\" content=\"940\" \/>\n\t<meta property=\"og:image:height\" content=\"626\" \/>\n\t<meta property=\"og:image:type\" content=\"image\/webp\" \/>\n<meta name=\"author\" content=\"Germ\u00e1n Giacchero\" \/>\n<meta name=\"twitter:card\" content=\"summary_large_image\" \/>\n<meta name=\"twitter:creator\" content=\"@elregionalvm1\" \/>\n<meta name=\"twitter:site\" content=\"@elregionalvm1\" \/>\n<meta name=\"twitter:label1\" content=\"Escrito por\" \/>\n\t<meta name=\"twitter:data1\" content=\"Germ\u00e1n Giacchero\" \/>\n\t<meta name=\"twitter:label2\" content=\"Tiempo de lectura\" \/>\n\t<meta name=\"twitter:data2\" content=\"6 minutos\" \/>\n<script type=\"application\/ld+json\" class=\"yoast-schema-graph\">{\"@context\":\"https:\/\/schema.org\",\"@graph\":[{\"@type\":\"Article\",\"@id\":\"https:\/\/elregionalvm.com.ar\/noticias-villa-maria\/historias-loli-y-el-hombre-viejo-del-impala-rojo\/#article\",\"isPartOf\":{\"@id\":\"https:\/\/elregionalvm.com.ar\/noticias-villa-maria\/historias-loli-y-el-hombre-viejo-del-impala-rojo\/\"},\"author\":{\"name\":\"Germ\u00e1n Giacchero\",\"@id\":\"http:\/\/elregionalvm.com.ar\/noticias-villa-maria\/#\/schema\/person\/d5e4b04966154131701e52c45d3efec9\"},\"headline\":\"[Historias] Loli y el hombre viejo del Impala rojo\",\"datePublished\":\"2024-09-09T14:41:27+00:00\",\"dateModified\":\"2024-09-10T21:55:08+00:00\",\"mainEntityOfPage\":{\"@id\":\"https:\/\/elregionalvm.com.ar\/noticias-villa-maria\/historias-loli-y-el-hombre-viejo-del-impala-rojo\/\"},\"wordCount\":1118,\"commentCount\":0,\"image\":{\"@id\":\"https:\/\/elregionalvm.com.ar\/noticias-villa-maria\/historias-loli-y-el-hombre-viejo-del-impala-rojo\/#primaryimage\"},\"thumbnailUrl\":\"https:\/\/i0.wp.com\/elregionalvm.com.ar\/noticias-villa-maria\/wp-content\/uploads\/2024\/09\/Impala-1961-Chevrolet.webp?fit=940%2C626&ssl=1\",\"keywords\":[\"Buena Vida\",\"envidia\",\"historias\",\"Impala\",\"Loli\",\"mujer\",\"prostituci\u00f3n\",\"riqueza\",\"rojo\"],\"articleSection\":[\"Historias\",\"tercera\"],\"inLanguage\":\"es\",\"potentialAction\":[{\"@type\":\"CommentAction\",\"name\":\"Comment\",\"target\":[\"https:\/\/elregionalvm.com.ar\/noticias-villa-maria\/historias-loli-y-el-hombre-viejo-del-impala-rojo\/#respond\"]}]},{\"@type\":\"WebPage\",\"@id\":\"https:\/\/elregionalvm.com.ar\/noticias-villa-maria\/historias-loli-y-el-hombre-viejo-del-impala-rojo\/\",\"url\":\"https:\/\/elregionalvm.com.ar\/noticias-villa-maria\/historias-loli-y-el-hombre-viejo-del-impala-rojo\/\",\"name\":\"[Historias] Loli y el hombre viejo del Impala rojo - El Regional\",\"isPartOf\":{\"@id\":\"http:\/\/elregionalvm.com.ar\/noticias-villa-maria\/#website\"},\"primaryImageOfPage\":{\"@id\":\"https:\/\/elregionalvm.com.ar\/noticias-villa-maria\/historias-loli-y-el-hombre-viejo-del-impala-rojo\/#primaryimage\"},\"image\":{\"@id\":\"https:\/\/elregionalvm.com.ar\/noticias-villa-maria\/historias-loli-y-el-hombre-viejo-del-impala-rojo\/#primaryimage\"},\"thumbnailUrl\":\"https:\/\/i0.wp.com\/elregionalvm.com.ar\/noticias-villa-maria\/wp-content\/uploads\/2024\/09\/Impala-1961-Chevrolet.webp?fit=940%2C626&ssl=1\",\"datePublished\":\"2024-09-09T14:41:27+00:00\",\"dateModified\":\"2024-09-10T21:55:08+00:00\",\"author\":{\"@id\":\"http:\/\/elregionalvm.com.ar\/noticias-villa-maria\/#\/schema\/person\/d5e4b04966154131701e52c45d3efec9\"},\"breadcrumb\":{\"@id\":\"https:\/\/elregionalvm.com.ar\/noticias-villa-maria\/historias-loli-y-el-hombre-viejo-del-impala-rojo\/#breadcrumb\"},\"inLanguage\":\"es\",\"potentialAction\":[{\"@type\":\"ReadAction\",\"target\":[\"https:\/\/elregionalvm.com.ar\/noticias-villa-maria\/historias-loli-y-el-hombre-viejo-del-impala-rojo\/\"]}]},{\"@type\":\"ImageObject\",\"inLanguage\":\"es\",\"@id\":\"https:\/\/elregionalvm.com.ar\/noticias-villa-maria\/historias-loli-y-el-hombre-viejo-del-impala-rojo\/#primaryimage\",\"url\":\"https:\/\/i0.wp.com\/elregionalvm.com.ar\/noticias-villa-maria\/wp-content\/uploads\/2024\/09\/Impala-1961-Chevrolet.webp?fit=940%2C626&ssl=1\",\"contentUrl\":\"https:\/\/i0.wp.com\/elregionalvm.com.ar\/noticias-villa-maria\/wp-content\/uploads\/2024\/09\/Impala-1961-Chevrolet.webp?fit=940%2C626&ssl=1\",\"width\":940,\"height\":626},{\"@type\":\"BreadcrumbList\",\"@id\":\"https:\/\/elregionalvm.com.ar\/noticias-villa-maria\/historias-loli-y-el-hombre-viejo-del-impala-rojo\/#breadcrumb\",\"itemListElement\":[{\"@type\":\"ListItem\",\"position\":1,\"name\":\"Portada\",\"item\":\"https:\/\/elregionalvm.com.ar\/noticias-villa-maria\/\"},{\"@type\":\"ListItem\",\"position\":2,\"name\":\"[Historias] Loli y el hombre viejo del Impala rojo\"}]},{\"@type\":\"WebSite\",\"@id\":\"http:\/\/elregionalvm.com.ar\/noticias-villa-maria\/#website\",\"url\":\"http:\/\/elregionalvm.com.ar\/noticias-villa-maria\/\",\"name\":\"El Regional\",\"description\":\"Mucho m\u00e1s que informaci\u00f3n\",\"potentialAction\":[{\"@type\":\"SearchAction\",\"target\":{\"@type\":\"EntryPoint\",\"urlTemplate\":\"http:\/\/elregionalvm.com.ar\/noticias-villa-maria\/?s={search_term_string}\"},\"query-input\":{\"@type\":\"PropertyValueSpecification\",\"valueRequired\":true,\"valueName\":\"search_term_string\"}}],\"inLanguage\":\"es\"},{\"@type\":\"Person\",\"@id\":\"http:\/\/elregionalvm.com.ar\/noticias-villa-maria\/#\/schema\/person\/d5e4b04966154131701e52c45d3efec9\",\"name\":\"Germ\u00e1n Giacchero\",\"image\":{\"@type\":\"ImageObject\",\"inLanguage\":\"es\",\"@id\":\"http:\/\/elregionalvm.com.ar\/noticias-villa-maria\/#\/schema\/person\/image\/\",\"url\":\"https:\/\/secure.gravatar.com\/avatar\/fda163ba5ef0307ee5be9846e10f83b6e83d0cfb260d3b2464830318894c6b04?s=96&d=mm&r=g\",\"contentUrl\":\"https:\/\/secure.gravatar.com\/avatar\/fda163ba5ef0307ee5be9846e10f83b6e83d0cfb260d3b2464830318894c6b04?s=96&d=mm&r=g\",\"caption\":\"Germ\u00e1n Giacchero\"},\"url\":\"https:\/\/elregionalvm.com.ar\/noticias-villa-maria\/author\/germangiacchero\/\"}]}<\/script>\n<!-- \/ Yoast SEO plugin. -->","yoast_head_json":{"title":"[Historias] Loli y el hombre viejo del Impala rojo - El Regional","robots":{"index":"index","follow":"follow","max-snippet":"max-snippet:-1","max-image-preview":"max-image-preview:large","max-video-preview":"max-video-preview:-1"},"canonical":"https:\/\/elregionalvm.com.ar\/noticias-villa-maria\/historias-loli-y-el-hombre-viejo-del-impala-rojo\/","og_locale":"es_ES","og_type":"article","og_title":"[Historias] Loli y el hombre viejo del Impala rojo - El Regional","og_description":"\u201cLe aseguro que me conmovi\u00f3 cuando la vi. Toc\u00f3 el timbre de mi casa, y cuando sal\u00ed una mujer de baja estatura, casi obesa y mal vestida, me ofreci\u00f3 medias. Vend\u00eda medias y ropa interior. El cabello era casi una madeja gris de masa de grasa. Me llev\u00f3 varios minutos reaccionar y darme cuenta de [&hellip;]","og_url":"https:\/\/elregionalvm.com.ar\/noticias-villa-maria\/historias-loli-y-el-hombre-viejo-del-impala-rojo\/","og_site_name":"El Regional","article_publisher":"https:\/\/www.facebook.com\/elregionalvm","article_published_time":"2024-09-09T14:41:27+00:00","article_modified_time":"2024-09-10T21:55:08+00:00","og_image":[{"width":940,"height":626,"url":"https:\/\/elregionalvm.com.ar\/noticias-villa-maria\/wp-content\/uploads\/2024\/09\/Impala-1961-Chevrolet.webp","type":"image\/webp"}],"author":"Germ\u00e1n Giacchero","twitter_card":"summary_large_image","twitter_creator":"@elregionalvm1","twitter_site":"@elregionalvm1","twitter_misc":{"Escrito por":"Germ\u00e1n Giacchero","Tiempo de lectura":"6 minutos"},"schema":{"@context":"https:\/\/schema.org","@graph":[{"@type":"Article","@id":"https:\/\/elregionalvm.com.ar\/noticias-villa-maria\/historias-loli-y-el-hombre-viejo-del-impala-rojo\/#article","isPartOf":{"@id":"https:\/\/elregionalvm.com.ar\/noticias-villa-maria\/historias-loli-y-el-hombre-viejo-del-impala-rojo\/"},"author":{"name":"Germ\u00e1n Giacchero","@id":"http:\/\/elregionalvm.com.ar\/noticias-villa-maria\/#\/schema\/person\/d5e4b04966154131701e52c45d3efec9"},"headline":"[Historias] Loli y el hombre viejo del Impala rojo","datePublished":"2024-09-09T14:41:27+00:00","dateModified":"2024-09-10T21:55:08+00:00","mainEntityOfPage":{"@id":"https:\/\/elregionalvm.com.ar\/noticias-villa-maria\/historias-loli-y-el-hombre-viejo-del-impala-rojo\/"},"wordCount":1118,"commentCount":0,"image":{"@id":"https:\/\/elregionalvm.com.ar\/noticias-villa-maria\/historias-loli-y-el-hombre-viejo-del-impala-rojo\/#primaryimage"},"thumbnailUrl":"https:\/\/i0.wp.com\/elregionalvm.com.ar\/noticias-villa-maria\/wp-content\/uploads\/2024\/09\/Impala-1961-Chevrolet.webp?fit=940%2C626&ssl=1","keywords":["Buena Vida","envidia","historias","Impala","Loli","mujer","prostituci\u00f3n","riqueza","rojo"],"articleSection":["Historias","tercera"],"inLanguage":"es","potentialAction":[{"@type":"CommentAction","name":"Comment","target":["https:\/\/elregionalvm.com.ar\/noticias-villa-maria\/historias-loli-y-el-hombre-viejo-del-impala-rojo\/#respond"]}]},{"@type":"WebPage","@id":"https:\/\/elregionalvm.com.ar\/noticias-villa-maria\/historias-loli-y-el-hombre-viejo-del-impala-rojo\/","url":"https:\/\/elregionalvm.com.ar\/noticias-villa-maria\/historias-loli-y-el-hombre-viejo-del-impala-rojo\/","name":"[Historias] Loli y el hombre viejo del Impala rojo - El Regional","isPartOf":{"@id":"http:\/\/elregionalvm.com.ar\/noticias-villa-maria\/#website"},"primaryImageOfPage":{"@id":"https:\/\/elregionalvm.com.ar\/noticias-villa-maria\/historias-loli-y-el-hombre-viejo-del-impala-rojo\/#primaryimage"},"image":{"@id":"https:\/\/elregionalvm.com.ar\/noticias-villa-maria\/historias-loli-y-el-hombre-viejo-del-impala-rojo\/#primaryimage"},"thumbnailUrl":"https:\/\/i0.wp.com\/elregionalvm.com.ar\/noticias-villa-maria\/wp-content\/uploads\/2024\/09\/Impala-1961-Chevrolet.webp?fit=940%2C626&ssl=1","datePublished":"2024-09-09T14:41:27+00:00","dateModified":"2024-09-10T21:55:08+00:00","author":{"@id":"http:\/\/elregionalvm.com.ar\/noticias-villa-maria\/#\/schema\/person\/d5e4b04966154131701e52c45d3efec9"},"breadcrumb":{"@id":"https:\/\/elregionalvm.com.ar\/noticias-villa-maria\/historias-loli-y-el-hombre-viejo-del-impala-rojo\/#breadcrumb"},"inLanguage":"es","potentialAction":[{"@type":"ReadAction","target":["https:\/\/elregionalvm.com.ar\/noticias-villa-maria\/historias-loli-y-el-hombre-viejo-del-impala-rojo\/"]}]},{"@type":"ImageObject","inLanguage":"es","@id":"https:\/\/elregionalvm.com.ar\/noticias-villa-maria\/historias-loli-y-el-hombre-viejo-del-impala-rojo\/#primaryimage","url":"https:\/\/i0.wp.com\/elregionalvm.com.ar\/noticias-villa-maria\/wp-content\/uploads\/2024\/09\/Impala-1961-Chevrolet.webp?fit=940%2C626&ssl=1","contentUrl":"https:\/\/i0.wp.com\/elregionalvm.com.ar\/noticias-villa-maria\/wp-content\/uploads\/2024\/09\/Impala-1961-Chevrolet.webp?fit=940%2C626&ssl=1","width":940,"height":626},{"@type":"BreadcrumbList","@id":"https:\/\/elregionalvm.com.ar\/noticias-villa-maria\/historias-loli-y-el-hombre-viejo-del-impala-rojo\/#breadcrumb","itemListElement":[{"@type":"ListItem","position":1,"name":"Portada","item":"https:\/\/elregionalvm.com.ar\/noticias-villa-maria\/"},{"@type":"ListItem","position":2,"name":"[Historias] Loli y el hombre viejo del Impala rojo"}]},{"@type":"WebSite","@id":"http:\/\/elregionalvm.com.ar\/noticias-villa-maria\/#website","url":"http:\/\/elregionalvm.com.ar\/noticias-villa-maria\/","name":"El Regional","description":"Mucho m\u00e1s que informaci\u00f3n","potentialAction":[{"@type":"SearchAction","target":{"@type":"EntryPoint","urlTemplate":"http:\/\/elregionalvm.com.ar\/noticias-villa-maria\/?s={search_term_string}"},"query-input":{"@type":"PropertyValueSpecification","valueRequired":true,"valueName":"search_term_string"}}],"inLanguage":"es"},{"@type":"Person","@id":"http:\/\/elregionalvm.com.ar\/noticias-villa-maria\/#\/schema\/person\/d5e4b04966154131701e52c45d3efec9","name":"Germ\u00e1n Giacchero","image":{"@type":"ImageObject","inLanguage":"es","@id":"http:\/\/elregionalvm.com.ar\/noticias-villa-maria\/#\/schema\/person\/image\/","url":"https:\/\/secure.gravatar.com\/avatar\/fda163ba5ef0307ee5be9846e10f83b6e83d0cfb260d3b2464830318894c6b04?s=96&d=mm&r=g","contentUrl":"https:\/\/secure.gravatar.com\/avatar\/fda163ba5ef0307ee5be9846e10f83b6e83d0cfb260d3b2464830318894c6b04?s=96&d=mm&r=g","caption":"Germ\u00e1n Giacchero"},"url":"https:\/\/elregionalvm.com.ar\/noticias-villa-maria\/author\/germangiacchero\/"}]}},"jetpack_featured_media_url":"https:\/\/i0.wp.com\/elregionalvm.com.ar\/noticias-villa-maria\/wp-content\/uploads\/2024\/09\/Impala-1961-Chevrolet.webp?fit=940%2C626&ssl=1","jetpack_sharing_enabled":true,"_links":{"self":[{"href":"https:\/\/elregionalvm.com.ar\/noticias-villa-maria\/wp-json\/wp\/v2\/posts\/98436","targetHints":{"allow":["GET"]}}],"collection":[{"href":"https:\/\/elregionalvm.com.ar\/noticias-villa-maria\/wp-json\/wp\/v2\/posts"}],"about":[{"href":"https:\/\/elregionalvm.com.ar\/noticias-villa-maria\/wp-json\/wp\/v2\/types\/post"}],"author":[{"embeddable":true,"href":"https:\/\/elregionalvm.com.ar\/noticias-villa-maria\/wp-json\/wp\/v2\/users\/6"}],"replies":[{"embeddable":true,"href":"https:\/\/elregionalvm.com.ar\/noticias-villa-maria\/wp-json\/wp\/v2\/comments?post=98436"}],"version-history":[{"count":1,"href":"https:\/\/elregionalvm.com.ar\/noticias-villa-maria\/wp-json\/wp\/v2\/posts\/98436\/revisions"}],"predecessor-version":[{"id":98439,"href":"https:\/\/elregionalvm.com.ar\/noticias-villa-maria\/wp-json\/wp\/v2\/posts\/98436\/revisions\/98439"}],"wp:featuredmedia":[{"embeddable":true,"href":"https:\/\/elregionalvm.com.ar\/noticias-villa-maria\/wp-json\/wp\/v2\/media\/98437"}],"wp:attachment":[{"href":"https:\/\/elregionalvm.com.ar\/noticias-villa-maria\/wp-json\/wp\/v2\/media?parent=98436"}],"wp:term":[{"taxonomy":"category","embeddable":true,"href":"https:\/\/elregionalvm.com.ar\/noticias-villa-maria\/wp-json\/wp\/v2\/categories?post=98436"},{"taxonomy":"post_tag","embeddable":true,"href":"https:\/\/elregionalvm.com.ar\/noticias-villa-maria\/wp-json\/wp\/v2\/tags?post=98436"}],"curies":[{"name":"wp","href":"https:\/\/api.w.org\/{rel}","templated":true}]}}