{"id":98474,"date":"2024-09-10T13:27:39","date_gmt":"2024-09-10T13:27:39","guid":{"rendered":"https:\/\/elregionalvm.com.ar\/noticias-villa-maria\/?p=98474"},"modified":"2024-09-12T03:28:02","modified_gmt":"2024-09-12T03:28:02","slug":"dia-del-trabajador-de-la-industria-lactea","status":"publish","type":"post","link":"https:\/\/elregionalvm.com.ar\/noticias-villa-maria\/dia-del-trabajador-de-la-industria-lactea\/","title":{"rendered":"D\u00eda del trabajador de la industria l\u00e1ctea: La fuerza de la regi\u00f3n"},"content":{"rendered":"\n<p><strong>Desde ATILRA SECCIONAL VILLA MARIA queremos hacer extensivo un fraternal y cordial saludo a todos nuestros queridos compa\u00f1eros\/as.<br><\/strong>Esta es una fecha muy especial ya que se cumplen 80 a\u00f1os de la fundaci\u00f3n de nuestra instituci\u00f3n gremial ATILRA conmemorando as\u00ed el d\u00eda del trabajador l\u00e1cteo.<br>En tiempos adversos es necesario redoblar esfuerzos para seguir manteniendo lo logrado en tantos a\u00f1os de lucha.<br>Hoy podemos decir con orgullo que lo sembrado a fuerza de sacrificio dio sus frutos dignificando a tal punto de hacernos sentir \u00fatiles, capaces y pertenecientes a una sociedad m\u00e1s productiva y darnos la posibilidad de proyectar un futuro para nosotros y nuestras familias.<br>No hay que bajar los brazos y recordar:<em> \u201cNinguno de nosotros es tan bueno como todos nosotros juntos\u201d<\/em><\/p>\n\n\n\n<p class=\"has-text-align-center\"><img data-recalc-dims=\"1\" decoding=\"async\" width=\"150\" height=\"55\" class=\"wp-image-98478\" style=\"width: 150px;\" src=\"https:\/\/i0.wp.com\/elregionalvm.com.ar\/noticias-villa-maria\/wp-content\/uploads\/2024\/09\/atilra.png?resize=150%2C55&#038;ssl=1\" alt=\"\"><\/p>\n\n\n\n<p class=\"has-text-align-center\"><br><strong><em>Marcelo Ferreyra<br><\/em><\/strong>Secretario General<br>ATILRA SECC. VILLA MARIA<\/p>\n","protected":false},"excerpt":{"rendered":"<p>Desde ATILRA SECCIONAL VILLA MARIA queremos hacer extensivo un fraternal y cordial saludo a todos nuestros queridos compa\u00f1eros\/as.Esta es una fecha muy especial ya que se cumplen 80 a\u00f1os de la fundaci\u00f3n de nuestra instituci\u00f3n gremial ATILRA conmemorando as\u00ed el d\u00eda del trabajador l\u00e1cteo.En tiempos adversos es necesario redoblar esfuerzos para seguir manteniendo lo logrado [&hellip;]<\/p>\n","protected":false},"author":3,"featured_media":21020,"comment_status":"open","ping_status":"open","sticky":false,"template":"","format":"standard","meta":{"site-sidebar-layout":"default","site-content-layout":"","ast-site-content-layout":"default","site-content-style":"default","site-sidebar-style":"default","ast-global-header-display":"","ast-banner-title-visibility":"","ast-main-header-display":"","ast-hfb-above-header-display":"","ast-hfb-below-header-display":"","ast-hfb-mobile-header-display":"","site-post-title":"","ast-breadcrumbs-content":"","ast-featured-img":"","footer-sml-layout":"","ast-disable-related-posts":"","theme-transparent-header-meta":"","adv-header-id-meta":"","stick-header-meta":"","header-above-stick-meta":"","header-main-stick-meta":"","header-below-stick-meta":"","astra-migrate-meta-layouts":"set","ast-page-background-enabled":"default","ast-page-background-meta":{"desktop":{"background-color":"","background-image":"","background-repeat":"repeat","background-position":"center center","background-size":"auto","background-attachment":"scroll","background-type":"","background-media":"","overlay-type":"","overlay-color":"","overlay-opacity":"","overlay-gradient":""},"tablet":{"background-color":"","background-image":"","background-repeat":"repeat","background-position":"center center","background-size":"auto","background-attachment":"scroll","background-type":"","background-media":"","overlay-type":"","overlay-color":"","overlay-opacity":"","overlay-gradient":""},"mobile":{"background-color":"","background-image":"","background-repeat":"repeat","background-position":"center center","background-size":"auto","background-attachment":"scroll","background-type":"","background-media":"","overlay-type":"","overlay-color":"","overlay-opacity":"","overlay-gradient":""}},"ast-content-background-meta":{"desktop":{"background-color":"var(--ast-global-color-5)","background-image":"","background-repeat":"repeat","background-position":"center center","background-size":"auto","background-attachment":"scroll","background-type":"","background-media":"","overlay-type":"","overlay-color":"","overlay-opacity":"","overlay-gradient":""},"tablet":{"background-color":"var(--ast-global-color-5)","background-image":"","background-repeat":"repeat","background-position":"center center","background-size":"auto","background-attachment":"scroll","background-type":"","background-media":"","overlay-type":"","overlay-color":"","overlay-opacity":"","overlay-gradient":""},"mobile":{"background-color":"var(--ast-global-color-5)","background-image":"","background-repeat":"repeat","background-position":"center center","background-size":"auto","background-attachment":"scroll","background-type":"","background-media":"","overlay-type":"","overlay-color":"","overlay-opacity":"","overlay-gradient":""}},"_jetpack_memberships_contains_paid_content":false,"_joinchat":[],"footnotes":""},"categories":[3557],"tags":[],"class_list":["post-98474","post","type-post","status-publish","format-standard","has-post-thumbnail","hentry","category-tercera"],"yoast_head":"<!-- This site is optimized with the Yoast SEO plugin v26.8 - https:\/\/yoast.com\/product\/yoast-seo-wordpress\/ -->\n<title>D\u00eda del trabajador de la industria l\u00e1ctea: La fuerza de la regi\u00f3n - El Regional<\/title>\n<meta name=\"robots\" content=\"index, follow, max-snippet:-1, max-image-preview:large, max-video-preview:-1\" \/>\n<link rel=\"canonical\" href=\"https:\/\/elregionalvm.com.ar\/noticias-villa-maria\/dia-del-trabajador-de-la-industria-lactea\/\" \/>\n<meta property=\"og:locale\" content=\"es_ES\" \/>\n<meta property=\"og:type\" content=\"article\" \/>\n<meta property=\"og:title\" content=\"D\u00eda del trabajador de la industria l\u00e1ctea: La fuerza de la regi\u00f3n - El Regional\" \/>\n<meta property=\"og:description\" content=\"Desde ATILRA SECCIONAL VILLA MARIA queremos hacer extensivo un fraternal y cordial saludo a todos nuestros queridos compa\u00f1eros\/as.Esta es una fecha muy especial ya que se cumplen 80 a\u00f1os de la fundaci\u00f3n de nuestra instituci\u00f3n gremial ATILRA conmemorando as\u00ed el d\u00eda del trabajador l\u00e1cteo.En tiempos adversos es necesario redoblar esfuerzos para seguir manteniendo lo logrado [&hellip;]\" \/>\n<meta property=\"og:url\" content=\"https:\/\/elregionalvm.com.ar\/noticias-villa-maria\/dia-del-trabajador-de-la-industria-lactea\/\" \/>\n<meta property=\"og:site_name\" content=\"El Regional\" \/>\n<meta property=\"article:publisher\" content=\"https:\/\/www.facebook.com\/elregionalvm\" \/>\n<meta property=\"article:published_time\" content=\"2024-09-10T13:27:39+00:00\" \/>\n<meta property=\"article:modified_time\" content=\"2024-09-12T03:28:02+00:00\" \/>\n<meta property=\"og:image\" content=\"https:\/\/elregionalvm.com.ar\/noticias-villa-maria\/wp-content\/uploads\/2020\/07\/industria-l\u00e1ctea.jpg\" \/>\n\t<meta property=\"og:image:width\" content=\"800\" \/>\n\t<meta property=\"og:image:height\" content=\"450\" \/>\n\t<meta property=\"og:image:type\" content=\"image\/jpeg\" \/>\n<meta name=\"author\" content=\"Veronica Falvo\" \/>\n<meta name=\"twitter:card\" content=\"summary_large_image\" \/>\n<meta name=\"twitter:creator\" content=\"@elregionalvm1\" \/>\n<meta name=\"twitter:site\" content=\"@elregionalvm1\" \/>\n<meta name=\"twitter:label1\" content=\"Escrito por\" \/>\n\t<meta name=\"twitter:data1\" content=\"Veronica Falvo\" \/>\n\t<meta name=\"twitter:label2\" content=\"Tiempo de lectura\" \/>\n\t<meta name=\"twitter:data2\" content=\"2 minutos\" \/>\n<script type=\"application\/ld+json\" class=\"yoast-schema-graph\">{\"@context\":\"https:\/\/schema.org\",\"@graph\":[{\"@type\":\"Article\",\"@id\":\"https:\/\/elregionalvm.com.ar\/noticias-villa-maria\/dia-del-trabajador-de-la-industria-lactea\/#article\",\"isPartOf\":{\"@id\":\"https:\/\/elregionalvm.com.ar\/noticias-villa-maria\/dia-del-trabajador-de-la-industria-lactea\/\"},\"author\":{\"name\":\"Veronica Falvo\",\"@id\":\"http:\/\/elregionalvm.com.ar\/noticias-villa-maria\/#\/schema\/person\/ae71d64bef3ad6e85b26323055676144\"},\"headline\":\"D\u00eda del trabajador de la industria l\u00e1ctea: La fuerza de la regi\u00f3n\",\"datePublished\":\"2024-09-10T13:27:39+00:00\",\"dateModified\":\"2024-09-12T03:28:02+00:00\",\"mainEntityOfPage\":{\"@id\":\"https:\/\/elregionalvm.com.ar\/noticias-villa-maria\/dia-del-trabajador-de-la-industria-lactea\/\"},\"wordCount\":154,\"commentCount\":0,\"image\":{\"@id\":\"https:\/\/elregionalvm.com.ar\/noticias-villa-maria\/dia-del-trabajador-de-la-industria-lactea\/#primaryimage\"},\"thumbnailUrl\":\"https:\/\/i0.wp.com\/elregionalvm.com.ar\/noticias-villa-maria\/wp-content\/uploads\/2020\/07\/industria-l%C3%A1ctea.jpg?fit=800%2C450&ssl=1\",\"articleSection\":[\"tercera\"],\"inLanguage\":\"es\",\"potentialAction\":[{\"@type\":\"CommentAction\",\"name\":\"Comment\",\"target\":[\"https:\/\/elregionalvm.com.ar\/noticias-villa-maria\/dia-del-trabajador-de-la-industria-lactea\/#respond\"]}]},{\"@type\":\"WebPage\",\"@id\":\"https:\/\/elregionalvm.com.ar\/noticias-villa-maria\/dia-del-trabajador-de-la-industria-lactea\/\",\"url\":\"https:\/\/elregionalvm.com.ar\/noticias-villa-maria\/dia-del-trabajador-de-la-industria-lactea\/\",\"name\":\"D\u00eda del trabajador de la industria l\u00e1ctea: La fuerza de la regi\u00f3n - El Regional\",\"isPartOf\":{\"@id\":\"http:\/\/elregionalvm.com.ar\/noticias-villa-maria\/#website\"},\"primaryImageOfPage\":{\"@id\":\"https:\/\/elregionalvm.com.ar\/noticias-villa-maria\/dia-del-trabajador-de-la-industria-lactea\/#primaryimage\"},\"image\":{\"@id\":\"https:\/\/elregionalvm.com.ar\/noticias-villa-maria\/dia-del-trabajador-de-la-industria-lactea\/#primaryimage\"},\"thumbnailUrl\":\"https:\/\/i0.wp.com\/elregionalvm.com.ar\/noticias-villa-maria\/wp-content\/uploads\/2020\/07\/industria-l%C3%A1ctea.jpg?fit=800%2C450&ssl=1\",\"datePublished\":\"2024-09-10T13:27:39+00:00\",\"dateModified\":\"2024-09-12T03:28:02+00:00\",\"author\":{\"@id\":\"http:\/\/elregionalvm.com.ar\/noticias-villa-maria\/#\/schema\/person\/ae71d64bef3ad6e85b26323055676144\"},\"breadcrumb\":{\"@id\":\"https:\/\/elregionalvm.com.ar\/noticias-villa-maria\/dia-del-trabajador-de-la-industria-lactea\/#breadcrumb\"},\"inLanguage\":\"es\",\"potentialAction\":[{\"@type\":\"ReadAction\",\"target\":[\"https:\/\/elregionalvm.com.ar\/noticias-villa-maria\/dia-del-trabajador-de-la-industria-lactea\/\"]}]},{\"@type\":\"ImageObject\",\"inLanguage\":\"es\",\"@id\":\"https:\/\/elregionalvm.com.ar\/noticias-villa-maria\/dia-del-trabajador-de-la-industria-lactea\/#primaryimage\",\"url\":\"https:\/\/i0.wp.com\/elregionalvm.com.ar\/noticias-villa-maria\/wp-content\/uploads\/2020\/07\/industria-l%C3%A1ctea.jpg?fit=800%2C450&ssl=1\",\"contentUrl\":\"https:\/\/i0.wp.com\/elregionalvm.com.ar\/noticias-villa-maria\/wp-content\/uploads\/2020\/07\/industria-l%C3%A1ctea.jpg?fit=800%2C450&ssl=1\",\"width\":800,\"height\":450},{\"@type\":\"BreadcrumbList\",\"@id\":\"https:\/\/elregionalvm.com.ar\/noticias-villa-maria\/dia-del-trabajador-de-la-industria-lactea\/#breadcrumb\",\"itemListElement\":[{\"@type\":\"ListItem\",\"position\":1,\"name\":\"Portada\",\"item\":\"https:\/\/elregionalvm.com.ar\/noticias-villa-maria\/\"},{\"@type\":\"ListItem\",\"position\":2,\"name\":\"D\u00eda del trabajador de la industria l\u00e1ctea: La fuerza de la regi\u00f3n\"}]},{\"@type\":\"WebSite\",\"@id\":\"http:\/\/elregionalvm.com.ar\/noticias-villa-maria\/#website\",\"url\":\"http:\/\/elregionalvm.com.ar\/noticias-villa-maria\/\",\"name\":\"El Regional\",\"description\":\"Mucho m\u00e1s que informaci\u00f3n\",\"potentialAction\":[{\"@type\":\"SearchAction\",\"target\":{\"@type\":\"EntryPoint\",\"urlTemplate\":\"http:\/\/elregionalvm.com.ar\/noticias-villa-maria\/?s={search_term_string}\"},\"query-input\":{\"@type\":\"PropertyValueSpecification\",\"valueRequired\":true,\"valueName\":\"search_term_string\"}}],\"inLanguage\":\"es\"},{\"@type\":\"Person\",\"@id\":\"http:\/\/elregionalvm.com.ar\/noticias-villa-maria\/#\/schema\/person\/ae71d64bef3ad6e85b26323055676144\",\"name\":\"Veronica Falvo\",\"image\":{\"@type\":\"ImageObject\",\"inLanguage\":\"es\",\"@id\":\"http:\/\/elregionalvm.com.ar\/noticias-villa-maria\/#\/schema\/person\/image\/\",\"url\":\"https:\/\/secure.gravatar.com\/avatar\/2316ded45cb7100980f0e3e93676d541d67eb923e00794e395aa9b95fad3171d?s=96&d=mm&r=g\",\"contentUrl\":\"https:\/\/secure.gravatar.com\/avatar\/2316ded45cb7100980f0e3e93676d541d67eb923e00794e395aa9b95fad3171d?s=96&d=mm&r=g\",\"caption\":\"Veronica Falvo\"},\"url\":\"https:\/\/elregionalvm.com.ar\/noticias-villa-maria\/author\/veronica\/\"}]}<\/script>\n<!-- \/ Yoast SEO plugin. -->","yoast_head_json":{"title":"D\u00eda del trabajador de la industria l\u00e1ctea: La fuerza de la regi\u00f3n - El Regional","robots":{"index":"index","follow":"follow","max-snippet":"max-snippet:-1","max-image-preview":"max-image-preview:large","max-video-preview":"max-video-preview:-1"},"canonical":"https:\/\/elregionalvm.com.ar\/noticias-villa-maria\/dia-del-trabajador-de-la-industria-lactea\/","og_locale":"es_ES","og_type":"article","og_title":"D\u00eda del trabajador de la industria l\u00e1ctea: La fuerza de la regi\u00f3n - El Regional","og_description":"Desde ATILRA SECCIONAL VILLA MARIA queremos hacer extensivo un fraternal y cordial saludo a todos nuestros queridos compa\u00f1eros\/as.Esta es una fecha muy especial ya que se cumplen 80 a\u00f1os de la fundaci\u00f3n de nuestra instituci\u00f3n gremial ATILRA conmemorando as\u00ed el d\u00eda del trabajador l\u00e1cteo.En tiempos adversos es necesario redoblar esfuerzos para seguir manteniendo lo logrado [&hellip;]","og_url":"https:\/\/elregionalvm.com.ar\/noticias-villa-maria\/dia-del-trabajador-de-la-industria-lactea\/","og_site_name":"El Regional","article_publisher":"https:\/\/www.facebook.com\/elregionalvm","article_published_time":"2024-09-10T13:27:39+00:00","article_modified_time":"2024-09-12T03:28:02+00:00","og_image":[{"width":800,"height":450,"url":"https:\/\/elregionalvm.com.ar\/noticias-villa-maria\/wp-content\/uploads\/2020\/07\/industria-l\u00e1ctea.jpg","type":"image\/jpeg"}],"author":"Veronica Falvo","twitter_card":"summary_large_image","twitter_creator":"@elregionalvm1","twitter_site":"@elregionalvm1","twitter_misc":{"Escrito por":"Veronica Falvo","Tiempo de lectura":"2 minutos"},"schema":{"@context":"https:\/\/schema.org","@graph":[{"@type":"Article","@id":"https:\/\/elregionalvm.com.ar\/noticias-villa-maria\/dia-del-trabajador-de-la-industria-lactea\/#article","isPartOf":{"@id":"https:\/\/elregionalvm.com.ar\/noticias-villa-maria\/dia-del-trabajador-de-la-industria-lactea\/"},"author":{"name":"Veronica Falvo","@id":"http:\/\/elregionalvm.com.ar\/noticias-villa-maria\/#\/schema\/person\/ae71d64bef3ad6e85b26323055676144"},"headline":"D\u00eda del trabajador de la industria l\u00e1ctea: La fuerza de la regi\u00f3n","datePublished":"2024-09-10T13:27:39+00:00","dateModified":"2024-09-12T03:28:02+00:00","mainEntityOfPage":{"@id":"https:\/\/elregionalvm.com.ar\/noticias-villa-maria\/dia-del-trabajador-de-la-industria-lactea\/"},"wordCount":154,"commentCount":0,"image":{"@id":"https:\/\/elregionalvm.com.ar\/noticias-villa-maria\/dia-del-trabajador-de-la-industria-lactea\/#primaryimage"},"thumbnailUrl":"https:\/\/i0.wp.com\/elregionalvm.com.ar\/noticias-villa-maria\/wp-content\/uploads\/2020\/07\/industria-l%C3%A1ctea.jpg?fit=800%2C450&ssl=1","articleSection":["tercera"],"inLanguage":"es","potentialAction":[{"@type":"CommentAction","name":"Comment","target":["https:\/\/elregionalvm.com.ar\/noticias-villa-maria\/dia-del-trabajador-de-la-industria-lactea\/#respond"]}]},{"@type":"WebPage","@id":"https:\/\/elregionalvm.com.ar\/noticias-villa-maria\/dia-del-trabajador-de-la-industria-lactea\/","url":"https:\/\/elregionalvm.com.ar\/noticias-villa-maria\/dia-del-trabajador-de-la-industria-lactea\/","name":"D\u00eda del trabajador de la industria l\u00e1ctea: La fuerza de la regi\u00f3n - El Regional","isPartOf":{"@id":"http:\/\/elregionalvm.com.ar\/noticias-villa-maria\/#website"},"primaryImageOfPage":{"@id":"https:\/\/elregionalvm.com.ar\/noticias-villa-maria\/dia-del-trabajador-de-la-industria-lactea\/#primaryimage"},"image":{"@id":"https:\/\/elregionalvm.com.ar\/noticias-villa-maria\/dia-del-trabajador-de-la-industria-lactea\/#primaryimage"},"thumbnailUrl":"https:\/\/i0.wp.com\/elregionalvm.com.ar\/noticias-villa-maria\/wp-content\/uploads\/2020\/07\/industria-l%C3%A1ctea.jpg?fit=800%2C450&ssl=1","datePublished":"2024-09-10T13:27:39+00:00","dateModified":"2024-09-12T03:28:02+00:00","author":{"@id":"http:\/\/elregionalvm.com.ar\/noticias-villa-maria\/#\/schema\/person\/ae71d64bef3ad6e85b26323055676144"},"breadcrumb":{"@id":"https:\/\/elregionalvm.com.ar\/noticias-villa-maria\/dia-del-trabajador-de-la-industria-lactea\/#breadcrumb"},"inLanguage":"es","potentialAction":[{"@type":"ReadAction","target":["https:\/\/elregionalvm.com.ar\/noticias-villa-maria\/dia-del-trabajador-de-la-industria-lactea\/"]}]},{"@type":"ImageObject","inLanguage":"es","@id":"https:\/\/elregionalvm.com.ar\/noticias-villa-maria\/dia-del-trabajador-de-la-industria-lactea\/#primaryimage","url":"https:\/\/i0.wp.com\/elregionalvm.com.ar\/noticias-villa-maria\/wp-content\/uploads\/2020\/07\/industria-l%C3%A1ctea.jpg?fit=800%2C450&ssl=1","contentUrl":"https:\/\/i0.wp.com\/elregionalvm.com.ar\/noticias-villa-maria\/wp-content\/uploads\/2020\/07\/industria-l%C3%A1ctea.jpg?fit=800%2C450&ssl=1","width":800,"height":450},{"@type":"BreadcrumbList","@id":"https:\/\/elregionalvm.com.ar\/noticias-villa-maria\/dia-del-trabajador-de-la-industria-lactea\/#breadcrumb","itemListElement":[{"@type":"ListItem","position":1,"name":"Portada","item":"https:\/\/elregionalvm.com.ar\/noticias-villa-maria\/"},{"@type":"ListItem","position":2,"name":"D\u00eda del trabajador de la industria l\u00e1ctea: La fuerza de la regi\u00f3n"}]},{"@type":"WebSite","@id":"http:\/\/elregionalvm.com.ar\/noticias-villa-maria\/#website","url":"http:\/\/elregionalvm.com.ar\/noticias-villa-maria\/","name":"El Regional","description":"Mucho m\u00e1s que informaci\u00f3n","potentialAction":[{"@type":"SearchAction","target":{"@type":"EntryPoint","urlTemplate":"http:\/\/elregionalvm.com.ar\/noticias-villa-maria\/?s={search_term_string}"},"query-input":{"@type":"PropertyValueSpecification","valueRequired":true,"valueName":"search_term_string"}}],"inLanguage":"es"},{"@type":"Person","@id":"http:\/\/elregionalvm.com.ar\/noticias-villa-maria\/#\/schema\/person\/ae71d64bef3ad6e85b26323055676144","name":"Veronica Falvo","image":{"@type":"ImageObject","inLanguage":"es","@id":"http:\/\/elregionalvm.com.ar\/noticias-villa-maria\/#\/schema\/person\/image\/","url":"https:\/\/secure.gravatar.com\/avatar\/2316ded45cb7100980f0e3e93676d541d67eb923e00794e395aa9b95fad3171d?s=96&d=mm&r=g","contentUrl":"https:\/\/secure.gravatar.com\/avatar\/2316ded45cb7100980f0e3e93676d541d67eb923e00794e395aa9b95fad3171d?s=96&d=mm&r=g","caption":"Veronica Falvo"},"url":"https:\/\/elregionalvm.com.ar\/noticias-villa-maria\/author\/veronica\/"}]}},"jetpack_featured_media_url":"https:\/\/i0.wp.com\/elregionalvm.com.ar\/noticias-villa-maria\/wp-content\/uploads\/2020\/07\/industria-l%C3%A1ctea.jpg?fit=800%2C450&ssl=1","jetpack_sharing_enabled":true,"_links":{"self":[{"href":"https:\/\/elregionalvm.com.ar\/noticias-villa-maria\/wp-json\/wp\/v2\/posts\/98474","targetHints":{"allow":["GET"]}}],"collection":[{"href":"https:\/\/elregionalvm.com.ar\/noticias-villa-maria\/wp-json\/wp\/v2\/posts"}],"about":[{"href":"https:\/\/elregionalvm.com.ar\/noticias-villa-maria\/wp-json\/wp\/v2\/types\/post"}],"author":[{"embeddable":true,"href":"https:\/\/elregionalvm.com.ar\/noticias-villa-maria\/wp-json\/wp\/v2\/users\/3"}],"replies":[{"embeddable":true,"href":"https:\/\/elregionalvm.com.ar\/noticias-villa-maria\/wp-json\/wp\/v2\/comments?post=98474"}],"version-history":[{"count":3,"href":"https:\/\/elregionalvm.com.ar\/noticias-villa-maria\/wp-json\/wp\/v2\/posts\/98474\/revisions"}],"predecessor-version":[{"id":98520,"href":"https:\/\/elregionalvm.com.ar\/noticias-villa-maria\/wp-json\/wp\/v2\/posts\/98474\/revisions\/98520"}],"wp:featuredmedia":[{"embeddable":true,"href":"https:\/\/elregionalvm.com.ar\/noticias-villa-maria\/wp-json\/wp\/v2\/media\/21020"}],"wp:attachment":[{"href":"https:\/\/elregionalvm.com.ar\/noticias-villa-maria\/wp-json\/wp\/v2\/media?parent=98474"}],"wp:term":[{"taxonomy":"category","embeddable":true,"href":"https:\/\/elregionalvm.com.ar\/noticias-villa-maria\/wp-json\/wp\/v2\/categories?post=98474"},{"taxonomy":"post_tag","embeddable":true,"href":"https:\/\/elregionalvm.com.ar\/noticias-villa-maria\/wp-json\/wp\/v2\/tags?post=98474"}],"curies":[{"name":"wp","href":"https:\/\/api.w.org\/{rel}","templated":true}]}}