{"id":98552,"date":"2024-09-12T03:14:12","date_gmt":"2024-09-12T03:14:12","guid":{"rendered":"https:\/\/elregionalvm.com.ar\/noticias-villa-maria\/?p=98552"},"modified":"2024-09-16T10:35:11","modified_gmt":"2024-09-16T10:35:11","slug":"opinion-crece-la-violencia-y-los-crimenes-contra-las-personas-trans-en-europa","status":"publish","type":"post","link":"https:\/\/elregionalvm.com.ar\/noticias-villa-maria\/opinion-crece-la-violencia-y-los-crimenes-contra-las-personas-trans-en-europa\/","title":{"rendered":"[Opini\u00f3n] Crece la violencia y los cr\u00edmenes contra las personas trans en Europa"},"content":{"rendered":"\n<h3 class=\"wp-block-heading\"><strong>Si bien Europa se\u00f1ala que quiere menos discriminaci\u00f3n a la comunidad trans, se registran cada d\u00eda m\u00e1s casos de violencia. Los integrantes de la comunidad trans llevamos a\u00f1os trabajando con redes de activismo en todo el mundo para poder generar cambios sociales y pol\u00edticos en cuanto a derechos para nuestra comunidad, la cual viene siendo perseguida y hostigada durante toda nuestra existencia.\u00a0<\/strong><\/h3>\n\n\n\n<p><\/p>\n\n\n\n<p><strong>Escribe: Agustina Quaranta<\/strong> <strong>(Directora del portal Urbana Trans)<\/strong><\/p>\n\n\n\n<p><\/p>\n\n\n\n<p>Sabemos que en contexto legal los \u00faltimos a\u00f1os se generaron avances, pero tambi\u00e9n hemos tenido detalles que no pueden ser menores en cuanto al contexto social que representa la violencia que existe actualmente contra las personas Trans.<\/p>\n\n\n\n<p>En Europa estamos atravesando tiempos dif\u00edciles de violencia pol\u00edtica contra nuestros derechos la cual repercute en la sociedad d\u00eda a d\u00eda.<\/p>\n\n\n\n<p>Las agresiones van en aumento y los delitos de odio son una noticia corriente en pa\u00edses con mayor poblaci\u00f3n de personas trans como lo son Espa\u00f1a, Italia y Francia.&nbsp;<\/p>\n\n\n\n<p>Muchas de estas situaciones suceden en el \u00e1mbito del trabajo sexual con mujeres trans migrantes que son muchas veces abusadas, robadas y hasta asesinadas. Y esos cr\u00edmenes pueden muchas veces quedar impunes.<\/p>\n\n\n\n<ul class=\"wp-block-list\">\n<li><strong>Espa\u00f1a<\/strong><\/li>\n<\/ul>\n\n\n\n<p>En los \u00faltimos meses, la violencia y el odio es noticia en los medios de comunicaci\u00f3n; a diario podemos observar cr\u00edmenes de odio y ataques transf\u00f3bicos en pleno d\u00eda a menores trans, como fue el reciente caso de la joven trans \u00c1ngela Manselga.<\/p>\n\n\n\n<p>\u201cMaric\u00f3n de mierda\u201d o \u201ctravesti\u201d, son los insultos que recibi\u00f3 por parte de tres hombres que la apalearon en la ciudad de Valencia.<\/p>\n\n\n\n<p><strong>C\u00e1diz<\/strong><\/p>\n\n\n\n<p>Agresi\u00f3n grupal a una mujer transg\u00e9nero en Chipiona (C\u00e1diz). La v\u00edctima caminaba por una de las calles de la localidad y de golpe fue interceptada y agredida \u00abbrutalmente\u00bb.<\/p>\n\n\n\n<p>Los tres supuestos autores de los hechos est\u00e1n siendo investigados en estos momentos por la Guardia Civil.<\/p>\n\n\n\n<p><\/p>\n\n\n\n<figure class=\"wp-block-image size-full\"><img data-recalc-dims=\"1\" fetchpriority=\"high\" decoding=\"async\" width=\"1024\" height=\"683\" src=\"https:\/\/i0.wp.com\/elregionalvm.com.ar\/noticias-villa-maria\/wp-content\/uploads\/2024\/09\/transfobia-stop.jpg?resize=1024%2C683&#038;ssl=1\" alt=\"\" class=\"wp-image-98555\" srcset=\"https:\/\/i0.wp.com\/elregionalvm.com.ar\/noticias-villa-maria\/wp-content\/uploads\/2024\/09\/transfobia-stop.jpg?w=1024&amp;ssl=1 1024w, https:\/\/i0.wp.com\/elregionalvm.com.ar\/noticias-villa-maria\/wp-content\/uploads\/2024\/09\/transfobia-stop.jpg?resize=300%2C200&amp;ssl=1 300w, https:\/\/i0.wp.com\/elregionalvm.com.ar\/noticias-villa-maria\/wp-content\/uploads\/2024\/09\/transfobia-stop.jpg?resize=768%2C512&amp;ssl=1 768w\" sizes=\"(max-width: 1000px) 100vw, 1000px\" \/><\/figure>\n\n\n\n<p><\/p>\n\n\n\n<p><strong>Sevilla<\/strong><\/p>\n\n\n\n<p>La Audiencia de Sevilla ha impuesto una condena de cuatro a\u00f1os de c\u00e1rcel a Nidhal R., un inmigrante ilegal tunecino, por la violaci\u00f3n de una persona trans cerca de la Alameda de H\u00e9rcules.<\/p>\n\n\n\n<p>Los hechos fueron grabados por un amigo de la v\u00edctima y Nidhal R. los admiti\u00f3 durante el juicio como parte de un acuerdo con la Fiscal\u00eda para reducir su pena.<\/p>\n\n\n\n<p><strong>Barcelona<\/strong><\/p>\n\n\n\n<p>\u201cCatalu\u00f1a cerr\u00f3 2023 con r\u00e9cord de agresiones por LGTBIfobia: el 25% son contra personas trans\u201d.<\/p>\n\n\n\n<p>Pero esto no cambia ya que d\u00edas atr\u00e1s un hombre ha sido detenido en la Rambla de Barcelona por agredir con una muleta a una mujer trans, quien fue hospitalizada por los golpes recibidos y tras sufrir la rotura de una pr\u00f3tesis mamaria.<\/p>\n\n\n\n<p>Los delitos de odio crecieron un 21% el pasado a\u00f1o, con un total de 2.268 infracciones penales e incidentes de odio en Espa\u00f1a.<\/p>\n\n\n\n<p>Le siguen los delitos de odio cometidos en los \u00e1mbitos de la orientaci\u00f3n sexual e identidad de g\u00e9nero (522 hechos), mientras que en tercer lugar se sit\u00faan los delitos de ideolog\u00eda (352 hechos).<\/p>\n\n\n\n<ul class=\"wp-block-list\">\n<li><strong>Italia<\/strong><\/li>\n<\/ul>\n\n\n\n<p>En 2021, Italia fue el pa\u00eds europeo con m\u00e1s asesinatos a personas trans.<\/p>\n\n\n\n<p>Los cr\u00edmenes y abusos siguen siendo moneda corriente, como fue el caso que se volvi\u00f3 viral, meses atr\u00e1s.<\/p>\n\n\n\n<p>Una mujer transg\u00e9nero brasile\u00f1a fue brutalmente golpeada por la polic\u00eda italiana en un ataque grabado en video y que se hizo viral.<\/p>\n\n\n\n<p>De acuerdo con el reporte de medios italianos, la mujer trans fue atacada por integrantes de la polic\u00eda local. El propio fiscal desminti\u00f3 que la persona hubiera realizado actos obscenos frente a ni\u00f1os y ahora se investiga el abuso de poder de los agentes.&nbsp;&nbsp;&nbsp;&nbsp;&nbsp;&nbsp;&nbsp;&nbsp;&nbsp;&nbsp;&nbsp;&nbsp;&nbsp;&nbsp;&nbsp;&nbsp;&nbsp;&nbsp;&nbsp;&nbsp;&nbsp;&nbsp;&nbsp;&nbsp;&nbsp;&nbsp;<\/p>\n\n\n\n<p>Otro hecho sucedi\u00f3 en el estadio municipal de f\u00fatbol de Manresa (Barcelona) donde una joven fue atacada por una decena de personas.<\/p>\n\n\n\n<p>La joven estaba dentro de las instalaciones cuando una decena de personas empezaron a increparla con insultos y a agredirla con bofetadas y patadas, que le ocasionaron lesiones leves.&nbsp;<\/p>\n\n\n\n<p><\/p>\n\n\n\n<figure class=\"wp-block-image size-full is-resized\"><img data-recalc-dims=\"1\" decoding=\"async\" width=\"828\" height=\"452\" src=\"https:\/\/i0.wp.com\/elregionalvm.com.ar\/noticias-villa-maria\/wp-content\/uploads\/2022\/06\/Agustina-mujer-trans.jpeg?resize=828%2C452&#038;ssl=1\" alt=\"\" class=\"wp-image-59271\" style=\"width:910px;height:auto\" srcset=\"https:\/\/i0.wp.com\/elregionalvm.com.ar\/noticias-villa-maria\/wp-content\/uploads\/2022\/06\/Agustina-mujer-trans.jpeg?w=828&amp;ssl=1 828w, https:\/\/i0.wp.com\/elregionalvm.com.ar\/noticias-villa-maria\/wp-content\/uploads\/2022\/06\/Agustina-mujer-trans.jpeg?resize=300%2C164&amp;ssl=1 300w, https:\/\/i0.wp.com\/elregionalvm.com.ar\/noticias-villa-maria\/wp-content\/uploads\/2022\/06\/Agustina-mujer-trans.jpeg?resize=768%2C419&amp;ssl=1 768w\" sizes=\"(max-width: 828px) 100vw, 828px\" \/><figcaption class=\"wp-element-caption\"><em>Agustina Quaranta, directora de \u00abUrbana Trans\u00bb<\/em><\/figcaption><\/figure>\n\n\n\n<p><\/p>\n\n\n\n<ul class=\"wp-block-list\">\n<li><strong>Francia<\/strong><\/li>\n<\/ul>\n\n\n\n<p>No podemos olvidar el brutal crimen de Vanesa Campos, una mujer trans de 36 a\u00f1os quien estaba en una situaci\u00f3n migratoria irregular en Francia, falleci\u00f3 de un disparo en el t\u00f3rax.<\/p>\n\n\n\n<p>Recientemente desde nuestro canal informativo Urbana Trans difundimos las manifestaciones realizadas en Paris por los asesinatos de otras dos mujeres trans en situaci\u00f3n migratoria, Angelina y Geraldine, quienes fueron asesinadas recientemente en Par\u00eds.<\/p>\n\n\n\n<p>Para la pol\u00edtica el foco sigue siendo la comunidad trans, la pol\u00e9mica en torno al movimiento trans se vuelve especialmente enconada cuando se enfoca desde el punto de vista de los menores y a su acceso a medicamentos que pueden causar serias perturbaciones a largo plazo.<\/p>\n\n\n\n<p><strong>Combatir la violencia contra personas trans<\/strong><\/p>\n\n\n\n<p>La violencia es una plaga en las vidas de muchas personas transexuales, transg\u00e9nero y que no se rigen por estereotipos de g\u00e9nero.<\/p>\n\n\n\n<p>Las golpizas y asesinatos motivados por el odio son muy comunes, frecuentemente perpetrados con mucha crueldad.<\/p>\n\n\n\n<p>Necesitamos que se termine el ejercicio del odio y la violencia tanto pol\u00edtica como social en contra de nuestra comunidad.&nbsp;<\/p>\n","protected":false},"excerpt":{"rendered":"<p>Si bien Europa se\u00f1ala que quiere menos discriminaci\u00f3n a la comunidad trans, se registran cada d\u00eda m\u00e1s casos de violencia. Los integrantes de la comunidad trans llevamos a\u00f1os trabajando con redes de activismo en todo el mundo para poder generar cambios sociales y pol\u00edticos en cuanto a derechos para nuestra comunidad, la cual viene siendo [&hellip;]<\/p>\n","protected":false},"author":4,"featured_media":98554,"comment_status":"open","ping_status":"open","sticky":false,"template":"","format":"standard","meta":{"site-sidebar-layout":"default","site-content-layout":"","ast-site-content-layout":"default","site-content-style":"default","site-sidebar-style":"default","ast-global-header-display":"","ast-banner-title-visibility":"","ast-main-header-display":"","ast-hfb-above-header-display":"","ast-hfb-below-header-display":"","ast-hfb-mobile-header-display":"","site-post-title":"","ast-breadcrumbs-content":"","ast-featured-img":"","footer-sml-layout":"","ast-disable-related-posts":"","theme-transparent-header-meta":"","adv-header-id-meta":"","stick-header-meta":"","header-above-stick-meta":"","header-main-stick-meta":"","header-below-stick-meta":"","astra-migrate-meta-layouts":"set","ast-page-background-enabled":"default","ast-page-background-meta":{"desktop":{"background-color":"","background-image":"","background-repeat":"repeat","background-position":"center center","background-size":"auto","background-attachment":"scroll","background-type":"","background-media":"","overlay-type":"","overlay-color":"","overlay-opacity":"","overlay-gradient":""},"tablet":{"background-color":"","background-image":"","background-repeat":"repeat","background-position":"center center","background-size":"auto","background-attachment":"scroll","background-type":"","background-media":"","overlay-type":"","overlay-color":"","overlay-opacity":"","overlay-gradient":""},"mobile":{"background-color":"","background-image":"","background-repeat":"repeat","background-position":"center center","background-size":"auto","background-attachment":"scroll","background-type":"","background-media":"","overlay-type":"","overlay-color":"","overlay-opacity":"","overlay-gradient":""}},"ast-content-background-meta":{"desktop":{"background-color":"var(--ast-global-color-5)","background-image":"","background-repeat":"repeat","background-position":"center center","background-size":"auto","background-attachment":"scroll","background-type":"","background-media":"","overlay-type":"","overlay-color":"","overlay-opacity":"","overlay-gradient":""},"tablet":{"background-color":"var(--ast-global-color-5)","background-image":"","background-repeat":"repeat","background-position":"center center","background-size":"auto","background-attachment":"scroll","background-type":"","background-media":"","overlay-type":"","overlay-color":"","overlay-opacity":"","overlay-gradient":""},"mobile":{"background-color":"var(--ast-global-color-5)","background-image":"","background-repeat":"repeat","background-position":"center center","background-size":"auto","background-attachment":"scroll","background-type":"","background-media":"","overlay-type":"","overlay-color":"","overlay-opacity":"","overlay-gradient":""}},"_jetpack_memberships_contains_paid_content":false,"_joinchat":[],"footnotes":""},"categories":[365,3557],"tags":[11327,1311,7742,8981,4829,24380,9714,15548,995],"class_list":["post-98552","post","type-post","status-publish","format-standard","has-post-thumbnail","hentry","category-opinion","category-tercera","tag-comunidad-trans","tag-crimen","tag-delitos","tag-europa","tag-francia","tag-personas-trans","tag-trans","tag-transfobia","tag-violencia"],"yoast_head":"<!-- This site is optimized with the Yoast SEO plugin v26.8 - https:\/\/yoast.com\/product\/yoast-seo-wordpress\/ -->\n<title>[Opini\u00f3n] Crece la violencia y los cr\u00edmenes contra las personas trans en Europa - El Regional<\/title>\n<meta name=\"robots\" content=\"index, follow, max-snippet:-1, max-image-preview:large, max-video-preview:-1\" \/>\n<link rel=\"canonical\" href=\"https:\/\/elregionalvm.com.ar\/noticias-villa-maria\/opinion-crece-la-violencia-y-los-crimenes-contra-las-personas-trans-en-europa\/\" \/>\n<meta property=\"og:locale\" content=\"es_ES\" \/>\n<meta property=\"og:type\" content=\"article\" \/>\n<meta property=\"og:title\" content=\"[Opini\u00f3n] Crece la violencia y los cr\u00edmenes contra las personas trans en Europa - El Regional\" \/>\n<meta property=\"og:description\" content=\"Si bien Europa se\u00f1ala que quiere menos discriminaci\u00f3n a la comunidad trans, se registran cada d\u00eda m\u00e1s casos de violencia. Los integrantes de la comunidad trans llevamos a\u00f1os trabajando con redes de activismo en todo el mundo para poder generar cambios sociales y pol\u00edticos en cuanto a derechos para nuestra comunidad, la cual viene siendo [&hellip;]\" \/>\n<meta property=\"og:url\" content=\"https:\/\/elregionalvm.com.ar\/noticias-villa-maria\/opinion-crece-la-violencia-y-los-crimenes-contra-las-personas-trans-en-europa\/\" \/>\n<meta property=\"og:site_name\" content=\"El Regional\" \/>\n<meta property=\"article:publisher\" content=\"https:\/\/www.facebook.com\/elregionalvm\" \/>\n<meta property=\"article:published_time\" content=\"2024-09-12T03:14:12+00:00\" \/>\n<meta property=\"article:modified_time\" content=\"2024-09-16T10:35:11+00:00\" \/>\n<meta property=\"og:image\" content=\"https:\/\/elregionalvm.com.ar\/noticias-villa-maria\/wp-content\/uploads\/2024\/09\/transfobia-europa-homofobia.jpg\" \/>\n\t<meta property=\"og:image:width\" content=\"991\" \/>\n\t<meta property=\"og:image:height\" content=\"661\" \/>\n\t<meta property=\"og:image:type\" content=\"image\/jpeg\" \/>\n<meta name=\"author\" content=\"Contenidos El Regional\" \/>\n<meta name=\"twitter:card\" content=\"summary_large_image\" \/>\n<meta name=\"twitter:creator\" content=\"@elregionalvm1\" \/>\n<meta name=\"twitter:site\" content=\"@elregionalvm1\" \/>\n<meta name=\"twitter:label1\" content=\"Escrito por\" \/>\n\t<meta name=\"twitter:data1\" content=\"Contenidos El Regional\" \/>\n\t<meta name=\"twitter:label2\" content=\"Tiempo de lectura\" \/>\n\t<meta name=\"twitter:data2\" content=\"5 minutos\" \/>\n<script type=\"application\/ld+json\" class=\"yoast-schema-graph\">{\"@context\":\"https:\/\/schema.org\",\"@graph\":[{\"@type\":\"Article\",\"@id\":\"https:\/\/elregionalvm.com.ar\/noticias-villa-maria\/opinion-crece-la-violencia-y-los-crimenes-contra-las-personas-trans-en-europa\/#article\",\"isPartOf\":{\"@id\":\"https:\/\/elregionalvm.com.ar\/noticias-villa-maria\/opinion-crece-la-violencia-y-los-crimenes-contra-las-personas-trans-en-europa\/\"},\"author\":{\"name\":\"Contenidos El Regional\",\"@id\":\"http:\/\/elregionalvm.com.ar\/noticias-villa-maria\/#\/schema\/person\/a0fb9c422317faca23d50163151bc354\"},\"headline\":\"[Opini\u00f3n] Crece la violencia y los cr\u00edmenes contra las personas trans en Europa\",\"datePublished\":\"2024-09-12T03:14:12+00:00\",\"dateModified\":\"2024-09-16T10:35:11+00:00\",\"mainEntityOfPage\":{\"@id\":\"https:\/\/elregionalvm.com.ar\/noticias-villa-maria\/opinion-crece-la-violencia-y-los-crimenes-contra-las-personas-trans-en-europa\/\"},\"wordCount\":912,\"commentCount\":0,\"image\":{\"@id\":\"https:\/\/elregionalvm.com.ar\/noticias-villa-maria\/opinion-crece-la-violencia-y-los-crimenes-contra-las-personas-trans-en-europa\/#primaryimage\"},\"thumbnailUrl\":\"https:\/\/i0.wp.com\/elregionalvm.com.ar\/noticias-villa-maria\/wp-content\/uploads\/2024\/09\/transfobia-europa-homofobia.jpg?fit=991%2C661&ssl=1\",\"keywords\":[\"Comunidad trans\",\"Crimen\",\"delitos\",\"Europa\",\"Francia\",\"personas trans\",\"Trans\",\"transfobia\",\"Violencia\"],\"articleSection\":[\"Opini\u00f3n\",\"tercera\"],\"inLanguage\":\"es\",\"potentialAction\":[{\"@type\":\"CommentAction\",\"name\":\"Comment\",\"target\":[\"https:\/\/elregionalvm.com.ar\/noticias-villa-maria\/opinion-crece-la-violencia-y-los-crimenes-contra-las-personas-trans-en-europa\/#respond\"]}]},{\"@type\":\"WebPage\",\"@id\":\"https:\/\/elregionalvm.com.ar\/noticias-villa-maria\/opinion-crece-la-violencia-y-los-crimenes-contra-las-personas-trans-en-europa\/\",\"url\":\"https:\/\/elregionalvm.com.ar\/noticias-villa-maria\/opinion-crece-la-violencia-y-los-crimenes-contra-las-personas-trans-en-europa\/\",\"name\":\"[Opini\u00f3n] Crece la violencia y los cr\u00edmenes contra las personas trans en Europa - El Regional\",\"isPartOf\":{\"@id\":\"http:\/\/elregionalvm.com.ar\/noticias-villa-maria\/#website\"},\"primaryImageOfPage\":{\"@id\":\"https:\/\/elregionalvm.com.ar\/noticias-villa-maria\/opinion-crece-la-violencia-y-los-crimenes-contra-las-personas-trans-en-europa\/#primaryimage\"},\"image\":{\"@id\":\"https:\/\/elregionalvm.com.ar\/noticias-villa-maria\/opinion-crece-la-violencia-y-los-crimenes-contra-las-personas-trans-en-europa\/#primaryimage\"},\"thumbnailUrl\":\"https:\/\/i0.wp.com\/elregionalvm.com.ar\/noticias-villa-maria\/wp-content\/uploads\/2024\/09\/transfobia-europa-homofobia.jpg?fit=991%2C661&ssl=1\",\"datePublished\":\"2024-09-12T03:14:12+00:00\",\"dateModified\":\"2024-09-16T10:35:11+00:00\",\"author\":{\"@id\":\"http:\/\/elregionalvm.com.ar\/noticias-villa-maria\/#\/schema\/person\/a0fb9c422317faca23d50163151bc354\"},\"breadcrumb\":{\"@id\":\"https:\/\/elregionalvm.com.ar\/noticias-villa-maria\/opinion-crece-la-violencia-y-los-crimenes-contra-las-personas-trans-en-europa\/#breadcrumb\"},\"inLanguage\":\"es\",\"potentialAction\":[{\"@type\":\"ReadAction\",\"target\":[\"https:\/\/elregionalvm.com.ar\/noticias-villa-maria\/opinion-crece-la-violencia-y-los-crimenes-contra-las-personas-trans-en-europa\/\"]}]},{\"@type\":\"ImageObject\",\"inLanguage\":\"es\",\"@id\":\"https:\/\/elregionalvm.com.ar\/noticias-villa-maria\/opinion-crece-la-violencia-y-los-crimenes-contra-las-personas-trans-en-europa\/#primaryimage\",\"url\":\"https:\/\/i0.wp.com\/elregionalvm.com.ar\/noticias-villa-maria\/wp-content\/uploads\/2024\/09\/transfobia-europa-homofobia.jpg?fit=991%2C661&ssl=1\",\"contentUrl\":\"https:\/\/i0.wp.com\/elregionalvm.com.ar\/noticias-villa-maria\/wp-content\/uploads\/2024\/09\/transfobia-europa-homofobia.jpg?fit=991%2C661&ssl=1\",\"width\":991,\"height\":661},{\"@type\":\"BreadcrumbList\",\"@id\":\"https:\/\/elregionalvm.com.ar\/noticias-villa-maria\/opinion-crece-la-violencia-y-los-crimenes-contra-las-personas-trans-en-europa\/#breadcrumb\",\"itemListElement\":[{\"@type\":\"ListItem\",\"position\":1,\"name\":\"Portada\",\"item\":\"https:\/\/elregionalvm.com.ar\/noticias-villa-maria\/\"},{\"@type\":\"ListItem\",\"position\":2,\"name\":\"[Opini\u00f3n] Crece la violencia y los cr\u00edmenes contra las personas trans en Europa\"}]},{\"@type\":\"WebSite\",\"@id\":\"http:\/\/elregionalvm.com.ar\/noticias-villa-maria\/#website\",\"url\":\"http:\/\/elregionalvm.com.ar\/noticias-villa-maria\/\",\"name\":\"El Regional\",\"description\":\"Mucho m\u00e1s que informaci\u00f3n\",\"potentialAction\":[{\"@type\":\"SearchAction\",\"target\":{\"@type\":\"EntryPoint\",\"urlTemplate\":\"http:\/\/elregionalvm.com.ar\/noticias-villa-maria\/?s={search_term_string}\"},\"query-input\":{\"@type\":\"PropertyValueSpecification\",\"valueRequired\":true,\"valueName\":\"search_term_string\"}}],\"inLanguage\":\"es\"},{\"@type\":\"Person\",\"@id\":\"http:\/\/elregionalvm.com.ar\/noticias-villa-maria\/#\/schema\/person\/a0fb9c422317faca23d50163151bc354\",\"name\":\"Contenidos El Regional\",\"image\":{\"@type\":\"ImageObject\",\"inLanguage\":\"es\",\"@id\":\"http:\/\/elregionalvm.com.ar\/noticias-villa-maria\/#\/schema\/person\/image\/\",\"url\":\"https:\/\/secure.gravatar.com\/avatar\/265b27cb2209af7bb3a1318f03305787d7981a5cc6e6cd08fe5a4ecdf99d4b48?s=96&d=mm&r=g\",\"contentUrl\":\"https:\/\/secure.gravatar.com\/avatar\/265b27cb2209af7bb3a1318f03305787d7981a5cc6e6cd08fe5a4ecdf99d4b48?s=96&d=mm&r=g\",\"caption\":\"Contenidos El Regional\"},\"url\":\"https:\/\/elregionalvm.com.ar\/noticias-villa-maria\/author\/contenido\/\"}]}<\/script>\n<!-- \/ Yoast SEO plugin. -->","yoast_head_json":{"title":"[Opini\u00f3n] Crece la violencia y los cr\u00edmenes contra las personas trans en Europa - El Regional","robots":{"index":"index","follow":"follow","max-snippet":"max-snippet:-1","max-image-preview":"max-image-preview:large","max-video-preview":"max-video-preview:-1"},"canonical":"https:\/\/elregionalvm.com.ar\/noticias-villa-maria\/opinion-crece-la-violencia-y-los-crimenes-contra-las-personas-trans-en-europa\/","og_locale":"es_ES","og_type":"article","og_title":"[Opini\u00f3n] Crece la violencia y los cr\u00edmenes contra las personas trans en Europa - El Regional","og_description":"Si bien Europa se\u00f1ala que quiere menos discriminaci\u00f3n a la comunidad trans, se registran cada d\u00eda m\u00e1s casos de violencia. Los integrantes de la comunidad trans llevamos a\u00f1os trabajando con redes de activismo en todo el mundo para poder generar cambios sociales y pol\u00edticos en cuanto a derechos para nuestra comunidad, la cual viene siendo [&hellip;]","og_url":"https:\/\/elregionalvm.com.ar\/noticias-villa-maria\/opinion-crece-la-violencia-y-los-crimenes-contra-las-personas-trans-en-europa\/","og_site_name":"El Regional","article_publisher":"https:\/\/www.facebook.com\/elregionalvm","article_published_time":"2024-09-12T03:14:12+00:00","article_modified_time":"2024-09-16T10:35:11+00:00","og_image":[{"width":991,"height":661,"url":"https:\/\/elregionalvm.com.ar\/noticias-villa-maria\/wp-content\/uploads\/2024\/09\/transfobia-europa-homofobia.jpg","type":"image\/jpeg"}],"author":"Contenidos El Regional","twitter_card":"summary_large_image","twitter_creator":"@elregionalvm1","twitter_site":"@elregionalvm1","twitter_misc":{"Escrito por":"Contenidos El Regional","Tiempo de lectura":"5 minutos"},"schema":{"@context":"https:\/\/schema.org","@graph":[{"@type":"Article","@id":"https:\/\/elregionalvm.com.ar\/noticias-villa-maria\/opinion-crece-la-violencia-y-los-crimenes-contra-las-personas-trans-en-europa\/#article","isPartOf":{"@id":"https:\/\/elregionalvm.com.ar\/noticias-villa-maria\/opinion-crece-la-violencia-y-los-crimenes-contra-las-personas-trans-en-europa\/"},"author":{"name":"Contenidos El Regional","@id":"http:\/\/elregionalvm.com.ar\/noticias-villa-maria\/#\/schema\/person\/a0fb9c422317faca23d50163151bc354"},"headline":"[Opini\u00f3n] Crece la violencia y los cr\u00edmenes contra las personas trans en Europa","datePublished":"2024-09-12T03:14:12+00:00","dateModified":"2024-09-16T10:35:11+00:00","mainEntityOfPage":{"@id":"https:\/\/elregionalvm.com.ar\/noticias-villa-maria\/opinion-crece-la-violencia-y-los-crimenes-contra-las-personas-trans-en-europa\/"},"wordCount":912,"commentCount":0,"image":{"@id":"https:\/\/elregionalvm.com.ar\/noticias-villa-maria\/opinion-crece-la-violencia-y-los-crimenes-contra-las-personas-trans-en-europa\/#primaryimage"},"thumbnailUrl":"https:\/\/i0.wp.com\/elregionalvm.com.ar\/noticias-villa-maria\/wp-content\/uploads\/2024\/09\/transfobia-europa-homofobia.jpg?fit=991%2C661&ssl=1","keywords":["Comunidad trans","Crimen","delitos","Europa","Francia","personas trans","Trans","transfobia","Violencia"],"articleSection":["Opini\u00f3n","tercera"],"inLanguage":"es","potentialAction":[{"@type":"CommentAction","name":"Comment","target":["https:\/\/elregionalvm.com.ar\/noticias-villa-maria\/opinion-crece-la-violencia-y-los-crimenes-contra-las-personas-trans-en-europa\/#respond"]}]},{"@type":"WebPage","@id":"https:\/\/elregionalvm.com.ar\/noticias-villa-maria\/opinion-crece-la-violencia-y-los-crimenes-contra-las-personas-trans-en-europa\/","url":"https:\/\/elregionalvm.com.ar\/noticias-villa-maria\/opinion-crece-la-violencia-y-los-crimenes-contra-las-personas-trans-en-europa\/","name":"[Opini\u00f3n] Crece la violencia y los cr\u00edmenes contra las personas trans en Europa - El Regional","isPartOf":{"@id":"http:\/\/elregionalvm.com.ar\/noticias-villa-maria\/#website"},"primaryImageOfPage":{"@id":"https:\/\/elregionalvm.com.ar\/noticias-villa-maria\/opinion-crece-la-violencia-y-los-crimenes-contra-las-personas-trans-en-europa\/#primaryimage"},"image":{"@id":"https:\/\/elregionalvm.com.ar\/noticias-villa-maria\/opinion-crece-la-violencia-y-los-crimenes-contra-las-personas-trans-en-europa\/#primaryimage"},"thumbnailUrl":"https:\/\/i0.wp.com\/elregionalvm.com.ar\/noticias-villa-maria\/wp-content\/uploads\/2024\/09\/transfobia-europa-homofobia.jpg?fit=991%2C661&ssl=1","datePublished":"2024-09-12T03:14:12+00:00","dateModified":"2024-09-16T10:35:11+00:00","author":{"@id":"http:\/\/elregionalvm.com.ar\/noticias-villa-maria\/#\/schema\/person\/a0fb9c422317faca23d50163151bc354"},"breadcrumb":{"@id":"https:\/\/elregionalvm.com.ar\/noticias-villa-maria\/opinion-crece-la-violencia-y-los-crimenes-contra-las-personas-trans-en-europa\/#breadcrumb"},"inLanguage":"es","potentialAction":[{"@type":"ReadAction","target":["https:\/\/elregionalvm.com.ar\/noticias-villa-maria\/opinion-crece-la-violencia-y-los-crimenes-contra-las-personas-trans-en-europa\/"]}]},{"@type":"ImageObject","inLanguage":"es","@id":"https:\/\/elregionalvm.com.ar\/noticias-villa-maria\/opinion-crece-la-violencia-y-los-crimenes-contra-las-personas-trans-en-europa\/#primaryimage","url":"https:\/\/i0.wp.com\/elregionalvm.com.ar\/noticias-villa-maria\/wp-content\/uploads\/2024\/09\/transfobia-europa-homofobia.jpg?fit=991%2C661&ssl=1","contentUrl":"https:\/\/i0.wp.com\/elregionalvm.com.ar\/noticias-villa-maria\/wp-content\/uploads\/2024\/09\/transfobia-europa-homofobia.jpg?fit=991%2C661&ssl=1","width":991,"height":661},{"@type":"BreadcrumbList","@id":"https:\/\/elregionalvm.com.ar\/noticias-villa-maria\/opinion-crece-la-violencia-y-los-crimenes-contra-las-personas-trans-en-europa\/#breadcrumb","itemListElement":[{"@type":"ListItem","position":1,"name":"Portada","item":"https:\/\/elregionalvm.com.ar\/noticias-villa-maria\/"},{"@type":"ListItem","position":2,"name":"[Opini\u00f3n] Crece la violencia y los cr\u00edmenes contra las personas trans en Europa"}]},{"@type":"WebSite","@id":"http:\/\/elregionalvm.com.ar\/noticias-villa-maria\/#website","url":"http:\/\/elregionalvm.com.ar\/noticias-villa-maria\/","name":"El Regional","description":"Mucho m\u00e1s que informaci\u00f3n","potentialAction":[{"@type":"SearchAction","target":{"@type":"EntryPoint","urlTemplate":"http:\/\/elregionalvm.com.ar\/noticias-villa-maria\/?s={search_term_string}"},"query-input":{"@type":"PropertyValueSpecification","valueRequired":true,"valueName":"search_term_string"}}],"inLanguage":"es"},{"@type":"Person","@id":"http:\/\/elregionalvm.com.ar\/noticias-villa-maria\/#\/schema\/person\/a0fb9c422317faca23d50163151bc354","name":"Contenidos El Regional","image":{"@type":"ImageObject","inLanguage":"es","@id":"http:\/\/elregionalvm.com.ar\/noticias-villa-maria\/#\/schema\/person\/image\/","url":"https:\/\/secure.gravatar.com\/avatar\/265b27cb2209af7bb3a1318f03305787d7981a5cc6e6cd08fe5a4ecdf99d4b48?s=96&d=mm&r=g","contentUrl":"https:\/\/secure.gravatar.com\/avatar\/265b27cb2209af7bb3a1318f03305787d7981a5cc6e6cd08fe5a4ecdf99d4b48?s=96&d=mm&r=g","caption":"Contenidos El Regional"},"url":"https:\/\/elregionalvm.com.ar\/noticias-villa-maria\/author\/contenido\/"}]}},"jetpack_featured_media_url":"https:\/\/i0.wp.com\/elregionalvm.com.ar\/noticias-villa-maria\/wp-content\/uploads\/2024\/09\/transfobia-europa-homofobia.jpg?fit=991%2C661&ssl=1","jetpack_sharing_enabled":true,"_links":{"self":[{"href":"https:\/\/elregionalvm.com.ar\/noticias-villa-maria\/wp-json\/wp\/v2\/posts\/98552","targetHints":{"allow":["GET"]}}],"collection":[{"href":"https:\/\/elregionalvm.com.ar\/noticias-villa-maria\/wp-json\/wp\/v2\/posts"}],"about":[{"href":"https:\/\/elregionalvm.com.ar\/noticias-villa-maria\/wp-json\/wp\/v2\/types\/post"}],"author":[{"embeddable":true,"href":"https:\/\/elregionalvm.com.ar\/noticias-villa-maria\/wp-json\/wp\/v2\/users\/4"}],"replies":[{"embeddable":true,"href":"https:\/\/elregionalvm.com.ar\/noticias-villa-maria\/wp-json\/wp\/v2\/comments?post=98552"}],"version-history":[{"count":2,"href":"https:\/\/elregionalvm.com.ar\/noticias-villa-maria\/wp-json\/wp\/v2\/posts\/98552\/revisions"}],"predecessor-version":[{"id":98557,"href":"https:\/\/elregionalvm.com.ar\/noticias-villa-maria\/wp-json\/wp\/v2\/posts\/98552\/revisions\/98557"}],"wp:featuredmedia":[{"embeddable":true,"href":"https:\/\/elregionalvm.com.ar\/noticias-villa-maria\/wp-json\/wp\/v2\/media\/98554"}],"wp:attachment":[{"href":"https:\/\/elregionalvm.com.ar\/noticias-villa-maria\/wp-json\/wp\/v2\/media?parent=98552"}],"wp:term":[{"taxonomy":"category","embeddable":true,"href":"https:\/\/elregionalvm.com.ar\/noticias-villa-maria\/wp-json\/wp\/v2\/categories?post=98552"},{"taxonomy":"post_tag","embeddable":true,"href":"https:\/\/elregionalvm.com.ar\/noticias-villa-maria\/wp-json\/wp\/v2\/tags?post=98552"}],"curies":[{"name":"wp","href":"https:\/\/api.w.org\/{rel}","templated":true}]}}