{"id":98558,"date":"2024-09-12T03:26:01","date_gmt":"2024-09-12T03:26:01","guid":{"rendered":"https:\/\/elregionalvm.com.ar\/noticias-villa-maria\/?p=98558"},"modified":"2024-09-17T21:31:31","modified_gmt":"2024-09-17T21:31:31","slug":"la-libertad-de-expresion-en-creciente-peligro-en-las-democracias-globales","status":"publish","type":"post","link":"https:\/\/elregionalvm.com.ar\/noticias-villa-maria\/la-libertad-de-expresion-en-creciente-peligro-en-las-democracias-globales\/","title":{"rendered":"La libertad de expresi\u00f3n en creciente peligro en las democracias globales"},"content":{"rendered":"\n<h3 class=\"wp-block-heading\"><strong>En pa\u00edses totalitarios como Rusia, China o Arabia Saudita directamente censuran, encarcelan o asesinan a periodistas. En cambio, en democracias como Estados Unidos, Brasil, India, Hungr\u00eda o Argentina los ataques son m\u00e1s sutiles. Si bien a ning\u00fan gobierno le gusta el escrutinio de los medios, hay l\u00edderes que fomentan un entorno de acoso tan intenso que desgasta y debilita no solo al periodismo sino a la democracia<\/strong><\/h3>\n\n\n\n<p><\/p>\n\n\n\n<p><strong>Escribe: Natalia Pettinari (Analista de Pol\u00edtica Internacional)<\/strong><\/p>\n\n\n\n<p><\/p>\n\n\n\n<p>La lucha por la libertad de expresi\u00f3n vuelve a ser parte del debate en las democracias del mundo. D\u00edas atr\u00e1s, el editor en jefe del diario The New York Times, A.G. Sulzberger sac\u00f3 a la luz una discusi\u00f3n largamente desplazada. Public\u00f3 un extenso art\u00edculo titulado \u201cLa guerra contra la libertad de expresi\u00f3n tambi\u00e9n se libra en las democracias\u201d.<\/p>\n\n\n\n<p>Lo hizo en otro peri\u00f3dico, no en el suyo. Eligi\u00f3 The Washington Post, que si bien es competencia, el due\u00f1o de ambos medios es el mismo: Rupert Murdoch. \u00bfA qu\u00e9 se refiere el periodista norteamericano?<\/p>\n\n\n\n<p>El gran temor de Sulzberger se acrecent\u00f3 con el esp\u00edritu revanchista que est\u00e1 mostrando insistentemente Donald Trump en plena campa\u00f1a presidencial. El republicano est\u00e1 convencido de que no gan\u00f3 la reelecci\u00f3n en 2020 por culpa de la cobertura period\u00edstica que tuvo durante sus cuatro a\u00f1os de gobierno.<\/p>\n\n\n\n<p>Entonces, su consideraci\u00f3n es que el \u201ctolerar a la prensa independiente, centrada en la verdad y la rendici\u00f3n de cuentas, debilit\u00f3 su capacidad de influir en la opini\u00f3n p\u00fablica\u201d. Por ello, decidi\u00f3 que esto no le ocurrir\u00e1 nuevamente en 2024 y est\u00e1 actuando en consecuencia.<\/p>\n\n\n\n<p><\/p>\n\n\n\n<figure class=\"wp-block-image size-full is-resized\"><img data-recalc-dims=\"1\" fetchpriority=\"high\" decoding=\"async\" width=\"800\" height=\"450\" src=\"https:\/\/i0.wp.com\/elregionalvm.com.ar\/noticias-villa-maria\/wp-content\/uploads\/2024\/07\/Trump-convencion-republicana-herido.jpg?resize=800%2C450&#038;ssl=1\" alt=\"\" class=\"wp-image-96423\" style=\"width:910px;height:auto\" srcset=\"https:\/\/i0.wp.com\/elregionalvm.com.ar\/noticias-villa-maria\/wp-content\/uploads\/2024\/07\/Trump-convencion-republicana-herido.jpg?w=800&amp;ssl=1 800w, https:\/\/i0.wp.com\/elregionalvm.com.ar\/noticias-villa-maria\/wp-content\/uploads\/2024\/07\/Trump-convencion-republicana-herido.jpg?resize=300%2C169&amp;ssl=1 300w, https:\/\/i0.wp.com\/elregionalvm.com.ar\/noticias-villa-maria\/wp-content\/uploads\/2024\/07\/Trump-convencion-republicana-herido.jpg?resize=768%2C432&amp;ssl=1 768w\" sizes=\"(max-width: 800px) 100vw, 800px\" \/><\/figure>\n\n\n\n<p><\/p>\n\n\n\n<p>El m\u00e9todo que Trump utiliza para debilitar la libertad de expresi\u00f3n no es nuevo. En el art\u00edculo, el editor describe a gobiernos que lo han hecho como Hungr\u00eda, Brasil o India.<\/p>\n\n\n\n<p>En vez de ejecutar un ataque frontal, como, por ejemplo, cerrar el medio, las administraciones de Viktor Orb\u00e1n, Jair Bolsonaro o Narendra Modi, debilitaron a las organizaciones de noticias de forma m\u00e1s encubierta.<\/p>\n\n\n\n<p>Esto es, a trav\u00e9s de herramientas burocr\u00e1ticas como la legislaci\u00f3n tributaria, las licencias de radiodifusi\u00f3n o las compras p\u00fablicas. A la vez, facilitaron la adquisici\u00f3n de medios a empresarios afines transform\u00e1ndolos en plataformas de propaganda gubernamental.<\/p>\n\n\n\n<p>Estos mandatarios -al que se puede sumar Javier Milei- hicieron de la prensa y los periodistas, un elemento esencial de sus administraciones poni\u00e9ndolos en el lugar de \u201cenemigos del pueblo\u201d.<\/p>\n\n\n\n<p>Si bien a ning\u00fan gobierno le gusta el escrutinio de los medios, estos l\u00edderes fomentan un entorno de acoso tan intenso que desgasta y debilita no solo al periodismo sino a la democracia. Es mucho m\u00e1s f\u00e1cil con una prensa que flaquea, mantener secretos, tergiversar los hechos, socavar a opositores y actuar impunemente. Esto les permite a estos l\u00edderes consolidar un poder sin restricciones que deteriora la situaci\u00f3n nacional y de la ciudadan\u00eda.<\/p>\n\n\n\n<p><strong>Algunos casos<\/strong><\/p>\n\n\n\n<p>En pa\u00edses totalitarios como Rusia, China o Arabia Saudita directamente censuran, encarcelan o asesinan a periodistas. En cambio, en las democracias que se han nombrado, los ataques son m\u00e1s sutiles.<\/p>\n\n\n\n<p>En Brasil, el Sindicato de Periodistas Profesionales del Estado de Sao Paulo demand\u00f3 a Bolsonaro en 2021 para que dejara de ofender, deslegitimar y descalificar a la profesi\u00f3n, adem\u00e1s de filtrar datos personales de reporteros.<\/p>\n\n\n\n<p>Un tribunal de segunda instancia ratific\u00f3 la sentencia por \u00abda\u00f1o moral colectivo\u00bb a los periodistas y conden\u00f3 al expresidente a pagar una indemnizaci\u00f3n.<\/p>\n\n\n\n<p><\/p>\n\n\n\n<figure class=\"wp-block-image size-large\"><img data-recalc-dims=\"1\" decoding=\"async\" width=\"1024\" height=\"698\" src=\"https:\/\/i0.wp.com\/elregionalvm.com.ar\/noticias-villa-maria\/wp-content\/uploads\/2022\/04\/Putin-mano-en-la-cara.jpg?resize=1024%2C698&#038;ssl=1\" alt=\"\" class=\"wp-image-55579\" srcset=\"https:\/\/i0.wp.com\/elregionalvm.com.ar\/noticias-villa-maria\/wp-content\/uploads\/2022\/04\/Putin-mano-en-la-cara.jpg?resize=1024%2C698&amp;ssl=1 1024w, https:\/\/i0.wp.com\/elregionalvm.com.ar\/noticias-villa-maria\/wp-content\/uploads\/2022\/04\/Putin-mano-en-la-cara.jpg?resize=300%2C205&amp;ssl=1 300w, https:\/\/i0.wp.com\/elregionalvm.com.ar\/noticias-villa-maria\/wp-content\/uploads\/2022\/04\/Putin-mano-en-la-cara.jpg?resize=768%2C524&amp;ssl=1 768w, https:\/\/i0.wp.com\/elregionalvm.com.ar\/noticias-villa-maria\/wp-content\/uploads\/2022\/04\/Putin-mano-en-la-cara.jpg?w=1194&amp;ssl=1 1194w\" sizes=\"(max-width: 1000px) 100vw, 1000px\" \/><\/figure>\n\n\n\n<p><\/p>\n\n\n\n<p>En tanto Trump, cientos de veces ha agredido verbalmente a periodistas particulares y catalogado a medios de comunicaci\u00f3n como \u201cel enemigo del pueblo estadounidense\u201d.<\/p>\n\n\n\n<p>En Hungr\u00eda, la ONG Human Rights Watch public\u00f3 un informe este 2024 donde afirma que \u201cdurante m\u00e1s de una d\u00e9cada, el gobierno de Viktor Orb\u00e1n ha socavado repetidamente la capacidad de los medios de comunicaci\u00f3n para producir una cobertura informativa justa, imparcial y equilibrada para sus ciudadanos\u201d.<\/p>\n\n\n\n<p>A lo que agrega que \u201cesto ha tenido un efecto devastador en la capacidad de los h\u00fangaros para pedir cuentas a su gobierno por los abusos cometidos\u201d.<\/p>\n\n\n\n<p>En India, tras diez a\u00f1os de gobierno de Narendra Modi, la amenaza sobre el periodismo independiente ha ido creciendo exponencialmente. Son cientos los relatos de profesionales que han tenido que recurrir a otras plataformas como p\u00e1ginas web independientes y canales de YouTube para poder ejercer su oficio libremente.<\/p>\n\n\n\n<p>Estos alegan que los medios de comunicaci\u00f3n tradicionales se han transformado en portavoces del gobierno junto con una creciente tendencia a desacreditar, perseguir y generar terror en quienes consideran sus cr\u00edticos.<\/p>\n\n\n\n<p><strong>En Argentina<\/strong><\/p>\n\n\n\n<p>Mientras tanto, en Argentina el gobierno de Javier Milei sigue estas tendencias internacionales. Desde el inicio de su gobierno, el ataque del libertario a la prensa fue feroz. Pas\u00f3 a ser una cotidianeidad el llamarles \u201censobrados\u201d, parte de \u201cla casta\u201d que prometi\u00f3 combatir, \u201cmentirosos\u201d, \u201ccorruptos\u201d y \u201cextorsionadores\u201d.<\/p>\n\n\n\n<p>Tambi\u00e9n, los ha se\u00f1alado con nombre y apellido exponi\u00e9ndolos a lo que \u00e9l mismo llama \u201cescarnio p\u00fablico\u201d. En una entrevista reciente ha expresado: \u201cLo que me interesa mostrar de todo esto es que le quede bien en claro a la basura de la pol\u00edtica tradicional y a los periodistas el desprecio que la gente tiene por ellos\u201d.<\/p>\n\n\n\n<p><\/p>\n\n\n\n<figure class=\"wp-block-image size-full\"><img data-recalc-dims=\"1\" decoding=\"async\" width=\"940\" height=\"620\" src=\"https:\/\/i0.wp.com\/elregionalvm.com.ar\/noticias-villa-maria\/wp-content\/uploads\/2024\/08\/Milei-gritando.webp?resize=940%2C620&#038;ssl=1\" alt=\"\" class=\"wp-image-97976\" srcset=\"https:\/\/i0.wp.com\/elregionalvm.com.ar\/noticias-villa-maria\/wp-content\/uploads\/2024\/08\/Milei-gritando.webp?w=940&amp;ssl=1 940w, https:\/\/i0.wp.com\/elregionalvm.com.ar\/noticias-villa-maria\/wp-content\/uploads\/2024\/08\/Milei-gritando.webp?resize=300%2C198&amp;ssl=1 300w, https:\/\/i0.wp.com\/elregionalvm.com.ar\/noticias-villa-maria\/wp-content\/uploads\/2024\/08\/Milei-gritando.webp?resize=768%2C507&amp;ssl=1 768w\" sizes=\"(max-width: 940px) 100vw, 940px\" \/><\/figure>\n\n\n\n<p><\/p>\n\n\n\n<p>Esto se suma al desfinancianciamiento de los medios p\u00fablicos. Apenas asumi\u00f3, Milei anunci\u00f3 el recorte de la pauta oficial en medios de comunicaci\u00f3n y semanas despu\u00e9s procedi\u00f3 al desmantelamiento de T\u00e9lam, la agencia p\u00fablica de noticias m\u00e1s grande de Latinoam\u00e9rica. Tambi\u00e9n redujo dr\u00e1sticamente la financiaci\u00f3n de la radio y la televisi\u00f3n p\u00fablica, las cuales espera privatizar apenas obtenga la autorizaci\u00f3n del Congreso.<\/p>\n\n\n\n<p>Esta ofensiva escala cada vez m\u00e1s, al punto que esta semana a trav\u00e9s de un decreto presidencial decidi\u00f3 restringir el acceso a la informaci\u00f3n p\u00fablica.<\/p>\n\n\n\n<p>Este decreto fue producto de la inquietud que surgi\u00f3 por el costo de la construcci\u00f3n de los caniles para los perros del presidente en la quinta presidencial de Olivos. El objetivo es impedir que se pueda acceder a aquellos datos que el Ejecutivo considere de \u00edndole privada y tambi\u00e9n toda aquella informaci\u00f3n que el Gobierno considere que no reviste inter\u00e9s p\u00fablico.<\/p>\n\n\n\n<p>La ley de acceso a la informaci\u00f3n p\u00fablica fue una iniciativa del gobierno de Mauricio Macri en 2016 y le permiti\u00f3 al pa\u00eds subir varios casilleros en el ranking mundial de transparencia.<\/p>\n\n\n\n<p>Si bien estos l\u00edderes usan una ret\u00f3rica peligrosamente violenta contra los periodistas, no est\u00e1 exclusivamente dirigida a ellos, y pone en juego la paz social que un presidente tiene la responsabilidad primaria de preservar.<\/p>\n\n\n\n<p>Que hoy se est\u00e9 debatiendo el peligro que corre la libertad expresi\u00f3n significa que tambi\u00e9n hay otros derechos que lo est\u00e1n. Como explica Sulzberger: \u201cEl acceso a noticias confiables no s\u00f3lo deja al p\u00fablico mejor informado. Fortalece las empresas. Hace que las naciones sean m\u00e1s seguras. En lugar de desconfianza y alienaci\u00f3n, inculca comprensi\u00f3n mutua y compromiso c\u00edvico\u201d.<\/p>\n\n\n\n<p>Con estos ataques provocados insistentemente desde la cima del poder, no s\u00f3lo se est\u00e1n desmantelando poco a poco decenas de derechos adquiridos, sino que se est\u00e1 debilitando algo a\u00fan m\u00e1s grande y complejo: la esencia de la democracia.<\/p>\n\n\n\n<p>Aquella que permite el di\u00e1logo, el pluralismo y la convivencia pac\u00edfica de ideas y grupos dentro de una sociedad que tiene como objetivo final lograr su mayor bienestar posible. Y, por ende, la felicidad en conjunto.<\/p>\n\n\n\n<p><\/p>\n\n\n\n<p><\/p>\n\n\n\n<p><em>(*) La versi\u00f3n original de este art\u00edculo fue publicado en Rosario3.com<\/em><\/p>\n","protected":false},"excerpt":{"rendered":"<p>En pa\u00edses totalitarios como Rusia, China o Arabia Saudita directamente censuran, encarcelan o asesinan a periodistas. En cambio, en democracias como Estados Unidos, Brasil, India, Hungr\u00eda o Argentina los ataques son m\u00e1s sutiles. Si bien a ning\u00fan gobierno le gusta el escrutinio de los medios, hay l\u00edderes que fomentan un entorno de acoso tan intenso [&hellip;]<\/p>\n","protected":false},"author":4,"featured_media":98561,"comment_status":"open","ping_status":"open","sticky":false,"template":"","format":"standard","meta":{"site-sidebar-layout":"default","site-content-layout":"","ast-site-content-layout":"default","site-content-style":"default","site-sidebar-style":"default","ast-global-header-display":"","ast-banner-title-visibility":"","ast-main-header-display":"","ast-hfb-above-header-display":"","ast-hfb-below-header-display":"","ast-hfb-mobile-header-display":"","site-post-title":"","ast-breadcrumbs-content":"","ast-featured-img":"","footer-sml-layout":"","ast-disable-related-posts":"","theme-transparent-header-meta":"","adv-header-id-meta":"","stick-header-meta":"","header-above-stick-meta":"","header-main-stick-meta":"","header-below-stick-meta":"","astra-migrate-meta-layouts":"set","ast-page-background-enabled":"default","ast-page-background-meta":{"desktop":{"background-color":"","background-image":"","background-repeat":"repeat","background-position":"center center","background-size":"auto","background-attachment":"scroll","background-type":"","background-media":"","overlay-type":"","overlay-color":"","overlay-opacity":"","overlay-gradient":""},"tablet":{"background-color":"","background-image":"","background-repeat":"repeat","background-position":"center center","background-size":"auto","background-attachment":"scroll","background-type":"","background-media":"","overlay-type":"","overlay-color":"","overlay-opacity":"","overlay-gradient":""},"mobile":{"background-color":"","background-image":"","background-repeat":"repeat","background-position":"center center","background-size":"auto","background-attachment":"scroll","background-type":"","background-media":"","overlay-type":"","overlay-color":"","overlay-opacity":"","overlay-gradient":""}},"ast-content-background-meta":{"desktop":{"background-color":"var(--ast-global-color-5)","background-image":"","background-repeat":"repeat","background-position":"center center","background-size":"auto","background-attachment":"scroll","background-type":"","background-media":"","overlay-type":"","overlay-color":"","overlay-opacity":"","overlay-gradient":""},"tablet":{"background-color":"var(--ast-global-color-5)","background-image":"","background-repeat":"repeat","background-position":"center center","background-size":"auto","background-attachment":"scroll","background-type":"","background-media":"","overlay-type":"","overlay-color":"","overlay-opacity":"","overlay-gradient":""},"mobile":{"background-color":"var(--ast-global-color-5)","background-image":"","background-repeat":"repeat","background-position":"center center","background-size":"auto","background-attachment":"scroll","background-type":"","background-media":"","overlay-type":"","overlay-color":"","overlay-opacity":"","overlay-gradient":""}},"_jetpack_memberships_contains_paid_content":false,"_joinchat":[],"footnotes":""},"categories":[365,3557],"tags":[415,2308,1535,1560,24381,3738,5053,313,238],"class_list":["post-98558","post","type-post","status-publish","format-standard","has-post-thumbnail","hentry","category-opinion","category-tercera","tag-argentina","tag-china","tag-democracia","tag-estados-unidos","tag-gobiernos-totalitarios","tag-hungria","tag-javier-milei","tag-libertad-de-expresion","tag-rusia"],"yoast_head":"<!-- This site is optimized with the Yoast SEO plugin v26.8 - https:\/\/yoast.com\/product\/yoast-seo-wordpress\/ -->\n<title>La libertad de expresi\u00f3n en creciente peligro en las democracias globales - El Regional<\/title>\n<meta name=\"robots\" content=\"index, follow, max-snippet:-1, max-image-preview:large, max-video-preview:-1\" \/>\n<link rel=\"canonical\" href=\"https:\/\/elregionalvm.com.ar\/noticias-villa-maria\/la-libertad-de-expresion-en-creciente-peligro-en-las-democracias-globales\/\" \/>\n<meta property=\"og:locale\" content=\"es_ES\" \/>\n<meta property=\"og:type\" content=\"article\" \/>\n<meta property=\"og:title\" content=\"La libertad de expresi\u00f3n en creciente peligro en las democracias globales - El Regional\" \/>\n<meta property=\"og:description\" content=\"En pa\u00edses totalitarios como Rusia, China o Arabia Saudita directamente censuran, encarcelan o asesinan a periodistas. En cambio, en democracias como Estados Unidos, Brasil, India, Hungr\u00eda o Argentina los ataques son m\u00e1s sutiles. Si bien a ning\u00fan gobierno le gusta el escrutinio de los medios, hay l\u00edderes que fomentan un entorno de acoso tan intenso [&hellip;]\" \/>\n<meta property=\"og:url\" content=\"https:\/\/elregionalvm.com.ar\/noticias-villa-maria\/la-libertad-de-expresion-en-creciente-peligro-en-las-democracias-globales\/\" \/>\n<meta property=\"og:site_name\" content=\"El Regional\" \/>\n<meta property=\"article:publisher\" content=\"https:\/\/www.facebook.com\/elregionalvm\" \/>\n<meta property=\"article:published_time\" content=\"2024-09-12T03:26:01+00:00\" \/>\n<meta property=\"article:modified_time\" content=\"2024-09-17T21:31:31+00:00\" \/>\n<meta property=\"og:image\" content=\"https:\/\/elregionalvm.com.ar\/noticias-villa-maria\/wp-content\/uploads\/2024\/09\/censura-silencio.jpg\" \/>\n\t<meta property=\"og:image:width\" content=\"1200\" \/>\n\t<meta property=\"og:image:height\" content=\"783\" \/>\n\t<meta property=\"og:image:type\" content=\"image\/jpeg\" \/>\n<meta name=\"author\" content=\"Contenidos El Regional\" \/>\n<meta name=\"twitter:card\" content=\"summary_large_image\" \/>\n<meta name=\"twitter:creator\" content=\"@elregionalvm1\" \/>\n<meta name=\"twitter:site\" content=\"@elregionalvm1\" \/>\n<meta name=\"twitter:label1\" content=\"Escrito por\" \/>\n\t<meta name=\"twitter:data1\" content=\"Contenidos El Regional\" \/>\n\t<meta name=\"twitter:label2\" content=\"Tiempo de lectura\" \/>\n\t<meta name=\"twitter:data2\" content=\"7 minutos\" \/>\n<script type=\"application\/ld+json\" class=\"yoast-schema-graph\">{\"@context\":\"https:\/\/schema.org\",\"@graph\":[{\"@type\":\"Article\",\"@id\":\"https:\/\/elregionalvm.com.ar\/noticias-villa-maria\/la-libertad-de-expresion-en-creciente-peligro-en-las-democracias-globales\/#article\",\"isPartOf\":{\"@id\":\"https:\/\/elregionalvm.com.ar\/noticias-villa-maria\/la-libertad-de-expresion-en-creciente-peligro-en-las-democracias-globales\/\"},\"author\":{\"name\":\"Contenidos El Regional\",\"@id\":\"http:\/\/elregionalvm.com.ar\/noticias-villa-maria\/#\/schema\/person\/a0fb9c422317faca23d50163151bc354\"},\"headline\":\"La libertad de expresi\u00f3n en creciente peligro en las democracias globales\",\"datePublished\":\"2024-09-12T03:26:01+00:00\",\"dateModified\":\"2024-09-17T21:31:31+00:00\",\"mainEntityOfPage\":{\"@id\":\"https:\/\/elregionalvm.com.ar\/noticias-villa-maria\/la-libertad-de-expresion-en-creciente-peligro-en-las-democracias-globales\/\"},\"wordCount\":1311,\"commentCount\":0,\"image\":{\"@id\":\"https:\/\/elregionalvm.com.ar\/noticias-villa-maria\/la-libertad-de-expresion-en-creciente-peligro-en-las-democracias-globales\/#primaryimage\"},\"thumbnailUrl\":\"https:\/\/i0.wp.com\/elregionalvm.com.ar\/noticias-villa-maria\/wp-content\/uploads\/2024\/09\/censura-silencio.jpg?fit=1200%2C783&ssl=1\",\"keywords\":[\"Argentina\",\"China\",\"Democracia\",\"Estados unidos\",\"gobiernos totalitarios\",\"Hungr\u00eda\",\"Javier Milei\",\"libertad de expresi\u00f3n\",\"Rusia\"],\"articleSection\":[\"Opini\u00f3n\",\"tercera\"],\"inLanguage\":\"es\",\"potentialAction\":[{\"@type\":\"CommentAction\",\"name\":\"Comment\",\"target\":[\"https:\/\/elregionalvm.com.ar\/noticias-villa-maria\/la-libertad-de-expresion-en-creciente-peligro-en-las-democracias-globales\/#respond\"]}]},{\"@type\":\"WebPage\",\"@id\":\"https:\/\/elregionalvm.com.ar\/noticias-villa-maria\/la-libertad-de-expresion-en-creciente-peligro-en-las-democracias-globales\/\",\"url\":\"https:\/\/elregionalvm.com.ar\/noticias-villa-maria\/la-libertad-de-expresion-en-creciente-peligro-en-las-democracias-globales\/\",\"name\":\"La libertad de expresi\u00f3n en creciente peligro en las democracias globales - El Regional\",\"isPartOf\":{\"@id\":\"http:\/\/elregionalvm.com.ar\/noticias-villa-maria\/#website\"},\"primaryImageOfPage\":{\"@id\":\"https:\/\/elregionalvm.com.ar\/noticias-villa-maria\/la-libertad-de-expresion-en-creciente-peligro-en-las-democracias-globales\/#primaryimage\"},\"image\":{\"@id\":\"https:\/\/elregionalvm.com.ar\/noticias-villa-maria\/la-libertad-de-expresion-en-creciente-peligro-en-las-democracias-globales\/#primaryimage\"},\"thumbnailUrl\":\"https:\/\/i0.wp.com\/elregionalvm.com.ar\/noticias-villa-maria\/wp-content\/uploads\/2024\/09\/censura-silencio.jpg?fit=1200%2C783&ssl=1\",\"datePublished\":\"2024-09-12T03:26:01+00:00\",\"dateModified\":\"2024-09-17T21:31:31+00:00\",\"author\":{\"@id\":\"http:\/\/elregionalvm.com.ar\/noticias-villa-maria\/#\/schema\/person\/a0fb9c422317faca23d50163151bc354\"},\"breadcrumb\":{\"@id\":\"https:\/\/elregionalvm.com.ar\/noticias-villa-maria\/la-libertad-de-expresion-en-creciente-peligro-en-las-democracias-globales\/#breadcrumb\"},\"inLanguage\":\"es\",\"potentialAction\":[{\"@type\":\"ReadAction\",\"target\":[\"https:\/\/elregionalvm.com.ar\/noticias-villa-maria\/la-libertad-de-expresion-en-creciente-peligro-en-las-democracias-globales\/\"]}]},{\"@type\":\"ImageObject\",\"inLanguage\":\"es\",\"@id\":\"https:\/\/elregionalvm.com.ar\/noticias-villa-maria\/la-libertad-de-expresion-en-creciente-peligro-en-las-democracias-globales\/#primaryimage\",\"url\":\"https:\/\/i0.wp.com\/elregionalvm.com.ar\/noticias-villa-maria\/wp-content\/uploads\/2024\/09\/censura-silencio.jpg?fit=1200%2C783&ssl=1\",\"contentUrl\":\"https:\/\/i0.wp.com\/elregionalvm.com.ar\/noticias-villa-maria\/wp-content\/uploads\/2024\/09\/censura-silencio.jpg?fit=1200%2C783&ssl=1\",\"width\":1200,\"height\":783},{\"@type\":\"BreadcrumbList\",\"@id\":\"https:\/\/elregionalvm.com.ar\/noticias-villa-maria\/la-libertad-de-expresion-en-creciente-peligro-en-las-democracias-globales\/#breadcrumb\",\"itemListElement\":[{\"@type\":\"ListItem\",\"position\":1,\"name\":\"Portada\",\"item\":\"https:\/\/elregionalvm.com.ar\/noticias-villa-maria\/\"},{\"@type\":\"ListItem\",\"position\":2,\"name\":\"La libertad de expresi\u00f3n en creciente peligro en las democracias globales\"}]},{\"@type\":\"WebSite\",\"@id\":\"http:\/\/elregionalvm.com.ar\/noticias-villa-maria\/#website\",\"url\":\"http:\/\/elregionalvm.com.ar\/noticias-villa-maria\/\",\"name\":\"El Regional\",\"description\":\"Mucho m\u00e1s que informaci\u00f3n\",\"potentialAction\":[{\"@type\":\"SearchAction\",\"target\":{\"@type\":\"EntryPoint\",\"urlTemplate\":\"http:\/\/elregionalvm.com.ar\/noticias-villa-maria\/?s={search_term_string}\"},\"query-input\":{\"@type\":\"PropertyValueSpecification\",\"valueRequired\":true,\"valueName\":\"search_term_string\"}}],\"inLanguage\":\"es\"},{\"@type\":\"Person\",\"@id\":\"http:\/\/elregionalvm.com.ar\/noticias-villa-maria\/#\/schema\/person\/a0fb9c422317faca23d50163151bc354\",\"name\":\"Contenidos El Regional\",\"image\":{\"@type\":\"ImageObject\",\"inLanguage\":\"es\",\"@id\":\"http:\/\/elregionalvm.com.ar\/noticias-villa-maria\/#\/schema\/person\/image\/\",\"url\":\"https:\/\/secure.gravatar.com\/avatar\/265b27cb2209af7bb3a1318f03305787d7981a5cc6e6cd08fe5a4ecdf99d4b48?s=96&d=mm&r=g\",\"contentUrl\":\"https:\/\/secure.gravatar.com\/avatar\/265b27cb2209af7bb3a1318f03305787d7981a5cc6e6cd08fe5a4ecdf99d4b48?s=96&d=mm&r=g\",\"caption\":\"Contenidos El Regional\"},\"url\":\"https:\/\/elregionalvm.com.ar\/noticias-villa-maria\/author\/contenido\/\"}]}<\/script>\n<!-- \/ Yoast SEO plugin. -->","yoast_head_json":{"title":"La libertad de expresi\u00f3n en creciente peligro en las democracias globales - El Regional","robots":{"index":"index","follow":"follow","max-snippet":"max-snippet:-1","max-image-preview":"max-image-preview:large","max-video-preview":"max-video-preview:-1"},"canonical":"https:\/\/elregionalvm.com.ar\/noticias-villa-maria\/la-libertad-de-expresion-en-creciente-peligro-en-las-democracias-globales\/","og_locale":"es_ES","og_type":"article","og_title":"La libertad de expresi\u00f3n en creciente peligro en las democracias globales - El Regional","og_description":"En pa\u00edses totalitarios como Rusia, China o Arabia Saudita directamente censuran, encarcelan o asesinan a periodistas. En cambio, en democracias como Estados Unidos, Brasil, India, Hungr\u00eda o Argentina los ataques son m\u00e1s sutiles. Si bien a ning\u00fan gobierno le gusta el escrutinio de los medios, hay l\u00edderes que fomentan un entorno de acoso tan intenso [&hellip;]","og_url":"https:\/\/elregionalvm.com.ar\/noticias-villa-maria\/la-libertad-de-expresion-en-creciente-peligro-en-las-democracias-globales\/","og_site_name":"El Regional","article_publisher":"https:\/\/www.facebook.com\/elregionalvm","article_published_time":"2024-09-12T03:26:01+00:00","article_modified_time":"2024-09-17T21:31:31+00:00","og_image":[{"width":1200,"height":783,"url":"https:\/\/elregionalvm.com.ar\/noticias-villa-maria\/wp-content\/uploads\/2024\/09\/censura-silencio.jpg","type":"image\/jpeg"}],"author":"Contenidos El Regional","twitter_card":"summary_large_image","twitter_creator":"@elregionalvm1","twitter_site":"@elregionalvm1","twitter_misc":{"Escrito por":"Contenidos El Regional","Tiempo de lectura":"7 minutos"},"schema":{"@context":"https:\/\/schema.org","@graph":[{"@type":"Article","@id":"https:\/\/elregionalvm.com.ar\/noticias-villa-maria\/la-libertad-de-expresion-en-creciente-peligro-en-las-democracias-globales\/#article","isPartOf":{"@id":"https:\/\/elregionalvm.com.ar\/noticias-villa-maria\/la-libertad-de-expresion-en-creciente-peligro-en-las-democracias-globales\/"},"author":{"name":"Contenidos El Regional","@id":"http:\/\/elregionalvm.com.ar\/noticias-villa-maria\/#\/schema\/person\/a0fb9c422317faca23d50163151bc354"},"headline":"La libertad de expresi\u00f3n en creciente peligro en las democracias globales","datePublished":"2024-09-12T03:26:01+00:00","dateModified":"2024-09-17T21:31:31+00:00","mainEntityOfPage":{"@id":"https:\/\/elregionalvm.com.ar\/noticias-villa-maria\/la-libertad-de-expresion-en-creciente-peligro-en-las-democracias-globales\/"},"wordCount":1311,"commentCount":0,"image":{"@id":"https:\/\/elregionalvm.com.ar\/noticias-villa-maria\/la-libertad-de-expresion-en-creciente-peligro-en-las-democracias-globales\/#primaryimage"},"thumbnailUrl":"https:\/\/i0.wp.com\/elregionalvm.com.ar\/noticias-villa-maria\/wp-content\/uploads\/2024\/09\/censura-silencio.jpg?fit=1200%2C783&ssl=1","keywords":["Argentina","China","Democracia","Estados unidos","gobiernos totalitarios","Hungr\u00eda","Javier Milei","libertad de expresi\u00f3n","Rusia"],"articleSection":["Opini\u00f3n","tercera"],"inLanguage":"es","potentialAction":[{"@type":"CommentAction","name":"Comment","target":["https:\/\/elregionalvm.com.ar\/noticias-villa-maria\/la-libertad-de-expresion-en-creciente-peligro-en-las-democracias-globales\/#respond"]}]},{"@type":"WebPage","@id":"https:\/\/elregionalvm.com.ar\/noticias-villa-maria\/la-libertad-de-expresion-en-creciente-peligro-en-las-democracias-globales\/","url":"https:\/\/elregionalvm.com.ar\/noticias-villa-maria\/la-libertad-de-expresion-en-creciente-peligro-en-las-democracias-globales\/","name":"La libertad de expresi\u00f3n en creciente peligro en las democracias globales - El Regional","isPartOf":{"@id":"http:\/\/elregionalvm.com.ar\/noticias-villa-maria\/#website"},"primaryImageOfPage":{"@id":"https:\/\/elregionalvm.com.ar\/noticias-villa-maria\/la-libertad-de-expresion-en-creciente-peligro-en-las-democracias-globales\/#primaryimage"},"image":{"@id":"https:\/\/elregionalvm.com.ar\/noticias-villa-maria\/la-libertad-de-expresion-en-creciente-peligro-en-las-democracias-globales\/#primaryimage"},"thumbnailUrl":"https:\/\/i0.wp.com\/elregionalvm.com.ar\/noticias-villa-maria\/wp-content\/uploads\/2024\/09\/censura-silencio.jpg?fit=1200%2C783&ssl=1","datePublished":"2024-09-12T03:26:01+00:00","dateModified":"2024-09-17T21:31:31+00:00","author":{"@id":"http:\/\/elregionalvm.com.ar\/noticias-villa-maria\/#\/schema\/person\/a0fb9c422317faca23d50163151bc354"},"breadcrumb":{"@id":"https:\/\/elregionalvm.com.ar\/noticias-villa-maria\/la-libertad-de-expresion-en-creciente-peligro-en-las-democracias-globales\/#breadcrumb"},"inLanguage":"es","potentialAction":[{"@type":"ReadAction","target":["https:\/\/elregionalvm.com.ar\/noticias-villa-maria\/la-libertad-de-expresion-en-creciente-peligro-en-las-democracias-globales\/"]}]},{"@type":"ImageObject","inLanguage":"es","@id":"https:\/\/elregionalvm.com.ar\/noticias-villa-maria\/la-libertad-de-expresion-en-creciente-peligro-en-las-democracias-globales\/#primaryimage","url":"https:\/\/i0.wp.com\/elregionalvm.com.ar\/noticias-villa-maria\/wp-content\/uploads\/2024\/09\/censura-silencio.jpg?fit=1200%2C783&ssl=1","contentUrl":"https:\/\/i0.wp.com\/elregionalvm.com.ar\/noticias-villa-maria\/wp-content\/uploads\/2024\/09\/censura-silencio.jpg?fit=1200%2C783&ssl=1","width":1200,"height":783},{"@type":"BreadcrumbList","@id":"https:\/\/elregionalvm.com.ar\/noticias-villa-maria\/la-libertad-de-expresion-en-creciente-peligro-en-las-democracias-globales\/#breadcrumb","itemListElement":[{"@type":"ListItem","position":1,"name":"Portada","item":"https:\/\/elregionalvm.com.ar\/noticias-villa-maria\/"},{"@type":"ListItem","position":2,"name":"La libertad de expresi\u00f3n en creciente peligro en las democracias globales"}]},{"@type":"WebSite","@id":"http:\/\/elregionalvm.com.ar\/noticias-villa-maria\/#website","url":"http:\/\/elregionalvm.com.ar\/noticias-villa-maria\/","name":"El Regional","description":"Mucho m\u00e1s que informaci\u00f3n","potentialAction":[{"@type":"SearchAction","target":{"@type":"EntryPoint","urlTemplate":"http:\/\/elregionalvm.com.ar\/noticias-villa-maria\/?s={search_term_string}"},"query-input":{"@type":"PropertyValueSpecification","valueRequired":true,"valueName":"search_term_string"}}],"inLanguage":"es"},{"@type":"Person","@id":"http:\/\/elregionalvm.com.ar\/noticias-villa-maria\/#\/schema\/person\/a0fb9c422317faca23d50163151bc354","name":"Contenidos El Regional","image":{"@type":"ImageObject","inLanguage":"es","@id":"http:\/\/elregionalvm.com.ar\/noticias-villa-maria\/#\/schema\/person\/image\/","url":"https:\/\/secure.gravatar.com\/avatar\/265b27cb2209af7bb3a1318f03305787d7981a5cc6e6cd08fe5a4ecdf99d4b48?s=96&d=mm&r=g","contentUrl":"https:\/\/secure.gravatar.com\/avatar\/265b27cb2209af7bb3a1318f03305787d7981a5cc6e6cd08fe5a4ecdf99d4b48?s=96&d=mm&r=g","caption":"Contenidos El Regional"},"url":"https:\/\/elregionalvm.com.ar\/noticias-villa-maria\/author\/contenido\/"}]}},"jetpack_featured_media_url":"https:\/\/i0.wp.com\/elregionalvm.com.ar\/noticias-villa-maria\/wp-content\/uploads\/2024\/09\/censura-silencio.jpg?fit=1200%2C783&ssl=1","jetpack_sharing_enabled":true,"_links":{"self":[{"href":"https:\/\/elregionalvm.com.ar\/noticias-villa-maria\/wp-json\/wp\/v2\/posts\/98558","targetHints":{"allow":["GET"]}}],"collection":[{"href":"https:\/\/elregionalvm.com.ar\/noticias-villa-maria\/wp-json\/wp\/v2\/posts"}],"about":[{"href":"https:\/\/elregionalvm.com.ar\/noticias-villa-maria\/wp-json\/wp\/v2\/types\/post"}],"author":[{"embeddable":true,"href":"https:\/\/elregionalvm.com.ar\/noticias-villa-maria\/wp-json\/wp\/v2\/users\/4"}],"replies":[{"embeddable":true,"href":"https:\/\/elregionalvm.com.ar\/noticias-villa-maria\/wp-json\/wp\/v2\/comments?post=98558"}],"version-history":[{"count":4,"href":"https:\/\/elregionalvm.com.ar\/noticias-villa-maria\/wp-json\/wp\/v2\/posts\/98558\/revisions"}],"predecessor-version":[{"id":98563,"href":"https:\/\/elregionalvm.com.ar\/noticias-villa-maria\/wp-json\/wp\/v2\/posts\/98558\/revisions\/98563"}],"wp:featuredmedia":[{"embeddable":true,"href":"https:\/\/elregionalvm.com.ar\/noticias-villa-maria\/wp-json\/wp\/v2\/media\/98561"}],"wp:attachment":[{"href":"https:\/\/elregionalvm.com.ar\/noticias-villa-maria\/wp-json\/wp\/v2\/media?parent=98558"}],"wp:term":[{"taxonomy":"category","embeddable":true,"href":"https:\/\/elregionalvm.com.ar\/noticias-villa-maria\/wp-json\/wp\/v2\/categories?post=98558"},{"taxonomy":"post_tag","embeddable":true,"href":"https:\/\/elregionalvm.com.ar\/noticias-villa-maria\/wp-json\/wp\/v2\/tags?post=98558"}],"curies":[{"name":"wp","href":"https:\/\/api.w.org\/{rel}","templated":true}]}}