{"id":98564,"date":"2024-09-12T17:09:22","date_gmt":"2024-09-12T17:09:22","guid":{"rendered":"https:\/\/elregionalvm.com.ar\/noticias-villa-maria\/?p=98564"},"modified":"2024-09-12T17:45:53","modified_gmt":"2024-09-12T17:45:53","slug":"en-un-trabajo-mancomunado-entre-el-municipio-aerca-y-acovim-se-viene-una-nueva-edicion-del-villa-maria-sale","status":"publish","type":"post","link":"https:\/\/elregionalvm.com.ar\/noticias-villa-maria\/en-un-trabajo-mancomunado-entre-el-municipio-aerca-y-acovim-se-viene-una-nueva-edicion-del-villa-maria-sale\/","title":{"rendered":"En un trabajo mancomunado entre el Municipio, AERCA y Acovim se viene una nueva edici\u00f3n del \u00abVilla Mar\u00eda Sale\u00bb"},"content":{"rendered":"\n<p>Del 9 al 16 de noviembre se realizar\u00e1 la segunda edici\u00f3n del Villa Mar\u00eda Sale.<\/p>\n\n\n\n<p>La iniciativa es impulsada por la secretar\u00eda de Econom\u00eda, Transformaci\u00f3n Digital y Desarrollo Productivo a trav\u00e9s de la Subsecretar\u00eda de Desarrollo Productivo, junto a las c\u00e1maras empresariales y comerciales AERCA y ACOVIM.<\/p>\n\n\n\n<figure class=\"wp-block-image size-large\"><img data-recalc-dims=\"1\" fetchpriority=\"high\" decoding=\"async\" width=\"1024\" height=\"589\" src=\"https:\/\/i0.wp.com\/elregionalvm.com.ar\/noticias-villa-maria\/wp-content\/uploads\/2024\/09\/WhatsApp-Image-2024-09-12-at-13.33.46-1.jpeg?resize=1024%2C589&#038;ssl=1\" alt=\"\" class=\"wp-image-98566\" srcset=\"https:\/\/i0.wp.com\/elregionalvm.com.ar\/noticias-villa-maria\/wp-content\/uploads\/2024\/09\/WhatsApp-Image-2024-09-12-at-13.33.46-1.jpeg?resize=1024%2C589&amp;ssl=1 1024w, https:\/\/i0.wp.com\/elregionalvm.com.ar\/noticias-villa-maria\/wp-content\/uploads\/2024\/09\/WhatsApp-Image-2024-09-12-at-13.33.46-1.jpeg?resize=300%2C173&amp;ssl=1 300w, https:\/\/i0.wp.com\/elregionalvm.com.ar\/noticias-villa-maria\/wp-content\/uploads\/2024\/09\/WhatsApp-Image-2024-09-12-at-13.33.46-1.jpeg?resize=768%2C442&amp;ssl=1 768w, https:\/\/i0.wp.com\/elregionalvm.com.ar\/noticias-villa-maria\/wp-content\/uploads\/2024\/09\/WhatsApp-Image-2024-09-12-at-13.33.46-1.jpeg?w=1482&amp;ssl=1 1482w\" sizes=\"(max-width: 1000px) 100vw, 1000px\" \/><\/figure>\n\n\n\n<p>La propuesta fue anunciada en el Sal\u00f3n Blanco del Palacio Municipal por el secretario de Econom\u00eda, Transformaci\u00f3n Digital y Desarrollo Productivo, Guillermo Pieckenstainer; la presidenta de AERCA, Carolina Benito; la representante de ACOVIM, Anabella Cornejo y el subsecretario de Desarrollo Productivo, Germ\u00e1n Tenedini.<\/p>\n\n\n\n<p>Cabe se\u00f1alar que Villa Mar\u00eda Sale tiene un doble objetivo, en primer lugar, potenciar las ventas en comercios f\u00edsicos, quienes llevan adelante su actividad dentro de las zonas comerciales de Villa Mar\u00eda, y en segundo lugar, acompa\u00f1ar a que \u00e9stos puedan ingresar en el circuito digital de ventas.<\/p>\n\n\n\n<p>Esta propuesta comercial consiste en generar, al igual que grandes eventos de e-commerce de nuestro pa\u00eds y el mundo, una p\u00e1gina web donde comerciantes y prestadores de servicios de diferentes rubros puedan ofrecer importantes descuentos, liquidaciones y promociones de manera simult\u00e1nea.<\/p>\n\n\n\n<blockquote class=\"wp-block-quote is-layout-flow wp-block-quote-is-layout-flow\">\n<figure class=\"wp-block-image size-large\"><img data-recalc-dims=\"1\" decoding=\"async\" width=\"1024\" height=\"682\" src=\"https:\/\/i0.wp.com\/elregionalvm.com.ar\/noticias-villa-maria\/wp-content\/uploads\/2024\/09\/WhatsApp-Image-2024-09-12-at-13.33.47.jpeg?resize=1024%2C682&#038;ssl=1\" alt=\"\" class=\"wp-image-98565\" srcset=\"https:\/\/i0.wp.com\/elregionalvm.com.ar\/noticias-villa-maria\/wp-content\/uploads\/2024\/09\/WhatsApp-Image-2024-09-12-at-13.33.47.jpeg?resize=1024%2C682&amp;ssl=1 1024w, https:\/\/i0.wp.com\/elregionalvm.com.ar\/noticias-villa-maria\/wp-content\/uploads\/2024\/09\/WhatsApp-Image-2024-09-12-at-13.33.47.jpeg?resize=300%2C200&amp;ssl=1 300w, https:\/\/i0.wp.com\/elregionalvm.com.ar\/noticias-villa-maria\/wp-content\/uploads\/2024\/09\/WhatsApp-Image-2024-09-12-at-13.33.47.jpeg?resize=768%2C512&amp;ssl=1 768w, https:\/\/i0.wp.com\/elregionalvm.com.ar\/noticias-villa-maria\/wp-content\/uploads\/2024\/09\/WhatsApp-Image-2024-09-12-at-13.33.47.jpeg?resize=1536%2C1023&amp;ssl=1 1536w, https:\/\/i0.wp.com\/elregionalvm.com.ar\/noticias-villa-maria\/wp-content\/uploads\/2024\/09\/WhatsApp-Image-2024-09-12-at-13.33.47.jpeg?w=1600&amp;ssl=1 1600w\" sizes=\"(max-width: 1000px) 100vw, 1000px\" \/><\/figure>\n<\/blockquote>\n\n\n\n<p>En el marco de este evento, los vecinos de Villa Mar\u00eda y la zona, podr\u00e1n encontrar oportunidades de compra favorables que permitan dinamizar las ventas y potenciar el consumo a nivel local.<\/p>\n\n\n\n<p>Sobre la propuesta, Guillermo Pieckenstainer dijo: \u201cpueden participar todos los comerciantes de la ciudad y nosotros estaremos acompa\u00f1\u00e1ndolos como venimos haciendo, para seguir potenciando el trabajo articulado entre el sector p\u00fablico-privado\u201d.<\/p>\n\n\n\n<p>Mientras que Germ\u00e1n Tenedini dijo: \u201ctrabajamos conjuntamente con el sector privado para potenciar el comercio local y que sea una semana de fiesta\u201d.<\/p>\n\n\n\n<p>Por \u00faltimo, Carolina Benito, se\u00f1al\u00f3: \u201ceste evento tendr\u00e1 dos aspectos importantes, por un lado potenciar las ventas f\u00edsicas de los comercios locales e impulsar la venta electr\u00f3nica a trav\u00e9s de la plataforma web\u201d.<\/p>\n\n\n\n<p>Detalles de la iniciativa<\/p>\n\n\n\n<p>Los negocios que forman parte del Villa Mar\u00eda Sale tendr\u00e1n una identificaci\u00f3n en sus vidrieras, elementos para vestir el local, la presencia en la p\u00e1gina web http:\/\/www.villamariasale.com.ar donde podr\u00e1n plasmar su promoci\u00f3n, tambi\u00e9n sus canales de contacto y de venta digital. Adem\u00e1s, una capacitaci\u00f3n sobre ofertas y promociones, eventos culturales en las veredas (sin intervenir con el curso normal del tr\u00e1nsito) y todo el apoyo del gobierno municipal para la difusi\u00f3n.<\/p>\n\n\n\n<p>Las inscripciones para comercios interesados ya est\u00e1n abiertas. Para consultar las bases y condiciones deber\u00e1n comunicarse al +54 9 3534 06-3919 (C\u00e1mara de Comercio de AERCA). Habr\u00e1 un costo de inscripci\u00f3n similar a la edici\u00f3n anterior, con beneficios para quienes se inscriban en la preventa que estar\u00e1 vigente hasta el 30 de septiembre.<\/p>\n","protected":false},"excerpt":{"rendered":"<p>Del 9 al 16 de noviembre se realizar\u00e1 la segunda edici\u00f3n del Villa Mar\u00eda Sale. La iniciativa es impulsada por la secretar\u00eda de Econom\u00eda, Transformaci\u00f3n Digital y Desarrollo Productivo a trav\u00e9s de la Subsecretar\u00eda de Desarrollo Productivo, junto a las c\u00e1maras empresariales y comerciales AERCA y ACOVIM. La propuesta fue anunciada en el Sal\u00f3n Blanco [&hellip;]<\/p>\n","protected":false},"author":4,"featured_media":98567,"comment_status":"open","ping_status":"open","sticky":false,"template":"","format":"standard","meta":{"site-sidebar-layout":"default","site-content-layout":"","ast-site-content-layout":"default","site-content-style":"default","site-sidebar-style":"default","ast-global-header-display":"","ast-banner-title-visibility":"","ast-main-header-display":"","ast-hfb-above-header-display":"","ast-hfb-below-header-display":"","ast-hfb-mobile-header-display":"","site-post-title":"","ast-breadcrumbs-content":"","ast-featured-img":"","footer-sml-layout":"","ast-disable-related-posts":"","theme-transparent-header-meta":"","adv-header-id-meta":"","stick-header-meta":"","header-above-stick-meta":"","header-main-stick-meta":"","header-below-stick-meta":"","astra-migrate-meta-layouts":"set","ast-page-background-enabled":"default","ast-page-background-meta":{"desktop":{"background-color":"","background-image":"","background-repeat":"repeat","background-position":"center center","background-size":"auto","background-attachment":"scroll","background-type":"","background-media":"","overlay-type":"","overlay-color":"","overlay-opacity":"","overlay-gradient":""},"tablet":{"background-color":"","background-image":"","background-repeat":"repeat","background-position":"center center","background-size":"auto","background-attachment":"scroll","background-type":"","background-media":"","overlay-type":"","overlay-color":"","overlay-opacity":"","overlay-gradient":""},"mobile":{"background-color":"","background-image":"","background-repeat":"repeat","background-position":"center center","background-size":"auto","background-attachment":"scroll","background-type":"","background-media":"","overlay-type":"","overlay-color":"","overlay-opacity":"","overlay-gradient":""}},"ast-content-background-meta":{"desktop":{"background-color":"var(--ast-global-color-5)","background-image":"","background-repeat":"repeat","background-position":"center center","background-size":"auto","background-attachment":"scroll","background-type":"","background-media":"","overlay-type":"","overlay-color":"","overlay-opacity":"","overlay-gradient":""},"tablet":{"background-color":"var(--ast-global-color-5)","background-image":"","background-repeat":"repeat","background-position":"center center","background-size":"auto","background-attachment":"scroll","background-type":"","background-media":"","overlay-type":"","overlay-color":"","overlay-opacity":"","overlay-gradient":""},"mobile":{"background-color":"var(--ast-global-color-5)","background-image":"","background-repeat":"repeat","background-position":"center center","background-size":"auto","background-attachment":"scroll","background-type":"","background-media":"","overlay-type":"","overlay-color":"","overlay-opacity":"","overlay-gradient":""}},"_jetpack_memberships_contains_paid_content":false,"_joinchat":[],"footnotes":""},"categories":[15302,5,2],"tags":[],"class_list":["post-98564","post","type-post","status-publish","format-standard","has-post-thumbnail","hentry","category-destacado","category-sociedad","category-villa-maria"],"yoast_head":"<!-- This site is optimized with the Yoast SEO plugin v26.8 - https:\/\/yoast.com\/product\/yoast-seo-wordpress\/ -->\n<title>En un trabajo mancomunado entre el Municipio, AERCA y Acovim se viene una nueva edici\u00f3n del &quot;Villa Mar\u00eda Sale&quot; - El Regional<\/title>\n<meta name=\"robots\" content=\"index, follow, max-snippet:-1, max-image-preview:large, max-video-preview:-1\" \/>\n<link rel=\"canonical\" href=\"https:\/\/elregionalvm.com.ar\/noticias-villa-maria\/en-un-trabajo-mancomunado-entre-el-municipio-aerca-y-acovim-se-viene-una-nueva-edicion-del-villa-maria-sale\/\" \/>\n<meta property=\"og:locale\" content=\"es_ES\" \/>\n<meta property=\"og:type\" content=\"article\" \/>\n<meta property=\"og:title\" content=\"En un trabajo mancomunado entre el Municipio, AERCA y Acovim se viene una nueva edici\u00f3n del &quot;Villa Mar\u00eda Sale&quot; - El Regional\" \/>\n<meta property=\"og:description\" content=\"Del 9 al 16 de noviembre se realizar\u00e1 la segunda edici\u00f3n del Villa Mar\u00eda Sale. La iniciativa es impulsada por la secretar\u00eda de Econom\u00eda, Transformaci\u00f3n Digital y Desarrollo Productivo a trav\u00e9s de la Subsecretar\u00eda de Desarrollo Productivo, junto a las c\u00e1maras empresariales y comerciales AERCA y ACOVIM. La propuesta fue anunciada en el Sal\u00f3n Blanco [&hellip;]\" \/>\n<meta property=\"og:url\" content=\"https:\/\/elregionalvm.com.ar\/noticias-villa-maria\/en-un-trabajo-mancomunado-entre-el-municipio-aerca-y-acovim-se-viene-una-nueva-edicion-del-villa-maria-sale\/\" \/>\n<meta property=\"og:site_name\" content=\"El Regional\" \/>\n<meta property=\"article:publisher\" content=\"https:\/\/www.facebook.com\/elregionalvm\" \/>\n<meta property=\"article:published_time\" content=\"2024-09-12T17:09:22+00:00\" \/>\n<meta property=\"article:modified_time\" content=\"2024-09-12T17:45:53+00:00\" \/>\n<meta property=\"og:image\" content=\"https:\/\/elregionalvm.com.ar\/noticias-villa-maria\/wp-content\/uploads\/2024\/09\/WhatsApp-Image-2024-09-12-at-13.33.46.jpeg\" \/>\n\t<meta property=\"og:image:width\" content=\"1557\" \/>\n\t<meta property=\"og:image:height\" content=\"905\" \/>\n\t<meta property=\"og:image:type\" content=\"image\/jpeg\" \/>\n<meta name=\"author\" content=\"Contenidos El Regional\" \/>\n<meta name=\"twitter:card\" content=\"summary_large_image\" \/>\n<meta name=\"twitter:creator\" content=\"@elregionalvm1\" \/>\n<meta name=\"twitter:site\" content=\"@elregionalvm1\" \/>\n<meta name=\"twitter:label1\" content=\"Escrito por\" \/>\n\t<meta name=\"twitter:data1\" content=\"Contenidos El Regional\" \/>\n\t<meta name=\"twitter:label2\" content=\"Tiempo de lectura\" \/>\n\t<meta name=\"twitter:data2\" content=\"3 minutos\" \/>\n<script type=\"application\/ld+json\" class=\"yoast-schema-graph\">{\"@context\":\"https:\/\/schema.org\",\"@graph\":[{\"@type\":\"Article\",\"@id\":\"https:\/\/elregionalvm.com.ar\/noticias-villa-maria\/en-un-trabajo-mancomunado-entre-el-municipio-aerca-y-acovim-se-viene-una-nueva-edicion-del-villa-maria-sale\/#article\",\"isPartOf\":{\"@id\":\"https:\/\/elregionalvm.com.ar\/noticias-villa-maria\/en-un-trabajo-mancomunado-entre-el-municipio-aerca-y-acovim-se-viene-una-nueva-edicion-del-villa-maria-sale\/\"},\"author\":{\"name\":\"Contenidos El Regional\",\"@id\":\"http:\/\/elregionalvm.com.ar\/noticias-villa-maria\/#\/schema\/person\/a0fb9c422317faca23d50163151bc354\"},\"headline\":\"En un trabajo mancomunado entre el Municipio, AERCA y Acovim se viene una nueva edici\u00f3n del \u00abVilla Mar\u00eda Sale\u00bb\",\"datePublished\":\"2024-09-12T17:09:22+00:00\",\"dateModified\":\"2024-09-12T17:45:53+00:00\",\"mainEntityOfPage\":{\"@id\":\"https:\/\/elregionalvm.com.ar\/noticias-villa-maria\/en-un-trabajo-mancomunado-entre-el-municipio-aerca-y-acovim-se-viene-una-nueva-edicion-del-villa-maria-sale\/\"},\"wordCount\":490,\"commentCount\":0,\"image\":{\"@id\":\"https:\/\/elregionalvm.com.ar\/noticias-villa-maria\/en-un-trabajo-mancomunado-entre-el-municipio-aerca-y-acovim-se-viene-una-nueva-edicion-del-villa-maria-sale\/#primaryimage\"},\"thumbnailUrl\":\"https:\/\/i0.wp.com\/elregionalvm.com.ar\/noticias-villa-maria\/wp-content\/uploads\/2024\/09\/WhatsApp-Image-2024-09-12-at-13.33.46.jpeg?fit=1557%2C905&ssl=1\",\"articleSection\":[\"destacado\",\"Sociedad\",\"Villa Mar\u00eda\"],\"inLanguage\":\"es\",\"potentialAction\":[{\"@type\":\"CommentAction\",\"name\":\"Comment\",\"target\":[\"https:\/\/elregionalvm.com.ar\/noticias-villa-maria\/en-un-trabajo-mancomunado-entre-el-municipio-aerca-y-acovim-se-viene-una-nueva-edicion-del-villa-maria-sale\/#respond\"]}]},{\"@type\":\"WebPage\",\"@id\":\"https:\/\/elregionalvm.com.ar\/noticias-villa-maria\/en-un-trabajo-mancomunado-entre-el-municipio-aerca-y-acovim-se-viene-una-nueva-edicion-del-villa-maria-sale\/\",\"url\":\"https:\/\/elregionalvm.com.ar\/noticias-villa-maria\/en-un-trabajo-mancomunado-entre-el-municipio-aerca-y-acovim-se-viene-una-nueva-edicion-del-villa-maria-sale\/\",\"name\":\"En un trabajo mancomunado entre el Municipio, AERCA y Acovim se viene una nueva edici\u00f3n del \\\"Villa Mar\u00eda Sale\\\" - El Regional\",\"isPartOf\":{\"@id\":\"http:\/\/elregionalvm.com.ar\/noticias-villa-maria\/#website\"},\"primaryImageOfPage\":{\"@id\":\"https:\/\/elregionalvm.com.ar\/noticias-villa-maria\/en-un-trabajo-mancomunado-entre-el-municipio-aerca-y-acovim-se-viene-una-nueva-edicion-del-villa-maria-sale\/#primaryimage\"},\"image\":{\"@id\":\"https:\/\/elregionalvm.com.ar\/noticias-villa-maria\/en-un-trabajo-mancomunado-entre-el-municipio-aerca-y-acovim-se-viene-una-nueva-edicion-del-villa-maria-sale\/#primaryimage\"},\"thumbnailUrl\":\"https:\/\/i0.wp.com\/elregionalvm.com.ar\/noticias-villa-maria\/wp-content\/uploads\/2024\/09\/WhatsApp-Image-2024-09-12-at-13.33.46.jpeg?fit=1557%2C905&ssl=1\",\"datePublished\":\"2024-09-12T17:09:22+00:00\",\"dateModified\":\"2024-09-12T17:45:53+00:00\",\"author\":{\"@id\":\"http:\/\/elregionalvm.com.ar\/noticias-villa-maria\/#\/schema\/person\/a0fb9c422317faca23d50163151bc354\"},\"breadcrumb\":{\"@id\":\"https:\/\/elregionalvm.com.ar\/noticias-villa-maria\/en-un-trabajo-mancomunado-entre-el-municipio-aerca-y-acovim-se-viene-una-nueva-edicion-del-villa-maria-sale\/#breadcrumb\"},\"inLanguage\":\"es\",\"potentialAction\":[{\"@type\":\"ReadAction\",\"target\":[\"https:\/\/elregionalvm.com.ar\/noticias-villa-maria\/en-un-trabajo-mancomunado-entre-el-municipio-aerca-y-acovim-se-viene-una-nueva-edicion-del-villa-maria-sale\/\"]}]},{\"@type\":\"ImageObject\",\"inLanguage\":\"es\",\"@id\":\"https:\/\/elregionalvm.com.ar\/noticias-villa-maria\/en-un-trabajo-mancomunado-entre-el-municipio-aerca-y-acovim-se-viene-una-nueva-edicion-del-villa-maria-sale\/#primaryimage\",\"url\":\"https:\/\/i0.wp.com\/elregionalvm.com.ar\/noticias-villa-maria\/wp-content\/uploads\/2024\/09\/WhatsApp-Image-2024-09-12-at-13.33.46.jpeg?fit=1557%2C905&ssl=1\",\"contentUrl\":\"https:\/\/i0.wp.com\/elregionalvm.com.ar\/noticias-villa-maria\/wp-content\/uploads\/2024\/09\/WhatsApp-Image-2024-09-12-at-13.33.46.jpeg?fit=1557%2C905&ssl=1\",\"width\":1557,\"height\":905},{\"@type\":\"BreadcrumbList\",\"@id\":\"https:\/\/elregionalvm.com.ar\/noticias-villa-maria\/en-un-trabajo-mancomunado-entre-el-municipio-aerca-y-acovim-se-viene-una-nueva-edicion-del-villa-maria-sale\/#breadcrumb\",\"itemListElement\":[{\"@type\":\"ListItem\",\"position\":1,\"name\":\"Portada\",\"item\":\"https:\/\/elregionalvm.com.ar\/noticias-villa-maria\/\"},{\"@type\":\"ListItem\",\"position\":2,\"name\":\"En un trabajo mancomunado entre el Municipio, AERCA y Acovim se viene una nueva edici\u00f3n del \u00abVilla Mar\u00eda Sale\u00bb\"}]},{\"@type\":\"WebSite\",\"@id\":\"http:\/\/elregionalvm.com.ar\/noticias-villa-maria\/#website\",\"url\":\"http:\/\/elregionalvm.com.ar\/noticias-villa-maria\/\",\"name\":\"El Regional\",\"description\":\"Mucho m\u00e1s que informaci\u00f3n\",\"potentialAction\":[{\"@type\":\"SearchAction\",\"target\":{\"@type\":\"EntryPoint\",\"urlTemplate\":\"http:\/\/elregionalvm.com.ar\/noticias-villa-maria\/?s={search_term_string}\"},\"query-input\":{\"@type\":\"PropertyValueSpecification\",\"valueRequired\":true,\"valueName\":\"search_term_string\"}}],\"inLanguage\":\"es\"},{\"@type\":\"Person\",\"@id\":\"http:\/\/elregionalvm.com.ar\/noticias-villa-maria\/#\/schema\/person\/a0fb9c422317faca23d50163151bc354\",\"name\":\"Contenidos El Regional\",\"image\":{\"@type\":\"ImageObject\",\"inLanguage\":\"es\",\"@id\":\"http:\/\/elregionalvm.com.ar\/noticias-villa-maria\/#\/schema\/person\/image\/\",\"url\":\"https:\/\/secure.gravatar.com\/avatar\/265b27cb2209af7bb3a1318f03305787d7981a5cc6e6cd08fe5a4ecdf99d4b48?s=96&d=mm&r=g\",\"contentUrl\":\"https:\/\/secure.gravatar.com\/avatar\/265b27cb2209af7bb3a1318f03305787d7981a5cc6e6cd08fe5a4ecdf99d4b48?s=96&d=mm&r=g\",\"caption\":\"Contenidos El Regional\"},\"url\":\"https:\/\/elregionalvm.com.ar\/noticias-villa-maria\/author\/contenido\/\"}]}<\/script>\n<!-- \/ Yoast SEO plugin. -->","yoast_head_json":{"title":"En un trabajo mancomunado entre el Municipio, AERCA y Acovim se viene una nueva edici\u00f3n del \"Villa Mar\u00eda Sale\" - El Regional","robots":{"index":"index","follow":"follow","max-snippet":"max-snippet:-1","max-image-preview":"max-image-preview:large","max-video-preview":"max-video-preview:-1"},"canonical":"https:\/\/elregionalvm.com.ar\/noticias-villa-maria\/en-un-trabajo-mancomunado-entre-el-municipio-aerca-y-acovim-se-viene-una-nueva-edicion-del-villa-maria-sale\/","og_locale":"es_ES","og_type":"article","og_title":"En un trabajo mancomunado entre el Municipio, AERCA y Acovim se viene una nueva edici\u00f3n del \"Villa Mar\u00eda Sale\" - El Regional","og_description":"Del 9 al 16 de noviembre se realizar\u00e1 la segunda edici\u00f3n del Villa Mar\u00eda Sale. La iniciativa es impulsada por la secretar\u00eda de Econom\u00eda, Transformaci\u00f3n Digital y Desarrollo Productivo a trav\u00e9s de la Subsecretar\u00eda de Desarrollo Productivo, junto a las c\u00e1maras empresariales y comerciales AERCA y ACOVIM. La propuesta fue anunciada en el Sal\u00f3n Blanco [&hellip;]","og_url":"https:\/\/elregionalvm.com.ar\/noticias-villa-maria\/en-un-trabajo-mancomunado-entre-el-municipio-aerca-y-acovim-se-viene-una-nueva-edicion-del-villa-maria-sale\/","og_site_name":"El Regional","article_publisher":"https:\/\/www.facebook.com\/elregionalvm","article_published_time":"2024-09-12T17:09:22+00:00","article_modified_time":"2024-09-12T17:45:53+00:00","og_image":[{"width":1557,"height":905,"url":"https:\/\/elregionalvm.com.ar\/noticias-villa-maria\/wp-content\/uploads\/2024\/09\/WhatsApp-Image-2024-09-12-at-13.33.46.jpeg","type":"image\/jpeg"}],"author":"Contenidos El Regional","twitter_card":"summary_large_image","twitter_creator":"@elregionalvm1","twitter_site":"@elregionalvm1","twitter_misc":{"Escrito por":"Contenidos El Regional","Tiempo de lectura":"3 minutos"},"schema":{"@context":"https:\/\/schema.org","@graph":[{"@type":"Article","@id":"https:\/\/elregionalvm.com.ar\/noticias-villa-maria\/en-un-trabajo-mancomunado-entre-el-municipio-aerca-y-acovim-se-viene-una-nueva-edicion-del-villa-maria-sale\/#article","isPartOf":{"@id":"https:\/\/elregionalvm.com.ar\/noticias-villa-maria\/en-un-trabajo-mancomunado-entre-el-municipio-aerca-y-acovim-se-viene-una-nueva-edicion-del-villa-maria-sale\/"},"author":{"name":"Contenidos El Regional","@id":"http:\/\/elregionalvm.com.ar\/noticias-villa-maria\/#\/schema\/person\/a0fb9c422317faca23d50163151bc354"},"headline":"En un trabajo mancomunado entre el Municipio, AERCA y Acovim se viene una nueva edici\u00f3n del \u00abVilla Mar\u00eda Sale\u00bb","datePublished":"2024-09-12T17:09:22+00:00","dateModified":"2024-09-12T17:45:53+00:00","mainEntityOfPage":{"@id":"https:\/\/elregionalvm.com.ar\/noticias-villa-maria\/en-un-trabajo-mancomunado-entre-el-municipio-aerca-y-acovim-se-viene-una-nueva-edicion-del-villa-maria-sale\/"},"wordCount":490,"commentCount":0,"image":{"@id":"https:\/\/elregionalvm.com.ar\/noticias-villa-maria\/en-un-trabajo-mancomunado-entre-el-municipio-aerca-y-acovim-se-viene-una-nueva-edicion-del-villa-maria-sale\/#primaryimage"},"thumbnailUrl":"https:\/\/i0.wp.com\/elregionalvm.com.ar\/noticias-villa-maria\/wp-content\/uploads\/2024\/09\/WhatsApp-Image-2024-09-12-at-13.33.46.jpeg?fit=1557%2C905&ssl=1","articleSection":["destacado","Sociedad","Villa Mar\u00eda"],"inLanguage":"es","potentialAction":[{"@type":"CommentAction","name":"Comment","target":["https:\/\/elregionalvm.com.ar\/noticias-villa-maria\/en-un-trabajo-mancomunado-entre-el-municipio-aerca-y-acovim-se-viene-una-nueva-edicion-del-villa-maria-sale\/#respond"]}]},{"@type":"WebPage","@id":"https:\/\/elregionalvm.com.ar\/noticias-villa-maria\/en-un-trabajo-mancomunado-entre-el-municipio-aerca-y-acovim-se-viene-una-nueva-edicion-del-villa-maria-sale\/","url":"https:\/\/elregionalvm.com.ar\/noticias-villa-maria\/en-un-trabajo-mancomunado-entre-el-municipio-aerca-y-acovim-se-viene-una-nueva-edicion-del-villa-maria-sale\/","name":"En un trabajo mancomunado entre el Municipio, AERCA y Acovim se viene una nueva edici\u00f3n del \"Villa Mar\u00eda Sale\" - El Regional","isPartOf":{"@id":"http:\/\/elregionalvm.com.ar\/noticias-villa-maria\/#website"},"primaryImageOfPage":{"@id":"https:\/\/elregionalvm.com.ar\/noticias-villa-maria\/en-un-trabajo-mancomunado-entre-el-municipio-aerca-y-acovim-se-viene-una-nueva-edicion-del-villa-maria-sale\/#primaryimage"},"image":{"@id":"https:\/\/elregionalvm.com.ar\/noticias-villa-maria\/en-un-trabajo-mancomunado-entre-el-municipio-aerca-y-acovim-se-viene-una-nueva-edicion-del-villa-maria-sale\/#primaryimage"},"thumbnailUrl":"https:\/\/i0.wp.com\/elregionalvm.com.ar\/noticias-villa-maria\/wp-content\/uploads\/2024\/09\/WhatsApp-Image-2024-09-12-at-13.33.46.jpeg?fit=1557%2C905&ssl=1","datePublished":"2024-09-12T17:09:22+00:00","dateModified":"2024-09-12T17:45:53+00:00","author":{"@id":"http:\/\/elregionalvm.com.ar\/noticias-villa-maria\/#\/schema\/person\/a0fb9c422317faca23d50163151bc354"},"breadcrumb":{"@id":"https:\/\/elregionalvm.com.ar\/noticias-villa-maria\/en-un-trabajo-mancomunado-entre-el-municipio-aerca-y-acovim-se-viene-una-nueva-edicion-del-villa-maria-sale\/#breadcrumb"},"inLanguage":"es","potentialAction":[{"@type":"ReadAction","target":["https:\/\/elregionalvm.com.ar\/noticias-villa-maria\/en-un-trabajo-mancomunado-entre-el-municipio-aerca-y-acovim-se-viene-una-nueva-edicion-del-villa-maria-sale\/"]}]},{"@type":"ImageObject","inLanguage":"es","@id":"https:\/\/elregionalvm.com.ar\/noticias-villa-maria\/en-un-trabajo-mancomunado-entre-el-municipio-aerca-y-acovim-se-viene-una-nueva-edicion-del-villa-maria-sale\/#primaryimage","url":"https:\/\/i0.wp.com\/elregionalvm.com.ar\/noticias-villa-maria\/wp-content\/uploads\/2024\/09\/WhatsApp-Image-2024-09-12-at-13.33.46.jpeg?fit=1557%2C905&ssl=1","contentUrl":"https:\/\/i0.wp.com\/elregionalvm.com.ar\/noticias-villa-maria\/wp-content\/uploads\/2024\/09\/WhatsApp-Image-2024-09-12-at-13.33.46.jpeg?fit=1557%2C905&ssl=1","width":1557,"height":905},{"@type":"BreadcrumbList","@id":"https:\/\/elregionalvm.com.ar\/noticias-villa-maria\/en-un-trabajo-mancomunado-entre-el-municipio-aerca-y-acovim-se-viene-una-nueva-edicion-del-villa-maria-sale\/#breadcrumb","itemListElement":[{"@type":"ListItem","position":1,"name":"Portada","item":"https:\/\/elregionalvm.com.ar\/noticias-villa-maria\/"},{"@type":"ListItem","position":2,"name":"En un trabajo mancomunado entre el Municipio, AERCA y Acovim se viene una nueva edici\u00f3n del \u00abVilla Mar\u00eda Sale\u00bb"}]},{"@type":"WebSite","@id":"http:\/\/elregionalvm.com.ar\/noticias-villa-maria\/#website","url":"http:\/\/elregionalvm.com.ar\/noticias-villa-maria\/","name":"El Regional","description":"Mucho m\u00e1s que informaci\u00f3n","potentialAction":[{"@type":"SearchAction","target":{"@type":"EntryPoint","urlTemplate":"http:\/\/elregionalvm.com.ar\/noticias-villa-maria\/?s={search_term_string}"},"query-input":{"@type":"PropertyValueSpecification","valueRequired":true,"valueName":"search_term_string"}}],"inLanguage":"es"},{"@type":"Person","@id":"http:\/\/elregionalvm.com.ar\/noticias-villa-maria\/#\/schema\/person\/a0fb9c422317faca23d50163151bc354","name":"Contenidos El Regional","image":{"@type":"ImageObject","inLanguage":"es","@id":"http:\/\/elregionalvm.com.ar\/noticias-villa-maria\/#\/schema\/person\/image\/","url":"https:\/\/secure.gravatar.com\/avatar\/265b27cb2209af7bb3a1318f03305787d7981a5cc6e6cd08fe5a4ecdf99d4b48?s=96&d=mm&r=g","contentUrl":"https:\/\/secure.gravatar.com\/avatar\/265b27cb2209af7bb3a1318f03305787d7981a5cc6e6cd08fe5a4ecdf99d4b48?s=96&d=mm&r=g","caption":"Contenidos El Regional"},"url":"https:\/\/elregionalvm.com.ar\/noticias-villa-maria\/author\/contenido\/"}]}},"jetpack_featured_media_url":"https:\/\/i0.wp.com\/elregionalvm.com.ar\/noticias-villa-maria\/wp-content\/uploads\/2024\/09\/WhatsApp-Image-2024-09-12-at-13.33.46.jpeg?fit=1557%2C905&ssl=1","jetpack_sharing_enabled":true,"_links":{"self":[{"href":"https:\/\/elregionalvm.com.ar\/noticias-villa-maria\/wp-json\/wp\/v2\/posts\/98564","targetHints":{"allow":["GET"]}}],"collection":[{"href":"https:\/\/elregionalvm.com.ar\/noticias-villa-maria\/wp-json\/wp\/v2\/posts"}],"about":[{"href":"https:\/\/elregionalvm.com.ar\/noticias-villa-maria\/wp-json\/wp\/v2\/types\/post"}],"author":[{"embeddable":true,"href":"https:\/\/elregionalvm.com.ar\/noticias-villa-maria\/wp-json\/wp\/v2\/users\/4"}],"replies":[{"embeddable":true,"href":"https:\/\/elregionalvm.com.ar\/noticias-villa-maria\/wp-json\/wp\/v2\/comments?post=98564"}],"version-history":[{"count":2,"href":"https:\/\/elregionalvm.com.ar\/noticias-villa-maria\/wp-json\/wp\/v2\/posts\/98564\/revisions"}],"predecessor-version":[{"id":98587,"href":"https:\/\/elregionalvm.com.ar\/noticias-villa-maria\/wp-json\/wp\/v2\/posts\/98564\/revisions\/98587"}],"wp:featuredmedia":[{"embeddable":true,"href":"https:\/\/elregionalvm.com.ar\/noticias-villa-maria\/wp-json\/wp\/v2\/media\/98567"}],"wp:attachment":[{"href":"https:\/\/elregionalvm.com.ar\/noticias-villa-maria\/wp-json\/wp\/v2\/media?parent=98564"}],"wp:term":[{"taxonomy":"category","embeddable":true,"href":"https:\/\/elregionalvm.com.ar\/noticias-villa-maria\/wp-json\/wp\/v2\/categories?post=98564"},{"taxonomy":"post_tag","embeddable":true,"href":"https:\/\/elregionalvm.com.ar\/noticias-villa-maria\/wp-json\/wp\/v2\/tags?post=98564"}],"curies":[{"name":"wp","href":"https:\/\/api.w.org\/{rel}","templated":true}]}}