{"id":98572,"date":"2024-09-12T17:23:20","date_gmt":"2024-09-12T17:23:20","guid":{"rendered":"https:\/\/elregionalvm.com.ar\/noticias-villa-maria\/?p=98572"},"modified":"2024-09-12T17:23:21","modified_gmt":"2024-09-12T17:23:21","slug":"la-municipalidad-y-el-cluster-impulso-tecnologico-ratificaron-un-convenio-para-desarrollar-la-nueva-nave-tecnologica","status":"publish","type":"post","link":"https:\/\/elregionalvm.com.ar\/noticias-villa-maria\/la-municipalidad-y-el-cluster-impulso-tecnologico-ratificaron-un-convenio-para-desarrollar-la-nueva-nave-tecnologica\/","title":{"rendered":"La Municipalidad y el Cl\u00faster Impulso Tecnol\u00f3gico ratificaron un convenio para desarrollar la nueva \u00abNave Tecnol\u00f3gica\u00bb"},"content":{"rendered":"\n<p>En el mediod\u00eda de hoy, la Municipalidad y el Cl\u00faster \u00abImpulso Tecnol\u00f3gico\u00bb de Tecnolog\u00eda de la Informaci\u00f3n y la Comunicaci\u00f3n (TIC\u00b4S) Villa Mar\u00eda, ratific\u00f3 un convenio de Cooperaci\u00f3n, Complementaci\u00f3n y Cesi\u00f3n de Espacio para desarrollar la nueva \u201cNave Tecnol\u00f3gica\u201c, que estar\u00e1 emplazada en el Parque Pereira y Dom\u00ednguez.<\/p>\n\n\n\n<figure class=\"wp-block-image size-large\"><img data-recalc-dims=\"1\" fetchpriority=\"high\" decoding=\"async\" width=\"1024\" height=\"669\" src=\"https:\/\/i0.wp.com\/elregionalvm.com.ar\/noticias-villa-maria\/wp-content\/uploads\/2024\/09\/WhatsApp-Image-2024-09-12-at-14.13.34.jpeg?resize=1024%2C669&#038;ssl=1\" alt=\"\" class=\"wp-image-98574\" srcset=\"https:\/\/i0.wp.com\/elregionalvm.com.ar\/noticias-villa-maria\/wp-content\/uploads\/2024\/09\/WhatsApp-Image-2024-09-12-at-14.13.34.jpeg?resize=1024%2C669&amp;ssl=1 1024w, https:\/\/i0.wp.com\/elregionalvm.com.ar\/noticias-villa-maria\/wp-content\/uploads\/2024\/09\/WhatsApp-Image-2024-09-12-at-14.13.34.jpeg?resize=300%2C196&amp;ssl=1 300w, https:\/\/i0.wp.com\/elregionalvm.com.ar\/noticias-villa-maria\/wp-content\/uploads\/2024\/09\/WhatsApp-Image-2024-09-12-at-14.13.34.jpeg?resize=768%2C502&amp;ssl=1 768w, https:\/\/i0.wp.com\/elregionalvm.com.ar\/noticias-villa-maria\/wp-content\/uploads\/2024\/09\/WhatsApp-Image-2024-09-12-at-14.13.34.jpeg?w=1367&amp;ssl=1 1367w\" sizes=\"(max-width: 1000px) 100vw, 1000px\" \/><\/figure>\n\n\n\n<p>Al respecto, el intendente Eduardo Accastello, expres\u00f3: \u201dTrabajamos en la eliminaci\u00f3n de la tasa de comercio para las empresas TIC de la ciudad, porque queremos generar trabajo e innovaci\u00f3n, queremos que el talento creativo se quede en Villa Mar\u00eda y por eso seguimos potenciando el sector con decisiones como \u00e9stas\u00bb.<\/p>\n\n\n\n<p>Luego, a\u00f1adi\u00f3: \u201dLas empresas TIC eligieron internacionalizar Villa Mar\u00eda, ser competitivos en todos los terrenos, lo que significa poder competir m\u00e1s all\u00e1 de los l\u00edmites f\u00edsicos. Hoy, son veintid\u00f3s las empresas que re\u00fanen a casi novecientos integrantes, que compiten en el mundo y generan recursos que vuelven a la ciudad. Tenemos que transformar las crisis en oportunidades, por eso es hist\u00f3rico lo que estamos firmando y acordando. No se trata solo de la cesi\u00f3n, sino del compromiso que significa continuar trabajando juntos para agregar valor a nuestra ciudad\u201d.<\/p>\n\n\n\n<p>A su turno, el presidente del Cl\u00faster, Marcos Vega, manifest\u00f3: \u201dDesde nuestro Cl\u00faster estamos muy contentos, este es un hecho hist\u00f3rico, un punto de inflexi\u00f3n en el tejido de la econom\u00eda del conocimiento de la ciudad, visibilizando el sector y trabajando en conjunto para facilitar el net-working entre nosotros y tratar de fomentar la vocaci\u00f3n en este sector maravilloso que es la tecnolog\u00eda. Desde el cl\u00faster bregamos porque los chicos de las escuelas primarias, escuelas secundas, universidades o instituciones terciarios puedan despertar su vocaci\u00f3n\u201d.<\/p>\n\n\n\n<figure class=\"wp-block-image size-large\"><img data-recalc-dims=\"1\" decoding=\"async\" width=\"1024\" height=\"686\" src=\"https:\/\/i0.wp.com\/elregionalvm.com.ar\/noticias-villa-maria\/wp-content\/uploads\/2024\/09\/WhatsApp-Image-2024-09-12-at-14.13.34-1.jpeg?resize=1024%2C686&#038;ssl=1\" alt=\"\" class=\"wp-image-98573\" srcset=\"https:\/\/i0.wp.com\/elregionalvm.com.ar\/noticias-villa-maria\/wp-content\/uploads\/2024\/09\/WhatsApp-Image-2024-09-12-at-14.13.34-1.jpeg?resize=1024%2C686&amp;ssl=1 1024w, https:\/\/i0.wp.com\/elregionalvm.com.ar\/noticias-villa-maria\/wp-content\/uploads\/2024\/09\/WhatsApp-Image-2024-09-12-at-14.13.34-1.jpeg?resize=300%2C201&amp;ssl=1 300w, https:\/\/i0.wp.com\/elregionalvm.com.ar\/noticias-villa-maria\/wp-content\/uploads\/2024\/09\/WhatsApp-Image-2024-09-12-at-14.13.34-1.jpeg?resize=768%2C515&amp;ssl=1 768w, https:\/\/i0.wp.com\/elregionalvm.com.ar\/noticias-villa-maria\/wp-content\/uploads\/2024\/09\/WhatsApp-Image-2024-09-12-at-14.13.34-1.jpeg?resize=1536%2C1029&amp;ssl=1 1536w, https:\/\/i0.wp.com\/elregionalvm.com.ar\/noticias-villa-maria\/wp-content\/uploads\/2024\/09\/WhatsApp-Image-2024-09-12-at-14.13.34-1.jpeg?w=1600&amp;ssl=1 1600w\" sizes=\"(max-width: 1000px) 100vw, 1000px\" \/><\/figure>\n\n\n\n<p>A trav\u00e9s del acuerdo, las partes apuntan a desarrollar proyectos de car\u00e1cter cient\u00edfico y educativo para toda la comunidad de nuestra ciudad. En especial, las propuestas buscar\u00e1n tambi\u00e9n estimular la cultura digital y reducir brechas de alfabetizaci\u00f3n digital.<\/p>\n\n\n\n<p>Asimismo, la instituci\u00f3n se compromete a actualizar las actividades que se desarrollan en la Tecnoteca, con programas para ni\u00f1os, ni\u00f1as j\u00f3venes y mujeres emprendedoras, el dictado de cursos, conferencias, talleres, capacitaciones y otras propuestas pertinentes.<\/p>\n\n\n\n<p>Por su parte, la Municipalidad entrega, en calidad de donaci\u00f3n, un espacio cerrado de 500 metros cuadrados, ubicado en la intersecci\u00f3n de la calle Chile y la avenida Rawson, dentro de Parque Pereira y Dom\u00ednguez, para conformar la \u201cNave Tecnol\u00f3gica\u201d.<\/p>\n\n\n\n<p>Estuvieron presentes miembros del Cl\u00faster Impulso Tecnol\u00f3gico, representantes de 17 empresas relacionadas al rubro TIC&#8217;s; la legisladora provincial, Ver\u00f3nica Navarro; el secretario de Gobierno, Cultura y Relaciones Institucionales, Marcos Bovo; el secretario de Econom\u00eda, Transformaci\u00f3n Digital y Desarrollo Productivo, Guillermo Pieckenstainer; y la secretaria de Infraestructura, Desarrollo Urbano y Ambiente, Alejandra Barbero.<\/p>\n","protected":false},"excerpt":{"rendered":"<p>En el mediod\u00eda de hoy, la Municipalidad y el Cl\u00faster \u00abImpulso Tecnol\u00f3gico\u00bb de Tecnolog\u00eda de la Informaci\u00f3n y la Comunicaci\u00f3n (TIC\u00b4S) Villa Mar\u00eda, ratific\u00f3 un convenio de Cooperaci\u00f3n, Complementaci\u00f3n y Cesi\u00f3n de Espacio para desarrollar la nueva \u201cNave Tecnol\u00f3gica\u201c, que estar\u00e1 emplazada en el Parque Pereira y Dom\u00ednguez. Al respecto, el intendente Eduardo Accastello, expres\u00f3: [&hellip;]<\/p>\n","protected":false},"author":4,"featured_media":98575,"comment_status":"open","ping_status":"open","sticky":false,"template":"","format":"standard","meta":{"site-sidebar-layout":"default","site-content-layout":"","ast-site-content-layout":"default","site-content-style":"default","site-sidebar-style":"default","ast-global-header-display":"","ast-banner-title-visibility":"","ast-main-header-display":"","ast-hfb-above-header-display":"","ast-hfb-below-header-display":"","ast-hfb-mobile-header-display":"","site-post-title":"","ast-breadcrumbs-content":"","ast-featured-img":"","footer-sml-layout":"","ast-disable-related-posts":"","theme-transparent-header-meta":"","adv-header-id-meta":"","stick-header-meta":"","header-above-stick-meta":"","header-main-stick-meta":"","header-below-stick-meta":"","astra-migrate-meta-layouts":"set","ast-page-background-enabled":"default","ast-page-background-meta":{"desktop":{"background-color":"","background-image":"","background-repeat":"repeat","background-position":"center center","background-size":"auto","background-attachment":"scroll","background-type":"","background-media":"","overlay-type":"","overlay-color":"","overlay-opacity":"","overlay-gradient":""},"tablet":{"background-color":"","background-image":"","background-repeat":"repeat","background-position":"center center","background-size":"auto","background-attachment":"scroll","background-type":"","background-media":"","overlay-type":"","overlay-color":"","overlay-opacity":"","overlay-gradient":""},"mobile":{"background-color":"","background-image":"","background-repeat":"repeat","background-position":"center center","background-size":"auto","background-attachment":"scroll","background-type":"","background-media":"","overlay-type":"","overlay-color":"","overlay-opacity":"","overlay-gradient":""}},"ast-content-background-meta":{"desktop":{"background-color":"var(--ast-global-color-5)","background-image":"","background-repeat":"repeat","background-position":"center center","background-size":"auto","background-attachment":"scroll","background-type":"","background-media":"","overlay-type":"","overlay-color":"","overlay-opacity":"","overlay-gradient":""},"tablet":{"background-color":"var(--ast-global-color-5)","background-image":"","background-repeat":"repeat","background-position":"center center","background-size":"auto","background-attachment":"scroll","background-type":"","background-media":"","overlay-type":"","overlay-color":"","overlay-opacity":"","overlay-gradient":""},"mobile":{"background-color":"var(--ast-global-color-5)","background-image":"","background-repeat":"repeat","background-position":"center center","background-size":"auto","background-attachment":"scroll","background-type":"","background-media":"","overlay-type":"","overlay-color":"","overlay-opacity":"","overlay-gradient":""}},"_jetpack_memberships_contains_paid_content":false,"_joinchat":[],"footnotes":""},"categories":[15302,5,2],"tags":[],"class_list":["post-98572","post","type-post","status-publish","format-standard","has-post-thumbnail","hentry","category-destacado","category-sociedad","category-villa-maria"],"yoast_head":"<!-- This site is optimized with the Yoast SEO plugin v26.8 - https:\/\/yoast.com\/product\/yoast-seo-wordpress\/ -->\n<title>La Municipalidad y el Cl\u00faster Impulso Tecnol\u00f3gico ratificaron un convenio para desarrollar la nueva &quot;Nave Tecnol\u00f3gica&quot; - El Regional<\/title>\n<meta name=\"robots\" content=\"index, follow, max-snippet:-1, max-image-preview:large, max-video-preview:-1\" \/>\n<link rel=\"canonical\" href=\"https:\/\/elregionalvm.com.ar\/noticias-villa-maria\/la-municipalidad-y-el-cluster-impulso-tecnologico-ratificaron-un-convenio-para-desarrollar-la-nueva-nave-tecnologica\/\" \/>\n<meta property=\"og:locale\" content=\"es_ES\" \/>\n<meta property=\"og:type\" content=\"article\" \/>\n<meta property=\"og:title\" content=\"La Municipalidad y el Cl\u00faster Impulso Tecnol\u00f3gico ratificaron un convenio para desarrollar la nueva &quot;Nave Tecnol\u00f3gica&quot; - El Regional\" \/>\n<meta property=\"og:description\" content=\"En el mediod\u00eda de hoy, la Municipalidad y el Cl\u00faster \u00abImpulso Tecnol\u00f3gico\u00bb de Tecnolog\u00eda de la Informaci\u00f3n y la Comunicaci\u00f3n (TIC\u00b4S) Villa Mar\u00eda, ratific\u00f3 un convenio de Cooperaci\u00f3n, Complementaci\u00f3n y Cesi\u00f3n de Espacio para desarrollar la nueva \u201cNave Tecnol\u00f3gica\u201c, que estar\u00e1 emplazada en el Parque Pereira y Dom\u00ednguez. Al respecto, el intendente Eduardo Accastello, expres\u00f3: [&hellip;]\" \/>\n<meta property=\"og:url\" content=\"https:\/\/elregionalvm.com.ar\/noticias-villa-maria\/la-municipalidad-y-el-cluster-impulso-tecnologico-ratificaron-un-convenio-para-desarrollar-la-nueva-nave-tecnologica\/\" \/>\n<meta property=\"og:site_name\" content=\"El Regional\" \/>\n<meta property=\"article:publisher\" content=\"https:\/\/www.facebook.com\/elregionalvm\" \/>\n<meta property=\"article:published_time\" content=\"2024-09-12T17:23:20+00:00\" \/>\n<meta property=\"article:modified_time\" content=\"2024-09-12T17:23:21+00:00\" \/>\n<meta property=\"og:image\" content=\"https:\/\/elregionalvm.com.ar\/noticias-villa-maria\/wp-content\/uploads\/2024\/09\/WhatsApp-Image-2024-09-12-at-14.13.33.jpeg\" \/>\n\t<meta property=\"og:image:width\" content=\"1600\" \/>\n\t<meta property=\"og:image:height\" content=\"1133\" \/>\n\t<meta property=\"og:image:type\" content=\"image\/jpeg\" \/>\n<meta name=\"author\" content=\"Contenidos El Regional\" \/>\n<meta name=\"twitter:card\" content=\"summary_large_image\" \/>\n<meta name=\"twitter:creator\" content=\"@elregionalvm1\" \/>\n<meta name=\"twitter:site\" content=\"@elregionalvm1\" \/>\n<meta name=\"twitter:label1\" content=\"Escrito por\" \/>\n\t<meta name=\"twitter:data1\" content=\"Contenidos El Regional\" \/>\n\t<meta name=\"twitter:label2\" content=\"Tiempo de lectura\" \/>\n\t<meta name=\"twitter:data2\" content=\"3 minutos\" \/>\n<script type=\"application\/ld+json\" class=\"yoast-schema-graph\">{\"@context\":\"https:\/\/schema.org\",\"@graph\":[{\"@type\":\"Article\",\"@id\":\"https:\/\/elregionalvm.com.ar\/noticias-villa-maria\/la-municipalidad-y-el-cluster-impulso-tecnologico-ratificaron-un-convenio-para-desarrollar-la-nueva-nave-tecnologica\/#article\",\"isPartOf\":{\"@id\":\"https:\/\/elregionalvm.com.ar\/noticias-villa-maria\/la-municipalidad-y-el-cluster-impulso-tecnologico-ratificaron-un-convenio-para-desarrollar-la-nueva-nave-tecnologica\/\"},\"author\":{\"name\":\"Contenidos El Regional\",\"@id\":\"http:\/\/elregionalvm.com.ar\/noticias-villa-maria\/#\/schema\/person\/a0fb9c422317faca23d50163151bc354\"},\"headline\":\"La Municipalidad y el Cl\u00faster Impulso Tecnol\u00f3gico ratificaron un convenio para desarrollar la nueva \u00abNave Tecnol\u00f3gica\u00bb\",\"datePublished\":\"2024-09-12T17:23:20+00:00\",\"dateModified\":\"2024-09-12T17:23:21+00:00\",\"mainEntityOfPage\":{\"@id\":\"https:\/\/elregionalvm.com.ar\/noticias-villa-maria\/la-municipalidad-y-el-cluster-impulso-tecnologico-ratificaron-un-convenio-para-desarrollar-la-nueva-nave-tecnologica\/\"},\"wordCount\":506,\"commentCount\":0,\"image\":{\"@id\":\"https:\/\/elregionalvm.com.ar\/noticias-villa-maria\/la-municipalidad-y-el-cluster-impulso-tecnologico-ratificaron-un-convenio-para-desarrollar-la-nueva-nave-tecnologica\/#primaryimage\"},\"thumbnailUrl\":\"https:\/\/i0.wp.com\/elregionalvm.com.ar\/noticias-villa-maria\/wp-content\/uploads\/2024\/09\/WhatsApp-Image-2024-09-12-at-14.13.33.jpeg?fit=1600%2C1133&ssl=1\",\"articleSection\":[\"destacado\",\"Sociedad\",\"Villa Mar\u00eda\"],\"inLanguage\":\"es\",\"potentialAction\":[{\"@type\":\"CommentAction\",\"name\":\"Comment\",\"target\":[\"https:\/\/elregionalvm.com.ar\/noticias-villa-maria\/la-municipalidad-y-el-cluster-impulso-tecnologico-ratificaron-un-convenio-para-desarrollar-la-nueva-nave-tecnologica\/#respond\"]}]},{\"@type\":\"WebPage\",\"@id\":\"https:\/\/elregionalvm.com.ar\/noticias-villa-maria\/la-municipalidad-y-el-cluster-impulso-tecnologico-ratificaron-un-convenio-para-desarrollar-la-nueva-nave-tecnologica\/\",\"url\":\"https:\/\/elregionalvm.com.ar\/noticias-villa-maria\/la-municipalidad-y-el-cluster-impulso-tecnologico-ratificaron-un-convenio-para-desarrollar-la-nueva-nave-tecnologica\/\",\"name\":\"La Municipalidad y el Cl\u00faster Impulso Tecnol\u00f3gico ratificaron un convenio para desarrollar la nueva \\\"Nave Tecnol\u00f3gica\\\" - El Regional\",\"isPartOf\":{\"@id\":\"http:\/\/elregionalvm.com.ar\/noticias-villa-maria\/#website\"},\"primaryImageOfPage\":{\"@id\":\"https:\/\/elregionalvm.com.ar\/noticias-villa-maria\/la-municipalidad-y-el-cluster-impulso-tecnologico-ratificaron-un-convenio-para-desarrollar-la-nueva-nave-tecnologica\/#primaryimage\"},\"image\":{\"@id\":\"https:\/\/elregionalvm.com.ar\/noticias-villa-maria\/la-municipalidad-y-el-cluster-impulso-tecnologico-ratificaron-un-convenio-para-desarrollar-la-nueva-nave-tecnologica\/#primaryimage\"},\"thumbnailUrl\":\"https:\/\/i0.wp.com\/elregionalvm.com.ar\/noticias-villa-maria\/wp-content\/uploads\/2024\/09\/WhatsApp-Image-2024-09-12-at-14.13.33.jpeg?fit=1600%2C1133&ssl=1\",\"datePublished\":\"2024-09-12T17:23:20+00:00\",\"dateModified\":\"2024-09-12T17:23:21+00:00\",\"author\":{\"@id\":\"http:\/\/elregionalvm.com.ar\/noticias-villa-maria\/#\/schema\/person\/a0fb9c422317faca23d50163151bc354\"},\"breadcrumb\":{\"@id\":\"https:\/\/elregionalvm.com.ar\/noticias-villa-maria\/la-municipalidad-y-el-cluster-impulso-tecnologico-ratificaron-un-convenio-para-desarrollar-la-nueva-nave-tecnologica\/#breadcrumb\"},\"inLanguage\":\"es\",\"potentialAction\":[{\"@type\":\"ReadAction\",\"target\":[\"https:\/\/elregionalvm.com.ar\/noticias-villa-maria\/la-municipalidad-y-el-cluster-impulso-tecnologico-ratificaron-un-convenio-para-desarrollar-la-nueva-nave-tecnologica\/\"]}]},{\"@type\":\"ImageObject\",\"inLanguage\":\"es\",\"@id\":\"https:\/\/elregionalvm.com.ar\/noticias-villa-maria\/la-municipalidad-y-el-cluster-impulso-tecnologico-ratificaron-un-convenio-para-desarrollar-la-nueva-nave-tecnologica\/#primaryimage\",\"url\":\"https:\/\/i0.wp.com\/elregionalvm.com.ar\/noticias-villa-maria\/wp-content\/uploads\/2024\/09\/WhatsApp-Image-2024-09-12-at-14.13.33.jpeg?fit=1600%2C1133&ssl=1\",\"contentUrl\":\"https:\/\/i0.wp.com\/elregionalvm.com.ar\/noticias-villa-maria\/wp-content\/uploads\/2024\/09\/WhatsApp-Image-2024-09-12-at-14.13.33.jpeg?fit=1600%2C1133&ssl=1\",\"width\":1600,\"height\":1133},{\"@type\":\"BreadcrumbList\",\"@id\":\"https:\/\/elregionalvm.com.ar\/noticias-villa-maria\/la-municipalidad-y-el-cluster-impulso-tecnologico-ratificaron-un-convenio-para-desarrollar-la-nueva-nave-tecnologica\/#breadcrumb\",\"itemListElement\":[{\"@type\":\"ListItem\",\"position\":1,\"name\":\"Portada\",\"item\":\"https:\/\/elregionalvm.com.ar\/noticias-villa-maria\/\"},{\"@type\":\"ListItem\",\"position\":2,\"name\":\"La Municipalidad y el Cl\u00faster Impulso Tecnol\u00f3gico ratificaron un convenio para desarrollar la nueva \u00abNave Tecnol\u00f3gica\u00bb\"}]},{\"@type\":\"WebSite\",\"@id\":\"http:\/\/elregionalvm.com.ar\/noticias-villa-maria\/#website\",\"url\":\"http:\/\/elregionalvm.com.ar\/noticias-villa-maria\/\",\"name\":\"El Regional\",\"description\":\"Mucho m\u00e1s que informaci\u00f3n\",\"potentialAction\":[{\"@type\":\"SearchAction\",\"target\":{\"@type\":\"EntryPoint\",\"urlTemplate\":\"http:\/\/elregionalvm.com.ar\/noticias-villa-maria\/?s={search_term_string}\"},\"query-input\":{\"@type\":\"PropertyValueSpecification\",\"valueRequired\":true,\"valueName\":\"search_term_string\"}}],\"inLanguage\":\"es\"},{\"@type\":\"Person\",\"@id\":\"http:\/\/elregionalvm.com.ar\/noticias-villa-maria\/#\/schema\/person\/a0fb9c422317faca23d50163151bc354\",\"name\":\"Contenidos El Regional\",\"image\":{\"@type\":\"ImageObject\",\"inLanguage\":\"es\",\"@id\":\"http:\/\/elregionalvm.com.ar\/noticias-villa-maria\/#\/schema\/person\/image\/\",\"url\":\"https:\/\/secure.gravatar.com\/avatar\/265b27cb2209af7bb3a1318f03305787d7981a5cc6e6cd08fe5a4ecdf99d4b48?s=96&d=mm&r=g\",\"contentUrl\":\"https:\/\/secure.gravatar.com\/avatar\/265b27cb2209af7bb3a1318f03305787d7981a5cc6e6cd08fe5a4ecdf99d4b48?s=96&d=mm&r=g\",\"caption\":\"Contenidos El Regional\"},\"url\":\"https:\/\/elregionalvm.com.ar\/noticias-villa-maria\/author\/contenido\/\"}]}<\/script>\n<!-- \/ Yoast SEO plugin. -->","yoast_head_json":{"title":"La Municipalidad y el Cl\u00faster Impulso Tecnol\u00f3gico ratificaron un convenio para desarrollar la nueva \"Nave Tecnol\u00f3gica\" - El Regional","robots":{"index":"index","follow":"follow","max-snippet":"max-snippet:-1","max-image-preview":"max-image-preview:large","max-video-preview":"max-video-preview:-1"},"canonical":"https:\/\/elregionalvm.com.ar\/noticias-villa-maria\/la-municipalidad-y-el-cluster-impulso-tecnologico-ratificaron-un-convenio-para-desarrollar-la-nueva-nave-tecnologica\/","og_locale":"es_ES","og_type":"article","og_title":"La Municipalidad y el Cl\u00faster Impulso Tecnol\u00f3gico ratificaron un convenio para desarrollar la nueva \"Nave Tecnol\u00f3gica\" - El Regional","og_description":"En el mediod\u00eda de hoy, la Municipalidad y el Cl\u00faster \u00abImpulso Tecnol\u00f3gico\u00bb de Tecnolog\u00eda de la Informaci\u00f3n y la Comunicaci\u00f3n (TIC\u00b4S) Villa Mar\u00eda, ratific\u00f3 un convenio de Cooperaci\u00f3n, Complementaci\u00f3n y Cesi\u00f3n de Espacio para desarrollar la nueva \u201cNave Tecnol\u00f3gica\u201c, que estar\u00e1 emplazada en el Parque Pereira y Dom\u00ednguez. Al respecto, el intendente Eduardo Accastello, expres\u00f3: [&hellip;]","og_url":"https:\/\/elregionalvm.com.ar\/noticias-villa-maria\/la-municipalidad-y-el-cluster-impulso-tecnologico-ratificaron-un-convenio-para-desarrollar-la-nueva-nave-tecnologica\/","og_site_name":"El Regional","article_publisher":"https:\/\/www.facebook.com\/elregionalvm","article_published_time":"2024-09-12T17:23:20+00:00","article_modified_time":"2024-09-12T17:23:21+00:00","og_image":[{"width":1600,"height":1133,"url":"https:\/\/elregionalvm.com.ar\/noticias-villa-maria\/wp-content\/uploads\/2024\/09\/WhatsApp-Image-2024-09-12-at-14.13.33.jpeg","type":"image\/jpeg"}],"author":"Contenidos El Regional","twitter_card":"summary_large_image","twitter_creator":"@elregionalvm1","twitter_site":"@elregionalvm1","twitter_misc":{"Escrito por":"Contenidos El Regional","Tiempo de lectura":"3 minutos"},"schema":{"@context":"https:\/\/schema.org","@graph":[{"@type":"Article","@id":"https:\/\/elregionalvm.com.ar\/noticias-villa-maria\/la-municipalidad-y-el-cluster-impulso-tecnologico-ratificaron-un-convenio-para-desarrollar-la-nueva-nave-tecnologica\/#article","isPartOf":{"@id":"https:\/\/elregionalvm.com.ar\/noticias-villa-maria\/la-municipalidad-y-el-cluster-impulso-tecnologico-ratificaron-un-convenio-para-desarrollar-la-nueva-nave-tecnologica\/"},"author":{"name":"Contenidos El Regional","@id":"http:\/\/elregionalvm.com.ar\/noticias-villa-maria\/#\/schema\/person\/a0fb9c422317faca23d50163151bc354"},"headline":"La Municipalidad y el Cl\u00faster Impulso Tecnol\u00f3gico ratificaron un convenio para desarrollar la nueva \u00abNave Tecnol\u00f3gica\u00bb","datePublished":"2024-09-12T17:23:20+00:00","dateModified":"2024-09-12T17:23:21+00:00","mainEntityOfPage":{"@id":"https:\/\/elregionalvm.com.ar\/noticias-villa-maria\/la-municipalidad-y-el-cluster-impulso-tecnologico-ratificaron-un-convenio-para-desarrollar-la-nueva-nave-tecnologica\/"},"wordCount":506,"commentCount":0,"image":{"@id":"https:\/\/elregionalvm.com.ar\/noticias-villa-maria\/la-municipalidad-y-el-cluster-impulso-tecnologico-ratificaron-un-convenio-para-desarrollar-la-nueva-nave-tecnologica\/#primaryimage"},"thumbnailUrl":"https:\/\/i0.wp.com\/elregionalvm.com.ar\/noticias-villa-maria\/wp-content\/uploads\/2024\/09\/WhatsApp-Image-2024-09-12-at-14.13.33.jpeg?fit=1600%2C1133&ssl=1","articleSection":["destacado","Sociedad","Villa Mar\u00eda"],"inLanguage":"es","potentialAction":[{"@type":"CommentAction","name":"Comment","target":["https:\/\/elregionalvm.com.ar\/noticias-villa-maria\/la-municipalidad-y-el-cluster-impulso-tecnologico-ratificaron-un-convenio-para-desarrollar-la-nueva-nave-tecnologica\/#respond"]}]},{"@type":"WebPage","@id":"https:\/\/elregionalvm.com.ar\/noticias-villa-maria\/la-municipalidad-y-el-cluster-impulso-tecnologico-ratificaron-un-convenio-para-desarrollar-la-nueva-nave-tecnologica\/","url":"https:\/\/elregionalvm.com.ar\/noticias-villa-maria\/la-municipalidad-y-el-cluster-impulso-tecnologico-ratificaron-un-convenio-para-desarrollar-la-nueva-nave-tecnologica\/","name":"La Municipalidad y el Cl\u00faster Impulso Tecnol\u00f3gico ratificaron un convenio para desarrollar la nueva \"Nave Tecnol\u00f3gica\" - El Regional","isPartOf":{"@id":"http:\/\/elregionalvm.com.ar\/noticias-villa-maria\/#website"},"primaryImageOfPage":{"@id":"https:\/\/elregionalvm.com.ar\/noticias-villa-maria\/la-municipalidad-y-el-cluster-impulso-tecnologico-ratificaron-un-convenio-para-desarrollar-la-nueva-nave-tecnologica\/#primaryimage"},"image":{"@id":"https:\/\/elregionalvm.com.ar\/noticias-villa-maria\/la-municipalidad-y-el-cluster-impulso-tecnologico-ratificaron-un-convenio-para-desarrollar-la-nueva-nave-tecnologica\/#primaryimage"},"thumbnailUrl":"https:\/\/i0.wp.com\/elregionalvm.com.ar\/noticias-villa-maria\/wp-content\/uploads\/2024\/09\/WhatsApp-Image-2024-09-12-at-14.13.33.jpeg?fit=1600%2C1133&ssl=1","datePublished":"2024-09-12T17:23:20+00:00","dateModified":"2024-09-12T17:23:21+00:00","author":{"@id":"http:\/\/elregionalvm.com.ar\/noticias-villa-maria\/#\/schema\/person\/a0fb9c422317faca23d50163151bc354"},"breadcrumb":{"@id":"https:\/\/elregionalvm.com.ar\/noticias-villa-maria\/la-municipalidad-y-el-cluster-impulso-tecnologico-ratificaron-un-convenio-para-desarrollar-la-nueva-nave-tecnologica\/#breadcrumb"},"inLanguage":"es","potentialAction":[{"@type":"ReadAction","target":["https:\/\/elregionalvm.com.ar\/noticias-villa-maria\/la-municipalidad-y-el-cluster-impulso-tecnologico-ratificaron-un-convenio-para-desarrollar-la-nueva-nave-tecnologica\/"]}]},{"@type":"ImageObject","inLanguage":"es","@id":"https:\/\/elregionalvm.com.ar\/noticias-villa-maria\/la-municipalidad-y-el-cluster-impulso-tecnologico-ratificaron-un-convenio-para-desarrollar-la-nueva-nave-tecnologica\/#primaryimage","url":"https:\/\/i0.wp.com\/elregionalvm.com.ar\/noticias-villa-maria\/wp-content\/uploads\/2024\/09\/WhatsApp-Image-2024-09-12-at-14.13.33.jpeg?fit=1600%2C1133&ssl=1","contentUrl":"https:\/\/i0.wp.com\/elregionalvm.com.ar\/noticias-villa-maria\/wp-content\/uploads\/2024\/09\/WhatsApp-Image-2024-09-12-at-14.13.33.jpeg?fit=1600%2C1133&ssl=1","width":1600,"height":1133},{"@type":"BreadcrumbList","@id":"https:\/\/elregionalvm.com.ar\/noticias-villa-maria\/la-municipalidad-y-el-cluster-impulso-tecnologico-ratificaron-un-convenio-para-desarrollar-la-nueva-nave-tecnologica\/#breadcrumb","itemListElement":[{"@type":"ListItem","position":1,"name":"Portada","item":"https:\/\/elregionalvm.com.ar\/noticias-villa-maria\/"},{"@type":"ListItem","position":2,"name":"La Municipalidad y el Cl\u00faster Impulso Tecnol\u00f3gico ratificaron un convenio para desarrollar la nueva \u00abNave Tecnol\u00f3gica\u00bb"}]},{"@type":"WebSite","@id":"http:\/\/elregionalvm.com.ar\/noticias-villa-maria\/#website","url":"http:\/\/elregionalvm.com.ar\/noticias-villa-maria\/","name":"El Regional","description":"Mucho m\u00e1s que informaci\u00f3n","potentialAction":[{"@type":"SearchAction","target":{"@type":"EntryPoint","urlTemplate":"http:\/\/elregionalvm.com.ar\/noticias-villa-maria\/?s={search_term_string}"},"query-input":{"@type":"PropertyValueSpecification","valueRequired":true,"valueName":"search_term_string"}}],"inLanguage":"es"},{"@type":"Person","@id":"http:\/\/elregionalvm.com.ar\/noticias-villa-maria\/#\/schema\/person\/a0fb9c422317faca23d50163151bc354","name":"Contenidos El Regional","image":{"@type":"ImageObject","inLanguage":"es","@id":"http:\/\/elregionalvm.com.ar\/noticias-villa-maria\/#\/schema\/person\/image\/","url":"https:\/\/secure.gravatar.com\/avatar\/265b27cb2209af7bb3a1318f03305787d7981a5cc6e6cd08fe5a4ecdf99d4b48?s=96&d=mm&r=g","contentUrl":"https:\/\/secure.gravatar.com\/avatar\/265b27cb2209af7bb3a1318f03305787d7981a5cc6e6cd08fe5a4ecdf99d4b48?s=96&d=mm&r=g","caption":"Contenidos El Regional"},"url":"https:\/\/elregionalvm.com.ar\/noticias-villa-maria\/author\/contenido\/"}]}},"jetpack_featured_media_url":"https:\/\/i0.wp.com\/elregionalvm.com.ar\/noticias-villa-maria\/wp-content\/uploads\/2024\/09\/WhatsApp-Image-2024-09-12-at-14.13.33.jpeg?fit=1600%2C1133&ssl=1","jetpack_sharing_enabled":true,"_links":{"self":[{"href":"https:\/\/elregionalvm.com.ar\/noticias-villa-maria\/wp-json\/wp\/v2\/posts\/98572","targetHints":{"allow":["GET"]}}],"collection":[{"href":"https:\/\/elregionalvm.com.ar\/noticias-villa-maria\/wp-json\/wp\/v2\/posts"}],"about":[{"href":"https:\/\/elregionalvm.com.ar\/noticias-villa-maria\/wp-json\/wp\/v2\/types\/post"}],"author":[{"embeddable":true,"href":"https:\/\/elregionalvm.com.ar\/noticias-villa-maria\/wp-json\/wp\/v2\/users\/4"}],"replies":[{"embeddable":true,"href":"https:\/\/elregionalvm.com.ar\/noticias-villa-maria\/wp-json\/wp\/v2\/comments?post=98572"}],"version-history":[{"count":1,"href":"https:\/\/elregionalvm.com.ar\/noticias-villa-maria\/wp-json\/wp\/v2\/posts\/98572\/revisions"}],"predecessor-version":[{"id":98576,"href":"https:\/\/elregionalvm.com.ar\/noticias-villa-maria\/wp-json\/wp\/v2\/posts\/98572\/revisions\/98576"}],"wp:featuredmedia":[{"embeddable":true,"href":"https:\/\/elregionalvm.com.ar\/noticias-villa-maria\/wp-json\/wp\/v2\/media\/98575"}],"wp:attachment":[{"href":"https:\/\/elregionalvm.com.ar\/noticias-villa-maria\/wp-json\/wp\/v2\/media?parent=98572"}],"wp:term":[{"taxonomy":"category","embeddable":true,"href":"https:\/\/elregionalvm.com.ar\/noticias-villa-maria\/wp-json\/wp\/v2\/categories?post=98572"},{"taxonomy":"post_tag","embeddable":true,"href":"https:\/\/elregionalvm.com.ar\/noticias-villa-maria\/wp-json\/wp\/v2\/tags?post=98572"}],"curies":[{"name":"wp","href":"https:\/\/api.w.org\/{rel}","templated":true}]}}