{"id":98577,"date":"2024-09-12T17:32:38","date_gmt":"2024-09-12T17:32:38","guid":{"rendered":"https:\/\/elregionalvm.com.ar\/noticias-villa-maria\/?p=98577"},"modified":"2024-09-12T17:32:39","modified_gmt":"2024-09-12T17:32:39","slug":"allanamientos-en-tio-pujio-celulares-ropa-y-golosinas-fueron-secuestradas-y-un-joven-detenido","status":"publish","type":"post","link":"https:\/\/elregionalvm.com.ar\/noticias-villa-maria\/allanamientos-en-tio-pujio-celulares-ropa-y-golosinas-fueron-secuestradas-y-un-joven-detenido\/","title":{"rendered":"Allanamientos en T\u00edo Pujio: celulares, ropa y golosinas fueron secuestradas y un joven detenido"},"content":{"rendered":"\n<p>En horas de la ma\u00f1ana de la fecha personal del Destacamento T\u00edo P\u00fajio conjuntamente con efectivos de la Divisi\u00f3n Investigaciones de esta Unidad Regional Departamental, procedi\u00f3 a cumplimentar dos \u00f3rdenes judiciales de allanamiento para diferentes domicilios de esa localidad, de acuerdo a lo solicitado por la Fiscal\u00eda de Instrucci\u00f3n de Primer Turno a cargo de la Dra. Silvia Maldonado, Sec. Dra. Mar\u00eda E. Barra.<\/p>\n\n\n\n<p>A ra\u00edz de una investigaci\u00f3n en curso en la que se realizaron diferentes tareas investigativas ordenadas y supervisadas por la Magistrada interviniente en virtud de un hecho de car\u00e1cter delictivo ocurrido en la Escuela Remedios de Escalada de la localidad de Tio Pujio, que tuvo lugar el pasado 08\/09\/2024; en la fecha se procedi\u00f3 a cumplimentar la detenci\u00f3n de un hombre de 18 a\u00f1os de edad p.s.a. del delito de Hurto Calificado , adem\u00e1s de proceder al secuestro y recupero de una notebook, dos  celulares, ropas varias y golosinas, entre otros, sustra\u00eddas al momento de consumar el hecho.<\/p>\n\n\n\n<p>Se labran actuaciones a disposici\u00f3n del Magistrado interviniente.<\/p>\n","protected":false},"excerpt":{"rendered":"<p>En horas de la ma\u00f1ana de la fecha personal del Destacamento T\u00edo P\u00fajio conjuntamente con efectivos de la Divisi\u00f3n Investigaciones de esta Unidad Regional Departamental, procedi\u00f3 a cumplimentar dos \u00f3rdenes judiciales de allanamiento para diferentes domicilios de esa localidad, de acuerdo a lo solicitado por la Fiscal\u00eda de Instrucci\u00f3n de Primer Turno a cargo de [&hellip;]<\/p>\n","protected":false},"author":4,"featured_media":98578,"comment_status":"open","ping_status":"open","sticky":false,"template":"","format":"standard","meta":{"site-sidebar-layout":"default","site-content-layout":"","ast-site-content-layout":"default","site-content-style":"default","site-sidebar-style":"default","ast-global-header-display":"","ast-banner-title-visibility":"","ast-main-header-display":"","ast-hfb-above-header-display":"","ast-hfb-below-header-display":"","ast-hfb-mobile-header-display":"","site-post-title":"","ast-breadcrumbs-content":"","ast-featured-img":"","footer-sml-layout":"","ast-disable-related-posts":"","theme-transparent-header-meta":"","adv-header-id-meta":"","stick-header-meta":"","header-above-stick-meta":"","header-main-stick-meta":"","header-below-stick-meta":"","astra-migrate-meta-layouts":"set","ast-page-background-enabled":"default","ast-page-background-meta":{"desktop":{"background-color":"","background-image":"","background-repeat":"repeat","background-position":"center center","background-size":"auto","background-attachment":"scroll","background-type":"","background-media":"","overlay-type":"","overlay-color":"","overlay-opacity":"","overlay-gradient":""},"tablet":{"background-color":"","background-image":"","background-repeat":"repeat","background-position":"center center","background-size":"auto","background-attachment":"scroll","background-type":"","background-media":"","overlay-type":"","overlay-color":"","overlay-opacity":"","overlay-gradient":""},"mobile":{"background-color":"","background-image":"","background-repeat":"repeat","background-position":"center center","background-size":"auto","background-attachment":"scroll","background-type":"","background-media":"","overlay-type":"","overlay-color":"","overlay-opacity":"","overlay-gradient":""}},"ast-content-background-meta":{"desktop":{"background-color":"var(--ast-global-color-5)","background-image":"","background-repeat":"repeat","background-position":"center center","background-size":"auto","background-attachment":"scroll","background-type":"","background-media":"","overlay-type":"","overlay-color":"","overlay-opacity":"","overlay-gradient":""},"tablet":{"background-color":"var(--ast-global-color-5)","background-image":"","background-repeat":"repeat","background-position":"center center","background-size":"auto","background-attachment":"scroll","background-type":"","background-media":"","overlay-type":"","overlay-color":"","overlay-opacity":"","overlay-gradient":""},"mobile":{"background-color":"var(--ast-global-color-5)","background-image":"","background-repeat":"repeat","background-position":"center center","background-size":"auto","background-attachment":"scroll","background-type":"","background-media":"","overlay-type":"","overlay-color":"","overlay-opacity":"","overlay-gradient":""}},"_jetpack_memberships_contains_paid_content":false,"_joinchat":[],"footnotes":""},"categories":[15302,2234,2091,5],"tags":[],"class_list":["post-98577","post","type-post","status-publish","format-standard","has-post-thumbnail","hentry","category-destacado","category-policiales","category-region","category-sociedad"],"yoast_head":"<!-- This site is optimized with the Yoast SEO plugin v26.8 - https:\/\/yoast.com\/product\/yoast-seo-wordpress\/ -->\n<title>Allanamientos en T\u00edo Pujio: celulares, ropa y golosinas fueron secuestradas y un joven detenido - El Regional<\/title>\n<meta name=\"robots\" content=\"index, follow, max-snippet:-1, max-image-preview:large, max-video-preview:-1\" \/>\n<link rel=\"canonical\" href=\"https:\/\/elregionalvm.com.ar\/noticias-villa-maria\/allanamientos-en-tio-pujio-celulares-ropa-y-golosinas-fueron-secuestradas-y-un-joven-detenido\/\" \/>\n<meta property=\"og:locale\" content=\"es_ES\" \/>\n<meta property=\"og:type\" content=\"article\" \/>\n<meta property=\"og:title\" content=\"Allanamientos en T\u00edo Pujio: celulares, ropa y golosinas fueron secuestradas y un joven detenido - El Regional\" \/>\n<meta property=\"og:description\" content=\"En horas de la ma\u00f1ana de la fecha personal del Destacamento T\u00edo P\u00fajio conjuntamente con efectivos de la Divisi\u00f3n Investigaciones de esta Unidad Regional Departamental, procedi\u00f3 a cumplimentar dos \u00f3rdenes judiciales de allanamiento para diferentes domicilios de esa localidad, de acuerdo a lo solicitado por la Fiscal\u00eda de Instrucci\u00f3n de Primer Turno a cargo de [&hellip;]\" \/>\n<meta property=\"og:url\" content=\"https:\/\/elregionalvm.com.ar\/noticias-villa-maria\/allanamientos-en-tio-pujio-celulares-ropa-y-golosinas-fueron-secuestradas-y-un-joven-detenido\/\" \/>\n<meta property=\"og:site_name\" content=\"El Regional\" \/>\n<meta property=\"article:publisher\" content=\"https:\/\/www.facebook.com\/elregionalvm\" \/>\n<meta property=\"article:published_time\" content=\"2024-09-12T17:32:38+00:00\" \/>\n<meta property=\"article:modified_time\" content=\"2024-09-12T17:32:39+00:00\" \/>\n<meta property=\"og:image\" content=\"https:\/\/elregionalvm.com.ar\/noticias-villa-maria\/wp-content\/uploads\/2024\/09\/WhatsApp-Image-2024-09-11-at-19.39.58.jpeg\" \/>\n\t<meta property=\"og:image:width\" content=\"960\" \/>\n\t<meta property=\"og:image:height\" content=\"1280\" \/>\n\t<meta property=\"og:image:type\" content=\"image\/jpeg\" \/>\n<meta name=\"author\" content=\"Contenidos El Regional\" \/>\n<meta name=\"twitter:card\" content=\"summary_large_image\" \/>\n<meta name=\"twitter:creator\" content=\"@elregionalvm1\" \/>\n<meta name=\"twitter:site\" content=\"@elregionalvm1\" \/>\n<meta name=\"twitter:label1\" content=\"Escrito por\" \/>\n\t<meta name=\"twitter:data1\" content=\"Contenidos El Regional\" \/>\n\t<meta name=\"twitter:label2\" content=\"Tiempo de lectura\" \/>\n\t<meta name=\"twitter:data2\" content=\"1 minuto\" \/>\n<script type=\"application\/ld+json\" class=\"yoast-schema-graph\">{\"@context\":\"https:\/\/schema.org\",\"@graph\":[{\"@type\":\"Article\",\"@id\":\"https:\/\/elregionalvm.com.ar\/noticias-villa-maria\/allanamientos-en-tio-pujio-celulares-ropa-y-golosinas-fueron-secuestradas-y-un-joven-detenido\/#article\",\"isPartOf\":{\"@id\":\"https:\/\/elregionalvm.com.ar\/noticias-villa-maria\/allanamientos-en-tio-pujio-celulares-ropa-y-golosinas-fueron-secuestradas-y-un-joven-detenido\/\"},\"author\":{\"name\":\"Contenidos El Regional\",\"@id\":\"http:\/\/elregionalvm.com.ar\/noticias-villa-maria\/#\/schema\/person\/a0fb9c422317faca23d50163151bc354\"},\"headline\":\"Allanamientos en T\u00edo Pujio: celulares, ropa y golosinas fueron secuestradas y un joven detenido\",\"datePublished\":\"2024-09-12T17:32:38+00:00\",\"dateModified\":\"2024-09-12T17:32:39+00:00\",\"mainEntityOfPage\":{\"@id\":\"https:\/\/elregionalvm.com.ar\/noticias-villa-maria\/allanamientos-en-tio-pujio-celulares-ropa-y-golosinas-fueron-secuestradas-y-un-joven-detenido\/\"},\"wordCount\":199,\"commentCount\":0,\"image\":{\"@id\":\"https:\/\/elregionalvm.com.ar\/noticias-villa-maria\/allanamientos-en-tio-pujio-celulares-ropa-y-golosinas-fueron-secuestradas-y-un-joven-detenido\/#primaryimage\"},\"thumbnailUrl\":\"https:\/\/i0.wp.com\/elregionalvm.com.ar\/noticias-villa-maria\/wp-content\/uploads\/2024\/09\/WhatsApp-Image-2024-09-11-at-19.39.58.jpeg?fit=960%2C1280&ssl=1\",\"articleSection\":[\"destacado\",\"Policiales\",\"Regi\u00f3n\",\"Sociedad\"],\"inLanguage\":\"es\",\"potentialAction\":[{\"@type\":\"CommentAction\",\"name\":\"Comment\",\"target\":[\"https:\/\/elregionalvm.com.ar\/noticias-villa-maria\/allanamientos-en-tio-pujio-celulares-ropa-y-golosinas-fueron-secuestradas-y-un-joven-detenido\/#respond\"]}]},{\"@type\":\"WebPage\",\"@id\":\"https:\/\/elregionalvm.com.ar\/noticias-villa-maria\/allanamientos-en-tio-pujio-celulares-ropa-y-golosinas-fueron-secuestradas-y-un-joven-detenido\/\",\"url\":\"https:\/\/elregionalvm.com.ar\/noticias-villa-maria\/allanamientos-en-tio-pujio-celulares-ropa-y-golosinas-fueron-secuestradas-y-un-joven-detenido\/\",\"name\":\"Allanamientos en T\u00edo Pujio: celulares, ropa y golosinas fueron secuestradas y un joven detenido - El Regional\",\"isPartOf\":{\"@id\":\"http:\/\/elregionalvm.com.ar\/noticias-villa-maria\/#website\"},\"primaryImageOfPage\":{\"@id\":\"https:\/\/elregionalvm.com.ar\/noticias-villa-maria\/allanamientos-en-tio-pujio-celulares-ropa-y-golosinas-fueron-secuestradas-y-un-joven-detenido\/#primaryimage\"},\"image\":{\"@id\":\"https:\/\/elregionalvm.com.ar\/noticias-villa-maria\/allanamientos-en-tio-pujio-celulares-ropa-y-golosinas-fueron-secuestradas-y-un-joven-detenido\/#primaryimage\"},\"thumbnailUrl\":\"https:\/\/i0.wp.com\/elregionalvm.com.ar\/noticias-villa-maria\/wp-content\/uploads\/2024\/09\/WhatsApp-Image-2024-09-11-at-19.39.58.jpeg?fit=960%2C1280&ssl=1\",\"datePublished\":\"2024-09-12T17:32:38+00:00\",\"dateModified\":\"2024-09-12T17:32:39+00:00\",\"author\":{\"@id\":\"http:\/\/elregionalvm.com.ar\/noticias-villa-maria\/#\/schema\/person\/a0fb9c422317faca23d50163151bc354\"},\"breadcrumb\":{\"@id\":\"https:\/\/elregionalvm.com.ar\/noticias-villa-maria\/allanamientos-en-tio-pujio-celulares-ropa-y-golosinas-fueron-secuestradas-y-un-joven-detenido\/#breadcrumb\"},\"inLanguage\":\"es\",\"potentialAction\":[{\"@type\":\"ReadAction\",\"target\":[\"https:\/\/elregionalvm.com.ar\/noticias-villa-maria\/allanamientos-en-tio-pujio-celulares-ropa-y-golosinas-fueron-secuestradas-y-un-joven-detenido\/\"]}]},{\"@type\":\"ImageObject\",\"inLanguage\":\"es\",\"@id\":\"https:\/\/elregionalvm.com.ar\/noticias-villa-maria\/allanamientos-en-tio-pujio-celulares-ropa-y-golosinas-fueron-secuestradas-y-un-joven-detenido\/#primaryimage\",\"url\":\"https:\/\/i0.wp.com\/elregionalvm.com.ar\/noticias-villa-maria\/wp-content\/uploads\/2024\/09\/WhatsApp-Image-2024-09-11-at-19.39.58.jpeg?fit=960%2C1280&ssl=1\",\"contentUrl\":\"https:\/\/i0.wp.com\/elregionalvm.com.ar\/noticias-villa-maria\/wp-content\/uploads\/2024\/09\/WhatsApp-Image-2024-09-11-at-19.39.58.jpeg?fit=960%2C1280&ssl=1\",\"width\":960,\"height\":1280},{\"@type\":\"BreadcrumbList\",\"@id\":\"https:\/\/elregionalvm.com.ar\/noticias-villa-maria\/allanamientos-en-tio-pujio-celulares-ropa-y-golosinas-fueron-secuestradas-y-un-joven-detenido\/#breadcrumb\",\"itemListElement\":[{\"@type\":\"ListItem\",\"position\":1,\"name\":\"Portada\",\"item\":\"https:\/\/elregionalvm.com.ar\/noticias-villa-maria\/\"},{\"@type\":\"ListItem\",\"position\":2,\"name\":\"Allanamientos en T\u00edo Pujio: celulares, ropa y golosinas fueron secuestradas y un joven detenido\"}]},{\"@type\":\"WebSite\",\"@id\":\"http:\/\/elregionalvm.com.ar\/noticias-villa-maria\/#website\",\"url\":\"http:\/\/elregionalvm.com.ar\/noticias-villa-maria\/\",\"name\":\"El Regional\",\"description\":\"Mucho m\u00e1s que informaci\u00f3n\",\"potentialAction\":[{\"@type\":\"SearchAction\",\"target\":{\"@type\":\"EntryPoint\",\"urlTemplate\":\"http:\/\/elregionalvm.com.ar\/noticias-villa-maria\/?s={search_term_string}\"},\"query-input\":{\"@type\":\"PropertyValueSpecification\",\"valueRequired\":true,\"valueName\":\"search_term_string\"}}],\"inLanguage\":\"es\"},{\"@type\":\"Person\",\"@id\":\"http:\/\/elregionalvm.com.ar\/noticias-villa-maria\/#\/schema\/person\/a0fb9c422317faca23d50163151bc354\",\"name\":\"Contenidos El Regional\",\"image\":{\"@type\":\"ImageObject\",\"inLanguage\":\"es\",\"@id\":\"http:\/\/elregionalvm.com.ar\/noticias-villa-maria\/#\/schema\/person\/image\/\",\"url\":\"https:\/\/secure.gravatar.com\/avatar\/265b27cb2209af7bb3a1318f03305787d7981a5cc6e6cd08fe5a4ecdf99d4b48?s=96&d=mm&r=g\",\"contentUrl\":\"https:\/\/secure.gravatar.com\/avatar\/265b27cb2209af7bb3a1318f03305787d7981a5cc6e6cd08fe5a4ecdf99d4b48?s=96&d=mm&r=g\",\"caption\":\"Contenidos El Regional\"},\"url\":\"https:\/\/elregionalvm.com.ar\/noticias-villa-maria\/author\/contenido\/\"}]}<\/script>\n<!-- \/ Yoast SEO plugin. -->","yoast_head_json":{"title":"Allanamientos en T\u00edo Pujio: celulares, ropa y golosinas fueron secuestradas y un joven detenido - El Regional","robots":{"index":"index","follow":"follow","max-snippet":"max-snippet:-1","max-image-preview":"max-image-preview:large","max-video-preview":"max-video-preview:-1"},"canonical":"https:\/\/elregionalvm.com.ar\/noticias-villa-maria\/allanamientos-en-tio-pujio-celulares-ropa-y-golosinas-fueron-secuestradas-y-un-joven-detenido\/","og_locale":"es_ES","og_type":"article","og_title":"Allanamientos en T\u00edo Pujio: celulares, ropa y golosinas fueron secuestradas y un joven detenido - El Regional","og_description":"En horas de la ma\u00f1ana de la fecha personal del Destacamento T\u00edo P\u00fajio conjuntamente con efectivos de la Divisi\u00f3n Investigaciones de esta Unidad Regional Departamental, procedi\u00f3 a cumplimentar dos \u00f3rdenes judiciales de allanamiento para diferentes domicilios de esa localidad, de acuerdo a lo solicitado por la Fiscal\u00eda de Instrucci\u00f3n de Primer Turno a cargo de [&hellip;]","og_url":"https:\/\/elregionalvm.com.ar\/noticias-villa-maria\/allanamientos-en-tio-pujio-celulares-ropa-y-golosinas-fueron-secuestradas-y-un-joven-detenido\/","og_site_name":"El Regional","article_publisher":"https:\/\/www.facebook.com\/elregionalvm","article_published_time":"2024-09-12T17:32:38+00:00","article_modified_time":"2024-09-12T17:32:39+00:00","og_image":[{"width":960,"height":1280,"url":"https:\/\/elregionalvm.com.ar\/noticias-villa-maria\/wp-content\/uploads\/2024\/09\/WhatsApp-Image-2024-09-11-at-19.39.58.jpeg","type":"image\/jpeg"}],"author":"Contenidos El Regional","twitter_card":"summary_large_image","twitter_creator":"@elregionalvm1","twitter_site":"@elregionalvm1","twitter_misc":{"Escrito por":"Contenidos El Regional","Tiempo de lectura":"1 minuto"},"schema":{"@context":"https:\/\/schema.org","@graph":[{"@type":"Article","@id":"https:\/\/elregionalvm.com.ar\/noticias-villa-maria\/allanamientos-en-tio-pujio-celulares-ropa-y-golosinas-fueron-secuestradas-y-un-joven-detenido\/#article","isPartOf":{"@id":"https:\/\/elregionalvm.com.ar\/noticias-villa-maria\/allanamientos-en-tio-pujio-celulares-ropa-y-golosinas-fueron-secuestradas-y-un-joven-detenido\/"},"author":{"name":"Contenidos El Regional","@id":"http:\/\/elregionalvm.com.ar\/noticias-villa-maria\/#\/schema\/person\/a0fb9c422317faca23d50163151bc354"},"headline":"Allanamientos en T\u00edo Pujio: celulares, ropa y golosinas fueron secuestradas y un joven detenido","datePublished":"2024-09-12T17:32:38+00:00","dateModified":"2024-09-12T17:32:39+00:00","mainEntityOfPage":{"@id":"https:\/\/elregionalvm.com.ar\/noticias-villa-maria\/allanamientos-en-tio-pujio-celulares-ropa-y-golosinas-fueron-secuestradas-y-un-joven-detenido\/"},"wordCount":199,"commentCount":0,"image":{"@id":"https:\/\/elregionalvm.com.ar\/noticias-villa-maria\/allanamientos-en-tio-pujio-celulares-ropa-y-golosinas-fueron-secuestradas-y-un-joven-detenido\/#primaryimage"},"thumbnailUrl":"https:\/\/i0.wp.com\/elregionalvm.com.ar\/noticias-villa-maria\/wp-content\/uploads\/2024\/09\/WhatsApp-Image-2024-09-11-at-19.39.58.jpeg?fit=960%2C1280&ssl=1","articleSection":["destacado","Policiales","Regi\u00f3n","Sociedad"],"inLanguage":"es","potentialAction":[{"@type":"CommentAction","name":"Comment","target":["https:\/\/elregionalvm.com.ar\/noticias-villa-maria\/allanamientos-en-tio-pujio-celulares-ropa-y-golosinas-fueron-secuestradas-y-un-joven-detenido\/#respond"]}]},{"@type":"WebPage","@id":"https:\/\/elregionalvm.com.ar\/noticias-villa-maria\/allanamientos-en-tio-pujio-celulares-ropa-y-golosinas-fueron-secuestradas-y-un-joven-detenido\/","url":"https:\/\/elregionalvm.com.ar\/noticias-villa-maria\/allanamientos-en-tio-pujio-celulares-ropa-y-golosinas-fueron-secuestradas-y-un-joven-detenido\/","name":"Allanamientos en T\u00edo Pujio: celulares, ropa y golosinas fueron secuestradas y un joven detenido - El Regional","isPartOf":{"@id":"http:\/\/elregionalvm.com.ar\/noticias-villa-maria\/#website"},"primaryImageOfPage":{"@id":"https:\/\/elregionalvm.com.ar\/noticias-villa-maria\/allanamientos-en-tio-pujio-celulares-ropa-y-golosinas-fueron-secuestradas-y-un-joven-detenido\/#primaryimage"},"image":{"@id":"https:\/\/elregionalvm.com.ar\/noticias-villa-maria\/allanamientos-en-tio-pujio-celulares-ropa-y-golosinas-fueron-secuestradas-y-un-joven-detenido\/#primaryimage"},"thumbnailUrl":"https:\/\/i0.wp.com\/elregionalvm.com.ar\/noticias-villa-maria\/wp-content\/uploads\/2024\/09\/WhatsApp-Image-2024-09-11-at-19.39.58.jpeg?fit=960%2C1280&ssl=1","datePublished":"2024-09-12T17:32:38+00:00","dateModified":"2024-09-12T17:32:39+00:00","author":{"@id":"http:\/\/elregionalvm.com.ar\/noticias-villa-maria\/#\/schema\/person\/a0fb9c422317faca23d50163151bc354"},"breadcrumb":{"@id":"https:\/\/elregionalvm.com.ar\/noticias-villa-maria\/allanamientos-en-tio-pujio-celulares-ropa-y-golosinas-fueron-secuestradas-y-un-joven-detenido\/#breadcrumb"},"inLanguage":"es","potentialAction":[{"@type":"ReadAction","target":["https:\/\/elregionalvm.com.ar\/noticias-villa-maria\/allanamientos-en-tio-pujio-celulares-ropa-y-golosinas-fueron-secuestradas-y-un-joven-detenido\/"]}]},{"@type":"ImageObject","inLanguage":"es","@id":"https:\/\/elregionalvm.com.ar\/noticias-villa-maria\/allanamientos-en-tio-pujio-celulares-ropa-y-golosinas-fueron-secuestradas-y-un-joven-detenido\/#primaryimage","url":"https:\/\/i0.wp.com\/elregionalvm.com.ar\/noticias-villa-maria\/wp-content\/uploads\/2024\/09\/WhatsApp-Image-2024-09-11-at-19.39.58.jpeg?fit=960%2C1280&ssl=1","contentUrl":"https:\/\/i0.wp.com\/elregionalvm.com.ar\/noticias-villa-maria\/wp-content\/uploads\/2024\/09\/WhatsApp-Image-2024-09-11-at-19.39.58.jpeg?fit=960%2C1280&ssl=1","width":960,"height":1280},{"@type":"BreadcrumbList","@id":"https:\/\/elregionalvm.com.ar\/noticias-villa-maria\/allanamientos-en-tio-pujio-celulares-ropa-y-golosinas-fueron-secuestradas-y-un-joven-detenido\/#breadcrumb","itemListElement":[{"@type":"ListItem","position":1,"name":"Portada","item":"https:\/\/elregionalvm.com.ar\/noticias-villa-maria\/"},{"@type":"ListItem","position":2,"name":"Allanamientos en T\u00edo Pujio: celulares, ropa y golosinas fueron secuestradas y un joven detenido"}]},{"@type":"WebSite","@id":"http:\/\/elregionalvm.com.ar\/noticias-villa-maria\/#website","url":"http:\/\/elregionalvm.com.ar\/noticias-villa-maria\/","name":"El Regional","description":"Mucho m\u00e1s que informaci\u00f3n","potentialAction":[{"@type":"SearchAction","target":{"@type":"EntryPoint","urlTemplate":"http:\/\/elregionalvm.com.ar\/noticias-villa-maria\/?s={search_term_string}"},"query-input":{"@type":"PropertyValueSpecification","valueRequired":true,"valueName":"search_term_string"}}],"inLanguage":"es"},{"@type":"Person","@id":"http:\/\/elregionalvm.com.ar\/noticias-villa-maria\/#\/schema\/person\/a0fb9c422317faca23d50163151bc354","name":"Contenidos El Regional","image":{"@type":"ImageObject","inLanguage":"es","@id":"http:\/\/elregionalvm.com.ar\/noticias-villa-maria\/#\/schema\/person\/image\/","url":"https:\/\/secure.gravatar.com\/avatar\/265b27cb2209af7bb3a1318f03305787d7981a5cc6e6cd08fe5a4ecdf99d4b48?s=96&d=mm&r=g","contentUrl":"https:\/\/secure.gravatar.com\/avatar\/265b27cb2209af7bb3a1318f03305787d7981a5cc6e6cd08fe5a4ecdf99d4b48?s=96&d=mm&r=g","caption":"Contenidos El Regional"},"url":"https:\/\/elregionalvm.com.ar\/noticias-villa-maria\/author\/contenido\/"}]}},"jetpack_featured_media_url":"https:\/\/i0.wp.com\/elregionalvm.com.ar\/noticias-villa-maria\/wp-content\/uploads\/2024\/09\/WhatsApp-Image-2024-09-11-at-19.39.58.jpeg?fit=960%2C1280&ssl=1","jetpack_sharing_enabled":true,"_links":{"self":[{"href":"https:\/\/elregionalvm.com.ar\/noticias-villa-maria\/wp-json\/wp\/v2\/posts\/98577","targetHints":{"allow":["GET"]}}],"collection":[{"href":"https:\/\/elregionalvm.com.ar\/noticias-villa-maria\/wp-json\/wp\/v2\/posts"}],"about":[{"href":"https:\/\/elregionalvm.com.ar\/noticias-villa-maria\/wp-json\/wp\/v2\/types\/post"}],"author":[{"embeddable":true,"href":"https:\/\/elregionalvm.com.ar\/noticias-villa-maria\/wp-json\/wp\/v2\/users\/4"}],"replies":[{"embeddable":true,"href":"https:\/\/elregionalvm.com.ar\/noticias-villa-maria\/wp-json\/wp\/v2\/comments?post=98577"}],"version-history":[{"count":1,"href":"https:\/\/elregionalvm.com.ar\/noticias-villa-maria\/wp-json\/wp\/v2\/posts\/98577\/revisions"}],"predecessor-version":[{"id":98579,"href":"https:\/\/elregionalvm.com.ar\/noticias-villa-maria\/wp-json\/wp\/v2\/posts\/98577\/revisions\/98579"}],"wp:featuredmedia":[{"embeddable":true,"href":"https:\/\/elregionalvm.com.ar\/noticias-villa-maria\/wp-json\/wp\/v2\/media\/98578"}],"wp:attachment":[{"href":"https:\/\/elregionalvm.com.ar\/noticias-villa-maria\/wp-json\/wp\/v2\/media?parent=98577"}],"wp:term":[{"taxonomy":"category","embeddable":true,"href":"https:\/\/elregionalvm.com.ar\/noticias-villa-maria\/wp-json\/wp\/v2\/categories?post=98577"},{"taxonomy":"post_tag","embeddable":true,"href":"https:\/\/elregionalvm.com.ar\/noticias-villa-maria\/wp-json\/wp\/v2\/tags?post=98577"}],"curies":[{"name":"wp","href":"https:\/\/api.w.org\/{rel}","templated":true}]}}