{"id":98598,"date":"2024-09-12T18:17:27","date_gmt":"2024-09-12T18:17:27","guid":{"rendered":"https:\/\/elregionalvm.com.ar\/noticias-villa-maria\/?p=98598"},"modified":"2024-09-12T18:17:30","modified_gmt":"2024-09-12T18:17:30","slug":"villa-maria-celebra-la-llegada-de-la-primavera-la-semana-de-la-juventud-y-la-movilidad-sustentable","status":"publish","type":"post","link":"https:\/\/elregionalvm.com.ar\/noticias-villa-maria\/villa-maria-celebra-la-llegada-de-la-primavera-la-semana-de-la-juventud-y-la-movilidad-sustentable\/","title":{"rendered":"Villa Mar\u00eda celebra la llegada de la Primavera, la Semana de la Juventud y la Movilidad Sustentable"},"content":{"rendered":"\n<p>Del 16 al 22 de septiembre, Villa Mar\u00eda se viste de verde para celebrar la Semana de la Juventud y la llegada de la primavera con una propuesta diferente: la Primavera Sustentable.<\/p>\n\n\n\n<figure class=\"wp-block-image size-large\"><img data-recalc-dims=\"1\" fetchpriority=\"high\" decoding=\"async\" width=\"724\" height=\"1024\" src=\"https:\/\/i0.wp.com\/elregionalvm.com.ar\/noticias-villa-maria\/wp-content\/uploads\/2024\/09\/WhatsApp-Image-2024-09-12-at-09.52.53.jpeg?resize=724%2C1024&#038;ssl=1\" alt=\"\" class=\"wp-image-98601\" srcset=\"https:\/\/i0.wp.com\/elregionalvm.com.ar\/noticias-villa-maria\/wp-content\/uploads\/2024\/09\/WhatsApp-Image-2024-09-12-at-09.52.53.jpeg?resize=724%2C1024&amp;ssl=1 724w, https:\/\/i0.wp.com\/elregionalvm.com.ar\/noticias-villa-maria\/wp-content\/uploads\/2024\/09\/WhatsApp-Image-2024-09-12-at-09.52.53.jpeg?resize=212%2C300&amp;ssl=1 212w, https:\/\/i0.wp.com\/elregionalvm.com.ar\/noticias-villa-maria\/wp-content\/uploads\/2024\/09\/WhatsApp-Image-2024-09-12-at-09.52.53.jpeg?resize=768%2C1087&amp;ssl=1 768w, https:\/\/i0.wp.com\/elregionalvm.com.ar\/noticias-villa-maria\/wp-content\/uploads\/2024\/09\/WhatsApp-Image-2024-09-12-at-09.52.53.jpeg?w=1060&amp;ssl=1 1060w\" sizes=\"(max-width: 724px) 100vw, 724px\" \/><\/figure>\n\n\n\n<p>En coincidencia con la Semana Mundial de la Movilidad Sustentable, la ciudad se convierte en un espacio para fomentar acciones que reduzcan los efectos negativos en el medio ambiente, promoviendo alternativas de transporte m\u00e1s econ\u00f3micas, seguras y amigables con el planeta.<\/p>\n\n\n\n<p>Durante esta semana, el Instituto Libre del Ambiente (ILA) invita a todos los vecinos a participar de una serie de actividades socioambientales libres y gratuitas, con el objetivo de promover la reducci\u00f3n de la contaminaci\u00f3n ambiental y el cuidado de los recursos naturales. Las propuestas incluyen talleres, charlas, ferias, eco canjes y una gran bicicleteada familiar.<\/p>\n\n\n\n<figure class=\"wp-block-image size-large\"><img data-recalc-dims=\"1\" decoding=\"async\" width=\"724\" height=\"1024\" src=\"https:\/\/i0.wp.com\/elregionalvm.com.ar\/noticias-villa-maria\/wp-content\/uploads\/2024\/09\/WhatsApp-Image-2024-09-12-at-09.53.29.jpeg?resize=724%2C1024&#038;ssl=1\" alt=\"\" class=\"wp-image-98599\" srcset=\"https:\/\/i0.wp.com\/elregionalvm.com.ar\/noticias-villa-maria\/wp-content\/uploads\/2024\/09\/WhatsApp-Image-2024-09-12-at-09.53.29.jpeg?resize=724%2C1024&amp;ssl=1 724w, https:\/\/i0.wp.com\/elregionalvm.com.ar\/noticias-villa-maria\/wp-content\/uploads\/2024\/09\/WhatsApp-Image-2024-09-12-at-09.53.29.jpeg?resize=212%2C300&amp;ssl=1 212w, https:\/\/i0.wp.com\/elregionalvm.com.ar\/noticias-villa-maria\/wp-content\/uploads\/2024\/09\/WhatsApp-Image-2024-09-12-at-09.53.29.jpeg?resize=768%2C1087&amp;ssl=1 768w, https:\/\/i0.wp.com\/elregionalvm.com.ar\/noticias-villa-maria\/wp-content\/uploads\/2024\/09\/WhatsApp-Image-2024-09-12-at-09.53.29.jpeg?w=1060&amp;ssl=1 1060w\" sizes=\"(max-width: 724px) 100vw, 724px\" \/><\/figure>\n\n\n\n<p>Taller de Huerta y Compostaje<\/p>\n\n\n\n<p>El mi\u00e9rcoles 18 de septiembre a las 16:00 horas, en el Centro de Gesti\u00f3n Comunitaria 2 ubicado en Alvear 2450, en barrio Las Playas. Transporte gratuito disponible desde el Centro Cultural Comunitario Leonardo Favio a las 15:30 horas. Inscripciones abiertas hasta el martes 17 al mediod\u00eda, comunicandose al 3534264452.<\/p>\n\n\n\n<p>Programa de Arte &amp; Ecolog\u00eda: ILA &amp; Escuela Superior de Bellas Artes Emiliano G\u00f3mez Clara<\/p>\n\n\n\n<p>Jueves 19 de septiembre, 10:30 horas. Charla sobre Gesti\u00f3n Integral de Residuos S\u00f3lidos Urbanos (GIRSU) y apertura de convocatorias para proyectos socioambientales estudiantiles.<\/p>\n\n\n\n<p>Eco Canje en la Feria Franca<\/p>\n\n\n\n<p>S\u00e1bado 21 de septiembre, de 10:00 a 13:00 horas. en Plaza Independencia.<\/p>\n\n\n\n<p>Tra\u00e9 tus residuos secos y limpios (papel, cart\u00f3n, pl\u00e1stico, metal, telgopor, tela) y canjealos por plantines en flor.<\/p>\n\n\n\n<p>Feria de Econom\u00eda Circular Textil \u2013 Edici\u00f3n Primavera<\/p>\n\n\n\n<p>S\u00e1bado 21 de septiembre, de 15:00 a 19:00 horas, en el Centro Cultural comunitario Leonardo Favio, encontr\u00e1 ferias americanas y vintage, y puestos de costura para reciclar y reinventar tu ropa.<\/p>\n\n\n\n<p>Bicicleteada por la Semana de la Movilidad Sustentable<\/p>\n\n\n\n<p>Domingo 22 de septiembre, 15:30 horas. Punto de partida: Punto Limpio M\u00f3vil sobre Costanera y Bulevar C\u00e1rcano. \u00a1Tra\u00e9 tus residuos secos y limpios y sumate a esta bicicleteada familiar por el medioambiente! Se sortearan regalos entre los participantes. No te olvides de traer casco.<\/p>\n","protected":false},"excerpt":{"rendered":"<p>Del 16 al 22 de septiembre, Villa Mar\u00eda se viste de verde para celebrar la Semana de la Juventud y la llegada de la primavera con una propuesta diferente: la Primavera Sustentable. En coincidencia con la Semana Mundial de la Movilidad Sustentable, la ciudad se convierte en un espacio para fomentar acciones que reduzcan los [&hellip;]<\/p>\n","protected":false},"author":4,"featured_media":98600,"comment_status":"open","ping_status":"open","sticky":false,"template":"","format":"standard","meta":{"site-sidebar-layout":"default","site-content-layout":"","ast-site-content-layout":"default","site-content-style":"default","site-sidebar-style":"default","ast-global-header-display":"","ast-banner-title-visibility":"","ast-main-header-display":"","ast-hfb-above-header-display":"","ast-hfb-below-header-display":"","ast-hfb-mobile-header-display":"","site-post-title":"","ast-breadcrumbs-content":"","ast-featured-img":"","footer-sml-layout":"","ast-disable-related-posts":"","theme-transparent-header-meta":"","adv-header-id-meta":"","stick-header-meta":"","header-above-stick-meta":"","header-main-stick-meta":"","header-below-stick-meta":"","astra-migrate-meta-layouts":"set","ast-page-background-enabled":"default","ast-page-background-meta":{"desktop":{"background-color":"","background-image":"","background-repeat":"repeat","background-position":"center center","background-size":"auto","background-attachment":"scroll","background-type":"","background-media":"","overlay-type":"","overlay-color":"","overlay-opacity":"","overlay-gradient":""},"tablet":{"background-color":"","background-image":"","background-repeat":"repeat","background-position":"center center","background-size":"auto","background-attachment":"scroll","background-type":"","background-media":"","overlay-type":"","overlay-color":"","overlay-opacity":"","overlay-gradient":""},"mobile":{"background-color":"","background-image":"","background-repeat":"repeat","background-position":"center center","background-size":"auto","background-attachment":"scroll","background-type":"","background-media":"","overlay-type":"","overlay-color":"","overlay-opacity":"","overlay-gradient":""}},"ast-content-background-meta":{"desktop":{"background-color":"var(--ast-global-color-5)","background-image":"","background-repeat":"repeat","background-position":"center center","background-size":"auto","background-attachment":"scroll","background-type":"","background-media":"","overlay-type":"","overlay-color":"","overlay-opacity":"","overlay-gradient":""},"tablet":{"background-color":"var(--ast-global-color-5)","background-image":"","background-repeat":"repeat","background-position":"center center","background-size":"auto","background-attachment":"scroll","background-type":"","background-media":"","overlay-type":"","overlay-color":"","overlay-opacity":"","overlay-gradient":""},"mobile":{"background-color":"var(--ast-global-color-5)","background-image":"","background-repeat":"repeat","background-position":"center center","background-size":"auto","background-attachment":"scroll","background-type":"","background-media":"","overlay-type":"","overlay-color":"","overlay-opacity":"","overlay-gradient":""}},"_jetpack_memberships_contains_paid_content":false,"_joinchat":[],"footnotes":""},"categories":[2068,5,2],"tags":[],"class_list":["post-98598","post","type-post","status-publish","format-standard","has-post-thumbnail","hentry","category-cultura-deporte","category-sociedad","category-villa-maria"],"yoast_head":"<!-- This site is optimized with the Yoast SEO plugin v26.8 - https:\/\/yoast.com\/product\/yoast-seo-wordpress\/ -->\n<title>Villa Mar\u00eda celebra la llegada de la Primavera, la Semana de la Juventud y la Movilidad Sustentable - El Regional<\/title>\n<meta name=\"robots\" content=\"index, follow, max-snippet:-1, max-image-preview:large, max-video-preview:-1\" \/>\n<link rel=\"canonical\" href=\"https:\/\/elregionalvm.com.ar\/noticias-villa-maria\/villa-maria-celebra-la-llegada-de-la-primavera-la-semana-de-la-juventud-y-la-movilidad-sustentable\/\" \/>\n<meta property=\"og:locale\" content=\"es_ES\" \/>\n<meta property=\"og:type\" content=\"article\" \/>\n<meta property=\"og:title\" content=\"Villa Mar\u00eda celebra la llegada de la Primavera, la Semana de la Juventud y la Movilidad Sustentable - El Regional\" \/>\n<meta property=\"og:description\" content=\"Del 16 al 22 de septiembre, Villa Mar\u00eda se viste de verde para celebrar la Semana de la Juventud y la llegada de la primavera con una propuesta diferente: la Primavera Sustentable. En coincidencia con la Semana Mundial de la Movilidad Sustentable, la ciudad se convierte en un espacio para fomentar acciones que reduzcan los [&hellip;]\" \/>\n<meta property=\"og:url\" content=\"https:\/\/elregionalvm.com.ar\/noticias-villa-maria\/villa-maria-celebra-la-llegada-de-la-primavera-la-semana-de-la-juventud-y-la-movilidad-sustentable\/\" \/>\n<meta property=\"og:site_name\" content=\"El Regional\" \/>\n<meta property=\"article:publisher\" content=\"https:\/\/www.facebook.com\/elregionalvm\" \/>\n<meta property=\"article:published_time\" content=\"2024-09-12T18:17:27+00:00\" \/>\n<meta property=\"article:modified_time\" content=\"2024-09-12T18:17:30+00:00\" \/>\n<meta property=\"og:image\" content=\"https:\/\/elregionalvm.com.ar\/noticias-villa-maria\/wp-content\/uploads\/2024\/09\/WhatsApp-Image-2024-09-12-at-09.53.06.jpeg\" \/>\n\t<meta property=\"og:image:width\" content=\"1060\" \/>\n\t<meta property=\"og:image:height\" content=\"1500\" \/>\n\t<meta property=\"og:image:type\" content=\"image\/jpeg\" \/>\n<meta name=\"author\" content=\"Contenidos El Regional\" \/>\n<meta name=\"twitter:card\" content=\"summary_large_image\" \/>\n<meta name=\"twitter:creator\" content=\"@elregionalvm1\" \/>\n<meta name=\"twitter:site\" content=\"@elregionalvm1\" \/>\n<meta name=\"twitter:label1\" content=\"Escrito por\" \/>\n\t<meta name=\"twitter:data1\" content=\"Contenidos El Regional\" \/>\n\t<meta name=\"twitter:label2\" content=\"Tiempo de lectura\" \/>\n\t<meta name=\"twitter:data2\" content=\"3 minutos\" \/>\n<script type=\"application\/ld+json\" class=\"yoast-schema-graph\">{\"@context\":\"https:\/\/schema.org\",\"@graph\":[{\"@type\":\"Article\",\"@id\":\"https:\/\/elregionalvm.com.ar\/noticias-villa-maria\/villa-maria-celebra-la-llegada-de-la-primavera-la-semana-de-la-juventud-y-la-movilidad-sustentable\/#article\",\"isPartOf\":{\"@id\":\"https:\/\/elregionalvm.com.ar\/noticias-villa-maria\/villa-maria-celebra-la-llegada-de-la-primavera-la-semana-de-la-juventud-y-la-movilidad-sustentable\/\"},\"author\":{\"name\":\"Contenidos El Regional\",\"@id\":\"http:\/\/elregionalvm.com.ar\/noticias-villa-maria\/#\/schema\/person\/a0fb9c422317faca23d50163151bc354\"},\"headline\":\"Villa Mar\u00eda celebra la llegada de la Primavera, la Semana de la Juventud y la Movilidad Sustentable\",\"datePublished\":\"2024-09-12T18:17:27+00:00\",\"dateModified\":\"2024-09-12T18:17:30+00:00\",\"mainEntityOfPage\":{\"@id\":\"https:\/\/elregionalvm.com.ar\/noticias-villa-maria\/villa-maria-celebra-la-llegada-de-la-primavera-la-semana-de-la-juventud-y-la-movilidad-sustentable\/\"},\"wordCount\":366,\"commentCount\":0,\"image\":{\"@id\":\"https:\/\/elregionalvm.com.ar\/noticias-villa-maria\/villa-maria-celebra-la-llegada-de-la-primavera-la-semana-de-la-juventud-y-la-movilidad-sustentable\/#primaryimage\"},\"thumbnailUrl\":\"https:\/\/i0.wp.com\/elregionalvm.com.ar\/noticias-villa-maria\/wp-content\/uploads\/2024\/09\/WhatsApp-Image-2024-09-12-at-09.53.06.jpeg?fit=1060%2C1500&ssl=1\",\"articleSection\":[\"Cultura\",\"Sociedad\",\"Villa Mar\u00eda\"],\"inLanguage\":\"es\",\"potentialAction\":[{\"@type\":\"CommentAction\",\"name\":\"Comment\",\"target\":[\"https:\/\/elregionalvm.com.ar\/noticias-villa-maria\/villa-maria-celebra-la-llegada-de-la-primavera-la-semana-de-la-juventud-y-la-movilidad-sustentable\/#respond\"]}]},{\"@type\":\"WebPage\",\"@id\":\"https:\/\/elregionalvm.com.ar\/noticias-villa-maria\/villa-maria-celebra-la-llegada-de-la-primavera-la-semana-de-la-juventud-y-la-movilidad-sustentable\/\",\"url\":\"https:\/\/elregionalvm.com.ar\/noticias-villa-maria\/villa-maria-celebra-la-llegada-de-la-primavera-la-semana-de-la-juventud-y-la-movilidad-sustentable\/\",\"name\":\"Villa Mar\u00eda celebra la llegada de la Primavera, la Semana de la Juventud y la Movilidad Sustentable - El Regional\",\"isPartOf\":{\"@id\":\"http:\/\/elregionalvm.com.ar\/noticias-villa-maria\/#website\"},\"primaryImageOfPage\":{\"@id\":\"https:\/\/elregionalvm.com.ar\/noticias-villa-maria\/villa-maria-celebra-la-llegada-de-la-primavera-la-semana-de-la-juventud-y-la-movilidad-sustentable\/#primaryimage\"},\"image\":{\"@id\":\"https:\/\/elregionalvm.com.ar\/noticias-villa-maria\/villa-maria-celebra-la-llegada-de-la-primavera-la-semana-de-la-juventud-y-la-movilidad-sustentable\/#primaryimage\"},\"thumbnailUrl\":\"https:\/\/i0.wp.com\/elregionalvm.com.ar\/noticias-villa-maria\/wp-content\/uploads\/2024\/09\/WhatsApp-Image-2024-09-12-at-09.53.06.jpeg?fit=1060%2C1500&ssl=1\",\"datePublished\":\"2024-09-12T18:17:27+00:00\",\"dateModified\":\"2024-09-12T18:17:30+00:00\",\"author\":{\"@id\":\"http:\/\/elregionalvm.com.ar\/noticias-villa-maria\/#\/schema\/person\/a0fb9c422317faca23d50163151bc354\"},\"breadcrumb\":{\"@id\":\"https:\/\/elregionalvm.com.ar\/noticias-villa-maria\/villa-maria-celebra-la-llegada-de-la-primavera-la-semana-de-la-juventud-y-la-movilidad-sustentable\/#breadcrumb\"},\"inLanguage\":\"es\",\"potentialAction\":[{\"@type\":\"ReadAction\",\"target\":[\"https:\/\/elregionalvm.com.ar\/noticias-villa-maria\/villa-maria-celebra-la-llegada-de-la-primavera-la-semana-de-la-juventud-y-la-movilidad-sustentable\/\"]}]},{\"@type\":\"ImageObject\",\"inLanguage\":\"es\",\"@id\":\"https:\/\/elregionalvm.com.ar\/noticias-villa-maria\/villa-maria-celebra-la-llegada-de-la-primavera-la-semana-de-la-juventud-y-la-movilidad-sustentable\/#primaryimage\",\"url\":\"https:\/\/i0.wp.com\/elregionalvm.com.ar\/noticias-villa-maria\/wp-content\/uploads\/2024\/09\/WhatsApp-Image-2024-09-12-at-09.53.06.jpeg?fit=1060%2C1500&ssl=1\",\"contentUrl\":\"https:\/\/i0.wp.com\/elregionalvm.com.ar\/noticias-villa-maria\/wp-content\/uploads\/2024\/09\/WhatsApp-Image-2024-09-12-at-09.53.06.jpeg?fit=1060%2C1500&ssl=1\",\"width\":1060,\"height\":1500},{\"@type\":\"BreadcrumbList\",\"@id\":\"https:\/\/elregionalvm.com.ar\/noticias-villa-maria\/villa-maria-celebra-la-llegada-de-la-primavera-la-semana-de-la-juventud-y-la-movilidad-sustentable\/#breadcrumb\",\"itemListElement\":[{\"@type\":\"ListItem\",\"position\":1,\"name\":\"Portada\",\"item\":\"https:\/\/elregionalvm.com.ar\/noticias-villa-maria\/\"},{\"@type\":\"ListItem\",\"position\":2,\"name\":\"Villa Mar\u00eda celebra la llegada de la Primavera, la Semana de la Juventud y la Movilidad Sustentable\"}]},{\"@type\":\"WebSite\",\"@id\":\"http:\/\/elregionalvm.com.ar\/noticias-villa-maria\/#website\",\"url\":\"http:\/\/elregionalvm.com.ar\/noticias-villa-maria\/\",\"name\":\"El Regional\",\"description\":\"Mucho m\u00e1s que informaci\u00f3n\",\"potentialAction\":[{\"@type\":\"SearchAction\",\"target\":{\"@type\":\"EntryPoint\",\"urlTemplate\":\"http:\/\/elregionalvm.com.ar\/noticias-villa-maria\/?s={search_term_string}\"},\"query-input\":{\"@type\":\"PropertyValueSpecification\",\"valueRequired\":true,\"valueName\":\"search_term_string\"}}],\"inLanguage\":\"es\"},{\"@type\":\"Person\",\"@id\":\"http:\/\/elregionalvm.com.ar\/noticias-villa-maria\/#\/schema\/person\/a0fb9c422317faca23d50163151bc354\",\"name\":\"Contenidos El Regional\",\"image\":{\"@type\":\"ImageObject\",\"inLanguage\":\"es\",\"@id\":\"http:\/\/elregionalvm.com.ar\/noticias-villa-maria\/#\/schema\/person\/image\/\",\"url\":\"https:\/\/secure.gravatar.com\/avatar\/265b27cb2209af7bb3a1318f03305787d7981a5cc6e6cd08fe5a4ecdf99d4b48?s=96&d=mm&r=g\",\"contentUrl\":\"https:\/\/secure.gravatar.com\/avatar\/265b27cb2209af7bb3a1318f03305787d7981a5cc6e6cd08fe5a4ecdf99d4b48?s=96&d=mm&r=g\",\"caption\":\"Contenidos El Regional\"},\"url\":\"https:\/\/elregionalvm.com.ar\/noticias-villa-maria\/author\/contenido\/\"}]}<\/script>\n<!-- \/ Yoast SEO plugin. -->","yoast_head_json":{"title":"Villa Mar\u00eda celebra la llegada de la Primavera, la Semana de la Juventud y la Movilidad Sustentable - El Regional","robots":{"index":"index","follow":"follow","max-snippet":"max-snippet:-1","max-image-preview":"max-image-preview:large","max-video-preview":"max-video-preview:-1"},"canonical":"https:\/\/elregionalvm.com.ar\/noticias-villa-maria\/villa-maria-celebra-la-llegada-de-la-primavera-la-semana-de-la-juventud-y-la-movilidad-sustentable\/","og_locale":"es_ES","og_type":"article","og_title":"Villa Mar\u00eda celebra la llegada de la Primavera, la Semana de la Juventud y la Movilidad Sustentable - El Regional","og_description":"Del 16 al 22 de septiembre, Villa Mar\u00eda se viste de verde para celebrar la Semana de la Juventud y la llegada de la primavera con una propuesta diferente: la Primavera Sustentable. En coincidencia con la Semana Mundial de la Movilidad Sustentable, la ciudad se convierte en un espacio para fomentar acciones que reduzcan los [&hellip;]","og_url":"https:\/\/elregionalvm.com.ar\/noticias-villa-maria\/villa-maria-celebra-la-llegada-de-la-primavera-la-semana-de-la-juventud-y-la-movilidad-sustentable\/","og_site_name":"El Regional","article_publisher":"https:\/\/www.facebook.com\/elregionalvm","article_published_time":"2024-09-12T18:17:27+00:00","article_modified_time":"2024-09-12T18:17:30+00:00","og_image":[{"width":1060,"height":1500,"url":"https:\/\/elregionalvm.com.ar\/noticias-villa-maria\/wp-content\/uploads\/2024\/09\/WhatsApp-Image-2024-09-12-at-09.53.06.jpeg","type":"image\/jpeg"}],"author":"Contenidos El Regional","twitter_card":"summary_large_image","twitter_creator":"@elregionalvm1","twitter_site":"@elregionalvm1","twitter_misc":{"Escrito por":"Contenidos El Regional","Tiempo de lectura":"3 minutos"},"schema":{"@context":"https:\/\/schema.org","@graph":[{"@type":"Article","@id":"https:\/\/elregionalvm.com.ar\/noticias-villa-maria\/villa-maria-celebra-la-llegada-de-la-primavera-la-semana-de-la-juventud-y-la-movilidad-sustentable\/#article","isPartOf":{"@id":"https:\/\/elregionalvm.com.ar\/noticias-villa-maria\/villa-maria-celebra-la-llegada-de-la-primavera-la-semana-de-la-juventud-y-la-movilidad-sustentable\/"},"author":{"name":"Contenidos El Regional","@id":"http:\/\/elregionalvm.com.ar\/noticias-villa-maria\/#\/schema\/person\/a0fb9c422317faca23d50163151bc354"},"headline":"Villa Mar\u00eda celebra la llegada de la Primavera, la Semana de la Juventud y la Movilidad Sustentable","datePublished":"2024-09-12T18:17:27+00:00","dateModified":"2024-09-12T18:17:30+00:00","mainEntityOfPage":{"@id":"https:\/\/elregionalvm.com.ar\/noticias-villa-maria\/villa-maria-celebra-la-llegada-de-la-primavera-la-semana-de-la-juventud-y-la-movilidad-sustentable\/"},"wordCount":366,"commentCount":0,"image":{"@id":"https:\/\/elregionalvm.com.ar\/noticias-villa-maria\/villa-maria-celebra-la-llegada-de-la-primavera-la-semana-de-la-juventud-y-la-movilidad-sustentable\/#primaryimage"},"thumbnailUrl":"https:\/\/i0.wp.com\/elregionalvm.com.ar\/noticias-villa-maria\/wp-content\/uploads\/2024\/09\/WhatsApp-Image-2024-09-12-at-09.53.06.jpeg?fit=1060%2C1500&ssl=1","articleSection":["Cultura","Sociedad","Villa Mar\u00eda"],"inLanguage":"es","potentialAction":[{"@type":"CommentAction","name":"Comment","target":["https:\/\/elregionalvm.com.ar\/noticias-villa-maria\/villa-maria-celebra-la-llegada-de-la-primavera-la-semana-de-la-juventud-y-la-movilidad-sustentable\/#respond"]}]},{"@type":"WebPage","@id":"https:\/\/elregionalvm.com.ar\/noticias-villa-maria\/villa-maria-celebra-la-llegada-de-la-primavera-la-semana-de-la-juventud-y-la-movilidad-sustentable\/","url":"https:\/\/elregionalvm.com.ar\/noticias-villa-maria\/villa-maria-celebra-la-llegada-de-la-primavera-la-semana-de-la-juventud-y-la-movilidad-sustentable\/","name":"Villa Mar\u00eda celebra la llegada de la Primavera, la Semana de la Juventud y la Movilidad Sustentable - El Regional","isPartOf":{"@id":"http:\/\/elregionalvm.com.ar\/noticias-villa-maria\/#website"},"primaryImageOfPage":{"@id":"https:\/\/elregionalvm.com.ar\/noticias-villa-maria\/villa-maria-celebra-la-llegada-de-la-primavera-la-semana-de-la-juventud-y-la-movilidad-sustentable\/#primaryimage"},"image":{"@id":"https:\/\/elregionalvm.com.ar\/noticias-villa-maria\/villa-maria-celebra-la-llegada-de-la-primavera-la-semana-de-la-juventud-y-la-movilidad-sustentable\/#primaryimage"},"thumbnailUrl":"https:\/\/i0.wp.com\/elregionalvm.com.ar\/noticias-villa-maria\/wp-content\/uploads\/2024\/09\/WhatsApp-Image-2024-09-12-at-09.53.06.jpeg?fit=1060%2C1500&ssl=1","datePublished":"2024-09-12T18:17:27+00:00","dateModified":"2024-09-12T18:17:30+00:00","author":{"@id":"http:\/\/elregionalvm.com.ar\/noticias-villa-maria\/#\/schema\/person\/a0fb9c422317faca23d50163151bc354"},"breadcrumb":{"@id":"https:\/\/elregionalvm.com.ar\/noticias-villa-maria\/villa-maria-celebra-la-llegada-de-la-primavera-la-semana-de-la-juventud-y-la-movilidad-sustentable\/#breadcrumb"},"inLanguage":"es","potentialAction":[{"@type":"ReadAction","target":["https:\/\/elregionalvm.com.ar\/noticias-villa-maria\/villa-maria-celebra-la-llegada-de-la-primavera-la-semana-de-la-juventud-y-la-movilidad-sustentable\/"]}]},{"@type":"ImageObject","inLanguage":"es","@id":"https:\/\/elregionalvm.com.ar\/noticias-villa-maria\/villa-maria-celebra-la-llegada-de-la-primavera-la-semana-de-la-juventud-y-la-movilidad-sustentable\/#primaryimage","url":"https:\/\/i0.wp.com\/elregionalvm.com.ar\/noticias-villa-maria\/wp-content\/uploads\/2024\/09\/WhatsApp-Image-2024-09-12-at-09.53.06.jpeg?fit=1060%2C1500&ssl=1","contentUrl":"https:\/\/i0.wp.com\/elregionalvm.com.ar\/noticias-villa-maria\/wp-content\/uploads\/2024\/09\/WhatsApp-Image-2024-09-12-at-09.53.06.jpeg?fit=1060%2C1500&ssl=1","width":1060,"height":1500},{"@type":"BreadcrumbList","@id":"https:\/\/elregionalvm.com.ar\/noticias-villa-maria\/villa-maria-celebra-la-llegada-de-la-primavera-la-semana-de-la-juventud-y-la-movilidad-sustentable\/#breadcrumb","itemListElement":[{"@type":"ListItem","position":1,"name":"Portada","item":"https:\/\/elregionalvm.com.ar\/noticias-villa-maria\/"},{"@type":"ListItem","position":2,"name":"Villa Mar\u00eda celebra la llegada de la Primavera, la Semana de la Juventud y la Movilidad Sustentable"}]},{"@type":"WebSite","@id":"http:\/\/elregionalvm.com.ar\/noticias-villa-maria\/#website","url":"http:\/\/elregionalvm.com.ar\/noticias-villa-maria\/","name":"El Regional","description":"Mucho m\u00e1s que informaci\u00f3n","potentialAction":[{"@type":"SearchAction","target":{"@type":"EntryPoint","urlTemplate":"http:\/\/elregionalvm.com.ar\/noticias-villa-maria\/?s={search_term_string}"},"query-input":{"@type":"PropertyValueSpecification","valueRequired":true,"valueName":"search_term_string"}}],"inLanguage":"es"},{"@type":"Person","@id":"http:\/\/elregionalvm.com.ar\/noticias-villa-maria\/#\/schema\/person\/a0fb9c422317faca23d50163151bc354","name":"Contenidos El Regional","image":{"@type":"ImageObject","inLanguage":"es","@id":"http:\/\/elregionalvm.com.ar\/noticias-villa-maria\/#\/schema\/person\/image\/","url":"https:\/\/secure.gravatar.com\/avatar\/265b27cb2209af7bb3a1318f03305787d7981a5cc6e6cd08fe5a4ecdf99d4b48?s=96&d=mm&r=g","contentUrl":"https:\/\/secure.gravatar.com\/avatar\/265b27cb2209af7bb3a1318f03305787d7981a5cc6e6cd08fe5a4ecdf99d4b48?s=96&d=mm&r=g","caption":"Contenidos El Regional"},"url":"https:\/\/elregionalvm.com.ar\/noticias-villa-maria\/author\/contenido\/"}]}},"jetpack_featured_media_url":"https:\/\/i0.wp.com\/elregionalvm.com.ar\/noticias-villa-maria\/wp-content\/uploads\/2024\/09\/WhatsApp-Image-2024-09-12-at-09.53.06.jpeg?fit=1060%2C1500&ssl=1","jetpack_sharing_enabled":true,"_links":{"self":[{"href":"https:\/\/elregionalvm.com.ar\/noticias-villa-maria\/wp-json\/wp\/v2\/posts\/98598","targetHints":{"allow":["GET"]}}],"collection":[{"href":"https:\/\/elregionalvm.com.ar\/noticias-villa-maria\/wp-json\/wp\/v2\/posts"}],"about":[{"href":"https:\/\/elregionalvm.com.ar\/noticias-villa-maria\/wp-json\/wp\/v2\/types\/post"}],"author":[{"embeddable":true,"href":"https:\/\/elregionalvm.com.ar\/noticias-villa-maria\/wp-json\/wp\/v2\/users\/4"}],"replies":[{"embeddable":true,"href":"https:\/\/elregionalvm.com.ar\/noticias-villa-maria\/wp-json\/wp\/v2\/comments?post=98598"}],"version-history":[{"count":1,"href":"https:\/\/elregionalvm.com.ar\/noticias-villa-maria\/wp-json\/wp\/v2\/posts\/98598\/revisions"}],"predecessor-version":[{"id":98602,"href":"https:\/\/elregionalvm.com.ar\/noticias-villa-maria\/wp-json\/wp\/v2\/posts\/98598\/revisions\/98602"}],"wp:featuredmedia":[{"embeddable":true,"href":"https:\/\/elregionalvm.com.ar\/noticias-villa-maria\/wp-json\/wp\/v2\/media\/98600"}],"wp:attachment":[{"href":"https:\/\/elregionalvm.com.ar\/noticias-villa-maria\/wp-json\/wp\/v2\/media?parent=98598"}],"wp:term":[{"taxonomy":"category","embeddable":true,"href":"https:\/\/elregionalvm.com.ar\/noticias-villa-maria\/wp-json\/wp\/v2\/categories?post=98598"},{"taxonomy":"post_tag","embeddable":true,"href":"https:\/\/elregionalvm.com.ar\/noticias-villa-maria\/wp-json\/wp\/v2\/tags?post=98598"}],"curies":[{"name":"wp","href":"https:\/\/api.w.org\/{rel}","templated":true}]}}