{"id":98603,"date":"2024-09-12T20:31:01","date_gmt":"2024-09-12T20:31:01","guid":{"rendered":"https:\/\/elregionalvm.com.ar\/noticias-villa-maria\/?p=98603"},"modified":"2024-09-12T20:31:04","modified_gmt":"2024-09-12T20:31:04","slug":"contra-uber-taxistas-presentaron-proyecto-para-regular-las-apps-de-transporte-de-pasajeros","status":"publish","type":"post","link":"https:\/\/elregionalvm.com.ar\/noticias-villa-maria\/contra-uber-taxistas-presentaron-proyecto-para-regular-las-apps-de-transporte-de-pasajeros\/","title":{"rendered":"Contra UBER: Taxistas presentaron proyecto para regular las apps de transporte de pasajeros"},"content":{"rendered":"\n<p>Este jueves, todas las representaciones del transporte p\u00fablico automotor de Villa Mar\u00eda presentaron por mesa de entradas del Concejo Deliberante, un proyecto de Ordenanza para la prohibici\u00f3n del funcionamiento de Apps de transporte de personas que no sean de taxis.<\/p>\n\n\n\n<p>La propuesta contempla el mecanismo para que el Municipio tenga la herramienta m\u00e1s efectiva \u00abpara combatir este transporte ilegal de personas\u00bb.<\/p>\n\n\n\n<p>El autor del proyecto es el abogado cordob\u00e9s Carlos Cafure, quien se desempe\u00f1a como asesor letrado del Sindicato de Peones de Taxis de C\u00f3rdoba.<\/p>\n\n\n\n<p><\/p>\n\n\n\n<figure class=\"wp-block-image size-large\"><img data-recalc-dims=\"1\" fetchpriority=\"high\" decoding=\"async\" width=\"741\" height=\"1024\" src=\"https:\/\/i0.wp.com\/elregionalvm.com.ar\/noticias-villa-maria\/wp-content\/uploads\/2024\/09\/Proyecto-ordenanza-contra-Uber-taxistas-2024.jpeg?resize=741%2C1024&#038;ssl=1\" alt=\"\" class=\"wp-image-98604\" srcset=\"https:\/\/i0.wp.com\/elregionalvm.com.ar\/noticias-villa-maria\/wp-content\/uploads\/2024\/09\/Proyecto-ordenanza-contra-Uber-taxistas-2024.jpeg?resize=741%2C1024&amp;ssl=1 741w, https:\/\/i0.wp.com\/elregionalvm.com.ar\/noticias-villa-maria\/wp-content\/uploads\/2024\/09\/Proyecto-ordenanza-contra-Uber-taxistas-2024.jpeg?resize=217%2C300&amp;ssl=1 217w, https:\/\/i0.wp.com\/elregionalvm.com.ar\/noticias-villa-maria\/wp-content\/uploads\/2024\/09\/Proyecto-ordenanza-contra-Uber-taxistas-2024.jpeg?resize=768%2C1061&amp;ssl=1 768w, https:\/\/i0.wp.com\/elregionalvm.com.ar\/noticias-villa-maria\/wp-content\/uploads\/2024\/09\/Proyecto-ordenanza-contra-Uber-taxistas-2024.jpeg?w=943&amp;ssl=1 943w\" sizes=\"(max-width: 741px) 100vw, 741px\" \/><\/figure>\n","protected":false},"excerpt":{"rendered":"<p>Este jueves, todas las representaciones del transporte p\u00fablico automotor de Villa Mar\u00eda presentaron por mesa de entradas del Concejo Deliberante, un proyecto de Ordenanza para la prohibici\u00f3n del funcionamiento de Apps de transporte de personas que no sean de taxis. La propuesta contempla el mecanismo para que el Municipio tenga la herramienta m\u00e1s efectiva \u00abpara [&hellip;]<\/p>\n","protected":false},"author":4,"featured_media":98605,"comment_status":"open","ping_status":"open","sticky":false,"template":"","format":"standard","meta":{"site-sidebar-layout":"default","site-content-layout":"","ast-site-content-layout":"default","site-content-style":"default","site-sidebar-style":"default","ast-global-header-display":"","ast-banner-title-visibility":"","ast-main-header-display":"","ast-hfb-above-header-display":"","ast-hfb-below-header-display":"","ast-hfb-mobile-header-display":"","site-post-title":"","ast-breadcrumbs-content":"","ast-featured-img":"","footer-sml-layout":"","ast-disable-related-posts":"","theme-transparent-header-meta":"","adv-header-id-meta":"","stick-header-meta":"","header-above-stick-meta":"","header-main-stick-meta":"","header-below-stick-meta":"","astra-migrate-meta-layouts":"set","ast-page-background-enabled":"default","ast-page-background-meta":{"desktop":{"background-color":"","background-image":"","background-repeat":"repeat","background-position":"center center","background-size":"auto","background-attachment":"scroll","background-type":"","background-media":"","overlay-type":"","overlay-color":"","overlay-opacity":"","overlay-gradient":""},"tablet":{"background-color":"","background-image":"","background-repeat":"repeat","background-position":"center center","background-size":"auto","background-attachment":"scroll","background-type":"","background-media":"","overlay-type":"","overlay-color":"","overlay-opacity":"","overlay-gradient":""},"mobile":{"background-color":"","background-image":"","background-repeat":"repeat","background-position":"center center","background-size":"auto","background-attachment":"scroll","background-type":"","background-media":"","overlay-type":"","overlay-color":"","overlay-opacity":"","overlay-gradient":""}},"ast-content-background-meta":{"desktop":{"background-color":"var(--ast-global-color-5)","background-image":"","background-repeat":"repeat","background-position":"center center","background-size":"auto","background-attachment":"scroll","background-type":"","background-media":"","overlay-type":"","overlay-color":"","overlay-opacity":"","overlay-gradient":""},"tablet":{"background-color":"var(--ast-global-color-5)","background-image":"","background-repeat":"repeat","background-position":"center center","background-size":"auto","background-attachment":"scroll","background-type":"","background-media":"","overlay-type":"","overlay-color":"","overlay-opacity":"","overlay-gradient":""},"mobile":{"background-color":"var(--ast-global-color-5)","background-image":"","background-repeat":"repeat","background-position":"center center","background-size":"auto","background-attachment":"scroll","background-type":"","background-media":"","overlay-type":"","overlay-color":"","overlay-opacity":"","overlay-gradient":""}},"_jetpack_memberships_contains_paid_content":false,"_joinchat":[],"footnotes":""},"categories":[15302,2],"tags":[1597,1268,1036,4308,24153],"class_list":["post-98603","post","type-post","status-publish","format-standard","has-post-thumbnail","hentry","category-destacado","category-villa-maria","tag-concejo-deliberante","tag-ordenanza","tag-proyecto","tag-taxis","tag-uber"],"yoast_head":"<!-- This site is optimized with the Yoast SEO plugin v26.8 - https:\/\/yoast.com\/product\/yoast-seo-wordpress\/ -->\n<title>Contra UBER: Taxistas presentaron proyecto para regular las apps de transporte de pasajeros - El Regional<\/title>\n<meta name=\"robots\" content=\"index, follow, max-snippet:-1, max-image-preview:large, max-video-preview:-1\" \/>\n<link rel=\"canonical\" href=\"https:\/\/elregionalvm.com.ar\/noticias-villa-maria\/contra-uber-taxistas-presentaron-proyecto-para-regular-las-apps-de-transporte-de-pasajeros\/\" \/>\n<meta property=\"og:locale\" content=\"es_ES\" \/>\n<meta property=\"og:type\" content=\"article\" \/>\n<meta property=\"og:title\" content=\"Contra UBER: Taxistas presentaron proyecto para regular las apps de transporte de pasajeros - El Regional\" \/>\n<meta property=\"og:description\" content=\"Este jueves, todas las representaciones del transporte p\u00fablico automotor de Villa Mar\u00eda presentaron por mesa de entradas del Concejo Deliberante, un proyecto de Ordenanza para la prohibici\u00f3n del funcionamiento de Apps de transporte de personas que no sean de taxis. La propuesta contempla el mecanismo para que el Municipio tenga la herramienta m\u00e1s efectiva \u00abpara [&hellip;]\" \/>\n<meta property=\"og:url\" content=\"https:\/\/elregionalvm.com.ar\/noticias-villa-maria\/contra-uber-taxistas-presentaron-proyecto-para-regular-las-apps-de-transporte-de-pasajeros\/\" \/>\n<meta property=\"og:site_name\" content=\"El Regional\" \/>\n<meta property=\"article:publisher\" content=\"https:\/\/www.facebook.com\/elregionalvm\" \/>\n<meta property=\"article:published_time\" content=\"2024-09-12T20:31:01+00:00\" \/>\n<meta property=\"article:modified_time\" content=\"2024-09-12T20:31:04+00:00\" \/>\n<meta property=\"og:image\" content=\"https:\/\/elregionalvm.com.ar\/noticias-villa-maria\/wp-content\/uploads\/2024\/09\/Taxistas-en-el-Concejo.jpeg\" \/>\n\t<meta property=\"og:image:width\" content=\"1280\" \/>\n\t<meta property=\"og:image:height\" content=\"960\" \/>\n\t<meta property=\"og:image:type\" content=\"image\/jpeg\" \/>\n<meta name=\"author\" content=\"Contenidos El Regional\" \/>\n<meta name=\"twitter:card\" content=\"summary_large_image\" \/>\n<meta name=\"twitter:creator\" content=\"@elregionalvm1\" \/>\n<meta name=\"twitter:site\" content=\"@elregionalvm1\" \/>\n<meta name=\"twitter:label1\" content=\"Escrito por\" \/>\n\t<meta name=\"twitter:data1\" content=\"Contenidos El Regional\" \/>\n\t<meta name=\"twitter:label2\" content=\"Tiempo de lectura\" \/>\n\t<meta name=\"twitter:data2\" content=\"1 minuto\" \/>\n<script type=\"application\/ld+json\" class=\"yoast-schema-graph\">{\"@context\":\"https:\/\/schema.org\",\"@graph\":[{\"@type\":\"Article\",\"@id\":\"https:\/\/elregionalvm.com.ar\/noticias-villa-maria\/contra-uber-taxistas-presentaron-proyecto-para-regular-las-apps-de-transporte-de-pasajeros\/#article\",\"isPartOf\":{\"@id\":\"https:\/\/elregionalvm.com.ar\/noticias-villa-maria\/contra-uber-taxistas-presentaron-proyecto-para-regular-las-apps-de-transporte-de-pasajeros\/\"},\"author\":{\"name\":\"Contenidos El Regional\",\"@id\":\"http:\/\/elregionalvm.com.ar\/noticias-villa-maria\/#\/schema\/person\/a0fb9c422317faca23d50163151bc354\"},\"headline\":\"Contra UBER: Taxistas presentaron proyecto para regular las apps de transporte de pasajeros\",\"datePublished\":\"2024-09-12T20:31:01+00:00\",\"dateModified\":\"2024-09-12T20:31:04+00:00\",\"mainEntityOfPage\":{\"@id\":\"https:\/\/elregionalvm.com.ar\/noticias-villa-maria\/contra-uber-taxistas-presentaron-proyecto-para-regular-las-apps-de-transporte-de-pasajeros\/\"},\"wordCount\":105,\"commentCount\":0,\"image\":{\"@id\":\"https:\/\/elregionalvm.com.ar\/noticias-villa-maria\/contra-uber-taxistas-presentaron-proyecto-para-regular-las-apps-de-transporte-de-pasajeros\/#primaryimage\"},\"thumbnailUrl\":\"https:\/\/i0.wp.com\/elregionalvm.com.ar\/noticias-villa-maria\/wp-content\/uploads\/2024\/09\/Taxistas-en-el-Concejo.jpeg?fit=1280%2C960&ssl=1\",\"keywords\":[\"Concejo Deliberante\",\"Ordenanza\",\"Proyecto\",\"Taxis\",\"Uber\"],\"articleSection\":[\"destacado\",\"Villa Mar\u00eda\"],\"inLanguage\":\"es\",\"potentialAction\":[{\"@type\":\"CommentAction\",\"name\":\"Comment\",\"target\":[\"https:\/\/elregionalvm.com.ar\/noticias-villa-maria\/contra-uber-taxistas-presentaron-proyecto-para-regular-las-apps-de-transporte-de-pasajeros\/#respond\"]}]},{\"@type\":\"WebPage\",\"@id\":\"https:\/\/elregionalvm.com.ar\/noticias-villa-maria\/contra-uber-taxistas-presentaron-proyecto-para-regular-las-apps-de-transporte-de-pasajeros\/\",\"url\":\"https:\/\/elregionalvm.com.ar\/noticias-villa-maria\/contra-uber-taxistas-presentaron-proyecto-para-regular-las-apps-de-transporte-de-pasajeros\/\",\"name\":\"Contra UBER: Taxistas presentaron proyecto para regular las apps de transporte de pasajeros - El Regional\",\"isPartOf\":{\"@id\":\"http:\/\/elregionalvm.com.ar\/noticias-villa-maria\/#website\"},\"primaryImageOfPage\":{\"@id\":\"https:\/\/elregionalvm.com.ar\/noticias-villa-maria\/contra-uber-taxistas-presentaron-proyecto-para-regular-las-apps-de-transporte-de-pasajeros\/#primaryimage\"},\"image\":{\"@id\":\"https:\/\/elregionalvm.com.ar\/noticias-villa-maria\/contra-uber-taxistas-presentaron-proyecto-para-regular-las-apps-de-transporte-de-pasajeros\/#primaryimage\"},\"thumbnailUrl\":\"https:\/\/i0.wp.com\/elregionalvm.com.ar\/noticias-villa-maria\/wp-content\/uploads\/2024\/09\/Taxistas-en-el-Concejo.jpeg?fit=1280%2C960&ssl=1\",\"datePublished\":\"2024-09-12T20:31:01+00:00\",\"dateModified\":\"2024-09-12T20:31:04+00:00\",\"author\":{\"@id\":\"http:\/\/elregionalvm.com.ar\/noticias-villa-maria\/#\/schema\/person\/a0fb9c422317faca23d50163151bc354\"},\"breadcrumb\":{\"@id\":\"https:\/\/elregionalvm.com.ar\/noticias-villa-maria\/contra-uber-taxistas-presentaron-proyecto-para-regular-las-apps-de-transporte-de-pasajeros\/#breadcrumb\"},\"inLanguage\":\"es\",\"potentialAction\":[{\"@type\":\"ReadAction\",\"target\":[\"https:\/\/elregionalvm.com.ar\/noticias-villa-maria\/contra-uber-taxistas-presentaron-proyecto-para-regular-las-apps-de-transporte-de-pasajeros\/\"]}]},{\"@type\":\"ImageObject\",\"inLanguage\":\"es\",\"@id\":\"https:\/\/elregionalvm.com.ar\/noticias-villa-maria\/contra-uber-taxistas-presentaron-proyecto-para-regular-las-apps-de-transporte-de-pasajeros\/#primaryimage\",\"url\":\"https:\/\/i0.wp.com\/elregionalvm.com.ar\/noticias-villa-maria\/wp-content\/uploads\/2024\/09\/Taxistas-en-el-Concejo.jpeg?fit=1280%2C960&ssl=1\",\"contentUrl\":\"https:\/\/i0.wp.com\/elregionalvm.com.ar\/noticias-villa-maria\/wp-content\/uploads\/2024\/09\/Taxistas-en-el-Concejo.jpeg?fit=1280%2C960&ssl=1\",\"width\":1280,\"height\":960},{\"@type\":\"BreadcrumbList\",\"@id\":\"https:\/\/elregionalvm.com.ar\/noticias-villa-maria\/contra-uber-taxistas-presentaron-proyecto-para-regular-las-apps-de-transporte-de-pasajeros\/#breadcrumb\",\"itemListElement\":[{\"@type\":\"ListItem\",\"position\":1,\"name\":\"Portada\",\"item\":\"https:\/\/elregionalvm.com.ar\/noticias-villa-maria\/\"},{\"@type\":\"ListItem\",\"position\":2,\"name\":\"Contra UBER: Taxistas presentaron proyecto para regular las apps de transporte de pasajeros\"}]},{\"@type\":\"WebSite\",\"@id\":\"http:\/\/elregionalvm.com.ar\/noticias-villa-maria\/#website\",\"url\":\"http:\/\/elregionalvm.com.ar\/noticias-villa-maria\/\",\"name\":\"El Regional\",\"description\":\"Mucho m\u00e1s que informaci\u00f3n\",\"potentialAction\":[{\"@type\":\"SearchAction\",\"target\":{\"@type\":\"EntryPoint\",\"urlTemplate\":\"http:\/\/elregionalvm.com.ar\/noticias-villa-maria\/?s={search_term_string}\"},\"query-input\":{\"@type\":\"PropertyValueSpecification\",\"valueRequired\":true,\"valueName\":\"search_term_string\"}}],\"inLanguage\":\"es\"},{\"@type\":\"Person\",\"@id\":\"http:\/\/elregionalvm.com.ar\/noticias-villa-maria\/#\/schema\/person\/a0fb9c422317faca23d50163151bc354\",\"name\":\"Contenidos El Regional\",\"image\":{\"@type\":\"ImageObject\",\"inLanguage\":\"es\",\"@id\":\"http:\/\/elregionalvm.com.ar\/noticias-villa-maria\/#\/schema\/person\/image\/\",\"url\":\"https:\/\/secure.gravatar.com\/avatar\/265b27cb2209af7bb3a1318f03305787d7981a5cc6e6cd08fe5a4ecdf99d4b48?s=96&d=mm&r=g\",\"contentUrl\":\"https:\/\/secure.gravatar.com\/avatar\/265b27cb2209af7bb3a1318f03305787d7981a5cc6e6cd08fe5a4ecdf99d4b48?s=96&d=mm&r=g\",\"caption\":\"Contenidos El Regional\"},\"url\":\"https:\/\/elregionalvm.com.ar\/noticias-villa-maria\/author\/contenido\/\"}]}<\/script>\n<!-- \/ Yoast SEO plugin. -->","yoast_head_json":{"title":"Contra UBER: Taxistas presentaron proyecto para regular las apps de transporte de pasajeros - El Regional","robots":{"index":"index","follow":"follow","max-snippet":"max-snippet:-1","max-image-preview":"max-image-preview:large","max-video-preview":"max-video-preview:-1"},"canonical":"https:\/\/elregionalvm.com.ar\/noticias-villa-maria\/contra-uber-taxistas-presentaron-proyecto-para-regular-las-apps-de-transporte-de-pasajeros\/","og_locale":"es_ES","og_type":"article","og_title":"Contra UBER: Taxistas presentaron proyecto para regular las apps de transporte de pasajeros - El Regional","og_description":"Este jueves, todas las representaciones del transporte p\u00fablico automotor de Villa Mar\u00eda presentaron por mesa de entradas del Concejo Deliberante, un proyecto de Ordenanza para la prohibici\u00f3n del funcionamiento de Apps de transporte de personas que no sean de taxis. La propuesta contempla el mecanismo para que el Municipio tenga la herramienta m\u00e1s efectiva \u00abpara [&hellip;]","og_url":"https:\/\/elregionalvm.com.ar\/noticias-villa-maria\/contra-uber-taxistas-presentaron-proyecto-para-regular-las-apps-de-transporte-de-pasajeros\/","og_site_name":"El Regional","article_publisher":"https:\/\/www.facebook.com\/elregionalvm","article_published_time":"2024-09-12T20:31:01+00:00","article_modified_time":"2024-09-12T20:31:04+00:00","og_image":[{"width":1280,"height":960,"url":"https:\/\/elregionalvm.com.ar\/noticias-villa-maria\/wp-content\/uploads\/2024\/09\/Taxistas-en-el-Concejo.jpeg","type":"image\/jpeg"}],"author":"Contenidos El Regional","twitter_card":"summary_large_image","twitter_creator":"@elregionalvm1","twitter_site":"@elregionalvm1","twitter_misc":{"Escrito por":"Contenidos El Regional","Tiempo de lectura":"1 minuto"},"schema":{"@context":"https:\/\/schema.org","@graph":[{"@type":"Article","@id":"https:\/\/elregionalvm.com.ar\/noticias-villa-maria\/contra-uber-taxistas-presentaron-proyecto-para-regular-las-apps-de-transporte-de-pasajeros\/#article","isPartOf":{"@id":"https:\/\/elregionalvm.com.ar\/noticias-villa-maria\/contra-uber-taxistas-presentaron-proyecto-para-regular-las-apps-de-transporte-de-pasajeros\/"},"author":{"name":"Contenidos El Regional","@id":"http:\/\/elregionalvm.com.ar\/noticias-villa-maria\/#\/schema\/person\/a0fb9c422317faca23d50163151bc354"},"headline":"Contra UBER: Taxistas presentaron proyecto para regular las apps de transporte de pasajeros","datePublished":"2024-09-12T20:31:01+00:00","dateModified":"2024-09-12T20:31:04+00:00","mainEntityOfPage":{"@id":"https:\/\/elregionalvm.com.ar\/noticias-villa-maria\/contra-uber-taxistas-presentaron-proyecto-para-regular-las-apps-de-transporte-de-pasajeros\/"},"wordCount":105,"commentCount":0,"image":{"@id":"https:\/\/elregionalvm.com.ar\/noticias-villa-maria\/contra-uber-taxistas-presentaron-proyecto-para-regular-las-apps-de-transporte-de-pasajeros\/#primaryimage"},"thumbnailUrl":"https:\/\/i0.wp.com\/elregionalvm.com.ar\/noticias-villa-maria\/wp-content\/uploads\/2024\/09\/Taxistas-en-el-Concejo.jpeg?fit=1280%2C960&ssl=1","keywords":["Concejo Deliberante","Ordenanza","Proyecto","Taxis","Uber"],"articleSection":["destacado","Villa Mar\u00eda"],"inLanguage":"es","potentialAction":[{"@type":"CommentAction","name":"Comment","target":["https:\/\/elregionalvm.com.ar\/noticias-villa-maria\/contra-uber-taxistas-presentaron-proyecto-para-regular-las-apps-de-transporte-de-pasajeros\/#respond"]}]},{"@type":"WebPage","@id":"https:\/\/elregionalvm.com.ar\/noticias-villa-maria\/contra-uber-taxistas-presentaron-proyecto-para-regular-las-apps-de-transporte-de-pasajeros\/","url":"https:\/\/elregionalvm.com.ar\/noticias-villa-maria\/contra-uber-taxistas-presentaron-proyecto-para-regular-las-apps-de-transporte-de-pasajeros\/","name":"Contra UBER: Taxistas presentaron proyecto para regular las apps de transporte de pasajeros - El Regional","isPartOf":{"@id":"http:\/\/elregionalvm.com.ar\/noticias-villa-maria\/#website"},"primaryImageOfPage":{"@id":"https:\/\/elregionalvm.com.ar\/noticias-villa-maria\/contra-uber-taxistas-presentaron-proyecto-para-regular-las-apps-de-transporte-de-pasajeros\/#primaryimage"},"image":{"@id":"https:\/\/elregionalvm.com.ar\/noticias-villa-maria\/contra-uber-taxistas-presentaron-proyecto-para-regular-las-apps-de-transporte-de-pasajeros\/#primaryimage"},"thumbnailUrl":"https:\/\/i0.wp.com\/elregionalvm.com.ar\/noticias-villa-maria\/wp-content\/uploads\/2024\/09\/Taxistas-en-el-Concejo.jpeg?fit=1280%2C960&ssl=1","datePublished":"2024-09-12T20:31:01+00:00","dateModified":"2024-09-12T20:31:04+00:00","author":{"@id":"http:\/\/elregionalvm.com.ar\/noticias-villa-maria\/#\/schema\/person\/a0fb9c422317faca23d50163151bc354"},"breadcrumb":{"@id":"https:\/\/elregionalvm.com.ar\/noticias-villa-maria\/contra-uber-taxistas-presentaron-proyecto-para-regular-las-apps-de-transporte-de-pasajeros\/#breadcrumb"},"inLanguage":"es","potentialAction":[{"@type":"ReadAction","target":["https:\/\/elregionalvm.com.ar\/noticias-villa-maria\/contra-uber-taxistas-presentaron-proyecto-para-regular-las-apps-de-transporte-de-pasajeros\/"]}]},{"@type":"ImageObject","inLanguage":"es","@id":"https:\/\/elregionalvm.com.ar\/noticias-villa-maria\/contra-uber-taxistas-presentaron-proyecto-para-regular-las-apps-de-transporte-de-pasajeros\/#primaryimage","url":"https:\/\/i0.wp.com\/elregionalvm.com.ar\/noticias-villa-maria\/wp-content\/uploads\/2024\/09\/Taxistas-en-el-Concejo.jpeg?fit=1280%2C960&ssl=1","contentUrl":"https:\/\/i0.wp.com\/elregionalvm.com.ar\/noticias-villa-maria\/wp-content\/uploads\/2024\/09\/Taxistas-en-el-Concejo.jpeg?fit=1280%2C960&ssl=1","width":1280,"height":960},{"@type":"BreadcrumbList","@id":"https:\/\/elregionalvm.com.ar\/noticias-villa-maria\/contra-uber-taxistas-presentaron-proyecto-para-regular-las-apps-de-transporte-de-pasajeros\/#breadcrumb","itemListElement":[{"@type":"ListItem","position":1,"name":"Portada","item":"https:\/\/elregionalvm.com.ar\/noticias-villa-maria\/"},{"@type":"ListItem","position":2,"name":"Contra UBER: Taxistas presentaron proyecto para regular las apps de transporte de pasajeros"}]},{"@type":"WebSite","@id":"http:\/\/elregionalvm.com.ar\/noticias-villa-maria\/#website","url":"http:\/\/elregionalvm.com.ar\/noticias-villa-maria\/","name":"El Regional","description":"Mucho m\u00e1s que informaci\u00f3n","potentialAction":[{"@type":"SearchAction","target":{"@type":"EntryPoint","urlTemplate":"http:\/\/elregionalvm.com.ar\/noticias-villa-maria\/?s={search_term_string}"},"query-input":{"@type":"PropertyValueSpecification","valueRequired":true,"valueName":"search_term_string"}}],"inLanguage":"es"},{"@type":"Person","@id":"http:\/\/elregionalvm.com.ar\/noticias-villa-maria\/#\/schema\/person\/a0fb9c422317faca23d50163151bc354","name":"Contenidos El Regional","image":{"@type":"ImageObject","inLanguage":"es","@id":"http:\/\/elregionalvm.com.ar\/noticias-villa-maria\/#\/schema\/person\/image\/","url":"https:\/\/secure.gravatar.com\/avatar\/265b27cb2209af7bb3a1318f03305787d7981a5cc6e6cd08fe5a4ecdf99d4b48?s=96&d=mm&r=g","contentUrl":"https:\/\/secure.gravatar.com\/avatar\/265b27cb2209af7bb3a1318f03305787d7981a5cc6e6cd08fe5a4ecdf99d4b48?s=96&d=mm&r=g","caption":"Contenidos El Regional"},"url":"https:\/\/elregionalvm.com.ar\/noticias-villa-maria\/author\/contenido\/"}]}},"jetpack_featured_media_url":"https:\/\/i0.wp.com\/elregionalvm.com.ar\/noticias-villa-maria\/wp-content\/uploads\/2024\/09\/Taxistas-en-el-Concejo.jpeg?fit=1280%2C960&ssl=1","jetpack_sharing_enabled":true,"_links":{"self":[{"href":"https:\/\/elregionalvm.com.ar\/noticias-villa-maria\/wp-json\/wp\/v2\/posts\/98603","targetHints":{"allow":["GET"]}}],"collection":[{"href":"https:\/\/elregionalvm.com.ar\/noticias-villa-maria\/wp-json\/wp\/v2\/posts"}],"about":[{"href":"https:\/\/elregionalvm.com.ar\/noticias-villa-maria\/wp-json\/wp\/v2\/types\/post"}],"author":[{"embeddable":true,"href":"https:\/\/elregionalvm.com.ar\/noticias-villa-maria\/wp-json\/wp\/v2\/users\/4"}],"replies":[{"embeddable":true,"href":"https:\/\/elregionalvm.com.ar\/noticias-villa-maria\/wp-json\/wp\/v2\/comments?post=98603"}],"version-history":[{"count":1,"href":"https:\/\/elregionalvm.com.ar\/noticias-villa-maria\/wp-json\/wp\/v2\/posts\/98603\/revisions"}],"predecessor-version":[{"id":98606,"href":"https:\/\/elregionalvm.com.ar\/noticias-villa-maria\/wp-json\/wp\/v2\/posts\/98603\/revisions\/98606"}],"wp:featuredmedia":[{"embeddable":true,"href":"https:\/\/elregionalvm.com.ar\/noticias-villa-maria\/wp-json\/wp\/v2\/media\/98605"}],"wp:attachment":[{"href":"https:\/\/elregionalvm.com.ar\/noticias-villa-maria\/wp-json\/wp\/v2\/media?parent=98603"}],"wp:term":[{"taxonomy":"category","embeddable":true,"href":"https:\/\/elregionalvm.com.ar\/noticias-villa-maria\/wp-json\/wp\/v2\/categories?post=98603"},{"taxonomy":"post_tag","embeddable":true,"href":"https:\/\/elregionalvm.com.ar\/noticias-villa-maria\/wp-json\/wp\/v2\/tags?post=98603"}],"curies":[{"name":"wp","href":"https:\/\/api.w.org\/{rel}","templated":true}]}}