{"id":98608,"date":"2024-09-12T21:46:37","date_gmt":"2024-09-12T21:46:37","guid":{"rendered":"https:\/\/elregionalvm.com.ar\/noticias-villa-maria\/?p=98608"},"modified":"2024-09-19T13:05:54","modified_gmt":"2024-09-19T13:05:54","slug":"opinion-milei-y-la-casta-para-cuando","status":"publish","type":"post","link":"https:\/\/elregionalvm.com.ar\/noticias-villa-maria\/opinion-milei-y-la-casta-para-cuando\/","title":{"rendered":"[Opini\u00f3n] Milei: Y la casta\u2026 \u00bfpara cu\u00e1ndo?"},"content":{"rendered":"\n<h3 class=\"wp-block-heading\"><strong><em>\u201cTener car\u00e1cter no es ser explosivo, insultante o prepotente. Tener car\u00e1cter es controlar tu interior para hablar claro y dar tu opini\u00f3n sin insultar a nadie\u201d<\/em><\/strong><\/h3>\n\n\n\n<p><\/p>\n\n\n\n<p><strong>Escribe: Cristina Pablos<\/strong><\/p>\n\n\n\n<p><\/p>\n\n\n\n<p>El presidente Milei fue votado por una gran mayor\u00eda de los argentinos, entre otras cosas, porque dijo que ven\u00eda a terminar con \u201cla casta\u201d, algo que est\u00e1 haciendo m\u00e1s lentamente que el ajuste a la clase media y a los jubilados.<\/p>\n\n\n\n<p>Del otro lado, \u201clos revolucionarios\u201d como Firmenich est\u00e1n dando charlas \u201cpara instruir a los nuevos militantes\u201d \u00bfuna vuelta a los \u201970?.<\/p>\n\n\n\n<p>Si vamos al Congreso vemos que se gastan $120 millones mensuales para mantener a 88 asesores de La Libertad Avanza. Un senador de EEUU tiene \u00a16 asesores!, una de Salta tiene 40 y una funcionaria juje\u00f1a acomod\u00f3 en el Estado a 14 miembros de su familia incluida su nuera, para terminar con la mala fama de las suegras.<\/p>\n\n\n\n<p><\/p>\n\n\n\n<figure class=\"wp-block-image size-large\"><img data-recalc-dims=\"1\" fetchpriority=\"high\" decoding=\"async\" width=\"1024\" height=\"545\" src=\"https:\/\/i0.wp.com\/elregionalvm.com.ar\/noticias-villa-maria\/wp-content\/uploads\/2024\/06\/Milei-Congreso.jpg?resize=1024%2C545&#038;ssl=1\" alt=\"\" class=\"wp-image-94820\" srcset=\"https:\/\/i0.wp.com\/elregionalvm.com.ar\/noticias-villa-maria\/wp-content\/uploads\/2024\/06\/Milei-Congreso.jpg?resize=1024%2C545&amp;ssl=1 1024w, https:\/\/i0.wp.com\/elregionalvm.com.ar\/noticias-villa-maria\/wp-content\/uploads\/2024\/06\/Milei-Congreso.jpg?resize=300%2C160&amp;ssl=1 300w, https:\/\/i0.wp.com\/elregionalvm.com.ar\/noticias-villa-maria\/wp-content\/uploads\/2024\/06\/Milei-Congreso.jpg?resize=768%2C409&amp;ssl=1 768w, https:\/\/i0.wp.com\/elregionalvm.com.ar\/noticias-villa-maria\/wp-content\/uploads\/2024\/06\/Milei-Congreso.jpg?w=1253&amp;ssl=1 1253w\" sizes=\"(max-width: 1000px) 100vw, 1000px\" \/><\/figure>\n\n\n\n<p><\/p>\n\n\n\n<p>Aerol\u00edneas Argentinas dej\u00f3 varados, de rehenes, a 16.500 pasajeros porque los pilotos que, en promedio, ganan $7 millones, ped\u00edan un 70% de aumento.<\/p>\n\n\n\n<p>Las p\u00e9rdidas por tener una \u201caerol\u00ednea de bandera\u201d (que Brasil dio de baja) nos cuesta a todos los argentinos, volemos o no, 375.000millones de d\u00f3lares \u00a1por d\u00eda!<\/p>\n\n\n\n<p>Aerol\u00edneas Argentinas tiene 1.121 pilotos que vuelan un promedio de 60 horas mensuales, no trabajan el d\u00eda de su cumplea\u00f1os y les pagamos el remis que los lleva al trabajo.<\/p>\n\n\n\n<p>Trabajan en la empresa 11.601 empleados (Milei barri\u00f3 con 5.000) m\u00e1s que cualquier aerol\u00ednea de los grandes pa\u00edses del mundo.<\/p>\n\n\n\n<p>Hay que destacar el reconocimiento que tienen nuestros pilotos a nivel mundial.<\/p>\n\n\n\n<p><\/p>\n\n\n\n<figure class=\"wp-block-pullquote\"><blockquote><p><strong>Dijo que ven\u00eda a terminar con \u201cla casta\u201d, algo que est\u00e1 haciendo m\u00e1s lentamente que el ajuste a la clase media y a los jubilados.<\/strong><\/p><\/blockquote><\/figure>\n\n\n\n<p><\/p>\n\n\n\n<p>Con todo esto m\u00e1s los gremialistas millonarios, a quienes recibir\u00e1 el Papa (la CGT) m\u00e1s el procesado Belliboni, que sigue liderando marchas, ahora usando a los jubilados, quiere decir que \u201cla casta\u201d goza de buena salud.<\/p>\n\n\n\n<p>Cambiando de tema; espero que El Jefe Karina lo asesore mejor al su hermano.<\/p>\n\n\n\n<p>Presidente Milei: no tiene sentido \u201cperder el tiempo en boludeces en vez de gobernar\u201d (dixit CFK). Una de esas bol\u2026 es polemizar con una expresidente y exvicepresidente quien de 6 elecciones gan\u00f3 una, fracasada en su gesti\u00f3n, condenada por corrupta y sin posibilidad para acceder a cargos p\u00fablicos y aun as\u00ed, cobrando $24 millones de jubilaci\u00f3n.<\/p>\n\n\n\n<p><\/p>\n\n\n\n<figure class=\"wp-block-image size-full\"><img data-recalc-dims=\"1\" decoding=\"async\" width=\"880\" height=\"493\" src=\"https:\/\/i0.wp.com\/elregionalvm.com.ar\/noticias-villa-maria\/wp-content\/uploads\/2023\/10\/Milei-fuego.jpg?resize=880%2C493&#038;ssl=1\" alt=\"\" class=\"wp-image-85016\" srcset=\"https:\/\/i0.wp.com\/elregionalvm.com.ar\/noticias-villa-maria\/wp-content\/uploads\/2023\/10\/Milei-fuego.jpg?w=880&amp;ssl=1 880w, https:\/\/i0.wp.com\/elregionalvm.com.ar\/noticias-villa-maria\/wp-content\/uploads\/2023\/10\/Milei-fuego.jpg?resize=300%2C168&amp;ssl=1 300w, https:\/\/i0.wp.com\/elregionalvm.com.ar\/noticias-villa-maria\/wp-content\/uploads\/2023\/10\/Milei-fuego.jpg?resize=768%2C430&amp;ssl=1 768w\" sizes=\"(max-width: 880px) 100vw, 880px\" \/><\/figure>\n\n\n\n<p><\/p>\n\n\n\n<p>No baje al barro. Si bien ella lo sube a Ud al ring-m\u00e1s ahora que las encuestas le est\u00e1n bajando- Ud. la subi\u00f3 tambi\u00e9n a ella.<\/p>\n\n\n\n<p>CFK no quiere perder liderazgo en el peronismo, al que ahora culpa de todo su desgobierno, como si no hubiera sido el peronismo copado por el kirchnerismo.<\/p>\n\n\n\n<p>No se olvide de que los \u201cfan\u00e1ticos\u201d de CFK siempre le ser\u00e1n fieles.<\/p>\n\n\n\n<p>No s\u00e9 si puede decir lo mismo de sus votantes, presidente.<\/p>\n","protected":false},"excerpt":{"rendered":"<p>\u201cTener car\u00e1cter no es ser explosivo, insultante o prepotente. Tener car\u00e1cter es controlar tu interior para hablar claro y dar tu opini\u00f3n sin insultar a nadie\u201d Escribe: Cristina Pablos El presidente Milei fue votado por una gran mayor\u00eda de los argentinos, entre otras cosas, porque dijo que ven\u00eda a terminar con \u201cla casta\u201d, algo que [&hellip;]<\/p>\n","protected":false},"author":4,"featured_media":98612,"comment_status":"open","ping_status":"open","sticky":false,"template":"","format":"standard","meta":{"site-sidebar-layout":"default","site-content-layout":"","ast-site-content-layout":"default","site-content-style":"default","site-sidebar-style":"default","ast-global-header-display":"","ast-banner-title-visibility":"","ast-main-header-display":"","ast-hfb-above-header-display":"","ast-hfb-below-header-display":"","ast-hfb-mobile-header-display":"","site-post-title":"","ast-breadcrumbs-content":"","ast-featured-img":"","footer-sml-layout":"","ast-disable-related-posts":"","theme-transparent-header-meta":"","adv-header-id-meta":"","stick-header-meta":"","header-above-stick-meta":"","header-main-stick-meta":"","header-below-stick-meta":"","astra-migrate-meta-layouts":"set","ast-page-background-enabled":"default","ast-page-background-meta":{"desktop":{"background-color":"","background-image":"","background-repeat":"repeat","background-position":"center center","background-size":"auto","background-attachment":"scroll","background-type":"","background-media":"","overlay-type":"","overlay-color":"","overlay-opacity":"","overlay-gradient":""},"tablet":{"background-color":"","background-image":"","background-repeat":"repeat","background-position":"center center","background-size":"auto","background-attachment":"scroll","background-type":"","background-media":"","overlay-type":"","overlay-color":"","overlay-opacity":"","overlay-gradient":""},"mobile":{"background-color":"","background-image":"","background-repeat":"repeat","background-position":"center center","background-size":"auto","background-attachment":"scroll","background-type":"","background-media":"","overlay-type":"","overlay-color":"","overlay-opacity":"","overlay-gradient":""}},"ast-content-background-meta":{"desktop":{"background-color":"var(--ast-global-color-5)","background-image":"","background-repeat":"repeat","background-position":"center center","background-size":"auto","background-attachment":"scroll","background-type":"","background-media":"","overlay-type":"","overlay-color":"","overlay-opacity":"","overlay-gradient":""},"tablet":{"background-color":"var(--ast-global-color-5)","background-image":"","background-repeat":"repeat","background-position":"center center","background-size":"auto","background-attachment":"scroll","background-type":"","background-media":"","overlay-type":"","overlay-color":"","overlay-opacity":"","overlay-gradient":""},"mobile":{"background-color":"var(--ast-global-color-5)","background-image":"","background-repeat":"repeat","background-position":"center center","background-size":"auto","background-attachment":"scroll","background-type":"","background-media":"","overlay-type":"","overlay-color":"","overlay-opacity":"","overlay-gradient":""}},"_jetpack_memberships_contains_paid_content":false,"_joinchat":[],"footnotes":""},"categories":[365,3557],"tags":[1025,16157,7138,23437,4305,974,5053,1504,5931],"class_list":["post-98608","post","type-post","status-publish","format-standard","has-post-thumbnail","hentry","category-opinion","category-tercera","tag-ajuste","tag-casta","tag-clase-media","tag-deficit-cero","tag-diputados","tag-gremios","tag-javier-milei","tag-jubilados","tag-senadores"],"yoast_head":"<!-- This site is optimized with the Yoast SEO plugin v26.8 - https:\/\/yoast.com\/product\/yoast-seo-wordpress\/ -->\n<title>[Opini\u00f3n] Milei: Y la casta\u2026 \u00bfpara cu\u00e1ndo? - El Regional<\/title>\n<meta name=\"robots\" content=\"index, follow, max-snippet:-1, max-image-preview:large, max-video-preview:-1\" \/>\n<link rel=\"canonical\" href=\"https:\/\/elregionalvm.com.ar\/noticias-villa-maria\/opinion-milei-y-la-casta-para-cuando\/\" \/>\n<meta property=\"og:locale\" content=\"es_ES\" \/>\n<meta property=\"og:type\" content=\"article\" \/>\n<meta property=\"og:title\" content=\"[Opini\u00f3n] Milei: Y la casta\u2026 \u00bfpara cu\u00e1ndo? - El Regional\" \/>\n<meta property=\"og:description\" content=\"\u201cTener car\u00e1cter no es ser explosivo, insultante o prepotente. Tener car\u00e1cter es controlar tu interior para hablar claro y dar tu opini\u00f3n sin insultar a nadie\u201d Escribe: Cristina Pablos El presidente Milei fue votado por una gran mayor\u00eda de los argentinos, entre otras cosas, porque dijo que ven\u00eda a terminar con \u201cla casta\u201d, algo que [&hellip;]\" \/>\n<meta property=\"og:url\" content=\"https:\/\/elregionalvm.com.ar\/noticias-villa-maria\/opinion-milei-y-la-casta-para-cuando\/\" \/>\n<meta property=\"og:site_name\" content=\"El Regional\" \/>\n<meta property=\"article:publisher\" content=\"https:\/\/www.facebook.com\/elregionalvm\" \/>\n<meta property=\"article:published_time\" content=\"2024-09-12T21:46:37+00:00\" \/>\n<meta property=\"article:modified_time\" content=\"2024-09-19T13:05:54+00:00\" \/>\n<meta property=\"og:image\" content=\"https:\/\/elregionalvm.com.ar\/noticias-villa-maria\/wp-content\/uploads\/2024\/09\/Milei-casta.jpg\" \/>\n\t<meta property=\"og:image:width\" content=\"760\" \/>\n\t<meta property=\"og:image:height\" content=\"469\" \/>\n\t<meta property=\"og:image:type\" content=\"image\/jpeg\" \/>\n<meta name=\"author\" content=\"Contenidos El Regional\" \/>\n<meta name=\"twitter:card\" content=\"summary_large_image\" \/>\n<meta name=\"twitter:creator\" content=\"@elregionalvm1\" \/>\n<meta name=\"twitter:site\" content=\"@elregionalvm1\" \/>\n<meta name=\"twitter:label1\" content=\"Escrito por\" \/>\n\t<meta name=\"twitter:data1\" content=\"Contenidos El Regional\" \/>\n\t<meta name=\"twitter:label2\" content=\"Tiempo de lectura\" \/>\n\t<meta name=\"twitter:data2\" content=\"3 minutos\" \/>\n<script type=\"application\/ld+json\" class=\"yoast-schema-graph\">{\"@context\":\"https:\/\/schema.org\",\"@graph\":[{\"@type\":\"Article\",\"@id\":\"https:\/\/elregionalvm.com.ar\/noticias-villa-maria\/opinion-milei-y-la-casta-para-cuando\/#article\",\"isPartOf\":{\"@id\":\"https:\/\/elregionalvm.com.ar\/noticias-villa-maria\/opinion-milei-y-la-casta-para-cuando\/\"},\"author\":{\"name\":\"Contenidos El Regional\",\"@id\":\"http:\/\/elregionalvm.com.ar\/noticias-villa-maria\/#\/schema\/person\/a0fb9c422317faca23d50163151bc354\"},\"headline\":\"[Opini\u00f3n] Milei: Y la casta\u2026 \u00bfpara cu\u00e1ndo?\",\"datePublished\":\"2024-09-12T21:46:37+00:00\",\"dateModified\":\"2024-09-19T13:05:54+00:00\",\"mainEntityOfPage\":{\"@id\":\"https:\/\/elregionalvm.com.ar\/noticias-villa-maria\/opinion-milei-y-la-casta-para-cuando\/\"},\"wordCount\":495,\"commentCount\":0,\"image\":{\"@id\":\"https:\/\/elregionalvm.com.ar\/noticias-villa-maria\/opinion-milei-y-la-casta-para-cuando\/#primaryimage\"},\"thumbnailUrl\":\"https:\/\/i0.wp.com\/elregionalvm.com.ar\/noticias-villa-maria\/wp-content\/uploads\/2024\/09\/Milei-casta.jpg?fit=760%2C469&ssl=1\",\"keywords\":[\"ajuste\",\"casta\",\"Clase media\",\"d\u00e9ficit cero\",\"Diputados\",\"Gremios\",\"Javier Milei\",\"Jubilados\",\"Senadores\"],\"articleSection\":[\"Opini\u00f3n\",\"tercera\"],\"inLanguage\":\"es\",\"potentialAction\":[{\"@type\":\"CommentAction\",\"name\":\"Comment\",\"target\":[\"https:\/\/elregionalvm.com.ar\/noticias-villa-maria\/opinion-milei-y-la-casta-para-cuando\/#respond\"]}]},{\"@type\":\"WebPage\",\"@id\":\"https:\/\/elregionalvm.com.ar\/noticias-villa-maria\/opinion-milei-y-la-casta-para-cuando\/\",\"url\":\"https:\/\/elregionalvm.com.ar\/noticias-villa-maria\/opinion-milei-y-la-casta-para-cuando\/\",\"name\":\"[Opini\u00f3n] Milei: Y la casta\u2026 \u00bfpara cu\u00e1ndo? - El Regional\",\"isPartOf\":{\"@id\":\"http:\/\/elregionalvm.com.ar\/noticias-villa-maria\/#website\"},\"primaryImageOfPage\":{\"@id\":\"https:\/\/elregionalvm.com.ar\/noticias-villa-maria\/opinion-milei-y-la-casta-para-cuando\/#primaryimage\"},\"image\":{\"@id\":\"https:\/\/elregionalvm.com.ar\/noticias-villa-maria\/opinion-milei-y-la-casta-para-cuando\/#primaryimage\"},\"thumbnailUrl\":\"https:\/\/i0.wp.com\/elregionalvm.com.ar\/noticias-villa-maria\/wp-content\/uploads\/2024\/09\/Milei-casta.jpg?fit=760%2C469&ssl=1\",\"datePublished\":\"2024-09-12T21:46:37+00:00\",\"dateModified\":\"2024-09-19T13:05:54+00:00\",\"author\":{\"@id\":\"http:\/\/elregionalvm.com.ar\/noticias-villa-maria\/#\/schema\/person\/a0fb9c422317faca23d50163151bc354\"},\"breadcrumb\":{\"@id\":\"https:\/\/elregionalvm.com.ar\/noticias-villa-maria\/opinion-milei-y-la-casta-para-cuando\/#breadcrumb\"},\"inLanguage\":\"es\",\"potentialAction\":[{\"@type\":\"ReadAction\",\"target\":[\"https:\/\/elregionalvm.com.ar\/noticias-villa-maria\/opinion-milei-y-la-casta-para-cuando\/\"]}]},{\"@type\":\"ImageObject\",\"inLanguage\":\"es\",\"@id\":\"https:\/\/elregionalvm.com.ar\/noticias-villa-maria\/opinion-milei-y-la-casta-para-cuando\/#primaryimage\",\"url\":\"https:\/\/i0.wp.com\/elregionalvm.com.ar\/noticias-villa-maria\/wp-content\/uploads\/2024\/09\/Milei-casta.jpg?fit=760%2C469&ssl=1\",\"contentUrl\":\"https:\/\/i0.wp.com\/elregionalvm.com.ar\/noticias-villa-maria\/wp-content\/uploads\/2024\/09\/Milei-casta.jpg?fit=760%2C469&ssl=1\",\"width\":760,\"height\":469},{\"@type\":\"BreadcrumbList\",\"@id\":\"https:\/\/elregionalvm.com.ar\/noticias-villa-maria\/opinion-milei-y-la-casta-para-cuando\/#breadcrumb\",\"itemListElement\":[{\"@type\":\"ListItem\",\"position\":1,\"name\":\"Portada\",\"item\":\"https:\/\/elregionalvm.com.ar\/noticias-villa-maria\/\"},{\"@type\":\"ListItem\",\"position\":2,\"name\":\"[Opini\u00f3n] Milei: Y la casta\u2026 \u00bfpara cu\u00e1ndo?\"}]},{\"@type\":\"WebSite\",\"@id\":\"http:\/\/elregionalvm.com.ar\/noticias-villa-maria\/#website\",\"url\":\"http:\/\/elregionalvm.com.ar\/noticias-villa-maria\/\",\"name\":\"El Regional\",\"description\":\"Mucho m\u00e1s que informaci\u00f3n\",\"potentialAction\":[{\"@type\":\"SearchAction\",\"target\":{\"@type\":\"EntryPoint\",\"urlTemplate\":\"http:\/\/elregionalvm.com.ar\/noticias-villa-maria\/?s={search_term_string}\"},\"query-input\":{\"@type\":\"PropertyValueSpecification\",\"valueRequired\":true,\"valueName\":\"search_term_string\"}}],\"inLanguage\":\"es\"},{\"@type\":\"Person\",\"@id\":\"http:\/\/elregionalvm.com.ar\/noticias-villa-maria\/#\/schema\/person\/a0fb9c422317faca23d50163151bc354\",\"name\":\"Contenidos El Regional\",\"image\":{\"@type\":\"ImageObject\",\"inLanguage\":\"es\",\"@id\":\"http:\/\/elregionalvm.com.ar\/noticias-villa-maria\/#\/schema\/person\/image\/\",\"url\":\"https:\/\/secure.gravatar.com\/avatar\/265b27cb2209af7bb3a1318f03305787d7981a5cc6e6cd08fe5a4ecdf99d4b48?s=96&d=mm&r=g\",\"contentUrl\":\"https:\/\/secure.gravatar.com\/avatar\/265b27cb2209af7bb3a1318f03305787d7981a5cc6e6cd08fe5a4ecdf99d4b48?s=96&d=mm&r=g\",\"caption\":\"Contenidos El Regional\"},\"url\":\"https:\/\/elregionalvm.com.ar\/noticias-villa-maria\/author\/contenido\/\"}]}<\/script>\n<!-- \/ Yoast SEO plugin. -->","yoast_head_json":{"title":"[Opini\u00f3n] Milei: Y la casta\u2026 \u00bfpara cu\u00e1ndo? - El Regional","robots":{"index":"index","follow":"follow","max-snippet":"max-snippet:-1","max-image-preview":"max-image-preview:large","max-video-preview":"max-video-preview:-1"},"canonical":"https:\/\/elregionalvm.com.ar\/noticias-villa-maria\/opinion-milei-y-la-casta-para-cuando\/","og_locale":"es_ES","og_type":"article","og_title":"[Opini\u00f3n] Milei: Y la casta\u2026 \u00bfpara cu\u00e1ndo? - El Regional","og_description":"\u201cTener car\u00e1cter no es ser explosivo, insultante o prepotente. Tener car\u00e1cter es controlar tu interior para hablar claro y dar tu opini\u00f3n sin insultar a nadie\u201d Escribe: Cristina Pablos El presidente Milei fue votado por una gran mayor\u00eda de los argentinos, entre otras cosas, porque dijo que ven\u00eda a terminar con \u201cla casta\u201d, algo que [&hellip;]","og_url":"https:\/\/elregionalvm.com.ar\/noticias-villa-maria\/opinion-milei-y-la-casta-para-cuando\/","og_site_name":"El Regional","article_publisher":"https:\/\/www.facebook.com\/elregionalvm","article_published_time":"2024-09-12T21:46:37+00:00","article_modified_time":"2024-09-19T13:05:54+00:00","og_image":[{"width":760,"height":469,"url":"https:\/\/elregionalvm.com.ar\/noticias-villa-maria\/wp-content\/uploads\/2024\/09\/Milei-casta.jpg","type":"image\/jpeg"}],"author":"Contenidos El Regional","twitter_card":"summary_large_image","twitter_creator":"@elregionalvm1","twitter_site":"@elregionalvm1","twitter_misc":{"Escrito por":"Contenidos El Regional","Tiempo de lectura":"3 minutos"},"schema":{"@context":"https:\/\/schema.org","@graph":[{"@type":"Article","@id":"https:\/\/elregionalvm.com.ar\/noticias-villa-maria\/opinion-milei-y-la-casta-para-cuando\/#article","isPartOf":{"@id":"https:\/\/elregionalvm.com.ar\/noticias-villa-maria\/opinion-milei-y-la-casta-para-cuando\/"},"author":{"name":"Contenidos El Regional","@id":"http:\/\/elregionalvm.com.ar\/noticias-villa-maria\/#\/schema\/person\/a0fb9c422317faca23d50163151bc354"},"headline":"[Opini\u00f3n] Milei: Y la casta\u2026 \u00bfpara cu\u00e1ndo?","datePublished":"2024-09-12T21:46:37+00:00","dateModified":"2024-09-19T13:05:54+00:00","mainEntityOfPage":{"@id":"https:\/\/elregionalvm.com.ar\/noticias-villa-maria\/opinion-milei-y-la-casta-para-cuando\/"},"wordCount":495,"commentCount":0,"image":{"@id":"https:\/\/elregionalvm.com.ar\/noticias-villa-maria\/opinion-milei-y-la-casta-para-cuando\/#primaryimage"},"thumbnailUrl":"https:\/\/i0.wp.com\/elregionalvm.com.ar\/noticias-villa-maria\/wp-content\/uploads\/2024\/09\/Milei-casta.jpg?fit=760%2C469&ssl=1","keywords":["ajuste","casta","Clase media","d\u00e9ficit cero","Diputados","Gremios","Javier Milei","Jubilados","Senadores"],"articleSection":["Opini\u00f3n","tercera"],"inLanguage":"es","potentialAction":[{"@type":"CommentAction","name":"Comment","target":["https:\/\/elregionalvm.com.ar\/noticias-villa-maria\/opinion-milei-y-la-casta-para-cuando\/#respond"]}]},{"@type":"WebPage","@id":"https:\/\/elregionalvm.com.ar\/noticias-villa-maria\/opinion-milei-y-la-casta-para-cuando\/","url":"https:\/\/elregionalvm.com.ar\/noticias-villa-maria\/opinion-milei-y-la-casta-para-cuando\/","name":"[Opini\u00f3n] Milei: Y la casta\u2026 \u00bfpara cu\u00e1ndo? - El Regional","isPartOf":{"@id":"http:\/\/elregionalvm.com.ar\/noticias-villa-maria\/#website"},"primaryImageOfPage":{"@id":"https:\/\/elregionalvm.com.ar\/noticias-villa-maria\/opinion-milei-y-la-casta-para-cuando\/#primaryimage"},"image":{"@id":"https:\/\/elregionalvm.com.ar\/noticias-villa-maria\/opinion-milei-y-la-casta-para-cuando\/#primaryimage"},"thumbnailUrl":"https:\/\/i0.wp.com\/elregionalvm.com.ar\/noticias-villa-maria\/wp-content\/uploads\/2024\/09\/Milei-casta.jpg?fit=760%2C469&ssl=1","datePublished":"2024-09-12T21:46:37+00:00","dateModified":"2024-09-19T13:05:54+00:00","author":{"@id":"http:\/\/elregionalvm.com.ar\/noticias-villa-maria\/#\/schema\/person\/a0fb9c422317faca23d50163151bc354"},"breadcrumb":{"@id":"https:\/\/elregionalvm.com.ar\/noticias-villa-maria\/opinion-milei-y-la-casta-para-cuando\/#breadcrumb"},"inLanguage":"es","potentialAction":[{"@type":"ReadAction","target":["https:\/\/elregionalvm.com.ar\/noticias-villa-maria\/opinion-milei-y-la-casta-para-cuando\/"]}]},{"@type":"ImageObject","inLanguage":"es","@id":"https:\/\/elregionalvm.com.ar\/noticias-villa-maria\/opinion-milei-y-la-casta-para-cuando\/#primaryimage","url":"https:\/\/i0.wp.com\/elregionalvm.com.ar\/noticias-villa-maria\/wp-content\/uploads\/2024\/09\/Milei-casta.jpg?fit=760%2C469&ssl=1","contentUrl":"https:\/\/i0.wp.com\/elregionalvm.com.ar\/noticias-villa-maria\/wp-content\/uploads\/2024\/09\/Milei-casta.jpg?fit=760%2C469&ssl=1","width":760,"height":469},{"@type":"BreadcrumbList","@id":"https:\/\/elregionalvm.com.ar\/noticias-villa-maria\/opinion-milei-y-la-casta-para-cuando\/#breadcrumb","itemListElement":[{"@type":"ListItem","position":1,"name":"Portada","item":"https:\/\/elregionalvm.com.ar\/noticias-villa-maria\/"},{"@type":"ListItem","position":2,"name":"[Opini\u00f3n] Milei: Y la casta\u2026 \u00bfpara cu\u00e1ndo?"}]},{"@type":"WebSite","@id":"http:\/\/elregionalvm.com.ar\/noticias-villa-maria\/#website","url":"http:\/\/elregionalvm.com.ar\/noticias-villa-maria\/","name":"El Regional","description":"Mucho m\u00e1s que informaci\u00f3n","potentialAction":[{"@type":"SearchAction","target":{"@type":"EntryPoint","urlTemplate":"http:\/\/elregionalvm.com.ar\/noticias-villa-maria\/?s={search_term_string}"},"query-input":{"@type":"PropertyValueSpecification","valueRequired":true,"valueName":"search_term_string"}}],"inLanguage":"es"},{"@type":"Person","@id":"http:\/\/elregionalvm.com.ar\/noticias-villa-maria\/#\/schema\/person\/a0fb9c422317faca23d50163151bc354","name":"Contenidos El Regional","image":{"@type":"ImageObject","inLanguage":"es","@id":"http:\/\/elregionalvm.com.ar\/noticias-villa-maria\/#\/schema\/person\/image\/","url":"https:\/\/secure.gravatar.com\/avatar\/265b27cb2209af7bb3a1318f03305787d7981a5cc6e6cd08fe5a4ecdf99d4b48?s=96&d=mm&r=g","contentUrl":"https:\/\/secure.gravatar.com\/avatar\/265b27cb2209af7bb3a1318f03305787d7981a5cc6e6cd08fe5a4ecdf99d4b48?s=96&d=mm&r=g","caption":"Contenidos El Regional"},"url":"https:\/\/elregionalvm.com.ar\/noticias-villa-maria\/author\/contenido\/"}]}},"jetpack_featured_media_url":"https:\/\/i0.wp.com\/elregionalvm.com.ar\/noticias-villa-maria\/wp-content\/uploads\/2024\/09\/Milei-casta.jpg?fit=760%2C469&ssl=1","jetpack_sharing_enabled":true,"_links":{"self":[{"href":"https:\/\/elregionalvm.com.ar\/noticias-villa-maria\/wp-json\/wp\/v2\/posts\/98608","targetHints":{"allow":["GET"]}}],"collection":[{"href":"https:\/\/elregionalvm.com.ar\/noticias-villa-maria\/wp-json\/wp\/v2\/posts"}],"about":[{"href":"https:\/\/elregionalvm.com.ar\/noticias-villa-maria\/wp-json\/wp\/v2\/types\/post"}],"author":[{"embeddable":true,"href":"https:\/\/elregionalvm.com.ar\/noticias-villa-maria\/wp-json\/wp\/v2\/users\/4"}],"replies":[{"embeddable":true,"href":"https:\/\/elregionalvm.com.ar\/noticias-villa-maria\/wp-json\/wp\/v2\/comments?post=98608"}],"version-history":[{"count":2,"href":"https:\/\/elregionalvm.com.ar\/noticias-villa-maria\/wp-json\/wp\/v2\/posts\/98608\/revisions"}],"predecessor-version":[{"id":98611,"href":"https:\/\/elregionalvm.com.ar\/noticias-villa-maria\/wp-json\/wp\/v2\/posts\/98608\/revisions\/98611"}],"wp:featuredmedia":[{"embeddable":true,"href":"https:\/\/elregionalvm.com.ar\/noticias-villa-maria\/wp-json\/wp\/v2\/media\/98612"}],"wp:attachment":[{"href":"https:\/\/elregionalvm.com.ar\/noticias-villa-maria\/wp-json\/wp\/v2\/media?parent=98608"}],"wp:term":[{"taxonomy":"category","embeddable":true,"href":"https:\/\/elregionalvm.com.ar\/noticias-villa-maria\/wp-json\/wp\/v2\/categories?post=98608"},{"taxonomy":"post_tag","embeddable":true,"href":"https:\/\/elregionalvm.com.ar\/noticias-villa-maria\/wp-json\/wp\/v2\/tags?post=98608"}],"curies":[{"name":"wp","href":"https:\/\/api.w.org\/{rel}","templated":true}]}}