{"id":98625,"date":"2024-09-13T22:41:48","date_gmt":"2024-09-13T22:41:48","guid":{"rendered":"https:\/\/elregionalvm.com.ar\/noticias-villa-maria\/?p=98625"},"modified":"2024-09-13T22:41:52","modified_gmt":"2024-09-13T22:41:52","slug":"la-carrera-de-ingenieria-civil-comenzara-a-dictarse-desde-2025-en-la-utn-de-villa-maria","status":"publish","type":"post","link":"https:\/\/elregionalvm.com.ar\/noticias-villa-maria\/la-carrera-de-ingenieria-civil-comenzara-a-dictarse-desde-2025-en-la-utn-de-villa-maria\/","title":{"rendered":"La carrera de Ingenier\u00eda Civil comenzar\u00e1 a dictarse desde 2025 en la UTN de Villa Mar\u00eda"},"content":{"rendered":"\n<p>El intendente Eduardo Accastello y el Rector de la UTN Nacional, Rub\u00e9n Soro, anunciaron la implementaci\u00f3n de la carrera de Ingenier\u00eda Civil que se dictar\u00e1 en la Universidad Tecnol\u00f3gica Nacional Facultad Regional Villa Mar\u00eda.<\/p>\n\n\n\n<figure class=\"wp-block-image size-large\"><img data-recalc-dims=\"1\" fetchpriority=\"high\" decoding=\"async\" width=\"1024\" height=\"682\" src=\"https:\/\/i0.wp.com\/elregionalvm.com.ar\/noticias-villa-maria\/wp-content\/uploads\/2024\/09\/WhatsApp-Image-2024-09-13-at-14.58.28.jpeg?resize=1024%2C682&#038;ssl=1\" alt=\"\" class=\"wp-image-98627\" srcset=\"https:\/\/i0.wp.com\/elregionalvm.com.ar\/noticias-villa-maria\/wp-content\/uploads\/2024\/09\/WhatsApp-Image-2024-09-13-at-14.58.28.jpeg?resize=1024%2C682&amp;ssl=1 1024w, https:\/\/i0.wp.com\/elregionalvm.com.ar\/noticias-villa-maria\/wp-content\/uploads\/2024\/09\/WhatsApp-Image-2024-09-13-at-14.58.28.jpeg?resize=300%2C200&amp;ssl=1 300w, https:\/\/i0.wp.com\/elregionalvm.com.ar\/noticias-villa-maria\/wp-content\/uploads\/2024\/09\/WhatsApp-Image-2024-09-13-at-14.58.28.jpeg?resize=768%2C512&amp;ssl=1 768w, https:\/\/i0.wp.com\/elregionalvm.com.ar\/noticias-villa-maria\/wp-content\/uploads\/2024\/09\/WhatsApp-Image-2024-09-13-at-14.58.28.jpeg?resize=1536%2C1023&amp;ssl=1 1536w, https:\/\/i0.wp.com\/elregionalvm.com.ar\/noticias-villa-maria\/wp-content\/uploads\/2024\/09\/WhatsApp-Image-2024-09-13-at-14.58.28.jpeg?w=1600&amp;ssl=1 1600w\" sizes=\"(max-width: 1000px) 100vw, 1000px\" \/><\/figure>\n\n\n\n<p>En ese sentido, a partir del a\u00f1o 2025, los estudiantes de la regi\u00f3n tendr\u00e1n la oportunidad de elegir y formar parte de esta nueva formaci\u00f3n acad\u00e9mica, que promete contribuir significativamente al desarrollo de la infraestructura y el progreso de la ciudad y sus alrededores.<\/p>\n\n\n\n<p>La oficializaci\u00f3n de la carrera, tuvo lugar en la sede de la UTN local, y cont\u00f3 con la presencia del Decano de la UTN Villa Mar\u00eda, Gaspar Cena, y otros destacados miembros de la comunidad educativa y empresarial.<\/p>\n\n\n\n<p>En la ocasi\u00f3n, el rector de la UTN, el intendente, el decano de la UTN Villa Mar\u00eda y representantes del Colegio de Ingenieros Civiles, ratificaron un acuerdo que garantiza la implementaci\u00f3n de la carrera de Ingenier\u00eda Civil a partir del a\u00f1o acad\u00e9mico 2025, cubriendo la formaci\u00f3n de tres cohortes durante los a\u00f1os 2025, 2026 y 2027, sin costo para los estudiantes.<\/p>\n\n\n\n<p>Adem\u00e1s, se firm\u00f3 un protocolo de Trabajo UTN Villa Mar\u00eda y UTN C\u00f3rdoba que permitir\u00e1 la colaboraci\u00f3n y el intercambio de recursos acad\u00e9micos y equipamientos entre las facultades regionales.<\/p>\n\n\n\n<figure class=\"wp-block-image size-large\"><img data-recalc-dims=\"1\" decoding=\"async\" width=\"1024\" height=\"682\" src=\"https:\/\/i0.wp.com\/elregionalvm.com.ar\/noticias-villa-maria\/wp-content\/uploads\/2024\/09\/WhatsApp-Image-2024-09-13-at-14.58.28-1.jpeg?resize=1024%2C682&#038;ssl=1\" alt=\"\" class=\"wp-image-98626\" srcset=\"https:\/\/i0.wp.com\/elregionalvm.com.ar\/noticias-villa-maria\/wp-content\/uploads\/2024\/09\/WhatsApp-Image-2024-09-13-at-14.58.28-1.jpeg?resize=1024%2C682&amp;ssl=1 1024w, https:\/\/i0.wp.com\/elregionalvm.com.ar\/noticias-villa-maria\/wp-content\/uploads\/2024\/09\/WhatsApp-Image-2024-09-13-at-14.58.28-1.jpeg?resize=300%2C200&amp;ssl=1 300w, https:\/\/i0.wp.com\/elregionalvm.com.ar\/noticias-villa-maria\/wp-content\/uploads\/2024\/09\/WhatsApp-Image-2024-09-13-at-14.58.28-1.jpeg?resize=768%2C512&amp;ssl=1 768w, https:\/\/i0.wp.com\/elregionalvm.com.ar\/noticias-villa-maria\/wp-content\/uploads\/2024\/09\/WhatsApp-Image-2024-09-13-at-14.58.28-1.jpeg?resize=1536%2C1023&amp;ssl=1 1536w, https:\/\/i0.wp.com\/elregionalvm.com.ar\/noticias-villa-maria\/wp-content\/uploads\/2024\/09\/WhatsApp-Image-2024-09-13-at-14.58.28-1.jpeg?w=1600&amp;ssl=1 1600w\" sizes=\"(max-width: 1000px) 100vw, 1000px\" \/><\/figure>\n\n\n\n<p>Por otra parte, se rubric\u00f3 un convenio entre el Intendente Eduardo Accastello y empresarios locales, para apoyar el desarrollo y la sostenibilidad de la nueva carrera, resaltando el compromiso de la ciudad con la educaci\u00f3n y el crecimiento econ\u00f3mico.<\/p>\n\n\n\n<p>Palabras de autoridades<\/p>\n\n\n\n<p>Al respecto, Eduardo Accastello, destac\u00f3: \u201cVivimos una experiencia comunitaria que se repite y que re\u00fane una experiencia con diversas ideas. Crear valor p\u00fablico es lo que distingue a las comunidades, es cuando el comercio, las empresas, los estudiantes, los docentes, la academia, la industria, el campo, y el Estado local y provincial, se articulan y crean el valor p\u00fablico\u201d.<\/p>\n\n\n\n<p>\u201cLa UTN representa como ninguna otra universidad de la Argentina la idea de una universidad federal, de una universidad integral, de una universidad que adem\u00e1s vincula el trabajo, el empleo, la producci\u00f3n, la ciencia, la tecnolog\u00eda, pero fundamentalmente la creaci\u00f3n del valor humano a trav\u00e9s del empleo y del trabajo\u201d, finaliz\u00f3 el intendente.<\/p>\n\n\n\n<p>A su turno, el Rector de la UTN Nacional, Rub\u00e9n Soro, agreg\u00f3: \u201ctrabajamos para que las regiones donde est\u00e1n nuestras treinta facultades a lo largo y ancho del pa\u00eds, se articulen con el sector productivo y con el Estado, como se hizo en este caso con el Gobierno municipal, porque es un ejemplo que tenemos que llevar adelante en otras localidades\u201d.<\/p>\n\n\n\n<p>\u201cTenemos que entender que la educaci\u00f3n es parte de la soluci\u00f3n de los problemas de la patria que nuestros j\u00f3venes son la raz\u00f3n de ser y son el producto terminado cuando se transforman en graduados y nos representan como embajadores con sus conocimientos. Hoy m\u00e1s que nunca tenemos que unirnos y decir todos juntos Universidad P\u00fablica, siempre\u201d, cerr\u00f3 Soro.<\/p>\n\n\n\n<p>Por su parte, el decano de la UTN, Gaspar Cena, expres\u00f3: \u201choy, despu\u00e9s de treinta a\u00f1os, abrimos otra carrera de ingenier\u00eda en la UTN Villa Mar\u00eda que va a contribuir al crecimiento de la comunidad, transformando el presente y proyectando un desarrollo m\u00e1s propio y equitativo para todos. Esta nueva oferta acad\u00e9mica no hubiese sido posible sin el apoyo de todos\u201d.<\/p>\n\n\n\n<p>Mientras que, el presidente del Colegio de Ingenieros Civiles, Regional 4 Villa Mar\u00eda, Gustavo Fowler, agreg\u00f3: \u201cAccastello fue el primero en acompa\u00f1ar la propuesta de esta nueva carrera. Santa Fe tiene seis ingenier\u00edas civiles y nosotros en C\u00f3rdoba, que probablemente seamos productivamente m\u00e1s potentes, ten\u00edamos solamente tres, concentradas en la capital provincial. Y ah\u00ed nos dimos cuenta que geogr\u00e1fica y estrat\u00e9gicamente ten\u00edamos m\u00e1s posibilidades de abrir otras carreras de Ingenier\u00eda Civil en el resto de la provincia\u201d.<\/p>\n\n\n\n<p>De la oficializaci\u00f3n de la nueva carrera que se dictar\u00e1 en la UTN Villa Mar\u00eda, participaron representantes del Departamento Ejecutivo, concejales, instituciones educativas e intermedias de la ciudad.<\/p>\n","protected":false},"excerpt":{"rendered":"<p>El intendente Eduardo Accastello y el Rector de la UTN Nacional, Rub\u00e9n Soro, anunciaron la implementaci\u00f3n de la carrera de Ingenier\u00eda Civil que se dictar\u00e1 en la Universidad Tecnol\u00f3gica Nacional Facultad Regional Villa Mar\u00eda. En ese sentido, a partir del a\u00f1o 2025, los estudiantes de la regi\u00f3n tendr\u00e1n la oportunidad de elegir y formar parte [&hellip;]<\/p>\n","protected":false},"author":4,"featured_media":98628,"comment_status":"open","ping_status":"open","sticky":false,"template":"","format":"standard","meta":{"site-sidebar-layout":"default","site-content-layout":"","ast-site-content-layout":"default","site-content-style":"default","site-sidebar-style":"default","ast-global-header-display":"","ast-banner-title-visibility":"","ast-main-header-display":"","ast-hfb-above-header-display":"","ast-hfb-below-header-display":"","ast-hfb-mobile-header-display":"","site-post-title":"","ast-breadcrumbs-content":"","ast-featured-img":"","footer-sml-layout":"","ast-disable-related-posts":"","theme-transparent-header-meta":"","adv-header-id-meta":"","stick-header-meta":"","header-above-stick-meta":"","header-main-stick-meta":"","header-below-stick-meta":"","astra-migrate-meta-layouts":"set","ast-page-background-enabled":"default","ast-page-background-meta":{"desktop":{"background-color":"","background-image":"","background-repeat":"repeat","background-position":"center center","background-size":"auto","background-attachment":"scroll","background-type":"","background-media":"","overlay-type":"","overlay-color":"","overlay-opacity":"","overlay-gradient":""},"tablet":{"background-color":"","background-image":"","background-repeat":"repeat","background-position":"center center","background-size":"auto","background-attachment":"scroll","background-type":"","background-media":"","overlay-type":"","overlay-color":"","overlay-opacity":"","overlay-gradient":""},"mobile":{"background-color":"","background-image":"","background-repeat":"repeat","background-position":"center center","background-size":"auto","background-attachment":"scroll","background-type":"","background-media":"","overlay-type":"","overlay-color":"","overlay-opacity":"","overlay-gradient":""}},"ast-content-background-meta":{"desktop":{"background-color":"var(--ast-global-color-5)","background-image":"","background-repeat":"repeat","background-position":"center center","background-size":"auto","background-attachment":"scroll","background-type":"","background-media":"","overlay-type":"","overlay-color":"","overlay-opacity":"","overlay-gradient":""},"tablet":{"background-color":"var(--ast-global-color-5)","background-image":"","background-repeat":"repeat","background-position":"center center","background-size":"auto","background-attachment":"scroll","background-type":"","background-media":"","overlay-type":"","overlay-color":"","overlay-opacity":"","overlay-gradient":""},"mobile":{"background-color":"var(--ast-global-color-5)","background-image":"","background-repeat":"repeat","background-position":"center center","background-size":"auto","background-attachment":"scroll","background-type":"","background-media":"","overlay-type":"","overlay-color":"","overlay-opacity":"","overlay-gradient":""}},"_jetpack_memberships_contains_paid_content":false,"_joinchat":[],"footnotes":""},"categories":[15302,5,2],"tags":[],"class_list":["post-98625","post","type-post","status-publish","format-standard","has-post-thumbnail","hentry","category-destacado","category-sociedad","category-villa-maria"],"yoast_head":"<!-- This site is optimized with the Yoast SEO plugin v26.8 - https:\/\/yoast.com\/product\/yoast-seo-wordpress\/ -->\n<title>La carrera de Ingenier\u00eda Civil comenzar\u00e1 a dictarse desde 2025 en la UTN de Villa Mar\u00eda - El Regional<\/title>\n<meta name=\"robots\" content=\"index, follow, max-snippet:-1, max-image-preview:large, max-video-preview:-1\" \/>\n<link rel=\"canonical\" href=\"https:\/\/elregionalvm.com.ar\/noticias-villa-maria\/la-carrera-de-ingenieria-civil-comenzara-a-dictarse-desde-2025-en-la-utn-de-villa-maria\/\" \/>\n<meta property=\"og:locale\" content=\"es_ES\" \/>\n<meta property=\"og:type\" content=\"article\" \/>\n<meta property=\"og:title\" content=\"La carrera de Ingenier\u00eda Civil comenzar\u00e1 a dictarse desde 2025 en la UTN de Villa Mar\u00eda - El Regional\" \/>\n<meta property=\"og:description\" content=\"El intendente Eduardo Accastello y el Rector de la UTN Nacional, Rub\u00e9n Soro, anunciaron la implementaci\u00f3n de la carrera de Ingenier\u00eda Civil que se dictar\u00e1 en la Universidad Tecnol\u00f3gica Nacional Facultad Regional Villa Mar\u00eda. En ese sentido, a partir del a\u00f1o 2025, los estudiantes de la regi\u00f3n tendr\u00e1n la oportunidad de elegir y formar parte [&hellip;]\" \/>\n<meta property=\"og:url\" content=\"https:\/\/elregionalvm.com.ar\/noticias-villa-maria\/la-carrera-de-ingenieria-civil-comenzara-a-dictarse-desde-2025-en-la-utn-de-villa-maria\/\" \/>\n<meta property=\"og:site_name\" content=\"El Regional\" \/>\n<meta property=\"article:publisher\" content=\"https:\/\/www.facebook.com\/elregionalvm\" \/>\n<meta property=\"article:published_time\" content=\"2024-09-13T22:41:48+00:00\" \/>\n<meta property=\"article:modified_time\" content=\"2024-09-13T22:41:52+00:00\" \/>\n<meta property=\"og:image\" content=\"https:\/\/elregionalvm.com.ar\/noticias-villa-maria\/wp-content\/uploads\/2024\/09\/WhatsApp-Image-2024-09-13-at-14.58.27.jpeg\" \/>\n\t<meta property=\"og:image:width\" content=\"1574\" \/>\n\t<meta property=\"og:image:height\" content=\"1018\" \/>\n\t<meta property=\"og:image:type\" content=\"image\/jpeg\" \/>\n<meta name=\"author\" content=\"Contenidos El Regional\" \/>\n<meta name=\"twitter:card\" content=\"summary_large_image\" \/>\n<meta name=\"twitter:creator\" content=\"@elregionalvm1\" \/>\n<meta name=\"twitter:site\" content=\"@elregionalvm1\" \/>\n<meta name=\"twitter:label1\" content=\"Escrito por\" \/>\n\t<meta name=\"twitter:data1\" content=\"Contenidos El Regional\" \/>\n\t<meta name=\"twitter:label2\" content=\"Tiempo de lectura\" \/>\n\t<meta name=\"twitter:data2\" content=\"4 minutos\" \/>\n<script type=\"application\/ld+json\" class=\"yoast-schema-graph\">{\"@context\":\"https:\/\/schema.org\",\"@graph\":[{\"@type\":\"Article\",\"@id\":\"https:\/\/elregionalvm.com.ar\/noticias-villa-maria\/la-carrera-de-ingenieria-civil-comenzara-a-dictarse-desde-2025-en-la-utn-de-villa-maria\/#article\",\"isPartOf\":{\"@id\":\"https:\/\/elregionalvm.com.ar\/noticias-villa-maria\/la-carrera-de-ingenieria-civil-comenzara-a-dictarse-desde-2025-en-la-utn-de-villa-maria\/\"},\"author\":{\"name\":\"Contenidos El Regional\",\"@id\":\"http:\/\/elregionalvm.com.ar\/noticias-villa-maria\/#\/schema\/person\/a0fb9c422317faca23d50163151bc354\"},\"headline\":\"La carrera de Ingenier\u00eda Civil comenzar\u00e1 a dictarse desde 2025 en la UTN de Villa Mar\u00eda\",\"datePublished\":\"2024-09-13T22:41:48+00:00\",\"dateModified\":\"2024-09-13T22:41:52+00:00\",\"mainEntityOfPage\":{\"@id\":\"https:\/\/elregionalvm.com.ar\/noticias-villa-maria\/la-carrera-de-ingenieria-civil-comenzara-a-dictarse-desde-2025-en-la-utn-de-villa-maria\/\"},\"wordCount\":720,\"commentCount\":0,\"image\":{\"@id\":\"https:\/\/elregionalvm.com.ar\/noticias-villa-maria\/la-carrera-de-ingenieria-civil-comenzara-a-dictarse-desde-2025-en-la-utn-de-villa-maria\/#primaryimage\"},\"thumbnailUrl\":\"https:\/\/i0.wp.com\/elregionalvm.com.ar\/noticias-villa-maria\/wp-content\/uploads\/2024\/09\/WhatsApp-Image-2024-09-13-at-14.58.27.jpeg?fit=1574%2C1018&ssl=1\",\"articleSection\":[\"destacado\",\"Sociedad\",\"Villa Mar\u00eda\"],\"inLanguage\":\"es\",\"potentialAction\":[{\"@type\":\"CommentAction\",\"name\":\"Comment\",\"target\":[\"https:\/\/elregionalvm.com.ar\/noticias-villa-maria\/la-carrera-de-ingenieria-civil-comenzara-a-dictarse-desde-2025-en-la-utn-de-villa-maria\/#respond\"]}]},{\"@type\":\"WebPage\",\"@id\":\"https:\/\/elregionalvm.com.ar\/noticias-villa-maria\/la-carrera-de-ingenieria-civil-comenzara-a-dictarse-desde-2025-en-la-utn-de-villa-maria\/\",\"url\":\"https:\/\/elregionalvm.com.ar\/noticias-villa-maria\/la-carrera-de-ingenieria-civil-comenzara-a-dictarse-desde-2025-en-la-utn-de-villa-maria\/\",\"name\":\"La carrera de Ingenier\u00eda Civil comenzar\u00e1 a dictarse desde 2025 en la UTN de Villa Mar\u00eda - El Regional\",\"isPartOf\":{\"@id\":\"http:\/\/elregionalvm.com.ar\/noticias-villa-maria\/#website\"},\"primaryImageOfPage\":{\"@id\":\"https:\/\/elregionalvm.com.ar\/noticias-villa-maria\/la-carrera-de-ingenieria-civil-comenzara-a-dictarse-desde-2025-en-la-utn-de-villa-maria\/#primaryimage\"},\"image\":{\"@id\":\"https:\/\/elregionalvm.com.ar\/noticias-villa-maria\/la-carrera-de-ingenieria-civil-comenzara-a-dictarse-desde-2025-en-la-utn-de-villa-maria\/#primaryimage\"},\"thumbnailUrl\":\"https:\/\/i0.wp.com\/elregionalvm.com.ar\/noticias-villa-maria\/wp-content\/uploads\/2024\/09\/WhatsApp-Image-2024-09-13-at-14.58.27.jpeg?fit=1574%2C1018&ssl=1\",\"datePublished\":\"2024-09-13T22:41:48+00:00\",\"dateModified\":\"2024-09-13T22:41:52+00:00\",\"author\":{\"@id\":\"http:\/\/elregionalvm.com.ar\/noticias-villa-maria\/#\/schema\/person\/a0fb9c422317faca23d50163151bc354\"},\"breadcrumb\":{\"@id\":\"https:\/\/elregionalvm.com.ar\/noticias-villa-maria\/la-carrera-de-ingenieria-civil-comenzara-a-dictarse-desde-2025-en-la-utn-de-villa-maria\/#breadcrumb\"},\"inLanguage\":\"es\",\"potentialAction\":[{\"@type\":\"ReadAction\",\"target\":[\"https:\/\/elregionalvm.com.ar\/noticias-villa-maria\/la-carrera-de-ingenieria-civil-comenzara-a-dictarse-desde-2025-en-la-utn-de-villa-maria\/\"]}]},{\"@type\":\"ImageObject\",\"inLanguage\":\"es\",\"@id\":\"https:\/\/elregionalvm.com.ar\/noticias-villa-maria\/la-carrera-de-ingenieria-civil-comenzara-a-dictarse-desde-2025-en-la-utn-de-villa-maria\/#primaryimage\",\"url\":\"https:\/\/i0.wp.com\/elregionalvm.com.ar\/noticias-villa-maria\/wp-content\/uploads\/2024\/09\/WhatsApp-Image-2024-09-13-at-14.58.27.jpeg?fit=1574%2C1018&ssl=1\",\"contentUrl\":\"https:\/\/i0.wp.com\/elregionalvm.com.ar\/noticias-villa-maria\/wp-content\/uploads\/2024\/09\/WhatsApp-Image-2024-09-13-at-14.58.27.jpeg?fit=1574%2C1018&ssl=1\",\"width\":1574,\"height\":1018},{\"@type\":\"BreadcrumbList\",\"@id\":\"https:\/\/elregionalvm.com.ar\/noticias-villa-maria\/la-carrera-de-ingenieria-civil-comenzara-a-dictarse-desde-2025-en-la-utn-de-villa-maria\/#breadcrumb\",\"itemListElement\":[{\"@type\":\"ListItem\",\"position\":1,\"name\":\"Portada\",\"item\":\"https:\/\/elregionalvm.com.ar\/noticias-villa-maria\/\"},{\"@type\":\"ListItem\",\"position\":2,\"name\":\"La carrera de Ingenier\u00eda Civil comenzar\u00e1 a dictarse desde 2025 en la UTN de Villa Mar\u00eda\"}]},{\"@type\":\"WebSite\",\"@id\":\"http:\/\/elregionalvm.com.ar\/noticias-villa-maria\/#website\",\"url\":\"http:\/\/elregionalvm.com.ar\/noticias-villa-maria\/\",\"name\":\"El Regional\",\"description\":\"Mucho m\u00e1s que informaci\u00f3n\",\"potentialAction\":[{\"@type\":\"SearchAction\",\"target\":{\"@type\":\"EntryPoint\",\"urlTemplate\":\"http:\/\/elregionalvm.com.ar\/noticias-villa-maria\/?s={search_term_string}\"},\"query-input\":{\"@type\":\"PropertyValueSpecification\",\"valueRequired\":true,\"valueName\":\"search_term_string\"}}],\"inLanguage\":\"es\"},{\"@type\":\"Person\",\"@id\":\"http:\/\/elregionalvm.com.ar\/noticias-villa-maria\/#\/schema\/person\/a0fb9c422317faca23d50163151bc354\",\"name\":\"Contenidos El Regional\",\"image\":{\"@type\":\"ImageObject\",\"inLanguage\":\"es\",\"@id\":\"http:\/\/elregionalvm.com.ar\/noticias-villa-maria\/#\/schema\/person\/image\/\",\"url\":\"https:\/\/secure.gravatar.com\/avatar\/265b27cb2209af7bb3a1318f03305787d7981a5cc6e6cd08fe5a4ecdf99d4b48?s=96&d=mm&r=g\",\"contentUrl\":\"https:\/\/secure.gravatar.com\/avatar\/265b27cb2209af7bb3a1318f03305787d7981a5cc6e6cd08fe5a4ecdf99d4b48?s=96&d=mm&r=g\",\"caption\":\"Contenidos El Regional\"},\"url\":\"https:\/\/elregionalvm.com.ar\/noticias-villa-maria\/author\/contenido\/\"}]}<\/script>\n<!-- \/ Yoast SEO plugin. -->","yoast_head_json":{"title":"La carrera de Ingenier\u00eda Civil comenzar\u00e1 a dictarse desde 2025 en la UTN de Villa Mar\u00eda - El Regional","robots":{"index":"index","follow":"follow","max-snippet":"max-snippet:-1","max-image-preview":"max-image-preview:large","max-video-preview":"max-video-preview:-1"},"canonical":"https:\/\/elregionalvm.com.ar\/noticias-villa-maria\/la-carrera-de-ingenieria-civil-comenzara-a-dictarse-desde-2025-en-la-utn-de-villa-maria\/","og_locale":"es_ES","og_type":"article","og_title":"La carrera de Ingenier\u00eda Civil comenzar\u00e1 a dictarse desde 2025 en la UTN de Villa Mar\u00eda - El Regional","og_description":"El intendente Eduardo Accastello y el Rector de la UTN Nacional, Rub\u00e9n Soro, anunciaron la implementaci\u00f3n de la carrera de Ingenier\u00eda Civil que se dictar\u00e1 en la Universidad Tecnol\u00f3gica Nacional Facultad Regional Villa Mar\u00eda. En ese sentido, a partir del a\u00f1o 2025, los estudiantes de la regi\u00f3n tendr\u00e1n la oportunidad de elegir y formar parte [&hellip;]","og_url":"https:\/\/elregionalvm.com.ar\/noticias-villa-maria\/la-carrera-de-ingenieria-civil-comenzara-a-dictarse-desde-2025-en-la-utn-de-villa-maria\/","og_site_name":"El Regional","article_publisher":"https:\/\/www.facebook.com\/elregionalvm","article_published_time":"2024-09-13T22:41:48+00:00","article_modified_time":"2024-09-13T22:41:52+00:00","og_image":[{"width":1574,"height":1018,"url":"https:\/\/elregionalvm.com.ar\/noticias-villa-maria\/wp-content\/uploads\/2024\/09\/WhatsApp-Image-2024-09-13-at-14.58.27.jpeg","type":"image\/jpeg"}],"author":"Contenidos El Regional","twitter_card":"summary_large_image","twitter_creator":"@elregionalvm1","twitter_site":"@elregionalvm1","twitter_misc":{"Escrito por":"Contenidos El Regional","Tiempo de lectura":"4 minutos"},"schema":{"@context":"https:\/\/schema.org","@graph":[{"@type":"Article","@id":"https:\/\/elregionalvm.com.ar\/noticias-villa-maria\/la-carrera-de-ingenieria-civil-comenzara-a-dictarse-desde-2025-en-la-utn-de-villa-maria\/#article","isPartOf":{"@id":"https:\/\/elregionalvm.com.ar\/noticias-villa-maria\/la-carrera-de-ingenieria-civil-comenzara-a-dictarse-desde-2025-en-la-utn-de-villa-maria\/"},"author":{"name":"Contenidos El Regional","@id":"http:\/\/elregionalvm.com.ar\/noticias-villa-maria\/#\/schema\/person\/a0fb9c422317faca23d50163151bc354"},"headline":"La carrera de Ingenier\u00eda Civil comenzar\u00e1 a dictarse desde 2025 en la UTN de Villa Mar\u00eda","datePublished":"2024-09-13T22:41:48+00:00","dateModified":"2024-09-13T22:41:52+00:00","mainEntityOfPage":{"@id":"https:\/\/elregionalvm.com.ar\/noticias-villa-maria\/la-carrera-de-ingenieria-civil-comenzara-a-dictarse-desde-2025-en-la-utn-de-villa-maria\/"},"wordCount":720,"commentCount":0,"image":{"@id":"https:\/\/elregionalvm.com.ar\/noticias-villa-maria\/la-carrera-de-ingenieria-civil-comenzara-a-dictarse-desde-2025-en-la-utn-de-villa-maria\/#primaryimage"},"thumbnailUrl":"https:\/\/i0.wp.com\/elregionalvm.com.ar\/noticias-villa-maria\/wp-content\/uploads\/2024\/09\/WhatsApp-Image-2024-09-13-at-14.58.27.jpeg?fit=1574%2C1018&ssl=1","articleSection":["destacado","Sociedad","Villa Mar\u00eda"],"inLanguage":"es","potentialAction":[{"@type":"CommentAction","name":"Comment","target":["https:\/\/elregionalvm.com.ar\/noticias-villa-maria\/la-carrera-de-ingenieria-civil-comenzara-a-dictarse-desde-2025-en-la-utn-de-villa-maria\/#respond"]}]},{"@type":"WebPage","@id":"https:\/\/elregionalvm.com.ar\/noticias-villa-maria\/la-carrera-de-ingenieria-civil-comenzara-a-dictarse-desde-2025-en-la-utn-de-villa-maria\/","url":"https:\/\/elregionalvm.com.ar\/noticias-villa-maria\/la-carrera-de-ingenieria-civil-comenzara-a-dictarse-desde-2025-en-la-utn-de-villa-maria\/","name":"La carrera de Ingenier\u00eda Civil comenzar\u00e1 a dictarse desde 2025 en la UTN de Villa Mar\u00eda - El Regional","isPartOf":{"@id":"http:\/\/elregionalvm.com.ar\/noticias-villa-maria\/#website"},"primaryImageOfPage":{"@id":"https:\/\/elregionalvm.com.ar\/noticias-villa-maria\/la-carrera-de-ingenieria-civil-comenzara-a-dictarse-desde-2025-en-la-utn-de-villa-maria\/#primaryimage"},"image":{"@id":"https:\/\/elregionalvm.com.ar\/noticias-villa-maria\/la-carrera-de-ingenieria-civil-comenzara-a-dictarse-desde-2025-en-la-utn-de-villa-maria\/#primaryimage"},"thumbnailUrl":"https:\/\/i0.wp.com\/elregionalvm.com.ar\/noticias-villa-maria\/wp-content\/uploads\/2024\/09\/WhatsApp-Image-2024-09-13-at-14.58.27.jpeg?fit=1574%2C1018&ssl=1","datePublished":"2024-09-13T22:41:48+00:00","dateModified":"2024-09-13T22:41:52+00:00","author":{"@id":"http:\/\/elregionalvm.com.ar\/noticias-villa-maria\/#\/schema\/person\/a0fb9c422317faca23d50163151bc354"},"breadcrumb":{"@id":"https:\/\/elregionalvm.com.ar\/noticias-villa-maria\/la-carrera-de-ingenieria-civil-comenzara-a-dictarse-desde-2025-en-la-utn-de-villa-maria\/#breadcrumb"},"inLanguage":"es","potentialAction":[{"@type":"ReadAction","target":["https:\/\/elregionalvm.com.ar\/noticias-villa-maria\/la-carrera-de-ingenieria-civil-comenzara-a-dictarse-desde-2025-en-la-utn-de-villa-maria\/"]}]},{"@type":"ImageObject","inLanguage":"es","@id":"https:\/\/elregionalvm.com.ar\/noticias-villa-maria\/la-carrera-de-ingenieria-civil-comenzara-a-dictarse-desde-2025-en-la-utn-de-villa-maria\/#primaryimage","url":"https:\/\/i0.wp.com\/elregionalvm.com.ar\/noticias-villa-maria\/wp-content\/uploads\/2024\/09\/WhatsApp-Image-2024-09-13-at-14.58.27.jpeg?fit=1574%2C1018&ssl=1","contentUrl":"https:\/\/i0.wp.com\/elregionalvm.com.ar\/noticias-villa-maria\/wp-content\/uploads\/2024\/09\/WhatsApp-Image-2024-09-13-at-14.58.27.jpeg?fit=1574%2C1018&ssl=1","width":1574,"height":1018},{"@type":"BreadcrumbList","@id":"https:\/\/elregionalvm.com.ar\/noticias-villa-maria\/la-carrera-de-ingenieria-civil-comenzara-a-dictarse-desde-2025-en-la-utn-de-villa-maria\/#breadcrumb","itemListElement":[{"@type":"ListItem","position":1,"name":"Portada","item":"https:\/\/elregionalvm.com.ar\/noticias-villa-maria\/"},{"@type":"ListItem","position":2,"name":"La carrera de Ingenier\u00eda Civil comenzar\u00e1 a dictarse desde 2025 en la UTN de Villa Mar\u00eda"}]},{"@type":"WebSite","@id":"http:\/\/elregionalvm.com.ar\/noticias-villa-maria\/#website","url":"http:\/\/elregionalvm.com.ar\/noticias-villa-maria\/","name":"El Regional","description":"Mucho m\u00e1s que informaci\u00f3n","potentialAction":[{"@type":"SearchAction","target":{"@type":"EntryPoint","urlTemplate":"http:\/\/elregionalvm.com.ar\/noticias-villa-maria\/?s={search_term_string}"},"query-input":{"@type":"PropertyValueSpecification","valueRequired":true,"valueName":"search_term_string"}}],"inLanguage":"es"},{"@type":"Person","@id":"http:\/\/elregionalvm.com.ar\/noticias-villa-maria\/#\/schema\/person\/a0fb9c422317faca23d50163151bc354","name":"Contenidos El Regional","image":{"@type":"ImageObject","inLanguage":"es","@id":"http:\/\/elregionalvm.com.ar\/noticias-villa-maria\/#\/schema\/person\/image\/","url":"https:\/\/secure.gravatar.com\/avatar\/265b27cb2209af7bb3a1318f03305787d7981a5cc6e6cd08fe5a4ecdf99d4b48?s=96&d=mm&r=g","contentUrl":"https:\/\/secure.gravatar.com\/avatar\/265b27cb2209af7bb3a1318f03305787d7981a5cc6e6cd08fe5a4ecdf99d4b48?s=96&d=mm&r=g","caption":"Contenidos El Regional"},"url":"https:\/\/elregionalvm.com.ar\/noticias-villa-maria\/author\/contenido\/"}]}},"jetpack_featured_media_url":"https:\/\/i0.wp.com\/elregionalvm.com.ar\/noticias-villa-maria\/wp-content\/uploads\/2024\/09\/WhatsApp-Image-2024-09-13-at-14.58.27.jpeg?fit=1574%2C1018&ssl=1","jetpack_sharing_enabled":true,"_links":{"self":[{"href":"https:\/\/elregionalvm.com.ar\/noticias-villa-maria\/wp-json\/wp\/v2\/posts\/98625","targetHints":{"allow":["GET"]}}],"collection":[{"href":"https:\/\/elregionalvm.com.ar\/noticias-villa-maria\/wp-json\/wp\/v2\/posts"}],"about":[{"href":"https:\/\/elregionalvm.com.ar\/noticias-villa-maria\/wp-json\/wp\/v2\/types\/post"}],"author":[{"embeddable":true,"href":"https:\/\/elregionalvm.com.ar\/noticias-villa-maria\/wp-json\/wp\/v2\/users\/4"}],"replies":[{"embeddable":true,"href":"https:\/\/elregionalvm.com.ar\/noticias-villa-maria\/wp-json\/wp\/v2\/comments?post=98625"}],"version-history":[{"count":1,"href":"https:\/\/elregionalvm.com.ar\/noticias-villa-maria\/wp-json\/wp\/v2\/posts\/98625\/revisions"}],"predecessor-version":[{"id":98629,"href":"https:\/\/elregionalvm.com.ar\/noticias-villa-maria\/wp-json\/wp\/v2\/posts\/98625\/revisions\/98629"}],"wp:featuredmedia":[{"embeddable":true,"href":"https:\/\/elregionalvm.com.ar\/noticias-villa-maria\/wp-json\/wp\/v2\/media\/98628"}],"wp:attachment":[{"href":"https:\/\/elregionalvm.com.ar\/noticias-villa-maria\/wp-json\/wp\/v2\/media?parent=98625"}],"wp:term":[{"taxonomy":"category","embeddable":true,"href":"https:\/\/elregionalvm.com.ar\/noticias-villa-maria\/wp-json\/wp\/v2\/categories?post=98625"},{"taxonomy":"post_tag","embeddable":true,"href":"https:\/\/elregionalvm.com.ar\/noticias-villa-maria\/wp-json\/wp\/v2\/tags?post=98625"}],"curies":[{"name":"wp","href":"https:\/\/api.w.org\/{rel}","templated":true}]}}