{"id":98630,"date":"2024-09-13T22:45:58","date_gmt":"2024-09-13T22:45:58","guid":{"rendered":"https:\/\/elregionalvm.com.ar\/noticias-villa-maria\/?p=98630"},"modified":"2024-09-13T22:46:20","modified_gmt":"2024-09-13T22:46:20","slug":"un-auto-conducido-por-un-adulto-mayor-choco-a-un-hombre-que-iba-en-bicicleta-en-bv-sarmiento","status":"publish","type":"post","link":"https:\/\/elregionalvm.com.ar\/noticias-villa-maria\/un-auto-conducido-por-un-adulto-mayor-choco-a-un-hombre-que-iba-en-bicicleta-en-bv-sarmiento\/","title":{"rendered":"Un auto conducido por un adulto mayor choc\u00f3 a un hombre que iba en bicicleta en Bv Sarmiento"},"content":{"rendered":"\n<p>Siendo aproximadamente las 19:30 horas de la v\u00edspera personal de la Patrulla Preventiva se constituy\u00f3 en la intersecci\u00f3n de las calles Bv. Sarmiento y Periodistas Argentinos de esta ciudad, donde hab\u00eda ocurrido un accidente vial en el que por causas a establecer un autom\u00f3vil marca Volkswagen modelo Polo, conducido por un hombre de 84 a\u00f1os de edad, habr\u00eda embestido a un hombre de 45 a\u00f1os de edad que circulaba en bicicleta.<\/p>\n\n\n\n<p><\/p>\n\n\n\n<figure class=\"wp-block-image size-large\"><img data-recalc-dims=\"1\" fetchpriority=\"high\" decoding=\"async\" width=\"1024\" height=\"576\" src=\"https:\/\/i0.wp.com\/elregionalvm.com.ar\/noticias-villa-maria\/wp-content\/uploads\/2024\/09\/WhatsApp-Image-2024-09-13-at-14.31.22.jpeg?resize=1024%2C576&#038;ssl=1\" alt=\"\" class=\"wp-image-98632\" srcset=\"https:\/\/i0.wp.com\/elregionalvm.com.ar\/noticias-villa-maria\/wp-content\/uploads\/2024\/09\/WhatsApp-Image-2024-09-13-at-14.31.22.jpeg?resize=1024%2C576&amp;ssl=1 1024w, https:\/\/i0.wp.com\/elregionalvm.com.ar\/noticias-villa-maria\/wp-content\/uploads\/2024\/09\/WhatsApp-Image-2024-09-13-at-14.31.22.jpeg?resize=300%2C169&amp;ssl=1 300w, https:\/\/i0.wp.com\/elregionalvm.com.ar\/noticias-villa-maria\/wp-content\/uploads\/2024\/09\/WhatsApp-Image-2024-09-13-at-14.31.22.jpeg?resize=768%2C432&amp;ssl=1 768w, https:\/\/i0.wp.com\/elregionalvm.com.ar\/noticias-villa-maria\/wp-content\/uploads\/2024\/09\/WhatsApp-Image-2024-09-13-at-14.31.22.jpeg?resize=1536%2C864&amp;ssl=1 1536w, https:\/\/i0.wp.com\/elregionalvm.com.ar\/noticias-villa-maria\/wp-content\/uploads\/2024\/09\/WhatsApp-Image-2024-09-13-at-14.31.22.jpeg?w=1600&amp;ssl=1 1600w\" sizes=\"(max-width: 1000px) 100vw, 1000px\" \/><\/figure>\n\n\n\n<p>Como consecuencia del accidente intervino personal de Bomberos Voluntarios trasladando al hombre de 45 a\u00f1os que circulaba en el rodado menor hacia el Hospital Regional Pasteur, resultando el mismo con lesiones graves siendo diagnosticado con fractura de tobillo izquierdo.<\/p>\n\n\n\n<p>Se labran actuaciones sumariales a disposici\u00f3n de la Fiscal\u00eda de Instrucci\u00f3n de Primer Turno a cargo de la Dra. Silvia Maldonado, Sec. Maria Eugenia Barra.<\/p>\n","protected":false},"excerpt":{"rendered":"<p>Siendo aproximadamente las 19:30 horas de la v\u00edspera personal de la Patrulla Preventiva se constituy\u00f3 en la intersecci\u00f3n de las calles Bv. Sarmiento y Periodistas Argentinos de esta ciudad, donde hab\u00eda ocurrido un accidente vial en el que por causas a establecer un autom\u00f3vil marca Volkswagen modelo Polo, conducido por un hombre de 84 a\u00f1os [&hellip;]<\/p>\n","protected":false},"author":4,"featured_media":98631,"comment_status":"open","ping_status":"open","sticky":false,"template":"","format":"standard","meta":{"site-sidebar-layout":"default","site-content-layout":"","ast-site-content-layout":"default","site-content-style":"default","site-sidebar-style":"default","ast-global-header-display":"","ast-banner-title-visibility":"","ast-main-header-display":"","ast-hfb-above-header-display":"","ast-hfb-below-header-display":"","ast-hfb-mobile-header-display":"","site-post-title":"","ast-breadcrumbs-content":"","ast-featured-img":"","footer-sml-layout":"","ast-disable-related-posts":"","theme-transparent-header-meta":"","adv-header-id-meta":"","stick-header-meta":"","header-above-stick-meta":"","header-main-stick-meta":"","header-below-stick-meta":"","astra-migrate-meta-layouts":"set","ast-page-background-enabled":"default","ast-page-background-meta":{"desktop":{"background-color":"","background-image":"","background-repeat":"repeat","background-position":"center center","background-size":"auto","background-attachment":"scroll","background-type":"","background-media":"","overlay-type":"","overlay-color":"","overlay-opacity":"","overlay-gradient":""},"tablet":{"background-color":"","background-image":"","background-repeat":"repeat","background-position":"center center","background-size":"auto","background-attachment":"scroll","background-type":"","background-media":"","overlay-type":"","overlay-color":"","overlay-opacity":"","overlay-gradient":""},"mobile":{"background-color":"","background-image":"","background-repeat":"repeat","background-position":"center center","background-size":"auto","background-attachment":"scroll","background-type":"","background-media":"","overlay-type":"","overlay-color":"","overlay-opacity":"","overlay-gradient":""}},"ast-content-background-meta":{"desktop":{"background-color":"var(--ast-global-color-5)","background-image":"","background-repeat":"repeat","background-position":"center center","background-size":"auto","background-attachment":"scroll","background-type":"","background-media":"","overlay-type":"","overlay-color":"","overlay-opacity":"","overlay-gradient":""},"tablet":{"background-color":"var(--ast-global-color-5)","background-image":"","background-repeat":"repeat","background-position":"center center","background-size":"auto","background-attachment":"scroll","background-type":"","background-media":"","overlay-type":"","overlay-color":"","overlay-opacity":"","overlay-gradient":""},"mobile":{"background-color":"var(--ast-global-color-5)","background-image":"","background-repeat":"repeat","background-position":"center center","background-size":"auto","background-attachment":"scroll","background-type":"","background-media":"","overlay-type":"","overlay-color":"","overlay-opacity":"","overlay-gradient":""}},"_jetpack_memberships_contains_paid_content":false,"_joinchat":[],"footnotes":""},"categories":[15302,2234,5,2],"tags":[],"class_list":["post-98630","post","type-post","status-publish","format-standard","has-post-thumbnail","hentry","category-destacado","category-policiales","category-sociedad","category-villa-maria"],"yoast_head":"<!-- This site is optimized with the Yoast SEO plugin v26.8 - https:\/\/yoast.com\/product\/yoast-seo-wordpress\/ -->\n<title>Un auto conducido por un adulto mayor choc\u00f3 a un hombre que iba en bicicleta en Bv Sarmiento - El Regional<\/title>\n<meta name=\"robots\" content=\"index, follow, max-snippet:-1, max-image-preview:large, max-video-preview:-1\" \/>\n<link rel=\"canonical\" href=\"https:\/\/elregionalvm.com.ar\/noticias-villa-maria\/un-auto-conducido-por-un-adulto-mayor-choco-a-un-hombre-que-iba-en-bicicleta-en-bv-sarmiento\/\" \/>\n<meta property=\"og:locale\" content=\"es_ES\" \/>\n<meta property=\"og:type\" content=\"article\" \/>\n<meta property=\"og:title\" content=\"Un auto conducido por un adulto mayor choc\u00f3 a un hombre que iba en bicicleta en Bv Sarmiento - El Regional\" \/>\n<meta property=\"og:description\" content=\"Siendo aproximadamente las 19:30 horas de la v\u00edspera personal de la Patrulla Preventiva se constituy\u00f3 en la intersecci\u00f3n de las calles Bv. Sarmiento y Periodistas Argentinos de esta ciudad, donde hab\u00eda ocurrido un accidente vial en el que por causas a establecer un autom\u00f3vil marca Volkswagen modelo Polo, conducido por un hombre de 84 a\u00f1os [&hellip;]\" \/>\n<meta property=\"og:url\" content=\"https:\/\/elregionalvm.com.ar\/noticias-villa-maria\/un-auto-conducido-por-un-adulto-mayor-choco-a-un-hombre-que-iba-en-bicicleta-en-bv-sarmiento\/\" \/>\n<meta property=\"og:site_name\" content=\"El Regional\" \/>\n<meta property=\"article:publisher\" content=\"https:\/\/www.facebook.com\/elregionalvm\" \/>\n<meta property=\"article:published_time\" content=\"2024-09-13T22:45:58+00:00\" \/>\n<meta property=\"article:modified_time\" content=\"2024-09-13T22:46:20+00:00\" \/>\n<meta property=\"og:image\" content=\"https:\/\/elregionalvm.com.ar\/noticias-villa-maria\/wp-content\/uploads\/2024\/09\/WhatsApp-Image-2024-09-13-at-14.31.22-1.jpeg\" \/>\n\t<meta property=\"og:image:width\" content=\"1600\" \/>\n\t<meta property=\"og:image:height\" content=\"900\" \/>\n\t<meta property=\"og:image:type\" content=\"image\/jpeg\" \/>\n<meta name=\"author\" content=\"Contenidos El Regional\" \/>\n<meta name=\"twitter:card\" content=\"summary_large_image\" \/>\n<meta name=\"twitter:creator\" content=\"@elregionalvm1\" \/>\n<meta name=\"twitter:site\" content=\"@elregionalvm1\" \/>\n<meta name=\"twitter:label1\" content=\"Escrito por\" \/>\n\t<meta name=\"twitter:data1\" content=\"Contenidos El Regional\" \/>\n\t<meta name=\"twitter:label2\" content=\"Tiempo de lectura\" \/>\n\t<meta name=\"twitter:data2\" content=\"2 minutos\" \/>\n<script type=\"application\/ld+json\" class=\"yoast-schema-graph\">{\"@context\":\"https:\/\/schema.org\",\"@graph\":[{\"@type\":\"Article\",\"@id\":\"https:\/\/elregionalvm.com.ar\/noticias-villa-maria\/un-auto-conducido-por-un-adulto-mayor-choco-a-un-hombre-que-iba-en-bicicleta-en-bv-sarmiento\/#article\",\"isPartOf\":{\"@id\":\"https:\/\/elregionalvm.com.ar\/noticias-villa-maria\/un-auto-conducido-por-un-adulto-mayor-choco-a-un-hombre-que-iba-en-bicicleta-en-bv-sarmiento\/\"},\"author\":{\"name\":\"Contenidos El Regional\",\"@id\":\"http:\/\/elregionalvm.com.ar\/noticias-villa-maria\/#\/schema\/person\/a0fb9c422317faca23d50163151bc354\"},\"headline\":\"Un auto conducido por un adulto mayor choc\u00f3 a un hombre que iba en bicicleta en Bv Sarmiento\",\"datePublished\":\"2024-09-13T22:45:58+00:00\",\"dateModified\":\"2024-09-13T22:46:20+00:00\",\"mainEntityOfPage\":{\"@id\":\"https:\/\/elregionalvm.com.ar\/noticias-villa-maria\/un-auto-conducido-por-un-adulto-mayor-choco-a-un-hombre-que-iba-en-bicicleta-en-bv-sarmiento\/\"},\"wordCount\":160,\"commentCount\":0,\"image\":{\"@id\":\"https:\/\/elregionalvm.com.ar\/noticias-villa-maria\/un-auto-conducido-por-un-adulto-mayor-choco-a-un-hombre-que-iba-en-bicicleta-en-bv-sarmiento\/#primaryimage\"},\"thumbnailUrl\":\"https:\/\/i0.wp.com\/elregionalvm.com.ar\/noticias-villa-maria\/wp-content\/uploads\/2024\/09\/WhatsApp-Image-2024-09-13-at-14.31.22-1.jpeg?fit=1600%2C900&ssl=1\",\"articleSection\":[\"destacado\",\"Policiales\",\"Sociedad\",\"Villa Mar\u00eda\"],\"inLanguage\":\"es\",\"potentialAction\":[{\"@type\":\"CommentAction\",\"name\":\"Comment\",\"target\":[\"https:\/\/elregionalvm.com.ar\/noticias-villa-maria\/un-auto-conducido-por-un-adulto-mayor-choco-a-un-hombre-que-iba-en-bicicleta-en-bv-sarmiento\/#respond\"]}]},{\"@type\":\"WebPage\",\"@id\":\"https:\/\/elregionalvm.com.ar\/noticias-villa-maria\/un-auto-conducido-por-un-adulto-mayor-choco-a-un-hombre-que-iba-en-bicicleta-en-bv-sarmiento\/\",\"url\":\"https:\/\/elregionalvm.com.ar\/noticias-villa-maria\/un-auto-conducido-por-un-adulto-mayor-choco-a-un-hombre-que-iba-en-bicicleta-en-bv-sarmiento\/\",\"name\":\"Un auto conducido por un adulto mayor choc\u00f3 a un hombre que iba en bicicleta en Bv Sarmiento - El Regional\",\"isPartOf\":{\"@id\":\"http:\/\/elregionalvm.com.ar\/noticias-villa-maria\/#website\"},\"primaryImageOfPage\":{\"@id\":\"https:\/\/elregionalvm.com.ar\/noticias-villa-maria\/un-auto-conducido-por-un-adulto-mayor-choco-a-un-hombre-que-iba-en-bicicleta-en-bv-sarmiento\/#primaryimage\"},\"image\":{\"@id\":\"https:\/\/elregionalvm.com.ar\/noticias-villa-maria\/un-auto-conducido-por-un-adulto-mayor-choco-a-un-hombre-que-iba-en-bicicleta-en-bv-sarmiento\/#primaryimage\"},\"thumbnailUrl\":\"https:\/\/i0.wp.com\/elregionalvm.com.ar\/noticias-villa-maria\/wp-content\/uploads\/2024\/09\/WhatsApp-Image-2024-09-13-at-14.31.22-1.jpeg?fit=1600%2C900&ssl=1\",\"datePublished\":\"2024-09-13T22:45:58+00:00\",\"dateModified\":\"2024-09-13T22:46:20+00:00\",\"author\":{\"@id\":\"http:\/\/elregionalvm.com.ar\/noticias-villa-maria\/#\/schema\/person\/a0fb9c422317faca23d50163151bc354\"},\"breadcrumb\":{\"@id\":\"https:\/\/elregionalvm.com.ar\/noticias-villa-maria\/un-auto-conducido-por-un-adulto-mayor-choco-a-un-hombre-que-iba-en-bicicleta-en-bv-sarmiento\/#breadcrumb\"},\"inLanguage\":\"es\",\"potentialAction\":[{\"@type\":\"ReadAction\",\"target\":[\"https:\/\/elregionalvm.com.ar\/noticias-villa-maria\/un-auto-conducido-por-un-adulto-mayor-choco-a-un-hombre-que-iba-en-bicicleta-en-bv-sarmiento\/\"]}]},{\"@type\":\"ImageObject\",\"inLanguage\":\"es\",\"@id\":\"https:\/\/elregionalvm.com.ar\/noticias-villa-maria\/un-auto-conducido-por-un-adulto-mayor-choco-a-un-hombre-que-iba-en-bicicleta-en-bv-sarmiento\/#primaryimage\",\"url\":\"https:\/\/i0.wp.com\/elregionalvm.com.ar\/noticias-villa-maria\/wp-content\/uploads\/2024\/09\/WhatsApp-Image-2024-09-13-at-14.31.22-1.jpeg?fit=1600%2C900&ssl=1\",\"contentUrl\":\"https:\/\/i0.wp.com\/elregionalvm.com.ar\/noticias-villa-maria\/wp-content\/uploads\/2024\/09\/WhatsApp-Image-2024-09-13-at-14.31.22-1.jpeg?fit=1600%2C900&ssl=1\",\"width\":1600,\"height\":900},{\"@type\":\"BreadcrumbList\",\"@id\":\"https:\/\/elregionalvm.com.ar\/noticias-villa-maria\/un-auto-conducido-por-un-adulto-mayor-choco-a-un-hombre-que-iba-en-bicicleta-en-bv-sarmiento\/#breadcrumb\",\"itemListElement\":[{\"@type\":\"ListItem\",\"position\":1,\"name\":\"Portada\",\"item\":\"https:\/\/elregionalvm.com.ar\/noticias-villa-maria\/\"},{\"@type\":\"ListItem\",\"position\":2,\"name\":\"Un auto conducido por un adulto mayor choc\u00f3 a un hombre que iba en bicicleta en Bv Sarmiento\"}]},{\"@type\":\"WebSite\",\"@id\":\"http:\/\/elregionalvm.com.ar\/noticias-villa-maria\/#website\",\"url\":\"http:\/\/elregionalvm.com.ar\/noticias-villa-maria\/\",\"name\":\"El Regional\",\"description\":\"Mucho m\u00e1s que informaci\u00f3n\",\"potentialAction\":[{\"@type\":\"SearchAction\",\"target\":{\"@type\":\"EntryPoint\",\"urlTemplate\":\"http:\/\/elregionalvm.com.ar\/noticias-villa-maria\/?s={search_term_string}\"},\"query-input\":{\"@type\":\"PropertyValueSpecification\",\"valueRequired\":true,\"valueName\":\"search_term_string\"}}],\"inLanguage\":\"es\"},{\"@type\":\"Person\",\"@id\":\"http:\/\/elregionalvm.com.ar\/noticias-villa-maria\/#\/schema\/person\/a0fb9c422317faca23d50163151bc354\",\"name\":\"Contenidos El Regional\",\"image\":{\"@type\":\"ImageObject\",\"inLanguage\":\"es\",\"@id\":\"http:\/\/elregionalvm.com.ar\/noticias-villa-maria\/#\/schema\/person\/image\/\",\"url\":\"https:\/\/secure.gravatar.com\/avatar\/265b27cb2209af7bb3a1318f03305787d7981a5cc6e6cd08fe5a4ecdf99d4b48?s=96&d=mm&r=g\",\"contentUrl\":\"https:\/\/secure.gravatar.com\/avatar\/265b27cb2209af7bb3a1318f03305787d7981a5cc6e6cd08fe5a4ecdf99d4b48?s=96&d=mm&r=g\",\"caption\":\"Contenidos El Regional\"},\"url\":\"https:\/\/elregionalvm.com.ar\/noticias-villa-maria\/author\/contenido\/\"}]}<\/script>\n<!-- \/ Yoast SEO plugin. -->","yoast_head_json":{"title":"Un auto conducido por un adulto mayor choc\u00f3 a un hombre que iba en bicicleta en Bv Sarmiento - El Regional","robots":{"index":"index","follow":"follow","max-snippet":"max-snippet:-1","max-image-preview":"max-image-preview:large","max-video-preview":"max-video-preview:-1"},"canonical":"https:\/\/elregionalvm.com.ar\/noticias-villa-maria\/un-auto-conducido-por-un-adulto-mayor-choco-a-un-hombre-que-iba-en-bicicleta-en-bv-sarmiento\/","og_locale":"es_ES","og_type":"article","og_title":"Un auto conducido por un adulto mayor choc\u00f3 a un hombre que iba en bicicleta en Bv Sarmiento - El Regional","og_description":"Siendo aproximadamente las 19:30 horas de la v\u00edspera personal de la Patrulla Preventiva se constituy\u00f3 en la intersecci\u00f3n de las calles Bv. Sarmiento y Periodistas Argentinos de esta ciudad, donde hab\u00eda ocurrido un accidente vial en el que por causas a establecer un autom\u00f3vil marca Volkswagen modelo Polo, conducido por un hombre de 84 a\u00f1os [&hellip;]","og_url":"https:\/\/elregionalvm.com.ar\/noticias-villa-maria\/un-auto-conducido-por-un-adulto-mayor-choco-a-un-hombre-que-iba-en-bicicleta-en-bv-sarmiento\/","og_site_name":"El Regional","article_publisher":"https:\/\/www.facebook.com\/elregionalvm","article_published_time":"2024-09-13T22:45:58+00:00","article_modified_time":"2024-09-13T22:46:20+00:00","og_image":[{"width":1600,"height":900,"url":"https:\/\/elregionalvm.com.ar\/noticias-villa-maria\/wp-content\/uploads\/2024\/09\/WhatsApp-Image-2024-09-13-at-14.31.22-1.jpeg","type":"image\/jpeg"}],"author":"Contenidos El Regional","twitter_card":"summary_large_image","twitter_creator":"@elregionalvm1","twitter_site":"@elregionalvm1","twitter_misc":{"Escrito por":"Contenidos El Regional","Tiempo de lectura":"2 minutos"},"schema":{"@context":"https:\/\/schema.org","@graph":[{"@type":"Article","@id":"https:\/\/elregionalvm.com.ar\/noticias-villa-maria\/un-auto-conducido-por-un-adulto-mayor-choco-a-un-hombre-que-iba-en-bicicleta-en-bv-sarmiento\/#article","isPartOf":{"@id":"https:\/\/elregionalvm.com.ar\/noticias-villa-maria\/un-auto-conducido-por-un-adulto-mayor-choco-a-un-hombre-que-iba-en-bicicleta-en-bv-sarmiento\/"},"author":{"name":"Contenidos El Regional","@id":"http:\/\/elregionalvm.com.ar\/noticias-villa-maria\/#\/schema\/person\/a0fb9c422317faca23d50163151bc354"},"headline":"Un auto conducido por un adulto mayor choc\u00f3 a un hombre que iba en bicicleta en Bv Sarmiento","datePublished":"2024-09-13T22:45:58+00:00","dateModified":"2024-09-13T22:46:20+00:00","mainEntityOfPage":{"@id":"https:\/\/elregionalvm.com.ar\/noticias-villa-maria\/un-auto-conducido-por-un-adulto-mayor-choco-a-un-hombre-que-iba-en-bicicleta-en-bv-sarmiento\/"},"wordCount":160,"commentCount":0,"image":{"@id":"https:\/\/elregionalvm.com.ar\/noticias-villa-maria\/un-auto-conducido-por-un-adulto-mayor-choco-a-un-hombre-que-iba-en-bicicleta-en-bv-sarmiento\/#primaryimage"},"thumbnailUrl":"https:\/\/i0.wp.com\/elregionalvm.com.ar\/noticias-villa-maria\/wp-content\/uploads\/2024\/09\/WhatsApp-Image-2024-09-13-at-14.31.22-1.jpeg?fit=1600%2C900&ssl=1","articleSection":["destacado","Policiales","Sociedad","Villa Mar\u00eda"],"inLanguage":"es","potentialAction":[{"@type":"CommentAction","name":"Comment","target":["https:\/\/elregionalvm.com.ar\/noticias-villa-maria\/un-auto-conducido-por-un-adulto-mayor-choco-a-un-hombre-que-iba-en-bicicleta-en-bv-sarmiento\/#respond"]}]},{"@type":"WebPage","@id":"https:\/\/elregionalvm.com.ar\/noticias-villa-maria\/un-auto-conducido-por-un-adulto-mayor-choco-a-un-hombre-que-iba-en-bicicleta-en-bv-sarmiento\/","url":"https:\/\/elregionalvm.com.ar\/noticias-villa-maria\/un-auto-conducido-por-un-adulto-mayor-choco-a-un-hombre-que-iba-en-bicicleta-en-bv-sarmiento\/","name":"Un auto conducido por un adulto mayor choc\u00f3 a un hombre que iba en bicicleta en Bv Sarmiento - El Regional","isPartOf":{"@id":"http:\/\/elregionalvm.com.ar\/noticias-villa-maria\/#website"},"primaryImageOfPage":{"@id":"https:\/\/elregionalvm.com.ar\/noticias-villa-maria\/un-auto-conducido-por-un-adulto-mayor-choco-a-un-hombre-que-iba-en-bicicleta-en-bv-sarmiento\/#primaryimage"},"image":{"@id":"https:\/\/elregionalvm.com.ar\/noticias-villa-maria\/un-auto-conducido-por-un-adulto-mayor-choco-a-un-hombre-que-iba-en-bicicleta-en-bv-sarmiento\/#primaryimage"},"thumbnailUrl":"https:\/\/i0.wp.com\/elregionalvm.com.ar\/noticias-villa-maria\/wp-content\/uploads\/2024\/09\/WhatsApp-Image-2024-09-13-at-14.31.22-1.jpeg?fit=1600%2C900&ssl=1","datePublished":"2024-09-13T22:45:58+00:00","dateModified":"2024-09-13T22:46:20+00:00","author":{"@id":"http:\/\/elregionalvm.com.ar\/noticias-villa-maria\/#\/schema\/person\/a0fb9c422317faca23d50163151bc354"},"breadcrumb":{"@id":"https:\/\/elregionalvm.com.ar\/noticias-villa-maria\/un-auto-conducido-por-un-adulto-mayor-choco-a-un-hombre-que-iba-en-bicicleta-en-bv-sarmiento\/#breadcrumb"},"inLanguage":"es","potentialAction":[{"@type":"ReadAction","target":["https:\/\/elregionalvm.com.ar\/noticias-villa-maria\/un-auto-conducido-por-un-adulto-mayor-choco-a-un-hombre-que-iba-en-bicicleta-en-bv-sarmiento\/"]}]},{"@type":"ImageObject","inLanguage":"es","@id":"https:\/\/elregionalvm.com.ar\/noticias-villa-maria\/un-auto-conducido-por-un-adulto-mayor-choco-a-un-hombre-que-iba-en-bicicleta-en-bv-sarmiento\/#primaryimage","url":"https:\/\/i0.wp.com\/elregionalvm.com.ar\/noticias-villa-maria\/wp-content\/uploads\/2024\/09\/WhatsApp-Image-2024-09-13-at-14.31.22-1.jpeg?fit=1600%2C900&ssl=1","contentUrl":"https:\/\/i0.wp.com\/elregionalvm.com.ar\/noticias-villa-maria\/wp-content\/uploads\/2024\/09\/WhatsApp-Image-2024-09-13-at-14.31.22-1.jpeg?fit=1600%2C900&ssl=1","width":1600,"height":900},{"@type":"BreadcrumbList","@id":"https:\/\/elregionalvm.com.ar\/noticias-villa-maria\/un-auto-conducido-por-un-adulto-mayor-choco-a-un-hombre-que-iba-en-bicicleta-en-bv-sarmiento\/#breadcrumb","itemListElement":[{"@type":"ListItem","position":1,"name":"Portada","item":"https:\/\/elregionalvm.com.ar\/noticias-villa-maria\/"},{"@type":"ListItem","position":2,"name":"Un auto conducido por un adulto mayor choc\u00f3 a un hombre que iba en bicicleta en Bv Sarmiento"}]},{"@type":"WebSite","@id":"http:\/\/elregionalvm.com.ar\/noticias-villa-maria\/#website","url":"http:\/\/elregionalvm.com.ar\/noticias-villa-maria\/","name":"El Regional","description":"Mucho m\u00e1s que informaci\u00f3n","potentialAction":[{"@type":"SearchAction","target":{"@type":"EntryPoint","urlTemplate":"http:\/\/elregionalvm.com.ar\/noticias-villa-maria\/?s={search_term_string}"},"query-input":{"@type":"PropertyValueSpecification","valueRequired":true,"valueName":"search_term_string"}}],"inLanguage":"es"},{"@type":"Person","@id":"http:\/\/elregionalvm.com.ar\/noticias-villa-maria\/#\/schema\/person\/a0fb9c422317faca23d50163151bc354","name":"Contenidos El Regional","image":{"@type":"ImageObject","inLanguage":"es","@id":"http:\/\/elregionalvm.com.ar\/noticias-villa-maria\/#\/schema\/person\/image\/","url":"https:\/\/secure.gravatar.com\/avatar\/265b27cb2209af7bb3a1318f03305787d7981a5cc6e6cd08fe5a4ecdf99d4b48?s=96&d=mm&r=g","contentUrl":"https:\/\/secure.gravatar.com\/avatar\/265b27cb2209af7bb3a1318f03305787d7981a5cc6e6cd08fe5a4ecdf99d4b48?s=96&d=mm&r=g","caption":"Contenidos El Regional"},"url":"https:\/\/elregionalvm.com.ar\/noticias-villa-maria\/author\/contenido\/"}]}},"jetpack_featured_media_url":"https:\/\/i0.wp.com\/elregionalvm.com.ar\/noticias-villa-maria\/wp-content\/uploads\/2024\/09\/WhatsApp-Image-2024-09-13-at-14.31.22-1.jpeg?fit=1600%2C900&ssl=1","jetpack_sharing_enabled":true,"_links":{"self":[{"href":"https:\/\/elregionalvm.com.ar\/noticias-villa-maria\/wp-json\/wp\/v2\/posts\/98630","targetHints":{"allow":["GET"]}}],"collection":[{"href":"https:\/\/elregionalvm.com.ar\/noticias-villa-maria\/wp-json\/wp\/v2\/posts"}],"about":[{"href":"https:\/\/elregionalvm.com.ar\/noticias-villa-maria\/wp-json\/wp\/v2\/types\/post"}],"author":[{"embeddable":true,"href":"https:\/\/elregionalvm.com.ar\/noticias-villa-maria\/wp-json\/wp\/v2\/users\/4"}],"replies":[{"embeddable":true,"href":"https:\/\/elregionalvm.com.ar\/noticias-villa-maria\/wp-json\/wp\/v2\/comments?post=98630"}],"version-history":[{"count":1,"href":"https:\/\/elregionalvm.com.ar\/noticias-villa-maria\/wp-json\/wp\/v2\/posts\/98630\/revisions"}],"predecessor-version":[{"id":98633,"href":"https:\/\/elregionalvm.com.ar\/noticias-villa-maria\/wp-json\/wp\/v2\/posts\/98630\/revisions\/98633"}],"wp:featuredmedia":[{"embeddable":true,"href":"https:\/\/elregionalvm.com.ar\/noticias-villa-maria\/wp-json\/wp\/v2\/media\/98631"}],"wp:attachment":[{"href":"https:\/\/elregionalvm.com.ar\/noticias-villa-maria\/wp-json\/wp\/v2\/media?parent=98630"}],"wp:term":[{"taxonomy":"category","embeddable":true,"href":"https:\/\/elregionalvm.com.ar\/noticias-villa-maria\/wp-json\/wp\/v2\/categories?post=98630"},{"taxonomy":"post_tag","embeddable":true,"href":"https:\/\/elregionalvm.com.ar\/noticias-villa-maria\/wp-json\/wp\/v2\/tags?post=98630"}],"curies":[{"name":"wp","href":"https:\/\/api.w.org\/{rel}","templated":true}]}}